{"id":455731,"date":"2013-11-29T18:11:28","date_gmt":"2013-11-29T19:11:28","guid":{"rendered":"http:\/\/www.eldigitaldeasturias.com\/noticias\/?p=455731"},"modified":"2013-11-29T18:11:28","modified_gmt":"2013-11-29T19:11:28","slug":"carlos-acosta-debuta-en-day-of-the-flowers","status":"publish","type":"post","link":"https:\/\/www.eldigitaldeasturias.com\/noticias\/carlos-acosta-debuta-en-day-of-the-flowers\/","title":{"rendered":"Carlos Acosta debuta en \u00abDay of the Flowers\u00bb"},"content":{"rendered":"<p><img loading=\"lazy\" decoding=\"async\" class=\"alignleft size-medium wp-image-455732\" alt=\"5761306w\" src=\"https:\/\/www.eldigitaldeasturias.com\/noticias\/wp-content\/uploads\/2013\/11\/5761306w-269x320.jpg\" width=\"269\" height=\"320\" \/>Londres, 29 nov (EFE).- La interpretaci\u00f3n del cubano Carlos Acosta, estrella del Royal Ballet de Londres, en su debut como actor en \u00abDay of the Flowers\u00bb es \u00abmagn\u00e9tica\u00bb, seg\u00fan el director de la pel\u00edcula, John Roberts.<\/p>\n<p>En una entrevista con Efe con motivo del estreno hoy en Londres del filme, Roberts dijo que Acosta, conocido internacionalmente por su exitosa carrera como bailar\u00edn, conquist\u00f3 la c\u00e1mara con su \u00abnaturalidad\u00bb y \u00abmagnetismo\u00bb en su primer papel en un largometraje, con el que demostr\u00f3 \u00absencillez y buena presencia\u00bb.<\/p>\n<p>\u00abDay of the Flowers\u00bb es una tragicomedia que cuenta la aventura ca\u00f3tica de dos hermanas escocesas que viajan a Cuba con las cenizas de su padre para encontrar en la isla caribe\u00f1a sus ra\u00edces familiares, y all\u00ed se enfrentan a peligros y juergas, a partes iguales, en El Malec\u00f3n.<\/p>\n<p>El director, satisfecho con el resultado y con \u00abel rendimiento de los actores brit\u00e1nicos, cubanos y espa\u00f1oles\u00bb, destac\u00f3 que durante el rodaje se quedaron \u00abatrapados en un hurac\u00e1n\u00bb y fue \u00abincre\u00edble conducir entre millones de cangrejos que sal\u00edan huyendo del mar\u00bb.<\/p>\n<p>\u00abSi (Acosta) quiere actuar, claramente puede llegar a ser una estrella del cine\u00bb, afirm\u00f3 el director.<\/p>\n<p>Roberts confes\u00f3 que desde un principio pens\u00f3 en Carlos para su pel\u00edcula por su \u00abgran atractivo natural\u00bb y su car\u00e1cter \u00abreservado, algo t\u00edmido y pensativo\u00bb.<\/p>\n<p>El bailar\u00edn se encuentra en su etapa m\u00e1s polifac\u00e9tica ya que en apenas tres meses ha visto su actuaci\u00f3n en el cine, ha publicado su primera novela \u00abPata de puerco\u00bb y se ha estrenado como productor para el Royal Ballet con una reedici\u00f3n de \u00abDon Quijote\u00bb.<\/p>\n<p>A todo esto se suma su representaci\u00f3n de \u00abRomeo y Julieta\u00bb el 7 de diciembre en la Royal Opera House de Londres.<\/p>\n<p>Nacido en La Habana, Roberts ha vivido 20 a\u00f1os en un exilio voluntario, que le ha servido para forjar una carrera en la que ha actuado con el English National Ballet de Londres, los Ballet de Houston y Boston (EE.UU.), el Bolshoi de Rusia, y compa\u00f1\u00edas de Chile, Alemania, Hungr\u00eda, Venezuela, Argentina, Italia, B\u00e9lgica y Jap\u00f3n.<\/p>\n<p>Inici\u00f3 su formaci\u00f3n en la escuela nacional de Ballet de Cuba, en la que ingres\u00f3 tras descubrir su vocaci\u00f3n por la danza y animado por su padre, que quer\u00eda apaciguar la rebeld\u00eda de Carlos en su adolescencia.<\/p>\n<p>Tras abrirse camino en escenarios de todo el mundo, Acosta lleg\u00f3 a Londres en 1998, donde quince a\u00f1os despu\u00e9s se ha convertido en el principal artista invitado de una de las compa\u00f1\u00edas de ballet cl\u00e1sico m\u00e1s reconocidas a nivel mundial, y ha formado una familia con su pareja, la exmodelo holandesa Charlotte, y es padre de una ni\u00f1a, Aila, que a\u00fan no ha cumplido dos a\u00f1os.<\/p>\n<p>El cubano, medalla de oro de la competici\u00f3n internacional de baile de Lausana (Suiza) a sus 17 a\u00f1os, destaca sobre las tablas por su t\u00e9cnica excepcional y su elegancia interpretativa y ha sido considerado por la prensa especializada como el \u00absucesor de Nureyev\u00bb y el \u00abnuevo Nijinski\u00bb, dos virtuosos de la danza.<\/p>\n<p>Sin colgar las mallas, se inici\u00f3 como escritor en 2007 con su autobiograf\u00eda \u00abNo way home\u00bb, una mirada nost\u00e1lgica desde los bailes en la calle hasta el salto a los escenarios que fue un \u00e9xito de ventas, lo que le anim\u00f3 a escribir su primera novela \u00abPata de puerco\u00bb, inspirada en la cuba del siglo XIX, que sali\u00f3 a la venta en octubre.<\/p>\n<p>Acosta tiene en mente poner en marcha un Centro Internacional de Danza en Cuba, un proyecto para el que est\u00e1 buscando financiaci\u00f3n y que el bailar\u00edn tiene pendiente para devolver a su isla lo que un d\u00eda se llev\u00f3 de gira por el mundo, seg\u00fan ha comentado en alguna ocasi\u00f3n.<\/p>\n<p>Roc\u00edo Linares<\/p>\n","protected":false},"excerpt":{"rendered":"<p>Londres, 29 nov (EFE).- La interpretaci\u00f3n del cubano Carlos Acosta, estrella del Royal Ballet de Londres, en su debut como actor en \u00abDay of the Flowers\u00bb es \u00abmagn\u00e9tica\u00bb, seg\u00fan el director de la pel\u00edcula, John Roberts. En una entrevista con Efe con motivo del estreno hoy en Londres del filme, Roberts dijo que Acosta, conocido [&hellip;]<\/p>\n","protected":false},"author":1,"featured_media":455732,"comment_status":"closed","ping_status":"open","sticky":false,"template":"","format":"standard","meta":{"footnotes":""},"categories":[50],"tags":[],"class_list":["post-455731","post","type-post","status-publish","format-standard","has-post-thumbnail","hentry","category-revista-de-ocio"],"aioseo_notices":[],"aioseo_head":"\n\t\t<!-- All in One SEO Pro 5.0.1 - aioseo.com -->\n\t<meta name=\"description\" content=\"Londres, 29 nov (EFE).- La interpretaci\u00f3n del cubano Carlos Acosta, estrella del Royal Ballet de Londres, en su debut como actor en &quot;Day of the Flowers&quot; es &quot;magn\u00e9tica&quot;, seg\u00fan el director de la pel\u00edcula, John Roberts. En una entrevista con Efe con motivo del estreno hoy en Londres del filme, Roberts dijo que Acosta, conocido\" \/>\n\t<meta name=\"robots\" content=\"max-image-preview:large\" \/>\n\t<meta name=\"author\" content=\"El Digital de Asturias\"\/>\n\t<meta name=\"google-site-verification\" content=\"UA-38556648-1\" \/>\n\t<meta name=\"msvalidate.01\" content=\"7dfe9f3f1b24437ab69f4f2559babe99\" \/>\n\t<meta name=\"keywords\" content=\"revista de ocio\" \/>\n\t<link rel=\"canonical\" href=\"https:\/\/www.eldigitaldeasturias.com\/noticias\/carlos-acosta-debuta-en-day-of-the-flowers\/\" \/>\n\t<meta name=\"generator\" content=\"All in One SEO Pro (AIOSEO) 5.0.1\" \/>\n\t\t<meta property=\"og:locale\" content=\"es_ES\" \/>\n\t\t<meta property=\"og:site_name\" content=\"El Digital de Asturias\" \/>\n\t\t<meta property=\"og:type\" content=\"article\" \/>\n\t\t<meta property=\"og:title\" content=\"Carlos Acosta debuta en \u00abDay of the Flowers\u00bb - El Digital de Asturias\" \/>\n\t\t<meta property=\"og:description\" content=\"Londres, 29 nov (EFE).- La interpretaci\u00f3n del cubano Carlos Acosta, estrella del Royal Ballet de Londres, en su debut como actor en &quot;Day of the Flowers&quot; es &quot;magn\u00e9tica&quot;, seg\u00fan el director de la pel\u00edcula, John Roberts. En una entrevista con Efe con motivo del estreno hoy en Londres del filme, Roberts dijo que Acosta, conocido\" \/>\n\t\t<meta property=\"og:url\" content=\"https:\/\/www.eldigitaldeasturias.com\/noticias\/carlos-acosta-debuta-en-day-of-the-flowers\/\" \/>\n\t\t<meta property=\"article:tag\" content=\"revista de ocio\" \/>\n\t\t<meta property=\"article:published_time\" content=\"2013-11-29T19:11:28+00:00\" \/>\n\t\t<meta property=\"article:modified_time\" content=\"2013-11-29T19:11:28+00:00\" \/>\n\t\t<meta property=\"article:publisher\" content=\"https:\/\/facebook.com\/eldigitaldeasturias\" \/>\n\t\t<meta name=\"twitter:card\" content=\"summary_large_image\" \/>\n\t\t<meta name=\"twitter:title\" content=\"Carlos Acosta debuta en \u00abDay of the Flowers\u00bb - El Digital de Asturias\" \/>\n\t\t<meta name=\"twitter:description\" content=\"Londres, 29 nov (EFE).- La interpretaci\u00f3n del cubano Carlos Acosta, estrella del Royal Ballet de Londres, en su debut como actor en &quot;Day of the Flowers&quot; es &quot;magn\u00e9tica&quot;, seg\u00fan el director de la pel\u00edcula, John Roberts. En una entrevista con Efe con motivo del estreno hoy en Londres del filme, Roberts dijo que Acosta, conocido\" \/>\n\t\t<meta name=\"twitter:label1\" content=\"Escrito por\" \/>\n\t\t<meta name=\"twitter:data1\" content=\"El Digital de Asturias\" \/>\n\t\t<meta name=\"twitter:label2\" content=\"Tiempo de lectura estimado\" \/>\n\t\t<meta name=\"twitter:data2\" content=\"3 minutos\" \/>\n\t\t<script type=\"application\/ld+json\" class=\"aioseo-schema\">\n\t\t\t{\"@context\":\"https:\\\/\\\/schema.org\",\"@graph\":[{\"@type\":\"BlogPosting\",\"@id\":\"https:\\\/\\\/www.eldigitaldeasturias.com\\\/noticias\\\/carlos-acosta-debuta-en-day-of-the-flowers\\\/#blogposting\",\"name\":\"Carlos Acosta debuta en \\u00abDay of the Flowers\\u00bb - El Digital de Asturias\",\"headline\":\"Carlos Acosta debuta en \\u00abDay of the Flowers\\u00bb\",\"author\":{\"@id\":\"https:\\\/\\\/www.eldigitaldeasturias.com\\\/noticias\\\/author\\\/admin\\\/#author\"},\"publisher\":{\"@id\":\"https:\\\/\\\/www.eldigitaldeasturias.com\\\/noticias\\\/#organization\"},\"image\":{\"@type\":\"ImageObject\",\"url\":455732},\"datePublished\":\"2013-11-29T18:11:28+01:00\",\"dateModified\":\"2013-11-29T18:11:28+01:00\",\"inLanguage\":\"es-ES\",\"mainEntityOfPage\":{\"@id\":\"https:\\\/\\\/www.eldigitaldeasturias.com\\\/noticias\\\/carlos-acosta-debuta-en-day-of-the-flowers\\\/#webpage\"},\"isPartOf\":{\"@id\":\"https:\\\/\\\/www.eldigitaldeasturias.com\\\/noticias\\\/carlos-acosta-debuta-en-day-of-the-flowers\\\/#webpage\"},\"articleSection\":\"Revista de Ocio\"},{\"@type\":\"BreadcrumbList\",\"@id\":\"https:\\\/\\\/www.eldigitaldeasturias.com\\\/noticias\\\/carlos-acosta-debuta-en-day-of-the-flowers\\\/#breadcrumblist\",\"itemListElement\":[{\"@type\":\"ListItem\",\"@id\":\"https:\\\/\\\/www.eldigitaldeasturias.com\\\/noticias#listItem\",\"position\":1,\"name\":\"Home\",\"item\":\"https:\\\/\\\/www.eldigitaldeasturias.com\\\/noticias\",\"nextItem\":{\"@type\":\"ListItem\",\"@id\":\"https:\\\/\\\/www.eldigitaldeasturias.com\\\/noticias\\\/category\\\/revista-de-ocio\\\/#listItem\",\"name\":\"Revista de Ocio\"}},{\"@type\":\"ListItem\",\"@id\":\"https:\\\/\\\/www.eldigitaldeasturias.com\\\/noticias\\\/category\\\/revista-de-ocio\\\/#listItem\",\"position\":2,\"name\":\"Revista de Ocio\",\"item\":\"https:\\\/\\\/www.eldigitaldeasturias.com\\\/noticias\\\/category\\\/revista-de-ocio\\\/\",\"nextItem\":{\"@type\":\"ListItem\",\"@id\":\"https:\\\/\\\/www.eldigitaldeasturias.com\\\/noticias\\\/carlos-acosta-debuta-en-day-of-the-flowers\\\/#listItem\",\"name\":\"Carlos Acosta debuta en \\u00abDay of the Flowers\\u00bb\"},\"previousItem\":{\"@type\":\"ListItem\",\"@id\":\"https:\\\/\\\/www.eldigitaldeasturias.com\\\/noticias#listItem\",\"name\":\"Home\"}},{\"@type\":\"ListItem\",\"@id\":\"https:\\\/\\\/www.eldigitaldeasturias.com\\\/noticias\\\/carlos-acosta-debuta-en-day-of-the-flowers\\\/#listItem\",\"position\":3,\"name\":\"Carlos Acosta debuta en \\u00abDay of the Flowers\\u00bb\",\"previousItem\":{\"@type\":\"ListItem\",\"@id\":\"https:\\\/\\\/www.eldigitaldeasturias.com\\\/noticias\\\/category\\\/revista-de-ocio\\\/#listItem\",\"name\":\"Revista de Ocio\"}}]},{\"@type\":\"Organization\",\"@id\":\"https:\\\/\\\/www.eldigitaldeasturias.com\\\/noticias\\\/#organization\",\"name\":\"El Digital de Asturias\",\"description\":\"Hemeroteca\",\"url\":\"https:\\\/\\\/www.eldigitaldeasturias.com\\\/noticias\\\/\",\"email\":\"info@eldigitaldeasturias.com\",\"telephone\":\"+34652131393\",\"logo\":{\"@type\":\"ImageObject\",\"url\":\"https:\\\/\\\/www.eldigitaldeasturias.com\\\/noticias\\\/wp-content\\\/uploads\\\/2020\\\/12\\\/EDA.jpg\",\"@id\":\"https:\\\/\\\/www.eldigitaldeasturias.com\\\/noticias\\\/carlos-acosta-debuta-en-day-of-the-flowers\\\/#organizationLogo\"},\"image\":{\"@id\":\"https:\\\/\\\/www.eldigitaldeasturias.com\\\/noticias\\\/carlos-acosta-debuta-en-day-of-the-flowers\\\/#organizationLogo\"},\"sameAs\":[\"https:\\\/\\\/facebook.com\\\/eldigitaldeasturias\",\"https:\\\/\\\/www.youtube.com\\\/channel\\\/UCZP-2wLEB9Rv6erhFmqVnvg\"],\"address\":{\"@id\":\"https:\\\/\\\/www.eldigitaldeasturias.com\\\/noticias\\\/#postaladdress\",\"@type\":\"PostalAddress\",\"streetAddress\":\"san antonio 4\",\"postalCode\":\"33430\",\"addressLocality\":\"Cand\\u00e1s\",\"addressRegion\":\"Asturias\",\"addressCountry\":\"ES\"}},{\"@type\":\"Person\",\"@id\":\"https:\\\/\\\/www.eldigitaldeasturias.com\\\/noticias\\\/author\\\/admin\\\/#author\",\"url\":\"https:\\\/\\\/www.eldigitaldeasturias.com\\\/noticias\\\/author\\\/admin\\\/\",\"name\":\"El Digital de Asturias\",\"image\":{\"@type\":\"ImageObject\",\"@id\":\"https:\\\/\\\/www.eldigitaldeasturias.com\\\/noticias\\\/carlos-acosta-debuta-en-day-of-the-flowers\\\/#authorImage\",\"url\":\"https:\\\/\\\/secure.gravatar.com\\\/avatar\\\/df2aeffc32bcd13f8d26072ef8a91b623d677766deac7f97ca815868cd41bf5e?s=96&d=mm&r=g\",\"width\":96,\"height\":96,\"caption\":\"El Digital de Asturias\"}},{\"@type\":\"WebPage\",\"@id\":\"https:\\\/\\\/www.eldigitaldeasturias.com\\\/noticias\\\/carlos-acosta-debuta-en-day-of-the-flowers\\\/#webpage\",\"url\":\"https:\\\/\\\/www.eldigitaldeasturias.com\\\/noticias\\\/carlos-acosta-debuta-en-day-of-the-flowers\\\/\",\"name\":\"Carlos Acosta debuta en \\u00abDay of the Flowers\\u00bb - El Digital de Asturias\",\"description\":\"Londres, 29 nov (EFE).- La interpretaci\\u00f3n del cubano Carlos Acosta, estrella del Royal Ballet de Londres, en su debut como actor en \\\"Day of the Flowers\\\" es \\\"magn\\u00e9tica\\\", seg\\u00fan el director de la pel\\u00edcula, John Roberts. En una entrevista con Efe con motivo del estreno hoy en Londres del filme, Roberts dijo que Acosta, conocido\",\"inLanguage\":\"es-ES\",\"isPartOf\":{\"@id\":\"https:\\\/\\\/www.eldigitaldeasturias.com\\\/noticias\\\/#website\"},\"breadcrumb\":{\"@id\":\"https:\\\/\\\/www.eldigitaldeasturias.com\\\/noticias\\\/carlos-acosta-debuta-en-day-of-the-flowers\\\/#breadcrumblist\"},\"author\":{\"@id\":\"https:\\\/\\\/www.eldigitaldeasturias.com\\\/noticias\\\/author\\\/admin\\\/#author\"},\"creator\":{\"@id\":\"https:\\\/\\\/www.eldigitaldeasturias.com\\\/noticias\\\/author\\\/admin\\\/#author\"},\"image\":{\"@type\":\"ImageObject\",\"url\":455732,\"@id\":\"https:\\\/\\\/www.eldigitaldeasturias.com\\\/noticias\\\/carlos-acosta-debuta-en-day-of-the-flowers\\\/#mainImage\"},\"primaryImageOfPage\":{\"@id\":\"https:\\\/\\\/www.eldigitaldeasturias.com\\\/noticias\\\/carlos-acosta-debuta-en-day-of-the-flowers\\\/#mainImage\"},\"datePublished\":\"2013-11-29T18:11:28+01:00\",\"dateModified\":\"2013-11-29T18:11:28+01:00\"},{\"@type\":\"WebSite\",\"@id\":\"https:\\\/\\\/www.eldigitaldeasturias.com\\\/noticias\\\/#website\",\"url\":\"https:\\\/\\\/www.eldigitaldeasturias.com\\\/noticias\\\/\",\"name\":\"El Digital de Asturias - Diario de actualidad y noticias\",\"alternateName\":\"El Digital de Asturias - Diario de actualidad y noticias\",\"description\":\"Hemeroteca\",\"inLanguage\":\"es-ES\",\"publisher\":{\"@id\":\"https:\\\/\\\/www.eldigitaldeasturias.com\\\/noticias\\\/#organization\"}}]}\n\t\t<\/script>\n\t\t<!-- All in One SEO Pro -->\r\n\t\t<title>Carlos Acosta debuta en \u00abDay of the Flowers\u00bb - El Digital de Asturias<\/title>\n\n","aioseo_head_json":{"title":"Carlos Acosta debuta en \u00abDay of the Flowers\u00bb - El Digital de Asturias","description":"Londres, 29 nov (EFE).- La interpretaci\u00f3n del cubano Carlos Acosta, estrella del Royal Ballet de Londres, en su debut como actor en \"Day of the Flowers\" es \"magn\u00e9tica\", seg\u00fan el director de la pel\u00edcula, John Roberts. En una entrevista con Efe con motivo del estreno hoy en Londres del filme, Roberts dijo que Acosta, conocido","canonical_url":"https:\/\/www.eldigitaldeasturias.com\/noticias\/carlos-acosta-debuta-en-day-of-the-flowers\/","robots":"max-image-preview:large","keywords":"revista de ocio","webmasterTools":{"google-site-verification":"UA-38556648-1","msvalidate.01":"7dfe9f3f1b24437ab69f4f2559babe99","miscellaneous":""},"schema":{"@context":"https:\/\/schema.org","@graph":[{"@type":"BlogPosting","@id":"https:\/\/www.eldigitaldeasturias.com\/noticias\/carlos-acosta-debuta-en-day-of-the-flowers\/#blogposting","name":"Carlos Acosta debuta en \u00abDay of the Flowers\u00bb - El Digital de Asturias","headline":"Carlos Acosta debuta en \u00abDay of the Flowers\u00bb","author":{"@id":"https:\/\/www.eldigitaldeasturias.com\/noticias\/author\/admin\/#author"},"publisher":{"@id":"https:\/\/www.eldigitaldeasturias.com\/noticias\/#organization"},"image":{"@type":"ImageObject","url":455732},"datePublished":"2013-11-29T18:11:28+01:00","dateModified":"2013-11-29T18:11:28+01:00","inLanguage":"es-ES","mainEntityOfPage":{"@id":"https:\/\/www.eldigitaldeasturias.com\/noticias\/carlos-acosta-debuta-en-day-of-the-flowers\/#webpage"},"isPartOf":{"@id":"https:\/\/www.eldigitaldeasturias.com\/noticias\/carlos-acosta-debuta-en-day-of-the-flowers\/#webpage"},"articleSection":"Revista de Ocio"},{"@type":"BreadcrumbList","@id":"https:\/\/www.eldigitaldeasturias.com\/noticias\/carlos-acosta-debuta-en-day-of-the-flowers\/#breadcrumblist","itemListElement":[{"@type":"ListItem","@id":"https:\/\/www.eldigitaldeasturias.com\/noticias#listItem","position":1,"name":"Home","item":"https:\/\/www.eldigitaldeasturias.com\/noticias","nextItem":{"@type":"ListItem","@id":"https:\/\/www.eldigitaldeasturias.com\/noticias\/category\/revista-de-ocio\/#listItem","name":"Revista de Ocio"}},{"@type":"ListItem","@id":"https:\/\/www.eldigitaldeasturias.com\/noticias\/category\/revista-de-ocio\/#listItem","position":2,"name":"Revista de Ocio","item":"https:\/\/www.eldigitaldeasturias.com\/noticias\/category\/revista-de-ocio\/","nextItem":{"@type":"ListItem","@id":"https:\/\/www.eldigitaldeasturias.com\/noticias\/carlos-acosta-debuta-en-day-of-the-flowers\/#listItem","name":"Carlos Acosta debuta en \u00abDay of the Flowers\u00bb"},"previousItem":{"@type":"ListItem","@id":"https:\/\/www.eldigitaldeasturias.com\/noticias#listItem","name":"Home"}},{"@type":"ListItem","@id":"https:\/\/www.eldigitaldeasturias.com\/noticias\/carlos-acosta-debuta-en-day-of-the-flowers\/#listItem","position":3,"name":"Carlos Acosta debuta en \u00abDay of the Flowers\u00bb","previousItem":{"@type":"ListItem","@id":"https:\/\/www.eldigitaldeasturias.com\/noticias\/category\/revista-de-ocio\/#listItem","name":"Revista de Ocio"}}]},{"@type":"Organization","@id":"https:\/\/www.eldigitaldeasturias.com\/noticias\/#organization","name":"El Digital de Asturias","description":"Hemeroteca","url":"https:\/\/www.eldigitaldeasturias.com\/noticias\/","email":"info@eldigitaldeasturias.com","telephone":"+34652131393","logo":{"@type":"ImageObject","url":"https:\/\/www.eldigitaldeasturias.com\/noticias\/wp-content\/uploads\/2020\/12\/EDA.jpg","@id":"https:\/\/www.eldigitaldeasturias.com\/noticias\/carlos-acosta-debuta-en-day-of-the-flowers\/#organizationLogo"},"image":{"@id":"https:\/\/www.eldigitaldeasturias.com\/noticias\/carlos-acosta-debuta-en-day-of-the-flowers\/#organizationLogo"},"sameAs":["https:\/\/facebook.com\/eldigitaldeasturias","https:\/\/www.youtube.com\/channel\/UCZP-2wLEB9Rv6erhFmqVnvg"],"address":{"@id":"https:\/\/www.eldigitaldeasturias.com\/noticias\/#postaladdress","@type":"PostalAddress","streetAddress":"san antonio 4","postalCode":"33430","addressLocality":"Cand\u00e1s","addressRegion":"Asturias","addressCountry":"ES"}},{"@type":"Person","@id":"https:\/\/www.eldigitaldeasturias.com\/noticias\/author\/admin\/#author","url":"https:\/\/www.eldigitaldeasturias.com\/noticias\/author\/admin\/","name":"El Digital de Asturias","image":{"@type":"ImageObject","@id":"https:\/\/www.eldigitaldeasturias.com\/noticias\/carlos-acosta-debuta-en-day-of-the-flowers\/#authorImage","url":"https:\/\/secure.gravatar.com\/avatar\/df2aeffc32bcd13f8d26072ef8a91b623d677766deac7f97ca815868cd41bf5e?s=96&d=mm&r=g","width":96,"height":96,"caption":"El Digital de Asturias"}},{"@type":"WebPage","@id":"https:\/\/www.eldigitaldeasturias.com\/noticias\/carlos-acosta-debuta-en-day-of-the-flowers\/#webpage","url":"https:\/\/www.eldigitaldeasturias.com\/noticias\/carlos-acosta-debuta-en-day-of-the-flowers\/","name":"Carlos Acosta debuta en \u00abDay of the Flowers\u00bb - El Digital de Asturias","description":"Londres, 29 nov (EFE).- La interpretaci\u00f3n del cubano Carlos Acosta, estrella del Royal Ballet de Londres, en su debut como actor en \"Day of the Flowers\" es \"magn\u00e9tica\", seg\u00fan el director de la pel\u00edcula, John Roberts. En una entrevista con Efe con motivo del estreno hoy en Londres del filme, Roberts dijo que Acosta, conocido","inLanguage":"es-ES","isPartOf":{"@id":"https:\/\/www.eldigitaldeasturias.com\/noticias\/#website"},"breadcrumb":{"@id":"https:\/\/www.eldigitaldeasturias.com\/noticias\/carlos-acosta-debuta-en-day-of-the-flowers\/#breadcrumblist"},"author":{"@id":"https:\/\/www.eldigitaldeasturias.com\/noticias\/author\/admin\/#author"},"creator":{"@id":"https:\/\/www.eldigitaldeasturias.com\/noticias\/author\/admin\/#author"},"image":{"@type":"ImageObject","url":455732,"@id":"https:\/\/www.eldigitaldeasturias.com\/noticias\/carlos-acosta-debuta-en-day-of-the-flowers\/#mainImage"},"primaryImageOfPage":{"@id":"https:\/\/www.eldigitaldeasturias.com\/noticias\/carlos-acosta-debuta-en-day-of-the-flowers\/#mainImage"},"datePublished":"2013-11-29T18:11:28+01:00","dateModified":"2013-11-29T18:11:28+01:00"},{"@type":"WebSite","@id":"https:\/\/www.eldigitaldeasturias.com\/noticias\/#website","url":"https:\/\/www.eldigitaldeasturias.com\/noticias\/","name":"El Digital de Asturias - Diario de actualidad y noticias","alternateName":"El Digital de Asturias - Diario de actualidad y noticias","description":"Hemeroteca","inLanguage":"es-ES","publisher":{"@id":"https:\/\/www.eldigitaldeasturias.com\/noticias\/#organization"}}]},"og:locale":"es_ES","og:site_name":"El Digital de Asturias","og:type":"article","og:title":"Carlos Acosta debuta en \u00abDay of the Flowers\u00bb - El Digital de Asturias","og:description":"Londres, 29 nov (EFE).- La interpretaci\u00f3n del cubano Carlos Acosta, estrella del Royal Ballet de Londres, en su debut como actor en &quot;Day of the Flowers&quot; es &quot;magn\u00e9tica&quot;, seg\u00fan el director de la pel\u00edcula, John Roberts. En una entrevista con Efe con motivo del estreno hoy en Londres del filme, Roberts dijo que Acosta, conocido","og:url":"https:\/\/www.eldigitaldeasturias.com\/noticias\/carlos-acosta-debuta-en-day-of-the-flowers\/","article:tag":["revista de ocio"],"article:published_time":"2013-11-29T19:11:28+00:00","article:modified_time":"2013-11-29T19:11:28+00:00","article:publisher":"https:\/\/facebook.com\/eldigitaldeasturias","twitter:card":"summary_large_image","twitter:title":"Carlos Acosta debuta en \u00abDay of the Flowers\u00bb - El Digital de Asturias","twitter:description":"Londres, 29 nov (EFE).- La interpretaci\u00f3n del cubano Carlos Acosta, estrella del Royal Ballet de Londres, en su debut como actor en &quot;Day of the Flowers&quot; es &quot;magn\u00e9tica&quot;, seg\u00fan el director de la pel\u00edcula, John Roberts. En una entrevista con Efe con motivo del estreno hoy en Londres del filme, Roberts dijo que Acosta, conocido","twitter:label1":"Escrito por","twitter:data1":"El Digital de Asturias","twitter:label2":"Tiempo de lectura estimado","twitter:data2":"3 minutos"},"aioseo_meta_data":{"post_id":"455731","title":null,"description":null,"keywords":null,"keyphrases":null,"primary_term":null,"canonical_url":null,"og_title":null,"og_description":null,"og_object_type":"default","og_image_type":"default","og_image_url":null,"og_image_width":null,"og_image_height":null,"og_image_custom_url":null,"og_image_custom_fields":null,"og_video":null,"og_custom_url":null,"og_article_section":null,"og_article_tags":null,"twitter_use_og":true,"twitter_card":"default","twitter_image_type":"default","twitter_image_url":null,"twitter_image_custom_url":null,"twitter_image_custom_fields":null,"twitter_title":null,"twitter_description":null,"schema":{"blockGraphs":[],"customGraphs":[],"default":{"data":{"Article":[],"Course":[],"Dataset":[],"FAQPage":[],"Movie":[],"Person":[],"Product":[],"ProductReview":[],"Car":[],"Recipe":[],"Service":[],"SoftwareApplication":[],"WebPage":[]},"graphName":"","isEnabled":true},"graphs":[],"defaultGraph":"","defaultPostTypeGraph":""},"schema_type":null,"schema_type_options":null,"pillar_content":false,"robots_default":true,"robots_noindex":false,"robots_noarchive":false,"robots_nosnippet":false,"robots_nofollow":false,"robots_noimageindex":false,"robots_noodp":false,"robots_notranslate":false,"robots_max_snippet":null,"robots_max_videopreview":null,"robots_max_imagepreview":"none","priority":null,"frequency":null,"local_seo":null,"seo_analyzer_scan_date":"2026-05-29 19:23:55","breadcrumb_settings":null,"limit_modified_date":false,"open_ai":null,"ai":null,"created":"2020-11-14 22:45:21","updated":"2026-05-29 19:23:55","focus_keyword":null,"additional_keywords":null,"truseo_locale":null},"aioseo_breadcrumb":"<div class=\"aioseo-breadcrumbs\"><span class=\"aioseo-breadcrumb\">\n\t<a href=\"https:\/\/www.eldigitaldeasturias.com\/noticias\" title=\"Home\">Home<\/a>\n<\/span><span class=\"aioseo-breadcrumb-separator\">\u2013<\/span><span class=\"aioseo-breadcrumb\">\n\t<a href=\"https:\/\/www.eldigitaldeasturias.com\/noticias\/category\/revista-de-ocio\/\" title=\"Revista de Ocio\">Revista de Ocio<\/a>\n<\/span><span class=\"aioseo-breadcrumb-separator\">\u2013<\/span><span class=\"aioseo-breadcrumb\">\n\t<a href=\"https:\/\/www.eldigitaldeasturias.com\/noticias\/carlos-acosta-debuta-en-day-of-the-flowers\/\" title=\"Carlos Acosta debuta en \u00abDay of the Flowers\u00bb\">Carlos Acosta debuta en \u00abDay of the Flowers\u00bb<\/a>\n<\/span><\/div>","aioseo_breadcrumb_json":[{"label":"Home","link":"https:\/\/www.eldigitaldeasturias.com\/noticias"},{"label":"Revista de Ocio","link":"https:\/\/www.eldigitaldeasturias.com\/noticias\/category\/revista-de-ocio\/"},{"label":"Carlos Acosta debuta en \u00abDay of the Flowers\u00bb","link":"https:\/\/www.eldigitaldeasturias.com\/noticias\/carlos-acosta-debuta-en-day-of-the-flowers\/"}],"_links":{"self":[{"href":"https:\/\/www.eldigitaldeasturias.com\/noticias\/wp-json\/wp\/v2\/posts\/455731","targetHints":{"allow":["GET"]}}],"collection":[{"href":"https:\/\/www.eldigitaldeasturias.com\/noticias\/wp-json\/wp\/v2\/posts"}],"about":[{"href":"https:\/\/www.eldigitaldeasturias.com\/noticias\/wp-json\/wp\/v2\/types\/post"}],"author":[{"embeddable":true,"href":"https:\/\/www.eldigitaldeasturias.com\/noticias\/wp-json\/wp\/v2\/users\/1"}],"replies":[{"embeddable":true,"href":"https:\/\/www.eldigitaldeasturias.com\/noticias\/wp-json\/wp\/v2\/comments?post=455731"}],"version-history":[{"count":0,"href":"https:\/\/www.eldigitaldeasturias.com\/noticias\/wp-json\/wp\/v2\/posts\/455731\/revisions"}],"wp:attachment":[{"href":"https:\/\/www.eldigitaldeasturias.com\/noticias\/wp-json\/wp\/v2\/media?parent=455731"}],"wp:term":[{"taxonomy":"category","embeddable":true,"href":"https:\/\/www.eldigitaldeasturias.com\/noticias\/wp-json\/wp\/v2\/categories?post=455731"},{"taxonomy":"post_tag","embeddable":true,"href":"https:\/\/www.eldigitaldeasturias.com\/noticias\/wp-json\/wp\/v2\/tags?post=455731"}],"curies":[{"name":"wp","href":"https:\/\/api.w.org\/{rel}","templated":true}]}}