{"id":455713,"date":"2013-11-29T16:19:17","date_gmt":"2013-11-29T17:19:17","guid":{"rendered":"http:\/\/www.eldigitaldeasturias.com\/noticias\/?p=455713"},"modified":"2013-11-29T16:19:17","modified_gmt":"2013-11-29T17:19:17","slug":"la-junta-general-del-principado-ha-aprobado-el-presupuesto-para-el-ano-2014","status":"publish","type":"post","link":"https:\/\/www.eldigitaldeasturias.com\/noticias\/la-junta-general-del-principado-ha-aprobado-el-presupuesto-para-el-ano-2014\/","title":{"rendered":"La Junta General del Principado ha aprobado el presupuesto para el a\u00f1o 2014"},"content":{"rendered":"<p><img loading=\"lazy\" decoding=\"async\" class=\"alignleft size-medium wp-image-681\" alt=\"palamento_20130913133437_8001\" src=\"https:\/\/www.eldigitaldeasturias.com\/noticias\/wp-content\/uploads\/2013\/09\/palamento_20130913133437_8001-360x240.jpg\" width=\"360\" height=\"240\" \/>Oviedo, 29 nov (EFE).- La Mesa de la Junta General del Principado ha aprobado el presupuesto de la C\u00e1mara auton\u00f3mica para 2014 que ascender\u00e1 a 13,8 millones de euros, lo que supone una reducci\u00f3n del 1,72 por ciento (238.000 euros) respecto al de este a\u00f1o.<\/p>\n<p>Seg\u00fan han informado a Efe fuentes parlamentarias, el presupuesto, que se incorporar\u00e1 al anteproyecto de cuentas p\u00fablicas para el pr\u00f3ximo ejercicio que tiene que aprobar el Gobierno regional, ha salido adelante en la reuni\u00f3n que hoy ha celebrado el \u00f3rgano de gobierno de la C\u00e1mara con los votos a favor del PSOE y de IU, el voto en contra del PP y la abstenci\u00f3n de Foro y UPyD.<\/p>\n<p>El pasado a\u00f1o, la Junta aprob\u00f3 en abril la liquidaci\u00f3n del presupuesto de la C\u00e1mara de 2012, as\u00ed como al reintegro a las arcas del Principado de 2,1 millones de euros del super\u00e1vit obtenido durante el pasado ejercicio.<\/p>\n<p>El presupuesto de la C\u00e1mara se hab\u00eda elevado a 15,57 millones de euros como consecuencia de las incorporaciones de cr\u00e9dito realizadas del ejercicio anterior, mientras que los gastos se situaron en 12,68 millones, lo que supuso un saldo positivo de 2,87 millones de euros.<\/p>\n<p>No obstante, una vez descontados los gastos financiados con remanentes de tesorer\u00eda, el resultado de la liquidaci\u00f3n del presupuesto arroj\u00f3 un super\u00e1vit de 2.55 millones de euros en 2012.<\/p>\n<p>De esa cantidad, 440.000 euros se incorporar\u00e1n al presupuesto de la Junta de este ejercicio y los 2,11 millones restantes se devolvieron al Gobierno regional.<\/p>\n<p>Adem\u00e1s, el de 2014 ser\u00e1 el primer ejercicio completo en el que se aplique el nuevo sistema de retribuciones de los diputados pactado el pasado mes de septiembre y que supon\u00eda un ahorro para la C\u00e1mara de 46.819 euros en la partida que destina a asignaciones a los 45 parlamentarios y que se elevaba a 2,3 millones de euros en 2013.<\/p>\n","protected":false},"excerpt":{"rendered":"<p>Oviedo, 29 nov (EFE).- La Mesa de la Junta General del Principado ha aprobado el presupuesto de la C\u00e1mara auton\u00f3mica para 2014 que ascender\u00e1 a 13,8 millones de euros, lo que supone una reducci\u00f3n del 1,72 por ciento (238.000 euros) respecto al de este a\u00f1o. Seg\u00fan han informado a Efe fuentes parlamentarias, el presupuesto, que [&hellip;]<\/p>\n","protected":false},"author":1,"featured_media":1132184,"comment_status":"closed","ping_status":"open","sticky":false,"template":"","format":"standard","meta":{"footnotes":""},"categories":[12],"tags":[],"class_list":["post-455713","post","type-post","status-publish","format-standard","has-post-thumbnail","hentry","category-actualidad-asturias"],"aioseo_notices":[],"aioseo_head":"\n\t\t<!-- All in One SEO Pro 5.0.1 - aioseo.com -->\n\t<meta name=\"description\" content=\"Oviedo, 29 nov (EFE).- La Mesa de la Junta General del Principado ha aprobado el presupuesto de la C\u00e1mara auton\u00f3mica para 2014 que ascender\u00e1 a 13,8 millones de euros, lo que supone una reducci\u00f3n del 1,72 por ciento (238.000 euros) respecto al de este a\u00f1o. Seg\u00fan han informado a Efe fuentes parlamentarias, el presupuesto, que\" \/>\n\t<meta name=\"robots\" content=\"max-image-preview:large\" \/>\n\t<meta name=\"author\" content=\"El Digital de Asturias\"\/>\n\t<meta name=\"google-site-verification\" content=\"UA-38556648-1\" \/>\n\t<meta name=\"msvalidate.01\" content=\"7dfe9f3f1b24437ab69f4f2559babe99\" \/>\n\t<meta name=\"keywords\" content=\"actualidad asturias\" \/>\n\t<link rel=\"canonical\" href=\"https:\/\/www.eldigitaldeasturias.com\/noticias\/la-junta-general-del-principado-ha-aprobado-el-presupuesto-para-el-ano-2014\/\" \/>\n\t<meta name=\"generator\" content=\"All in One SEO Pro (AIOSEO) 5.0.1\" \/>\n\t\t<meta property=\"og:locale\" content=\"es_ES\" \/>\n\t\t<meta property=\"og:site_name\" content=\"El Digital de Asturias\" \/>\n\t\t<meta property=\"og:type\" content=\"article\" \/>\n\t\t<meta property=\"og:title\" content=\"La Junta General del Principado ha aprobado el presupuesto para el a\u00f1o 2014 - El Digital de Asturias\" \/>\n\t\t<meta property=\"og:description\" content=\"Oviedo, 29 nov (EFE).- La Mesa de la Junta General del Principado ha aprobado el presupuesto de la C\u00e1mara auton\u00f3mica para 2014 que ascender\u00e1 a 13,8 millones de euros, lo que supone una reducci\u00f3n del 1,72 por ciento (238.000 euros) respecto al de este a\u00f1o. Seg\u00fan han informado a Efe fuentes parlamentarias, el presupuesto, que\" \/>\n\t\t<meta property=\"og:url\" content=\"https:\/\/www.eldigitaldeasturias.com\/noticias\/la-junta-general-del-principado-ha-aprobado-el-presupuesto-para-el-ano-2014\/\" \/>\n\t\t<meta property=\"og:image\" content=\"https:\/\/www.eldigitaldeasturias.com\/noticias\/wp-content\/uploads\/2026\/06\/Contenidos.jpg\" \/>\n\t\t<meta property=\"og:image:secure_url\" content=\"https:\/\/www.eldigitaldeasturias.com\/noticias\/wp-content\/uploads\/2026\/06\/Contenidos.jpg\" \/>\n\t\t<meta property=\"og:image:width\" content=\"1265\" \/>\n\t\t<meta property=\"og:image:height\" content=\"697\" \/>\n\t\t<meta property=\"article:tag\" content=\"actualidad asturias\" \/>\n\t\t<meta property=\"article:published_time\" content=\"2013-11-29T17:19:17+00:00\" \/>\n\t\t<meta property=\"article:modified_time\" content=\"2013-11-29T17:19:17+00:00\" \/>\n\t\t<meta property=\"article:publisher\" content=\"https:\/\/facebook.com\/eldigitaldeasturias\" \/>\n\t\t<meta name=\"twitter:card\" content=\"summary_large_image\" \/>\n\t\t<meta name=\"twitter:title\" content=\"La Junta General del Principado ha aprobado el presupuesto para el a\u00f1o 2014 - El Digital de Asturias\" \/>\n\t\t<meta name=\"twitter:description\" content=\"Oviedo, 29 nov (EFE).- La Mesa de la Junta General del Principado ha aprobado el presupuesto de la C\u00e1mara auton\u00f3mica para 2014 que ascender\u00e1 a 13,8 millones de euros, lo que supone una reducci\u00f3n del 1,72 por ciento (238.000 euros) respecto al de este a\u00f1o. Seg\u00fan han informado a Efe fuentes parlamentarias, el presupuesto, que\" \/>\n\t\t<meta name=\"twitter:image\" content=\"https:\/\/www.eldigitaldeasturias.com\/noticias\/wp-content\/uploads\/2026\/06\/Contenidos.jpg\" \/>\n\t\t<meta name=\"twitter:label1\" content=\"Escrito por\" \/>\n\t\t<meta name=\"twitter:data1\" content=\"El Digital de Asturias\" \/>\n\t\t<meta name=\"twitter:label2\" content=\"Tiempo de lectura estimado\" \/>\n\t\t<meta name=\"twitter:data2\" content=\"2 minutos\" \/>\n\t\t<script type=\"application\/ld+json\" class=\"aioseo-schema\">\n\t\t\t{\"@context\":\"https:\\\/\\\/schema.org\",\"@graph\":[{\"@type\":\"BlogPosting\",\"@id\":\"https:\\\/\\\/www.eldigitaldeasturias.com\\\/noticias\\\/la-junta-general-del-principado-ha-aprobado-el-presupuesto-para-el-ano-2014\\\/#blogposting\",\"name\":\"La Junta General del Principado ha aprobado el presupuesto para el a\\u00f1o 2014 - El Digital de Asturias\",\"headline\":\"La Junta General del Principado ha aprobado el presupuesto para el a\\u00f1o 2014\",\"author\":{\"@id\":\"https:\\\/\\\/www.eldigitaldeasturias.com\\\/noticias\\\/author\\\/admin\\\/#author\"},\"publisher\":{\"@id\":\"https:\\\/\\\/www.eldigitaldeasturias.com\\\/noticias\\\/#organization\"},\"image\":{\"@type\":\"ImageObject\",\"url\":\"https:\\\/\\\/www.eldigitaldeasturias.com\\\/noticias\\\/wp-content\\\/uploads\\\/2026\\\/06\\\/Contenidos.jpg\",\"width\":1265,\"height\":697,\"caption\":\"Contenidos\"},\"datePublished\":\"2013-11-29T16:19:17+01:00\",\"dateModified\":\"2013-11-29T16:19:17+01:00\",\"inLanguage\":\"es-ES\",\"mainEntityOfPage\":{\"@id\":\"https:\\\/\\\/www.eldigitaldeasturias.com\\\/noticias\\\/la-junta-general-del-principado-ha-aprobado-el-presupuesto-para-el-ano-2014\\\/#webpage\"},\"isPartOf\":{\"@id\":\"https:\\\/\\\/www.eldigitaldeasturias.com\\\/noticias\\\/la-junta-general-del-principado-ha-aprobado-el-presupuesto-para-el-ano-2014\\\/#webpage\"},\"articleSection\":\"Actualidad Asturias\"},{\"@type\":\"BreadcrumbList\",\"@id\":\"https:\\\/\\\/www.eldigitaldeasturias.com\\\/noticias\\\/la-junta-general-del-principado-ha-aprobado-el-presupuesto-para-el-ano-2014\\\/#breadcrumblist\",\"itemListElement\":[{\"@type\":\"ListItem\",\"@id\":\"https:\\\/\\\/www.eldigitaldeasturias.com\\\/noticias#listItem\",\"position\":1,\"name\":\"Home\",\"item\":\"https:\\\/\\\/www.eldigitaldeasturias.com\\\/noticias\",\"nextItem\":{\"@type\":\"ListItem\",\"@id\":\"https:\\\/\\\/www.eldigitaldeasturias.com\\\/noticias\\\/category\\\/actualidad-asturias\\\/#listItem\",\"name\":\"Actualidad Asturias\"}},{\"@type\":\"ListItem\",\"@id\":\"https:\\\/\\\/www.eldigitaldeasturias.com\\\/noticias\\\/category\\\/actualidad-asturias\\\/#listItem\",\"position\":2,\"name\":\"Actualidad Asturias\",\"item\":\"https:\\\/\\\/www.eldigitaldeasturias.com\\\/noticias\\\/category\\\/actualidad-asturias\\\/\",\"nextItem\":{\"@type\":\"ListItem\",\"@id\":\"https:\\\/\\\/www.eldigitaldeasturias.com\\\/noticias\\\/la-junta-general-del-principado-ha-aprobado-el-presupuesto-para-el-ano-2014\\\/#listItem\",\"name\":\"La Junta General del Principado ha aprobado el presupuesto para el a\\u00f1o 2014\"},\"previousItem\":{\"@type\":\"ListItem\",\"@id\":\"https:\\\/\\\/www.eldigitaldeasturias.com\\\/noticias#listItem\",\"name\":\"Home\"}},{\"@type\":\"ListItem\",\"@id\":\"https:\\\/\\\/www.eldigitaldeasturias.com\\\/noticias\\\/la-junta-general-del-principado-ha-aprobado-el-presupuesto-para-el-ano-2014\\\/#listItem\",\"position\":3,\"name\":\"La Junta General del Principado ha aprobado el presupuesto para el a\\u00f1o 2014\",\"previousItem\":{\"@type\":\"ListItem\",\"@id\":\"https:\\\/\\\/www.eldigitaldeasturias.com\\\/noticias\\\/category\\\/actualidad-asturias\\\/#listItem\",\"name\":\"Actualidad Asturias\"}}]},{\"@type\":\"Organization\",\"@id\":\"https:\\\/\\\/www.eldigitaldeasturias.com\\\/noticias\\\/#organization\",\"name\":\"El Digital de Asturias\",\"description\":\"Hemeroteca\",\"url\":\"https:\\\/\\\/www.eldigitaldeasturias.com\\\/noticias\\\/\",\"email\":\"info@eldigitaldeasturias.com\",\"telephone\":\"+34652131393\",\"logo\":{\"@type\":\"ImageObject\",\"url\":\"https:\\\/\\\/www.eldigitaldeasturias.com\\\/noticias\\\/wp-content\\\/uploads\\\/2020\\\/12\\\/EDA.jpg\",\"@id\":\"https:\\\/\\\/www.eldigitaldeasturias.com\\\/noticias\\\/la-junta-general-del-principado-ha-aprobado-el-presupuesto-para-el-ano-2014\\\/#organizationLogo\"},\"image\":{\"@id\":\"https:\\\/\\\/www.eldigitaldeasturias.com\\\/noticias\\\/la-junta-general-del-principado-ha-aprobado-el-presupuesto-para-el-ano-2014\\\/#organizationLogo\"},\"sameAs\":[\"https:\\\/\\\/facebook.com\\\/eldigitaldeasturias\",\"https:\\\/\\\/www.youtube.com\\\/channel\\\/UCZP-2wLEB9Rv6erhFmqVnvg\"],\"address\":{\"@id\":\"https:\\\/\\\/www.eldigitaldeasturias.com\\\/noticias\\\/#postaladdress\",\"@type\":\"PostalAddress\",\"streetAddress\":\"san antonio 4\",\"postalCode\":\"33430\",\"addressLocality\":\"Cand\\u00e1s\",\"addressRegion\":\"Asturias\",\"addressCountry\":\"ES\"}},{\"@type\":\"Person\",\"@id\":\"https:\\\/\\\/www.eldigitaldeasturias.com\\\/noticias\\\/author\\\/admin\\\/#author\",\"url\":\"https:\\\/\\\/www.eldigitaldeasturias.com\\\/noticias\\\/author\\\/admin\\\/\",\"name\":\"El Digital de Asturias\",\"image\":{\"@type\":\"ImageObject\",\"@id\":\"https:\\\/\\\/www.eldigitaldeasturias.com\\\/noticias\\\/la-junta-general-del-principado-ha-aprobado-el-presupuesto-para-el-ano-2014\\\/#authorImage\",\"url\":\"https:\\\/\\\/secure.gravatar.com\\\/avatar\\\/df2aeffc32bcd13f8d26072ef8a91b623d677766deac7f97ca815868cd41bf5e?s=96&d=mm&r=g\",\"width\":96,\"height\":96,\"caption\":\"El Digital de Asturias\"}},{\"@type\":\"WebPage\",\"@id\":\"https:\\\/\\\/www.eldigitaldeasturias.com\\\/noticias\\\/la-junta-general-del-principado-ha-aprobado-el-presupuesto-para-el-ano-2014\\\/#webpage\",\"url\":\"https:\\\/\\\/www.eldigitaldeasturias.com\\\/noticias\\\/la-junta-general-del-principado-ha-aprobado-el-presupuesto-para-el-ano-2014\\\/\",\"name\":\"La Junta General del Principado ha aprobado el presupuesto para el a\\u00f1o 2014 - El Digital de Asturias\",\"description\":\"Oviedo, 29 nov (EFE).- La Mesa de la Junta General del Principado ha aprobado el presupuesto de la C\\u00e1mara auton\\u00f3mica para 2014 que ascender\\u00e1 a 13,8 millones de euros, lo que supone una reducci\\u00f3n del 1,72 por ciento (238.000 euros) respecto al de este a\\u00f1o. Seg\\u00fan han informado a Efe fuentes parlamentarias, el presupuesto, que\",\"inLanguage\":\"es-ES\",\"isPartOf\":{\"@id\":\"https:\\\/\\\/www.eldigitaldeasturias.com\\\/noticias\\\/#website\"},\"breadcrumb\":{\"@id\":\"https:\\\/\\\/www.eldigitaldeasturias.com\\\/noticias\\\/la-junta-general-del-principado-ha-aprobado-el-presupuesto-para-el-ano-2014\\\/#breadcrumblist\"},\"author\":{\"@id\":\"https:\\\/\\\/www.eldigitaldeasturias.com\\\/noticias\\\/author\\\/admin\\\/#author\"},\"creator\":{\"@id\":\"https:\\\/\\\/www.eldigitaldeasturias.com\\\/noticias\\\/author\\\/admin\\\/#author\"},\"image\":{\"@type\":\"ImageObject\",\"url\":\"https:\\\/\\\/www.eldigitaldeasturias.com\\\/noticias\\\/wp-content\\\/uploads\\\/2026\\\/06\\\/Contenidos.jpg\",\"@id\":\"https:\\\/\\\/www.eldigitaldeasturias.com\\\/noticias\\\/la-junta-general-del-principado-ha-aprobado-el-presupuesto-para-el-ano-2014\\\/#mainImage\",\"width\":1265,\"height\":697,\"caption\":\"Contenidos\"},\"primaryImageOfPage\":{\"@id\":\"https:\\\/\\\/www.eldigitaldeasturias.com\\\/noticias\\\/la-junta-general-del-principado-ha-aprobado-el-presupuesto-para-el-ano-2014\\\/#mainImage\"},\"datePublished\":\"2013-11-29T16:19:17+01:00\",\"dateModified\":\"2013-11-29T16:19:17+01:00\"},{\"@type\":\"WebSite\",\"@id\":\"https:\\\/\\\/www.eldigitaldeasturias.com\\\/noticias\\\/#website\",\"url\":\"https:\\\/\\\/www.eldigitaldeasturias.com\\\/noticias\\\/\",\"name\":\"El Digital de Asturias - Diario de actualidad y noticias\",\"alternateName\":\"El Digital de Asturias - Diario de actualidad y noticias\",\"description\":\"Hemeroteca\",\"inLanguage\":\"es-ES\",\"publisher\":{\"@id\":\"https:\\\/\\\/www.eldigitaldeasturias.com\\\/noticias\\\/#organization\"}}]}\n\t\t<\/script>\n\t\t<!-- All in One SEO Pro -->\r\n\t\t<title>La Junta General del Principado ha aprobado el presupuesto para el a\u00f1o 2014 - El Digital de Asturias<\/title>\n\n","aioseo_head_json":{"title":"La Junta General del Principado ha aprobado el presupuesto para el a\u00f1o 2014 - El Digital de Asturias","description":"Oviedo, 29 nov (EFE).- La Mesa de la Junta General del Principado ha aprobado el presupuesto de la C\u00e1mara auton\u00f3mica para 2014 que ascender\u00e1 a 13,8 millones de euros, lo que supone una reducci\u00f3n del 1,72 por ciento (238.000 euros) respecto al de este a\u00f1o. Seg\u00fan han informado a Efe fuentes parlamentarias, el presupuesto, que","canonical_url":"https:\/\/www.eldigitaldeasturias.com\/noticias\/la-junta-general-del-principado-ha-aprobado-el-presupuesto-para-el-ano-2014\/","robots":"max-image-preview:large","keywords":"actualidad asturias","webmasterTools":{"google-site-verification":"UA-38556648-1","msvalidate.01":"7dfe9f3f1b24437ab69f4f2559babe99","miscellaneous":""},"schema":{"@context":"https:\/\/schema.org","@graph":[{"@type":"BlogPosting","@id":"https:\/\/www.eldigitaldeasturias.com\/noticias\/la-junta-general-del-principado-ha-aprobado-el-presupuesto-para-el-ano-2014\/#blogposting","name":"La Junta General del Principado ha aprobado el presupuesto para el a\u00f1o 2014 - El Digital de Asturias","headline":"La Junta General del Principado ha aprobado el presupuesto para el a\u00f1o 2014","author":{"@id":"https:\/\/www.eldigitaldeasturias.com\/noticias\/author\/admin\/#author"},"publisher":{"@id":"https:\/\/www.eldigitaldeasturias.com\/noticias\/#organization"},"image":{"@type":"ImageObject","url":"https:\/\/www.eldigitaldeasturias.com\/noticias\/wp-content\/uploads\/2026\/06\/Contenidos.jpg","width":1265,"height":697,"caption":"Contenidos"},"datePublished":"2013-11-29T16:19:17+01:00","dateModified":"2013-11-29T16:19:17+01:00","inLanguage":"es-ES","mainEntityOfPage":{"@id":"https:\/\/www.eldigitaldeasturias.com\/noticias\/la-junta-general-del-principado-ha-aprobado-el-presupuesto-para-el-ano-2014\/#webpage"},"isPartOf":{"@id":"https:\/\/www.eldigitaldeasturias.com\/noticias\/la-junta-general-del-principado-ha-aprobado-el-presupuesto-para-el-ano-2014\/#webpage"},"articleSection":"Actualidad Asturias"},{"@type":"BreadcrumbList","@id":"https:\/\/www.eldigitaldeasturias.com\/noticias\/la-junta-general-del-principado-ha-aprobado-el-presupuesto-para-el-ano-2014\/#breadcrumblist","itemListElement":[{"@type":"ListItem","@id":"https:\/\/www.eldigitaldeasturias.com\/noticias#listItem","position":1,"name":"Home","item":"https:\/\/www.eldigitaldeasturias.com\/noticias","nextItem":{"@type":"ListItem","@id":"https:\/\/www.eldigitaldeasturias.com\/noticias\/category\/actualidad-asturias\/#listItem","name":"Actualidad Asturias"}},{"@type":"ListItem","@id":"https:\/\/www.eldigitaldeasturias.com\/noticias\/category\/actualidad-asturias\/#listItem","position":2,"name":"Actualidad Asturias","item":"https:\/\/www.eldigitaldeasturias.com\/noticias\/category\/actualidad-asturias\/","nextItem":{"@type":"ListItem","@id":"https:\/\/www.eldigitaldeasturias.com\/noticias\/la-junta-general-del-principado-ha-aprobado-el-presupuesto-para-el-ano-2014\/#listItem","name":"La Junta General del Principado ha aprobado el presupuesto para el a\u00f1o 2014"},"previousItem":{"@type":"ListItem","@id":"https:\/\/www.eldigitaldeasturias.com\/noticias#listItem","name":"Home"}},{"@type":"ListItem","@id":"https:\/\/www.eldigitaldeasturias.com\/noticias\/la-junta-general-del-principado-ha-aprobado-el-presupuesto-para-el-ano-2014\/#listItem","position":3,"name":"La Junta General del Principado ha aprobado el presupuesto para el a\u00f1o 2014","previousItem":{"@type":"ListItem","@id":"https:\/\/www.eldigitaldeasturias.com\/noticias\/category\/actualidad-asturias\/#listItem","name":"Actualidad Asturias"}}]},{"@type":"Organization","@id":"https:\/\/www.eldigitaldeasturias.com\/noticias\/#organization","name":"El Digital de Asturias","description":"Hemeroteca","url":"https:\/\/www.eldigitaldeasturias.com\/noticias\/","email":"info@eldigitaldeasturias.com","telephone":"+34652131393","logo":{"@type":"ImageObject","url":"https:\/\/www.eldigitaldeasturias.com\/noticias\/wp-content\/uploads\/2020\/12\/EDA.jpg","@id":"https:\/\/www.eldigitaldeasturias.com\/noticias\/la-junta-general-del-principado-ha-aprobado-el-presupuesto-para-el-ano-2014\/#organizationLogo"},"image":{"@id":"https:\/\/www.eldigitaldeasturias.com\/noticias\/la-junta-general-del-principado-ha-aprobado-el-presupuesto-para-el-ano-2014\/#organizationLogo"},"sameAs":["https:\/\/facebook.com\/eldigitaldeasturias","https:\/\/www.youtube.com\/channel\/UCZP-2wLEB9Rv6erhFmqVnvg"],"address":{"@id":"https:\/\/www.eldigitaldeasturias.com\/noticias\/#postaladdress","@type":"PostalAddress","streetAddress":"san antonio 4","postalCode":"33430","addressLocality":"Cand\u00e1s","addressRegion":"Asturias","addressCountry":"ES"}},{"@type":"Person","@id":"https:\/\/www.eldigitaldeasturias.com\/noticias\/author\/admin\/#author","url":"https:\/\/www.eldigitaldeasturias.com\/noticias\/author\/admin\/","name":"El Digital de Asturias","image":{"@type":"ImageObject","@id":"https:\/\/www.eldigitaldeasturias.com\/noticias\/la-junta-general-del-principado-ha-aprobado-el-presupuesto-para-el-ano-2014\/#authorImage","url":"https:\/\/secure.gravatar.com\/avatar\/df2aeffc32bcd13f8d26072ef8a91b623d677766deac7f97ca815868cd41bf5e?s=96&d=mm&r=g","width":96,"height":96,"caption":"El Digital de Asturias"}},{"@type":"WebPage","@id":"https:\/\/www.eldigitaldeasturias.com\/noticias\/la-junta-general-del-principado-ha-aprobado-el-presupuesto-para-el-ano-2014\/#webpage","url":"https:\/\/www.eldigitaldeasturias.com\/noticias\/la-junta-general-del-principado-ha-aprobado-el-presupuesto-para-el-ano-2014\/","name":"La Junta General del Principado ha aprobado el presupuesto para el a\u00f1o 2014 - El Digital de Asturias","description":"Oviedo, 29 nov (EFE).- La Mesa de la Junta General del Principado ha aprobado el presupuesto de la C\u00e1mara auton\u00f3mica para 2014 que ascender\u00e1 a 13,8 millones de euros, lo que supone una reducci\u00f3n del 1,72 por ciento (238.000 euros) respecto al de este a\u00f1o. Seg\u00fan han informado a Efe fuentes parlamentarias, el presupuesto, que","inLanguage":"es-ES","isPartOf":{"@id":"https:\/\/www.eldigitaldeasturias.com\/noticias\/#website"},"breadcrumb":{"@id":"https:\/\/www.eldigitaldeasturias.com\/noticias\/la-junta-general-del-principado-ha-aprobado-el-presupuesto-para-el-ano-2014\/#breadcrumblist"},"author":{"@id":"https:\/\/www.eldigitaldeasturias.com\/noticias\/author\/admin\/#author"},"creator":{"@id":"https:\/\/www.eldigitaldeasturias.com\/noticias\/author\/admin\/#author"},"image":{"@type":"ImageObject","url":"https:\/\/www.eldigitaldeasturias.com\/noticias\/wp-content\/uploads\/2026\/06\/Contenidos.jpg","@id":"https:\/\/www.eldigitaldeasturias.com\/noticias\/la-junta-general-del-principado-ha-aprobado-el-presupuesto-para-el-ano-2014\/#mainImage","width":1265,"height":697,"caption":"Contenidos"},"primaryImageOfPage":{"@id":"https:\/\/www.eldigitaldeasturias.com\/noticias\/la-junta-general-del-principado-ha-aprobado-el-presupuesto-para-el-ano-2014\/#mainImage"},"datePublished":"2013-11-29T16:19:17+01:00","dateModified":"2013-11-29T16:19:17+01:00"},{"@type":"WebSite","@id":"https:\/\/www.eldigitaldeasturias.com\/noticias\/#website","url":"https:\/\/www.eldigitaldeasturias.com\/noticias\/","name":"El Digital de Asturias - Diario de actualidad y noticias","alternateName":"El Digital de Asturias - Diario de actualidad y noticias","description":"Hemeroteca","inLanguage":"es-ES","publisher":{"@id":"https:\/\/www.eldigitaldeasturias.com\/noticias\/#organization"}}]},"og:locale":"es_ES","og:site_name":"El Digital de Asturias","og:type":"article","og:title":"La Junta General del Principado ha aprobado el presupuesto para el a\u00f1o 2014 - El Digital de Asturias","og:description":"Oviedo, 29 nov (EFE).- La Mesa de la Junta General del Principado ha aprobado el presupuesto de la C\u00e1mara auton\u00f3mica para 2014 que ascender\u00e1 a 13,8 millones de euros, lo que supone una reducci\u00f3n del 1,72 por ciento (238.000 euros) respecto al de este a\u00f1o. Seg\u00fan han informado a Efe fuentes parlamentarias, el presupuesto, que","og:url":"https:\/\/www.eldigitaldeasturias.com\/noticias\/la-junta-general-del-principado-ha-aprobado-el-presupuesto-para-el-ano-2014\/","og:image":"https:\/\/www.eldigitaldeasturias.com\/noticias\/wp-content\/uploads\/2026\/06\/Contenidos.jpg","og:image:secure_url":"https:\/\/www.eldigitaldeasturias.com\/noticias\/wp-content\/uploads\/2026\/06\/Contenidos.jpg","og:image:width":1265,"og:image:height":697,"article:tag":["actualidad asturias"],"article:published_time":"2013-11-29T17:19:17+00:00","article:modified_time":"2013-11-29T17:19:17+00:00","article:publisher":"https:\/\/facebook.com\/eldigitaldeasturias","twitter:card":"summary_large_image","twitter:title":"La Junta General del Principado ha aprobado el presupuesto para el a\u00f1o 2014 - El Digital de Asturias","twitter:description":"Oviedo, 29 nov (EFE).- La Mesa de la Junta General del Principado ha aprobado el presupuesto de la C\u00e1mara auton\u00f3mica para 2014 que ascender\u00e1 a 13,8 millones de euros, lo que supone una reducci\u00f3n del 1,72 por ciento (238.000 euros) respecto al de este a\u00f1o. Seg\u00fan han informado a Efe fuentes parlamentarias, el presupuesto, que","twitter:image":"https:\/\/www.eldigitaldeasturias.com\/noticias\/wp-content\/uploads\/2026\/06\/Contenidos.jpg","twitter:label1":"Escrito por","twitter:data1":"El Digital de Asturias","twitter:label2":"Tiempo de lectura estimado","twitter:data2":"2 minutos"},"aioseo_meta_data":{"post_id":"455713","title":null,"description":null,"keywords":null,"keyphrases":null,"primary_term":null,"canonical_url":null,"og_title":null,"og_description":null,"og_object_type":"default","og_image_type":"default","og_image_url":null,"og_image_width":null,"og_image_height":null,"og_image_custom_url":null,"og_image_custom_fields":null,"og_video":null,"og_custom_url":null,"og_article_section":null,"og_article_tags":null,"twitter_use_og":true,"twitter_card":"default","twitter_image_type":"default","twitter_image_url":null,"twitter_image_custom_url":null,"twitter_image_custom_fields":null,"twitter_title":null,"twitter_description":null,"schema":{"blockGraphs":[],"customGraphs":[],"default":{"data":{"Article":[],"Course":[],"Dataset":[],"FAQPage":[],"Movie":[],"Person":[],"Product":[],"ProductReview":[],"Car":[],"Recipe":[],"Service":[],"SoftwareApplication":[],"WebPage":[]},"graphName":"","isEnabled":true},"graphs":[],"defaultGraph":"","defaultPostTypeGraph":""},"schema_type":null,"schema_type_options":null,"pillar_content":false,"robots_default":true,"robots_noindex":false,"robots_noarchive":false,"robots_nosnippet":false,"robots_nofollow":false,"robots_noimageindex":false,"robots_noodp":false,"robots_notranslate":false,"robots_max_snippet":null,"robots_max_videopreview":null,"robots_max_imagepreview":"none","priority":null,"frequency":null,"local_seo":null,"seo_analyzer_scan_date":"2026-05-29 19:18:57","breadcrumb_settings":null,"limit_modified_date":false,"open_ai":null,"ai":null,"created":"2020-11-14 22:45:21","updated":"2026-05-29 19:18:57","focus_keyword":null,"additional_keywords":null,"truseo_locale":null},"aioseo_breadcrumb":"<div class=\"aioseo-breadcrumbs\"><span class=\"aioseo-breadcrumb\">\n\t<a href=\"https:\/\/www.eldigitaldeasturias.com\/noticias\" title=\"Home\">Home<\/a>\n<\/span><span class=\"aioseo-breadcrumb-separator\">\u2013<\/span><span class=\"aioseo-breadcrumb\">\n\t<a href=\"https:\/\/www.eldigitaldeasturias.com\/noticias\/category\/actualidad-asturias\/\" title=\"Actualidad Asturias\">Actualidad Asturias<\/a>\n<\/span><span class=\"aioseo-breadcrumb-separator\">\u2013<\/span><span class=\"aioseo-breadcrumb\">\n\t<a href=\"https:\/\/www.eldigitaldeasturias.com\/noticias\/la-junta-general-del-principado-ha-aprobado-el-presupuesto-para-el-ano-2014\/\" title=\"La Junta General del Principado ha aprobado el presupuesto para el a\u00f1o 2014\">La Junta General del Principado ha aprobado el presupuesto para el a\u00f1o 2014<\/a>\n<\/span><\/div>","aioseo_breadcrumb_json":[{"label":"Home","link":"https:\/\/www.eldigitaldeasturias.com\/noticias"},{"label":"Actualidad Asturias","link":"https:\/\/www.eldigitaldeasturias.com\/noticias\/category\/actualidad-asturias\/"},{"label":"La Junta General del Principado ha aprobado el presupuesto para el a\u00f1o 2014","link":"https:\/\/www.eldigitaldeasturias.com\/noticias\/la-junta-general-del-principado-ha-aprobado-el-presupuesto-para-el-ano-2014\/"}],"_links":{"self":[{"href":"https:\/\/www.eldigitaldeasturias.com\/noticias\/wp-json\/wp\/v2\/posts\/455713","targetHints":{"allow":["GET"]}}],"collection":[{"href":"https:\/\/www.eldigitaldeasturias.com\/noticias\/wp-json\/wp\/v2\/posts"}],"about":[{"href":"https:\/\/www.eldigitaldeasturias.com\/noticias\/wp-json\/wp\/v2\/types\/post"}],"author":[{"embeddable":true,"href":"https:\/\/www.eldigitaldeasturias.com\/noticias\/wp-json\/wp\/v2\/users\/1"}],"replies":[{"embeddable":true,"href":"https:\/\/www.eldigitaldeasturias.com\/noticias\/wp-json\/wp\/v2\/comments?post=455713"}],"version-history":[{"count":0,"href":"https:\/\/www.eldigitaldeasturias.com\/noticias\/wp-json\/wp\/v2\/posts\/455713\/revisions"}],"wp:featuredmedia":[{"embeddable":true,"href":"https:\/\/www.eldigitaldeasturias.com\/noticias\/wp-json\/wp\/v2\/media\/1132184"}],"wp:attachment":[{"href":"https:\/\/www.eldigitaldeasturias.com\/noticias\/wp-json\/wp\/v2\/media?parent=455713"}],"wp:term":[{"taxonomy":"category","embeddable":true,"href":"https:\/\/www.eldigitaldeasturias.com\/noticias\/wp-json\/wp\/v2\/categories?post=455713"},{"taxonomy":"post_tag","embeddable":true,"href":"https:\/\/www.eldigitaldeasturias.com\/noticias\/wp-json\/wp\/v2\/tags?post=455713"}],"curies":[{"name":"wp","href":"https:\/\/api.w.org\/{rel}","templated":true}]}}