{"id":455711,"date":"2013-11-29T16:17:25","date_gmt":"2013-11-29T17:17:25","guid":{"rendered":"http:\/\/www.eldigitaldeasturias.com\/noticias\/?p=455711"},"modified":"2013-11-29T16:17:25","modified_gmt":"2013-11-29T17:17:25","slug":"dos-detenidos-por-retener-a-una-joven-para-explotarla-sexualmente-en-oviedo","status":"publish","type":"post","link":"https:\/\/www.eldigitaldeasturias.com\/noticias\/dos-detenidos-por-retener-a-una-joven-para-explotarla-sexualmente-en-oviedo\/","title":{"rendered":"Dos detenidos por retener a una joven para explotarla sexualmente en Oviedo"},"content":{"rendered":"<p><img loading=\"lazy\" decoding=\"async\" class=\"alignleft size-medium wp-image-717\" alt=\"policia\" src=\"https:\/\/www.eldigitaldeasturias.com\/noticias\/wp-content\/uploads\/2013\/09\/policia-360x239.jpg\" width=\"360\" height=\"239\" \/>Oviedo, 29 nov (EFE).- La Polic\u00eda Nacional ha detenido a dos personas que ten\u00edan retenida a una joven de 19 a\u00f1os con el fin de explotarla sexualmente en un club de alterne de Oviedo, informa el Cuerpo.<\/p>\n<p>La v\u00edctima se hab\u00eda trasladado de forma voluntaria a Espa\u00f1a desde su pa\u00eds de origen, Rumania, en contra de la voluntad de su familia, para vivir con su pareja sentimental, un compatriota suyo residente en Luarca a quien hab\u00eda conocido hac\u00eda dos meses a trav\u00e9s de la red social Facebook.<\/p>\n<p>Lo que la joven cre\u00eda una relaci\u00f3n de pareja pas\u00f3 a ser un estado de esclavitud sexual, en el cual carec\u00eda de toda libertad y era forzada por su supuesto novio y la familia de \u00e9ste, para que ejerciera la prostituci\u00f3n en un conocido club de alterne del centro de Oviedo.<\/p>\n<p>Esta joven estaba controlada en todo momento por uno de los dos detenidos, quienes ten\u00edan retenida su documentaci\u00f3n personal para impedir su fuga.<\/p>\n<p>La joven ten\u00eda que soportar adem\u00e1s continuas agresiones, f\u00edsicas y ps\u00edquicas, que le provocaron notables lesiones, a fin de que continuara ejerciendo la prostituci\u00f3n, e incluso para que mantuviera relaciones sexuales con su captor.<\/p>\n<p>En un descuido de sus captores, mientras se encontraban en un Centro Comercial de Oviedo, consigui\u00f3 pedir auxilio a su madre a trav\u00e9s del tel\u00e9fono m\u00f3vil que le prest\u00f3 un ciudadano.<\/p>\n<p>Su madre, residente en Italia, puso inmediatamente los hechos en conocimiento de los servicios consulares en dicho pa\u00eds, solicitando ayuda urgente para la liberaci\u00f3n de su hija.<\/p>\n<p>La Embajada de Ruman\u00eda en Italia inform\u00f3 a sus hom\u00f3logos en Espa\u00f1a, quienes a trav\u00e9s de la Agregadur\u00eda de Interior dieron cuenta de lo sucedido a las Unidades Especializadas del Cuerpo Nacional de Polic\u00eda.<\/p>\n<p>La Polic\u00eda comenz\u00f3 las investigaciones para lograr la localizaci\u00f3n y liberaci\u00f3n de la v\u00edctima, de la que se desconoc\u00eda totalmente su paradero y la filiaci\u00f3n completa de sus captores.<\/p>\n<p>La r\u00e1pida actuaci\u00f3n de los agentes permiti\u00f3 que en pocos d\u00edas se lograse localizar y liberar a la v\u00edctima y detener a los presuntos autores de los hechos, a quienes se les imputan delitos de trata de seres humanos, detenci\u00f3n ilegal, agresi\u00f3n sexual, coacciones, amenazas y prostituci\u00f3n coactiva.<\/p>\n<p>La joven liberada, que recibi\u00f3 las primeras asistencias especializadas en la Comisar\u00eda de Luarca, se encuentra actualmente asistida por una ONG especializada en este tipo de v\u00edctimas.<\/p>\n<p>En las actuaciones han intervenido el Grupo VIII de la Brigada Central Contra la Trata de Seres Humanos, el Grupo I de la Brigada Provincial de Extranjer\u00eda y Fronteras de la Jefatura de Asturias y el Grupo Operativo Local de la Comisar\u00eda de Luarca.<\/p>\n","protected":false},"excerpt":{"rendered":"<p>Oviedo, 29 nov (EFE).- La Polic\u00eda Nacional ha detenido a dos personas que ten\u00edan retenida a una joven de 19 a\u00f1os con el fin de explotarla sexualmente en un club de alterne de Oviedo, informa el Cuerpo. La v\u00edctima se hab\u00eda trasladado de forma voluntaria a Espa\u00f1a desde su pa\u00eds de origen, Rumania, en contra [&hellip;]<\/p>\n","protected":false},"author":1,"featured_media":1132184,"comment_status":"closed","ping_status":"open","sticky":false,"template":"","format":"standard","meta":{"footnotes":""},"categories":[12],"tags":[],"class_list":["post-455711","post","type-post","status-publish","format-standard","has-post-thumbnail","hentry","category-actualidad-asturias"],"aioseo_notices":[],"aioseo_head":"\n\t\t<!-- All in One SEO Pro 5.0.1 - aioseo.com -->\n\t<meta name=\"description\" content=\"Oviedo, 29 nov (EFE).- La Polic\u00eda Nacional ha detenido a dos personas que ten\u00edan retenida a una joven de 19 a\u00f1os con el fin de explotarla sexualmente en un club de alterne de Oviedo, informa el Cuerpo. La v\u00edctima se hab\u00eda trasladado de forma voluntaria a Espa\u00f1a desde su pa\u00eds de origen, Rumania, en contra\" \/>\n\t<meta name=\"robots\" content=\"max-image-preview:large\" \/>\n\t<meta name=\"author\" content=\"El Digital de Asturias\"\/>\n\t<meta name=\"google-site-verification\" content=\"UA-38556648-1\" \/>\n\t<meta name=\"msvalidate.01\" content=\"7dfe9f3f1b24437ab69f4f2559babe99\" \/>\n\t<meta name=\"keywords\" content=\"actualidad asturias\" \/>\n\t<link rel=\"canonical\" href=\"https:\/\/www.eldigitaldeasturias.com\/noticias\/dos-detenidos-por-retener-a-una-joven-para-explotarla-sexualmente-en-oviedo\/\" \/>\n\t<meta name=\"generator\" content=\"All in One SEO Pro (AIOSEO) 5.0.1\" \/>\n\t\t<meta property=\"og:locale\" content=\"es_ES\" \/>\n\t\t<meta property=\"og:site_name\" content=\"El Digital de Asturias\" \/>\n\t\t<meta property=\"og:type\" content=\"article\" \/>\n\t\t<meta property=\"og:title\" content=\"Dos detenidos por retener a una joven para explotarla sexualmente en Oviedo - El Digital de Asturias\" \/>\n\t\t<meta property=\"og:description\" content=\"Oviedo, 29 nov (EFE).- La Polic\u00eda Nacional ha detenido a dos personas que ten\u00edan retenida a una joven de 19 a\u00f1os con el fin de explotarla sexualmente en un club de alterne de Oviedo, informa el Cuerpo. La v\u00edctima se hab\u00eda trasladado de forma voluntaria a Espa\u00f1a desde su pa\u00eds de origen, Rumania, en contra\" \/>\n\t\t<meta property=\"og:url\" content=\"https:\/\/www.eldigitaldeasturias.com\/noticias\/dos-detenidos-por-retener-a-una-joven-para-explotarla-sexualmente-en-oviedo\/\" \/>\n\t\t<meta property=\"og:image\" content=\"https:\/\/www.eldigitaldeasturias.com\/noticias\/wp-content\/uploads\/2026\/06\/Contenidos.jpg\" \/>\n\t\t<meta property=\"og:image:secure_url\" content=\"https:\/\/www.eldigitaldeasturias.com\/noticias\/wp-content\/uploads\/2026\/06\/Contenidos.jpg\" \/>\n\t\t<meta property=\"og:image:width\" content=\"1265\" \/>\n\t\t<meta property=\"og:image:height\" content=\"697\" \/>\n\t\t<meta property=\"article:tag\" content=\"actualidad asturias\" \/>\n\t\t<meta property=\"article:published_time\" content=\"2013-11-29T17:17:25+00:00\" \/>\n\t\t<meta property=\"article:modified_time\" content=\"2013-11-29T17:17:25+00:00\" \/>\n\t\t<meta property=\"article:publisher\" content=\"https:\/\/facebook.com\/eldigitaldeasturias\" \/>\n\t\t<meta name=\"twitter:card\" content=\"summary_large_image\" \/>\n\t\t<meta name=\"twitter:title\" content=\"Dos detenidos por retener a una joven para explotarla sexualmente en Oviedo - El Digital de Asturias\" \/>\n\t\t<meta name=\"twitter:description\" content=\"Oviedo, 29 nov (EFE).- La Polic\u00eda Nacional ha detenido a dos personas que ten\u00edan retenida a una joven de 19 a\u00f1os con el fin de explotarla sexualmente en un club de alterne de Oviedo, informa el Cuerpo. La v\u00edctima se hab\u00eda trasladado de forma voluntaria a Espa\u00f1a desde su pa\u00eds de origen, Rumania, en contra\" \/>\n\t\t<meta name=\"twitter:image\" content=\"https:\/\/www.eldigitaldeasturias.com\/noticias\/wp-content\/uploads\/2026\/06\/Contenidos.jpg\" \/>\n\t\t<meta name=\"twitter:label1\" content=\"Escrito por\" \/>\n\t\t<meta name=\"twitter:data1\" content=\"El Digital de Asturias\" \/>\n\t\t<meta name=\"twitter:label2\" content=\"Tiempo de lectura estimado\" \/>\n\t\t<meta name=\"twitter:data2\" content=\"2 minutos\" \/>\n\t\t<script type=\"application\/ld+json\" class=\"aioseo-schema\">\n\t\t\t{\"@context\":\"https:\\\/\\\/schema.org\",\"@graph\":[{\"@type\":\"BlogPosting\",\"@id\":\"https:\\\/\\\/www.eldigitaldeasturias.com\\\/noticias\\\/dos-detenidos-por-retener-a-una-joven-para-explotarla-sexualmente-en-oviedo\\\/#blogposting\",\"name\":\"Dos detenidos por retener a una joven para explotarla sexualmente en Oviedo - El Digital de Asturias\",\"headline\":\"Dos detenidos por retener a una joven para explotarla sexualmente en Oviedo\",\"author\":{\"@id\":\"https:\\\/\\\/www.eldigitaldeasturias.com\\\/noticias\\\/author\\\/admin\\\/#author\"},\"publisher\":{\"@id\":\"https:\\\/\\\/www.eldigitaldeasturias.com\\\/noticias\\\/#organization\"},\"image\":{\"@type\":\"ImageObject\",\"url\":\"https:\\\/\\\/www.eldigitaldeasturias.com\\\/noticias\\\/wp-content\\\/uploads\\\/2026\\\/06\\\/Contenidos.jpg\",\"width\":1265,\"height\":697,\"caption\":\"Contenidos\"},\"datePublished\":\"2013-11-29T16:17:25+01:00\",\"dateModified\":\"2013-11-29T16:17:25+01:00\",\"inLanguage\":\"es-ES\",\"mainEntityOfPage\":{\"@id\":\"https:\\\/\\\/www.eldigitaldeasturias.com\\\/noticias\\\/dos-detenidos-por-retener-a-una-joven-para-explotarla-sexualmente-en-oviedo\\\/#webpage\"},\"isPartOf\":{\"@id\":\"https:\\\/\\\/www.eldigitaldeasturias.com\\\/noticias\\\/dos-detenidos-por-retener-a-una-joven-para-explotarla-sexualmente-en-oviedo\\\/#webpage\"},\"articleSection\":\"Actualidad Asturias\"},{\"@type\":\"BreadcrumbList\",\"@id\":\"https:\\\/\\\/www.eldigitaldeasturias.com\\\/noticias\\\/dos-detenidos-por-retener-a-una-joven-para-explotarla-sexualmente-en-oviedo\\\/#breadcrumblist\",\"itemListElement\":[{\"@type\":\"ListItem\",\"@id\":\"https:\\\/\\\/www.eldigitaldeasturias.com\\\/noticias#listItem\",\"position\":1,\"name\":\"Home\",\"item\":\"https:\\\/\\\/www.eldigitaldeasturias.com\\\/noticias\",\"nextItem\":{\"@type\":\"ListItem\",\"@id\":\"https:\\\/\\\/www.eldigitaldeasturias.com\\\/noticias\\\/category\\\/actualidad-asturias\\\/#listItem\",\"name\":\"Actualidad Asturias\"}},{\"@type\":\"ListItem\",\"@id\":\"https:\\\/\\\/www.eldigitaldeasturias.com\\\/noticias\\\/category\\\/actualidad-asturias\\\/#listItem\",\"position\":2,\"name\":\"Actualidad Asturias\",\"item\":\"https:\\\/\\\/www.eldigitaldeasturias.com\\\/noticias\\\/category\\\/actualidad-asturias\\\/\",\"nextItem\":{\"@type\":\"ListItem\",\"@id\":\"https:\\\/\\\/www.eldigitaldeasturias.com\\\/noticias\\\/dos-detenidos-por-retener-a-una-joven-para-explotarla-sexualmente-en-oviedo\\\/#listItem\",\"name\":\"Dos detenidos por retener a una joven para explotarla sexualmente en Oviedo\"},\"previousItem\":{\"@type\":\"ListItem\",\"@id\":\"https:\\\/\\\/www.eldigitaldeasturias.com\\\/noticias#listItem\",\"name\":\"Home\"}},{\"@type\":\"ListItem\",\"@id\":\"https:\\\/\\\/www.eldigitaldeasturias.com\\\/noticias\\\/dos-detenidos-por-retener-a-una-joven-para-explotarla-sexualmente-en-oviedo\\\/#listItem\",\"position\":3,\"name\":\"Dos detenidos por retener a una joven para explotarla sexualmente en Oviedo\",\"previousItem\":{\"@type\":\"ListItem\",\"@id\":\"https:\\\/\\\/www.eldigitaldeasturias.com\\\/noticias\\\/category\\\/actualidad-asturias\\\/#listItem\",\"name\":\"Actualidad Asturias\"}}]},{\"@type\":\"Organization\",\"@id\":\"https:\\\/\\\/www.eldigitaldeasturias.com\\\/noticias\\\/#organization\",\"name\":\"El Digital de Asturias\",\"description\":\"Hemeroteca\",\"url\":\"https:\\\/\\\/www.eldigitaldeasturias.com\\\/noticias\\\/\",\"email\":\"info@eldigitaldeasturias.com\",\"telephone\":\"+34652131393\",\"logo\":{\"@type\":\"ImageObject\",\"url\":\"https:\\\/\\\/www.eldigitaldeasturias.com\\\/noticias\\\/wp-content\\\/uploads\\\/2020\\\/12\\\/EDA.jpg\",\"@id\":\"https:\\\/\\\/www.eldigitaldeasturias.com\\\/noticias\\\/dos-detenidos-por-retener-a-una-joven-para-explotarla-sexualmente-en-oviedo\\\/#organizationLogo\"},\"image\":{\"@id\":\"https:\\\/\\\/www.eldigitaldeasturias.com\\\/noticias\\\/dos-detenidos-por-retener-a-una-joven-para-explotarla-sexualmente-en-oviedo\\\/#organizationLogo\"},\"sameAs\":[\"https:\\\/\\\/facebook.com\\\/eldigitaldeasturias\",\"https:\\\/\\\/www.youtube.com\\\/channel\\\/UCZP-2wLEB9Rv6erhFmqVnvg\"],\"address\":{\"@id\":\"https:\\\/\\\/www.eldigitaldeasturias.com\\\/noticias\\\/#postaladdress\",\"@type\":\"PostalAddress\",\"streetAddress\":\"san antonio 4\",\"postalCode\":\"33430\",\"addressLocality\":\"Cand\\u00e1s\",\"addressRegion\":\"Asturias\",\"addressCountry\":\"ES\"}},{\"@type\":\"Person\",\"@id\":\"https:\\\/\\\/www.eldigitaldeasturias.com\\\/noticias\\\/author\\\/admin\\\/#author\",\"url\":\"https:\\\/\\\/www.eldigitaldeasturias.com\\\/noticias\\\/author\\\/admin\\\/\",\"name\":\"El Digital de Asturias\",\"image\":{\"@type\":\"ImageObject\",\"@id\":\"https:\\\/\\\/www.eldigitaldeasturias.com\\\/noticias\\\/dos-detenidos-por-retener-a-una-joven-para-explotarla-sexualmente-en-oviedo\\\/#authorImage\",\"url\":\"https:\\\/\\\/secure.gravatar.com\\\/avatar\\\/df2aeffc32bcd13f8d26072ef8a91b623d677766deac7f97ca815868cd41bf5e?s=96&d=mm&r=g\",\"width\":96,\"height\":96,\"caption\":\"El Digital de Asturias\"}},{\"@type\":\"WebPage\",\"@id\":\"https:\\\/\\\/www.eldigitaldeasturias.com\\\/noticias\\\/dos-detenidos-por-retener-a-una-joven-para-explotarla-sexualmente-en-oviedo\\\/#webpage\",\"url\":\"https:\\\/\\\/www.eldigitaldeasturias.com\\\/noticias\\\/dos-detenidos-por-retener-a-una-joven-para-explotarla-sexualmente-en-oviedo\\\/\",\"name\":\"Dos detenidos por retener a una joven para explotarla sexualmente en Oviedo - El Digital de Asturias\",\"description\":\"Oviedo, 29 nov (EFE).- La Polic\\u00eda Nacional ha detenido a dos personas que ten\\u00edan retenida a una joven de 19 a\\u00f1os con el fin de explotarla sexualmente en un club de alterne de Oviedo, informa el Cuerpo. La v\\u00edctima se hab\\u00eda trasladado de forma voluntaria a Espa\\u00f1a desde su pa\\u00eds de origen, Rumania, en contra\",\"inLanguage\":\"es-ES\",\"isPartOf\":{\"@id\":\"https:\\\/\\\/www.eldigitaldeasturias.com\\\/noticias\\\/#website\"},\"breadcrumb\":{\"@id\":\"https:\\\/\\\/www.eldigitaldeasturias.com\\\/noticias\\\/dos-detenidos-por-retener-a-una-joven-para-explotarla-sexualmente-en-oviedo\\\/#breadcrumblist\"},\"author\":{\"@id\":\"https:\\\/\\\/www.eldigitaldeasturias.com\\\/noticias\\\/author\\\/admin\\\/#author\"},\"creator\":{\"@id\":\"https:\\\/\\\/www.eldigitaldeasturias.com\\\/noticias\\\/author\\\/admin\\\/#author\"},\"image\":{\"@type\":\"ImageObject\",\"url\":\"https:\\\/\\\/www.eldigitaldeasturias.com\\\/noticias\\\/wp-content\\\/uploads\\\/2026\\\/06\\\/Contenidos.jpg\",\"@id\":\"https:\\\/\\\/www.eldigitaldeasturias.com\\\/noticias\\\/dos-detenidos-por-retener-a-una-joven-para-explotarla-sexualmente-en-oviedo\\\/#mainImage\",\"width\":1265,\"height\":697,\"caption\":\"Contenidos\"},\"primaryImageOfPage\":{\"@id\":\"https:\\\/\\\/www.eldigitaldeasturias.com\\\/noticias\\\/dos-detenidos-por-retener-a-una-joven-para-explotarla-sexualmente-en-oviedo\\\/#mainImage\"},\"datePublished\":\"2013-11-29T16:17:25+01:00\",\"dateModified\":\"2013-11-29T16:17:25+01:00\"},{\"@type\":\"WebSite\",\"@id\":\"https:\\\/\\\/www.eldigitaldeasturias.com\\\/noticias\\\/#website\",\"url\":\"https:\\\/\\\/www.eldigitaldeasturias.com\\\/noticias\\\/\",\"name\":\"El Digital de Asturias - Diario de actualidad y noticias\",\"alternateName\":\"El Digital de Asturias - Diario de actualidad y noticias\",\"description\":\"Hemeroteca\",\"inLanguage\":\"es-ES\",\"publisher\":{\"@id\":\"https:\\\/\\\/www.eldigitaldeasturias.com\\\/noticias\\\/#organization\"}}]}\n\t\t<\/script>\n\t\t<!-- All in One SEO Pro -->\r\n\t\t<title>Dos detenidos por retener a una joven para explotarla sexualmente en Oviedo - El Digital de Asturias<\/title>\n\n","aioseo_head_json":{"title":"Dos detenidos por retener a una joven para explotarla sexualmente en Oviedo - El Digital de Asturias","description":"Oviedo, 29 nov (EFE).- La Polic\u00eda Nacional ha detenido a dos personas que ten\u00edan retenida a una joven de 19 a\u00f1os con el fin de explotarla sexualmente en un club de alterne de Oviedo, informa el Cuerpo. La v\u00edctima se hab\u00eda trasladado de forma voluntaria a Espa\u00f1a desde su pa\u00eds de origen, Rumania, en contra","canonical_url":"https:\/\/www.eldigitaldeasturias.com\/noticias\/dos-detenidos-por-retener-a-una-joven-para-explotarla-sexualmente-en-oviedo\/","robots":"max-image-preview:large","keywords":"actualidad asturias","webmasterTools":{"google-site-verification":"UA-38556648-1","msvalidate.01":"7dfe9f3f1b24437ab69f4f2559babe99","miscellaneous":""},"schema":{"@context":"https:\/\/schema.org","@graph":[{"@type":"BlogPosting","@id":"https:\/\/www.eldigitaldeasturias.com\/noticias\/dos-detenidos-por-retener-a-una-joven-para-explotarla-sexualmente-en-oviedo\/#blogposting","name":"Dos detenidos por retener a una joven para explotarla sexualmente en Oviedo - El Digital de Asturias","headline":"Dos detenidos por retener a una joven para explotarla sexualmente en Oviedo","author":{"@id":"https:\/\/www.eldigitaldeasturias.com\/noticias\/author\/admin\/#author"},"publisher":{"@id":"https:\/\/www.eldigitaldeasturias.com\/noticias\/#organization"},"image":{"@type":"ImageObject","url":"https:\/\/www.eldigitaldeasturias.com\/noticias\/wp-content\/uploads\/2026\/06\/Contenidos.jpg","width":1265,"height":697,"caption":"Contenidos"},"datePublished":"2013-11-29T16:17:25+01:00","dateModified":"2013-11-29T16:17:25+01:00","inLanguage":"es-ES","mainEntityOfPage":{"@id":"https:\/\/www.eldigitaldeasturias.com\/noticias\/dos-detenidos-por-retener-a-una-joven-para-explotarla-sexualmente-en-oviedo\/#webpage"},"isPartOf":{"@id":"https:\/\/www.eldigitaldeasturias.com\/noticias\/dos-detenidos-por-retener-a-una-joven-para-explotarla-sexualmente-en-oviedo\/#webpage"},"articleSection":"Actualidad Asturias"},{"@type":"BreadcrumbList","@id":"https:\/\/www.eldigitaldeasturias.com\/noticias\/dos-detenidos-por-retener-a-una-joven-para-explotarla-sexualmente-en-oviedo\/#breadcrumblist","itemListElement":[{"@type":"ListItem","@id":"https:\/\/www.eldigitaldeasturias.com\/noticias#listItem","position":1,"name":"Home","item":"https:\/\/www.eldigitaldeasturias.com\/noticias","nextItem":{"@type":"ListItem","@id":"https:\/\/www.eldigitaldeasturias.com\/noticias\/category\/actualidad-asturias\/#listItem","name":"Actualidad Asturias"}},{"@type":"ListItem","@id":"https:\/\/www.eldigitaldeasturias.com\/noticias\/category\/actualidad-asturias\/#listItem","position":2,"name":"Actualidad Asturias","item":"https:\/\/www.eldigitaldeasturias.com\/noticias\/category\/actualidad-asturias\/","nextItem":{"@type":"ListItem","@id":"https:\/\/www.eldigitaldeasturias.com\/noticias\/dos-detenidos-por-retener-a-una-joven-para-explotarla-sexualmente-en-oviedo\/#listItem","name":"Dos detenidos por retener a una joven para explotarla sexualmente en Oviedo"},"previousItem":{"@type":"ListItem","@id":"https:\/\/www.eldigitaldeasturias.com\/noticias#listItem","name":"Home"}},{"@type":"ListItem","@id":"https:\/\/www.eldigitaldeasturias.com\/noticias\/dos-detenidos-por-retener-a-una-joven-para-explotarla-sexualmente-en-oviedo\/#listItem","position":3,"name":"Dos detenidos por retener a una joven para explotarla sexualmente en Oviedo","previousItem":{"@type":"ListItem","@id":"https:\/\/www.eldigitaldeasturias.com\/noticias\/category\/actualidad-asturias\/#listItem","name":"Actualidad Asturias"}}]},{"@type":"Organization","@id":"https:\/\/www.eldigitaldeasturias.com\/noticias\/#organization","name":"El Digital de Asturias","description":"Hemeroteca","url":"https:\/\/www.eldigitaldeasturias.com\/noticias\/","email":"info@eldigitaldeasturias.com","telephone":"+34652131393","logo":{"@type":"ImageObject","url":"https:\/\/www.eldigitaldeasturias.com\/noticias\/wp-content\/uploads\/2020\/12\/EDA.jpg","@id":"https:\/\/www.eldigitaldeasturias.com\/noticias\/dos-detenidos-por-retener-a-una-joven-para-explotarla-sexualmente-en-oviedo\/#organizationLogo"},"image":{"@id":"https:\/\/www.eldigitaldeasturias.com\/noticias\/dos-detenidos-por-retener-a-una-joven-para-explotarla-sexualmente-en-oviedo\/#organizationLogo"},"sameAs":["https:\/\/facebook.com\/eldigitaldeasturias","https:\/\/www.youtube.com\/channel\/UCZP-2wLEB9Rv6erhFmqVnvg"],"address":{"@id":"https:\/\/www.eldigitaldeasturias.com\/noticias\/#postaladdress","@type":"PostalAddress","streetAddress":"san antonio 4","postalCode":"33430","addressLocality":"Cand\u00e1s","addressRegion":"Asturias","addressCountry":"ES"}},{"@type":"Person","@id":"https:\/\/www.eldigitaldeasturias.com\/noticias\/author\/admin\/#author","url":"https:\/\/www.eldigitaldeasturias.com\/noticias\/author\/admin\/","name":"El Digital de Asturias","image":{"@type":"ImageObject","@id":"https:\/\/www.eldigitaldeasturias.com\/noticias\/dos-detenidos-por-retener-a-una-joven-para-explotarla-sexualmente-en-oviedo\/#authorImage","url":"https:\/\/secure.gravatar.com\/avatar\/df2aeffc32bcd13f8d26072ef8a91b623d677766deac7f97ca815868cd41bf5e?s=96&d=mm&r=g","width":96,"height":96,"caption":"El Digital de Asturias"}},{"@type":"WebPage","@id":"https:\/\/www.eldigitaldeasturias.com\/noticias\/dos-detenidos-por-retener-a-una-joven-para-explotarla-sexualmente-en-oviedo\/#webpage","url":"https:\/\/www.eldigitaldeasturias.com\/noticias\/dos-detenidos-por-retener-a-una-joven-para-explotarla-sexualmente-en-oviedo\/","name":"Dos detenidos por retener a una joven para explotarla sexualmente en Oviedo - El Digital de Asturias","description":"Oviedo, 29 nov (EFE).- La Polic\u00eda Nacional ha detenido a dos personas que ten\u00edan retenida a una joven de 19 a\u00f1os con el fin de explotarla sexualmente en un club de alterne de Oviedo, informa el Cuerpo. La v\u00edctima se hab\u00eda trasladado de forma voluntaria a Espa\u00f1a desde su pa\u00eds de origen, Rumania, en contra","inLanguage":"es-ES","isPartOf":{"@id":"https:\/\/www.eldigitaldeasturias.com\/noticias\/#website"},"breadcrumb":{"@id":"https:\/\/www.eldigitaldeasturias.com\/noticias\/dos-detenidos-por-retener-a-una-joven-para-explotarla-sexualmente-en-oviedo\/#breadcrumblist"},"author":{"@id":"https:\/\/www.eldigitaldeasturias.com\/noticias\/author\/admin\/#author"},"creator":{"@id":"https:\/\/www.eldigitaldeasturias.com\/noticias\/author\/admin\/#author"},"image":{"@type":"ImageObject","url":"https:\/\/www.eldigitaldeasturias.com\/noticias\/wp-content\/uploads\/2026\/06\/Contenidos.jpg","@id":"https:\/\/www.eldigitaldeasturias.com\/noticias\/dos-detenidos-por-retener-a-una-joven-para-explotarla-sexualmente-en-oviedo\/#mainImage","width":1265,"height":697,"caption":"Contenidos"},"primaryImageOfPage":{"@id":"https:\/\/www.eldigitaldeasturias.com\/noticias\/dos-detenidos-por-retener-a-una-joven-para-explotarla-sexualmente-en-oviedo\/#mainImage"},"datePublished":"2013-11-29T16:17:25+01:00","dateModified":"2013-11-29T16:17:25+01:00"},{"@type":"WebSite","@id":"https:\/\/www.eldigitaldeasturias.com\/noticias\/#website","url":"https:\/\/www.eldigitaldeasturias.com\/noticias\/","name":"El Digital de Asturias - Diario de actualidad y noticias","alternateName":"El Digital de Asturias - Diario de actualidad y noticias","description":"Hemeroteca","inLanguage":"es-ES","publisher":{"@id":"https:\/\/www.eldigitaldeasturias.com\/noticias\/#organization"}}]},"og:locale":"es_ES","og:site_name":"El Digital de Asturias","og:type":"article","og:title":"Dos detenidos por retener a una joven para explotarla sexualmente en Oviedo - El Digital de Asturias","og:description":"Oviedo, 29 nov (EFE).- La Polic\u00eda Nacional ha detenido a dos personas que ten\u00edan retenida a una joven de 19 a\u00f1os con el fin de explotarla sexualmente en un club de alterne de Oviedo, informa el Cuerpo. La v\u00edctima se hab\u00eda trasladado de forma voluntaria a Espa\u00f1a desde su pa\u00eds de origen, Rumania, en contra","og:url":"https:\/\/www.eldigitaldeasturias.com\/noticias\/dos-detenidos-por-retener-a-una-joven-para-explotarla-sexualmente-en-oviedo\/","og:image":"https:\/\/www.eldigitaldeasturias.com\/noticias\/wp-content\/uploads\/2026\/06\/Contenidos.jpg","og:image:secure_url":"https:\/\/www.eldigitaldeasturias.com\/noticias\/wp-content\/uploads\/2026\/06\/Contenidos.jpg","og:image:width":1265,"og:image:height":697,"article:tag":["actualidad asturias"],"article:published_time":"2013-11-29T17:17:25+00:00","article:modified_time":"2013-11-29T17:17:25+00:00","article:publisher":"https:\/\/facebook.com\/eldigitaldeasturias","twitter:card":"summary_large_image","twitter:title":"Dos detenidos por retener a una joven para explotarla sexualmente en Oviedo - El Digital de Asturias","twitter:description":"Oviedo, 29 nov (EFE).- La Polic\u00eda Nacional ha detenido a dos personas que ten\u00edan retenida a una joven de 19 a\u00f1os con el fin de explotarla sexualmente en un club de alterne de Oviedo, informa el Cuerpo. La v\u00edctima se hab\u00eda trasladado de forma voluntaria a Espa\u00f1a desde su pa\u00eds de origen, Rumania, en contra","twitter:image":"https:\/\/www.eldigitaldeasturias.com\/noticias\/wp-content\/uploads\/2026\/06\/Contenidos.jpg","twitter:label1":"Escrito por","twitter:data1":"El Digital de Asturias","twitter:label2":"Tiempo de lectura estimado","twitter:data2":"2 minutos"},"aioseo_meta_data":{"post_id":"455711","title":null,"description":null,"keywords":null,"keyphrases":null,"primary_term":null,"canonical_url":null,"og_title":null,"og_description":null,"og_object_type":"default","og_image_type":"default","og_image_url":null,"og_image_width":null,"og_image_height":null,"og_image_custom_url":null,"og_image_custom_fields":null,"og_video":null,"og_custom_url":null,"og_article_section":null,"og_article_tags":null,"twitter_use_og":true,"twitter_card":"default","twitter_image_type":"default","twitter_image_url":null,"twitter_image_custom_url":null,"twitter_image_custom_fields":null,"twitter_title":null,"twitter_description":null,"schema":{"blockGraphs":[],"customGraphs":[],"default":{"data":{"Article":[],"Course":[],"Dataset":[],"FAQPage":[],"Movie":[],"Person":[],"Product":[],"ProductReview":[],"Car":[],"Recipe":[],"Service":[],"SoftwareApplication":[],"WebPage":[]},"graphName":"","isEnabled":true},"graphs":[],"defaultGraph":"","defaultPostTypeGraph":""},"schema_type":null,"schema_type_options":null,"pillar_content":false,"robots_default":true,"robots_noindex":false,"robots_noarchive":false,"robots_nosnippet":false,"robots_nofollow":false,"robots_noimageindex":false,"robots_noodp":false,"robots_notranslate":false,"robots_max_snippet":null,"robots_max_videopreview":null,"robots_max_imagepreview":"none","priority":null,"frequency":null,"local_seo":null,"seo_analyzer_scan_date":"2026-05-29 19:18:57","breadcrumb_settings":null,"limit_modified_date":false,"open_ai":null,"ai":null,"created":"2020-11-14 22:45:21","updated":"2026-05-29 19:18:57","focus_keyword":null,"additional_keywords":null,"truseo_locale":null},"aioseo_breadcrumb":"<div class=\"aioseo-breadcrumbs\"><span class=\"aioseo-breadcrumb\">\n\t<a href=\"https:\/\/www.eldigitaldeasturias.com\/noticias\" title=\"Home\">Home<\/a>\n<\/span><span class=\"aioseo-breadcrumb-separator\">\u2013<\/span><span class=\"aioseo-breadcrumb\">\n\t<a href=\"https:\/\/www.eldigitaldeasturias.com\/noticias\/category\/actualidad-asturias\/\" title=\"Actualidad Asturias\">Actualidad Asturias<\/a>\n<\/span><span class=\"aioseo-breadcrumb-separator\">\u2013<\/span><span class=\"aioseo-breadcrumb\">\n\t<a href=\"https:\/\/www.eldigitaldeasturias.com\/noticias\/dos-detenidos-por-retener-a-una-joven-para-explotarla-sexualmente-en-oviedo\/\" title=\"Dos detenidos por retener a una joven para explotarla sexualmente en Oviedo\">Dos detenidos por retener a una joven para explotarla sexualmente en Oviedo<\/a>\n<\/span><\/div>","aioseo_breadcrumb_json":[{"label":"Home","link":"https:\/\/www.eldigitaldeasturias.com\/noticias"},{"label":"Actualidad Asturias","link":"https:\/\/www.eldigitaldeasturias.com\/noticias\/category\/actualidad-asturias\/"},{"label":"Dos detenidos por retener a una joven para explotarla sexualmente en Oviedo","link":"https:\/\/www.eldigitaldeasturias.com\/noticias\/dos-detenidos-por-retener-a-una-joven-para-explotarla-sexualmente-en-oviedo\/"}],"_links":{"self":[{"href":"https:\/\/www.eldigitaldeasturias.com\/noticias\/wp-json\/wp\/v2\/posts\/455711","targetHints":{"allow":["GET"]}}],"collection":[{"href":"https:\/\/www.eldigitaldeasturias.com\/noticias\/wp-json\/wp\/v2\/posts"}],"about":[{"href":"https:\/\/www.eldigitaldeasturias.com\/noticias\/wp-json\/wp\/v2\/types\/post"}],"author":[{"embeddable":true,"href":"https:\/\/www.eldigitaldeasturias.com\/noticias\/wp-json\/wp\/v2\/users\/1"}],"replies":[{"embeddable":true,"href":"https:\/\/www.eldigitaldeasturias.com\/noticias\/wp-json\/wp\/v2\/comments?post=455711"}],"version-history":[{"count":0,"href":"https:\/\/www.eldigitaldeasturias.com\/noticias\/wp-json\/wp\/v2\/posts\/455711\/revisions"}],"wp:featuredmedia":[{"embeddable":true,"href":"https:\/\/www.eldigitaldeasturias.com\/noticias\/wp-json\/wp\/v2\/media\/1132184"}],"wp:attachment":[{"href":"https:\/\/www.eldigitaldeasturias.com\/noticias\/wp-json\/wp\/v2\/media?parent=455711"}],"wp:term":[{"taxonomy":"category","embeddable":true,"href":"https:\/\/www.eldigitaldeasturias.com\/noticias\/wp-json\/wp\/v2\/categories?post=455711"},{"taxonomy":"post_tag","embeddable":true,"href":"https:\/\/www.eldigitaldeasturias.com\/noticias\/wp-json\/wp\/v2\/tags?post=455711"}],"curies":[{"name":"wp","href":"https:\/\/api.w.org\/{rel}","templated":true}]}}