{"id":455707,"date":"2013-11-29T16:01:24","date_gmt":"2013-11-29T17:01:24","guid":{"rendered":"http:\/\/www.eldigitaldeasturias.com\/noticias\/?p=455707"},"modified":"2013-11-29T16:01:24","modified_gmt":"2013-11-29T17:01:24","slug":"detenida-una-joven-de-32-anos-en-oviedo-como-autora-de-varios-robos-con-violencia","status":"publish","type":"post","link":"https:\/\/www.eldigitaldeasturias.com\/noticias\/detenida-una-joven-de-32-anos-en-oviedo-como-autora-de-varios-robos-con-violencia\/","title":{"rendered":"Detenida una joven de 32 a\u00f1os en Oviedo como autora de varios robos con violencia"},"content":{"rendered":"<p><img loading=\"lazy\" decoding=\"async\" class=\"alignleft size-medium wp-image-455587\" alt=\"policia\" src=\"https:\/\/www.eldigitaldeasturias.com\/noticias\/wp-content\/uploads\/2013\/11\/policia-360x226.jpg\" width=\"360\" height=\"226\" \/>Oviedo, 29 nov (EFE).- Agentes de las Polic\u00eda Nacional han detenido a una joven, de 32 a\u00f1os acusada de ser la supuesta autora de varios robos con violencia registrados en Oviedo, informa el Cuerpo.<\/p>\n<p>El primero de los casos por lo que se la acusa es un robo cometido sobre una anciana de 83 a\u00f1os que denunci\u00f3 haber sido robada por \u00abuna joven gitana de acento extranjero\u00bb cuando ambas se encontraban en el ascensor de su domicilio, cerca de la calle General Elorza, en el barrio de Pumar\u00edn.<\/p>\n<p>El relato policial apunta que el pasado d\u00eda 11 de noviembre, cuando una se\u00f1ora mayor estaba intentando abrir la puerta de la calle del inmueble donde vive y, entonces, se le acerc\u00f3 una joven que al parecer hablaba espa\u00f1ol con dificultad.<\/p>\n<p>Una vecina del edificio que llegaba en ese momento abri\u00f3 la puerta y las tres entraron y tomaron el ascensor.<\/p>\n<p>Cuando se baj\u00f3 la anciana, tambi\u00e9n lo hizo la joven, mientras que la otra vecina continu\u00f3 a un piso superior, pero al salir del ascensor oy\u00f3 gritos de auxilio, por lo que baj\u00f3 r\u00e1pidamente por las escaleras.<\/p>\n<p>La vecina pudo comprobar que a la anciana le hab\u00eda arrancado una cadena de oro y una medalla que llevaba al cuello.<\/p>\n<p>Los investigadores conocieron la identidad de la detenida por la aportaci\u00f3n de los testigos que se\u00f1alaron que la supuesta autora de los hechos llevaba un aparato para sordos en una oreja.<\/p>\n<p>La detenida fue reconocida en un reconocimiento fotogr\u00e1fico y tambi\u00e9n por ser la supuesta autora de otro robo con violencia, en este caso en la Estaci\u00f3n de FEVE de Parque Principado, cuando se acerc\u00f3 a una joven y le pidi\u00f3 dinero para poder coger el tren.<\/p>\n<p>La joven sac\u00f3 la cartera del bolso para darle algo, incluso le lleg\u00f3 a ofrecer su propio billete, pero la joven le contest\u00f3 que quer\u00eda dinero.<\/p>\n<p>Cuando comenz\u00f3 a abrir la cartera le dio un empuj\u00f3n y se la arrebat\u00f3 de las manos para a continuaci\u00f3n salir corriendo.<\/p>\n<p>La v\u00edctima la sigui\u00f3 y entonces, cuando ya casi le hab\u00eda dado alcance, la detenida la amenaz\u00f3, y de un fuerte empuj\u00f3n la tir\u00f3 a las v\u00edas, alej\u00e1ndose r\u00e1pidamente a la zona donde vive, a pocos metros de la zona, en el Cascayu.<\/p>\n<p>En este caso fue reconocida por la v\u00edctima y por las grabaciones de las c\u00e1maras de seguridad de FEVE.<\/p>\n<p>La cartera que rob\u00f3 conten\u00eda 250 euros.<\/p>\n<p>Un tercer caso de robo con violencia, en el que tambi\u00e9n fue reconocida por la v\u00edctima mediante composici\u00f3n fotogr\u00e1fica, tuvo lugar cuando amenaz\u00f3 a la v\u00edctima, la tir\u00f3 al suelo y le arrebat\u00f3 las joyas que portaba.<\/p>\n<p>Los investigadores consiguieron averiguar siete ventas de joyas, la \u00faltima la de la anciana de la zona de Pumar\u00edn, consiguiendo recuperar lo robado y devuelto a su propietaria.<\/p>\n<p>La joven, de 32 a\u00f1os, que act\u00faa generalmente en la zona centro, suele acercarse a personas mayores a las que ofrece sus servicios y a las que sustrae carteras, relojes y joyas.<\/p>\n<p>La Polic\u00eda se\u00f1ala que la joven suele comportarse en un principio muy amable, pero en el momento de perpetrar los robos se muestra muy violenta.<\/p>\n<p>Tiene numerosos antecedentes policiales y la mayor\u00eda de los d\u00edas comete alg\u00fan robo o hurto en la ciudad<\/p>\n","protected":false},"excerpt":{"rendered":"<p>Oviedo, 29 nov (EFE).- Agentes de las Polic\u00eda Nacional han detenido a una joven, de 32 a\u00f1os acusada de ser la supuesta autora de varios robos con violencia registrados en Oviedo, informa el Cuerpo. El primero de los casos por lo que se la acusa es un robo cometido sobre una anciana de 83 a\u00f1os [&hellip;]<\/p>\n","protected":false},"author":1,"featured_media":455587,"comment_status":"closed","ping_status":"open","sticky":false,"template":"","format":"standard","meta":{"footnotes":""},"categories":[12],"tags":[],"class_list":["post-455707","post","type-post","status-publish","format-standard","has-post-thumbnail","hentry","category-actualidad-asturias"],"aioseo_notices":[],"aioseo_head":"\n\t\t<!-- All in One SEO Pro 5.0.1 - aioseo.com -->\n\t<meta name=\"description\" content=\"Oviedo, 29 nov (EFE).- Agentes de las Polic\u00eda Nacional han detenido a una joven, de 32 a\u00f1os acusada de ser la supuesta autora de varios robos con violencia registrados en Oviedo, informa el Cuerpo. El primero de los casos por lo que se la acusa es un robo cometido sobre una anciana de 83 a\u00f1os\" \/>\n\t<meta name=\"robots\" content=\"max-image-preview:large\" \/>\n\t<meta name=\"author\" content=\"El Digital de Asturias\"\/>\n\t<meta name=\"google-site-verification\" content=\"UA-38556648-1\" \/>\n\t<meta name=\"msvalidate.01\" content=\"7dfe9f3f1b24437ab69f4f2559babe99\" \/>\n\t<meta name=\"keywords\" content=\"actualidad asturias\" \/>\n\t<link rel=\"canonical\" href=\"https:\/\/www.eldigitaldeasturias.com\/noticias\/detenida-una-joven-de-32-anos-en-oviedo-como-autora-de-varios-robos-con-violencia\/\" \/>\n\t<meta name=\"generator\" content=\"All in One SEO Pro (AIOSEO) 5.0.1\" \/>\n\t\t<meta property=\"og:locale\" content=\"es_ES\" \/>\n\t\t<meta property=\"og:site_name\" content=\"El Digital de Asturias\" \/>\n\t\t<meta property=\"og:type\" content=\"article\" \/>\n\t\t<meta property=\"og:title\" content=\"Detenida una joven de 32 a\u00f1os en Oviedo como autora de varios robos con violencia - El Digital de Asturias\" \/>\n\t\t<meta property=\"og:description\" content=\"Oviedo, 29 nov (EFE).- Agentes de las Polic\u00eda Nacional han detenido a una joven, de 32 a\u00f1os acusada de ser la supuesta autora de varios robos con violencia registrados en Oviedo, informa el Cuerpo. El primero de los casos por lo que se la acusa es un robo cometido sobre una anciana de 83 a\u00f1os\" \/>\n\t\t<meta property=\"og:url\" content=\"https:\/\/www.eldigitaldeasturias.com\/noticias\/detenida-una-joven-de-32-anos-en-oviedo-como-autora-de-varios-robos-con-violencia\/\" \/>\n\t\t<meta property=\"article:tag\" content=\"actualidad asturias\" \/>\n\t\t<meta property=\"article:published_time\" content=\"2013-11-29T17:01:24+00:00\" \/>\n\t\t<meta property=\"article:modified_time\" content=\"2013-11-29T17:01:24+00:00\" \/>\n\t\t<meta property=\"article:publisher\" content=\"https:\/\/facebook.com\/eldigitaldeasturias\" \/>\n\t\t<meta name=\"twitter:card\" content=\"summary_large_image\" \/>\n\t\t<meta name=\"twitter:title\" content=\"Detenida una joven de 32 a\u00f1os en Oviedo como autora de varios robos con violencia - El Digital de Asturias\" \/>\n\t\t<meta name=\"twitter:description\" content=\"Oviedo, 29 nov (EFE).- Agentes de las Polic\u00eda Nacional han detenido a una joven, de 32 a\u00f1os acusada de ser la supuesta autora de varios robos con violencia registrados en Oviedo, informa el Cuerpo. El primero de los casos por lo que se la acusa es un robo cometido sobre una anciana de 83 a\u00f1os\" \/>\n\t\t<meta name=\"twitter:label1\" content=\"Escrito por\" \/>\n\t\t<meta name=\"twitter:data1\" content=\"El Digital de Asturias\" \/>\n\t\t<meta name=\"twitter:label2\" content=\"Tiempo de lectura estimado\" \/>\n\t\t<meta name=\"twitter:data2\" content=\"3 minutos\" \/>\n\t\t<script type=\"application\/ld+json\" class=\"aioseo-schema\">\n\t\t\t{\"@context\":\"https:\\\/\\\/schema.org\",\"@graph\":[{\"@type\":\"BlogPosting\",\"@id\":\"https:\\\/\\\/www.eldigitaldeasturias.com\\\/noticias\\\/detenida-una-joven-de-32-anos-en-oviedo-como-autora-de-varios-robos-con-violencia\\\/#blogposting\",\"name\":\"Detenida una joven de 32 a\\u00f1os en Oviedo como autora de varios robos con violencia - El Digital de Asturias\",\"headline\":\"Detenida una joven de 32 a\\u00f1os en Oviedo como autora de varios robos con violencia\",\"author\":{\"@id\":\"https:\\\/\\\/www.eldigitaldeasturias.com\\\/noticias\\\/author\\\/admin\\\/#author\"},\"publisher\":{\"@id\":\"https:\\\/\\\/www.eldigitaldeasturias.com\\\/noticias\\\/#organization\"},\"image\":{\"@type\":\"ImageObject\",\"url\":455587},\"datePublished\":\"2013-11-29T16:01:24+01:00\",\"dateModified\":\"2013-11-29T16:01:24+01:00\",\"inLanguage\":\"es-ES\",\"mainEntityOfPage\":{\"@id\":\"https:\\\/\\\/www.eldigitaldeasturias.com\\\/noticias\\\/detenida-una-joven-de-32-anos-en-oviedo-como-autora-de-varios-robos-con-violencia\\\/#webpage\"},\"isPartOf\":{\"@id\":\"https:\\\/\\\/www.eldigitaldeasturias.com\\\/noticias\\\/detenida-una-joven-de-32-anos-en-oviedo-como-autora-de-varios-robos-con-violencia\\\/#webpage\"},\"articleSection\":\"Actualidad Asturias\"},{\"@type\":\"BreadcrumbList\",\"@id\":\"https:\\\/\\\/www.eldigitaldeasturias.com\\\/noticias\\\/detenida-una-joven-de-32-anos-en-oviedo-como-autora-de-varios-robos-con-violencia\\\/#breadcrumblist\",\"itemListElement\":[{\"@type\":\"ListItem\",\"@id\":\"https:\\\/\\\/www.eldigitaldeasturias.com\\\/noticias#listItem\",\"position\":1,\"name\":\"Home\",\"item\":\"https:\\\/\\\/www.eldigitaldeasturias.com\\\/noticias\",\"nextItem\":{\"@type\":\"ListItem\",\"@id\":\"https:\\\/\\\/www.eldigitaldeasturias.com\\\/noticias\\\/category\\\/actualidad-asturias\\\/#listItem\",\"name\":\"Actualidad Asturias\"}},{\"@type\":\"ListItem\",\"@id\":\"https:\\\/\\\/www.eldigitaldeasturias.com\\\/noticias\\\/category\\\/actualidad-asturias\\\/#listItem\",\"position\":2,\"name\":\"Actualidad Asturias\",\"item\":\"https:\\\/\\\/www.eldigitaldeasturias.com\\\/noticias\\\/category\\\/actualidad-asturias\\\/\",\"nextItem\":{\"@type\":\"ListItem\",\"@id\":\"https:\\\/\\\/www.eldigitaldeasturias.com\\\/noticias\\\/detenida-una-joven-de-32-anos-en-oviedo-como-autora-de-varios-robos-con-violencia\\\/#listItem\",\"name\":\"Detenida una joven de 32 a\\u00f1os en Oviedo como autora de varios robos con violencia\"},\"previousItem\":{\"@type\":\"ListItem\",\"@id\":\"https:\\\/\\\/www.eldigitaldeasturias.com\\\/noticias#listItem\",\"name\":\"Home\"}},{\"@type\":\"ListItem\",\"@id\":\"https:\\\/\\\/www.eldigitaldeasturias.com\\\/noticias\\\/detenida-una-joven-de-32-anos-en-oviedo-como-autora-de-varios-robos-con-violencia\\\/#listItem\",\"position\":3,\"name\":\"Detenida una joven de 32 a\\u00f1os en Oviedo como autora de varios robos con violencia\",\"previousItem\":{\"@type\":\"ListItem\",\"@id\":\"https:\\\/\\\/www.eldigitaldeasturias.com\\\/noticias\\\/category\\\/actualidad-asturias\\\/#listItem\",\"name\":\"Actualidad Asturias\"}}]},{\"@type\":\"Organization\",\"@id\":\"https:\\\/\\\/www.eldigitaldeasturias.com\\\/noticias\\\/#organization\",\"name\":\"El Digital de Asturias\",\"description\":\"Hemeroteca\",\"url\":\"https:\\\/\\\/www.eldigitaldeasturias.com\\\/noticias\\\/\",\"email\":\"info@eldigitaldeasturias.com\",\"telephone\":\"+34652131393\",\"logo\":{\"@type\":\"ImageObject\",\"url\":\"https:\\\/\\\/www.eldigitaldeasturias.com\\\/noticias\\\/wp-content\\\/uploads\\\/2020\\\/12\\\/EDA.jpg\",\"@id\":\"https:\\\/\\\/www.eldigitaldeasturias.com\\\/noticias\\\/detenida-una-joven-de-32-anos-en-oviedo-como-autora-de-varios-robos-con-violencia\\\/#organizationLogo\"},\"image\":{\"@id\":\"https:\\\/\\\/www.eldigitaldeasturias.com\\\/noticias\\\/detenida-una-joven-de-32-anos-en-oviedo-como-autora-de-varios-robos-con-violencia\\\/#organizationLogo\"},\"sameAs\":[\"https:\\\/\\\/facebook.com\\\/eldigitaldeasturias\",\"https:\\\/\\\/www.youtube.com\\\/channel\\\/UCZP-2wLEB9Rv6erhFmqVnvg\"],\"address\":{\"@id\":\"https:\\\/\\\/www.eldigitaldeasturias.com\\\/noticias\\\/#postaladdress\",\"@type\":\"PostalAddress\",\"streetAddress\":\"san antonio 4\",\"postalCode\":\"33430\",\"addressLocality\":\"Cand\\u00e1s\",\"addressRegion\":\"Asturias\",\"addressCountry\":\"ES\"}},{\"@type\":\"Person\",\"@id\":\"https:\\\/\\\/www.eldigitaldeasturias.com\\\/noticias\\\/author\\\/admin\\\/#author\",\"url\":\"https:\\\/\\\/www.eldigitaldeasturias.com\\\/noticias\\\/author\\\/admin\\\/\",\"name\":\"El Digital de Asturias\",\"image\":{\"@type\":\"ImageObject\",\"@id\":\"https:\\\/\\\/www.eldigitaldeasturias.com\\\/noticias\\\/detenida-una-joven-de-32-anos-en-oviedo-como-autora-de-varios-robos-con-violencia\\\/#authorImage\",\"url\":\"https:\\\/\\\/secure.gravatar.com\\\/avatar\\\/df2aeffc32bcd13f8d26072ef8a91b623d677766deac7f97ca815868cd41bf5e?s=96&d=mm&r=g\",\"width\":96,\"height\":96,\"caption\":\"El Digital de Asturias\"}},{\"@type\":\"WebPage\",\"@id\":\"https:\\\/\\\/www.eldigitaldeasturias.com\\\/noticias\\\/detenida-una-joven-de-32-anos-en-oviedo-como-autora-de-varios-robos-con-violencia\\\/#webpage\",\"url\":\"https:\\\/\\\/www.eldigitaldeasturias.com\\\/noticias\\\/detenida-una-joven-de-32-anos-en-oviedo-como-autora-de-varios-robos-con-violencia\\\/\",\"name\":\"Detenida una joven de 32 a\\u00f1os en Oviedo como autora de varios robos con violencia - El Digital de Asturias\",\"description\":\"Oviedo, 29 nov (EFE).- Agentes de las Polic\\u00eda Nacional han detenido a una joven, de 32 a\\u00f1os acusada de ser la supuesta autora de varios robos con violencia registrados en Oviedo, informa el Cuerpo. El primero de los casos por lo que se la acusa es un robo cometido sobre una anciana de 83 a\\u00f1os\",\"inLanguage\":\"es-ES\",\"isPartOf\":{\"@id\":\"https:\\\/\\\/www.eldigitaldeasturias.com\\\/noticias\\\/#website\"},\"breadcrumb\":{\"@id\":\"https:\\\/\\\/www.eldigitaldeasturias.com\\\/noticias\\\/detenida-una-joven-de-32-anos-en-oviedo-como-autora-de-varios-robos-con-violencia\\\/#breadcrumblist\"},\"author\":{\"@id\":\"https:\\\/\\\/www.eldigitaldeasturias.com\\\/noticias\\\/author\\\/admin\\\/#author\"},\"creator\":{\"@id\":\"https:\\\/\\\/www.eldigitaldeasturias.com\\\/noticias\\\/author\\\/admin\\\/#author\"},\"image\":{\"@type\":\"ImageObject\",\"url\":455587,\"@id\":\"https:\\\/\\\/www.eldigitaldeasturias.com\\\/noticias\\\/detenida-una-joven-de-32-anos-en-oviedo-como-autora-de-varios-robos-con-violencia\\\/#mainImage\"},\"primaryImageOfPage\":{\"@id\":\"https:\\\/\\\/www.eldigitaldeasturias.com\\\/noticias\\\/detenida-una-joven-de-32-anos-en-oviedo-como-autora-de-varios-robos-con-violencia\\\/#mainImage\"},\"datePublished\":\"2013-11-29T16:01:24+01:00\",\"dateModified\":\"2013-11-29T16:01:24+01:00\"},{\"@type\":\"WebSite\",\"@id\":\"https:\\\/\\\/www.eldigitaldeasturias.com\\\/noticias\\\/#website\",\"url\":\"https:\\\/\\\/www.eldigitaldeasturias.com\\\/noticias\\\/\",\"name\":\"El Digital de Asturias - Diario de actualidad y noticias\",\"alternateName\":\"El Digital de Asturias - Diario de actualidad y noticias\",\"description\":\"Hemeroteca\",\"inLanguage\":\"es-ES\",\"publisher\":{\"@id\":\"https:\\\/\\\/www.eldigitaldeasturias.com\\\/noticias\\\/#organization\"}}]}\n\t\t<\/script>\n\t\t<!-- All in One SEO Pro -->\r\n\t\t<title>Detenida una joven de 32 a\u00f1os en Oviedo como autora de varios robos con violencia - El Digital de Asturias<\/title>\n\n","aioseo_head_json":{"title":"Detenida una joven de 32 a\u00f1os en Oviedo como autora de varios robos con violencia - El Digital de Asturias","description":"Oviedo, 29 nov (EFE).- Agentes de las Polic\u00eda Nacional han detenido a una joven, de 32 a\u00f1os acusada de ser la supuesta autora de varios robos con violencia registrados en Oviedo, informa el Cuerpo. El primero de los casos por lo que se la acusa es un robo cometido sobre una anciana de 83 a\u00f1os","canonical_url":"https:\/\/www.eldigitaldeasturias.com\/noticias\/detenida-una-joven-de-32-anos-en-oviedo-como-autora-de-varios-robos-con-violencia\/","robots":"max-image-preview:large","keywords":"actualidad asturias","webmasterTools":{"google-site-verification":"UA-38556648-1","msvalidate.01":"7dfe9f3f1b24437ab69f4f2559babe99","miscellaneous":""},"schema":{"@context":"https:\/\/schema.org","@graph":[{"@type":"BlogPosting","@id":"https:\/\/www.eldigitaldeasturias.com\/noticias\/detenida-una-joven-de-32-anos-en-oviedo-como-autora-de-varios-robos-con-violencia\/#blogposting","name":"Detenida una joven de 32 a\u00f1os en Oviedo como autora de varios robos con violencia - El Digital de Asturias","headline":"Detenida una joven de 32 a\u00f1os en Oviedo como autora de varios robos con violencia","author":{"@id":"https:\/\/www.eldigitaldeasturias.com\/noticias\/author\/admin\/#author"},"publisher":{"@id":"https:\/\/www.eldigitaldeasturias.com\/noticias\/#organization"},"image":{"@type":"ImageObject","url":455587},"datePublished":"2013-11-29T16:01:24+01:00","dateModified":"2013-11-29T16:01:24+01:00","inLanguage":"es-ES","mainEntityOfPage":{"@id":"https:\/\/www.eldigitaldeasturias.com\/noticias\/detenida-una-joven-de-32-anos-en-oviedo-como-autora-de-varios-robos-con-violencia\/#webpage"},"isPartOf":{"@id":"https:\/\/www.eldigitaldeasturias.com\/noticias\/detenida-una-joven-de-32-anos-en-oviedo-como-autora-de-varios-robos-con-violencia\/#webpage"},"articleSection":"Actualidad Asturias"},{"@type":"BreadcrumbList","@id":"https:\/\/www.eldigitaldeasturias.com\/noticias\/detenida-una-joven-de-32-anos-en-oviedo-como-autora-de-varios-robos-con-violencia\/#breadcrumblist","itemListElement":[{"@type":"ListItem","@id":"https:\/\/www.eldigitaldeasturias.com\/noticias#listItem","position":1,"name":"Home","item":"https:\/\/www.eldigitaldeasturias.com\/noticias","nextItem":{"@type":"ListItem","@id":"https:\/\/www.eldigitaldeasturias.com\/noticias\/category\/actualidad-asturias\/#listItem","name":"Actualidad Asturias"}},{"@type":"ListItem","@id":"https:\/\/www.eldigitaldeasturias.com\/noticias\/category\/actualidad-asturias\/#listItem","position":2,"name":"Actualidad Asturias","item":"https:\/\/www.eldigitaldeasturias.com\/noticias\/category\/actualidad-asturias\/","nextItem":{"@type":"ListItem","@id":"https:\/\/www.eldigitaldeasturias.com\/noticias\/detenida-una-joven-de-32-anos-en-oviedo-como-autora-de-varios-robos-con-violencia\/#listItem","name":"Detenida una joven de 32 a\u00f1os en Oviedo como autora de varios robos con violencia"},"previousItem":{"@type":"ListItem","@id":"https:\/\/www.eldigitaldeasturias.com\/noticias#listItem","name":"Home"}},{"@type":"ListItem","@id":"https:\/\/www.eldigitaldeasturias.com\/noticias\/detenida-una-joven-de-32-anos-en-oviedo-como-autora-de-varios-robos-con-violencia\/#listItem","position":3,"name":"Detenida una joven de 32 a\u00f1os en Oviedo como autora de varios robos con violencia","previousItem":{"@type":"ListItem","@id":"https:\/\/www.eldigitaldeasturias.com\/noticias\/category\/actualidad-asturias\/#listItem","name":"Actualidad Asturias"}}]},{"@type":"Organization","@id":"https:\/\/www.eldigitaldeasturias.com\/noticias\/#organization","name":"El Digital de Asturias","description":"Hemeroteca","url":"https:\/\/www.eldigitaldeasturias.com\/noticias\/","email":"info@eldigitaldeasturias.com","telephone":"+34652131393","logo":{"@type":"ImageObject","url":"https:\/\/www.eldigitaldeasturias.com\/noticias\/wp-content\/uploads\/2020\/12\/EDA.jpg","@id":"https:\/\/www.eldigitaldeasturias.com\/noticias\/detenida-una-joven-de-32-anos-en-oviedo-como-autora-de-varios-robos-con-violencia\/#organizationLogo"},"image":{"@id":"https:\/\/www.eldigitaldeasturias.com\/noticias\/detenida-una-joven-de-32-anos-en-oviedo-como-autora-de-varios-robos-con-violencia\/#organizationLogo"},"sameAs":["https:\/\/facebook.com\/eldigitaldeasturias","https:\/\/www.youtube.com\/channel\/UCZP-2wLEB9Rv6erhFmqVnvg"],"address":{"@id":"https:\/\/www.eldigitaldeasturias.com\/noticias\/#postaladdress","@type":"PostalAddress","streetAddress":"san antonio 4","postalCode":"33430","addressLocality":"Cand\u00e1s","addressRegion":"Asturias","addressCountry":"ES"}},{"@type":"Person","@id":"https:\/\/www.eldigitaldeasturias.com\/noticias\/author\/admin\/#author","url":"https:\/\/www.eldigitaldeasturias.com\/noticias\/author\/admin\/","name":"El Digital de Asturias","image":{"@type":"ImageObject","@id":"https:\/\/www.eldigitaldeasturias.com\/noticias\/detenida-una-joven-de-32-anos-en-oviedo-como-autora-de-varios-robos-con-violencia\/#authorImage","url":"https:\/\/secure.gravatar.com\/avatar\/df2aeffc32bcd13f8d26072ef8a91b623d677766deac7f97ca815868cd41bf5e?s=96&d=mm&r=g","width":96,"height":96,"caption":"El Digital de Asturias"}},{"@type":"WebPage","@id":"https:\/\/www.eldigitaldeasturias.com\/noticias\/detenida-una-joven-de-32-anos-en-oviedo-como-autora-de-varios-robos-con-violencia\/#webpage","url":"https:\/\/www.eldigitaldeasturias.com\/noticias\/detenida-una-joven-de-32-anos-en-oviedo-como-autora-de-varios-robos-con-violencia\/","name":"Detenida una joven de 32 a\u00f1os en Oviedo como autora de varios robos con violencia - El Digital de Asturias","description":"Oviedo, 29 nov (EFE).- Agentes de las Polic\u00eda Nacional han detenido a una joven, de 32 a\u00f1os acusada de ser la supuesta autora de varios robos con violencia registrados en Oviedo, informa el Cuerpo. El primero de los casos por lo que se la acusa es un robo cometido sobre una anciana de 83 a\u00f1os","inLanguage":"es-ES","isPartOf":{"@id":"https:\/\/www.eldigitaldeasturias.com\/noticias\/#website"},"breadcrumb":{"@id":"https:\/\/www.eldigitaldeasturias.com\/noticias\/detenida-una-joven-de-32-anos-en-oviedo-como-autora-de-varios-robos-con-violencia\/#breadcrumblist"},"author":{"@id":"https:\/\/www.eldigitaldeasturias.com\/noticias\/author\/admin\/#author"},"creator":{"@id":"https:\/\/www.eldigitaldeasturias.com\/noticias\/author\/admin\/#author"},"image":{"@type":"ImageObject","url":455587,"@id":"https:\/\/www.eldigitaldeasturias.com\/noticias\/detenida-una-joven-de-32-anos-en-oviedo-como-autora-de-varios-robos-con-violencia\/#mainImage"},"primaryImageOfPage":{"@id":"https:\/\/www.eldigitaldeasturias.com\/noticias\/detenida-una-joven-de-32-anos-en-oviedo-como-autora-de-varios-robos-con-violencia\/#mainImage"},"datePublished":"2013-11-29T16:01:24+01:00","dateModified":"2013-11-29T16:01:24+01:00"},{"@type":"WebSite","@id":"https:\/\/www.eldigitaldeasturias.com\/noticias\/#website","url":"https:\/\/www.eldigitaldeasturias.com\/noticias\/","name":"El Digital de Asturias - Diario de actualidad y noticias","alternateName":"El Digital de Asturias - Diario de actualidad y noticias","description":"Hemeroteca","inLanguage":"es-ES","publisher":{"@id":"https:\/\/www.eldigitaldeasturias.com\/noticias\/#organization"}}]},"og:locale":"es_ES","og:site_name":"El Digital de Asturias","og:type":"article","og:title":"Detenida una joven de 32 a\u00f1os en Oviedo como autora de varios robos con violencia - El Digital de Asturias","og:description":"Oviedo, 29 nov (EFE).- Agentes de las Polic\u00eda Nacional han detenido a una joven, de 32 a\u00f1os acusada de ser la supuesta autora de varios robos con violencia registrados en Oviedo, informa el Cuerpo. El primero de los casos por lo que se la acusa es un robo cometido sobre una anciana de 83 a\u00f1os","og:url":"https:\/\/www.eldigitaldeasturias.com\/noticias\/detenida-una-joven-de-32-anos-en-oviedo-como-autora-de-varios-robos-con-violencia\/","article:tag":["actualidad asturias"],"article:published_time":"2013-11-29T17:01:24+00:00","article:modified_time":"2013-11-29T17:01:24+00:00","article:publisher":"https:\/\/facebook.com\/eldigitaldeasturias","twitter:card":"summary_large_image","twitter:title":"Detenida una joven de 32 a\u00f1os en Oviedo como autora de varios robos con violencia - El Digital de Asturias","twitter:description":"Oviedo, 29 nov (EFE).- Agentes de las Polic\u00eda Nacional han detenido a una joven, de 32 a\u00f1os acusada de ser la supuesta autora de varios robos con violencia registrados en Oviedo, informa el Cuerpo. El primero de los casos por lo que se la acusa es un robo cometido sobre una anciana de 83 a\u00f1os","twitter:label1":"Escrito por","twitter:data1":"El Digital de Asturias","twitter:label2":"Tiempo de lectura estimado","twitter:data2":"3 minutos"},"aioseo_meta_data":{"post_id":"455707","title":null,"description":null,"keywords":null,"keyphrases":null,"primary_term":null,"canonical_url":null,"og_title":null,"og_description":null,"og_object_type":"default","og_image_type":"default","og_image_url":null,"og_image_width":null,"og_image_height":null,"og_image_custom_url":null,"og_image_custom_fields":null,"og_video":null,"og_custom_url":null,"og_article_section":null,"og_article_tags":null,"twitter_use_og":true,"twitter_card":"default","twitter_image_type":"default","twitter_image_url":null,"twitter_image_custom_url":null,"twitter_image_custom_fields":null,"twitter_title":null,"twitter_description":null,"schema":{"blockGraphs":[],"customGraphs":[],"default":{"data":{"Article":[],"Course":[],"Dataset":[],"FAQPage":[],"Movie":[],"Person":[],"Product":[],"ProductReview":[],"Car":[],"Recipe":[],"Service":[],"SoftwareApplication":[],"WebPage":[]},"graphName":"","isEnabled":true},"graphs":[],"defaultGraph":"","defaultPostTypeGraph":""},"schema_type":null,"schema_type_options":null,"pillar_content":false,"robots_default":true,"robots_noindex":false,"robots_noarchive":false,"robots_nosnippet":false,"robots_nofollow":false,"robots_noimageindex":false,"robots_noodp":false,"robots_notranslate":false,"robots_max_snippet":null,"robots_max_videopreview":null,"robots_max_imagepreview":"none","priority":null,"frequency":null,"local_seo":null,"seo_analyzer_scan_date":"2026-05-29 19:17:00","breadcrumb_settings":null,"limit_modified_date":false,"open_ai":null,"ai":null,"created":"2020-11-14 22:45:21","updated":"2026-05-29 19:17:00","focus_keyword":null,"additional_keywords":null,"truseo_locale":null},"aioseo_breadcrumb":"<div class=\"aioseo-breadcrumbs\"><span class=\"aioseo-breadcrumb\">\n\t<a href=\"https:\/\/www.eldigitaldeasturias.com\/noticias\" title=\"Home\">Home<\/a>\n<\/span><span class=\"aioseo-breadcrumb-separator\">\u2013<\/span><span class=\"aioseo-breadcrumb\">\n\t<a href=\"https:\/\/www.eldigitaldeasturias.com\/noticias\/category\/actualidad-asturias\/\" title=\"Actualidad Asturias\">Actualidad Asturias<\/a>\n<\/span><span class=\"aioseo-breadcrumb-separator\">\u2013<\/span><span class=\"aioseo-breadcrumb\">\n\t<a href=\"https:\/\/www.eldigitaldeasturias.com\/noticias\/detenida-una-joven-de-32-anos-en-oviedo-como-autora-de-varios-robos-con-violencia\/\" title=\"Detenida una joven de 32 a\u00f1os en Oviedo como autora de varios robos con violencia\">Detenida una joven de 32 a\u00f1os en Oviedo como autora de varios robos con violencia<\/a>\n<\/span><\/div>","aioseo_breadcrumb_json":[{"label":"Home","link":"https:\/\/www.eldigitaldeasturias.com\/noticias"},{"label":"Actualidad Asturias","link":"https:\/\/www.eldigitaldeasturias.com\/noticias\/category\/actualidad-asturias\/"},{"label":"Detenida una joven de 32 a\u00f1os en Oviedo como autora de varios robos con violencia","link":"https:\/\/www.eldigitaldeasturias.com\/noticias\/detenida-una-joven-de-32-anos-en-oviedo-como-autora-de-varios-robos-con-violencia\/"}],"_links":{"self":[{"href":"https:\/\/www.eldigitaldeasturias.com\/noticias\/wp-json\/wp\/v2\/posts\/455707","targetHints":{"allow":["GET"]}}],"collection":[{"href":"https:\/\/www.eldigitaldeasturias.com\/noticias\/wp-json\/wp\/v2\/posts"}],"about":[{"href":"https:\/\/www.eldigitaldeasturias.com\/noticias\/wp-json\/wp\/v2\/types\/post"}],"author":[{"embeddable":true,"href":"https:\/\/www.eldigitaldeasturias.com\/noticias\/wp-json\/wp\/v2\/users\/1"}],"replies":[{"embeddable":true,"href":"https:\/\/www.eldigitaldeasturias.com\/noticias\/wp-json\/wp\/v2\/comments?post=455707"}],"version-history":[{"count":0,"href":"https:\/\/www.eldigitaldeasturias.com\/noticias\/wp-json\/wp\/v2\/posts\/455707\/revisions"}],"wp:attachment":[{"href":"https:\/\/www.eldigitaldeasturias.com\/noticias\/wp-json\/wp\/v2\/media?parent=455707"}],"wp:term":[{"taxonomy":"category","embeddable":true,"href":"https:\/\/www.eldigitaldeasturias.com\/noticias\/wp-json\/wp\/v2\/categories?post=455707"},{"taxonomy":"post_tag","embeddable":true,"href":"https:\/\/www.eldigitaldeasturias.com\/noticias\/wp-json\/wp\/v2\/tags?post=455707"}],"curies":[{"name":"wp","href":"https:\/\/api.w.org\/{rel}","templated":true}]}}