{"id":455703,"date":"2013-11-29T15:34:36","date_gmt":"2013-11-29T16:34:36","guid":{"rendered":"http:\/\/www.eldigitaldeasturias.com\/noticias\/?p=455703"},"modified":"2013-11-29T15:34:36","modified_gmt":"2013-11-29T16:34:36","slug":"aviles-valera-presenta-el-lunes-una-mocion-de-confianza-vinculada-a-los-presupuestos","status":"publish","type":"post","link":"https:\/\/www.eldigitaldeasturias.com\/noticias\/aviles-valera-presenta-el-lunes-una-mocion-de-confianza-vinculada-a-los-presupuestos\/","title":{"rendered":"Avil\u00e9s : Valera presenta el lunes una moci\u00f3n de confianza vinculada a los presupuestos"},"content":{"rendered":"<p><img loading=\"lazy\" decoding=\"async\" class=\"alignleft size-medium wp-image-1995\" alt=\"aviles2\" src=\"https:\/\/www.eldigitaldeasturias.com\/noticias\/wp-content\/uploads\/2013\/09\/aviles2-360x270.jpg\" width=\"360\" height=\"270\" \/>Avil\u00e9s, 29 nov (EFE).- La alcaldesa de Avil\u00e9s, Pilar Varela, presentar\u00e1 el pr\u00f3ximo lunes una moci\u00f3n de confianza vinculada a los presupuestos de 2014, si la oposici\u00f3n se ratifica en su rechazo al documento, seg\u00fan ha confirmado hoy la concejala de Hacienda, Ana Concejo.<\/p>\n<p>Una vez que el presupuesto sea rechazado, la alcaldesa convocar\u00e1 inmediatamente una reuni\u00f3n urgente y extraordinaria de la Comisi\u00f3n de Hacienda y, a continuaci\u00f3n, un segundo pleno extraordinario en el que formalizar\u00e1 la cuesti\u00f3n de confianza.<\/p>\n<p>A partir de ese momento, los grupos de Foro, PP e IU tienen de plazo hasta el 2 de enero de 2014 para consensuar un presupuesto alternativo y un candidato a la alcald\u00eda que lo defienda.<\/p>\n<p>Si, tal como es previsible, la oposici\u00f3n no alcanza ese consenso, Pilar Varela quedar\u00e1 ratificada en su puesto en la Alcald\u00eda, con su propuesta presupuestaria autom\u00e1ticamente aprobada.<\/p>\n<p>\u00abLos grupos de la oposici\u00f3n no han querido vincularse a este presupuesto ni han presentado una alternativa que fuera negociable\u00bb, ha declarado la concejala de Hacienda.<\/p>\n<p>Para Ana Concejo, \u00abes un ejercicio de responsabilidad que la ciudad cuente con un presupuesto para el a\u00f1o que viene\u00bb, por lo que conllevar\u00e1 de \u00abacometer nuevas inversiones, destinar m\u00e1s dinero a la educaci\u00f3n y el bienestar social, y hacer un esfuerzo importante en materia de planes de empleo\u00bb.<\/p>\n<p>El documento econ\u00f3mico que defiende el PSOE destina a pol\u00edticas de bienestar social el 23,5 por ciento de los 60,7 millones de euros del total.<\/p>\n<p>El proyecto de presupuestos generales del Ayuntamiento incluye una partida de 2,5 millones de euros en inversiones y un nuevo plan de empleo municipal.<\/p>\n<p>Los 60,7 millones de euros representan una reducci\u00f3n del uno por ciento respecto a este a\u00f1o, que se refleja en una disminuci\u00f3n de las transferencias corrientes y de las inversiones.<\/p>\n<p>Por el contrario, se incrementan las partidas de promoci\u00f3n econ\u00f3mica en un 34 por ciento, los programas de empleo y de educaci\u00f3n en un 5 por cuento cada uno.<\/p>\n<p>Las ayudas de emergencia crecen un 16 por ciento y alcanzan los 420.000 euros, frente a los 360.000 de este a\u00f1o.<\/p>\n","protected":false},"excerpt":{"rendered":"<p>Avil\u00e9s, 29 nov (EFE).- La alcaldesa de Avil\u00e9s, Pilar Varela, presentar\u00e1 el pr\u00f3ximo lunes una moci\u00f3n de confianza vinculada a los presupuestos de 2014, si la oposici\u00f3n se ratifica en su rechazo al documento, seg\u00fan ha confirmado hoy la concejala de Hacienda, Ana Concejo. Una vez que el presupuesto sea rechazado, la alcaldesa convocar\u00e1 inmediatamente [&hellip;]<\/p>\n","protected":false},"author":1,"featured_media":1132184,"comment_status":"closed","ping_status":"open","sticky":false,"template":"","format":"standard","meta":{"footnotes":""},"categories":[12],"tags":[],"class_list":["post-455703","post","type-post","status-publish","format-standard","has-post-thumbnail","hentry","category-actualidad-asturias"],"aioseo_notices":[],"aioseo_head":"\n\t\t<!-- All in One SEO Pro 5.0.1 - aioseo.com -->\n\t<meta name=\"description\" content=\"Avil\u00e9s, 29 nov (EFE).- La alcaldesa de Avil\u00e9s, Pilar Varela, presentar\u00e1 el pr\u00f3ximo lunes una moci\u00f3n de confianza vinculada a los presupuestos de 2014, si la oposici\u00f3n se ratifica en su rechazo al documento, seg\u00fan ha confirmado hoy la concejala de Hacienda, Ana Concejo. Una vez que el presupuesto sea rechazado, la alcaldesa convocar\u00e1 inmediatamente\" \/>\n\t<meta name=\"robots\" content=\"max-image-preview:large\" \/>\n\t<meta name=\"author\" content=\"El Digital de Asturias\"\/>\n\t<meta name=\"google-site-verification\" content=\"UA-38556648-1\" \/>\n\t<meta name=\"msvalidate.01\" content=\"7dfe9f3f1b24437ab69f4f2559babe99\" \/>\n\t<meta name=\"keywords\" content=\"actualidad asturias\" \/>\n\t<link rel=\"canonical\" href=\"https:\/\/www.eldigitaldeasturias.com\/noticias\/aviles-valera-presenta-el-lunes-una-mocion-de-confianza-vinculada-a-los-presupuestos\/\" \/>\n\t<meta name=\"generator\" content=\"All in One SEO Pro (AIOSEO) 5.0.1\" \/>\n\t\t<meta property=\"og:locale\" content=\"es_ES\" \/>\n\t\t<meta property=\"og:site_name\" content=\"El Digital de Asturias\" \/>\n\t\t<meta property=\"og:type\" content=\"article\" \/>\n\t\t<meta property=\"og:title\" content=\"Avil\u00e9s : Valera presenta el lunes una moci\u00f3n de confianza vinculada a los presupuestos - El Digital de Asturias\" \/>\n\t\t<meta property=\"og:description\" content=\"Avil\u00e9s, 29 nov (EFE).- La alcaldesa de Avil\u00e9s, Pilar Varela, presentar\u00e1 el pr\u00f3ximo lunes una moci\u00f3n de confianza vinculada a los presupuestos de 2014, si la oposici\u00f3n se ratifica en su rechazo al documento, seg\u00fan ha confirmado hoy la concejala de Hacienda, Ana Concejo. Una vez que el presupuesto sea rechazado, la alcaldesa convocar\u00e1 inmediatamente\" \/>\n\t\t<meta property=\"og:url\" content=\"https:\/\/www.eldigitaldeasturias.com\/noticias\/aviles-valera-presenta-el-lunes-una-mocion-de-confianza-vinculada-a-los-presupuestos\/\" \/>\n\t\t<meta property=\"og:image\" content=\"https:\/\/www.eldigitaldeasturias.com\/noticias\/wp-content\/uploads\/2026\/06\/Contenidos.jpg\" \/>\n\t\t<meta property=\"og:image:secure_url\" content=\"https:\/\/www.eldigitaldeasturias.com\/noticias\/wp-content\/uploads\/2026\/06\/Contenidos.jpg\" \/>\n\t\t<meta property=\"og:image:width\" content=\"1265\" \/>\n\t\t<meta property=\"og:image:height\" content=\"697\" \/>\n\t\t<meta property=\"article:tag\" content=\"actualidad asturias\" \/>\n\t\t<meta property=\"article:published_time\" content=\"2013-11-29T16:34:36+00:00\" \/>\n\t\t<meta property=\"article:modified_time\" content=\"2013-11-29T16:34:36+00:00\" \/>\n\t\t<meta property=\"article:publisher\" content=\"https:\/\/facebook.com\/eldigitaldeasturias\" \/>\n\t\t<meta name=\"twitter:card\" content=\"summary_large_image\" \/>\n\t\t<meta name=\"twitter:title\" content=\"Avil\u00e9s : Valera presenta el lunes una moci\u00f3n de confianza vinculada a los presupuestos - El Digital de Asturias\" \/>\n\t\t<meta name=\"twitter:description\" content=\"Avil\u00e9s, 29 nov (EFE).- La alcaldesa de Avil\u00e9s, Pilar Varela, presentar\u00e1 el pr\u00f3ximo lunes una moci\u00f3n de confianza vinculada a los presupuestos de 2014, si la oposici\u00f3n se ratifica en su rechazo al documento, seg\u00fan ha confirmado hoy la concejala de Hacienda, Ana Concejo. Una vez que el presupuesto sea rechazado, la alcaldesa convocar\u00e1 inmediatamente\" \/>\n\t\t<meta name=\"twitter:image\" content=\"https:\/\/www.eldigitaldeasturias.com\/noticias\/wp-content\/uploads\/2026\/06\/Contenidos.jpg\" \/>\n\t\t<meta name=\"twitter:label1\" content=\"Escrito por\" \/>\n\t\t<meta name=\"twitter:data1\" content=\"El Digital de Asturias\" \/>\n\t\t<meta name=\"twitter:label2\" content=\"Tiempo de lectura estimado\" \/>\n\t\t<meta name=\"twitter:data2\" content=\"2 minutos\" \/>\n\t\t<script type=\"application\/ld+json\" class=\"aioseo-schema\">\n\t\t\t{\"@context\":\"https:\\\/\\\/schema.org\",\"@graph\":[{\"@type\":\"BlogPosting\",\"@id\":\"https:\\\/\\\/www.eldigitaldeasturias.com\\\/noticias\\\/aviles-valera-presenta-el-lunes-una-mocion-de-confianza-vinculada-a-los-presupuestos\\\/#blogposting\",\"name\":\"Avil\\u00e9s : Valera presenta el lunes una moci\\u00f3n de confianza vinculada a los presupuestos - El Digital de Asturias\",\"headline\":\"Avil\\u00e9s : Valera presenta el lunes una moci\\u00f3n de confianza vinculada a los presupuestos\",\"author\":{\"@id\":\"https:\\\/\\\/www.eldigitaldeasturias.com\\\/noticias\\\/author\\\/admin\\\/#author\"},\"publisher\":{\"@id\":\"https:\\\/\\\/www.eldigitaldeasturias.com\\\/noticias\\\/#organization\"},\"image\":{\"@type\":\"ImageObject\",\"url\":\"https:\\\/\\\/www.eldigitaldeasturias.com\\\/noticias\\\/wp-content\\\/uploads\\\/2026\\\/06\\\/Contenidos.jpg\",\"width\":1265,\"height\":697,\"caption\":\"Contenidos\"},\"datePublished\":\"2013-11-29T15:34:36+01:00\",\"dateModified\":\"2013-11-29T15:34:36+01:00\",\"inLanguage\":\"es-ES\",\"mainEntityOfPage\":{\"@id\":\"https:\\\/\\\/www.eldigitaldeasturias.com\\\/noticias\\\/aviles-valera-presenta-el-lunes-una-mocion-de-confianza-vinculada-a-los-presupuestos\\\/#webpage\"},\"isPartOf\":{\"@id\":\"https:\\\/\\\/www.eldigitaldeasturias.com\\\/noticias\\\/aviles-valera-presenta-el-lunes-una-mocion-de-confianza-vinculada-a-los-presupuestos\\\/#webpage\"},\"articleSection\":\"Actualidad Asturias\"},{\"@type\":\"BreadcrumbList\",\"@id\":\"https:\\\/\\\/www.eldigitaldeasturias.com\\\/noticias\\\/aviles-valera-presenta-el-lunes-una-mocion-de-confianza-vinculada-a-los-presupuestos\\\/#breadcrumblist\",\"itemListElement\":[{\"@type\":\"ListItem\",\"@id\":\"https:\\\/\\\/www.eldigitaldeasturias.com\\\/noticias#listItem\",\"position\":1,\"name\":\"Home\",\"item\":\"https:\\\/\\\/www.eldigitaldeasturias.com\\\/noticias\",\"nextItem\":{\"@type\":\"ListItem\",\"@id\":\"https:\\\/\\\/www.eldigitaldeasturias.com\\\/noticias\\\/category\\\/actualidad-asturias\\\/#listItem\",\"name\":\"Actualidad Asturias\"}},{\"@type\":\"ListItem\",\"@id\":\"https:\\\/\\\/www.eldigitaldeasturias.com\\\/noticias\\\/category\\\/actualidad-asturias\\\/#listItem\",\"position\":2,\"name\":\"Actualidad Asturias\",\"item\":\"https:\\\/\\\/www.eldigitaldeasturias.com\\\/noticias\\\/category\\\/actualidad-asturias\\\/\",\"nextItem\":{\"@type\":\"ListItem\",\"@id\":\"https:\\\/\\\/www.eldigitaldeasturias.com\\\/noticias\\\/aviles-valera-presenta-el-lunes-una-mocion-de-confianza-vinculada-a-los-presupuestos\\\/#listItem\",\"name\":\"Avil\\u00e9s : Valera presenta el lunes una moci\\u00f3n de confianza vinculada a los presupuestos\"},\"previousItem\":{\"@type\":\"ListItem\",\"@id\":\"https:\\\/\\\/www.eldigitaldeasturias.com\\\/noticias#listItem\",\"name\":\"Home\"}},{\"@type\":\"ListItem\",\"@id\":\"https:\\\/\\\/www.eldigitaldeasturias.com\\\/noticias\\\/aviles-valera-presenta-el-lunes-una-mocion-de-confianza-vinculada-a-los-presupuestos\\\/#listItem\",\"position\":3,\"name\":\"Avil\\u00e9s : Valera presenta el lunes una moci\\u00f3n de confianza vinculada a los presupuestos\",\"previousItem\":{\"@type\":\"ListItem\",\"@id\":\"https:\\\/\\\/www.eldigitaldeasturias.com\\\/noticias\\\/category\\\/actualidad-asturias\\\/#listItem\",\"name\":\"Actualidad Asturias\"}}]},{\"@type\":\"Organization\",\"@id\":\"https:\\\/\\\/www.eldigitaldeasturias.com\\\/noticias\\\/#organization\",\"name\":\"El Digital de Asturias\",\"description\":\"Hemeroteca\",\"url\":\"https:\\\/\\\/www.eldigitaldeasturias.com\\\/noticias\\\/\",\"email\":\"info@eldigitaldeasturias.com\",\"telephone\":\"+34652131393\",\"logo\":{\"@type\":\"ImageObject\",\"url\":\"https:\\\/\\\/www.eldigitaldeasturias.com\\\/noticias\\\/wp-content\\\/uploads\\\/2020\\\/12\\\/EDA.jpg\",\"@id\":\"https:\\\/\\\/www.eldigitaldeasturias.com\\\/noticias\\\/aviles-valera-presenta-el-lunes-una-mocion-de-confianza-vinculada-a-los-presupuestos\\\/#organizationLogo\"},\"image\":{\"@id\":\"https:\\\/\\\/www.eldigitaldeasturias.com\\\/noticias\\\/aviles-valera-presenta-el-lunes-una-mocion-de-confianza-vinculada-a-los-presupuestos\\\/#organizationLogo\"},\"sameAs\":[\"https:\\\/\\\/facebook.com\\\/eldigitaldeasturias\",\"https:\\\/\\\/www.youtube.com\\\/channel\\\/UCZP-2wLEB9Rv6erhFmqVnvg\"],\"address\":{\"@id\":\"https:\\\/\\\/www.eldigitaldeasturias.com\\\/noticias\\\/#postaladdress\",\"@type\":\"PostalAddress\",\"streetAddress\":\"san antonio 4\",\"postalCode\":\"33430\",\"addressLocality\":\"Cand\\u00e1s\",\"addressRegion\":\"Asturias\",\"addressCountry\":\"ES\"}},{\"@type\":\"Person\",\"@id\":\"https:\\\/\\\/www.eldigitaldeasturias.com\\\/noticias\\\/author\\\/admin\\\/#author\",\"url\":\"https:\\\/\\\/www.eldigitaldeasturias.com\\\/noticias\\\/author\\\/admin\\\/\",\"name\":\"El Digital de Asturias\",\"image\":{\"@type\":\"ImageObject\",\"@id\":\"https:\\\/\\\/www.eldigitaldeasturias.com\\\/noticias\\\/aviles-valera-presenta-el-lunes-una-mocion-de-confianza-vinculada-a-los-presupuestos\\\/#authorImage\",\"url\":\"https:\\\/\\\/secure.gravatar.com\\\/avatar\\\/df2aeffc32bcd13f8d26072ef8a91b623d677766deac7f97ca815868cd41bf5e?s=96&d=mm&r=g\",\"width\":96,\"height\":96,\"caption\":\"El Digital de Asturias\"}},{\"@type\":\"WebPage\",\"@id\":\"https:\\\/\\\/www.eldigitaldeasturias.com\\\/noticias\\\/aviles-valera-presenta-el-lunes-una-mocion-de-confianza-vinculada-a-los-presupuestos\\\/#webpage\",\"url\":\"https:\\\/\\\/www.eldigitaldeasturias.com\\\/noticias\\\/aviles-valera-presenta-el-lunes-una-mocion-de-confianza-vinculada-a-los-presupuestos\\\/\",\"name\":\"Avil\\u00e9s : Valera presenta el lunes una moci\\u00f3n de confianza vinculada a los presupuestos - El Digital de Asturias\",\"description\":\"Avil\\u00e9s, 29 nov (EFE).- La alcaldesa de Avil\\u00e9s, Pilar Varela, presentar\\u00e1 el pr\\u00f3ximo lunes una moci\\u00f3n de confianza vinculada a los presupuestos de 2014, si la oposici\\u00f3n se ratifica en su rechazo al documento, seg\\u00fan ha confirmado hoy la concejala de Hacienda, Ana Concejo. Una vez que el presupuesto sea rechazado, la alcaldesa convocar\\u00e1 inmediatamente\",\"inLanguage\":\"es-ES\",\"isPartOf\":{\"@id\":\"https:\\\/\\\/www.eldigitaldeasturias.com\\\/noticias\\\/#website\"},\"breadcrumb\":{\"@id\":\"https:\\\/\\\/www.eldigitaldeasturias.com\\\/noticias\\\/aviles-valera-presenta-el-lunes-una-mocion-de-confianza-vinculada-a-los-presupuestos\\\/#breadcrumblist\"},\"author\":{\"@id\":\"https:\\\/\\\/www.eldigitaldeasturias.com\\\/noticias\\\/author\\\/admin\\\/#author\"},\"creator\":{\"@id\":\"https:\\\/\\\/www.eldigitaldeasturias.com\\\/noticias\\\/author\\\/admin\\\/#author\"},\"image\":{\"@type\":\"ImageObject\",\"url\":\"https:\\\/\\\/www.eldigitaldeasturias.com\\\/noticias\\\/wp-content\\\/uploads\\\/2026\\\/06\\\/Contenidos.jpg\",\"@id\":\"https:\\\/\\\/www.eldigitaldeasturias.com\\\/noticias\\\/aviles-valera-presenta-el-lunes-una-mocion-de-confianza-vinculada-a-los-presupuestos\\\/#mainImage\",\"width\":1265,\"height\":697,\"caption\":\"Contenidos\"},\"primaryImageOfPage\":{\"@id\":\"https:\\\/\\\/www.eldigitaldeasturias.com\\\/noticias\\\/aviles-valera-presenta-el-lunes-una-mocion-de-confianza-vinculada-a-los-presupuestos\\\/#mainImage\"},\"datePublished\":\"2013-11-29T15:34:36+01:00\",\"dateModified\":\"2013-11-29T15:34:36+01:00\"},{\"@type\":\"WebSite\",\"@id\":\"https:\\\/\\\/www.eldigitaldeasturias.com\\\/noticias\\\/#website\",\"url\":\"https:\\\/\\\/www.eldigitaldeasturias.com\\\/noticias\\\/\",\"name\":\"El Digital de Asturias - Diario de actualidad y noticias\",\"alternateName\":\"El Digital de Asturias - Diario de actualidad y noticias\",\"description\":\"Hemeroteca\",\"inLanguage\":\"es-ES\",\"publisher\":{\"@id\":\"https:\\\/\\\/www.eldigitaldeasturias.com\\\/noticias\\\/#organization\"}}]}\n\t\t<\/script>\n\t\t<!-- All in One SEO Pro -->\r\n\t\t<title>Avil\u00e9s : Valera presenta el lunes una moci\u00f3n de confianza vinculada a los presupuestos - El Digital de Asturias<\/title>\n\n","aioseo_head_json":{"title":"Avil\u00e9s : Valera presenta el lunes una moci\u00f3n de confianza vinculada a los presupuestos - El Digital de Asturias","description":"Avil\u00e9s, 29 nov (EFE).- La alcaldesa de Avil\u00e9s, Pilar Varela, presentar\u00e1 el pr\u00f3ximo lunes una moci\u00f3n de confianza vinculada a los presupuestos de 2014, si la oposici\u00f3n se ratifica en su rechazo al documento, seg\u00fan ha confirmado hoy la concejala de Hacienda, Ana Concejo. Una vez que el presupuesto sea rechazado, la alcaldesa convocar\u00e1 inmediatamente","canonical_url":"https:\/\/www.eldigitaldeasturias.com\/noticias\/aviles-valera-presenta-el-lunes-una-mocion-de-confianza-vinculada-a-los-presupuestos\/","robots":"max-image-preview:large","keywords":"actualidad asturias","webmasterTools":{"google-site-verification":"UA-38556648-1","msvalidate.01":"7dfe9f3f1b24437ab69f4f2559babe99","miscellaneous":""},"schema":{"@context":"https:\/\/schema.org","@graph":[{"@type":"BlogPosting","@id":"https:\/\/www.eldigitaldeasturias.com\/noticias\/aviles-valera-presenta-el-lunes-una-mocion-de-confianza-vinculada-a-los-presupuestos\/#blogposting","name":"Avil\u00e9s : Valera presenta el lunes una moci\u00f3n de confianza vinculada a los presupuestos - El Digital de Asturias","headline":"Avil\u00e9s : Valera presenta el lunes una moci\u00f3n de confianza vinculada a los presupuestos","author":{"@id":"https:\/\/www.eldigitaldeasturias.com\/noticias\/author\/admin\/#author"},"publisher":{"@id":"https:\/\/www.eldigitaldeasturias.com\/noticias\/#organization"},"image":{"@type":"ImageObject","url":"https:\/\/www.eldigitaldeasturias.com\/noticias\/wp-content\/uploads\/2026\/06\/Contenidos.jpg","width":1265,"height":697,"caption":"Contenidos"},"datePublished":"2013-11-29T15:34:36+01:00","dateModified":"2013-11-29T15:34:36+01:00","inLanguage":"es-ES","mainEntityOfPage":{"@id":"https:\/\/www.eldigitaldeasturias.com\/noticias\/aviles-valera-presenta-el-lunes-una-mocion-de-confianza-vinculada-a-los-presupuestos\/#webpage"},"isPartOf":{"@id":"https:\/\/www.eldigitaldeasturias.com\/noticias\/aviles-valera-presenta-el-lunes-una-mocion-de-confianza-vinculada-a-los-presupuestos\/#webpage"},"articleSection":"Actualidad Asturias"},{"@type":"BreadcrumbList","@id":"https:\/\/www.eldigitaldeasturias.com\/noticias\/aviles-valera-presenta-el-lunes-una-mocion-de-confianza-vinculada-a-los-presupuestos\/#breadcrumblist","itemListElement":[{"@type":"ListItem","@id":"https:\/\/www.eldigitaldeasturias.com\/noticias#listItem","position":1,"name":"Home","item":"https:\/\/www.eldigitaldeasturias.com\/noticias","nextItem":{"@type":"ListItem","@id":"https:\/\/www.eldigitaldeasturias.com\/noticias\/category\/actualidad-asturias\/#listItem","name":"Actualidad Asturias"}},{"@type":"ListItem","@id":"https:\/\/www.eldigitaldeasturias.com\/noticias\/category\/actualidad-asturias\/#listItem","position":2,"name":"Actualidad Asturias","item":"https:\/\/www.eldigitaldeasturias.com\/noticias\/category\/actualidad-asturias\/","nextItem":{"@type":"ListItem","@id":"https:\/\/www.eldigitaldeasturias.com\/noticias\/aviles-valera-presenta-el-lunes-una-mocion-de-confianza-vinculada-a-los-presupuestos\/#listItem","name":"Avil\u00e9s : Valera presenta el lunes una moci\u00f3n de confianza vinculada a los presupuestos"},"previousItem":{"@type":"ListItem","@id":"https:\/\/www.eldigitaldeasturias.com\/noticias#listItem","name":"Home"}},{"@type":"ListItem","@id":"https:\/\/www.eldigitaldeasturias.com\/noticias\/aviles-valera-presenta-el-lunes-una-mocion-de-confianza-vinculada-a-los-presupuestos\/#listItem","position":3,"name":"Avil\u00e9s : Valera presenta el lunes una moci\u00f3n de confianza vinculada a los presupuestos","previousItem":{"@type":"ListItem","@id":"https:\/\/www.eldigitaldeasturias.com\/noticias\/category\/actualidad-asturias\/#listItem","name":"Actualidad Asturias"}}]},{"@type":"Organization","@id":"https:\/\/www.eldigitaldeasturias.com\/noticias\/#organization","name":"El Digital de Asturias","description":"Hemeroteca","url":"https:\/\/www.eldigitaldeasturias.com\/noticias\/","email":"info@eldigitaldeasturias.com","telephone":"+34652131393","logo":{"@type":"ImageObject","url":"https:\/\/www.eldigitaldeasturias.com\/noticias\/wp-content\/uploads\/2020\/12\/EDA.jpg","@id":"https:\/\/www.eldigitaldeasturias.com\/noticias\/aviles-valera-presenta-el-lunes-una-mocion-de-confianza-vinculada-a-los-presupuestos\/#organizationLogo"},"image":{"@id":"https:\/\/www.eldigitaldeasturias.com\/noticias\/aviles-valera-presenta-el-lunes-una-mocion-de-confianza-vinculada-a-los-presupuestos\/#organizationLogo"},"sameAs":["https:\/\/facebook.com\/eldigitaldeasturias","https:\/\/www.youtube.com\/channel\/UCZP-2wLEB9Rv6erhFmqVnvg"],"address":{"@id":"https:\/\/www.eldigitaldeasturias.com\/noticias\/#postaladdress","@type":"PostalAddress","streetAddress":"san antonio 4","postalCode":"33430","addressLocality":"Cand\u00e1s","addressRegion":"Asturias","addressCountry":"ES"}},{"@type":"Person","@id":"https:\/\/www.eldigitaldeasturias.com\/noticias\/author\/admin\/#author","url":"https:\/\/www.eldigitaldeasturias.com\/noticias\/author\/admin\/","name":"El Digital de Asturias","image":{"@type":"ImageObject","@id":"https:\/\/www.eldigitaldeasturias.com\/noticias\/aviles-valera-presenta-el-lunes-una-mocion-de-confianza-vinculada-a-los-presupuestos\/#authorImage","url":"https:\/\/secure.gravatar.com\/avatar\/df2aeffc32bcd13f8d26072ef8a91b623d677766deac7f97ca815868cd41bf5e?s=96&d=mm&r=g","width":96,"height":96,"caption":"El Digital de Asturias"}},{"@type":"WebPage","@id":"https:\/\/www.eldigitaldeasturias.com\/noticias\/aviles-valera-presenta-el-lunes-una-mocion-de-confianza-vinculada-a-los-presupuestos\/#webpage","url":"https:\/\/www.eldigitaldeasturias.com\/noticias\/aviles-valera-presenta-el-lunes-una-mocion-de-confianza-vinculada-a-los-presupuestos\/","name":"Avil\u00e9s : Valera presenta el lunes una moci\u00f3n de confianza vinculada a los presupuestos - El Digital de Asturias","description":"Avil\u00e9s, 29 nov (EFE).- La alcaldesa de Avil\u00e9s, Pilar Varela, presentar\u00e1 el pr\u00f3ximo lunes una moci\u00f3n de confianza vinculada a los presupuestos de 2014, si la oposici\u00f3n se ratifica en su rechazo al documento, seg\u00fan ha confirmado hoy la concejala de Hacienda, Ana Concejo. Una vez que el presupuesto sea rechazado, la alcaldesa convocar\u00e1 inmediatamente","inLanguage":"es-ES","isPartOf":{"@id":"https:\/\/www.eldigitaldeasturias.com\/noticias\/#website"},"breadcrumb":{"@id":"https:\/\/www.eldigitaldeasturias.com\/noticias\/aviles-valera-presenta-el-lunes-una-mocion-de-confianza-vinculada-a-los-presupuestos\/#breadcrumblist"},"author":{"@id":"https:\/\/www.eldigitaldeasturias.com\/noticias\/author\/admin\/#author"},"creator":{"@id":"https:\/\/www.eldigitaldeasturias.com\/noticias\/author\/admin\/#author"},"image":{"@type":"ImageObject","url":"https:\/\/www.eldigitaldeasturias.com\/noticias\/wp-content\/uploads\/2026\/06\/Contenidos.jpg","@id":"https:\/\/www.eldigitaldeasturias.com\/noticias\/aviles-valera-presenta-el-lunes-una-mocion-de-confianza-vinculada-a-los-presupuestos\/#mainImage","width":1265,"height":697,"caption":"Contenidos"},"primaryImageOfPage":{"@id":"https:\/\/www.eldigitaldeasturias.com\/noticias\/aviles-valera-presenta-el-lunes-una-mocion-de-confianza-vinculada-a-los-presupuestos\/#mainImage"},"datePublished":"2013-11-29T15:34:36+01:00","dateModified":"2013-11-29T15:34:36+01:00"},{"@type":"WebSite","@id":"https:\/\/www.eldigitaldeasturias.com\/noticias\/#website","url":"https:\/\/www.eldigitaldeasturias.com\/noticias\/","name":"El Digital de Asturias - Diario de actualidad y noticias","alternateName":"El Digital de Asturias - Diario de actualidad y noticias","description":"Hemeroteca","inLanguage":"es-ES","publisher":{"@id":"https:\/\/www.eldigitaldeasturias.com\/noticias\/#organization"}}]},"og:locale":"es_ES","og:site_name":"El Digital de Asturias","og:type":"article","og:title":"Avil\u00e9s : Valera presenta el lunes una moci\u00f3n de confianza vinculada a los presupuestos - El Digital de Asturias","og:description":"Avil\u00e9s, 29 nov (EFE).- La alcaldesa de Avil\u00e9s, Pilar Varela, presentar\u00e1 el pr\u00f3ximo lunes una moci\u00f3n de confianza vinculada a los presupuestos de 2014, si la oposici\u00f3n se ratifica en su rechazo al documento, seg\u00fan ha confirmado hoy la concejala de Hacienda, Ana Concejo. Una vez que el presupuesto sea rechazado, la alcaldesa convocar\u00e1 inmediatamente","og:url":"https:\/\/www.eldigitaldeasturias.com\/noticias\/aviles-valera-presenta-el-lunes-una-mocion-de-confianza-vinculada-a-los-presupuestos\/","og:image":"https:\/\/www.eldigitaldeasturias.com\/noticias\/wp-content\/uploads\/2026\/06\/Contenidos.jpg","og:image:secure_url":"https:\/\/www.eldigitaldeasturias.com\/noticias\/wp-content\/uploads\/2026\/06\/Contenidos.jpg","og:image:width":1265,"og:image:height":697,"article:tag":["actualidad asturias"],"article:published_time":"2013-11-29T16:34:36+00:00","article:modified_time":"2013-11-29T16:34:36+00:00","article:publisher":"https:\/\/facebook.com\/eldigitaldeasturias","twitter:card":"summary_large_image","twitter:title":"Avil\u00e9s : Valera presenta el lunes una moci\u00f3n de confianza vinculada a los presupuestos - El Digital de Asturias","twitter:description":"Avil\u00e9s, 29 nov (EFE).- La alcaldesa de Avil\u00e9s, Pilar Varela, presentar\u00e1 el pr\u00f3ximo lunes una moci\u00f3n de confianza vinculada a los presupuestos de 2014, si la oposici\u00f3n se ratifica en su rechazo al documento, seg\u00fan ha confirmado hoy la concejala de Hacienda, Ana Concejo. Una vez que el presupuesto sea rechazado, la alcaldesa convocar\u00e1 inmediatamente","twitter:image":"https:\/\/www.eldigitaldeasturias.com\/noticias\/wp-content\/uploads\/2026\/06\/Contenidos.jpg","twitter:label1":"Escrito por","twitter:data1":"El Digital de Asturias","twitter:label2":"Tiempo de lectura estimado","twitter:data2":"2 minutos"},"aioseo_meta_data":{"post_id":"455703","title":null,"description":null,"keywords":null,"keyphrases":null,"primary_term":null,"canonical_url":null,"og_title":null,"og_description":null,"og_object_type":"default","og_image_type":"default","og_image_url":null,"og_image_width":null,"og_image_height":null,"og_image_custom_url":null,"og_image_custom_fields":null,"og_video":null,"og_custom_url":null,"og_article_section":null,"og_article_tags":null,"twitter_use_og":true,"twitter_card":"default","twitter_image_type":"default","twitter_image_url":null,"twitter_image_custom_url":null,"twitter_image_custom_fields":null,"twitter_title":null,"twitter_description":null,"schema":{"blockGraphs":[],"customGraphs":[],"default":{"data":{"Article":[],"Course":[],"Dataset":[],"FAQPage":[],"Movie":[],"Person":[],"Product":[],"ProductReview":[],"Car":[],"Recipe":[],"Service":[],"SoftwareApplication":[],"WebPage":[]},"graphName":"","isEnabled":true},"graphs":[],"defaultGraph":"","defaultPostTypeGraph":""},"schema_type":null,"schema_type_options":null,"pillar_content":false,"robots_default":true,"robots_noindex":false,"robots_noarchive":false,"robots_nosnippet":false,"robots_nofollow":false,"robots_noimageindex":false,"robots_noodp":false,"robots_notranslate":false,"robots_max_snippet":null,"robots_max_videopreview":null,"robots_max_imagepreview":"none","priority":null,"frequency":null,"local_seo":null,"seo_analyzer_scan_date":"2026-05-29 19:16:59","breadcrumb_settings":null,"limit_modified_date":false,"open_ai":null,"ai":null,"created":"2020-11-14 22:45:21","updated":"2026-05-29 19:16:59","focus_keyword":null,"additional_keywords":null,"truseo_locale":null},"aioseo_breadcrumb":"<div class=\"aioseo-breadcrumbs\"><span class=\"aioseo-breadcrumb\">\n\t<a href=\"https:\/\/www.eldigitaldeasturias.com\/noticias\" title=\"Home\">Home<\/a>\n<\/span><span class=\"aioseo-breadcrumb-separator\">\u2013<\/span><span class=\"aioseo-breadcrumb\">\n\t<a href=\"https:\/\/www.eldigitaldeasturias.com\/noticias\/category\/actualidad-asturias\/\" title=\"Actualidad Asturias\">Actualidad Asturias<\/a>\n<\/span><span class=\"aioseo-breadcrumb-separator\">\u2013<\/span><span class=\"aioseo-breadcrumb\">\n\t<a href=\"https:\/\/www.eldigitaldeasturias.com\/noticias\/aviles-valera-presenta-el-lunes-una-mocion-de-confianza-vinculada-a-los-presupuestos\/\" title=\"Avil\u00e9s : Valera presenta el lunes una moci\u00f3n de confianza vinculada a los presupuestos\">Avil\u00e9s : Valera presenta el lunes una moci\u00f3n de confianza vinculada a los presupuestos<\/a>\n<\/span><\/div>","aioseo_breadcrumb_json":[{"label":"Home","link":"https:\/\/www.eldigitaldeasturias.com\/noticias"},{"label":"Actualidad Asturias","link":"https:\/\/www.eldigitaldeasturias.com\/noticias\/category\/actualidad-asturias\/"},{"label":"Avil\u00e9s : Valera presenta el lunes una moci\u00f3n de confianza vinculada a los presupuestos","link":"https:\/\/www.eldigitaldeasturias.com\/noticias\/aviles-valera-presenta-el-lunes-una-mocion-de-confianza-vinculada-a-los-presupuestos\/"}],"_links":{"self":[{"href":"https:\/\/www.eldigitaldeasturias.com\/noticias\/wp-json\/wp\/v2\/posts\/455703","targetHints":{"allow":["GET"]}}],"collection":[{"href":"https:\/\/www.eldigitaldeasturias.com\/noticias\/wp-json\/wp\/v2\/posts"}],"about":[{"href":"https:\/\/www.eldigitaldeasturias.com\/noticias\/wp-json\/wp\/v2\/types\/post"}],"author":[{"embeddable":true,"href":"https:\/\/www.eldigitaldeasturias.com\/noticias\/wp-json\/wp\/v2\/users\/1"}],"replies":[{"embeddable":true,"href":"https:\/\/www.eldigitaldeasturias.com\/noticias\/wp-json\/wp\/v2\/comments?post=455703"}],"version-history":[{"count":0,"href":"https:\/\/www.eldigitaldeasturias.com\/noticias\/wp-json\/wp\/v2\/posts\/455703\/revisions"}],"wp:featuredmedia":[{"embeddable":true,"href":"https:\/\/www.eldigitaldeasturias.com\/noticias\/wp-json\/wp\/v2\/media\/1132184"}],"wp:attachment":[{"href":"https:\/\/www.eldigitaldeasturias.com\/noticias\/wp-json\/wp\/v2\/media?parent=455703"}],"wp:term":[{"taxonomy":"category","embeddable":true,"href":"https:\/\/www.eldigitaldeasturias.com\/noticias\/wp-json\/wp\/v2\/categories?post=455703"},{"taxonomy":"post_tag","embeddable":true,"href":"https:\/\/www.eldigitaldeasturias.com\/noticias\/wp-json\/wp\/v2\/tags?post=455703"}],"curies":[{"name":"wp","href":"https:\/\/api.w.org\/{rel}","templated":true}]}}