{"id":455691,"date":"2013-11-29T15:16:58","date_gmt":"2013-11-29T16:16:58","guid":{"rendered":"http:\/\/www.eldigitaldeasturias.com\/noticias\/?p=455691"},"modified":"2013-11-29T15:16:58","modified_gmt":"2013-11-29T16:16:58","slug":"tras-la-puerta-titeres-representa-malas-palabras-en-la-laboral%e2%80%8f","status":"publish","type":"post","link":"https:\/\/www.eldigitaldeasturias.com\/noticias\/tras-la-puerta-titeres-representa-malas-palabras-en-la-laboral%e2%80%8f\/","title":{"rendered":"Tras la Puerta T\u00edteres representa Malas Palabras en la Laboral\u200f"},"content":{"rendered":"<p><img loading=\"lazy\" decoding=\"async\" class=\"alignleft size-medium wp-image-455692\" alt=\"Malas Pal..\" src=\"https:\/\/www.eldigitaldeasturias.com\/noticias\/wp-content\/uploads\/2013\/11\/Malas-Pal..-214x320.jpg\" width=\"214\" height=\"320\" \/>El Paraninfo de la Laboral acoge este domingo \u201cMalas Palabras\u201d de Tras la Puerta T\u00edteres, un espect\u00e1culo para el p\u00fablico familiar del programa Vamos! de Laboral Ciudad de la Cultura.<\/p>\n<p>Ana Laura Barros interpreta a Flor, una titiritera que abre su caja de los recuerdos para ir contando su historia, una historia como la de muchos ni\u00f1os y ni\u00f1as adoptados por padres amorosos que temen afrontar el momento de la revelaci\u00f3n. Animando figuras en una casa-teatro de papel, Flor da vida a los personajes que desde el recuerdo llegan para contar su historia.<\/p>\n<p>La compa\u00f1\u00eda Tras la Puerta T\u00edteres se crea en 1999 en la Escuela de Actores Titiriteros de Avellaneda, en Buenos Aires, y en 2002 se afinca en Asturias. Trabaja e investiga en la t\u00e9cnica del teatro de papel profesionalmente desde 2004 y realiza talleres de iniciaci\u00f3n en este g\u00e9nero y montajes tanto para p\u00fablico infantil como adulto. \u201cMalas Palabras\u201d es su \u00faltima obra, dirigida por el argentino Tito Lorefice. En 2012, la compa\u00f1\u00eda represent\u00f3 este espect\u00e1culo junto a \u201cAureliotiterias teatro de papel\u201d en diferentes escenarios de Buenos Aires y tambi\u00e9n particip\u00f3 en el 10\u00ba Festival Internacional de T\u00edteres de Matanzas en Cuba.<\/p>\n<p>\u201cMalas Palabras\u201d est\u00e1 recomendado para el p\u00fablico familiar hasta 12 a\u00f1os. Las localidades, a 5 euros, se pueden adquirir en la Recepci\u00f3n de Laboral Ciudad de la Cultura, en el Centro Niemeyer en Avil\u00e9s, en www.cajastur.es, en el 902 106 601 y en la red de cajeros cajAstur Tiquexpress.<\/p>\n<p>Tras la Puerta T\u00edteres volver\u00e1 a representar esta obra para el p\u00fablico escolar el lunes 2 de diciembre, a las 10:30 horas.<\/p>\n","protected":false},"excerpt":{"rendered":"<p>El Paraninfo de la Laboral acoge este domingo \u201cMalas Palabras\u201d de Tras la Puerta T\u00edteres, un espect\u00e1culo para el p\u00fablico familiar del programa Vamos! de Laboral Ciudad de la Cultura. Ana Laura Barros interpreta a Flor, una titiritera que abre su caja de los recuerdos para ir contando su historia, una historia como la de [&hellip;]<\/p>\n","protected":false},"author":1,"featured_media":455692,"comment_status":"closed","ping_status":"open","sticky":false,"template":"","format":"standard","meta":{"footnotes":""},"categories":[2],"tags":[],"class_list":["post-455691","post","type-post","status-publish","format-standard","has-post-thumbnail","hentry","category-agenda"],"aioseo_notices":[],"aioseo_head":"\n\t\t<!-- All in One SEO Pro 5.0.1 - aioseo.com -->\n\t<meta name=\"description\" content=\"El Paraninfo de la Laboral acoge este domingo \u201cMalas Palabras\u201d de Tras la Puerta T\u00edteres, un espect\u00e1culo para el p\u00fablico familiar del programa Vamos! de Laboral Ciudad de la Cultura. Ana Laura Barros interpreta a Flor, una titiritera que abre su caja de los recuerdos para ir contando su historia, una historia como la de\" \/>\n\t<meta name=\"robots\" content=\"max-image-preview:large\" \/>\n\t<meta name=\"author\" content=\"El Digital de Asturias\"\/>\n\t<meta name=\"google-site-verification\" content=\"UA-38556648-1\" \/>\n\t<meta name=\"msvalidate.01\" content=\"7dfe9f3f1b24437ab69f4f2559babe99\" \/>\n\t<meta name=\"keywords\" content=\"agenda\" \/>\n\t<link rel=\"canonical\" href=\"https:\/\/www.eldigitaldeasturias.com\/noticias\/tras-la-puerta-titeres-representa-malas-palabras-en-la-laboral%e2%80%8f\/\" \/>\n\t<meta name=\"generator\" content=\"All in One SEO Pro (AIOSEO) 5.0.1\" \/>\n\t\t<meta property=\"og:locale\" content=\"es_ES\" \/>\n\t\t<meta property=\"og:site_name\" content=\"El Digital de Asturias\" \/>\n\t\t<meta property=\"og:type\" content=\"article\" \/>\n\t\t<meta property=\"og:title\" content=\"Tras la Puerta T\u00edteres representa Malas Palabras en la Laboral\u200f - El Digital de Asturias\" \/>\n\t\t<meta property=\"og:description\" content=\"El Paraninfo de la Laboral acoge este domingo \u201cMalas Palabras\u201d de Tras la Puerta T\u00edteres, un espect\u00e1culo para el p\u00fablico familiar del programa Vamos! de Laboral Ciudad de la Cultura. Ana Laura Barros interpreta a Flor, una titiritera que abre su caja de los recuerdos para ir contando su historia, una historia como la de\" \/>\n\t\t<meta property=\"og:url\" content=\"https:\/\/www.eldigitaldeasturias.com\/noticias\/tras-la-puerta-titeres-representa-malas-palabras-en-la-laboral%e2%80%8f\/\" \/>\n\t\t<meta property=\"article:tag\" content=\"agenda\" \/>\n\t\t<meta property=\"article:published_time\" content=\"2013-11-29T16:16:58+00:00\" \/>\n\t\t<meta property=\"article:modified_time\" content=\"2013-11-29T16:16:58+00:00\" \/>\n\t\t<meta property=\"article:publisher\" content=\"https:\/\/facebook.com\/eldigitaldeasturias\" \/>\n\t\t<meta name=\"twitter:card\" content=\"summary_large_image\" \/>\n\t\t<meta name=\"twitter:title\" content=\"Tras la Puerta T\u00edteres representa Malas Palabras en la Laboral\u200f - El Digital de Asturias\" \/>\n\t\t<meta name=\"twitter:description\" content=\"El Paraninfo de la Laboral acoge este domingo \u201cMalas Palabras\u201d de Tras la Puerta T\u00edteres, un espect\u00e1culo para el p\u00fablico familiar del programa Vamos! de Laboral Ciudad de la Cultura. Ana Laura Barros interpreta a Flor, una titiritera que abre su caja de los recuerdos para ir contando su historia, una historia como la de\" \/>\n\t\t<meta name=\"twitter:label1\" content=\"Escrito por\" \/>\n\t\t<meta name=\"twitter:data1\" content=\"El Digital de Asturias\" \/>\n\t\t<meta name=\"twitter:label2\" content=\"Tiempo de lectura estimado\" \/>\n\t\t<meta name=\"twitter:data2\" content=\"1 minuto\" \/>\n\t\t<script type=\"application\/ld+json\" class=\"aioseo-schema\">\n\t\t\t{\"@context\":\"https:\\\/\\\/schema.org\",\"@graph\":[{\"@type\":\"BlogPosting\",\"@id\":\"https:\\\/\\\/www.eldigitaldeasturias.com\\\/noticias\\\/tras-la-puerta-titeres-representa-malas-palabras-en-la-laboral%e2%80%8f\\\/#blogposting\",\"name\":\"Tras la Puerta T\\u00edteres representa Malas Palabras en la Laboral\\u200f - El Digital de Asturias\",\"headline\":\"Tras la Puerta T\\u00edteres representa Malas Palabras en la Laboral\\u200f\",\"author\":{\"@id\":\"https:\\\/\\\/www.eldigitaldeasturias.com\\\/noticias\\\/author\\\/admin\\\/#author\"},\"publisher\":{\"@id\":\"https:\\\/\\\/www.eldigitaldeasturias.com\\\/noticias\\\/#organization\"},\"image\":{\"@type\":\"ImageObject\",\"url\":455692},\"datePublished\":\"2013-11-29T15:16:58+01:00\",\"dateModified\":\"2013-11-29T15:16:58+01:00\",\"inLanguage\":\"es-ES\",\"mainEntityOfPage\":{\"@id\":\"https:\\\/\\\/www.eldigitaldeasturias.com\\\/noticias\\\/tras-la-puerta-titeres-representa-malas-palabras-en-la-laboral%e2%80%8f\\\/#webpage\"},\"isPartOf\":{\"@id\":\"https:\\\/\\\/www.eldigitaldeasturias.com\\\/noticias\\\/tras-la-puerta-titeres-representa-malas-palabras-en-la-laboral%e2%80%8f\\\/#webpage\"},\"articleSection\":\"Agenda\"},{\"@type\":\"BreadcrumbList\",\"@id\":\"https:\\\/\\\/www.eldigitaldeasturias.com\\\/noticias\\\/tras-la-puerta-titeres-representa-malas-palabras-en-la-laboral%e2%80%8f\\\/#breadcrumblist\",\"itemListElement\":[{\"@type\":\"ListItem\",\"@id\":\"https:\\\/\\\/www.eldigitaldeasturias.com\\\/noticias#listItem\",\"position\":1,\"name\":\"Home\",\"item\":\"https:\\\/\\\/www.eldigitaldeasturias.com\\\/noticias\",\"nextItem\":{\"@type\":\"ListItem\",\"@id\":\"https:\\\/\\\/www.eldigitaldeasturias.com\\\/noticias\\\/category\\\/agenda\\\/#listItem\",\"name\":\"Agenda\"}},{\"@type\":\"ListItem\",\"@id\":\"https:\\\/\\\/www.eldigitaldeasturias.com\\\/noticias\\\/category\\\/agenda\\\/#listItem\",\"position\":2,\"name\":\"Agenda\",\"item\":\"https:\\\/\\\/www.eldigitaldeasturias.com\\\/noticias\\\/category\\\/agenda\\\/\",\"nextItem\":{\"@type\":\"ListItem\",\"@id\":\"https:\\\/\\\/www.eldigitaldeasturias.com\\\/noticias\\\/tras-la-puerta-titeres-representa-malas-palabras-en-la-laboral%e2%80%8f\\\/#listItem\",\"name\":\"Tras la Puerta T\\u00edteres representa Malas Palabras en la Laboral\\u200f\"},\"previousItem\":{\"@type\":\"ListItem\",\"@id\":\"https:\\\/\\\/www.eldigitaldeasturias.com\\\/noticias#listItem\",\"name\":\"Home\"}},{\"@type\":\"ListItem\",\"@id\":\"https:\\\/\\\/www.eldigitaldeasturias.com\\\/noticias\\\/tras-la-puerta-titeres-representa-malas-palabras-en-la-laboral%e2%80%8f\\\/#listItem\",\"position\":3,\"name\":\"Tras la Puerta T\\u00edteres representa Malas Palabras en la Laboral\\u200f\",\"previousItem\":{\"@type\":\"ListItem\",\"@id\":\"https:\\\/\\\/www.eldigitaldeasturias.com\\\/noticias\\\/category\\\/agenda\\\/#listItem\",\"name\":\"Agenda\"}}]},{\"@type\":\"Organization\",\"@id\":\"https:\\\/\\\/www.eldigitaldeasturias.com\\\/noticias\\\/#organization\",\"name\":\"El Digital de Asturias\",\"description\":\"Hemeroteca\",\"url\":\"https:\\\/\\\/www.eldigitaldeasturias.com\\\/noticias\\\/\",\"email\":\"info@eldigitaldeasturias.com\",\"telephone\":\"+34652131393\",\"logo\":{\"@type\":\"ImageObject\",\"url\":\"https:\\\/\\\/www.eldigitaldeasturias.com\\\/noticias\\\/wp-content\\\/uploads\\\/2020\\\/12\\\/EDA.jpg\",\"@id\":\"https:\\\/\\\/www.eldigitaldeasturias.com\\\/noticias\\\/tras-la-puerta-titeres-representa-malas-palabras-en-la-laboral%e2%80%8f\\\/#organizationLogo\"},\"image\":{\"@id\":\"https:\\\/\\\/www.eldigitaldeasturias.com\\\/noticias\\\/tras-la-puerta-titeres-representa-malas-palabras-en-la-laboral%e2%80%8f\\\/#organizationLogo\"},\"sameAs\":[\"https:\\\/\\\/facebook.com\\\/eldigitaldeasturias\",\"https:\\\/\\\/www.youtube.com\\\/channel\\\/UCZP-2wLEB9Rv6erhFmqVnvg\"],\"address\":{\"@id\":\"https:\\\/\\\/www.eldigitaldeasturias.com\\\/noticias\\\/#postaladdress\",\"@type\":\"PostalAddress\",\"streetAddress\":\"san antonio 4\",\"postalCode\":\"33430\",\"addressLocality\":\"Cand\\u00e1s\",\"addressRegion\":\"Asturias\",\"addressCountry\":\"ES\"}},{\"@type\":\"Person\",\"@id\":\"https:\\\/\\\/www.eldigitaldeasturias.com\\\/noticias\\\/author\\\/admin\\\/#author\",\"url\":\"https:\\\/\\\/www.eldigitaldeasturias.com\\\/noticias\\\/author\\\/admin\\\/\",\"name\":\"El Digital de Asturias\",\"image\":{\"@type\":\"ImageObject\",\"@id\":\"https:\\\/\\\/www.eldigitaldeasturias.com\\\/noticias\\\/tras-la-puerta-titeres-representa-malas-palabras-en-la-laboral%e2%80%8f\\\/#authorImage\",\"url\":\"https:\\\/\\\/secure.gravatar.com\\\/avatar\\\/df2aeffc32bcd13f8d26072ef8a91b623d677766deac7f97ca815868cd41bf5e?s=96&d=mm&r=g\",\"width\":96,\"height\":96,\"caption\":\"El Digital de Asturias\"}},{\"@type\":\"WebPage\",\"@id\":\"https:\\\/\\\/www.eldigitaldeasturias.com\\\/noticias\\\/tras-la-puerta-titeres-representa-malas-palabras-en-la-laboral%e2%80%8f\\\/#webpage\",\"url\":\"https:\\\/\\\/www.eldigitaldeasturias.com\\\/noticias\\\/tras-la-puerta-titeres-representa-malas-palabras-en-la-laboral%e2%80%8f\\\/\",\"name\":\"Tras la Puerta T\\u00edteres representa Malas Palabras en la Laboral\\u200f - El Digital de Asturias\",\"description\":\"El Paraninfo de la Laboral acoge este domingo \\u201cMalas Palabras\\u201d de Tras la Puerta T\\u00edteres, un espect\\u00e1culo para el p\\u00fablico familiar del programa Vamos! de Laboral Ciudad de la Cultura. Ana Laura Barros interpreta a Flor, una titiritera que abre su caja de los recuerdos para ir contando su historia, una historia como la de\",\"inLanguage\":\"es-ES\",\"isPartOf\":{\"@id\":\"https:\\\/\\\/www.eldigitaldeasturias.com\\\/noticias\\\/#website\"},\"breadcrumb\":{\"@id\":\"https:\\\/\\\/www.eldigitaldeasturias.com\\\/noticias\\\/tras-la-puerta-titeres-representa-malas-palabras-en-la-laboral%e2%80%8f\\\/#breadcrumblist\"},\"author\":{\"@id\":\"https:\\\/\\\/www.eldigitaldeasturias.com\\\/noticias\\\/author\\\/admin\\\/#author\"},\"creator\":{\"@id\":\"https:\\\/\\\/www.eldigitaldeasturias.com\\\/noticias\\\/author\\\/admin\\\/#author\"},\"image\":{\"@type\":\"ImageObject\",\"url\":455692,\"@id\":\"https:\\\/\\\/www.eldigitaldeasturias.com\\\/noticias\\\/tras-la-puerta-titeres-representa-malas-palabras-en-la-laboral%e2%80%8f\\\/#mainImage\"},\"primaryImageOfPage\":{\"@id\":\"https:\\\/\\\/www.eldigitaldeasturias.com\\\/noticias\\\/tras-la-puerta-titeres-representa-malas-palabras-en-la-laboral%e2%80%8f\\\/#mainImage\"},\"datePublished\":\"2013-11-29T15:16:58+01:00\",\"dateModified\":\"2013-11-29T15:16:58+01:00\"},{\"@type\":\"WebSite\",\"@id\":\"https:\\\/\\\/www.eldigitaldeasturias.com\\\/noticias\\\/#website\",\"url\":\"https:\\\/\\\/www.eldigitaldeasturias.com\\\/noticias\\\/\",\"name\":\"El Digital de Asturias - Diario de actualidad y noticias\",\"alternateName\":\"El Digital de Asturias - Diario de actualidad y noticias\",\"description\":\"Hemeroteca\",\"inLanguage\":\"es-ES\",\"publisher\":{\"@id\":\"https:\\\/\\\/www.eldigitaldeasturias.com\\\/noticias\\\/#organization\"}}]}\n\t\t<\/script>\n\t\t<!-- All in One SEO Pro -->\r\n\t\t<title>Tras la Puerta T\u00edteres representa Malas Palabras en la Laboral\u200f - El Digital de Asturias<\/title>\n\n","aioseo_head_json":{"title":"Tras la Puerta T\u00edteres representa Malas Palabras en la Laboral\u200f - El Digital de Asturias","description":"El Paraninfo de la Laboral acoge este domingo \u201cMalas Palabras\u201d de Tras la Puerta T\u00edteres, un espect\u00e1culo para el p\u00fablico familiar del programa Vamos! de Laboral Ciudad de la Cultura. Ana Laura Barros interpreta a Flor, una titiritera que abre su caja de los recuerdos para ir contando su historia, una historia como la de","canonical_url":"https:\/\/www.eldigitaldeasturias.com\/noticias\/tras-la-puerta-titeres-representa-malas-palabras-en-la-laboral%e2%80%8f\/","robots":"max-image-preview:large","keywords":"agenda","webmasterTools":{"google-site-verification":"UA-38556648-1","msvalidate.01":"7dfe9f3f1b24437ab69f4f2559babe99","miscellaneous":""},"schema":{"@context":"https:\/\/schema.org","@graph":[{"@type":"BlogPosting","@id":"https:\/\/www.eldigitaldeasturias.com\/noticias\/tras-la-puerta-titeres-representa-malas-palabras-en-la-laboral%e2%80%8f\/#blogposting","name":"Tras la Puerta T\u00edteres representa Malas Palabras en la Laboral\u200f - El Digital de Asturias","headline":"Tras la Puerta T\u00edteres representa Malas Palabras en la Laboral\u200f","author":{"@id":"https:\/\/www.eldigitaldeasturias.com\/noticias\/author\/admin\/#author"},"publisher":{"@id":"https:\/\/www.eldigitaldeasturias.com\/noticias\/#organization"},"image":{"@type":"ImageObject","url":455692},"datePublished":"2013-11-29T15:16:58+01:00","dateModified":"2013-11-29T15:16:58+01:00","inLanguage":"es-ES","mainEntityOfPage":{"@id":"https:\/\/www.eldigitaldeasturias.com\/noticias\/tras-la-puerta-titeres-representa-malas-palabras-en-la-laboral%e2%80%8f\/#webpage"},"isPartOf":{"@id":"https:\/\/www.eldigitaldeasturias.com\/noticias\/tras-la-puerta-titeres-representa-malas-palabras-en-la-laboral%e2%80%8f\/#webpage"},"articleSection":"Agenda"},{"@type":"BreadcrumbList","@id":"https:\/\/www.eldigitaldeasturias.com\/noticias\/tras-la-puerta-titeres-representa-malas-palabras-en-la-laboral%e2%80%8f\/#breadcrumblist","itemListElement":[{"@type":"ListItem","@id":"https:\/\/www.eldigitaldeasturias.com\/noticias#listItem","position":1,"name":"Home","item":"https:\/\/www.eldigitaldeasturias.com\/noticias","nextItem":{"@type":"ListItem","@id":"https:\/\/www.eldigitaldeasturias.com\/noticias\/category\/agenda\/#listItem","name":"Agenda"}},{"@type":"ListItem","@id":"https:\/\/www.eldigitaldeasturias.com\/noticias\/category\/agenda\/#listItem","position":2,"name":"Agenda","item":"https:\/\/www.eldigitaldeasturias.com\/noticias\/category\/agenda\/","nextItem":{"@type":"ListItem","@id":"https:\/\/www.eldigitaldeasturias.com\/noticias\/tras-la-puerta-titeres-representa-malas-palabras-en-la-laboral%e2%80%8f\/#listItem","name":"Tras la Puerta T\u00edteres representa Malas Palabras en la Laboral\u200f"},"previousItem":{"@type":"ListItem","@id":"https:\/\/www.eldigitaldeasturias.com\/noticias#listItem","name":"Home"}},{"@type":"ListItem","@id":"https:\/\/www.eldigitaldeasturias.com\/noticias\/tras-la-puerta-titeres-representa-malas-palabras-en-la-laboral%e2%80%8f\/#listItem","position":3,"name":"Tras la Puerta T\u00edteres representa Malas Palabras en la Laboral\u200f","previousItem":{"@type":"ListItem","@id":"https:\/\/www.eldigitaldeasturias.com\/noticias\/category\/agenda\/#listItem","name":"Agenda"}}]},{"@type":"Organization","@id":"https:\/\/www.eldigitaldeasturias.com\/noticias\/#organization","name":"El Digital de Asturias","description":"Hemeroteca","url":"https:\/\/www.eldigitaldeasturias.com\/noticias\/","email":"info@eldigitaldeasturias.com","telephone":"+34652131393","logo":{"@type":"ImageObject","url":"https:\/\/www.eldigitaldeasturias.com\/noticias\/wp-content\/uploads\/2020\/12\/EDA.jpg","@id":"https:\/\/www.eldigitaldeasturias.com\/noticias\/tras-la-puerta-titeres-representa-malas-palabras-en-la-laboral%e2%80%8f\/#organizationLogo"},"image":{"@id":"https:\/\/www.eldigitaldeasturias.com\/noticias\/tras-la-puerta-titeres-representa-malas-palabras-en-la-laboral%e2%80%8f\/#organizationLogo"},"sameAs":["https:\/\/facebook.com\/eldigitaldeasturias","https:\/\/www.youtube.com\/channel\/UCZP-2wLEB9Rv6erhFmqVnvg"],"address":{"@id":"https:\/\/www.eldigitaldeasturias.com\/noticias\/#postaladdress","@type":"PostalAddress","streetAddress":"san antonio 4","postalCode":"33430","addressLocality":"Cand\u00e1s","addressRegion":"Asturias","addressCountry":"ES"}},{"@type":"Person","@id":"https:\/\/www.eldigitaldeasturias.com\/noticias\/author\/admin\/#author","url":"https:\/\/www.eldigitaldeasturias.com\/noticias\/author\/admin\/","name":"El Digital de Asturias","image":{"@type":"ImageObject","@id":"https:\/\/www.eldigitaldeasturias.com\/noticias\/tras-la-puerta-titeres-representa-malas-palabras-en-la-laboral%e2%80%8f\/#authorImage","url":"https:\/\/secure.gravatar.com\/avatar\/df2aeffc32bcd13f8d26072ef8a91b623d677766deac7f97ca815868cd41bf5e?s=96&d=mm&r=g","width":96,"height":96,"caption":"El Digital de Asturias"}},{"@type":"WebPage","@id":"https:\/\/www.eldigitaldeasturias.com\/noticias\/tras-la-puerta-titeres-representa-malas-palabras-en-la-laboral%e2%80%8f\/#webpage","url":"https:\/\/www.eldigitaldeasturias.com\/noticias\/tras-la-puerta-titeres-representa-malas-palabras-en-la-laboral%e2%80%8f\/","name":"Tras la Puerta T\u00edteres representa Malas Palabras en la Laboral\u200f - El Digital de Asturias","description":"El Paraninfo de la Laboral acoge este domingo \u201cMalas Palabras\u201d de Tras la Puerta T\u00edteres, un espect\u00e1culo para el p\u00fablico familiar del programa Vamos! de Laboral Ciudad de la Cultura. Ana Laura Barros interpreta a Flor, una titiritera que abre su caja de los recuerdos para ir contando su historia, una historia como la de","inLanguage":"es-ES","isPartOf":{"@id":"https:\/\/www.eldigitaldeasturias.com\/noticias\/#website"},"breadcrumb":{"@id":"https:\/\/www.eldigitaldeasturias.com\/noticias\/tras-la-puerta-titeres-representa-malas-palabras-en-la-laboral%e2%80%8f\/#breadcrumblist"},"author":{"@id":"https:\/\/www.eldigitaldeasturias.com\/noticias\/author\/admin\/#author"},"creator":{"@id":"https:\/\/www.eldigitaldeasturias.com\/noticias\/author\/admin\/#author"},"image":{"@type":"ImageObject","url":455692,"@id":"https:\/\/www.eldigitaldeasturias.com\/noticias\/tras-la-puerta-titeres-representa-malas-palabras-en-la-laboral%e2%80%8f\/#mainImage"},"primaryImageOfPage":{"@id":"https:\/\/www.eldigitaldeasturias.com\/noticias\/tras-la-puerta-titeres-representa-malas-palabras-en-la-laboral%e2%80%8f\/#mainImage"},"datePublished":"2013-11-29T15:16:58+01:00","dateModified":"2013-11-29T15:16:58+01:00"},{"@type":"WebSite","@id":"https:\/\/www.eldigitaldeasturias.com\/noticias\/#website","url":"https:\/\/www.eldigitaldeasturias.com\/noticias\/","name":"El Digital de Asturias - Diario de actualidad y noticias","alternateName":"El Digital de Asturias - Diario de actualidad y noticias","description":"Hemeroteca","inLanguage":"es-ES","publisher":{"@id":"https:\/\/www.eldigitaldeasturias.com\/noticias\/#organization"}}]},"og:locale":"es_ES","og:site_name":"El Digital de Asturias","og:type":"article","og:title":"Tras la Puerta T\u00edteres representa Malas Palabras en la Laboral\u200f - El Digital de Asturias","og:description":"El Paraninfo de la Laboral acoge este domingo \u201cMalas Palabras\u201d de Tras la Puerta T\u00edteres, un espect\u00e1culo para el p\u00fablico familiar del programa Vamos! de Laboral Ciudad de la Cultura. Ana Laura Barros interpreta a Flor, una titiritera que abre su caja de los recuerdos para ir contando su historia, una historia como la de","og:url":"https:\/\/www.eldigitaldeasturias.com\/noticias\/tras-la-puerta-titeres-representa-malas-palabras-en-la-laboral%e2%80%8f\/","article:tag":["agenda"],"article:published_time":"2013-11-29T16:16:58+00:00","article:modified_time":"2013-11-29T16:16:58+00:00","article:publisher":"https:\/\/facebook.com\/eldigitaldeasturias","twitter:card":"summary_large_image","twitter:title":"Tras la Puerta T\u00edteres representa Malas Palabras en la Laboral\u200f - El Digital de Asturias","twitter:description":"El Paraninfo de la Laboral acoge este domingo \u201cMalas Palabras\u201d de Tras la Puerta T\u00edteres, un espect\u00e1culo para el p\u00fablico familiar del programa Vamos! de Laboral Ciudad de la Cultura. Ana Laura Barros interpreta a Flor, una titiritera que abre su caja de los recuerdos para ir contando su historia, una historia como la de","twitter:label1":"Escrito por","twitter:data1":"El Digital de Asturias","twitter:label2":"Tiempo de lectura estimado","twitter:data2":"1 minuto"},"aioseo_meta_data":{"post_id":"455691","title":null,"description":null,"keywords":null,"keyphrases":null,"primary_term":null,"canonical_url":null,"og_title":null,"og_description":null,"og_object_type":"default","og_image_type":"default","og_image_url":null,"og_image_width":null,"og_image_height":null,"og_image_custom_url":null,"og_image_custom_fields":null,"og_video":null,"og_custom_url":null,"og_article_section":null,"og_article_tags":null,"twitter_use_og":true,"twitter_card":"default","twitter_image_type":"default","twitter_image_url":null,"twitter_image_custom_url":null,"twitter_image_custom_fields":null,"twitter_title":null,"twitter_description":null,"schema":{"blockGraphs":[],"customGraphs":[],"default":{"data":{"Article":[],"Course":[],"Dataset":[],"FAQPage":[],"Movie":[],"Person":[],"Product":[],"ProductReview":[],"Car":[],"Recipe":[],"Service":[],"SoftwareApplication":[],"WebPage":[]},"graphName":"","isEnabled":true},"graphs":[],"defaultGraph":"","defaultPostTypeGraph":""},"schema_type":null,"schema_type_options":null,"pillar_content":false,"robots_default":true,"robots_noindex":false,"robots_noarchive":false,"robots_nosnippet":false,"robots_nofollow":false,"robots_noimageindex":false,"robots_noodp":false,"robots_notranslate":false,"robots_max_snippet":null,"robots_max_videopreview":null,"robots_max_imagepreview":"none","priority":null,"frequency":null,"local_seo":null,"seo_analyzer_scan_date":"2026-05-29 19:12:52","breadcrumb_settings":null,"limit_modified_date":false,"open_ai":null,"ai":null,"created":"2020-11-14 22:45:20","updated":"2026-05-29 19:12:52","focus_keyword":null,"additional_keywords":null,"truseo_locale":null},"aioseo_breadcrumb":"<div class=\"aioseo-breadcrumbs\"><span class=\"aioseo-breadcrumb\">\n\t<a href=\"https:\/\/www.eldigitaldeasturias.com\/noticias\" title=\"Home\">Home<\/a>\n<\/span><span class=\"aioseo-breadcrumb-separator\">\u2013<\/span><span class=\"aioseo-breadcrumb\">\n\t<a href=\"https:\/\/www.eldigitaldeasturias.com\/noticias\/category\/agenda\/\" title=\"Agenda\">Agenda<\/a>\n<\/span><span class=\"aioseo-breadcrumb-separator\">\u2013<\/span><span class=\"aioseo-breadcrumb\">\n\t<a href=\"https:\/\/www.eldigitaldeasturias.com\/noticias\/tras-la-puerta-titeres-representa-malas-palabras-en-la-laboral%e2%80%8f\/\" title=\"Tras la Puerta T\u00edteres representa Malas Palabras en la Laboral\u200f\">Tras la Puerta T\u00edteres representa Malas Palabras en la Laboral\u200f<\/a>\n<\/span><\/div>","aioseo_breadcrumb_json":[{"label":"Home","link":"https:\/\/www.eldigitaldeasturias.com\/noticias"},{"label":"Agenda","link":"https:\/\/www.eldigitaldeasturias.com\/noticias\/category\/agenda\/"},{"label":"Tras la Puerta T\u00edteres representa Malas Palabras en la Laboral\u200f","link":"https:\/\/www.eldigitaldeasturias.com\/noticias\/tras-la-puerta-titeres-representa-malas-palabras-en-la-laboral%e2%80%8f\/"}],"_links":{"self":[{"href":"https:\/\/www.eldigitaldeasturias.com\/noticias\/wp-json\/wp\/v2\/posts\/455691","targetHints":{"allow":["GET"]}}],"collection":[{"href":"https:\/\/www.eldigitaldeasturias.com\/noticias\/wp-json\/wp\/v2\/posts"}],"about":[{"href":"https:\/\/www.eldigitaldeasturias.com\/noticias\/wp-json\/wp\/v2\/types\/post"}],"author":[{"embeddable":true,"href":"https:\/\/www.eldigitaldeasturias.com\/noticias\/wp-json\/wp\/v2\/users\/1"}],"replies":[{"embeddable":true,"href":"https:\/\/www.eldigitaldeasturias.com\/noticias\/wp-json\/wp\/v2\/comments?post=455691"}],"version-history":[{"count":0,"href":"https:\/\/www.eldigitaldeasturias.com\/noticias\/wp-json\/wp\/v2\/posts\/455691\/revisions"}],"wp:attachment":[{"href":"https:\/\/www.eldigitaldeasturias.com\/noticias\/wp-json\/wp\/v2\/media?parent=455691"}],"wp:term":[{"taxonomy":"category","embeddable":true,"href":"https:\/\/www.eldigitaldeasturias.com\/noticias\/wp-json\/wp\/v2\/categories?post=455691"},{"taxonomy":"post_tag","embeddable":true,"href":"https:\/\/www.eldigitaldeasturias.com\/noticias\/wp-json\/wp\/v2\/tags?post=455691"}],"curies":[{"name":"wp","href":"https:\/\/api.w.org\/{rel}","templated":true}]}}