{"id":455685,"date":"2013-11-29T15:09:07","date_gmt":"2013-11-29T16:09:07","guid":{"rendered":"http:\/\/www.eldigitaldeasturias.com\/noticias\/?p=455685"},"modified":"2013-11-29T15:09:07","modified_gmt":"2013-11-29T16:09:07","slug":"javier-fernandez-espera-que-la-portavoz-del-pp-mercedes-fernandez-deje-de-alborotar","status":"publish","type":"post","link":"https:\/\/www.eldigitaldeasturias.com\/noticias\/javier-fernandez-espera-que-la-portavoz-del-pp-mercedes-fernandez-deje-de-alborotar\/","title":{"rendered":"Javier Fern\u00e1ndez, espera que la portavoz del PP, Mercedes Fern\u00e1ndez, deje de \u00abalborotar\u00bb"},"content":{"rendered":"<p><img loading=\"lazy\" decoding=\"async\" class=\"alignleft size-medium wp-image-681\" alt=\"palamento_20130913133437_8001\" src=\"https:\/\/www.eldigitaldeasturias.com\/noticias\/wp-content\/uploads\/2013\/09\/palamento_20130913133437_8001-360x240.jpg\" width=\"360\" height=\"240\" \/>Oviedo, 29 nov (EFE).- El presidente del Principado, Javier Fern\u00e1ndez, espera que la portavoz del PP, Mercedes Fern\u00e1ndez, deje de alborotar y \u00abutilice su influencia\u00bb ante el Ejecutivo central para beneficiar a los ganaderos, \u00abya que no lo hizo con la miner\u00eda, que est\u00e1 a punto de ser extinguida por el Gobierno de Espa\u00f1a\u00bb.<\/p>\n<p>Javier Fern\u00e1ndez se ha pronunciado en estos t\u00e9rminos en el pleno de la Junta General del Principado al contestar a una pregunta formulada por la portavoz del PP, Mercedes Fern\u00e1ndez, sobre las causas que\u00a0 llevaron ayer a los ganaderos asturianos a manifestarse en Oviedo y sobre las medidas a adoptar para mejorar su situaci\u00f3n.<\/p>\n<p>La dirigente regional del PP ha acusado al presidente asturiano de hacer \u00abchanzas o bromas\u00bb con la situaci\u00f3n del campo asturiano, por haber dicho que le preocupaba que la portavoz popular no pudiese en un futuro manifestarse, como lo hizo ayer ante la sede del Gobierno asturiano junto a los ganaderos, por las limitaciones que a ese derecho pretende implantar el Gobierno central.<\/p>\n<p>La portavoz popular ha acusado al Ejecutivo auton\u00f3mico de no dialogar con los ganaderos y de no dar respuesta a sus demandas para solucionar el problema del lobo, \u00abde forma razonable\u00bb y sin que los animales est\u00e9n por delante de los hombres, para aumentar las zonas dedicadas al pastoreo o agilizar el pago de da\u00f1os.<\/p>\n<p>Sobre este \u00faltimo aspecto, ha afirmado que el presidente asturiano se comprometi\u00f3 a pagar los da\u00f1os provocados por el lobo en 15 d\u00edas, pero que ya se ha visto \u00abque ha mentido a los ganaderos, porque esa promesa no se ha cumplido\u00bb.<\/p>\n<p>Tras su intervenci\u00f3n,el presidente ha asegurado que no puede acusarle de tomar a chanza un asunto tan serio, pero que siempre la ve aproximarse a la sede del Gobierno asturiano \u00abconectada con el sector agrario\u00bb, bien manifest\u00e1ndose o con el ministro de Agricultura, Miguel Arias Ca\u00f1ete.<\/p>\n<p>\u00abCon Ca\u00f1ete entr\u00f3 en mi despacho y hablamos de algo fundamental como es la reforma de la Pol\u00edtica Agraria Com\u00fan (PAC), que es responsabilidad del Gobierno central\u00bb, ha se\u00f1alado Fern\u00e1ndez, antes de afirmar que vio a la dirigente del PP asturiano \u00abmuy pr\u00f3xima al ministro\u00bb y que espera que, cuando llegue el momento, \u00abutilice su influencia en ese sector, ya que no lo hizo con la miner\u00eda\u00bb.<\/p>\n<p>Javier Fern\u00e1ndez ha defendido la labor que se est\u00e1 haciendo para controlar la poblaci\u00f3n de lobos, con 37 ejemplares abatidos, \u00abun n\u00famero mayor que en otros ejercicios\u00bb, y para pagar las indemnizaciones, \u00abm\u00e1s r\u00e1pido de nunca\u00bb y en cantidades similares, en torno a los 923.000 euros.<\/p>\n<p>\u00abCompromiso con los ganaderos y el medio rural, todo, pero demagogia f\u00e1cil y halagos, ninguno\u00bb, ha replicado Fern\u00e1ndez a la portavoz del PP, a la que ha dicho que parece querer disputar \u00abel monopolio del alboroto\u00bb al l\u00edder de Foro, Francisco \u00c1lvarez-Cascos.<\/p>\n","protected":false},"excerpt":{"rendered":"<p>Oviedo, 29 nov (EFE).- El presidente del Principado, Javier Fern\u00e1ndez, espera que la portavoz del PP, Mercedes Fern\u00e1ndez, deje de alborotar y \u00abutilice su influencia\u00bb ante el Ejecutivo central para beneficiar a los ganaderos, \u00abya que no lo hizo con la miner\u00eda, que est\u00e1 a punto de ser extinguida por el Gobierno de Espa\u00f1a\u00bb. Javier [&hellip;]<\/p>\n","protected":false},"author":1,"featured_media":1132184,"comment_status":"closed","ping_status":"open","sticky":false,"template":"","format":"standard","meta":{"footnotes":""},"categories":[12],"tags":[],"class_list":["post-455685","post","type-post","status-publish","format-standard","has-post-thumbnail","hentry","category-actualidad-asturias"],"aioseo_notices":[],"aioseo_head":"\n\t\t<!-- All in One SEO Pro 5.0.1 - aioseo.com -->\n\t<meta name=\"description\" content=\"Oviedo, 29 nov (EFE).- El presidente del Principado, Javier Fern\u00e1ndez, espera que la portavoz del PP, Mercedes Fern\u00e1ndez, deje de alborotar y &quot;utilice su influencia&quot; ante el Ejecutivo central para beneficiar a los ganaderos, &quot;ya que no lo hizo con la miner\u00eda, que est\u00e1 a punto de ser extinguida por el Gobierno de Espa\u00f1a&quot;. Javier\" \/>\n\t<meta name=\"robots\" content=\"max-image-preview:large\" \/>\n\t<meta name=\"author\" content=\"El Digital de Asturias\"\/>\n\t<meta name=\"google-site-verification\" content=\"UA-38556648-1\" \/>\n\t<meta name=\"msvalidate.01\" content=\"7dfe9f3f1b24437ab69f4f2559babe99\" \/>\n\t<meta name=\"keywords\" content=\"actualidad asturias\" \/>\n\t<link rel=\"canonical\" href=\"https:\/\/www.eldigitaldeasturias.com\/noticias\/javier-fernandez-espera-que-la-portavoz-del-pp-mercedes-fernandez-deje-de-alborotar\/\" \/>\n\t<meta name=\"generator\" content=\"All in One SEO Pro (AIOSEO) 5.0.1\" \/>\n\t\t<meta property=\"og:locale\" content=\"es_ES\" \/>\n\t\t<meta property=\"og:site_name\" content=\"El Digital de Asturias\" \/>\n\t\t<meta property=\"og:type\" content=\"article\" \/>\n\t\t<meta property=\"og:title\" content=\"Javier Fern\u00e1ndez, espera que la portavoz del PP, Mercedes Fern\u00e1ndez, deje de \u00abalborotar\u00bb - El Digital de Asturias\" \/>\n\t\t<meta property=\"og:description\" content=\"Oviedo, 29 nov (EFE).- El presidente del Principado, Javier Fern\u00e1ndez, espera que la portavoz del PP, Mercedes Fern\u00e1ndez, deje de alborotar y &quot;utilice su influencia&quot; ante el Ejecutivo central para beneficiar a los ganaderos, &quot;ya que no lo hizo con la miner\u00eda, que est\u00e1 a punto de ser extinguida por el Gobierno de Espa\u00f1a&quot;. Javier\" \/>\n\t\t<meta property=\"og:url\" content=\"https:\/\/www.eldigitaldeasturias.com\/noticias\/javier-fernandez-espera-que-la-portavoz-del-pp-mercedes-fernandez-deje-de-alborotar\/\" \/>\n\t\t<meta property=\"og:image\" content=\"https:\/\/www.eldigitaldeasturias.com\/noticias\/wp-content\/uploads\/2026\/06\/Contenidos.jpg\" \/>\n\t\t<meta property=\"og:image:secure_url\" content=\"https:\/\/www.eldigitaldeasturias.com\/noticias\/wp-content\/uploads\/2026\/06\/Contenidos.jpg\" \/>\n\t\t<meta property=\"og:image:width\" content=\"1265\" \/>\n\t\t<meta property=\"og:image:height\" content=\"697\" \/>\n\t\t<meta property=\"article:tag\" content=\"actualidad asturias\" \/>\n\t\t<meta property=\"article:published_time\" content=\"2013-11-29T16:09:07+00:00\" \/>\n\t\t<meta property=\"article:modified_time\" content=\"2013-11-29T16:09:07+00:00\" \/>\n\t\t<meta property=\"article:publisher\" content=\"https:\/\/facebook.com\/eldigitaldeasturias\" \/>\n\t\t<meta name=\"twitter:card\" content=\"summary_large_image\" \/>\n\t\t<meta name=\"twitter:title\" content=\"Javier Fern\u00e1ndez, espera que la portavoz del PP, Mercedes Fern\u00e1ndez, deje de \u00abalborotar\u00bb - El Digital de Asturias\" \/>\n\t\t<meta name=\"twitter:description\" content=\"Oviedo, 29 nov (EFE).- El presidente del Principado, Javier Fern\u00e1ndez, espera que la portavoz del PP, Mercedes Fern\u00e1ndez, deje de alborotar y &quot;utilice su influencia&quot; ante el Ejecutivo central para beneficiar a los ganaderos, &quot;ya que no lo hizo con la miner\u00eda, que est\u00e1 a punto de ser extinguida por el Gobierno de Espa\u00f1a&quot;. Javier\" \/>\n\t\t<meta name=\"twitter:image\" content=\"https:\/\/www.eldigitaldeasturias.com\/noticias\/wp-content\/uploads\/2026\/06\/Contenidos.jpg\" \/>\n\t\t<meta name=\"twitter:label1\" content=\"Escrito por\" \/>\n\t\t<meta name=\"twitter:data1\" content=\"El Digital de Asturias\" \/>\n\t\t<meta name=\"twitter:label2\" content=\"Tiempo de lectura estimado\" \/>\n\t\t<meta name=\"twitter:data2\" content=\"2 minutos\" \/>\n\t\t<script type=\"application\/ld+json\" class=\"aioseo-schema\">\n\t\t\t{\"@context\":\"https:\\\/\\\/schema.org\",\"@graph\":[{\"@type\":\"BlogPosting\",\"@id\":\"https:\\\/\\\/www.eldigitaldeasturias.com\\\/noticias\\\/javier-fernandez-espera-que-la-portavoz-del-pp-mercedes-fernandez-deje-de-alborotar\\\/#blogposting\",\"name\":\"Javier Fern\\u00e1ndez, espera que la portavoz del PP, Mercedes Fern\\u00e1ndez, deje de \\u00abalborotar\\u00bb - El Digital de Asturias\",\"headline\":\"Javier Fern\\u00e1ndez, espera que la portavoz del PP, Mercedes Fern\\u00e1ndez, deje de \\u00abalborotar\\u00bb\",\"author\":{\"@id\":\"https:\\\/\\\/www.eldigitaldeasturias.com\\\/noticias\\\/author\\\/admin\\\/#author\"},\"publisher\":{\"@id\":\"https:\\\/\\\/www.eldigitaldeasturias.com\\\/noticias\\\/#organization\"},\"image\":{\"@type\":\"ImageObject\",\"url\":\"https:\\\/\\\/www.eldigitaldeasturias.com\\\/noticias\\\/wp-content\\\/uploads\\\/2026\\\/06\\\/Contenidos.jpg\",\"width\":1265,\"height\":697,\"caption\":\"Contenidos\"},\"datePublished\":\"2013-11-29T15:09:07+01:00\",\"dateModified\":\"2013-11-29T15:09:07+01:00\",\"inLanguage\":\"es-ES\",\"mainEntityOfPage\":{\"@id\":\"https:\\\/\\\/www.eldigitaldeasturias.com\\\/noticias\\\/javier-fernandez-espera-que-la-portavoz-del-pp-mercedes-fernandez-deje-de-alborotar\\\/#webpage\"},\"isPartOf\":{\"@id\":\"https:\\\/\\\/www.eldigitaldeasturias.com\\\/noticias\\\/javier-fernandez-espera-que-la-portavoz-del-pp-mercedes-fernandez-deje-de-alborotar\\\/#webpage\"},\"articleSection\":\"Actualidad Asturias\"},{\"@type\":\"BreadcrumbList\",\"@id\":\"https:\\\/\\\/www.eldigitaldeasturias.com\\\/noticias\\\/javier-fernandez-espera-que-la-portavoz-del-pp-mercedes-fernandez-deje-de-alborotar\\\/#breadcrumblist\",\"itemListElement\":[{\"@type\":\"ListItem\",\"@id\":\"https:\\\/\\\/www.eldigitaldeasturias.com\\\/noticias#listItem\",\"position\":1,\"name\":\"Home\",\"item\":\"https:\\\/\\\/www.eldigitaldeasturias.com\\\/noticias\",\"nextItem\":{\"@type\":\"ListItem\",\"@id\":\"https:\\\/\\\/www.eldigitaldeasturias.com\\\/noticias\\\/category\\\/actualidad-asturias\\\/#listItem\",\"name\":\"Actualidad Asturias\"}},{\"@type\":\"ListItem\",\"@id\":\"https:\\\/\\\/www.eldigitaldeasturias.com\\\/noticias\\\/category\\\/actualidad-asturias\\\/#listItem\",\"position\":2,\"name\":\"Actualidad Asturias\",\"item\":\"https:\\\/\\\/www.eldigitaldeasturias.com\\\/noticias\\\/category\\\/actualidad-asturias\\\/\",\"nextItem\":{\"@type\":\"ListItem\",\"@id\":\"https:\\\/\\\/www.eldigitaldeasturias.com\\\/noticias\\\/javier-fernandez-espera-que-la-portavoz-del-pp-mercedes-fernandez-deje-de-alborotar\\\/#listItem\",\"name\":\"Javier Fern\\u00e1ndez, espera que la portavoz del PP, Mercedes Fern\\u00e1ndez, deje de \\u00abalborotar\\u00bb\"},\"previousItem\":{\"@type\":\"ListItem\",\"@id\":\"https:\\\/\\\/www.eldigitaldeasturias.com\\\/noticias#listItem\",\"name\":\"Home\"}},{\"@type\":\"ListItem\",\"@id\":\"https:\\\/\\\/www.eldigitaldeasturias.com\\\/noticias\\\/javier-fernandez-espera-que-la-portavoz-del-pp-mercedes-fernandez-deje-de-alborotar\\\/#listItem\",\"position\":3,\"name\":\"Javier Fern\\u00e1ndez, espera que la portavoz del PP, Mercedes Fern\\u00e1ndez, deje de \\u00abalborotar\\u00bb\",\"previousItem\":{\"@type\":\"ListItem\",\"@id\":\"https:\\\/\\\/www.eldigitaldeasturias.com\\\/noticias\\\/category\\\/actualidad-asturias\\\/#listItem\",\"name\":\"Actualidad Asturias\"}}]},{\"@type\":\"Organization\",\"@id\":\"https:\\\/\\\/www.eldigitaldeasturias.com\\\/noticias\\\/#organization\",\"name\":\"El Digital de Asturias\",\"description\":\"Hemeroteca\",\"url\":\"https:\\\/\\\/www.eldigitaldeasturias.com\\\/noticias\\\/\",\"email\":\"info@eldigitaldeasturias.com\",\"telephone\":\"+34652131393\",\"logo\":{\"@type\":\"ImageObject\",\"url\":\"https:\\\/\\\/www.eldigitaldeasturias.com\\\/noticias\\\/wp-content\\\/uploads\\\/2020\\\/12\\\/EDA.jpg\",\"@id\":\"https:\\\/\\\/www.eldigitaldeasturias.com\\\/noticias\\\/javier-fernandez-espera-que-la-portavoz-del-pp-mercedes-fernandez-deje-de-alborotar\\\/#organizationLogo\"},\"image\":{\"@id\":\"https:\\\/\\\/www.eldigitaldeasturias.com\\\/noticias\\\/javier-fernandez-espera-que-la-portavoz-del-pp-mercedes-fernandez-deje-de-alborotar\\\/#organizationLogo\"},\"sameAs\":[\"https:\\\/\\\/facebook.com\\\/eldigitaldeasturias\",\"https:\\\/\\\/www.youtube.com\\\/channel\\\/UCZP-2wLEB9Rv6erhFmqVnvg\"],\"address\":{\"@id\":\"https:\\\/\\\/www.eldigitaldeasturias.com\\\/noticias\\\/#postaladdress\",\"@type\":\"PostalAddress\",\"streetAddress\":\"san antonio 4\",\"postalCode\":\"33430\",\"addressLocality\":\"Cand\\u00e1s\",\"addressRegion\":\"Asturias\",\"addressCountry\":\"ES\"}},{\"@type\":\"Person\",\"@id\":\"https:\\\/\\\/www.eldigitaldeasturias.com\\\/noticias\\\/author\\\/admin\\\/#author\",\"url\":\"https:\\\/\\\/www.eldigitaldeasturias.com\\\/noticias\\\/author\\\/admin\\\/\",\"name\":\"El Digital de Asturias\",\"image\":{\"@type\":\"ImageObject\",\"@id\":\"https:\\\/\\\/www.eldigitaldeasturias.com\\\/noticias\\\/javier-fernandez-espera-que-la-portavoz-del-pp-mercedes-fernandez-deje-de-alborotar\\\/#authorImage\",\"url\":\"https:\\\/\\\/secure.gravatar.com\\\/avatar\\\/df2aeffc32bcd13f8d26072ef8a91b623d677766deac7f97ca815868cd41bf5e?s=96&d=mm&r=g\",\"width\":96,\"height\":96,\"caption\":\"El Digital de Asturias\"}},{\"@type\":\"WebPage\",\"@id\":\"https:\\\/\\\/www.eldigitaldeasturias.com\\\/noticias\\\/javier-fernandez-espera-que-la-portavoz-del-pp-mercedes-fernandez-deje-de-alborotar\\\/#webpage\",\"url\":\"https:\\\/\\\/www.eldigitaldeasturias.com\\\/noticias\\\/javier-fernandez-espera-que-la-portavoz-del-pp-mercedes-fernandez-deje-de-alborotar\\\/\",\"name\":\"Javier Fern\\u00e1ndez, espera que la portavoz del PP, Mercedes Fern\\u00e1ndez, deje de \\u00abalborotar\\u00bb - El Digital de Asturias\",\"description\":\"Oviedo, 29 nov (EFE).- El presidente del Principado, Javier Fern\\u00e1ndez, espera que la portavoz del PP, Mercedes Fern\\u00e1ndez, deje de alborotar y \\\"utilice su influencia\\\" ante el Ejecutivo central para beneficiar a los ganaderos, \\\"ya que no lo hizo con la miner\\u00eda, que est\\u00e1 a punto de ser extinguida por el Gobierno de Espa\\u00f1a\\\". Javier\",\"inLanguage\":\"es-ES\",\"isPartOf\":{\"@id\":\"https:\\\/\\\/www.eldigitaldeasturias.com\\\/noticias\\\/#website\"},\"breadcrumb\":{\"@id\":\"https:\\\/\\\/www.eldigitaldeasturias.com\\\/noticias\\\/javier-fernandez-espera-que-la-portavoz-del-pp-mercedes-fernandez-deje-de-alborotar\\\/#breadcrumblist\"},\"author\":{\"@id\":\"https:\\\/\\\/www.eldigitaldeasturias.com\\\/noticias\\\/author\\\/admin\\\/#author\"},\"creator\":{\"@id\":\"https:\\\/\\\/www.eldigitaldeasturias.com\\\/noticias\\\/author\\\/admin\\\/#author\"},\"image\":{\"@type\":\"ImageObject\",\"url\":\"https:\\\/\\\/www.eldigitaldeasturias.com\\\/noticias\\\/wp-content\\\/uploads\\\/2026\\\/06\\\/Contenidos.jpg\",\"@id\":\"https:\\\/\\\/www.eldigitaldeasturias.com\\\/noticias\\\/javier-fernandez-espera-que-la-portavoz-del-pp-mercedes-fernandez-deje-de-alborotar\\\/#mainImage\",\"width\":1265,\"height\":697,\"caption\":\"Contenidos\"},\"primaryImageOfPage\":{\"@id\":\"https:\\\/\\\/www.eldigitaldeasturias.com\\\/noticias\\\/javier-fernandez-espera-que-la-portavoz-del-pp-mercedes-fernandez-deje-de-alborotar\\\/#mainImage\"},\"datePublished\":\"2013-11-29T15:09:07+01:00\",\"dateModified\":\"2013-11-29T15:09:07+01:00\"},{\"@type\":\"WebSite\",\"@id\":\"https:\\\/\\\/www.eldigitaldeasturias.com\\\/noticias\\\/#website\",\"url\":\"https:\\\/\\\/www.eldigitaldeasturias.com\\\/noticias\\\/\",\"name\":\"El Digital de Asturias - Diario de actualidad y noticias\",\"alternateName\":\"El Digital de Asturias - Diario de actualidad y noticias\",\"description\":\"Hemeroteca\",\"inLanguage\":\"es-ES\",\"publisher\":{\"@id\":\"https:\\\/\\\/www.eldigitaldeasturias.com\\\/noticias\\\/#organization\"}}]}\n\t\t<\/script>\n\t\t<!-- All in One SEO Pro -->\r\n\t\t<title>Javier Fern\u00e1ndez, espera que la portavoz del PP, Mercedes Fern\u00e1ndez, deje de \u00abalborotar\u00bb - El Digital de Asturias<\/title>\n\n","aioseo_head_json":{"title":"Javier Fern\u00e1ndez, espera que la portavoz del PP, Mercedes Fern\u00e1ndez, deje de \u00abalborotar\u00bb - El Digital de Asturias","description":"Oviedo, 29 nov (EFE).- El presidente del Principado, Javier Fern\u00e1ndez, espera que la portavoz del PP, Mercedes Fern\u00e1ndez, deje de alborotar y \"utilice su influencia\" ante el Ejecutivo central para beneficiar a los ganaderos, \"ya que no lo hizo con la miner\u00eda, que est\u00e1 a punto de ser extinguida por el Gobierno de Espa\u00f1a\". Javier","canonical_url":"https:\/\/www.eldigitaldeasturias.com\/noticias\/javier-fernandez-espera-que-la-portavoz-del-pp-mercedes-fernandez-deje-de-alborotar\/","robots":"max-image-preview:large","keywords":"actualidad asturias","webmasterTools":{"google-site-verification":"UA-38556648-1","msvalidate.01":"7dfe9f3f1b24437ab69f4f2559babe99","miscellaneous":""},"schema":{"@context":"https:\/\/schema.org","@graph":[{"@type":"BlogPosting","@id":"https:\/\/www.eldigitaldeasturias.com\/noticias\/javier-fernandez-espera-que-la-portavoz-del-pp-mercedes-fernandez-deje-de-alborotar\/#blogposting","name":"Javier Fern\u00e1ndez, espera que la portavoz del PP, Mercedes Fern\u00e1ndez, deje de \u00abalborotar\u00bb - El Digital de Asturias","headline":"Javier Fern\u00e1ndez, espera que la portavoz del PP, Mercedes Fern\u00e1ndez, deje de \u00abalborotar\u00bb","author":{"@id":"https:\/\/www.eldigitaldeasturias.com\/noticias\/author\/admin\/#author"},"publisher":{"@id":"https:\/\/www.eldigitaldeasturias.com\/noticias\/#organization"},"image":{"@type":"ImageObject","url":"https:\/\/www.eldigitaldeasturias.com\/noticias\/wp-content\/uploads\/2026\/06\/Contenidos.jpg","width":1265,"height":697,"caption":"Contenidos"},"datePublished":"2013-11-29T15:09:07+01:00","dateModified":"2013-11-29T15:09:07+01:00","inLanguage":"es-ES","mainEntityOfPage":{"@id":"https:\/\/www.eldigitaldeasturias.com\/noticias\/javier-fernandez-espera-que-la-portavoz-del-pp-mercedes-fernandez-deje-de-alborotar\/#webpage"},"isPartOf":{"@id":"https:\/\/www.eldigitaldeasturias.com\/noticias\/javier-fernandez-espera-que-la-portavoz-del-pp-mercedes-fernandez-deje-de-alborotar\/#webpage"},"articleSection":"Actualidad Asturias"},{"@type":"BreadcrumbList","@id":"https:\/\/www.eldigitaldeasturias.com\/noticias\/javier-fernandez-espera-que-la-portavoz-del-pp-mercedes-fernandez-deje-de-alborotar\/#breadcrumblist","itemListElement":[{"@type":"ListItem","@id":"https:\/\/www.eldigitaldeasturias.com\/noticias#listItem","position":1,"name":"Home","item":"https:\/\/www.eldigitaldeasturias.com\/noticias","nextItem":{"@type":"ListItem","@id":"https:\/\/www.eldigitaldeasturias.com\/noticias\/category\/actualidad-asturias\/#listItem","name":"Actualidad Asturias"}},{"@type":"ListItem","@id":"https:\/\/www.eldigitaldeasturias.com\/noticias\/category\/actualidad-asturias\/#listItem","position":2,"name":"Actualidad Asturias","item":"https:\/\/www.eldigitaldeasturias.com\/noticias\/category\/actualidad-asturias\/","nextItem":{"@type":"ListItem","@id":"https:\/\/www.eldigitaldeasturias.com\/noticias\/javier-fernandez-espera-que-la-portavoz-del-pp-mercedes-fernandez-deje-de-alborotar\/#listItem","name":"Javier Fern\u00e1ndez, espera que la portavoz del PP, Mercedes Fern\u00e1ndez, deje de \u00abalborotar\u00bb"},"previousItem":{"@type":"ListItem","@id":"https:\/\/www.eldigitaldeasturias.com\/noticias#listItem","name":"Home"}},{"@type":"ListItem","@id":"https:\/\/www.eldigitaldeasturias.com\/noticias\/javier-fernandez-espera-que-la-portavoz-del-pp-mercedes-fernandez-deje-de-alborotar\/#listItem","position":3,"name":"Javier Fern\u00e1ndez, espera que la portavoz del PP, Mercedes Fern\u00e1ndez, deje de \u00abalborotar\u00bb","previousItem":{"@type":"ListItem","@id":"https:\/\/www.eldigitaldeasturias.com\/noticias\/category\/actualidad-asturias\/#listItem","name":"Actualidad Asturias"}}]},{"@type":"Organization","@id":"https:\/\/www.eldigitaldeasturias.com\/noticias\/#organization","name":"El Digital de Asturias","description":"Hemeroteca","url":"https:\/\/www.eldigitaldeasturias.com\/noticias\/","email":"info@eldigitaldeasturias.com","telephone":"+34652131393","logo":{"@type":"ImageObject","url":"https:\/\/www.eldigitaldeasturias.com\/noticias\/wp-content\/uploads\/2020\/12\/EDA.jpg","@id":"https:\/\/www.eldigitaldeasturias.com\/noticias\/javier-fernandez-espera-que-la-portavoz-del-pp-mercedes-fernandez-deje-de-alborotar\/#organizationLogo"},"image":{"@id":"https:\/\/www.eldigitaldeasturias.com\/noticias\/javier-fernandez-espera-que-la-portavoz-del-pp-mercedes-fernandez-deje-de-alborotar\/#organizationLogo"},"sameAs":["https:\/\/facebook.com\/eldigitaldeasturias","https:\/\/www.youtube.com\/channel\/UCZP-2wLEB9Rv6erhFmqVnvg"],"address":{"@id":"https:\/\/www.eldigitaldeasturias.com\/noticias\/#postaladdress","@type":"PostalAddress","streetAddress":"san antonio 4","postalCode":"33430","addressLocality":"Cand\u00e1s","addressRegion":"Asturias","addressCountry":"ES"}},{"@type":"Person","@id":"https:\/\/www.eldigitaldeasturias.com\/noticias\/author\/admin\/#author","url":"https:\/\/www.eldigitaldeasturias.com\/noticias\/author\/admin\/","name":"El Digital de Asturias","image":{"@type":"ImageObject","@id":"https:\/\/www.eldigitaldeasturias.com\/noticias\/javier-fernandez-espera-que-la-portavoz-del-pp-mercedes-fernandez-deje-de-alborotar\/#authorImage","url":"https:\/\/secure.gravatar.com\/avatar\/df2aeffc32bcd13f8d26072ef8a91b623d677766deac7f97ca815868cd41bf5e?s=96&d=mm&r=g","width":96,"height":96,"caption":"El Digital de Asturias"}},{"@type":"WebPage","@id":"https:\/\/www.eldigitaldeasturias.com\/noticias\/javier-fernandez-espera-que-la-portavoz-del-pp-mercedes-fernandez-deje-de-alborotar\/#webpage","url":"https:\/\/www.eldigitaldeasturias.com\/noticias\/javier-fernandez-espera-que-la-portavoz-del-pp-mercedes-fernandez-deje-de-alborotar\/","name":"Javier Fern\u00e1ndez, espera que la portavoz del PP, Mercedes Fern\u00e1ndez, deje de \u00abalborotar\u00bb - El Digital de Asturias","description":"Oviedo, 29 nov (EFE).- El presidente del Principado, Javier Fern\u00e1ndez, espera que la portavoz del PP, Mercedes Fern\u00e1ndez, deje de alborotar y \"utilice su influencia\" ante el Ejecutivo central para beneficiar a los ganaderos, \"ya que no lo hizo con la miner\u00eda, que est\u00e1 a punto de ser extinguida por el Gobierno de Espa\u00f1a\". Javier","inLanguage":"es-ES","isPartOf":{"@id":"https:\/\/www.eldigitaldeasturias.com\/noticias\/#website"},"breadcrumb":{"@id":"https:\/\/www.eldigitaldeasturias.com\/noticias\/javier-fernandez-espera-que-la-portavoz-del-pp-mercedes-fernandez-deje-de-alborotar\/#breadcrumblist"},"author":{"@id":"https:\/\/www.eldigitaldeasturias.com\/noticias\/author\/admin\/#author"},"creator":{"@id":"https:\/\/www.eldigitaldeasturias.com\/noticias\/author\/admin\/#author"},"image":{"@type":"ImageObject","url":"https:\/\/www.eldigitaldeasturias.com\/noticias\/wp-content\/uploads\/2026\/06\/Contenidos.jpg","@id":"https:\/\/www.eldigitaldeasturias.com\/noticias\/javier-fernandez-espera-que-la-portavoz-del-pp-mercedes-fernandez-deje-de-alborotar\/#mainImage","width":1265,"height":697,"caption":"Contenidos"},"primaryImageOfPage":{"@id":"https:\/\/www.eldigitaldeasturias.com\/noticias\/javier-fernandez-espera-que-la-portavoz-del-pp-mercedes-fernandez-deje-de-alborotar\/#mainImage"},"datePublished":"2013-11-29T15:09:07+01:00","dateModified":"2013-11-29T15:09:07+01:00"},{"@type":"WebSite","@id":"https:\/\/www.eldigitaldeasturias.com\/noticias\/#website","url":"https:\/\/www.eldigitaldeasturias.com\/noticias\/","name":"El Digital de Asturias - Diario de actualidad y noticias","alternateName":"El Digital de Asturias - Diario de actualidad y noticias","description":"Hemeroteca","inLanguage":"es-ES","publisher":{"@id":"https:\/\/www.eldigitaldeasturias.com\/noticias\/#organization"}}]},"og:locale":"es_ES","og:site_name":"El Digital de Asturias","og:type":"article","og:title":"Javier Fern\u00e1ndez, espera que la portavoz del PP, Mercedes Fern\u00e1ndez, deje de \u00abalborotar\u00bb - El Digital de Asturias","og:description":"Oviedo, 29 nov (EFE).- El presidente del Principado, Javier Fern\u00e1ndez, espera que la portavoz del PP, Mercedes Fern\u00e1ndez, deje de alborotar y &quot;utilice su influencia&quot; ante el Ejecutivo central para beneficiar a los ganaderos, &quot;ya que no lo hizo con la miner\u00eda, que est\u00e1 a punto de ser extinguida por el Gobierno de Espa\u00f1a&quot;. Javier","og:url":"https:\/\/www.eldigitaldeasturias.com\/noticias\/javier-fernandez-espera-que-la-portavoz-del-pp-mercedes-fernandez-deje-de-alborotar\/","og:image":"https:\/\/www.eldigitaldeasturias.com\/noticias\/wp-content\/uploads\/2026\/06\/Contenidos.jpg","og:image:secure_url":"https:\/\/www.eldigitaldeasturias.com\/noticias\/wp-content\/uploads\/2026\/06\/Contenidos.jpg","og:image:width":1265,"og:image:height":697,"article:tag":["actualidad asturias"],"article:published_time":"2013-11-29T16:09:07+00:00","article:modified_time":"2013-11-29T16:09:07+00:00","article:publisher":"https:\/\/facebook.com\/eldigitaldeasturias","twitter:card":"summary_large_image","twitter:title":"Javier Fern\u00e1ndez, espera que la portavoz del PP, Mercedes Fern\u00e1ndez, deje de \u00abalborotar\u00bb - El Digital de Asturias","twitter:description":"Oviedo, 29 nov (EFE).- El presidente del Principado, Javier Fern\u00e1ndez, espera que la portavoz del PP, Mercedes Fern\u00e1ndez, deje de alborotar y &quot;utilice su influencia&quot; ante el Ejecutivo central para beneficiar a los ganaderos, &quot;ya que no lo hizo con la miner\u00eda, que est\u00e1 a punto de ser extinguida por el Gobierno de Espa\u00f1a&quot;. Javier","twitter:image":"https:\/\/www.eldigitaldeasturias.com\/noticias\/wp-content\/uploads\/2026\/06\/Contenidos.jpg","twitter:label1":"Escrito por","twitter:data1":"El Digital de Asturias","twitter:label2":"Tiempo de lectura estimado","twitter:data2":"2 minutos"},"aioseo_meta_data":{"post_id":"455685","title":null,"description":null,"keywords":null,"keyphrases":null,"primary_term":null,"canonical_url":null,"og_title":null,"og_description":null,"og_object_type":"default","og_image_type":"default","og_image_url":null,"og_image_width":null,"og_image_height":null,"og_image_custom_url":null,"og_image_custom_fields":null,"og_video":null,"og_custom_url":null,"og_article_section":null,"og_article_tags":null,"twitter_use_og":true,"twitter_card":"default","twitter_image_type":"default","twitter_image_url":null,"twitter_image_custom_url":null,"twitter_image_custom_fields":null,"twitter_title":null,"twitter_description":null,"schema":{"blockGraphs":[],"customGraphs":[],"default":{"data":{"Article":[],"Course":[],"Dataset":[],"FAQPage":[],"Movie":[],"Person":[],"Product":[],"ProductReview":[],"Car":[],"Recipe":[],"Service":[],"SoftwareApplication":[],"WebPage":[]},"graphName":"","isEnabled":true},"graphs":[],"defaultGraph":"","defaultPostTypeGraph":""},"schema_type":null,"schema_type_options":null,"pillar_content":false,"robots_default":true,"robots_noindex":false,"robots_noarchive":false,"robots_nosnippet":false,"robots_nofollow":false,"robots_noimageindex":false,"robots_noodp":false,"robots_notranslate":false,"robots_max_snippet":null,"robots_max_videopreview":null,"robots_max_imagepreview":"none","priority":null,"frequency":null,"local_seo":null,"seo_analyzer_scan_date":"2026-05-29 19:12:52","breadcrumb_settings":null,"limit_modified_date":false,"open_ai":null,"ai":null,"created":"2020-11-14 22:45:20","updated":"2026-05-29 19:12:52","focus_keyword":null,"additional_keywords":null,"truseo_locale":null},"aioseo_breadcrumb":"<div class=\"aioseo-breadcrumbs\"><span class=\"aioseo-breadcrumb\">\n\t<a href=\"https:\/\/www.eldigitaldeasturias.com\/noticias\" title=\"Home\">Home<\/a>\n<\/span><span class=\"aioseo-breadcrumb-separator\">\u2013<\/span><span class=\"aioseo-breadcrumb\">\n\t<a href=\"https:\/\/www.eldigitaldeasturias.com\/noticias\/category\/actualidad-asturias\/\" title=\"Actualidad Asturias\">Actualidad Asturias<\/a>\n<\/span><span class=\"aioseo-breadcrumb-separator\">\u2013<\/span><span class=\"aioseo-breadcrumb\">\n\t<a href=\"https:\/\/www.eldigitaldeasturias.com\/noticias\/javier-fernandez-espera-que-la-portavoz-del-pp-mercedes-fernandez-deje-de-alborotar\/\" title=\"Javier Fern\u00e1ndez, espera que la portavoz del PP, Mercedes Fern\u00e1ndez, deje de \u00abalborotar\u00bb\">Javier Fern\u00e1ndez, espera que la portavoz del PP, Mercedes Fern\u00e1ndez, deje de \u00abalborotar\u00bb<\/a>\n<\/span><\/div>","aioseo_breadcrumb_json":[{"label":"Home","link":"https:\/\/www.eldigitaldeasturias.com\/noticias"},{"label":"Actualidad Asturias","link":"https:\/\/www.eldigitaldeasturias.com\/noticias\/category\/actualidad-asturias\/"},{"label":"Javier Fern\u00e1ndez, espera que la portavoz del PP, Mercedes Fern\u00e1ndez, deje de \u00abalborotar\u00bb","link":"https:\/\/www.eldigitaldeasturias.com\/noticias\/javier-fernandez-espera-que-la-portavoz-del-pp-mercedes-fernandez-deje-de-alborotar\/"}],"_links":{"self":[{"href":"https:\/\/www.eldigitaldeasturias.com\/noticias\/wp-json\/wp\/v2\/posts\/455685","targetHints":{"allow":["GET"]}}],"collection":[{"href":"https:\/\/www.eldigitaldeasturias.com\/noticias\/wp-json\/wp\/v2\/posts"}],"about":[{"href":"https:\/\/www.eldigitaldeasturias.com\/noticias\/wp-json\/wp\/v2\/types\/post"}],"author":[{"embeddable":true,"href":"https:\/\/www.eldigitaldeasturias.com\/noticias\/wp-json\/wp\/v2\/users\/1"}],"replies":[{"embeddable":true,"href":"https:\/\/www.eldigitaldeasturias.com\/noticias\/wp-json\/wp\/v2\/comments?post=455685"}],"version-history":[{"count":0,"href":"https:\/\/www.eldigitaldeasturias.com\/noticias\/wp-json\/wp\/v2\/posts\/455685\/revisions"}],"wp:featuredmedia":[{"embeddable":true,"href":"https:\/\/www.eldigitaldeasturias.com\/noticias\/wp-json\/wp\/v2\/media\/1132184"}],"wp:attachment":[{"href":"https:\/\/www.eldigitaldeasturias.com\/noticias\/wp-json\/wp\/v2\/media?parent=455685"}],"wp:term":[{"taxonomy":"category","embeddable":true,"href":"https:\/\/www.eldigitaldeasturias.com\/noticias\/wp-json\/wp\/v2\/categories?post=455685"},{"taxonomy":"post_tag","embeddable":true,"href":"https:\/\/www.eldigitaldeasturias.com\/noticias\/wp-json\/wp\/v2\/tags?post=455685"}],"curies":[{"name":"wp","href":"https:\/\/api.w.org\/{rel}","templated":true}]}}