{"id":455683,"date":"2013-11-29T15:06:57","date_gmt":"2013-11-29T16:06:57","guid":{"rendered":"http:\/\/www.eldigitaldeasturias.com\/noticias\/?p=455683"},"modified":"2013-11-29T15:06:57","modified_gmt":"2013-11-29T16:06:57","slug":"javier-fernandez-asegura-que-con-las-pymes-se-ha-hecho-un-buen-trabajo-en-un-ano","status":"publish","type":"post","link":"https:\/\/www.eldigitaldeasturias.com\/noticias\/javier-fernandez-asegura-que-con-las-pymes-se-ha-hecho-un-buen-trabajo-en-un-ano\/","title":{"rendered":"Javier Fern\u00e1ndez asegura que con las pymes se ha hecho un \u00abbuen trabajo\u00bb en un a\u00f1o"},"content":{"rendered":"<p><img loading=\"lazy\" decoding=\"async\" class=\"alignleft size-medium wp-image-681\" alt=\"palamento_20130913133437_8001\" src=\"https:\/\/www.eldigitaldeasturias.com\/noticias\/wp-content\/uploads\/2013\/09\/palamento_20130913133437_8001-360x240.jpg\" width=\"360\" height=\"240\" \/>Oviedo, 29 nov (EFE).- El presidente del Principado, Javier Fern\u00e1ndez, ha asegurado hoy que con aut\u00f3nomos y pymes el Gobierno asturiano ha hecho \u00abun buen trabajo\u00bb durante el \u00faltimo a\u00f1o, aunque ha advertido que nunca es suficiente y que para continuar con esa trayectoria hace falta contar con presupuesto.<\/p>\n<p>El jefe del Ejecutivo regional ha contestado as\u00ed en el pleno de la Junta General del Principado a una pregunta formulada por el diputado de UPyD, Ignacio Prendes, sobre los esfuerzos hechos por el Gobierno para apoyar a este sector.<\/p>\n<p>Seg\u00fan Prendes, pymes y aut\u00f3nomos suponen el 99,9 por ciento del tejido empresarial y son fundamentales para la recuperaci\u00f3n econ\u00f3mica del Principado, que desde el comienzo de la crisis ha visto desaparecer 60.000 empleos y 6.000 empresas, 2.098 de ellas en el \u00faltimo a\u00f1o, en el que se ha acentuado.<\/p>\n<p>Ha recordado que en el \u00abfenecido pacto de legislatura\u00bb que hab\u00edan suscrito PSOE y UPyD se planteaban medidas como la eliminaci\u00f3n de trabas burocr\u00e1ticas, facilitar el acceso al cr\u00e9dito de las peque\u00f1as empresas o poner en marcha \u00abincentivos fiscales regionales, que no aumentar la carga fiscal, para favorecer la implantaci\u00f3n de empresas\u00bb.<\/p>\n<p>No obstante, ha afirmado que, salvo alguna cuesti\u00f3n referente al cheque del aut\u00f3nomo o Asturex, \u00abnada se ha hecho\u00bb por \u00abfalta de impulso e iniciativa\u00bb que, seg\u00fan ha subrayado, espera no se mantengan de cara al futuro.<\/p>\n<p>Tras su intervenci\u00f3n, Fern\u00e1ndez ha incidido en que, en el marco de las limitaciones presupuestarias y competenciales existentes, el Gobierno regional ha hecho un buen trabajo, aunque nunca dir\u00e1, ni en \u00e9sta ni en ninguna otra materia, que se ha hecho lo suficiente.<\/p>\n<p>Ha a\u00f1adido que desconoc\u00eda que todas las medidas contempladas para pymes en el pacto de legislatura y que hoy record\u00f3 Prendes, hubiese que haberlas cumplido durante el primer a\u00f1o del acuerdo.<\/p>\n<p>\u00abNo me dijo que todas estas medidas hab\u00eda que hacerlas en el primer a\u00f1o del acuerdo, en el que se han hecho, no pocas\u00bb, ha subrayado.<\/p>\n<p>Fern\u00e1ndez ha reconocido que las dificultades para hacer a\u00fan m\u00e1s cosas en el primer a\u00f1o eran evidentes pero que no pod\u00eda estar de acuerdo con Prendes en que muchas de ella sean ajenas al presupuesto.<\/p>\n<p>\u00abEsto tiene mucho que ver con los recursos presupuestarios con los que cuente el Gobierno, no lo dude\u00bb, ha matizado.<\/p>\n","protected":false},"excerpt":{"rendered":"<p>Oviedo, 29 nov (EFE).- El presidente del Principado, Javier Fern\u00e1ndez, ha asegurado hoy que con aut\u00f3nomos y pymes el Gobierno asturiano ha hecho \u00abun buen trabajo\u00bb durante el \u00faltimo a\u00f1o, aunque ha advertido que nunca es suficiente y que para continuar con esa trayectoria hace falta contar con presupuesto. El jefe del Ejecutivo regional ha [&hellip;]<\/p>\n","protected":false},"author":1,"featured_media":1132184,"comment_status":"closed","ping_status":"open","sticky":false,"template":"","format":"standard","meta":{"footnotes":""},"categories":[12],"tags":[],"class_list":["post-455683","post","type-post","status-publish","format-standard","has-post-thumbnail","hentry","category-actualidad-asturias"],"aioseo_notices":[],"aioseo_head":"\n\t\t<!-- All in One SEO Pro 5.0.1 - aioseo.com -->\n\t<meta name=\"description\" content=\"Oviedo, 29 nov (EFE).- El presidente del Principado, Javier Fern\u00e1ndez, ha asegurado hoy que con aut\u00f3nomos y pymes el Gobierno asturiano ha hecho &quot;un buen trabajo&quot; durante el \u00faltimo a\u00f1o, aunque ha advertido que nunca es suficiente y que para continuar con esa trayectoria hace falta contar con presupuesto. El jefe del Ejecutivo regional ha\" \/>\n\t<meta name=\"robots\" content=\"max-image-preview:large\" \/>\n\t<meta name=\"author\" content=\"El Digital de Asturias\"\/>\n\t<meta name=\"google-site-verification\" content=\"UA-38556648-1\" \/>\n\t<meta name=\"msvalidate.01\" content=\"7dfe9f3f1b24437ab69f4f2559babe99\" \/>\n\t<meta name=\"keywords\" content=\"actualidad asturias\" \/>\n\t<link rel=\"canonical\" href=\"https:\/\/www.eldigitaldeasturias.com\/noticias\/javier-fernandez-asegura-que-con-las-pymes-se-ha-hecho-un-buen-trabajo-en-un-ano\/\" \/>\n\t<meta name=\"generator\" content=\"All in One SEO Pro (AIOSEO) 5.0.1\" \/>\n\t\t<meta property=\"og:locale\" content=\"es_ES\" \/>\n\t\t<meta property=\"og:site_name\" content=\"El Digital de Asturias\" \/>\n\t\t<meta property=\"og:type\" content=\"article\" \/>\n\t\t<meta property=\"og:title\" content=\"Javier Fern\u00e1ndez asegura que con las pymes se ha hecho un \u00abbuen trabajo\u00bb en un a\u00f1o - El Digital de Asturias\" \/>\n\t\t<meta property=\"og:description\" content=\"Oviedo, 29 nov (EFE).- El presidente del Principado, Javier Fern\u00e1ndez, ha asegurado hoy que con aut\u00f3nomos y pymes el Gobierno asturiano ha hecho &quot;un buen trabajo&quot; durante el \u00faltimo a\u00f1o, aunque ha advertido que nunca es suficiente y que para continuar con esa trayectoria hace falta contar con presupuesto. El jefe del Ejecutivo regional ha\" \/>\n\t\t<meta property=\"og:url\" content=\"https:\/\/www.eldigitaldeasturias.com\/noticias\/javier-fernandez-asegura-que-con-las-pymes-se-ha-hecho-un-buen-trabajo-en-un-ano\/\" \/>\n\t\t<meta property=\"og:image\" content=\"https:\/\/www.eldigitaldeasturias.com\/noticias\/wp-content\/uploads\/2026\/06\/Contenidos.jpg\" \/>\n\t\t<meta property=\"og:image:secure_url\" content=\"https:\/\/www.eldigitaldeasturias.com\/noticias\/wp-content\/uploads\/2026\/06\/Contenidos.jpg\" \/>\n\t\t<meta property=\"og:image:width\" content=\"1265\" \/>\n\t\t<meta property=\"og:image:height\" content=\"697\" \/>\n\t\t<meta property=\"article:tag\" content=\"actualidad asturias\" \/>\n\t\t<meta property=\"article:published_time\" content=\"2013-11-29T16:06:57+00:00\" \/>\n\t\t<meta property=\"article:modified_time\" content=\"2013-11-29T16:06:57+00:00\" \/>\n\t\t<meta property=\"article:publisher\" content=\"https:\/\/facebook.com\/eldigitaldeasturias\" \/>\n\t\t<meta name=\"twitter:card\" content=\"summary_large_image\" \/>\n\t\t<meta name=\"twitter:title\" content=\"Javier Fern\u00e1ndez asegura que con las pymes se ha hecho un \u00abbuen trabajo\u00bb en un a\u00f1o - El Digital de Asturias\" \/>\n\t\t<meta name=\"twitter:description\" content=\"Oviedo, 29 nov (EFE).- El presidente del Principado, Javier Fern\u00e1ndez, ha asegurado hoy que con aut\u00f3nomos y pymes el Gobierno asturiano ha hecho &quot;un buen trabajo&quot; durante el \u00faltimo a\u00f1o, aunque ha advertido que nunca es suficiente y que para continuar con esa trayectoria hace falta contar con presupuesto. El jefe del Ejecutivo regional ha\" \/>\n\t\t<meta name=\"twitter:image\" content=\"https:\/\/www.eldigitaldeasturias.com\/noticias\/wp-content\/uploads\/2026\/06\/Contenidos.jpg\" \/>\n\t\t<meta name=\"twitter:label1\" content=\"Escrito por\" \/>\n\t\t<meta name=\"twitter:data1\" content=\"El Digital de Asturias\" \/>\n\t\t<meta name=\"twitter:label2\" content=\"Tiempo de lectura estimado\" \/>\n\t\t<meta name=\"twitter:data2\" content=\"2 minutos\" \/>\n\t\t<script type=\"application\/ld+json\" class=\"aioseo-schema\">\n\t\t\t{\"@context\":\"https:\\\/\\\/schema.org\",\"@graph\":[{\"@type\":\"BlogPosting\",\"@id\":\"https:\\\/\\\/www.eldigitaldeasturias.com\\\/noticias\\\/javier-fernandez-asegura-que-con-las-pymes-se-ha-hecho-un-buen-trabajo-en-un-ano\\\/#blogposting\",\"name\":\"Javier Fern\\u00e1ndez asegura que con las pymes se ha hecho un \\u00abbuen trabajo\\u00bb en un a\\u00f1o - El Digital de Asturias\",\"headline\":\"Javier Fern\\u00e1ndez asegura que con las pymes se ha hecho un \\u00abbuen trabajo\\u00bb en un a\\u00f1o\",\"author\":{\"@id\":\"https:\\\/\\\/www.eldigitaldeasturias.com\\\/noticias\\\/author\\\/admin\\\/#author\"},\"publisher\":{\"@id\":\"https:\\\/\\\/www.eldigitaldeasturias.com\\\/noticias\\\/#organization\"},\"image\":{\"@type\":\"ImageObject\",\"url\":\"https:\\\/\\\/www.eldigitaldeasturias.com\\\/noticias\\\/wp-content\\\/uploads\\\/2026\\\/06\\\/Contenidos.jpg\",\"width\":1265,\"height\":697,\"caption\":\"Contenidos\"},\"datePublished\":\"2013-11-29T15:06:57+01:00\",\"dateModified\":\"2013-11-29T15:06:57+01:00\",\"inLanguage\":\"es-ES\",\"mainEntityOfPage\":{\"@id\":\"https:\\\/\\\/www.eldigitaldeasturias.com\\\/noticias\\\/javier-fernandez-asegura-que-con-las-pymes-se-ha-hecho-un-buen-trabajo-en-un-ano\\\/#webpage\"},\"isPartOf\":{\"@id\":\"https:\\\/\\\/www.eldigitaldeasturias.com\\\/noticias\\\/javier-fernandez-asegura-que-con-las-pymes-se-ha-hecho-un-buen-trabajo-en-un-ano\\\/#webpage\"},\"articleSection\":\"Actualidad Asturias\"},{\"@type\":\"BreadcrumbList\",\"@id\":\"https:\\\/\\\/www.eldigitaldeasturias.com\\\/noticias\\\/javier-fernandez-asegura-que-con-las-pymes-se-ha-hecho-un-buen-trabajo-en-un-ano\\\/#breadcrumblist\",\"itemListElement\":[{\"@type\":\"ListItem\",\"@id\":\"https:\\\/\\\/www.eldigitaldeasturias.com\\\/noticias#listItem\",\"position\":1,\"name\":\"Home\",\"item\":\"https:\\\/\\\/www.eldigitaldeasturias.com\\\/noticias\",\"nextItem\":{\"@type\":\"ListItem\",\"@id\":\"https:\\\/\\\/www.eldigitaldeasturias.com\\\/noticias\\\/category\\\/actualidad-asturias\\\/#listItem\",\"name\":\"Actualidad Asturias\"}},{\"@type\":\"ListItem\",\"@id\":\"https:\\\/\\\/www.eldigitaldeasturias.com\\\/noticias\\\/category\\\/actualidad-asturias\\\/#listItem\",\"position\":2,\"name\":\"Actualidad Asturias\",\"item\":\"https:\\\/\\\/www.eldigitaldeasturias.com\\\/noticias\\\/category\\\/actualidad-asturias\\\/\",\"nextItem\":{\"@type\":\"ListItem\",\"@id\":\"https:\\\/\\\/www.eldigitaldeasturias.com\\\/noticias\\\/javier-fernandez-asegura-que-con-las-pymes-se-ha-hecho-un-buen-trabajo-en-un-ano\\\/#listItem\",\"name\":\"Javier Fern\\u00e1ndez asegura que con las pymes se ha hecho un \\u00abbuen trabajo\\u00bb en un a\\u00f1o\"},\"previousItem\":{\"@type\":\"ListItem\",\"@id\":\"https:\\\/\\\/www.eldigitaldeasturias.com\\\/noticias#listItem\",\"name\":\"Home\"}},{\"@type\":\"ListItem\",\"@id\":\"https:\\\/\\\/www.eldigitaldeasturias.com\\\/noticias\\\/javier-fernandez-asegura-que-con-las-pymes-se-ha-hecho-un-buen-trabajo-en-un-ano\\\/#listItem\",\"position\":3,\"name\":\"Javier Fern\\u00e1ndez asegura que con las pymes se ha hecho un \\u00abbuen trabajo\\u00bb en un a\\u00f1o\",\"previousItem\":{\"@type\":\"ListItem\",\"@id\":\"https:\\\/\\\/www.eldigitaldeasturias.com\\\/noticias\\\/category\\\/actualidad-asturias\\\/#listItem\",\"name\":\"Actualidad Asturias\"}}]},{\"@type\":\"Organization\",\"@id\":\"https:\\\/\\\/www.eldigitaldeasturias.com\\\/noticias\\\/#organization\",\"name\":\"El Digital de Asturias\",\"description\":\"Hemeroteca\",\"url\":\"https:\\\/\\\/www.eldigitaldeasturias.com\\\/noticias\\\/\",\"email\":\"info@eldigitaldeasturias.com\",\"telephone\":\"+34652131393\",\"logo\":{\"@type\":\"ImageObject\",\"url\":\"https:\\\/\\\/www.eldigitaldeasturias.com\\\/noticias\\\/wp-content\\\/uploads\\\/2020\\\/12\\\/EDA.jpg\",\"@id\":\"https:\\\/\\\/www.eldigitaldeasturias.com\\\/noticias\\\/javier-fernandez-asegura-que-con-las-pymes-se-ha-hecho-un-buen-trabajo-en-un-ano\\\/#organizationLogo\"},\"image\":{\"@id\":\"https:\\\/\\\/www.eldigitaldeasturias.com\\\/noticias\\\/javier-fernandez-asegura-que-con-las-pymes-se-ha-hecho-un-buen-trabajo-en-un-ano\\\/#organizationLogo\"},\"sameAs\":[\"https:\\\/\\\/facebook.com\\\/eldigitaldeasturias\",\"https:\\\/\\\/www.youtube.com\\\/channel\\\/UCZP-2wLEB9Rv6erhFmqVnvg\"],\"address\":{\"@id\":\"https:\\\/\\\/www.eldigitaldeasturias.com\\\/noticias\\\/#postaladdress\",\"@type\":\"PostalAddress\",\"streetAddress\":\"san antonio 4\",\"postalCode\":\"33430\",\"addressLocality\":\"Cand\\u00e1s\",\"addressRegion\":\"Asturias\",\"addressCountry\":\"ES\"}},{\"@type\":\"Person\",\"@id\":\"https:\\\/\\\/www.eldigitaldeasturias.com\\\/noticias\\\/author\\\/admin\\\/#author\",\"url\":\"https:\\\/\\\/www.eldigitaldeasturias.com\\\/noticias\\\/author\\\/admin\\\/\",\"name\":\"El Digital de Asturias\",\"image\":{\"@type\":\"ImageObject\",\"@id\":\"https:\\\/\\\/www.eldigitaldeasturias.com\\\/noticias\\\/javier-fernandez-asegura-que-con-las-pymes-se-ha-hecho-un-buen-trabajo-en-un-ano\\\/#authorImage\",\"url\":\"https:\\\/\\\/secure.gravatar.com\\\/avatar\\\/df2aeffc32bcd13f8d26072ef8a91b623d677766deac7f97ca815868cd41bf5e?s=96&d=mm&r=g\",\"width\":96,\"height\":96,\"caption\":\"El Digital de Asturias\"}},{\"@type\":\"WebPage\",\"@id\":\"https:\\\/\\\/www.eldigitaldeasturias.com\\\/noticias\\\/javier-fernandez-asegura-que-con-las-pymes-se-ha-hecho-un-buen-trabajo-en-un-ano\\\/#webpage\",\"url\":\"https:\\\/\\\/www.eldigitaldeasturias.com\\\/noticias\\\/javier-fernandez-asegura-que-con-las-pymes-se-ha-hecho-un-buen-trabajo-en-un-ano\\\/\",\"name\":\"Javier Fern\\u00e1ndez asegura que con las pymes se ha hecho un \\u00abbuen trabajo\\u00bb en un a\\u00f1o - El Digital de Asturias\",\"description\":\"Oviedo, 29 nov (EFE).- El presidente del Principado, Javier Fern\\u00e1ndez, ha asegurado hoy que con aut\\u00f3nomos y pymes el Gobierno asturiano ha hecho \\\"un buen trabajo\\\" durante el \\u00faltimo a\\u00f1o, aunque ha advertido que nunca es suficiente y que para continuar con esa trayectoria hace falta contar con presupuesto. El jefe del Ejecutivo regional ha\",\"inLanguage\":\"es-ES\",\"isPartOf\":{\"@id\":\"https:\\\/\\\/www.eldigitaldeasturias.com\\\/noticias\\\/#website\"},\"breadcrumb\":{\"@id\":\"https:\\\/\\\/www.eldigitaldeasturias.com\\\/noticias\\\/javier-fernandez-asegura-que-con-las-pymes-se-ha-hecho-un-buen-trabajo-en-un-ano\\\/#breadcrumblist\"},\"author\":{\"@id\":\"https:\\\/\\\/www.eldigitaldeasturias.com\\\/noticias\\\/author\\\/admin\\\/#author\"},\"creator\":{\"@id\":\"https:\\\/\\\/www.eldigitaldeasturias.com\\\/noticias\\\/author\\\/admin\\\/#author\"},\"image\":{\"@type\":\"ImageObject\",\"url\":\"https:\\\/\\\/www.eldigitaldeasturias.com\\\/noticias\\\/wp-content\\\/uploads\\\/2026\\\/06\\\/Contenidos.jpg\",\"@id\":\"https:\\\/\\\/www.eldigitaldeasturias.com\\\/noticias\\\/javier-fernandez-asegura-que-con-las-pymes-se-ha-hecho-un-buen-trabajo-en-un-ano\\\/#mainImage\",\"width\":1265,\"height\":697,\"caption\":\"Contenidos\"},\"primaryImageOfPage\":{\"@id\":\"https:\\\/\\\/www.eldigitaldeasturias.com\\\/noticias\\\/javier-fernandez-asegura-que-con-las-pymes-se-ha-hecho-un-buen-trabajo-en-un-ano\\\/#mainImage\"},\"datePublished\":\"2013-11-29T15:06:57+01:00\",\"dateModified\":\"2013-11-29T15:06:57+01:00\"},{\"@type\":\"WebSite\",\"@id\":\"https:\\\/\\\/www.eldigitaldeasturias.com\\\/noticias\\\/#website\",\"url\":\"https:\\\/\\\/www.eldigitaldeasturias.com\\\/noticias\\\/\",\"name\":\"El Digital de Asturias - Diario de actualidad y noticias\",\"alternateName\":\"El Digital de Asturias - Diario de actualidad y noticias\",\"description\":\"Hemeroteca\",\"inLanguage\":\"es-ES\",\"publisher\":{\"@id\":\"https:\\\/\\\/www.eldigitaldeasturias.com\\\/noticias\\\/#organization\"}}]}\n\t\t<\/script>\n\t\t<!-- All in One SEO Pro -->\r\n\t\t<title>Javier Fern\u00e1ndez asegura que con las pymes se ha hecho un \u00abbuen trabajo\u00bb en un a\u00f1o - El Digital de Asturias<\/title>\n\n","aioseo_head_json":{"title":"Javier Fern\u00e1ndez asegura que con las pymes se ha hecho un \u00abbuen trabajo\u00bb en un a\u00f1o - El Digital de Asturias","description":"Oviedo, 29 nov (EFE).- El presidente del Principado, Javier Fern\u00e1ndez, ha asegurado hoy que con aut\u00f3nomos y pymes el Gobierno asturiano ha hecho \"un buen trabajo\" durante el \u00faltimo a\u00f1o, aunque ha advertido que nunca es suficiente y que para continuar con esa trayectoria hace falta contar con presupuesto. El jefe del Ejecutivo regional ha","canonical_url":"https:\/\/www.eldigitaldeasturias.com\/noticias\/javier-fernandez-asegura-que-con-las-pymes-se-ha-hecho-un-buen-trabajo-en-un-ano\/","robots":"max-image-preview:large","keywords":"actualidad asturias","webmasterTools":{"google-site-verification":"UA-38556648-1","msvalidate.01":"7dfe9f3f1b24437ab69f4f2559babe99","miscellaneous":""},"schema":{"@context":"https:\/\/schema.org","@graph":[{"@type":"BlogPosting","@id":"https:\/\/www.eldigitaldeasturias.com\/noticias\/javier-fernandez-asegura-que-con-las-pymes-se-ha-hecho-un-buen-trabajo-en-un-ano\/#blogposting","name":"Javier Fern\u00e1ndez asegura que con las pymes se ha hecho un \u00abbuen trabajo\u00bb en un a\u00f1o - El Digital de Asturias","headline":"Javier Fern\u00e1ndez asegura que con las pymes se ha hecho un \u00abbuen trabajo\u00bb en un a\u00f1o","author":{"@id":"https:\/\/www.eldigitaldeasturias.com\/noticias\/author\/admin\/#author"},"publisher":{"@id":"https:\/\/www.eldigitaldeasturias.com\/noticias\/#organization"},"image":{"@type":"ImageObject","url":"https:\/\/www.eldigitaldeasturias.com\/noticias\/wp-content\/uploads\/2026\/06\/Contenidos.jpg","width":1265,"height":697,"caption":"Contenidos"},"datePublished":"2013-11-29T15:06:57+01:00","dateModified":"2013-11-29T15:06:57+01:00","inLanguage":"es-ES","mainEntityOfPage":{"@id":"https:\/\/www.eldigitaldeasturias.com\/noticias\/javier-fernandez-asegura-que-con-las-pymes-se-ha-hecho-un-buen-trabajo-en-un-ano\/#webpage"},"isPartOf":{"@id":"https:\/\/www.eldigitaldeasturias.com\/noticias\/javier-fernandez-asegura-que-con-las-pymes-se-ha-hecho-un-buen-trabajo-en-un-ano\/#webpage"},"articleSection":"Actualidad Asturias"},{"@type":"BreadcrumbList","@id":"https:\/\/www.eldigitaldeasturias.com\/noticias\/javier-fernandez-asegura-que-con-las-pymes-se-ha-hecho-un-buen-trabajo-en-un-ano\/#breadcrumblist","itemListElement":[{"@type":"ListItem","@id":"https:\/\/www.eldigitaldeasturias.com\/noticias#listItem","position":1,"name":"Home","item":"https:\/\/www.eldigitaldeasturias.com\/noticias","nextItem":{"@type":"ListItem","@id":"https:\/\/www.eldigitaldeasturias.com\/noticias\/category\/actualidad-asturias\/#listItem","name":"Actualidad Asturias"}},{"@type":"ListItem","@id":"https:\/\/www.eldigitaldeasturias.com\/noticias\/category\/actualidad-asturias\/#listItem","position":2,"name":"Actualidad Asturias","item":"https:\/\/www.eldigitaldeasturias.com\/noticias\/category\/actualidad-asturias\/","nextItem":{"@type":"ListItem","@id":"https:\/\/www.eldigitaldeasturias.com\/noticias\/javier-fernandez-asegura-que-con-las-pymes-se-ha-hecho-un-buen-trabajo-en-un-ano\/#listItem","name":"Javier Fern\u00e1ndez asegura que con las pymes se ha hecho un \u00abbuen trabajo\u00bb en un a\u00f1o"},"previousItem":{"@type":"ListItem","@id":"https:\/\/www.eldigitaldeasturias.com\/noticias#listItem","name":"Home"}},{"@type":"ListItem","@id":"https:\/\/www.eldigitaldeasturias.com\/noticias\/javier-fernandez-asegura-que-con-las-pymes-se-ha-hecho-un-buen-trabajo-en-un-ano\/#listItem","position":3,"name":"Javier Fern\u00e1ndez asegura que con las pymes se ha hecho un \u00abbuen trabajo\u00bb en un a\u00f1o","previousItem":{"@type":"ListItem","@id":"https:\/\/www.eldigitaldeasturias.com\/noticias\/category\/actualidad-asturias\/#listItem","name":"Actualidad Asturias"}}]},{"@type":"Organization","@id":"https:\/\/www.eldigitaldeasturias.com\/noticias\/#organization","name":"El Digital de Asturias","description":"Hemeroteca","url":"https:\/\/www.eldigitaldeasturias.com\/noticias\/","email":"info@eldigitaldeasturias.com","telephone":"+34652131393","logo":{"@type":"ImageObject","url":"https:\/\/www.eldigitaldeasturias.com\/noticias\/wp-content\/uploads\/2020\/12\/EDA.jpg","@id":"https:\/\/www.eldigitaldeasturias.com\/noticias\/javier-fernandez-asegura-que-con-las-pymes-se-ha-hecho-un-buen-trabajo-en-un-ano\/#organizationLogo"},"image":{"@id":"https:\/\/www.eldigitaldeasturias.com\/noticias\/javier-fernandez-asegura-que-con-las-pymes-se-ha-hecho-un-buen-trabajo-en-un-ano\/#organizationLogo"},"sameAs":["https:\/\/facebook.com\/eldigitaldeasturias","https:\/\/www.youtube.com\/channel\/UCZP-2wLEB9Rv6erhFmqVnvg"],"address":{"@id":"https:\/\/www.eldigitaldeasturias.com\/noticias\/#postaladdress","@type":"PostalAddress","streetAddress":"san antonio 4","postalCode":"33430","addressLocality":"Cand\u00e1s","addressRegion":"Asturias","addressCountry":"ES"}},{"@type":"Person","@id":"https:\/\/www.eldigitaldeasturias.com\/noticias\/author\/admin\/#author","url":"https:\/\/www.eldigitaldeasturias.com\/noticias\/author\/admin\/","name":"El Digital de Asturias","image":{"@type":"ImageObject","@id":"https:\/\/www.eldigitaldeasturias.com\/noticias\/javier-fernandez-asegura-que-con-las-pymes-se-ha-hecho-un-buen-trabajo-en-un-ano\/#authorImage","url":"https:\/\/secure.gravatar.com\/avatar\/df2aeffc32bcd13f8d26072ef8a91b623d677766deac7f97ca815868cd41bf5e?s=96&d=mm&r=g","width":96,"height":96,"caption":"El Digital de Asturias"}},{"@type":"WebPage","@id":"https:\/\/www.eldigitaldeasturias.com\/noticias\/javier-fernandez-asegura-que-con-las-pymes-se-ha-hecho-un-buen-trabajo-en-un-ano\/#webpage","url":"https:\/\/www.eldigitaldeasturias.com\/noticias\/javier-fernandez-asegura-que-con-las-pymes-se-ha-hecho-un-buen-trabajo-en-un-ano\/","name":"Javier Fern\u00e1ndez asegura que con las pymes se ha hecho un \u00abbuen trabajo\u00bb en un a\u00f1o - El Digital de Asturias","description":"Oviedo, 29 nov (EFE).- El presidente del Principado, Javier Fern\u00e1ndez, ha asegurado hoy que con aut\u00f3nomos y pymes el Gobierno asturiano ha hecho \"un buen trabajo\" durante el \u00faltimo a\u00f1o, aunque ha advertido que nunca es suficiente y que para continuar con esa trayectoria hace falta contar con presupuesto. El jefe del Ejecutivo regional ha","inLanguage":"es-ES","isPartOf":{"@id":"https:\/\/www.eldigitaldeasturias.com\/noticias\/#website"},"breadcrumb":{"@id":"https:\/\/www.eldigitaldeasturias.com\/noticias\/javier-fernandez-asegura-que-con-las-pymes-se-ha-hecho-un-buen-trabajo-en-un-ano\/#breadcrumblist"},"author":{"@id":"https:\/\/www.eldigitaldeasturias.com\/noticias\/author\/admin\/#author"},"creator":{"@id":"https:\/\/www.eldigitaldeasturias.com\/noticias\/author\/admin\/#author"},"image":{"@type":"ImageObject","url":"https:\/\/www.eldigitaldeasturias.com\/noticias\/wp-content\/uploads\/2026\/06\/Contenidos.jpg","@id":"https:\/\/www.eldigitaldeasturias.com\/noticias\/javier-fernandez-asegura-que-con-las-pymes-se-ha-hecho-un-buen-trabajo-en-un-ano\/#mainImage","width":1265,"height":697,"caption":"Contenidos"},"primaryImageOfPage":{"@id":"https:\/\/www.eldigitaldeasturias.com\/noticias\/javier-fernandez-asegura-que-con-las-pymes-se-ha-hecho-un-buen-trabajo-en-un-ano\/#mainImage"},"datePublished":"2013-11-29T15:06:57+01:00","dateModified":"2013-11-29T15:06:57+01:00"},{"@type":"WebSite","@id":"https:\/\/www.eldigitaldeasturias.com\/noticias\/#website","url":"https:\/\/www.eldigitaldeasturias.com\/noticias\/","name":"El Digital de Asturias - Diario de actualidad y noticias","alternateName":"El Digital de Asturias - Diario de actualidad y noticias","description":"Hemeroteca","inLanguage":"es-ES","publisher":{"@id":"https:\/\/www.eldigitaldeasturias.com\/noticias\/#organization"}}]},"og:locale":"es_ES","og:site_name":"El Digital de Asturias","og:type":"article","og:title":"Javier Fern\u00e1ndez asegura que con las pymes se ha hecho un \u00abbuen trabajo\u00bb en un a\u00f1o - El Digital de Asturias","og:description":"Oviedo, 29 nov (EFE).- El presidente del Principado, Javier Fern\u00e1ndez, ha asegurado hoy que con aut\u00f3nomos y pymes el Gobierno asturiano ha hecho &quot;un buen trabajo&quot; durante el \u00faltimo a\u00f1o, aunque ha advertido que nunca es suficiente y que para continuar con esa trayectoria hace falta contar con presupuesto. El jefe del Ejecutivo regional ha","og:url":"https:\/\/www.eldigitaldeasturias.com\/noticias\/javier-fernandez-asegura-que-con-las-pymes-se-ha-hecho-un-buen-trabajo-en-un-ano\/","og:image":"https:\/\/www.eldigitaldeasturias.com\/noticias\/wp-content\/uploads\/2026\/06\/Contenidos.jpg","og:image:secure_url":"https:\/\/www.eldigitaldeasturias.com\/noticias\/wp-content\/uploads\/2026\/06\/Contenidos.jpg","og:image:width":1265,"og:image:height":697,"article:tag":["actualidad asturias"],"article:published_time":"2013-11-29T16:06:57+00:00","article:modified_time":"2013-11-29T16:06:57+00:00","article:publisher":"https:\/\/facebook.com\/eldigitaldeasturias","twitter:card":"summary_large_image","twitter:title":"Javier Fern\u00e1ndez asegura que con las pymes se ha hecho un \u00abbuen trabajo\u00bb en un a\u00f1o - El Digital de Asturias","twitter:description":"Oviedo, 29 nov (EFE).- El presidente del Principado, Javier Fern\u00e1ndez, ha asegurado hoy que con aut\u00f3nomos y pymes el Gobierno asturiano ha hecho &quot;un buen trabajo&quot; durante el \u00faltimo a\u00f1o, aunque ha advertido que nunca es suficiente y que para continuar con esa trayectoria hace falta contar con presupuesto. El jefe del Ejecutivo regional ha","twitter:image":"https:\/\/www.eldigitaldeasturias.com\/noticias\/wp-content\/uploads\/2026\/06\/Contenidos.jpg","twitter:label1":"Escrito por","twitter:data1":"El Digital de Asturias","twitter:label2":"Tiempo de lectura estimado","twitter:data2":"2 minutos"},"aioseo_meta_data":{"post_id":"455683","title":null,"description":null,"keywords":null,"keyphrases":null,"primary_term":null,"canonical_url":null,"og_title":null,"og_description":null,"og_object_type":"default","og_image_type":"default","og_image_url":null,"og_image_width":null,"og_image_height":null,"og_image_custom_url":null,"og_image_custom_fields":null,"og_video":null,"og_custom_url":null,"og_article_section":null,"og_article_tags":null,"twitter_use_og":true,"twitter_card":"default","twitter_image_type":"default","twitter_image_url":null,"twitter_image_custom_url":null,"twitter_image_custom_fields":null,"twitter_title":null,"twitter_description":null,"schema":{"blockGraphs":[],"customGraphs":[],"default":{"data":{"Article":[],"Course":[],"Dataset":[],"FAQPage":[],"Movie":[],"Person":[],"Product":[],"ProductReview":[],"Car":[],"Recipe":[],"Service":[],"SoftwareApplication":[],"WebPage":[]},"graphName":"","isEnabled":true},"graphs":[],"defaultGraph":"","defaultPostTypeGraph":""},"schema_type":null,"schema_type_options":null,"pillar_content":false,"robots_default":true,"robots_noindex":false,"robots_noarchive":false,"robots_nosnippet":false,"robots_nofollow":false,"robots_noimageindex":false,"robots_noodp":false,"robots_notranslate":false,"robots_max_snippet":null,"robots_max_videopreview":null,"robots_max_imagepreview":"none","priority":null,"frequency":null,"local_seo":null,"seo_analyzer_scan_date":"2026-05-29 19:12:51","breadcrumb_settings":null,"limit_modified_date":false,"open_ai":null,"ai":null,"created":"2020-11-14 22:45:20","updated":"2026-05-29 19:12:51","focus_keyword":null,"additional_keywords":null,"truseo_locale":null},"aioseo_breadcrumb":"<div class=\"aioseo-breadcrumbs\"><span class=\"aioseo-breadcrumb\">\n\t<a href=\"https:\/\/www.eldigitaldeasturias.com\/noticias\" title=\"Home\">Home<\/a>\n<\/span><span class=\"aioseo-breadcrumb-separator\">\u2013<\/span><span class=\"aioseo-breadcrumb\">\n\t<a href=\"https:\/\/www.eldigitaldeasturias.com\/noticias\/category\/actualidad-asturias\/\" title=\"Actualidad Asturias\">Actualidad Asturias<\/a>\n<\/span><span class=\"aioseo-breadcrumb-separator\">\u2013<\/span><span class=\"aioseo-breadcrumb\">\n\t<a href=\"https:\/\/www.eldigitaldeasturias.com\/noticias\/javier-fernandez-asegura-que-con-las-pymes-se-ha-hecho-un-buen-trabajo-en-un-ano\/\" title=\"Javier Fern\u00e1ndez asegura que con las pymes se ha hecho un \u00abbuen trabajo\u00bb en un a\u00f1o\">Javier Fern\u00e1ndez asegura que con las pymes se ha hecho un \u00abbuen trabajo\u00bb en un a\u00f1o<\/a>\n<\/span><\/div>","aioseo_breadcrumb_json":[{"label":"Home","link":"https:\/\/www.eldigitaldeasturias.com\/noticias"},{"label":"Actualidad Asturias","link":"https:\/\/www.eldigitaldeasturias.com\/noticias\/category\/actualidad-asturias\/"},{"label":"Javier Fern\u00e1ndez asegura que con las pymes se ha hecho un \u00abbuen trabajo\u00bb en un a\u00f1o","link":"https:\/\/www.eldigitaldeasturias.com\/noticias\/javier-fernandez-asegura-que-con-las-pymes-se-ha-hecho-un-buen-trabajo-en-un-ano\/"}],"_links":{"self":[{"href":"https:\/\/www.eldigitaldeasturias.com\/noticias\/wp-json\/wp\/v2\/posts\/455683","targetHints":{"allow":["GET"]}}],"collection":[{"href":"https:\/\/www.eldigitaldeasturias.com\/noticias\/wp-json\/wp\/v2\/posts"}],"about":[{"href":"https:\/\/www.eldigitaldeasturias.com\/noticias\/wp-json\/wp\/v2\/types\/post"}],"author":[{"embeddable":true,"href":"https:\/\/www.eldigitaldeasturias.com\/noticias\/wp-json\/wp\/v2\/users\/1"}],"replies":[{"embeddable":true,"href":"https:\/\/www.eldigitaldeasturias.com\/noticias\/wp-json\/wp\/v2\/comments?post=455683"}],"version-history":[{"count":0,"href":"https:\/\/www.eldigitaldeasturias.com\/noticias\/wp-json\/wp\/v2\/posts\/455683\/revisions"}],"wp:featuredmedia":[{"embeddable":true,"href":"https:\/\/www.eldigitaldeasturias.com\/noticias\/wp-json\/wp\/v2\/media\/1132184"}],"wp:attachment":[{"href":"https:\/\/www.eldigitaldeasturias.com\/noticias\/wp-json\/wp\/v2\/media?parent=455683"}],"wp:term":[{"taxonomy":"category","embeddable":true,"href":"https:\/\/www.eldigitaldeasturias.com\/noticias\/wp-json\/wp\/v2\/categories?post=455683"},{"taxonomy":"post_tag","embeddable":true,"href":"https:\/\/www.eldigitaldeasturias.com\/noticias\/wp-json\/wp\/v2\/tags?post=455683"}],"curies":[{"name":"wp","href":"https:\/\/api.w.org\/{rel}","templated":true}]}}