{"id":455679,"date":"2013-11-29T15:03:34","date_gmt":"2013-11-29T16:03:34","guid":{"rendered":"http:\/\/www.eldigitaldeasturias.com\/noticias\/?p=455679"},"modified":"2013-11-29T15:03:34","modified_gmt":"2013-11-29T16:03:34","slug":"aprobada-la-terna-de-candidatos-para-nombrar-al-magistrado-del-tsja","status":"publish","type":"post","link":"https:\/\/www.eldigitaldeasturias.com\/noticias\/aprobada-la-terna-de-candidatos-para-nombrar-al-magistrado-del-tsja\/","title":{"rendered":"Aprobada la terna de candidatos para nombrar al magistrado del TSJA"},"content":{"rendered":"<p><img loading=\"lazy\" decoding=\"async\" class=\"alignleft size-medium wp-image-370\" alt=\"audienciaprovincialoviedo_20130918194045_800\" src=\"https:\/\/www.eldigitaldeasturias.com\/noticias\/wp-content\/uploads\/2013\/09\/audienciaprovincialoviedo_20130918194045_800-360x240.jpg\" width=\"360\" height=\"240\" \/>Oviedo, 29 nov (EFE).- El pleno de la Junta General del Principado ha aprobado hoy la terna de candidatos propuesta por PSOE e IU para cubrir la plaza de magistrado de la sala Civil y Penal del Tribunal Superior de Justicia de Asturias (TSJA), vacante desde el fallecimiento en enero de 2012 de Jos\u00e9 Manuel Buj\u00e1n.<\/p>\n<p>La iniciativa ha salido adelante con el voto de los grupos proponentes y con la abstenci\u00f3n de Foro y del PP mientras que el \u00fanico parlamentario de UPyD, Ignacio Prendes, ha votado en contra.<\/p>\n<p>La terna plantea como candidatos a trasladar al Consejo General del Poder Judicial (CGPJ) para esta designaci\u00f3n al juez Rafael Abril Manso, al notario \u00c1ngel Azn\u00e1rez y a la tambi\u00e9n letrada Carmen Landeira \u00c1lvarez-Cascos, esta \u00faltima a propuesta de IU.<\/p>\n<p>El pasado mes de octubre la Mesa de la C\u00e1mara acord\u00f3 reactivar el proceso despu\u00e9s de que este mismo \u00f3rgano rechazase meses atr\u00e1s tramitar la terna planteada entonces por ambas formaciones por la falta de determinada documentaci\u00f3n en los candidatos.<\/p>\n<p>Aquella propuesta estaba integrada por el exdiputado socialista \u00c1lvaro Cuesta; Carmen Landeira y Alfonso Su\u00e1rez, asesor jur\u00eddico de IU y la presencia del exparlamentario del PSOE hab\u00eda sido criticada por PP y UPyD.<\/p>\n<p>El asunto qued\u00f3 paralizado desde entonces lo que llev\u00f3 al presidente del TSJA, Ignacio Vidau, a criticar la \u00abescasa diligencia\u00bb de la Junta General para abordar este tr\u00e1mite.<\/p>\n","protected":false},"excerpt":{"rendered":"<p>Oviedo, 29 nov (EFE).- El pleno de la Junta General del Principado ha aprobado hoy la terna de candidatos propuesta por PSOE e IU para cubrir la plaza de magistrado de la sala Civil y Penal del Tribunal Superior de Justicia de Asturias (TSJA), vacante desde el fallecimiento en enero de 2012 de Jos\u00e9 Manuel [&hellip;]<\/p>\n","protected":false},"author":1,"featured_media":1132184,"comment_status":"closed","ping_status":"open","sticky":false,"template":"","format":"standard","meta":{"footnotes":""},"categories":[12],"tags":[],"class_list":["post-455679","post","type-post","status-publish","format-standard","has-post-thumbnail","hentry","category-actualidad-asturias"],"aioseo_notices":[],"aioseo_head":"\n\t\t<!-- All in One SEO Pro 5.0.1 - aioseo.com -->\n\t<meta name=\"description\" content=\"Oviedo, 29 nov (EFE).- El pleno de la Junta General del Principado ha aprobado hoy la terna de candidatos propuesta por PSOE e IU para cubrir la plaza de magistrado de la sala Civil y Penal del Tribunal Superior de Justicia de Asturias (TSJA), vacante desde el fallecimiento en enero de 2012 de Jos\u00e9 Manuel\" \/>\n\t<meta name=\"robots\" content=\"max-image-preview:large\" \/>\n\t<meta name=\"author\" content=\"El Digital de Asturias\"\/>\n\t<meta name=\"google-site-verification\" content=\"UA-38556648-1\" \/>\n\t<meta name=\"msvalidate.01\" content=\"7dfe9f3f1b24437ab69f4f2559babe99\" \/>\n\t<meta name=\"keywords\" content=\"actualidad asturias\" \/>\n\t<link rel=\"canonical\" href=\"https:\/\/www.eldigitaldeasturias.com\/noticias\/aprobada-la-terna-de-candidatos-para-nombrar-al-magistrado-del-tsja\/\" \/>\n\t<meta name=\"generator\" content=\"All in One SEO Pro (AIOSEO) 5.0.1\" \/>\n\t\t<meta property=\"og:locale\" content=\"es_ES\" \/>\n\t\t<meta property=\"og:site_name\" content=\"El Digital de Asturias\" \/>\n\t\t<meta property=\"og:type\" content=\"article\" \/>\n\t\t<meta property=\"og:title\" content=\"Aprobada la terna de candidatos para nombrar al magistrado del TSJA - El Digital de Asturias\" \/>\n\t\t<meta property=\"og:description\" content=\"Oviedo, 29 nov (EFE).- El pleno de la Junta General del Principado ha aprobado hoy la terna de candidatos propuesta por PSOE e IU para cubrir la plaza de magistrado de la sala Civil y Penal del Tribunal Superior de Justicia de Asturias (TSJA), vacante desde el fallecimiento en enero de 2012 de Jos\u00e9 Manuel\" \/>\n\t\t<meta property=\"og:url\" content=\"https:\/\/www.eldigitaldeasturias.com\/noticias\/aprobada-la-terna-de-candidatos-para-nombrar-al-magistrado-del-tsja\/\" \/>\n\t\t<meta property=\"og:image\" content=\"https:\/\/www.eldigitaldeasturias.com\/noticias\/wp-content\/uploads\/2026\/06\/Contenidos.jpg\" \/>\n\t\t<meta property=\"og:image:secure_url\" content=\"https:\/\/www.eldigitaldeasturias.com\/noticias\/wp-content\/uploads\/2026\/06\/Contenidos.jpg\" \/>\n\t\t<meta property=\"og:image:width\" content=\"1265\" \/>\n\t\t<meta property=\"og:image:height\" content=\"697\" \/>\n\t\t<meta property=\"article:tag\" content=\"actualidad asturias\" \/>\n\t\t<meta property=\"article:published_time\" content=\"2013-11-29T16:03:34+00:00\" \/>\n\t\t<meta property=\"article:modified_time\" content=\"2013-11-29T16:03:34+00:00\" \/>\n\t\t<meta property=\"article:publisher\" content=\"https:\/\/facebook.com\/eldigitaldeasturias\" \/>\n\t\t<meta name=\"twitter:card\" content=\"summary_large_image\" \/>\n\t\t<meta name=\"twitter:title\" content=\"Aprobada la terna de candidatos para nombrar al magistrado del TSJA - El Digital de Asturias\" \/>\n\t\t<meta name=\"twitter:description\" content=\"Oviedo, 29 nov (EFE).- El pleno de la Junta General del Principado ha aprobado hoy la terna de candidatos propuesta por PSOE e IU para cubrir la plaza de magistrado de la sala Civil y Penal del Tribunal Superior de Justicia de Asturias (TSJA), vacante desde el fallecimiento en enero de 2012 de Jos\u00e9 Manuel\" \/>\n\t\t<meta name=\"twitter:image\" content=\"https:\/\/www.eldigitaldeasturias.com\/noticias\/wp-content\/uploads\/2026\/06\/Contenidos.jpg\" \/>\n\t\t<meta name=\"twitter:label1\" content=\"Escrito por\" \/>\n\t\t<meta name=\"twitter:data1\" content=\"El Digital de Asturias\" \/>\n\t\t<meta name=\"twitter:label2\" content=\"Tiempo de lectura estimado\" \/>\n\t\t<meta name=\"twitter:data2\" content=\"1 minuto\" \/>\n\t\t<script type=\"application\/ld+json\" class=\"aioseo-schema\">\n\t\t\t{\"@context\":\"https:\\\/\\\/schema.org\",\"@graph\":[{\"@type\":\"BlogPosting\",\"@id\":\"https:\\\/\\\/www.eldigitaldeasturias.com\\\/noticias\\\/aprobada-la-terna-de-candidatos-para-nombrar-al-magistrado-del-tsja\\\/#blogposting\",\"name\":\"Aprobada la terna de candidatos para nombrar al magistrado del TSJA - El Digital de Asturias\",\"headline\":\"Aprobada la terna de candidatos para nombrar al magistrado del TSJA\",\"author\":{\"@id\":\"https:\\\/\\\/www.eldigitaldeasturias.com\\\/noticias\\\/author\\\/admin\\\/#author\"},\"publisher\":{\"@id\":\"https:\\\/\\\/www.eldigitaldeasturias.com\\\/noticias\\\/#organization\"},\"image\":{\"@type\":\"ImageObject\",\"url\":\"https:\\\/\\\/www.eldigitaldeasturias.com\\\/noticias\\\/wp-content\\\/uploads\\\/2026\\\/06\\\/Contenidos.jpg\",\"width\":1265,\"height\":697,\"caption\":\"Contenidos\"},\"datePublished\":\"2013-11-29T15:03:34+01:00\",\"dateModified\":\"2013-11-29T15:03:34+01:00\",\"inLanguage\":\"es-ES\",\"mainEntityOfPage\":{\"@id\":\"https:\\\/\\\/www.eldigitaldeasturias.com\\\/noticias\\\/aprobada-la-terna-de-candidatos-para-nombrar-al-magistrado-del-tsja\\\/#webpage\"},\"isPartOf\":{\"@id\":\"https:\\\/\\\/www.eldigitaldeasturias.com\\\/noticias\\\/aprobada-la-terna-de-candidatos-para-nombrar-al-magistrado-del-tsja\\\/#webpage\"},\"articleSection\":\"Actualidad Asturias\"},{\"@type\":\"BreadcrumbList\",\"@id\":\"https:\\\/\\\/www.eldigitaldeasturias.com\\\/noticias\\\/aprobada-la-terna-de-candidatos-para-nombrar-al-magistrado-del-tsja\\\/#breadcrumblist\",\"itemListElement\":[{\"@type\":\"ListItem\",\"@id\":\"https:\\\/\\\/www.eldigitaldeasturias.com\\\/noticias#listItem\",\"position\":1,\"name\":\"Home\",\"item\":\"https:\\\/\\\/www.eldigitaldeasturias.com\\\/noticias\",\"nextItem\":{\"@type\":\"ListItem\",\"@id\":\"https:\\\/\\\/www.eldigitaldeasturias.com\\\/noticias\\\/category\\\/actualidad-asturias\\\/#listItem\",\"name\":\"Actualidad Asturias\"}},{\"@type\":\"ListItem\",\"@id\":\"https:\\\/\\\/www.eldigitaldeasturias.com\\\/noticias\\\/category\\\/actualidad-asturias\\\/#listItem\",\"position\":2,\"name\":\"Actualidad Asturias\",\"item\":\"https:\\\/\\\/www.eldigitaldeasturias.com\\\/noticias\\\/category\\\/actualidad-asturias\\\/\",\"nextItem\":{\"@type\":\"ListItem\",\"@id\":\"https:\\\/\\\/www.eldigitaldeasturias.com\\\/noticias\\\/aprobada-la-terna-de-candidatos-para-nombrar-al-magistrado-del-tsja\\\/#listItem\",\"name\":\"Aprobada la terna de candidatos para nombrar al magistrado del TSJA\"},\"previousItem\":{\"@type\":\"ListItem\",\"@id\":\"https:\\\/\\\/www.eldigitaldeasturias.com\\\/noticias#listItem\",\"name\":\"Home\"}},{\"@type\":\"ListItem\",\"@id\":\"https:\\\/\\\/www.eldigitaldeasturias.com\\\/noticias\\\/aprobada-la-terna-de-candidatos-para-nombrar-al-magistrado-del-tsja\\\/#listItem\",\"position\":3,\"name\":\"Aprobada la terna de candidatos para nombrar al magistrado del TSJA\",\"previousItem\":{\"@type\":\"ListItem\",\"@id\":\"https:\\\/\\\/www.eldigitaldeasturias.com\\\/noticias\\\/category\\\/actualidad-asturias\\\/#listItem\",\"name\":\"Actualidad Asturias\"}}]},{\"@type\":\"Organization\",\"@id\":\"https:\\\/\\\/www.eldigitaldeasturias.com\\\/noticias\\\/#organization\",\"name\":\"El Digital de Asturias\",\"description\":\"Hemeroteca\",\"url\":\"https:\\\/\\\/www.eldigitaldeasturias.com\\\/noticias\\\/\",\"email\":\"info@eldigitaldeasturias.com\",\"telephone\":\"+34652131393\",\"logo\":{\"@type\":\"ImageObject\",\"url\":\"https:\\\/\\\/www.eldigitaldeasturias.com\\\/noticias\\\/wp-content\\\/uploads\\\/2020\\\/12\\\/EDA.jpg\",\"@id\":\"https:\\\/\\\/www.eldigitaldeasturias.com\\\/noticias\\\/aprobada-la-terna-de-candidatos-para-nombrar-al-magistrado-del-tsja\\\/#organizationLogo\"},\"image\":{\"@id\":\"https:\\\/\\\/www.eldigitaldeasturias.com\\\/noticias\\\/aprobada-la-terna-de-candidatos-para-nombrar-al-magistrado-del-tsja\\\/#organizationLogo\"},\"sameAs\":[\"https:\\\/\\\/facebook.com\\\/eldigitaldeasturias\",\"https:\\\/\\\/www.youtube.com\\\/channel\\\/UCZP-2wLEB9Rv6erhFmqVnvg\"],\"address\":{\"@id\":\"https:\\\/\\\/www.eldigitaldeasturias.com\\\/noticias\\\/#postaladdress\",\"@type\":\"PostalAddress\",\"streetAddress\":\"san antonio 4\",\"postalCode\":\"33430\",\"addressLocality\":\"Cand\\u00e1s\",\"addressRegion\":\"Asturias\",\"addressCountry\":\"ES\"}},{\"@type\":\"Person\",\"@id\":\"https:\\\/\\\/www.eldigitaldeasturias.com\\\/noticias\\\/author\\\/admin\\\/#author\",\"url\":\"https:\\\/\\\/www.eldigitaldeasturias.com\\\/noticias\\\/author\\\/admin\\\/\",\"name\":\"El Digital de Asturias\",\"image\":{\"@type\":\"ImageObject\",\"@id\":\"https:\\\/\\\/www.eldigitaldeasturias.com\\\/noticias\\\/aprobada-la-terna-de-candidatos-para-nombrar-al-magistrado-del-tsja\\\/#authorImage\",\"url\":\"https:\\\/\\\/secure.gravatar.com\\\/avatar\\\/df2aeffc32bcd13f8d26072ef8a91b623d677766deac7f97ca815868cd41bf5e?s=96&d=mm&r=g\",\"width\":96,\"height\":96,\"caption\":\"El Digital de Asturias\"}},{\"@type\":\"WebPage\",\"@id\":\"https:\\\/\\\/www.eldigitaldeasturias.com\\\/noticias\\\/aprobada-la-terna-de-candidatos-para-nombrar-al-magistrado-del-tsja\\\/#webpage\",\"url\":\"https:\\\/\\\/www.eldigitaldeasturias.com\\\/noticias\\\/aprobada-la-terna-de-candidatos-para-nombrar-al-magistrado-del-tsja\\\/\",\"name\":\"Aprobada la terna de candidatos para nombrar al magistrado del TSJA - El Digital de Asturias\",\"description\":\"Oviedo, 29 nov (EFE).- El pleno de la Junta General del Principado ha aprobado hoy la terna de candidatos propuesta por PSOE e IU para cubrir la plaza de magistrado de la sala Civil y Penal del Tribunal Superior de Justicia de Asturias (TSJA), vacante desde el fallecimiento en enero de 2012 de Jos\\u00e9 Manuel\",\"inLanguage\":\"es-ES\",\"isPartOf\":{\"@id\":\"https:\\\/\\\/www.eldigitaldeasturias.com\\\/noticias\\\/#website\"},\"breadcrumb\":{\"@id\":\"https:\\\/\\\/www.eldigitaldeasturias.com\\\/noticias\\\/aprobada-la-terna-de-candidatos-para-nombrar-al-magistrado-del-tsja\\\/#breadcrumblist\"},\"author\":{\"@id\":\"https:\\\/\\\/www.eldigitaldeasturias.com\\\/noticias\\\/author\\\/admin\\\/#author\"},\"creator\":{\"@id\":\"https:\\\/\\\/www.eldigitaldeasturias.com\\\/noticias\\\/author\\\/admin\\\/#author\"},\"image\":{\"@type\":\"ImageObject\",\"url\":\"https:\\\/\\\/www.eldigitaldeasturias.com\\\/noticias\\\/wp-content\\\/uploads\\\/2026\\\/06\\\/Contenidos.jpg\",\"@id\":\"https:\\\/\\\/www.eldigitaldeasturias.com\\\/noticias\\\/aprobada-la-terna-de-candidatos-para-nombrar-al-magistrado-del-tsja\\\/#mainImage\",\"width\":1265,\"height\":697,\"caption\":\"Contenidos\"},\"primaryImageOfPage\":{\"@id\":\"https:\\\/\\\/www.eldigitaldeasturias.com\\\/noticias\\\/aprobada-la-terna-de-candidatos-para-nombrar-al-magistrado-del-tsja\\\/#mainImage\"},\"datePublished\":\"2013-11-29T15:03:34+01:00\",\"dateModified\":\"2013-11-29T15:03:34+01:00\"},{\"@type\":\"WebSite\",\"@id\":\"https:\\\/\\\/www.eldigitaldeasturias.com\\\/noticias\\\/#website\",\"url\":\"https:\\\/\\\/www.eldigitaldeasturias.com\\\/noticias\\\/\",\"name\":\"El Digital de Asturias - Diario de actualidad y noticias\",\"alternateName\":\"El Digital de Asturias - Diario de actualidad y noticias\",\"description\":\"Hemeroteca\",\"inLanguage\":\"es-ES\",\"publisher\":{\"@id\":\"https:\\\/\\\/www.eldigitaldeasturias.com\\\/noticias\\\/#organization\"}}]}\n\t\t<\/script>\n\t\t<!-- All in One SEO Pro -->\r\n\t\t<title>Aprobada la terna de candidatos para nombrar al magistrado del TSJA - El Digital de Asturias<\/title>\n\n","aioseo_head_json":{"title":"Aprobada la terna de candidatos para nombrar al magistrado del TSJA - El Digital de Asturias","description":"Oviedo, 29 nov (EFE).- El pleno de la Junta General del Principado ha aprobado hoy la terna de candidatos propuesta por PSOE e IU para cubrir la plaza de magistrado de la sala Civil y Penal del Tribunal Superior de Justicia de Asturias (TSJA), vacante desde el fallecimiento en enero de 2012 de Jos\u00e9 Manuel","canonical_url":"https:\/\/www.eldigitaldeasturias.com\/noticias\/aprobada-la-terna-de-candidatos-para-nombrar-al-magistrado-del-tsja\/","robots":"max-image-preview:large","keywords":"actualidad asturias","webmasterTools":{"google-site-verification":"UA-38556648-1","msvalidate.01":"7dfe9f3f1b24437ab69f4f2559babe99","miscellaneous":""},"schema":{"@context":"https:\/\/schema.org","@graph":[{"@type":"BlogPosting","@id":"https:\/\/www.eldigitaldeasturias.com\/noticias\/aprobada-la-terna-de-candidatos-para-nombrar-al-magistrado-del-tsja\/#blogposting","name":"Aprobada la terna de candidatos para nombrar al magistrado del TSJA - El Digital de Asturias","headline":"Aprobada la terna de candidatos para nombrar al magistrado del TSJA","author":{"@id":"https:\/\/www.eldigitaldeasturias.com\/noticias\/author\/admin\/#author"},"publisher":{"@id":"https:\/\/www.eldigitaldeasturias.com\/noticias\/#organization"},"image":{"@type":"ImageObject","url":"https:\/\/www.eldigitaldeasturias.com\/noticias\/wp-content\/uploads\/2026\/06\/Contenidos.jpg","width":1265,"height":697,"caption":"Contenidos"},"datePublished":"2013-11-29T15:03:34+01:00","dateModified":"2013-11-29T15:03:34+01:00","inLanguage":"es-ES","mainEntityOfPage":{"@id":"https:\/\/www.eldigitaldeasturias.com\/noticias\/aprobada-la-terna-de-candidatos-para-nombrar-al-magistrado-del-tsja\/#webpage"},"isPartOf":{"@id":"https:\/\/www.eldigitaldeasturias.com\/noticias\/aprobada-la-terna-de-candidatos-para-nombrar-al-magistrado-del-tsja\/#webpage"},"articleSection":"Actualidad Asturias"},{"@type":"BreadcrumbList","@id":"https:\/\/www.eldigitaldeasturias.com\/noticias\/aprobada-la-terna-de-candidatos-para-nombrar-al-magistrado-del-tsja\/#breadcrumblist","itemListElement":[{"@type":"ListItem","@id":"https:\/\/www.eldigitaldeasturias.com\/noticias#listItem","position":1,"name":"Home","item":"https:\/\/www.eldigitaldeasturias.com\/noticias","nextItem":{"@type":"ListItem","@id":"https:\/\/www.eldigitaldeasturias.com\/noticias\/category\/actualidad-asturias\/#listItem","name":"Actualidad Asturias"}},{"@type":"ListItem","@id":"https:\/\/www.eldigitaldeasturias.com\/noticias\/category\/actualidad-asturias\/#listItem","position":2,"name":"Actualidad Asturias","item":"https:\/\/www.eldigitaldeasturias.com\/noticias\/category\/actualidad-asturias\/","nextItem":{"@type":"ListItem","@id":"https:\/\/www.eldigitaldeasturias.com\/noticias\/aprobada-la-terna-de-candidatos-para-nombrar-al-magistrado-del-tsja\/#listItem","name":"Aprobada la terna de candidatos para nombrar al magistrado del TSJA"},"previousItem":{"@type":"ListItem","@id":"https:\/\/www.eldigitaldeasturias.com\/noticias#listItem","name":"Home"}},{"@type":"ListItem","@id":"https:\/\/www.eldigitaldeasturias.com\/noticias\/aprobada-la-terna-de-candidatos-para-nombrar-al-magistrado-del-tsja\/#listItem","position":3,"name":"Aprobada la terna de candidatos para nombrar al magistrado del TSJA","previousItem":{"@type":"ListItem","@id":"https:\/\/www.eldigitaldeasturias.com\/noticias\/category\/actualidad-asturias\/#listItem","name":"Actualidad Asturias"}}]},{"@type":"Organization","@id":"https:\/\/www.eldigitaldeasturias.com\/noticias\/#organization","name":"El Digital de Asturias","description":"Hemeroteca","url":"https:\/\/www.eldigitaldeasturias.com\/noticias\/","email":"info@eldigitaldeasturias.com","telephone":"+34652131393","logo":{"@type":"ImageObject","url":"https:\/\/www.eldigitaldeasturias.com\/noticias\/wp-content\/uploads\/2020\/12\/EDA.jpg","@id":"https:\/\/www.eldigitaldeasturias.com\/noticias\/aprobada-la-terna-de-candidatos-para-nombrar-al-magistrado-del-tsja\/#organizationLogo"},"image":{"@id":"https:\/\/www.eldigitaldeasturias.com\/noticias\/aprobada-la-terna-de-candidatos-para-nombrar-al-magistrado-del-tsja\/#organizationLogo"},"sameAs":["https:\/\/facebook.com\/eldigitaldeasturias","https:\/\/www.youtube.com\/channel\/UCZP-2wLEB9Rv6erhFmqVnvg"],"address":{"@id":"https:\/\/www.eldigitaldeasturias.com\/noticias\/#postaladdress","@type":"PostalAddress","streetAddress":"san antonio 4","postalCode":"33430","addressLocality":"Cand\u00e1s","addressRegion":"Asturias","addressCountry":"ES"}},{"@type":"Person","@id":"https:\/\/www.eldigitaldeasturias.com\/noticias\/author\/admin\/#author","url":"https:\/\/www.eldigitaldeasturias.com\/noticias\/author\/admin\/","name":"El Digital de Asturias","image":{"@type":"ImageObject","@id":"https:\/\/www.eldigitaldeasturias.com\/noticias\/aprobada-la-terna-de-candidatos-para-nombrar-al-magistrado-del-tsja\/#authorImage","url":"https:\/\/secure.gravatar.com\/avatar\/df2aeffc32bcd13f8d26072ef8a91b623d677766deac7f97ca815868cd41bf5e?s=96&d=mm&r=g","width":96,"height":96,"caption":"El Digital de Asturias"}},{"@type":"WebPage","@id":"https:\/\/www.eldigitaldeasturias.com\/noticias\/aprobada-la-terna-de-candidatos-para-nombrar-al-magistrado-del-tsja\/#webpage","url":"https:\/\/www.eldigitaldeasturias.com\/noticias\/aprobada-la-terna-de-candidatos-para-nombrar-al-magistrado-del-tsja\/","name":"Aprobada la terna de candidatos para nombrar al magistrado del TSJA - El Digital de Asturias","description":"Oviedo, 29 nov (EFE).- El pleno de la Junta General del Principado ha aprobado hoy la terna de candidatos propuesta por PSOE e IU para cubrir la plaza de magistrado de la sala Civil y Penal del Tribunal Superior de Justicia de Asturias (TSJA), vacante desde el fallecimiento en enero de 2012 de Jos\u00e9 Manuel","inLanguage":"es-ES","isPartOf":{"@id":"https:\/\/www.eldigitaldeasturias.com\/noticias\/#website"},"breadcrumb":{"@id":"https:\/\/www.eldigitaldeasturias.com\/noticias\/aprobada-la-terna-de-candidatos-para-nombrar-al-magistrado-del-tsja\/#breadcrumblist"},"author":{"@id":"https:\/\/www.eldigitaldeasturias.com\/noticias\/author\/admin\/#author"},"creator":{"@id":"https:\/\/www.eldigitaldeasturias.com\/noticias\/author\/admin\/#author"},"image":{"@type":"ImageObject","url":"https:\/\/www.eldigitaldeasturias.com\/noticias\/wp-content\/uploads\/2026\/06\/Contenidos.jpg","@id":"https:\/\/www.eldigitaldeasturias.com\/noticias\/aprobada-la-terna-de-candidatos-para-nombrar-al-magistrado-del-tsja\/#mainImage","width":1265,"height":697,"caption":"Contenidos"},"primaryImageOfPage":{"@id":"https:\/\/www.eldigitaldeasturias.com\/noticias\/aprobada-la-terna-de-candidatos-para-nombrar-al-magistrado-del-tsja\/#mainImage"},"datePublished":"2013-11-29T15:03:34+01:00","dateModified":"2013-11-29T15:03:34+01:00"},{"@type":"WebSite","@id":"https:\/\/www.eldigitaldeasturias.com\/noticias\/#website","url":"https:\/\/www.eldigitaldeasturias.com\/noticias\/","name":"El Digital de Asturias - Diario de actualidad y noticias","alternateName":"El Digital de Asturias - Diario de actualidad y noticias","description":"Hemeroteca","inLanguage":"es-ES","publisher":{"@id":"https:\/\/www.eldigitaldeasturias.com\/noticias\/#organization"}}]},"og:locale":"es_ES","og:site_name":"El Digital de Asturias","og:type":"article","og:title":"Aprobada la terna de candidatos para nombrar al magistrado del TSJA - El Digital de Asturias","og:description":"Oviedo, 29 nov (EFE).- El pleno de la Junta General del Principado ha aprobado hoy la terna de candidatos propuesta por PSOE e IU para cubrir la plaza de magistrado de la sala Civil y Penal del Tribunal Superior de Justicia de Asturias (TSJA), vacante desde el fallecimiento en enero de 2012 de Jos\u00e9 Manuel","og:url":"https:\/\/www.eldigitaldeasturias.com\/noticias\/aprobada-la-terna-de-candidatos-para-nombrar-al-magistrado-del-tsja\/","og:image":"https:\/\/www.eldigitaldeasturias.com\/noticias\/wp-content\/uploads\/2026\/06\/Contenidos.jpg","og:image:secure_url":"https:\/\/www.eldigitaldeasturias.com\/noticias\/wp-content\/uploads\/2026\/06\/Contenidos.jpg","og:image:width":1265,"og:image:height":697,"article:tag":["actualidad asturias"],"article:published_time":"2013-11-29T16:03:34+00:00","article:modified_time":"2013-11-29T16:03:34+00:00","article:publisher":"https:\/\/facebook.com\/eldigitaldeasturias","twitter:card":"summary_large_image","twitter:title":"Aprobada la terna de candidatos para nombrar al magistrado del TSJA - El Digital de Asturias","twitter:description":"Oviedo, 29 nov (EFE).- El pleno de la Junta General del Principado ha aprobado hoy la terna de candidatos propuesta por PSOE e IU para cubrir la plaza de magistrado de la sala Civil y Penal del Tribunal Superior de Justicia de Asturias (TSJA), vacante desde el fallecimiento en enero de 2012 de Jos\u00e9 Manuel","twitter:image":"https:\/\/www.eldigitaldeasturias.com\/noticias\/wp-content\/uploads\/2026\/06\/Contenidos.jpg","twitter:label1":"Escrito por","twitter:data1":"El Digital de Asturias","twitter:label2":"Tiempo de lectura estimado","twitter:data2":"1 minuto"},"aioseo_meta_data":{"post_id":"455679","title":null,"description":null,"keywords":null,"keyphrases":null,"primary_term":null,"canonical_url":null,"og_title":null,"og_description":null,"og_object_type":"default","og_image_type":"default","og_image_url":null,"og_image_width":null,"og_image_height":null,"og_image_custom_url":null,"og_image_custom_fields":null,"og_video":null,"og_custom_url":null,"og_article_section":null,"og_article_tags":null,"twitter_use_og":true,"twitter_card":"default","twitter_image_type":"default","twitter_image_url":null,"twitter_image_custom_url":null,"twitter_image_custom_fields":null,"twitter_title":null,"twitter_description":null,"schema":{"blockGraphs":[],"customGraphs":[],"default":{"data":{"Article":[],"Course":[],"Dataset":[],"FAQPage":[],"Movie":[],"Person":[],"Product":[],"ProductReview":[],"Car":[],"Recipe":[],"Service":[],"SoftwareApplication":[],"WebPage":[]},"graphName":"","isEnabled":true},"graphs":[],"defaultGraph":"","defaultPostTypeGraph":""},"schema_type":null,"schema_type_options":null,"pillar_content":false,"robots_default":true,"robots_noindex":false,"robots_noarchive":false,"robots_nosnippet":false,"robots_nofollow":false,"robots_noimageindex":false,"robots_noodp":false,"robots_notranslate":false,"robots_max_snippet":null,"robots_max_videopreview":null,"robots_max_imagepreview":"none","priority":null,"frequency":null,"local_seo":null,"seo_analyzer_scan_date":"2026-05-29 19:10:10","breadcrumb_settings":null,"limit_modified_date":false,"open_ai":null,"ai":null,"created":"2020-11-14 22:45:20","updated":"2026-05-29 19:10:10","focus_keyword":null,"additional_keywords":null,"truseo_locale":null},"aioseo_breadcrumb":"<div class=\"aioseo-breadcrumbs\"><span class=\"aioseo-breadcrumb\">\n\t<a href=\"https:\/\/www.eldigitaldeasturias.com\/noticias\" title=\"Home\">Home<\/a>\n<\/span><span class=\"aioseo-breadcrumb-separator\">\u2013<\/span><span class=\"aioseo-breadcrumb\">\n\t<a href=\"https:\/\/www.eldigitaldeasturias.com\/noticias\/category\/actualidad-asturias\/\" title=\"Actualidad Asturias\">Actualidad Asturias<\/a>\n<\/span><span class=\"aioseo-breadcrumb-separator\">\u2013<\/span><span class=\"aioseo-breadcrumb\">\n\t<a href=\"https:\/\/www.eldigitaldeasturias.com\/noticias\/aprobada-la-terna-de-candidatos-para-nombrar-al-magistrado-del-tsja\/\" title=\"Aprobada la terna de candidatos para nombrar al magistrado del TSJA\">Aprobada la terna de candidatos para nombrar al magistrado del TSJA<\/a>\n<\/span><\/div>","aioseo_breadcrumb_json":[{"label":"Home","link":"https:\/\/www.eldigitaldeasturias.com\/noticias"},{"label":"Actualidad Asturias","link":"https:\/\/www.eldigitaldeasturias.com\/noticias\/category\/actualidad-asturias\/"},{"label":"Aprobada la terna de candidatos para nombrar al magistrado del TSJA","link":"https:\/\/www.eldigitaldeasturias.com\/noticias\/aprobada-la-terna-de-candidatos-para-nombrar-al-magistrado-del-tsja\/"}],"_links":{"self":[{"href":"https:\/\/www.eldigitaldeasturias.com\/noticias\/wp-json\/wp\/v2\/posts\/455679","targetHints":{"allow":["GET"]}}],"collection":[{"href":"https:\/\/www.eldigitaldeasturias.com\/noticias\/wp-json\/wp\/v2\/posts"}],"about":[{"href":"https:\/\/www.eldigitaldeasturias.com\/noticias\/wp-json\/wp\/v2\/types\/post"}],"author":[{"embeddable":true,"href":"https:\/\/www.eldigitaldeasturias.com\/noticias\/wp-json\/wp\/v2\/users\/1"}],"replies":[{"embeddable":true,"href":"https:\/\/www.eldigitaldeasturias.com\/noticias\/wp-json\/wp\/v2\/comments?post=455679"}],"version-history":[{"count":0,"href":"https:\/\/www.eldigitaldeasturias.com\/noticias\/wp-json\/wp\/v2\/posts\/455679\/revisions"}],"wp:featuredmedia":[{"embeddable":true,"href":"https:\/\/www.eldigitaldeasturias.com\/noticias\/wp-json\/wp\/v2\/media\/1132184"}],"wp:attachment":[{"href":"https:\/\/www.eldigitaldeasturias.com\/noticias\/wp-json\/wp\/v2\/media?parent=455679"}],"wp:term":[{"taxonomy":"category","embeddable":true,"href":"https:\/\/www.eldigitaldeasturias.com\/noticias\/wp-json\/wp\/v2\/categories?post=455679"},{"taxonomy":"post_tag","embeddable":true,"href":"https:\/\/www.eldigitaldeasturias.com\/noticias\/wp-json\/wp\/v2\/tags?post=455679"}],"curies":[{"name":"wp","href":"https:\/\/api.w.org\/{rel}","templated":true}]}}