{"id":455647,"date":"2013-11-29T00:02:19","date_gmt":"2013-11-29T01:02:19","guid":{"rendered":"http:\/\/www.eldigitaldeasturias.com\/noticias\/?p=455647"},"modified":"2013-11-29T00:02:19","modified_gmt":"2013-11-29T01:02:19","slug":"la-chilena-no-gana-el-premio-luis-bunuel-a-la-mejor-pelicula-iberoamericana","status":"publish","type":"post","link":"https:\/\/www.eldigitaldeasturias.com\/noticias\/la-chilena-no-gana-el-premio-luis-bunuel-a-la-mejor-pelicula-iberoamericana\/","title":{"rendered":"La chilena \u00abNo\u00bb gana el premio Luis Bu\u00f1uel a la Mejor Pel\u00edcula Iberoamericana"},"content":{"rendered":"<p><img loading=\"lazy\" decoding=\"async\" class=\"alignleft size-medium wp-image-455649\" alt=\"5760842w\" src=\"https:\/\/www.eldigitaldeasturias.com\/noticias\/wp-content\/uploads\/2013\/11\/5760842w-360x274.jpg\" width=\"360\" height=\"274\" \/>Medell\u00edn (Colombia), 28 nov (EFE).- La cinta chilena \u00abNo\u00bb (2012) gan\u00f3 hoy el Premio Luis Bu\u00f1uel a la Mejor Pel\u00edcula Iberoamericana, proclamado en la ciudad colombiana de Medell\u00edn durante el segundo foro de las asociaciones de la industria del cine iberoamericano EGEDA y FIPCA.<\/p>\n<p>La Entidad de Gesti\u00f3n de Derechos de los Productores Audiovisuales (EGEDA) y la Federaci\u00f3n Iberoamericana de Productores Cinematogr\u00e1ficos y Audiovisuales (FIPCA) otorgan anualmente este premio desde 2002.<\/p>\n<p>La pel\u00edcula chilena a\u00f1ade as\u00ed otro galard\u00f3n a la vitrina despu\u00e9s de haber obtenido el premio de Cine Arte de la secci\u00f3n Noche de Directores en el Festival de Cannes 2012 y de haber sido el primer filme chileno que opt\u00f3 a un Oscar como Mejor Pel\u00edcula Extranjera.<\/p>\n<p>Dirigida por Pablo Larra\u00edn est\u00e1 protagonizada por el actor mexicano Gael Garc\u00eda Bernal y relata el drama del joven publicista Forch que activ\u00f3 la campa\u00f1a del \u00abno\u00bb en el plebiscito de Chile de 1988, propuesto por el entonces dictador Augusto Pinochet para extender su mandato ocho a\u00f1os.<\/p>\n<p>Esta producci\u00f3n est\u00e1 inspirada en la obra de teatro \u00abEl Plebiscito\u00bb, del escritor chileno Antonio Sk\u00e1rmeta, y en la campa\u00f1a ideada por Forch para mostrar la opci\u00f3n del \u00abno\u00bb como alternativa v\u00e1lida contra el r\u00e9gimen de Pinochet.<\/p>\n<p>La cinta chilena venci\u00f3 as\u00ed a las otras cuatro nominadas, la paraguaya \u00ab7 cajas\u00bb, la brasile\u00f1a \u00abFebre do rato\u00bb, la argentina \u00abInfancia clandestina\u00bb y la espa\u00f1ola \u00abLo imposible\u00bb.<\/p>\n<p>Todas las pel\u00edculas iberoamericanas estrenadas entre el 1 de enero y el 31 de diciembre de 2012 optaban al Premio Luis Bu\u00f1uel.<\/p>\n<p>Tras varias fases de selecci\u00f3n y votaci\u00f3n de los 17 pa\u00edses miembros de la FIPCA, el jurado internacional formado por la realizadora venezolana Mariana Rond\u00f3n, el productor espa\u00f1ol Jos\u00e9 Mar\u00eda Morales y el director de la Quincena de Realizadores de Cannes, Edouard Waintrop, adjudicaron el premio de 10.000 euros (unos 13.600 d\u00f3lares) y una escultura a la chilena \u00abNo\u00bb.<\/p>\n<p>En el marco del foro y en paralelo a la entrega del premio, los presidentes de Egeda, el espa\u00f1ol Enrique Cerezo, y de FIPCA, el chileno Adri\u00e1n Solar, presentaron un nuevo reconocimiento m\u00e1s global para el celuloide iberoamericano, los Premios Platino.<\/p>\n<p>Estos galardones, que se entregar\u00e1n por primera vez el 5 de abril de 2014 en Panam\u00e1, contar\u00e1 con la participaci\u00f3n de 22 pa\u00edses con una producci\u00f3n de alrededor de 800 largometrajes que han visto la luz en 2013 y que optar\u00e1n a nueve categor\u00edas.<\/p>\n","protected":false},"excerpt":{"rendered":"<p>Medell\u00edn (Colombia), 28 nov (EFE).- La cinta chilena \u00abNo\u00bb (2012) gan\u00f3 hoy el Premio Luis Bu\u00f1uel a la Mejor Pel\u00edcula Iberoamericana, proclamado en la ciudad colombiana de Medell\u00edn durante el segundo foro de las asociaciones de la industria del cine iberoamericano EGEDA y FIPCA. La Entidad de Gesti\u00f3n de Derechos de los Productores Audiovisuales (EGEDA) [&hellip;]<\/p>\n","protected":false},"author":1,"featured_media":455649,"comment_status":"closed","ping_status":"open","sticky":false,"template":"","format":"standard","meta":{"footnotes":""},"categories":[50],"tags":[],"class_list":["post-455647","post","type-post","status-publish","format-standard","has-post-thumbnail","hentry","category-revista-de-ocio"],"aioseo_notices":[],"aioseo_head":"\n\t\t<!-- All in One SEO Pro 5.0.1 - aioseo.com -->\n\t<meta name=\"description\" content=\"Medell\u00edn (Colombia), 28 nov (EFE).- La cinta chilena &quot;No&quot; (2012) gan\u00f3 hoy el Premio Luis Bu\u00f1uel a la Mejor Pel\u00edcula Iberoamericana, proclamado en la ciudad colombiana de Medell\u00edn durante el segundo foro de las asociaciones de la industria del cine iberoamericano EGEDA y FIPCA. La Entidad de Gesti\u00f3n de Derechos de los Productores Audiovisuales (EGEDA)\" \/>\n\t<meta name=\"robots\" content=\"max-image-preview:large\" \/>\n\t<meta name=\"author\" content=\"El Digital de Asturias\"\/>\n\t<meta name=\"google-site-verification\" content=\"UA-38556648-1\" \/>\n\t<meta name=\"msvalidate.01\" content=\"7dfe9f3f1b24437ab69f4f2559babe99\" \/>\n\t<meta name=\"keywords\" content=\"revista de ocio\" \/>\n\t<link rel=\"canonical\" href=\"https:\/\/www.eldigitaldeasturias.com\/noticias\/la-chilena-no-gana-el-premio-luis-bunuel-a-la-mejor-pelicula-iberoamericana\/\" \/>\n\t<meta name=\"generator\" content=\"All in One SEO Pro (AIOSEO) 5.0.1\" \/>\n\t\t<meta property=\"og:locale\" content=\"es_ES\" \/>\n\t\t<meta property=\"og:site_name\" content=\"El Digital de Asturias\" \/>\n\t\t<meta property=\"og:type\" content=\"article\" \/>\n\t\t<meta property=\"og:title\" content=\"La chilena \u00abNo\u00bb gana el premio Luis Bu\u00f1uel a la Mejor Pel\u00edcula Iberoamericana - El Digital de Asturias\" \/>\n\t\t<meta property=\"og:description\" content=\"Medell\u00edn (Colombia), 28 nov (EFE).- La cinta chilena &quot;No&quot; (2012) gan\u00f3 hoy el Premio Luis Bu\u00f1uel a la Mejor Pel\u00edcula Iberoamericana, proclamado en la ciudad colombiana de Medell\u00edn durante el segundo foro de las asociaciones de la industria del cine iberoamericano EGEDA y FIPCA. La Entidad de Gesti\u00f3n de Derechos de los Productores Audiovisuales (EGEDA)\" \/>\n\t\t<meta property=\"og:url\" content=\"https:\/\/www.eldigitaldeasturias.com\/noticias\/la-chilena-no-gana-el-premio-luis-bunuel-a-la-mejor-pelicula-iberoamericana\/\" \/>\n\t\t<meta property=\"article:tag\" content=\"revista de ocio\" \/>\n\t\t<meta property=\"article:published_time\" content=\"2013-11-29T01:02:19+00:00\" \/>\n\t\t<meta property=\"article:modified_time\" content=\"2013-11-29T01:02:19+00:00\" \/>\n\t\t<meta property=\"article:publisher\" content=\"https:\/\/facebook.com\/eldigitaldeasturias\" \/>\n\t\t<meta name=\"twitter:card\" content=\"summary_large_image\" \/>\n\t\t<meta name=\"twitter:title\" content=\"La chilena \u00abNo\u00bb gana el premio Luis Bu\u00f1uel a la Mejor Pel\u00edcula Iberoamericana - El Digital de Asturias\" \/>\n\t\t<meta name=\"twitter:description\" content=\"Medell\u00edn (Colombia), 28 nov (EFE).- La cinta chilena &quot;No&quot; (2012) gan\u00f3 hoy el Premio Luis Bu\u00f1uel a la Mejor Pel\u00edcula Iberoamericana, proclamado en la ciudad colombiana de Medell\u00edn durante el segundo foro de las asociaciones de la industria del cine iberoamericano EGEDA y FIPCA. La Entidad de Gesti\u00f3n de Derechos de los Productores Audiovisuales (EGEDA)\" \/>\n\t\t<meta name=\"twitter:label1\" content=\"Escrito por\" \/>\n\t\t<meta name=\"twitter:data1\" content=\"El Digital de Asturias\" \/>\n\t\t<meta name=\"twitter:label2\" content=\"Tiempo de lectura estimado\" \/>\n\t\t<meta name=\"twitter:data2\" content=\"2 minutos\" \/>\n\t\t<script type=\"application\/ld+json\" class=\"aioseo-schema\">\n\t\t\t{\"@context\":\"https:\\\/\\\/schema.org\",\"@graph\":[{\"@type\":\"BlogPosting\",\"@id\":\"https:\\\/\\\/www.eldigitaldeasturias.com\\\/noticias\\\/la-chilena-no-gana-el-premio-luis-bunuel-a-la-mejor-pelicula-iberoamericana\\\/#blogposting\",\"name\":\"La chilena \\u00abNo\\u00bb gana el premio Luis Bu\\u00f1uel a la Mejor Pel\\u00edcula Iberoamericana - El Digital de Asturias\",\"headline\":\"La chilena \\u00abNo\\u00bb gana el premio Luis Bu\\u00f1uel a la Mejor Pel\\u00edcula Iberoamericana\",\"author\":{\"@id\":\"https:\\\/\\\/www.eldigitaldeasturias.com\\\/noticias\\\/author\\\/admin\\\/#author\"},\"publisher\":{\"@id\":\"https:\\\/\\\/www.eldigitaldeasturias.com\\\/noticias\\\/#organization\"},\"image\":{\"@type\":\"ImageObject\",\"url\":455649},\"datePublished\":\"2013-11-29T00:02:19+01:00\",\"dateModified\":\"2013-11-29T00:02:19+01:00\",\"inLanguage\":\"es-ES\",\"mainEntityOfPage\":{\"@id\":\"https:\\\/\\\/www.eldigitaldeasturias.com\\\/noticias\\\/la-chilena-no-gana-el-premio-luis-bunuel-a-la-mejor-pelicula-iberoamericana\\\/#webpage\"},\"isPartOf\":{\"@id\":\"https:\\\/\\\/www.eldigitaldeasturias.com\\\/noticias\\\/la-chilena-no-gana-el-premio-luis-bunuel-a-la-mejor-pelicula-iberoamericana\\\/#webpage\"},\"articleSection\":\"Revista de Ocio\"},{\"@type\":\"BreadcrumbList\",\"@id\":\"https:\\\/\\\/www.eldigitaldeasturias.com\\\/noticias\\\/la-chilena-no-gana-el-premio-luis-bunuel-a-la-mejor-pelicula-iberoamericana\\\/#breadcrumblist\",\"itemListElement\":[{\"@type\":\"ListItem\",\"@id\":\"https:\\\/\\\/www.eldigitaldeasturias.com\\\/noticias#listItem\",\"position\":1,\"name\":\"Home\",\"item\":\"https:\\\/\\\/www.eldigitaldeasturias.com\\\/noticias\",\"nextItem\":{\"@type\":\"ListItem\",\"@id\":\"https:\\\/\\\/www.eldigitaldeasturias.com\\\/noticias\\\/category\\\/revista-de-ocio\\\/#listItem\",\"name\":\"Revista de Ocio\"}},{\"@type\":\"ListItem\",\"@id\":\"https:\\\/\\\/www.eldigitaldeasturias.com\\\/noticias\\\/category\\\/revista-de-ocio\\\/#listItem\",\"position\":2,\"name\":\"Revista de Ocio\",\"item\":\"https:\\\/\\\/www.eldigitaldeasturias.com\\\/noticias\\\/category\\\/revista-de-ocio\\\/\",\"nextItem\":{\"@type\":\"ListItem\",\"@id\":\"https:\\\/\\\/www.eldigitaldeasturias.com\\\/noticias\\\/la-chilena-no-gana-el-premio-luis-bunuel-a-la-mejor-pelicula-iberoamericana\\\/#listItem\",\"name\":\"La chilena \\u00abNo\\u00bb gana el premio Luis Bu\\u00f1uel a la Mejor Pel\\u00edcula Iberoamericana\"},\"previousItem\":{\"@type\":\"ListItem\",\"@id\":\"https:\\\/\\\/www.eldigitaldeasturias.com\\\/noticias#listItem\",\"name\":\"Home\"}},{\"@type\":\"ListItem\",\"@id\":\"https:\\\/\\\/www.eldigitaldeasturias.com\\\/noticias\\\/la-chilena-no-gana-el-premio-luis-bunuel-a-la-mejor-pelicula-iberoamericana\\\/#listItem\",\"position\":3,\"name\":\"La chilena \\u00abNo\\u00bb gana el premio Luis Bu\\u00f1uel a la Mejor Pel\\u00edcula Iberoamericana\",\"previousItem\":{\"@type\":\"ListItem\",\"@id\":\"https:\\\/\\\/www.eldigitaldeasturias.com\\\/noticias\\\/category\\\/revista-de-ocio\\\/#listItem\",\"name\":\"Revista de Ocio\"}}]},{\"@type\":\"Organization\",\"@id\":\"https:\\\/\\\/www.eldigitaldeasturias.com\\\/noticias\\\/#organization\",\"name\":\"El Digital de Asturias\",\"description\":\"Hemeroteca\",\"url\":\"https:\\\/\\\/www.eldigitaldeasturias.com\\\/noticias\\\/\",\"email\":\"info@eldigitaldeasturias.com\",\"telephone\":\"+34652131393\",\"logo\":{\"@type\":\"ImageObject\",\"url\":\"https:\\\/\\\/www.eldigitaldeasturias.com\\\/noticias\\\/wp-content\\\/uploads\\\/2020\\\/12\\\/EDA.jpg\",\"@id\":\"https:\\\/\\\/www.eldigitaldeasturias.com\\\/noticias\\\/la-chilena-no-gana-el-premio-luis-bunuel-a-la-mejor-pelicula-iberoamericana\\\/#organizationLogo\"},\"image\":{\"@id\":\"https:\\\/\\\/www.eldigitaldeasturias.com\\\/noticias\\\/la-chilena-no-gana-el-premio-luis-bunuel-a-la-mejor-pelicula-iberoamericana\\\/#organizationLogo\"},\"sameAs\":[\"https:\\\/\\\/facebook.com\\\/eldigitaldeasturias\",\"https:\\\/\\\/www.youtube.com\\\/channel\\\/UCZP-2wLEB9Rv6erhFmqVnvg\"],\"address\":{\"@id\":\"https:\\\/\\\/www.eldigitaldeasturias.com\\\/noticias\\\/#postaladdress\",\"@type\":\"PostalAddress\",\"streetAddress\":\"san antonio 4\",\"postalCode\":\"33430\",\"addressLocality\":\"Cand\\u00e1s\",\"addressRegion\":\"Asturias\",\"addressCountry\":\"ES\"}},{\"@type\":\"Person\",\"@id\":\"https:\\\/\\\/www.eldigitaldeasturias.com\\\/noticias\\\/author\\\/admin\\\/#author\",\"url\":\"https:\\\/\\\/www.eldigitaldeasturias.com\\\/noticias\\\/author\\\/admin\\\/\",\"name\":\"El Digital de Asturias\",\"image\":{\"@type\":\"ImageObject\",\"@id\":\"https:\\\/\\\/www.eldigitaldeasturias.com\\\/noticias\\\/la-chilena-no-gana-el-premio-luis-bunuel-a-la-mejor-pelicula-iberoamericana\\\/#authorImage\",\"url\":\"https:\\\/\\\/secure.gravatar.com\\\/avatar\\\/df2aeffc32bcd13f8d26072ef8a91b623d677766deac7f97ca815868cd41bf5e?s=96&d=mm&r=g\",\"width\":96,\"height\":96,\"caption\":\"El Digital de Asturias\"}},{\"@type\":\"WebPage\",\"@id\":\"https:\\\/\\\/www.eldigitaldeasturias.com\\\/noticias\\\/la-chilena-no-gana-el-premio-luis-bunuel-a-la-mejor-pelicula-iberoamericana\\\/#webpage\",\"url\":\"https:\\\/\\\/www.eldigitaldeasturias.com\\\/noticias\\\/la-chilena-no-gana-el-premio-luis-bunuel-a-la-mejor-pelicula-iberoamericana\\\/\",\"name\":\"La chilena \\u00abNo\\u00bb gana el premio Luis Bu\\u00f1uel a la Mejor Pel\\u00edcula Iberoamericana - El Digital de Asturias\",\"description\":\"Medell\\u00edn (Colombia), 28 nov (EFE).- La cinta chilena \\\"No\\\" (2012) gan\\u00f3 hoy el Premio Luis Bu\\u00f1uel a la Mejor Pel\\u00edcula Iberoamericana, proclamado en la ciudad colombiana de Medell\\u00edn durante el segundo foro de las asociaciones de la industria del cine iberoamericano EGEDA y FIPCA. La Entidad de Gesti\\u00f3n de Derechos de los Productores Audiovisuales (EGEDA)\",\"inLanguage\":\"es-ES\",\"isPartOf\":{\"@id\":\"https:\\\/\\\/www.eldigitaldeasturias.com\\\/noticias\\\/#website\"},\"breadcrumb\":{\"@id\":\"https:\\\/\\\/www.eldigitaldeasturias.com\\\/noticias\\\/la-chilena-no-gana-el-premio-luis-bunuel-a-la-mejor-pelicula-iberoamericana\\\/#breadcrumblist\"},\"author\":{\"@id\":\"https:\\\/\\\/www.eldigitaldeasturias.com\\\/noticias\\\/author\\\/admin\\\/#author\"},\"creator\":{\"@id\":\"https:\\\/\\\/www.eldigitaldeasturias.com\\\/noticias\\\/author\\\/admin\\\/#author\"},\"image\":{\"@type\":\"ImageObject\",\"url\":455649,\"@id\":\"https:\\\/\\\/www.eldigitaldeasturias.com\\\/noticias\\\/la-chilena-no-gana-el-premio-luis-bunuel-a-la-mejor-pelicula-iberoamericana\\\/#mainImage\"},\"primaryImageOfPage\":{\"@id\":\"https:\\\/\\\/www.eldigitaldeasturias.com\\\/noticias\\\/la-chilena-no-gana-el-premio-luis-bunuel-a-la-mejor-pelicula-iberoamericana\\\/#mainImage\"},\"datePublished\":\"2013-11-29T00:02:19+01:00\",\"dateModified\":\"2013-11-29T00:02:19+01:00\"},{\"@type\":\"WebSite\",\"@id\":\"https:\\\/\\\/www.eldigitaldeasturias.com\\\/noticias\\\/#website\",\"url\":\"https:\\\/\\\/www.eldigitaldeasturias.com\\\/noticias\\\/\",\"name\":\"El Digital de Asturias - Diario de actualidad y noticias\",\"alternateName\":\"El Digital de Asturias - Diario de actualidad y noticias\",\"description\":\"Hemeroteca\",\"inLanguage\":\"es-ES\",\"publisher\":{\"@id\":\"https:\\\/\\\/www.eldigitaldeasturias.com\\\/noticias\\\/#organization\"}}]}\n\t\t<\/script>\n\t\t<!-- All in One SEO Pro -->\r\n\t\t<title>La chilena \u00abNo\u00bb gana el premio Luis Bu\u00f1uel a la Mejor Pel\u00edcula Iberoamericana - El Digital de Asturias<\/title>\n\n","aioseo_head_json":{"title":"La chilena \u00abNo\u00bb gana el premio Luis Bu\u00f1uel a la Mejor Pel\u00edcula Iberoamericana - El Digital de Asturias","description":"Medell\u00edn (Colombia), 28 nov (EFE).- La cinta chilena \"No\" (2012) gan\u00f3 hoy el Premio Luis Bu\u00f1uel a la Mejor Pel\u00edcula Iberoamericana, proclamado en la ciudad colombiana de Medell\u00edn durante el segundo foro de las asociaciones de la industria del cine iberoamericano EGEDA y FIPCA. La Entidad de Gesti\u00f3n de Derechos de los Productores Audiovisuales (EGEDA)","canonical_url":"https:\/\/www.eldigitaldeasturias.com\/noticias\/la-chilena-no-gana-el-premio-luis-bunuel-a-la-mejor-pelicula-iberoamericana\/","robots":"max-image-preview:large","keywords":"revista de ocio","webmasterTools":{"google-site-verification":"UA-38556648-1","msvalidate.01":"7dfe9f3f1b24437ab69f4f2559babe99","miscellaneous":""},"schema":{"@context":"https:\/\/schema.org","@graph":[{"@type":"BlogPosting","@id":"https:\/\/www.eldigitaldeasturias.com\/noticias\/la-chilena-no-gana-el-premio-luis-bunuel-a-la-mejor-pelicula-iberoamericana\/#blogposting","name":"La chilena \u00abNo\u00bb gana el premio Luis Bu\u00f1uel a la Mejor Pel\u00edcula Iberoamericana - El Digital de Asturias","headline":"La chilena \u00abNo\u00bb gana el premio Luis Bu\u00f1uel a la Mejor Pel\u00edcula Iberoamericana","author":{"@id":"https:\/\/www.eldigitaldeasturias.com\/noticias\/author\/admin\/#author"},"publisher":{"@id":"https:\/\/www.eldigitaldeasturias.com\/noticias\/#organization"},"image":{"@type":"ImageObject","url":455649},"datePublished":"2013-11-29T00:02:19+01:00","dateModified":"2013-11-29T00:02:19+01:00","inLanguage":"es-ES","mainEntityOfPage":{"@id":"https:\/\/www.eldigitaldeasturias.com\/noticias\/la-chilena-no-gana-el-premio-luis-bunuel-a-la-mejor-pelicula-iberoamericana\/#webpage"},"isPartOf":{"@id":"https:\/\/www.eldigitaldeasturias.com\/noticias\/la-chilena-no-gana-el-premio-luis-bunuel-a-la-mejor-pelicula-iberoamericana\/#webpage"},"articleSection":"Revista de Ocio"},{"@type":"BreadcrumbList","@id":"https:\/\/www.eldigitaldeasturias.com\/noticias\/la-chilena-no-gana-el-premio-luis-bunuel-a-la-mejor-pelicula-iberoamericana\/#breadcrumblist","itemListElement":[{"@type":"ListItem","@id":"https:\/\/www.eldigitaldeasturias.com\/noticias#listItem","position":1,"name":"Home","item":"https:\/\/www.eldigitaldeasturias.com\/noticias","nextItem":{"@type":"ListItem","@id":"https:\/\/www.eldigitaldeasturias.com\/noticias\/category\/revista-de-ocio\/#listItem","name":"Revista de Ocio"}},{"@type":"ListItem","@id":"https:\/\/www.eldigitaldeasturias.com\/noticias\/category\/revista-de-ocio\/#listItem","position":2,"name":"Revista de Ocio","item":"https:\/\/www.eldigitaldeasturias.com\/noticias\/category\/revista-de-ocio\/","nextItem":{"@type":"ListItem","@id":"https:\/\/www.eldigitaldeasturias.com\/noticias\/la-chilena-no-gana-el-premio-luis-bunuel-a-la-mejor-pelicula-iberoamericana\/#listItem","name":"La chilena \u00abNo\u00bb gana el premio Luis Bu\u00f1uel a la Mejor Pel\u00edcula Iberoamericana"},"previousItem":{"@type":"ListItem","@id":"https:\/\/www.eldigitaldeasturias.com\/noticias#listItem","name":"Home"}},{"@type":"ListItem","@id":"https:\/\/www.eldigitaldeasturias.com\/noticias\/la-chilena-no-gana-el-premio-luis-bunuel-a-la-mejor-pelicula-iberoamericana\/#listItem","position":3,"name":"La chilena \u00abNo\u00bb gana el premio Luis Bu\u00f1uel a la Mejor Pel\u00edcula Iberoamericana","previousItem":{"@type":"ListItem","@id":"https:\/\/www.eldigitaldeasturias.com\/noticias\/category\/revista-de-ocio\/#listItem","name":"Revista de Ocio"}}]},{"@type":"Organization","@id":"https:\/\/www.eldigitaldeasturias.com\/noticias\/#organization","name":"El Digital de Asturias","description":"Hemeroteca","url":"https:\/\/www.eldigitaldeasturias.com\/noticias\/","email":"info@eldigitaldeasturias.com","telephone":"+34652131393","logo":{"@type":"ImageObject","url":"https:\/\/www.eldigitaldeasturias.com\/noticias\/wp-content\/uploads\/2020\/12\/EDA.jpg","@id":"https:\/\/www.eldigitaldeasturias.com\/noticias\/la-chilena-no-gana-el-premio-luis-bunuel-a-la-mejor-pelicula-iberoamericana\/#organizationLogo"},"image":{"@id":"https:\/\/www.eldigitaldeasturias.com\/noticias\/la-chilena-no-gana-el-premio-luis-bunuel-a-la-mejor-pelicula-iberoamericana\/#organizationLogo"},"sameAs":["https:\/\/facebook.com\/eldigitaldeasturias","https:\/\/www.youtube.com\/channel\/UCZP-2wLEB9Rv6erhFmqVnvg"],"address":{"@id":"https:\/\/www.eldigitaldeasturias.com\/noticias\/#postaladdress","@type":"PostalAddress","streetAddress":"san antonio 4","postalCode":"33430","addressLocality":"Cand\u00e1s","addressRegion":"Asturias","addressCountry":"ES"}},{"@type":"Person","@id":"https:\/\/www.eldigitaldeasturias.com\/noticias\/author\/admin\/#author","url":"https:\/\/www.eldigitaldeasturias.com\/noticias\/author\/admin\/","name":"El Digital de Asturias","image":{"@type":"ImageObject","@id":"https:\/\/www.eldigitaldeasturias.com\/noticias\/la-chilena-no-gana-el-premio-luis-bunuel-a-la-mejor-pelicula-iberoamericana\/#authorImage","url":"https:\/\/secure.gravatar.com\/avatar\/df2aeffc32bcd13f8d26072ef8a91b623d677766deac7f97ca815868cd41bf5e?s=96&d=mm&r=g","width":96,"height":96,"caption":"El Digital de Asturias"}},{"@type":"WebPage","@id":"https:\/\/www.eldigitaldeasturias.com\/noticias\/la-chilena-no-gana-el-premio-luis-bunuel-a-la-mejor-pelicula-iberoamericana\/#webpage","url":"https:\/\/www.eldigitaldeasturias.com\/noticias\/la-chilena-no-gana-el-premio-luis-bunuel-a-la-mejor-pelicula-iberoamericana\/","name":"La chilena \u00abNo\u00bb gana el premio Luis Bu\u00f1uel a la Mejor Pel\u00edcula Iberoamericana - El Digital de Asturias","description":"Medell\u00edn (Colombia), 28 nov (EFE).- La cinta chilena \"No\" (2012) gan\u00f3 hoy el Premio Luis Bu\u00f1uel a la Mejor Pel\u00edcula Iberoamericana, proclamado en la ciudad colombiana de Medell\u00edn durante el segundo foro de las asociaciones de la industria del cine iberoamericano EGEDA y FIPCA. La Entidad de Gesti\u00f3n de Derechos de los Productores Audiovisuales (EGEDA)","inLanguage":"es-ES","isPartOf":{"@id":"https:\/\/www.eldigitaldeasturias.com\/noticias\/#website"},"breadcrumb":{"@id":"https:\/\/www.eldigitaldeasturias.com\/noticias\/la-chilena-no-gana-el-premio-luis-bunuel-a-la-mejor-pelicula-iberoamericana\/#breadcrumblist"},"author":{"@id":"https:\/\/www.eldigitaldeasturias.com\/noticias\/author\/admin\/#author"},"creator":{"@id":"https:\/\/www.eldigitaldeasturias.com\/noticias\/author\/admin\/#author"},"image":{"@type":"ImageObject","url":455649,"@id":"https:\/\/www.eldigitaldeasturias.com\/noticias\/la-chilena-no-gana-el-premio-luis-bunuel-a-la-mejor-pelicula-iberoamericana\/#mainImage"},"primaryImageOfPage":{"@id":"https:\/\/www.eldigitaldeasturias.com\/noticias\/la-chilena-no-gana-el-premio-luis-bunuel-a-la-mejor-pelicula-iberoamericana\/#mainImage"},"datePublished":"2013-11-29T00:02:19+01:00","dateModified":"2013-11-29T00:02:19+01:00"},{"@type":"WebSite","@id":"https:\/\/www.eldigitaldeasturias.com\/noticias\/#website","url":"https:\/\/www.eldigitaldeasturias.com\/noticias\/","name":"El Digital de Asturias - Diario de actualidad y noticias","alternateName":"El Digital de Asturias - Diario de actualidad y noticias","description":"Hemeroteca","inLanguage":"es-ES","publisher":{"@id":"https:\/\/www.eldigitaldeasturias.com\/noticias\/#organization"}}]},"og:locale":"es_ES","og:site_name":"El Digital de Asturias","og:type":"article","og:title":"La chilena \u00abNo\u00bb gana el premio Luis Bu\u00f1uel a la Mejor Pel\u00edcula Iberoamericana - El Digital de Asturias","og:description":"Medell\u00edn (Colombia), 28 nov (EFE).- La cinta chilena &quot;No&quot; (2012) gan\u00f3 hoy el Premio Luis Bu\u00f1uel a la Mejor Pel\u00edcula Iberoamericana, proclamado en la ciudad colombiana de Medell\u00edn durante el segundo foro de las asociaciones de la industria del cine iberoamericano EGEDA y FIPCA. La Entidad de Gesti\u00f3n de Derechos de los Productores Audiovisuales (EGEDA)","og:url":"https:\/\/www.eldigitaldeasturias.com\/noticias\/la-chilena-no-gana-el-premio-luis-bunuel-a-la-mejor-pelicula-iberoamericana\/","article:tag":["revista de ocio"],"article:published_time":"2013-11-29T01:02:19+00:00","article:modified_time":"2013-11-29T01:02:19+00:00","article:publisher":"https:\/\/facebook.com\/eldigitaldeasturias","twitter:card":"summary_large_image","twitter:title":"La chilena \u00abNo\u00bb gana el premio Luis Bu\u00f1uel a la Mejor Pel\u00edcula Iberoamericana - El Digital de Asturias","twitter:description":"Medell\u00edn (Colombia), 28 nov (EFE).- La cinta chilena &quot;No&quot; (2012) gan\u00f3 hoy el Premio Luis Bu\u00f1uel a la Mejor Pel\u00edcula Iberoamericana, proclamado en la ciudad colombiana de Medell\u00edn durante el segundo foro de las asociaciones de la industria del cine iberoamericano EGEDA y FIPCA. La Entidad de Gesti\u00f3n de Derechos de los Productores Audiovisuales (EGEDA)","twitter:label1":"Escrito por","twitter:data1":"El Digital de Asturias","twitter:label2":"Tiempo de lectura estimado","twitter:data2":"2 minutos"},"aioseo_meta_data":{"post_id":"455647","title":null,"description":null,"keywords":null,"keyphrases":null,"primary_term":null,"canonical_url":null,"og_title":null,"og_description":null,"og_object_type":"default","og_image_type":"default","og_image_url":null,"og_image_width":null,"og_image_height":null,"og_image_custom_url":null,"og_image_custom_fields":null,"og_video":null,"og_custom_url":null,"og_article_section":null,"og_article_tags":null,"twitter_use_og":true,"twitter_card":"default","twitter_image_type":"default","twitter_image_url":null,"twitter_image_custom_url":null,"twitter_image_custom_fields":null,"twitter_title":null,"twitter_description":null,"schema":{"blockGraphs":[],"customGraphs":[],"default":{"data":{"Article":[],"Course":[],"Dataset":[],"FAQPage":[],"Movie":[],"Person":[],"Product":[],"ProductReview":[],"Car":[],"Recipe":[],"Service":[],"SoftwareApplication":[],"WebPage":[]},"graphName":"","isEnabled":true},"graphs":[],"defaultGraph":"","defaultPostTypeGraph":""},"schema_type":null,"schema_type_options":null,"pillar_content":false,"robots_default":true,"robots_noindex":false,"robots_noarchive":false,"robots_nosnippet":false,"robots_nofollow":false,"robots_noimageindex":false,"robots_noodp":false,"robots_notranslate":false,"robots_max_snippet":null,"robots_max_videopreview":null,"robots_max_imagepreview":"none","priority":null,"frequency":null,"local_seo":null,"seo_analyzer_scan_date":"2026-05-29 19:03:00","breadcrumb_settings":null,"limit_modified_date":false,"open_ai":null,"ai":null,"created":"2020-11-14 22:45:20","updated":"2026-05-29 19:03:00","focus_keyword":null,"additional_keywords":null,"truseo_locale":null},"aioseo_breadcrumb":"<div class=\"aioseo-breadcrumbs\"><span class=\"aioseo-breadcrumb\">\n\t<a href=\"https:\/\/www.eldigitaldeasturias.com\/noticias\" title=\"Home\">Home<\/a>\n<\/span><span class=\"aioseo-breadcrumb-separator\">\u2013<\/span><span class=\"aioseo-breadcrumb\">\n\t<a href=\"https:\/\/www.eldigitaldeasturias.com\/noticias\/category\/revista-de-ocio\/\" title=\"Revista de Ocio\">Revista de Ocio<\/a>\n<\/span><span class=\"aioseo-breadcrumb-separator\">\u2013<\/span><span class=\"aioseo-breadcrumb\">\n\t<a href=\"https:\/\/www.eldigitaldeasturias.com\/noticias\/la-chilena-no-gana-el-premio-luis-bunuel-a-la-mejor-pelicula-iberoamericana\/\" title=\"La chilena \u00abNo\u00bb gana el premio Luis Bu\u00f1uel a la Mejor Pel\u00edcula Iberoamericana\">La chilena \u00abNo\u00bb gana el premio Luis Bu\u00f1uel a la Mejor Pel\u00edcula Iberoamericana<\/a>\n<\/span><\/div>","aioseo_breadcrumb_json":[{"label":"Home","link":"https:\/\/www.eldigitaldeasturias.com\/noticias"},{"label":"Revista de Ocio","link":"https:\/\/www.eldigitaldeasturias.com\/noticias\/category\/revista-de-ocio\/"},{"label":"La chilena \u00abNo\u00bb gana el premio Luis Bu\u00f1uel a la Mejor Pel\u00edcula Iberoamericana","link":"https:\/\/www.eldigitaldeasturias.com\/noticias\/la-chilena-no-gana-el-premio-luis-bunuel-a-la-mejor-pelicula-iberoamericana\/"}],"_links":{"self":[{"href":"https:\/\/www.eldigitaldeasturias.com\/noticias\/wp-json\/wp\/v2\/posts\/455647","targetHints":{"allow":["GET"]}}],"collection":[{"href":"https:\/\/www.eldigitaldeasturias.com\/noticias\/wp-json\/wp\/v2\/posts"}],"about":[{"href":"https:\/\/www.eldigitaldeasturias.com\/noticias\/wp-json\/wp\/v2\/types\/post"}],"author":[{"embeddable":true,"href":"https:\/\/www.eldigitaldeasturias.com\/noticias\/wp-json\/wp\/v2\/users\/1"}],"replies":[{"embeddable":true,"href":"https:\/\/www.eldigitaldeasturias.com\/noticias\/wp-json\/wp\/v2\/comments?post=455647"}],"version-history":[{"count":0,"href":"https:\/\/www.eldigitaldeasturias.com\/noticias\/wp-json\/wp\/v2\/posts\/455647\/revisions"}],"wp:attachment":[{"href":"https:\/\/www.eldigitaldeasturias.com\/noticias\/wp-json\/wp\/v2\/media?parent=455647"}],"wp:term":[{"taxonomy":"category","embeddable":true,"href":"https:\/\/www.eldigitaldeasturias.com\/noticias\/wp-json\/wp\/v2\/categories?post=455647"},{"taxonomy":"post_tag","embeddable":true,"href":"https:\/\/www.eldigitaldeasturias.com\/noticias\/wp-json\/wp\/v2\/tags?post=455647"}],"curies":[{"name":"wp","href":"https:\/\/api.w.org\/{rel}","templated":true}]}}