{"id":455641,"date":"2013-11-28T23:46:05","date_gmt":"2013-11-29T00:46:05","guid":{"rendered":"http:\/\/www.eldigitaldeasturias.com\/noticias\/?p=455641"},"modified":"2013-11-28T23:46:05","modified_gmt":"2013-11-29T00:46:05","slug":"un-vuelo-de-tap-unira-lisboa-con-el-corazon-de-la-amazonia-brasilena","status":"publish","type":"post","link":"https:\/\/www.eldigitaldeasturias.com\/noticias\/un-vuelo-de-tap-unira-lisboa-con-el-corazon-de-la-amazonia-brasilena\/","title":{"rendered":"Un vuelo de TAP unir\u00e1 Lisboa con el coraz\u00f3n de la Amazon\u00eda brasile\u00f1a"},"content":{"rendered":"<p><img loading=\"lazy\" decoding=\"async\" class=\"alignleft size-medium wp-image-455642\" alt=\"5760008w\" src=\"https:\/\/www.eldigitaldeasturias.com\/noticias\/wp-content\/uploads\/2013\/11\/5760008w-360x239.jpg\" width=\"360\" height=\"239\" \/>Brasilia, 28 nov (EFE).- La aerol\u00ednea portuguesa TAP inaugurar\u00e1 en junio del a\u00f1o pr\u00f3ximo un vuelo entre Lisboa y Manaus, considerada como el coraz\u00f3n de la Amazon\u00eda brasile\u00f1a y que ser\u00e1 una de las sedes del Mundial de f\u00fatbol de 2014, informaron hoy fuentes oficiales.<\/p>\n<p>El presidente de la Empresa Brasile\u00f1a de Turismo (Embratur), Fl\u00e1vio Dino, celebr\u00f3 la decisi\u00f3n de la empresa lusa, que permitir\u00e1 recortar la duraci\u00f3n de un viaje \u00abque hasta ahora puede durar unas 20 horas\u00bb, por las escalas necesarias para llegar a Manaos desde la capital portuguesa.<\/p>\n<p>Dino tambi\u00e9n mostr\u00f3 su satisfacci\u00f3n por el hecho de que el vuelo Lisboa-Manaus comenzar\u00e1 a operar en v\u00edsperas del inicio del Mundial de f\u00fatbol, para el que una de las selecciones clasificadas es la portuguesa que encabeza el madridista Cristiano Ronaldo.<\/p>\n<p>\u00abLa Amazon\u00eda es una de las marcas m\u00e1s fuertes de Brasil, estar\u00e1 en el Mundial (con la subsede de Manaus), y una conexi\u00f3n directa con Europa aumentar\u00e1 significativamente la posibilidad de aumentar el n\u00famero de turistas que llega a la regi\u00f3n\u00bb, declar\u00f3 Dino, citado en un comunicado divulgado por Embratur.<\/p>\n","protected":false},"excerpt":{"rendered":"<p>Brasilia, 28 nov (EFE).- La aerol\u00ednea portuguesa TAP inaugurar\u00e1 en junio del a\u00f1o pr\u00f3ximo un vuelo entre Lisboa y Manaus, considerada como el coraz\u00f3n de la Amazon\u00eda brasile\u00f1a y que ser\u00e1 una de las sedes del Mundial de f\u00fatbol de 2014, informaron hoy fuentes oficiales. El presidente de la Empresa Brasile\u00f1a de Turismo (Embratur), Fl\u00e1vio [&hellip;]<\/p>\n","protected":false},"author":1,"featured_media":455642,"comment_status":"closed","ping_status":"open","sticky":false,"template":"","format":"standard","meta":{"footnotes":""},"categories":[50],"tags":[],"class_list":["post-455641","post","type-post","status-publish","format-standard","has-post-thumbnail","hentry","category-revista-de-ocio"],"aioseo_notices":[],"aioseo_head":"\n\t\t<!-- All in One SEO Pro 5.0.1 - aioseo.com -->\n\t<meta name=\"description\" content=\"Brasilia, 28 nov (EFE).- La aerol\u00ednea portuguesa TAP inaugurar\u00e1 en junio del a\u00f1o pr\u00f3ximo un vuelo entre Lisboa y Manaus, considerada como el coraz\u00f3n de la Amazon\u00eda brasile\u00f1a y que ser\u00e1 una de las sedes del Mundial de f\u00fatbol de 2014, informaron hoy fuentes oficiales. El presidente de la Empresa Brasile\u00f1a de Turismo (Embratur), Fl\u00e1vio\" \/>\n\t<meta name=\"robots\" content=\"max-image-preview:large\" \/>\n\t<meta name=\"author\" content=\"El Digital de Asturias\"\/>\n\t<meta name=\"google-site-verification\" content=\"UA-38556648-1\" \/>\n\t<meta name=\"msvalidate.01\" content=\"7dfe9f3f1b24437ab69f4f2559babe99\" \/>\n\t<meta name=\"keywords\" content=\"revista de ocio\" \/>\n\t<link rel=\"canonical\" href=\"https:\/\/www.eldigitaldeasturias.com\/noticias\/un-vuelo-de-tap-unira-lisboa-con-el-corazon-de-la-amazonia-brasilena\/\" \/>\n\t<meta name=\"generator\" content=\"All in One SEO Pro (AIOSEO) 5.0.1\" \/>\n\t\t<meta property=\"og:locale\" content=\"es_ES\" \/>\n\t\t<meta property=\"og:site_name\" content=\"El Digital de Asturias\" \/>\n\t\t<meta property=\"og:type\" content=\"article\" \/>\n\t\t<meta property=\"og:title\" content=\"Un vuelo de TAP unir\u00e1 Lisboa con el coraz\u00f3n de la Amazon\u00eda brasile\u00f1a - El Digital de Asturias\" \/>\n\t\t<meta property=\"og:description\" content=\"Brasilia, 28 nov (EFE).- La aerol\u00ednea portuguesa TAP inaugurar\u00e1 en junio del a\u00f1o pr\u00f3ximo un vuelo entre Lisboa y Manaus, considerada como el coraz\u00f3n de la Amazon\u00eda brasile\u00f1a y que ser\u00e1 una de las sedes del Mundial de f\u00fatbol de 2014, informaron hoy fuentes oficiales. El presidente de la Empresa Brasile\u00f1a de Turismo (Embratur), Fl\u00e1vio\" \/>\n\t\t<meta property=\"og:url\" content=\"https:\/\/www.eldigitaldeasturias.com\/noticias\/un-vuelo-de-tap-unira-lisboa-con-el-corazon-de-la-amazonia-brasilena\/\" \/>\n\t\t<meta property=\"article:tag\" content=\"revista de ocio\" \/>\n\t\t<meta property=\"article:published_time\" content=\"2013-11-29T00:46:05+00:00\" \/>\n\t\t<meta property=\"article:modified_time\" content=\"2013-11-29T00:46:05+00:00\" \/>\n\t\t<meta property=\"article:publisher\" content=\"https:\/\/facebook.com\/eldigitaldeasturias\" \/>\n\t\t<meta name=\"twitter:card\" content=\"summary_large_image\" \/>\n\t\t<meta name=\"twitter:title\" content=\"Un vuelo de TAP unir\u00e1 Lisboa con el coraz\u00f3n de la Amazon\u00eda brasile\u00f1a - El Digital de Asturias\" \/>\n\t\t<meta name=\"twitter:description\" content=\"Brasilia, 28 nov (EFE).- La aerol\u00ednea portuguesa TAP inaugurar\u00e1 en junio del a\u00f1o pr\u00f3ximo un vuelo entre Lisboa y Manaus, considerada como el coraz\u00f3n de la Amazon\u00eda brasile\u00f1a y que ser\u00e1 una de las sedes del Mundial de f\u00fatbol de 2014, informaron hoy fuentes oficiales. El presidente de la Empresa Brasile\u00f1a de Turismo (Embratur), Fl\u00e1vio\" \/>\n\t\t<meta name=\"twitter:label1\" content=\"Escrito por\" \/>\n\t\t<meta name=\"twitter:data1\" content=\"El Digital de Asturias\" \/>\n\t\t<meta name=\"twitter:label2\" content=\"Tiempo de lectura estimado\" \/>\n\t\t<meta name=\"twitter:data2\" content=\"1 minuto\" \/>\n\t\t<script type=\"application\/ld+json\" class=\"aioseo-schema\">\n\t\t\t{\"@context\":\"https:\\\/\\\/schema.org\",\"@graph\":[{\"@type\":\"BlogPosting\",\"@id\":\"https:\\\/\\\/www.eldigitaldeasturias.com\\\/noticias\\\/un-vuelo-de-tap-unira-lisboa-con-el-corazon-de-la-amazonia-brasilena\\\/#blogposting\",\"name\":\"Un vuelo de TAP unir\\u00e1 Lisboa con el coraz\\u00f3n de la Amazon\\u00eda brasile\\u00f1a - El Digital de Asturias\",\"headline\":\"Un vuelo de TAP unir\\u00e1 Lisboa con el coraz\\u00f3n de la Amazon\\u00eda brasile\\u00f1a\",\"author\":{\"@id\":\"https:\\\/\\\/www.eldigitaldeasturias.com\\\/noticias\\\/author\\\/admin\\\/#author\"},\"publisher\":{\"@id\":\"https:\\\/\\\/www.eldigitaldeasturias.com\\\/noticias\\\/#organization\"},\"image\":{\"@type\":\"ImageObject\",\"url\":455642},\"datePublished\":\"2013-11-28T23:46:05+01:00\",\"dateModified\":\"2013-11-28T23:46:05+01:00\",\"inLanguage\":\"es-ES\",\"mainEntityOfPage\":{\"@id\":\"https:\\\/\\\/www.eldigitaldeasturias.com\\\/noticias\\\/un-vuelo-de-tap-unira-lisboa-con-el-corazon-de-la-amazonia-brasilena\\\/#webpage\"},\"isPartOf\":{\"@id\":\"https:\\\/\\\/www.eldigitaldeasturias.com\\\/noticias\\\/un-vuelo-de-tap-unira-lisboa-con-el-corazon-de-la-amazonia-brasilena\\\/#webpage\"},\"articleSection\":\"Revista de Ocio\"},{\"@type\":\"BreadcrumbList\",\"@id\":\"https:\\\/\\\/www.eldigitaldeasturias.com\\\/noticias\\\/un-vuelo-de-tap-unira-lisboa-con-el-corazon-de-la-amazonia-brasilena\\\/#breadcrumblist\",\"itemListElement\":[{\"@type\":\"ListItem\",\"@id\":\"https:\\\/\\\/www.eldigitaldeasturias.com\\\/noticias#listItem\",\"position\":1,\"name\":\"Home\",\"item\":\"https:\\\/\\\/www.eldigitaldeasturias.com\\\/noticias\",\"nextItem\":{\"@type\":\"ListItem\",\"@id\":\"https:\\\/\\\/www.eldigitaldeasturias.com\\\/noticias\\\/category\\\/revista-de-ocio\\\/#listItem\",\"name\":\"Revista de Ocio\"}},{\"@type\":\"ListItem\",\"@id\":\"https:\\\/\\\/www.eldigitaldeasturias.com\\\/noticias\\\/category\\\/revista-de-ocio\\\/#listItem\",\"position\":2,\"name\":\"Revista de Ocio\",\"item\":\"https:\\\/\\\/www.eldigitaldeasturias.com\\\/noticias\\\/category\\\/revista-de-ocio\\\/\",\"nextItem\":{\"@type\":\"ListItem\",\"@id\":\"https:\\\/\\\/www.eldigitaldeasturias.com\\\/noticias\\\/un-vuelo-de-tap-unira-lisboa-con-el-corazon-de-la-amazonia-brasilena\\\/#listItem\",\"name\":\"Un vuelo de TAP unir\\u00e1 Lisboa con el coraz\\u00f3n de la Amazon\\u00eda brasile\\u00f1a\"},\"previousItem\":{\"@type\":\"ListItem\",\"@id\":\"https:\\\/\\\/www.eldigitaldeasturias.com\\\/noticias#listItem\",\"name\":\"Home\"}},{\"@type\":\"ListItem\",\"@id\":\"https:\\\/\\\/www.eldigitaldeasturias.com\\\/noticias\\\/un-vuelo-de-tap-unira-lisboa-con-el-corazon-de-la-amazonia-brasilena\\\/#listItem\",\"position\":3,\"name\":\"Un vuelo de TAP unir\\u00e1 Lisboa con el coraz\\u00f3n de la Amazon\\u00eda brasile\\u00f1a\",\"previousItem\":{\"@type\":\"ListItem\",\"@id\":\"https:\\\/\\\/www.eldigitaldeasturias.com\\\/noticias\\\/category\\\/revista-de-ocio\\\/#listItem\",\"name\":\"Revista de Ocio\"}}]},{\"@type\":\"Organization\",\"@id\":\"https:\\\/\\\/www.eldigitaldeasturias.com\\\/noticias\\\/#organization\",\"name\":\"El Digital de Asturias\",\"description\":\"Hemeroteca\",\"url\":\"https:\\\/\\\/www.eldigitaldeasturias.com\\\/noticias\\\/\",\"email\":\"info@eldigitaldeasturias.com\",\"telephone\":\"+34652131393\",\"logo\":{\"@type\":\"ImageObject\",\"url\":\"https:\\\/\\\/www.eldigitaldeasturias.com\\\/noticias\\\/wp-content\\\/uploads\\\/2020\\\/12\\\/EDA.jpg\",\"@id\":\"https:\\\/\\\/www.eldigitaldeasturias.com\\\/noticias\\\/un-vuelo-de-tap-unira-lisboa-con-el-corazon-de-la-amazonia-brasilena\\\/#organizationLogo\"},\"image\":{\"@id\":\"https:\\\/\\\/www.eldigitaldeasturias.com\\\/noticias\\\/un-vuelo-de-tap-unira-lisboa-con-el-corazon-de-la-amazonia-brasilena\\\/#organizationLogo\"},\"sameAs\":[\"https:\\\/\\\/facebook.com\\\/eldigitaldeasturias\",\"https:\\\/\\\/www.youtube.com\\\/channel\\\/UCZP-2wLEB9Rv6erhFmqVnvg\"],\"address\":{\"@id\":\"https:\\\/\\\/www.eldigitaldeasturias.com\\\/noticias\\\/#postaladdress\",\"@type\":\"PostalAddress\",\"streetAddress\":\"san antonio 4\",\"postalCode\":\"33430\",\"addressLocality\":\"Cand\\u00e1s\",\"addressRegion\":\"Asturias\",\"addressCountry\":\"ES\"}},{\"@type\":\"Person\",\"@id\":\"https:\\\/\\\/www.eldigitaldeasturias.com\\\/noticias\\\/author\\\/admin\\\/#author\",\"url\":\"https:\\\/\\\/www.eldigitaldeasturias.com\\\/noticias\\\/author\\\/admin\\\/\",\"name\":\"El Digital de Asturias\",\"image\":{\"@type\":\"ImageObject\",\"@id\":\"https:\\\/\\\/www.eldigitaldeasturias.com\\\/noticias\\\/un-vuelo-de-tap-unira-lisboa-con-el-corazon-de-la-amazonia-brasilena\\\/#authorImage\",\"url\":\"https:\\\/\\\/secure.gravatar.com\\\/avatar\\\/df2aeffc32bcd13f8d26072ef8a91b623d677766deac7f97ca815868cd41bf5e?s=96&d=mm&r=g\",\"width\":96,\"height\":96,\"caption\":\"El Digital de Asturias\"}},{\"@type\":\"WebPage\",\"@id\":\"https:\\\/\\\/www.eldigitaldeasturias.com\\\/noticias\\\/un-vuelo-de-tap-unira-lisboa-con-el-corazon-de-la-amazonia-brasilena\\\/#webpage\",\"url\":\"https:\\\/\\\/www.eldigitaldeasturias.com\\\/noticias\\\/un-vuelo-de-tap-unira-lisboa-con-el-corazon-de-la-amazonia-brasilena\\\/\",\"name\":\"Un vuelo de TAP unir\\u00e1 Lisboa con el coraz\\u00f3n de la Amazon\\u00eda brasile\\u00f1a - El Digital de Asturias\",\"description\":\"Brasilia, 28 nov (EFE).- La aerol\\u00ednea portuguesa TAP inaugurar\\u00e1 en junio del a\\u00f1o pr\\u00f3ximo un vuelo entre Lisboa y Manaus, considerada como el coraz\\u00f3n de la Amazon\\u00eda brasile\\u00f1a y que ser\\u00e1 una de las sedes del Mundial de f\\u00fatbol de 2014, informaron hoy fuentes oficiales. El presidente de la Empresa Brasile\\u00f1a de Turismo (Embratur), Fl\\u00e1vio\",\"inLanguage\":\"es-ES\",\"isPartOf\":{\"@id\":\"https:\\\/\\\/www.eldigitaldeasturias.com\\\/noticias\\\/#website\"},\"breadcrumb\":{\"@id\":\"https:\\\/\\\/www.eldigitaldeasturias.com\\\/noticias\\\/un-vuelo-de-tap-unira-lisboa-con-el-corazon-de-la-amazonia-brasilena\\\/#breadcrumblist\"},\"author\":{\"@id\":\"https:\\\/\\\/www.eldigitaldeasturias.com\\\/noticias\\\/author\\\/admin\\\/#author\"},\"creator\":{\"@id\":\"https:\\\/\\\/www.eldigitaldeasturias.com\\\/noticias\\\/author\\\/admin\\\/#author\"},\"image\":{\"@type\":\"ImageObject\",\"url\":455642,\"@id\":\"https:\\\/\\\/www.eldigitaldeasturias.com\\\/noticias\\\/un-vuelo-de-tap-unira-lisboa-con-el-corazon-de-la-amazonia-brasilena\\\/#mainImage\"},\"primaryImageOfPage\":{\"@id\":\"https:\\\/\\\/www.eldigitaldeasturias.com\\\/noticias\\\/un-vuelo-de-tap-unira-lisboa-con-el-corazon-de-la-amazonia-brasilena\\\/#mainImage\"},\"datePublished\":\"2013-11-28T23:46:05+01:00\",\"dateModified\":\"2013-11-28T23:46:05+01:00\"},{\"@type\":\"WebSite\",\"@id\":\"https:\\\/\\\/www.eldigitaldeasturias.com\\\/noticias\\\/#website\",\"url\":\"https:\\\/\\\/www.eldigitaldeasturias.com\\\/noticias\\\/\",\"name\":\"El Digital de Asturias - Diario de actualidad y noticias\",\"alternateName\":\"El Digital de Asturias - Diario de actualidad y noticias\",\"description\":\"Hemeroteca\",\"inLanguage\":\"es-ES\",\"publisher\":{\"@id\":\"https:\\\/\\\/www.eldigitaldeasturias.com\\\/noticias\\\/#organization\"}}]}\n\t\t<\/script>\n\t\t<!-- All in One SEO Pro -->\r\n\t\t<title>Un vuelo de TAP unir\u00e1 Lisboa con el coraz\u00f3n de la Amazon\u00eda brasile\u00f1a - El Digital de Asturias<\/title>\n\n","aioseo_head_json":{"title":"Un vuelo de TAP unir\u00e1 Lisboa con el coraz\u00f3n de la Amazon\u00eda brasile\u00f1a - El Digital de Asturias","description":"Brasilia, 28 nov (EFE).- La aerol\u00ednea portuguesa TAP inaugurar\u00e1 en junio del a\u00f1o pr\u00f3ximo un vuelo entre Lisboa y Manaus, considerada como el coraz\u00f3n de la Amazon\u00eda brasile\u00f1a y que ser\u00e1 una de las sedes del Mundial de f\u00fatbol de 2014, informaron hoy fuentes oficiales. El presidente de la Empresa Brasile\u00f1a de Turismo (Embratur), Fl\u00e1vio","canonical_url":"https:\/\/www.eldigitaldeasturias.com\/noticias\/un-vuelo-de-tap-unira-lisboa-con-el-corazon-de-la-amazonia-brasilena\/","robots":"max-image-preview:large","keywords":"revista de ocio","webmasterTools":{"google-site-verification":"UA-38556648-1","msvalidate.01":"7dfe9f3f1b24437ab69f4f2559babe99","miscellaneous":""},"schema":{"@context":"https:\/\/schema.org","@graph":[{"@type":"BlogPosting","@id":"https:\/\/www.eldigitaldeasturias.com\/noticias\/un-vuelo-de-tap-unira-lisboa-con-el-corazon-de-la-amazonia-brasilena\/#blogposting","name":"Un vuelo de TAP unir\u00e1 Lisboa con el coraz\u00f3n de la Amazon\u00eda brasile\u00f1a - El Digital de Asturias","headline":"Un vuelo de TAP unir\u00e1 Lisboa con el coraz\u00f3n de la Amazon\u00eda brasile\u00f1a","author":{"@id":"https:\/\/www.eldigitaldeasturias.com\/noticias\/author\/admin\/#author"},"publisher":{"@id":"https:\/\/www.eldigitaldeasturias.com\/noticias\/#organization"},"image":{"@type":"ImageObject","url":455642},"datePublished":"2013-11-28T23:46:05+01:00","dateModified":"2013-11-28T23:46:05+01:00","inLanguage":"es-ES","mainEntityOfPage":{"@id":"https:\/\/www.eldigitaldeasturias.com\/noticias\/un-vuelo-de-tap-unira-lisboa-con-el-corazon-de-la-amazonia-brasilena\/#webpage"},"isPartOf":{"@id":"https:\/\/www.eldigitaldeasturias.com\/noticias\/un-vuelo-de-tap-unira-lisboa-con-el-corazon-de-la-amazonia-brasilena\/#webpage"},"articleSection":"Revista de Ocio"},{"@type":"BreadcrumbList","@id":"https:\/\/www.eldigitaldeasturias.com\/noticias\/un-vuelo-de-tap-unira-lisboa-con-el-corazon-de-la-amazonia-brasilena\/#breadcrumblist","itemListElement":[{"@type":"ListItem","@id":"https:\/\/www.eldigitaldeasturias.com\/noticias#listItem","position":1,"name":"Home","item":"https:\/\/www.eldigitaldeasturias.com\/noticias","nextItem":{"@type":"ListItem","@id":"https:\/\/www.eldigitaldeasturias.com\/noticias\/category\/revista-de-ocio\/#listItem","name":"Revista de Ocio"}},{"@type":"ListItem","@id":"https:\/\/www.eldigitaldeasturias.com\/noticias\/category\/revista-de-ocio\/#listItem","position":2,"name":"Revista de Ocio","item":"https:\/\/www.eldigitaldeasturias.com\/noticias\/category\/revista-de-ocio\/","nextItem":{"@type":"ListItem","@id":"https:\/\/www.eldigitaldeasturias.com\/noticias\/un-vuelo-de-tap-unira-lisboa-con-el-corazon-de-la-amazonia-brasilena\/#listItem","name":"Un vuelo de TAP unir\u00e1 Lisboa con el coraz\u00f3n de la Amazon\u00eda brasile\u00f1a"},"previousItem":{"@type":"ListItem","@id":"https:\/\/www.eldigitaldeasturias.com\/noticias#listItem","name":"Home"}},{"@type":"ListItem","@id":"https:\/\/www.eldigitaldeasturias.com\/noticias\/un-vuelo-de-tap-unira-lisboa-con-el-corazon-de-la-amazonia-brasilena\/#listItem","position":3,"name":"Un vuelo de TAP unir\u00e1 Lisboa con el coraz\u00f3n de la Amazon\u00eda brasile\u00f1a","previousItem":{"@type":"ListItem","@id":"https:\/\/www.eldigitaldeasturias.com\/noticias\/category\/revista-de-ocio\/#listItem","name":"Revista de Ocio"}}]},{"@type":"Organization","@id":"https:\/\/www.eldigitaldeasturias.com\/noticias\/#organization","name":"El Digital de Asturias","description":"Hemeroteca","url":"https:\/\/www.eldigitaldeasturias.com\/noticias\/","email":"info@eldigitaldeasturias.com","telephone":"+34652131393","logo":{"@type":"ImageObject","url":"https:\/\/www.eldigitaldeasturias.com\/noticias\/wp-content\/uploads\/2020\/12\/EDA.jpg","@id":"https:\/\/www.eldigitaldeasturias.com\/noticias\/un-vuelo-de-tap-unira-lisboa-con-el-corazon-de-la-amazonia-brasilena\/#organizationLogo"},"image":{"@id":"https:\/\/www.eldigitaldeasturias.com\/noticias\/un-vuelo-de-tap-unira-lisboa-con-el-corazon-de-la-amazonia-brasilena\/#organizationLogo"},"sameAs":["https:\/\/facebook.com\/eldigitaldeasturias","https:\/\/www.youtube.com\/channel\/UCZP-2wLEB9Rv6erhFmqVnvg"],"address":{"@id":"https:\/\/www.eldigitaldeasturias.com\/noticias\/#postaladdress","@type":"PostalAddress","streetAddress":"san antonio 4","postalCode":"33430","addressLocality":"Cand\u00e1s","addressRegion":"Asturias","addressCountry":"ES"}},{"@type":"Person","@id":"https:\/\/www.eldigitaldeasturias.com\/noticias\/author\/admin\/#author","url":"https:\/\/www.eldigitaldeasturias.com\/noticias\/author\/admin\/","name":"El Digital de Asturias","image":{"@type":"ImageObject","@id":"https:\/\/www.eldigitaldeasturias.com\/noticias\/un-vuelo-de-tap-unira-lisboa-con-el-corazon-de-la-amazonia-brasilena\/#authorImage","url":"https:\/\/secure.gravatar.com\/avatar\/df2aeffc32bcd13f8d26072ef8a91b623d677766deac7f97ca815868cd41bf5e?s=96&d=mm&r=g","width":96,"height":96,"caption":"El Digital de Asturias"}},{"@type":"WebPage","@id":"https:\/\/www.eldigitaldeasturias.com\/noticias\/un-vuelo-de-tap-unira-lisboa-con-el-corazon-de-la-amazonia-brasilena\/#webpage","url":"https:\/\/www.eldigitaldeasturias.com\/noticias\/un-vuelo-de-tap-unira-lisboa-con-el-corazon-de-la-amazonia-brasilena\/","name":"Un vuelo de TAP unir\u00e1 Lisboa con el coraz\u00f3n de la Amazon\u00eda brasile\u00f1a - El Digital de Asturias","description":"Brasilia, 28 nov (EFE).- La aerol\u00ednea portuguesa TAP inaugurar\u00e1 en junio del a\u00f1o pr\u00f3ximo un vuelo entre Lisboa y Manaus, considerada como el coraz\u00f3n de la Amazon\u00eda brasile\u00f1a y que ser\u00e1 una de las sedes del Mundial de f\u00fatbol de 2014, informaron hoy fuentes oficiales. El presidente de la Empresa Brasile\u00f1a de Turismo (Embratur), Fl\u00e1vio","inLanguage":"es-ES","isPartOf":{"@id":"https:\/\/www.eldigitaldeasturias.com\/noticias\/#website"},"breadcrumb":{"@id":"https:\/\/www.eldigitaldeasturias.com\/noticias\/un-vuelo-de-tap-unira-lisboa-con-el-corazon-de-la-amazonia-brasilena\/#breadcrumblist"},"author":{"@id":"https:\/\/www.eldigitaldeasturias.com\/noticias\/author\/admin\/#author"},"creator":{"@id":"https:\/\/www.eldigitaldeasturias.com\/noticias\/author\/admin\/#author"},"image":{"@type":"ImageObject","url":455642,"@id":"https:\/\/www.eldigitaldeasturias.com\/noticias\/un-vuelo-de-tap-unira-lisboa-con-el-corazon-de-la-amazonia-brasilena\/#mainImage"},"primaryImageOfPage":{"@id":"https:\/\/www.eldigitaldeasturias.com\/noticias\/un-vuelo-de-tap-unira-lisboa-con-el-corazon-de-la-amazonia-brasilena\/#mainImage"},"datePublished":"2013-11-28T23:46:05+01:00","dateModified":"2013-11-28T23:46:05+01:00"},{"@type":"WebSite","@id":"https:\/\/www.eldigitaldeasturias.com\/noticias\/#website","url":"https:\/\/www.eldigitaldeasturias.com\/noticias\/","name":"El Digital de Asturias - Diario de actualidad y noticias","alternateName":"El Digital de Asturias - Diario de actualidad y noticias","description":"Hemeroteca","inLanguage":"es-ES","publisher":{"@id":"https:\/\/www.eldigitaldeasturias.com\/noticias\/#organization"}}]},"og:locale":"es_ES","og:site_name":"El Digital de Asturias","og:type":"article","og:title":"Un vuelo de TAP unir\u00e1 Lisboa con el coraz\u00f3n de la Amazon\u00eda brasile\u00f1a - El Digital de Asturias","og:description":"Brasilia, 28 nov (EFE).- La aerol\u00ednea portuguesa TAP inaugurar\u00e1 en junio del a\u00f1o pr\u00f3ximo un vuelo entre Lisboa y Manaus, considerada como el coraz\u00f3n de la Amazon\u00eda brasile\u00f1a y que ser\u00e1 una de las sedes del Mundial de f\u00fatbol de 2014, informaron hoy fuentes oficiales. El presidente de la Empresa Brasile\u00f1a de Turismo (Embratur), Fl\u00e1vio","og:url":"https:\/\/www.eldigitaldeasturias.com\/noticias\/un-vuelo-de-tap-unira-lisboa-con-el-corazon-de-la-amazonia-brasilena\/","article:tag":["revista de ocio"],"article:published_time":"2013-11-29T00:46:05+00:00","article:modified_time":"2013-11-29T00:46:05+00:00","article:publisher":"https:\/\/facebook.com\/eldigitaldeasturias","twitter:card":"summary_large_image","twitter:title":"Un vuelo de TAP unir\u00e1 Lisboa con el coraz\u00f3n de la Amazon\u00eda brasile\u00f1a - El Digital de Asturias","twitter:description":"Brasilia, 28 nov (EFE).- La aerol\u00ednea portuguesa TAP inaugurar\u00e1 en junio del a\u00f1o pr\u00f3ximo un vuelo entre Lisboa y Manaus, considerada como el coraz\u00f3n de la Amazon\u00eda brasile\u00f1a y que ser\u00e1 una de las sedes del Mundial de f\u00fatbol de 2014, informaron hoy fuentes oficiales. El presidente de la Empresa Brasile\u00f1a de Turismo (Embratur), Fl\u00e1vio","twitter:label1":"Escrito por","twitter:data1":"El Digital de Asturias","twitter:label2":"Tiempo de lectura estimado","twitter:data2":"1 minuto"},"aioseo_meta_data":{"post_id":"455641","title":null,"description":null,"keywords":null,"keyphrases":null,"primary_term":null,"canonical_url":null,"og_title":null,"og_description":null,"og_object_type":"default","og_image_type":"default","og_image_url":null,"og_image_width":null,"og_image_height":null,"og_image_custom_url":null,"og_image_custom_fields":null,"og_video":null,"og_custom_url":null,"og_article_section":null,"og_article_tags":null,"twitter_use_og":true,"twitter_card":"default","twitter_image_type":"default","twitter_image_url":null,"twitter_image_custom_url":null,"twitter_image_custom_fields":null,"twitter_title":null,"twitter_description":null,"schema":{"blockGraphs":[],"customGraphs":[],"default":{"data":{"Article":[],"Course":[],"Dataset":[],"FAQPage":[],"Movie":[],"Person":[],"Product":[],"ProductReview":[],"Car":[],"Recipe":[],"Service":[],"SoftwareApplication":[],"WebPage":[]},"graphName":"","isEnabled":true},"graphs":[],"defaultGraph":"","defaultPostTypeGraph":""},"schema_type":null,"schema_type_options":null,"pillar_content":false,"robots_default":true,"robots_noindex":false,"robots_noarchive":false,"robots_nosnippet":false,"robots_nofollow":false,"robots_noimageindex":false,"robots_noodp":false,"robots_notranslate":false,"robots_max_snippet":null,"robots_max_videopreview":null,"robots_max_imagepreview":"none","priority":null,"frequency":null,"local_seo":null,"seo_analyzer_scan_date":"2026-05-29 19:00:22","breadcrumb_settings":null,"limit_modified_date":false,"open_ai":null,"ai":null,"created":"2020-11-14 22:45:20","updated":"2026-05-29 19:00:22","focus_keyword":null,"additional_keywords":null,"truseo_locale":null},"aioseo_breadcrumb":"<div class=\"aioseo-breadcrumbs\"><span class=\"aioseo-breadcrumb\">\n\t<a href=\"https:\/\/www.eldigitaldeasturias.com\/noticias\" title=\"Home\">Home<\/a>\n<\/span><span class=\"aioseo-breadcrumb-separator\">\u2013<\/span><span class=\"aioseo-breadcrumb\">\n\t<a href=\"https:\/\/www.eldigitaldeasturias.com\/noticias\/category\/revista-de-ocio\/\" title=\"Revista de Ocio\">Revista de Ocio<\/a>\n<\/span><span class=\"aioseo-breadcrumb-separator\">\u2013<\/span><span class=\"aioseo-breadcrumb\">\n\t<a href=\"https:\/\/www.eldigitaldeasturias.com\/noticias\/un-vuelo-de-tap-unira-lisboa-con-el-corazon-de-la-amazonia-brasilena\/\" title=\"Un vuelo de TAP unir\u00e1 Lisboa con el coraz\u00f3n de la Amazon\u00eda brasile\u00f1a\">Un vuelo de TAP unir\u00e1 Lisboa con el coraz\u00f3n de la Amazon\u00eda brasile\u00f1a<\/a>\n<\/span><\/div>","aioseo_breadcrumb_json":[{"label":"Home","link":"https:\/\/www.eldigitaldeasturias.com\/noticias"},{"label":"Revista de Ocio","link":"https:\/\/www.eldigitaldeasturias.com\/noticias\/category\/revista-de-ocio\/"},{"label":"Un vuelo de TAP unir\u00e1 Lisboa con el coraz\u00f3n de la Amazon\u00eda brasile\u00f1a","link":"https:\/\/www.eldigitaldeasturias.com\/noticias\/un-vuelo-de-tap-unira-lisboa-con-el-corazon-de-la-amazonia-brasilena\/"}],"_links":{"self":[{"href":"https:\/\/www.eldigitaldeasturias.com\/noticias\/wp-json\/wp\/v2\/posts\/455641","targetHints":{"allow":["GET"]}}],"collection":[{"href":"https:\/\/www.eldigitaldeasturias.com\/noticias\/wp-json\/wp\/v2\/posts"}],"about":[{"href":"https:\/\/www.eldigitaldeasturias.com\/noticias\/wp-json\/wp\/v2\/types\/post"}],"author":[{"embeddable":true,"href":"https:\/\/www.eldigitaldeasturias.com\/noticias\/wp-json\/wp\/v2\/users\/1"}],"replies":[{"embeddable":true,"href":"https:\/\/www.eldigitaldeasturias.com\/noticias\/wp-json\/wp\/v2\/comments?post=455641"}],"version-history":[{"count":0,"href":"https:\/\/www.eldigitaldeasturias.com\/noticias\/wp-json\/wp\/v2\/posts\/455641\/revisions"}],"wp:attachment":[{"href":"https:\/\/www.eldigitaldeasturias.com\/noticias\/wp-json\/wp\/v2\/media?parent=455641"}],"wp:term":[{"taxonomy":"category","embeddable":true,"href":"https:\/\/www.eldigitaldeasturias.com\/noticias\/wp-json\/wp\/v2\/categories?post=455641"},{"taxonomy":"post_tag","embeddable":true,"href":"https:\/\/www.eldigitaldeasturias.com\/noticias\/wp-json\/wp\/v2\/tags?post=455641"}],"curies":[{"name":"wp","href":"https:\/\/api.w.org\/{rel}","templated":true}]}}