{"id":455616,"date":"2013-11-28T23:13:54","date_gmt":"2013-11-29T00:13:54","guid":{"rendered":"http:\/\/www.eldigitaldeasturias.com\/noticias\/?p=455616"},"modified":"2013-11-28T23:13:54","modified_gmt":"2013-11-29T00:13:54","slug":"la-madre-de-asunta-declara-ante-el-juez-tras-levantarse-el-secreto-de-sumario","status":"publish","type":"post","link":"https:\/\/www.eldigitaldeasturias.com\/noticias\/la-madre-de-asunta-declara-ante-el-juez-tras-levantarse-el-secreto-de-sumario\/","title":{"rendered":"La madre de Asunta declara ante el juez tras levantarse el secreto de sumario"},"content":{"rendered":"<p><img loading=\"lazy\" decoding=\"async\" class=\"alignleft size-medium wp-image-455617\" alt=\"5759995w\" src=\"https:\/\/www.eldigitaldeasturias.com\/noticias\/wp-content\/uploads\/2013\/11\/5759995w-360x231.jpg\" width=\"360\" height=\"231\" \/>Santiago de Compostela, 28 nov (EFE).- La abogada Rosario Porto, la madre de la ni\u00f1a hallada muerta en una pista forestal el pasado 22 de septiembre, ha accedido hoy a declarar ante el juez dos meses despu\u00e9s del crimen y sin que est\u00e9 vigente el secreto sobre la causa.<\/p>\n<p>El periodista Alfonso Basterra, padre de la v\u00edctima, no lo ha hecho, pese al alzamiento, y se ha acogido a su derecho a no prestar testimonio ante el magistrado Jos\u00e9 Antonio V\u00e1zquez Ta\u00edn, seg\u00fan ha informado en una nota el Tribunal Superior de Justicia de Galicia.<\/p>\n<p>Jos\u00e9 Luis Guti\u00e9rrez Aranguren y Bel\u00e9n Hospido, los letrados que asisten, respectivamente, a ambos, los \u00fanicos imputados por esta muerte violenta que se consum\u00f3 el d\u00eda 21, les hab\u00edan aconsejado que no cooperasen en ninguna reconstrucci\u00f3n o cualquier otra pericia hasta que tuviesen acceso al acervo probatorio conseguido por los investigadores.<\/p>\n<p>El juez esperaba conocer en la comparecencia de esta tarde cu\u00e1l era la postura actual del otrora matrimonio y comprobar, por tanto, si estaban dispuestos a esclarecer lo sucedido y a arrojar luz sobre los \u00abnumerosos\u00bb indicios sospechosos.<\/p>\n<p>Con la de hoy, es la tercera vez que Porto y Basterra est\u00e1n ante el juez. La primera fue el 27 de septiembre, cuando V\u00e1zquez Ta\u00edn orden\u00f3 el ingreso en prisi\u00f3n, y la segunda el 18 del mes siguiente, el d\u00eda en que se elev\u00f3 la calificaci\u00f3n de homicidio a asesinato.<\/p>\n<p>El cad\u00e1ver de la menor de 12 a\u00f1os, a la que adoptaron cuando todav\u00eda no ten\u00eda uno, fue localizado por dos viandantes a la una y cuarto de la madrugada, colocado sobre un talud situado en Teo, un municipio cercano a Compostela.<\/p>\n<p>Las sospechas estuvieron desde un primer momento sobre Porto y Basterra, acusados de la presunta comisi\u00f3n de un delito de asesinato y encarcelados en el penal coru\u00f1\u00e9s de Teixeiro.<\/p>\n<p>Los dos han vuelto esta tarde al juzgado de instrucci\u00f3n n\u00famero dos de Santiago, situado en el barrio de Fonti\u00f1as. Han llegado unos minutos antes de las cuatro, en furgones separados, y Basterra ha sido trasladado de nuevo a la prisi\u00f3n pasadas las siete de la tarde.<\/p>\n<p>En la citaci\u00f3n de este jueves, con la presencia de los acusados y los letrados de todas las partes personadas, adem\u00e1s de la Fiscal\u00eda, se solicit\u00f3 la pr\u00e1ctica de nuevas testificales y la repetici\u00f3n de algunas ya practicadas, adem\u00e1s de otras periciales complementarias.<\/p>\n<p>Los primeros en llegar han sido el juez, el fiscal Jorge Fern\u00e1ndez de Ar\u00e1nguiz y los abogados de la acusaci\u00f3n particular, Ricardo P\u00e9rez Lama y Roc\u00edo Beceiro, de la asociaci\u00f3n Clara Campoamor por los derechos de la mujer y de la infancia.<\/p>\n<p>Despu\u00e9s, los letrados de los acusados: Guti\u00e9rrez Aranguren, que ha dicho que el sumario lo ha sorprendido, sin concretar la raz\u00f3n, y ha adelantado que de momento no solicitar\u00e1 la nulidad de ninguna de las pruebas practicadas; y Bel\u00e9n Hospido, que no ha hecho declaraciones a los informadores.<\/p>\n<p>V\u00e1zquez Ta\u00edn est\u00e1 convencido de que los padres de la ni\u00f1a hab\u00edan urdido un plan para matar a Asunta. El se encargar\u00eda de drogarla hasta el aturdimiento para facilitar la asfixia mec\u00e1nica que ejecutar\u00eda ella.<\/p>\n<p>En el auto por el que se levant\u00f3 el secreto de sumario, el juez apunta que Basterra sabe que, en base a los resultados de la autopsia y a los an\u00e1lisis de toxicolog\u00eda, se le imputa que el d\u00eda en que muri\u00f3 la ni\u00f1a, como en episodios anteriores, le suministr\u00f3 una dosis t\u00f3xica de un ansiol\u00edtico (Orfidal).<\/p>\n<p>Especifica que el motivo de esta acci\u00f3n ser\u00eda privar a la v\u00edctima de toda voluntad y capacidad de defensa para, supuestamente, facilitar la acci\u00f3n de asfixia, de la que se encargar\u00eda la propia Rosario Porto.<\/p>\n","protected":false},"excerpt":{"rendered":"<p>Santiago de Compostela, 28 nov (EFE).- La abogada Rosario Porto, la madre de la ni\u00f1a hallada muerta en una pista forestal el pasado 22 de septiembre, ha accedido hoy a declarar ante el juez dos meses despu\u00e9s del crimen y sin que est\u00e9 vigente el secreto sobre la causa. El periodista Alfonso Basterra, padre de [&hellip;]<\/p>\n","protected":false},"author":1,"featured_media":455617,"comment_status":"closed","ping_status":"open","sticky":false,"template":"","format":"standard","meta":{"footnotes":""},"categories":[5],"tags":[],"class_list":["post-455616","post","type-post","status-publish","format-standard","has-post-thumbnail","hentry","category-sucesos"],"aioseo_notices":[],"aioseo_head":"\n\t\t<!-- All in One SEO Pro 5.0.1 - aioseo.com -->\n\t<meta name=\"description\" content=\"Santiago de Compostela, 28 nov (EFE).- La abogada Rosario Porto, la madre de la ni\u00f1a hallada muerta en una pista forestal el pasado 22 de septiembre, ha accedido hoy a declarar ante el juez dos meses despu\u00e9s del crimen y sin que est\u00e9 vigente el secreto sobre la causa. El periodista Alfonso Basterra, padre de\" \/>\n\t<meta name=\"robots\" content=\"max-image-preview:large\" \/>\n\t<meta name=\"author\" content=\"El Digital de Asturias\"\/>\n\t<meta name=\"google-site-verification\" content=\"UA-38556648-1\" \/>\n\t<meta name=\"msvalidate.01\" content=\"7dfe9f3f1b24437ab69f4f2559babe99\" \/>\n\t<meta name=\"keywords\" content=\"sucesos\" \/>\n\t<link rel=\"canonical\" href=\"https:\/\/www.eldigitaldeasturias.com\/noticias\/la-madre-de-asunta-declara-ante-el-juez-tras-levantarse-el-secreto-de-sumario\/\" \/>\n\t<meta name=\"generator\" content=\"All in One SEO Pro (AIOSEO) 5.0.1\" \/>\n\t\t<meta property=\"og:locale\" content=\"es_ES\" \/>\n\t\t<meta property=\"og:site_name\" content=\"El Digital de Asturias\" \/>\n\t\t<meta property=\"og:type\" content=\"article\" \/>\n\t\t<meta property=\"og:title\" content=\"La madre de Asunta declara ante el juez tras levantarse el secreto de sumario - El Digital de Asturias\" \/>\n\t\t<meta property=\"og:description\" content=\"Santiago de Compostela, 28 nov (EFE).- La abogada Rosario Porto, la madre de la ni\u00f1a hallada muerta en una pista forestal el pasado 22 de septiembre, ha accedido hoy a declarar ante el juez dos meses despu\u00e9s del crimen y sin que est\u00e9 vigente el secreto sobre la causa. El periodista Alfonso Basterra, padre de\" \/>\n\t\t<meta property=\"og:url\" content=\"https:\/\/www.eldigitaldeasturias.com\/noticias\/la-madre-de-asunta-declara-ante-el-juez-tras-levantarse-el-secreto-de-sumario\/\" \/>\n\t\t<meta property=\"article:tag\" content=\"sucesos\" \/>\n\t\t<meta property=\"article:published_time\" content=\"2013-11-29T00:13:54+00:00\" \/>\n\t\t<meta property=\"article:modified_time\" content=\"2013-11-29T00:13:54+00:00\" \/>\n\t\t<meta property=\"article:publisher\" content=\"https:\/\/facebook.com\/eldigitaldeasturias\" \/>\n\t\t<meta name=\"twitter:card\" content=\"summary_large_image\" \/>\n\t\t<meta name=\"twitter:title\" content=\"La madre de Asunta declara ante el juez tras levantarse el secreto de sumario - El Digital de Asturias\" \/>\n\t\t<meta name=\"twitter:description\" content=\"Santiago de Compostela, 28 nov (EFE).- La abogada Rosario Porto, la madre de la ni\u00f1a hallada muerta en una pista forestal el pasado 22 de septiembre, ha accedido hoy a declarar ante el juez dos meses despu\u00e9s del crimen y sin que est\u00e9 vigente el secreto sobre la causa. El periodista Alfonso Basterra, padre de\" \/>\n\t\t<meta name=\"twitter:label1\" content=\"Escrito por\" \/>\n\t\t<meta name=\"twitter:data1\" content=\"El Digital de Asturias\" \/>\n\t\t<meta name=\"twitter:label2\" content=\"Tiempo de lectura estimado\" \/>\n\t\t<meta name=\"twitter:data2\" content=\"3 minutos\" \/>\n\t\t<script type=\"application\/ld+json\" class=\"aioseo-schema\">\n\t\t\t{\"@context\":\"https:\\\/\\\/schema.org\",\"@graph\":[{\"@type\":\"BlogPosting\",\"@id\":\"https:\\\/\\\/www.eldigitaldeasturias.com\\\/noticias\\\/la-madre-de-asunta-declara-ante-el-juez-tras-levantarse-el-secreto-de-sumario\\\/#blogposting\",\"name\":\"La madre de Asunta declara ante el juez tras levantarse el secreto de sumario - El Digital de Asturias\",\"headline\":\"La madre de Asunta declara ante el juez tras levantarse el secreto de sumario\",\"author\":{\"@id\":\"https:\\\/\\\/www.eldigitaldeasturias.com\\\/noticias\\\/author\\\/admin\\\/#author\"},\"publisher\":{\"@id\":\"https:\\\/\\\/www.eldigitaldeasturias.com\\\/noticias\\\/#organization\"},\"image\":{\"@type\":\"ImageObject\",\"url\":455617},\"datePublished\":\"2013-11-28T23:13:54+01:00\",\"dateModified\":\"2013-11-28T23:13:54+01:00\",\"inLanguage\":\"es-ES\",\"mainEntityOfPage\":{\"@id\":\"https:\\\/\\\/www.eldigitaldeasturias.com\\\/noticias\\\/la-madre-de-asunta-declara-ante-el-juez-tras-levantarse-el-secreto-de-sumario\\\/#webpage\"},\"isPartOf\":{\"@id\":\"https:\\\/\\\/www.eldigitaldeasturias.com\\\/noticias\\\/la-madre-de-asunta-declara-ante-el-juez-tras-levantarse-el-secreto-de-sumario\\\/#webpage\"},\"articleSection\":\"Sucesos\"},{\"@type\":\"BreadcrumbList\",\"@id\":\"https:\\\/\\\/www.eldigitaldeasturias.com\\\/noticias\\\/la-madre-de-asunta-declara-ante-el-juez-tras-levantarse-el-secreto-de-sumario\\\/#breadcrumblist\",\"itemListElement\":[{\"@type\":\"ListItem\",\"@id\":\"https:\\\/\\\/www.eldigitaldeasturias.com\\\/noticias#listItem\",\"position\":1,\"name\":\"Home\",\"item\":\"https:\\\/\\\/www.eldigitaldeasturias.com\\\/noticias\",\"nextItem\":{\"@type\":\"ListItem\",\"@id\":\"https:\\\/\\\/www.eldigitaldeasturias.com\\\/noticias\\\/category\\\/sucesos\\\/#listItem\",\"name\":\"Sucesos\"}},{\"@type\":\"ListItem\",\"@id\":\"https:\\\/\\\/www.eldigitaldeasturias.com\\\/noticias\\\/category\\\/sucesos\\\/#listItem\",\"position\":2,\"name\":\"Sucesos\",\"item\":\"https:\\\/\\\/www.eldigitaldeasturias.com\\\/noticias\\\/category\\\/sucesos\\\/\",\"nextItem\":{\"@type\":\"ListItem\",\"@id\":\"https:\\\/\\\/www.eldigitaldeasturias.com\\\/noticias\\\/la-madre-de-asunta-declara-ante-el-juez-tras-levantarse-el-secreto-de-sumario\\\/#listItem\",\"name\":\"La madre de Asunta declara ante el juez tras levantarse el secreto de sumario\"},\"previousItem\":{\"@type\":\"ListItem\",\"@id\":\"https:\\\/\\\/www.eldigitaldeasturias.com\\\/noticias#listItem\",\"name\":\"Home\"}},{\"@type\":\"ListItem\",\"@id\":\"https:\\\/\\\/www.eldigitaldeasturias.com\\\/noticias\\\/la-madre-de-asunta-declara-ante-el-juez-tras-levantarse-el-secreto-de-sumario\\\/#listItem\",\"position\":3,\"name\":\"La madre de Asunta declara ante el juez tras levantarse el secreto de sumario\",\"previousItem\":{\"@type\":\"ListItem\",\"@id\":\"https:\\\/\\\/www.eldigitaldeasturias.com\\\/noticias\\\/category\\\/sucesos\\\/#listItem\",\"name\":\"Sucesos\"}}]},{\"@type\":\"Organization\",\"@id\":\"https:\\\/\\\/www.eldigitaldeasturias.com\\\/noticias\\\/#organization\",\"name\":\"El Digital de Asturias\",\"description\":\"Hemeroteca\",\"url\":\"https:\\\/\\\/www.eldigitaldeasturias.com\\\/noticias\\\/\",\"email\":\"info@eldigitaldeasturias.com\",\"telephone\":\"+34652131393\",\"logo\":{\"@type\":\"ImageObject\",\"url\":\"https:\\\/\\\/www.eldigitaldeasturias.com\\\/noticias\\\/wp-content\\\/uploads\\\/2020\\\/12\\\/EDA.jpg\",\"@id\":\"https:\\\/\\\/www.eldigitaldeasturias.com\\\/noticias\\\/la-madre-de-asunta-declara-ante-el-juez-tras-levantarse-el-secreto-de-sumario\\\/#organizationLogo\"},\"image\":{\"@id\":\"https:\\\/\\\/www.eldigitaldeasturias.com\\\/noticias\\\/la-madre-de-asunta-declara-ante-el-juez-tras-levantarse-el-secreto-de-sumario\\\/#organizationLogo\"},\"sameAs\":[\"https:\\\/\\\/facebook.com\\\/eldigitaldeasturias\",\"https:\\\/\\\/www.youtube.com\\\/channel\\\/UCZP-2wLEB9Rv6erhFmqVnvg\"],\"address\":{\"@id\":\"https:\\\/\\\/www.eldigitaldeasturias.com\\\/noticias\\\/#postaladdress\",\"@type\":\"PostalAddress\",\"streetAddress\":\"san antonio 4\",\"postalCode\":\"33430\",\"addressLocality\":\"Cand\\u00e1s\",\"addressRegion\":\"Asturias\",\"addressCountry\":\"ES\"}},{\"@type\":\"Person\",\"@id\":\"https:\\\/\\\/www.eldigitaldeasturias.com\\\/noticias\\\/author\\\/admin\\\/#author\",\"url\":\"https:\\\/\\\/www.eldigitaldeasturias.com\\\/noticias\\\/author\\\/admin\\\/\",\"name\":\"El Digital de Asturias\",\"image\":{\"@type\":\"ImageObject\",\"@id\":\"https:\\\/\\\/www.eldigitaldeasturias.com\\\/noticias\\\/la-madre-de-asunta-declara-ante-el-juez-tras-levantarse-el-secreto-de-sumario\\\/#authorImage\",\"url\":\"https:\\\/\\\/secure.gravatar.com\\\/avatar\\\/df2aeffc32bcd13f8d26072ef8a91b623d677766deac7f97ca815868cd41bf5e?s=96&d=mm&r=g\",\"width\":96,\"height\":96,\"caption\":\"El Digital de Asturias\"}},{\"@type\":\"WebPage\",\"@id\":\"https:\\\/\\\/www.eldigitaldeasturias.com\\\/noticias\\\/la-madre-de-asunta-declara-ante-el-juez-tras-levantarse-el-secreto-de-sumario\\\/#webpage\",\"url\":\"https:\\\/\\\/www.eldigitaldeasturias.com\\\/noticias\\\/la-madre-de-asunta-declara-ante-el-juez-tras-levantarse-el-secreto-de-sumario\\\/\",\"name\":\"La madre de Asunta declara ante el juez tras levantarse el secreto de sumario - El Digital de Asturias\",\"description\":\"Santiago de Compostela, 28 nov (EFE).- La abogada Rosario Porto, la madre de la ni\\u00f1a hallada muerta en una pista forestal el pasado 22 de septiembre, ha accedido hoy a declarar ante el juez dos meses despu\\u00e9s del crimen y sin que est\\u00e9 vigente el secreto sobre la causa. El periodista Alfonso Basterra, padre de\",\"inLanguage\":\"es-ES\",\"isPartOf\":{\"@id\":\"https:\\\/\\\/www.eldigitaldeasturias.com\\\/noticias\\\/#website\"},\"breadcrumb\":{\"@id\":\"https:\\\/\\\/www.eldigitaldeasturias.com\\\/noticias\\\/la-madre-de-asunta-declara-ante-el-juez-tras-levantarse-el-secreto-de-sumario\\\/#breadcrumblist\"},\"author\":{\"@id\":\"https:\\\/\\\/www.eldigitaldeasturias.com\\\/noticias\\\/author\\\/admin\\\/#author\"},\"creator\":{\"@id\":\"https:\\\/\\\/www.eldigitaldeasturias.com\\\/noticias\\\/author\\\/admin\\\/#author\"},\"image\":{\"@type\":\"ImageObject\",\"url\":455617,\"@id\":\"https:\\\/\\\/www.eldigitaldeasturias.com\\\/noticias\\\/la-madre-de-asunta-declara-ante-el-juez-tras-levantarse-el-secreto-de-sumario\\\/#mainImage\"},\"primaryImageOfPage\":{\"@id\":\"https:\\\/\\\/www.eldigitaldeasturias.com\\\/noticias\\\/la-madre-de-asunta-declara-ante-el-juez-tras-levantarse-el-secreto-de-sumario\\\/#mainImage\"},\"datePublished\":\"2013-11-28T23:13:54+01:00\",\"dateModified\":\"2013-11-28T23:13:54+01:00\"},{\"@type\":\"WebSite\",\"@id\":\"https:\\\/\\\/www.eldigitaldeasturias.com\\\/noticias\\\/#website\",\"url\":\"https:\\\/\\\/www.eldigitaldeasturias.com\\\/noticias\\\/\",\"name\":\"El Digital de Asturias - Diario de actualidad y noticias\",\"alternateName\":\"El Digital de Asturias - Diario de actualidad y noticias\",\"description\":\"Hemeroteca\",\"inLanguage\":\"es-ES\",\"publisher\":{\"@id\":\"https:\\\/\\\/www.eldigitaldeasturias.com\\\/noticias\\\/#organization\"}}]}\n\t\t<\/script>\n\t\t<!-- All in One SEO Pro -->\r\n\t\t<title>La madre de Asunta declara ante el juez tras levantarse el secreto de sumario - El Digital de Asturias<\/title>\n\n","aioseo_head_json":{"title":"La madre de Asunta declara ante el juez tras levantarse el secreto de sumario - El Digital de Asturias","description":"Santiago de Compostela, 28 nov (EFE).- La abogada Rosario Porto, la madre de la ni\u00f1a hallada muerta en una pista forestal el pasado 22 de septiembre, ha accedido hoy a declarar ante el juez dos meses despu\u00e9s del crimen y sin que est\u00e9 vigente el secreto sobre la causa. El periodista Alfonso Basterra, padre de","canonical_url":"https:\/\/www.eldigitaldeasturias.com\/noticias\/la-madre-de-asunta-declara-ante-el-juez-tras-levantarse-el-secreto-de-sumario\/","robots":"max-image-preview:large","keywords":"sucesos","webmasterTools":{"google-site-verification":"UA-38556648-1","msvalidate.01":"7dfe9f3f1b24437ab69f4f2559babe99","miscellaneous":""},"schema":{"@context":"https:\/\/schema.org","@graph":[{"@type":"BlogPosting","@id":"https:\/\/www.eldigitaldeasturias.com\/noticias\/la-madre-de-asunta-declara-ante-el-juez-tras-levantarse-el-secreto-de-sumario\/#blogposting","name":"La madre de Asunta declara ante el juez tras levantarse el secreto de sumario - El Digital de Asturias","headline":"La madre de Asunta declara ante el juez tras levantarse el secreto de sumario","author":{"@id":"https:\/\/www.eldigitaldeasturias.com\/noticias\/author\/admin\/#author"},"publisher":{"@id":"https:\/\/www.eldigitaldeasturias.com\/noticias\/#organization"},"image":{"@type":"ImageObject","url":455617},"datePublished":"2013-11-28T23:13:54+01:00","dateModified":"2013-11-28T23:13:54+01:00","inLanguage":"es-ES","mainEntityOfPage":{"@id":"https:\/\/www.eldigitaldeasturias.com\/noticias\/la-madre-de-asunta-declara-ante-el-juez-tras-levantarse-el-secreto-de-sumario\/#webpage"},"isPartOf":{"@id":"https:\/\/www.eldigitaldeasturias.com\/noticias\/la-madre-de-asunta-declara-ante-el-juez-tras-levantarse-el-secreto-de-sumario\/#webpage"},"articleSection":"Sucesos"},{"@type":"BreadcrumbList","@id":"https:\/\/www.eldigitaldeasturias.com\/noticias\/la-madre-de-asunta-declara-ante-el-juez-tras-levantarse-el-secreto-de-sumario\/#breadcrumblist","itemListElement":[{"@type":"ListItem","@id":"https:\/\/www.eldigitaldeasturias.com\/noticias#listItem","position":1,"name":"Home","item":"https:\/\/www.eldigitaldeasturias.com\/noticias","nextItem":{"@type":"ListItem","@id":"https:\/\/www.eldigitaldeasturias.com\/noticias\/category\/sucesos\/#listItem","name":"Sucesos"}},{"@type":"ListItem","@id":"https:\/\/www.eldigitaldeasturias.com\/noticias\/category\/sucesos\/#listItem","position":2,"name":"Sucesos","item":"https:\/\/www.eldigitaldeasturias.com\/noticias\/category\/sucesos\/","nextItem":{"@type":"ListItem","@id":"https:\/\/www.eldigitaldeasturias.com\/noticias\/la-madre-de-asunta-declara-ante-el-juez-tras-levantarse-el-secreto-de-sumario\/#listItem","name":"La madre de Asunta declara ante el juez tras levantarse el secreto de sumario"},"previousItem":{"@type":"ListItem","@id":"https:\/\/www.eldigitaldeasturias.com\/noticias#listItem","name":"Home"}},{"@type":"ListItem","@id":"https:\/\/www.eldigitaldeasturias.com\/noticias\/la-madre-de-asunta-declara-ante-el-juez-tras-levantarse-el-secreto-de-sumario\/#listItem","position":3,"name":"La madre de Asunta declara ante el juez tras levantarse el secreto de sumario","previousItem":{"@type":"ListItem","@id":"https:\/\/www.eldigitaldeasturias.com\/noticias\/category\/sucesos\/#listItem","name":"Sucesos"}}]},{"@type":"Organization","@id":"https:\/\/www.eldigitaldeasturias.com\/noticias\/#organization","name":"El Digital de Asturias","description":"Hemeroteca","url":"https:\/\/www.eldigitaldeasturias.com\/noticias\/","email":"info@eldigitaldeasturias.com","telephone":"+34652131393","logo":{"@type":"ImageObject","url":"https:\/\/www.eldigitaldeasturias.com\/noticias\/wp-content\/uploads\/2020\/12\/EDA.jpg","@id":"https:\/\/www.eldigitaldeasturias.com\/noticias\/la-madre-de-asunta-declara-ante-el-juez-tras-levantarse-el-secreto-de-sumario\/#organizationLogo"},"image":{"@id":"https:\/\/www.eldigitaldeasturias.com\/noticias\/la-madre-de-asunta-declara-ante-el-juez-tras-levantarse-el-secreto-de-sumario\/#organizationLogo"},"sameAs":["https:\/\/facebook.com\/eldigitaldeasturias","https:\/\/www.youtube.com\/channel\/UCZP-2wLEB9Rv6erhFmqVnvg"],"address":{"@id":"https:\/\/www.eldigitaldeasturias.com\/noticias\/#postaladdress","@type":"PostalAddress","streetAddress":"san antonio 4","postalCode":"33430","addressLocality":"Cand\u00e1s","addressRegion":"Asturias","addressCountry":"ES"}},{"@type":"Person","@id":"https:\/\/www.eldigitaldeasturias.com\/noticias\/author\/admin\/#author","url":"https:\/\/www.eldigitaldeasturias.com\/noticias\/author\/admin\/","name":"El Digital de Asturias","image":{"@type":"ImageObject","@id":"https:\/\/www.eldigitaldeasturias.com\/noticias\/la-madre-de-asunta-declara-ante-el-juez-tras-levantarse-el-secreto-de-sumario\/#authorImage","url":"https:\/\/secure.gravatar.com\/avatar\/df2aeffc32bcd13f8d26072ef8a91b623d677766deac7f97ca815868cd41bf5e?s=96&d=mm&r=g","width":96,"height":96,"caption":"El Digital de Asturias"}},{"@type":"WebPage","@id":"https:\/\/www.eldigitaldeasturias.com\/noticias\/la-madre-de-asunta-declara-ante-el-juez-tras-levantarse-el-secreto-de-sumario\/#webpage","url":"https:\/\/www.eldigitaldeasturias.com\/noticias\/la-madre-de-asunta-declara-ante-el-juez-tras-levantarse-el-secreto-de-sumario\/","name":"La madre de Asunta declara ante el juez tras levantarse el secreto de sumario - El Digital de Asturias","description":"Santiago de Compostela, 28 nov (EFE).- La abogada Rosario Porto, la madre de la ni\u00f1a hallada muerta en una pista forestal el pasado 22 de septiembre, ha accedido hoy a declarar ante el juez dos meses despu\u00e9s del crimen y sin que est\u00e9 vigente el secreto sobre la causa. El periodista Alfonso Basterra, padre de","inLanguage":"es-ES","isPartOf":{"@id":"https:\/\/www.eldigitaldeasturias.com\/noticias\/#website"},"breadcrumb":{"@id":"https:\/\/www.eldigitaldeasturias.com\/noticias\/la-madre-de-asunta-declara-ante-el-juez-tras-levantarse-el-secreto-de-sumario\/#breadcrumblist"},"author":{"@id":"https:\/\/www.eldigitaldeasturias.com\/noticias\/author\/admin\/#author"},"creator":{"@id":"https:\/\/www.eldigitaldeasturias.com\/noticias\/author\/admin\/#author"},"image":{"@type":"ImageObject","url":455617,"@id":"https:\/\/www.eldigitaldeasturias.com\/noticias\/la-madre-de-asunta-declara-ante-el-juez-tras-levantarse-el-secreto-de-sumario\/#mainImage"},"primaryImageOfPage":{"@id":"https:\/\/www.eldigitaldeasturias.com\/noticias\/la-madre-de-asunta-declara-ante-el-juez-tras-levantarse-el-secreto-de-sumario\/#mainImage"},"datePublished":"2013-11-28T23:13:54+01:00","dateModified":"2013-11-28T23:13:54+01:00"},{"@type":"WebSite","@id":"https:\/\/www.eldigitaldeasturias.com\/noticias\/#website","url":"https:\/\/www.eldigitaldeasturias.com\/noticias\/","name":"El Digital de Asturias - Diario de actualidad y noticias","alternateName":"El Digital de Asturias - Diario de actualidad y noticias","description":"Hemeroteca","inLanguage":"es-ES","publisher":{"@id":"https:\/\/www.eldigitaldeasturias.com\/noticias\/#organization"}}]},"og:locale":"es_ES","og:site_name":"El Digital de Asturias","og:type":"article","og:title":"La madre de Asunta declara ante el juez tras levantarse el secreto de sumario - El Digital de Asturias","og:description":"Santiago de Compostela, 28 nov (EFE).- La abogada Rosario Porto, la madre de la ni\u00f1a hallada muerta en una pista forestal el pasado 22 de septiembre, ha accedido hoy a declarar ante el juez dos meses despu\u00e9s del crimen y sin que est\u00e9 vigente el secreto sobre la causa. El periodista Alfonso Basterra, padre de","og:url":"https:\/\/www.eldigitaldeasturias.com\/noticias\/la-madre-de-asunta-declara-ante-el-juez-tras-levantarse-el-secreto-de-sumario\/","article:tag":["sucesos"],"article:published_time":"2013-11-29T00:13:54+00:00","article:modified_time":"2013-11-29T00:13:54+00:00","article:publisher":"https:\/\/facebook.com\/eldigitaldeasturias","twitter:card":"summary_large_image","twitter:title":"La madre de Asunta declara ante el juez tras levantarse el secreto de sumario - El Digital de Asturias","twitter:description":"Santiago de Compostela, 28 nov (EFE).- La abogada Rosario Porto, la madre de la ni\u00f1a hallada muerta en una pista forestal el pasado 22 de septiembre, ha accedido hoy a declarar ante el juez dos meses despu\u00e9s del crimen y sin que est\u00e9 vigente el secreto sobre la causa. El periodista Alfonso Basterra, padre de","twitter:label1":"Escrito por","twitter:data1":"El Digital de Asturias","twitter:label2":"Tiempo de lectura estimado","twitter:data2":"3 minutos"},"aioseo_meta_data":{"post_id":"455616","title":null,"description":null,"keywords":null,"keyphrases":null,"primary_term":null,"canonical_url":null,"og_title":null,"og_description":null,"og_object_type":"default","og_image_type":"default","og_image_url":null,"og_image_width":null,"og_image_height":null,"og_image_custom_url":null,"og_image_custom_fields":null,"og_video":null,"og_custom_url":null,"og_article_section":null,"og_article_tags":null,"twitter_use_og":true,"twitter_card":"default","twitter_image_type":"default","twitter_image_url":null,"twitter_image_custom_url":null,"twitter_image_custom_fields":null,"twitter_title":null,"twitter_description":null,"schema":{"blockGraphs":[],"customGraphs":[],"default":{"data":{"Article":[],"Course":[],"Dataset":[],"FAQPage":[],"Movie":[],"Person":[],"Product":[],"ProductReview":[],"Car":[],"Recipe":[],"Service":[],"SoftwareApplication":[],"WebPage":[]},"graphName":"","isEnabled":true},"graphs":[],"defaultGraph":"","defaultPostTypeGraph":""},"schema_type":null,"schema_type_options":null,"pillar_content":false,"robots_default":true,"robots_noindex":false,"robots_noarchive":false,"robots_nosnippet":false,"robots_nofollow":false,"robots_noimageindex":false,"robots_noodp":false,"robots_notranslate":false,"robots_max_snippet":null,"robots_max_videopreview":null,"robots_max_imagepreview":"none","priority":null,"frequency":null,"local_seo":null,"seo_analyzer_scan_date":"2026-05-29 18:56:03","breadcrumb_settings":null,"limit_modified_date":false,"open_ai":null,"ai":null,"created":"2020-11-14 22:45:20","updated":"2026-05-29 18:56:03","focus_keyword":null,"additional_keywords":null,"truseo_locale":null},"aioseo_breadcrumb":"<div class=\"aioseo-breadcrumbs\"><span class=\"aioseo-breadcrumb\">\n\t<a href=\"https:\/\/www.eldigitaldeasturias.com\/noticias\" title=\"Home\">Home<\/a>\n<\/span><span class=\"aioseo-breadcrumb-separator\">\u2013<\/span><span class=\"aioseo-breadcrumb\">\n\t<a href=\"https:\/\/www.eldigitaldeasturias.com\/noticias\/category\/sucesos\/\" title=\"Sucesos\">Sucesos<\/a>\n<\/span><span class=\"aioseo-breadcrumb-separator\">\u2013<\/span><span class=\"aioseo-breadcrumb\">\n\t<a href=\"https:\/\/www.eldigitaldeasturias.com\/noticias\/la-madre-de-asunta-declara-ante-el-juez-tras-levantarse-el-secreto-de-sumario\/\" title=\"La madre de Asunta declara ante el juez tras levantarse el secreto de sumario\">La madre de Asunta declara ante el juez tras levantarse el secreto de sumario<\/a>\n<\/span><\/div>","aioseo_breadcrumb_json":[{"label":"Home","link":"https:\/\/www.eldigitaldeasturias.com\/noticias"},{"label":"Sucesos","link":"https:\/\/www.eldigitaldeasturias.com\/noticias\/category\/sucesos\/"},{"label":"La madre de Asunta declara ante el juez tras levantarse el secreto de sumario","link":"https:\/\/www.eldigitaldeasturias.com\/noticias\/la-madre-de-asunta-declara-ante-el-juez-tras-levantarse-el-secreto-de-sumario\/"}],"_links":{"self":[{"href":"https:\/\/www.eldigitaldeasturias.com\/noticias\/wp-json\/wp\/v2\/posts\/455616","targetHints":{"allow":["GET"]}}],"collection":[{"href":"https:\/\/www.eldigitaldeasturias.com\/noticias\/wp-json\/wp\/v2\/posts"}],"about":[{"href":"https:\/\/www.eldigitaldeasturias.com\/noticias\/wp-json\/wp\/v2\/types\/post"}],"author":[{"embeddable":true,"href":"https:\/\/www.eldigitaldeasturias.com\/noticias\/wp-json\/wp\/v2\/users\/1"}],"replies":[{"embeddable":true,"href":"https:\/\/www.eldigitaldeasturias.com\/noticias\/wp-json\/wp\/v2\/comments?post=455616"}],"version-history":[{"count":0,"href":"https:\/\/www.eldigitaldeasturias.com\/noticias\/wp-json\/wp\/v2\/posts\/455616\/revisions"}],"wp:attachment":[{"href":"https:\/\/www.eldigitaldeasturias.com\/noticias\/wp-json\/wp\/v2\/media?parent=455616"}],"wp:term":[{"taxonomy":"category","embeddable":true,"href":"https:\/\/www.eldigitaldeasturias.com\/noticias\/wp-json\/wp\/v2\/categories?post=455616"},{"taxonomy":"post_tag","embeddable":true,"href":"https:\/\/www.eldigitaldeasturias.com\/noticias\/wp-json\/wp\/v2\/tags?post=455616"}],"curies":[{"name":"wp","href":"https:\/\/api.w.org\/{rel}","templated":true}]}}