{"id":455610,"date":"2013-11-28T23:10:18","date_gmt":"2013-11-29T00:10:18","guid":{"rendered":"http:\/\/www.eldigitaldeasturias.com\/noticias\/?p=455610"},"modified":"2013-11-28T23:10:18","modified_gmt":"2013-11-29T00:10:18","slug":"antonio-garrigues-walker-critica-la-incapacidad-de-generar-consenso-en-espana","status":"publish","type":"post","link":"https:\/\/www.eldigitaldeasturias.com\/noticias\/antonio-garrigues-walker-critica-la-incapacidad-de-generar-consenso-en-espana\/","title":{"rendered":"Antonio Garrigues Walker critica la incapacidad de generar consenso en Espa\u00f1a"},"content":{"rendered":"<p><img loading=\"lazy\" decoding=\"async\" class=\"alignleft size-medium wp-image-455611\" alt=\"5760723w\" src=\"https:\/\/www.eldigitaldeasturias.com\/noticias\/wp-content\/uploads\/2013\/11\/5760723w-360x238.jpg\" width=\"360\" height=\"238\" \/>Madrid, 28 nov (EFE).- El jurista Antonio Garrigues Walker ha afirmado hoy que \u00abno podemos enorgullecernos de nuestra cultura de di\u00e1logo\u00bb en la presentaci\u00f3n de su nuevo libro, \u00abEspa\u00f1a, las otras transiciones\u00bb, en la sede de la fundaci\u00f3n Ortega Mara\u00f1\u00f3n.<\/p>\n<p>El libro ha sido galardonado con el premio internacional de ensayo Jovellanos 2013 por sus \u00abl\u00facidas reflexiones\u00bb sobre un periodo trascendental en la segunda mitad del siglo XX en Espa\u00f1a, del que el autor, \u00abha sido testigo y part\u00edcipe destacado\u00bb, seg\u00fan el fallo del jurado.<\/p>\n<p>Garrigues ha agradecido \u00abprofundamente\u00bb el premio y ha homenajeado a las personas a quienes ha dedicado el libro, Jos\u00e9 Mar\u00eda Entrecanales, Jos\u00e9 Mario Armero y Jose Mar\u00eda Ruiz Gallard\u00f3n, padre del ministro de Justicia, Alberto Ruiz Gallard\u00f3n, quien tambi\u00e9n ha intervenido en el acto.<\/p>\n<p>El autor del libro ha reconocido que \u00absomos\u00bb un pa\u00eds \u00abincapaz\u00bb de \u00abgenerar consenso\u00bb y ha lamentado que Espa\u00f1a no pueda \u00abenorgullecerse de su cultura del di\u00e1logo\u00bb.<\/p>\n<p>El ministro de Justicia ha hecho referencia a los valores de libertad y democracia y ha recordado a las \u00abnuevas generaciones\u00bb que \u00ablo que ellos han vivido no es algo que ha existido siempre y por lo tanto, puede dejar de existir\u00bb. Ha afirmado adem\u00e1s que ser\u00eda un error \u00ablevantar las banderas que entonces se resignaron.\u00bb<\/p>\n<p>Gallard\u00f3n ha destacado en su intervenci\u00f3n que el libro se trata de \u00abun relato parcial comprometido\u00bb, ya que quien relata los acontecimientos es en realidad \u00abun protagonista determinante\u00bb.<\/p>\n<p>El ministro ha resaltado adem\u00e1s la importancia de \u00abdos art\u00edfices\u00bb de este periodo hist\u00f3rico, Leopoldo Calvo Sotelo y Felipe Gonz\u00e1lez, quienes \u00abantepusieron el proyecto pol\u00edtico al proyecto personal partidista\u00bb y ha preguntado ret\u00f3ricamente \u00abqu\u00e9 hubiera pasado si Garrigues hubiera sido presidente del gobierno.\u00bb<\/p>\n<p>Juan Pablo Fusi, quien ha presidido el acto, ha coincidido con el ministro en definir la figura de Antonio Garrigues Walker como un \u00abactor necesario\u00bb en las transiciones espa\u00f1olas, adem\u00e1s de repasar los contenidos m\u00e1s importantes del libro.<\/p>\n<p>En el acto tambi\u00e9n han intervenido el vicepresidente de la patronal del autom\u00f3vil, Mario Armero, y el director general de Ediciones Nobel (editorial organizadora del premio), Pelayo Garc\u00eda.<\/p>\n","protected":false},"excerpt":{"rendered":"<p>Madrid, 28 nov (EFE).- El jurista Antonio Garrigues Walker ha afirmado hoy que \u00abno podemos enorgullecernos de nuestra cultura de di\u00e1logo\u00bb en la presentaci\u00f3n de su nuevo libro, \u00abEspa\u00f1a, las otras transiciones\u00bb, en la sede de la fundaci\u00f3n Ortega Mara\u00f1\u00f3n. El libro ha sido galardonado con el premio internacional de ensayo Jovellanos 2013 por sus [&hellip;]<\/p>\n","protected":false},"author":1,"featured_media":455611,"comment_status":"closed","ping_status":"open","sticky":false,"template":"","format":"standard","meta":{"footnotes":""},"categories":[28],"tags":[],"class_list":["post-455610","post","type-post","status-publish","format-standard","has-post-thumbnail","hentry","category-sociedad"],"aioseo_notices":[],"aioseo_head":"\n\t\t<!-- All in One SEO Pro 5.0.1 - aioseo.com -->\n\t<meta name=\"description\" content=\"Madrid, 28 nov (EFE).- El jurista Antonio Garrigues Walker ha afirmado hoy que &quot;no podemos enorgullecernos de nuestra cultura de di\u00e1logo&quot; en la presentaci\u00f3n de su nuevo libro, &quot;Espa\u00f1a, las otras transiciones&quot;, en la sede de la fundaci\u00f3n Ortega Mara\u00f1\u00f3n. El libro ha sido galardonado con el premio internacional de ensayo Jovellanos 2013 por sus\" \/>\n\t<meta name=\"robots\" content=\"max-image-preview:large\" \/>\n\t<meta name=\"author\" content=\"El Digital de Asturias\"\/>\n\t<meta name=\"google-site-verification\" content=\"UA-38556648-1\" \/>\n\t<meta name=\"msvalidate.01\" content=\"7dfe9f3f1b24437ab69f4f2559babe99\" \/>\n\t<meta name=\"keywords\" content=\"sociedad\" \/>\n\t<link rel=\"canonical\" href=\"https:\/\/www.eldigitaldeasturias.com\/noticias\/antonio-garrigues-walker-critica-la-incapacidad-de-generar-consenso-en-espana\/\" \/>\n\t<meta name=\"generator\" content=\"All in One SEO Pro (AIOSEO) 5.0.1\" \/>\n\t\t<meta property=\"og:locale\" content=\"es_ES\" \/>\n\t\t<meta property=\"og:site_name\" content=\"El Digital de Asturias\" \/>\n\t\t<meta property=\"og:type\" content=\"article\" \/>\n\t\t<meta property=\"og:title\" content=\"Antonio Garrigues Walker critica la incapacidad de generar consenso en Espa\u00f1a - El Digital de Asturias\" \/>\n\t\t<meta property=\"og:description\" content=\"Madrid, 28 nov (EFE).- El jurista Antonio Garrigues Walker ha afirmado hoy que &quot;no podemos enorgullecernos de nuestra cultura de di\u00e1logo&quot; en la presentaci\u00f3n de su nuevo libro, &quot;Espa\u00f1a, las otras transiciones&quot;, en la sede de la fundaci\u00f3n Ortega Mara\u00f1\u00f3n. El libro ha sido galardonado con el premio internacional de ensayo Jovellanos 2013 por sus\" \/>\n\t\t<meta property=\"og:url\" content=\"https:\/\/www.eldigitaldeasturias.com\/noticias\/antonio-garrigues-walker-critica-la-incapacidad-de-generar-consenso-en-espana\/\" \/>\n\t\t<meta property=\"article:tag\" content=\"sociedad\" \/>\n\t\t<meta property=\"article:published_time\" content=\"2013-11-29T00:10:18+00:00\" \/>\n\t\t<meta property=\"article:modified_time\" content=\"2013-11-29T00:10:18+00:00\" \/>\n\t\t<meta property=\"article:publisher\" content=\"https:\/\/facebook.com\/eldigitaldeasturias\" \/>\n\t\t<meta name=\"twitter:card\" content=\"summary_large_image\" \/>\n\t\t<meta name=\"twitter:title\" content=\"Antonio Garrigues Walker critica la incapacidad de generar consenso en Espa\u00f1a - El Digital de Asturias\" \/>\n\t\t<meta name=\"twitter:description\" content=\"Madrid, 28 nov (EFE).- El jurista Antonio Garrigues Walker ha afirmado hoy que &quot;no podemos enorgullecernos de nuestra cultura de di\u00e1logo&quot; en la presentaci\u00f3n de su nuevo libro, &quot;Espa\u00f1a, las otras transiciones&quot;, en la sede de la fundaci\u00f3n Ortega Mara\u00f1\u00f3n. El libro ha sido galardonado con el premio internacional de ensayo Jovellanos 2013 por sus\" \/>\n\t\t<meta name=\"twitter:label1\" content=\"Escrito por\" \/>\n\t\t<meta name=\"twitter:data1\" content=\"El Digital de Asturias\" \/>\n\t\t<meta name=\"twitter:label2\" content=\"Tiempo de lectura estimado\" \/>\n\t\t<meta name=\"twitter:data2\" content=\"2 minutos\" \/>\n\t\t<script type=\"application\/ld+json\" class=\"aioseo-schema\">\n\t\t\t{\"@context\":\"https:\\\/\\\/schema.org\",\"@graph\":[{\"@type\":\"BlogPosting\",\"@id\":\"https:\\\/\\\/www.eldigitaldeasturias.com\\\/noticias\\\/antonio-garrigues-walker-critica-la-incapacidad-de-generar-consenso-en-espana\\\/#blogposting\",\"name\":\"Antonio Garrigues Walker critica la incapacidad de generar consenso en Espa\\u00f1a - El Digital de Asturias\",\"headline\":\"Antonio Garrigues Walker critica la incapacidad de generar consenso en Espa\\u00f1a\",\"author\":{\"@id\":\"https:\\\/\\\/www.eldigitaldeasturias.com\\\/noticias\\\/author\\\/admin\\\/#author\"},\"publisher\":{\"@id\":\"https:\\\/\\\/www.eldigitaldeasturias.com\\\/noticias\\\/#organization\"},\"image\":{\"@type\":\"ImageObject\",\"url\":455611},\"datePublished\":\"2013-11-28T23:10:18+01:00\",\"dateModified\":\"2013-11-28T23:10:18+01:00\",\"inLanguage\":\"es-ES\",\"mainEntityOfPage\":{\"@id\":\"https:\\\/\\\/www.eldigitaldeasturias.com\\\/noticias\\\/antonio-garrigues-walker-critica-la-incapacidad-de-generar-consenso-en-espana\\\/#webpage\"},\"isPartOf\":{\"@id\":\"https:\\\/\\\/www.eldigitaldeasturias.com\\\/noticias\\\/antonio-garrigues-walker-critica-la-incapacidad-de-generar-consenso-en-espana\\\/#webpage\"},\"articleSection\":\"Sociedad\"},{\"@type\":\"BreadcrumbList\",\"@id\":\"https:\\\/\\\/www.eldigitaldeasturias.com\\\/noticias\\\/antonio-garrigues-walker-critica-la-incapacidad-de-generar-consenso-en-espana\\\/#breadcrumblist\",\"itemListElement\":[{\"@type\":\"ListItem\",\"@id\":\"https:\\\/\\\/www.eldigitaldeasturias.com\\\/noticias#listItem\",\"position\":1,\"name\":\"Home\",\"item\":\"https:\\\/\\\/www.eldigitaldeasturias.com\\\/noticias\",\"nextItem\":{\"@type\":\"ListItem\",\"@id\":\"https:\\\/\\\/www.eldigitaldeasturias.com\\\/noticias\\\/category\\\/sociedad\\\/#listItem\",\"name\":\"Sociedad\"}},{\"@type\":\"ListItem\",\"@id\":\"https:\\\/\\\/www.eldigitaldeasturias.com\\\/noticias\\\/category\\\/sociedad\\\/#listItem\",\"position\":2,\"name\":\"Sociedad\",\"item\":\"https:\\\/\\\/www.eldigitaldeasturias.com\\\/noticias\\\/category\\\/sociedad\\\/\",\"nextItem\":{\"@type\":\"ListItem\",\"@id\":\"https:\\\/\\\/www.eldigitaldeasturias.com\\\/noticias\\\/antonio-garrigues-walker-critica-la-incapacidad-de-generar-consenso-en-espana\\\/#listItem\",\"name\":\"Antonio Garrigues Walker critica la incapacidad de generar consenso en Espa\\u00f1a\"},\"previousItem\":{\"@type\":\"ListItem\",\"@id\":\"https:\\\/\\\/www.eldigitaldeasturias.com\\\/noticias#listItem\",\"name\":\"Home\"}},{\"@type\":\"ListItem\",\"@id\":\"https:\\\/\\\/www.eldigitaldeasturias.com\\\/noticias\\\/antonio-garrigues-walker-critica-la-incapacidad-de-generar-consenso-en-espana\\\/#listItem\",\"position\":3,\"name\":\"Antonio Garrigues Walker critica la incapacidad de generar consenso en Espa\\u00f1a\",\"previousItem\":{\"@type\":\"ListItem\",\"@id\":\"https:\\\/\\\/www.eldigitaldeasturias.com\\\/noticias\\\/category\\\/sociedad\\\/#listItem\",\"name\":\"Sociedad\"}}]},{\"@type\":\"Organization\",\"@id\":\"https:\\\/\\\/www.eldigitaldeasturias.com\\\/noticias\\\/#organization\",\"name\":\"El Digital de Asturias\",\"description\":\"Hemeroteca\",\"url\":\"https:\\\/\\\/www.eldigitaldeasturias.com\\\/noticias\\\/\",\"email\":\"info@eldigitaldeasturias.com\",\"telephone\":\"+34652131393\",\"logo\":{\"@type\":\"ImageObject\",\"url\":\"https:\\\/\\\/www.eldigitaldeasturias.com\\\/noticias\\\/wp-content\\\/uploads\\\/2020\\\/12\\\/EDA.jpg\",\"@id\":\"https:\\\/\\\/www.eldigitaldeasturias.com\\\/noticias\\\/antonio-garrigues-walker-critica-la-incapacidad-de-generar-consenso-en-espana\\\/#organizationLogo\"},\"image\":{\"@id\":\"https:\\\/\\\/www.eldigitaldeasturias.com\\\/noticias\\\/antonio-garrigues-walker-critica-la-incapacidad-de-generar-consenso-en-espana\\\/#organizationLogo\"},\"sameAs\":[\"https:\\\/\\\/facebook.com\\\/eldigitaldeasturias\",\"https:\\\/\\\/www.youtube.com\\\/channel\\\/UCZP-2wLEB9Rv6erhFmqVnvg\"],\"address\":{\"@id\":\"https:\\\/\\\/www.eldigitaldeasturias.com\\\/noticias\\\/#postaladdress\",\"@type\":\"PostalAddress\",\"streetAddress\":\"san antonio 4\",\"postalCode\":\"33430\",\"addressLocality\":\"Cand\\u00e1s\",\"addressRegion\":\"Asturias\",\"addressCountry\":\"ES\"}},{\"@type\":\"Person\",\"@id\":\"https:\\\/\\\/www.eldigitaldeasturias.com\\\/noticias\\\/author\\\/admin\\\/#author\",\"url\":\"https:\\\/\\\/www.eldigitaldeasturias.com\\\/noticias\\\/author\\\/admin\\\/\",\"name\":\"El Digital de Asturias\",\"image\":{\"@type\":\"ImageObject\",\"@id\":\"https:\\\/\\\/www.eldigitaldeasturias.com\\\/noticias\\\/antonio-garrigues-walker-critica-la-incapacidad-de-generar-consenso-en-espana\\\/#authorImage\",\"url\":\"https:\\\/\\\/secure.gravatar.com\\\/avatar\\\/df2aeffc32bcd13f8d26072ef8a91b623d677766deac7f97ca815868cd41bf5e?s=96&d=mm&r=g\",\"width\":96,\"height\":96,\"caption\":\"El Digital de Asturias\"}},{\"@type\":\"WebPage\",\"@id\":\"https:\\\/\\\/www.eldigitaldeasturias.com\\\/noticias\\\/antonio-garrigues-walker-critica-la-incapacidad-de-generar-consenso-en-espana\\\/#webpage\",\"url\":\"https:\\\/\\\/www.eldigitaldeasturias.com\\\/noticias\\\/antonio-garrigues-walker-critica-la-incapacidad-de-generar-consenso-en-espana\\\/\",\"name\":\"Antonio Garrigues Walker critica la incapacidad de generar consenso en Espa\\u00f1a - El Digital de Asturias\",\"description\":\"Madrid, 28 nov (EFE).- El jurista Antonio Garrigues Walker ha afirmado hoy que \\\"no podemos enorgullecernos de nuestra cultura de di\\u00e1logo\\\" en la presentaci\\u00f3n de su nuevo libro, \\\"Espa\\u00f1a, las otras transiciones\\\", en la sede de la fundaci\\u00f3n Ortega Mara\\u00f1\\u00f3n. El libro ha sido galardonado con el premio internacional de ensayo Jovellanos 2013 por sus\",\"inLanguage\":\"es-ES\",\"isPartOf\":{\"@id\":\"https:\\\/\\\/www.eldigitaldeasturias.com\\\/noticias\\\/#website\"},\"breadcrumb\":{\"@id\":\"https:\\\/\\\/www.eldigitaldeasturias.com\\\/noticias\\\/antonio-garrigues-walker-critica-la-incapacidad-de-generar-consenso-en-espana\\\/#breadcrumblist\"},\"author\":{\"@id\":\"https:\\\/\\\/www.eldigitaldeasturias.com\\\/noticias\\\/author\\\/admin\\\/#author\"},\"creator\":{\"@id\":\"https:\\\/\\\/www.eldigitaldeasturias.com\\\/noticias\\\/author\\\/admin\\\/#author\"},\"image\":{\"@type\":\"ImageObject\",\"url\":455611,\"@id\":\"https:\\\/\\\/www.eldigitaldeasturias.com\\\/noticias\\\/antonio-garrigues-walker-critica-la-incapacidad-de-generar-consenso-en-espana\\\/#mainImage\"},\"primaryImageOfPage\":{\"@id\":\"https:\\\/\\\/www.eldigitaldeasturias.com\\\/noticias\\\/antonio-garrigues-walker-critica-la-incapacidad-de-generar-consenso-en-espana\\\/#mainImage\"},\"datePublished\":\"2013-11-28T23:10:18+01:00\",\"dateModified\":\"2013-11-28T23:10:18+01:00\"},{\"@type\":\"WebSite\",\"@id\":\"https:\\\/\\\/www.eldigitaldeasturias.com\\\/noticias\\\/#website\",\"url\":\"https:\\\/\\\/www.eldigitaldeasturias.com\\\/noticias\\\/\",\"name\":\"El Digital de Asturias - Diario de actualidad y noticias\",\"alternateName\":\"El Digital de Asturias - Diario de actualidad y noticias\",\"description\":\"Hemeroteca\",\"inLanguage\":\"es-ES\",\"publisher\":{\"@id\":\"https:\\\/\\\/www.eldigitaldeasturias.com\\\/noticias\\\/#organization\"}}]}\n\t\t<\/script>\n\t\t<!-- All in One SEO Pro -->\r\n\t\t<title>Antonio Garrigues Walker critica la incapacidad de generar consenso en Espa\u00f1a - El Digital de Asturias<\/title>\n\n","aioseo_head_json":{"title":"Antonio Garrigues Walker critica la incapacidad de generar consenso en Espa\u00f1a - El Digital de Asturias","description":"Madrid, 28 nov (EFE).- El jurista Antonio Garrigues Walker ha afirmado hoy que \"no podemos enorgullecernos de nuestra cultura de di\u00e1logo\" en la presentaci\u00f3n de su nuevo libro, \"Espa\u00f1a, las otras transiciones\", en la sede de la fundaci\u00f3n Ortega Mara\u00f1\u00f3n. El libro ha sido galardonado con el premio internacional de ensayo Jovellanos 2013 por sus","canonical_url":"https:\/\/www.eldigitaldeasturias.com\/noticias\/antonio-garrigues-walker-critica-la-incapacidad-de-generar-consenso-en-espana\/","robots":"max-image-preview:large","keywords":"sociedad","webmasterTools":{"google-site-verification":"UA-38556648-1","msvalidate.01":"7dfe9f3f1b24437ab69f4f2559babe99","miscellaneous":""},"schema":{"@context":"https:\/\/schema.org","@graph":[{"@type":"BlogPosting","@id":"https:\/\/www.eldigitaldeasturias.com\/noticias\/antonio-garrigues-walker-critica-la-incapacidad-de-generar-consenso-en-espana\/#blogposting","name":"Antonio Garrigues Walker critica la incapacidad de generar consenso en Espa\u00f1a - El Digital de Asturias","headline":"Antonio Garrigues Walker critica la incapacidad de generar consenso en Espa\u00f1a","author":{"@id":"https:\/\/www.eldigitaldeasturias.com\/noticias\/author\/admin\/#author"},"publisher":{"@id":"https:\/\/www.eldigitaldeasturias.com\/noticias\/#organization"},"image":{"@type":"ImageObject","url":455611},"datePublished":"2013-11-28T23:10:18+01:00","dateModified":"2013-11-28T23:10:18+01:00","inLanguage":"es-ES","mainEntityOfPage":{"@id":"https:\/\/www.eldigitaldeasturias.com\/noticias\/antonio-garrigues-walker-critica-la-incapacidad-de-generar-consenso-en-espana\/#webpage"},"isPartOf":{"@id":"https:\/\/www.eldigitaldeasturias.com\/noticias\/antonio-garrigues-walker-critica-la-incapacidad-de-generar-consenso-en-espana\/#webpage"},"articleSection":"Sociedad"},{"@type":"BreadcrumbList","@id":"https:\/\/www.eldigitaldeasturias.com\/noticias\/antonio-garrigues-walker-critica-la-incapacidad-de-generar-consenso-en-espana\/#breadcrumblist","itemListElement":[{"@type":"ListItem","@id":"https:\/\/www.eldigitaldeasturias.com\/noticias#listItem","position":1,"name":"Home","item":"https:\/\/www.eldigitaldeasturias.com\/noticias","nextItem":{"@type":"ListItem","@id":"https:\/\/www.eldigitaldeasturias.com\/noticias\/category\/sociedad\/#listItem","name":"Sociedad"}},{"@type":"ListItem","@id":"https:\/\/www.eldigitaldeasturias.com\/noticias\/category\/sociedad\/#listItem","position":2,"name":"Sociedad","item":"https:\/\/www.eldigitaldeasturias.com\/noticias\/category\/sociedad\/","nextItem":{"@type":"ListItem","@id":"https:\/\/www.eldigitaldeasturias.com\/noticias\/antonio-garrigues-walker-critica-la-incapacidad-de-generar-consenso-en-espana\/#listItem","name":"Antonio Garrigues Walker critica la incapacidad de generar consenso en Espa\u00f1a"},"previousItem":{"@type":"ListItem","@id":"https:\/\/www.eldigitaldeasturias.com\/noticias#listItem","name":"Home"}},{"@type":"ListItem","@id":"https:\/\/www.eldigitaldeasturias.com\/noticias\/antonio-garrigues-walker-critica-la-incapacidad-de-generar-consenso-en-espana\/#listItem","position":3,"name":"Antonio Garrigues Walker critica la incapacidad de generar consenso en Espa\u00f1a","previousItem":{"@type":"ListItem","@id":"https:\/\/www.eldigitaldeasturias.com\/noticias\/category\/sociedad\/#listItem","name":"Sociedad"}}]},{"@type":"Organization","@id":"https:\/\/www.eldigitaldeasturias.com\/noticias\/#organization","name":"El Digital de Asturias","description":"Hemeroteca","url":"https:\/\/www.eldigitaldeasturias.com\/noticias\/","email":"info@eldigitaldeasturias.com","telephone":"+34652131393","logo":{"@type":"ImageObject","url":"https:\/\/www.eldigitaldeasturias.com\/noticias\/wp-content\/uploads\/2020\/12\/EDA.jpg","@id":"https:\/\/www.eldigitaldeasturias.com\/noticias\/antonio-garrigues-walker-critica-la-incapacidad-de-generar-consenso-en-espana\/#organizationLogo"},"image":{"@id":"https:\/\/www.eldigitaldeasturias.com\/noticias\/antonio-garrigues-walker-critica-la-incapacidad-de-generar-consenso-en-espana\/#organizationLogo"},"sameAs":["https:\/\/facebook.com\/eldigitaldeasturias","https:\/\/www.youtube.com\/channel\/UCZP-2wLEB9Rv6erhFmqVnvg"],"address":{"@id":"https:\/\/www.eldigitaldeasturias.com\/noticias\/#postaladdress","@type":"PostalAddress","streetAddress":"san antonio 4","postalCode":"33430","addressLocality":"Cand\u00e1s","addressRegion":"Asturias","addressCountry":"ES"}},{"@type":"Person","@id":"https:\/\/www.eldigitaldeasturias.com\/noticias\/author\/admin\/#author","url":"https:\/\/www.eldigitaldeasturias.com\/noticias\/author\/admin\/","name":"El Digital de Asturias","image":{"@type":"ImageObject","@id":"https:\/\/www.eldigitaldeasturias.com\/noticias\/antonio-garrigues-walker-critica-la-incapacidad-de-generar-consenso-en-espana\/#authorImage","url":"https:\/\/secure.gravatar.com\/avatar\/df2aeffc32bcd13f8d26072ef8a91b623d677766deac7f97ca815868cd41bf5e?s=96&d=mm&r=g","width":96,"height":96,"caption":"El Digital de Asturias"}},{"@type":"WebPage","@id":"https:\/\/www.eldigitaldeasturias.com\/noticias\/antonio-garrigues-walker-critica-la-incapacidad-de-generar-consenso-en-espana\/#webpage","url":"https:\/\/www.eldigitaldeasturias.com\/noticias\/antonio-garrigues-walker-critica-la-incapacidad-de-generar-consenso-en-espana\/","name":"Antonio Garrigues Walker critica la incapacidad de generar consenso en Espa\u00f1a - El Digital de Asturias","description":"Madrid, 28 nov (EFE).- El jurista Antonio Garrigues Walker ha afirmado hoy que \"no podemos enorgullecernos de nuestra cultura de di\u00e1logo\" en la presentaci\u00f3n de su nuevo libro, \"Espa\u00f1a, las otras transiciones\", en la sede de la fundaci\u00f3n Ortega Mara\u00f1\u00f3n. El libro ha sido galardonado con el premio internacional de ensayo Jovellanos 2013 por sus","inLanguage":"es-ES","isPartOf":{"@id":"https:\/\/www.eldigitaldeasturias.com\/noticias\/#website"},"breadcrumb":{"@id":"https:\/\/www.eldigitaldeasturias.com\/noticias\/antonio-garrigues-walker-critica-la-incapacidad-de-generar-consenso-en-espana\/#breadcrumblist"},"author":{"@id":"https:\/\/www.eldigitaldeasturias.com\/noticias\/author\/admin\/#author"},"creator":{"@id":"https:\/\/www.eldigitaldeasturias.com\/noticias\/author\/admin\/#author"},"image":{"@type":"ImageObject","url":455611,"@id":"https:\/\/www.eldigitaldeasturias.com\/noticias\/antonio-garrigues-walker-critica-la-incapacidad-de-generar-consenso-en-espana\/#mainImage"},"primaryImageOfPage":{"@id":"https:\/\/www.eldigitaldeasturias.com\/noticias\/antonio-garrigues-walker-critica-la-incapacidad-de-generar-consenso-en-espana\/#mainImage"},"datePublished":"2013-11-28T23:10:18+01:00","dateModified":"2013-11-28T23:10:18+01:00"},{"@type":"WebSite","@id":"https:\/\/www.eldigitaldeasturias.com\/noticias\/#website","url":"https:\/\/www.eldigitaldeasturias.com\/noticias\/","name":"El Digital de Asturias - Diario de actualidad y noticias","alternateName":"El Digital de Asturias - Diario de actualidad y noticias","description":"Hemeroteca","inLanguage":"es-ES","publisher":{"@id":"https:\/\/www.eldigitaldeasturias.com\/noticias\/#organization"}}]},"og:locale":"es_ES","og:site_name":"El Digital de Asturias","og:type":"article","og:title":"Antonio Garrigues Walker critica la incapacidad de generar consenso en Espa\u00f1a - El Digital de Asturias","og:description":"Madrid, 28 nov (EFE).- El jurista Antonio Garrigues Walker ha afirmado hoy que &quot;no podemos enorgullecernos de nuestra cultura de di\u00e1logo&quot; en la presentaci\u00f3n de su nuevo libro, &quot;Espa\u00f1a, las otras transiciones&quot;, en la sede de la fundaci\u00f3n Ortega Mara\u00f1\u00f3n. El libro ha sido galardonado con el premio internacional de ensayo Jovellanos 2013 por sus","og:url":"https:\/\/www.eldigitaldeasturias.com\/noticias\/antonio-garrigues-walker-critica-la-incapacidad-de-generar-consenso-en-espana\/","article:tag":["sociedad"],"article:published_time":"2013-11-29T00:10:18+00:00","article:modified_time":"2013-11-29T00:10:18+00:00","article:publisher":"https:\/\/facebook.com\/eldigitaldeasturias","twitter:card":"summary_large_image","twitter:title":"Antonio Garrigues Walker critica la incapacidad de generar consenso en Espa\u00f1a - El Digital de Asturias","twitter:description":"Madrid, 28 nov (EFE).- El jurista Antonio Garrigues Walker ha afirmado hoy que &quot;no podemos enorgullecernos de nuestra cultura de di\u00e1logo&quot; en la presentaci\u00f3n de su nuevo libro, &quot;Espa\u00f1a, las otras transiciones&quot;, en la sede de la fundaci\u00f3n Ortega Mara\u00f1\u00f3n. El libro ha sido galardonado con el premio internacional de ensayo Jovellanos 2013 por sus","twitter:label1":"Escrito por","twitter:data1":"El Digital de Asturias","twitter:label2":"Tiempo de lectura estimado","twitter:data2":"2 minutos"},"aioseo_meta_data":{"post_id":"455610","title":null,"description":null,"keywords":null,"keyphrases":null,"primary_term":null,"canonical_url":null,"og_title":null,"og_description":null,"og_object_type":"default","og_image_type":"default","og_image_url":null,"og_image_width":null,"og_image_height":null,"og_image_custom_url":null,"og_image_custom_fields":null,"og_video":null,"og_custom_url":null,"og_article_section":null,"og_article_tags":null,"twitter_use_og":true,"twitter_card":"default","twitter_image_type":"default","twitter_image_url":null,"twitter_image_custom_url":null,"twitter_image_custom_fields":null,"twitter_title":null,"twitter_description":null,"schema":{"blockGraphs":[],"customGraphs":[],"default":{"data":{"Article":[],"Course":[],"Dataset":[],"FAQPage":[],"Movie":[],"Person":[],"Product":[],"ProductReview":[],"Car":[],"Recipe":[],"Service":[],"SoftwareApplication":[],"WebPage":[]},"graphName":"","isEnabled":true},"graphs":[],"defaultGraph":"","defaultPostTypeGraph":""},"schema_type":null,"schema_type_options":null,"pillar_content":false,"robots_default":true,"robots_noindex":false,"robots_noarchive":false,"robots_nosnippet":false,"robots_nofollow":false,"robots_noimageindex":false,"robots_noodp":false,"robots_notranslate":false,"robots_max_snippet":null,"robots_max_videopreview":null,"robots_max_imagepreview":"none","priority":null,"frequency":null,"local_seo":null,"seo_analyzer_scan_date":"2026-05-29 18:56:01","breadcrumb_settings":null,"limit_modified_date":false,"open_ai":null,"ai":null,"created":"2020-11-14 22:45:20","updated":"2026-05-29 18:56:01","focus_keyword":null,"additional_keywords":null,"truseo_locale":null},"aioseo_breadcrumb":"<div class=\"aioseo-breadcrumbs\"><span class=\"aioseo-breadcrumb\">\n\t<a href=\"https:\/\/www.eldigitaldeasturias.com\/noticias\" title=\"Home\">Home<\/a>\n<\/span><span class=\"aioseo-breadcrumb-separator\">\u2013<\/span><span class=\"aioseo-breadcrumb\">\n\t<a href=\"https:\/\/www.eldigitaldeasturias.com\/noticias\/category\/sociedad\/\" title=\"Sociedad\">Sociedad<\/a>\n<\/span><span class=\"aioseo-breadcrumb-separator\">\u2013<\/span><span class=\"aioseo-breadcrumb\">\n\t<a href=\"https:\/\/www.eldigitaldeasturias.com\/noticias\/antonio-garrigues-walker-critica-la-incapacidad-de-generar-consenso-en-espana\/\" title=\"Antonio Garrigues Walker critica la incapacidad de generar consenso en Espa\u00f1a\">Antonio Garrigues Walker critica la incapacidad de generar consenso en Espa\u00f1a<\/a>\n<\/span><\/div>","aioseo_breadcrumb_json":[{"label":"Home","link":"https:\/\/www.eldigitaldeasturias.com\/noticias"},{"label":"Sociedad","link":"https:\/\/www.eldigitaldeasturias.com\/noticias\/category\/sociedad\/"},{"label":"Antonio Garrigues Walker critica la incapacidad de generar consenso en Espa\u00f1a","link":"https:\/\/www.eldigitaldeasturias.com\/noticias\/antonio-garrigues-walker-critica-la-incapacidad-de-generar-consenso-en-espana\/"}],"_links":{"self":[{"href":"https:\/\/www.eldigitaldeasturias.com\/noticias\/wp-json\/wp\/v2\/posts\/455610","targetHints":{"allow":["GET"]}}],"collection":[{"href":"https:\/\/www.eldigitaldeasturias.com\/noticias\/wp-json\/wp\/v2\/posts"}],"about":[{"href":"https:\/\/www.eldigitaldeasturias.com\/noticias\/wp-json\/wp\/v2\/types\/post"}],"author":[{"embeddable":true,"href":"https:\/\/www.eldigitaldeasturias.com\/noticias\/wp-json\/wp\/v2\/users\/1"}],"replies":[{"embeddable":true,"href":"https:\/\/www.eldigitaldeasturias.com\/noticias\/wp-json\/wp\/v2\/comments?post=455610"}],"version-history":[{"count":0,"href":"https:\/\/www.eldigitaldeasturias.com\/noticias\/wp-json\/wp\/v2\/posts\/455610\/revisions"}],"wp:attachment":[{"href":"https:\/\/www.eldigitaldeasturias.com\/noticias\/wp-json\/wp\/v2\/media?parent=455610"}],"wp:term":[{"taxonomy":"category","embeddable":true,"href":"https:\/\/www.eldigitaldeasturias.com\/noticias\/wp-json\/wp\/v2\/categories?post=455610"},{"taxonomy":"post_tag","embeddable":true,"href":"https:\/\/www.eldigitaldeasturias.com\/noticias\/wp-json\/wp\/v2\/tags?post=455610"}],"curies":[{"name":"wp","href":"https:\/\/api.w.org\/{rel}","templated":true}]}}