{"id":455592,"date":"2013-11-28T22:42:57","date_gmt":"2013-11-28T23:42:57","guid":{"rendered":"http:\/\/www.eldigitaldeasturias.com\/noticias\/?p=455592"},"modified":"2013-11-28T22:42:57","modified_gmt":"2013-11-28T23:42:57","slug":"un-imputado-en-los-ere-afirma-que-el-conseguidor-lanzas-decia-representar-a-la-junta","status":"publish","type":"post","link":"https:\/\/www.eldigitaldeasturias.com\/noticias\/un-imputado-en-los-ere-afirma-que-el-conseguidor-lanzas-decia-representar-a-la-junta\/","title":{"rendered":"Un imputado en los ERE afirma que el \u00abconseguidor\u00bb Lanzas dec\u00eda representar a la Junta"},"content":{"rendered":"<p><img loading=\"lazy\" decoding=\"async\" class=\"alignleft size-medium wp-image-455593\" alt=\"5760519w\" src=\"https:\/\/www.eldigitaldeasturias.com\/noticias\/wp-content\/uploads\/2013\/11\/5760519w-360x255.jpg\" width=\"360\" height=\"255\" \/>Sevilla, 28 nov (EFE).- El presidente de la Asociaci\u00f3n de Trabajadores del Matadero de Fuente Obejuna (C\u00f3rdoba), Manuel Granado P\u00e9rez, ha declarado ante la juez que investiga los ERE fraudulentos, Mercedes Alaya, que el exsindicalista y \u00abconseguidor\u00bb Juan Lanzas le dec\u00eda que \u00abrepresentaba\u00bb a la Junta de Andaluc\u00eda.<\/p>\n<p>Alaya ha imputado a Granado delitos de prevaricaci\u00f3n, malversaci\u00f3n de caudales p\u00fablicos y tr\u00e1fico de influencias, seg\u00fan el escrito al que ha tenido acceso EFE.<\/p>\n<p>En su declaraci\u00f3n ante la magistrada, Granado ha reconocido que los hechos que se les imputan son \u00abciertos en parte\u00bb, que hac\u00eda \u00ablo que le dec\u00edan desde la Junta\u00bb, que desconoc\u00eda si el dinero era o no legal, que no conoc\u00eda a Lanzas antes del ERE, y que \u00e9ste le dec\u00eda que las prejubilaciones iban a ser sufragadas por la Junta.<\/p>\n<p>El imputado ha indicado que se dedic\u00f3 a firmar los documentos que le iban entregando y que hizo lo que indicaron \u00abfundamentalmente\u00bb Juan Lanzas y el extrabajador de Vitalia Jes\u00fas Mar\u00eda Bordallo.<\/p>\n<p>En el auto de imputaci\u00f3n, la juez se\u00f1al\u00f3 que los antiguos trabajadores del matadero hab\u00edan agotado su prestaci\u00f3n por desempleo y hab\u00edan pasado m\u00e1s de noventa d\u00edas, por lo que no pod\u00edan tener derecho a ser incluidos en un ERE.<\/p>\n<p>Entonces, seg\u00fan la magistrada, Lanzas los subi\u00f3 a un autob\u00fas y los llev\u00f3 a la empresa T\u00e9cnicas Agr\u00edcolas Ecol\u00f3gicas Integrales, propiedad de su amigo Juan Jos\u00e9 Viedma, citado tambi\u00e9n como imputado para ma\u00f1ana.<\/p>\n<p>Cuestionado por este aspecto, el encausado ha dicho que cre\u00eda que los montaron en el autob\u00fas para realizar \u00abun curso de formaci\u00f3n\u00bb previsto para varios d\u00edas, \u00abpero que despu\u00e9s se redujo solamente a uno\u00bb, consistente en conocer las instalaciones.<\/p>\n<p>La Fiscal\u00eda ha pedido para el imputado una fianza de responsabilidad civil de 17.000 euros m\u00e1s el tercio legal correspondiente, seg\u00fan el escrito.<\/p>\n<p>Tambi\u00e9n han comparecido hoy como imputados ante la juez la esposa de Granado, Florencia Romero, que habr\u00eda percibido hasta 158.000 euros tras ser incluida como &#8216;intrusa&#8217;; y el tesorero de la asociaci\u00f3n, Domingo Valle Prieto, quien firm\u00f3 las p\u00f3lizas en nombre de la asociaci\u00f3n junto a Manuel Granado y que habr\u00eda recibido de manera fraudulenta m\u00e1s de 17.000 euros.<\/p>\n","protected":false},"excerpt":{"rendered":"<p>Sevilla, 28 nov (EFE).- El presidente de la Asociaci\u00f3n de Trabajadores del Matadero de Fuente Obejuna (C\u00f3rdoba), Manuel Granado P\u00e9rez, ha declarado ante la juez que investiga los ERE fraudulentos, Mercedes Alaya, que el exsindicalista y \u00abconseguidor\u00bb Juan Lanzas le dec\u00eda que \u00abrepresentaba\u00bb a la Junta de Andaluc\u00eda. Alaya ha imputado a Granado delitos de [&hellip;]<\/p>\n","protected":false},"author":1,"featured_media":455593,"comment_status":"closed","ping_status":"open","sticky":false,"template":"","format":"standard","meta":{"footnotes":""},"categories":[5],"tags":[],"class_list":["post-455592","post","type-post","status-publish","format-standard","has-post-thumbnail","hentry","category-sucesos"],"aioseo_notices":[],"aioseo_head":"\n\t\t<!-- All in One SEO Pro 5.0.1 - aioseo.com -->\n\t<meta name=\"description\" content=\"Sevilla, 28 nov (EFE).- El presidente de la Asociaci\u00f3n de Trabajadores del Matadero de Fuente Obejuna (C\u00f3rdoba), Manuel Granado P\u00e9rez, ha declarado ante la juez que investiga los ERE fraudulentos, Mercedes Alaya, que el exsindicalista y &quot;conseguidor&quot; Juan Lanzas le dec\u00eda que &quot;representaba&quot; a la Junta de Andaluc\u00eda. Alaya ha imputado a Granado delitos de\" \/>\n\t<meta name=\"robots\" content=\"max-image-preview:large\" \/>\n\t<meta name=\"author\" content=\"El Digital de Asturias\"\/>\n\t<meta name=\"google-site-verification\" content=\"UA-38556648-1\" \/>\n\t<meta name=\"msvalidate.01\" content=\"7dfe9f3f1b24437ab69f4f2559babe99\" \/>\n\t<meta name=\"keywords\" content=\"sucesos\" \/>\n\t<link rel=\"canonical\" href=\"https:\/\/www.eldigitaldeasturias.com\/noticias\/un-imputado-en-los-ere-afirma-que-el-conseguidor-lanzas-decia-representar-a-la-junta\/\" \/>\n\t<meta name=\"generator\" content=\"All in One SEO Pro (AIOSEO) 5.0.1\" \/>\n\t\t<meta property=\"og:locale\" content=\"es_ES\" \/>\n\t\t<meta property=\"og:site_name\" content=\"El Digital de Asturias\" \/>\n\t\t<meta property=\"og:type\" content=\"article\" \/>\n\t\t<meta property=\"og:title\" content=\"Un imputado en los ERE afirma que el \u00abconseguidor\u00bb Lanzas dec\u00eda representar a la Junta - El Digital de Asturias\" \/>\n\t\t<meta property=\"og:description\" content=\"Sevilla, 28 nov (EFE).- El presidente de la Asociaci\u00f3n de Trabajadores del Matadero de Fuente Obejuna (C\u00f3rdoba), Manuel Granado P\u00e9rez, ha declarado ante la juez que investiga los ERE fraudulentos, Mercedes Alaya, que el exsindicalista y &quot;conseguidor&quot; Juan Lanzas le dec\u00eda que &quot;representaba&quot; a la Junta de Andaluc\u00eda. Alaya ha imputado a Granado delitos de\" \/>\n\t\t<meta property=\"og:url\" content=\"https:\/\/www.eldigitaldeasturias.com\/noticias\/un-imputado-en-los-ere-afirma-que-el-conseguidor-lanzas-decia-representar-a-la-junta\/\" \/>\n\t\t<meta property=\"article:tag\" content=\"sucesos\" \/>\n\t\t<meta property=\"article:published_time\" content=\"2013-11-28T23:42:57+00:00\" \/>\n\t\t<meta property=\"article:modified_time\" content=\"2013-11-28T23:42:57+00:00\" \/>\n\t\t<meta property=\"article:publisher\" content=\"https:\/\/facebook.com\/eldigitaldeasturias\" \/>\n\t\t<meta name=\"twitter:card\" content=\"summary_large_image\" \/>\n\t\t<meta name=\"twitter:title\" content=\"Un imputado en los ERE afirma que el \u00abconseguidor\u00bb Lanzas dec\u00eda representar a la Junta - El Digital de Asturias\" \/>\n\t\t<meta name=\"twitter:description\" content=\"Sevilla, 28 nov (EFE).- El presidente de la Asociaci\u00f3n de Trabajadores del Matadero de Fuente Obejuna (C\u00f3rdoba), Manuel Granado P\u00e9rez, ha declarado ante la juez que investiga los ERE fraudulentos, Mercedes Alaya, que el exsindicalista y &quot;conseguidor&quot; Juan Lanzas le dec\u00eda que &quot;representaba&quot; a la Junta de Andaluc\u00eda. Alaya ha imputado a Granado delitos de\" \/>\n\t\t<meta name=\"twitter:label1\" content=\"Escrito por\" \/>\n\t\t<meta name=\"twitter:data1\" content=\"El Digital de Asturias\" \/>\n\t\t<meta name=\"twitter:label2\" content=\"Tiempo de lectura estimado\" \/>\n\t\t<meta name=\"twitter:data2\" content=\"2 minutos\" \/>\n\t\t<script type=\"application\/ld+json\" class=\"aioseo-schema\">\n\t\t\t{\"@context\":\"https:\\\/\\\/schema.org\",\"@graph\":[{\"@type\":\"BlogPosting\",\"@id\":\"https:\\\/\\\/www.eldigitaldeasturias.com\\\/noticias\\\/un-imputado-en-los-ere-afirma-que-el-conseguidor-lanzas-decia-representar-a-la-junta\\\/#blogposting\",\"name\":\"Un imputado en los ERE afirma que el \\u00abconseguidor\\u00bb Lanzas dec\\u00eda representar a la Junta - El Digital de Asturias\",\"headline\":\"Un imputado en los ERE afirma que el \\u00abconseguidor\\u00bb Lanzas dec\\u00eda representar a la Junta\",\"author\":{\"@id\":\"https:\\\/\\\/www.eldigitaldeasturias.com\\\/noticias\\\/author\\\/admin\\\/#author\"},\"publisher\":{\"@id\":\"https:\\\/\\\/www.eldigitaldeasturias.com\\\/noticias\\\/#organization\"},\"image\":{\"@type\":\"ImageObject\",\"url\":455593},\"datePublished\":\"2013-11-28T22:42:57+01:00\",\"dateModified\":\"2013-11-28T22:42:57+01:00\",\"inLanguage\":\"es-ES\",\"mainEntityOfPage\":{\"@id\":\"https:\\\/\\\/www.eldigitaldeasturias.com\\\/noticias\\\/un-imputado-en-los-ere-afirma-que-el-conseguidor-lanzas-decia-representar-a-la-junta\\\/#webpage\"},\"isPartOf\":{\"@id\":\"https:\\\/\\\/www.eldigitaldeasturias.com\\\/noticias\\\/un-imputado-en-los-ere-afirma-que-el-conseguidor-lanzas-decia-representar-a-la-junta\\\/#webpage\"},\"articleSection\":\"Sucesos\"},{\"@type\":\"BreadcrumbList\",\"@id\":\"https:\\\/\\\/www.eldigitaldeasturias.com\\\/noticias\\\/un-imputado-en-los-ere-afirma-que-el-conseguidor-lanzas-decia-representar-a-la-junta\\\/#breadcrumblist\",\"itemListElement\":[{\"@type\":\"ListItem\",\"@id\":\"https:\\\/\\\/www.eldigitaldeasturias.com\\\/noticias#listItem\",\"position\":1,\"name\":\"Home\",\"item\":\"https:\\\/\\\/www.eldigitaldeasturias.com\\\/noticias\",\"nextItem\":{\"@type\":\"ListItem\",\"@id\":\"https:\\\/\\\/www.eldigitaldeasturias.com\\\/noticias\\\/category\\\/sucesos\\\/#listItem\",\"name\":\"Sucesos\"}},{\"@type\":\"ListItem\",\"@id\":\"https:\\\/\\\/www.eldigitaldeasturias.com\\\/noticias\\\/category\\\/sucesos\\\/#listItem\",\"position\":2,\"name\":\"Sucesos\",\"item\":\"https:\\\/\\\/www.eldigitaldeasturias.com\\\/noticias\\\/category\\\/sucesos\\\/\",\"nextItem\":{\"@type\":\"ListItem\",\"@id\":\"https:\\\/\\\/www.eldigitaldeasturias.com\\\/noticias\\\/un-imputado-en-los-ere-afirma-que-el-conseguidor-lanzas-decia-representar-a-la-junta\\\/#listItem\",\"name\":\"Un imputado en los ERE afirma que el \\u00abconseguidor\\u00bb Lanzas dec\\u00eda representar a la Junta\"},\"previousItem\":{\"@type\":\"ListItem\",\"@id\":\"https:\\\/\\\/www.eldigitaldeasturias.com\\\/noticias#listItem\",\"name\":\"Home\"}},{\"@type\":\"ListItem\",\"@id\":\"https:\\\/\\\/www.eldigitaldeasturias.com\\\/noticias\\\/un-imputado-en-los-ere-afirma-que-el-conseguidor-lanzas-decia-representar-a-la-junta\\\/#listItem\",\"position\":3,\"name\":\"Un imputado en los ERE afirma que el \\u00abconseguidor\\u00bb Lanzas dec\\u00eda representar a la Junta\",\"previousItem\":{\"@type\":\"ListItem\",\"@id\":\"https:\\\/\\\/www.eldigitaldeasturias.com\\\/noticias\\\/category\\\/sucesos\\\/#listItem\",\"name\":\"Sucesos\"}}]},{\"@type\":\"Organization\",\"@id\":\"https:\\\/\\\/www.eldigitaldeasturias.com\\\/noticias\\\/#organization\",\"name\":\"El Digital de Asturias\",\"description\":\"Hemeroteca\",\"url\":\"https:\\\/\\\/www.eldigitaldeasturias.com\\\/noticias\\\/\",\"email\":\"info@eldigitaldeasturias.com\",\"telephone\":\"+34652131393\",\"logo\":{\"@type\":\"ImageObject\",\"url\":\"https:\\\/\\\/www.eldigitaldeasturias.com\\\/noticias\\\/wp-content\\\/uploads\\\/2020\\\/12\\\/EDA.jpg\",\"@id\":\"https:\\\/\\\/www.eldigitaldeasturias.com\\\/noticias\\\/un-imputado-en-los-ere-afirma-que-el-conseguidor-lanzas-decia-representar-a-la-junta\\\/#organizationLogo\"},\"image\":{\"@id\":\"https:\\\/\\\/www.eldigitaldeasturias.com\\\/noticias\\\/un-imputado-en-los-ere-afirma-que-el-conseguidor-lanzas-decia-representar-a-la-junta\\\/#organizationLogo\"},\"sameAs\":[\"https:\\\/\\\/facebook.com\\\/eldigitaldeasturias\",\"https:\\\/\\\/www.youtube.com\\\/channel\\\/UCZP-2wLEB9Rv6erhFmqVnvg\"],\"address\":{\"@id\":\"https:\\\/\\\/www.eldigitaldeasturias.com\\\/noticias\\\/#postaladdress\",\"@type\":\"PostalAddress\",\"streetAddress\":\"san antonio 4\",\"postalCode\":\"33430\",\"addressLocality\":\"Cand\\u00e1s\",\"addressRegion\":\"Asturias\",\"addressCountry\":\"ES\"}},{\"@type\":\"Person\",\"@id\":\"https:\\\/\\\/www.eldigitaldeasturias.com\\\/noticias\\\/author\\\/admin\\\/#author\",\"url\":\"https:\\\/\\\/www.eldigitaldeasturias.com\\\/noticias\\\/author\\\/admin\\\/\",\"name\":\"El Digital de Asturias\",\"image\":{\"@type\":\"ImageObject\",\"@id\":\"https:\\\/\\\/www.eldigitaldeasturias.com\\\/noticias\\\/un-imputado-en-los-ere-afirma-que-el-conseguidor-lanzas-decia-representar-a-la-junta\\\/#authorImage\",\"url\":\"https:\\\/\\\/secure.gravatar.com\\\/avatar\\\/df2aeffc32bcd13f8d26072ef8a91b623d677766deac7f97ca815868cd41bf5e?s=96&d=mm&r=g\",\"width\":96,\"height\":96,\"caption\":\"El Digital de Asturias\"}},{\"@type\":\"WebPage\",\"@id\":\"https:\\\/\\\/www.eldigitaldeasturias.com\\\/noticias\\\/un-imputado-en-los-ere-afirma-que-el-conseguidor-lanzas-decia-representar-a-la-junta\\\/#webpage\",\"url\":\"https:\\\/\\\/www.eldigitaldeasturias.com\\\/noticias\\\/un-imputado-en-los-ere-afirma-que-el-conseguidor-lanzas-decia-representar-a-la-junta\\\/\",\"name\":\"Un imputado en los ERE afirma que el \\u00abconseguidor\\u00bb Lanzas dec\\u00eda representar a la Junta - El Digital de Asturias\",\"description\":\"Sevilla, 28 nov (EFE).- El presidente de la Asociaci\\u00f3n de Trabajadores del Matadero de Fuente Obejuna (C\\u00f3rdoba), Manuel Granado P\\u00e9rez, ha declarado ante la juez que investiga los ERE fraudulentos, Mercedes Alaya, que el exsindicalista y \\\"conseguidor\\\" Juan Lanzas le dec\\u00eda que \\\"representaba\\\" a la Junta de Andaluc\\u00eda. Alaya ha imputado a Granado delitos de\",\"inLanguage\":\"es-ES\",\"isPartOf\":{\"@id\":\"https:\\\/\\\/www.eldigitaldeasturias.com\\\/noticias\\\/#website\"},\"breadcrumb\":{\"@id\":\"https:\\\/\\\/www.eldigitaldeasturias.com\\\/noticias\\\/un-imputado-en-los-ere-afirma-que-el-conseguidor-lanzas-decia-representar-a-la-junta\\\/#breadcrumblist\"},\"author\":{\"@id\":\"https:\\\/\\\/www.eldigitaldeasturias.com\\\/noticias\\\/author\\\/admin\\\/#author\"},\"creator\":{\"@id\":\"https:\\\/\\\/www.eldigitaldeasturias.com\\\/noticias\\\/author\\\/admin\\\/#author\"},\"image\":{\"@type\":\"ImageObject\",\"url\":455593,\"@id\":\"https:\\\/\\\/www.eldigitaldeasturias.com\\\/noticias\\\/un-imputado-en-los-ere-afirma-que-el-conseguidor-lanzas-decia-representar-a-la-junta\\\/#mainImage\"},\"primaryImageOfPage\":{\"@id\":\"https:\\\/\\\/www.eldigitaldeasturias.com\\\/noticias\\\/un-imputado-en-los-ere-afirma-que-el-conseguidor-lanzas-decia-representar-a-la-junta\\\/#mainImage\"},\"datePublished\":\"2013-11-28T22:42:57+01:00\",\"dateModified\":\"2013-11-28T22:42:57+01:00\"},{\"@type\":\"WebSite\",\"@id\":\"https:\\\/\\\/www.eldigitaldeasturias.com\\\/noticias\\\/#website\",\"url\":\"https:\\\/\\\/www.eldigitaldeasturias.com\\\/noticias\\\/\",\"name\":\"El Digital de Asturias - Diario de actualidad y noticias\",\"alternateName\":\"El Digital de Asturias - Diario de actualidad y noticias\",\"description\":\"Hemeroteca\",\"inLanguage\":\"es-ES\",\"publisher\":{\"@id\":\"https:\\\/\\\/www.eldigitaldeasturias.com\\\/noticias\\\/#organization\"}}]}\n\t\t<\/script>\n\t\t<!-- All in One SEO Pro -->\r\n\t\t<title>Un imputado en los ERE afirma que el \u00abconseguidor\u00bb Lanzas dec\u00eda representar a la Junta - El Digital de Asturias<\/title>\n\n","aioseo_head_json":{"title":"Un imputado en los ERE afirma que el \u00abconseguidor\u00bb Lanzas dec\u00eda representar a la Junta - El Digital de Asturias","description":"Sevilla, 28 nov (EFE).- El presidente de la Asociaci\u00f3n de Trabajadores del Matadero de Fuente Obejuna (C\u00f3rdoba), Manuel Granado P\u00e9rez, ha declarado ante la juez que investiga los ERE fraudulentos, Mercedes Alaya, que el exsindicalista y \"conseguidor\" Juan Lanzas le dec\u00eda que \"representaba\" a la Junta de Andaluc\u00eda. Alaya ha imputado a Granado delitos de","canonical_url":"https:\/\/www.eldigitaldeasturias.com\/noticias\/un-imputado-en-los-ere-afirma-que-el-conseguidor-lanzas-decia-representar-a-la-junta\/","robots":"max-image-preview:large","keywords":"sucesos","webmasterTools":{"google-site-verification":"UA-38556648-1","msvalidate.01":"7dfe9f3f1b24437ab69f4f2559babe99","miscellaneous":""},"schema":{"@context":"https:\/\/schema.org","@graph":[{"@type":"BlogPosting","@id":"https:\/\/www.eldigitaldeasturias.com\/noticias\/un-imputado-en-los-ere-afirma-que-el-conseguidor-lanzas-decia-representar-a-la-junta\/#blogposting","name":"Un imputado en los ERE afirma que el \u00abconseguidor\u00bb Lanzas dec\u00eda representar a la Junta - El Digital de Asturias","headline":"Un imputado en los ERE afirma que el \u00abconseguidor\u00bb Lanzas dec\u00eda representar a la Junta","author":{"@id":"https:\/\/www.eldigitaldeasturias.com\/noticias\/author\/admin\/#author"},"publisher":{"@id":"https:\/\/www.eldigitaldeasturias.com\/noticias\/#organization"},"image":{"@type":"ImageObject","url":455593},"datePublished":"2013-11-28T22:42:57+01:00","dateModified":"2013-11-28T22:42:57+01:00","inLanguage":"es-ES","mainEntityOfPage":{"@id":"https:\/\/www.eldigitaldeasturias.com\/noticias\/un-imputado-en-los-ere-afirma-que-el-conseguidor-lanzas-decia-representar-a-la-junta\/#webpage"},"isPartOf":{"@id":"https:\/\/www.eldigitaldeasturias.com\/noticias\/un-imputado-en-los-ere-afirma-que-el-conseguidor-lanzas-decia-representar-a-la-junta\/#webpage"},"articleSection":"Sucesos"},{"@type":"BreadcrumbList","@id":"https:\/\/www.eldigitaldeasturias.com\/noticias\/un-imputado-en-los-ere-afirma-que-el-conseguidor-lanzas-decia-representar-a-la-junta\/#breadcrumblist","itemListElement":[{"@type":"ListItem","@id":"https:\/\/www.eldigitaldeasturias.com\/noticias#listItem","position":1,"name":"Home","item":"https:\/\/www.eldigitaldeasturias.com\/noticias","nextItem":{"@type":"ListItem","@id":"https:\/\/www.eldigitaldeasturias.com\/noticias\/category\/sucesos\/#listItem","name":"Sucesos"}},{"@type":"ListItem","@id":"https:\/\/www.eldigitaldeasturias.com\/noticias\/category\/sucesos\/#listItem","position":2,"name":"Sucesos","item":"https:\/\/www.eldigitaldeasturias.com\/noticias\/category\/sucesos\/","nextItem":{"@type":"ListItem","@id":"https:\/\/www.eldigitaldeasturias.com\/noticias\/un-imputado-en-los-ere-afirma-que-el-conseguidor-lanzas-decia-representar-a-la-junta\/#listItem","name":"Un imputado en los ERE afirma que el \u00abconseguidor\u00bb Lanzas dec\u00eda representar a la Junta"},"previousItem":{"@type":"ListItem","@id":"https:\/\/www.eldigitaldeasturias.com\/noticias#listItem","name":"Home"}},{"@type":"ListItem","@id":"https:\/\/www.eldigitaldeasturias.com\/noticias\/un-imputado-en-los-ere-afirma-que-el-conseguidor-lanzas-decia-representar-a-la-junta\/#listItem","position":3,"name":"Un imputado en los ERE afirma que el \u00abconseguidor\u00bb Lanzas dec\u00eda representar a la Junta","previousItem":{"@type":"ListItem","@id":"https:\/\/www.eldigitaldeasturias.com\/noticias\/category\/sucesos\/#listItem","name":"Sucesos"}}]},{"@type":"Organization","@id":"https:\/\/www.eldigitaldeasturias.com\/noticias\/#organization","name":"El Digital de Asturias","description":"Hemeroteca","url":"https:\/\/www.eldigitaldeasturias.com\/noticias\/","email":"info@eldigitaldeasturias.com","telephone":"+34652131393","logo":{"@type":"ImageObject","url":"https:\/\/www.eldigitaldeasturias.com\/noticias\/wp-content\/uploads\/2020\/12\/EDA.jpg","@id":"https:\/\/www.eldigitaldeasturias.com\/noticias\/un-imputado-en-los-ere-afirma-que-el-conseguidor-lanzas-decia-representar-a-la-junta\/#organizationLogo"},"image":{"@id":"https:\/\/www.eldigitaldeasturias.com\/noticias\/un-imputado-en-los-ere-afirma-que-el-conseguidor-lanzas-decia-representar-a-la-junta\/#organizationLogo"},"sameAs":["https:\/\/facebook.com\/eldigitaldeasturias","https:\/\/www.youtube.com\/channel\/UCZP-2wLEB9Rv6erhFmqVnvg"],"address":{"@id":"https:\/\/www.eldigitaldeasturias.com\/noticias\/#postaladdress","@type":"PostalAddress","streetAddress":"san antonio 4","postalCode":"33430","addressLocality":"Cand\u00e1s","addressRegion":"Asturias","addressCountry":"ES"}},{"@type":"Person","@id":"https:\/\/www.eldigitaldeasturias.com\/noticias\/author\/admin\/#author","url":"https:\/\/www.eldigitaldeasturias.com\/noticias\/author\/admin\/","name":"El Digital de Asturias","image":{"@type":"ImageObject","@id":"https:\/\/www.eldigitaldeasturias.com\/noticias\/un-imputado-en-los-ere-afirma-que-el-conseguidor-lanzas-decia-representar-a-la-junta\/#authorImage","url":"https:\/\/secure.gravatar.com\/avatar\/df2aeffc32bcd13f8d26072ef8a91b623d677766deac7f97ca815868cd41bf5e?s=96&d=mm&r=g","width":96,"height":96,"caption":"El Digital de Asturias"}},{"@type":"WebPage","@id":"https:\/\/www.eldigitaldeasturias.com\/noticias\/un-imputado-en-los-ere-afirma-que-el-conseguidor-lanzas-decia-representar-a-la-junta\/#webpage","url":"https:\/\/www.eldigitaldeasturias.com\/noticias\/un-imputado-en-los-ere-afirma-que-el-conseguidor-lanzas-decia-representar-a-la-junta\/","name":"Un imputado en los ERE afirma que el \u00abconseguidor\u00bb Lanzas dec\u00eda representar a la Junta - El Digital de Asturias","description":"Sevilla, 28 nov (EFE).- El presidente de la Asociaci\u00f3n de Trabajadores del Matadero de Fuente Obejuna (C\u00f3rdoba), Manuel Granado P\u00e9rez, ha declarado ante la juez que investiga los ERE fraudulentos, Mercedes Alaya, que el exsindicalista y \"conseguidor\" Juan Lanzas le dec\u00eda que \"representaba\" a la Junta de Andaluc\u00eda. Alaya ha imputado a Granado delitos de","inLanguage":"es-ES","isPartOf":{"@id":"https:\/\/www.eldigitaldeasturias.com\/noticias\/#website"},"breadcrumb":{"@id":"https:\/\/www.eldigitaldeasturias.com\/noticias\/un-imputado-en-los-ere-afirma-que-el-conseguidor-lanzas-decia-representar-a-la-junta\/#breadcrumblist"},"author":{"@id":"https:\/\/www.eldigitaldeasturias.com\/noticias\/author\/admin\/#author"},"creator":{"@id":"https:\/\/www.eldigitaldeasturias.com\/noticias\/author\/admin\/#author"},"image":{"@type":"ImageObject","url":455593,"@id":"https:\/\/www.eldigitaldeasturias.com\/noticias\/un-imputado-en-los-ere-afirma-que-el-conseguidor-lanzas-decia-representar-a-la-junta\/#mainImage"},"primaryImageOfPage":{"@id":"https:\/\/www.eldigitaldeasturias.com\/noticias\/un-imputado-en-los-ere-afirma-que-el-conseguidor-lanzas-decia-representar-a-la-junta\/#mainImage"},"datePublished":"2013-11-28T22:42:57+01:00","dateModified":"2013-11-28T22:42:57+01:00"},{"@type":"WebSite","@id":"https:\/\/www.eldigitaldeasturias.com\/noticias\/#website","url":"https:\/\/www.eldigitaldeasturias.com\/noticias\/","name":"El Digital de Asturias - Diario de actualidad y noticias","alternateName":"El Digital de Asturias - Diario de actualidad y noticias","description":"Hemeroteca","inLanguage":"es-ES","publisher":{"@id":"https:\/\/www.eldigitaldeasturias.com\/noticias\/#organization"}}]},"og:locale":"es_ES","og:site_name":"El Digital de Asturias","og:type":"article","og:title":"Un imputado en los ERE afirma que el \u00abconseguidor\u00bb Lanzas dec\u00eda representar a la Junta - El Digital de Asturias","og:description":"Sevilla, 28 nov (EFE).- El presidente de la Asociaci\u00f3n de Trabajadores del Matadero de Fuente Obejuna (C\u00f3rdoba), Manuel Granado P\u00e9rez, ha declarado ante la juez que investiga los ERE fraudulentos, Mercedes Alaya, que el exsindicalista y &quot;conseguidor&quot; Juan Lanzas le dec\u00eda que &quot;representaba&quot; a la Junta de Andaluc\u00eda. Alaya ha imputado a Granado delitos de","og:url":"https:\/\/www.eldigitaldeasturias.com\/noticias\/un-imputado-en-los-ere-afirma-que-el-conseguidor-lanzas-decia-representar-a-la-junta\/","article:tag":["sucesos"],"article:published_time":"2013-11-28T23:42:57+00:00","article:modified_time":"2013-11-28T23:42:57+00:00","article:publisher":"https:\/\/facebook.com\/eldigitaldeasturias","twitter:card":"summary_large_image","twitter:title":"Un imputado en los ERE afirma que el \u00abconseguidor\u00bb Lanzas dec\u00eda representar a la Junta - El Digital de Asturias","twitter:description":"Sevilla, 28 nov (EFE).- El presidente de la Asociaci\u00f3n de Trabajadores del Matadero de Fuente Obejuna (C\u00f3rdoba), Manuel Granado P\u00e9rez, ha declarado ante la juez que investiga los ERE fraudulentos, Mercedes Alaya, que el exsindicalista y &quot;conseguidor&quot; Juan Lanzas le dec\u00eda que &quot;representaba&quot; a la Junta de Andaluc\u00eda. Alaya ha imputado a Granado delitos de","twitter:label1":"Escrito por","twitter:data1":"El Digital de Asturias","twitter:label2":"Tiempo de lectura estimado","twitter:data2":"2 minutos"},"aioseo_meta_data":{"post_id":"455592","title":null,"description":null,"keywords":null,"keyphrases":null,"primary_term":null,"canonical_url":null,"og_title":null,"og_description":null,"og_object_type":"default","og_image_type":"default","og_image_url":null,"og_image_width":null,"og_image_height":null,"og_image_custom_url":null,"og_image_custom_fields":null,"og_video":null,"og_custom_url":null,"og_article_section":null,"og_article_tags":null,"twitter_use_og":true,"twitter_card":"default","twitter_image_type":"default","twitter_image_url":null,"twitter_image_custom_url":null,"twitter_image_custom_fields":null,"twitter_title":null,"twitter_description":null,"schema":{"blockGraphs":[],"customGraphs":[],"default":{"data":{"Article":[],"Course":[],"Dataset":[],"FAQPage":[],"Movie":[],"Person":[],"Product":[],"ProductReview":[],"Car":[],"Recipe":[],"Service":[],"SoftwareApplication":[],"WebPage":[]},"graphName":"","isEnabled":true},"graphs":[],"defaultGraph":"","defaultPostTypeGraph":""},"schema_type":null,"schema_type_options":null,"pillar_content":false,"robots_default":true,"robots_noindex":false,"robots_noarchive":false,"robots_nosnippet":false,"robots_nofollow":false,"robots_noimageindex":false,"robots_noodp":false,"robots_notranslate":false,"robots_max_snippet":null,"robots_max_videopreview":null,"robots_max_imagepreview":"none","priority":null,"frequency":null,"local_seo":null,"seo_analyzer_scan_date":"2026-05-29 18:51:49","breadcrumb_settings":null,"limit_modified_date":false,"open_ai":null,"ai":null,"created":"2020-11-14 22:45:20","updated":"2026-05-29 18:51:49","focus_keyword":null,"additional_keywords":null,"truseo_locale":null},"aioseo_breadcrumb":"<div class=\"aioseo-breadcrumbs\"><span class=\"aioseo-breadcrumb\">\n\t<a href=\"https:\/\/www.eldigitaldeasturias.com\/noticias\" title=\"Home\">Home<\/a>\n<\/span><span class=\"aioseo-breadcrumb-separator\">\u2013<\/span><span class=\"aioseo-breadcrumb\">\n\t<a href=\"https:\/\/www.eldigitaldeasturias.com\/noticias\/category\/sucesos\/\" title=\"Sucesos\">Sucesos<\/a>\n<\/span><span class=\"aioseo-breadcrumb-separator\">\u2013<\/span><span class=\"aioseo-breadcrumb\">\n\t<a href=\"https:\/\/www.eldigitaldeasturias.com\/noticias\/un-imputado-en-los-ere-afirma-que-el-conseguidor-lanzas-decia-representar-a-la-junta\/\" title=\"Un imputado en los ERE afirma que el \u00abconseguidor\u00bb Lanzas dec\u00eda representar a la Junta\">Un imputado en los ERE afirma que el \u00abconseguidor\u00bb Lanzas dec\u00eda representar a la Junta<\/a>\n<\/span><\/div>","aioseo_breadcrumb_json":[{"label":"Home","link":"https:\/\/www.eldigitaldeasturias.com\/noticias"},{"label":"Sucesos","link":"https:\/\/www.eldigitaldeasturias.com\/noticias\/category\/sucesos\/"},{"label":"Un imputado en los ERE afirma que el \u00abconseguidor\u00bb Lanzas dec\u00eda representar a la Junta","link":"https:\/\/www.eldigitaldeasturias.com\/noticias\/un-imputado-en-los-ere-afirma-que-el-conseguidor-lanzas-decia-representar-a-la-junta\/"}],"_links":{"self":[{"href":"https:\/\/www.eldigitaldeasturias.com\/noticias\/wp-json\/wp\/v2\/posts\/455592","targetHints":{"allow":["GET"]}}],"collection":[{"href":"https:\/\/www.eldigitaldeasturias.com\/noticias\/wp-json\/wp\/v2\/posts"}],"about":[{"href":"https:\/\/www.eldigitaldeasturias.com\/noticias\/wp-json\/wp\/v2\/types\/post"}],"author":[{"embeddable":true,"href":"https:\/\/www.eldigitaldeasturias.com\/noticias\/wp-json\/wp\/v2\/users\/1"}],"replies":[{"embeddable":true,"href":"https:\/\/www.eldigitaldeasturias.com\/noticias\/wp-json\/wp\/v2\/comments?post=455592"}],"version-history":[{"count":0,"href":"https:\/\/www.eldigitaldeasturias.com\/noticias\/wp-json\/wp\/v2\/posts\/455592\/revisions"}],"wp:attachment":[{"href":"https:\/\/www.eldigitaldeasturias.com\/noticias\/wp-json\/wp\/v2\/media?parent=455592"}],"wp:term":[{"taxonomy":"category","embeddable":true,"href":"https:\/\/www.eldigitaldeasturias.com\/noticias\/wp-json\/wp\/v2\/categories?post=455592"},{"taxonomy":"post_tag","embeddable":true,"href":"https:\/\/www.eldigitaldeasturias.com\/noticias\/wp-json\/wp\/v2\/tags?post=455592"}],"curies":[{"name":"wp","href":"https:\/\/api.w.org\/{rel}","templated":true}]}}