{"id":455586,"date":"2013-11-28T22:37:43","date_gmt":"2013-11-28T23:37:43","guid":{"rendered":"http:\/\/www.eldigitaldeasturias.com\/noticias\/?p=455586"},"modified":"2013-11-28T22:37:43","modified_gmt":"2013-11-28T23:37:43","slug":"nueve-intoxicados-en-un-centro-de-trabajo-de-la-fundacion-aspace-en-navarra","status":"publish","type":"post","link":"https:\/\/www.eldigitaldeasturias.com\/noticias\/nueve-intoxicados-en-un-centro-de-trabajo-de-la-fundacion-aspace-en-navarra\/","title":{"rendered":"Nueve intoxicados en un centro de trabajo de la Fundaci\u00f3n Aspace en Navarra"},"content":{"rendered":"<p><img loading=\"lazy\" decoding=\"async\" class=\"alignleft size-medium wp-image-455587\" alt=\"policia\" src=\"https:\/\/www.eldigitaldeasturias.com\/noticias\/wp-content\/uploads\/2013\/11\/policia-360x226.jpg\" width=\"360\" height=\"226\" \/>Pamplona, 28 nov (EFE).- Nueve personas, entre las que hay monitores y discapacitados, han resultado intoxicadas por un escape de gas en un centro de trabajo de la Fundaci\u00f3n Aspace (Asociaci\u00f3n de Paral\u00edticos Cerebrales de Espa\u00f1a) en Aoiz (Navarra), ha informado el Gobierno foral.<\/p>\n<p>Cinco de las personas han llegado a perder el conocimiento pero han sido reanimadas por el equipo sanitario que se ha trasladado hasta la empresa antes de subir a los veh\u00edculos que los han trasladado hasta la capital navarra, han indicado a Efe fuentes de la Guardia Civil.<\/p>\n<p>Los intoxicados, todos de car\u00e1cter leve, se encuentran ingresados en el Complejo Hospitalario de Navarra (CHN), de la capital navarra, a donde han sido trasladadas en ambulancias y un helic\u00f3ptero.<\/p>\n<p>Cuatro, cuyas identidades no han sido facilitadas, est\u00e1n ingresadas en el Hospital Virgen del Camino y los otros cinco en el Hospital de Navarra, en donde se espera que sean dados de alta en las pr\u00f3ximas horas, seg\u00fan el gobierno foral.<\/p>\n<p>La intoxicaci\u00f3n se ha producido en la empresa Eco-Integra que la Fundaci\u00f3n Aspace tiene en el pol\u00edgono industrial de Aoiz y que se dedica al reciclaje de maquinaria y electrodom\u00e9sticos como frigor\u00edficos, lavadoras y otros.<\/p>\n<p>Seg\u00fan han se\u00f1alado a Efe fuentes del instituto armado, el origen de la intoxicaci\u00f3n no ha sido a\u00fan determinado pero podr\u00eda haber sido causada por el escape de gas de un motor de un frigor\u00edfico.<\/p>\n<p>Los hechos se han originado en torno a las 15.00 horas y la Guardia Civil se ha hecho cargo de la investigaci\u00f3n.<\/p>\n<p>Seg\u00fan recoge Aspace en su web, Ecointegra de Aoiz es una planta de tratamiento de residuos de aparatos el\u00e9ctricos y electr\u00f3nicos especializada en aparatos de fr\u00edo, peque\u00f1o aparato electrodom\u00e9stico y de monitores de tubos cat\u00f3dicos.<\/p>\n<p>Posee tambi\u00e9n un centro de I+D+i y un centro de difusi\u00f3n y formaci\u00f3n de las buenas pr\u00e1cticas medioambientales, y actualmente est\u00e1n trabajando en la planta 31 personas.<\/p>\n","protected":false},"excerpt":{"rendered":"<p>Pamplona, 28 nov (EFE).- Nueve personas, entre las que hay monitores y discapacitados, han resultado intoxicadas por un escape de gas en un centro de trabajo de la Fundaci\u00f3n Aspace (Asociaci\u00f3n de Paral\u00edticos Cerebrales de Espa\u00f1a) en Aoiz (Navarra), ha informado el Gobierno foral. Cinco de las personas han llegado a perder el conocimiento pero [&hellip;]<\/p>\n","protected":false},"author":1,"featured_media":455587,"comment_status":"closed","ping_status":"open","sticky":false,"template":"","format":"standard","meta":{"footnotes":""},"categories":[5],"tags":[],"class_list":["post-455586","post","type-post","status-publish","format-standard","has-post-thumbnail","hentry","category-sucesos"],"aioseo_notices":[],"aioseo_head":"\n\t\t<!-- All in One SEO Pro 5.0.1 - aioseo.com -->\n\t<meta name=\"description\" content=\"Pamplona, 28 nov (EFE).- Nueve personas, entre las que hay monitores y discapacitados, han resultado intoxicadas por un escape de gas en un centro de trabajo de la Fundaci\u00f3n Aspace (Asociaci\u00f3n de Paral\u00edticos Cerebrales de Espa\u00f1a) en Aoiz (Navarra), ha informado el Gobierno foral. Cinco de las personas han llegado a perder el conocimiento pero\" \/>\n\t<meta name=\"robots\" content=\"max-image-preview:large\" \/>\n\t<meta name=\"author\" content=\"El Digital de Asturias\"\/>\n\t<meta name=\"google-site-verification\" content=\"UA-38556648-1\" \/>\n\t<meta name=\"msvalidate.01\" content=\"7dfe9f3f1b24437ab69f4f2559babe99\" \/>\n\t<meta name=\"keywords\" content=\"sucesos\" \/>\n\t<link rel=\"canonical\" href=\"https:\/\/www.eldigitaldeasturias.com\/noticias\/nueve-intoxicados-en-un-centro-de-trabajo-de-la-fundacion-aspace-en-navarra\/\" \/>\n\t<meta name=\"generator\" content=\"All in One SEO Pro (AIOSEO) 5.0.1\" \/>\n\t\t<meta property=\"og:locale\" content=\"es_ES\" \/>\n\t\t<meta property=\"og:site_name\" content=\"El Digital de Asturias\" \/>\n\t\t<meta property=\"og:type\" content=\"article\" \/>\n\t\t<meta property=\"og:title\" content=\"Nueve intoxicados en un centro de trabajo de la Fundaci\u00f3n Aspace en Navarra - El Digital de Asturias\" \/>\n\t\t<meta property=\"og:description\" content=\"Pamplona, 28 nov (EFE).- Nueve personas, entre las que hay monitores y discapacitados, han resultado intoxicadas por un escape de gas en un centro de trabajo de la Fundaci\u00f3n Aspace (Asociaci\u00f3n de Paral\u00edticos Cerebrales de Espa\u00f1a) en Aoiz (Navarra), ha informado el Gobierno foral. Cinco de las personas han llegado a perder el conocimiento pero\" \/>\n\t\t<meta property=\"og:url\" content=\"https:\/\/www.eldigitaldeasturias.com\/noticias\/nueve-intoxicados-en-un-centro-de-trabajo-de-la-fundacion-aspace-en-navarra\/\" \/>\n\t\t<meta property=\"article:tag\" content=\"sucesos\" \/>\n\t\t<meta property=\"article:published_time\" content=\"2013-11-28T23:37:43+00:00\" \/>\n\t\t<meta property=\"article:modified_time\" content=\"2013-11-28T23:37:43+00:00\" \/>\n\t\t<meta property=\"article:publisher\" content=\"https:\/\/facebook.com\/eldigitaldeasturias\" \/>\n\t\t<meta name=\"twitter:card\" content=\"summary_large_image\" \/>\n\t\t<meta name=\"twitter:title\" content=\"Nueve intoxicados en un centro de trabajo de la Fundaci\u00f3n Aspace en Navarra - El Digital de Asturias\" \/>\n\t\t<meta name=\"twitter:description\" content=\"Pamplona, 28 nov (EFE).- Nueve personas, entre las que hay monitores y discapacitados, han resultado intoxicadas por un escape de gas en un centro de trabajo de la Fundaci\u00f3n Aspace (Asociaci\u00f3n de Paral\u00edticos Cerebrales de Espa\u00f1a) en Aoiz (Navarra), ha informado el Gobierno foral. Cinco de las personas han llegado a perder el conocimiento pero\" \/>\n\t\t<meta name=\"twitter:label1\" content=\"Escrito por\" \/>\n\t\t<meta name=\"twitter:data1\" content=\"El Digital de Asturias\" \/>\n\t\t<meta name=\"twitter:label2\" content=\"Tiempo de lectura estimado\" \/>\n\t\t<meta name=\"twitter:data2\" content=\"2 minutos\" \/>\n\t\t<script type=\"application\/ld+json\" class=\"aioseo-schema\">\n\t\t\t{\"@context\":\"https:\\\/\\\/schema.org\",\"@graph\":[{\"@type\":\"BlogPosting\",\"@id\":\"https:\\\/\\\/www.eldigitaldeasturias.com\\\/noticias\\\/nueve-intoxicados-en-un-centro-de-trabajo-de-la-fundacion-aspace-en-navarra\\\/#blogposting\",\"name\":\"Nueve intoxicados en un centro de trabajo de la Fundaci\\u00f3n Aspace en Navarra - El Digital de Asturias\",\"headline\":\"Nueve intoxicados en un centro de trabajo de la Fundaci\\u00f3n Aspace en Navarra\",\"author\":{\"@id\":\"https:\\\/\\\/www.eldigitaldeasturias.com\\\/noticias\\\/author\\\/admin\\\/#author\"},\"publisher\":{\"@id\":\"https:\\\/\\\/www.eldigitaldeasturias.com\\\/noticias\\\/#organization\"},\"image\":{\"@type\":\"ImageObject\",\"url\":455587},\"datePublished\":\"2013-11-28T22:37:43+01:00\",\"dateModified\":\"2013-11-28T22:37:43+01:00\",\"inLanguage\":\"es-ES\",\"mainEntityOfPage\":{\"@id\":\"https:\\\/\\\/www.eldigitaldeasturias.com\\\/noticias\\\/nueve-intoxicados-en-un-centro-de-trabajo-de-la-fundacion-aspace-en-navarra\\\/#webpage\"},\"isPartOf\":{\"@id\":\"https:\\\/\\\/www.eldigitaldeasturias.com\\\/noticias\\\/nueve-intoxicados-en-un-centro-de-trabajo-de-la-fundacion-aspace-en-navarra\\\/#webpage\"},\"articleSection\":\"Sucesos\"},{\"@type\":\"BreadcrumbList\",\"@id\":\"https:\\\/\\\/www.eldigitaldeasturias.com\\\/noticias\\\/nueve-intoxicados-en-un-centro-de-trabajo-de-la-fundacion-aspace-en-navarra\\\/#breadcrumblist\",\"itemListElement\":[{\"@type\":\"ListItem\",\"@id\":\"https:\\\/\\\/www.eldigitaldeasturias.com\\\/noticias#listItem\",\"position\":1,\"name\":\"Home\",\"item\":\"https:\\\/\\\/www.eldigitaldeasturias.com\\\/noticias\",\"nextItem\":{\"@type\":\"ListItem\",\"@id\":\"https:\\\/\\\/www.eldigitaldeasturias.com\\\/noticias\\\/category\\\/sucesos\\\/#listItem\",\"name\":\"Sucesos\"}},{\"@type\":\"ListItem\",\"@id\":\"https:\\\/\\\/www.eldigitaldeasturias.com\\\/noticias\\\/category\\\/sucesos\\\/#listItem\",\"position\":2,\"name\":\"Sucesos\",\"item\":\"https:\\\/\\\/www.eldigitaldeasturias.com\\\/noticias\\\/category\\\/sucesos\\\/\",\"nextItem\":{\"@type\":\"ListItem\",\"@id\":\"https:\\\/\\\/www.eldigitaldeasturias.com\\\/noticias\\\/nueve-intoxicados-en-un-centro-de-trabajo-de-la-fundacion-aspace-en-navarra\\\/#listItem\",\"name\":\"Nueve intoxicados en un centro de trabajo de la Fundaci\\u00f3n Aspace en Navarra\"},\"previousItem\":{\"@type\":\"ListItem\",\"@id\":\"https:\\\/\\\/www.eldigitaldeasturias.com\\\/noticias#listItem\",\"name\":\"Home\"}},{\"@type\":\"ListItem\",\"@id\":\"https:\\\/\\\/www.eldigitaldeasturias.com\\\/noticias\\\/nueve-intoxicados-en-un-centro-de-trabajo-de-la-fundacion-aspace-en-navarra\\\/#listItem\",\"position\":3,\"name\":\"Nueve intoxicados en un centro de trabajo de la Fundaci\\u00f3n Aspace en Navarra\",\"previousItem\":{\"@type\":\"ListItem\",\"@id\":\"https:\\\/\\\/www.eldigitaldeasturias.com\\\/noticias\\\/category\\\/sucesos\\\/#listItem\",\"name\":\"Sucesos\"}}]},{\"@type\":\"Organization\",\"@id\":\"https:\\\/\\\/www.eldigitaldeasturias.com\\\/noticias\\\/#organization\",\"name\":\"El Digital de Asturias\",\"description\":\"Hemeroteca\",\"url\":\"https:\\\/\\\/www.eldigitaldeasturias.com\\\/noticias\\\/\",\"email\":\"info@eldigitaldeasturias.com\",\"telephone\":\"+34652131393\",\"logo\":{\"@type\":\"ImageObject\",\"url\":\"https:\\\/\\\/www.eldigitaldeasturias.com\\\/noticias\\\/wp-content\\\/uploads\\\/2020\\\/12\\\/EDA.jpg\",\"@id\":\"https:\\\/\\\/www.eldigitaldeasturias.com\\\/noticias\\\/nueve-intoxicados-en-un-centro-de-trabajo-de-la-fundacion-aspace-en-navarra\\\/#organizationLogo\"},\"image\":{\"@id\":\"https:\\\/\\\/www.eldigitaldeasturias.com\\\/noticias\\\/nueve-intoxicados-en-un-centro-de-trabajo-de-la-fundacion-aspace-en-navarra\\\/#organizationLogo\"},\"sameAs\":[\"https:\\\/\\\/facebook.com\\\/eldigitaldeasturias\",\"https:\\\/\\\/www.youtube.com\\\/channel\\\/UCZP-2wLEB9Rv6erhFmqVnvg\"],\"address\":{\"@id\":\"https:\\\/\\\/www.eldigitaldeasturias.com\\\/noticias\\\/#postaladdress\",\"@type\":\"PostalAddress\",\"streetAddress\":\"san antonio 4\",\"postalCode\":\"33430\",\"addressLocality\":\"Cand\\u00e1s\",\"addressRegion\":\"Asturias\",\"addressCountry\":\"ES\"}},{\"@type\":\"Person\",\"@id\":\"https:\\\/\\\/www.eldigitaldeasturias.com\\\/noticias\\\/author\\\/admin\\\/#author\",\"url\":\"https:\\\/\\\/www.eldigitaldeasturias.com\\\/noticias\\\/author\\\/admin\\\/\",\"name\":\"El Digital de Asturias\",\"image\":{\"@type\":\"ImageObject\",\"@id\":\"https:\\\/\\\/www.eldigitaldeasturias.com\\\/noticias\\\/nueve-intoxicados-en-un-centro-de-trabajo-de-la-fundacion-aspace-en-navarra\\\/#authorImage\",\"url\":\"https:\\\/\\\/secure.gravatar.com\\\/avatar\\\/df2aeffc32bcd13f8d26072ef8a91b623d677766deac7f97ca815868cd41bf5e?s=96&d=mm&r=g\",\"width\":96,\"height\":96,\"caption\":\"El Digital de Asturias\"}},{\"@type\":\"WebPage\",\"@id\":\"https:\\\/\\\/www.eldigitaldeasturias.com\\\/noticias\\\/nueve-intoxicados-en-un-centro-de-trabajo-de-la-fundacion-aspace-en-navarra\\\/#webpage\",\"url\":\"https:\\\/\\\/www.eldigitaldeasturias.com\\\/noticias\\\/nueve-intoxicados-en-un-centro-de-trabajo-de-la-fundacion-aspace-en-navarra\\\/\",\"name\":\"Nueve intoxicados en un centro de trabajo de la Fundaci\\u00f3n Aspace en Navarra - El Digital de Asturias\",\"description\":\"Pamplona, 28 nov (EFE).- Nueve personas, entre las que hay monitores y discapacitados, han resultado intoxicadas por un escape de gas en un centro de trabajo de la Fundaci\\u00f3n Aspace (Asociaci\\u00f3n de Paral\\u00edticos Cerebrales de Espa\\u00f1a) en Aoiz (Navarra), ha informado el Gobierno foral. Cinco de las personas han llegado a perder el conocimiento pero\",\"inLanguage\":\"es-ES\",\"isPartOf\":{\"@id\":\"https:\\\/\\\/www.eldigitaldeasturias.com\\\/noticias\\\/#website\"},\"breadcrumb\":{\"@id\":\"https:\\\/\\\/www.eldigitaldeasturias.com\\\/noticias\\\/nueve-intoxicados-en-un-centro-de-trabajo-de-la-fundacion-aspace-en-navarra\\\/#breadcrumblist\"},\"author\":{\"@id\":\"https:\\\/\\\/www.eldigitaldeasturias.com\\\/noticias\\\/author\\\/admin\\\/#author\"},\"creator\":{\"@id\":\"https:\\\/\\\/www.eldigitaldeasturias.com\\\/noticias\\\/author\\\/admin\\\/#author\"},\"image\":{\"@type\":\"ImageObject\",\"url\":455587,\"@id\":\"https:\\\/\\\/www.eldigitaldeasturias.com\\\/noticias\\\/nueve-intoxicados-en-un-centro-de-trabajo-de-la-fundacion-aspace-en-navarra\\\/#mainImage\"},\"primaryImageOfPage\":{\"@id\":\"https:\\\/\\\/www.eldigitaldeasturias.com\\\/noticias\\\/nueve-intoxicados-en-un-centro-de-trabajo-de-la-fundacion-aspace-en-navarra\\\/#mainImage\"},\"datePublished\":\"2013-11-28T22:37:43+01:00\",\"dateModified\":\"2013-11-28T22:37:43+01:00\"},{\"@type\":\"WebSite\",\"@id\":\"https:\\\/\\\/www.eldigitaldeasturias.com\\\/noticias\\\/#website\",\"url\":\"https:\\\/\\\/www.eldigitaldeasturias.com\\\/noticias\\\/\",\"name\":\"El Digital de Asturias - Diario de actualidad y noticias\",\"alternateName\":\"El Digital de Asturias - Diario de actualidad y noticias\",\"description\":\"Hemeroteca\",\"inLanguage\":\"es-ES\",\"publisher\":{\"@id\":\"https:\\\/\\\/www.eldigitaldeasturias.com\\\/noticias\\\/#organization\"}}]}\n\t\t<\/script>\n\t\t<!-- All in One SEO Pro -->\r\n\t\t<title>Nueve intoxicados en un centro de trabajo de la Fundaci\u00f3n Aspace en Navarra - El Digital de Asturias<\/title>\n\n","aioseo_head_json":{"title":"Nueve intoxicados en un centro de trabajo de la Fundaci\u00f3n Aspace en Navarra - El Digital de Asturias","description":"Pamplona, 28 nov (EFE).- Nueve personas, entre las que hay monitores y discapacitados, han resultado intoxicadas por un escape de gas en un centro de trabajo de la Fundaci\u00f3n Aspace (Asociaci\u00f3n de Paral\u00edticos Cerebrales de Espa\u00f1a) en Aoiz (Navarra), ha informado el Gobierno foral. Cinco de las personas han llegado a perder el conocimiento pero","canonical_url":"https:\/\/www.eldigitaldeasturias.com\/noticias\/nueve-intoxicados-en-un-centro-de-trabajo-de-la-fundacion-aspace-en-navarra\/","robots":"max-image-preview:large","keywords":"sucesos","webmasterTools":{"google-site-verification":"UA-38556648-1","msvalidate.01":"7dfe9f3f1b24437ab69f4f2559babe99","miscellaneous":""},"schema":{"@context":"https:\/\/schema.org","@graph":[{"@type":"BlogPosting","@id":"https:\/\/www.eldigitaldeasturias.com\/noticias\/nueve-intoxicados-en-un-centro-de-trabajo-de-la-fundacion-aspace-en-navarra\/#blogposting","name":"Nueve intoxicados en un centro de trabajo de la Fundaci\u00f3n Aspace en Navarra - El Digital de Asturias","headline":"Nueve intoxicados en un centro de trabajo de la Fundaci\u00f3n Aspace en Navarra","author":{"@id":"https:\/\/www.eldigitaldeasturias.com\/noticias\/author\/admin\/#author"},"publisher":{"@id":"https:\/\/www.eldigitaldeasturias.com\/noticias\/#organization"},"image":{"@type":"ImageObject","url":455587},"datePublished":"2013-11-28T22:37:43+01:00","dateModified":"2013-11-28T22:37:43+01:00","inLanguage":"es-ES","mainEntityOfPage":{"@id":"https:\/\/www.eldigitaldeasturias.com\/noticias\/nueve-intoxicados-en-un-centro-de-trabajo-de-la-fundacion-aspace-en-navarra\/#webpage"},"isPartOf":{"@id":"https:\/\/www.eldigitaldeasturias.com\/noticias\/nueve-intoxicados-en-un-centro-de-trabajo-de-la-fundacion-aspace-en-navarra\/#webpage"},"articleSection":"Sucesos"},{"@type":"BreadcrumbList","@id":"https:\/\/www.eldigitaldeasturias.com\/noticias\/nueve-intoxicados-en-un-centro-de-trabajo-de-la-fundacion-aspace-en-navarra\/#breadcrumblist","itemListElement":[{"@type":"ListItem","@id":"https:\/\/www.eldigitaldeasturias.com\/noticias#listItem","position":1,"name":"Home","item":"https:\/\/www.eldigitaldeasturias.com\/noticias","nextItem":{"@type":"ListItem","@id":"https:\/\/www.eldigitaldeasturias.com\/noticias\/category\/sucesos\/#listItem","name":"Sucesos"}},{"@type":"ListItem","@id":"https:\/\/www.eldigitaldeasturias.com\/noticias\/category\/sucesos\/#listItem","position":2,"name":"Sucesos","item":"https:\/\/www.eldigitaldeasturias.com\/noticias\/category\/sucesos\/","nextItem":{"@type":"ListItem","@id":"https:\/\/www.eldigitaldeasturias.com\/noticias\/nueve-intoxicados-en-un-centro-de-trabajo-de-la-fundacion-aspace-en-navarra\/#listItem","name":"Nueve intoxicados en un centro de trabajo de la Fundaci\u00f3n Aspace en Navarra"},"previousItem":{"@type":"ListItem","@id":"https:\/\/www.eldigitaldeasturias.com\/noticias#listItem","name":"Home"}},{"@type":"ListItem","@id":"https:\/\/www.eldigitaldeasturias.com\/noticias\/nueve-intoxicados-en-un-centro-de-trabajo-de-la-fundacion-aspace-en-navarra\/#listItem","position":3,"name":"Nueve intoxicados en un centro de trabajo de la Fundaci\u00f3n Aspace en Navarra","previousItem":{"@type":"ListItem","@id":"https:\/\/www.eldigitaldeasturias.com\/noticias\/category\/sucesos\/#listItem","name":"Sucesos"}}]},{"@type":"Organization","@id":"https:\/\/www.eldigitaldeasturias.com\/noticias\/#organization","name":"El Digital de Asturias","description":"Hemeroteca","url":"https:\/\/www.eldigitaldeasturias.com\/noticias\/","email":"info@eldigitaldeasturias.com","telephone":"+34652131393","logo":{"@type":"ImageObject","url":"https:\/\/www.eldigitaldeasturias.com\/noticias\/wp-content\/uploads\/2020\/12\/EDA.jpg","@id":"https:\/\/www.eldigitaldeasturias.com\/noticias\/nueve-intoxicados-en-un-centro-de-trabajo-de-la-fundacion-aspace-en-navarra\/#organizationLogo"},"image":{"@id":"https:\/\/www.eldigitaldeasturias.com\/noticias\/nueve-intoxicados-en-un-centro-de-trabajo-de-la-fundacion-aspace-en-navarra\/#organizationLogo"},"sameAs":["https:\/\/facebook.com\/eldigitaldeasturias","https:\/\/www.youtube.com\/channel\/UCZP-2wLEB9Rv6erhFmqVnvg"],"address":{"@id":"https:\/\/www.eldigitaldeasturias.com\/noticias\/#postaladdress","@type":"PostalAddress","streetAddress":"san antonio 4","postalCode":"33430","addressLocality":"Cand\u00e1s","addressRegion":"Asturias","addressCountry":"ES"}},{"@type":"Person","@id":"https:\/\/www.eldigitaldeasturias.com\/noticias\/author\/admin\/#author","url":"https:\/\/www.eldigitaldeasturias.com\/noticias\/author\/admin\/","name":"El Digital de Asturias","image":{"@type":"ImageObject","@id":"https:\/\/www.eldigitaldeasturias.com\/noticias\/nueve-intoxicados-en-un-centro-de-trabajo-de-la-fundacion-aspace-en-navarra\/#authorImage","url":"https:\/\/secure.gravatar.com\/avatar\/df2aeffc32bcd13f8d26072ef8a91b623d677766deac7f97ca815868cd41bf5e?s=96&d=mm&r=g","width":96,"height":96,"caption":"El Digital de Asturias"}},{"@type":"WebPage","@id":"https:\/\/www.eldigitaldeasturias.com\/noticias\/nueve-intoxicados-en-un-centro-de-trabajo-de-la-fundacion-aspace-en-navarra\/#webpage","url":"https:\/\/www.eldigitaldeasturias.com\/noticias\/nueve-intoxicados-en-un-centro-de-trabajo-de-la-fundacion-aspace-en-navarra\/","name":"Nueve intoxicados en un centro de trabajo de la Fundaci\u00f3n Aspace en Navarra - El Digital de Asturias","description":"Pamplona, 28 nov (EFE).- Nueve personas, entre las que hay monitores y discapacitados, han resultado intoxicadas por un escape de gas en un centro de trabajo de la Fundaci\u00f3n Aspace (Asociaci\u00f3n de Paral\u00edticos Cerebrales de Espa\u00f1a) en Aoiz (Navarra), ha informado el Gobierno foral. Cinco de las personas han llegado a perder el conocimiento pero","inLanguage":"es-ES","isPartOf":{"@id":"https:\/\/www.eldigitaldeasturias.com\/noticias\/#website"},"breadcrumb":{"@id":"https:\/\/www.eldigitaldeasturias.com\/noticias\/nueve-intoxicados-en-un-centro-de-trabajo-de-la-fundacion-aspace-en-navarra\/#breadcrumblist"},"author":{"@id":"https:\/\/www.eldigitaldeasturias.com\/noticias\/author\/admin\/#author"},"creator":{"@id":"https:\/\/www.eldigitaldeasturias.com\/noticias\/author\/admin\/#author"},"image":{"@type":"ImageObject","url":455587,"@id":"https:\/\/www.eldigitaldeasturias.com\/noticias\/nueve-intoxicados-en-un-centro-de-trabajo-de-la-fundacion-aspace-en-navarra\/#mainImage"},"primaryImageOfPage":{"@id":"https:\/\/www.eldigitaldeasturias.com\/noticias\/nueve-intoxicados-en-un-centro-de-trabajo-de-la-fundacion-aspace-en-navarra\/#mainImage"},"datePublished":"2013-11-28T22:37:43+01:00","dateModified":"2013-11-28T22:37:43+01:00"},{"@type":"WebSite","@id":"https:\/\/www.eldigitaldeasturias.com\/noticias\/#website","url":"https:\/\/www.eldigitaldeasturias.com\/noticias\/","name":"El Digital de Asturias - Diario de actualidad y noticias","alternateName":"El Digital de Asturias - Diario de actualidad y noticias","description":"Hemeroteca","inLanguage":"es-ES","publisher":{"@id":"https:\/\/www.eldigitaldeasturias.com\/noticias\/#organization"}}]},"og:locale":"es_ES","og:site_name":"El Digital de Asturias","og:type":"article","og:title":"Nueve intoxicados en un centro de trabajo de la Fundaci\u00f3n Aspace en Navarra - El Digital de Asturias","og:description":"Pamplona, 28 nov (EFE).- Nueve personas, entre las que hay monitores y discapacitados, han resultado intoxicadas por un escape de gas en un centro de trabajo de la Fundaci\u00f3n Aspace (Asociaci\u00f3n de Paral\u00edticos Cerebrales de Espa\u00f1a) en Aoiz (Navarra), ha informado el Gobierno foral. Cinco de las personas han llegado a perder el conocimiento pero","og:url":"https:\/\/www.eldigitaldeasturias.com\/noticias\/nueve-intoxicados-en-un-centro-de-trabajo-de-la-fundacion-aspace-en-navarra\/","article:tag":["sucesos"],"article:published_time":"2013-11-28T23:37:43+00:00","article:modified_time":"2013-11-28T23:37:43+00:00","article:publisher":"https:\/\/facebook.com\/eldigitaldeasturias","twitter:card":"summary_large_image","twitter:title":"Nueve intoxicados en un centro de trabajo de la Fundaci\u00f3n Aspace en Navarra - El Digital de Asturias","twitter:description":"Pamplona, 28 nov (EFE).- Nueve personas, entre las que hay monitores y discapacitados, han resultado intoxicadas por un escape de gas en un centro de trabajo de la Fundaci\u00f3n Aspace (Asociaci\u00f3n de Paral\u00edticos Cerebrales de Espa\u00f1a) en Aoiz (Navarra), ha informado el Gobierno foral. Cinco de las personas han llegado a perder el conocimiento pero","twitter:label1":"Escrito por","twitter:data1":"El Digital de Asturias","twitter:label2":"Tiempo de lectura estimado","twitter:data2":"2 minutos"},"aioseo_meta_data":{"post_id":"455586","title":null,"description":null,"keywords":null,"keyphrases":null,"primary_term":null,"canonical_url":null,"og_title":null,"og_description":null,"og_object_type":"default","og_image_type":"default","og_image_url":null,"og_image_width":null,"og_image_height":null,"og_image_custom_url":null,"og_image_custom_fields":null,"og_video":null,"og_custom_url":null,"og_article_section":null,"og_article_tags":null,"twitter_use_og":true,"twitter_card":"default","twitter_image_type":"default","twitter_image_url":null,"twitter_image_custom_url":null,"twitter_image_custom_fields":null,"twitter_title":null,"twitter_description":null,"schema":{"blockGraphs":[],"customGraphs":[],"default":{"data":{"Article":[],"Course":[],"Dataset":[],"FAQPage":[],"Movie":[],"Person":[],"Product":[],"ProductReview":[],"Car":[],"Recipe":[],"Service":[],"SoftwareApplication":[],"WebPage":[]},"graphName":"","isEnabled":true},"graphs":[],"defaultGraph":"","defaultPostTypeGraph":""},"schema_type":null,"schema_type_options":null,"pillar_content":false,"robots_default":true,"robots_noindex":false,"robots_noarchive":false,"robots_nosnippet":false,"robots_nofollow":false,"robots_noimageindex":false,"robots_noodp":false,"robots_notranslate":false,"robots_max_snippet":null,"robots_max_videopreview":null,"robots_max_imagepreview":"none","priority":null,"frequency":null,"local_seo":null,"seo_analyzer_scan_date":"2026-05-29 18:51:48","breadcrumb_settings":null,"limit_modified_date":false,"open_ai":null,"ai":null,"created":"2020-11-14 22:45:20","updated":"2026-05-29 18:51:48","focus_keyword":null,"additional_keywords":null,"truseo_locale":null},"aioseo_breadcrumb":"<div class=\"aioseo-breadcrumbs\"><span class=\"aioseo-breadcrumb\">\n\t<a href=\"https:\/\/www.eldigitaldeasturias.com\/noticias\" title=\"Home\">Home<\/a>\n<\/span><span class=\"aioseo-breadcrumb-separator\">\u2013<\/span><span class=\"aioseo-breadcrumb\">\n\t<a href=\"https:\/\/www.eldigitaldeasturias.com\/noticias\/category\/sucesos\/\" title=\"Sucesos\">Sucesos<\/a>\n<\/span><span class=\"aioseo-breadcrumb-separator\">\u2013<\/span><span class=\"aioseo-breadcrumb\">\n\t<a href=\"https:\/\/www.eldigitaldeasturias.com\/noticias\/nueve-intoxicados-en-un-centro-de-trabajo-de-la-fundacion-aspace-en-navarra\/\" title=\"Nueve intoxicados en un centro de trabajo de la Fundaci\u00f3n Aspace en Navarra\">Nueve intoxicados en un centro de trabajo de la Fundaci\u00f3n Aspace en Navarra<\/a>\n<\/span><\/div>","aioseo_breadcrumb_json":[{"label":"Home","link":"https:\/\/www.eldigitaldeasturias.com\/noticias"},{"label":"Sucesos","link":"https:\/\/www.eldigitaldeasturias.com\/noticias\/category\/sucesos\/"},{"label":"Nueve intoxicados en un centro de trabajo de la Fundaci\u00f3n Aspace en Navarra","link":"https:\/\/www.eldigitaldeasturias.com\/noticias\/nueve-intoxicados-en-un-centro-de-trabajo-de-la-fundacion-aspace-en-navarra\/"}],"_links":{"self":[{"href":"https:\/\/www.eldigitaldeasturias.com\/noticias\/wp-json\/wp\/v2\/posts\/455586","targetHints":{"allow":["GET"]}}],"collection":[{"href":"https:\/\/www.eldigitaldeasturias.com\/noticias\/wp-json\/wp\/v2\/posts"}],"about":[{"href":"https:\/\/www.eldigitaldeasturias.com\/noticias\/wp-json\/wp\/v2\/types\/post"}],"author":[{"embeddable":true,"href":"https:\/\/www.eldigitaldeasturias.com\/noticias\/wp-json\/wp\/v2\/users\/1"}],"replies":[{"embeddable":true,"href":"https:\/\/www.eldigitaldeasturias.com\/noticias\/wp-json\/wp\/v2\/comments?post=455586"}],"version-history":[{"count":0,"href":"https:\/\/www.eldigitaldeasturias.com\/noticias\/wp-json\/wp\/v2\/posts\/455586\/revisions"}],"wp:attachment":[{"href":"https:\/\/www.eldigitaldeasturias.com\/noticias\/wp-json\/wp\/v2\/media?parent=455586"}],"wp:term":[{"taxonomy":"category","embeddable":true,"href":"https:\/\/www.eldigitaldeasturias.com\/noticias\/wp-json\/wp\/v2\/categories?post=455586"},{"taxonomy":"post_tag","embeddable":true,"href":"https:\/\/www.eldigitaldeasturias.com\/noticias\/wp-json\/wp\/v2\/tags?post=455586"}],"curies":[{"name":"wp","href":"https:\/\/api.w.org\/{rel}","templated":true}]}}