{"id":455569,"date":"2013-11-28T22:23:39","date_gmt":"2013-11-28T23:23:39","guid":{"rendered":"http:\/\/www.eldigitaldeasturias.com\/noticias\/?p=455569"},"modified":"2013-11-28T22:23:39","modified_gmt":"2013-11-28T23:23:39","slug":"cerca-de-un-millon-de-madrilenos-viven-bajo-el-umbral-de-la-pobreza","status":"publish","type":"post","link":"https:\/\/www.eldigitaldeasturias.com\/noticias\/cerca-de-un-millon-de-madrilenos-viven-bajo-el-umbral-de-la-pobreza\/","title":{"rendered":"Cerca de un mill\u00f3n de madrile\u00f1os viven bajo el umbral de la pobreza"},"content":{"rendered":"<p><img loading=\"lazy\" decoding=\"async\" class=\"alignleft size-medium wp-image-455570\" alt=\"5760370w\" src=\"https:\/\/www.eldigitaldeasturias.com\/noticias\/wp-content\/uploads\/2013\/11\/5760370w-360x239.jpg\" width=\"360\" height=\"239\" \/>Madrid, 27 nov (EFE).- M\u00e1s de 895.000 madrile\u00f1os viven bajo el umbral de la pobreza, de los cuales casi 295.000 se han sumado a esta situaci\u00f3n desde que comenz\u00f3 la crisis a finales de 2007, lo que supone un aumento del 48,9 % en los \u00faltimos a\u00f1os.<\/p>\n<p>Son datos recogidos en el informe &#8216;La desigualdad en crisis: hombre rico, hombre pobre&#8217;, presentado hoy por el sindicato de t\u00e9cnicos del Ministerio de Hacienda (Gestha) en la celebraci\u00f3n de su XIII Congreso Anual celebrado en Granada.<\/p>\n<p>El estudio, elaborado con los datos fiscales de los contribuyentes hasta 2012, ha concluido que Espa\u00f1a tiene un 29 % m\u00e1s de personas que viven por debajo del umbral de la pobreza que en 2007, con un total de 9,3 millones de pobres.<\/p>\n<p>Seg\u00fan el Instituto Nacional de Estad\u00edstica (INE), el umbral de la pobreza se calcula en funci\u00f3n de los ingresos del a\u00f1o anterior, de modo que en 2013 se situaba en 7.040 euros para una persona, y en 14.784 para los hogares compuestos por dos adultos y dos menores, frente a los 7.182 y 15.082 euros, respectivamente, de 2012.<\/p>\n<p>El informe de Gestha dice que Navarra es la comunidad aut\u00f3noma en la que se ha incrementado m\u00e1s el porcentaje de ciudadanos sin recursos entre 2007 y 2012 (52,8% m\u00e1s), seguida de Melilla (52,4 %), Castilla la Mancha (51,5 %), Madrid (48,9 %), Catalu\u00f1a (48,2 %) y la Comunidad Valenciana (46,4 %).<\/p>\n<p>El mismo estudio apunta que la Comunidad de Madrid es una de las regiones donde m\u00e1s ha avanzado la desigualdad, ya que el 20 % de los contribuyentes madrile\u00f1os m\u00e1s ricos acapara el 58,2 % de todos los ingresos declarados en 2012, mientras que el 80 % restante acumula el 41,8 %.<\/p>\n<p>Adem\u00e1s, el 20 % m\u00e1s pobre s\u00f3lo le corresponde el 7 %.<\/p>\n<p>En el \u00edndice de Gini, que sirve para medir el reparto de la riqueza con valores entre 0 y 1 (de m\u00e1s equitativo a m\u00e1s desigual), la Comunidad de Madrid es la regi\u00f3n que sale peor parada con un resultado de 0,43, muy superior a la media espa\u00f1ola, que se sit\u00faa en un 0,32.<\/p>\n<p>Por delante, s\u00f3lo est\u00e1 la ciudad de Ceuta con un \u00edndice de Gini de 0,51.<\/p>\n<p>\u00abLa desigualdad se nota m\u00e1s en las comunidades m\u00e1s ricas y las diferencias entre ricos y pobres se incrementar\u00e1n si no se toman las medidas oportunas\u00bb, ha detallado el secretario general de Gestha, Jos\u00e9 Mar\u00eda Mollinedo, autor del informe.<\/p>\n<p>Frente al incremento de la pobreza, los t\u00e9cnicos de Hacienda han apostado por intensificar la investigaci\u00f3n a la evasi\u00f3n fiscal de las grandes fortunas y empresas que, seg\u00fan sus datos, concentran m\u00e1s del 71 % del fraude fiscal total y la p\u00e9rdida de 42.000 millones de euros anuales en la recaudaci\u00f3n.<\/p>\n<p>Junto al aumento de la investigaci\u00f3n, Gestha ha abogado por crear una tasa sobre la riqueza frente al actual Impuesto sobre el Patrimonio y regularlo con \u00e1mbito estatal para evitar que las comunidades aut\u00f3nomas ofrezcan exenciones a las grandes fortunas.<\/p>\n<p>\u00abUn impuesto sobre la riqueza tendr\u00eda un mayor efecto en la recaudaci\u00f3n y servir\u00eda para evitar nuevos recortes y otros impuestos, con los que solo se a\u00f1ade m\u00e1s presi\u00f3n a las clases medias y trabajadoras\u00bb, ha subrayado el presidente de Gestha, Carlos Cruzado.<\/p>\n<p>Seg\u00fan sus cuentas, el impuesto sobre la riqueza supondr\u00eda una recaudaci\u00f3n anual adicional en el pa\u00eds de 3.399 millones de euros, a lo que el sector sumar\u00eda restricciones en las sociedades de inversi\u00f3n de capital variable, que aportar\u00edan otros 4.500 millones.<\/p>\n<p>\u00abHay que hacer reformas fiscales con el principio de justicia tributaria, reequilibrar la presi\u00f3n fiscal. Antes de subir los impuestos hay que pensar que las multinacionales y las grandes riquezas deber\u00edan contribuir m\u00e1s a la salida de la crisis\u00bb, han sentenciado.<\/p>\n","protected":false},"excerpt":{"rendered":"<p>Madrid, 27 nov (EFE).- M\u00e1s de 895.000 madrile\u00f1os viven bajo el umbral de la pobreza, de los cuales casi 295.000 se han sumado a esta situaci\u00f3n desde que comenz\u00f3 la crisis a finales de 2007, lo que supone un aumento del 48,9 % en los \u00faltimos a\u00f1os. Son datos recogidos en el informe &#8216;La desigualdad [&hellip;]<\/p>\n","protected":false},"author":1,"featured_media":455570,"comment_status":"closed","ping_status":"open","sticky":false,"template":"","format":"standard","meta":{"footnotes":""},"categories":[28],"tags":[],"class_list":["post-455569","post","type-post","status-publish","format-standard","has-post-thumbnail","hentry","category-sociedad"],"aioseo_notices":[],"aioseo_head":"\n\t\t<!-- All in One SEO Pro 5.0.1 - aioseo.com -->\n\t<meta name=\"description\" content=\"Madrid, 27 nov (EFE).- M\u00e1s de 895.000 madrile\u00f1os viven bajo el umbral de la pobreza, de los cuales casi 295.000 se han sumado a esta situaci\u00f3n desde que comenz\u00f3 la crisis a finales de 2007, lo que supone un aumento del 48,9 % en los \u00faltimos a\u00f1os. Son datos recogidos en el informe &#039;La desigualdad\" \/>\n\t<meta name=\"robots\" content=\"max-image-preview:large\" \/>\n\t<meta name=\"author\" content=\"El Digital de Asturias\"\/>\n\t<meta name=\"google-site-verification\" content=\"UA-38556648-1\" \/>\n\t<meta name=\"msvalidate.01\" content=\"7dfe9f3f1b24437ab69f4f2559babe99\" \/>\n\t<meta name=\"keywords\" content=\"sociedad\" \/>\n\t<link rel=\"canonical\" href=\"https:\/\/www.eldigitaldeasturias.com\/noticias\/cerca-de-un-millon-de-madrilenos-viven-bajo-el-umbral-de-la-pobreza\/\" \/>\n\t<meta name=\"generator\" content=\"All in One SEO Pro (AIOSEO) 5.0.1\" \/>\n\t\t<meta property=\"og:locale\" content=\"es_ES\" \/>\n\t\t<meta property=\"og:site_name\" content=\"El Digital de Asturias\" \/>\n\t\t<meta property=\"og:type\" content=\"article\" \/>\n\t\t<meta property=\"og:title\" content=\"Cerca de un mill\u00f3n de madrile\u00f1os viven bajo el umbral de la pobreza - El Digital de Asturias\" \/>\n\t\t<meta property=\"og:description\" content=\"Madrid, 27 nov (EFE).- M\u00e1s de 895.000 madrile\u00f1os viven bajo el umbral de la pobreza, de los cuales casi 295.000 se han sumado a esta situaci\u00f3n desde que comenz\u00f3 la crisis a finales de 2007, lo que supone un aumento del 48,9 % en los \u00faltimos a\u00f1os. Son datos recogidos en el informe &#039;La desigualdad\" \/>\n\t\t<meta property=\"og:url\" content=\"https:\/\/www.eldigitaldeasturias.com\/noticias\/cerca-de-un-millon-de-madrilenos-viven-bajo-el-umbral-de-la-pobreza\/\" \/>\n\t\t<meta property=\"article:tag\" content=\"sociedad\" \/>\n\t\t<meta property=\"article:published_time\" content=\"2013-11-28T23:23:39+00:00\" \/>\n\t\t<meta property=\"article:modified_time\" content=\"2013-11-28T23:23:39+00:00\" \/>\n\t\t<meta property=\"article:publisher\" content=\"https:\/\/facebook.com\/eldigitaldeasturias\" \/>\n\t\t<meta name=\"twitter:card\" content=\"summary_large_image\" \/>\n\t\t<meta name=\"twitter:title\" content=\"Cerca de un mill\u00f3n de madrile\u00f1os viven bajo el umbral de la pobreza - El Digital de Asturias\" \/>\n\t\t<meta name=\"twitter:description\" content=\"Madrid, 27 nov (EFE).- M\u00e1s de 895.000 madrile\u00f1os viven bajo el umbral de la pobreza, de los cuales casi 295.000 se han sumado a esta situaci\u00f3n desde que comenz\u00f3 la crisis a finales de 2007, lo que supone un aumento del 48,9 % en los \u00faltimos a\u00f1os. Son datos recogidos en el informe &#039;La desigualdad\" \/>\n\t\t<meta name=\"twitter:label1\" content=\"Escrito por\" \/>\n\t\t<meta name=\"twitter:data1\" content=\"El Digital de Asturias\" \/>\n\t\t<meta name=\"twitter:label2\" content=\"Tiempo de lectura estimado\" \/>\n\t\t<meta name=\"twitter:data2\" content=\"3 minutos\" \/>\n\t\t<script type=\"application\/ld+json\" class=\"aioseo-schema\">\n\t\t\t{\"@context\":\"https:\\\/\\\/schema.org\",\"@graph\":[{\"@type\":\"BlogPosting\",\"@id\":\"https:\\\/\\\/www.eldigitaldeasturias.com\\\/noticias\\\/cerca-de-un-millon-de-madrilenos-viven-bajo-el-umbral-de-la-pobreza\\\/#blogposting\",\"name\":\"Cerca de un mill\\u00f3n de madrile\\u00f1os viven bajo el umbral de la pobreza - El Digital de Asturias\",\"headline\":\"Cerca de un mill\\u00f3n de madrile\\u00f1os viven bajo el umbral de la pobreza\",\"author\":{\"@id\":\"https:\\\/\\\/www.eldigitaldeasturias.com\\\/noticias\\\/author\\\/admin\\\/#author\"},\"publisher\":{\"@id\":\"https:\\\/\\\/www.eldigitaldeasturias.com\\\/noticias\\\/#organization\"},\"image\":{\"@type\":\"ImageObject\",\"url\":455570},\"datePublished\":\"2013-11-28T22:23:39+01:00\",\"dateModified\":\"2013-11-28T22:23:39+01:00\",\"inLanguage\":\"es-ES\",\"mainEntityOfPage\":{\"@id\":\"https:\\\/\\\/www.eldigitaldeasturias.com\\\/noticias\\\/cerca-de-un-millon-de-madrilenos-viven-bajo-el-umbral-de-la-pobreza\\\/#webpage\"},\"isPartOf\":{\"@id\":\"https:\\\/\\\/www.eldigitaldeasturias.com\\\/noticias\\\/cerca-de-un-millon-de-madrilenos-viven-bajo-el-umbral-de-la-pobreza\\\/#webpage\"},\"articleSection\":\"Sociedad\"},{\"@type\":\"BreadcrumbList\",\"@id\":\"https:\\\/\\\/www.eldigitaldeasturias.com\\\/noticias\\\/cerca-de-un-millon-de-madrilenos-viven-bajo-el-umbral-de-la-pobreza\\\/#breadcrumblist\",\"itemListElement\":[{\"@type\":\"ListItem\",\"@id\":\"https:\\\/\\\/www.eldigitaldeasturias.com\\\/noticias#listItem\",\"position\":1,\"name\":\"Home\",\"item\":\"https:\\\/\\\/www.eldigitaldeasturias.com\\\/noticias\",\"nextItem\":{\"@type\":\"ListItem\",\"@id\":\"https:\\\/\\\/www.eldigitaldeasturias.com\\\/noticias\\\/category\\\/sociedad\\\/#listItem\",\"name\":\"Sociedad\"}},{\"@type\":\"ListItem\",\"@id\":\"https:\\\/\\\/www.eldigitaldeasturias.com\\\/noticias\\\/category\\\/sociedad\\\/#listItem\",\"position\":2,\"name\":\"Sociedad\",\"item\":\"https:\\\/\\\/www.eldigitaldeasturias.com\\\/noticias\\\/category\\\/sociedad\\\/\",\"nextItem\":{\"@type\":\"ListItem\",\"@id\":\"https:\\\/\\\/www.eldigitaldeasturias.com\\\/noticias\\\/cerca-de-un-millon-de-madrilenos-viven-bajo-el-umbral-de-la-pobreza\\\/#listItem\",\"name\":\"Cerca de un mill\\u00f3n de madrile\\u00f1os viven bajo el umbral de la pobreza\"},\"previousItem\":{\"@type\":\"ListItem\",\"@id\":\"https:\\\/\\\/www.eldigitaldeasturias.com\\\/noticias#listItem\",\"name\":\"Home\"}},{\"@type\":\"ListItem\",\"@id\":\"https:\\\/\\\/www.eldigitaldeasturias.com\\\/noticias\\\/cerca-de-un-millon-de-madrilenos-viven-bajo-el-umbral-de-la-pobreza\\\/#listItem\",\"position\":3,\"name\":\"Cerca de un mill\\u00f3n de madrile\\u00f1os viven bajo el umbral de la pobreza\",\"previousItem\":{\"@type\":\"ListItem\",\"@id\":\"https:\\\/\\\/www.eldigitaldeasturias.com\\\/noticias\\\/category\\\/sociedad\\\/#listItem\",\"name\":\"Sociedad\"}}]},{\"@type\":\"Organization\",\"@id\":\"https:\\\/\\\/www.eldigitaldeasturias.com\\\/noticias\\\/#organization\",\"name\":\"El Digital de Asturias\",\"description\":\"Hemeroteca\",\"url\":\"https:\\\/\\\/www.eldigitaldeasturias.com\\\/noticias\\\/\",\"email\":\"info@eldigitaldeasturias.com\",\"telephone\":\"+34652131393\",\"logo\":{\"@type\":\"ImageObject\",\"url\":\"https:\\\/\\\/www.eldigitaldeasturias.com\\\/noticias\\\/wp-content\\\/uploads\\\/2020\\\/12\\\/EDA.jpg\",\"@id\":\"https:\\\/\\\/www.eldigitaldeasturias.com\\\/noticias\\\/cerca-de-un-millon-de-madrilenos-viven-bajo-el-umbral-de-la-pobreza\\\/#organizationLogo\"},\"image\":{\"@id\":\"https:\\\/\\\/www.eldigitaldeasturias.com\\\/noticias\\\/cerca-de-un-millon-de-madrilenos-viven-bajo-el-umbral-de-la-pobreza\\\/#organizationLogo\"},\"sameAs\":[\"https:\\\/\\\/facebook.com\\\/eldigitaldeasturias\",\"https:\\\/\\\/www.youtube.com\\\/channel\\\/UCZP-2wLEB9Rv6erhFmqVnvg\"],\"address\":{\"@id\":\"https:\\\/\\\/www.eldigitaldeasturias.com\\\/noticias\\\/#postaladdress\",\"@type\":\"PostalAddress\",\"streetAddress\":\"san antonio 4\",\"postalCode\":\"33430\",\"addressLocality\":\"Cand\\u00e1s\",\"addressRegion\":\"Asturias\",\"addressCountry\":\"ES\"}},{\"@type\":\"Person\",\"@id\":\"https:\\\/\\\/www.eldigitaldeasturias.com\\\/noticias\\\/author\\\/admin\\\/#author\",\"url\":\"https:\\\/\\\/www.eldigitaldeasturias.com\\\/noticias\\\/author\\\/admin\\\/\",\"name\":\"El Digital de Asturias\",\"image\":{\"@type\":\"ImageObject\",\"@id\":\"https:\\\/\\\/www.eldigitaldeasturias.com\\\/noticias\\\/cerca-de-un-millon-de-madrilenos-viven-bajo-el-umbral-de-la-pobreza\\\/#authorImage\",\"url\":\"https:\\\/\\\/secure.gravatar.com\\\/avatar\\\/df2aeffc32bcd13f8d26072ef8a91b623d677766deac7f97ca815868cd41bf5e?s=96&d=mm&r=g\",\"width\":96,\"height\":96,\"caption\":\"El Digital de Asturias\"}},{\"@type\":\"WebPage\",\"@id\":\"https:\\\/\\\/www.eldigitaldeasturias.com\\\/noticias\\\/cerca-de-un-millon-de-madrilenos-viven-bajo-el-umbral-de-la-pobreza\\\/#webpage\",\"url\":\"https:\\\/\\\/www.eldigitaldeasturias.com\\\/noticias\\\/cerca-de-un-millon-de-madrilenos-viven-bajo-el-umbral-de-la-pobreza\\\/\",\"name\":\"Cerca de un mill\\u00f3n de madrile\\u00f1os viven bajo el umbral de la pobreza - El Digital de Asturias\",\"description\":\"Madrid, 27 nov (EFE).- M\\u00e1s de 895.000 madrile\\u00f1os viven bajo el umbral de la pobreza, de los cuales casi 295.000 se han sumado a esta situaci\\u00f3n desde que comenz\\u00f3 la crisis a finales de 2007, lo que supone un aumento del 48,9 % en los \\u00faltimos a\\u00f1os. Son datos recogidos en el informe 'La desigualdad\",\"inLanguage\":\"es-ES\",\"isPartOf\":{\"@id\":\"https:\\\/\\\/www.eldigitaldeasturias.com\\\/noticias\\\/#website\"},\"breadcrumb\":{\"@id\":\"https:\\\/\\\/www.eldigitaldeasturias.com\\\/noticias\\\/cerca-de-un-millon-de-madrilenos-viven-bajo-el-umbral-de-la-pobreza\\\/#breadcrumblist\"},\"author\":{\"@id\":\"https:\\\/\\\/www.eldigitaldeasturias.com\\\/noticias\\\/author\\\/admin\\\/#author\"},\"creator\":{\"@id\":\"https:\\\/\\\/www.eldigitaldeasturias.com\\\/noticias\\\/author\\\/admin\\\/#author\"},\"image\":{\"@type\":\"ImageObject\",\"url\":455570,\"@id\":\"https:\\\/\\\/www.eldigitaldeasturias.com\\\/noticias\\\/cerca-de-un-millon-de-madrilenos-viven-bajo-el-umbral-de-la-pobreza\\\/#mainImage\"},\"primaryImageOfPage\":{\"@id\":\"https:\\\/\\\/www.eldigitaldeasturias.com\\\/noticias\\\/cerca-de-un-millon-de-madrilenos-viven-bajo-el-umbral-de-la-pobreza\\\/#mainImage\"},\"datePublished\":\"2013-11-28T22:23:39+01:00\",\"dateModified\":\"2013-11-28T22:23:39+01:00\"},{\"@type\":\"WebSite\",\"@id\":\"https:\\\/\\\/www.eldigitaldeasturias.com\\\/noticias\\\/#website\",\"url\":\"https:\\\/\\\/www.eldigitaldeasturias.com\\\/noticias\\\/\",\"name\":\"El Digital de Asturias - Diario de actualidad y noticias\",\"alternateName\":\"El Digital de Asturias - Diario de actualidad y noticias\",\"description\":\"Hemeroteca\",\"inLanguage\":\"es-ES\",\"publisher\":{\"@id\":\"https:\\\/\\\/www.eldigitaldeasturias.com\\\/noticias\\\/#organization\"}}]}\n\t\t<\/script>\n\t\t<!-- All in One SEO Pro -->\r\n\t\t<title>Cerca de un mill\u00f3n de madrile\u00f1os viven bajo el umbral de la pobreza - El Digital de Asturias<\/title>\n\n","aioseo_head_json":{"title":"Cerca de un mill\u00f3n de madrile\u00f1os viven bajo el umbral de la pobreza - El Digital de Asturias","description":"Madrid, 27 nov (EFE).- M\u00e1s de 895.000 madrile\u00f1os viven bajo el umbral de la pobreza, de los cuales casi 295.000 se han sumado a esta situaci\u00f3n desde que comenz\u00f3 la crisis a finales de 2007, lo que supone un aumento del 48,9 % en los \u00faltimos a\u00f1os. Son datos recogidos en el informe 'La desigualdad","canonical_url":"https:\/\/www.eldigitaldeasturias.com\/noticias\/cerca-de-un-millon-de-madrilenos-viven-bajo-el-umbral-de-la-pobreza\/","robots":"max-image-preview:large","keywords":"sociedad","webmasterTools":{"google-site-verification":"UA-38556648-1","msvalidate.01":"7dfe9f3f1b24437ab69f4f2559babe99","miscellaneous":""},"schema":{"@context":"https:\/\/schema.org","@graph":[{"@type":"BlogPosting","@id":"https:\/\/www.eldigitaldeasturias.com\/noticias\/cerca-de-un-millon-de-madrilenos-viven-bajo-el-umbral-de-la-pobreza\/#blogposting","name":"Cerca de un mill\u00f3n de madrile\u00f1os viven bajo el umbral de la pobreza - El Digital de Asturias","headline":"Cerca de un mill\u00f3n de madrile\u00f1os viven bajo el umbral de la pobreza","author":{"@id":"https:\/\/www.eldigitaldeasturias.com\/noticias\/author\/admin\/#author"},"publisher":{"@id":"https:\/\/www.eldigitaldeasturias.com\/noticias\/#organization"},"image":{"@type":"ImageObject","url":455570},"datePublished":"2013-11-28T22:23:39+01:00","dateModified":"2013-11-28T22:23:39+01:00","inLanguage":"es-ES","mainEntityOfPage":{"@id":"https:\/\/www.eldigitaldeasturias.com\/noticias\/cerca-de-un-millon-de-madrilenos-viven-bajo-el-umbral-de-la-pobreza\/#webpage"},"isPartOf":{"@id":"https:\/\/www.eldigitaldeasturias.com\/noticias\/cerca-de-un-millon-de-madrilenos-viven-bajo-el-umbral-de-la-pobreza\/#webpage"},"articleSection":"Sociedad"},{"@type":"BreadcrumbList","@id":"https:\/\/www.eldigitaldeasturias.com\/noticias\/cerca-de-un-millon-de-madrilenos-viven-bajo-el-umbral-de-la-pobreza\/#breadcrumblist","itemListElement":[{"@type":"ListItem","@id":"https:\/\/www.eldigitaldeasturias.com\/noticias#listItem","position":1,"name":"Home","item":"https:\/\/www.eldigitaldeasturias.com\/noticias","nextItem":{"@type":"ListItem","@id":"https:\/\/www.eldigitaldeasturias.com\/noticias\/category\/sociedad\/#listItem","name":"Sociedad"}},{"@type":"ListItem","@id":"https:\/\/www.eldigitaldeasturias.com\/noticias\/category\/sociedad\/#listItem","position":2,"name":"Sociedad","item":"https:\/\/www.eldigitaldeasturias.com\/noticias\/category\/sociedad\/","nextItem":{"@type":"ListItem","@id":"https:\/\/www.eldigitaldeasturias.com\/noticias\/cerca-de-un-millon-de-madrilenos-viven-bajo-el-umbral-de-la-pobreza\/#listItem","name":"Cerca de un mill\u00f3n de madrile\u00f1os viven bajo el umbral de la pobreza"},"previousItem":{"@type":"ListItem","@id":"https:\/\/www.eldigitaldeasturias.com\/noticias#listItem","name":"Home"}},{"@type":"ListItem","@id":"https:\/\/www.eldigitaldeasturias.com\/noticias\/cerca-de-un-millon-de-madrilenos-viven-bajo-el-umbral-de-la-pobreza\/#listItem","position":3,"name":"Cerca de un mill\u00f3n de madrile\u00f1os viven bajo el umbral de la pobreza","previousItem":{"@type":"ListItem","@id":"https:\/\/www.eldigitaldeasturias.com\/noticias\/category\/sociedad\/#listItem","name":"Sociedad"}}]},{"@type":"Organization","@id":"https:\/\/www.eldigitaldeasturias.com\/noticias\/#organization","name":"El Digital de Asturias","description":"Hemeroteca","url":"https:\/\/www.eldigitaldeasturias.com\/noticias\/","email":"info@eldigitaldeasturias.com","telephone":"+34652131393","logo":{"@type":"ImageObject","url":"https:\/\/www.eldigitaldeasturias.com\/noticias\/wp-content\/uploads\/2020\/12\/EDA.jpg","@id":"https:\/\/www.eldigitaldeasturias.com\/noticias\/cerca-de-un-millon-de-madrilenos-viven-bajo-el-umbral-de-la-pobreza\/#organizationLogo"},"image":{"@id":"https:\/\/www.eldigitaldeasturias.com\/noticias\/cerca-de-un-millon-de-madrilenos-viven-bajo-el-umbral-de-la-pobreza\/#organizationLogo"},"sameAs":["https:\/\/facebook.com\/eldigitaldeasturias","https:\/\/www.youtube.com\/channel\/UCZP-2wLEB9Rv6erhFmqVnvg"],"address":{"@id":"https:\/\/www.eldigitaldeasturias.com\/noticias\/#postaladdress","@type":"PostalAddress","streetAddress":"san antonio 4","postalCode":"33430","addressLocality":"Cand\u00e1s","addressRegion":"Asturias","addressCountry":"ES"}},{"@type":"Person","@id":"https:\/\/www.eldigitaldeasturias.com\/noticias\/author\/admin\/#author","url":"https:\/\/www.eldigitaldeasturias.com\/noticias\/author\/admin\/","name":"El Digital de Asturias","image":{"@type":"ImageObject","@id":"https:\/\/www.eldigitaldeasturias.com\/noticias\/cerca-de-un-millon-de-madrilenos-viven-bajo-el-umbral-de-la-pobreza\/#authorImage","url":"https:\/\/secure.gravatar.com\/avatar\/df2aeffc32bcd13f8d26072ef8a91b623d677766deac7f97ca815868cd41bf5e?s=96&d=mm&r=g","width":96,"height":96,"caption":"El Digital de Asturias"}},{"@type":"WebPage","@id":"https:\/\/www.eldigitaldeasturias.com\/noticias\/cerca-de-un-millon-de-madrilenos-viven-bajo-el-umbral-de-la-pobreza\/#webpage","url":"https:\/\/www.eldigitaldeasturias.com\/noticias\/cerca-de-un-millon-de-madrilenos-viven-bajo-el-umbral-de-la-pobreza\/","name":"Cerca de un mill\u00f3n de madrile\u00f1os viven bajo el umbral de la pobreza - El Digital de Asturias","description":"Madrid, 27 nov (EFE).- M\u00e1s de 895.000 madrile\u00f1os viven bajo el umbral de la pobreza, de los cuales casi 295.000 se han sumado a esta situaci\u00f3n desde que comenz\u00f3 la crisis a finales de 2007, lo que supone un aumento del 48,9 % en los \u00faltimos a\u00f1os. Son datos recogidos en el informe 'La desigualdad","inLanguage":"es-ES","isPartOf":{"@id":"https:\/\/www.eldigitaldeasturias.com\/noticias\/#website"},"breadcrumb":{"@id":"https:\/\/www.eldigitaldeasturias.com\/noticias\/cerca-de-un-millon-de-madrilenos-viven-bajo-el-umbral-de-la-pobreza\/#breadcrumblist"},"author":{"@id":"https:\/\/www.eldigitaldeasturias.com\/noticias\/author\/admin\/#author"},"creator":{"@id":"https:\/\/www.eldigitaldeasturias.com\/noticias\/author\/admin\/#author"},"image":{"@type":"ImageObject","url":455570,"@id":"https:\/\/www.eldigitaldeasturias.com\/noticias\/cerca-de-un-millon-de-madrilenos-viven-bajo-el-umbral-de-la-pobreza\/#mainImage"},"primaryImageOfPage":{"@id":"https:\/\/www.eldigitaldeasturias.com\/noticias\/cerca-de-un-millon-de-madrilenos-viven-bajo-el-umbral-de-la-pobreza\/#mainImage"},"datePublished":"2013-11-28T22:23:39+01:00","dateModified":"2013-11-28T22:23:39+01:00"},{"@type":"WebSite","@id":"https:\/\/www.eldigitaldeasturias.com\/noticias\/#website","url":"https:\/\/www.eldigitaldeasturias.com\/noticias\/","name":"El Digital de Asturias - Diario de actualidad y noticias","alternateName":"El Digital de Asturias - Diario de actualidad y noticias","description":"Hemeroteca","inLanguage":"es-ES","publisher":{"@id":"https:\/\/www.eldigitaldeasturias.com\/noticias\/#organization"}}]},"og:locale":"es_ES","og:site_name":"El Digital de Asturias","og:type":"article","og:title":"Cerca de un mill\u00f3n de madrile\u00f1os viven bajo el umbral de la pobreza - El Digital de Asturias","og:description":"Madrid, 27 nov (EFE).- M\u00e1s de 895.000 madrile\u00f1os viven bajo el umbral de la pobreza, de los cuales casi 295.000 se han sumado a esta situaci\u00f3n desde que comenz\u00f3 la crisis a finales de 2007, lo que supone un aumento del 48,9 % en los \u00faltimos a\u00f1os. Son datos recogidos en el informe 'La desigualdad","og:url":"https:\/\/www.eldigitaldeasturias.com\/noticias\/cerca-de-un-millon-de-madrilenos-viven-bajo-el-umbral-de-la-pobreza\/","article:tag":["sociedad"],"article:published_time":"2013-11-28T23:23:39+00:00","article:modified_time":"2013-11-28T23:23:39+00:00","article:publisher":"https:\/\/facebook.com\/eldigitaldeasturias","twitter:card":"summary_large_image","twitter:title":"Cerca de un mill\u00f3n de madrile\u00f1os viven bajo el umbral de la pobreza - El Digital de Asturias","twitter:description":"Madrid, 27 nov (EFE).- M\u00e1s de 895.000 madrile\u00f1os viven bajo el umbral de la pobreza, de los cuales casi 295.000 se han sumado a esta situaci\u00f3n desde que comenz\u00f3 la crisis a finales de 2007, lo que supone un aumento del 48,9 % en los \u00faltimos a\u00f1os. Son datos recogidos en el informe 'La desigualdad","twitter:label1":"Escrito por","twitter:data1":"El Digital de Asturias","twitter:label2":"Tiempo de lectura estimado","twitter:data2":"3 minutos"},"aioseo_meta_data":{"post_id":"455569","title":null,"description":null,"keywords":null,"keyphrases":null,"primary_term":null,"canonical_url":null,"og_title":null,"og_description":null,"og_object_type":"default","og_image_type":"default","og_image_url":null,"og_image_width":null,"og_image_height":null,"og_image_custom_url":null,"og_image_custom_fields":null,"og_video":null,"og_custom_url":null,"og_article_section":null,"og_article_tags":null,"twitter_use_og":true,"twitter_card":"default","twitter_image_type":"default","twitter_image_url":null,"twitter_image_custom_url":null,"twitter_image_custom_fields":null,"twitter_title":null,"twitter_description":null,"schema":{"blockGraphs":[],"customGraphs":[],"default":{"data":{"Article":[],"Course":[],"Dataset":[],"FAQPage":[],"Movie":[],"Person":[],"Product":[],"ProductReview":[],"Car":[],"Recipe":[],"Service":[],"SoftwareApplication":[],"WebPage":[]},"graphName":"","isEnabled":true},"graphs":[],"defaultGraph":"","defaultPostTypeGraph":""},"schema_type":null,"schema_type_options":null,"pillar_content":false,"robots_default":true,"robots_noindex":false,"robots_noarchive":false,"robots_nosnippet":false,"robots_nofollow":false,"robots_noimageindex":false,"robots_noodp":false,"robots_notranslate":false,"robots_max_snippet":null,"robots_max_videopreview":null,"robots_max_imagepreview":"none","priority":null,"frequency":null,"local_seo":null,"seo_analyzer_scan_date":"2026-05-29 18:49:53","breadcrumb_settings":null,"limit_modified_date":false,"open_ai":null,"ai":null,"created":"2020-11-14 22:45:20","updated":"2026-05-29 18:49:53","focus_keyword":null,"additional_keywords":null,"truseo_locale":null},"aioseo_breadcrumb":"<div class=\"aioseo-breadcrumbs\"><span class=\"aioseo-breadcrumb\">\n\t<a href=\"https:\/\/www.eldigitaldeasturias.com\/noticias\" title=\"Home\">Home<\/a>\n<\/span><span class=\"aioseo-breadcrumb-separator\">\u2013<\/span><span class=\"aioseo-breadcrumb\">\n\t<a href=\"https:\/\/www.eldigitaldeasturias.com\/noticias\/category\/sociedad\/\" title=\"Sociedad\">Sociedad<\/a>\n<\/span><span class=\"aioseo-breadcrumb-separator\">\u2013<\/span><span class=\"aioseo-breadcrumb\">\n\t<a href=\"https:\/\/www.eldigitaldeasturias.com\/noticias\/cerca-de-un-millon-de-madrilenos-viven-bajo-el-umbral-de-la-pobreza\/\" title=\"Cerca de un mill\u00f3n de madrile\u00f1os viven bajo el umbral de la pobreza\">Cerca de un mill\u00f3n de madrile\u00f1os viven bajo el umbral de la pobreza<\/a>\n<\/span><\/div>","aioseo_breadcrumb_json":[{"label":"Home","link":"https:\/\/www.eldigitaldeasturias.com\/noticias"},{"label":"Sociedad","link":"https:\/\/www.eldigitaldeasturias.com\/noticias\/category\/sociedad\/"},{"label":"Cerca de un mill\u00f3n de madrile\u00f1os viven bajo el umbral de la pobreza","link":"https:\/\/www.eldigitaldeasturias.com\/noticias\/cerca-de-un-millon-de-madrilenos-viven-bajo-el-umbral-de-la-pobreza\/"}],"_links":{"self":[{"href":"https:\/\/www.eldigitaldeasturias.com\/noticias\/wp-json\/wp\/v2\/posts\/455569","targetHints":{"allow":["GET"]}}],"collection":[{"href":"https:\/\/www.eldigitaldeasturias.com\/noticias\/wp-json\/wp\/v2\/posts"}],"about":[{"href":"https:\/\/www.eldigitaldeasturias.com\/noticias\/wp-json\/wp\/v2\/types\/post"}],"author":[{"embeddable":true,"href":"https:\/\/www.eldigitaldeasturias.com\/noticias\/wp-json\/wp\/v2\/users\/1"}],"replies":[{"embeddable":true,"href":"https:\/\/www.eldigitaldeasturias.com\/noticias\/wp-json\/wp\/v2\/comments?post=455569"}],"version-history":[{"count":0,"href":"https:\/\/www.eldigitaldeasturias.com\/noticias\/wp-json\/wp\/v2\/posts\/455569\/revisions"}],"wp:attachment":[{"href":"https:\/\/www.eldigitaldeasturias.com\/noticias\/wp-json\/wp\/v2\/media?parent=455569"}],"wp:term":[{"taxonomy":"category","embeddable":true,"href":"https:\/\/www.eldigitaldeasturias.com\/noticias\/wp-json\/wp\/v2\/categories?post=455569"},{"taxonomy":"post_tag","embeddable":true,"href":"https:\/\/www.eldigitaldeasturias.com\/noticias\/wp-json\/wp\/v2\/tags?post=455569"}],"curies":[{"name":"wp","href":"https:\/\/api.w.org\/{rel}","templated":true}]}}