{"id":455553,"date":"2013-11-28T22:06:44","date_gmt":"2013-11-28T23:06:44","guid":{"rendered":"http:\/\/www.eldigitaldeasturias.com\/noticias\/?p=455553"},"modified":"2013-11-28T22:06:44","modified_gmt":"2013-11-28T23:06:44","slug":"el-pp-y-foro-avisan-en-la-junta-de-que-no-aceptaran-subidas-de-impuestos-en-2014","status":"publish","type":"post","link":"https:\/\/www.eldigitaldeasturias.com\/noticias\/el-pp-y-foro-avisan-en-la-junta-de-que-no-aceptaran-subidas-de-impuestos-en-2014\/","title":{"rendered":"El PP y Foro avisan en la Junta de que no aceptar\u00e1n subidas de impuestos en 2014"},"content":{"rendered":"<p><img loading=\"lazy\" decoding=\"async\" class=\"alignleft size-medium wp-image-681\" alt=\"palamento_20130913133437_8001\" src=\"https:\/\/www.eldigitaldeasturias.com\/noticias\/wp-content\/uploads\/2013\/09\/palamento_20130913133437_8001-360x240.jpg\" width=\"360\" height=\"240\" \/>Oviedo, 28 nov (EFE).- Los grupos parlamentarios de Foro y del PP en la Junta General del Principado han descartado hoy la posibilidad de apoyar cualquier subida impositiva en 2014, tal y como hab\u00eda planteado IU al Gobierno regional en la negociaci\u00f3n que hasta ayer manten\u00eda para buscar un acuerdo sobre el presupuesto auton\u00f3mico.<\/p>\n<p>Este debate, en el que la coalici\u00f3n ha reiterado su defensa de la subida impositiva que ha propuesto en la negociaci\u00f3n presupuestaria y el PSOE ha descartado un rebaja fiscal, se ha producido durante la discusi\u00f3n de una interpelaci\u00f3n de Foro en la que UPyD ha optado por no fijar posici\u00f3n a la espera de la moci\u00f3n subsiguiente.<\/p>\n<p>\u00abBajar los impuestos no es una decisi\u00f3n pol\u00edtica responsable y su su propuesta fiscal es leg\u00edtima, pero es rechazable e irresponsable plantear esa bajada cuando hay menos recursos y m\u00e1s necesidades\u00bb, ha se\u00f1alado la consejera de Hacienda, Dolores Carcedo, en su respuesta a la parlamentaria de Foro, Teresa Alonso.<\/p>\n<p>La diputada forista ha incidido en que en todos los tributos cedidos el Principado se sit\u00faa en todos los casos entre los m\u00e1s altos de Espa\u00f1a pese a que, ha subrayado, \u00abm\u00e1s presi\u00f3n fiscal ni lleva al crecimiento econ\u00f3mico ni implica recaudar m\u00e1s\u00bb.<\/p>\n<p>Seg\u00fan Alonso, en la actual coyuntura bajar los impuestos \u00abes una necesidad\u00bb para frenar la tendencia a la deslocalizaci\u00f3n que ya provoca, sin necesidad de nuevas subidas tributarias, la \u00abfracasada\u00bb estructura fiscal del Principado a la que se suma, ha a\u00f1adido, las subidas aplicadas por el Gobierno central.<\/p>\n<p>Por el contrario, para la consejera, la estructura fiscal dise\u00f1ada por el Gobierno \u00abdesde la prudencia, el an\u00e1lisis y el rigor\u00bb ha permitido mantener servicios p\u00fablicos de calidad y una situaci\u00f3n financiera m\u00e1s saneada que otras comunidades.<\/p>\n<p>Adem\u00e1s, ha incidido en que Asturias cuenta con una presi\u00f3n fiscal \u00absimilar o parecida\u00bb al resto de comunidades y que el margen auton\u00f3mico en este \u00e1mbito \u00abes muy estrecho\u00bb dado que la mayor parte de los impuestos que inciden directamente en la actividad econ\u00f3mica dependen exclusivamente del Estado.<\/p>\n<p>Carcedo ha recordado a Foro que el proyecto presupuestario que present\u00f3 el Gobierno de Francisco \u00c1lvarez-Cascos no modificaba ni el tramo auton\u00f3mico del IRPF ni el de sucesiones ni el de patrimonio y que ahora reclaman m\u00e1s dinero para educaci\u00f3n o para sanidad.<\/p>\n<p>\u00abSi eso no lo puede hacer el Gobierno de Asturias que est\u00e1 subiendo los impuestos, \u00bfc\u00f3mo lo van a hacer ustedes si ahora piden bajarlos?\u00bb, ha advertido la titular de Hacienda.<\/p>\n<p>Para la diputada del PP Emma Ramos, si Asturias sigue por el actual camino en materia fiscal se convertir\u00e1 en \u00abuna isla des\u00e9rtica\u00bb y ha incidido en que los ciudadanos del Principado no se merecen que se les apliquen las mayores cargas impositivos del pa\u00eds.<\/p>\n<p>En tono ir\u00f3nico, Ramos se ha mostrado satisfecha adem\u00e1s de que el Gobierno regional, al advertir de las posibles deslocalizaciones que podr\u00eda generar la aplicaci\u00f3n de la subida fiscal que pide IU para 2014, parezca empezar a hablar \u00abel mismo idioma\u00bb que el PP.<\/p>\n<p>El portavoz de IU, \u00c1ngel Gonz\u00e1lez, ha se\u00f1alado que su grupo no necesitaba esperar a la moci\u00f3n subsiguiente para fijar posici\u00f3n, como hab\u00eda hecho UPyD, y mostrar su oposici\u00f3n a los planteamientos de Foro y PP a los que ha emplazado a definir si est\u00e1n en contra de que \u00abquienes m\u00e1s tienen, m\u00e1s paguen\u00bb y les ha recordado que, de ser as\u00ed, estar\u00edan oponi\u00e9ndose a los previsto en la Constituci\u00f3n.<\/p>\n<p>\u00abLa derecha nunca trae aqu\u00ed propuestas para decidir qu\u00e9 hacer con los que se llevan el dinero a para\u00edsos fiscales\u00bb, ha se\u00f1alado Gonz\u00e1lez tras defender la subida impositiva que pide su grupo para 2014 y que no supondr\u00eda m\u00e1s que situar el pago de tributos en los niveles en que estaba en las etapas de Zapatero, Aznar o Felipe Gonz\u00e1lez al frente del Gobierno central.<\/p>\n","protected":false},"excerpt":{"rendered":"<p>Oviedo, 28 nov (EFE).- Los grupos parlamentarios de Foro y del PP en la Junta General del Principado han descartado hoy la posibilidad de apoyar cualquier subida impositiva en 2014, tal y como hab\u00eda planteado IU al Gobierno regional en la negociaci\u00f3n que hasta ayer manten\u00eda para buscar un acuerdo sobre el presupuesto auton\u00f3mico. Este [&hellip;]<\/p>\n","protected":false},"author":1,"featured_media":1132184,"comment_status":"closed","ping_status":"open","sticky":false,"template":"","format":"standard","meta":{"footnotes":""},"categories":[12],"tags":[],"class_list":["post-455553","post","type-post","status-publish","format-standard","has-post-thumbnail","hentry","category-actualidad-asturias"],"aioseo_notices":[],"aioseo_head":"\n\t\t<!-- All in One SEO Pro 5.0.1 - aioseo.com -->\n\t<meta name=\"description\" content=\"Oviedo, 28 nov (EFE).- Los grupos parlamentarios de Foro y del PP en la Junta General del Principado han descartado hoy la posibilidad de apoyar cualquier subida impositiva en 2014, tal y como hab\u00eda planteado IU al Gobierno regional en la negociaci\u00f3n que hasta ayer manten\u00eda para buscar un acuerdo sobre el presupuesto auton\u00f3mico. Este\" \/>\n\t<meta name=\"robots\" content=\"max-image-preview:large\" \/>\n\t<meta name=\"author\" content=\"El Digital de Asturias\"\/>\n\t<meta name=\"google-site-verification\" content=\"UA-38556648-1\" \/>\n\t<meta name=\"msvalidate.01\" content=\"7dfe9f3f1b24437ab69f4f2559babe99\" \/>\n\t<meta name=\"keywords\" content=\"actualidad asturias\" \/>\n\t<link rel=\"canonical\" href=\"https:\/\/www.eldigitaldeasturias.com\/noticias\/el-pp-y-foro-avisan-en-la-junta-de-que-no-aceptaran-subidas-de-impuestos-en-2014\/\" \/>\n\t<meta name=\"generator\" content=\"All in One SEO Pro (AIOSEO) 5.0.1\" \/>\n\t\t<meta property=\"og:locale\" content=\"es_ES\" \/>\n\t\t<meta property=\"og:site_name\" content=\"El Digital de Asturias\" \/>\n\t\t<meta property=\"og:type\" content=\"article\" \/>\n\t\t<meta property=\"og:title\" content=\"El PP y Foro avisan en la Junta de que no aceptar\u00e1n subidas de impuestos en 2014 - El Digital de Asturias\" \/>\n\t\t<meta property=\"og:description\" content=\"Oviedo, 28 nov (EFE).- Los grupos parlamentarios de Foro y del PP en la Junta General del Principado han descartado hoy la posibilidad de apoyar cualquier subida impositiva en 2014, tal y como hab\u00eda planteado IU al Gobierno regional en la negociaci\u00f3n que hasta ayer manten\u00eda para buscar un acuerdo sobre el presupuesto auton\u00f3mico. Este\" \/>\n\t\t<meta property=\"og:url\" content=\"https:\/\/www.eldigitaldeasturias.com\/noticias\/el-pp-y-foro-avisan-en-la-junta-de-que-no-aceptaran-subidas-de-impuestos-en-2014\/\" \/>\n\t\t<meta property=\"og:image\" content=\"https:\/\/www.eldigitaldeasturias.com\/noticias\/wp-content\/uploads\/2026\/06\/Contenidos.jpg\" \/>\n\t\t<meta property=\"og:image:secure_url\" content=\"https:\/\/www.eldigitaldeasturias.com\/noticias\/wp-content\/uploads\/2026\/06\/Contenidos.jpg\" \/>\n\t\t<meta property=\"og:image:width\" content=\"1265\" \/>\n\t\t<meta property=\"og:image:height\" content=\"697\" \/>\n\t\t<meta property=\"article:tag\" content=\"actualidad asturias\" \/>\n\t\t<meta property=\"article:published_time\" content=\"2013-11-28T23:06:44+00:00\" \/>\n\t\t<meta property=\"article:modified_time\" content=\"2013-11-28T23:06:44+00:00\" \/>\n\t\t<meta property=\"article:publisher\" content=\"https:\/\/facebook.com\/eldigitaldeasturias\" \/>\n\t\t<meta name=\"twitter:card\" content=\"summary_large_image\" \/>\n\t\t<meta name=\"twitter:title\" content=\"El PP y Foro avisan en la Junta de que no aceptar\u00e1n subidas de impuestos en 2014 - El Digital de Asturias\" \/>\n\t\t<meta name=\"twitter:description\" content=\"Oviedo, 28 nov (EFE).- Los grupos parlamentarios de Foro y del PP en la Junta General del Principado han descartado hoy la posibilidad de apoyar cualquier subida impositiva en 2014, tal y como hab\u00eda planteado IU al Gobierno regional en la negociaci\u00f3n que hasta ayer manten\u00eda para buscar un acuerdo sobre el presupuesto auton\u00f3mico. Este\" \/>\n\t\t<meta name=\"twitter:image\" content=\"https:\/\/www.eldigitaldeasturias.com\/noticias\/wp-content\/uploads\/2026\/06\/Contenidos.jpg\" \/>\n\t\t<meta name=\"twitter:label1\" content=\"Escrito por\" \/>\n\t\t<meta name=\"twitter:data1\" content=\"El Digital de Asturias\" \/>\n\t\t<meta name=\"twitter:label2\" content=\"Tiempo de lectura estimado\" \/>\n\t\t<meta name=\"twitter:data2\" content=\"3 minutos\" \/>\n\t\t<script type=\"application\/ld+json\" class=\"aioseo-schema\">\n\t\t\t{\"@context\":\"https:\\\/\\\/schema.org\",\"@graph\":[{\"@type\":\"BlogPosting\",\"@id\":\"https:\\\/\\\/www.eldigitaldeasturias.com\\\/noticias\\\/el-pp-y-foro-avisan-en-la-junta-de-que-no-aceptaran-subidas-de-impuestos-en-2014\\\/#blogposting\",\"name\":\"El PP y Foro avisan en la Junta de que no aceptar\\u00e1n subidas de impuestos en 2014 - El Digital de Asturias\",\"headline\":\"El PP y Foro avisan en la Junta de que no aceptar\\u00e1n subidas de impuestos en 2014\",\"author\":{\"@id\":\"https:\\\/\\\/www.eldigitaldeasturias.com\\\/noticias\\\/author\\\/admin\\\/#author\"},\"publisher\":{\"@id\":\"https:\\\/\\\/www.eldigitaldeasturias.com\\\/noticias\\\/#organization\"},\"image\":{\"@type\":\"ImageObject\",\"url\":\"https:\\\/\\\/www.eldigitaldeasturias.com\\\/noticias\\\/wp-content\\\/uploads\\\/2026\\\/06\\\/Contenidos.jpg\",\"width\":1265,\"height\":697,\"caption\":\"Contenidos\"},\"datePublished\":\"2013-11-28T22:06:44+01:00\",\"dateModified\":\"2013-11-28T22:06:44+01:00\",\"inLanguage\":\"es-ES\",\"mainEntityOfPage\":{\"@id\":\"https:\\\/\\\/www.eldigitaldeasturias.com\\\/noticias\\\/el-pp-y-foro-avisan-en-la-junta-de-que-no-aceptaran-subidas-de-impuestos-en-2014\\\/#webpage\"},\"isPartOf\":{\"@id\":\"https:\\\/\\\/www.eldigitaldeasturias.com\\\/noticias\\\/el-pp-y-foro-avisan-en-la-junta-de-que-no-aceptaran-subidas-de-impuestos-en-2014\\\/#webpage\"},\"articleSection\":\"Actualidad Asturias\"},{\"@type\":\"BreadcrumbList\",\"@id\":\"https:\\\/\\\/www.eldigitaldeasturias.com\\\/noticias\\\/el-pp-y-foro-avisan-en-la-junta-de-que-no-aceptaran-subidas-de-impuestos-en-2014\\\/#breadcrumblist\",\"itemListElement\":[{\"@type\":\"ListItem\",\"@id\":\"https:\\\/\\\/www.eldigitaldeasturias.com\\\/noticias#listItem\",\"position\":1,\"name\":\"Home\",\"item\":\"https:\\\/\\\/www.eldigitaldeasturias.com\\\/noticias\",\"nextItem\":{\"@type\":\"ListItem\",\"@id\":\"https:\\\/\\\/www.eldigitaldeasturias.com\\\/noticias\\\/category\\\/actualidad-asturias\\\/#listItem\",\"name\":\"Actualidad Asturias\"}},{\"@type\":\"ListItem\",\"@id\":\"https:\\\/\\\/www.eldigitaldeasturias.com\\\/noticias\\\/category\\\/actualidad-asturias\\\/#listItem\",\"position\":2,\"name\":\"Actualidad Asturias\",\"item\":\"https:\\\/\\\/www.eldigitaldeasturias.com\\\/noticias\\\/category\\\/actualidad-asturias\\\/\",\"nextItem\":{\"@type\":\"ListItem\",\"@id\":\"https:\\\/\\\/www.eldigitaldeasturias.com\\\/noticias\\\/el-pp-y-foro-avisan-en-la-junta-de-que-no-aceptaran-subidas-de-impuestos-en-2014\\\/#listItem\",\"name\":\"El PP y Foro avisan en la Junta de que no aceptar\\u00e1n subidas de impuestos en 2014\"},\"previousItem\":{\"@type\":\"ListItem\",\"@id\":\"https:\\\/\\\/www.eldigitaldeasturias.com\\\/noticias#listItem\",\"name\":\"Home\"}},{\"@type\":\"ListItem\",\"@id\":\"https:\\\/\\\/www.eldigitaldeasturias.com\\\/noticias\\\/el-pp-y-foro-avisan-en-la-junta-de-que-no-aceptaran-subidas-de-impuestos-en-2014\\\/#listItem\",\"position\":3,\"name\":\"El PP y Foro avisan en la Junta de que no aceptar\\u00e1n subidas de impuestos en 2014\",\"previousItem\":{\"@type\":\"ListItem\",\"@id\":\"https:\\\/\\\/www.eldigitaldeasturias.com\\\/noticias\\\/category\\\/actualidad-asturias\\\/#listItem\",\"name\":\"Actualidad Asturias\"}}]},{\"@type\":\"Organization\",\"@id\":\"https:\\\/\\\/www.eldigitaldeasturias.com\\\/noticias\\\/#organization\",\"name\":\"El Digital de Asturias\",\"description\":\"Hemeroteca\",\"url\":\"https:\\\/\\\/www.eldigitaldeasturias.com\\\/noticias\\\/\",\"email\":\"info@eldigitaldeasturias.com\",\"telephone\":\"+34652131393\",\"logo\":{\"@type\":\"ImageObject\",\"url\":\"https:\\\/\\\/www.eldigitaldeasturias.com\\\/noticias\\\/wp-content\\\/uploads\\\/2020\\\/12\\\/EDA.jpg\",\"@id\":\"https:\\\/\\\/www.eldigitaldeasturias.com\\\/noticias\\\/el-pp-y-foro-avisan-en-la-junta-de-que-no-aceptaran-subidas-de-impuestos-en-2014\\\/#organizationLogo\"},\"image\":{\"@id\":\"https:\\\/\\\/www.eldigitaldeasturias.com\\\/noticias\\\/el-pp-y-foro-avisan-en-la-junta-de-que-no-aceptaran-subidas-de-impuestos-en-2014\\\/#organizationLogo\"},\"sameAs\":[\"https:\\\/\\\/facebook.com\\\/eldigitaldeasturias\",\"https:\\\/\\\/www.youtube.com\\\/channel\\\/UCZP-2wLEB9Rv6erhFmqVnvg\"],\"address\":{\"@id\":\"https:\\\/\\\/www.eldigitaldeasturias.com\\\/noticias\\\/#postaladdress\",\"@type\":\"PostalAddress\",\"streetAddress\":\"san antonio 4\",\"postalCode\":\"33430\",\"addressLocality\":\"Cand\\u00e1s\",\"addressRegion\":\"Asturias\",\"addressCountry\":\"ES\"}},{\"@type\":\"Person\",\"@id\":\"https:\\\/\\\/www.eldigitaldeasturias.com\\\/noticias\\\/author\\\/admin\\\/#author\",\"url\":\"https:\\\/\\\/www.eldigitaldeasturias.com\\\/noticias\\\/author\\\/admin\\\/\",\"name\":\"El Digital de Asturias\",\"image\":{\"@type\":\"ImageObject\",\"@id\":\"https:\\\/\\\/www.eldigitaldeasturias.com\\\/noticias\\\/el-pp-y-foro-avisan-en-la-junta-de-que-no-aceptaran-subidas-de-impuestos-en-2014\\\/#authorImage\",\"url\":\"https:\\\/\\\/secure.gravatar.com\\\/avatar\\\/df2aeffc32bcd13f8d26072ef8a91b623d677766deac7f97ca815868cd41bf5e?s=96&d=mm&r=g\",\"width\":96,\"height\":96,\"caption\":\"El Digital de Asturias\"}},{\"@type\":\"WebPage\",\"@id\":\"https:\\\/\\\/www.eldigitaldeasturias.com\\\/noticias\\\/el-pp-y-foro-avisan-en-la-junta-de-que-no-aceptaran-subidas-de-impuestos-en-2014\\\/#webpage\",\"url\":\"https:\\\/\\\/www.eldigitaldeasturias.com\\\/noticias\\\/el-pp-y-foro-avisan-en-la-junta-de-que-no-aceptaran-subidas-de-impuestos-en-2014\\\/\",\"name\":\"El PP y Foro avisan en la Junta de que no aceptar\\u00e1n subidas de impuestos en 2014 - El Digital de Asturias\",\"description\":\"Oviedo, 28 nov (EFE).- Los grupos parlamentarios de Foro y del PP en la Junta General del Principado han descartado hoy la posibilidad de apoyar cualquier subida impositiva en 2014, tal y como hab\\u00eda planteado IU al Gobierno regional en la negociaci\\u00f3n que hasta ayer manten\\u00eda para buscar un acuerdo sobre el presupuesto auton\\u00f3mico. Este\",\"inLanguage\":\"es-ES\",\"isPartOf\":{\"@id\":\"https:\\\/\\\/www.eldigitaldeasturias.com\\\/noticias\\\/#website\"},\"breadcrumb\":{\"@id\":\"https:\\\/\\\/www.eldigitaldeasturias.com\\\/noticias\\\/el-pp-y-foro-avisan-en-la-junta-de-que-no-aceptaran-subidas-de-impuestos-en-2014\\\/#breadcrumblist\"},\"author\":{\"@id\":\"https:\\\/\\\/www.eldigitaldeasturias.com\\\/noticias\\\/author\\\/admin\\\/#author\"},\"creator\":{\"@id\":\"https:\\\/\\\/www.eldigitaldeasturias.com\\\/noticias\\\/author\\\/admin\\\/#author\"},\"image\":{\"@type\":\"ImageObject\",\"url\":\"https:\\\/\\\/www.eldigitaldeasturias.com\\\/noticias\\\/wp-content\\\/uploads\\\/2026\\\/06\\\/Contenidos.jpg\",\"@id\":\"https:\\\/\\\/www.eldigitaldeasturias.com\\\/noticias\\\/el-pp-y-foro-avisan-en-la-junta-de-que-no-aceptaran-subidas-de-impuestos-en-2014\\\/#mainImage\",\"width\":1265,\"height\":697,\"caption\":\"Contenidos\"},\"primaryImageOfPage\":{\"@id\":\"https:\\\/\\\/www.eldigitaldeasturias.com\\\/noticias\\\/el-pp-y-foro-avisan-en-la-junta-de-que-no-aceptaran-subidas-de-impuestos-en-2014\\\/#mainImage\"},\"datePublished\":\"2013-11-28T22:06:44+01:00\",\"dateModified\":\"2013-11-28T22:06:44+01:00\"},{\"@type\":\"WebSite\",\"@id\":\"https:\\\/\\\/www.eldigitaldeasturias.com\\\/noticias\\\/#website\",\"url\":\"https:\\\/\\\/www.eldigitaldeasturias.com\\\/noticias\\\/\",\"name\":\"El Digital de Asturias - Diario de actualidad y noticias\",\"alternateName\":\"El Digital de Asturias - Diario de actualidad y noticias\",\"description\":\"Hemeroteca\",\"inLanguage\":\"es-ES\",\"publisher\":{\"@id\":\"https:\\\/\\\/www.eldigitaldeasturias.com\\\/noticias\\\/#organization\"}}]}\n\t\t<\/script>\n\t\t<!-- All in One SEO Pro -->\r\n\t\t<title>El PP y Foro avisan en la Junta de que no aceptar\u00e1n subidas de impuestos en 2014 - El Digital de Asturias<\/title>\n\n","aioseo_head_json":{"title":"El PP y Foro avisan en la Junta de que no aceptar\u00e1n subidas de impuestos en 2014 - El Digital de Asturias","description":"Oviedo, 28 nov (EFE).- Los grupos parlamentarios de Foro y del PP en la Junta General del Principado han descartado hoy la posibilidad de apoyar cualquier subida impositiva en 2014, tal y como hab\u00eda planteado IU al Gobierno regional en la negociaci\u00f3n que hasta ayer manten\u00eda para buscar un acuerdo sobre el presupuesto auton\u00f3mico. Este","canonical_url":"https:\/\/www.eldigitaldeasturias.com\/noticias\/el-pp-y-foro-avisan-en-la-junta-de-que-no-aceptaran-subidas-de-impuestos-en-2014\/","robots":"max-image-preview:large","keywords":"actualidad asturias","webmasterTools":{"google-site-verification":"UA-38556648-1","msvalidate.01":"7dfe9f3f1b24437ab69f4f2559babe99","miscellaneous":""},"schema":{"@context":"https:\/\/schema.org","@graph":[{"@type":"BlogPosting","@id":"https:\/\/www.eldigitaldeasturias.com\/noticias\/el-pp-y-foro-avisan-en-la-junta-de-que-no-aceptaran-subidas-de-impuestos-en-2014\/#blogposting","name":"El PP y Foro avisan en la Junta de que no aceptar\u00e1n subidas de impuestos en 2014 - El Digital de Asturias","headline":"El PP y Foro avisan en la Junta de que no aceptar\u00e1n subidas de impuestos en 2014","author":{"@id":"https:\/\/www.eldigitaldeasturias.com\/noticias\/author\/admin\/#author"},"publisher":{"@id":"https:\/\/www.eldigitaldeasturias.com\/noticias\/#organization"},"image":{"@type":"ImageObject","url":"https:\/\/www.eldigitaldeasturias.com\/noticias\/wp-content\/uploads\/2026\/06\/Contenidos.jpg","width":1265,"height":697,"caption":"Contenidos"},"datePublished":"2013-11-28T22:06:44+01:00","dateModified":"2013-11-28T22:06:44+01:00","inLanguage":"es-ES","mainEntityOfPage":{"@id":"https:\/\/www.eldigitaldeasturias.com\/noticias\/el-pp-y-foro-avisan-en-la-junta-de-que-no-aceptaran-subidas-de-impuestos-en-2014\/#webpage"},"isPartOf":{"@id":"https:\/\/www.eldigitaldeasturias.com\/noticias\/el-pp-y-foro-avisan-en-la-junta-de-que-no-aceptaran-subidas-de-impuestos-en-2014\/#webpage"},"articleSection":"Actualidad Asturias"},{"@type":"BreadcrumbList","@id":"https:\/\/www.eldigitaldeasturias.com\/noticias\/el-pp-y-foro-avisan-en-la-junta-de-que-no-aceptaran-subidas-de-impuestos-en-2014\/#breadcrumblist","itemListElement":[{"@type":"ListItem","@id":"https:\/\/www.eldigitaldeasturias.com\/noticias#listItem","position":1,"name":"Home","item":"https:\/\/www.eldigitaldeasturias.com\/noticias","nextItem":{"@type":"ListItem","@id":"https:\/\/www.eldigitaldeasturias.com\/noticias\/category\/actualidad-asturias\/#listItem","name":"Actualidad Asturias"}},{"@type":"ListItem","@id":"https:\/\/www.eldigitaldeasturias.com\/noticias\/category\/actualidad-asturias\/#listItem","position":2,"name":"Actualidad Asturias","item":"https:\/\/www.eldigitaldeasturias.com\/noticias\/category\/actualidad-asturias\/","nextItem":{"@type":"ListItem","@id":"https:\/\/www.eldigitaldeasturias.com\/noticias\/el-pp-y-foro-avisan-en-la-junta-de-que-no-aceptaran-subidas-de-impuestos-en-2014\/#listItem","name":"El PP y Foro avisan en la Junta de que no aceptar\u00e1n subidas de impuestos en 2014"},"previousItem":{"@type":"ListItem","@id":"https:\/\/www.eldigitaldeasturias.com\/noticias#listItem","name":"Home"}},{"@type":"ListItem","@id":"https:\/\/www.eldigitaldeasturias.com\/noticias\/el-pp-y-foro-avisan-en-la-junta-de-que-no-aceptaran-subidas-de-impuestos-en-2014\/#listItem","position":3,"name":"El PP y Foro avisan en la Junta de que no aceptar\u00e1n subidas de impuestos en 2014","previousItem":{"@type":"ListItem","@id":"https:\/\/www.eldigitaldeasturias.com\/noticias\/category\/actualidad-asturias\/#listItem","name":"Actualidad Asturias"}}]},{"@type":"Organization","@id":"https:\/\/www.eldigitaldeasturias.com\/noticias\/#organization","name":"El Digital de Asturias","description":"Hemeroteca","url":"https:\/\/www.eldigitaldeasturias.com\/noticias\/","email":"info@eldigitaldeasturias.com","telephone":"+34652131393","logo":{"@type":"ImageObject","url":"https:\/\/www.eldigitaldeasturias.com\/noticias\/wp-content\/uploads\/2020\/12\/EDA.jpg","@id":"https:\/\/www.eldigitaldeasturias.com\/noticias\/el-pp-y-foro-avisan-en-la-junta-de-que-no-aceptaran-subidas-de-impuestos-en-2014\/#organizationLogo"},"image":{"@id":"https:\/\/www.eldigitaldeasturias.com\/noticias\/el-pp-y-foro-avisan-en-la-junta-de-que-no-aceptaran-subidas-de-impuestos-en-2014\/#organizationLogo"},"sameAs":["https:\/\/facebook.com\/eldigitaldeasturias","https:\/\/www.youtube.com\/channel\/UCZP-2wLEB9Rv6erhFmqVnvg"],"address":{"@id":"https:\/\/www.eldigitaldeasturias.com\/noticias\/#postaladdress","@type":"PostalAddress","streetAddress":"san antonio 4","postalCode":"33430","addressLocality":"Cand\u00e1s","addressRegion":"Asturias","addressCountry":"ES"}},{"@type":"Person","@id":"https:\/\/www.eldigitaldeasturias.com\/noticias\/author\/admin\/#author","url":"https:\/\/www.eldigitaldeasturias.com\/noticias\/author\/admin\/","name":"El Digital de Asturias","image":{"@type":"ImageObject","@id":"https:\/\/www.eldigitaldeasturias.com\/noticias\/el-pp-y-foro-avisan-en-la-junta-de-que-no-aceptaran-subidas-de-impuestos-en-2014\/#authorImage","url":"https:\/\/secure.gravatar.com\/avatar\/df2aeffc32bcd13f8d26072ef8a91b623d677766deac7f97ca815868cd41bf5e?s=96&d=mm&r=g","width":96,"height":96,"caption":"El Digital de Asturias"}},{"@type":"WebPage","@id":"https:\/\/www.eldigitaldeasturias.com\/noticias\/el-pp-y-foro-avisan-en-la-junta-de-que-no-aceptaran-subidas-de-impuestos-en-2014\/#webpage","url":"https:\/\/www.eldigitaldeasturias.com\/noticias\/el-pp-y-foro-avisan-en-la-junta-de-que-no-aceptaran-subidas-de-impuestos-en-2014\/","name":"El PP y Foro avisan en la Junta de que no aceptar\u00e1n subidas de impuestos en 2014 - El Digital de Asturias","description":"Oviedo, 28 nov (EFE).- Los grupos parlamentarios de Foro y del PP en la Junta General del Principado han descartado hoy la posibilidad de apoyar cualquier subida impositiva en 2014, tal y como hab\u00eda planteado IU al Gobierno regional en la negociaci\u00f3n que hasta ayer manten\u00eda para buscar un acuerdo sobre el presupuesto auton\u00f3mico. Este","inLanguage":"es-ES","isPartOf":{"@id":"https:\/\/www.eldigitaldeasturias.com\/noticias\/#website"},"breadcrumb":{"@id":"https:\/\/www.eldigitaldeasturias.com\/noticias\/el-pp-y-foro-avisan-en-la-junta-de-que-no-aceptaran-subidas-de-impuestos-en-2014\/#breadcrumblist"},"author":{"@id":"https:\/\/www.eldigitaldeasturias.com\/noticias\/author\/admin\/#author"},"creator":{"@id":"https:\/\/www.eldigitaldeasturias.com\/noticias\/author\/admin\/#author"},"image":{"@type":"ImageObject","url":"https:\/\/www.eldigitaldeasturias.com\/noticias\/wp-content\/uploads\/2026\/06\/Contenidos.jpg","@id":"https:\/\/www.eldigitaldeasturias.com\/noticias\/el-pp-y-foro-avisan-en-la-junta-de-que-no-aceptaran-subidas-de-impuestos-en-2014\/#mainImage","width":1265,"height":697,"caption":"Contenidos"},"primaryImageOfPage":{"@id":"https:\/\/www.eldigitaldeasturias.com\/noticias\/el-pp-y-foro-avisan-en-la-junta-de-que-no-aceptaran-subidas-de-impuestos-en-2014\/#mainImage"},"datePublished":"2013-11-28T22:06:44+01:00","dateModified":"2013-11-28T22:06:44+01:00"},{"@type":"WebSite","@id":"https:\/\/www.eldigitaldeasturias.com\/noticias\/#website","url":"https:\/\/www.eldigitaldeasturias.com\/noticias\/","name":"El Digital de Asturias - Diario de actualidad y noticias","alternateName":"El Digital de Asturias - Diario de actualidad y noticias","description":"Hemeroteca","inLanguage":"es-ES","publisher":{"@id":"https:\/\/www.eldigitaldeasturias.com\/noticias\/#organization"}}]},"og:locale":"es_ES","og:site_name":"El Digital de Asturias","og:type":"article","og:title":"El PP y Foro avisan en la Junta de que no aceptar\u00e1n subidas de impuestos en 2014 - El Digital de Asturias","og:description":"Oviedo, 28 nov (EFE).- Los grupos parlamentarios de Foro y del PP en la Junta General del Principado han descartado hoy la posibilidad de apoyar cualquier subida impositiva en 2014, tal y como hab\u00eda planteado IU al Gobierno regional en la negociaci\u00f3n que hasta ayer manten\u00eda para buscar un acuerdo sobre el presupuesto auton\u00f3mico. Este","og:url":"https:\/\/www.eldigitaldeasturias.com\/noticias\/el-pp-y-foro-avisan-en-la-junta-de-que-no-aceptaran-subidas-de-impuestos-en-2014\/","og:image":"https:\/\/www.eldigitaldeasturias.com\/noticias\/wp-content\/uploads\/2026\/06\/Contenidos.jpg","og:image:secure_url":"https:\/\/www.eldigitaldeasturias.com\/noticias\/wp-content\/uploads\/2026\/06\/Contenidos.jpg","og:image:width":1265,"og:image:height":697,"article:tag":["actualidad asturias"],"article:published_time":"2013-11-28T23:06:44+00:00","article:modified_time":"2013-11-28T23:06:44+00:00","article:publisher":"https:\/\/facebook.com\/eldigitaldeasturias","twitter:card":"summary_large_image","twitter:title":"El PP y Foro avisan en la Junta de que no aceptar\u00e1n subidas de impuestos en 2014 - El Digital de Asturias","twitter:description":"Oviedo, 28 nov (EFE).- Los grupos parlamentarios de Foro y del PP en la Junta General del Principado han descartado hoy la posibilidad de apoyar cualquier subida impositiva en 2014, tal y como hab\u00eda planteado IU al Gobierno regional en la negociaci\u00f3n que hasta ayer manten\u00eda para buscar un acuerdo sobre el presupuesto auton\u00f3mico. Este","twitter:image":"https:\/\/www.eldigitaldeasturias.com\/noticias\/wp-content\/uploads\/2026\/06\/Contenidos.jpg","twitter:label1":"Escrito por","twitter:data1":"El Digital de Asturias","twitter:label2":"Tiempo de lectura estimado","twitter:data2":"3 minutos"},"aioseo_meta_data":{"post_id":"455553","title":null,"description":null,"keywords":null,"keyphrases":null,"primary_term":null,"canonical_url":null,"og_title":null,"og_description":null,"og_object_type":"default","og_image_type":"default","og_image_url":null,"og_image_width":null,"og_image_height":null,"og_image_custom_url":null,"og_image_custom_fields":null,"og_video":null,"og_custom_url":null,"og_article_section":null,"og_article_tags":null,"twitter_use_og":true,"twitter_card":"default","twitter_image_type":"default","twitter_image_url":null,"twitter_image_custom_url":null,"twitter_image_custom_fields":null,"twitter_title":null,"twitter_description":null,"schema":{"blockGraphs":[],"customGraphs":[],"default":{"data":{"Article":[],"Course":[],"Dataset":[],"FAQPage":[],"Movie":[],"Person":[],"Product":[],"ProductReview":[],"Car":[],"Recipe":[],"Service":[],"SoftwareApplication":[],"WebPage":[]},"graphName":"","isEnabled":true},"graphs":[],"defaultGraph":"","defaultPostTypeGraph":""},"schema_type":null,"schema_type_options":null,"pillar_content":false,"robots_default":true,"robots_noindex":false,"robots_noarchive":false,"robots_nosnippet":false,"robots_nofollow":false,"robots_noimageindex":false,"robots_noodp":false,"robots_notranslate":false,"robots_max_snippet":null,"robots_max_videopreview":null,"robots_max_imagepreview":"none","priority":null,"frequency":null,"local_seo":null,"seo_analyzer_scan_date":"2026-05-29 18:45:55","breadcrumb_settings":null,"limit_modified_date":false,"open_ai":null,"ai":null,"created":"2020-11-14 22:45:20","updated":"2026-05-29 18:45:55","focus_keyword":null,"additional_keywords":null,"truseo_locale":null},"aioseo_breadcrumb":"<div class=\"aioseo-breadcrumbs\"><span class=\"aioseo-breadcrumb\">\n\t<a href=\"https:\/\/www.eldigitaldeasturias.com\/noticias\" title=\"Home\">Home<\/a>\n<\/span><span class=\"aioseo-breadcrumb-separator\">\u2013<\/span><span class=\"aioseo-breadcrumb\">\n\t<a href=\"https:\/\/www.eldigitaldeasturias.com\/noticias\/category\/actualidad-asturias\/\" title=\"Actualidad Asturias\">Actualidad Asturias<\/a>\n<\/span><span class=\"aioseo-breadcrumb-separator\">\u2013<\/span><span class=\"aioseo-breadcrumb\">\n\t<a href=\"https:\/\/www.eldigitaldeasturias.com\/noticias\/el-pp-y-foro-avisan-en-la-junta-de-que-no-aceptaran-subidas-de-impuestos-en-2014\/\" title=\"El PP y Foro avisan en la Junta de que no aceptar\u00e1n subidas de impuestos en 2014\">El PP y Foro avisan en la Junta de que no aceptar\u00e1n subidas de impuestos en 2014<\/a>\n<\/span><\/div>","aioseo_breadcrumb_json":[{"label":"Home","link":"https:\/\/www.eldigitaldeasturias.com\/noticias"},{"label":"Actualidad Asturias","link":"https:\/\/www.eldigitaldeasturias.com\/noticias\/category\/actualidad-asturias\/"},{"label":"El PP y Foro avisan en la Junta de que no aceptar\u00e1n subidas de impuestos en 2014","link":"https:\/\/www.eldigitaldeasturias.com\/noticias\/el-pp-y-foro-avisan-en-la-junta-de-que-no-aceptaran-subidas-de-impuestos-en-2014\/"}],"_links":{"self":[{"href":"https:\/\/www.eldigitaldeasturias.com\/noticias\/wp-json\/wp\/v2\/posts\/455553","targetHints":{"allow":["GET"]}}],"collection":[{"href":"https:\/\/www.eldigitaldeasturias.com\/noticias\/wp-json\/wp\/v2\/posts"}],"about":[{"href":"https:\/\/www.eldigitaldeasturias.com\/noticias\/wp-json\/wp\/v2\/types\/post"}],"author":[{"embeddable":true,"href":"https:\/\/www.eldigitaldeasturias.com\/noticias\/wp-json\/wp\/v2\/users\/1"}],"replies":[{"embeddable":true,"href":"https:\/\/www.eldigitaldeasturias.com\/noticias\/wp-json\/wp\/v2\/comments?post=455553"}],"version-history":[{"count":0,"href":"https:\/\/www.eldigitaldeasturias.com\/noticias\/wp-json\/wp\/v2\/posts\/455553\/revisions"}],"wp:featuredmedia":[{"embeddable":true,"href":"https:\/\/www.eldigitaldeasturias.com\/noticias\/wp-json\/wp\/v2\/media\/1132184"}],"wp:attachment":[{"href":"https:\/\/www.eldigitaldeasturias.com\/noticias\/wp-json\/wp\/v2\/media?parent=455553"}],"wp:term":[{"taxonomy":"category","embeddable":true,"href":"https:\/\/www.eldigitaldeasturias.com\/noticias\/wp-json\/wp\/v2\/categories?post=455553"},{"taxonomy":"post_tag","embeddable":true,"href":"https:\/\/www.eldigitaldeasturias.com\/noticias\/wp-json\/wp\/v2\/tags?post=455553"}],"curies":[{"name":"wp","href":"https:\/\/api.w.org\/{rel}","templated":true}]}}