{"id":455548,"date":"2013-11-28T21:53:40","date_gmt":"2013-11-28T22:53:40","guid":{"rendered":"http:\/\/www.eldigitaldeasturias.com\/noticias\/?p=455548"},"modified":"2013-11-28T21:53:40","modified_gmt":"2013-11-28T22:53:40","slug":"la-subasta-del-ex-primer-ministro-frances-villepin-recauda-mas-de-lo-previsto","status":"publish","type":"post","link":"https:\/\/www.eldigitaldeasturias.com\/noticias\/la-subasta-del-ex-primer-ministro-frances-villepin-recauda-mas-de-lo-previsto\/","title":{"rendered":"La subasta del ex primer ministro franc\u00e9s Villepin recauda m\u00e1s de lo previsto"},"content":{"rendered":"<p><img loading=\"lazy\" decoding=\"async\" class=\"alignleft size-medium wp-image-455549\" alt=\"5760268w\" src=\"https:\/\/www.eldigitaldeasturias.com\/noticias\/wp-content\/uploads\/2013\/11\/5760268w-227x320.jpg\" width=\"227\" height=\"320\" \/>Par\u00eds, 28 nov (EFE).- La subasta de la primera parte de la colecci\u00f3n de libros y documentos pol\u00edticos del ex primer ministro franc\u00e9s Dominique de Villepin coloc\u00f3, hoy en Par\u00eds, la mayor\u00eda de los ejemplares a precios mayores de los de salida, inform\u00f3 la casa Drouot.<\/p>\n<p>El lote formado por el libro \u00abVoyage al Congo\u00bb, un diario de su estancia en ese pa\u00eds del escritor Andr\u00e9 Gide, y una colecci\u00f3n de fotograf\u00edas in\u00e9ditas del viaje tomadas por Marc Allegret fue lo m\u00e1s caro de la puja y se adjudic\u00f3 por 168.000 euros, cuando se preve\u00eda vender por entre 30.000 y 50.000 euros.<\/p>\n<p>Otros de los ejemplares m\u00e1s cotizados por los compradores fueron los poemas \u00abLeaves of Grass\u00bb de Whitman, adjudicados por 60.000 euros; la \u00abOda a Walt Whitman\u00bb de Garc\u00eda Lorca, por 51.000 euros, y un manuscrito del \u00abAppel aux Fran\u00e7ais\u00bb de Saint-Exup\u00e9ry, por 50.000 euros.<\/p>\n<p>Tambi\u00e9n acapararon el inter\u00e9s una edici\u00f3n original de \u00abLa condition humaine\u00bb de Malraux, vendido por 46.000 euros; las obras completas de Chateaubriand, por 44.000 euros; el c\u00f3mic del belga Herg\u00e9 \u00abTint\u00edn en el pa\u00eds de los Soviets, por 43.000 euros, y la tesis para obtener el doctorado en medicina del escritor C\u00e9line, por 42.000 euros.<\/p>\n<p>La subasta de hoy se dedic\u00f3 a manuscritos, libros, fotograf\u00edas y grabados relacionados con el compromiso pol\u00edtico, con obras originales de Voltaire o Rousseau y manuscritos de Flaubert, Zola, Verlaine, entre otras piezas.<\/p>\n<p>Ma\u00f1ana se subastar\u00e1n las obras consagradas a la historia de las ideas y los combates y que forman parte de la colecci\u00f3n de 450 ejemplares de los siglos XVI a XX subastados bajo el t\u00edtulo \u00abFeux et flammes\u00bb (\u00abFuegos y llamas\u00bb).<\/p>\n<p>Primer ministro del presidente Jacques Chirac entre 2002 y 2007, Villepin fue el tercer franc\u00e9s en ocupar este cargo sin pasar por las urnas, a causa de la dimisi\u00f3n de Jean-Pierre Raffarin.<\/p>\n<p>Villepin sigui\u00f3 su camino m\u00e1s tarde, tras un mandato de gran tensi\u00f3n social, al presentar su dimisi\u00f3n el d\u00eda anterior a la toma de posesi\u00f3n de Nicol\u00e1s Sarkozy como presidente.<\/p>\n<p>Imputado en un caso de corrupci\u00f3n en 2007, no volvi\u00f3 a primera plana de la pol\u00edtica hasta ser absuelto en 2010, cuando present\u00f3 una nueva formaci\u00f3n llamada \u00abRep\u00fablica Solidaria\u00bb y con la que no logr\u00f3 presentarse a las elecciones presidenciales de 2012 a falta de los avales necesarios.<\/p>\n<p>Poseedor de una gran cultura, Villepin es adem\u00e1s autor de numerosas publicaciones entre las que se encuentran el poemario \u00abPalabra de destierro\u00bb (1986) o el ensayo \u00abEl hombre europeo\u00bb (2005), cuya autor\u00eda comparte junto a Jorge Sempr\u00fan.<\/p>\n","protected":false},"excerpt":{"rendered":"<p>Par\u00eds, 28 nov (EFE).- La subasta de la primera parte de la colecci\u00f3n de libros y documentos pol\u00edticos del ex primer ministro franc\u00e9s Dominique de Villepin coloc\u00f3, hoy en Par\u00eds, la mayor\u00eda de los ejemplares a precios mayores de los de salida, inform\u00f3 la casa Drouot. El lote formado por el libro \u00abVoyage al Congo\u00bb, [&hellip;]<\/p>\n","protected":false},"author":1,"featured_media":455549,"comment_status":"closed","ping_status":"open","sticky":false,"template":"","format":"standard","meta":{"footnotes":""},"categories":[28],"tags":[],"class_list":["post-455548","post","type-post","status-publish","format-standard","has-post-thumbnail","hentry","category-sociedad"],"aioseo_notices":[],"aioseo_head":"\n\t\t<!-- All in One SEO Pro 5.0.1 - aioseo.com -->\n\t<meta name=\"description\" content=\"Par\u00eds, 28 nov (EFE).- La subasta de la primera parte de la colecci\u00f3n de libros y documentos pol\u00edticos del ex primer ministro franc\u00e9s Dominique de Villepin coloc\u00f3, hoy en Par\u00eds, la mayor\u00eda de los ejemplares a precios mayores de los de salida, inform\u00f3 la casa Drouot. El lote formado por el libro &quot;Voyage al Congo&quot;,\" \/>\n\t<meta name=\"robots\" content=\"max-image-preview:large\" \/>\n\t<meta name=\"author\" content=\"El Digital de Asturias\"\/>\n\t<meta name=\"google-site-verification\" content=\"UA-38556648-1\" \/>\n\t<meta name=\"msvalidate.01\" content=\"7dfe9f3f1b24437ab69f4f2559babe99\" \/>\n\t<meta name=\"keywords\" content=\"sociedad\" \/>\n\t<link rel=\"canonical\" href=\"https:\/\/www.eldigitaldeasturias.com\/noticias\/la-subasta-del-ex-primer-ministro-frances-villepin-recauda-mas-de-lo-previsto\/\" \/>\n\t<meta name=\"generator\" content=\"All in One SEO Pro (AIOSEO) 5.0.1\" \/>\n\t\t<meta property=\"og:locale\" content=\"es_ES\" \/>\n\t\t<meta property=\"og:site_name\" content=\"El Digital de Asturias\" \/>\n\t\t<meta property=\"og:type\" content=\"article\" \/>\n\t\t<meta property=\"og:title\" content=\"La subasta del ex primer ministro franc\u00e9s Villepin recauda m\u00e1s de lo previsto - El Digital de Asturias\" \/>\n\t\t<meta property=\"og:description\" content=\"Par\u00eds, 28 nov (EFE).- La subasta de la primera parte de la colecci\u00f3n de libros y documentos pol\u00edticos del ex primer ministro franc\u00e9s Dominique de Villepin coloc\u00f3, hoy en Par\u00eds, la mayor\u00eda de los ejemplares a precios mayores de los de salida, inform\u00f3 la casa Drouot. El lote formado por el libro &quot;Voyage al Congo&quot;,\" \/>\n\t\t<meta property=\"og:url\" content=\"https:\/\/www.eldigitaldeasturias.com\/noticias\/la-subasta-del-ex-primer-ministro-frances-villepin-recauda-mas-de-lo-previsto\/\" \/>\n\t\t<meta property=\"article:tag\" content=\"sociedad\" \/>\n\t\t<meta property=\"article:published_time\" content=\"2013-11-28T22:53:40+00:00\" \/>\n\t\t<meta property=\"article:modified_time\" content=\"2013-11-28T22:53:40+00:00\" \/>\n\t\t<meta property=\"article:publisher\" content=\"https:\/\/facebook.com\/eldigitaldeasturias\" \/>\n\t\t<meta name=\"twitter:card\" content=\"summary_large_image\" \/>\n\t\t<meta name=\"twitter:title\" content=\"La subasta del ex primer ministro franc\u00e9s Villepin recauda m\u00e1s de lo previsto - El Digital de Asturias\" \/>\n\t\t<meta name=\"twitter:description\" content=\"Par\u00eds, 28 nov (EFE).- La subasta de la primera parte de la colecci\u00f3n de libros y documentos pol\u00edticos del ex primer ministro franc\u00e9s Dominique de Villepin coloc\u00f3, hoy en Par\u00eds, la mayor\u00eda de los ejemplares a precios mayores de los de salida, inform\u00f3 la casa Drouot. El lote formado por el libro &quot;Voyage al Congo&quot;,\" \/>\n\t\t<meta name=\"twitter:label1\" content=\"Escrito por\" \/>\n\t\t<meta name=\"twitter:data1\" content=\"El Digital de Asturias\" \/>\n\t\t<meta name=\"twitter:label2\" content=\"Tiempo de lectura estimado\" \/>\n\t\t<meta name=\"twitter:data2\" content=\"2 minutos\" \/>\n\t\t<script type=\"application\/ld+json\" class=\"aioseo-schema\">\n\t\t\t{\"@context\":\"https:\\\/\\\/schema.org\",\"@graph\":[{\"@type\":\"BlogPosting\",\"@id\":\"https:\\\/\\\/www.eldigitaldeasturias.com\\\/noticias\\\/la-subasta-del-ex-primer-ministro-frances-villepin-recauda-mas-de-lo-previsto\\\/#blogposting\",\"name\":\"La subasta del ex primer ministro franc\\u00e9s Villepin recauda m\\u00e1s de lo previsto - El Digital de Asturias\",\"headline\":\"La subasta del ex primer ministro franc\\u00e9s Villepin recauda m\\u00e1s de lo previsto\",\"author\":{\"@id\":\"https:\\\/\\\/www.eldigitaldeasturias.com\\\/noticias\\\/author\\\/admin\\\/#author\"},\"publisher\":{\"@id\":\"https:\\\/\\\/www.eldigitaldeasturias.com\\\/noticias\\\/#organization\"},\"image\":{\"@type\":\"ImageObject\",\"url\":455549},\"datePublished\":\"2013-11-28T21:53:40+01:00\",\"dateModified\":\"2013-11-28T21:53:40+01:00\",\"inLanguage\":\"es-ES\",\"mainEntityOfPage\":{\"@id\":\"https:\\\/\\\/www.eldigitaldeasturias.com\\\/noticias\\\/la-subasta-del-ex-primer-ministro-frances-villepin-recauda-mas-de-lo-previsto\\\/#webpage\"},\"isPartOf\":{\"@id\":\"https:\\\/\\\/www.eldigitaldeasturias.com\\\/noticias\\\/la-subasta-del-ex-primer-ministro-frances-villepin-recauda-mas-de-lo-previsto\\\/#webpage\"},\"articleSection\":\"Sociedad\"},{\"@type\":\"BreadcrumbList\",\"@id\":\"https:\\\/\\\/www.eldigitaldeasturias.com\\\/noticias\\\/la-subasta-del-ex-primer-ministro-frances-villepin-recauda-mas-de-lo-previsto\\\/#breadcrumblist\",\"itemListElement\":[{\"@type\":\"ListItem\",\"@id\":\"https:\\\/\\\/www.eldigitaldeasturias.com\\\/noticias#listItem\",\"position\":1,\"name\":\"Home\",\"item\":\"https:\\\/\\\/www.eldigitaldeasturias.com\\\/noticias\",\"nextItem\":{\"@type\":\"ListItem\",\"@id\":\"https:\\\/\\\/www.eldigitaldeasturias.com\\\/noticias\\\/category\\\/sociedad\\\/#listItem\",\"name\":\"Sociedad\"}},{\"@type\":\"ListItem\",\"@id\":\"https:\\\/\\\/www.eldigitaldeasturias.com\\\/noticias\\\/category\\\/sociedad\\\/#listItem\",\"position\":2,\"name\":\"Sociedad\",\"item\":\"https:\\\/\\\/www.eldigitaldeasturias.com\\\/noticias\\\/category\\\/sociedad\\\/\",\"nextItem\":{\"@type\":\"ListItem\",\"@id\":\"https:\\\/\\\/www.eldigitaldeasturias.com\\\/noticias\\\/la-subasta-del-ex-primer-ministro-frances-villepin-recauda-mas-de-lo-previsto\\\/#listItem\",\"name\":\"La subasta del ex primer ministro franc\\u00e9s Villepin recauda m\\u00e1s de lo previsto\"},\"previousItem\":{\"@type\":\"ListItem\",\"@id\":\"https:\\\/\\\/www.eldigitaldeasturias.com\\\/noticias#listItem\",\"name\":\"Home\"}},{\"@type\":\"ListItem\",\"@id\":\"https:\\\/\\\/www.eldigitaldeasturias.com\\\/noticias\\\/la-subasta-del-ex-primer-ministro-frances-villepin-recauda-mas-de-lo-previsto\\\/#listItem\",\"position\":3,\"name\":\"La subasta del ex primer ministro franc\\u00e9s Villepin recauda m\\u00e1s de lo previsto\",\"previousItem\":{\"@type\":\"ListItem\",\"@id\":\"https:\\\/\\\/www.eldigitaldeasturias.com\\\/noticias\\\/category\\\/sociedad\\\/#listItem\",\"name\":\"Sociedad\"}}]},{\"@type\":\"Organization\",\"@id\":\"https:\\\/\\\/www.eldigitaldeasturias.com\\\/noticias\\\/#organization\",\"name\":\"El Digital de Asturias\",\"description\":\"Hemeroteca\",\"url\":\"https:\\\/\\\/www.eldigitaldeasturias.com\\\/noticias\\\/\",\"email\":\"info@eldigitaldeasturias.com\",\"telephone\":\"+34652131393\",\"logo\":{\"@type\":\"ImageObject\",\"url\":\"https:\\\/\\\/www.eldigitaldeasturias.com\\\/noticias\\\/wp-content\\\/uploads\\\/2020\\\/12\\\/EDA.jpg\",\"@id\":\"https:\\\/\\\/www.eldigitaldeasturias.com\\\/noticias\\\/la-subasta-del-ex-primer-ministro-frances-villepin-recauda-mas-de-lo-previsto\\\/#organizationLogo\"},\"image\":{\"@id\":\"https:\\\/\\\/www.eldigitaldeasturias.com\\\/noticias\\\/la-subasta-del-ex-primer-ministro-frances-villepin-recauda-mas-de-lo-previsto\\\/#organizationLogo\"},\"sameAs\":[\"https:\\\/\\\/facebook.com\\\/eldigitaldeasturias\",\"https:\\\/\\\/www.youtube.com\\\/channel\\\/UCZP-2wLEB9Rv6erhFmqVnvg\"],\"address\":{\"@id\":\"https:\\\/\\\/www.eldigitaldeasturias.com\\\/noticias\\\/#postaladdress\",\"@type\":\"PostalAddress\",\"streetAddress\":\"san antonio 4\",\"postalCode\":\"33430\",\"addressLocality\":\"Cand\\u00e1s\",\"addressRegion\":\"Asturias\",\"addressCountry\":\"ES\"}},{\"@type\":\"Person\",\"@id\":\"https:\\\/\\\/www.eldigitaldeasturias.com\\\/noticias\\\/author\\\/admin\\\/#author\",\"url\":\"https:\\\/\\\/www.eldigitaldeasturias.com\\\/noticias\\\/author\\\/admin\\\/\",\"name\":\"El Digital de Asturias\",\"image\":{\"@type\":\"ImageObject\",\"@id\":\"https:\\\/\\\/www.eldigitaldeasturias.com\\\/noticias\\\/la-subasta-del-ex-primer-ministro-frances-villepin-recauda-mas-de-lo-previsto\\\/#authorImage\",\"url\":\"https:\\\/\\\/secure.gravatar.com\\\/avatar\\\/df2aeffc32bcd13f8d26072ef8a91b623d677766deac7f97ca815868cd41bf5e?s=96&d=mm&r=g\",\"width\":96,\"height\":96,\"caption\":\"El Digital de Asturias\"}},{\"@type\":\"WebPage\",\"@id\":\"https:\\\/\\\/www.eldigitaldeasturias.com\\\/noticias\\\/la-subasta-del-ex-primer-ministro-frances-villepin-recauda-mas-de-lo-previsto\\\/#webpage\",\"url\":\"https:\\\/\\\/www.eldigitaldeasturias.com\\\/noticias\\\/la-subasta-del-ex-primer-ministro-frances-villepin-recauda-mas-de-lo-previsto\\\/\",\"name\":\"La subasta del ex primer ministro franc\\u00e9s Villepin recauda m\\u00e1s de lo previsto - El Digital de Asturias\",\"description\":\"Par\\u00eds, 28 nov (EFE).- La subasta de la primera parte de la colecci\\u00f3n de libros y documentos pol\\u00edticos del ex primer ministro franc\\u00e9s Dominique de Villepin coloc\\u00f3, hoy en Par\\u00eds, la mayor\\u00eda de los ejemplares a precios mayores de los de salida, inform\\u00f3 la casa Drouot. El lote formado por el libro \\\"Voyage al Congo\\\",\",\"inLanguage\":\"es-ES\",\"isPartOf\":{\"@id\":\"https:\\\/\\\/www.eldigitaldeasturias.com\\\/noticias\\\/#website\"},\"breadcrumb\":{\"@id\":\"https:\\\/\\\/www.eldigitaldeasturias.com\\\/noticias\\\/la-subasta-del-ex-primer-ministro-frances-villepin-recauda-mas-de-lo-previsto\\\/#breadcrumblist\"},\"author\":{\"@id\":\"https:\\\/\\\/www.eldigitaldeasturias.com\\\/noticias\\\/author\\\/admin\\\/#author\"},\"creator\":{\"@id\":\"https:\\\/\\\/www.eldigitaldeasturias.com\\\/noticias\\\/author\\\/admin\\\/#author\"},\"image\":{\"@type\":\"ImageObject\",\"url\":455549,\"@id\":\"https:\\\/\\\/www.eldigitaldeasturias.com\\\/noticias\\\/la-subasta-del-ex-primer-ministro-frances-villepin-recauda-mas-de-lo-previsto\\\/#mainImage\"},\"primaryImageOfPage\":{\"@id\":\"https:\\\/\\\/www.eldigitaldeasturias.com\\\/noticias\\\/la-subasta-del-ex-primer-ministro-frances-villepin-recauda-mas-de-lo-previsto\\\/#mainImage\"},\"datePublished\":\"2013-11-28T21:53:40+01:00\",\"dateModified\":\"2013-11-28T21:53:40+01:00\"},{\"@type\":\"WebSite\",\"@id\":\"https:\\\/\\\/www.eldigitaldeasturias.com\\\/noticias\\\/#website\",\"url\":\"https:\\\/\\\/www.eldigitaldeasturias.com\\\/noticias\\\/\",\"name\":\"El Digital de Asturias - Diario de actualidad y noticias\",\"alternateName\":\"El Digital de Asturias - Diario de actualidad y noticias\",\"description\":\"Hemeroteca\",\"inLanguage\":\"es-ES\",\"publisher\":{\"@id\":\"https:\\\/\\\/www.eldigitaldeasturias.com\\\/noticias\\\/#organization\"}}]}\n\t\t<\/script>\n\t\t<!-- All in One SEO Pro -->\r\n\t\t<title>La subasta del ex primer ministro franc\u00e9s Villepin recauda m\u00e1s de lo previsto - El Digital de Asturias<\/title>\n\n","aioseo_head_json":{"title":"La subasta del ex primer ministro franc\u00e9s Villepin recauda m\u00e1s de lo previsto - El Digital de Asturias","description":"Par\u00eds, 28 nov (EFE).- La subasta de la primera parte de la colecci\u00f3n de libros y documentos pol\u00edticos del ex primer ministro franc\u00e9s Dominique de Villepin coloc\u00f3, hoy en Par\u00eds, la mayor\u00eda de los ejemplares a precios mayores de los de salida, inform\u00f3 la casa Drouot. El lote formado por el libro \"Voyage al Congo\",","canonical_url":"https:\/\/www.eldigitaldeasturias.com\/noticias\/la-subasta-del-ex-primer-ministro-frances-villepin-recauda-mas-de-lo-previsto\/","robots":"max-image-preview:large","keywords":"sociedad","webmasterTools":{"google-site-verification":"UA-38556648-1","msvalidate.01":"7dfe9f3f1b24437ab69f4f2559babe99","miscellaneous":""},"schema":{"@context":"https:\/\/schema.org","@graph":[{"@type":"BlogPosting","@id":"https:\/\/www.eldigitaldeasturias.com\/noticias\/la-subasta-del-ex-primer-ministro-frances-villepin-recauda-mas-de-lo-previsto\/#blogposting","name":"La subasta del ex primer ministro franc\u00e9s Villepin recauda m\u00e1s de lo previsto - El Digital de Asturias","headline":"La subasta del ex primer ministro franc\u00e9s Villepin recauda m\u00e1s de lo previsto","author":{"@id":"https:\/\/www.eldigitaldeasturias.com\/noticias\/author\/admin\/#author"},"publisher":{"@id":"https:\/\/www.eldigitaldeasturias.com\/noticias\/#organization"},"image":{"@type":"ImageObject","url":455549},"datePublished":"2013-11-28T21:53:40+01:00","dateModified":"2013-11-28T21:53:40+01:00","inLanguage":"es-ES","mainEntityOfPage":{"@id":"https:\/\/www.eldigitaldeasturias.com\/noticias\/la-subasta-del-ex-primer-ministro-frances-villepin-recauda-mas-de-lo-previsto\/#webpage"},"isPartOf":{"@id":"https:\/\/www.eldigitaldeasturias.com\/noticias\/la-subasta-del-ex-primer-ministro-frances-villepin-recauda-mas-de-lo-previsto\/#webpage"},"articleSection":"Sociedad"},{"@type":"BreadcrumbList","@id":"https:\/\/www.eldigitaldeasturias.com\/noticias\/la-subasta-del-ex-primer-ministro-frances-villepin-recauda-mas-de-lo-previsto\/#breadcrumblist","itemListElement":[{"@type":"ListItem","@id":"https:\/\/www.eldigitaldeasturias.com\/noticias#listItem","position":1,"name":"Home","item":"https:\/\/www.eldigitaldeasturias.com\/noticias","nextItem":{"@type":"ListItem","@id":"https:\/\/www.eldigitaldeasturias.com\/noticias\/category\/sociedad\/#listItem","name":"Sociedad"}},{"@type":"ListItem","@id":"https:\/\/www.eldigitaldeasturias.com\/noticias\/category\/sociedad\/#listItem","position":2,"name":"Sociedad","item":"https:\/\/www.eldigitaldeasturias.com\/noticias\/category\/sociedad\/","nextItem":{"@type":"ListItem","@id":"https:\/\/www.eldigitaldeasturias.com\/noticias\/la-subasta-del-ex-primer-ministro-frances-villepin-recauda-mas-de-lo-previsto\/#listItem","name":"La subasta del ex primer ministro franc\u00e9s Villepin recauda m\u00e1s de lo previsto"},"previousItem":{"@type":"ListItem","@id":"https:\/\/www.eldigitaldeasturias.com\/noticias#listItem","name":"Home"}},{"@type":"ListItem","@id":"https:\/\/www.eldigitaldeasturias.com\/noticias\/la-subasta-del-ex-primer-ministro-frances-villepin-recauda-mas-de-lo-previsto\/#listItem","position":3,"name":"La subasta del ex primer ministro franc\u00e9s Villepin recauda m\u00e1s de lo previsto","previousItem":{"@type":"ListItem","@id":"https:\/\/www.eldigitaldeasturias.com\/noticias\/category\/sociedad\/#listItem","name":"Sociedad"}}]},{"@type":"Organization","@id":"https:\/\/www.eldigitaldeasturias.com\/noticias\/#organization","name":"El Digital de Asturias","description":"Hemeroteca","url":"https:\/\/www.eldigitaldeasturias.com\/noticias\/","email":"info@eldigitaldeasturias.com","telephone":"+34652131393","logo":{"@type":"ImageObject","url":"https:\/\/www.eldigitaldeasturias.com\/noticias\/wp-content\/uploads\/2020\/12\/EDA.jpg","@id":"https:\/\/www.eldigitaldeasturias.com\/noticias\/la-subasta-del-ex-primer-ministro-frances-villepin-recauda-mas-de-lo-previsto\/#organizationLogo"},"image":{"@id":"https:\/\/www.eldigitaldeasturias.com\/noticias\/la-subasta-del-ex-primer-ministro-frances-villepin-recauda-mas-de-lo-previsto\/#organizationLogo"},"sameAs":["https:\/\/facebook.com\/eldigitaldeasturias","https:\/\/www.youtube.com\/channel\/UCZP-2wLEB9Rv6erhFmqVnvg"],"address":{"@id":"https:\/\/www.eldigitaldeasturias.com\/noticias\/#postaladdress","@type":"PostalAddress","streetAddress":"san antonio 4","postalCode":"33430","addressLocality":"Cand\u00e1s","addressRegion":"Asturias","addressCountry":"ES"}},{"@type":"Person","@id":"https:\/\/www.eldigitaldeasturias.com\/noticias\/author\/admin\/#author","url":"https:\/\/www.eldigitaldeasturias.com\/noticias\/author\/admin\/","name":"El Digital de Asturias","image":{"@type":"ImageObject","@id":"https:\/\/www.eldigitaldeasturias.com\/noticias\/la-subasta-del-ex-primer-ministro-frances-villepin-recauda-mas-de-lo-previsto\/#authorImage","url":"https:\/\/secure.gravatar.com\/avatar\/df2aeffc32bcd13f8d26072ef8a91b623d677766deac7f97ca815868cd41bf5e?s=96&d=mm&r=g","width":96,"height":96,"caption":"El Digital de Asturias"}},{"@type":"WebPage","@id":"https:\/\/www.eldigitaldeasturias.com\/noticias\/la-subasta-del-ex-primer-ministro-frances-villepin-recauda-mas-de-lo-previsto\/#webpage","url":"https:\/\/www.eldigitaldeasturias.com\/noticias\/la-subasta-del-ex-primer-ministro-frances-villepin-recauda-mas-de-lo-previsto\/","name":"La subasta del ex primer ministro franc\u00e9s Villepin recauda m\u00e1s de lo previsto - El Digital de Asturias","description":"Par\u00eds, 28 nov (EFE).- La subasta de la primera parte de la colecci\u00f3n de libros y documentos pol\u00edticos del ex primer ministro franc\u00e9s Dominique de Villepin coloc\u00f3, hoy en Par\u00eds, la mayor\u00eda de los ejemplares a precios mayores de los de salida, inform\u00f3 la casa Drouot. El lote formado por el libro \"Voyage al Congo\",","inLanguage":"es-ES","isPartOf":{"@id":"https:\/\/www.eldigitaldeasturias.com\/noticias\/#website"},"breadcrumb":{"@id":"https:\/\/www.eldigitaldeasturias.com\/noticias\/la-subasta-del-ex-primer-ministro-frances-villepin-recauda-mas-de-lo-previsto\/#breadcrumblist"},"author":{"@id":"https:\/\/www.eldigitaldeasturias.com\/noticias\/author\/admin\/#author"},"creator":{"@id":"https:\/\/www.eldigitaldeasturias.com\/noticias\/author\/admin\/#author"},"image":{"@type":"ImageObject","url":455549,"@id":"https:\/\/www.eldigitaldeasturias.com\/noticias\/la-subasta-del-ex-primer-ministro-frances-villepin-recauda-mas-de-lo-previsto\/#mainImage"},"primaryImageOfPage":{"@id":"https:\/\/www.eldigitaldeasturias.com\/noticias\/la-subasta-del-ex-primer-ministro-frances-villepin-recauda-mas-de-lo-previsto\/#mainImage"},"datePublished":"2013-11-28T21:53:40+01:00","dateModified":"2013-11-28T21:53:40+01:00"},{"@type":"WebSite","@id":"https:\/\/www.eldigitaldeasturias.com\/noticias\/#website","url":"https:\/\/www.eldigitaldeasturias.com\/noticias\/","name":"El Digital de Asturias - Diario de actualidad y noticias","alternateName":"El Digital de Asturias - Diario de actualidad y noticias","description":"Hemeroteca","inLanguage":"es-ES","publisher":{"@id":"https:\/\/www.eldigitaldeasturias.com\/noticias\/#organization"}}]},"og:locale":"es_ES","og:site_name":"El Digital de Asturias","og:type":"article","og:title":"La subasta del ex primer ministro franc\u00e9s Villepin recauda m\u00e1s de lo previsto - El Digital de Asturias","og:description":"Par\u00eds, 28 nov (EFE).- La subasta de la primera parte de la colecci\u00f3n de libros y documentos pol\u00edticos del ex primer ministro franc\u00e9s Dominique de Villepin coloc\u00f3, hoy en Par\u00eds, la mayor\u00eda de los ejemplares a precios mayores de los de salida, inform\u00f3 la casa Drouot. El lote formado por el libro &quot;Voyage al Congo&quot;,","og:url":"https:\/\/www.eldigitaldeasturias.com\/noticias\/la-subasta-del-ex-primer-ministro-frances-villepin-recauda-mas-de-lo-previsto\/","article:tag":["sociedad"],"article:published_time":"2013-11-28T22:53:40+00:00","article:modified_time":"2013-11-28T22:53:40+00:00","article:publisher":"https:\/\/facebook.com\/eldigitaldeasturias","twitter:card":"summary_large_image","twitter:title":"La subasta del ex primer ministro franc\u00e9s Villepin recauda m\u00e1s de lo previsto - El Digital de Asturias","twitter:description":"Par\u00eds, 28 nov (EFE).- La subasta de la primera parte de la colecci\u00f3n de libros y documentos pol\u00edticos del ex primer ministro franc\u00e9s Dominique de Villepin coloc\u00f3, hoy en Par\u00eds, la mayor\u00eda de los ejemplares a precios mayores de los de salida, inform\u00f3 la casa Drouot. El lote formado por el libro &quot;Voyage al Congo&quot;,","twitter:label1":"Escrito por","twitter:data1":"El Digital de Asturias","twitter:label2":"Tiempo de lectura estimado","twitter:data2":"2 minutos"},"aioseo_meta_data":{"post_id":"455548","title":null,"description":null,"keywords":null,"keyphrases":null,"primary_term":null,"canonical_url":null,"og_title":null,"og_description":null,"og_object_type":"default","og_image_type":"default","og_image_url":null,"og_image_width":null,"og_image_height":null,"og_image_custom_url":null,"og_image_custom_fields":null,"og_video":null,"og_custom_url":null,"og_article_section":null,"og_article_tags":null,"twitter_use_og":true,"twitter_card":"default","twitter_image_type":"default","twitter_image_url":null,"twitter_image_custom_url":null,"twitter_image_custom_fields":null,"twitter_title":null,"twitter_description":null,"schema":{"blockGraphs":[],"customGraphs":[],"default":{"data":{"Article":[],"Course":[],"Dataset":[],"FAQPage":[],"Movie":[],"Person":[],"Product":[],"ProductReview":[],"Car":[],"Recipe":[],"Service":[],"SoftwareApplication":[],"WebPage":[]},"graphName":"","isEnabled":true},"graphs":[],"defaultGraph":"","defaultPostTypeGraph":""},"schema_type":null,"schema_type_options":null,"pillar_content":false,"robots_default":true,"robots_noindex":false,"robots_noarchive":false,"robots_nosnippet":false,"robots_nofollow":false,"robots_noimageindex":false,"robots_noodp":false,"robots_notranslate":false,"robots_max_snippet":null,"robots_max_videopreview":null,"robots_max_imagepreview":"none","priority":null,"frequency":null,"local_seo":null,"seo_analyzer_scan_date":"2026-05-29 18:45:54","breadcrumb_settings":null,"limit_modified_date":false,"open_ai":null,"ai":null,"created":"2020-11-14 22:45:20","updated":"2026-05-29 18:45:54","focus_keyword":null,"additional_keywords":null,"truseo_locale":null},"aioseo_breadcrumb":"<div class=\"aioseo-breadcrumbs\"><span class=\"aioseo-breadcrumb\">\n\t<a href=\"https:\/\/www.eldigitaldeasturias.com\/noticias\" title=\"Home\">Home<\/a>\n<\/span><span class=\"aioseo-breadcrumb-separator\">\u2013<\/span><span class=\"aioseo-breadcrumb\">\n\t<a href=\"https:\/\/www.eldigitaldeasturias.com\/noticias\/category\/sociedad\/\" title=\"Sociedad\">Sociedad<\/a>\n<\/span><span class=\"aioseo-breadcrumb-separator\">\u2013<\/span><span class=\"aioseo-breadcrumb\">\n\t<a href=\"https:\/\/www.eldigitaldeasturias.com\/noticias\/la-subasta-del-ex-primer-ministro-frances-villepin-recauda-mas-de-lo-previsto\/\" title=\"La subasta del ex primer ministro franc\u00e9s Villepin recauda m\u00e1s de lo previsto\">La subasta del ex primer ministro franc\u00e9s Villepin recauda m\u00e1s de lo previsto<\/a>\n<\/span><\/div>","aioseo_breadcrumb_json":[{"label":"Home","link":"https:\/\/www.eldigitaldeasturias.com\/noticias"},{"label":"Sociedad","link":"https:\/\/www.eldigitaldeasturias.com\/noticias\/category\/sociedad\/"},{"label":"La subasta del ex primer ministro franc\u00e9s Villepin recauda m\u00e1s de lo previsto","link":"https:\/\/www.eldigitaldeasturias.com\/noticias\/la-subasta-del-ex-primer-ministro-frances-villepin-recauda-mas-de-lo-previsto\/"}],"_links":{"self":[{"href":"https:\/\/www.eldigitaldeasturias.com\/noticias\/wp-json\/wp\/v2\/posts\/455548","targetHints":{"allow":["GET"]}}],"collection":[{"href":"https:\/\/www.eldigitaldeasturias.com\/noticias\/wp-json\/wp\/v2\/posts"}],"about":[{"href":"https:\/\/www.eldigitaldeasturias.com\/noticias\/wp-json\/wp\/v2\/types\/post"}],"author":[{"embeddable":true,"href":"https:\/\/www.eldigitaldeasturias.com\/noticias\/wp-json\/wp\/v2\/users\/1"}],"replies":[{"embeddable":true,"href":"https:\/\/www.eldigitaldeasturias.com\/noticias\/wp-json\/wp\/v2\/comments?post=455548"}],"version-history":[{"count":0,"href":"https:\/\/www.eldigitaldeasturias.com\/noticias\/wp-json\/wp\/v2\/posts\/455548\/revisions"}],"wp:attachment":[{"href":"https:\/\/www.eldigitaldeasturias.com\/noticias\/wp-json\/wp\/v2\/media?parent=455548"}],"wp:term":[{"taxonomy":"category","embeddable":true,"href":"https:\/\/www.eldigitaldeasturias.com\/noticias\/wp-json\/wp\/v2\/categories?post=455548"},{"taxonomy":"post_tag","embeddable":true,"href":"https:\/\/www.eldigitaldeasturias.com\/noticias\/wp-json\/wp\/v2\/tags?post=455548"}],"curies":[{"name":"wp","href":"https:\/\/api.w.org\/{rel}","templated":true}]}}