{"id":455545,"date":"2013-11-28T21:51:38","date_gmt":"2013-11-28T22:51:38","guid":{"rendered":"http:\/\/www.eldigitaldeasturias.com\/noticias\/?p=455545"},"modified":"2013-11-28T21:51:38","modified_gmt":"2013-11-28T22:51:38","slug":"telecinco-la-que-se-avecina-regresa-el-lunes","status":"publish","type":"post","link":"https:\/\/www.eldigitaldeasturias.com\/noticias\/telecinco-la-que-se-avecina-regresa-el-lunes\/","title":{"rendered":"Telecinco : \u00abLa que se avecina\u00bb regresa el lunes."},"content":{"rendered":"<p><img loading=\"lazy\" decoding=\"async\" class=\"alignleft size-medium wp-image-455546\" alt=\"5760260w\" src=\"https:\/\/www.eldigitaldeasturias.com\/noticias\/wp-content\/uploads\/2013\/11\/5760260w-360x268.jpg\" width=\"360\" height=\"268\" \/>Madrid, 28 nov (EFE).- El atrabiliario vecindario de \u00abLa que se avecina\u00bb regresar\u00e1 el pr\u00f3ximo lunes a las pantallas de Telecinco con la s\u00e9ptima temporada de la serie, a la que incorpora con un personaje fijo la actriz Mar\u00eda Ad\u00e1nez y que contar\u00e1 con Fernando Esteso y Mari Carmen y Do\u00f1a Rogelia como invitados especiales.<\/p>\n<p>La serie de Telecinco recupera a una de las actrices principales de \u00abAqu\u00ed no hay quien viva\u00bb (2003-2006), de donde surgi\u00f3 buena parte del elenco que da vida al c\u00f3mico vecindario de Montepinar, al que se ha incorporado Ad\u00e1nez en el papel de Rebeca, \u00abun personaje muy potente y divertido\u00bb, ha explicado hoy en la rueda de prensa de presentaci\u00f3n de los nuevos 13 cap\u00edtulos de la s\u00e9ptima temporada.<\/p>\n<p>Ad\u00e1nez interpreta a una reputada abogada matrimonialista que pondr\u00e1 en jaque la estabilidad de algunas de las parejas m\u00e1s s\u00f3lidas de la urbanizaci\u00f3n, como la del inefable pescadero Antonio Recio al que da vida Albert Adri\u00e1, quien ha dicho que a su personaje, \u00abque sigue haciendo amigos en toda Espa\u00f1a, solo le faltaba enemistarse con su mujer\u00bb.<\/p>\n<p>Enrique Pastor, el eterno candidato a presidente de la comunidad de vecinos interpretado por Jos\u00e9 Luis Gil, tendr\u00e1 sucesivas rupturas sentimentales, \u00abde fracaso en fracaso, hasta la victoria final\u00bb, ha dicho el actor en una multitudinaria rueda de prensa celebrada en la sede de Mediaset Espa\u00f1a.<\/p>\n<p>Gil ha augurado que la serie -que cerr\u00f3 su anterior temporada con una audiencia media de 4.162.000 espectadores (22,5 % de cuota de pantalla)- continuar\u00e1 teniendo \u00e9xito por \u00abla capacidad de sus guionistas de seguir sorprendiendo a los propios actores despu\u00e9s de tantos cap\u00edtulos\u00bb.<\/p>\n<p>Entre las sorpresas, la intervenci\u00f3n en un cap\u00edtulo de Fernando Esteso, un personaje real que ha aparecido nombrado en numerosas ocasiones por Estela Reynolds (Antonia San Juan), antigua estrella del destape cuyo mayor \u00e9xito radica en que una ocasi\u00f3n el famoso actor le \u00abchup\u00f3 un pez\u00f3n\u00bb.<\/p>\n<p>San Juan -quien se ha mostrado \u00abmuy agradecida a la popularidad\u00bb que le ha dado la serie- y Fernando Tejero (Ferm\u00edn), invitados en el final de la anterior temporada, tendr\u00e1n personajes fijos en la serie, como abuelos al cuidado del ni\u00f1o que su hija Lola (Macarena G\u00f3mez) ha tenido con Javier (Antono Pagudo).<\/p>\n<p>Tejero, cuyo papel de portero le hizo famoso en \u00abAqu\u00ed no hay quien viva\u00bb, ha explicado que aqu\u00e9lla serie no tiene mucho que ver con \u00abLa que se avecina\u00bb, cuyas tramas y personajes \u00abse parecen m\u00e1s a un c\u00f3mic\u00bb que a la t\u00edpica comedia de humor\u00bb.<\/p>\n<p>Los \u00abCuquis\u00bb, otra de las parejas fijas de la serie, a quien dan vida Eva Isanta y Pablo Chiapella, tras ser desahuciados de su vivienda por impago de la hipoteca, iniciar\u00e1n una nueva vida juntos, aunque como \u00abokupas\u00bb, bajando \u00abal inframundo para subir despu\u00e9s al cielo\u00bb, ha explicado el actor.<\/p>\n<p>De \u00abacontecimiento social\u00bb ha calificado la serie el director general de Contenidos de Mediaset, Manuel Villanueva, ya que su primera temporada ha sido emitida m\u00e1s de 20 veces en los canales del grupo, \u00abuna marca solo superada por &#8216;Los Simpsons'\u00bb, ha apuntado.<\/p>\n<p>Alberto Caballero, productor ejecutivo de la productora Contubernio, que factura la serie para Telecinco, ha explicado que \u00abno deja de ser una pu\u00f1eta\u00bb para quienes se dedican a la ficci\u00f3n que \u00abLa que se avecina\u00bb compita el lunes pr\u00f3ximo con \u00abEl tiempo entre costuras\u00bb e \u00abIsabel\u00bb, aunque conf\u00edan \u00abmucho\u00bb en su \u00abp\u00fablico fiel\u00bb.<\/p>\n","protected":false},"excerpt":{"rendered":"<p>Madrid, 28 nov (EFE).- El atrabiliario vecindario de \u00abLa que se avecina\u00bb regresar\u00e1 el pr\u00f3ximo lunes a las pantallas de Telecinco con la s\u00e9ptima temporada de la serie, a la que incorpora con un personaje fijo la actriz Mar\u00eda Ad\u00e1nez y que contar\u00e1 con Fernando Esteso y Mari Carmen y Do\u00f1a Rogelia como invitados especiales. [&hellip;]<\/p>\n","protected":false},"author":1,"featured_media":455546,"comment_status":"closed","ping_status":"open","sticky":false,"template":"","format":"standard","meta":{"footnotes":""},"categories":[50],"tags":[],"class_list":["post-455545","post","type-post","status-publish","format-standard","has-post-thumbnail","hentry","category-revista-de-ocio"],"aioseo_notices":[],"aioseo_head":"\n\t\t<!-- All in One SEO Pro 5.0.1 - aioseo.com -->\n\t<meta name=\"description\" content=\"Madrid, 28 nov (EFE).- El atrabiliario vecindario de &quot;La que se avecina&quot; regresar\u00e1 el pr\u00f3ximo lunes a las pantallas de Telecinco con la s\u00e9ptima temporada de la serie, a la que incorpora con un personaje fijo la actriz Mar\u00eda Ad\u00e1nez y que contar\u00e1 con Fernando Esteso y Mari Carmen y Do\u00f1a Rogelia como invitados especiales.\" \/>\n\t<meta name=\"robots\" content=\"max-image-preview:large\" \/>\n\t<meta name=\"author\" content=\"El Digital de Asturias\"\/>\n\t<meta name=\"google-site-verification\" content=\"UA-38556648-1\" \/>\n\t<meta name=\"msvalidate.01\" content=\"7dfe9f3f1b24437ab69f4f2559babe99\" \/>\n\t<meta name=\"keywords\" content=\"revista de ocio\" \/>\n\t<link rel=\"canonical\" href=\"https:\/\/www.eldigitaldeasturias.com\/noticias\/telecinco-la-que-se-avecina-regresa-el-lunes\/\" \/>\n\t<meta name=\"generator\" content=\"All in One SEO Pro (AIOSEO) 5.0.1\" \/>\n\t\t<meta property=\"og:locale\" content=\"es_ES\" \/>\n\t\t<meta property=\"og:site_name\" content=\"El Digital de Asturias\" \/>\n\t\t<meta property=\"og:type\" content=\"article\" \/>\n\t\t<meta property=\"og:title\" content=\"Telecinco : \u00abLa que se avecina\u00bb regresa el lunes. - El Digital de Asturias\" \/>\n\t\t<meta property=\"og:description\" content=\"Madrid, 28 nov (EFE).- El atrabiliario vecindario de &quot;La que se avecina&quot; regresar\u00e1 el pr\u00f3ximo lunes a las pantallas de Telecinco con la s\u00e9ptima temporada de la serie, a la que incorpora con un personaje fijo la actriz Mar\u00eda Ad\u00e1nez y que contar\u00e1 con Fernando Esteso y Mari Carmen y Do\u00f1a Rogelia como invitados especiales.\" \/>\n\t\t<meta property=\"og:url\" content=\"https:\/\/www.eldigitaldeasturias.com\/noticias\/telecinco-la-que-se-avecina-regresa-el-lunes\/\" \/>\n\t\t<meta property=\"article:tag\" content=\"revista de ocio\" \/>\n\t\t<meta property=\"article:published_time\" content=\"2013-11-28T22:51:38+00:00\" \/>\n\t\t<meta property=\"article:modified_time\" content=\"2013-11-28T22:51:38+00:00\" \/>\n\t\t<meta property=\"article:publisher\" content=\"https:\/\/facebook.com\/eldigitaldeasturias\" \/>\n\t\t<meta name=\"twitter:card\" content=\"summary_large_image\" \/>\n\t\t<meta name=\"twitter:title\" content=\"Telecinco : \u00abLa que se avecina\u00bb regresa el lunes. - El Digital de Asturias\" \/>\n\t\t<meta name=\"twitter:description\" content=\"Madrid, 28 nov (EFE).- El atrabiliario vecindario de &quot;La que se avecina&quot; regresar\u00e1 el pr\u00f3ximo lunes a las pantallas de Telecinco con la s\u00e9ptima temporada de la serie, a la que incorpora con un personaje fijo la actriz Mar\u00eda Ad\u00e1nez y que contar\u00e1 con Fernando Esteso y Mari Carmen y Do\u00f1a Rogelia como invitados especiales.\" \/>\n\t\t<meta name=\"twitter:label1\" content=\"Escrito por\" \/>\n\t\t<meta name=\"twitter:data1\" content=\"El Digital de Asturias\" \/>\n\t\t<meta name=\"twitter:label2\" content=\"Tiempo de lectura estimado\" \/>\n\t\t<meta name=\"twitter:data2\" content=\"3 minutos\" \/>\n\t\t<script type=\"application\/ld+json\" class=\"aioseo-schema\">\n\t\t\t{\"@context\":\"https:\\\/\\\/schema.org\",\"@graph\":[{\"@type\":\"BlogPosting\",\"@id\":\"https:\\\/\\\/www.eldigitaldeasturias.com\\\/noticias\\\/telecinco-la-que-se-avecina-regresa-el-lunes\\\/#blogposting\",\"name\":\"Telecinco : \\u00abLa que se avecina\\u00bb regresa el lunes. - El Digital de Asturias\",\"headline\":\"Telecinco : \\u00abLa que se avecina\\u00bb regresa el lunes.\",\"author\":{\"@id\":\"https:\\\/\\\/www.eldigitaldeasturias.com\\\/noticias\\\/author\\\/admin\\\/#author\"},\"publisher\":{\"@id\":\"https:\\\/\\\/www.eldigitaldeasturias.com\\\/noticias\\\/#organization\"},\"image\":{\"@type\":\"ImageObject\",\"url\":455546},\"datePublished\":\"2013-11-28T21:51:38+01:00\",\"dateModified\":\"2013-11-28T21:51:38+01:00\",\"inLanguage\":\"es-ES\",\"mainEntityOfPage\":{\"@id\":\"https:\\\/\\\/www.eldigitaldeasturias.com\\\/noticias\\\/telecinco-la-que-se-avecina-regresa-el-lunes\\\/#webpage\"},\"isPartOf\":{\"@id\":\"https:\\\/\\\/www.eldigitaldeasturias.com\\\/noticias\\\/telecinco-la-que-se-avecina-regresa-el-lunes\\\/#webpage\"},\"articleSection\":\"Revista de Ocio\"},{\"@type\":\"BreadcrumbList\",\"@id\":\"https:\\\/\\\/www.eldigitaldeasturias.com\\\/noticias\\\/telecinco-la-que-se-avecina-regresa-el-lunes\\\/#breadcrumblist\",\"itemListElement\":[{\"@type\":\"ListItem\",\"@id\":\"https:\\\/\\\/www.eldigitaldeasturias.com\\\/noticias#listItem\",\"position\":1,\"name\":\"Home\",\"item\":\"https:\\\/\\\/www.eldigitaldeasturias.com\\\/noticias\",\"nextItem\":{\"@type\":\"ListItem\",\"@id\":\"https:\\\/\\\/www.eldigitaldeasturias.com\\\/noticias\\\/category\\\/revista-de-ocio\\\/#listItem\",\"name\":\"Revista de Ocio\"}},{\"@type\":\"ListItem\",\"@id\":\"https:\\\/\\\/www.eldigitaldeasturias.com\\\/noticias\\\/category\\\/revista-de-ocio\\\/#listItem\",\"position\":2,\"name\":\"Revista de Ocio\",\"item\":\"https:\\\/\\\/www.eldigitaldeasturias.com\\\/noticias\\\/category\\\/revista-de-ocio\\\/\",\"nextItem\":{\"@type\":\"ListItem\",\"@id\":\"https:\\\/\\\/www.eldigitaldeasturias.com\\\/noticias\\\/telecinco-la-que-se-avecina-regresa-el-lunes\\\/#listItem\",\"name\":\"Telecinco : \\u00abLa que se avecina\\u00bb regresa el lunes.\"},\"previousItem\":{\"@type\":\"ListItem\",\"@id\":\"https:\\\/\\\/www.eldigitaldeasturias.com\\\/noticias#listItem\",\"name\":\"Home\"}},{\"@type\":\"ListItem\",\"@id\":\"https:\\\/\\\/www.eldigitaldeasturias.com\\\/noticias\\\/telecinco-la-que-se-avecina-regresa-el-lunes\\\/#listItem\",\"position\":3,\"name\":\"Telecinco : \\u00abLa que se avecina\\u00bb regresa el lunes.\",\"previousItem\":{\"@type\":\"ListItem\",\"@id\":\"https:\\\/\\\/www.eldigitaldeasturias.com\\\/noticias\\\/category\\\/revista-de-ocio\\\/#listItem\",\"name\":\"Revista de Ocio\"}}]},{\"@type\":\"Organization\",\"@id\":\"https:\\\/\\\/www.eldigitaldeasturias.com\\\/noticias\\\/#organization\",\"name\":\"El Digital de Asturias\",\"description\":\"Hemeroteca\",\"url\":\"https:\\\/\\\/www.eldigitaldeasturias.com\\\/noticias\\\/\",\"email\":\"info@eldigitaldeasturias.com\",\"telephone\":\"+34652131393\",\"logo\":{\"@type\":\"ImageObject\",\"url\":\"https:\\\/\\\/www.eldigitaldeasturias.com\\\/noticias\\\/wp-content\\\/uploads\\\/2020\\\/12\\\/EDA.jpg\",\"@id\":\"https:\\\/\\\/www.eldigitaldeasturias.com\\\/noticias\\\/telecinco-la-que-se-avecina-regresa-el-lunes\\\/#organizationLogo\"},\"image\":{\"@id\":\"https:\\\/\\\/www.eldigitaldeasturias.com\\\/noticias\\\/telecinco-la-que-se-avecina-regresa-el-lunes\\\/#organizationLogo\"},\"sameAs\":[\"https:\\\/\\\/facebook.com\\\/eldigitaldeasturias\",\"https:\\\/\\\/www.youtube.com\\\/channel\\\/UCZP-2wLEB9Rv6erhFmqVnvg\"],\"address\":{\"@id\":\"https:\\\/\\\/www.eldigitaldeasturias.com\\\/noticias\\\/#postaladdress\",\"@type\":\"PostalAddress\",\"streetAddress\":\"san antonio 4\",\"postalCode\":\"33430\",\"addressLocality\":\"Cand\\u00e1s\",\"addressRegion\":\"Asturias\",\"addressCountry\":\"ES\"}},{\"@type\":\"Person\",\"@id\":\"https:\\\/\\\/www.eldigitaldeasturias.com\\\/noticias\\\/author\\\/admin\\\/#author\",\"url\":\"https:\\\/\\\/www.eldigitaldeasturias.com\\\/noticias\\\/author\\\/admin\\\/\",\"name\":\"El Digital de Asturias\",\"image\":{\"@type\":\"ImageObject\",\"@id\":\"https:\\\/\\\/www.eldigitaldeasturias.com\\\/noticias\\\/telecinco-la-que-se-avecina-regresa-el-lunes\\\/#authorImage\",\"url\":\"https:\\\/\\\/secure.gravatar.com\\\/avatar\\\/df2aeffc32bcd13f8d26072ef8a91b623d677766deac7f97ca815868cd41bf5e?s=96&d=mm&r=g\",\"width\":96,\"height\":96,\"caption\":\"El Digital de Asturias\"}},{\"@type\":\"WebPage\",\"@id\":\"https:\\\/\\\/www.eldigitaldeasturias.com\\\/noticias\\\/telecinco-la-que-se-avecina-regresa-el-lunes\\\/#webpage\",\"url\":\"https:\\\/\\\/www.eldigitaldeasturias.com\\\/noticias\\\/telecinco-la-que-se-avecina-regresa-el-lunes\\\/\",\"name\":\"Telecinco : \\u00abLa que se avecina\\u00bb regresa el lunes. - El Digital de Asturias\",\"description\":\"Madrid, 28 nov (EFE).- El atrabiliario vecindario de \\\"La que se avecina\\\" regresar\\u00e1 el pr\\u00f3ximo lunes a las pantallas de Telecinco con la s\\u00e9ptima temporada de la serie, a la que incorpora con un personaje fijo la actriz Mar\\u00eda Ad\\u00e1nez y que contar\\u00e1 con Fernando Esteso y Mari Carmen y Do\\u00f1a Rogelia como invitados especiales.\",\"inLanguage\":\"es-ES\",\"isPartOf\":{\"@id\":\"https:\\\/\\\/www.eldigitaldeasturias.com\\\/noticias\\\/#website\"},\"breadcrumb\":{\"@id\":\"https:\\\/\\\/www.eldigitaldeasturias.com\\\/noticias\\\/telecinco-la-que-se-avecina-regresa-el-lunes\\\/#breadcrumblist\"},\"author\":{\"@id\":\"https:\\\/\\\/www.eldigitaldeasturias.com\\\/noticias\\\/author\\\/admin\\\/#author\"},\"creator\":{\"@id\":\"https:\\\/\\\/www.eldigitaldeasturias.com\\\/noticias\\\/author\\\/admin\\\/#author\"},\"image\":{\"@type\":\"ImageObject\",\"url\":455546,\"@id\":\"https:\\\/\\\/www.eldigitaldeasturias.com\\\/noticias\\\/telecinco-la-que-se-avecina-regresa-el-lunes\\\/#mainImage\"},\"primaryImageOfPage\":{\"@id\":\"https:\\\/\\\/www.eldigitaldeasturias.com\\\/noticias\\\/telecinco-la-que-se-avecina-regresa-el-lunes\\\/#mainImage\"},\"datePublished\":\"2013-11-28T21:51:38+01:00\",\"dateModified\":\"2013-11-28T21:51:38+01:00\"},{\"@type\":\"WebSite\",\"@id\":\"https:\\\/\\\/www.eldigitaldeasturias.com\\\/noticias\\\/#website\",\"url\":\"https:\\\/\\\/www.eldigitaldeasturias.com\\\/noticias\\\/\",\"name\":\"El Digital de Asturias - Diario de actualidad y noticias\",\"alternateName\":\"El Digital de Asturias - Diario de actualidad y noticias\",\"description\":\"Hemeroteca\",\"inLanguage\":\"es-ES\",\"publisher\":{\"@id\":\"https:\\\/\\\/www.eldigitaldeasturias.com\\\/noticias\\\/#organization\"}}]}\n\t\t<\/script>\n\t\t<!-- All in One SEO Pro -->\r\n\t\t<title>Telecinco : \u00abLa que se avecina\u00bb regresa el lunes. - El Digital de Asturias<\/title>\n\n","aioseo_head_json":{"title":"Telecinco : \u00abLa que se avecina\u00bb regresa el lunes. - El Digital de Asturias","description":"Madrid, 28 nov (EFE).- El atrabiliario vecindario de \"La que se avecina\" regresar\u00e1 el pr\u00f3ximo lunes a las pantallas de Telecinco con la s\u00e9ptima temporada de la serie, a la que incorpora con un personaje fijo la actriz Mar\u00eda Ad\u00e1nez y que contar\u00e1 con Fernando Esteso y Mari Carmen y Do\u00f1a Rogelia como invitados especiales.","canonical_url":"https:\/\/www.eldigitaldeasturias.com\/noticias\/telecinco-la-que-se-avecina-regresa-el-lunes\/","robots":"max-image-preview:large","keywords":"revista de ocio","webmasterTools":{"google-site-verification":"UA-38556648-1","msvalidate.01":"7dfe9f3f1b24437ab69f4f2559babe99","miscellaneous":""},"schema":{"@context":"https:\/\/schema.org","@graph":[{"@type":"BlogPosting","@id":"https:\/\/www.eldigitaldeasturias.com\/noticias\/telecinco-la-que-se-avecina-regresa-el-lunes\/#blogposting","name":"Telecinco : \u00abLa que se avecina\u00bb regresa el lunes. - El Digital de Asturias","headline":"Telecinco : \u00abLa que se avecina\u00bb regresa el lunes.","author":{"@id":"https:\/\/www.eldigitaldeasturias.com\/noticias\/author\/admin\/#author"},"publisher":{"@id":"https:\/\/www.eldigitaldeasturias.com\/noticias\/#organization"},"image":{"@type":"ImageObject","url":455546},"datePublished":"2013-11-28T21:51:38+01:00","dateModified":"2013-11-28T21:51:38+01:00","inLanguage":"es-ES","mainEntityOfPage":{"@id":"https:\/\/www.eldigitaldeasturias.com\/noticias\/telecinco-la-que-se-avecina-regresa-el-lunes\/#webpage"},"isPartOf":{"@id":"https:\/\/www.eldigitaldeasturias.com\/noticias\/telecinco-la-que-se-avecina-regresa-el-lunes\/#webpage"},"articleSection":"Revista de Ocio"},{"@type":"BreadcrumbList","@id":"https:\/\/www.eldigitaldeasturias.com\/noticias\/telecinco-la-que-se-avecina-regresa-el-lunes\/#breadcrumblist","itemListElement":[{"@type":"ListItem","@id":"https:\/\/www.eldigitaldeasturias.com\/noticias#listItem","position":1,"name":"Home","item":"https:\/\/www.eldigitaldeasturias.com\/noticias","nextItem":{"@type":"ListItem","@id":"https:\/\/www.eldigitaldeasturias.com\/noticias\/category\/revista-de-ocio\/#listItem","name":"Revista de Ocio"}},{"@type":"ListItem","@id":"https:\/\/www.eldigitaldeasturias.com\/noticias\/category\/revista-de-ocio\/#listItem","position":2,"name":"Revista de Ocio","item":"https:\/\/www.eldigitaldeasturias.com\/noticias\/category\/revista-de-ocio\/","nextItem":{"@type":"ListItem","@id":"https:\/\/www.eldigitaldeasturias.com\/noticias\/telecinco-la-que-se-avecina-regresa-el-lunes\/#listItem","name":"Telecinco : \u00abLa que se avecina\u00bb regresa el lunes."},"previousItem":{"@type":"ListItem","@id":"https:\/\/www.eldigitaldeasturias.com\/noticias#listItem","name":"Home"}},{"@type":"ListItem","@id":"https:\/\/www.eldigitaldeasturias.com\/noticias\/telecinco-la-que-se-avecina-regresa-el-lunes\/#listItem","position":3,"name":"Telecinco : \u00abLa que se avecina\u00bb regresa el lunes.","previousItem":{"@type":"ListItem","@id":"https:\/\/www.eldigitaldeasturias.com\/noticias\/category\/revista-de-ocio\/#listItem","name":"Revista de Ocio"}}]},{"@type":"Organization","@id":"https:\/\/www.eldigitaldeasturias.com\/noticias\/#organization","name":"El Digital de Asturias","description":"Hemeroteca","url":"https:\/\/www.eldigitaldeasturias.com\/noticias\/","email":"info@eldigitaldeasturias.com","telephone":"+34652131393","logo":{"@type":"ImageObject","url":"https:\/\/www.eldigitaldeasturias.com\/noticias\/wp-content\/uploads\/2020\/12\/EDA.jpg","@id":"https:\/\/www.eldigitaldeasturias.com\/noticias\/telecinco-la-que-se-avecina-regresa-el-lunes\/#organizationLogo"},"image":{"@id":"https:\/\/www.eldigitaldeasturias.com\/noticias\/telecinco-la-que-se-avecina-regresa-el-lunes\/#organizationLogo"},"sameAs":["https:\/\/facebook.com\/eldigitaldeasturias","https:\/\/www.youtube.com\/channel\/UCZP-2wLEB9Rv6erhFmqVnvg"],"address":{"@id":"https:\/\/www.eldigitaldeasturias.com\/noticias\/#postaladdress","@type":"PostalAddress","streetAddress":"san antonio 4","postalCode":"33430","addressLocality":"Cand\u00e1s","addressRegion":"Asturias","addressCountry":"ES"}},{"@type":"Person","@id":"https:\/\/www.eldigitaldeasturias.com\/noticias\/author\/admin\/#author","url":"https:\/\/www.eldigitaldeasturias.com\/noticias\/author\/admin\/","name":"El Digital de Asturias","image":{"@type":"ImageObject","@id":"https:\/\/www.eldigitaldeasturias.com\/noticias\/telecinco-la-que-se-avecina-regresa-el-lunes\/#authorImage","url":"https:\/\/secure.gravatar.com\/avatar\/df2aeffc32bcd13f8d26072ef8a91b623d677766deac7f97ca815868cd41bf5e?s=96&d=mm&r=g","width":96,"height":96,"caption":"El Digital de Asturias"}},{"@type":"WebPage","@id":"https:\/\/www.eldigitaldeasturias.com\/noticias\/telecinco-la-que-se-avecina-regresa-el-lunes\/#webpage","url":"https:\/\/www.eldigitaldeasturias.com\/noticias\/telecinco-la-que-se-avecina-regresa-el-lunes\/","name":"Telecinco : \u00abLa que se avecina\u00bb regresa el lunes. - El Digital de Asturias","description":"Madrid, 28 nov (EFE).- El atrabiliario vecindario de \"La que se avecina\" regresar\u00e1 el pr\u00f3ximo lunes a las pantallas de Telecinco con la s\u00e9ptima temporada de la serie, a la que incorpora con un personaje fijo la actriz Mar\u00eda Ad\u00e1nez y que contar\u00e1 con Fernando Esteso y Mari Carmen y Do\u00f1a Rogelia como invitados especiales.","inLanguage":"es-ES","isPartOf":{"@id":"https:\/\/www.eldigitaldeasturias.com\/noticias\/#website"},"breadcrumb":{"@id":"https:\/\/www.eldigitaldeasturias.com\/noticias\/telecinco-la-que-se-avecina-regresa-el-lunes\/#breadcrumblist"},"author":{"@id":"https:\/\/www.eldigitaldeasturias.com\/noticias\/author\/admin\/#author"},"creator":{"@id":"https:\/\/www.eldigitaldeasturias.com\/noticias\/author\/admin\/#author"},"image":{"@type":"ImageObject","url":455546,"@id":"https:\/\/www.eldigitaldeasturias.com\/noticias\/telecinco-la-que-se-avecina-regresa-el-lunes\/#mainImage"},"primaryImageOfPage":{"@id":"https:\/\/www.eldigitaldeasturias.com\/noticias\/telecinco-la-que-se-avecina-regresa-el-lunes\/#mainImage"},"datePublished":"2013-11-28T21:51:38+01:00","dateModified":"2013-11-28T21:51:38+01:00"},{"@type":"WebSite","@id":"https:\/\/www.eldigitaldeasturias.com\/noticias\/#website","url":"https:\/\/www.eldigitaldeasturias.com\/noticias\/","name":"El Digital de Asturias - Diario de actualidad y noticias","alternateName":"El Digital de Asturias - Diario de actualidad y noticias","description":"Hemeroteca","inLanguage":"es-ES","publisher":{"@id":"https:\/\/www.eldigitaldeasturias.com\/noticias\/#organization"}}]},"og:locale":"es_ES","og:site_name":"El Digital de Asturias","og:type":"article","og:title":"Telecinco : \u00abLa que se avecina\u00bb regresa el lunes. - El Digital de Asturias","og:description":"Madrid, 28 nov (EFE).- El atrabiliario vecindario de &quot;La que se avecina&quot; regresar\u00e1 el pr\u00f3ximo lunes a las pantallas de Telecinco con la s\u00e9ptima temporada de la serie, a la que incorpora con un personaje fijo la actriz Mar\u00eda Ad\u00e1nez y que contar\u00e1 con Fernando Esteso y Mari Carmen y Do\u00f1a Rogelia como invitados especiales.","og:url":"https:\/\/www.eldigitaldeasturias.com\/noticias\/telecinco-la-que-se-avecina-regresa-el-lunes\/","article:tag":["revista de ocio"],"article:published_time":"2013-11-28T22:51:38+00:00","article:modified_time":"2013-11-28T22:51:38+00:00","article:publisher":"https:\/\/facebook.com\/eldigitaldeasturias","twitter:card":"summary_large_image","twitter:title":"Telecinco : \u00abLa que se avecina\u00bb regresa el lunes. - El Digital de Asturias","twitter:description":"Madrid, 28 nov (EFE).- El atrabiliario vecindario de &quot;La que se avecina&quot; regresar\u00e1 el pr\u00f3ximo lunes a las pantallas de Telecinco con la s\u00e9ptima temporada de la serie, a la que incorpora con un personaje fijo la actriz Mar\u00eda Ad\u00e1nez y que contar\u00e1 con Fernando Esteso y Mari Carmen y Do\u00f1a Rogelia como invitados especiales.","twitter:label1":"Escrito por","twitter:data1":"El Digital de Asturias","twitter:label2":"Tiempo de lectura estimado","twitter:data2":"3 minutos"},"aioseo_meta_data":{"post_id":"455545","title":null,"description":null,"keywords":null,"keyphrases":null,"primary_term":null,"canonical_url":null,"og_title":null,"og_description":null,"og_object_type":"default","og_image_type":"default","og_image_url":null,"og_image_width":null,"og_image_height":null,"og_image_custom_url":null,"og_image_custom_fields":null,"og_video":null,"og_custom_url":null,"og_article_section":null,"og_article_tags":null,"twitter_use_og":true,"twitter_card":"default","twitter_image_type":"default","twitter_image_url":null,"twitter_image_custom_url":null,"twitter_image_custom_fields":null,"twitter_title":null,"twitter_description":null,"schema":{"blockGraphs":[],"customGraphs":[],"default":{"data":{"Article":[],"Course":[],"Dataset":[],"FAQPage":[],"Movie":[],"Person":[],"Product":[],"ProductReview":[],"Car":[],"Recipe":[],"Service":[],"SoftwareApplication":[],"WebPage":[]},"graphName":"","isEnabled":true},"graphs":[],"defaultGraph":"","defaultPostTypeGraph":""},"schema_type":null,"schema_type_options":null,"pillar_content":false,"robots_default":true,"robots_noindex":false,"robots_noarchive":false,"robots_nosnippet":false,"robots_nofollow":false,"robots_noimageindex":false,"robots_noodp":false,"robots_notranslate":false,"robots_max_snippet":null,"robots_max_videopreview":null,"robots_max_imagepreview":"none","priority":null,"frequency":null,"local_seo":null,"seo_analyzer_scan_date":"2026-05-29 18:43:59","breadcrumb_settings":null,"limit_modified_date":false,"open_ai":null,"ai":null,"created":"2020-11-14 22:45:20","updated":"2026-05-29 18:43:59","focus_keyword":null,"additional_keywords":null,"truseo_locale":null},"aioseo_breadcrumb":"<div class=\"aioseo-breadcrumbs\"><span class=\"aioseo-breadcrumb\">\n\t<a href=\"https:\/\/www.eldigitaldeasturias.com\/noticias\" title=\"Home\">Home<\/a>\n<\/span><span class=\"aioseo-breadcrumb-separator\">\u2013<\/span><span class=\"aioseo-breadcrumb\">\n\t<a href=\"https:\/\/www.eldigitaldeasturias.com\/noticias\/category\/revista-de-ocio\/\" title=\"Revista de Ocio\">Revista de Ocio<\/a>\n<\/span><span class=\"aioseo-breadcrumb-separator\">\u2013<\/span><span class=\"aioseo-breadcrumb\">\n\t<a href=\"https:\/\/www.eldigitaldeasturias.com\/noticias\/telecinco-la-que-se-avecina-regresa-el-lunes\/\" title=\"Telecinco : \u00abLa que se avecina\u00bb regresa el lunes.\">Telecinco : \u00abLa que se avecina\u00bb regresa el lunes.<\/a>\n<\/span><\/div>","aioseo_breadcrumb_json":[{"label":"Home","link":"https:\/\/www.eldigitaldeasturias.com\/noticias"},{"label":"Revista de Ocio","link":"https:\/\/www.eldigitaldeasturias.com\/noticias\/category\/revista-de-ocio\/"},{"label":"Telecinco : \u00abLa que se avecina\u00bb regresa el lunes.","link":"https:\/\/www.eldigitaldeasturias.com\/noticias\/telecinco-la-que-se-avecina-regresa-el-lunes\/"}],"_links":{"self":[{"href":"https:\/\/www.eldigitaldeasturias.com\/noticias\/wp-json\/wp\/v2\/posts\/455545","targetHints":{"allow":["GET"]}}],"collection":[{"href":"https:\/\/www.eldigitaldeasturias.com\/noticias\/wp-json\/wp\/v2\/posts"}],"about":[{"href":"https:\/\/www.eldigitaldeasturias.com\/noticias\/wp-json\/wp\/v2\/types\/post"}],"author":[{"embeddable":true,"href":"https:\/\/www.eldigitaldeasturias.com\/noticias\/wp-json\/wp\/v2\/users\/1"}],"replies":[{"embeddable":true,"href":"https:\/\/www.eldigitaldeasturias.com\/noticias\/wp-json\/wp\/v2\/comments?post=455545"}],"version-history":[{"count":0,"href":"https:\/\/www.eldigitaldeasturias.com\/noticias\/wp-json\/wp\/v2\/posts\/455545\/revisions"}],"wp:attachment":[{"href":"https:\/\/www.eldigitaldeasturias.com\/noticias\/wp-json\/wp\/v2\/media?parent=455545"}],"wp:term":[{"taxonomy":"category","embeddable":true,"href":"https:\/\/www.eldigitaldeasturias.com\/noticias\/wp-json\/wp\/v2\/categories?post=455545"},{"taxonomy":"post_tag","embeddable":true,"href":"https:\/\/www.eldigitaldeasturias.com\/noticias\/wp-json\/wp\/v2\/tags?post=455545"}],"curies":[{"name":"wp","href":"https:\/\/api.w.org\/{rel}","templated":true}]}}