{"id":455518,"date":"2013-11-28T21:35:37","date_gmt":"2013-11-28T22:35:37","guid":{"rendered":"http:\/\/www.eldigitaldeasturias.com\/noticias\/?p=455518"},"modified":"2013-11-28T21:35:37","modified_gmt":"2013-11-28T22:35:37","slug":"los-rectores-advierten-de-que-la-universidad-esta-comprometida-por-los-ajustes","status":"publish","type":"post","link":"https:\/\/www.eldigitaldeasturias.com\/noticias\/los-rectores-advierten-de-que-la-universidad-esta-comprometida-por-los-ajustes\/","title":{"rendered":"Los rectores advierten de que la Universidad est\u00e1 comprometida por los ajustes"},"content":{"rendered":"<p><img loading=\"lazy\" decoding=\"async\" class=\"alignleft size-medium wp-image-455519\" alt=\"5759979w\" src=\"https:\/\/www.eldigitaldeasturias.com\/noticias\/wp-content\/uploads\/2013\/11\/5759979w-360x213.jpg\" width=\"360\" height=\"213\" \/>Madrid, 28 nov (EFE).- La presidenta de la Conferencia de Rectores de las Universidades Espa\u00f1olas (CRUE), Adelaida de la Calle, ha advertido de que \u00abtodo\u00bb lo que ofrece la Universidad a la sociedad est\u00e1 \u00abcomprometido\u00bb por unas \u00abduras pol\u00edticas de austeridad\u00bb, que tendr\u00e1n efectos \u00abgraves\u00bb a medio y largo plazo.<\/p>\n<p>De la Calle se ha pronunciado de esta forma en la presentaci\u00f3n del informe \u00abLa Universidad Espa\u00f1ola en Cifras 2012\u00bb, en el que se hace un an\u00e1lisis sobre los principales indicadores de estos centros educativos durante el curso acad\u00e9mico 2010-2011.<\/p>\n<p>Seg\u00fan los rectores, los datos del informe constatan que \u00abla Universidad ha trabajado, trabaja y trabajar\u00e1\u00bb, pero tambi\u00e9n que la \u00abcruda realidad\u00bb de la crisis se hizo palpable en ella a partir de 2010.<\/p>\n<p>No obstante, sus consecuencias m\u00e1s negativas, seg\u00fan subrayan, son posteriores al periodo analizado, y a ellas se hace referencia en las conclusiones del informe, que ha sintetizado De la Calle con una frase: \u00aben este momento la Universidad se siente en una dura encrucijada\u00bb.<\/p>\n<p>\u00abAhora afronta -ha continuado- una coyuntura particularmente delicada que pone a pruebas sus cimientos y requiere amplitud de miras para su superaci\u00f3n\u00bb.<\/p>\n<p>Entre los motivos de esa situaci\u00f3n est\u00e1 la reducci\u00f3n de los presupuestos destinados a la educaci\u00f3n superior por parte de las administraciones centrales y auton\u00f3micas, que, en opini\u00f3n de De la Calle, suponen un \u00abescollo\u00bb para las labores docentes e investigadores que se desarrollan en la Universidad.<\/p>\n<p>Para la presidenta de los rectores, la Universidad \u00ablejos de ser ineficiente, como en algunas ocasiones se ha pretendido indicar, lo que necesita es mejor y mayor financiaci\u00f3n para poder desarrollar la misi\u00f3n que la sociedad la ha asignado\u00bb.<\/p>\n<p>Una opini\u00f3n que comparte Francisco Michavila, director de la c\u00e1tedra UNESCO de gesti\u00f3n y Pol\u00edtica Universitaria de la Universidad Polit\u00e9cnica de Madrid.<\/p>\n<p>\u00abSin una financiaci\u00f3n suficiente -ha hecho hincapi\u00e9 Michavila-, y sin los recursos humanos adecuados, la Universidad espa\u00f1ola se alejar\u00e1 de su compromiso social y de las expectativas de los ciudadanos\u00bb.<\/p>\n<p>Sin embargo, a pesar de estar atravesando esta situaci\u00f3n, la Universidad, seg\u00fan De la Calle, est\u00e1 respondiendo \u00abcon trabajo y tes\u00f3n\u00bb, formando al personal investigador, lo que ha hecho que se haya incrementado en el periodo 2010-2011 la producci\u00f3n cient\u00edfica con respecto a a\u00f1os anteriores.<\/p>\n<p>En concreto, seg\u00fan apunta el informe, en ese curso se hicieron m\u00e1s de 82.000 publicaciones y 39.144 art\u00edculos difundidos en publicaciones internacionales, un 15 % m\u00e1s que en 2008.<\/p>\n<p>Pero hay otros datos que constatan un aumento del rendimiento del sistema: se increment\u00f3 en un 2,82 % el n\u00famero de alumnos graduados, respecto al total de matriculados en 2006-2007, y tambi\u00e9n aumentaron las tesis doctorales defendidas sobre el n\u00famero de estudiantes de doctorado, del 9,4 % en 2008-2010 a 10,9 en el curso analizado.<\/p>\n<p>Los universitarios, adem\u00e1s, en general, aprobaron el 60,2 % de los cr\u00e9ditos matriculados.<\/p>\n<p>Tambi\u00e9n, se detect\u00f3 un crecimiento de alumnos matriculados debido probablemente al elevado paro juvenil. Fueron 308.165 los de nuevo ingreso, pero es previsible, seg\u00fan la CRUE, que en los pr\u00f3ximos a\u00f1os con la subida de tasas se aprecie un descenso en la tendencia.<\/p>\n<p>La evoluci\u00f3n del n\u00famero de alumnos\/profesor ha ido en disminuci\u00f3n un a\u00f1o m\u00e1s (de 18,7 en 2002-2003 a 14,03 en 2010-2011), pero la CRUE alerta de que esa cifra sufrir\u00e1 un aumento al verse las universidades obligadas a reducir sus plantillas con los recortes presupuestarios de los dos \u00faltimos cursos.<\/p>\n<p>Por \u00faltimo, en 2010 las universidades p\u00fablicas consiguieron 1.370 millones para la investigaci\u00f3n, un 7 % menos que dos a\u00f1os antes, una circunstancia que, seg\u00fan De la Calle, debe llevar a la Universidad a buscar recursos a nivel internacional o bien patrocinios y mecenazgos.<\/p>\n","protected":false},"excerpt":{"rendered":"<p>Madrid, 28 nov (EFE).- La presidenta de la Conferencia de Rectores de las Universidades Espa\u00f1olas (CRUE), Adelaida de la Calle, ha advertido de que \u00abtodo\u00bb lo que ofrece la Universidad a la sociedad est\u00e1 \u00abcomprometido\u00bb por unas \u00abduras pol\u00edticas de austeridad\u00bb, que tendr\u00e1n efectos \u00abgraves\u00bb a medio y largo plazo. De la Calle se ha [&hellip;]<\/p>\n","protected":false},"author":1,"featured_media":455519,"comment_status":"closed","ping_status":"open","sticky":false,"template":"","format":"standard","meta":{"footnotes":""},"categories":[28],"tags":[],"class_list":["post-455518","post","type-post","status-publish","format-standard","has-post-thumbnail","hentry","category-sociedad"],"aioseo_notices":[],"aioseo_head":"\n\t\t<!-- All in One SEO Pro 5.0.1 - aioseo.com -->\n\t<meta name=\"description\" content=\"Madrid, 28 nov (EFE).- La presidenta de la Conferencia de Rectores de las Universidades Espa\u00f1olas (CRUE), Adelaida de la Calle, ha advertido de que &quot;todo&quot; lo que ofrece la Universidad a la sociedad est\u00e1 &quot;comprometido&quot; por unas &quot;duras pol\u00edticas de austeridad&quot;, que tendr\u00e1n efectos &quot;graves&quot; a medio y largo plazo. De la Calle se ha\" \/>\n\t<meta name=\"robots\" content=\"max-image-preview:large\" \/>\n\t<meta name=\"author\" content=\"El Digital de Asturias\"\/>\n\t<meta name=\"google-site-verification\" content=\"UA-38556648-1\" \/>\n\t<meta name=\"msvalidate.01\" content=\"7dfe9f3f1b24437ab69f4f2559babe99\" \/>\n\t<meta name=\"keywords\" content=\"sociedad\" \/>\n\t<link rel=\"canonical\" href=\"https:\/\/www.eldigitaldeasturias.com\/noticias\/los-rectores-advierten-de-que-la-universidad-esta-comprometida-por-los-ajustes\/\" \/>\n\t<meta name=\"generator\" content=\"All in One SEO Pro (AIOSEO) 5.0.1\" \/>\n\t\t<meta property=\"og:locale\" content=\"es_ES\" \/>\n\t\t<meta property=\"og:site_name\" content=\"El Digital de Asturias\" \/>\n\t\t<meta property=\"og:type\" content=\"article\" \/>\n\t\t<meta property=\"og:title\" content=\"Los rectores advierten de que la Universidad est\u00e1 comprometida por los ajustes - El Digital de Asturias\" \/>\n\t\t<meta property=\"og:description\" content=\"Madrid, 28 nov (EFE).- La presidenta de la Conferencia de Rectores de las Universidades Espa\u00f1olas (CRUE), Adelaida de la Calle, ha advertido de que &quot;todo&quot; lo que ofrece la Universidad a la sociedad est\u00e1 &quot;comprometido&quot; por unas &quot;duras pol\u00edticas de austeridad&quot;, que tendr\u00e1n efectos &quot;graves&quot; a medio y largo plazo. De la Calle se ha\" \/>\n\t\t<meta property=\"og:url\" content=\"https:\/\/www.eldigitaldeasturias.com\/noticias\/los-rectores-advierten-de-que-la-universidad-esta-comprometida-por-los-ajustes\/\" \/>\n\t\t<meta property=\"article:tag\" content=\"sociedad\" \/>\n\t\t<meta property=\"article:published_time\" content=\"2013-11-28T22:35:37+00:00\" \/>\n\t\t<meta property=\"article:modified_time\" content=\"2013-11-28T22:35:37+00:00\" \/>\n\t\t<meta property=\"article:publisher\" content=\"https:\/\/facebook.com\/eldigitaldeasturias\" \/>\n\t\t<meta name=\"twitter:card\" content=\"summary_large_image\" \/>\n\t\t<meta name=\"twitter:title\" content=\"Los rectores advierten de que la Universidad est\u00e1 comprometida por los ajustes - El Digital de Asturias\" \/>\n\t\t<meta name=\"twitter:description\" content=\"Madrid, 28 nov (EFE).- La presidenta de la Conferencia de Rectores de las Universidades Espa\u00f1olas (CRUE), Adelaida de la Calle, ha advertido de que &quot;todo&quot; lo que ofrece la Universidad a la sociedad est\u00e1 &quot;comprometido&quot; por unas &quot;duras pol\u00edticas de austeridad&quot;, que tendr\u00e1n efectos &quot;graves&quot; a medio y largo plazo. De la Calle se ha\" \/>\n\t\t<meta name=\"twitter:label1\" content=\"Escrito por\" \/>\n\t\t<meta name=\"twitter:data1\" content=\"El Digital de Asturias\" \/>\n\t\t<meta name=\"twitter:label2\" content=\"Tiempo de lectura estimado\" \/>\n\t\t<meta name=\"twitter:data2\" content=\"3 minutos\" \/>\n\t\t<script type=\"application\/ld+json\" class=\"aioseo-schema\">\n\t\t\t{\"@context\":\"https:\\\/\\\/schema.org\",\"@graph\":[{\"@type\":\"BlogPosting\",\"@id\":\"https:\\\/\\\/www.eldigitaldeasturias.com\\\/noticias\\\/los-rectores-advierten-de-que-la-universidad-esta-comprometida-por-los-ajustes\\\/#blogposting\",\"name\":\"Los rectores advierten de que la Universidad est\\u00e1 comprometida por los ajustes - El Digital de Asturias\",\"headline\":\"Los rectores advierten de que la Universidad est\\u00e1 comprometida por los ajustes\",\"author\":{\"@id\":\"https:\\\/\\\/www.eldigitaldeasturias.com\\\/noticias\\\/author\\\/admin\\\/#author\"},\"publisher\":{\"@id\":\"https:\\\/\\\/www.eldigitaldeasturias.com\\\/noticias\\\/#organization\"},\"image\":{\"@type\":\"ImageObject\",\"url\":455519},\"datePublished\":\"2013-11-28T21:35:37+01:00\",\"dateModified\":\"2013-11-28T21:35:37+01:00\",\"inLanguage\":\"es-ES\",\"mainEntityOfPage\":{\"@id\":\"https:\\\/\\\/www.eldigitaldeasturias.com\\\/noticias\\\/los-rectores-advierten-de-que-la-universidad-esta-comprometida-por-los-ajustes\\\/#webpage\"},\"isPartOf\":{\"@id\":\"https:\\\/\\\/www.eldigitaldeasturias.com\\\/noticias\\\/los-rectores-advierten-de-que-la-universidad-esta-comprometida-por-los-ajustes\\\/#webpage\"},\"articleSection\":\"Sociedad\"},{\"@type\":\"BreadcrumbList\",\"@id\":\"https:\\\/\\\/www.eldigitaldeasturias.com\\\/noticias\\\/los-rectores-advierten-de-que-la-universidad-esta-comprometida-por-los-ajustes\\\/#breadcrumblist\",\"itemListElement\":[{\"@type\":\"ListItem\",\"@id\":\"https:\\\/\\\/www.eldigitaldeasturias.com\\\/noticias#listItem\",\"position\":1,\"name\":\"Home\",\"item\":\"https:\\\/\\\/www.eldigitaldeasturias.com\\\/noticias\",\"nextItem\":{\"@type\":\"ListItem\",\"@id\":\"https:\\\/\\\/www.eldigitaldeasturias.com\\\/noticias\\\/category\\\/sociedad\\\/#listItem\",\"name\":\"Sociedad\"}},{\"@type\":\"ListItem\",\"@id\":\"https:\\\/\\\/www.eldigitaldeasturias.com\\\/noticias\\\/category\\\/sociedad\\\/#listItem\",\"position\":2,\"name\":\"Sociedad\",\"item\":\"https:\\\/\\\/www.eldigitaldeasturias.com\\\/noticias\\\/category\\\/sociedad\\\/\",\"nextItem\":{\"@type\":\"ListItem\",\"@id\":\"https:\\\/\\\/www.eldigitaldeasturias.com\\\/noticias\\\/los-rectores-advierten-de-que-la-universidad-esta-comprometida-por-los-ajustes\\\/#listItem\",\"name\":\"Los rectores advierten de que la Universidad est\\u00e1 comprometida por los ajustes\"},\"previousItem\":{\"@type\":\"ListItem\",\"@id\":\"https:\\\/\\\/www.eldigitaldeasturias.com\\\/noticias#listItem\",\"name\":\"Home\"}},{\"@type\":\"ListItem\",\"@id\":\"https:\\\/\\\/www.eldigitaldeasturias.com\\\/noticias\\\/los-rectores-advierten-de-que-la-universidad-esta-comprometida-por-los-ajustes\\\/#listItem\",\"position\":3,\"name\":\"Los rectores advierten de que la Universidad est\\u00e1 comprometida por los ajustes\",\"previousItem\":{\"@type\":\"ListItem\",\"@id\":\"https:\\\/\\\/www.eldigitaldeasturias.com\\\/noticias\\\/category\\\/sociedad\\\/#listItem\",\"name\":\"Sociedad\"}}]},{\"@type\":\"Organization\",\"@id\":\"https:\\\/\\\/www.eldigitaldeasturias.com\\\/noticias\\\/#organization\",\"name\":\"El Digital de Asturias\",\"description\":\"Hemeroteca\",\"url\":\"https:\\\/\\\/www.eldigitaldeasturias.com\\\/noticias\\\/\",\"email\":\"info@eldigitaldeasturias.com\",\"telephone\":\"+34652131393\",\"logo\":{\"@type\":\"ImageObject\",\"url\":\"https:\\\/\\\/www.eldigitaldeasturias.com\\\/noticias\\\/wp-content\\\/uploads\\\/2020\\\/12\\\/EDA.jpg\",\"@id\":\"https:\\\/\\\/www.eldigitaldeasturias.com\\\/noticias\\\/los-rectores-advierten-de-que-la-universidad-esta-comprometida-por-los-ajustes\\\/#organizationLogo\"},\"image\":{\"@id\":\"https:\\\/\\\/www.eldigitaldeasturias.com\\\/noticias\\\/los-rectores-advierten-de-que-la-universidad-esta-comprometida-por-los-ajustes\\\/#organizationLogo\"},\"sameAs\":[\"https:\\\/\\\/facebook.com\\\/eldigitaldeasturias\",\"https:\\\/\\\/www.youtube.com\\\/channel\\\/UCZP-2wLEB9Rv6erhFmqVnvg\"],\"address\":{\"@id\":\"https:\\\/\\\/www.eldigitaldeasturias.com\\\/noticias\\\/#postaladdress\",\"@type\":\"PostalAddress\",\"streetAddress\":\"san antonio 4\",\"postalCode\":\"33430\",\"addressLocality\":\"Cand\\u00e1s\",\"addressRegion\":\"Asturias\",\"addressCountry\":\"ES\"}},{\"@type\":\"Person\",\"@id\":\"https:\\\/\\\/www.eldigitaldeasturias.com\\\/noticias\\\/author\\\/admin\\\/#author\",\"url\":\"https:\\\/\\\/www.eldigitaldeasturias.com\\\/noticias\\\/author\\\/admin\\\/\",\"name\":\"El Digital de Asturias\",\"image\":{\"@type\":\"ImageObject\",\"@id\":\"https:\\\/\\\/www.eldigitaldeasturias.com\\\/noticias\\\/los-rectores-advierten-de-que-la-universidad-esta-comprometida-por-los-ajustes\\\/#authorImage\",\"url\":\"https:\\\/\\\/secure.gravatar.com\\\/avatar\\\/df2aeffc32bcd13f8d26072ef8a91b623d677766deac7f97ca815868cd41bf5e?s=96&d=mm&r=g\",\"width\":96,\"height\":96,\"caption\":\"El Digital de Asturias\"}},{\"@type\":\"WebPage\",\"@id\":\"https:\\\/\\\/www.eldigitaldeasturias.com\\\/noticias\\\/los-rectores-advierten-de-que-la-universidad-esta-comprometida-por-los-ajustes\\\/#webpage\",\"url\":\"https:\\\/\\\/www.eldigitaldeasturias.com\\\/noticias\\\/los-rectores-advierten-de-que-la-universidad-esta-comprometida-por-los-ajustes\\\/\",\"name\":\"Los rectores advierten de que la Universidad est\\u00e1 comprometida por los ajustes - El Digital de Asturias\",\"description\":\"Madrid, 28 nov (EFE).- La presidenta de la Conferencia de Rectores de las Universidades Espa\\u00f1olas (CRUE), Adelaida de la Calle, ha advertido de que \\\"todo\\\" lo que ofrece la Universidad a la sociedad est\\u00e1 \\\"comprometido\\\" por unas \\\"duras pol\\u00edticas de austeridad\\\", que tendr\\u00e1n efectos \\\"graves\\\" a medio y largo plazo. De la Calle se ha\",\"inLanguage\":\"es-ES\",\"isPartOf\":{\"@id\":\"https:\\\/\\\/www.eldigitaldeasturias.com\\\/noticias\\\/#website\"},\"breadcrumb\":{\"@id\":\"https:\\\/\\\/www.eldigitaldeasturias.com\\\/noticias\\\/los-rectores-advierten-de-que-la-universidad-esta-comprometida-por-los-ajustes\\\/#breadcrumblist\"},\"author\":{\"@id\":\"https:\\\/\\\/www.eldigitaldeasturias.com\\\/noticias\\\/author\\\/admin\\\/#author\"},\"creator\":{\"@id\":\"https:\\\/\\\/www.eldigitaldeasturias.com\\\/noticias\\\/author\\\/admin\\\/#author\"},\"image\":{\"@type\":\"ImageObject\",\"url\":455519,\"@id\":\"https:\\\/\\\/www.eldigitaldeasturias.com\\\/noticias\\\/los-rectores-advierten-de-que-la-universidad-esta-comprometida-por-los-ajustes\\\/#mainImage\"},\"primaryImageOfPage\":{\"@id\":\"https:\\\/\\\/www.eldigitaldeasturias.com\\\/noticias\\\/los-rectores-advierten-de-que-la-universidad-esta-comprometida-por-los-ajustes\\\/#mainImage\"},\"datePublished\":\"2013-11-28T21:35:37+01:00\",\"dateModified\":\"2013-11-28T21:35:37+01:00\"},{\"@type\":\"WebSite\",\"@id\":\"https:\\\/\\\/www.eldigitaldeasturias.com\\\/noticias\\\/#website\",\"url\":\"https:\\\/\\\/www.eldigitaldeasturias.com\\\/noticias\\\/\",\"name\":\"El Digital de Asturias - Diario de actualidad y noticias\",\"alternateName\":\"El Digital de Asturias - Diario de actualidad y noticias\",\"description\":\"Hemeroteca\",\"inLanguage\":\"es-ES\",\"publisher\":{\"@id\":\"https:\\\/\\\/www.eldigitaldeasturias.com\\\/noticias\\\/#organization\"}}]}\n\t\t<\/script>\n\t\t<!-- All in One SEO Pro -->\r\n\t\t<title>Los rectores advierten de que la Universidad est\u00e1 comprometida por los ajustes - El Digital de Asturias<\/title>\n\n","aioseo_head_json":{"title":"Los rectores advierten de que la Universidad est\u00e1 comprometida por los ajustes - El Digital de Asturias","description":"Madrid, 28 nov (EFE).- La presidenta de la Conferencia de Rectores de las Universidades Espa\u00f1olas (CRUE), Adelaida de la Calle, ha advertido de que \"todo\" lo que ofrece la Universidad a la sociedad est\u00e1 \"comprometido\" por unas \"duras pol\u00edticas de austeridad\", que tendr\u00e1n efectos \"graves\" a medio y largo plazo. De la Calle se ha","canonical_url":"https:\/\/www.eldigitaldeasturias.com\/noticias\/los-rectores-advierten-de-que-la-universidad-esta-comprometida-por-los-ajustes\/","robots":"max-image-preview:large","keywords":"sociedad","webmasterTools":{"google-site-verification":"UA-38556648-1","msvalidate.01":"7dfe9f3f1b24437ab69f4f2559babe99","miscellaneous":""},"schema":{"@context":"https:\/\/schema.org","@graph":[{"@type":"BlogPosting","@id":"https:\/\/www.eldigitaldeasturias.com\/noticias\/los-rectores-advierten-de-que-la-universidad-esta-comprometida-por-los-ajustes\/#blogposting","name":"Los rectores advierten de que la Universidad est\u00e1 comprometida por los ajustes - El Digital de Asturias","headline":"Los rectores advierten de que la Universidad est\u00e1 comprometida por los ajustes","author":{"@id":"https:\/\/www.eldigitaldeasturias.com\/noticias\/author\/admin\/#author"},"publisher":{"@id":"https:\/\/www.eldigitaldeasturias.com\/noticias\/#organization"},"image":{"@type":"ImageObject","url":455519},"datePublished":"2013-11-28T21:35:37+01:00","dateModified":"2013-11-28T21:35:37+01:00","inLanguage":"es-ES","mainEntityOfPage":{"@id":"https:\/\/www.eldigitaldeasturias.com\/noticias\/los-rectores-advierten-de-que-la-universidad-esta-comprometida-por-los-ajustes\/#webpage"},"isPartOf":{"@id":"https:\/\/www.eldigitaldeasturias.com\/noticias\/los-rectores-advierten-de-que-la-universidad-esta-comprometida-por-los-ajustes\/#webpage"},"articleSection":"Sociedad"},{"@type":"BreadcrumbList","@id":"https:\/\/www.eldigitaldeasturias.com\/noticias\/los-rectores-advierten-de-que-la-universidad-esta-comprometida-por-los-ajustes\/#breadcrumblist","itemListElement":[{"@type":"ListItem","@id":"https:\/\/www.eldigitaldeasturias.com\/noticias#listItem","position":1,"name":"Home","item":"https:\/\/www.eldigitaldeasturias.com\/noticias","nextItem":{"@type":"ListItem","@id":"https:\/\/www.eldigitaldeasturias.com\/noticias\/category\/sociedad\/#listItem","name":"Sociedad"}},{"@type":"ListItem","@id":"https:\/\/www.eldigitaldeasturias.com\/noticias\/category\/sociedad\/#listItem","position":2,"name":"Sociedad","item":"https:\/\/www.eldigitaldeasturias.com\/noticias\/category\/sociedad\/","nextItem":{"@type":"ListItem","@id":"https:\/\/www.eldigitaldeasturias.com\/noticias\/los-rectores-advierten-de-que-la-universidad-esta-comprometida-por-los-ajustes\/#listItem","name":"Los rectores advierten de que la Universidad est\u00e1 comprometida por los ajustes"},"previousItem":{"@type":"ListItem","@id":"https:\/\/www.eldigitaldeasturias.com\/noticias#listItem","name":"Home"}},{"@type":"ListItem","@id":"https:\/\/www.eldigitaldeasturias.com\/noticias\/los-rectores-advierten-de-que-la-universidad-esta-comprometida-por-los-ajustes\/#listItem","position":3,"name":"Los rectores advierten de que la Universidad est\u00e1 comprometida por los ajustes","previousItem":{"@type":"ListItem","@id":"https:\/\/www.eldigitaldeasturias.com\/noticias\/category\/sociedad\/#listItem","name":"Sociedad"}}]},{"@type":"Organization","@id":"https:\/\/www.eldigitaldeasturias.com\/noticias\/#organization","name":"El Digital de Asturias","description":"Hemeroteca","url":"https:\/\/www.eldigitaldeasturias.com\/noticias\/","email":"info@eldigitaldeasturias.com","telephone":"+34652131393","logo":{"@type":"ImageObject","url":"https:\/\/www.eldigitaldeasturias.com\/noticias\/wp-content\/uploads\/2020\/12\/EDA.jpg","@id":"https:\/\/www.eldigitaldeasturias.com\/noticias\/los-rectores-advierten-de-que-la-universidad-esta-comprometida-por-los-ajustes\/#organizationLogo"},"image":{"@id":"https:\/\/www.eldigitaldeasturias.com\/noticias\/los-rectores-advierten-de-que-la-universidad-esta-comprometida-por-los-ajustes\/#organizationLogo"},"sameAs":["https:\/\/facebook.com\/eldigitaldeasturias","https:\/\/www.youtube.com\/channel\/UCZP-2wLEB9Rv6erhFmqVnvg"],"address":{"@id":"https:\/\/www.eldigitaldeasturias.com\/noticias\/#postaladdress","@type":"PostalAddress","streetAddress":"san antonio 4","postalCode":"33430","addressLocality":"Cand\u00e1s","addressRegion":"Asturias","addressCountry":"ES"}},{"@type":"Person","@id":"https:\/\/www.eldigitaldeasturias.com\/noticias\/author\/admin\/#author","url":"https:\/\/www.eldigitaldeasturias.com\/noticias\/author\/admin\/","name":"El Digital de Asturias","image":{"@type":"ImageObject","@id":"https:\/\/www.eldigitaldeasturias.com\/noticias\/los-rectores-advierten-de-que-la-universidad-esta-comprometida-por-los-ajustes\/#authorImage","url":"https:\/\/secure.gravatar.com\/avatar\/df2aeffc32bcd13f8d26072ef8a91b623d677766deac7f97ca815868cd41bf5e?s=96&d=mm&r=g","width":96,"height":96,"caption":"El Digital de Asturias"}},{"@type":"WebPage","@id":"https:\/\/www.eldigitaldeasturias.com\/noticias\/los-rectores-advierten-de-que-la-universidad-esta-comprometida-por-los-ajustes\/#webpage","url":"https:\/\/www.eldigitaldeasturias.com\/noticias\/los-rectores-advierten-de-que-la-universidad-esta-comprometida-por-los-ajustes\/","name":"Los rectores advierten de que la Universidad est\u00e1 comprometida por los ajustes - El Digital de Asturias","description":"Madrid, 28 nov (EFE).- La presidenta de la Conferencia de Rectores de las Universidades Espa\u00f1olas (CRUE), Adelaida de la Calle, ha advertido de que \"todo\" lo que ofrece la Universidad a la sociedad est\u00e1 \"comprometido\" por unas \"duras pol\u00edticas de austeridad\", que tendr\u00e1n efectos \"graves\" a medio y largo plazo. De la Calle se ha","inLanguage":"es-ES","isPartOf":{"@id":"https:\/\/www.eldigitaldeasturias.com\/noticias\/#website"},"breadcrumb":{"@id":"https:\/\/www.eldigitaldeasturias.com\/noticias\/los-rectores-advierten-de-que-la-universidad-esta-comprometida-por-los-ajustes\/#breadcrumblist"},"author":{"@id":"https:\/\/www.eldigitaldeasturias.com\/noticias\/author\/admin\/#author"},"creator":{"@id":"https:\/\/www.eldigitaldeasturias.com\/noticias\/author\/admin\/#author"},"image":{"@type":"ImageObject","url":455519,"@id":"https:\/\/www.eldigitaldeasturias.com\/noticias\/los-rectores-advierten-de-que-la-universidad-esta-comprometida-por-los-ajustes\/#mainImage"},"primaryImageOfPage":{"@id":"https:\/\/www.eldigitaldeasturias.com\/noticias\/los-rectores-advierten-de-que-la-universidad-esta-comprometida-por-los-ajustes\/#mainImage"},"datePublished":"2013-11-28T21:35:37+01:00","dateModified":"2013-11-28T21:35:37+01:00"},{"@type":"WebSite","@id":"https:\/\/www.eldigitaldeasturias.com\/noticias\/#website","url":"https:\/\/www.eldigitaldeasturias.com\/noticias\/","name":"El Digital de Asturias - Diario de actualidad y noticias","alternateName":"El Digital de Asturias - Diario de actualidad y noticias","description":"Hemeroteca","inLanguage":"es-ES","publisher":{"@id":"https:\/\/www.eldigitaldeasturias.com\/noticias\/#organization"}}]},"og:locale":"es_ES","og:site_name":"El Digital de Asturias","og:type":"article","og:title":"Los rectores advierten de que la Universidad est\u00e1 comprometida por los ajustes - El Digital de Asturias","og:description":"Madrid, 28 nov (EFE).- La presidenta de la Conferencia de Rectores de las Universidades Espa\u00f1olas (CRUE), Adelaida de la Calle, ha advertido de que &quot;todo&quot; lo que ofrece la Universidad a la sociedad est\u00e1 &quot;comprometido&quot; por unas &quot;duras pol\u00edticas de austeridad&quot;, que tendr\u00e1n efectos &quot;graves&quot; a medio y largo plazo. De la Calle se ha","og:url":"https:\/\/www.eldigitaldeasturias.com\/noticias\/los-rectores-advierten-de-que-la-universidad-esta-comprometida-por-los-ajustes\/","article:tag":["sociedad"],"article:published_time":"2013-11-28T22:35:37+00:00","article:modified_time":"2013-11-28T22:35:37+00:00","article:publisher":"https:\/\/facebook.com\/eldigitaldeasturias","twitter:card":"summary_large_image","twitter:title":"Los rectores advierten de que la Universidad est\u00e1 comprometida por los ajustes - El Digital de Asturias","twitter:description":"Madrid, 28 nov (EFE).- La presidenta de la Conferencia de Rectores de las Universidades Espa\u00f1olas (CRUE), Adelaida de la Calle, ha advertido de que &quot;todo&quot; lo que ofrece la Universidad a la sociedad est\u00e1 &quot;comprometido&quot; por unas &quot;duras pol\u00edticas de austeridad&quot;, que tendr\u00e1n efectos &quot;graves&quot; a medio y largo plazo. De la Calle se ha","twitter:label1":"Escrito por","twitter:data1":"El Digital de Asturias","twitter:label2":"Tiempo de lectura estimado","twitter:data2":"3 minutos"},"aioseo_meta_data":{"post_id":"455518","title":null,"description":null,"keywords":null,"keyphrases":null,"primary_term":null,"canonical_url":null,"og_title":null,"og_description":null,"og_object_type":"default","og_image_type":"default","og_image_url":null,"og_image_width":null,"og_image_height":null,"og_image_custom_url":null,"og_image_custom_fields":null,"og_video":null,"og_custom_url":null,"og_article_section":null,"og_article_tags":null,"twitter_use_og":true,"twitter_card":"default","twitter_image_type":"default","twitter_image_url":null,"twitter_image_custom_url":null,"twitter_image_custom_fields":null,"twitter_title":null,"twitter_description":null,"schema":{"blockGraphs":[],"customGraphs":[],"default":{"data":{"Article":[],"Course":[],"Dataset":[],"FAQPage":[],"Movie":[],"Person":[],"Product":[],"ProductReview":[],"Car":[],"Recipe":[],"Service":[],"SoftwareApplication":[],"WebPage":[]},"graphName":"","isEnabled":true},"graphs":[],"defaultGraph":"","defaultPostTypeGraph":""},"schema_type":null,"schema_type_options":null,"pillar_content":false,"robots_default":true,"robots_noindex":false,"robots_noarchive":false,"robots_nosnippet":false,"robots_nofollow":false,"robots_noimageindex":false,"robots_noodp":false,"robots_notranslate":false,"robots_max_snippet":null,"robots_max_videopreview":null,"robots_max_imagepreview":"none","priority":null,"frequency":null,"local_seo":null,"seo_analyzer_scan_date":"2026-05-29 18:38:58","breadcrumb_settings":null,"limit_modified_date":false,"open_ai":null,"ai":null,"created":"2020-11-14 22:45:20","updated":"2026-05-29 18:38:58","focus_keyword":null,"additional_keywords":null,"truseo_locale":null},"aioseo_breadcrumb":"<div class=\"aioseo-breadcrumbs\"><span class=\"aioseo-breadcrumb\">\n\t<a href=\"https:\/\/www.eldigitaldeasturias.com\/noticias\" title=\"Home\">Home<\/a>\n<\/span><span class=\"aioseo-breadcrumb-separator\">\u2013<\/span><span class=\"aioseo-breadcrumb\">\n\t<a href=\"https:\/\/www.eldigitaldeasturias.com\/noticias\/category\/sociedad\/\" title=\"Sociedad\">Sociedad<\/a>\n<\/span><span class=\"aioseo-breadcrumb-separator\">\u2013<\/span><span class=\"aioseo-breadcrumb\">\n\t<a href=\"https:\/\/www.eldigitaldeasturias.com\/noticias\/los-rectores-advierten-de-que-la-universidad-esta-comprometida-por-los-ajustes\/\" title=\"Los rectores advierten de que la Universidad est\u00e1 comprometida por los ajustes\">Los rectores advierten de que la Universidad est\u00e1 comprometida por los ajustes<\/a>\n<\/span><\/div>","aioseo_breadcrumb_json":[{"label":"Home","link":"https:\/\/www.eldigitaldeasturias.com\/noticias"},{"label":"Sociedad","link":"https:\/\/www.eldigitaldeasturias.com\/noticias\/category\/sociedad\/"},{"label":"Los rectores advierten de que la Universidad est\u00e1 comprometida por los ajustes","link":"https:\/\/www.eldigitaldeasturias.com\/noticias\/los-rectores-advierten-de-que-la-universidad-esta-comprometida-por-los-ajustes\/"}],"_links":{"self":[{"href":"https:\/\/www.eldigitaldeasturias.com\/noticias\/wp-json\/wp\/v2\/posts\/455518","targetHints":{"allow":["GET"]}}],"collection":[{"href":"https:\/\/www.eldigitaldeasturias.com\/noticias\/wp-json\/wp\/v2\/posts"}],"about":[{"href":"https:\/\/www.eldigitaldeasturias.com\/noticias\/wp-json\/wp\/v2\/types\/post"}],"author":[{"embeddable":true,"href":"https:\/\/www.eldigitaldeasturias.com\/noticias\/wp-json\/wp\/v2\/users\/1"}],"replies":[{"embeddable":true,"href":"https:\/\/www.eldigitaldeasturias.com\/noticias\/wp-json\/wp\/v2\/comments?post=455518"}],"version-history":[{"count":0,"href":"https:\/\/www.eldigitaldeasturias.com\/noticias\/wp-json\/wp\/v2\/posts\/455518\/revisions"}],"wp:attachment":[{"href":"https:\/\/www.eldigitaldeasturias.com\/noticias\/wp-json\/wp\/v2\/media?parent=455518"}],"wp:term":[{"taxonomy":"category","embeddable":true,"href":"https:\/\/www.eldigitaldeasturias.com\/noticias\/wp-json\/wp\/v2\/categories?post=455518"},{"taxonomy":"post_tag","embeddable":true,"href":"https:\/\/www.eldigitaldeasturias.com\/noticias\/wp-json\/wp\/v2\/tags?post=455518"}],"curies":[{"name":"wp","href":"https:\/\/api.w.org\/{rel}","templated":true}]}}