{"id":455513,"date":"2013-11-28T21:28:25","date_gmt":"2013-11-28T22:28:25","guid":{"rendered":"http:\/\/www.eldigitaldeasturias.com\/noticias\/?p=455513"},"modified":"2013-11-28T21:28:25","modified_gmt":"2013-11-28T22:28:25","slug":"brasil-convencido-de-que-el-mundial-sera-inaugurado-en-sao-paulo","status":"publish","type":"post","link":"https:\/\/www.eldigitaldeasturias.com\/noticias\/brasil-convencido-de-que-el-mundial-sera-inaugurado-en-sao-paulo\/","title":{"rendered":"Brasil, \u00abconvencido\u00bb de que el Mundial ser\u00e1 inaugurado en Sao Paulo"},"content":{"rendered":"<p><img loading=\"lazy\" decoding=\"async\" class=\"alignleft size-medium wp-image-437975\" alt=\"Fussball: Brasilia Vorschau Fussball WM 2014 Brasilien\" src=\"https:\/\/www.eldigitaldeasturias.com\/noticias\/wp-content\/uploads\/2013\/10\/BRASIL_COMIENZA_A_RE_36048730-360x223.jpg\" width=\"360\" height=\"223\" \/>R\u00edo de Janeiro\/Bruselas\/Z\u00farich, 28 nov (dpa) &#8211; El comit\u00e9 organizador local (COL) del Mundial de Brasil 2014 est\u00e1 \u00ababsolutamente convencido\u00bb de que la apertura de la cita se realizar\u00e1 en Sao Paulo, pese a las \u00abdudas\u00bb de la FIFA tras el accidente en el estadio del Corinthians que caus\u00f3 la muerte a dos obreros.<\/p>\n<p>\u00abAccidentes son cosas que pasan. Yo lamento mucho las muertes, pero estoy absolutamente convencido de que la Copa ser\u00e1 inaugurada all\u00e1\u00bb, dijo el presidente del COL, Jos\u00e9 Maria Marin, al comentar en R\u00edo de Janeiro la tragedia ocurrida el mi\u00e9rcoles, que adem\u00e1s de las vidas humanas tambi\u00e9n caus\u00f3 da\u00f1os en las tribunas.<\/p>\n<p>El optimismo del octogenario dirigente, sin embargo, no parece ser compartido por la FIFA, que hoy admiti\u00f3 que la celebraci\u00f3n en Sao Paulo del partido inaugural de Brasil 2014, el 12 de junio, pas\u00f3 a ser \u00abun caso de duda\u00bb.<\/p>\n<p>\u00abEl estadio tiene que estar completamente terminado cuatro meses antes del Mundial, pues a\u00fan hay que chequear algunas cosas. Si no, debemos mirar al calendario y preguntarnos si podemos jugar realmente el partido inaugural en Sao Paulo\u00bb, dijo hoy el belga Michel D&#8217;Hooghe, miembro del comit\u00e9 ejecutivo de la FIFA a la emisora belga Radio 1.<\/p>\n<p>Tras el accidente, varios medios especularon con el traslado del partido previsto para el 12 de junio de Sao Paulo al estadio Maracan\u00e1 de R\u00edo de Janeiro, donde se jugar\u00e1 la final el 13 de julio.<\/p>\n<p>La portavoz de la FIFA, Delia Fischer, no confirma ni desmiente los rumores, y afirma que, por ahora, no hay nada definido: \u00abTodav\u00eda no podemos juzgar la situaci\u00f3n, ya que a\u00fan estamos esperando al informe t\u00e9cnico para poder evaluar la medida exacta de los da\u00f1os\u00bb.<\/p>\n<p>Una primera inspecci\u00f3n en el lugar del accidente fue realizada hoy por la Coordinaci\u00f3n de Defensa Civil de Sao Paulo, cuyo jefe, el coronel Jair Paca de Lima, prohibi\u00f3 la realizaci\u00f3n de trabajos en el \u00e1rea afectada, equivalente a un diez por ciento de la superficie total de la arena.<\/p>\n<p>Seg\u00fan Paca de Lima, los propietarios del estadio deben ahora solicitar un permiso para realizar obras de emergencia, y reci\u00e9n despu\u00e9s de que lo reciban podr\u00e1n volver a acceder al sector semidestru\u00eddo por la ca\u00edda de la gr\u00faa de 420 kilos.<\/p>\n<p>El oficial asever\u00f3 que el accidente no caus\u00f3 da\u00f1os estructurales graves, pero se abstuvo de apuntar las causas de la tragedia, alegando que ello depende de la conclusi\u00f3n del peritaje realizado por la Polic\u00eda T\u00e9cnico-Cient\u00edfica, que tiene plazo de 30 d\u00edas para presentar su informe. \u00abPuede ser fallo humano, de equipo, de material, o algo fortuito\u00bb, coment\u00f3.<\/p>\n<p>El accidente tambi\u00e9n est\u00e1 siendo investigado por el Ministerio P\u00fablico, que busca verificar, entre otras cosas, si el apuro de la constructora Odebrecht en concluir la obra a tiempo de entregarla a la FIFA el 5 de enero pr\u00f3ximo incidi\u00f3 de alguna forma en la tragedia.<\/p>\n<p>Esta posibilidad fue mencionada por un trabajador de la obra en una entrevista concedida bajo condici\u00f3n de anonimato a la red televisiva brasile\u00f1a Record.<\/p>\n<p>\u00abEra la \u00faltima pieza que ten\u00edamos que colocar en el lugar y algo que comentamos era la prisa que ten\u00edamos, puesto que llovi\u00f3 toda la semana. Generalmente se colocan las piezas en el piso (cerca de la base de las gr\u00faas), pero esta vez no fue as\u00ed, fue un poco m\u00e1s apurado\u00bb, dijo el trabajador.<\/p>\n<p>Por otra parte, el presidente del Sindicato de los Trabajadores de la Industria de Construcci\u00f3n Civil de Sao Paulo (Sintracon), Antonio de Sousa Ramalho, revel\u00f3 que un t\u00e9cnico de seguridad que trabaja en la construcci\u00f3n del estadio alert\u00f3 en la ma\u00f1ana del mi\u00e9rcoles sobre un problema en la base de la gr\u00faa que se desplom\u00f3 pocas horas despu\u00e9s.<\/p>\n<p>\u00abSeg\u00fan parece, hubo un error de c\u00e1lculo en la estructura de la base de la gr\u00faa\u00bb, expres\u00f3 el sindicalista.<\/p>\n<p>La denuncia del sindicalista, sin embargo, fue desmentida por Odebrecht y por el Corinthians que, en una nota conjunta, aseguraron que \u00abno hubo ning\u00fan alerta previo al accidente\u00bb.<\/p>\n<p>La FIFA analizar\u00e1 junto al comit\u00e9 organizador las posibles consecuencias del accidente el 3 de diciembre en el resort de Costa do Sau\u00edpe, donde d\u00edas despu\u00e9s se realizar\u00e1 el sorteo del Mundial.<\/p>\n<p>Por Diana Ren\u00e9e<\/p>\n","protected":false},"excerpt":{"rendered":"<p>R\u00edo de Janeiro\/Bruselas\/Z\u00farich, 28 nov (dpa) &#8211; El comit\u00e9 organizador local (COL) del Mundial de Brasil 2014 est\u00e1 \u00ababsolutamente convencido\u00bb de que la apertura de la cita se realizar\u00e1 en Sao Paulo, pese a las \u00abdudas\u00bb de la FIFA tras el accidente en el estadio del Corinthians que caus\u00f3 la muerte a dos obreros. \u00abAccidentes [&hellip;]<\/p>\n","protected":false},"author":1,"featured_media":437975,"comment_status":"open","ping_status":"open","sticky":false,"template":"","format":"standard","meta":{"footnotes":""},"categories":[28],"tags":[],"class_list":["post-455513","post","type-post","status-publish","format-standard","has-post-thumbnail","hentry","category-sociedad"],"aioseo_notices":[],"aioseo_head":"\n\t\t<!-- All in One SEO Pro 5.0.1 - aioseo.com -->\n\t<meta name=\"description\" content=\"R\u00edo de Janeiro\/Bruselas\/Z\u00farich, 28 nov (dpa) - El comit\u00e9 organizador local (COL) del Mundial de Brasil 2014 est\u00e1 &quot;absolutamente convencido&quot; de que la apertura de la cita se realizar\u00e1 en Sao Paulo, pese a las &quot;dudas&quot; de la FIFA tras el accidente en el estadio del Corinthians que caus\u00f3 la muerte a dos obreros. &quot;Accidentes\" \/>\n\t<meta name=\"robots\" content=\"max-image-preview:large\" \/>\n\t<meta name=\"author\" content=\"El Digital de Asturias\"\/>\n\t<meta name=\"google-site-verification\" content=\"UA-38556648-1\" \/>\n\t<meta name=\"msvalidate.01\" content=\"7dfe9f3f1b24437ab69f4f2559babe99\" \/>\n\t<meta name=\"keywords\" content=\"sociedad\" \/>\n\t<link rel=\"canonical\" href=\"https:\/\/www.eldigitaldeasturias.com\/noticias\/brasil-convencido-de-que-el-mundial-sera-inaugurado-en-sao-paulo\/\" \/>\n\t<meta name=\"generator\" content=\"All in One SEO Pro (AIOSEO) 5.0.1\" \/>\n\t\t<meta property=\"og:locale\" content=\"es_ES\" \/>\n\t\t<meta property=\"og:site_name\" content=\"El Digital de Asturias\" \/>\n\t\t<meta property=\"og:type\" content=\"article\" \/>\n\t\t<meta property=\"og:title\" content=\"Brasil, \u00abconvencido\u00bb de que el Mundial ser\u00e1 inaugurado en Sao Paulo - El Digital de Asturias\" \/>\n\t\t<meta property=\"og:description\" content=\"R\u00edo de Janeiro\/Bruselas\/Z\u00farich, 28 nov (dpa) - El comit\u00e9 organizador local (COL) del Mundial de Brasil 2014 est\u00e1 &quot;absolutamente convencido&quot; de que la apertura de la cita se realizar\u00e1 en Sao Paulo, pese a las &quot;dudas&quot; de la FIFA tras el accidente en el estadio del Corinthians que caus\u00f3 la muerte a dos obreros. &quot;Accidentes\" \/>\n\t\t<meta property=\"og:url\" content=\"https:\/\/www.eldigitaldeasturias.com\/noticias\/brasil-convencido-de-que-el-mundial-sera-inaugurado-en-sao-paulo\/\" \/>\n\t\t<meta property=\"article:tag\" content=\"sociedad\" \/>\n\t\t<meta property=\"article:published_time\" content=\"2013-11-28T22:28:25+00:00\" \/>\n\t\t<meta property=\"article:modified_time\" content=\"2013-11-28T22:28:25+00:00\" \/>\n\t\t<meta property=\"article:publisher\" content=\"https:\/\/facebook.com\/eldigitaldeasturias\" \/>\n\t\t<meta name=\"twitter:card\" content=\"summary_large_image\" \/>\n\t\t<meta name=\"twitter:title\" content=\"Brasil, \u00abconvencido\u00bb de que el Mundial ser\u00e1 inaugurado en Sao Paulo - El Digital de Asturias\" \/>\n\t\t<meta name=\"twitter:description\" content=\"R\u00edo de Janeiro\/Bruselas\/Z\u00farich, 28 nov (dpa) - El comit\u00e9 organizador local (COL) del Mundial de Brasil 2014 est\u00e1 &quot;absolutamente convencido&quot; de que la apertura de la cita se realizar\u00e1 en Sao Paulo, pese a las &quot;dudas&quot; de la FIFA tras el accidente en el estadio del Corinthians que caus\u00f3 la muerte a dos obreros. &quot;Accidentes\" \/>\n\t\t<meta name=\"twitter:label1\" content=\"Escrito por\" \/>\n\t\t<meta name=\"twitter:data1\" content=\"El Digital de Asturias\" \/>\n\t\t<meta name=\"twitter:label2\" content=\"Tiempo de lectura estimado\" \/>\n\t\t<meta name=\"twitter:data2\" content=\"4 minutos\" \/>\n\t\t<script type=\"application\/ld+json\" class=\"aioseo-schema\">\n\t\t\t{\"@context\":\"https:\\\/\\\/schema.org\",\"@graph\":[{\"@type\":\"BlogPosting\",\"@id\":\"https:\\\/\\\/www.eldigitaldeasturias.com\\\/noticias\\\/brasil-convencido-de-que-el-mundial-sera-inaugurado-en-sao-paulo\\\/#blogposting\",\"name\":\"Brasil, \\u00abconvencido\\u00bb de que el Mundial ser\\u00e1 inaugurado en Sao Paulo - El Digital de Asturias\",\"headline\":\"Brasil, \\u00abconvencido\\u00bb de que el Mundial ser\\u00e1 inaugurado en Sao Paulo\",\"author\":{\"@id\":\"https:\\\/\\\/www.eldigitaldeasturias.com\\\/noticias\\\/author\\\/admin\\\/#author\"},\"publisher\":{\"@id\":\"https:\\\/\\\/www.eldigitaldeasturias.com\\\/noticias\\\/#organization\"},\"image\":{\"@type\":\"ImageObject\",\"url\":437975},\"datePublished\":\"2013-11-28T21:28:25+01:00\",\"dateModified\":\"2013-11-28T21:28:25+01:00\",\"inLanguage\":\"es-ES\",\"mainEntityOfPage\":{\"@id\":\"https:\\\/\\\/www.eldigitaldeasturias.com\\\/noticias\\\/brasil-convencido-de-que-el-mundial-sera-inaugurado-en-sao-paulo\\\/#webpage\"},\"isPartOf\":{\"@id\":\"https:\\\/\\\/www.eldigitaldeasturias.com\\\/noticias\\\/brasil-convencido-de-que-el-mundial-sera-inaugurado-en-sao-paulo\\\/#webpage\"},\"articleSection\":\"Sociedad\"},{\"@type\":\"BreadcrumbList\",\"@id\":\"https:\\\/\\\/www.eldigitaldeasturias.com\\\/noticias\\\/brasil-convencido-de-que-el-mundial-sera-inaugurado-en-sao-paulo\\\/#breadcrumblist\",\"itemListElement\":[{\"@type\":\"ListItem\",\"@id\":\"https:\\\/\\\/www.eldigitaldeasturias.com\\\/noticias#listItem\",\"position\":1,\"name\":\"Home\",\"item\":\"https:\\\/\\\/www.eldigitaldeasturias.com\\\/noticias\",\"nextItem\":{\"@type\":\"ListItem\",\"@id\":\"https:\\\/\\\/www.eldigitaldeasturias.com\\\/noticias\\\/category\\\/sociedad\\\/#listItem\",\"name\":\"Sociedad\"}},{\"@type\":\"ListItem\",\"@id\":\"https:\\\/\\\/www.eldigitaldeasturias.com\\\/noticias\\\/category\\\/sociedad\\\/#listItem\",\"position\":2,\"name\":\"Sociedad\",\"item\":\"https:\\\/\\\/www.eldigitaldeasturias.com\\\/noticias\\\/category\\\/sociedad\\\/\",\"nextItem\":{\"@type\":\"ListItem\",\"@id\":\"https:\\\/\\\/www.eldigitaldeasturias.com\\\/noticias\\\/brasil-convencido-de-que-el-mundial-sera-inaugurado-en-sao-paulo\\\/#listItem\",\"name\":\"Brasil, \\u00abconvencido\\u00bb de que el Mundial ser\\u00e1 inaugurado en Sao Paulo\"},\"previousItem\":{\"@type\":\"ListItem\",\"@id\":\"https:\\\/\\\/www.eldigitaldeasturias.com\\\/noticias#listItem\",\"name\":\"Home\"}},{\"@type\":\"ListItem\",\"@id\":\"https:\\\/\\\/www.eldigitaldeasturias.com\\\/noticias\\\/brasil-convencido-de-que-el-mundial-sera-inaugurado-en-sao-paulo\\\/#listItem\",\"position\":3,\"name\":\"Brasil, \\u00abconvencido\\u00bb de que el Mundial ser\\u00e1 inaugurado en Sao Paulo\",\"previousItem\":{\"@type\":\"ListItem\",\"@id\":\"https:\\\/\\\/www.eldigitaldeasturias.com\\\/noticias\\\/category\\\/sociedad\\\/#listItem\",\"name\":\"Sociedad\"}}]},{\"@type\":\"Organization\",\"@id\":\"https:\\\/\\\/www.eldigitaldeasturias.com\\\/noticias\\\/#organization\",\"name\":\"El Digital de Asturias\",\"description\":\"Hemeroteca\",\"url\":\"https:\\\/\\\/www.eldigitaldeasturias.com\\\/noticias\\\/\",\"email\":\"info@eldigitaldeasturias.com\",\"telephone\":\"+34652131393\",\"logo\":{\"@type\":\"ImageObject\",\"url\":\"https:\\\/\\\/www.eldigitaldeasturias.com\\\/noticias\\\/wp-content\\\/uploads\\\/2020\\\/12\\\/EDA.jpg\",\"@id\":\"https:\\\/\\\/www.eldigitaldeasturias.com\\\/noticias\\\/brasil-convencido-de-que-el-mundial-sera-inaugurado-en-sao-paulo\\\/#organizationLogo\"},\"image\":{\"@id\":\"https:\\\/\\\/www.eldigitaldeasturias.com\\\/noticias\\\/brasil-convencido-de-que-el-mundial-sera-inaugurado-en-sao-paulo\\\/#organizationLogo\"},\"sameAs\":[\"https:\\\/\\\/facebook.com\\\/eldigitaldeasturias\",\"https:\\\/\\\/www.youtube.com\\\/channel\\\/UCZP-2wLEB9Rv6erhFmqVnvg\"],\"address\":{\"@id\":\"https:\\\/\\\/www.eldigitaldeasturias.com\\\/noticias\\\/#postaladdress\",\"@type\":\"PostalAddress\",\"streetAddress\":\"san antonio 4\",\"postalCode\":\"33430\",\"addressLocality\":\"Cand\\u00e1s\",\"addressRegion\":\"Asturias\",\"addressCountry\":\"ES\"}},{\"@type\":\"Person\",\"@id\":\"https:\\\/\\\/www.eldigitaldeasturias.com\\\/noticias\\\/author\\\/admin\\\/#author\",\"url\":\"https:\\\/\\\/www.eldigitaldeasturias.com\\\/noticias\\\/author\\\/admin\\\/\",\"name\":\"El Digital de Asturias\",\"image\":{\"@type\":\"ImageObject\",\"@id\":\"https:\\\/\\\/www.eldigitaldeasturias.com\\\/noticias\\\/brasil-convencido-de-que-el-mundial-sera-inaugurado-en-sao-paulo\\\/#authorImage\",\"url\":\"https:\\\/\\\/secure.gravatar.com\\\/avatar\\\/df2aeffc32bcd13f8d26072ef8a91b623d677766deac7f97ca815868cd41bf5e?s=96&d=mm&r=g\",\"width\":96,\"height\":96,\"caption\":\"El Digital de Asturias\"}},{\"@type\":\"WebPage\",\"@id\":\"https:\\\/\\\/www.eldigitaldeasturias.com\\\/noticias\\\/brasil-convencido-de-que-el-mundial-sera-inaugurado-en-sao-paulo\\\/#webpage\",\"url\":\"https:\\\/\\\/www.eldigitaldeasturias.com\\\/noticias\\\/brasil-convencido-de-que-el-mundial-sera-inaugurado-en-sao-paulo\\\/\",\"name\":\"Brasil, \\u00abconvencido\\u00bb de que el Mundial ser\\u00e1 inaugurado en Sao Paulo - El Digital de Asturias\",\"description\":\"R\\u00edo de Janeiro\\\/Bruselas\\\/Z\\u00farich, 28 nov (dpa) - El comit\\u00e9 organizador local (COL) del Mundial de Brasil 2014 est\\u00e1 \\\"absolutamente convencido\\\" de que la apertura de la cita se realizar\\u00e1 en Sao Paulo, pese a las \\\"dudas\\\" de la FIFA tras el accidente en el estadio del Corinthians que caus\\u00f3 la muerte a dos obreros. \\\"Accidentes\",\"inLanguage\":\"es-ES\",\"isPartOf\":{\"@id\":\"https:\\\/\\\/www.eldigitaldeasturias.com\\\/noticias\\\/#website\"},\"breadcrumb\":{\"@id\":\"https:\\\/\\\/www.eldigitaldeasturias.com\\\/noticias\\\/brasil-convencido-de-que-el-mundial-sera-inaugurado-en-sao-paulo\\\/#breadcrumblist\"},\"author\":{\"@id\":\"https:\\\/\\\/www.eldigitaldeasturias.com\\\/noticias\\\/author\\\/admin\\\/#author\"},\"creator\":{\"@id\":\"https:\\\/\\\/www.eldigitaldeasturias.com\\\/noticias\\\/author\\\/admin\\\/#author\"},\"image\":{\"@type\":\"ImageObject\",\"url\":437975,\"@id\":\"https:\\\/\\\/www.eldigitaldeasturias.com\\\/noticias\\\/brasil-convencido-de-que-el-mundial-sera-inaugurado-en-sao-paulo\\\/#mainImage\"},\"primaryImageOfPage\":{\"@id\":\"https:\\\/\\\/www.eldigitaldeasturias.com\\\/noticias\\\/brasil-convencido-de-que-el-mundial-sera-inaugurado-en-sao-paulo\\\/#mainImage\"},\"datePublished\":\"2013-11-28T21:28:25+01:00\",\"dateModified\":\"2013-11-28T21:28:25+01:00\"},{\"@type\":\"WebSite\",\"@id\":\"https:\\\/\\\/www.eldigitaldeasturias.com\\\/noticias\\\/#website\",\"url\":\"https:\\\/\\\/www.eldigitaldeasturias.com\\\/noticias\\\/\",\"name\":\"El Digital de Asturias - Diario de actualidad y noticias\",\"alternateName\":\"El Digital de Asturias - Diario de actualidad y noticias\",\"description\":\"Hemeroteca\",\"inLanguage\":\"es-ES\",\"publisher\":{\"@id\":\"https:\\\/\\\/www.eldigitaldeasturias.com\\\/noticias\\\/#organization\"}}]}\n\t\t<\/script>\n\t\t<!-- All in One SEO Pro -->\r\n\t\t<title>Brasil, \u00abconvencido\u00bb de que el Mundial ser\u00e1 inaugurado en Sao Paulo - El Digital de Asturias<\/title>\n\n","aioseo_head_json":{"title":"Brasil, \u00abconvencido\u00bb de que el Mundial ser\u00e1 inaugurado en Sao Paulo - El Digital de Asturias","description":"R\u00edo de Janeiro\/Bruselas\/Z\u00farich, 28 nov (dpa) - El comit\u00e9 organizador local (COL) del Mundial de Brasil 2014 est\u00e1 \"absolutamente convencido\" de que la apertura de la cita se realizar\u00e1 en Sao Paulo, pese a las \"dudas\" de la FIFA tras el accidente en el estadio del Corinthians que caus\u00f3 la muerte a dos obreros. \"Accidentes","canonical_url":"https:\/\/www.eldigitaldeasturias.com\/noticias\/brasil-convencido-de-que-el-mundial-sera-inaugurado-en-sao-paulo\/","robots":"max-image-preview:large","keywords":"sociedad","webmasterTools":{"google-site-verification":"UA-38556648-1","msvalidate.01":"7dfe9f3f1b24437ab69f4f2559babe99","miscellaneous":""},"schema":{"@context":"https:\/\/schema.org","@graph":[{"@type":"BlogPosting","@id":"https:\/\/www.eldigitaldeasturias.com\/noticias\/brasil-convencido-de-que-el-mundial-sera-inaugurado-en-sao-paulo\/#blogposting","name":"Brasil, \u00abconvencido\u00bb de que el Mundial ser\u00e1 inaugurado en Sao Paulo - El Digital de Asturias","headline":"Brasil, \u00abconvencido\u00bb de que el Mundial ser\u00e1 inaugurado en Sao Paulo","author":{"@id":"https:\/\/www.eldigitaldeasturias.com\/noticias\/author\/admin\/#author"},"publisher":{"@id":"https:\/\/www.eldigitaldeasturias.com\/noticias\/#organization"},"image":{"@type":"ImageObject","url":437975},"datePublished":"2013-11-28T21:28:25+01:00","dateModified":"2013-11-28T21:28:25+01:00","inLanguage":"es-ES","mainEntityOfPage":{"@id":"https:\/\/www.eldigitaldeasturias.com\/noticias\/brasil-convencido-de-que-el-mundial-sera-inaugurado-en-sao-paulo\/#webpage"},"isPartOf":{"@id":"https:\/\/www.eldigitaldeasturias.com\/noticias\/brasil-convencido-de-que-el-mundial-sera-inaugurado-en-sao-paulo\/#webpage"},"articleSection":"Sociedad"},{"@type":"BreadcrumbList","@id":"https:\/\/www.eldigitaldeasturias.com\/noticias\/brasil-convencido-de-que-el-mundial-sera-inaugurado-en-sao-paulo\/#breadcrumblist","itemListElement":[{"@type":"ListItem","@id":"https:\/\/www.eldigitaldeasturias.com\/noticias#listItem","position":1,"name":"Home","item":"https:\/\/www.eldigitaldeasturias.com\/noticias","nextItem":{"@type":"ListItem","@id":"https:\/\/www.eldigitaldeasturias.com\/noticias\/category\/sociedad\/#listItem","name":"Sociedad"}},{"@type":"ListItem","@id":"https:\/\/www.eldigitaldeasturias.com\/noticias\/category\/sociedad\/#listItem","position":2,"name":"Sociedad","item":"https:\/\/www.eldigitaldeasturias.com\/noticias\/category\/sociedad\/","nextItem":{"@type":"ListItem","@id":"https:\/\/www.eldigitaldeasturias.com\/noticias\/brasil-convencido-de-que-el-mundial-sera-inaugurado-en-sao-paulo\/#listItem","name":"Brasil, \u00abconvencido\u00bb de que el Mundial ser\u00e1 inaugurado en Sao Paulo"},"previousItem":{"@type":"ListItem","@id":"https:\/\/www.eldigitaldeasturias.com\/noticias#listItem","name":"Home"}},{"@type":"ListItem","@id":"https:\/\/www.eldigitaldeasturias.com\/noticias\/brasil-convencido-de-que-el-mundial-sera-inaugurado-en-sao-paulo\/#listItem","position":3,"name":"Brasil, \u00abconvencido\u00bb de que el Mundial ser\u00e1 inaugurado en Sao Paulo","previousItem":{"@type":"ListItem","@id":"https:\/\/www.eldigitaldeasturias.com\/noticias\/category\/sociedad\/#listItem","name":"Sociedad"}}]},{"@type":"Organization","@id":"https:\/\/www.eldigitaldeasturias.com\/noticias\/#organization","name":"El Digital de Asturias","description":"Hemeroteca","url":"https:\/\/www.eldigitaldeasturias.com\/noticias\/","email":"info@eldigitaldeasturias.com","telephone":"+34652131393","logo":{"@type":"ImageObject","url":"https:\/\/www.eldigitaldeasturias.com\/noticias\/wp-content\/uploads\/2020\/12\/EDA.jpg","@id":"https:\/\/www.eldigitaldeasturias.com\/noticias\/brasil-convencido-de-que-el-mundial-sera-inaugurado-en-sao-paulo\/#organizationLogo"},"image":{"@id":"https:\/\/www.eldigitaldeasturias.com\/noticias\/brasil-convencido-de-que-el-mundial-sera-inaugurado-en-sao-paulo\/#organizationLogo"},"sameAs":["https:\/\/facebook.com\/eldigitaldeasturias","https:\/\/www.youtube.com\/channel\/UCZP-2wLEB9Rv6erhFmqVnvg"],"address":{"@id":"https:\/\/www.eldigitaldeasturias.com\/noticias\/#postaladdress","@type":"PostalAddress","streetAddress":"san antonio 4","postalCode":"33430","addressLocality":"Cand\u00e1s","addressRegion":"Asturias","addressCountry":"ES"}},{"@type":"Person","@id":"https:\/\/www.eldigitaldeasturias.com\/noticias\/author\/admin\/#author","url":"https:\/\/www.eldigitaldeasturias.com\/noticias\/author\/admin\/","name":"El Digital de Asturias","image":{"@type":"ImageObject","@id":"https:\/\/www.eldigitaldeasturias.com\/noticias\/brasil-convencido-de-que-el-mundial-sera-inaugurado-en-sao-paulo\/#authorImage","url":"https:\/\/secure.gravatar.com\/avatar\/df2aeffc32bcd13f8d26072ef8a91b623d677766deac7f97ca815868cd41bf5e?s=96&d=mm&r=g","width":96,"height":96,"caption":"El Digital de Asturias"}},{"@type":"WebPage","@id":"https:\/\/www.eldigitaldeasturias.com\/noticias\/brasil-convencido-de-que-el-mundial-sera-inaugurado-en-sao-paulo\/#webpage","url":"https:\/\/www.eldigitaldeasturias.com\/noticias\/brasil-convencido-de-que-el-mundial-sera-inaugurado-en-sao-paulo\/","name":"Brasil, \u00abconvencido\u00bb de que el Mundial ser\u00e1 inaugurado en Sao Paulo - El Digital de Asturias","description":"R\u00edo de Janeiro\/Bruselas\/Z\u00farich, 28 nov (dpa) - El comit\u00e9 organizador local (COL) del Mundial de Brasil 2014 est\u00e1 \"absolutamente convencido\" de que la apertura de la cita se realizar\u00e1 en Sao Paulo, pese a las \"dudas\" de la FIFA tras el accidente en el estadio del Corinthians que caus\u00f3 la muerte a dos obreros. \"Accidentes","inLanguage":"es-ES","isPartOf":{"@id":"https:\/\/www.eldigitaldeasturias.com\/noticias\/#website"},"breadcrumb":{"@id":"https:\/\/www.eldigitaldeasturias.com\/noticias\/brasil-convencido-de-que-el-mundial-sera-inaugurado-en-sao-paulo\/#breadcrumblist"},"author":{"@id":"https:\/\/www.eldigitaldeasturias.com\/noticias\/author\/admin\/#author"},"creator":{"@id":"https:\/\/www.eldigitaldeasturias.com\/noticias\/author\/admin\/#author"},"image":{"@type":"ImageObject","url":437975,"@id":"https:\/\/www.eldigitaldeasturias.com\/noticias\/brasil-convencido-de-que-el-mundial-sera-inaugurado-en-sao-paulo\/#mainImage"},"primaryImageOfPage":{"@id":"https:\/\/www.eldigitaldeasturias.com\/noticias\/brasil-convencido-de-que-el-mundial-sera-inaugurado-en-sao-paulo\/#mainImage"},"datePublished":"2013-11-28T21:28:25+01:00","dateModified":"2013-11-28T21:28:25+01:00"},{"@type":"WebSite","@id":"https:\/\/www.eldigitaldeasturias.com\/noticias\/#website","url":"https:\/\/www.eldigitaldeasturias.com\/noticias\/","name":"El Digital de Asturias - Diario de actualidad y noticias","alternateName":"El Digital de Asturias - Diario de actualidad y noticias","description":"Hemeroteca","inLanguage":"es-ES","publisher":{"@id":"https:\/\/www.eldigitaldeasturias.com\/noticias\/#organization"}}]},"og:locale":"es_ES","og:site_name":"El Digital de Asturias","og:type":"article","og:title":"Brasil, \u00abconvencido\u00bb de que el Mundial ser\u00e1 inaugurado en Sao Paulo - El Digital de Asturias","og:description":"R\u00edo de Janeiro\/Bruselas\/Z\u00farich, 28 nov (dpa) - El comit\u00e9 organizador local (COL) del Mundial de Brasil 2014 est\u00e1 &quot;absolutamente convencido&quot; de que la apertura de la cita se realizar\u00e1 en Sao Paulo, pese a las &quot;dudas&quot; de la FIFA tras el accidente en el estadio del Corinthians que caus\u00f3 la muerte a dos obreros. &quot;Accidentes","og:url":"https:\/\/www.eldigitaldeasturias.com\/noticias\/brasil-convencido-de-que-el-mundial-sera-inaugurado-en-sao-paulo\/","article:tag":["sociedad"],"article:published_time":"2013-11-28T22:28:25+00:00","article:modified_time":"2013-11-28T22:28:25+00:00","article:publisher":"https:\/\/facebook.com\/eldigitaldeasturias","twitter:card":"summary_large_image","twitter:title":"Brasil, \u00abconvencido\u00bb de que el Mundial ser\u00e1 inaugurado en Sao Paulo - El Digital de Asturias","twitter:description":"R\u00edo de Janeiro\/Bruselas\/Z\u00farich, 28 nov (dpa) - El comit\u00e9 organizador local (COL) del Mundial de Brasil 2014 est\u00e1 &quot;absolutamente convencido&quot; de que la apertura de la cita se realizar\u00e1 en Sao Paulo, pese a las &quot;dudas&quot; de la FIFA tras el accidente en el estadio del Corinthians que caus\u00f3 la muerte a dos obreros. &quot;Accidentes","twitter:label1":"Escrito por","twitter:data1":"El Digital de Asturias","twitter:label2":"Tiempo de lectura estimado","twitter:data2":"4 minutos"},"aioseo_meta_data":{"post_id":"455513","title":null,"description":null,"keywords":null,"keyphrases":null,"primary_term":null,"canonical_url":null,"og_title":null,"og_description":null,"og_object_type":"default","og_image_type":"default","og_image_url":null,"og_image_width":null,"og_image_height":null,"og_image_custom_url":null,"og_image_custom_fields":null,"og_video":null,"og_custom_url":null,"og_article_section":null,"og_article_tags":null,"twitter_use_og":true,"twitter_card":"default","twitter_image_type":"default","twitter_image_url":null,"twitter_image_custom_url":null,"twitter_image_custom_fields":null,"twitter_title":null,"twitter_description":null,"schema":{"blockGraphs":[],"customGraphs":[],"default":{"data":{"Article":[],"Course":[],"Dataset":[],"FAQPage":[],"Movie":[],"Person":[],"Product":[],"ProductReview":[],"Car":[],"Recipe":[],"Service":[],"SoftwareApplication":[],"WebPage":[]},"graphName":"","isEnabled":true},"graphs":[],"defaultGraph":"","defaultPostTypeGraph":""},"schema_type":null,"schema_type_options":null,"pillar_content":false,"robots_default":true,"robots_noindex":false,"robots_noarchive":false,"robots_nosnippet":false,"robots_nofollow":false,"robots_noimageindex":false,"robots_noodp":false,"robots_notranslate":false,"robots_max_snippet":null,"robots_max_videopreview":null,"robots_max_imagepreview":"none","priority":null,"frequency":null,"local_seo":null,"seo_analyzer_scan_date":"2026-05-29 18:38:55","breadcrumb_settings":null,"limit_modified_date":false,"open_ai":null,"ai":null,"created":"2020-11-14 22:45:20","updated":"2026-05-29 18:38:55","focus_keyword":null,"additional_keywords":null,"truseo_locale":null},"aioseo_breadcrumb":"<div class=\"aioseo-breadcrumbs\"><span class=\"aioseo-breadcrumb\">\n\t<a href=\"https:\/\/www.eldigitaldeasturias.com\/noticias\" title=\"Home\">Home<\/a>\n<\/span><span class=\"aioseo-breadcrumb-separator\">\u2013<\/span><span class=\"aioseo-breadcrumb\">\n\t<a href=\"https:\/\/www.eldigitaldeasturias.com\/noticias\/category\/sociedad\/\" title=\"Sociedad\">Sociedad<\/a>\n<\/span><span class=\"aioseo-breadcrumb-separator\">\u2013<\/span><span class=\"aioseo-breadcrumb\">\n\t<a href=\"https:\/\/www.eldigitaldeasturias.com\/noticias\/brasil-convencido-de-que-el-mundial-sera-inaugurado-en-sao-paulo\/\" title=\"Brasil, \u00abconvencido\u00bb de que el Mundial ser\u00e1 inaugurado en Sao Paulo\">Brasil, \u00abconvencido\u00bb de que el Mundial ser\u00e1 inaugurado en Sao Paulo<\/a>\n<\/span><\/div>","aioseo_breadcrumb_json":[{"label":"Home","link":"https:\/\/www.eldigitaldeasturias.com\/noticias"},{"label":"Sociedad","link":"https:\/\/www.eldigitaldeasturias.com\/noticias\/category\/sociedad\/"},{"label":"Brasil, \u00abconvencido\u00bb de que el Mundial ser\u00e1 inaugurado en Sao Paulo","link":"https:\/\/www.eldigitaldeasturias.com\/noticias\/brasil-convencido-de-que-el-mundial-sera-inaugurado-en-sao-paulo\/"}],"_links":{"self":[{"href":"https:\/\/www.eldigitaldeasturias.com\/noticias\/wp-json\/wp\/v2\/posts\/455513","targetHints":{"allow":["GET"]}}],"collection":[{"href":"https:\/\/www.eldigitaldeasturias.com\/noticias\/wp-json\/wp\/v2\/posts"}],"about":[{"href":"https:\/\/www.eldigitaldeasturias.com\/noticias\/wp-json\/wp\/v2\/types\/post"}],"author":[{"embeddable":true,"href":"https:\/\/www.eldigitaldeasturias.com\/noticias\/wp-json\/wp\/v2\/users\/1"}],"replies":[{"embeddable":true,"href":"https:\/\/www.eldigitaldeasturias.com\/noticias\/wp-json\/wp\/v2\/comments?post=455513"}],"version-history":[{"count":0,"href":"https:\/\/www.eldigitaldeasturias.com\/noticias\/wp-json\/wp\/v2\/posts\/455513\/revisions"}],"wp:attachment":[{"href":"https:\/\/www.eldigitaldeasturias.com\/noticias\/wp-json\/wp\/v2\/media?parent=455513"}],"wp:term":[{"taxonomy":"category","embeddable":true,"href":"https:\/\/www.eldigitaldeasturias.com\/noticias\/wp-json\/wp\/v2\/categories?post=455513"},{"taxonomy":"post_tag","embeddable":true,"href":"https:\/\/www.eldigitaldeasturias.com\/noticias\/wp-json\/wp\/v2\/tags?post=455513"}],"curies":[{"name":"wp","href":"https:\/\/api.w.org\/{rel}","templated":true}]}}