{"id":455507,"date":"2013-11-28T21:18:02","date_gmt":"2013-11-28T22:18:02","guid":{"rendered":"http:\/\/www.eldigitaldeasturias.com\/noticias\/?p=455507"},"modified":"2013-11-28T21:18:02","modified_gmt":"2013-11-28T22:18:02","slug":"el-papa-quiere-escabullirse-del-vaticano-para-estar-con-los-pobres","status":"publish","type":"post","link":"https:\/\/www.eldigitaldeasturias.com\/noticias\/el-papa-quiere-escabullirse-del-vaticano-para-estar-con-los-pobres\/","title":{"rendered":"El papa quiere escabullirse del Vaticano para estar con los pobres"},"content":{"rendered":"<p><img loading=\"lazy\" decoding=\"async\" class=\"alignleft size-medium wp-image-1417\" alt=\"papa\" src=\"https:\/\/www.eldigitaldeasturias.com\/noticias\/wp-content\/uploads\/2013\/09\/papa-360x237.jpg\" width=\"360\" height=\"237\" \/>Ciudad del Vaticano, 28 nov (dpa) &#8211; El papa Francisco desea escabullirse del Vaticano para encontrarse en secreto con los pobres, revel\u00f3 hoy el arzobispo polaco Konrad Krajewski, Limosnero del Sumo Pont\u00edfice.<\/p>\n<p>Krajewski dijo ante un grupo de periodistas en el Vaticano que firma cada semana unos 100 cheques para personas que han escrito al papa para pedirle ayuda. Las cantidades transferidas oscilan entre 200 y 1.000 euros (entre 270 y 1.350 d\u00f3lares).<\/p>\n<p>Adem\u00e1s de administrar las donaciones, el Limosnero del papa realiza durante la noche visitas a hogares de ancianos y comedores populares o se encuentra con otras personas necesitadas para rezar y cenar con ellas.<\/p>\n<p>Al principio, \u00abcuando sol\u00eda salir por la noche, a veces (el papa Francisco) me preguntaba si pod\u00eda acompa\u00f1arme\u00bb, relat\u00f3 Krajewski. \u00ab\u00c9l no se dabe cuenta del malestar que podr\u00eda haber causado con esas excursiones\u00bb, agreg\u00f3.<\/p>\n<p>\u00abEl Santo Padre me dijo: el escritorio no es nada para ti, t\u00edralo, no esperes a que los pobres llamen a la puerta, sal a la calle\u00bb, dijo Krajewski al recordar el momento, en agosto pasado, cuando Francisco le asign\u00f3 el cargo de Limosnero del Vaticano.<\/p>\n<p>Seg\u00fan Krajewski, el papa tambi\u00e9 le dijo: \u00abTu cuenta bancaria est\u00e1 bien cuando est\u00e1 vac\u00eda. No inviertas, no especules: gasta\u00bb.<\/p>\n","protected":false},"excerpt":{"rendered":"<p>Ciudad del Vaticano, 28 nov (dpa) &#8211; El papa Francisco desea escabullirse del Vaticano para encontrarse en secreto con los pobres, revel\u00f3 hoy el arzobispo polaco Konrad Krajewski, Limosnero del Sumo Pont\u00edfice. Krajewski dijo ante un grupo de periodistas en el Vaticano que firma cada semana unos 100 cheques para personas que han escrito al [&hellip;]<\/p>\n","protected":false},"author":1,"featured_media":1132184,"comment_status":"open","ping_status":"open","sticky":false,"template":"","format":"standard","meta":{"footnotes":""},"categories":[28],"tags":[],"class_list":["post-455507","post","type-post","status-publish","format-standard","has-post-thumbnail","hentry","category-sociedad"],"aioseo_notices":[],"aioseo_head":"\n\t\t<!-- All in One SEO Pro 5.0.1 - aioseo.com -->\n\t<meta name=\"description\" content=\"Ciudad del Vaticano, 28 nov (dpa) - El papa Francisco desea escabullirse del Vaticano para encontrarse en secreto con los pobres, revel\u00f3 hoy el arzobispo polaco Konrad Krajewski, Limosnero del Sumo Pont\u00edfice. Krajewski dijo ante un grupo de periodistas en el Vaticano que firma cada semana unos 100 cheques para personas que han escrito al\" \/>\n\t<meta name=\"robots\" content=\"max-image-preview:large\" \/>\n\t<meta name=\"author\" content=\"El Digital de Asturias\"\/>\n\t<meta name=\"google-site-verification\" content=\"UA-38556648-1\" \/>\n\t<meta name=\"msvalidate.01\" content=\"7dfe9f3f1b24437ab69f4f2559babe99\" \/>\n\t<meta name=\"keywords\" content=\"sociedad\" \/>\n\t<link rel=\"canonical\" href=\"https:\/\/www.eldigitaldeasturias.com\/noticias\/el-papa-quiere-escabullirse-del-vaticano-para-estar-con-los-pobres\/\" \/>\n\t<meta name=\"generator\" content=\"All in One SEO Pro (AIOSEO) 5.0.1\" \/>\n\t\t<meta property=\"og:locale\" content=\"es_ES\" \/>\n\t\t<meta property=\"og:site_name\" content=\"El Digital de Asturias\" \/>\n\t\t<meta property=\"og:type\" content=\"article\" \/>\n\t\t<meta property=\"og:title\" content=\"El papa quiere escabullirse del Vaticano para estar con los pobres - El Digital de Asturias\" \/>\n\t\t<meta property=\"og:description\" content=\"Ciudad del Vaticano, 28 nov (dpa) - El papa Francisco desea escabullirse del Vaticano para encontrarse en secreto con los pobres, revel\u00f3 hoy el arzobispo polaco Konrad Krajewski, Limosnero del Sumo Pont\u00edfice. Krajewski dijo ante un grupo de periodistas en el Vaticano que firma cada semana unos 100 cheques para personas que han escrito al\" \/>\n\t\t<meta property=\"og:url\" content=\"https:\/\/www.eldigitaldeasturias.com\/noticias\/el-papa-quiere-escabullirse-del-vaticano-para-estar-con-los-pobres\/\" \/>\n\t\t<meta property=\"og:image\" content=\"https:\/\/www.eldigitaldeasturias.com\/noticias\/wp-content\/uploads\/2026\/06\/Contenidos.jpg\" \/>\n\t\t<meta property=\"og:image:secure_url\" content=\"https:\/\/www.eldigitaldeasturias.com\/noticias\/wp-content\/uploads\/2026\/06\/Contenidos.jpg\" \/>\n\t\t<meta property=\"og:image:width\" content=\"1265\" \/>\n\t\t<meta property=\"og:image:height\" content=\"697\" \/>\n\t\t<meta property=\"article:tag\" content=\"sociedad\" \/>\n\t\t<meta property=\"article:published_time\" content=\"2013-11-28T22:18:02+00:00\" \/>\n\t\t<meta property=\"article:modified_time\" content=\"2013-11-28T22:18:02+00:00\" \/>\n\t\t<meta property=\"article:publisher\" content=\"https:\/\/facebook.com\/eldigitaldeasturias\" \/>\n\t\t<meta name=\"twitter:card\" content=\"summary_large_image\" \/>\n\t\t<meta name=\"twitter:title\" content=\"El papa quiere escabullirse del Vaticano para estar con los pobres - El Digital de Asturias\" \/>\n\t\t<meta name=\"twitter:description\" content=\"Ciudad del Vaticano, 28 nov (dpa) - El papa Francisco desea escabullirse del Vaticano para encontrarse en secreto con los pobres, revel\u00f3 hoy el arzobispo polaco Konrad Krajewski, Limosnero del Sumo Pont\u00edfice. Krajewski dijo ante un grupo de periodistas en el Vaticano que firma cada semana unos 100 cheques para personas que han escrito al\" \/>\n\t\t<meta name=\"twitter:image\" content=\"https:\/\/www.eldigitaldeasturias.com\/noticias\/wp-content\/uploads\/2026\/06\/Contenidos.jpg\" \/>\n\t\t<meta name=\"twitter:label1\" content=\"Escrito por\" \/>\n\t\t<meta name=\"twitter:data1\" content=\"El Digital de Asturias\" \/>\n\t\t<meta name=\"twitter:label2\" content=\"Tiempo de lectura estimado\" \/>\n\t\t<meta name=\"twitter:data2\" content=\"1 minuto\" \/>\n\t\t<script type=\"application\/ld+json\" class=\"aioseo-schema\">\n\t\t\t{\"@context\":\"https:\\\/\\\/schema.org\",\"@graph\":[{\"@type\":\"BlogPosting\",\"@id\":\"https:\\\/\\\/www.eldigitaldeasturias.com\\\/noticias\\\/el-papa-quiere-escabullirse-del-vaticano-para-estar-con-los-pobres\\\/#blogposting\",\"name\":\"El papa quiere escabullirse del Vaticano para estar con los pobres - El Digital de Asturias\",\"headline\":\"El papa quiere escabullirse del Vaticano para estar con los pobres\",\"author\":{\"@id\":\"https:\\\/\\\/www.eldigitaldeasturias.com\\\/noticias\\\/author\\\/admin\\\/#author\"},\"publisher\":{\"@id\":\"https:\\\/\\\/www.eldigitaldeasturias.com\\\/noticias\\\/#organization\"},\"image\":{\"@type\":\"ImageObject\",\"url\":\"https:\\\/\\\/www.eldigitaldeasturias.com\\\/noticias\\\/wp-content\\\/uploads\\\/2026\\\/06\\\/Contenidos.jpg\",\"width\":1265,\"height\":697,\"caption\":\"Contenidos\"},\"datePublished\":\"2013-11-28T21:18:02+01:00\",\"dateModified\":\"2013-11-28T21:18:02+01:00\",\"inLanguage\":\"es-ES\",\"mainEntityOfPage\":{\"@id\":\"https:\\\/\\\/www.eldigitaldeasturias.com\\\/noticias\\\/el-papa-quiere-escabullirse-del-vaticano-para-estar-con-los-pobres\\\/#webpage\"},\"isPartOf\":{\"@id\":\"https:\\\/\\\/www.eldigitaldeasturias.com\\\/noticias\\\/el-papa-quiere-escabullirse-del-vaticano-para-estar-con-los-pobres\\\/#webpage\"},\"articleSection\":\"Sociedad\"},{\"@type\":\"BreadcrumbList\",\"@id\":\"https:\\\/\\\/www.eldigitaldeasturias.com\\\/noticias\\\/el-papa-quiere-escabullirse-del-vaticano-para-estar-con-los-pobres\\\/#breadcrumblist\",\"itemListElement\":[{\"@type\":\"ListItem\",\"@id\":\"https:\\\/\\\/www.eldigitaldeasturias.com\\\/noticias#listItem\",\"position\":1,\"name\":\"Home\",\"item\":\"https:\\\/\\\/www.eldigitaldeasturias.com\\\/noticias\",\"nextItem\":{\"@type\":\"ListItem\",\"@id\":\"https:\\\/\\\/www.eldigitaldeasturias.com\\\/noticias\\\/category\\\/sociedad\\\/#listItem\",\"name\":\"Sociedad\"}},{\"@type\":\"ListItem\",\"@id\":\"https:\\\/\\\/www.eldigitaldeasturias.com\\\/noticias\\\/category\\\/sociedad\\\/#listItem\",\"position\":2,\"name\":\"Sociedad\",\"item\":\"https:\\\/\\\/www.eldigitaldeasturias.com\\\/noticias\\\/category\\\/sociedad\\\/\",\"nextItem\":{\"@type\":\"ListItem\",\"@id\":\"https:\\\/\\\/www.eldigitaldeasturias.com\\\/noticias\\\/el-papa-quiere-escabullirse-del-vaticano-para-estar-con-los-pobres\\\/#listItem\",\"name\":\"El papa quiere escabullirse del Vaticano para estar con los pobres\"},\"previousItem\":{\"@type\":\"ListItem\",\"@id\":\"https:\\\/\\\/www.eldigitaldeasturias.com\\\/noticias#listItem\",\"name\":\"Home\"}},{\"@type\":\"ListItem\",\"@id\":\"https:\\\/\\\/www.eldigitaldeasturias.com\\\/noticias\\\/el-papa-quiere-escabullirse-del-vaticano-para-estar-con-los-pobres\\\/#listItem\",\"position\":3,\"name\":\"El papa quiere escabullirse del Vaticano para estar con los pobres\",\"previousItem\":{\"@type\":\"ListItem\",\"@id\":\"https:\\\/\\\/www.eldigitaldeasturias.com\\\/noticias\\\/category\\\/sociedad\\\/#listItem\",\"name\":\"Sociedad\"}}]},{\"@type\":\"Organization\",\"@id\":\"https:\\\/\\\/www.eldigitaldeasturias.com\\\/noticias\\\/#organization\",\"name\":\"El Digital de Asturias\",\"description\":\"Hemeroteca\",\"url\":\"https:\\\/\\\/www.eldigitaldeasturias.com\\\/noticias\\\/\",\"email\":\"info@eldigitaldeasturias.com\",\"telephone\":\"+34652131393\",\"logo\":{\"@type\":\"ImageObject\",\"url\":\"https:\\\/\\\/www.eldigitaldeasturias.com\\\/noticias\\\/wp-content\\\/uploads\\\/2020\\\/12\\\/EDA.jpg\",\"@id\":\"https:\\\/\\\/www.eldigitaldeasturias.com\\\/noticias\\\/el-papa-quiere-escabullirse-del-vaticano-para-estar-con-los-pobres\\\/#organizationLogo\"},\"image\":{\"@id\":\"https:\\\/\\\/www.eldigitaldeasturias.com\\\/noticias\\\/el-papa-quiere-escabullirse-del-vaticano-para-estar-con-los-pobres\\\/#organizationLogo\"},\"sameAs\":[\"https:\\\/\\\/facebook.com\\\/eldigitaldeasturias\",\"https:\\\/\\\/www.youtube.com\\\/channel\\\/UCZP-2wLEB9Rv6erhFmqVnvg\"],\"address\":{\"@id\":\"https:\\\/\\\/www.eldigitaldeasturias.com\\\/noticias\\\/#postaladdress\",\"@type\":\"PostalAddress\",\"streetAddress\":\"san antonio 4\",\"postalCode\":\"33430\",\"addressLocality\":\"Cand\\u00e1s\",\"addressRegion\":\"Asturias\",\"addressCountry\":\"ES\"}},{\"@type\":\"Person\",\"@id\":\"https:\\\/\\\/www.eldigitaldeasturias.com\\\/noticias\\\/author\\\/admin\\\/#author\",\"url\":\"https:\\\/\\\/www.eldigitaldeasturias.com\\\/noticias\\\/author\\\/admin\\\/\",\"name\":\"El Digital de Asturias\",\"image\":{\"@type\":\"ImageObject\",\"@id\":\"https:\\\/\\\/www.eldigitaldeasturias.com\\\/noticias\\\/el-papa-quiere-escabullirse-del-vaticano-para-estar-con-los-pobres\\\/#authorImage\",\"url\":\"https:\\\/\\\/secure.gravatar.com\\\/avatar\\\/df2aeffc32bcd13f8d26072ef8a91b623d677766deac7f97ca815868cd41bf5e?s=96&d=mm&r=g\",\"width\":96,\"height\":96,\"caption\":\"El Digital de Asturias\"}},{\"@type\":\"WebPage\",\"@id\":\"https:\\\/\\\/www.eldigitaldeasturias.com\\\/noticias\\\/el-papa-quiere-escabullirse-del-vaticano-para-estar-con-los-pobres\\\/#webpage\",\"url\":\"https:\\\/\\\/www.eldigitaldeasturias.com\\\/noticias\\\/el-papa-quiere-escabullirse-del-vaticano-para-estar-con-los-pobres\\\/\",\"name\":\"El papa quiere escabullirse del Vaticano para estar con los pobres - El Digital de Asturias\",\"description\":\"Ciudad del Vaticano, 28 nov (dpa) - El papa Francisco desea escabullirse del Vaticano para encontrarse en secreto con los pobres, revel\\u00f3 hoy el arzobispo polaco Konrad Krajewski, Limosnero del Sumo Pont\\u00edfice. Krajewski dijo ante un grupo de periodistas en el Vaticano que firma cada semana unos 100 cheques para personas que han escrito al\",\"inLanguage\":\"es-ES\",\"isPartOf\":{\"@id\":\"https:\\\/\\\/www.eldigitaldeasturias.com\\\/noticias\\\/#website\"},\"breadcrumb\":{\"@id\":\"https:\\\/\\\/www.eldigitaldeasturias.com\\\/noticias\\\/el-papa-quiere-escabullirse-del-vaticano-para-estar-con-los-pobres\\\/#breadcrumblist\"},\"author\":{\"@id\":\"https:\\\/\\\/www.eldigitaldeasturias.com\\\/noticias\\\/author\\\/admin\\\/#author\"},\"creator\":{\"@id\":\"https:\\\/\\\/www.eldigitaldeasturias.com\\\/noticias\\\/author\\\/admin\\\/#author\"},\"image\":{\"@type\":\"ImageObject\",\"url\":\"https:\\\/\\\/www.eldigitaldeasturias.com\\\/noticias\\\/wp-content\\\/uploads\\\/2026\\\/06\\\/Contenidos.jpg\",\"@id\":\"https:\\\/\\\/www.eldigitaldeasturias.com\\\/noticias\\\/el-papa-quiere-escabullirse-del-vaticano-para-estar-con-los-pobres\\\/#mainImage\",\"width\":1265,\"height\":697,\"caption\":\"Contenidos\"},\"primaryImageOfPage\":{\"@id\":\"https:\\\/\\\/www.eldigitaldeasturias.com\\\/noticias\\\/el-papa-quiere-escabullirse-del-vaticano-para-estar-con-los-pobres\\\/#mainImage\"},\"datePublished\":\"2013-11-28T21:18:02+01:00\",\"dateModified\":\"2013-11-28T21:18:02+01:00\"},{\"@type\":\"WebSite\",\"@id\":\"https:\\\/\\\/www.eldigitaldeasturias.com\\\/noticias\\\/#website\",\"url\":\"https:\\\/\\\/www.eldigitaldeasturias.com\\\/noticias\\\/\",\"name\":\"El Digital de Asturias - Diario de actualidad y noticias\",\"alternateName\":\"El Digital de Asturias - Diario de actualidad y noticias\",\"description\":\"Hemeroteca\",\"inLanguage\":\"es-ES\",\"publisher\":{\"@id\":\"https:\\\/\\\/www.eldigitaldeasturias.com\\\/noticias\\\/#organization\"}}]}\n\t\t<\/script>\n\t\t<!-- All in One SEO Pro -->\r\n\t\t<title>El papa quiere escabullirse del Vaticano para estar con los pobres - El Digital de Asturias<\/title>\n\n","aioseo_head_json":{"title":"El papa quiere escabullirse del Vaticano para estar con los pobres - El Digital de Asturias","description":"Ciudad del Vaticano, 28 nov (dpa) - El papa Francisco desea escabullirse del Vaticano para encontrarse en secreto con los pobres, revel\u00f3 hoy el arzobispo polaco Konrad Krajewski, Limosnero del Sumo Pont\u00edfice. Krajewski dijo ante un grupo de periodistas en el Vaticano que firma cada semana unos 100 cheques para personas que han escrito al","canonical_url":"https:\/\/www.eldigitaldeasturias.com\/noticias\/el-papa-quiere-escabullirse-del-vaticano-para-estar-con-los-pobres\/","robots":"max-image-preview:large","keywords":"sociedad","webmasterTools":{"google-site-verification":"UA-38556648-1","msvalidate.01":"7dfe9f3f1b24437ab69f4f2559babe99","miscellaneous":""},"schema":{"@context":"https:\/\/schema.org","@graph":[{"@type":"BlogPosting","@id":"https:\/\/www.eldigitaldeasturias.com\/noticias\/el-papa-quiere-escabullirse-del-vaticano-para-estar-con-los-pobres\/#blogposting","name":"El papa quiere escabullirse del Vaticano para estar con los pobres - El Digital de Asturias","headline":"El papa quiere escabullirse del Vaticano para estar con los pobres","author":{"@id":"https:\/\/www.eldigitaldeasturias.com\/noticias\/author\/admin\/#author"},"publisher":{"@id":"https:\/\/www.eldigitaldeasturias.com\/noticias\/#organization"},"image":{"@type":"ImageObject","url":"https:\/\/www.eldigitaldeasturias.com\/noticias\/wp-content\/uploads\/2026\/06\/Contenidos.jpg","width":1265,"height":697,"caption":"Contenidos"},"datePublished":"2013-11-28T21:18:02+01:00","dateModified":"2013-11-28T21:18:02+01:00","inLanguage":"es-ES","mainEntityOfPage":{"@id":"https:\/\/www.eldigitaldeasturias.com\/noticias\/el-papa-quiere-escabullirse-del-vaticano-para-estar-con-los-pobres\/#webpage"},"isPartOf":{"@id":"https:\/\/www.eldigitaldeasturias.com\/noticias\/el-papa-quiere-escabullirse-del-vaticano-para-estar-con-los-pobres\/#webpage"},"articleSection":"Sociedad"},{"@type":"BreadcrumbList","@id":"https:\/\/www.eldigitaldeasturias.com\/noticias\/el-papa-quiere-escabullirse-del-vaticano-para-estar-con-los-pobres\/#breadcrumblist","itemListElement":[{"@type":"ListItem","@id":"https:\/\/www.eldigitaldeasturias.com\/noticias#listItem","position":1,"name":"Home","item":"https:\/\/www.eldigitaldeasturias.com\/noticias","nextItem":{"@type":"ListItem","@id":"https:\/\/www.eldigitaldeasturias.com\/noticias\/category\/sociedad\/#listItem","name":"Sociedad"}},{"@type":"ListItem","@id":"https:\/\/www.eldigitaldeasturias.com\/noticias\/category\/sociedad\/#listItem","position":2,"name":"Sociedad","item":"https:\/\/www.eldigitaldeasturias.com\/noticias\/category\/sociedad\/","nextItem":{"@type":"ListItem","@id":"https:\/\/www.eldigitaldeasturias.com\/noticias\/el-papa-quiere-escabullirse-del-vaticano-para-estar-con-los-pobres\/#listItem","name":"El papa quiere escabullirse del Vaticano para estar con los pobres"},"previousItem":{"@type":"ListItem","@id":"https:\/\/www.eldigitaldeasturias.com\/noticias#listItem","name":"Home"}},{"@type":"ListItem","@id":"https:\/\/www.eldigitaldeasturias.com\/noticias\/el-papa-quiere-escabullirse-del-vaticano-para-estar-con-los-pobres\/#listItem","position":3,"name":"El papa quiere escabullirse del Vaticano para estar con los pobres","previousItem":{"@type":"ListItem","@id":"https:\/\/www.eldigitaldeasturias.com\/noticias\/category\/sociedad\/#listItem","name":"Sociedad"}}]},{"@type":"Organization","@id":"https:\/\/www.eldigitaldeasturias.com\/noticias\/#organization","name":"El Digital de Asturias","description":"Hemeroteca","url":"https:\/\/www.eldigitaldeasturias.com\/noticias\/","email":"info@eldigitaldeasturias.com","telephone":"+34652131393","logo":{"@type":"ImageObject","url":"https:\/\/www.eldigitaldeasturias.com\/noticias\/wp-content\/uploads\/2020\/12\/EDA.jpg","@id":"https:\/\/www.eldigitaldeasturias.com\/noticias\/el-papa-quiere-escabullirse-del-vaticano-para-estar-con-los-pobres\/#organizationLogo"},"image":{"@id":"https:\/\/www.eldigitaldeasturias.com\/noticias\/el-papa-quiere-escabullirse-del-vaticano-para-estar-con-los-pobres\/#organizationLogo"},"sameAs":["https:\/\/facebook.com\/eldigitaldeasturias","https:\/\/www.youtube.com\/channel\/UCZP-2wLEB9Rv6erhFmqVnvg"],"address":{"@id":"https:\/\/www.eldigitaldeasturias.com\/noticias\/#postaladdress","@type":"PostalAddress","streetAddress":"san antonio 4","postalCode":"33430","addressLocality":"Cand\u00e1s","addressRegion":"Asturias","addressCountry":"ES"}},{"@type":"Person","@id":"https:\/\/www.eldigitaldeasturias.com\/noticias\/author\/admin\/#author","url":"https:\/\/www.eldigitaldeasturias.com\/noticias\/author\/admin\/","name":"El Digital de Asturias","image":{"@type":"ImageObject","@id":"https:\/\/www.eldigitaldeasturias.com\/noticias\/el-papa-quiere-escabullirse-del-vaticano-para-estar-con-los-pobres\/#authorImage","url":"https:\/\/secure.gravatar.com\/avatar\/df2aeffc32bcd13f8d26072ef8a91b623d677766deac7f97ca815868cd41bf5e?s=96&d=mm&r=g","width":96,"height":96,"caption":"El Digital de Asturias"}},{"@type":"WebPage","@id":"https:\/\/www.eldigitaldeasturias.com\/noticias\/el-papa-quiere-escabullirse-del-vaticano-para-estar-con-los-pobres\/#webpage","url":"https:\/\/www.eldigitaldeasturias.com\/noticias\/el-papa-quiere-escabullirse-del-vaticano-para-estar-con-los-pobres\/","name":"El papa quiere escabullirse del Vaticano para estar con los pobres - El Digital de Asturias","description":"Ciudad del Vaticano, 28 nov (dpa) - El papa Francisco desea escabullirse del Vaticano para encontrarse en secreto con los pobres, revel\u00f3 hoy el arzobispo polaco Konrad Krajewski, Limosnero del Sumo Pont\u00edfice. Krajewski dijo ante un grupo de periodistas en el Vaticano que firma cada semana unos 100 cheques para personas que han escrito al","inLanguage":"es-ES","isPartOf":{"@id":"https:\/\/www.eldigitaldeasturias.com\/noticias\/#website"},"breadcrumb":{"@id":"https:\/\/www.eldigitaldeasturias.com\/noticias\/el-papa-quiere-escabullirse-del-vaticano-para-estar-con-los-pobres\/#breadcrumblist"},"author":{"@id":"https:\/\/www.eldigitaldeasturias.com\/noticias\/author\/admin\/#author"},"creator":{"@id":"https:\/\/www.eldigitaldeasturias.com\/noticias\/author\/admin\/#author"},"image":{"@type":"ImageObject","url":"https:\/\/www.eldigitaldeasturias.com\/noticias\/wp-content\/uploads\/2026\/06\/Contenidos.jpg","@id":"https:\/\/www.eldigitaldeasturias.com\/noticias\/el-papa-quiere-escabullirse-del-vaticano-para-estar-con-los-pobres\/#mainImage","width":1265,"height":697,"caption":"Contenidos"},"primaryImageOfPage":{"@id":"https:\/\/www.eldigitaldeasturias.com\/noticias\/el-papa-quiere-escabullirse-del-vaticano-para-estar-con-los-pobres\/#mainImage"},"datePublished":"2013-11-28T21:18:02+01:00","dateModified":"2013-11-28T21:18:02+01:00"},{"@type":"WebSite","@id":"https:\/\/www.eldigitaldeasturias.com\/noticias\/#website","url":"https:\/\/www.eldigitaldeasturias.com\/noticias\/","name":"El Digital de Asturias - Diario de actualidad y noticias","alternateName":"El Digital de Asturias - Diario de actualidad y noticias","description":"Hemeroteca","inLanguage":"es-ES","publisher":{"@id":"https:\/\/www.eldigitaldeasturias.com\/noticias\/#organization"}}]},"og:locale":"es_ES","og:site_name":"El Digital de Asturias","og:type":"article","og:title":"El papa quiere escabullirse del Vaticano para estar con los pobres - El Digital de Asturias","og:description":"Ciudad del Vaticano, 28 nov (dpa) - El papa Francisco desea escabullirse del Vaticano para encontrarse en secreto con los pobres, revel\u00f3 hoy el arzobispo polaco Konrad Krajewski, Limosnero del Sumo Pont\u00edfice. Krajewski dijo ante un grupo de periodistas en el Vaticano que firma cada semana unos 100 cheques para personas que han escrito al","og:url":"https:\/\/www.eldigitaldeasturias.com\/noticias\/el-papa-quiere-escabullirse-del-vaticano-para-estar-con-los-pobres\/","og:image":"https:\/\/www.eldigitaldeasturias.com\/noticias\/wp-content\/uploads\/2026\/06\/Contenidos.jpg","og:image:secure_url":"https:\/\/www.eldigitaldeasturias.com\/noticias\/wp-content\/uploads\/2026\/06\/Contenidos.jpg","og:image:width":1265,"og:image:height":697,"article:tag":["sociedad"],"article:published_time":"2013-11-28T22:18:02+00:00","article:modified_time":"2013-11-28T22:18:02+00:00","article:publisher":"https:\/\/facebook.com\/eldigitaldeasturias","twitter:card":"summary_large_image","twitter:title":"El papa quiere escabullirse del Vaticano para estar con los pobres - El Digital de Asturias","twitter:description":"Ciudad del Vaticano, 28 nov (dpa) - El papa Francisco desea escabullirse del Vaticano para encontrarse en secreto con los pobres, revel\u00f3 hoy el arzobispo polaco Konrad Krajewski, Limosnero del Sumo Pont\u00edfice. Krajewski dijo ante un grupo de periodistas en el Vaticano que firma cada semana unos 100 cheques para personas que han escrito al","twitter:image":"https:\/\/www.eldigitaldeasturias.com\/noticias\/wp-content\/uploads\/2026\/06\/Contenidos.jpg","twitter:label1":"Escrito por","twitter:data1":"El Digital de Asturias","twitter:label2":"Tiempo de lectura estimado","twitter:data2":"1 minuto"},"aioseo_meta_data":{"post_id":"455507","title":null,"description":null,"keywords":null,"keyphrases":null,"primary_term":null,"canonical_url":null,"og_title":null,"og_description":null,"og_object_type":"default","og_image_type":"default","og_image_url":null,"og_image_width":null,"og_image_height":null,"og_image_custom_url":null,"og_image_custom_fields":null,"og_video":null,"og_custom_url":null,"og_article_section":null,"og_article_tags":null,"twitter_use_og":true,"twitter_card":"default","twitter_image_type":"default","twitter_image_url":null,"twitter_image_custom_url":null,"twitter_image_custom_fields":null,"twitter_title":null,"twitter_description":null,"schema":{"blockGraphs":[],"customGraphs":[],"default":{"data":{"Article":[],"Course":[],"Dataset":[],"FAQPage":[],"Movie":[],"Person":[],"Product":[],"ProductReview":[],"Car":[],"Recipe":[],"Service":[],"SoftwareApplication":[],"WebPage":[]},"graphName":"","isEnabled":true},"graphs":[],"defaultGraph":"","defaultPostTypeGraph":""},"schema_type":null,"schema_type_options":null,"pillar_content":false,"robots_default":true,"robots_noindex":false,"robots_noarchive":false,"robots_nosnippet":false,"robots_nofollow":false,"robots_noimageindex":false,"robots_noodp":false,"robots_notranslate":false,"robots_max_snippet":null,"robots_max_videopreview":null,"robots_max_imagepreview":"none","priority":null,"frequency":null,"local_seo":null,"seo_analyzer_scan_date":"2026-05-29 18:36:52","breadcrumb_settings":null,"limit_modified_date":false,"open_ai":null,"ai":null,"created":"2020-11-14 22:45:20","updated":"2026-05-29 18:36:52","focus_keyword":null,"additional_keywords":null,"truseo_locale":null},"aioseo_breadcrumb":"<div class=\"aioseo-breadcrumbs\"><span class=\"aioseo-breadcrumb\">\n\t<a href=\"https:\/\/www.eldigitaldeasturias.com\/noticias\" title=\"Home\">Home<\/a>\n<\/span><span class=\"aioseo-breadcrumb-separator\">\u2013<\/span><span class=\"aioseo-breadcrumb\">\n\t<a href=\"https:\/\/www.eldigitaldeasturias.com\/noticias\/category\/sociedad\/\" title=\"Sociedad\">Sociedad<\/a>\n<\/span><span class=\"aioseo-breadcrumb-separator\">\u2013<\/span><span class=\"aioseo-breadcrumb\">\n\t<a href=\"https:\/\/www.eldigitaldeasturias.com\/noticias\/el-papa-quiere-escabullirse-del-vaticano-para-estar-con-los-pobres\/\" title=\"El papa quiere escabullirse del Vaticano para estar con los pobres\">El papa quiere escabullirse del Vaticano para estar con los pobres<\/a>\n<\/span><\/div>","aioseo_breadcrumb_json":[{"label":"Home","link":"https:\/\/www.eldigitaldeasturias.com\/noticias"},{"label":"Sociedad","link":"https:\/\/www.eldigitaldeasturias.com\/noticias\/category\/sociedad\/"},{"label":"El papa quiere escabullirse del Vaticano para estar con los pobres","link":"https:\/\/www.eldigitaldeasturias.com\/noticias\/el-papa-quiere-escabullirse-del-vaticano-para-estar-con-los-pobres\/"}],"_links":{"self":[{"href":"https:\/\/www.eldigitaldeasturias.com\/noticias\/wp-json\/wp\/v2\/posts\/455507","targetHints":{"allow":["GET"]}}],"collection":[{"href":"https:\/\/www.eldigitaldeasturias.com\/noticias\/wp-json\/wp\/v2\/posts"}],"about":[{"href":"https:\/\/www.eldigitaldeasturias.com\/noticias\/wp-json\/wp\/v2\/types\/post"}],"author":[{"embeddable":true,"href":"https:\/\/www.eldigitaldeasturias.com\/noticias\/wp-json\/wp\/v2\/users\/1"}],"replies":[{"embeddable":true,"href":"https:\/\/www.eldigitaldeasturias.com\/noticias\/wp-json\/wp\/v2\/comments?post=455507"}],"version-history":[{"count":0,"href":"https:\/\/www.eldigitaldeasturias.com\/noticias\/wp-json\/wp\/v2\/posts\/455507\/revisions"}],"wp:featuredmedia":[{"embeddable":true,"href":"https:\/\/www.eldigitaldeasturias.com\/noticias\/wp-json\/wp\/v2\/media\/1132184"}],"wp:attachment":[{"href":"https:\/\/www.eldigitaldeasturias.com\/noticias\/wp-json\/wp\/v2\/media?parent=455507"}],"wp:term":[{"taxonomy":"category","embeddable":true,"href":"https:\/\/www.eldigitaldeasturias.com\/noticias\/wp-json\/wp\/v2\/categories?post=455507"},{"taxonomy":"post_tag","embeddable":true,"href":"https:\/\/www.eldigitaldeasturias.com\/noticias\/wp-json\/wp\/v2\/tags?post=455507"}],"curies":[{"name":"wp","href":"https:\/\/api.w.org\/{rel}","templated":true}]}}