{"id":455494,"date":"2013-11-28T21:00:01","date_gmt":"2013-11-28T22:00:01","guid":{"rendered":"http:\/\/www.eldigitaldeasturias.com\/noticias\/?p=455494"},"modified":"2013-11-28T21:00:01","modified_gmt":"2013-11-28T22:00:01","slug":"el-principado-utilizara-todos-los-resortes-legales-para-paliar-los-efectos-negativos-de-la-lomce","status":"publish","type":"post","link":"https:\/\/www.eldigitaldeasturias.com\/noticias\/el-principado-utilizara-todos-los-resortes-legales-para-paliar-los-efectos-negativos-de-la-lomce\/","title":{"rendered":"El Principado utilizar\u00e1 todos los resortes legales para paliar los \u201cefectos negativos\u201d de la LOMCE"},"content":{"rendered":"<p><img loading=\"lazy\" decoding=\"async\" class=\"alignleft size-medium wp-image-437627\" alt=\"Estudiantes\" src=\"https:\/\/www.eldigitaldeasturias.com\/noticias\/wp-content\/uploads\/2013\/10\/Estudiantes-360x238.jpg\" width=\"360\" height=\"238\" \/>La consejera de Educaci\u00f3n, Cultura y Deporte, Ana Gonz\u00e1lez, ha anunciado hoy que el Gobierno del Principado utilizar\u00e1 todos los mecanismos legales a su alcance para paliar los \u201cefectos negativos\u201d de la Ley Org\u00e1nica para la Mejora de la Calidad Educativa (LOMCE), que ha sido aprobada hoy en el pleno del Congreso.<\/p>\n<p>La titular de Educaci\u00f3n, que ha rechazado la insumisi\u00f3n y ha abogado por respetar las reglas democr\u00e1ticas de las que se ha valido el Gobierno de Mariano Rajoy para sacar adelante la medida, ha recalcado que el Asturias aprovechar\u00e1 los m\u00e1rgenes que permita la propia ejecuci\u00f3n de la normativa para utilizarla \u201ca favor de la educaci\u00f3n y no en contra, que es lo que representa esta ley\u201d.<\/p>\n<p>Gonz\u00e1lez tambi\u00e9n ha asegurado que adem\u00e1s de recurrir la medida ante el Tribunal Constitucional, el Principado utilizar\u00e1 todos los cauces legales que ofrece la capacidad auton\u00f3mica para \u201cprimero, intentar que sea lo menos da\u00f1ina posible en nuestra comunidad y preservar los logros que se hab\u00edan conseguido en Asturias\u201d.<\/p>\n<p>Seg\u00fan se\u00f1alado, los indicadores educativos de la comunidad aut\u00f3noma \u201cson muy parecidos o est\u00e1n en sinton\u00eda\u201d con la media europea y ha asegurado que Asturias es una de las comunidades que destaca \u201cpor arriba\u201d en los resultados educativos, con independencia de los par\u00e1metros que se miren. Por ello, ha abogado por proteger lo que \u201chemos conseguido con mucho esfuerzo, a trav\u00e9s de los impuestos que es lo que permite tener una educaci\u00f3n de calidad, pero tambi\u00e9n con el esfuerzo del profesorado, de los centros y de las familias\u201d.<\/p>\n","protected":false},"excerpt":{"rendered":"<p>La consejera de Educaci\u00f3n, Cultura y Deporte, Ana Gonz\u00e1lez, ha anunciado hoy que el Gobierno del Principado utilizar\u00e1 todos los mecanismos legales a su alcance para paliar los \u201cefectos negativos\u201d de la Ley Org\u00e1nica para la Mejora de la Calidad Educativa (LOMCE), que ha sido aprobada hoy en el pleno del Congreso. La titular de [&hellip;]<\/p>\n","protected":false},"author":1,"featured_media":437627,"comment_status":"open","ping_status":"open","sticky":false,"template":"","format":"standard","meta":{"footnotes":""},"categories":[12],"tags":[],"class_list":["post-455494","post","type-post","status-publish","format-standard","has-post-thumbnail","hentry","category-actualidad-asturias"],"aioseo_notices":[],"aioseo_head":"\n\t\t<!-- All in One SEO Pro 5.0.1 - aioseo.com -->\n\t<meta name=\"description\" content=\"La consejera de Educaci\u00f3n, Cultura y Deporte, Ana Gonz\u00e1lez, ha anunciado hoy que el Gobierno del Principado utilizar\u00e1 todos los mecanismos legales a su alcance para paliar los \u201cefectos negativos\u201d de la Ley Org\u00e1nica para la Mejora de la Calidad Educativa (LOMCE), que ha sido aprobada hoy en el pleno del Congreso. La titular de\" \/>\n\t<meta name=\"robots\" content=\"max-image-preview:large\" \/>\n\t<meta name=\"author\" content=\"El Digital de Asturias\"\/>\n\t<meta name=\"google-site-verification\" content=\"UA-38556648-1\" \/>\n\t<meta name=\"msvalidate.01\" content=\"7dfe9f3f1b24437ab69f4f2559babe99\" \/>\n\t<meta name=\"keywords\" content=\"actualidad asturias\" \/>\n\t<link rel=\"canonical\" href=\"https:\/\/www.eldigitaldeasturias.com\/noticias\/el-principado-utilizara-todos-los-resortes-legales-para-paliar-los-efectos-negativos-de-la-lomce\/\" \/>\n\t<meta name=\"generator\" content=\"All in One SEO Pro (AIOSEO) 5.0.1\" \/>\n\t\t<meta property=\"og:locale\" content=\"es_ES\" \/>\n\t\t<meta property=\"og:site_name\" content=\"El Digital de Asturias\" \/>\n\t\t<meta property=\"og:type\" content=\"article\" \/>\n\t\t<meta property=\"og:title\" content=\"El Principado utilizar\u00e1 todos los resortes legales para paliar los \u201cefectos negativos\u201d de la LOMCE - El Digital de Asturias\" \/>\n\t\t<meta property=\"og:description\" content=\"La consejera de Educaci\u00f3n, Cultura y Deporte, Ana Gonz\u00e1lez, ha anunciado hoy que el Gobierno del Principado utilizar\u00e1 todos los mecanismos legales a su alcance para paliar los \u201cefectos negativos\u201d de la Ley Org\u00e1nica para la Mejora de la Calidad Educativa (LOMCE), que ha sido aprobada hoy en el pleno del Congreso. La titular de\" \/>\n\t\t<meta property=\"og:url\" content=\"https:\/\/www.eldigitaldeasturias.com\/noticias\/el-principado-utilizara-todos-los-resortes-legales-para-paliar-los-efectos-negativos-de-la-lomce\/\" \/>\n\t\t<meta property=\"article:tag\" content=\"actualidad asturias\" \/>\n\t\t<meta property=\"article:published_time\" content=\"2013-11-28T22:00:01+00:00\" \/>\n\t\t<meta property=\"article:modified_time\" content=\"2013-11-28T22:00:01+00:00\" \/>\n\t\t<meta property=\"article:publisher\" content=\"https:\/\/facebook.com\/eldigitaldeasturias\" \/>\n\t\t<meta name=\"twitter:card\" content=\"summary_large_image\" \/>\n\t\t<meta name=\"twitter:title\" content=\"El Principado utilizar\u00e1 todos los resortes legales para paliar los \u201cefectos negativos\u201d de la LOMCE - El Digital de Asturias\" \/>\n\t\t<meta name=\"twitter:description\" content=\"La consejera de Educaci\u00f3n, Cultura y Deporte, Ana Gonz\u00e1lez, ha anunciado hoy que el Gobierno del Principado utilizar\u00e1 todos los mecanismos legales a su alcance para paliar los \u201cefectos negativos\u201d de la Ley Org\u00e1nica para la Mejora de la Calidad Educativa (LOMCE), que ha sido aprobada hoy en el pleno del Congreso. La titular de\" \/>\n\t\t<meta name=\"twitter:label1\" content=\"Escrito por\" \/>\n\t\t<meta name=\"twitter:data1\" content=\"El Digital de Asturias\" \/>\n\t\t<meta name=\"twitter:label2\" content=\"Tiempo de lectura estimado\" \/>\n\t\t<meta name=\"twitter:data2\" content=\"1 minuto\" \/>\n\t\t<script type=\"application\/ld+json\" class=\"aioseo-schema\">\n\t\t\t{\"@context\":\"https:\\\/\\\/schema.org\",\"@graph\":[{\"@type\":\"BlogPosting\",\"@id\":\"https:\\\/\\\/www.eldigitaldeasturias.com\\\/noticias\\\/el-principado-utilizara-todos-los-resortes-legales-para-paliar-los-efectos-negativos-de-la-lomce\\\/#blogposting\",\"name\":\"El Principado utilizar\\u00e1 todos los resortes legales para paliar los \\u201cefectos negativos\\u201d de la LOMCE - El Digital de Asturias\",\"headline\":\"El Principado utilizar\\u00e1 todos los resortes legales para paliar los \\u201cefectos negativos\\u201d de la LOMCE\",\"author\":{\"@id\":\"https:\\\/\\\/www.eldigitaldeasturias.com\\\/noticias\\\/author\\\/admin\\\/#author\"},\"publisher\":{\"@id\":\"https:\\\/\\\/www.eldigitaldeasturias.com\\\/noticias\\\/#organization\"},\"image\":{\"@type\":\"ImageObject\",\"url\":437627},\"datePublished\":\"2013-11-28T21:00:01+01:00\",\"dateModified\":\"2013-11-28T21:00:01+01:00\",\"inLanguage\":\"es-ES\",\"mainEntityOfPage\":{\"@id\":\"https:\\\/\\\/www.eldigitaldeasturias.com\\\/noticias\\\/el-principado-utilizara-todos-los-resortes-legales-para-paliar-los-efectos-negativos-de-la-lomce\\\/#webpage\"},\"isPartOf\":{\"@id\":\"https:\\\/\\\/www.eldigitaldeasturias.com\\\/noticias\\\/el-principado-utilizara-todos-los-resortes-legales-para-paliar-los-efectos-negativos-de-la-lomce\\\/#webpage\"},\"articleSection\":\"Actualidad Asturias\"},{\"@type\":\"BreadcrumbList\",\"@id\":\"https:\\\/\\\/www.eldigitaldeasturias.com\\\/noticias\\\/el-principado-utilizara-todos-los-resortes-legales-para-paliar-los-efectos-negativos-de-la-lomce\\\/#breadcrumblist\",\"itemListElement\":[{\"@type\":\"ListItem\",\"@id\":\"https:\\\/\\\/www.eldigitaldeasturias.com\\\/noticias#listItem\",\"position\":1,\"name\":\"Home\",\"item\":\"https:\\\/\\\/www.eldigitaldeasturias.com\\\/noticias\",\"nextItem\":{\"@type\":\"ListItem\",\"@id\":\"https:\\\/\\\/www.eldigitaldeasturias.com\\\/noticias\\\/category\\\/actualidad-asturias\\\/#listItem\",\"name\":\"Actualidad Asturias\"}},{\"@type\":\"ListItem\",\"@id\":\"https:\\\/\\\/www.eldigitaldeasturias.com\\\/noticias\\\/category\\\/actualidad-asturias\\\/#listItem\",\"position\":2,\"name\":\"Actualidad Asturias\",\"item\":\"https:\\\/\\\/www.eldigitaldeasturias.com\\\/noticias\\\/category\\\/actualidad-asturias\\\/\",\"nextItem\":{\"@type\":\"ListItem\",\"@id\":\"https:\\\/\\\/www.eldigitaldeasturias.com\\\/noticias\\\/el-principado-utilizara-todos-los-resortes-legales-para-paliar-los-efectos-negativos-de-la-lomce\\\/#listItem\",\"name\":\"El Principado utilizar\\u00e1 todos los resortes legales para paliar los \\u201cefectos negativos\\u201d de la LOMCE\"},\"previousItem\":{\"@type\":\"ListItem\",\"@id\":\"https:\\\/\\\/www.eldigitaldeasturias.com\\\/noticias#listItem\",\"name\":\"Home\"}},{\"@type\":\"ListItem\",\"@id\":\"https:\\\/\\\/www.eldigitaldeasturias.com\\\/noticias\\\/el-principado-utilizara-todos-los-resortes-legales-para-paliar-los-efectos-negativos-de-la-lomce\\\/#listItem\",\"position\":3,\"name\":\"El Principado utilizar\\u00e1 todos los resortes legales para paliar los \\u201cefectos negativos\\u201d de la LOMCE\",\"previousItem\":{\"@type\":\"ListItem\",\"@id\":\"https:\\\/\\\/www.eldigitaldeasturias.com\\\/noticias\\\/category\\\/actualidad-asturias\\\/#listItem\",\"name\":\"Actualidad Asturias\"}}]},{\"@type\":\"Organization\",\"@id\":\"https:\\\/\\\/www.eldigitaldeasturias.com\\\/noticias\\\/#organization\",\"name\":\"El Digital de Asturias\",\"description\":\"Hemeroteca\",\"url\":\"https:\\\/\\\/www.eldigitaldeasturias.com\\\/noticias\\\/\",\"email\":\"info@eldigitaldeasturias.com\",\"telephone\":\"+34652131393\",\"logo\":{\"@type\":\"ImageObject\",\"url\":\"https:\\\/\\\/www.eldigitaldeasturias.com\\\/noticias\\\/wp-content\\\/uploads\\\/2020\\\/12\\\/EDA.jpg\",\"@id\":\"https:\\\/\\\/www.eldigitaldeasturias.com\\\/noticias\\\/el-principado-utilizara-todos-los-resortes-legales-para-paliar-los-efectos-negativos-de-la-lomce\\\/#organizationLogo\"},\"image\":{\"@id\":\"https:\\\/\\\/www.eldigitaldeasturias.com\\\/noticias\\\/el-principado-utilizara-todos-los-resortes-legales-para-paliar-los-efectos-negativos-de-la-lomce\\\/#organizationLogo\"},\"sameAs\":[\"https:\\\/\\\/facebook.com\\\/eldigitaldeasturias\",\"https:\\\/\\\/www.youtube.com\\\/channel\\\/UCZP-2wLEB9Rv6erhFmqVnvg\"],\"address\":{\"@id\":\"https:\\\/\\\/www.eldigitaldeasturias.com\\\/noticias\\\/#postaladdress\",\"@type\":\"PostalAddress\",\"streetAddress\":\"san antonio 4\",\"postalCode\":\"33430\",\"addressLocality\":\"Cand\\u00e1s\",\"addressRegion\":\"Asturias\",\"addressCountry\":\"ES\"}},{\"@type\":\"Person\",\"@id\":\"https:\\\/\\\/www.eldigitaldeasturias.com\\\/noticias\\\/author\\\/admin\\\/#author\",\"url\":\"https:\\\/\\\/www.eldigitaldeasturias.com\\\/noticias\\\/author\\\/admin\\\/\",\"name\":\"El Digital de Asturias\",\"image\":{\"@type\":\"ImageObject\",\"@id\":\"https:\\\/\\\/www.eldigitaldeasturias.com\\\/noticias\\\/el-principado-utilizara-todos-los-resortes-legales-para-paliar-los-efectos-negativos-de-la-lomce\\\/#authorImage\",\"url\":\"https:\\\/\\\/secure.gravatar.com\\\/avatar\\\/df2aeffc32bcd13f8d26072ef8a91b623d677766deac7f97ca815868cd41bf5e?s=96&d=mm&r=g\",\"width\":96,\"height\":96,\"caption\":\"El Digital de Asturias\"}},{\"@type\":\"WebPage\",\"@id\":\"https:\\\/\\\/www.eldigitaldeasturias.com\\\/noticias\\\/el-principado-utilizara-todos-los-resortes-legales-para-paliar-los-efectos-negativos-de-la-lomce\\\/#webpage\",\"url\":\"https:\\\/\\\/www.eldigitaldeasturias.com\\\/noticias\\\/el-principado-utilizara-todos-los-resortes-legales-para-paliar-los-efectos-negativos-de-la-lomce\\\/\",\"name\":\"El Principado utilizar\\u00e1 todos los resortes legales para paliar los \\u201cefectos negativos\\u201d de la LOMCE - El Digital de Asturias\",\"description\":\"La consejera de Educaci\\u00f3n, Cultura y Deporte, Ana Gonz\\u00e1lez, ha anunciado hoy que el Gobierno del Principado utilizar\\u00e1 todos los mecanismos legales a su alcance para paliar los \\u201cefectos negativos\\u201d de la Ley Org\\u00e1nica para la Mejora de la Calidad Educativa (LOMCE), que ha sido aprobada hoy en el pleno del Congreso. La titular de\",\"inLanguage\":\"es-ES\",\"isPartOf\":{\"@id\":\"https:\\\/\\\/www.eldigitaldeasturias.com\\\/noticias\\\/#website\"},\"breadcrumb\":{\"@id\":\"https:\\\/\\\/www.eldigitaldeasturias.com\\\/noticias\\\/el-principado-utilizara-todos-los-resortes-legales-para-paliar-los-efectos-negativos-de-la-lomce\\\/#breadcrumblist\"},\"author\":{\"@id\":\"https:\\\/\\\/www.eldigitaldeasturias.com\\\/noticias\\\/author\\\/admin\\\/#author\"},\"creator\":{\"@id\":\"https:\\\/\\\/www.eldigitaldeasturias.com\\\/noticias\\\/author\\\/admin\\\/#author\"},\"image\":{\"@type\":\"ImageObject\",\"url\":437627,\"@id\":\"https:\\\/\\\/www.eldigitaldeasturias.com\\\/noticias\\\/el-principado-utilizara-todos-los-resortes-legales-para-paliar-los-efectos-negativos-de-la-lomce\\\/#mainImage\"},\"primaryImageOfPage\":{\"@id\":\"https:\\\/\\\/www.eldigitaldeasturias.com\\\/noticias\\\/el-principado-utilizara-todos-los-resortes-legales-para-paliar-los-efectos-negativos-de-la-lomce\\\/#mainImage\"},\"datePublished\":\"2013-11-28T21:00:01+01:00\",\"dateModified\":\"2013-11-28T21:00:01+01:00\"},{\"@type\":\"WebSite\",\"@id\":\"https:\\\/\\\/www.eldigitaldeasturias.com\\\/noticias\\\/#website\",\"url\":\"https:\\\/\\\/www.eldigitaldeasturias.com\\\/noticias\\\/\",\"name\":\"El Digital de Asturias - Diario de actualidad y noticias\",\"alternateName\":\"El Digital de Asturias - Diario de actualidad y noticias\",\"description\":\"Hemeroteca\",\"inLanguage\":\"es-ES\",\"publisher\":{\"@id\":\"https:\\\/\\\/www.eldigitaldeasturias.com\\\/noticias\\\/#organization\"}}]}\n\t\t<\/script>\n\t\t<!-- All in One SEO Pro -->\r\n\t\t<title>El Principado utilizar\u00e1 todos los resortes legales para paliar los \u201cefectos negativos\u201d de la LOMCE - El Digital de Asturias<\/title>\n\n","aioseo_head_json":{"title":"El Principado utilizar\u00e1 todos los resortes legales para paliar los \u201cefectos negativos\u201d de la LOMCE - El Digital de Asturias","description":"La consejera de Educaci\u00f3n, Cultura y Deporte, Ana Gonz\u00e1lez, ha anunciado hoy que el Gobierno del Principado utilizar\u00e1 todos los mecanismos legales a su alcance para paliar los \u201cefectos negativos\u201d de la Ley Org\u00e1nica para la Mejora de la Calidad Educativa (LOMCE), que ha sido aprobada hoy en el pleno del Congreso. La titular de","canonical_url":"https:\/\/www.eldigitaldeasturias.com\/noticias\/el-principado-utilizara-todos-los-resortes-legales-para-paliar-los-efectos-negativos-de-la-lomce\/","robots":"max-image-preview:large","keywords":"actualidad asturias","webmasterTools":{"google-site-verification":"UA-38556648-1","msvalidate.01":"7dfe9f3f1b24437ab69f4f2559babe99","miscellaneous":""},"schema":{"@context":"https:\/\/schema.org","@graph":[{"@type":"BlogPosting","@id":"https:\/\/www.eldigitaldeasturias.com\/noticias\/el-principado-utilizara-todos-los-resortes-legales-para-paliar-los-efectos-negativos-de-la-lomce\/#blogposting","name":"El Principado utilizar\u00e1 todos los resortes legales para paliar los \u201cefectos negativos\u201d de la LOMCE - El Digital de Asturias","headline":"El Principado utilizar\u00e1 todos los resortes legales para paliar los \u201cefectos negativos\u201d de la LOMCE","author":{"@id":"https:\/\/www.eldigitaldeasturias.com\/noticias\/author\/admin\/#author"},"publisher":{"@id":"https:\/\/www.eldigitaldeasturias.com\/noticias\/#organization"},"image":{"@type":"ImageObject","url":437627},"datePublished":"2013-11-28T21:00:01+01:00","dateModified":"2013-11-28T21:00:01+01:00","inLanguage":"es-ES","mainEntityOfPage":{"@id":"https:\/\/www.eldigitaldeasturias.com\/noticias\/el-principado-utilizara-todos-los-resortes-legales-para-paliar-los-efectos-negativos-de-la-lomce\/#webpage"},"isPartOf":{"@id":"https:\/\/www.eldigitaldeasturias.com\/noticias\/el-principado-utilizara-todos-los-resortes-legales-para-paliar-los-efectos-negativos-de-la-lomce\/#webpage"},"articleSection":"Actualidad Asturias"},{"@type":"BreadcrumbList","@id":"https:\/\/www.eldigitaldeasturias.com\/noticias\/el-principado-utilizara-todos-los-resortes-legales-para-paliar-los-efectos-negativos-de-la-lomce\/#breadcrumblist","itemListElement":[{"@type":"ListItem","@id":"https:\/\/www.eldigitaldeasturias.com\/noticias#listItem","position":1,"name":"Home","item":"https:\/\/www.eldigitaldeasturias.com\/noticias","nextItem":{"@type":"ListItem","@id":"https:\/\/www.eldigitaldeasturias.com\/noticias\/category\/actualidad-asturias\/#listItem","name":"Actualidad Asturias"}},{"@type":"ListItem","@id":"https:\/\/www.eldigitaldeasturias.com\/noticias\/category\/actualidad-asturias\/#listItem","position":2,"name":"Actualidad Asturias","item":"https:\/\/www.eldigitaldeasturias.com\/noticias\/category\/actualidad-asturias\/","nextItem":{"@type":"ListItem","@id":"https:\/\/www.eldigitaldeasturias.com\/noticias\/el-principado-utilizara-todos-los-resortes-legales-para-paliar-los-efectos-negativos-de-la-lomce\/#listItem","name":"El Principado utilizar\u00e1 todos los resortes legales para paliar los \u201cefectos negativos\u201d de la LOMCE"},"previousItem":{"@type":"ListItem","@id":"https:\/\/www.eldigitaldeasturias.com\/noticias#listItem","name":"Home"}},{"@type":"ListItem","@id":"https:\/\/www.eldigitaldeasturias.com\/noticias\/el-principado-utilizara-todos-los-resortes-legales-para-paliar-los-efectos-negativos-de-la-lomce\/#listItem","position":3,"name":"El Principado utilizar\u00e1 todos los resortes legales para paliar los \u201cefectos negativos\u201d de la LOMCE","previousItem":{"@type":"ListItem","@id":"https:\/\/www.eldigitaldeasturias.com\/noticias\/category\/actualidad-asturias\/#listItem","name":"Actualidad Asturias"}}]},{"@type":"Organization","@id":"https:\/\/www.eldigitaldeasturias.com\/noticias\/#organization","name":"El Digital de Asturias","description":"Hemeroteca","url":"https:\/\/www.eldigitaldeasturias.com\/noticias\/","email":"info@eldigitaldeasturias.com","telephone":"+34652131393","logo":{"@type":"ImageObject","url":"https:\/\/www.eldigitaldeasturias.com\/noticias\/wp-content\/uploads\/2020\/12\/EDA.jpg","@id":"https:\/\/www.eldigitaldeasturias.com\/noticias\/el-principado-utilizara-todos-los-resortes-legales-para-paliar-los-efectos-negativos-de-la-lomce\/#organizationLogo"},"image":{"@id":"https:\/\/www.eldigitaldeasturias.com\/noticias\/el-principado-utilizara-todos-los-resortes-legales-para-paliar-los-efectos-negativos-de-la-lomce\/#organizationLogo"},"sameAs":["https:\/\/facebook.com\/eldigitaldeasturias","https:\/\/www.youtube.com\/channel\/UCZP-2wLEB9Rv6erhFmqVnvg"],"address":{"@id":"https:\/\/www.eldigitaldeasturias.com\/noticias\/#postaladdress","@type":"PostalAddress","streetAddress":"san antonio 4","postalCode":"33430","addressLocality":"Cand\u00e1s","addressRegion":"Asturias","addressCountry":"ES"}},{"@type":"Person","@id":"https:\/\/www.eldigitaldeasturias.com\/noticias\/author\/admin\/#author","url":"https:\/\/www.eldigitaldeasturias.com\/noticias\/author\/admin\/","name":"El Digital de Asturias","image":{"@type":"ImageObject","@id":"https:\/\/www.eldigitaldeasturias.com\/noticias\/el-principado-utilizara-todos-los-resortes-legales-para-paliar-los-efectos-negativos-de-la-lomce\/#authorImage","url":"https:\/\/secure.gravatar.com\/avatar\/df2aeffc32bcd13f8d26072ef8a91b623d677766deac7f97ca815868cd41bf5e?s=96&d=mm&r=g","width":96,"height":96,"caption":"El Digital de Asturias"}},{"@type":"WebPage","@id":"https:\/\/www.eldigitaldeasturias.com\/noticias\/el-principado-utilizara-todos-los-resortes-legales-para-paliar-los-efectos-negativos-de-la-lomce\/#webpage","url":"https:\/\/www.eldigitaldeasturias.com\/noticias\/el-principado-utilizara-todos-los-resortes-legales-para-paliar-los-efectos-negativos-de-la-lomce\/","name":"El Principado utilizar\u00e1 todos los resortes legales para paliar los \u201cefectos negativos\u201d de la LOMCE - El Digital de Asturias","description":"La consejera de Educaci\u00f3n, Cultura y Deporte, Ana Gonz\u00e1lez, ha anunciado hoy que el Gobierno del Principado utilizar\u00e1 todos los mecanismos legales a su alcance para paliar los \u201cefectos negativos\u201d de la Ley Org\u00e1nica para la Mejora de la Calidad Educativa (LOMCE), que ha sido aprobada hoy en el pleno del Congreso. La titular de","inLanguage":"es-ES","isPartOf":{"@id":"https:\/\/www.eldigitaldeasturias.com\/noticias\/#website"},"breadcrumb":{"@id":"https:\/\/www.eldigitaldeasturias.com\/noticias\/el-principado-utilizara-todos-los-resortes-legales-para-paliar-los-efectos-negativos-de-la-lomce\/#breadcrumblist"},"author":{"@id":"https:\/\/www.eldigitaldeasturias.com\/noticias\/author\/admin\/#author"},"creator":{"@id":"https:\/\/www.eldigitaldeasturias.com\/noticias\/author\/admin\/#author"},"image":{"@type":"ImageObject","url":437627,"@id":"https:\/\/www.eldigitaldeasturias.com\/noticias\/el-principado-utilizara-todos-los-resortes-legales-para-paliar-los-efectos-negativos-de-la-lomce\/#mainImage"},"primaryImageOfPage":{"@id":"https:\/\/www.eldigitaldeasturias.com\/noticias\/el-principado-utilizara-todos-los-resortes-legales-para-paliar-los-efectos-negativos-de-la-lomce\/#mainImage"},"datePublished":"2013-11-28T21:00:01+01:00","dateModified":"2013-11-28T21:00:01+01:00"},{"@type":"WebSite","@id":"https:\/\/www.eldigitaldeasturias.com\/noticias\/#website","url":"https:\/\/www.eldigitaldeasturias.com\/noticias\/","name":"El Digital de Asturias - Diario de actualidad y noticias","alternateName":"El Digital de Asturias - Diario de actualidad y noticias","description":"Hemeroteca","inLanguage":"es-ES","publisher":{"@id":"https:\/\/www.eldigitaldeasturias.com\/noticias\/#organization"}}]},"og:locale":"es_ES","og:site_name":"El Digital de Asturias","og:type":"article","og:title":"El Principado utilizar\u00e1 todos los resortes legales para paliar los \u201cefectos negativos\u201d de la LOMCE - El Digital de Asturias","og:description":"La consejera de Educaci\u00f3n, Cultura y Deporte, Ana Gonz\u00e1lez, ha anunciado hoy que el Gobierno del Principado utilizar\u00e1 todos los mecanismos legales a su alcance para paliar los \u201cefectos negativos\u201d de la Ley Org\u00e1nica para la Mejora de la Calidad Educativa (LOMCE), que ha sido aprobada hoy en el pleno del Congreso. La titular de","og:url":"https:\/\/www.eldigitaldeasturias.com\/noticias\/el-principado-utilizara-todos-los-resortes-legales-para-paliar-los-efectos-negativos-de-la-lomce\/","article:tag":["actualidad asturias"],"article:published_time":"2013-11-28T22:00:01+00:00","article:modified_time":"2013-11-28T22:00:01+00:00","article:publisher":"https:\/\/facebook.com\/eldigitaldeasturias","twitter:card":"summary_large_image","twitter:title":"El Principado utilizar\u00e1 todos los resortes legales para paliar los \u201cefectos negativos\u201d de la LOMCE - El Digital de Asturias","twitter:description":"La consejera de Educaci\u00f3n, Cultura y Deporte, Ana Gonz\u00e1lez, ha anunciado hoy que el Gobierno del Principado utilizar\u00e1 todos los mecanismos legales a su alcance para paliar los \u201cefectos negativos\u201d de la Ley Org\u00e1nica para la Mejora de la Calidad Educativa (LOMCE), que ha sido aprobada hoy en el pleno del Congreso. La titular de","twitter:label1":"Escrito por","twitter:data1":"El Digital de Asturias","twitter:label2":"Tiempo de lectura estimado","twitter:data2":"1 minuto"},"aioseo_meta_data":{"post_id":"455494","title":null,"description":null,"keywords":null,"keyphrases":null,"primary_term":null,"canonical_url":null,"og_title":null,"og_description":null,"og_object_type":"default","og_image_type":"default","og_image_url":null,"og_image_width":null,"og_image_height":null,"og_image_custom_url":null,"og_image_custom_fields":null,"og_video":null,"og_custom_url":null,"og_article_section":null,"og_article_tags":null,"twitter_use_og":true,"twitter_card":"default","twitter_image_type":"default","twitter_image_url":null,"twitter_image_custom_url":null,"twitter_image_custom_fields":null,"twitter_title":null,"twitter_description":null,"schema":{"blockGraphs":[],"customGraphs":[],"default":{"data":{"Article":[],"Course":[],"Dataset":[],"FAQPage":[],"Movie":[],"Person":[],"Product":[],"ProductReview":[],"Car":[],"Recipe":[],"Service":[],"SoftwareApplication":[],"WebPage":[]},"graphName":"","isEnabled":true},"graphs":[],"defaultGraph":"","defaultPostTypeGraph":""},"schema_type":null,"schema_type_options":null,"pillar_content":false,"robots_default":true,"robots_noindex":false,"robots_noarchive":false,"robots_nosnippet":false,"robots_nofollow":false,"robots_noimageindex":false,"robots_noodp":false,"robots_notranslate":false,"robots_max_snippet":null,"robots_max_videopreview":null,"robots_max_imagepreview":"none","priority":null,"frequency":null,"local_seo":null,"seo_analyzer_scan_date":"2026-05-29 18:32:10","breadcrumb_settings":null,"limit_modified_date":false,"open_ai":null,"ai":null,"created":"2020-11-14 22:45:20","updated":"2026-05-29 18:32:10","focus_keyword":null,"additional_keywords":null,"truseo_locale":null},"aioseo_breadcrumb":"<div class=\"aioseo-breadcrumbs\"><span class=\"aioseo-breadcrumb\">\n\t<a href=\"https:\/\/www.eldigitaldeasturias.com\/noticias\" title=\"Home\">Home<\/a>\n<\/span><span class=\"aioseo-breadcrumb-separator\">\u2013<\/span><span class=\"aioseo-breadcrumb\">\n\t<a href=\"https:\/\/www.eldigitaldeasturias.com\/noticias\/category\/actualidad-asturias\/\" title=\"Actualidad Asturias\">Actualidad Asturias<\/a>\n<\/span><span class=\"aioseo-breadcrumb-separator\">\u2013<\/span><span class=\"aioseo-breadcrumb\">\n\t<a href=\"https:\/\/www.eldigitaldeasturias.com\/noticias\/el-principado-utilizara-todos-los-resortes-legales-para-paliar-los-efectos-negativos-de-la-lomce\/\" title=\"El Principado utilizar\u00e1 todos los resortes legales para paliar los \u201cefectos negativos\u201d de la LOMCE\">El Principado utilizar\u00e1 todos los resortes legales para paliar los \u201cefectos negativos\u201d de la LOMCE<\/a>\n<\/span><\/div>","aioseo_breadcrumb_json":[{"label":"Home","link":"https:\/\/www.eldigitaldeasturias.com\/noticias"},{"label":"Actualidad Asturias","link":"https:\/\/www.eldigitaldeasturias.com\/noticias\/category\/actualidad-asturias\/"},{"label":"El Principado utilizar\u00e1 todos los resortes legales para paliar los \u201cefectos negativos\u201d de la LOMCE","link":"https:\/\/www.eldigitaldeasturias.com\/noticias\/el-principado-utilizara-todos-los-resortes-legales-para-paliar-los-efectos-negativos-de-la-lomce\/"}],"_links":{"self":[{"href":"https:\/\/www.eldigitaldeasturias.com\/noticias\/wp-json\/wp\/v2\/posts\/455494","targetHints":{"allow":["GET"]}}],"collection":[{"href":"https:\/\/www.eldigitaldeasturias.com\/noticias\/wp-json\/wp\/v2\/posts"}],"about":[{"href":"https:\/\/www.eldigitaldeasturias.com\/noticias\/wp-json\/wp\/v2\/types\/post"}],"author":[{"embeddable":true,"href":"https:\/\/www.eldigitaldeasturias.com\/noticias\/wp-json\/wp\/v2\/users\/1"}],"replies":[{"embeddable":true,"href":"https:\/\/www.eldigitaldeasturias.com\/noticias\/wp-json\/wp\/v2\/comments?post=455494"}],"version-history":[{"count":0,"href":"https:\/\/www.eldigitaldeasturias.com\/noticias\/wp-json\/wp\/v2\/posts\/455494\/revisions"}],"wp:attachment":[{"href":"https:\/\/www.eldigitaldeasturias.com\/noticias\/wp-json\/wp\/v2\/media?parent=455494"}],"wp:term":[{"taxonomy":"category","embeddable":true,"href":"https:\/\/www.eldigitaldeasturias.com\/noticias\/wp-json\/wp\/v2\/categories?post=455494"},{"taxonomy":"post_tag","embeddable":true,"href":"https:\/\/www.eldigitaldeasturias.com\/noticias\/wp-json\/wp\/v2\/tags?post=455494"}],"curies":[{"name":"wp","href":"https:\/\/api.w.org\/{rel}","templated":true}]}}