{"id":455492,"date":"2013-11-28T20:57:54","date_gmt":"2013-11-28T21:57:54","guid":{"rendered":"http:\/\/www.eldigitaldeasturias.com\/noticias\/?p=455492"},"modified":"2013-11-28T20:57:54","modified_gmt":"2013-11-28T21:57:54","slug":"el-area-sanitaria-de-oviedo-renueva-su-sistema-informatico-para-sumarse-al-proyecto-de-historia-clinica-electronica-y-mejorar-la-calidad","status":"publish","type":"post","link":"https:\/\/www.eldigitaldeasturias.com\/noticias\/el-area-sanitaria-de-oviedo-renueva-su-sistema-informatico-para-sumarse-al-proyecto-de-historia-clinica-electronica-y-mejorar-la-calidad\/","title":{"rendered":"El \u00e1rea sanitaria de Oviedo renueva su sistema inform\u00e1tico para sumarse al proyecto de historia cl\u00ednica electr\u00f3nica y mejorar la calidad"},"content":{"rendered":"<p><img loading=\"lazy\" decoding=\"async\" class=\"alignleft size-medium wp-image-2874\" alt=\"huca\" src=\"https:\/\/www.eldigitaldeasturias.com\/noticias\/wp-content\/uploads\/2013\/09\/huca-360x244.jpg\" width=\"360\" height=\"244\" \/>El pasado 30 de septiembre comenz\u00f3 a funcionar en el Hospital Universitario Central de Asturias (HUCA) la aplicaci\u00f3n Millenium, que dar\u00e1 soporte a la historia cl\u00ednica electr\u00f3nica en el centro sanitario, dentro de la estrategia de implantaci\u00f3n de la historia cl\u00ednica electr\u00f3nica en todos los equipamientos del Servicio de Salud del Principado de Asturias (Sespa) y otros hospitales integrados en la red p\u00fablica.<\/p>\n<p>El consejero de Sanidad, Faustino Blanco, ha se\u00f1alado hoy ante el pleno de la Junta General del Principado que en pr\u00f3ximos meses, una vez est\u00e9 plenamente operativa la historia cl\u00ednica electr\u00f3nica, se interconectar\u00e1 la historia cl\u00ednica electr\u00f3nica de Millenium con la del conjunto de la red. Esto permitir\u00e1 a los profesionales acceder a los datos cl\u00ednicos fundamentales de los pacientes, tanto desde los centros de salud como desde el hospital, facilitando el intercambio de informaci\u00f3n cl\u00ednica, diagn\u00f3stica y terap\u00e9utica. Todo ello redundar\u00e1 en una menor reiteraci\u00f3n de estudios, duplicidades de consultas, mayor agilidad diagn\u00f3stica y seguridad en los tratamientos.<\/p>\n<p>Hasta la fecha se ha puesto en funcionamiento la fase I de Millenium, que incluye todo lo relacionado con la gesti\u00f3n de pacientes, y sustituye a una aplicaci\u00f3n que funcionaba en el HUCA desde hace muchos a\u00f1os. Esta primera fase permite la gesti\u00f3n de pacientes en todos los \u00e1mbitos: hospitalizaci\u00f3n, urgencias, consultas y archivo de historias cl\u00ednicas.<\/p>\n<p>El proceso de migraci\u00f3n se inici\u00f3 el viernes 27 de septiembre y se prolong\u00f3 durante m\u00e1s de 65 horas ininterrumpidas, hasta la madrugada del d\u00eda 30, momento en el que se puso en funcionamiento. Ha sido un proceso complejo, como cualquier migraci\u00f3n de cantidades ingentes de datos, todos muy delicados por su propia naturaleza, pero sin problemas relevantes o da\u00f1os en los registros. \u00danicamente se han registrado incidencias limitadas en algunas agendas y en determinadas funcionalidades del archivo, que han sido corregidas por parte de la empresa adjudicataria.<\/p>\n<p>Blanco ha insistido en que pese a que se han producido algunas demoras e incomodidades, la correcta funcionalidad de la aplicaci\u00f3n est\u00e1 garantizada. \u201cHemos tenido tiempo para corregir incidencias y tendremos m\u00e1s seguridad en la gesti\u00f3n de las citas en el nuevo HUCA\u201d, ha subrayado.<\/p>\n<p>El titular de Sanidad ha abundado en que este cambio desde el antiguo modelo de gesti\u00f3n de pacientes exige un amplio despliegue de tareas t\u00e9cnicas que, por prudencia, Sanidad ha decidido que se realicen antes del traslado del hospital para poder realizar una migraci\u00f3n segura de los datos entre la aplicaci\u00f3n antigua y la nueva.<\/p>\n<p>La aplicaci\u00f3n Millenium, cuya titularidad es de la multinacional norteamericana Cerner, es una de las m\u00e1s s\u00f3lidas del mercado actual en el mundo de las tecnolog\u00edas de la informaci\u00f3n aplicadas al sector salud. La empresa tiene clientes en m\u00e1s de 24 pa\u00edses y la aplicaci\u00f3n funciona en m\u00e1s de 2.600 hospitales de todo el mundo. Cerner fue la compa\u00f1\u00eda mejor puntuada por el comit\u00e9 t\u00e9cnico de valoraci\u00f3n en t\u00e9rminos globales en el concurso p\u00fablico, tanto en los criterios referidos a la calidad de la soluci\u00f3n t\u00e9cnica ofertada, como a la planificaci\u00f3n.<\/p>\n<p>Para el soporte en el arranque de la aplicaci\u00f3n y en d\u00edas sucesivos, la empresa adjudicataria ha aportado m\u00e1s de cien puestos de trabajo t\u00e9cnico para la resoluci\u00f3n de incidencias y el apoyo al personal del hospital en el manejo de la nueva aplicaci\u00f3n. Adem\u00e1s, 883 profesionales del \u00e1rea IV, correspondientes al HUCA, Hospital Monte Naranco y centros de atenci\u00f3n primaria, han recibido formaci\u00f3n previa a la implantaci\u00f3n de Millennium.<\/p>\n<p>En concreto, se realiz\u00f3 un primer proceso con 26 formadores del HUCA, con objeto de que fueran ellos quienes prepararan al resto de personal. Posteriormente, se imparti\u00f3 la formaci\u00f3n de usuarios finales a 883 profesionales. En total, se han impartido 7.836 horas de formaci\u00f3n, a las que habr\u00eda que sumar la formaci\u00f3n de formadores inicial.<\/p>\n","protected":false},"excerpt":{"rendered":"<p>El pasado 30 de septiembre comenz\u00f3 a funcionar en el Hospital Universitario Central de Asturias (HUCA) la aplicaci\u00f3n Millenium, que dar\u00e1 soporte a la historia cl\u00ednica electr\u00f3nica en el centro sanitario, dentro de la estrategia de implantaci\u00f3n de la historia cl\u00ednica electr\u00f3nica en todos los equipamientos del Servicio de Salud del Principado de Asturias (Sespa) [&hellip;]<\/p>\n","protected":false},"author":1,"featured_media":1132184,"comment_status":"open","ping_status":"open","sticky":false,"template":"","format":"standard","meta":{"footnotes":""},"categories":[12],"tags":[],"class_list":["post-455492","post","type-post","status-publish","format-standard","has-post-thumbnail","hentry","category-actualidad-asturias"],"aioseo_notices":[],"aioseo_head":"\n\t\t<!-- All in One SEO Pro 5.0.1 - aioseo.com -->\n\t<meta name=\"description\" content=\"El pasado 30 de septiembre comenz\u00f3 a funcionar en el Hospital Universitario Central de Asturias (HUCA) la aplicaci\u00f3n Millenium, que dar\u00e1 soporte a la historia cl\u00ednica electr\u00f3nica en el centro sanitario, dentro de la estrategia de implantaci\u00f3n de la historia cl\u00ednica electr\u00f3nica en todos los equipamientos del Servicio de Salud del Principado de Asturias (Sespa)\" \/>\n\t<meta name=\"robots\" content=\"max-image-preview:large\" \/>\n\t<meta name=\"author\" content=\"El Digital de Asturias\"\/>\n\t<meta name=\"google-site-verification\" content=\"UA-38556648-1\" \/>\n\t<meta name=\"msvalidate.01\" content=\"7dfe9f3f1b24437ab69f4f2559babe99\" \/>\n\t<meta name=\"keywords\" content=\"actualidad asturias\" \/>\n\t<link rel=\"canonical\" href=\"https:\/\/www.eldigitaldeasturias.com\/noticias\/el-area-sanitaria-de-oviedo-renueva-su-sistema-informatico-para-sumarse-al-proyecto-de-historia-clinica-electronica-y-mejorar-la-calidad\/\" \/>\n\t<meta name=\"generator\" content=\"All in One SEO Pro (AIOSEO) 5.0.1\" \/>\n\t\t<meta property=\"og:locale\" content=\"es_ES\" \/>\n\t\t<meta property=\"og:site_name\" content=\"El Digital de Asturias\" \/>\n\t\t<meta property=\"og:type\" content=\"article\" \/>\n\t\t<meta property=\"og:title\" content=\"El \u00e1rea sanitaria de Oviedo renueva su sistema inform\u00e1tico para sumarse al proyecto de historia cl\u00ednica electr\u00f3nica y mejorar la calidad - El Digital de Asturias\" \/>\n\t\t<meta property=\"og:description\" content=\"El pasado 30 de septiembre comenz\u00f3 a funcionar en el Hospital Universitario Central de Asturias (HUCA) la aplicaci\u00f3n Millenium, que dar\u00e1 soporte a la historia cl\u00ednica electr\u00f3nica en el centro sanitario, dentro de la estrategia de implantaci\u00f3n de la historia cl\u00ednica electr\u00f3nica en todos los equipamientos del Servicio de Salud del Principado de Asturias (Sespa)\" \/>\n\t\t<meta property=\"og:url\" content=\"https:\/\/www.eldigitaldeasturias.com\/noticias\/el-area-sanitaria-de-oviedo-renueva-su-sistema-informatico-para-sumarse-al-proyecto-de-historia-clinica-electronica-y-mejorar-la-calidad\/\" \/>\n\t\t<meta property=\"og:image\" content=\"https:\/\/www.eldigitaldeasturias.com\/noticias\/wp-content\/uploads\/2026\/06\/Contenidos.jpg\" \/>\n\t\t<meta property=\"og:image:secure_url\" content=\"https:\/\/www.eldigitaldeasturias.com\/noticias\/wp-content\/uploads\/2026\/06\/Contenidos.jpg\" \/>\n\t\t<meta property=\"og:image:width\" content=\"1265\" \/>\n\t\t<meta property=\"og:image:height\" content=\"697\" \/>\n\t\t<meta property=\"article:tag\" content=\"actualidad asturias\" \/>\n\t\t<meta property=\"article:published_time\" content=\"2013-11-28T21:57:54+00:00\" \/>\n\t\t<meta property=\"article:modified_time\" content=\"2013-11-28T21:57:54+00:00\" \/>\n\t\t<meta property=\"article:publisher\" content=\"https:\/\/facebook.com\/eldigitaldeasturias\" \/>\n\t\t<meta name=\"twitter:card\" content=\"summary_large_image\" \/>\n\t\t<meta name=\"twitter:title\" content=\"El \u00e1rea sanitaria de Oviedo renueva su sistema inform\u00e1tico para sumarse al proyecto de historia cl\u00ednica electr\u00f3nica y mejorar la calidad - El Digital de Asturias\" \/>\n\t\t<meta name=\"twitter:description\" content=\"El pasado 30 de septiembre comenz\u00f3 a funcionar en el Hospital Universitario Central de Asturias (HUCA) la aplicaci\u00f3n Millenium, que dar\u00e1 soporte a la historia cl\u00ednica electr\u00f3nica en el centro sanitario, dentro de la estrategia de implantaci\u00f3n de la historia cl\u00ednica electr\u00f3nica en todos los equipamientos del Servicio de Salud del Principado de Asturias (Sespa)\" \/>\n\t\t<meta name=\"twitter:image\" content=\"https:\/\/www.eldigitaldeasturias.com\/noticias\/wp-content\/uploads\/2026\/06\/Contenidos.jpg\" \/>\n\t\t<meta name=\"twitter:label1\" content=\"Escrito por\" \/>\n\t\t<meta name=\"twitter:data1\" content=\"El Digital de Asturias\" \/>\n\t\t<meta name=\"twitter:label2\" content=\"Tiempo de lectura estimado\" \/>\n\t\t<meta name=\"twitter:data2\" content=\"3 minutos\" \/>\n\t\t<script type=\"application\/ld+json\" class=\"aioseo-schema\">\n\t\t\t{\"@context\":\"https:\\\/\\\/schema.org\",\"@graph\":[{\"@type\":\"BlogPosting\",\"@id\":\"https:\\\/\\\/www.eldigitaldeasturias.com\\\/noticias\\\/el-area-sanitaria-de-oviedo-renueva-su-sistema-informatico-para-sumarse-al-proyecto-de-historia-clinica-electronica-y-mejorar-la-calidad\\\/#blogposting\",\"name\":\"El \\u00e1rea sanitaria de Oviedo renueva su sistema inform\\u00e1tico para sumarse al proyecto de historia cl\\u00ednica electr\\u00f3nica y mejorar la calidad - El Digital de Asturias\",\"headline\":\"El \\u00e1rea sanitaria de Oviedo renueva su sistema inform\\u00e1tico para sumarse al proyecto de historia cl\\u00ednica electr\\u00f3nica y mejorar la calidad\",\"author\":{\"@id\":\"https:\\\/\\\/www.eldigitaldeasturias.com\\\/noticias\\\/author\\\/admin\\\/#author\"},\"publisher\":{\"@id\":\"https:\\\/\\\/www.eldigitaldeasturias.com\\\/noticias\\\/#organization\"},\"image\":{\"@type\":\"ImageObject\",\"url\":\"https:\\\/\\\/www.eldigitaldeasturias.com\\\/noticias\\\/wp-content\\\/uploads\\\/2026\\\/06\\\/Contenidos.jpg\",\"width\":1265,\"height\":697,\"caption\":\"Contenidos\"},\"datePublished\":\"2013-11-28T20:57:54+01:00\",\"dateModified\":\"2013-11-28T20:57:54+01:00\",\"inLanguage\":\"es-ES\",\"mainEntityOfPage\":{\"@id\":\"https:\\\/\\\/www.eldigitaldeasturias.com\\\/noticias\\\/el-area-sanitaria-de-oviedo-renueva-su-sistema-informatico-para-sumarse-al-proyecto-de-historia-clinica-electronica-y-mejorar-la-calidad\\\/#webpage\"},\"isPartOf\":{\"@id\":\"https:\\\/\\\/www.eldigitaldeasturias.com\\\/noticias\\\/el-area-sanitaria-de-oviedo-renueva-su-sistema-informatico-para-sumarse-al-proyecto-de-historia-clinica-electronica-y-mejorar-la-calidad\\\/#webpage\"},\"articleSection\":\"Actualidad Asturias\"},{\"@type\":\"BreadcrumbList\",\"@id\":\"https:\\\/\\\/www.eldigitaldeasturias.com\\\/noticias\\\/el-area-sanitaria-de-oviedo-renueva-su-sistema-informatico-para-sumarse-al-proyecto-de-historia-clinica-electronica-y-mejorar-la-calidad\\\/#breadcrumblist\",\"itemListElement\":[{\"@type\":\"ListItem\",\"@id\":\"https:\\\/\\\/www.eldigitaldeasturias.com\\\/noticias#listItem\",\"position\":1,\"name\":\"Home\",\"item\":\"https:\\\/\\\/www.eldigitaldeasturias.com\\\/noticias\",\"nextItem\":{\"@type\":\"ListItem\",\"@id\":\"https:\\\/\\\/www.eldigitaldeasturias.com\\\/noticias\\\/category\\\/actualidad-asturias\\\/#listItem\",\"name\":\"Actualidad Asturias\"}},{\"@type\":\"ListItem\",\"@id\":\"https:\\\/\\\/www.eldigitaldeasturias.com\\\/noticias\\\/category\\\/actualidad-asturias\\\/#listItem\",\"position\":2,\"name\":\"Actualidad Asturias\",\"item\":\"https:\\\/\\\/www.eldigitaldeasturias.com\\\/noticias\\\/category\\\/actualidad-asturias\\\/\",\"nextItem\":{\"@type\":\"ListItem\",\"@id\":\"https:\\\/\\\/www.eldigitaldeasturias.com\\\/noticias\\\/el-area-sanitaria-de-oviedo-renueva-su-sistema-informatico-para-sumarse-al-proyecto-de-historia-clinica-electronica-y-mejorar-la-calidad\\\/#listItem\",\"name\":\"El \\u00e1rea sanitaria de Oviedo renueva su sistema inform\\u00e1tico para sumarse al proyecto de historia cl\\u00ednica electr\\u00f3nica y mejorar la calidad\"},\"previousItem\":{\"@type\":\"ListItem\",\"@id\":\"https:\\\/\\\/www.eldigitaldeasturias.com\\\/noticias#listItem\",\"name\":\"Home\"}},{\"@type\":\"ListItem\",\"@id\":\"https:\\\/\\\/www.eldigitaldeasturias.com\\\/noticias\\\/el-area-sanitaria-de-oviedo-renueva-su-sistema-informatico-para-sumarse-al-proyecto-de-historia-clinica-electronica-y-mejorar-la-calidad\\\/#listItem\",\"position\":3,\"name\":\"El \\u00e1rea sanitaria de Oviedo renueva su sistema inform\\u00e1tico para sumarse al proyecto de historia cl\\u00ednica electr\\u00f3nica y mejorar la calidad\",\"previousItem\":{\"@type\":\"ListItem\",\"@id\":\"https:\\\/\\\/www.eldigitaldeasturias.com\\\/noticias\\\/category\\\/actualidad-asturias\\\/#listItem\",\"name\":\"Actualidad Asturias\"}}]},{\"@type\":\"Organization\",\"@id\":\"https:\\\/\\\/www.eldigitaldeasturias.com\\\/noticias\\\/#organization\",\"name\":\"El Digital de Asturias\",\"description\":\"Hemeroteca\",\"url\":\"https:\\\/\\\/www.eldigitaldeasturias.com\\\/noticias\\\/\",\"email\":\"info@eldigitaldeasturias.com\",\"telephone\":\"+34652131393\",\"logo\":{\"@type\":\"ImageObject\",\"url\":\"https:\\\/\\\/www.eldigitaldeasturias.com\\\/noticias\\\/wp-content\\\/uploads\\\/2020\\\/12\\\/EDA.jpg\",\"@id\":\"https:\\\/\\\/www.eldigitaldeasturias.com\\\/noticias\\\/el-area-sanitaria-de-oviedo-renueva-su-sistema-informatico-para-sumarse-al-proyecto-de-historia-clinica-electronica-y-mejorar-la-calidad\\\/#organizationLogo\"},\"image\":{\"@id\":\"https:\\\/\\\/www.eldigitaldeasturias.com\\\/noticias\\\/el-area-sanitaria-de-oviedo-renueva-su-sistema-informatico-para-sumarse-al-proyecto-de-historia-clinica-electronica-y-mejorar-la-calidad\\\/#organizationLogo\"},\"sameAs\":[\"https:\\\/\\\/facebook.com\\\/eldigitaldeasturias\",\"https:\\\/\\\/www.youtube.com\\\/channel\\\/UCZP-2wLEB9Rv6erhFmqVnvg\"],\"address\":{\"@id\":\"https:\\\/\\\/www.eldigitaldeasturias.com\\\/noticias\\\/#postaladdress\",\"@type\":\"PostalAddress\",\"streetAddress\":\"san antonio 4\",\"postalCode\":\"33430\",\"addressLocality\":\"Cand\\u00e1s\",\"addressRegion\":\"Asturias\",\"addressCountry\":\"ES\"}},{\"@type\":\"Person\",\"@id\":\"https:\\\/\\\/www.eldigitaldeasturias.com\\\/noticias\\\/author\\\/admin\\\/#author\",\"url\":\"https:\\\/\\\/www.eldigitaldeasturias.com\\\/noticias\\\/author\\\/admin\\\/\",\"name\":\"El Digital de Asturias\",\"image\":{\"@type\":\"ImageObject\",\"@id\":\"https:\\\/\\\/www.eldigitaldeasturias.com\\\/noticias\\\/el-area-sanitaria-de-oviedo-renueva-su-sistema-informatico-para-sumarse-al-proyecto-de-historia-clinica-electronica-y-mejorar-la-calidad\\\/#authorImage\",\"url\":\"https:\\\/\\\/secure.gravatar.com\\\/avatar\\\/df2aeffc32bcd13f8d26072ef8a91b623d677766deac7f97ca815868cd41bf5e?s=96&d=mm&r=g\",\"width\":96,\"height\":96,\"caption\":\"El Digital de Asturias\"}},{\"@type\":\"WebPage\",\"@id\":\"https:\\\/\\\/www.eldigitaldeasturias.com\\\/noticias\\\/el-area-sanitaria-de-oviedo-renueva-su-sistema-informatico-para-sumarse-al-proyecto-de-historia-clinica-electronica-y-mejorar-la-calidad\\\/#webpage\",\"url\":\"https:\\\/\\\/www.eldigitaldeasturias.com\\\/noticias\\\/el-area-sanitaria-de-oviedo-renueva-su-sistema-informatico-para-sumarse-al-proyecto-de-historia-clinica-electronica-y-mejorar-la-calidad\\\/\",\"name\":\"El \\u00e1rea sanitaria de Oviedo renueva su sistema inform\\u00e1tico para sumarse al proyecto de historia cl\\u00ednica electr\\u00f3nica y mejorar la calidad - El Digital de Asturias\",\"description\":\"El pasado 30 de septiembre comenz\\u00f3 a funcionar en el Hospital Universitario Central de Asturias (HUCA) la aplicaci\\u00f3n Millenium, que dar\\u00e1 soporte a la historia cl\\u00ednica electr\\u00f3nica en el centro sanitario, dentro de la estrategia de implantaci\\u00f3n de la historia cl\\u00ednica electr\\u00f3nica en todos los equipamientos del Servicio de Salud del Principado de Asturias (Sespa)\",\"inLanguage\":\"es-ES\",\"isPartOf\":{\"@id\":\"https:\\\/\\\/www.eldigitaldeasturias.com\\\/noticias\\\/#website\"},\"breadcrumb\":{\"@id\":\"https:\\\/\\\/www.eldigitaldeasturias.com\\\/noticias\\\/el-area-sanitaria-de-oviedo-renueva-su-sistema-informatico-para-sumarse-al-proyecto-de-historia-clinica-electronica-y-mejorar-la-calidad\\\/#breadcrumblist\"},\"author\":{\"@id\":\"https:\\\/\\\/www.eldigitaldeasturias.com\\\/noticias\\\/author\\\/admin\\\/#author\"},\"creator\":{\"@id\":\"https:\\\/\\\/www.eldigitaldeasturias.com\\\/noticias\\\/author\\\/admin\\\/#author\"},\"image\":{\"@type\":\"ImageObject\",\"url\":\"https:\\\/\\\/www.eldigitaldeasturias.com\\\/noticias\\\/wp-content\\\/uploads\\\/2026\\\/06\\\/Contenidos.jpg\",\"@id\":\"https:\\\/\\\/www.eldigitaldeasturias.com\\\/noticias\\\/el-area-sanitaria-de-oviedo-renueva-su-sistema-informatico-para-sumarse-al-proyecto-de-historia-clinica-electronica-y-mejorar-la-calidad\\\/#mainImage\",\"width\":1265,\"height\":697,\"caption\":\"Contenidos\"},\"primaryImageOfPage\":{\"@id\":\"https:\\\/\\\/www.eldigitaldeasturias.com\\\/noticias\\\/el-area-sanitaria-de-oviedo-renueva-su-sistema-informatico-para-sumarse-al-proyecto-de-historia-clinica-electronica-y-mejorar-la-calidad\\\/#mainImage\"},\"datePublished\":\"2013-11-28T20:57:54+01:00\",\"dateModified\":\"2013-11-28T20:57:54+01:00\"},{\"@type\":\"WebSite\",\"@id\":\"https:\\\/\\\/www.eldigitaldeasturias.com\\\/noticias\\\/#website\",\"url\":\"https:\\\/\\\/www.eldigitaldeasturias.com\\\/noticias\\\/\",\"name\":\"El Digital de Asturias - Diario de actualidad y noticias\",\"alternateName\":\"El Digital de Asturias - Diario de actualidad y noticias\",\"description\":\"Hemeroteca\",\"inLanguage\":\"es-ES\",\"publisher\":{\"@id\":\"https:\\\/\\\/www.eldigitaldeasturias.com\\\/noticias\\\/#organization\"}}]}\n\t\t<\/script>\n\t\t<!-- All in One SEO Pro -->\r\n\t\t<title>El \u00e1rea sanitaria de Oviedo renueva su sistema inform\u00e1tico para sumarse al proyecto de historia cl\u00ednica electr\u00f3nica y mejorar la calidad - El Digital de Asturias<\/title>\n\n","aioseo_head_json":{"title":"El \u00e1rea sanitaria de Oviedo renueva su sistema inform\u00e1tico para sumarse al proyecto de historia cl\u00ednica electr\u00f3nica y mejorar la calidad - El Digital de Asturias","description":"El pasado 30 de septiembre comenz\u00f3 a funcionar en el Hospital Universitario Central de Asturias (HUCA) la aplicaci\u00f3n Millenium, que dar\u00e1 soporte a la historia cl\u00ednica electr\u00f3nica en el centro sanitario, dentro de la estrategia de implantaci\u00f3n de la historia cl\u00ednica electr\u00f3nica en todos los equipamientos del Servicio de Salud del Principado de Asturias (Sespa)","canonical_url":"https:\/\/www.eldigitaldeasturias.com\/noticias\/el-area-sanitaria-de-oviedo-renueva-su-sistema-informatico-para-sumarse-al-proyecto-de-historia-clinica-electronica-y-mejorar-la-calidad\/","robots":"max-image-preview:large","keywords":"actualidad asturias","webmasterTools":{"google-site-verification":"UA-38556648-1","msvalidate.01":"7dfe9f3f1b24437ab69f4f2559babe99","miscellaneous":""},"schema":{"@context":"https:\/\/schema.org","@graph":[{"@type":"BlogPosting","@id":"https:\/\/www.eldigitaldeasturias.com\/noticias\/el-area-sanitaria-de-oviedo-renueva-su-sistema-informatico-para-sumarse-al-proyecto-de-historia-clinica-electronica-y-mejorar-la-calidad\/#blogposting","name":"El \u00e1rea sanitaria de Oviedo renueva su sistema inform\u00e1tico para sumarse al proyecto de historia cl\u00ednica electr\u00f3nica y mejorar la calidad - El Digital de Asturias","headline":"El \u00e1rea sanitaria de Oviedo renueva su sistema inform\u00e1tico para sumarse al proyecto de historia cl\u00ednica electr\u00f3nica y mejorar la calidad","author":{"@id":"https:\/\/www.eldigitaldeasturias.com\/noticias\/author\/admin\/#author"},"publisher":{"@id":"https:\/\/www.eldigitaldeasturias.com\/noticias\/#organization"},"image":{"@type":"ImageObject","url":"https:\/\/www.eldigitaldeasturias.com\/noticias\/wp-content\/uploads\/2026\/06\/Contenidos.jpg","width":1265,"height":697,"caption":"Contenidos"},"datePublished":"2013-11-28T20:57:54+01:00","dateModified":"2013-11-28T20:57:54+01:00","inLanguage":"es-ES","mainEntityOfPage":{"@id":"https:\/\/www.eldigitaldeasturias.com\/noticias\/el-area-sanitaria-de-oviedo-renueva-su-sistema-informatico-para-sumarse-al-proyecto-de-historia-clinica-electronica-y-mejorar-la-calidad\/#webpage"},"isPartOf":{"@id":"https:\/\/www.eldigitaldeasturias.com\/noticias\/el-area-sanitaria-de-oviedo-renueva-su-sistema-informatico-para-sumarse-al-proyecto-de-historia-clinica-electronica-y-mejorar-la-calidad\/#webpage"},"articleSection":"Actualidad Asturias"},{"@type":"BreadcrumbList","@id":"https:\/\/www.eldigitaldeasturias.com\/noticias\/el-area-sanitaria-de-oviedo-renueva-su-sistema-informatico-para-sumarse-al-proyecto-de-historia-clinica-electronica-y-mejorar-la-calidad\/#breadcrumblist","itemListElement":[{"@type":"ListItem","@id":"https:\/\/www.eldigitaldeasturias.com\/noticias#listItem","position":1,"name":"Home","item":"https:\/\/www.eldigitaldeasturias.com\/noticias","nextItem":{"@type":"ListItem","@id":"https:\/\/www.eldigitaldeasturias.com\/noticias\/category\/actualidad-asturias\/#listItem","name":"Actualidad Asturias"}},{"@type":"ListItem","@id":"https:\/\/www.eldigitaldeasturias.com\/noticias\/category\/actualidad-asturias\/#listItem","position":2,"name":"Actualidad Asturias","item":"https:\/\/www.eldigitaldeasturias.com\/noticias\/category\/actualidad-asturias\/","nextItem":{"@type":"ListItem","@id":"https:\/\/www.eldigitaldeasturias.com\/noticias\/el-area-sanitaria-de-oviedo-renueva-su-sistema-informatico-para-sumarse-al-proyecto-de-historia-clinica-electronica-y-mejorar-la-calidad\/#listItem","name":"El \u00e1rea sanitaria de Oviedo renueva su sistema inform\u00e1tico para sumarse al proyecto de historia cl\u00ednica electr\u00f3nica y mejorar la calidad"},"previousItem":{"@type":"ListItem","@id":"https:\/\/www.eldigitaldeasturias.com\/noticias#listItem","name":"Home"}},{"@type":"ListItem","@id":"https:\/\/www.eldigitaldeasturias.com\/noticias\/el-area-sanitaria-de-oviedo-renueva-su-sistema-informatico-para-sumarse-al-proyecto-de-historia-clinica-electronica-y-mejorar-la-calidad\/#listItem","position":3,"name":"El \u00e1rea sanitaria de Oviedo renueva su sistema inform\u00e1tico para sumarse al proyecto de historia cl\u00ednica electr\u00f3nica y mejorar la calidad","previousItem":{"@type":"ListItem","@id":"https:\/\/www.eldigitaldeasturias.com\/noticias\/category\/actualidad-asturias\/#listItem","name":"Actualidad Asturias"}}]},{"@type":"Organization","@id":"https:\/\/www.eldigitaldeasturias.com\/noticias\/#organization","name":"El Digital de Asturias","description":"Hemeroteca","url":"https:\/\/www.eldigitaldeasturias.com\/noticias\/","email":"info@eldigitaldeasturias.com","telephone":"+34652131393","logo":{"@type":"ImageObject","url":"https:\/\/www.eldigitaldeasturias.com\/noticias\/wp-content\/uploads\/2020\/12\/EDA.jpg","@id":"https:\/\/www.eldigitaldeasturias.com\/noticias\/el-area-sanitaria-de-oviedo-renueva-su-sistema-informatico-para-sumarse-al-proyecto-de-historia-clinica-electronica-y-mejorar-la-calidad\/#organizationLogo"},"image":{"@id":"https:\/\/www.eldigitaldeasturias.com\/noticias\/el-area-sanitaria-de-oviedo-renueva-su-sistema-informatico-para-sumarse-al-proyecto-de-historia-clinica-electronica-y-mejorar-la-calidad\/#organizationLogo"},"sameAs":["https:\/\/facebook.com\/eldigitaldeasturias","https:\/\/www.youtube.com\/channel\/UCZP-2wLEB9Rv6erhFmqVnvg"],"address":{"@id":"https:\/\/www.eldigitaldeasturias.com\/noticias\/#postaladdress","@type":"PostalAddress","streetAddress":"san antonio 4","postalCode":"33430","addressLocality":"Cand\u00e1s","addressRegion":"Asturias","addressCountry":"ES"}},{"@type":"Person","@id":"https:\/\/www.eldigitaldeasturias.com\/noticias\/author\/admin\/#author","url":"https:\/\/www.eldigitaldeasturias.com\/noticias\/author\/admin\/","name":"El Digital de Asturias","image":{"@type":"ImageObject","@id":"https:\/\/www.eldigitaldeasturias.com\/noticias\/el-area-sanitaria-de-oviedo-renueva-su-sistema-informatico-para-sumarse-al-proyecto-de-historia-clinica-electronica-y-mejorar-la-calidad\/#authorImage","url":"https:\/\/secure.gravatar.com\/avatar\/df2aeffc32bcd13f8d26072ef8a91b623d677766deac7f97ca815868cd41bf5e?s=96&d=mm&r=g","width":96,"height":96,"caption":"El Digital de Asturias"}},{"@type":"WebPage","@id":"https:\/\/www.eldigitaldeasturias.com\/noticias\/el-area-sanitaria-de-oviedo-renueva-su-sistema-informatico-para-sumarse-al-proyecto-de-historia-clinica-electronica-y-mejorar-la-calidad\/#webpage","url":"https:\/\/www.eldigitaldeasturias.com\/noticias\/el-area-sanitaria-de-oviedo-renueva-su-sistema-informatico-para-sumarse-al-proyecto-de-historia-clinica-electronica-y-mejorar-la-calidad\/","name":"El \u00e1rea sanitaria de Oviedo renueva su sistema inform\u00e1tico para sumarse al proyecto de historia cl\u00ednica electr\u00f3nica y mejorar la calidad - El Digital de Asturias","description":"El pasado 30 de septiembre comenz\u00f3 a funcionar en el Hospital Universitario Central de Asturias (HUCA) la aplicaci\u00f3n Millenium, que dar\u00e1 soporte a la historia cl\u00ednica electr\u00f3nica en el centro sanitario, dentro de la estrategia de implantaci\u00f3n de la historia cl\u00ednica electr\u00f3nica en todos los equipamientos del Servicio de Salud del Principado de Asturias (Sespa)","inLanguage":"es-ES","isPartOf":{"@id":"https:\/\/www.eldigitaldeasturias.com\/noticias\/#website"},"breadcrumb":{"@id":"https:\/\/www.eldigitaldeasturias.com\/noticias\/el-area-sanitaria-de-oviedo-renueva-su-sistema-informatico-para-sumarse-al-proyecto-de-historia-clinica-electronica-y-mejorar-la-calidad\/#breadcrumblist"},"author":{"@id":"https:\/\/www.eldigitaldeasturias.com\/noticias\/author\/admin\/#author"},"creator":{"@id":"https:\/\/www.eldigitaldeasturias.com\/noticias\/author\/admin\/#author"},"image":{"@type":"ImageObject","url":"https:\/\/www.eldigitaldeasturias.com\/noticias\/wp-content\/uploads\/2026\/06\/Contenidos.jpg","@id":"https:\/\/www.eldigitaldeasturias.com\/noticias\/el-area-sanitaria-de-oviedo-renueva-su-sistema-informatico-para-sumarse-al-proyecto-de-historia-clinica-electronica-y-mejorar-la-calidad\/#mainImage","width":1265,"height":697,"caption":"Contenidos"},"primaryImageOfPage":{"@id":"https:\/\/www.eldigitaldeasturias.com\/noticias\/el-area-sanitaria-de-oviedo-renueva-su-sistema-informatico-para-sumarse-al-proyecto-de-historia-clinica-electronica-y-mejorar-la-calidad\/#mainImage"},"datePublished":"2013-11-28T20:57:54+01:00","dateModified":"2013-11-28T20:57:54+01:00"},{"@type":"WebSite","@id":"https:\/\/www.eldigitaldeasturias.com\/noticias\/#website","url":"https:\/\/www.eldigitaldeasturias.com\/noticias\/","name":"El Digital de Asturias - Diario de actualidad y noticias","alternateName":"El Digital de Asturias - Diario de actualidad y noticias","description":"Hemeroteca","inLanguage":"es-ES","publisher":{"@id":"https:\/\/www.eldigitaldeasturias.com\/noticias\/#organization"}}]},"og:locale":"es_ES","og:site_name":"El Digital de Asturias","og:type":"article","og:title":"El \u00e1rea sanitaria de Oviedo renueva su sistema inform\u00e1tico para sumarse al proyecto de historia cl\u00ednica electr\u00f3nica y mejorar la calidad - El Digital de Asturias","og:description":"El pasado 30 de septiembre comenz\u00f3 a funcionar en el Hospital Universitario Central de Asturias (HUCA) la aplicaci\u00f3n Millenium, que dar\u00e1 soporte a la historia cl\u00ednica electr\u00f3nica en el centro sanitario, dentro de la estrategia de implantaci\u00f3n de la historia cl\u00ednica electr\u00f3nica en todos los equipamientos del Servicio de Salud del Principado de Asturias (Sespa)","og:url":"https:\/\/www.eldigitaldeasturias.com\/noticias\/el-area-sanitaria-de-oviedo-renueva-su-sistema-informatico-para-sumarse-al-proyecto-de-historia-clinica-electronica-y-mejorar-la-calidad\/","og:image":"https:\/\/www.eldigitaldeasturias.com\/noticias\/wp-content\/uploads\/2026\/06\/Contenidos.jpg","og:image:secure_url":"https:\/\/www.eldigitaldeasturias.com\/noticias\/wp-content\/uploads\/2026\/06\/Contenidos.jpg","og:image:width":1265,"og:image:height":697,"article:tag":["actualidad asturias"],"article:published_time":"2013-11-28T21:57:54+00:00","article:modified_time":"2013-11-28T21:57:54+00:00","article:publisher":"https:\/\/facebook.com\/eldigitaldeasturias","twitter:card":"summary_large_image","twitter:title":"El \u00e1rea sanitaria de Oviedo renueva su sistema inform\u00e1tico para sumarse al proyecto de historia cl\u00ednica electr\u00f3nica y mejorar la calidad - El Digital de Asturias","twitter:description":"El pasado 30 de septiembre comenz\u00f3 a funcionar en el Hospital Universitario Central de Asturias (HUCA) la aplicaci\u00f3n Millenium, que dar\u00e1 soporte a la historia cl\u00ednica electr\u00f3nica en el centro sanitario, dentro de la estrategia de implantaci\u00f3n de la historia cl\u00ednica electr\u00f3nica en todos los equipamientos del Servicio de Salud del Principado de Asturias (Sespa)","twitter:image":"https:\/\/www.eldigitaldeasturias.com\/noticias\/wp-content\/uploads\/2026\/06\/Contenidos.jpg","twitter:label1":"Escrito por","twitter:data1":"El Digital de Asturias","twitter:label2":"Tiempo de lectura estimado","twitter:data2":"3 minutos"},"aioseo_meta_data":{"post_id":"455492","title":null,"description":null,"keywords":null,"keyphrases":null,"primary_term":null,"canonical_url":null,"og_title":null,"og_description":null,"og_object_type":"default","og_image_type":"default","og_image_url":null,"og_image_width":null,"og_image_height":null,"og_image_custom_url":null,"og_image_custom_fields":null,"og_video":null,"og_custom_url":null,"og_article_section":null,"og_article_tags":null,"twitter_use_og":true,"twitter_card":"default","twitter_image_type":"default","twitter_image_url":null,"twitter_image_custom_url":null,"twitter_image_custom_fields":null,"twitter_title":null,"twitter_description":null,"schema":{"blockGraphs":[],"customGraphs":[],"default":{"data":{"Article":[],"Course":[],"Dataset":[],"FAQPage":[],"Movie":[],"Person":[],"Product":[],"ProductReview":[],"Car":[],"Recipe":[],"Service":[],"SoftwareApplication":[],"WebPage":[]},"graphName":"","isEnabled":true},"graphs":[],"defaultGraph":"","defaultPostTypeGraph":""},"schema_type":null,"schema_type_options":null,"pillar_content":false,"robots_default":true,"robots_noindex":false,"robots_noarchive":false,"robots_nosnippet":false,"robots_nofollow":false,"robots_noimageindex":false,"robots_noodp":false,"robots_notranslate":false,"robots_max_snippet":null,"robots_max_videopreview":null,"robots_max_imagepreview":"none","priority":null,"frequency":null,"local_seo":null,"seo_analyzer_scan_date":"2026-05-29 18:32:10","breadcrumb_settings":null,"limit_modified_date":false,"open_ai":null,"ai":null,"created":"2020-11-14 22:45:20","updated":"2026-05-29 18:32:10","focus_keyword":null,"additional_keywords":null,"truseo_locale":null},"aioseo_breadcrumb":"<div class=\"aioseo-breadcrumbs\"><span class=\"aioseo-breadcrumb\">\n\t<a href=\"https:\/\/www.eldigitaldeasturias.com\/noticias\" title=\"Home\">Home<\/a>\n<\/span><span class=\"aioseo-breadcrumb-separator\">\u2013<\/span><span class=\"aioseo-breadcrumb\">\n\t<a href=\"https:\/\/www.eldigitaldeasturias.com\/noticias\/category\/actualidad-asturias\/\" title=\"Actualidad Asturias\">Actualidad Asturias<\/a>\n<\/span><span class=\"aioseo-breadcrumb-separator\">\u2013<\/span><span class=\"aioseo-breadcrumb\">\n\t<a href=\"https:\/\/www.eldigitaldeasturias.com\/noticias\/el-area-sanitaria-de-oviedo-renueva-su-sistema-informatico-para-sumarse-al-proyecto-de-historia-clinica-electronica-y-mejorar-la-calidad\/\" title=\"El \u00e1rea sanitaria de Oviedo renueva su sistema inform\u00e1tico para sumarse al proyecto de historia cl\u00ednica electr\u00f3nica y mejorar la calidad\">El \u00e1rea sanitaria de Oviedo renueva su sistema inform\u00e1tico para sumarse al proyecto de historia cl\u00ednica electr\u00f3nica y mejorar la calidad<\/a>\n<\/span><\/div>","aioseo_breadcrumb_json":[{"label":"Home","link":"https:\/\/www.eldigitaldeasturias.com\/noticias"},{"label":"Actualidad Asturias","link":"https:\/\/www.eldigitaldeasturias.com\/noticias\/category\/actualidad-asturias\/"},{"label":"El \u00e1rea sanitaria de Oviedo renueva su sistema inform\u00e1tico para sumarse al proyecto de historia cl\u00ednica electr\u00f3nica y mejorar la calidad","link":"https:\/\/www.eldigitaldeasturias.com\/noticias\/el-area-sanitaria-de-oviedo-renueva-su-sistema-informatico-para-sumarse-al-proyecto-de-historia-clinica-electronica-y-mejorar-la-calidad\/"}],"_links":{"self":[{"href":"https:\/\/www.eldigitaldeasturias.com\/noticias\/wp-json\/wp\/v2\/posts\/455492","targetHints":{"allow":["GET"]}}],"collection":[{"href":"https:\/\/www.eldigitaldeasturias.com\/noticias\/wp-json\/wp\/v2\/posts"}],"about":[{"href":"https:\/\/www.eldigitaldeasturias.com\/noticias\/wp-json\/wp\/v2\/types\/post"}],"author":[{"embeddable":true,"href":"https:\/\/www.eldigitaldeasturias.com\/noticias\/wp-json\/wp\/v2\/users\/1"}],"replies":[{"embeddable":true,"href":"https:\/\/www.eldigitaldeasturias.com\/noticias\/wp-json\/wp\/v2\/comments?post=455492"}],"version-history":[{"count":0,"href":"https:\/\/www.eldigitaldeasturias.com\/noticias\/wp-json\/wp\/v2\/posts\/455492\/revisions"}],"wp:featuredmedia":[{"embeddable":true,"href":"https:\/\/www.eldigitaldeasturias.com\/noticias\/wp-json\/wp\/v2\/media\/1132184"}],"wp:attachment":[{"href":"https:\/\/www.eldigitaldeasturias.com\/noticias\/wp-json\/wp\/v2\/media?parent=455492"}],"wp:term":[{"taxonomy":"category","embeddable":true,"href":"https:\/\/www.eldigitaldeasturias.com\/noticias\/wp-json\/wp\/v2\/categories?post=455492"},{"taxonomy":"post_tag","embeddable":true,"href":"https:\/\/www.eldigitaldeasturias.com\/noticias\/wp-json\/wp\/v2\/tags?post=455492"}],"curies":[{"name":"wp","href":"https:\/\/api.w.org\/{rel}","templated":true}]}}