{"id":455489,"date":"2013-11-28T20:55:04","date_gmt":"2013-11-28T21:55:04","guid":{"rendered":"http:\/\/www.eldigitaldeasturias.com\/noticias\/?p=455489"},"modified":"2013-11-28T20:55:04","modified_gmt":"2013-11-28T21:55:04","slug":"vueling-retomara-la-conexion-asturias-paris-el-proximo-30-de-marzo","status":"publish","type":"post","link":"https:\/\/www.eldigitaldeasturias.com\/noticias\/vueling-retomara-la-conexion-asturias-paris-el-proximo-30-de-marzo\/","title":{"rendered":"Vueling retomar\u00e1 la conexi\u00f3n Asturias-Par\u00eds el pr\u00f3ximo 30 de marzo"},"content":{"rendered":"<p><img loading=\"lazy\" decoding=\"async\" class=\"alignleft size-medium wp-image-1856\" alt=\"aeropuerto1\" src=\"https:\/\/www.eldigitaldeasturias.com\/noticias\/wp-content\/uploads\/2013\/09\/aeropuerto1-360x270.jpg\" width=\"360\" height=\"270\" \/>Oviedo, 28 nov (EFE).- La aerol\u00ednea Vueling ha anunciado hoy que retomar\u00e1 la ruta con Par\u00eds a partir del pr\u00f3ximo 30 de marzo con dos frecuencias semanales, los viernes y los domingos, con una oferta de 32.400 asientos.<\/p>\n<p>Con el de Par\u00eds, ser\u00e1n seis los destinos directos que la aerol\u00ednea operar\u00e1 desde Asturias en la pr\u00f3xima temporada de verano.<\/p>\n<p>Los otros cinco destinos, todos ellos nacionales, son Palma de Mallorca, Ibiza, Sevilla, M\u00e1laga y Barcelona.<\/p>\n<p>Para el conjunto de los seis destinos, Vueling ofertar\u00e1 en el Principado un total de 330.480 asientos, lo que supone un 58 por ciento m\u00e1s que en la temporada anterior.<\/p>\n<p>Seg\u00fan anunci\u00f3 recientemente la compa\u00f1\u00eda, la conexi\u00f3n con M\u00e1laga dar\u00e1 comienzo el pr\u00f3ximo 2 de abril con tres frecuencias semanales, los mi\u00e9rcoles, los viernes y los domingos.<\/p>\n<p>Los vuelos a Sevilla comenzar\u00e1n a partir del 12 de abril, tambi\u00e9n con tres frecuencias, los martes, los jueves y los s\u00e1bados.<\/p>\n<p>La conexi\u00f3n con Palma de Mallorca se ha programado a partir del 20 de junio, los lunes, los mi\u00e9rcoles y los viernes, y la de Ibiza, a partir del 22 de junio, los martes, los jueves y los domingos.<\/p>\n<p>Adem\u00e1s de las nuevas rutas, la conexi\u00f3n con Barcelona, con hasta tres vuelos diarios, permitir\u00e1 a los pasajeros con origen Asturias conectar sus vuelos v\u00eda El Prat con los m\u00e1s de 117 destinos que la aerol\u00ednea ofrecer\u00e1 el pr\u00f3ximo verano, repartidos en toda Europa, Oriente Medio y Norte de \u00c1frica.<\/p>\n","protected":false},"excerpt":{"rendered":"<p>Oviedo, 28 nov (EFE).- La aerol\u00ednea Vueling ha anunciado hoy que retomar\u00e1 la ruta con Par\u00eds a partir del pr\u00f3ximo 30 de marzo con dos frecuencias semanales, los viernes y los domingos, con una oferta de 32.400 asientos. Con el de Par\u00eds, ser\u00e1n seis los destinos directos que la aerol\u00ednea operar\u00e1 desde Asturias en la [&hellip;]<\/p>\n","protected":false},"author":1,"featured_media":1132184,"comment_status":"open","ping_status":"open","sticky":false,"template":"","format":"standard","meta":{"footnotes":""},"categories":[12],"tags":[],"class_list":["post-455489","post","type-post","status-publish","format-standard","has-post-thumbnail","hentry","category-actualidad-asturias"],"aioseo_notices":[],"aioseo_head":"\n\t\t<!-- All in One SEO Pro 5.0.1 - aioseo.com -->\n\t<meta name=\"description\" content=\"Oviedo, 28 nov (EFE).- La aerol\u00ednea Vueling ha anunciado hoy que retomar\u00e1 la ruta con Par\u00eds a partir del pr\u00f3ximo 30 de marzo con dos frecuencias semanales, los viernes y los domingos, con una oferta de 32.400 asientos. Con el de Par\u00eds, ser\u00e1n seis los destinos directos que la aerol\u00ednea operar\u00e1 desde Asturias en la\" \/>\n\t<meta name=\"robots\" content=\"max-image-preview:large\" \/>\n\t<meta name=\"author\" content=\"El Digital de Asturias\"\/>\n\t<meta name=\"google-site-verification\" content=\"UA-38556648-1\" \/>\n\t<meta name=\"msvalidate.01\" content=\"7dfe9f3f1b24437ab69f4f2559babe99\" \/>\n\t<meta name=\"keywords\" content=\"actualidad asturias\" \/>\n\t<link rel=\"canonical\" href=\"https:\/\/www.eldigitaldeasturias.com\/noticias\/vueling-retomara-la-conexion-asturias-paris-el-proximo-30-de-marzo\/\" \/>\n\t<meta name=\"generator\" content=\"All in One SEO Pro (AIOSEO) 5.0.1\" \/>\n\t\t<meta property=\"og:locale\" content=\"es_ES\" \/>\n\t\t<meta property=\"og:site_name\" content=\"El Digital de Asturias\" \/>\n\t\t<meta property=\"og:type\" content=\"article\" \/>\n\t\t<meta property=\"og:title\" content=\"Vueling retomar\u00e1 la conexi\u00f3n Asturias-Par\u00eds el pr\u00f3ximo 30 de marzo - El Digital de Asturias\" \/>\n\t\t<meta property=\"og:description\" content=\"Oviedo, 28 nov (EFE).- La aerol\u00ednea Vueling ha anunciado hoy que retomar\u00e1 la ruta con Par\u00eds a partir del pr\u00f3ximo 30 de marzo con dos frecuencias semanales, los viernes y los domingos, con una oferta de 32.400 asientos. Con el de Par\u00eds, ser\u00e1n seis los destinos directos que la aerol\u00ednea operar\u00e1 desde Asturias en la\" \/>\n\t\t<meta property=\"og:url\" content=\"https:\/\/www.eldigitaldeasturias.com\/noticias\/vueling-retomara-la-conexion-asturias-paris-el-proximo-30-de-marzo\/\" \/>\n\t\t<meta property=\"og:image\" content=\"https:\/\/www.eldigitaldeasturias.com\/noticias\/wp-content\/uploads\/2026\/06\/Contenidos.jpg\" \/>\n\t\t<meta property=\"og:image:secure_url\" content=\"https:\/\/www.eldigitaldeasturias.com\/noticias\/wp-content\/uploads\/2026\/06\/Contenidos.jpg\" \/>\n\t\t<meta property=\"og:image:width\" content=\"1265\" \/>\n\t\t<meta property=\"og:image:height\" content=\"697\" \/>\n\t\t<meta property=\"article:tag\" content=\"actualidad asturias\" \/>\n\t\t<meta property=\"article:published_time\" content=\"2013-11-28T21:55:04+00:00\" \/>\n\t\t<meta property=\"article:modified_time\" content=\"2013-11-28T21:55:04+00:00\" \/>\n\t\t<meta property=\"article:publisher\" content=\"https:\/\/facebook.com\/eldigitaldeasturias\" \/>\n\t\t<meta name=\"twitter:card\" content=\"summary_large_image\" \/>\n\t\t<meta name=\"twitter:title\" content=\"Vueling retomar\u00e1 la conexi\u00f3n Asturias-Par\u00eds el pr\u00f3ximo 30 de marzo - El Digital de Asturias\" \/>\n\t\t<meta name=\"twitter:description\" content=\"Oviedo, 28 nov (EFE).- La aerol\u00ednea Vueling ha anunciado hoy que retomar\u00e1 la ruta con Par\u00eds a partir del pr\u00f3ximo 30 de marzo con dos frecuencias semanales, los viernes y los domingos, con una oferta de 32.400 asientos. Con el de Par\u00eds, ser\u00e1n seis los destinos directos que la aerol\u00ednea operar\u00e1 desde Asturias en la\" \/>\n\t\t<meta name=\"twitter:image\" content=\"https:\/\/www.eldigitaldeasturias.com\/noticias\/wp-content\/uploads\/2026\/06\/Contenidos.jpg\" \/>\n\t\t<meta name=\"twitter:label1\" content=\"Escrito por\" \/>\n\t\t<meta name=\"twitter:data1\" content=\"El Digital de Asturias\" \/>\n\t\t<meta name=\"twitter:label2\" content=\"Tiempo de lectura estimado\" \/>\n\t\t<meta name=\"twitter:data2\" content=\"1 minuto\" \/>\n\t\t<script type=\"application\/ld+json\" class=\"aioseo-schema\">\n\t\t\t{\"@context\":\"https:\\\/\\\/schema.org\",\"@graph\":[{\"@type\":\"BlogPosting\",\"@id\":\"https:\\\/\\\/www.eldigitaldeasturias.com\\\/noticias\\\/vueling-retomara-la-conexion-asturias-paris-el-proximo-30-de-marzo\\\/#blogposting\",\"name\":\"Vueling retomar\\u00e1 la conexi\\u00f3n Asturias-Par\\u00eds el pr\\u00f3ximo 30 de marzo - El Digital de Asturias\",\"headline\":\"Vueling retomar\\u00e1 la conexi\\u00f3n Asturias-Par\\u00eds el pr\\u00f3ximo 30 de marzo\",\"author\":{\"@id\":\"https:\\\/\\\/www.eldigitaldeasturias.com\\\/noticias\\\/author\\\/admin\\\/#author\"},\"publisher\":{\"@id\":\"https:\\\/\\\/www.eldigitaldeasturias.com\\\/noticias\\\/#organization\"},\"image\":{\"@type\":\"ImageObject\",\"url\":\"https:\\\/\\\/www.eldigitaldeasturias.com\\\/noticias\\\/wp-content\\\/uploads\\\/2026\\\/06\\\/Contenidos.jpg\",\"width\":1265,\"height\":697,\"caption\":\"Contenidos\"},\"datePublished\":\"2013-11-28T20:55:04+01:00\",\"dateModified\":\"2013-11-28T20:55:04+01:00\",\"inLanguage\":\"es-ES\",\"mainEntityOfPage\":{\"@id\":\"https:\\\/\\\/www.eldigitaldeasturias.com\\\/noticias\\\/vueling-retomara-la-conexion-asturias-paris-el-proximo-30-de-marzo\\\/#webpage\"},\"isPartOf\":{\"@id\":\"https:\\\/\\\/www.eldigitaldeasturias.com\\\/noticias\\\/vueling-retomara-la-conexion-asturias-paris-el-proximo-30-de-marzo\\\/#webpage\"},\"articleSection\":\"Actualidad Asturias\"},{\"@type\":\"BreadcrumbList\",\"@id\":\"https:\\\/\\\/www.eldigitaldeasturias.com\\\/noticias\\\/vueling-retomara-la-conexion-asturias-paris-el-proximo-30-de-marzo\\\/#breadcrumblist\",\"itemListElement\":[{\"@type\":\"ListItem\",\"@id\":\"https:\\\/\\\/www.eldigitaldeasturias.com\\\/noticias#listItem\",\"position\":1,\"name\":\"Home\",\"item\":\"https:\\\/\\\/www.eldigitaldeasturias.com\\\/noticias\",\"nextItem\":{\"@type\":\"ListItem\",\"@id\":\"https:\\\/\\\/www.eldigitaldeasturias.com\\\/noticias\\\/category\\\/actualidad-asturias\\\/#listItem\",\"name\":\"Actualidad Asturias\"}},{\"@type\":\"ListItem\",\"@id\":\"https:\\\/\\\/www.eldigitaldeasturias.com\\\/noticias\\\/category\\\/actualidad-asturias\\\/#listItem\",\"position\":2,\"name\":\"Actualidad Asturias\",\"item\":\"https:\\\/\\\/www.eldigitaldeasturias.com\\\/noticias\\\/category\\\/actualidad-asturias\\\/\",\"nextItem\":{\"@type\":\"ListItem\",\"@id\":\"https:\\\/\\\/www.eldigitaldeasturias.com\\\/noticias\\\/vueling-retomara-la-conexion-asturias-paris-el-proximo-30-de-marzo\\\/#listItem\",\"name\":\"Vueling retomar\\u00e1 la conexi\\u00f3n Asturias-Par\\u00eds el pr\\u00f3ximo 30 de marzo\"},\"previousItem\":{\"@type\":\"ListItem\",\"@id\":\"https:\\\/\\\/www.eldigitaldeasturias.com\\\/noticias#listItem\",\"name\":\"Home\"}},{\"@type\":\"ListItem\",\"@id\":\"https:\\\/\\\/www.eldigitaldeasturias.com\\\/noticias\\\/vueling-retomara-la-conexion-asturias-paris-el-proximo-30-de-marzo\\\/#listItem\",\"position\":3,\"name\":\"Vueling retomar\\u00e1 la conexi\\u00f3n Asturias-Par\\u00eds el pr\\u00f3ximo 30 de marzo\",\"previousItem\":{\"@type\":\"ListItem\",\"@id\":\"https:\\\/\\\/www.eldigitaldeasturias.com\\\/noticias\\\/category\\\/actualidad-asturias\\\/#listItem\",\"name\":\"Actualidad Asturias\"}}]},{\"@type\":\"Organization\",\"@id\":\"https:\\\/\\\/www.eldigitaldeasturias.com\\\/noticias\\\/#organization\",\"name\":\"El Digital de Asturias\",\"description\":\"Hemeroteca\",\"url\":\"https:\\\/\\\/www.eldigitaldeasturias.com\\\/noticias\\\/\",\"email\":\"info@eldigitaldeasturias.com\",\"telephone\":\"+34652131393\",\"logo\":{\"@type\":\"ImageObject\",\"url\":\"https:\\\/\\\/www.eldigitaldeasturias.com\\\/noticias\\\/wp-content\\\/uploads\\\/2020\\\/12\\\/EDA.jpg\",\"@id\":\"https:\\\/\\\/www.eldigitaldeasturias.com\\\/noticias\\\/vueling-retomara-la-conexion-asturias-paris-el-proximo-30-de-marzo\\\/#organizationLogo\"},\"image\":{\"@id\":\"https:\\\/\\\/www.eldigitaldeasturias.com\\\/noticias\\\/vueling-retomara-la-conexion-asturias-paris-el-proximo-30-de-marzo\\\/#organizationLogo\"},\"sameAs\":[\"https:\\\/\\\/facebook.com\\\/eldigitaldeasturias\",\"https:\\\/\\\/www.youtube.com\\\/channel\\\/UCZP-2wLEB9Rv6erhFmqVnvg\"],\"address\":{\"@id\":\"https:\\\/\\\/www.eldigitaldeasturias.com\\\/noticias\\\/#postaladdress\",\"@type\":\"PostalAddress\",\"streetAddress\":\"san antonio 4\",\"postalCode\":\"33430\",\"addressLocality\":\"Cand\\u00e1s\",\"addressRegion\":\"Asturias\",\"addressCountry\":\"ES\"}},{\"@type\":\"Person\",\"@id\":\"https:\\\/\\\/www.eldigitaldeasturias.com\\\/noticias\\\/author\\\/admin\\\/#author\",\"url\":\"https:\\\/\\\/www.eldigitaldeasturias.com\\\/noticias\\\/author\\\/admin\\\/\",\"name\":\"El Digital de Asturias\",\"image\":{\"@type\":\"ImageObject\",\"@id\":\"https:\\\/\\\/www.eldigitaldeasturias.com\\\/noticias\\\/vueling-retomara-la-conexion-asturias-paris-el-proximo-30-de-marzo\\\/#authorImage\",\"url\":\"https:\\\/\\\/secure.gravatar.com\\\/avatar\\\/df2aeffc32bcd13f8d26072ef8a91b623d677766deac7f97ca815868cd41bf5e?s=96&d=mm&r=g\",\"width\":96,\"height\":96,\"caption\":\"El Digital de Asturias\"}},{\"@type\":\"WebPage\",\"@id\":\"https:\\\/\\\/www.eldigitaldeasturias.com\\\/noticias\\\/vueling-retomara-la-conexion-asturias-paris-el-proximo-30-de-marzo\\\/#webpage\",\"url\":\"https:\\\/\\\/www.eldigitaldeasturias.com\\\/noticias\\\/vueling-retomara-la-conexion-asturias-paris-el-proximo-30-de-marzo\\\/\",\"name\":\"Vueling retomar\\u00e1 la conexi\\u00f3n Asturias-Par\\u00eds el pr\\u00f3ximo 30 de marzo - El Digital de Asturias\",\"description\":\"Oviedo, 28 nov (EFE).- La aerol\\u00ednea Vueling ha anunciado hoy que retomar\\u00e1 la ruta con Par\\u00eds a partir del pr\\u00f3ximo 30 de marzo con dos frecuencias semanales, los viernes y los domingos, con una oferta de 32.400 asientos. Con el de Par\\u00eds, ser\\u00e1n seis los destinos directos que la aerol\\u00ednea operar\\u00e1 desde Asturias en la\",\"inLanguage\":\"es-ES\",\"isPartOf\":{\"@id\":\"https:\\\/\\\/www.eldigitaldeasturias.com\\\/noticias\\\/#website\"},\"breadcrumb\":{\"@id\":\"https:\\\/\\\/www.eldigitaldeasturias.com\\\/noticias\\\/vueling-retomara-la-conexion-asturias-paris-el-proximo-30-de-marzo\\\/#breadcrumblist\"},\"author\":{\"@id\":\"https:\\\/\\\/www.eldigitaldeasturias.com\\\/noticias\\\/author\\\/admin\\\/#author\"},\"creator\":{\"@id\":\"https:\\\/\\\/www.eldigitaldeasturias.com\\\/noticias\\\/author\\\/admin\\\/#author\"},\"image\":{\"@type\":\"ImageObject\",\"url\":\"https:\\\/\\\/www.eldigitaldeasturias.com\\\/noticias\\\/wp-content\\\/uploads\\\/2026\\\/06\\\/Contenidos.jpg\",\"@id\":\"https:\\\/\\\/www.eldigitaldeasturias.com\\\/noticias\\\/vueling-retomara-la-conexion-asturias-paris-el-proximo-30-de-marzo\\\/#mainImage\",\"width\":1265,\"height\":697,\"caption\":\"Contenidos\"},\"primaryImageOfPage\":{\"@id\":\"https:\\\/\\\/www.eldigitaldeasturias.com\\\/noticias\\\/vueling-retomara-la-conexion-asturias-paris-el-proximo-30-de-marzo\\\/#mainImage\"},\"datePublished\":\"2013-11-28T20:55:04+01:00\",\"dateModified\":\"2013-11-28T20:55:04+01:00\"},{\"@type\":\"WebSite\",\"@id\":\"https:\\\/\\\/www.eldigitaldeasturias.com\\\/noticias\\\/#website\",\"url\":\"https:\\\/\\\/www.eldigitaldeasturias.com\\\/noticias\\\/\",\"name\":\"El Digital de Asturias - Diario de actualidad y noticias\",\"alternateName\":\"El Digital de Asturias - Diario de actualidad y noticias\",\"description\":\"Hemeroteca\",\"inLanguage\":\"es-ES\",\"publisher\":{\"@id\":\"https:\\\/\\\/www.eldigitaldeasturias.com\\\/noticias\\\/#organization\"}}]}\n\t\t<\/script>\n\t\t<!-- All in One SEO Pro -->\r\n\t\t<title>Vueling retomar\u00e1 la conexi\u00f3n Asturias-Par\u00eds el pr\u00f3ximo 30 de marzo - El Digital de Asturias<\/title>\n\n","aioseo_head_json":{"title":"Vueling retomar\u00e1 la conexi\u00f3n Asturias-Par\u00eds el pr\u00f3ximo 30 de marzo - El Digital de Asturias","description":"Oviedo, 28 nov (EFE).- La aerol\u00ednea Vueling ha anunciado hoy que retomar\u00e1 la ruta con Par\u00eds a partir del pr\u00f3ximo 30 de marzo con dos frecuencias semanales, los viernes y los domingos, con una oferta de 32.400 asientos. Con el de Par\u00eds, ser\u00e1n seis los destinos directos que la aerol\u00ednea operar\u00e1 desde Asturias en la","canonical_url":"https:\/\/www.eldigitaldeasturias.com\/noticias\/vueling-retomara-la-conexion-asturias-paris-el-proximo-30-de-marzo\/","robots":"max-image-preview:large","keywords":"actualidad asturias","webmasterTools":{"google-site-verification":"UA-38556648-1","msvalidate.01":"7dfe9f3f1b24437ab69f4f2559babe99","miscellaneous":""},"schema":{"@context":"https:\/\/schema.org","@graph":[{"@type":"BlogPosting","@id":"https:\/\/www.eldigitaldeasturias.com\/noticias\/vueling-retomara-la-conexion-asturias-paris-el-proximo-30-de-marzo\/#blogposting","name":"Vueling retomar\u00e1 la conexi\u00f3n Asturias-Par\u00eds el pr\u00f3ximo 30 de marzo - El Digital de Asturias","headline":"Vueling retomar\u00e1 la conexi\u00f3n Asturias-Par\u00eds el pr\u00f3ximo 30 de marzo","author":{"@id":"https:\/\/www.eldigitaldeasturias.com\/noticias\/author\/admin\/#author"},"publisher":{"@id":"https:\/\/www.eldigitaldeasturias.com\/noticias\/#organization"},"image":{"@type":"ImageObject","url":"https:\/\/www.eldigitaldeasturias.com\/noticias\/wp-content\/uploads\/2026\/06\/Contenidos.jpg","width":1265,"height":697,"caption":"Contenidos"},"datePublished":"2013-11-28T20:55:04+01:00","dateModified":"2013-11-28T20:55:04+01:00","inLanguage":"es-ES","mainEntityOfPage":{"@id":"https:\/\/www.eldigitaldeasturias.com\/noticias\/vueling-retomara-la-conexion-asturias-paris-el-proximo-30-de-marzo\/#webpage"},"isPartOf":{"@id":"https:\/\/www.eldigitaldeasturias.com\/noticias\/vueling-retomara-la-conexion-asturias-paris-el-proximo-30-de-marzo\/#webpage"},"articleSection":"Actualidad Asturias"},{"@type":"BreadcrumbList","@id":"https:\/\/www.eldigitaldeasturias.com\/noticias\/vueling-retomara-la-conexion-asturias-paris-el-proximo-30-de-marzo\/#breadcrumblist","itemListElement":[{"@type":"ListItem","@id":"https:\/\/www.eldigitaldeasturias.com\/noticias#listItem","position":1,"name":"Home","item":"https:\/\/www.eldigitaldeasturias.com\/noticias","nextItem":{"@type":"ListItem","@id":"https:\/\/www.eldigitaldeasturias.com\/noticias\/category\/actualidad-asturias\/#listItem","name":"Actualidad Asturias"}},{"@type":"ListItem","@id":"https:\/\/www.eldigitaldeasturias.com\/noticias\/category\/actualidad-asturias\/#listItem","position":2,"name":"Actualidad Asturias","item":"https:\/\/www.eldigitaldeasturias.com\/noticias\/category\/actualidad-asturias\/","nextItem":{"@type":"ListItem","@id":"https:\/\/www.eldigitaldeasturias.com\/noticias\/vueling-retomara-la-conexion-asturias-paris-el-proximo-30-de-marzo\/#listItem","name":"Vueling retomar\u00e1 la conexi\u00f3n Asturias-Par\u00eds el pr\u00f3ximo 30 de marzo"},"previousItem":{"@type":"ListItem","@id":"https:\/\/www.eldigitaldeasturias.com\/noticias#listItem","name":"Home"}},{"@type":"ListItem","@id":"https:\/\/www.eldigitaldeasturias.com\/noticias\/vueling-retomara-la-conexion-asturias-paris-el-proximo-30-de-marzo\/#listItem","position":3,"name":"Vueling retomar\u00e1 la conexi\u00f3n Asturias-Par\u00eds el pr\u00f3ximo 30 de marzo","previousItem":{"@type":"ListItem","@id":"https:\/\/www.eldigitaldeasturias.com\/noticias\/category\/actualidad-asturias\/#listItem","name":"Actualidad Asturias"}}]},{"@type":"Organization","@id":"https:\/\/www.eldigitaldeasturias.com\/noticias\/#organization","name":"El Digital de Asturias","description":"Hemeroteca","url":"https:\/\/www.eldigitaldeasturias.com\/noticias\/","email":"info@eldigitaldeasturias.com","telephone":"+34652131393","logo":{"@type":"ImageObject","url":"https:\/\/www.eldigitaldeasturias.com\/noticias\/wp-content\/uploads\/2020\/12\/EDA.jpg","@id":"https:\/\/www.eldigitaldeasturias.com\/noticias\/vueling-retomara-la-conexion-asturias-paris-el-proximo-30-de-marzo\/#organizationLogo"},"image":{"@id":"https:\/\/www.eldigitaldeasturias.com\/noticias\/vueling-retomara-la-conexion-asturias-paris-el-proximo-30-de-marzo\/#organizationLogo"},"sameAs":["https:\/\/facebook.com\/eldigitaldeasturias","https:\/\/www.youtube.com\/channel\/UCZP-2wLEB9Rv6erhFmqVnvg"],"address":{"@id":"https:\/\/www.eldigitaldeasturias.com\/noticias\/#postaladdress","@type":"PostalAddress","streetAddress":"san antonio 4","postalCode":"33430","addressLocality":"Cand\u00e1s","addressRegion":"Asturias","addressCountry":"ES"}},{"@type":"Person","@id":"https:\/\/www.eldigitaldeasturias.com\/noticias\/author\/admin\/#author","url":"https:\/\/www.eldigitaldeasturias.com\/noticias\/author\/admin\/","name":"El Digital de Asturias","image":{"@type":"ImageObject","@id":"https:\/\/www.eldigitaldeasturias.com\/noticias\/vueling-retomara-la-conexion-asturias-paris-el-proximo-30-de-marzo\/#authorImage","url":"https:\/\/secure.gravatar.com\/avatar\/df2aeffc32bcd13f8d26072ef8a91b623d677766deac7f97ca815868cd41bf5e?s=96&d=mm&r=g","width":96,"height":96,"caption":"El Digital de Asturias"}},{"@type":"WebPage","@id":"https:\/\/www.eldigitaldeasturias.com\/noticias\/vueling-retomara-la-conexion-asturias-paris-el-proximo-30-de-marzo\/#webpage","url":"https:\/\/www.eldigitaldeasturias.com\/noticias\/vueling-retomara-la-conexion-asturias-paris-el-proximo-30-de-marzo\/","name":"Vueling retomar\u00e1 la conexi\u00f3n Asturias-Par\u00eds el pr\u00f3ximo 30 de marzo - El Digital de Asturias","description":"Oviedo, 28 nov (EFE).- La aerol\u00ednea Vueling ha anunciado hoy que retomar\u00e1 la ruta con Par\u00eds a partir del pr\u00f3ximo 30 de marzo con dos frecuencias semanales, los viernes y los domingos, con una oferta de 32.400 asientos. Con el de Par\u00eds, ser\u00e1n seis los destinos directos que la aerol\u00ednea operar\u00e1 desde Asturias en la","inLanguage":"es-ES","isPartOf":{"@id":"https:\/\/www.eldigitaldeasturias.com\/noticias\/#website"},"breadcrumb":{"@id":"https:\/\/www.eldigitaldeasturias.com\/noticias\/vueling-retomara-la-conexion-asturias-paris-el-proximo-30-de-marzo\/#breadcrumblist"},"author":{"@id":"https:\/\/www.eldigitaldeasturias.com\/noticias\/author\/admin\/#author"},"creator":{"@id":"https:\/\/www.eldigitaldeasturias.com\/noticias\/author\/admin\/#author"},"image":{"@type":"ImageObject","url":"https:\/\/www.eldigitaldeasturias.com\/noticias\/wp-content\/uploads\/2026\/06\/Contenidos.jpg","@id":"https:\/\/www.eldigitaldeasturias.com\/noticias\/vueling-retomara-la-conexion-asturias-paris-el-proximo-30-de-marzo\/#mainImage","width":1265,"height":697,"caption":"Contenidos"},"primaryImageOfPage":{"@id":"https:\/\/www.eldigitaldeasturias.com\/noticias\/vueling-retomara-la-conexion-asturias-paris-el-proximo-30-de-marzo\/#mainImage"},"datePublished":"2013-11-28T20:55:04+01:00","dateModified":"2013-11-28T20:55:04+01:00"},{"@type":"WebSite","@id":"https:\/\/www.eldigitaldeasturias.com\/noticias\/#website","url":"https:\/\/www.eldigitaldeasturias.com\/noticias\/","name":"El Digital de Asturias - Diario de actualidad y noticias","alternateName":"El Digital de Asturias - Diario de actualidad y noticias","description":"Hemeroteca","inLanguage":"es-ES","publisher":{"@id":"https:\/\/www.eldigitaldeasturias.com\/noticias\/#organization"}}]},"og:locale":"es_ES","og:site_name":"El Digital de Asturias","og:type":"article","og:title":"Vueling retomar\u00e1 la conexi\u00f3n Asturias-Par\u00eds el pr\u00f3ximo 30 de marzo - El Digital de Asturias","og:description":"Oviedo, 28 nov (EFE).- La aerol\u00ednea Vueling ha anunciado hoy que retomar\u00e1 la ruta con Par\u00eds a partir del pr\u00f3ximo 30 de marzo con dos frecuencias semanales, los viernes y los domingos, con una oferta de 32.400 asientos. Con el de Par\u00eds, ser\u00e1n seis los destinos directos que la aerol\u00ednea operar\u00e1 desde Asturias en la","og:url":"https:\/\/www.eldigitaldeasturias.com\/noticias\/vueling-retomara-la-conexion-asturias-paris-el-proximo-30-de-marzo\/","og:image":"https:\/\/www.eldigitaldeasturias.com\/noticias\/wp-content\/uploads\/2026\/06\/Contenidos.jpg","og:image:secure_url":"https:\/\/www.eldigitaldeasturias.com\/noticias\/wp-content\/uploads\/2026\/06\/Contenidos.jpg","og:image:width":1265,"og:image:height":697,"article:tag":["actualidad asturias"],"article:published_time":"2013-11-28T21:55:04+00:00","article:modified_time":"2013-11-28T21:55:04+00:00","article:publisher":"https:\/\/facebook.com\/eldigitaldeasturias","twitter:card":"summary_large_image","twitter:title":"Vueling retomar\u00e1 la conexi\u00f3n Asturias-Par\u00eds el pr\u00f3ximo 30 de marzo - El Digital de Asturias","twitter:description":"Oviedo, 28 nov (EFE).- La aerol\u00ednea Vueling ha anunciado hoy que retomar\u00e1 la ruta con Par\u00eds a partir del pr\u00f3ximo 30 de marzo con dos frecuencias semanales, los viernes y los domingos, con una oferta de 32.400 asientos. Con el de Par\u00eds, ser\u00e1n seis los destinos directos que la aerol\u00ednea operar\u00e1 desde Asturias en la","twitter:image":"https:\/\/www.eldigitaldeasturias.com\/noticias\/wp-content\/uploads\/2026\/06\/Contenidos.jpg","twitter:label1":"Escrito por","twitter:data1":"El Digital de Asturias","twitter:label2":"Tiempo de lectura estimado","twitter:data2":"1 minuto"},"aioseo_meta_data":{"post_id":"455489","title":null,"description":null,"keywords":null,"keyphrases":null,"primary_term":null,"canonical_url":null,"og_title":null,"og_description":null,"og_object_type":"default","og_image_type":"default","og_image_url":null,"og_image_width":null,"og_image_height":null,"og_image_custom_url":null,"og_image_custom_fields":null,"og_video":null,"og_custom_url":null,"og_article_section":null,"og_article_tags":null,"twitter_use_og":true,"twitter_card":"default","twitter_image_type":"default","twitter_image_url":null,"twitter_image_custom_url":null,"twitter_image_custom_fields":null,"twitter_title":null,"twitter_description":null,"schema":{"blockGraphs":[],"customGraphs":[],"default":{"data":{"Article":[],"Course":[],"Dataset":[],"FAQPage":[],"Movie":[],"Person":[],"Product":[],"ProductReview":[],"Car":[],"Recipe":[],"Service":[],"SoftwareApplication":[],"WebPage":[]},"graphName":"","isEnabled":true},"graphs":[],"defaultGraph":"","defaultPostTypeGraph":""},"schema_type":null,"schema_type_options":null,"pillar_content":false,"robots_default":true,"robots_noindex":false,"robots_noarchive":false,"robots_nosnippet":false,"robots_nofollow":false,"robots_noimageindex":false,"robots_noodp":false,"robots_notranslate":false,"robots_max_snippet":null,"robots_max_videopreview":null,"robots_max_imagepreview":"none","priority":null,"frequency":null,"local_seo":null,"seo_analyzer_scan_date":"2026-05-29 18:32:09","breadcrumb_settings":null,"limit_modified_date":false,"open_ai":null,"ai":null,"created":"2020-11-14 22:45:20","updated":"2026-05-29 18:32:09","focus_keyword":null,"additional_keywords":null,"truseo_locale":null},"aioseo_breadcrumb":"<div class=\"aioseo-breadcrumbs\"><span class=\"aioseo-breadcrumb\">\n\t<a href=\"https:\/\/www.eldigitaldeasturias.com\/noticias\" title=\"Home\">Home<\/a>\n<\/span><span class=\"aioseo-breadcrumb-separator\">\u2013<\/span><span class=\"aioseo-breadcrumb\">\n\t<a href=\"https:\/\/www.eldigitaldeasturias.com\/noticias\/category\/actualidad-asturias\/\" title=\"Actualidad Asturias\">Actualidad Asturias<\/a>\n<\/span><span class=\"aioseo-breadcrumb-separator\">\u2013<\/span><span class=\"aioseo-breadcrumb\">\n\t<a href=\"https:\/\/www.eldigitaldeasturias.com\/noticias\/vueling-retomara-la-conexion-asturias-paris-el-proximo-30-de-marzo\/\" title=\"Vueling retomar\u00e1 la conexi\u00f3n Asturias-Par\u00eds el pr\u00f3ximo 30 de marzo\">Vueling retomar\u00e1 la conexi\u00f3n Asturias-Par\u00eds el pr\u00f3ximo 30 de marzo<\/a>\n<\/span><\/div>","aioseo_breadcrumb_json":[{"label":"Home","link":"https:\/\/www.eldigitaldeasturias.com\/noticias"},{"label":"Actualidad Asturias","link":"https:\/\/www.eldigitaldeasturias.com\/noticias\/category\/actualidad-asturias\/"},{"label":"Vueling retomar\u00e1 la conexi\u00f3n Asturias-Par\u00eds el pr\u00f3ximo 30 de marzo","link":"https:\/\/www.eldigitaldeasturias.com\/noticias\/vueling-retomara-la-conexion-asturias-paris-el-proximo-30-de-marzo\/"}],"_links":{"self":[{"href":"https:\/\/www.eldigitaldeasturias.com\/noticias\/wp-json\/wp\/v2\/posts\/455489","targetHints":{"allow":["GET"]}}],"collection":[{"href":"https:\/\/www.eldigitaldeasturias.com\/noticias\/wp-json\/wp\/v2\/posts"}],"about":[{"href":"https:\/\/www.eldigitaldeasturias.com\/noticias\/wp-json\/wp\/v2\/types\/post"}],"author":[{"embeddable":true,"href":"https:\/\/www.eldigitaldeasturias.com\/noticias\/wp-json\/wp\/v2\/users\/1"}],"replies":[{"embeddable":true,"href":"https:\/\/www.eldigitaldeasturias.com\/noticias\/wp-json\/wp\/v2\/comments?post=455489"}],"version-history":[{"count":0,"href":"https:\/\/www.eldigitaldeasturias.com\/noticias\/wp-json\/wp\/v2\/posts\/455489\/revisions"}],"wp:featuredmedia":[{"embeddable":true,"href":"https:\/\/www.eldigitaldeasturias.com\/noticias\/wp-json\/wp\/v2\/media\/1132184"}],"wp:attachment":[{"href":"https:\/\/www.eldigitaldeasturias.com\/noticias\/wp-json\/wp\/v2\/media?parent=455489"}],"wp:term":[{"taxonomy":"category","embeddable":true,"href":"https:\/\/www.eldigitaldeasturias.com\/noticias\/wp-json\/wp\/v2\/categories?post=455489"},{"taxonomy":"post_tag","embeddable":true,"href":"https:\/\/www.eldigitaldeasturias.com\/noticias\/wp-json\/wp\/v2\/tags?post=455489"}],"curies":[{"name":"wp","href":"https:\/\/api.w.org\/{rel}","templated":true}]}}