{"id":455482,"date":"2013-11-28T20:46:06","date_gmt":"2013-11-28T21:46:06","guid":{"rendered":"http:\/\/www.eldigitaldeasturias.com\/noticias\/?p=455482"},"modified":"2013-11-28T20:46:06","modified_gmt":"2013-11-28T21:46:06","slug":"el-entrego-celebra-las-fiestas-de-les-cebolles-rellenes","status":"publish","type":"post","link":"https:\/\/www.eldigitaldeasturias.com\/noticias\/el-entrego-celebra-las-fiestas-de-les-cebolles-rellenes\/","title":{"rendered":"El Entrego celebra las fiestas de Les Cebolles Rellenes"},"content":{"rendered":"<p><img loading=\"lazy\" decoding=\"async\" class=\"alignleft size-medium wp-image-455483\" alt=\"cebrell\" src=\"https:\/\/www.eldigitaldeasturias.com\/noticias\/wp-content\/uploads\/2013\/11\/cebrell-360x258.jpg\" width=\"360\" height=\"258\" \/>San Mart\u00edn del Rey Aurelio, 28 nov (EFE).- San Mart\u00edn del Rey Aurelio celebrar\u00e1 a partir de ma\u00f1ana las Jornadas Gastron\u00f3micas de Les Cebolles Rellenes en la localidad de El Entrego, declaradas \u00abFiestas de Inter\u00e9s del Principado de Asturias\u00bb.<\/p>\n<p>En dichas jornadas participar\u00e1n la pr\u00e1ctica totalidad de la hosteler\u00eda local, en colaboraci\u00f3n con la Socied\u00e1 Cultural y de Festejos L&#8217;Entregu y la concejal\u00eda de Cultura, Educaci\u00f3n, Deportes e Igualdad en la organizaci\u00f3n de los actos festivos.<\/p>\n<p>En torno a una treintena de restaurantes, sidrer\u00edas, vinotecas y cafeter\u00edas servir\u00e1n a lo largo del fin de semana el men\u00fa compuesto por raci\u00f3n de callos de primer plato, seguido de cebolles rellenes de bonito y casadiellas como postre.<\/p>\n<p>La previsi\u00f3n es que se despachen del orden de los 11.000 kilos de cebollas.<\/p>\n<p>Las fiestas gastron\u00f3micas se complementan con un programa cultural que incluye varios actos, que incluyen un concurso gastron\u00f3mico con dos categor\u00edas, una para el gremio hostelero y otra para cocineros no profesionales; la actuaci\u00f3n de la Banda de M\u00fasica San Mart\u00edn del Rey Aurelio, adem\u00e1s de verbenas la noche del viernes y el s\u00e1bado, y la representaci\u00f3n de la obra &#8216;Los amores de Ximielga&#8217;.<\/p>\n<p>Tambi\u00e9n figura en la programaci\u00f3n el XIX Festival Folcl\u00f3rico del Grupo de Etnograf\u00eda y Folclore L&#8217;Esperteyu, con la participaci\u00f3n de la agrupaci\u00f3n La Encinilla de Torre, de Santa Mar\u00eda (C\u00e1ceres), y que se celebrar\u00e1 el s\u00e1bado en el Teatro Municipal de El Entrego a las 19.00 horas.<\/p>\n<p>El festival de este a\u00f1o tendr\u00e1 car\u00e1cter solidario adem\u00e1s de cultural, y toda la recaudaci\u00f3n voluntaria que se recoja en concepto de entrada ser\u00e1 entregada a Cruz Roja para contribuir a paliar las necesidades de familias del municipio.<\/p>\n","protected":false},"excerpt":{"rendered":"<p>San Mart\u00edn del Rey Aurelio, 28 nov (EFE).- San Mart\u00edn del Rey Aurelio celebrar\u00e1 a partir de ma\u00f1ana las Jornadas Gastron\u00f3micas de Les Cebolles Rellenes en la localidad de El Entrego, declaradas \u00abFiestas de Inter\u00e9s del Principado de Asturias\u00bb. En dichas jornadas participar\u00e1n la pr\u00e1ctica totalidad de la hosteler\u00eda local, en colaboraci\u00f3n con la Socied\u00e1 [&hellip;]<\/p>\n","protected":false},"author":1,"featured_media":455483,"comment_status":"open","ping_status":"open","sticky":false,"template":"","format":"standard","meta":{"footnotes":""},"categories":[2],"tags":[],"class_list":["post-455482","post","type-post","status-publish","format-standard","has-post-thumbnail","hentry","category-agenda"],"aioseo_notices":[],"aioseo_head":"\n\t\t<!-- All in One SEO Pro 5.0.1 - aioseo.com -->\n\t<meta name=\"description\" content=\"San Mart\u00edn del Rey Aurelio, 28 nov (EFE).- San Mart\u00edn del Rey Aurelio celebrar\u00e1 a partir de ma\u00f1ana las Jornadas Gastron\u00f3micas de Les Cebolles Rellenes en la localidad de El Entrego, declaradas &quot;Fiestas de Inter\u00e9s del Principado de Asturias&quot;. En dichas jornadas participar\u00e1n la pr\u00e1ctica totalidad de la hosteler\u00eda local, en colaboraci\u00f3n con la Socied\u00e1\" \/>\n\t<meta name=\"robots\" content=\"max-image-preview:large\" \/>\n\t<meta name=\"author\" content=\"El Digital de Asturias\"\/>\n\t<meta name=\"google-site-verification\" content=\"UA-38556648-1\" \/>\n\t<meta name=\"msvalidate.01\" content=\"7dfe9f3f1b24437ab69f4f2559babe99\" \/>\n\t<meta name=\"keywords\" content=\"agenda\" \/>\n\t<link rel=\"canonical\" href=\"https:\/\/www.eldigitaldeasturias.com\/noticias\/el-entrego-celebra-las-fiestas-de-les-cebolles-rellenes\/\" \/>\n\t<meta name=\"generator\" content=\"All in One SEO Pro (AIOSEO) 5.0.1\" \/>\n\t\t<meta property=\"og:locale\" content=\"es_ES\" \/>\n\t\t<meta property=\"og:site_name\" content=\"El Digital de Asturias\" \/>\n\t\t<meta property=\"og:type\" content=\"article\" \/>\n\t\t<meta property=\"og:title\" content=\"El Entrego celebra las fiestas de Les Cebolles Rellenes - El Digital de Asturias\" \/>\n\t\t<meta property=\"og:description\" content=\"San Mart\u00edn del Rey Aurelio, 28 nov (EFE).- San Mart\u00edn del Rey Aurelio celebrar\u00e1 a partir de ma\u00f1ana las Jornadas Gastron\u00f3micas de Les Cebolles Rellenes en la localidad de El Entrego, declaradas &quot;Fiestas de Inter\u00e9s del Principado de Asturias&quot;. En dichas jornadas participar\u00e1n la pr\u00e1ctica totalidad de la hosteler\u00eda local, en colaboraci\u00f3n con la Socied\u00e1\" \/>\n\t\t<meta property=\"og:url\" content=\"https:\/\/www.eldigitaldeasturias.com\/noticias\/el-entrego-celebra-las-fiestas-de-les-cebolles-rellenes\/\" \/>\n\t\t<meta property=\"article:tag\" content=\"agenda\" \/>\n\t\t<meta property=\"article:published_time\" content=\"2013-11-28T21:46:06+00:00\" \/>\n\t\t<meta property=\"article:modified_time\" content=\"2013-11-28T21:46:06+00:00\" \/>\n\t\t<meta property=\"article:publisher\" content=\"https:\/\/facebook.com\/eldigitaldeasturias\" \/>\n\t\t<meta name=\"twitter:card\" content=\"summary_large_image\" \/>\n\t\t<meta name=\"twitter:title\" content=\"El Entrego celebra las fiestas de Les Cebolles Rellenes - El Digital de Asturias\" \/>\n\t\t<meta name=\"twitter:description\" content=\"San Mart\u00edn del Rey Aurelio, 28 nov (EFE).- San Mart\u00edn del Rey Aurelio celebrar\u00e1 a partir de ma\u00f1ana las Jornadas Gastron\u00f3micas de Les Cebolles Rellenes en la localidad de El Entrego, declaradas &quot;Fiestas de Inter\u00e9s del Principado de Asturias&quot;. En dichas jornadas participar\u00e1n la pr\u00e1ctica totalidad de la hosteler\u00eda local, en colaboraci\u00f3n con la Socied\u00e1\" \/>\n\t\t<meta name=\"twitter:label1\" content=\"Escrito por\" \/>\n\t\t<meta name=\"twitter:data1\" content=\"El Digital de Asturias\" \/>\n\t\t<meta name=\"twitter:label2\" content=\"Tiempo de lectura estimado\" \/>\n\t\t<meta name=\"twitter:data2\" content=\"2 minutos\" \/>\n\t\t<script type=\"application\/ld+json\" class=\"aioseo-schema\">\n\t\t\t{\"@context\":\"https:\\\/\\\/schema.org\",\"@graph\":[{\"@type\":\"BlogPosting\",\"@id\":\"https:\\\/\\\/www.eldigitaldeasturias.com\\\/noticias\\\/el-entrego-celebra-las-fiestas-de-les-cebolles-rellenes\\\/#blogposting\",\"name\":\"El Entrego celebra las fiestas de Les Cebolles Rellenes - El Digital de Asturias\",\"headline\":\"El Entrego celebra las fiestas de Les Cebolles Rellenes\",\"author\":{\"@id\":\"https:\\\/\\\/www.eldigitaldeasturias.com\\\/noticias\\\/author\\\/admin\\\/#author\"},\"publisher\":{\"@id\":\"https:\\\/\\\/www.eldigitaldeasturias.com\\\/noticias\\\/#organization\"},\"image\":{\"@type\":\"ImageObject\",\"url\":455483},\"datePublished\":\"2013-11-28T20:46:06+01:00\",\"dateModified\":\"2013-11-28T20:46:06+01:00\",\"inLanguage\":\"es-ES\",\"mainEntityOfPage\":{\"@id\":\"https:\\\/\\\/www.eldigitaldeasturias.com\\\/noticias\\\/el-entrego-celebra-las-fiestas-de-les-cebolles-rellenes\\\/#webpage\"},\"isPartOf\":{\"@id\":\"https:\\\/\\\/www.eldigitaldeasturias.com\\\/noticias\\\/el-entrego-celebra-las-fiestas-de-les-cebolles-rellenes\\\/#webpage\"},\"articleSection\":\"Agenda\"},{\"@type\":\"BreadcrumbList\",\"@id\":\"https:\\\/\\\/www.eldigitaldeasturias.com\\\/noticias\\\/el-entrego-celebra-las-fiestas-de-les-cebolles-rellenes\\\/#breadcrumblist\",\"itemListElement\":[{\"@type\":\"ListItem\",\"@id\":\"https:\\\/\\\/www.eldigitaldeasturias.com\\\/noticias#listItem\",\"position\":1,\"name\":\"Home\",\"item\":\"https:\\\/\\\/www.eldigitaldeasturias.com\\\/noticias\",\"nextItem\":{\"@type\":\"ListItem\",\"@id\":\"https:\\\/\\\/www.eldigitaldeasturias.com\\\/noticias\\\/category\\\/agenda\\\/#listItem\",\"name\":\"Agenda\"}},{\"@type\":\"ListItem\",\"@id\":\"https:\\\/\\\/www.eldigitaldeasturias.com\\\/noticias\\\/category\\\/agenda\\\/#listItem\",\"position\":2,\"name\":\"Agenda\",\"item\":\"https:\\\/\\\/www.eldigitaldeasturias.com\\\/noticias\\\/category\\\/agenda\\\/\",\"nextItem\":{\"@type\":\"ListItem\",\"@id\":\"https:\\\/\\\/www.eldigitaldeasturias.com\\\/noticias\\\/el-entrego-celebra-las-fiestas-de-les-cebolles-rellenes\\\/#listItem\",\"name\":\"El Entrego celebra las fiestas de Les Cebolles Rellenes\"},\"previousItem\":{\"@type\":\"ListItem\",\"@id\":\"https:\\\/\\\/www.eldigitaldeasturias.com\\\/noticias#listItem\",\"name\":\"Home\"}},{\"@type\":\"ListItem\",\"@id\":\"https:\\\/\\\/www.eldigitaldeasturias.com\\\/noticias\\\/el-entrego-celebra-las-fiestas-de-les-cebolles-rellenes\\\/#listItem\",\"position\":3,\"name\":\"El Entrego celebra las fiestas de Les Cebolles Rellenes\",\"previousItem\":{\"@type\":\"ListItem\",\"@id\":\"https:\\\/\\\/www.eldigitaldeasturias.com\\\/noticias\\\/category\\\/agenda\\\/#listItem\",\"name\":\"Agenda\"}}]},{\"@type\":\"Organization\",\"@id\":\"https:\\\/\\\/www.eldigitaldeasturias.com\\\/noticias\\\/#organization\",\"name\":\"El Digital de Asturias\",\"description\":\"Hemeroteca\",\"url\":\"https:\\\/\\\/www.eldigitaldeasturias.com\\\/noticias\\\/\",\"email\":\"info@eldigitaldeasturias.com\",\"telephone\":\"+34652131393\",\"logo\":{\"@type\":\"ImageObject\",\"url\":\"https:\\\/\\\/www.eldigitaldeasturias.com\\\/noticias\\\/wp-content\\\/uploads\\\/2020\\\/12\\\/EDA.jpg\",\"@id\":\"https:\\\/\\\/www.eldigitaldeasturias.com\\\/noticias\\\/el-entrego-celebra-las-fiestas-de-les-cebolles-rellenes\\\/#organizationLogo\"},\"image\":{\"@id\":\"https:\\\/\\\/www.eldigitaldeasturias.com\\\/noticias\\\/el-entrego-celebra-las-fiestas-de-les-cebolles-rellenes\\\/#organizationLogo\"},\"sameAs\":[\"https:\\\/\\\/facebook.com\\\/eldigitaldeasturias\",\"https:\\\/\\\/www.youtube.com\\\/channel\\\/UCZP-2wLEB9Rv6erhFmqVnvg\"],\"address\":{\"@id\":\"https:\\\/\\\/www.eldigitaldeasturias.com\\\/noticias\\\/#postaladdress\",\"@type\":\"PostalAddress\",\"streetAddress\":\"san antonio 4\",\"postalCode\":\"33430\",\"addressLocality\":\"Cand\\u00e1s\",\"addressRegion\":\"Asturias\",\"addressCountry\":\"ES\"}},{\"@type\":\"Person\",\"@id\":\"https:\\\/\\\/www.eldigitaldeasturias.com\\\/noticias\\\/author\\\/admin\\\/#author\",\"url\":\"https:\\\/\\\/www.eldigitaldeasturias.com\\\/noticias\\\/author\\\/admin\\\/\",\"name\":\"El Digital de Asturias\",\"image\":{\"@type\":\"ImageObject\",\"@id\":\"https:\\\/\\\/www.eldigitaldeasturias.com\\\/noticias\\\/el-entrego-celebra-las-fiestas-de-les-cebolles-rellenes\\\/#authorImage\",\"url\":\"https:\\\/\\\/secure.gravatar.com\\\/avatar\\\/df2aeffc32bcd13f8d26072ef8a91b623d677766deac7f97ca815868cd41bf5e?s=96&d=mm&r=g\",\"width\":96,\"height\":96,\"caption\":\"El Digital de Asturias\"}},{\"@type\":\"WebPage\",\"@id\":\"https:\\\/\\\/www.eldigitaldeasturias.com\\\/noticias\\\/el-entrego-celebra-las-fiestas-de-les-cebolles-rellenes\\\/#webpage\",\"url\":\"https:\\\/\\\/www.eldigitaldeasturias.com\\\/noticias\\\/el-entrego-celebra-las-fiestas-de-les-cebolles-rellenes\\\/\",\"name\":\"El Entrego celebra las fiestas de Les Cebolles Rellenes - El Digital de Asturias\",\"description\":\"San Mart\\u00edn del Rey Aurelio, 28 nov (EFE).- San Mart\\u00edn del Rey Aurelio celebrar\\u00e1 a partir de ma\\u00f1ana las Jornadas Gastron\\u00f3micas de Les Cebolles Rellenes en la localidad de El Entrego, declaradas \\\"Fiestas de Inter\\u00e9s del Principado de Asturias\\\". En dichas jornadas participar\\u00e1n la pr\\u00e1ctica totalidad de la hosteler\\u00eda local, en colaboraci\\u00f3n con la Socied\\u00e1\",\"inLanguage\":\"es-ES\",\"isPartOf\":{\"@id\":\"https:\\\/\\\/www.eldigitaldeasturias.com\\\/noticias\\\/#website\"},\"breadcrumb\":{\"@id\":\"https:\\\/\\\/www.eldigitaldeasturias.com\\\/noticias\\\/el-entrego-celebra-las-fiestas-de-les-cebolles-rellenes\\\/#breadcrumblist\"},\"author\":{\"@id\":\"https:\\\/\\\/www.eldigitaldeasturias.com\\\/noticias\\\/author\\\/admin\\\/#author\"},\"creator\":{\"@id\":\"https:\\\/\\\/www.eldigitaldeasturias.com\\\/noticias\\\/author\\\/admin\\\/#author\"},\"image\":{\"@type\":\"ImageObject\",\"url\":455483,\"@id\":\"https:\\\/\\\/www.eldigitaldeasturias.com\\\/noticias\\\/el-entrego-celebra-las-fiestas-de-les-cebolles-rellenes\\\/#mainImage\"},\"primaryImageOfPage\":{\"@id\":\"https:\\\/\\\/www.eldigitaldeasturias.com\\\/noticias\\\/el-entrego-celebra-las-fiestas-de-les-cebolles-rellenes\\\/#mainImage\"},\"datePublished\":\"2013-11-28T20:46:06+01:00\",\"dateModified\":\"2013-11-28T20:46:06+01:00\"},{\"@type\":\"WebSite\",\"@id\":\"https:\\\/\\\/www.eldigitaldeasturias.com\\\/noticias\\\/#website\",\"url\":\"https:\\\/\\\/www.eldigitaldeasturias.com\\\/noticias\\\/\",\"name\":\"El Digital de Asturias - Diario de actualidad y noticias\",\"alternateName\":\"El Digital de Asturias - Diario de actualidad y noticias\",\"description\":\"Hemeroteca\",\"inLanguage\":\"es-ES\",\"publisher\":{\"@id\":\"https:\\\/\\\/www.eldigitaldeasturias.com\\\/noticias\\\/#organization\"}}]}\n\t\t<\/script>\n\t\t<!-- All in One SEO Pro -->\r\n\t\t<title>El Entrego celebra las fiestas de Les Cebolles Rellenes - El Digital de Asturias<\/title>\n\n","aioseo_head_json":{"title":"El Entrego celebra las fiestas de Les Cebolles Rellenes - El Digital de Asturias","description":"San Mart\u00edn del Rey Aurelio, 28 nov (EFE).- San Mart\u00edn del Rey Aurelio celebrar\u00e1 a partir de ma\u00f1ana las Jornadas Gastron\u00f3micas de Les Cebolles Rellenes en la localidad de El Entrego, declaradas \"Fiestas de Inter\u00e9s del Principado de Asturias\". En dichas jornadas participar\u00e1n la pr\u00e1ctica totalidad de la hosteler\u00eda local, en colaboraci\u00f3n con la Socied\u00e1","canonical_url":"https:\/\/www.eldigitaldeasturias.com\/noticias\/el-entrego-celebra-las-fiestas-de-les-cebolles-rellenes\/","robots":"max-image-preview:large","keywords":"agenda","webmasterTools":{"google-site-verification":"UA-38556648-1","msvalidate.01":"7dfe9f3f1b24437ab69f4f2559babe99","miscellaneous":""},"schema":{"@context":"https:\/\/schema.org","@graph":[{"@type":"BlogPosting","@id":"https:\/\/www.eldigitaldeasturias.com\/noticias\/el-entrego-celebra-las-fiestas-de-les-cebolles-rellenes\/#blogposting","name":"El Entrego celebra las fiestas de Les Cebolles Rellenes - El Digital de Asturias","headline":"El Entrego celebra las fiestas de Les Cebolles Rellenes","author":{"@id":"https:\/\/www.eldigitaldeasturias.com\/noticias\/author\/admin\/#author"},"publisher":{"@id":"https:\/\/www.eldigitaldeasturias.com\/noticias\/#organization"},"image":{"@type":"ImageObject","url":455483},"datePublished":"2013-11-28T20:46:06+01:00","dateModified":"2013-11-28T20:46:06+01:00","inLanguage":"es-ES","mainEntityOfPage":{"@id":"https:\/\/www.eldigitaldeasturias.com\/noticias\/el-entrego-celebra-las-fiestas-de-les-cebolles-rellenes\/#webpage"},"isPartOf":{"@id":"https:\/\/www.eldigitaldeasturias.com\/noticias\/el-entrego-celebra-las-fiestas-de-les-cebolles-rellenes\/#webpage"},"articleSection":"Agenda"},{"@type":"BreadcrumbList","@id":"https:\/\/www.eldigitaldeasturias.com\/noticias\/el-entrego-celebra-las-fiestas-de-les-cebolles-rellenes\/#breadcrumblist","itemListElement":[{"@type":"ListItem","@id":"https:\/\/www.eldigitaldeasturias.com\/noticias#listItem","position":1,"name":"Home","item":"https:\/\/www.eldigitaldeasturias.com\/noticias","nextItem":{"@type":"ListItem","@id":"https:\/\/www.eldigitaldeasturias.com\/noticias\/category\/agenda\/#listItem","name":"Agenda"}},{"@type":"ListItem","@id":"https:\/\/www.eldigitaldeasturias.com\/noticias\/category\/agenda\/#listItem","position":2,"name":"Agenda","item":"https:\/\/www.eldigitaldeasturias.com\/noticias\/category\/agenda\/","nextItem":{"@type":"ListItem","@id":"https:\/\/www.eldigitaldeasturias.com\/noticias\/el-entrego-celebra-las-fiestas-de-les-cebolles-rellenes\/#listItem","name":"El Entrego celebra las fiestas de Les Cebolles Rellenes"},"previousItem":{"@type":"ListItem","@id":"https:\/\/www.eldigitaldeasturias.com\/noticias#listItem","name":"Home"}},{"@type":"ListItem","@id":"https:\/\/www.eldigitaldeasturias.com\/noticias\/el-entrego-celebra-las-fiestas-de-les-cebolles-rellenes\/#listItem","position":3,"name":"El Entrego celebra las fiestas de Les Cebolles Rellenes","previousItem":{"@type":"ListItem","@id":"https:\/\/www.eldigitaldeasturias.com\/noticias\/category\/agenda\/#listItem","name":"Agenda"}}]},{"@type":"Organization","@id":"https:\/\/www.eldigitaldeasturias.com\/noticias\/#organization","name":"El Digital de Asturias","description":"Hemeroteca","url":"https:\/\/www.eldigitaldeasturias.com\/noticias\/","email":"info@eldigitaldeasturias.com","telephone":"+34652131393","logo":{"@type":"ImageObject","url":"https:\/\/www.eldigitaldeasturias.com\/noticias\/wp-content\/uploads\/2020\/12\/EDA.jpg","@id":"https:\/\/www.eldigitaldeasturias.com\/noticias\/el-entrego-celebra-las-fiestas-de-les-cebolles-rellenes\/#organizationLogo"},"image":{"@id":"https:\/\/www.eldigitaldeasturias.com\/noticias\/el-entrego-celebra-las-fiestas-de-les-cebolles-rellenes\/#organizationLogo"},"sameAs":["https:\/\/facebook.com\/eldigitaldeasturias","https:\/\/www.youtube.com\/channel\/UCZP-2wLEB9Rv6erhFmqVnvg"],"address":{"@id":"https:\/\/www.eldigitaldeasturias.com\/noticias\/#postaladdress","@type":"PostalAddress","streetAddress":"san antonio 4","postalCode":"33430","addressLocality":"Cand\u00e1s","addressRegion":"Asturias","addressCountry":"ES"}},{"@type":"Person","@id":"https:\/\/www.eldigitaldeasturias.com\/noticias\/author\/admin\/#author","url":"https:\/\/www.eldigitaldeasturias.com\/noticias\/author\/admin\/","name":"El Digital de Asturias","image":{"@type":"ImageObject","@id":"https:\/\/www.eldigitaldeasturias.com\/noticias\/el-entrego-celebra-las-fiestas-de-les-cebolles-rellenes\/#authorImage","url":"https:\/\/secure.gravatar.com\/avatar\/df2aeffc32bcd13f8d26072ef8a91b623d677766deac7f97ca815868cd41bf5e?s=96&d=mm&r=g","width":96,"height":96,"caption":"El Digital de Asturias"}},{"@type":"WebPage","@id":"https:\/\/www.eldigitaldeasturias.com\/noticias\/el-entrego-celebra-las-fiestas-de-les-cebolles-rellenes\/#webpage","url":"https:\/\/www.eldigitaldeasturias.com\/noticias\/el-entrego-celebra-las-fiestas-de-les-cebolles-rellenes\/","name":"El Entrego celebra las fiestas de Les Cebolles Rellenes - El Digital de Asturias","description":"San Mart\u00edn del Rey Aurelio, 28 nov (EFE).- San Mart\u00edn del Rey Aurelio celebrar\u00e1 a partir de ma\u00f1ana las Jornadas Gastron\u00f3micas de Les Cebolles Rellenes en la localidad de El Entrego, declaradas \"Fiestas de Inter\u00e9s del Principado de Asturias\". En dichas jornadas participar\u00e1n la pr\u00e1ctica totalidad de la hosteler\u00eda local, en colaboraci\u00f3n con la Socied\u00e1","inLanguage":"es-ES","isPartOf":{"@id":"https:\/\/www.eldigitaldeasturias.com\/noticias\/#website"},"breadcrumb":{"@id":"https:\/\/www.eldigitaldeasturias.com\/noticias\/el-entrego-celebra-las-fiestas-de-les-cebolles-rellenes\/#breadcrumblist"},"author":{"@id":"https:\/\/www.eldigitaldeasturias.com\/noticias\/author\/admin\/#author"},"creator":{"@id":"https:\/\/www.eldigitaldeasturias.com\/noticias\/author\/admin\/#author"},"image":{"@type":"ImageObject","url":455483,"@id":"https:\/\/www.eldigitaldeasturias.com\/noticias\/el-entrego-celebra-las-fiestas-de-les-cebolles-rellenes\/#mainImage"},"primaryImageOfPage":{"@id":"https:\/\/www.eldigitaldeasturias.com\/noticias\/el-entrego-celebra-las-fiestas-de-les-cebolles-rellenes\/#mainImage"},"datePublished":"2013-11-28T20:46:06+01:00","dateModified":"2013-11-28T20:46:06+01:00"},{"@type":"WebSite","@id":"https:\/\/www.eldigitaldeasturias.com\/noticias\/#website","url":"https:\/\/www.eldigitaldeasturias.com\/noticias\/","name":"El Digital de Asturias - Diario de actualidad y noticias","alternateName":"El Digital de Asturias - Diario de actualidad y noticias","description":"Hemeroteca","inLanguage":"es-ES","publisher":{"@id":"https:\/\/www.eldigitaldeasturias.com\/noticias\/#organization"}}]},"og:locale":"es_ES","og:site_name":"El Digital de Asturias","og:type":"article","og:title":"El Entrego celebra las fiestas de Les Cebolles Rellenes - El Digital de Asturias","og:description":"San Mart\u00edn del Rey Aurelio, 28 nov (EFE).- San Mart\u00edn del Rey Aurelio celebrar\u00e1 a partir de ma\u00f1ana las Jornadas Gastron\u00f3micas de Les Cebolles Rellenes en la localidad de El Entrego, declaradas &quot;Fiestas de Inter\u00e9s del Principado de Asturias&quot;. En dichas jornadas participar\u00e1n la pr\u00e1ctica totalidad de la hosteler\u00eda local, en colaboraci\u00f3n con la Socied\u00e1","og:url":"https:\/\/www.eldigitaldeasturias.com\/noticias\/el-entrego-celebra-las-fiestas-de-les-cebolles-rellenes\/","article:tag":["agenda"],"article:published_time":"2013-11-28T21:46:06+00:00","article:modified_time":"2013-11-28T21:46:06+00:00","article:publisher":"https:\/\/facebook.com\/eldigitaldeasturias","twitter:card":"summary_large_image","twitter:title":"El Entrego celebra las fiestas de Les Cebolles Rellenes - El Digital de Asturias","twitter:description":"San Mart\u00edn del Rey Aurelio, 28 nov (EFE).- San Mart\u00edn del Rey Aurelio celebrar\u00e1 a partir de ma\u00f1ana las Jornadas Gastron\u00f3micas de Les Cebolles Rellenes en la localidad de El Entrego, declaradas &quot;Fiestas de Inter\u00e9s del Principado de Asturias&quot;. En dichas jornadas participar\u00e1n la pr\u00e1ctica totalidad de la hosteler\u00eda local, en colaboraci\u00f3n con la Socied\u00e1","twitter:label1":"Escrito por","twitter:data1":"El Digital de Asturias","twitter:label2":"Tiempo de lectura estimado","twitter:data2":"2 minutos"},"aioseo_meta_data":{"post_id":"455482","title":null,"description":null,"keywords":null,"keyphrases":null,"primary_term":null,"canonical_url":null,"og_title":null,"og_description":null,"og_object_type":"default","og_image_type":"default","og_image_url":null,"og_image_width":null,"og_image_height":null,"og_image_custom_url":null,"og_image_custom_fields":null,"og_video":null,"og_custom_url":null,"og_article_section":null,"og_article_tags":null,"twitter_use_og":true,"twitter_card":"default","twitter_image_type":"default","twitter_image_url":null,"twitter_image_custom_url":null,"twitter_image_custom_fields":null,"twitter_title":null,"twitter_description":null,"schema":{"blockGraphs":[],"customGraphs":[],"default":{"data":{"Article":[],"Course":[],"Dataset":[],"FAQPage":[],"Movie":[],"Person":[],"Product":[],"ProductReview":[],"Car":[],"Recipe":[],"Service":[],"SoftwareApplication":[],"WebPage":[]},"graphName":"","isEnabled":true},"graphs":[],"defaultGraph":"","defaultPostTypeGraph":""},"schema_type":null,"schema_type_options":null,"pillar_content":false,"robots_default":true,"robots_noindex":false,"robots_noarchive":false,"robots_nosnippet":false,"robots_nofollow":false,"robots_noimageindex":false,"robots_noodp":false,"robots_notranslate":false,"robots_max_snippet":null,"robots_max_videopreview":null,"robots_max_imagepreview":"none","priority":null,"frequency":null,"local_seo":null,"seo_analyzer_scan_date":"2026-05-29 18:28:38","breadcrumb_settings":null,"limit_modified_date":false,"open_ai":null,"ai":null,"created":"2020-11-14 22:45:20","updated":"2026-05-29 18:28:38","focus_keyword":null,"additional_keywords":null,"truseo_locale":null},"aioseo_breadcrumb":"<div class=\"aioseo-breadcrumbs\"><span class=\"aioseo-breadcrumb\">\n\t<a href=\"https:\/\/www.eldigitaldeasturias.com\/noticias\" title=\"Home\">Home<\/a>\n<\/span><span class=\"aioseo-breadcrumb-separator\">\u2013<\/span><span class=\"aioseo-breadcrumb\">\n\t<a href=\"https:\/\/www.eldigitaldeasturias.com\/noticias\/category\/agenda\/\" title=\"Agenda\">Agenda<\/a>\n<\/span><span class=\"aioseo-breadcrumb-separator\">\u2013<\/span><span class=\"aioseo-breadcrumb\">\n\t<a href=\"https:\/\/www.eldigitaldeasturias.com\/noticias\/el-entrego-celebra-las-fiestas-de-les-cebolles-rellenes\/\" title=\"El Entrego celebra las fiestas de Les Cebolles Rellenes\">El Entrego celebra las fiestas de Les Cebolles Rellenes<\/a>\n<\/span><\/div>","aioseo_breadcrumb_json":[{"label":"Home","link":"https:\/\/www.eldigitaldeasturias.com\/noticias"},{"label":"Agenda","link":"https:\/\/www.eldigitaldeasturias.com\/noticias\/category\/agenda\/"},{"label":"El Entrego celebra las fiestas de Les Cebolles Rellenes","link":"https:\/\/www.eldigitaldeasturias.com\/noticias\/el-entrego-celebra-las-fiestas-de-les-cebolles-rellenes\/"}],"_links":{"self":[{"href":"https:\/\/www.eldigitaldeasturias.com\/noticias\/wp-json\/wp\/v2\/posts\/455482","targetHints":{"allow":["GET"]}}],"collection":[{"href":"https:\/\/www.eldigitaldeasturias.com\/noticias\/wp-json\/wp\/v2\/posts"}],"about":[{"href":"https:\/\/www.eldigitaldeasturias.com\/noticias\/wp-json\/wp\/v2\/types\/post"}],"author":[{"embeddable":true,"href":"https:\/\/www.eldigitaldeasturias.com\/noticias\/wp-json\/wp\/v2\/users\/1"}],"replies":[{"embeddable":true,"href":"https:\/\/www.eldigitaldeasturias.com\/noticias\/wp-json\/wp\/v2\/comments?post=455482"}],"version-history":[{"count":0,"href":"https:\/\/www.eldigitaldeasturias.com\/noticias\/wp-json\/wp\/v2\/posts\/455482\/revisions"}],"wp:attachment":[{"href":"https:\/\/www.eldigitaldeasturias.com\/noticias\/wp-json\/wp\/v2\/media?parent=455482"}],"wp:term":[{"taxonomy":"category","embeddable":true,"href":"https:\/\/www.eldigitaldeasturias.com\/noticias\/wp-json\/wp\/v2\/categories?post=455482"},{"taxonomy":"post_tag","embeddable":true,"href":"https:\/\/www.eldigitaldeasturias.com\/noticias\/wp-json\/wp\/v2\/tags?post=455482"}],"curies":[{"name":"wp","href":"https:\/\/api.w.org\/{rel}","templated":true}]}}