{"id":455480,"date":"2013-11-28T20:43:41","date_gmt":"2013-11-28T21:43:41","guid":{"rendered":"http:\/\/www.eldigitaldeasturias.com\/noticias\/?p=455480"},"modified":"2013-11-28T20:43:41","modified_gmt":"2013-11-28T21:43:41","slug":"el-ayuntamiento-de-oviedo-subraya-su-compromiso-de-mantener-la-plantilla","status":"publish","type":"post","link":"https:\/\/www.eldigitaldeasturias.com\/noticias\/el-ayuntamiento-de-oviedo-subraya-su-compromiso-de-mantener-la-plantilla\/","title":{"rendered":"El Ayuntamiento de Oviedo subraya su compromiso de mantener la plantilla"},"content":{"rendered":"<p><img loading=\"lazy\" decoding=\"async\" class=\"alignleft size-medium wp-image-249\" alt=\"oviedo\" src=\"https:\/\/www.eldigitaldeasturias.com\/noticias\/wp-content\/uploads\/2013\/09\/oviedo-360x269.jpg\" width=\"360\" height=\"269\" \/>Oviedo, 28 nov (EFE).- El concejal de Personal de Oviedo, Gerardo Antu\u00f1a, ha reafirmado \u00abplenamente el compromiso\u00bb del equipo de gobierno de \u00abmantener el empleo actual hasta el mayor l\u00edmite que sea posible\u00bb en la nueva relaci\u00f3n de puestos de trabajo (RPT) que est\u00e1 negociando con los sindicatos.<\/p>\n<p>Tras una nueva reuni\u00f3n, Antu\u00f1a ha asegurado que la negociaci\u00f3n para la elaboraci\u00f3n de la RPT \u00abavanza a buen ritmo\u00bb, lo que est\u00e1 permitiendo alcanzar los \u00abprimeros compromisos y acuerdos en temas importantes para los trabajadores municipales\u00bb.<\/p>\n<p>Ha valorado las \u00abaportaciones constructivas\u00bb realizadas por los representantes de los trabajadores, \u00abque hoy mismo han permitido abrir nuevos caminos de entendimiento en la mesa general de negociaci\u00f3n\u00bb, ha dicho.<\/p>\n<p>Por su parte, el equipo de gobierno ha entregado a la parte sindical \u00abtoda la informaci\u00f3n\u00bb aportada por la consultora externa con el objetivo de mantener un di\u00e1logo con \u00abtotal transparencia\u00bb.<\/p>\n<p>Antu\u00f1a ha querido \u00abreafirmar plenamente el compromiso del equipo de gobierno de mantener el empleo actual hasta el mayor limite que sea posible\u00bb.<\/p>\n<p>\u00abLucharemos para alcanzar el cien por cien\u00bb y en caso de que se produzca \u00abalg\u00fan impedimento legal, intentaremos al m\u00e1ximo posible\u00bb, ha insistido.<\/p>\n<p>Asimismo, ha subrayado que \u00abning\u00fan trabajador municipal, especialmente de los niveles medios y bajos, sufrir\u00e1n merma alguna en sus retribuciones\u00bb.<\/p>\n<p>A este respecto, ha pedido a las partes implicadas en la negociaci\u00f3n \u00abque sus declaraciones se caractericen por la prudencia y la responsabilidad\u00bb, ya que no se puede \u00abconfundir las retribuciones totales, a las que se refieren nuestro compromiso, con determinados componentes parciales y puntuales de las mismas\u00bb.<\/p>\n<p>El concejal de personal tambi\u00e9n ha asegurado que se iniciar\u00e1 \u00abcon la mayor urgencia\u00bb los tr\u00e1mites para poner en marcha la promoci\u00f3n interna, \u00abque podr\u00eda afectar a unos 70 trabajadores de los grupos profesionales m\u00e1s bajos\u00bb.<\/p>\n<p>Antu\u00f1a ha a\u00f1adido que \u00abla corporaci\u00f3n tambi\u00e9n apoya la posibilidad de que el personal laboral fijo desarrolle su carrera profesional\u00bb.<\/p>\n<p>El concejal ha avanzado que la pr\u00f3xima semana se producir\u00e1 una nueva reuni\u00f3n en la que espera \u00abconcretar nuevos trabajos\u00bb para el dise\u00f1o de la nueva RPT, cuyo objetivo es \u00abmejorar el funcionamiento y la agilidad del Ayuntamiento como administraci\u00f3n m\u00e1s cercana\u00bb, ha concluido.<\/p>\n","protected":false},"excerpt":{"rendered":"<p>Oviedo, 28 nov (EFE).- El concejal de Personal de Oviedo, Gerardo Antu\u00f1a, ha reafirmado \u00abplenamente el compromiso\u00bb del equipo de gobierno de \u00abmantener el empleo actual hasta el mayor l\u00edmite que sea posible\u00bb en la nueva relaci\u00f3n de puestos de trabajo (RPT) que est\u00e1 negociando con los sindicatos. Tras una nueva reuni\u00f3n, Antu\u00f1a ha asegurado [&hellip;]<\/p>\n","protected":false},"author":1,"featured_media":1132184,"comment_status":"open","ping_status":"open","sticky":false,"template":"","format":"standard","meta":{"footnotes":""},"categories":[12],"tags":[],"class_list":["post-455480","post","type-post","status-publish","format-standard","has-post-thumbnail","hentry","category-actualidad-asturias"],"aioseo_notices":[],"aioseo_head":"\n\t\t<!-- All in One SEO Pro 5.0.1 - aioseo.com -->\n\t<meta name=\"description\" content=\"Oviedo, 28 nov (EFE).- El concejal de Personal de Oviedo, Gerardo Antu\u00f1a, ha reafirmado &quot;plenamente el compromiso&quot; del equipo de gobierno de &quot;mantener el empleo actual hasta el mayor l\u00edmite que sea posible&quot; en la nueva relaci\u00f3n de puestos de trabajo (RPT) que est\u00e1 negociando con los sindicatos. Tras una nueva reuni\u00f3n, Antu\u00f1a ha asegurado\" \/>\n\t<meta name=\"robots\" content=\"max-image-preview:large\" \/>\n\t<meta name=\"author\" content=\"El Digital de Asturias\"\/>\n\t<meta name=\"google-site-verification\" content=\"UA-38556648-1\" \/>\n\t<meta name=\"msvalidate.01\" content=\"7dfe9f3f1b24437ab69f4f2559babe99\" \/>\n\t<meta name=\"keywords\" content=\"actualidad asturias\" \/>\n\t<link rel=\"canonical\" href=\"https:\/\/www.eldigitaldeasturias.com\/noticias\/el-ayuntamiento-de-oviedo-subraya-su-compromiso-de-mantener-la-plantilla\/\" \/>\n\t<meta name=\"generator\" content=\"All in One SEO Pro (AIOSEO) 5.0.1\" \/>\n\t\t<meta property=\"og:locale\" content=\"es_ES\" \/>\n\t\t<meta property=\"og:site_name\" content=\"El Digital de Asturias\" \/>\n\t\t<meta property=\"og:type\" content=\"article\" \/>\n\t\t<meta property=\"og:title\" content=\"El Ayuntamiento de Oviedo subraya su compromiso de mantener la plantilla - El Digital de Asturias\" \/>\n\t\t<meta property=\"og:description\" content=\"Oviedo, 28 nov (EFE).- El concejal de Personal de Oviedo, Gerardo Antu\u00f1a, ha reafirmado &quot;plenamente el compromiso&quot; del equipo de gobierno de &quot;mantener el empleo actual hasta el mayor l\u00edmite que sea posible&quot; en la nueva relaci\u00f3n de puestos de trabajo (RPT) que est\u00e1 negociando con los sindicatos. Tras una nueva reuni\u00f3n, Antu\u00f1a ha asegurado\" \/>\n\t\t<meta property=\"og:url\" content=\"https:\/\/www.eldigitaldeasturias.com\/noticias\/el-ayuntamiento-de-oviedo-subraya-su-compromiso-de-mantener-la-plantilla\/\" \/>\n\t\t<meta property=\"og:image\" content=\"https:\/\/www.eldigitaldeasturias.com\/noticias\/wp-content\/uploads\/2026\/06\/Contenidos.jpg\" \/>\n\t\t<meta property=\"og:image:secure_url\" content=\"https:\/\/www.eldigitaldeasturias.com\/noticias\/wp-content\/uploads\/2026\/06\/Contenidos.jpg\" \/>\n\t\t<meta property=\"og:image:width\" content=\"1265\" \/>\n\t\t<meta property=\"og:image:height\" content=\"697\" \/>\n\t\t<meta property=\"article:tag\" content=\"actualidad asturias\" \/>\n\t\t<meta property=\"article:published_time\" content=\"2013-11-28T21:43:41+00:00\" \/>\n\t\t<meta property=\"article:modified_time\" content=\"2013-11-28T21:43:41+00:00\" \/>\n\t\t<meta property=\"article:publisher\" content=\"https:\/\/facebook.com\/eldigitaldeasturias\" \/>\n\t\t<meta name=\"twitter:card\" content=\"summary_large_image\" \/>\n\t\t<meta name=\"twitter:title\" content=\"El Ayuntamiento de Oviedo subraya su compromiso de mantener la plantilla - El Digital de Asturias\" \/>\n\t\t<meta name=\"twitter:description\" content=\"Oviedo, 28 nov (EFE).- El concejal de Personal de Oviedo, Gerardo Antu\u00f1a, ha reafirmado &quot;plenamente el compromiso&quot; del equipo de gobierno de &quot;mantener el empleo actual hasta el mayor l\u00edmite que sea posible&quot; en la nueva relaci\u00f3n de puestos de trabajo (RPT) que est\u00e1 negociando con los sindicatos. Tras una nueva reuni\u00f3n, Antu\u00f1a ha asegurado\" \/>\n\t\t<meta name=\"twitter:image\" content=\"https:\/\/www.eldigitaldeasturias.com\/noticias\/wp-content\/uploads\/2026\/06\/Contenidos.jpg\" \/>\n\t\t<meta name=\"twitter:label1\" content=\"Escrito por\" \/>\n\t\t<meta name=\"twitter:data1\" content=\"El Digital de Asturias\" \/>\n\t\t<meta name=\"twitter:label2\" content=\"Tiempo de lectura estimado\" \/>\n\t\t<meta name=\"twitter:data2\" content=\"2 minutos\" \/>\n\t\t<script type=\"application\/ld+json\" class=\"aioseo-schema\">\n\t\t\t{\"@context\":\"https:\\\/\\\/schema.org\",\"@graph\":[{\"@type\":\"BlogPosting\",\"@id\":\"https:\\\/\\\/www.eldigitaldeasturias.com\\\/noticias\\\/el-ayuntamiento-de-oviedo-subraya-su-compromiso-de-mantener-la-plantilla\\\/#blogposting\",\"name\":\"El Ayuntamiento de Oviedo subraya su compromiso de mantener la plantilla - El Digital de Asturias\",\"headline\":\"El Ayuntamiento de Oviedo subraya su compromiso de mantener la plantilla\",\"author\":{\"@id\":\"https:\\\/\\\/www.eldigitaldeasturias.com\\\/noticias\\\/author\\\/admin\\\/#author\"},\"publisher\":{\"@id\":\"https:\\\/\\\/www.eldigitaldeasturias.com\\\/noticias\\\/#organization\"},\"image\":{\"@type\":\"ImageObject\",\"url\":\"https:\\\/\\\/www.eldigitaldeasturias.com\\\/noticias\\\/wp-content\\\/uploads\\\/2026\\\/06\\\/Contenidos.jpg\",\"width\":1265,\"height\":697,\"caption\":\"Contenidos\"},\"datePublished\":\"2013-11-28T20:43:41+01:00\",\"dateModified\":\"2013-11-28T20:43:41+01:00\",\"inLanguage\":\"es-ES\",\"mainEntityOfPage\":{\"@id\":\"https:\\\/\\\/www.eldigitaldeasturias.com\\\/noticias\\\/el-ayuntamiento-de-oviedo-subraya-su-compromiso-de-mantener-la-plantilla\\\/#webpage\"},\"isPartOf\":{\"@id\":\"https:\\\/\\\/www.eldigitaldeasturias.com\\\/noticias\\\/el-ayuntamiento-de-oviedo-subraya-su-compromiso-de-mantener-la-plantilla\\\/#webpage\"},\"articleSection\":\"Actualidad Asturias\"},{\"@type\":\"BreadcrumbList\",\"@id\":\"https:\\\/\\\/www.eldigitaldeasturias.com\\\/noticias\\\/el-ayuntamiento-de-oviedo-subraya-su-compromiso-de-mantener-la-plantilla\\\/#breadcrumblist\",\"itemListElement\":[{\"@type\":\"ListItem\",\"@id\":\"https:\\\/\\\/www.eldigitaldeasturias.com\\\/noticias#listItem\",\"position\":1,\"name\":\"Home\",\"item\":\"https:\\\/\\\/www.eldigitaldeasturias.com\\\/noticias\",\"nextItem\":{\"@type\":\"ListItem\",\"@id\":\"https:\\\/\\\/www.eldigitaldeasturias.com\\\/noticias\\\/category\\\/actualidad-asturias\\\/#listItem\",\"name\":\"Actualidad Asturias\"}},{\"@type\":\"ListItem\",\"@id\":\"https:\\\/\\\/www.eldigitaldeasturias.com\\\/noticias\\\/category\\\/actualidad-asturias\\\/#listItem\",\"position\":2,\"name\":\"Actualidad Asturias\",\"item\":\"https:\\\/\\\/www.eldigitaldeasturias.com\\\/noticias\\\/category\\\/actualidad-asturias\\\/\",\"nextItem\":{\"@type\":\"ListItem\",\"@id\":\"https:\\\/\\\/www.eldigitaldeasturias.com\\\/noticias\\\/el-ayuntamiento-de-oviedo-subraya-su-compromiso-de-mantener-la-plantilla\\\/#listItem\",\"name\":\"El Ayuntamiento de Oviedo subraya su compromiso de mantener la plantilla\"},\"previousItem\":{\"@type\":\"ListItem\",\"@id\":\"https:\\\/\\\/www.eldigitaldeasturias.com\\\/noticias#listItem\",\"name\":\"Home\"}},{\"@type\":\"ListItem\",\"@id\":\"https:\\\/\\\/www.eldigitaldeasturias.com\\\/noticias\\\/el-ayuntamiento-de-oviedo-subraya-su-compromiso-de-mantener-la-plantilla\\\/#listItem\",\"position\":3,\"name\":\"El Ayuntamiento de Oviedo subraya su compromiso de mantener la plantilla\",\"previousItem\":{\"@type\":\"ListItem\",\"@id\":\"https:\\\/\\\/www.eldigitaldeasturias.com\\\/noticias\\\/category\\\/actualidad-asturias\\\/#listItem\",\"name\":\"Actualidad Asturias\"}}]},{\"@type\":\"Organization\",\"@id\":\"https:\\\/\\\/www.eldigitaldeasturias.com\\\/noticias\\\/#organization\",\"name\":\"El Digital de Asturias\",\"description\":\"Hemeroteca\",\"url\":\"https:\\\/\\\/www.eldigitaldeasturias.com\\\/noticias\\\/\",\"email\":\"info@eldigitaldeasturias.com\",\"telephone\":\"+34652131393\",\"logo\":{\"@type\":\"ImageObject\",\"url\":\"https:\\\/\\\/www.eldigitaldeasturias.com\\\/noticias\\\/wp-content\\\/uploads\\\/2020\\\/12\\\/EDA.jpg\",\"@id\":\"https:\\\/\\\/www.eldigitaldeasturias.com\\\/noticias\\\/el-ayuntamiento-de-oviedo-subraya-su-compromiso-de-mantener-la-plantilla\\\/#organizationLogo\"},\"image\":{\"@id\":\"https:\\\/\\\/www.eldigitaldeasturias.com\\\/noticias\\\/el-ayuntamiento-de-oviedo-subraya-su-compromiso-de-mantener-la-plantilla\\\/#organizationLogo\"},\"sameAs\":[\"https:\\\/\\\/facebook.com\\\/eldigitaldeasturias\",\"https:\\\/\\\/www.youtube.com\\\/channel\\\/UCZP-2wLEB9Rv6erhFmqVnvg\"],\"address\":{\"@id\":\"https:\\\/\\\/www.eldigitaldeasturias.com\\\/noticias\\\/#postaladdress\",\"@type\":\"PostalAddress\",\"streetAddress\":\"san antonio 4\",\"postalCode\":\"33430\",\"addressLocality\":\"Cand\\u00e1s\",\"addressRegion\":\"Asturias\",\"addressCountry\":\"ES\"}},{\"@type\":\"Person\",\"@id\":\"https:\\\/\\\/www.eldigitaldeasturias.com\\\/noticias\\\/author\\\/admin\\\/#author\",\"url\":\"https:\\\/\\\/www.eldigitaldeasturias.com\\\/noticias\\\/author\\\/admin\\\/\",\"name\":\"El Digital de Asturias\",\"image\":{\"@type\":\"ImageObject\",\"@id\":\"https:\\\/\\\/www.eldigitaldeasturias.com\\\/noticias\\\/el-ayuntamiento-de-oviedo-subraya-su-compromiso-de-mantener-la-plantilla\\\/#authorImage\",\"url\":\"https:\\\/\\\/secure.gravatar.com\\\/avatar\\\/df2aeffc32bcd13f8d26072ef8a91b623d677766deac7f97ca815868cd41bf5e?s=96&d=mm&r=g\",\"width\":96,\"height\":96,\"caption\":\"El Digital de Asturias\"}},{\"@type\":\"WebPage\",\"@id\":\"https:\\\/\\\/www.eldigitaldeasturias.com\\\/noticias\\\/el-ayuntamiento-de-oviedo-subraya-su-compromiso-de-mantener-la-plantilla\\\/#webpage\",\"url\":\"https:\\\/\\\/www.eldigitaldeasturias.com\\\/noticias\\\/el-ayuntamiento-de-oviedo-subraya-su-compromiso-de-mantener-la-plantilla\\\/\",\"name\":\"El Ayuntamiento de Oviedo subraya su compromiso de mantener la plantilla - El Digital de Asturias\",\"description\":\"Oviedo, 28 nov (EFE).- El concejal de Personal de Oviedo, Gerardo Antu\\u00f1a, ha reafirmado \\\"plenamente el compromiso\\\" del equipo de gobierno de \\\"mantener el empleo actual hasta el mayor l\\u00edmite que sea posible\\\" en la nueva relaci\\u00f3n de puestos de trabajo (RPT) que est\\u00e1 negociando con los sindicatos. Tras una nueva reuni\\u00f3n, Antu\\u00f1a ha asegurado\",\"inLanguage\":\"es-ES\",\"isPartOf\":{\"@id\":\"https:\\\/\\\/www.eldigitaldeasturias.com\\\/noticias\\\/#website\"},\"breadcrumb\":{\"@id\":\"https:\\\/\\\/www.eldigitaldeasturias.com\\\/noticias\\\/el-ayuntamiento-de-oviedo-subraya-su-compromiso-de-mantener-la-plantilla\\\/#breadcrumblist\"},\"author\":{\"@id\":\"https:\\\/\\\/www.eldigitaldeasturias.com\\\/noticias\\\/author\\\/admin\\\/#author\"},\"creator\":{\"@id\":\"https:\\\/\\\/www.eldigitaldeasturias.com\\\/noticias\\\/author\\\/admin\\\/#author\"},\"image\":{\"@type\":\"ImageObject\",\"url\":\"https:\\\/\\\/www.eldigitaldeasturias.com\\\/noticias\\\/wp-content\\\/uploads\\\/2026\\\/06\\\/Contenidos.jpg\",\"@id\":\"https:\\\/\\\/www.eldigitaldeasturias.com\\\/noticias\\\/el-ayuntamiento-de-oviedo-subraya-su-compromiso-de-mantener-la-plantilla\\\/#mainImage\",\"width\":1265,\"height\":697,\"caption\":\"Contenidos\"},\"primaryImageOfPage\":{\"@id\":\"https:\\\/\\\/www.eldigitaldeasturias.com\\\/noticias\\\/el-ayuntamiento-de-oviedo-subraya-su-compromiso-de-mantener-la-plantilla\\\/#mainImage\"},\"datePublished\":\"2013-11-28T20:43:41+01:00\",\"dateModified\":\"2013-11-28T20:43:41+01:00\"},{\"@type\":\"WebSite\",\"@id\":\"https:\\\/\\\/www.eldigitaldeasturias.com\\\/noticias\\\/#website\",\"url\":\"https:\\\/\\\/www.eldigitaldeasturias.com\\\/noticias\\\/\",\"name\":\"El Digital de Asturias - Diario de actualidad y noticias\",\"alternateName\":\"El Digital de Asturias - Diario de actualidad y noticias\",\"description\":\"Hemeroteca\",\"inLanguage\":\"es-ES\",\"publisher\":{\"@id\":\"https:\\\/\\\/www.eldigitaldeasturias.com\\\/noticias\\\/#organization\"}}]}\n\t\t<\/script>\n\t\t<!-- All in One SEO Pro -->\r\n\t\t<title>El Ayuntamiento de Oviedo subraya su compromiso de mantener la plantilla - El Digital de Asturias<\/title>\n\n","aioseo_head_json":{"title":"El Ayuntamiento de Oviedo subraya su compromiso de mantener la plantilla - El Digital de Asturias","description":"Oviedo, 28 nov (EFE).- El concejal de Personal de Oviedo, Gerardo Antu\u00f1a, ha reafirmado \"plenamente el compromiso\" del equipo de gobierno de \"mantener el empleo actual hasta el mayor l\u00edmite que sea posible\" en la nueva relaci\u00f3n de puestos de trabajo (RPT) que est\u00e1 negociando con los sindicatos. Tras una nueva reuni\u00f3n, Antu\u00f1a ha asegurado","canonical_url":"https:\/\/www.eldigitaldeasturias.com\/noticias\/el-ayuntamiento-de-oviedo-subraya-su-compromiso-de-mantener-la-plantilla\/","robots":"max-image-preview:large","keywords":"actualidad asturias","webmasterTools":{"google-site-verification":"UA-38556648-1","msvalidate.01":"7dfe9f3f1b24437ab69f4f2559babe99","miscellaneous":""},"schema":{"@context":"https:\/\/schema.org","@graph":[{"@type":"BlogPosting","@id":"https:\/\/www.eldigitaldeasturias.com\/noticias\/el-ayuntamiento-de-oviedo-subraya-su-compromiso-de-mantener-la-plantilla\/#blogposting","name":"El Ayuntamiento de Oviedo subraya su compromiso de mantener la plantilla - El Digital de Asturias","headline":"El Ayuntamiento de Oviedo subraya su compromiso de mantener la plantilla","author":{"@id":"https:\/\/www.eldigitaldeasturias.com\/noticias\/author\/admin\/#author"},"publisher":{"@id":"https:\/\/www.eldigitaldeasturias.com\/noticias\/#organization"},"image":{"@type":"ImageObject","url":"https:\/\/www.eldigitaldeasturias.com\/noticias\/wp-content\/uploads\/2026\/06\/Contenidos.jpg","width":1265,"height":697,"caption":"Contenidos"},"datePublished":"2013-11-28T20:43:41+01:00","dateModified":"2013-11-28T20:43:41+01:00","inLanguage":"es-ES","mainEntityOfPage":{"@id":"https:\/\/www.eldigitaldeasturias.com\/noticias\/el-ayuntamiento-de-oviedo-subraya-su-compromiso-de-mantener-la-plantilla\/#webpage"},"isPartOf":{"@id":"https:\/\/www.eldigitaldeasturias.com\/noticias\/el-ayuntamiento-de-oviedo-subraya-su-compromiso-de-mantener-la-plantilla\/#webpage"},"articleSection":"Actualidad Asturias"},{"@type":"BreadcrumbList","@id":"https:\/\/www.eldigitaldeasturias.com\/noticias\/el-ayuntamiento-de-oviedo-subraya-su-compromiso-de-mantener-la-plantilla\/#breadcrumblist","itemListElement":[{"@type":"ListItem","@id":"https:\/\/www.eldigitaldeasturias.com\/noticias#listItem","position":1,"name":"Home","item":"https:\/\/www.eldigitaldeasturias.com\/noticias","nextItem":{"@type":"ListItem","@id":"https:\/\/www.eldigitaldeasturias.com\/noticias\/category\/actualidad-asturias\/#listItem","name":"Actualidad Asturias"}},{"@type":"ListItem","@id":"https:\/\/www.eldigitaldeasturias.com\/noticias\/category\/actualidad-asturias\/#listItem","position":2,"name":"Actualidad Asturias","item":"https:\/\/www.eldigitaldeasturias.com\/noticias\/category\/actualidad-asturias\/","nextItem":{"@type":"ListItem","@id":"https:\/\/www.eldigitaldeasturias.com\/noticias\/el-ayuntamiento-de-oviedo-subraya-su-compromiso-de-mantener-la-plantilla\/#listItem","name":"El Ayuntamiento de Oviedo subraya su compromiso de mantener la plantilla"},"previousItem":{"@type":"ListItem","@id":"https:\/\/www.eldigitaldeasturias.com\/noticias#listItem","name":"Home"}},{"@type":"ListItem","@id":"https:\/\/www.eldigitaldeasturias.com\/noticias\/el-ayuntamiento-de-oviedo-subraya-su-compromiso-de-mantener-la-plantilla\/#listItem","position":3,"name":"El Ayuntamiento de Oviedo subraya su compromiso de mantener la plantilla","previousItem":{"@type":"ListItem","@id":"https:\/\/www.eldigitaldeasturias.com\/noticias\/category\/actualidad-asturias\/#listItem","name":"Actualidad Asturias"}}]},{"@type":"Organization","@id":"https:\/\/www.eldigitaldeasturias.com\/noticias\/#organization","name":"El Digital de Asturias","description":"Hemeroteca","url":"https:\/\/www.eldigitaldeasturias.com\/noticias\/","email":"info@eldigitaldeasturias.com","telephone":"+34652131393","logo":{"@type":"ImageObject","url":"https:\/\/www.eldigitaldeasturias.com\/noticias\/wp-content\/uploads\/2020\/12\/EDA.jpg","@id":"https:\/\/www.eldigitaldeasturias.com\/noticias\/el-ayuntamiento-de-oviedo-subraya-su-compromiso-de-mantener-la-plantilla\/#organizationLogo"},"image":{"@id":"https:\/\/www.eldigitaldeasturias.com\/noticias\/el-ayuntamiento-de-oviedo-subraya-su-compromiso-de-mantener-la-plantilla\/#organizationLogo"},"sameAs":["https:\/\/facebook.com\/eldigitaldeasturias","https:\/\/www.youtube.com\/channel\/UCZP-2wLEB9Rv6erhFmqVnvg"],"address":{"@id":"https:\/\/www.eldigitaldeasturias.com\/noticias\/#postaladdress","@type":"PostalAddress","streetAddress":"san antonio 4","postalCode":"33430","addressLocality":"Cand\u00e1s","addressRegion":"Asturias","addressCountry":"ES"}},{"@type":"Person","@id":"https:\/\/www.eldigitaldeasturias.com\/noticias\/author\/admin\/#author","url":"https:\/\/www.eldigitaldeasturias.com\/noticias\/author\/admin\/","name":"El Digital de Asturias","image":{"@type":"ImageObject","@id":"https:\/\/www.eldigitaldeasturias.com\/noticias\/el-ayuntamiento-de-oviedo-subraya-su-compromiso-de-mantener-la-plantilla\/#authorImage","url":"https:\/\/secure.gravatar.com\/avatar\/df2aeffc32bcd13f8d26072ef8a91b623d677766deac7f97ca815868cd41bf5e?s=96&d=mm&r=g","width":96,"height":96,"caption":"El Digital de Asturias"}},{"@type":"WebPage","@id":"https:\/\/www.eldigitaldeasturias.com\/noticias\/el-ayuntamiento-de-oviedo-subraya-su-compromiso-de-mantener-la-plantilla\/#webpage","url":"https:\/\/www.eldigitaldeasturias.com\/noticias\/el-ayuntamiento-de-oviedo-subraya-su-compromiso-de-mantener-la-plantilla\/","name":"El Ayuntamiento de Oviedo subraya su compromiso de mantener la plantilla - El Digital de Asturias","description":"Oviedo, 28 nov (EFE).- El concejal de Personal de Oviedo, Gerardo Antu\u00f1a, ha reafirmado \"plenamente el compromiso\" del equipo de gobierno de \"mantener el empleo actual hasta el mayor l\u00edmite que sea posible\" en la nueva relaci\u00f3n de puestos de trabajo (RPT) que est\u00e1 negociando con los sindicatos. Tras una nueva reuni\u00f3n, Antu\u00f1a ha asegurado","inLanguage":"es-ES","isPartOf":{"@id":"https:\/\/www.eldigitaldeasturias.com\/noticias\/#website"},"breadcrumb":{"@id":"https:\/\/www.eldigitaldeasturias.com\/noticias\/el-ayuntamiento-de-oviedo-subraya-su-compromiso-de-mantener-la-plantilla\/#breadcrumblist"},"author":{"@id":"https:\/\/www.eldigitaldeasturias.com\/noticias\/author\/admin\/#author"},"creator":{"@id":"https:\/\/www.eldigitaldeasturias.com\/noticias\/author\/admin\/#author"},"image":{"@type":"ImageObject","url":"https:\/\/www.eldigitaldeasturias.com\/noticias\/wp-content\/uploads\/2026\/06\/Contenidos.jpg","@id":"https:\/\/www.eldigitaldeasturias.com\/noticias\/el-ayuntamiento-de-oviedo-subraya-su-compromiso-de-mantener-la-plantilla\/#mainImage","width":1265,"height":697,"caption":"Contenidos"},"primaryImageOfPage":{"@id":"https:\/\/www.eldigitaldeasturias.com\/noticias\/el-ayuntamiento-de-oviedo-subraya-su-compromiso-de-mantener-la-plantilla\/#mainImage"},"datePublished":"2013-11-28T20:43:41+01:00","dateModified":"2013-11-28T20:43:41+01:00"},{"@type":"WebSite","@id":"https:\/\/www.eldigitaldeasturias.com\/noticias\/#website","url":"https:\/\/www.eldigitaldeasturias.com\/noticias\/","name":"El Digital de Asturias - Diario de actualidad y noticias","alternateName":"El Digital de Asturias - Diario de actualidad y noticias","description":"Hemeroteca","inLanguage":"es-ES","publisher":{"@id":"https:\/\/www.eldigitaldeasturias.com\/noticias\/#organization"}}]},"og:locale":"es_ES","og:site_name":"El Digital de Asturias","og:type":"article","og:title":"El Ayuntamiento de Oviedo subraya su compromiso de mantener la plantilla - El Digital de Asturias","og:description":"Oviedo, 28 nov (EFE).- El concejal de Personal de Oviedo, Gerardo Antu\u00f1a, ha reafirmado &quot;plenamente el compromiso&quot; del equipo de gobierno de &quot;mantener el empleo actual hasta el mayor l\u00edmite que sea posible&quot; en la nueva relaci\u00f3n de puestos de trabajo (RPT) que est\u00e1 negociando con los sindicatos. Tras una nueva reuni\u00f3n, Antu\u00f1a ha asegurado","og:url":"https:\/\/www.eldigitaldeasturias.com\/noticias\/el-ayuntamiento-de-oviedo-subraya-su-compromiso-de-mantener-la-plantilla\/","og:image":"https:\/\/www.eldigitaldeasturias.com\/noticias\/wp-content\/uploads\/2026\/06\/Contenidos.jpg","og:image:secure_url":"https:\/\/www.eldigitaldeasturias.com\/noticias\/wp-content\/uploads\/2026\/06\/Contenidos.jpg","og:image:width":1265,"og:image:height":697,"article:tag":["actualidad asturias"],"article:published_time":"2013-11-28T21:43:41+00:00","article:modified_time":"2013-11-28T21:43:41+00:00","article:publisher":"https:\/\/facebook.com\/eldigitaldeasturias","twitter:card":"summary_large_image","twitter:title":"El Ayuntamiento de Oviedo subraya su compromiso de mantener la plantilla - El Digital de Asturias","twitter:description":"Oviedo, 28 nov (EFE).- El concejal de Personal de Oviedo, Gerardo Antu\u00f1a, ha reafirmado &quot;plenamente el compromiso&quot; del equipo de gobierno de &quot;mantener el empleo actual hasta el mayor l\u00edmite que sea posible&quot; en la nueva relaci\u00f3n de puestos de trabajo (RPT) que est\u00e1 negociando con los sindicatos. Tras una nueva reuni\u00f3n, Antu\u00f1a ha asegurado","twitter:image":"https:\/\/www.eldigitaldeasturias.com\/noticias\/wp-content\/uploads\/2026\/06\/Contenidos.jpg","twitter:label1":"Escrito por","twitter:data1":"El Digital de Asturias","twitter:label2":"Tiempo de lectura estimado","twitter:data2":"2 minutos"},"aioseo_meta_data":{"post_id":"455480","title":null,"description":null,"keywords":null,"keyphrases":null,"primary_term":null,"canonical_url":null,"og_title":null,"og_description":null,"og_object_type":"default","og_image_type":"default","og_image_url":null,"og_image_width":null,"og_image_height":null,"og_image_custom_url":null,"og_image_custom_fields":null,"og_video":null,"og_custom_url":null,"og_article_section":null,"og_article_tags":null,"twitter_use_og":true,"twitter_card":"default","twitter_image_type":"default","twitter_image_url":null,"twitter_image_custom_url":null,"twitter_image_custom_fields":null,"twitter_title":null,"twitter_description":null,"schema":{"blockGraphs":[],"customGraphs":[],"default":{"data":{"Article":[],"Course":[],"Dataset":[],"FAQPage":[],"Movie":[],"Person":[],"Product":[],"ProductReview":[],"Car":[],"Recipe":[],"Service":[],"SoftwareApplication":[],"WebPage":[]},"graphName":"","isEnabled":true},"graphs":[],"defaultGraph":"","defaultPostTypeGraph":""},"schema_type":null,"schema_type_options":null,"pillar_content":false,"robots_default":true,"robots_noindex":false,"robots_noarchive":false,"robots_nosnippet":false,"robots_nofollow":false,"robots_noimageindex":false,"robots_noodp":false,"robots_notranslate":false,"robots_max_snippet":null,"robots_max_videopreview":null,"robots_max_imagepreview":"none","priority":null,"frequency":null,"local_seo":null,"seo_analyzer_scan_date":"2026-05-29 18:28:37","breadcrumb_settings":null,"limit_modified_date":false,"open_ai":null,"ai":null,"created":"2020-11-14 22:45:20","updated":"2026-05-29 18:28:37","focus_keyword":null,"additional_keywords":null,"truseo_locale":null},"aioseo_breadcrumb":"<div class=\"aioseo-breadcrumbs\"><span class=\"aioseo-breadcrumb\">\n\t<a href=\"https:\/\/www.eldigitaldeasturias.com\/noticias\" title=\"Home\">Home<\/a>\n<\/span><span class=\"aioseo-breadcrumb-separator\">\u2013<\/span><span class=\"aioseo-breadcrumb\">\n\t<a href=\"https:\/\/www.eldigitaldeasturias.com\/noticias\/category\/actualidad-asturias\/\" title=\"Actualidad Asturias\">Actualidad Asturias<\/a>\n<\/span><span class=\"aioseo-breadcrumb-separator\">\u2013<\/span><span class=\"aioseo-breadcrumb\">\n\t<a href=\"https:\/\/www.eldigitaldeasturias.com\/noticias\/el-ayuntamiento-de-oviedo-subraya-su-compromiso-de-mantener-la-plantilla\/\" title=\"El Ayuntamiento de Oviedo subraya su compromiso de mantener la plantilla\">El Ayuntamiento de Oviedo subraya su compromiso de mantener la plantilla<\/a>\n<\/span><\/div>","aioseo_breadcrumb_json":[{"label":"Home","link":"https:\/\/www.eldigitaldeasturias.com\/noticias"},{"label":"Actualidad Asturias","link":"https:\/\/www.eldigitaldeasturias.com\/noticias\/category\/actualidad-asturias\/"},{"label":"El Ayuntamiento de Oviedo subraya su compromiso de mantener la plantilla","link":"https:\/\/www.eldigitaldeasturias.com\/noticias\/el-ayuntamiento-de-oviedo-subraya-su-compromiso-de-mantener-la-plantilla\/"}],"_links":{"self":[{"href":"https:\/\/www.eldigitaldeasturias.com\/noticias\/wp-json\/wp\/v2\/posts\/455480","targetHints":{"allow":["GET"]}}],"collection":[{"href":"https:\/\/www.eldigitaldeasturias.com\/noticias\/wp-json\/wp\/v2\/posts"}],"about":[{"href":"https:\/\/www.eldigitaldeasturias.com\/noticias\/wp-json\/wp\/v2\/types\/post"}],"author":[{"embeddable":true,"href":"https:\/\/www.eldigitaldeasturias.com\/noticias\/wp-json\/wp\/v2\/users\/1"}],"replies":[{"embeddable":true,"href":"https:\/\/www.eldigitaldeasturias.com\/noticias\/wp-json\/wp\/v2\/comments?post=455480"}],"version-history":[{"count":0,"href":"https:\/\/www.eldigitaldeasturias.com\/noticias\/wp-json\/wp\/v2\/posts\/455480\/revisions"}],"wp:featuredmedia":[{"embeddable":true,"href":"https:\/\/www.eldigitaldeasturias.com\/noticias\/wp-json\/wp\/v2\/media\/1132184"}],"wp:attachment":[{"href":"https:\/\/www.eldigitaldeasturias.com\/noticias\/wp-json\/wp\/v2\/media?parent=455480"}],"wp:term":[{"taxonomy":"category","embeddable":true,"href":"https:\/\/www.eldigitaldeasturias.com\/noticias\/wp-json\/wp\/v2\/categories?post=455480"},{"taxonomy":"post_tag","embeddable":true,"href":"https:\/\/www.eldigitaldeasturias.com\/noticias\/wp-json\/wp\/v2\/tags?post=455480"}],"curies":[{"name":"wp","href":"https:\/\/api.w.org\/{rel}","templated":true}]}}