{"id":455465,"date":"2013-11-28T20:36:35","date_gmt":"2013-11-28T21:36:35","guid":{"rendered":"http:\/\/www.eldigitaldeasturias.com\/noticias\/?p=455465"},"modified":"2013-11-28T20:36:35","modified_gmt":"2013-11-28T21:36:35","slug":"detenido-cancelinas-el-segundo-secuestrador-de-un-medico-portugues","status":"publish","type":"post","link":"https:\/\/www.eldigitaldeasturias.com\/noticias\/detenido-cancelinas-el-segundo-secuestrador-de-un-medico-portugues\/","title":{"rendered":"Detenido \u00abCanceli\u00f1as\u00bb, el segundo secuestrador de un m\u00e9dico portugu\u00e9s"},"content":{"rendered":"<p><img loading=\"lazy\" decoding=\"async\" class=\"alignleft size-medium wp-image-455466\" alt=\"5759857w\" src=\"https:\/\/www.eldigitaldeasturias.com\/noticias\/wp-content\/uploads\/2013\/11\/5759857w-360x238.jpg\" width=\"360\" height=\"238\" \/>Vigo, 28 nov (EFE).- La Polic\u00eda Nacional ha detenido hoy a Saturnino Marcos Cerezo, alias \u00abCanceli\u00f1as\u00bb, un peligroso delincuente con un amplio historial en su haber, como sospechoso de haber participado, con la ayuda de un ciudadano luso, ya arrestado hace dos semanas, en el secuestro de un m\u00e9dico de Portugal.<\/p>\n<p>Fuentes de la investigaci\u00f3n han confirmado a Efe que la detenci\u00f3n de \u00abCanceli\u00f1as\u00bb ha tenido lugar en Redondela, municipio lim\u00edtrofe a Vigo, sobre las 14.30 horas, cuando el sospechoso transitaba por la calle.<\/p>\n<p>Precisamente en Redondela, los presuntos secuestradores del m\u00e9dico portugu\u00e9s Antonio Veloso hab\u00edan dejado abandonado el coche de alta gama de su propiedad horas despu\u00e9s de liberarlo en un monte cercano a la parroquia de Padr\u00f3ns, en Ponteareas.<\/p>\n<p>\u00abCanceli\u00f1as\u00bb, que fue conducido de inmediato a la comisar\u00eda de la Polic\u00eda Nacional en Vigo, ser\u00e1 trasladado en breve a la comandancia de la Guardia Civil en Pontevedra, ya que ha sido este cuerpo el que ha llevado la investigaci\u00f3n, antes de pasar a disposici\u00f3n judicial.<\/p>\n<p>El otro sospechoso de haber participado en el secuestro del m\u00e9dico portugu\u00e9s es \u00c1lvaro Miguel dos Santos Barbosa, quien ingres\u00f3 en la c\u00e1rcel de A Lama (Pontevedra) tras prestar declaraci\u00f3n en los juzgados de Porri\u00f1o el pasado d\u00eda 14.<\/p>\n<p>Se le imputan un delito de robo con violencia en casa habitada, con uso de arma, en grado de tentativa; un delito de lesiones con arma; uno de robo y uso de veh\u00edculo; uno de detenci\u00f3n ilegal y tres delitos de robo con intimidaci\u00f3n.<\/p>\n<p>Su detenci\u00f3n se produjo el d\u00eda 13 en Vigo cuando conduc\u00eda un Ford Fiesta rojo al que la Guardia Civil ven\u00eda haciendo un seguimiento en Tui.<\/p>\n<p>Desde el secuestro del m\u00e9dico hasta hoy han transcurrido 20 d\u00edas, en los que ha permanecido activo un operativo de b\u00fasqueda centrado entre el sur de la provincia de Pontevedra y el norte de Portugal.<\/p>\n<p>La Guardia Civil le segu\u00eda la pista a \u00abCanceli\u00f1as\u00bb y Barbosa a ra\u00edz de los atracos a mano armada casi consecutivos en sendas gasolineras de Tui y Tomi\u00f1o que les atribuye a ambos.<\/p>\n<p>Su b\u00fasqueda se intensific\u00f3 a ra\u00edz del secuestro del m\u00e9dico Antonio Veloso, a quien abordaron en el aparcamiento de un supermercado de la localidad lusa de Arcos de Valdevez, a 30 kil\u00f3metros de la l\u00ednea divisoria con Galicia.<\/p>\n<p>Al otro lado de la frontera, la Guardia Civil localiz\u00f3 el veh\u00edculo del m\u00e9dico con tres ocupantes dentro en la gasolinera del pol\u00edgono industrial de A Granxa, en O Porri\u00f1o, y comenz\u00f3 una persecuci\u00f3n que concluy\u00f3 en las inmediaciones del monte Aloia, cuando se produjo el \u00faltimo contacto visual.<\/p>\n<p>Sin embargo, el amplio dispositivo formado por varias patrullas, con el apoyo desde el aire de un helic\u00f3ptero de la Guardia Civil, no dio resultados, ya que los secuestradores burlaron el cerco que hab\u00edan formado.<\/p>\n<p>Casualmente, casi a la misma hora que era detenido hoy Canceli\u00f1as, la Polic\u00eda Nacional ha arrestado a un atracador con numerosos antecedentes cuando intentaba dar un golpe, con la ayuda de una hija suya, en una farmacia en la avenida de Madrid, en Vigo.<\/p>\n","protected":false},"excerpt":{"rendered":"<p>Vigo, 28 nov (EFE).- La Polic\u00eda Nacional ha detenido hoy a Saturnino Marcos Cerezo, alias \u00abCanceli\u00f1as\u00bb, un peligroso delincuente con un amplio historial en su haber, como sospechoso de haber participado, con la ayuda de un ciudadano luso, ya arrestado hace dos semanas, en el secuestro de un m\u00e9dico de Portugal. Fuentes de la investigaci\u00f3n [&hellip;]<\/p>\n","protected":false},"author":1,"featured_media":455466,"comment_status":"open","ping_status":"open","sticky":false,"template":"","format":"standard","meta":{"footnotes":""},"categories":[5],"tags":[],"class_list":["post-455465","post","type-post","status-publish","format-standard","has-post-thumbnail","hentry","category-sucesos"],"aioseo_notices":[],"aioseo_head":"\n\t\t<!-- All in One SEO Pro 5.0.1 - aioseo.com -->\n\t<meta name=\"description\" content=\"Vigo, 28 nov (EFE).- La Polic\u00eda Nacional ha detenido hoy a Saturnino Marcos Cerezo, alias &quot;Canceli\u00f1as&quot;, un peligroso delincuente con un amplio historial en su haber, como sospechoso de haber participado, con la ayuda de un ciudadano luso, ya arrestado hace dos semanas, en el secuestro de un m\u00e9dico de Portugal. Fuentes de la investigaci\u00f3n\" \/>\n\t<meta name=\"robots\" content=\"max-image-preview:large\" \/>\n\t<meta name=\"author\" content=\"El Digital de Asturias\"\/>\n\t<meta name=\"google-site-verification\" content=\"UA-38556648-1\" \/>\n\t<meta name=\"msvalidate.01\" content=\"7dfe9f3f1b24437ab69f4f2559babe99\" \/>\n\t<meta name=\"keywords\" content=\"sucesos\" \/>\n\t<link rel=\"canonical\" href=\"https:\/\/www.eldigitaldeasturias.com\/noticias\/detenido-cancelinas-el-segundo-secuestrador-de-un-medico-portugues\/\" \/>\n\t<meta name=\"generator\" content=\"All in One SEO Pro (AIOSEO) 5.0.1\" \/>\n\t\t<meta property=\"og:locale\" content=\"es_ES\" \/>\n\t\t<meta property=\"og:site_name\" content=\"El Digital de Asturias\" \/>\n\t\t<meta property=\"og:type\" content=\"article\" \/>\n\t\t<meta property=\"og:title\" content=\"Detenido \u00abCanceli\u00f1as\u00bb, el segundo secuestrador de un m\u00e9dico portugu\u00e9s - El Digital de Asturias\" \/>\n\t\t<meta property=\"og:description\" content=\"Vigo, 28 nov (EFE).- La Polic\u00eda Nacional ha detenido hoy a Saturnino Marcos Cerezo, alias &quot;Canceli\u00f1as&quot;, un peligroso delincuente con un amplio historial en su haber, como sospechoso de haber participado, con la ayuda de un ciudadano luso, ya arrestado hace dos semanas, en el secuestro de un m\u00e9dico de Portugal. Fuentes de la investigaci\u00f3n\" \/>\n\t\t<meta property=\"og:url\" content=\"https:\/\/www.eldigitaldeasturias.com\/noticias\/detenido-cancelinas-el-segundo-secuestrador-de-un-medico-portugues\/\" \/>\n\t\t<meta property=\"article:tag\" content=\"sucesos\" \/>\n\t\t<meta property=\"article:published_time\" content=\"2013-11-28T21:36:35+00:00\" \/>\n\t\t<meta property=\"article:modified_time\" content=\"2013-11-28T21:36:35+00:00\" \/>\n\t\t<meta property=\"article:publisher\" content=\"https:\/\/facebook.com\/eldigitaldeasturias\" \/>\n\t\t<meta name=\"twitter:card\" content=\"summary_large_image\" \/>\n\t\t<meta name=\"twitter:title\" content=\"Detenido \u00abCanceli\u00f1as\u00bb, el segundo secuestrador de un m\u00e9dico portugu\u00e9s - El Digital de Asturias\" \/>\n\t\t<meta name=\"twitter:description\" content=\"Vigo, 28 nov (EFE).- La Polic\u00eda Nacional ha detenido hoy a Saturnino Marcos Cerezo, alias &quot;Canceli\u00f1as&quot;, un peligroso delincuente con un amplio historial en su haber, como sospechoso de haber participado, con la ayuda de un ciudadano luso, ya arrestado hace dos semanas, en el secuestro de un m\u00e9dico de Portugal. Fuentes de la investigaci\u00f3n\" \/>\n\t\t<meta name=\"twitter:label1\" content=\"Escrito por\" \/>\n\t\t<meta name=\"twitter:data1\" content=\"El Digital de Asturias\" \/>\n\t\t<meta name=\"twitter:label2\" content=\"Tiempo de lectura estimado\" \/>\n\t\t<meta name=\"twitter:data2\" content=\"3 minutos\" \/>\n\t\t<script type=\"application\/ld+json\" class=\"aioseo-schema\">\n\t\t\t{\"@context\":\"https:\\\/\\\/schema.org\",\"@graph\":[{\"@type\":\"BlogPosting\",\"@id\":\"https:\\\/\\\/www.eldigitaldeasturias.com\\\/noticias\\\/detenido-cancelinas-el-segundo-secuestrador-de-un-medico-portugues\\\/#blogposting\",\"name\":\"Detenido \\u00abCanceli\\u00f1as\\u00bb, el segundo secuestrador de un m\\u00e9dico portugu\\u00e9s - El Digital de Asturias\",\"headline\":\"Detenido \\u00abCanceli\\u00f1as\\u00bb, el segundo secuestrador de un m\\u00e9dico portugu\\u00e9s\",\"author\":{\"@id\":\"https:\\\/\\\/www.eldigitaldeasturias.com\\\/noticias\\\/author\\\/admin\\\/#author\"},\"publisher\":{\"@id\":\"https:\\\/\\\/www.eldigitaldeasturias.com\\\/noticias\\\/#organization\"},\"image\":{\"@type\":\"ImageObject\",\"url\":455466},\"datePublished\":\"2013-11-28T20:36:35+01:00\",\"dateModified\":\"2013-11-28T20:36:35+01:00\",\"inLanguage\":\"es-ES\",\"mainEntityOfPage\":{\"@id\":\"https:\\\/\\\/www.eldigitaldeasturias.com\\\/noticias\\\/detenido-cancelinas-el-segundo-secuestrador-de-un-medico-portugues\\\/#webpage\"},\"isPartOf\":{\"@id\":\"https:\\\/\\\/www.eldigitaldeasturias.com\\\/noticias\\\/detenido-cancelinas-el-segundo-secuestrador-de-un-medico-portugues\\\/#webpage\"},\"articleSection\":\"Sucesos\"},{\"@type\":\"BreadcrumbList\",\"@id\":\"https:\\\/\\\/www.eldigitaldeasturias.com\\\/noticias\\\/detenido-cancelinas-el-segundo-secuestrador-de-un-medico-portugues\\\/#breadcrumblist\",\"itemListElement\":[{\"@type\":\"ListItem\",\"@id\":\"https:\\\/\\\/www.eldigitaldeasturias.com\\\/noticias#listItem\",\"position\":1,\"name\":\"Home\",\"item\":\"https:\\\/\\\/www.eldigitaldeasturias.com\\\/noticias\",\"nextItem\":{\"@type\":\"ListItem\",\"@id\":\"https:\\\/\\\/www.eldigitaldeasturias.com\\\/noticias\\\/category\\\/sucesos\\\/#listItem\",\"name\":\"Sucesos\"}},{\"@type\":\"ListItem\",\"@id\":\"https:\\\/\\\/www.eldigitaldeasturias.com\\\/noticias\\\/category\\\/sucesos\\\/#listItem\",\"position\":2,\"name\":\"Sucesos\",\"item\":\"https:\\\/\\\/www.eldigitaldeasturias.com\\\/noticias\\\/category\\\/sucesos\\\/\",\"nextItem\":{\"@type\":\"ListItem\",\"@id\":\"https:\\\/\\\/www.eldigitaldeasturias.com\\\/noticias\\\/detenido-cancelinas-el-segundo-secuestrador-de-un-medico-portugues\\\/#listItem\",\"name\":\"Detenido \\u00abCanceli\\u00f1as\\u00bb, el segundo secuestrador de un m\\u00e9dico portugu\\u00e9s\"},\"previousItem\":{\"@type\":\"ListItem\",\"@id\":\"https:\\\/\\\/www.eldigitaldeasturias.com\\\/noticias#listItem\",\"name\":\"Home\"}},{\"@type\":\"ListItem\",\"@id\":\"https:\\\/\\\/www.eldigitaldeasturias.com\\\/noticias\\\/detenido-cancelinas-el-segundo-secuestrador-de-un-medico-portugues\\\/#listItem\",\"position\":3,\"name\":\"Detenido \\u00abCanceli\\u00f1as\\u00bb, el segundo secuestrador de un m\\u00e9dico portugu\\u00e9s\",\"previousItem\":{\"@type\":\"ListItem\",\"@id\":\"https:\\\/\\\/www.eldigitaldeasturias.com\\\/noticias\\\/category\\\/sucesos\\\/#listItem\",\"name\":\"Sucesos\"}}]},{\"@type\":\"Organization\",\"@id\":\"https:\\\/\\\/www.eldigitaldeasturias.com\\\/noticias\\\/#organization\",\"name\":\"El Digital de Asturias\",\"description\":\"Hemeroteca\",\"url\":\"https:\\\/\\\/www.eldigitaldeasturias.com\\\/noticias\\\/\",\"email\":\"info@eldigitaldeasturias.com\",\"telephone\":\"+34652131393\",\"logo\":{\"@type\":\"ImageObject\",\"url\":\"https:\\\/\\\/www.eldigitaldeasturias.com\\\/noticias\\\/wp-content\\\/uploads\\\/2020\\\/12\\\/EDA.jpg\",\"@id\":\"https:\\\/\\\/www.eldigitaldeasturias.com\\\/noticias\\\/detenido-cancelinas-el-segundo-secuestrador-de-un-medico-portugues\\\/#organizationLogo\"},\"image\":{\"@id\":\"https:\\\/\\\/www.eldigitaldeasturias.com\\\/noticias\\\/detenido-cancelinas-el-segundo-secuestrador-de-un-medico-portugues\\\/#organizationLogo\"},\"sameAs\":[\"https:\\\/\\\/facebook.com\\\/eldigitaldeasturias\",\"https:\\\/\\\/www.youtube.com\\\/channel\\\/UCZP-2wLEB9Rv6erhFmqVnvg\"],\"address\":{\"@id\":\"https:\\\/\\\/www.eldigitaldeasturias.com\\\/noticias\\\/#postaladdress\",\"@type\":\"PostalAddress\",\"streetAddress\":\"san antonio 4\",\"postalCode\":\"33430\",\"addressLocality\":\"Cand\\u00e1s\",\"addressRegion\":\"Asturias\",\"addressCountry\":\"ES\"}},{\"@type\":\"Person\",\"@id\":\"https:\\\/\\\/www.eldigitaldeasturias.com\\\/noticias\\\/author\\\/admin\\\/#author\",\"url\":\"https:\\\/\\\/www.eldigitaldeasturias.com\\\/noticias\\\/author\\\/admin\\\/\",\"name\":\"El Digital de Asturias\",\"image\":{\"@type\":\"ImageObject\",\"@id\":\"https:\\\/\\\/www.eldigitaldeasturias.com\\\/noticias\\\/detenido-cancelinas-el-segundo-secuestrador-de-un-medico-portugues\\\/#authorImage\",\"url\":\"https:\\\/\\\/secure.gravatar.com\\\/avatar\\\/df2aeffc32bcd13f8d26072ef8a91b623d677766deac7f97ca815868cd41bf5e?s=96&d=mm&r=g\",\"width\":96,\"height\":96,\"caption\":\"El Digital de Asturias\"}},{\"@type\":\"WebPage\",\"@id\":\"https:\\\/\\\/www.eldigitaldeasturias.com\\\/noticias\\\/detenido-cancelinas-el-segundo-secuestrador-de-un-medico-portugues\\\/#webpage\",\"url\":\"https:\\\/\\\/www.eldigitaldeasturias.com\\\/noticias\\\/detenido-cancelinas-el-segundo-secuestrador-de-un-medico-portugues\\\/\",\"name\":\"Detenido \\u00abCanceli\\u00f1as\\u00bb, el segundo secuestrador de un m\\u00e9dico portugu\\u00e9s - El Digital de Asturias\",\"description\":\"Vigo, 28 nov (EFE).- La Polic\\u00eda Nacional ha detenido hoy a Saturnino Marcos Cerezo, alias \\\"Canceli\\u00f1as\\\", un peligroso delincuente con un amplio historial en su haber, como sospechoso de haber participado, con la ayuda de un ciudadano luso, ya arrestado hace dos semanas, en el secuestro de un m\\u00e9dico de Portugal. Fuentes de la investigaci\\u00f3n\",\"inLanguage\":\"es-ES\",\"isPartOf\":{\"@id\":\"https:\\\/\\\/www.eldigitaldeasturias.com\\\/noticias\\\/#website\"},\"breadcrumb\":{\"@id\":\"https:\\\/\\\/www.eldigitaldeasturias.com\\\/noticias\\\/detenido-cancelinas-el-segundo-secuestrador-de-un-medico-portugues\\\/#breadcrumblist\"},\"author\":{\"@id\":\"https:\\\/\\\/www.eldigitaldeasturias.com\\\/noticias\\\/author\\\/admin\\\/#author\"},\"creator\":{\"@id\":\"https:\\\/\\\/www.eldigitaldeasturias.com\\\/noticias\\\/author\\\/admin\\\/#author\"},\"image\":{\"@type\":\"ImageObject\",\"url\":455466,\"@id\":\"https:\\\/\\\/www.eldigitaldeasturias.com\\\/noticias\\\/detenido-cancelinas-el-segundo-secuestrador-de-un-medico-portugues\\\/#mainImage\"},\"primaryImageOfPage\":{\"@id\":\"https:\\\/\\\/www.eldigitaldeasturias.com\\\/noticias\\\/detenido-cancelinas-el-segundo-secuestrador-de-un-medico-portugues\\\/#mainImage\"},\"datePublished\":\"2013-11-28T20:36:35+01:00\",\"dateModified\":\"2013-11-28T20:36:35+01:00\"},{\"@type\":\"WebSite\",\"@id\":\"https:\\\/\\\/www.eldigitaldeasturias.com\\\/noticias\\\/#website\",\"url\":\"https:\\\/\\\/www.eldigitaldeasturias.com\\\/noticias\\\/\",\"name\":\"El Digital de Asturias - Diario de actualidad y noticias\",\"alternateName\":\"El Digital de Asturias - Diario de actualidad y noticias\",\"description\":\"Hemeroteca\",\"inLanguage\":\"es-ES\",\"publisher\":{\"@id\":\"https:\\\/\\\/www.eldigitaldeasturias.com\\\/noticias\\\/#organization\"}}]}\n\t\t<\/script>\n\t\t<!-- All in One SEO Pro -->\r\n\t\t<title>Detenido \u00abCanceli\u00f1as\u00bb, el segundo secuestrador de un m\u00e9dico portugu\u00e9s - El Digital de Asturias<\/title>\n\n","aioseo_head_json":{"title":"Detenido \u00abCanceli\u00f1as\u00bb, el segundo secuestrador de un m\u00e9dico portugu\u00e9s - El Digital de Asturias","description":"Vigo, 28 nov (EFE).- La Polic\u00eda Nacional ha detenido hoy a Saturnino Marcos Cerezo, alias \"Canceli\u00f1as\", un peligroso delincuente con un amplio historial en su haber, como sospechoso de haber participado, con la ayuda de un ciudadano luso, ya arrestado hace dos semanas, en el secuestro de un m\u00e9dico de Portugal. Fuentes de la investigaci\u00f3n","canonical_url":"https:\/\/www.eldigitaldeasturias.com\/noticias\/detenido-cancelinas-el-segundo-secuestrador-de-un-medico-portugues\/","robots":"max-image-preview:large","keywords":"sucesos","webmasterTools":{"google-site-verification":"UA-38556648-1","msvalidate.01":"7dfe9f3f1b24437ab69f4f2559babe99","miscellaneous":""},"schema":{"@context":"https:\/\/schema.org","@graph":[{"@type":"BlogPosting","@id":"https:\/\/www.eldigitaldeasturias.com\/noticias\/detenido-cancelinas-el-segundo-secuestrador-de-un-medico-portugues\/#blogposting","name":"Detenido \u00abCanceli\u00f1as\u00bb, el segundo secuestrador de un m\u00e9dico portugu\u00e9s - El Digital de Asturias","headline":"Detenido \u00abCanceli\u00f1as\u00bb, el segundo secuestrador de un m\u00e9dico portugu\u00e9s","author":{"@id":"https:\/\/www.eldigitaldeasturias.com\/noticias\/author\/admin\/#author"},"publisher":{"@id":"https:\/\/www.eldigitaldeasturias.com\/noticias\/#organization"},"image":{"@type":"ImageObject","url":455466},"datePublished":"2013-11-28T20:36:35+01:00","dateModified":"2013-11-28T20:36:35+01:00","inLanguage":"es-ES","mainEntityOfPage":{"@id":"https:\/\/www.eldigitaldeasturias.com\/noticias\/detenido-cancelinas-el-segundo-secuestrador-de-un-medico-portugues\/#webpage"},"isPartOf":{"@id":"https:\/\/www.eldigitaldeasturias.com\/noticias\/detenido-cancelinas-el-segundo-secuestrador-de-un-medico-portugues\/#webpage"},"articleSection":"Sucesos"},{"@type":"BreadcrumbList","@id":"https:\/\/www.eldigitaldeasturias.com\/noticias\/detenido-cancelinas-el-segundo-secuestrador-de-un-medico-portugues\/#breadcrumblist","itemListElement":[{"@type":"ListItem","@id":"https:\/\/www.eldigitaldeasturias.com\/noticias#listItem","position":1,"name":"Home","item":"https:\/\/www.eldigitaldeasturias.com\/noticias","nextItem":{"@type":"ListItem","@id":"https:\/\/www.eldigitaldeasturias.com\/noticias\/category\/sucesos\/#listItem","name":"Sucesos"}},{"@type":"ListItem","@id":"https:\/\/www.eldigitaldeasturias.com\/noticias\/category\/sucesos\/#listItem","position":2,"name":"Sucesos","item":"https:\/\/www.eldigitaldeasturias.com\/noticias\/category\/sucesos\/","nextItem":{"@type":"ListItem","@id":"https:\/\/www.eldigitaldeasturias.com\/noticias\/detenido-cancelinas-el-segundo-secuestrador-de-un-medico-portugues\/#listItem","name":"Detenido \u00abCanceli\u00f1as\u00bb, el segundo secuestrador de un m\u00e9dico portugu\u00e9s"},"previousItem":{"@type":"ListItem","@id":"https:\/\/www.eldigitaldeasturias.com\/noticias#listItem","name":"Home"}},{"@type":"ListItem","@id":"https:\/\/www.eldigitaldeasturias.com\/noticias\/detenido-cancelinas-el-segundo-secuestrador-de-un-medico-portugues\/#listItem","position":3,"name":"Detenido \u00abCanceli\u00f1as\u00bb, el segundo secuestrador de un m\u00e9dico portugu\u00e9s","previousItem":{"@type":"ListItem","@id":"https:\/\/www.eldigitaldeasturias.com\/noticias\/category\/sucesos\/#listItem","name":"Sucesos"}}]},{"@type":"Organization","@id":"https:\/\/www.eldigitaldeasturias.com\/noticias\/#organization","name":"El Digital de Asturias","description":"Hemeroteca","url":"https:\/\/www.eldigitaldeasturias.com\/noticias\/","email":"info@eldigitaldeasturias.com","telephone":"+34652131393","logo":{"@type":"ImageObject","url":"https:\/\/www.eldigitaldeasturias.com\/noticias\/wp-content\/uploads\/2020\/12\/EDA.jpg","@id":"https:\/\/www.eldigitaldeasturias.com\/noticias\/detenido-cancelinas-el-segundo-secuestrador-de-un-medico-portugues\/#organizationLogo"},"image":{"@id":"https:\/\/www.eldigitaldeasturias.com\/noticias\/detenido-cancelinas-el-segundo-secuestrador-de-un-medico-portugues\/#organizationLogo"},"sameAs":["https:\/\/facebook.com\/eldigitaldeasturias","https:\/\/www.youtube.com\/channel\/UCZP-2wLEB9Rv6erhFmqVnvg"],"address":{"@id":"https:\/\/www.eldigitaldeasturias.com\/noticias\/#postaladdress","@type":"PostalAddress","streetAddress":"san antonio 4","postalCode":"33430","addressLocality":"Cand\u00e1s","addressRegion":"Asturias","addressCountry":"ES"}},{"@type":"Person","@id":"https:\/\/www.eldigitaldeasturias.com\/noticias\/author\/admin\/#author","url":"https:\/\/www.eldigitaldeasturias.com\/noticias\/author\/admin\/","name":"El Digital de Asturias","image":{"@type":"ImageObject","@id":"https:\/\/www.eldigitaldeasturias.com\/noticias\/detenido-cancelinas-el-segundo-secuestrador-de-un-medico-portugues\/#authorImage","url":"https:\/\/secure.gravatar.com\/avatar\/df2aeffc32bcd13f8d26072ef8a91b623d677766deac7f97ca815868cd41bf5e?s=96&d=mm&r=g","width":96,"height":96,"caption":"El Digital de Asturias"}},{"@type":"WebPage","@id":"https:\/\/www.eldigitaldeasturias.com\/noticias\/detenido-cancelinas-el-segundo-secuestrador-de-un-medico-portugues\/#webpage","url":"https:\/\/www.eldigitaldeasturias.com\/noticias\/detenido-cancelinas-el-segundo-secuestrador-de-un-medico-portugues\/","name":"Detenido \u00abCanceli\u00f1as\u00bb, el segundo secuestrador de un m\u00e9dico portugu\u00e9s - El Digital de Asturias","description":"Vigo, 28 nov (EFE).- La Polic\u00eda Nacional ha detenido hoy a Saturnino Marcos Cerezo, alias \"Canceli\u00f1as\", un peligroso delincuente con un amplio historial en su haber, como sospechoso de haber participado, con la ayuda de un ciudadano luso, ya arrestado hace dos semanas, en el secuestro de un m\u00e9dico de Portugal. Fuentes de la investigaci\u00f3n","inLanguage":"es-ES","isPartOf":{"@id":"https:\/\/www.eldigitaldeasturias.com\/noticias\/#website"},"breadcrumb":{"@id":"https:\/\/www.eldigitaldeasturias.com\/noticias\/detenido-cancelinas-el-segundo-secuestrador-de-un-medico-portugues\/#breadcrumblist"},"author":{"@id":"https:\/\/www.eldigitaldeasturias.com\/noticias\/author\/admin\/#author"},"creator":{"@id":"https:\/\/www.eldigitaldeasturias.com\/noticias\/author\/admin\/#author"},"image":{"@type":"ImageObject","url":455466,"@id":"https:\/\/www.eldigitaldeasturias.com\/noticias\/detenido-cancelinas-el-segundo-secuestrador-de-un-medico-portugues\/#mainImage"},"primaryImageOfPage":{"@id":"https:\/\/www.eldigitaldeasturias.com\/noticias\/detenido-cancelinas-el-segundo-secuestrador-de-un-medico-portugues\/#mainImage"},"datePublished":"2013-11-28T20:36:35+01:00","dateModified":"2013-11-28T20:36:35+01:00"},{"@type":"WebSite","@id":"https:\/\/www.eldigitaldeasturias.com\/noticias\/#website","url":"https:\/\/www.eldigitaldeasturias.com\/noticias\/","name":"El Digital de Asturias - Diario de actualidad y noticias","alternateName":"El Digital de Asturias - Diario de actualidad y noticias","description":"Hemeroteca","inLanguage":"es-ES","publisher":{"@id":"https:\/\/www.eldigitaldeasturias.com\/noticias\/#organization"}}]},"og:locale":"es_ES","og:site_name":"El Digital de Asturias","og:type":"article","og:title":"Detenido \u00abCanceli\u00f1as\u00bb, el segundo secuestrador de un m\u00e9dico portugu\u00e9s - El Digital de Asturias","og:description":"Vigo, 28 nov (EFE).- La Polic\u00eda Nacional ha detenido hoy a Saturnino Marcos Cerezo, alias &quot;Canceli\u00f1as&quot;, un peligroso delincuente con un amplio historial en su haber, como sospechoso de haber participado, con la ayuda de un ciudadano luso, ya arrestado hace dos semanas, en el secuestro de un m\u00e9dico de Portugal. Fuentes de la investigaci\u00f3n","og:url":"https:\/\/www.eldigitaldeasturias.com\/noticias\/detenido-cancelinas-el-segundo-secuestrador-de-un-medico-portugues\/","article:tag":["sucesos"],"article:published_time":"2013-11-28T21:36:35+00:00","article:modified_time":"2013-11-28T21:36:35+00:00","article:publisher":"https:\/\/facebook.com\/eldigitaldeasturias","twitter:card":"summary_large_image","twitter:title":"Detenido \u00abCanceli\u00f1as\u00bb, el segundo secuestrador de un m\u00e9dico portugu\u00e9s - El Digital de Asturias","twitter:description":"Vigo, 28 nov (EFE).- La Polic\u00eda Nacional ha detenido hoy a Saturnino Marcos Cerezo, alias &quot;Canceli\u00f1as&quot;, un peligroso delincuente con un amplio historial en su haber, como sospechoso de haber participado, con la ayuda de un ciudadano luso, ya arrestado hace dos semanas, en el secuestro de un m\u00e9dico de Portugal. Fuentes de la investigaci\u00f3n","twitter:label1":"Escrito por","twitter:data1":"El Digital de Asturias","twitter:label2":"Tiempo de lectura estimado","twitter:data2":"3 minutos"},"aioseo_meta_data":{"post_id":"455465","title":null,"description":null,"keywords":null,"keyphrases":null,"primary_term":null,"canonical_url":null,"og_title":null,"og_description":null,"og_object_type":"default","og_image_type":"default","og_image_url":null,"og_image_width":null,"og_image_height":null,"og_image_custom_url":null,"og_image_custom_fields":null,"og_video":null,"og_custom_url":null,"og_article_section":null,"og_article_tags":null,"twitter_use_og":true,"twitter_card":"default","twitter_image_type":"default","twitter_image_url":null,"twitter_image_custom_url":null,"twitter_image_custom_fields":null,"twitter_title":null,"twitter_description":null,"schema":{"blockGraphs":[],"customGraphs":[],"default":{"data":{"Article":[],"Course":[],"Dataset":[],"FAQPage":[],"Movie":[],"Person":[],"Product":[],"ProductReview":[],"Car":[],"Recipe":[],"Service":[],"SoftwareApplication":[],"WebPage":[]},"graphName":"","isEnabled":true},"graphs":[],"defaultGraph":"","defaultPostTypeGraph":""},"schema_type":null,"schema_type_options":null,"pillar_content":false,"robots_default":true,"robots_noindex":false,"robots_noarchive":false,"robots_nosnippet":false,"robots_nofollow":false,"robots_noimageindex":false,"robots_noodp":false,"robots_notranslate":false,"robots_max_snippet":null,"robots_max_videopreview":null,"robots_max_imagepreview":"none","priority":null,"frequency":null,"local_seo":null,"seo_analyzer_scan_date":"2026-05-29 18:26:44","breadcrumb_settings":null,"limit_modified_date":false,"open_ai":null,"ai":null,"created":"2020-11-14 22:45:19","updated":"2026-05-29 18:26:44","focus_keyword":null,"additional_keywords":null,"truseo_locale":null},"aioseo_breadcrumb":"<div class=\"aioseo-breadcrumbs\"><span class=\"aioseo-breadcrumb\">\n\t<a href=\"https:\/\/www.eldigitaldeasturias.com\/noticias\" title=\"Home\">Home<\/a>\n<\/span><span class=\"aioseo-breadcrumb-separator\">\u2013<\/span><span class=\"aioseo-breadcrumb\">\n\t<a href=\"https:\/\/www.eldigitaldeasturias.com\/noticias\/category\/sucesos\/\" title=\"Sucesos\">Sucesos<\/a>\n<\/span><span class=\"aioseo-breadcrumb-separator\">\u2013<\/span><span class=\"aioseo-breadcrumb\">\n\t<a href=\"https:\/\/www.eldigitaldeasturias.com\/noticias\/detenido-cancelinas-el-segundo-secuestrador-de-un-medico-portugues\/\" title=\"Detenido \u00abCanceli\u00f1as\u00bb, el segundo secuestrador de un m\u00e9dico portugu\u00e9s\">Detenido \u00abCanceli\u00f1as\u00bb, el segundo secuestrador de un m\u00e9dico portugu\u00e9s<\/a>\n<\/span><\/div>","aioseo_breadcrumb_json":[{"label":"Home","link":"https:\/\/www.eldigitaldeasturias.com\/noticias"},{"label":"Sucesos","link":"https:\/\/www.eldigitaldeasturias.com\/noticias\/category\/sucesos\/"},{"label":"Detenido \u00abCanceli\u00f1as\u00bb, el segundo secuestrador de un m\u00e9dico portugu\u00e9s","link":"https:\/\/www.eldigitaldeasturias.com\/noticias\/detenido-cancelinas-el-segundo-secuestrador-de-un-medico-portugues\/"}],"_links":{"self":[{"href":"https:\/\/www.eldigitaldeasturias.com\/noticias\/wp-json\/wp\/v2\/posts\/455465","targetHints":{"allow":["GET"]}}],"collection":[{"href":"https:\/\/www.eldigitaldeasturias.com\/noticias\/wp-json\/wp\/v2\/posts"}],"about":[{"href":"https:\/\/www.eldigitaldeasturias.com\/noticias\/wp-json\/wp\/v2\/types\/post"}],"author":[{"embeddable":true,"href":"https:\/\/www.eldigitaldeasturias.com\/noticias\/wp-json\/wp\/v2\/users\/1"}],"replies":[{"embeddable":true,"href":"https:\/\/www.eldigitaldeasturias.com\/noticias\/wp-json\/wp\/v2\/comments?post=455465"}],"version-history":[{"count":0,"href":"https:\/\/www.eldigitaldeasturias.com\/noticias\/wp-json\/wp\/v2\/posts\/455465\/revisions"}],"wp:attachment":[{"href":"https:\/\/www.eldigitaldeasturias.com\/noticias\/wp-json\/wp\/v2\/media?parent=455465"}],"wp:term":[{"taxonomy":"category","embeddable":true,"href":"https:\/\/www.eldigitaldeasturias.com\/noticias\/wp-json\/wp\/v2\/categories?post=455465"},{"taxonomy":"post_tag","embeddable":true,"href":"https:\/\/www.eldigitaldeasturias.com\/noticias\/wp-json\/wp\/v2\/tags?post=455465"}],"curies":[{"name":"wp","href":"https:\/\/api.w.org\/{rel}","templated":true}]}}