{"id":455453,"date":"2013-11-28T20:30:23","date_gmt":"2013-11-28T21:30:23","guid":{"rendered":"http:\/\/www.eldigitaldeasturias.com\/noticias\/?p=455453"},"modified":"2013-11-28T20:30:23","modified_gmt":"2013-11-28T21:30:23","slug":"cadena-perpetua-para-el-asesino-de-un-policia-norirlandes-tiroteado-en-1981","status":"publish","type":"post","link":"https:\/\/www.eldigitaldeasturias.com\/noticias\/cadena-perpetua-para-el-asesino-de-un-policia-norirlandes-tiroteado-en-1981\/","title":{"rendered":"Cadena perpetua para el asesino de un polic\u00eda norirland\u00e9s tiroteado en 1981"},"content":{"rendered":"<p><img loading=\"lazy\" decoding=\"async\" class=\"alignleft size-medium wp-image-455454\" alt=\"5759831w\" src=\"https:\/\/www.eldigitaldeasturias.com\/noticias\/wp-content\/uploads\/2013\/11\/5759831w-360x260.jpg\" width=\"360\" height=\"260\" \/>Dubl\u00edn, 28 nov (EFE).- Un hombre fue hoy condenado a cadena perpetua por el asesinato en 1981 en la localidad norirlandesa de Magherafelt, al oeste del Ulster, del polic\u00eda John Proctor, en una acci\u00f3n de la que responsabiliz\u00f3 el ya inactivo Ej\u00e9rcito Republicano Irland\u00e9s (IRA).<\/p>\n<p>La condena emitida hoy por la Corte de la Corona de Belfast estableci\u00f3 que Seamus Martin Kearney, de 57 a\u00f1os, asesin\u00f3 a Proctor, de 25, con un rifle \u00abArmalite AR15\u00bb en el aparcamiento del hospital de Magherafelt, adonde el agente acudi\u00f3 el 14 de septiembre de ese a\u00f1o para visitar a su hijo reci\u00e9n nacido.<\/p>\n<p>Durante el juicio qued\u00f3 demostrado que el ADN de un cigarrillo hallado en la escena del crimen pertenece a Kearney, a quien acompa\u00f1aban, al menos, dos personas m\u00e1s en la emboscada tendida al miembro del Royal Ulster Constabulary (RUC, la antigua polic\u00eda norirlandesa).<\/p>\n<p>El esclarecimiento de ese caso ha sido posible gracias al trabajo del llamado Equipo de Investigaciones Hist\u00f3ricas (HET), creado en 2005 para investigar, con avanzadas t\u00e9cnicas forenses, m\u00e1s de 1.800 asesinatos no resueltos cometidos durante el pasado conflicto en Irlanda del Norte.<\/p>\n<p>Tras la firma del Acuerdo de paz del Viernes Santo (1998), nadie qued\u00f3 exento de pagar por los cr\u00edmenes a\u00fan no resueltos, pero se concedi\u00f3 la libertad a los presos a condici\u00f3n de que abandonaran definitivamente la violencia, que puede ser revocada si violan los t\u00e9rminos establecidos.<\/p>\n<p>En virtud de ese texto, la legislaci\u00f3n vigente contempla asimismo penas de c\u00e1rcel muy reducidas, de un m\u00e1ximo de dos a\u00f1os, para cualquier condenado por un asesinato perpetrado durante el conflicto, lo que tambi\u00e9n se aplicar\u00e1 a Kerney.<\/p>\n<p>Su condena se produce una semana despu\u00e9s de que el fiscal general norirland\u00e9s, John Larkin, propusiera archivar todos los delitos cometidos por los grupos paramilitares cat\u00f3licos y protestantes, el RUC y el Ej\u00e9rcito brit\u00e1nico antes del citado acuerdo.<\/p>\n<p>Su iniciativa ha generado una fuerte pol\u00e9mica entre los grupos de v\u00edctimas y todos los partidos pol\u00edticos de la provincia brit\u00e1nica, que consideran que ning\u00fan crimen debe quedar impune.<\/p>\n<p>En caso de que la propuesta de Larkin prosperase, el HET dejar\u00eda de existir y las autoridades correr\u00edan un velo sobre atrocidades como el atentado perpetrado por el IRA en la localidad de Enniskillen, que acab\u00f3 con la vida de once personas en 1987 y que hasta la fecha sigue sin castigo.<\/p>\n<p>Entre otras, tambi\u00e9n interrumpir\u00eda la investigaci\u00f3n iniciada por el Servicio de Polic\u00eda de Irlanda del Norte (PSNI) sobre la muerte de 14 manifestantes a manos del Ej\u00e9rcito brit\u00e1nico en 1972 en la ciudad de Derry, en el llamado \u00abDomingo Sangriento\u00bb, un proceso que podr\u00eda llevar ante la Justicia a soldados y mandos militares.<\/p>\n","protected":false},"excerpt":{"rendered":"<p>Dubl\u00edn, 28 nov (EFE).- Un hombre fue hoy condenado a cadena perpetua por el asesinato en 1981 en la localidad norirlandesa de Magherafelt, al oeste del Ulster, del polic\u00eda John Proctor, en una acci\u00f3n de la que responsabiliz\u00f3 el ya inactivo Ej\u00e9rcito Republicano Irland\u00e9s (IRA). La condena emitida hoy por la Corte de la Corona [&hellip;]<\/p>\n","protected":false},"author":1,"featured_media":455454,"comment_status":"open","ping_status":"open","sticky":false,"template":"","format":"standard","meta":{"footnotes":""},"categories":[5],"tags":[],"class_list":["post-455453","post","type-post","status-publish","format-standard","has-post-thumbnail","hentry","category-sucesos"],"aioseo_notices":[],"aioseo_head":"\n\t\t<!-- All in One SEO Pro 5.0.1 - aioseo.com -->\n\t<meta name=\"description\" content=\"Dubl\u00edn, 28 nov (EFE).- Un hombre fue hoy condenado a cadena perpetua por el asesinato en 1981 en la localidad norirlandesa de Magherafelt, al oeste del Ulster, del polic\u00eda John Proctor, en una acci\u00f3n de la que responsabiliz\u00f3 el ya inactivo Ej\u00e9rcito Republicano Irland\u00e9s (IRA). La condena emitida hoy por la Corte de la Corona\" \/>\n\t<meta name=\"robots\" content=\"max-image-preview:large\" \/>\n\t<meta name=\"author\" content=\"El Digital de Asturias\"\/>\n\t<meta name=\"google-site-verification\" content=\"UA-38556648-1\" \/>\n\t<meta name=\"msvalidate.01\" content=\"7dfe9f3f1b24437ab69f4f2559babe99\" \/>\n\t<meta name=\"keywords\" content=\"sucesos\" \/>\n\t<link rel=\"canonical\" href=\"https:\/\/www.eldigitaldeasturias.com\/noticias\/cadena-perpetua-para-el-asesino-de-un-policia-norirlandes-tiroteado-en-1981\/\" \/>\n\t<meta name=\"generator\" content=\"All in One SEO Pro (AIOSEO) 5.0.1\" \/>\n\t\t<meta property=\"og:locale\" content=\"es_ES\" \/>\n\t\t<meta property=\"og:site_name\" content=\"El Digital de Asturias\" \/>\n\t\t<meta property=\"og:type\" content=\"article\" \/>\n\t\t<meta property=\"og:title\" content=\"Cadena perpetua para el asesino de un polic\u00eda norirland\u00e9s tiroteado en 1981 - El Digital de Asturias\" \/>\n\t\t<meta property=\"og:description\" content=\"Dubl\u00edn, 28 nov (EFE).- Un hombre fue hoy condenado a cadena perpetua por el asesinato en 1981 en la localidad norirlandesa de Magherafelt, al oeste del Ulster, del polic\u00eda John Proctor, en una acci\u00f3n de la que responsabiliz\u00f3 el ya inactivo Ej\u00e9rcito Republicano Irland\u00e9s (IRA). La condena emitida hoy por la Corte de la Corona\" \/>\n\t\t<meta property=\"og:url\" content=\"https:\/\/www.eldigitaldeasturias.com\/noticias\/cadena-perpetua-para-el-asesino-de-un-policia-norirlandes-tiroteado-en-1981\/\" \/>\n\t\t<meta property=\"article:tag\" content=\"sucesos\" \/>\n\t\t<meta property=\"article:published_time\" content=\"2013-11-28T21:30:23+00:00\" \/>\n\t\t<meta property=\"article:modified_time\" content=\"2013-11-28T21:30:23+00:00\" \/>\n\t\t<meta property=\"article:publisher\" content=\"https:\/\/facebook.com\/eldigitaldeasturias\" \/>\n\t\t<meta name=\"twitter:card\" content=\"summary_large_image\" \/>\n\t\t<meta name=\"twitter:title\" content=\"Cadena perpetua para el asesino de un polic\u00eda norirland\u00e9s tiroteado en 1981 - El Digital de Asturias\" \/>\n\t\t<meta name=\"twitter:description\" content=\"Dubl\u00edn, 28 nov (EFE).- Un hombre fue hoy condenado a cadena perpetua por el asesinato en 1981 en la localidad norirlandesa de Magherafelt, al oeste del Ulster, del polic\u00eda John Proctor, en una acci\u00f3n de la que responsabiliz\u00f3 el ya inactivo Ej\u00e9rcito Republicano Irland\u00e9s (IRA). La condena emitida hoy por la Corte de la Corona\" \/>\n\t\t<meta name=\"twitter:label1\" content=\"Escrito por\" \/>\n\t\t<meta name=\"twitter:data1\" content=\"El Digital de Asturias\" \/>\n\t\t<meta name=\"twitter:label2\" content=\"Tiempo de lectura estimado\" \/>\n\t\t<meta name=\"twitter:data2\" content=\"2 minutos\" \/>\n\t\t<script type=\"application\/ld+json\" class=\"aioseo-schema\">\n\t\t\t{\"@context\":\"https:\\\/\\\/schema.org\",\"@graph\":[{\"@type\":\"BlogPosting\",\"@id\":\"https:\\\/\\\/www.eldigitaldeasturias.com\\\/noticias\\\/cadena-perpetua-para-el-asesino-de-un-policia-norirlandes-tiroteado-en-1981\\\/#blogposting\",\"name\":\"Cadena perpetua para el asesino de un polic\\u00eda norirland\\u00e9s tiroteado en 1981 - El Digital de Asturias\",\"headline\":\"Cadena perpetua para el asesino de un polic\\u00eda norirland\\u00e9s tiroteado en 1981\",\"author\":{\"@id\":\"https:\\\/\\\/www.eldigitaldeasturias.com\\\/noticias\\\/author\\\/admin\\\/#author\"},\"publisher\":{\"@id\":\"https:\\\/\\\/www.eldigitaldeasturias.com\\\/noticias\\\/#organization\"},\"image\":{\"@type\":\"ImageObject\",\"url\":455454},\"datePublished\":\"2013-11-28T20:30:23+01:00\",\"dateModified\":\"2013-11-28T20:30:23+01:00\",\"inLanguage\":\"es-ES\",\"mainEntityOfPage\":{\"@id\":\"https:\\\/\\\/www.eldigitaldeasturias.com\\\/noticias\\\/cadena-perpetua-para-el-asesino-de-un-policia-norirlandes-tiroteado-en-1981\\\/#webpage\"},\"isPartOf\":{\"@id\":\"https:\\\/\\\/www.eldigitaldeasturias.com\\\/noticias\\\/cadena-perpetua-para-el-asesino-de-un-policia-norirlandes-tiroteado-en-1981\\\/#webpage\"},\"articleSection\":\"Sucesos\"},{\"@type\":\"BreadcrumbList\",\"@id\":\"https:\\\/\\\/www.eldigitaldeasturias.com\\\/noticias\\\/cadena-perpetua-para-el-asesino-de-un-policia-norirlandes-tiroteado-en-1981\\\/#breadcrumblist\",\"itemListElement\":[{\"@type\":\"ListItem\",\"@id\":\"https:\\\/\\\/www.eldigitaldeasturias.com\\\/noticias#listItem\",\"position\":1,\"name\":\"Home\",\"item\":\"https:\\\/\\\/www.eldigitaldeasturias.com\\\/noticias\",\"nextItem\":{\"@type\":\"ListItem\",\"@id\":\"https:\\\/\\\/www.eldigitaldeasturias.com\\\/noticias\\\/category\\\/sucesos\\\/#listItem\",\"name\":\"Sucesos\"}},{\"@type\":\"ListItem\",\"@id\":\"https:\\\/\\\/www.eldigitaldeasturias.com\\\/noticias\\\/category\\\/sucesos\\\/#listItem\",\"position\":2,\"name\":\"Sucesos\",\"item\":\"https:\\\/\\\/www.eldigitaldeasturias.com\\\/noticias\\\/category\\\/sucesos\\\/\",\"nextItem\":{\"@type\":\"ListItem\",\"@id\":\"https:\\\/\\\/www.eldigitaldeasturias.com\\\/noticias\\\/cadena-perpetua-para-el-asesino-de-un-policia-norirlandes-tiroteado-en-1981\\\/#listItem\",\"name\":\"Cadena perpetua para el asesino de un polic\\u00eda norirland\\u00e9s tiroteado en 1981\"},\"previousItem\":{\"@type\":\"ListItem\",\"@id\":\"https:\\\/\\\/www.eldigitaldeasturias.com\\\/noticias#listItem\",\"name\":\"Home\"}},{\"@type\":\"ListItem\",\"@id\":\"https:\\\/\\\/www.eldigitaldeasturias.com\\\/noticias\\\/cadena-perpetua-para-el-asesino-de-un-policia-norirlandes-tiroteado-en-1981\\\/#listItem\",\"position\":3,\"name\":\"Cadena perpetua para el asesino de un polic\\u00eda norirland\\u00e9s tiroteado en 1981\",\"previousItem\":{\"@type\":\"ListItem\",\"@id\":\"https:\\\/\\\/www.eldigitaldeasturias.com\\\/noticias\\\/category\\\/sucesos\\\/#listItem\",\"name\":\"Sucesos\"}}]},{\"@type\":\"Organization\",\"@id\":\"https:\\\/\\\/www.eldigitaldeasturias.com\\\/noticias\\\/#organization\",\"name\":\"El Digital de Asturias\",\"description\":\"Hemeroteca\",\"url\":\"https:\\\/\\\/www.eldigitaldeasturias.com\\\/noticias\\\/\",\"email\":\"info@eldigitaldeasturias.com\",\"telephone\":\"+34652131393\",\"logo\":{\"@type\":\"ImageObject\",\"url\":\"https:\\\/\\\/www.eldigitaldeasturias.com\\\/noticias\\\/wp-content\\\/uploads\\\/2020\\\/12\\\/EDA.jpg\",\"@id\":\"https:\\\/\\\/www.eldigitaldeasturias.com\\\/noticias\\\/cadena-perpetua-para-el-asesino-de-un-policia-norirlandes-tiroteado-en-1981\\\/#organizationLogo\"},\"image\":{\"@id\":\"https:\\\/\\\/www.eldigitaldeasturias.com\\\/noticias\\\/cadena-perpetua-para-el-asesino-de-un-policia-norirlandes-tiroteado-en-1981\\\/#organizationLogo\"},\"sameAs\":[\"https:\\\/\\\/facebook.com\\\/eldigitaldeasturias\",\"https:\\\/\\\/www.youtube.com\\\/channel\\\/UCZP-2wLEB9Rv6erhFmqVnvg\"],\"address\":{\"@id\":\"https:\\\/\\\/www.eldigitaldeasturias.com\\\/noticias\\\/#postaladdress\",\"@type\":\"PostalAddress\",\"streetAddress\":\"san antonio 4\",\"postalCode\":\"33430\",\"addressLocality\":\"Cand\\u00e1s\",\"addressRegion\":\"Asturias\",\"addressCountry\":\"ES\"}},{\"@type\":\"Person\",\"@id\":\"https:\\\/\\\/www.eldigitaldeasturias.com\\\/noticias\\\/author\\\/admin\\\/#author\",\"url\":\"https:\\\/\\\/www.eldigitaldeasturias.com\\\/noticias\\\/author\\\/admin\\\/\",\"name\":\"El Digital de Asturias\",\"image\":{\"@type\":\"ImageObject\",\"@id\":\"https:\\\/\\\/www.eldigitaldeasturias.com\\\/noticias\\\/cadena-perpetua-para-el-asesino-de-un-policia-norirlandes-tiroteado-en-1981\\\/#authorImage\",\"url\":\"https:\\\/\\\/secure.gravatar.com\\\/avatar\\\/df2aeffc32bcd13f8d26072ef8a91b623d677766deac7f97ca815868cd41bf5e?s=96&d=mm&r=g\",\"width\":96,\"height\":96,\"caption\":\"El Digital de Asturias\"}},{\"@type\":\"WebPage\",\"@id\":\"https:\\\/\\\/www.eldigitaldeasturias.com\\\/noticias\\\/cadena-perpetua-para-el-asesino-de-un-policia-norirlandes-tiroteado-en-1981\\\/#webpage\",\"url\":\"https:\\\/\\\/www.eldigitaldeasturias.com\\\/noticias\\\/cadena-perpetua-para-el-asesino-de-un-policia-norirlandes-tiroteado-en-1981\\\/\",\"name\":\"Cadena perpetua para el asesino de un polic\\u00eda norirland\\u00e9s tiroteado en 1981 - El Digital de Asturias\",\"description\":\"Dubl\\u00edn, 28 nov (EFE).- Un hombre fue hoy condenado a cadena perpetua por el asesinato en 1981 en la localidad norirlandesa de Magherafelt, al oeste del Ulster, del polic\\u00eda John Proctor, en una acci\\u00f3n de la que responsabiliz\\u00f3 el ya inactivo Ej\\u00e9rcito Republicano Irland\\u00e9s (IRA). La condena emitida hoy por la Corte de la Corona\",\"inLanguage\":\"es-ES\",\"isPartOf\":{\"@id\":\"https:\\\/\\\/www.eldigitaldeasturias.com\\\/noticias\\\/#website\"},\"breadcrumb\":{\"@id\":\"https:\\\/\\\/www.eldigitaldeasturias.com\\\/noticias\\\/cadena-perpetua-para-el-asesino-de-un-policia-norirlandes-tiroteado-en-1981\\\/#breadcrumblist\"},\"author\":{\"@id\":\"https:\\\/\\\/www.eldigitaldeasturias.com\\\/noticias\\\/author\\\/admin\\\/#author\"},\"creator\":{\"@id\":\"https:\\\/\\\/www.eldigitaldeasturias.com\\\/noticias\\\/author\\\/admin\\\/#author\"},\"image\":{\"@type\":\"ImageObject\",\"url\":455454,\"@id\":\"https:\\\/\\\/www.eldigitaldeasturias.com\\\/noticias\\\/cadena-perpetua-para-el-asesino-de-un-policia-norirlandes-tiroteado-en-1981\\\/#mainImage\"},\"primaryImageOfPage\":{\"@id\":\"https:\\\/\\\/www.eldigitaldeasturias.com\\\/noticias\\\/cadena-perpetua-para-el-asesino-de-un-policia-norirlandes-tiroteado-en-1981\\\/#mainImage\"},\"datePublished\":\"2013-11-28T20:30:23+01:00\",\"dateModified\":\"2013-11-28T20:30:23+01:00\"},{\"@type\":\"WebSite\",\"@id\":\"https:\\\/\\\/www.eldigitaldeasturias.com\\\/noticias\\\/#website\",\"url\":\"https:\\\/\\\/www.eldigitaldeasturias.com\\\/noticias\\\/\",\"name\":\"El Digital de Asturias - Diario de actualidad y noticias\",\"alternateName\":\"El Digital de Asturias - Diario de actualidad y noticias\",\"description\":\"Hemeroteca\",\"inLanguage\":\"es-ES\",\"publisher\":{\"@id\":\"https:\\\/\\\/www.eldigitaldeasturias.com\\\/noticias\\\/#organization\"}}]}\n\t\t<\/script>\n\t\t<!-- All in One SEO Pro -->\r\n\t\t<title>Cadena perpetua para el asesino de un polic\u00eda norirland\u00e9s tiroteado en 1981 - El Digital de Asturias<\/title>\n\n","aioseo_head_json":{"title":"Cadena perpetua para el asesino de un polic\u00eda norirland\u00e9s tiroteado en 1981 - El Digital de Asturias","description":"Dubl\u00edn, 28 nov (EFE).- Un hombre fue hoy condenado a cadena perpetua por el asesinato en 1981 en la localidad norirlandesa de Magherafelt, al oeste del Ulster, del polic\u00eda John Proctor, en una acci\u00f3n de la que responsabiliz\u00f3 el ya inactivo Ej\u00e9rcito Republicano Irland\u00e9s (IRA). La condena emitida hoy por la Corte de la Corona","canonical_url":"https:\/\/www.eldigitaldeasturias.com\/noticias\/cadena-perpetua-para-el-asesino-de-un-policia-norirlandes-tiroteado-en-1981\/","robots":"max-image-preview:large","keywords":"sucesos","webmasterTools":{"google-site-verification":"UA-38556648-1","msvalidate.01":"7dfe9f3f1b24437ab69f4f2559babe99","miscellaneous":""},"schema":{"@context":"https:\/\/schema.org","@graph":[{"@type":"BlogPosting","@id":"https:\/\/www.eldigitaldeasturias.com\/noticias\/cadena-perpetua-para-el-asesino-de-un-policia-norirlandes-tiroteado-en-1981\/#blogposting","name":"Cadena perpetua para el asesino de un polic\u00eda norirland\u00e9s tiroteado en 1981 - El Digital de Asturias","headline":"Cadena perpetua para el asesino de un polic\u00eda norirland\u00e9s tiroteado en 1981","author":{"@id":"https:\/\/www.eldigitaldeasturias.com\/noticias\/author\/admin\/#author"},"publisher":{"@id":"https:\/\/www.eldigitaldeasturias.com\/noticias\/#organization"},"image":{"@type":"ImageObject","url":455454},"datePublished":"2013-11-28T20:30:23+01:00","dateModified":"2013-11-28T20:30:23+01:00","inLanguage":"es-ES","mainEntityOfPage":{"@id":"https:\/\/www.eldigitaldeasturias.com\/noticias\/cadena-perpetua-para-el-asesino-de-un-policia-norirlandes-tiroteado-en-1981\/#webpage"},"isPartOf":{"@id":"https:\/\/www.eldigitaldeasturias.com\/noticias\/cadena-perpetua-para-el-asesino-de-un-policia-norirlandes-tiroteado-en-1981\/#webpage"},"articleSection":"Sucesos"},{"@type":"BreadcrumbList","@id":"https:\/\/www.eldigitaldeasturias.com\/noticias\/cadena-perpetua-para-el-asesino-de-un-policia-norirlandes-tiroteado-en-1981\/#breadcrumblist","itemListElement":[{"@type":"ListItem","@id":"https:\/\/www.eldigitaldeasturias.com\/noticias#listItem","position":1,"name":"Home","item":"https:\/\/www.eldigitaldeasturias.com\/noticias","nextItem":{"@type":"ListItem","@id":"https:\/\/www.eldigitaldeasturias.com\/noticias\/category\/sucesos\/#listItem","name":"Sucesos"}},{"@type":"ListItem","@id":"https:\/\/www.eldigitaldeasturias.com\/noticias\/category\/sucesos\/#listItem","position":2,"name":"Sucesos","item":"https:\/\/www.eldigitaldeasturias.com\/noticias\/category\/sucesos\/","nextItem":{"@type":"ListItem","@id":"https:\/\/www.eldigitaldeasturias.com\/noticias\/cadena-perpetua-para-el-asesino-de-un-policia-norirlandes-tiroteado-en-1981\/#listItem","name":"Cadena perpetua para el asesino de un polic\u00eda norirland\u00e9s tiroteado en 1981"},"previousItem":{"@type":"ListItem","@id":"https:\/\/www.eldigitaldeasturias.com\/noticias#listItem","name":"Home"}},{"@type":"ListItem","@id":"https:\/\/www.eldigitaldeasturias.com\/noticias\/cadena-perpetua-para-el-asesino-de-un-policia-norirlandes-tiroteado-en-1981\/#listItem","position":3,"name":"Cadena perpetua para el asesino de un polic\u00eda norirland\u00e9s tiroteado en 1981","previousItem":{"@type":"ListItem","@id":"https:\/\/www.eldigitaldeasturias.com\/noticias\/category\/sucesos\/#listItem","name":"Sucesos"}}]},{"@type":"Organization","@id":"https:\/\/www.eldigitaldeasturias.com\/noticias\/#organization","name":"El Digital de Asturias","description":"Hemeroteca","url":"https:\/\/www.eldigitaldeasturias.com\/noticias\/","email":"info@eldigitaldeasturias.com","telephone":"+34652131393","logo":{"@type":"ImageObject","url":"https:\/\/www.eldigitaldeasturias.com\/noticias\/wp-content\/uploads\/2020\/12\/EDA.jpg","@id":"https:\/\/www.eldigitaldeasturias.com\/noticias\/cadena-perpetua-para-el-asesino-de-un-policia-norirlandes-tiroteado-en-1981\/#organizationLogo"},"image":{"@id":"https:\/\/www.eldigitaldeasturias.com\/noticias\/cadena-perpetua-para-el-asesino-de-un-policia-norirlandes-tiroteado-en-1981\/#organizationLogo"},"sameAs":["https:\/\/facebook.com\/eldigitaldeasturias","https:\/\/www.youtube.com\/channel\/UCZP-2wLEB9Rv6erhFmqVnvg"],"address":{"@id":"https:\/\/www.eldigitaldeasturias.com\/noticias\/#postaladdress","@type":"PostalAddress","streetAddress":"san antonio 4","postalCode":"33430","addressLocality":"Cand\u00e1s","addressRegion":"Asturias","addressCountry":"ES"}},{"@type":"Person","@id":"https:\/\/www.eldigitaldeasturias.com\/noticias\/author\/admin\/#author","url":"https:\/\/www.eldigitaldeasturias.com\/noticias\/author\/admin\/","name":"El Digital de Asturias","image":{"@type":"ImageObject","@id":"https:\/\/www.eldigitaldeasturias.com\/noticias\/cadena-perpetua-para-el-asesino-de-un-policia-norirlandes-tiroteado-en-1981\/#authorImage","url":"https:\/\/secure.gravatar.com\/avatar\/df2aeffc32bcd13f8d26072ef8a91b623d677766deac7f97ca815868cd41bf5e?s=96&d=mm&r=g","width":96,"height":96,"caption":"El Digital de Asturias"}},{"@type":"WebPage","@id":"https:\/\/www.eldigitaldeasturias.com\/noticias\/cadena-perpetua-para-el-asesino-de-un-policia-norirlandes-tiroteado-en-1981\/#webpage","url":"https:\/\/www.eldigitaldeasturias.com\/noticias\/cadena-perpetua-para-el-asesino-de-un-policia-norirlandes-tiroteado-en-1981\/","name":"Cadena perpetua para el asesino de un polic\u00eda norirland\u00e9s tiroteado en 1981 - El Digital de Asturias","description":"Dubl\u00edn, 28 nov (EFE).- Un hombre fue hoy condenado a cadena perpetua por el asesinato en 1981 en la localidad norirlandesa de Magherafelt, al oeste del Ulster, del polic\u00eda John Proctor, en una acci\u00f3n de la que responsabiliz\u00f3 el ya inactivo Ej\u00e9rcito Republicano Irland\u00e9s (IRA). La condena emitida hoy por la Corte de la Corona","inLanguage":"es-ES","isPartOf":{"@id":"https:\/\/www.eldigitaldeasturias.com\/noticias\/#website"},"breadcrumb":{"@id":"https:\/\/www.eldigitaldeasturias.com\/noticias\/cadena-perpetua-para-el-asesino-de-un-policia-norirlandes-tiroteado-en-1981\/#breadcrumblist"},"author":{"@id":"https:\/\/www.eldigitaldeasturias.com\/noticias\/author\/admin\/#author"},"creator":{"@id":"https:\/\/www.eldigitaldeasturias.com\/noticias\/author\/admin\/#author"},"image":{"@type":"ImageObject","url":455454,"@id":"https:\/\/www.eldigitaldeasturias.com\/noticias\/cadena-perpetua-para-el-asesino-de-un-policia-norirlandes-tiroteado-en-1981\/#mainImage"},"primaryImageOfPage":{"@id":"https:\/\/www.eldigitaldeasturias.com\/noticias\/cadena-perpetua-para-el-asesino-de-un-policia-norirlandes-tiroteado-en-1981\/#mainImage"},"datePublished":"2013-11-28T20:30:23+01:00","dateModified":"2013-11-28T20:30:23+01:00"},{"@type":"WebSite","@id":"https:\/\/www.eldigitaldeasturias.com\/noticias\/#website","url":"https:\/\/www.eldigitaldeasturias.com\/noticias\/","name":"El Digital de Asturias - Diario de actualidad y noticias","alternateName":"El Digital de Asturias - Diario de actualidad y noticias","description":"Hemeroteca","inLanguage":"es-ES","publisher":{"@id":"https:\/\/www.eldigitaldeasturias.com\/noticias\/#organization"}}]},"og:locale":"es_ES","og:site_name":"El Digital de Asturias","og:type":"article","og:title":"Cadena perpetua para el asesino de un polic\u00eda norirland\u00e9s tiroteado en 1981 - El Digital de Asturias","og:description":"Dubl\u00edn, 28 nov (EFE).- Un hombre fue hoy condenado a cadena perpetua por el asesinato en 1981 en la localidad norirlandesa de Magherafelt, al oeste del Ulster, del polic\u00eda John Proctor, en una acci\u00f3n de la que responsabiliz\u00f3 el ya inactivo Ej\u00e9rcito Republicano Irland\u00e9s (IRA). La condena emitida hoy por la Corte de la Corona","og:url":"https:\/\/www.eldigitaldeasturias.com\/noticias\/cadena-perpetua-para-el-asesino-de-un-policia-norirlandes-tiroteado-en-1981\/","article:tag":["sucesos"],"article:published_time":"2013-11-28T21:30:23+00:00","article:modified_time":"2013-11-28T21:30:23+00:00","article:publisher":"https:\/\/facebook.com\/eldigitaldeasturias","twitter:card":"summary_large_image","twitter:title":"Cadena perpetua para el asesino de un polic\u00eda norirland\u00e9s tiroteado en 1981 - El Digital de Asturias","twitter:description":"Dubl\u00edn, 28 nov (EFE).- Un hombre fue hoy condenado a cadena perpetua por el asesinato en 1981 en la localidad norirlandesa de Magherafelt, al oeste del Ulster, del polic\u00eda John Proctor, en una acci\u00f3n de la que responsabiliz\u00f3 el ya inactivo Ej\u00e9rcito Republicano Irland\u00e9s (IRA). La condena emitida hoy por la Corte de la Corona","twitter:label1":"Escrito por","twitter:data1":"El Digital de Asturias","twitter:label2":"Tiempo de lectura estimado","twitter:data2":"2 minutos"},"aioseo_meta_data":{"post_id":"455453","title":null,"description":null,"keywords":null,"keyphrases":null,"primary_term":null,"canonical_url":null,"og_title":null,"og_description":null,"og_object_type":"default","og_image_type":"default","og_image_url":null,"og_image_width":null,"og_image_height":null,"og_image_custom_url":null,"og_image_custom_fields":null,"og_video":null,"og_custom_url":null,"og_article_section":null,"og_article_tags":null,"twitter_use_og":true,"twitter_card":"default","twitter_image_type":"default","twitter_image_url":null,"twitter_image_custom_url":null,"twitter_image_custom_fields":null,"twitter_title":null,"twitter_description":null,"schema":{"blockGraphs":[],"customGraphs":[],"default":{"data":{"Article":[],"Course":[],"Dataset":[],"FAQPage":[],"Movie":[],"Person":[],"Product":[],"ProductReview":[],"Car":[],"Recipe":[],"Service":[],"SoftwareApplication":[],"WebPage":[]},"graphName":"","isEnabled":true},"graphs":[],"defaultGraph":"","defaultPostTypeGraph":""},"schema_type":null,"schema_type_options":null,"pillar_content":false,"robots_default":true,"robots_noindex":false,"robots_noarchive":false,"robots_nosnippet":false,"robots_nofollow":false,"robots_noimageindex":false,"robots_noodp":false,"robots_notranslate":false,"robots_max_snippet":null,"robots_max_videopreview":null,"robots_max_imagepreview":"none","priority":null,"frequency":null,"local_seo":null,"seo_analyzer_scan_date":"2026-05-29 18:22:32","breadcrumb_settings":null,"limit_modified_date":false,"open_ai":null,"ai":null,"created":"2020-11-14 22:45:19","updated":"2026-05-29 18:22:32","focus_keyword":null,"additional_keywords":null,"truseo_locale":null},"aioseo_breadcrumb":"<div class=\"aioseo-breadcrumbs\"><span class=\"aioseo-breadcrumb\">\n\t<a href=\"https:\/\/www.eldigitaldeasturias.com\/noticias\" title=\"Home\">Home<\/a>\n<\/span><span class=\"aioseo-breadcrumb-separator\">\u2013<\/span><span class=\"aioseo-breadcrumb\">\n\t<a href=\"https:\/\/www.eldigitaldeasturias.com\/noticias\/category\/sucesos\/\" title=\"Sucesos\">Sucesos<\/a>\n<\/span><span class=\"aioseo-breadcrumb-separator\">\u2013<\/span><span class=\"aioseo-breadcrumb\">\n\t<a href=\"https:\/\/www.eldigitaldeasturias.com\/noticias\/cadena-perpetua-para-el-asesino-de-un-policia-norirlandes-tiroteado-en-1981\/\" title=\"Cadena perpetua para el asesino de un polic\u00eda norirland\u00e9s tiroteado en 1981\">Cadena perpetua para el asesino de un polic\u00eda norirland\u00e9s tiroteado en 1981<\/a>\n<\/span><\/div>","aioseo_breadcrumb_json":[{"label":"Home","link":"https:\/\/www.eldigitaldeasturias.com\/noticias"},{"label":"Sucesos","link":"https:\/\/www.eldigitaldeasturias.com\/noticias\/category\/sucesos\/"},{"label":"Cadena perpetua para el asesino de un polic\u00eda norirland\u00e9s tiroteado en 1981","link":"https:\/\/www.eldigitaldeasturias.com\/noticias\/cadena-perpetua-para-el-asesino-de-un-policia-norirlandes-tiroteado-en-1981\/"}],"_links":{"self":[{"href":"https:\/\/www.eldigitaldeasturias.com\/noticias\/wp-json\/wp\/v2\/posts\/455453","targetHints":{"allow":["GET"]}}],"collection":[{"href":"https:\/\/www.eldigitaldeasturias.com\/noticias\/wp-json\/wp\/v2\/posts"}],"about":[{"href":"https:\/\/www.eldigitaldeasturias.com\/noticias\/wp-json\/wp\/v2\/types\/post"}],"author":[{"embeddable":true,"href":"https:\/\/www.eldigitaldeasturias.com\/noticias\/wp-json\/wp\/v2\/users\/1"}],"replies":[{"embeddable":true,"href":"https:\/\/www.eldigitaldeasturias.com\/noticias\/wp-json\/wp\/v2\/comments?post=455453"}],"version-history":[{"count":0,"href":"https:\/\/www.eldigitaldeasturias.com\/noticias\/wp-json\/wp\/v2\/posts\/455453\/revisions"}],"wp:attachment":[{"href":"https:\/\/www.eldigitaldeasturias.com\/noticias\/wp-json\/wp\/v2\/media?parent=455453"}],"wp:term":[{"taxonomy":"category","embeddable":true,"href":"https:\/\/www.eldigitaldeasturias.com\/noticias\/wp-json\/wp\/v2\/categories?post=455453"},{"taxonomy":"post_tag","embeddable":true,"href":"https:\/\/www.eldigitaldeasturias.com\/noticias\/wp-json\/wp\/v2\/tags?post=455453"}],"curies":[{"name":"wp","href":"https:\/\/api.w.org\/{rel}","templated":true}]}}