{"id":455444,"date":"2013-11-28T20:26:50","date_gmt":"2013-11-28T21:26:50","guid":{"rendered":"http:\/\/www.eldigitaldeasturias.com\/noticias\/?p=455444"},"modified":"2013-11-28T20:26:50","modified_gmt":"2013-11-28T21:26:50","slug":"la-audiencia-nacional-rechaza-el-recurso-de-bfa-contra-la-investigacion-de-preferentes","status":"publish","type":"post","link":"https:\/\/www.eldigitaldeasturias.com\/noticias\/la-audiencia-nacional-rechaza-el-recurso-de-bfa-contra-la-investigacion-de-preferentes\/","title":{"rendered":"La Audiencia Nacional rechaza el recurso de BFA contra la investigaci\u00f3n de preferentes"},"content":{"rendered":"<p><img loading=\"lazy\" decoding=\"async\" class=\"alignleft size-medium wp-image-455445\" alt=\"5759793w\" src=\"https:\/\/www.eldigitaldeasturias.com\/noticias\/wp-content\/uploads\/2013\/11\/5759793w-360x264.jpg\" width=\"360\" height=\"264\" \/>Madrid, 28 nov (EFE).- La Audiencia Nacional ha desestimado el recurso de BFA, la matriz de Bankia, contra la decisi\u00f3n del juez Fernando Andreu de iniciar una investigaci\u00f3n por la comercializaci\u00f3n de participaciones preferentes ya que la entidad no figura como querellada y, por tanto, no est\u00e1 legitimada para ello.<\/p>\n<p>La secci\u00f3n tercera de la sala de lo penal de este tribunal sostiene en dos autos que BFA recurri\u00f3 la admisi\u00f3n de varias querellas por parte de Andreu sobre este asunto \u00abpor si contra dicha entidad en un momento determinado pudiera surgir una imputaci\u00f3n\u00bb, pero dice que \u00abtal situaci\u00f3n procesal no puede admitirse\u00bb.<\/p>\n<p>En este momento, subrayan los magistrados, \u00abs\u00f3lo est\u00e1n legitimadas para recurrir\u00bb aquellas partes contra los que hayan sido interpuestas las querellas, recuerda el tribunal.<\/p>\n<p>La sala extiende este argumento a todas las adhesiones que recibi\u00f3 el recurso de BFA, entre ellos el de la Fiscal\u00eda Anticorrupci\u00f3n, el del expresidente de Bankia Rodrigo Rato -que tampoco figura como querellado- y el del expresidente de Caja Madrid Miguel Blesa.<\/p>\n<p>No obstante, estos \u00faltimos tambi\u00e9n se adhirieron al recurso que present\u00f3 inicialmente la Fiscal\u00eda, que consideraba que no existi\u00f3 delito en la comercializaci\u00f3n de participaciones preferentes, y que se encuentra pendiente de resoluci\u00f3n.<\/p>\n","protected":false},"excerpt":{"rendered":"<p>Madrid, 28 nov (EFE).- La Audiencia Nacional ha desestimado el recurso de BFA, la matriz de Bankia, contra la decisi\u00f3n del juez Fernando Andreu de iniciar una investigaci\u00f3n por la comercializaci\u00f3n de participaciones preferentes ya que la entidad no figura como querellada y, por tanto, no est\u00e1 legitimada para ello. La secci\u00f3n tercera de la [&hellip;]<\/p>\n","protected":false},"author":1,"featured_media":455445,"comment_status":"open","ping_status":"open","sticky":false,"template":"","format":"standard","meta":{"footnotes":""},"categories":[5],"tags":[],"class_list":["post-455444","post","type-post","status-publish","format-standard","has-post-thumbnail","hentry","category-sucesos"],"aioseo_notices":[],"aioseo_head":"\n\t\t<!-- All in One SEO Pro 5.0.1 - aioseo.com -->\n\t<meta name=\"description\" content=\"Madrid, 28 nov (EFE).- La Audiencia Nacional ha desestimado el recurso de BFA, la matriz de Bankia, contra la decisi\u00f3n del juez Fernando Andreu de iniciar una investigaci\u00f3n por la comercializaci\u00f3n de participaciones preferentes ya que la entidad no figura como querellada y, por tanto, no est\u00e1 legitimada para ello. La secci\u00f3n tercera de la\" \/>\n\t<meta name=\"robots\" content=\"max-image-preview:large\" \/>\n\t<meta name=\"author\" content=\"El Digital de Asturias\"\/>\n\t<meta name=\"google-site-verification\" content=\"UA-38556648-1\" \/>\n\t<meta name=\"msvalidate.01\" content=\"7dfe9f3f1b24437ab69f4f2559babe99\" \/>\n\t<meta name=\"keywords\" content=\"sucesos\" \/>\n\t<link rel=\"canonical\" href=\"https:\/\/www.eldigitaldeasturias.com\/noticias\/la-audiencia-nacional-rechaza-el-recurso-de-bfa-contra-la-investigacion-de-preferentes\/\" \/>\n\t<meta name=\"generator\" content=\"All in One SEO Pro (AIOSEO) 5.0.1\" \/>\n\t\t<meta property=\"og:locale\" content=\"es_ES\" \/>\n\t\t<meta property=\"og:site_name\" content=\"El Digital de Asturias\" \/>\n\t\t<meta property=\"og:type\" content=\"article\" \/>\n\t\t<meta property=\"og:title\" content=\"La Audiencia Nacional rechaza el recurso de BFA contra la investigaci\u00f3n de preferentes - El Digital de Asturias\" \/>\n\t\t<meta property=\"og:description\" content=\"Madrid, 28 nov (EFE).- La Audiencia Nacional ha desestimado el recurso de BFA, la matriz de Bankia, contra la decisi\u00f3n del juez Fernando Andreu de iniciar una investigaci\u00f3n por la comercializaci\u00f3n de participaciones preferentes ya que la entidad no figura como querellada y, por tanto, no est\u00e1 legitimada para ello. La secci\u00f3n tercera de la\" \/>\n\t\t<meta property=\"og:url\" content=\"https:\/\/www.eldigitaldeasturias.com\/noticias\/la-audiencia-nacional-rechaza-el-recurso-de-bfa-contra-la-investigacion-de-preferentes\/\" \/>\n\t\t<meta property=\"article:tag\" content=\"sucesos\" \/>\n\t\t<meta property=\"article:published_time\" content=\"2013-11-28T21:26:50+00:00\" \/>\n\t\t<meta property=\"article:modified_time\" content=\"2013-11-28T21:26:50+00:00\" \/>\n\t\t<meta property=\"article:publisher\" content=\"https:\/\/facebook.com\/eldigitaldeasturias\" \/>\n\t\t<meta name=\"twitter:card\" content=\"summary_large_image\" \/>\n\t\t<meta name=\"twitter:title\" content=\"La Audiencia Nacional rechaza el recurso de BFA contra la investigaci\u00f3n de preferentes - El Digital de Asturias\" \/>\n\t\t<meta name=\"twitter:description\" content=\"Madrid, 28 nov (EFE).- La Audiencia Nacional ha desestimado el recurso de BFA, la matriz de Bankia, contra la decisi\u00f3n del juez Fernando Andreu de iniciar una investigaci\u00f3n por la comercializaci\u00f3n de participaciones preferentes ya que la entidad no figura como querellada y, por tanto, no est\u00e1 legitimada para ello. La secci\u00f3n tercera de la\" \/>\n\t\t<meta name=\"twitter:label1\" content=\"Escrito por\" \/>\n\t\t<meta name=\"twitter:data1\" content=\"El Digital de Asturias\" \/>\n\t\t<meta name=\"twitter:label2\" content=\"Tiempo de lectura estimado\" \/>\n\t\t<meta name=\"twitter:data2\" content=\"1 minuto\" \/>\n\t\t<script type=\"application\/ld+json\" class=\"aioseo-schema\">\n\t\t\t{\"@context\":\"https:\\\/\\\/schema.org\",\"@graph\":[{\"@type\":\"BlogPosting\",\"@id\":\"https:\\\/\\\/www.eldigitaldeasturias.com\\\/noticias\\\/la-audiencia-nacional-rechaza-el-recurso-de-bfa-contra-la-investigacion-de-preferentes\\\/#blogposting\",\"name\":\"La Audiencia Nacional rechaza el recurso de BFA contra la investigaci\\u00f3n de preferentes - El Digital de Asturias\",\"headline\":\"La Audiencia Nacional rechaza el recurso de BFA contra la investigaci\\u00f3n de preferentes\",\"author\":{\"@id\":\"https:\\\/\\\/www.eldigitaldeasturias.com\\\/noticias\\\/author\\\/admin\\\/#author\"},\"publisher\":{\"@id\":\"https:\\\/\\\/www.eldigitaldeasturias.com\\\/noticias\\\/#organization\"},\"image\":{\"@type\":\"ImageObject\",\"url\":455445},\"datePublished\":\"2013-11-28T20:26:50+01:00\",\"dateModified\":\"2013-11-28T20:26:50+01:00\",\"inLanguage\":\"es-ES\",\"mainEntityOfPage\":{\"@id\":\"https:\\\/\\\/www.eldigitaldeasturias.com\\\/noticias\\\/la-audiencia-nacional-rechaza-el-recurso-de-bfa-contra-la-investigacion-de-preferentes\\\/#webpage\"},\"isPartOf\":{\"@id\":\"https:\\\/\\\/www.eldigitaldeasturias.com\\\/noticias\\\/la-audiencia-nacional-rechaza-el-recurso-de-bfa-contra-la-investigacion-de-preferentes\\\/#webpage\"},\"articleSection\":\"Sucesos\"},{\"@type\":\"BreadcrumbList\",\"@id\":\"https:\\\/\\\/www.eldigitaldeasturias.com\\\/noticias\\\/la-audiencia-nacional-rechaza-el-recurso-de-bfa-contra-la-investigacion-de-preferentes\\\/#breadcrumblist\",\"itemListElement\":[{\"@type\":\"ListItem\",\"@id\":\"https:\\\/\\\/www.eldigitaldeasturias.com\\\/noticias#listItem\",\"position\":1,\"name\":\"Home\",\"item\":\"https:\\\/\\\/www.eldigitaldeasturias.com\\\/noticias\",\"nextItem\":{\"@type\":\"ListItem\",\"@id\":\"https:\\\/\\\/www.eldigitaldeasturias.com\\\/noticias\\\/category\\\/sucesos\\\/#listItem\",\"name\":\"Sucesos\"}},{\"@type\":\"ListItem\",\"@id\":\"https:\\\/\\\/www.eldigitaldeasturias.com\\\/noticias\\\/category\\\/sucesos\\\/#listItem\",\"position\":2,\"name\":\"Sucesos\",\"item\":\"https:\\\/\\\/www.eldigitaldeasturias.com\\\/noticias\\\/category\\\/sucesos\\\/\",\"nextItem\":{\"@type\":\"ListItem\",\"@id\":\"https:\\\/\\\/www.eldigitaldeasturias.com\\\/noticias\\\/la-audiencia-nacional-rechaza-el-recurso-de-bfa-contra-la-investigacion-de-preferentes\\\/#listItem\",\"name\":\"La Audiencia Nacional rechaza el recurso de BFA contra la investigaci\\u00f3n de preferentes\"},\"previousItem\":{\"@type\":\"ListItem\",\"@id\":\"https:\\\/\\\/www.eldigitaldeasturias.com\\\/noticias#listItem\",\"name\":\"Home\"}},{\"@type\":\"ListItem\",\"@id\":\"https:\\\/\\\/www.eldigitaldeasturias.com\\\/noticias\\\/la-audiencia-nacional-rechaza-el-recurso-de-bfa-contra-la-investigacion-de-preferentes\\\/#listItem\",\"position\":3,\"name\":\"La Audiencia Nacional rechaza el recurso de BFA contra la investigaci\\u00f3n de preferentes\",\"previousItem\":{\"@type\":\"ListItem\",\"@id\":\"https:\\\/\\\/www.eldigitaldeasturias.com\\\/noticias\\\/category\\\/sucesos\\\/#listItem\",\"name\":\"Sucesos\"}}]},{\"@type\":\"Organization\",\"@id\":\"https:\\\/\\\/www.eldigitaldeasturias.com\\\/noticias\\\/#organization\",\"name\":\"El Digital de Asturias\",\"description\":\"Hemeroteca\",\"url\":\"https:\\\/\\\/www.eldigitaldeasturias.com\\\/noticias\\\/\",\"email\":\"info@eldigitaldeasturias.com\",\"telephone\":\"+34652131393\",\"logo\":{\"@type\":\"ImageObject\",\"url\":\"https:\\\/\\\/www.eldigitaldeasturias.com\\\/noticias\\\/wp-content\\\/uploads\\\/2020\\\/12\\\/EDA.jpg\",\"@id\":\"https:\\\/\\\/www.eldigitaldeasturias.com\\\/noticias\\\/la-audiencia-nacional-rechaza-el-recurso-de-bfa-contra-la-investigacion-de-preferentes\\\/#organizationLogo\"},\"image\":{\"@id\":\"https:\\\/\\\/www.eldigitaldeasturias.com\\\/noticias\\\/la-audiencia-nacional-rechaza-el-recurso-de-bfa-contra-la-investigacion-de-preferentes\\\/#organizationLogo\"},\"sameAs\":[\"https:\\\/\\\/facebook.com\\\/eldigitaldeasturias\",\"https:\\\/\\\/www.youtube.com\\\/channel\\\/UCZP-2wLEB9Rv6erhFmqVnvg\"],\"address\":{\"@id\":\"https:\\\/\\\/www.eldigitaldeasturias.com\\\/noticias\\\/#postaladdress\",\"@type\":\"PostalAddress\",\"streetAddress\":\"san antonio 4\",\"postalCode\":\"33430\",\"addressLocality\":\"Cand\\u00e1s\",\"addressRegion\":\"Asturias\",\"addressCountry\":\"ES\"}},{\"@type\":\"Person\",\"@id\":\"https:\\\/\\\/www.eldigitaldeasturias.com\\\/noticias\\\/author\\\/admin\\\/#author\",\"url\":\"https:\\\/\\\/www.eldigitaldeasturias.com\\\/noticias\\\/author\\\/admin\\\/\",\"name\":\"El Digital de Asturias\",\"image\":{\"@type\":\"ImageObject\",\"@id\":\"https:\\\/\\\/www.eldigitaldeasturias.com\\\/noticias\\\/la-audiencia-nacional-rechaza-el-recurso-de-bfa-contra-la-investigacion-de-preferentes\\\/#authorImage\",\"url\":\"https:\\\/\\\/secure.gravatar.com\\\/avatar\\\/df2aeffc32bcd13f8d26072ef8a91b623d677766deac7f97ca815868cd41bf5e?s=96&d=mm&r=g\",\"width\":96,\"height\":96,\"caption\":\"El Digital de Asturias\"}},{\"@type\":\"WebPage\",\"@id\":\"https:\\\/\\\/www.eldigitaldeasturias.com\\\/noticias\\\/la-audiencia-nacional-rechaza-el-recurso-de-bfa-contra-la-investigacion-de-preferentes\\\/#webpage\",\"url\":\"https:\\\/\\\/www.eldigitaldeasturias.com\\\/noticias\\\/la-audiencia-nacional-rechaza-el-recurso-de-bfa-contra-la-investigacion-de-preferentes\\\/\",\"name\":\"La Audiencia Nacional rechaza el recurso de BFA contra la investigaci\\u00f3n de preferentes - El Digital de Asturias\",\"description\":\"Madrid, 28 nov (EFE).- La Audiencia Nacional ha desestimado el recurso de BFA, la matriz de Bankia, contra la decisi\\u00f3n del juez Fernando Andreu de iniciar una investigaci\\u00f3n por la comercializaci\\u00f3n de participaciones preferentes ya que la entidad no figura como querellada y, por tanto, no est\\u00e1 legitimada para ello. La secci\\u00f3n tercera de la\",\"inLanguage\":\"es-ES\",\"isPartOf\":{\"@id\":\"https:\\\/\\\/www.eldigitaldeasturias.com\\\/noticias\\\/#website\"},\"breadcrumb\":{\"@id\":\"https:\\\/\\\/www.eldigitaldeasturias.com\\\/noticias\\\/la-audiencia-nacional-rechaza-el-recurso-de-bfa-contra-la-investigacion-de-preferentes\\\/#breadcrumblist\"},\"author\":{\"@id\":\"https:\\\/\\\/www.eldigitaldeasturias.com\\\/noticias\\\/author\\\/admin\\\/#author\"},\"creator\":{\"@id\":\"https:\\\/\\\/www.eldigitaldeasturias.com\\\/noticias\\\/author\\\/admin\\\/#author\"},\"image\":{\"@type\":\"ImageObject\",\"url\":455445,\"@id\":\"https:\\\/\\\/www.eldigitaldeasturias.com\\\/noticias\\\/la-audiencia-nacional-rechaza-el-recurso-de-bfa-contra-la-investigacion-de-preferentes\\\/#mainImage\"},\"primaryImageOfPage\":{\"@id\":\"https:\\\/\\\/www.eldigitaldeasturias.com\\\/noticias\\\/la-audiencia-nacional-rechaza-el-recurso-de-bfa-contra-la-investigacion-de-preferentes\\\/#mainImage\"},\"datePublished\":\"2013-11-28T20:26:50+01:00\",\"dateModified\":\"2013-11-28T20:26:50+01:00\"},{\"@type\":\"WebSite\",\"@id\":\"https:\\\/\\\/www.eldigitaldeasturias.com\\\/noticias\\\/#website\",\"url\":\"https:\\\/\\\/www.eldigitaldeasturias.com\\\/noticias\\\/\",\"name\":\"El Digital de Asturias - Diario de actualidad y noticias\",\"alternateName\":\"El Digital de Asturias - Diario de actualidad y noticias\",\"description\":\"Hemeroteca\",\"inLanguage\":\"es-ES\",\"publisher\":{\"@id\":\"https:\\\/\\\/www.eldigitaldeasturias.com\\\/noticias\\\/#organization\"}}]}\n\t\t<\/script>\n\t\t<!-- All in One SEO Pro -->\r\n\t\t<title>La Audiencia Nacional rechaza el recurso de BFA contra la investigaci\u00f3n de preferentes - El Digital de Asturias<\/title>\n\n","aioseo_head_json":{"title":"La Audiencia Nacional rechaza el recurso de BFA contra la investigaci\u00f3n de preferentes - El Digital de Asturias","description":"Madrid, 28 nov (EFE).- La Audiencia Nacional ha desestimado el recurso de BFA, la matriz de Bankia, contra la decisi\u00f3n del juez Fernando Andreu de iniciar una investigaci\u00f3n por la comercializaci\u00f3n de participaciones preferentes ya que la entidad no figura como querellada y, por tanto, no est\u00e1 legitimada para ello. La secci\u00f3n tercera de la","canonical_url":"https:\/\/www.eldigitaldeasturias.com\/noticias\/la-audiencia-nacional-rechaza-el-recurso-de-bfa-contra-la-investigacion-de-preferentes\/","robots":"max-image-preview:large","keywords":"sucesos","webmasterTools":{"google-site-verification":"UA-38556648-1","msvalidate.01":"7dfe9f3f1b24437ab69f4f2559babe99","miscellaneous":""},"schema":{"@context":"https:\/\/schema.org","@graph":[{"@type":"BlogPosting","@id":"https:\/\/www.eldigitaldeasturias.com\/noticias\/la-audiencia-nacional-rechaza-el-recurso-de-bfa-contra-la-investigacion-de-preferentes\/#blogposting","name":"La Audiencia Nacional rechaza el recurso de BFA contra la investigaci\u00f3n de preferentes - El Digital de Asturias","headline":"La Audiencia Nacional rechaza el recurso de BFA contra la investigaci\u00f3n de preferentes","author":{"@id":"https:\/\/www.eldigitaldeasturias.com\/noticias\/author\/admin\/#author"},"publisher":{"@id":"https:\/\/www.eldigitaldeasturias.com\/noticias\/#organization"},"image":{"@type":"ImageObject","url":455445},"datePublished":"2013-11-28T20:26:50+01:00","dateModified":"2013-11-28T20:26:50+01:00","inLanguage":"es-ES","mainEntityOfPage":{"@id":"https:\/\/www.eldigitaldeasturias.com\/noticias\/la-audiencia-nacional-rechaza-el-recurso-de-bfa-contra-la-investigacion-de-preferentes\/#webpage"},"isPartOf":{"@id":"https:\/\/www.eldigitaldeasturias.com\/noticias\/la-audiencia-nacional-rechaza-el-recurso-de-bfa-contra-la-investigacion-de-preferentes\/#webpage"},"articleSection":"Sucesos"},{"@type":"BreadcrumbList","@id":"https:\/\/www.eldigitaldeasturias.com\/noticias\/la-audiencia-nacional-rechaza-el-recurso-de-bfa-contra-la-investigacion-de-preferentes\/#breadcrumblist","itemListElement":[{"@type":"ListItem","@id":"https:\/\/www.eldigitaldeasturias.com\/noticias#listItem","position":1,"name":"Home","item":"https:\/\/www.eldigitaldeasturias.com\/noticias","nextItem":{"@type":"ListItem","@id":"https:\/\/www.eldigitaldeasturias.com\/noticias\/category\/sucesos\/#listItem","name":"Sucesos"}},{"@type":"ListItem","@id":"https:\/\/www.eldigitaldeasturias.com\/noticias\/category\/sucesos\/#listItem","position":2,"name":"Sucesos","item":"https:\/\/www.eldigitaldeasturias.com\/noticias\/category\/sucesos\/","nextItem":{"@type":"ListItem","@id":"https:\/\/www.eldigitaldeasturias.com\/noticias\/la-audiencia-nacional-rechaza-el-recurso-de-bfa-contra-la-investigacion-de-preferentes\/#listItem","name":"La Audiencia Nacional rechaza el recurso de BFA contra la investigaci\u00f3n de preferentes"},"previousItem":{"@type":"ListItem","@id":"https:\/\/www.eldigitaldeasturias.com\/noticias#listItem","name":"Home"}},{"@type":"ListItem","@id":"https:\/\/www.eldigitaldeasturias.com\/noticias\/la-audiencia-nacional-rechaza-el-recurso-de-bfa-contra-la-investigacion-de-preferentes\/#listItem","position":3,"name":"La Audiencia Nacional rechaza el recurso de BFA contra la investigaci\u00f3n de preferentes","previousItem":{"@type":"ListItem","@id":"https:\/\/www.eldigitaldeasturias.com\/noticias\/category\/sucesos\/#listItem","name":"Sucesos"}}]},{"@type":"Organization","@id":"https:\/\/www.eldigitaldeasturias.com\/noticias\/#organization","name":"El Digital de Asturias","description":"Hemeroteca","url":"https:\/\/www.eldigitaldeasturias.com\/noticias\/","email":"info@eldigitaldeasturias.com","telephone":"+34652131393","logo":{"@type":"ImageObject","url":"https:\/\/www.eldigitaldeasturias.com\/noticias\/wp-content\/uploads\/2020\/12\/EDA.jpg","@id":"https:\/\/www.eldigitaldeasturias.com\/noticias\/la-audiencia-nacional-rechaza-el-recurso-de-bfa-contra-la-investigacion-de-preferentes\/#organizationLogo"},"image":{"@id":"https:\/\/www.eldigitaldeasturias.com\/noticias\/la-audiencia-nacional-rechaza-el-recurso-de-bfa-contra-la-investigacion-de-preferentes\/#organizationLogo"},"sameAs":["https:\/\/facebook.com\/eldigitaldeasturias","https:\/\/www.youtube.com\/channel\/UCZP-2wLEB9Rv6erhFmqVnvg"],"address":{"@id":"https:\/\/www.eldigitaldeasturias.com\/noticias\/#postaladdress","@type":"PostalAddress","streetAddress":"san antonio 4","postalCode":"33430","addressLocality":"Cand\u00e1s","addressRegion":"Asturias","addressCountry":"ES"}},{"@type":"Person","@id":"https:\/\/www.eldigitaldeasturias.com\/noticias\/author\/admin\/#author","url":"https:\/\/www.eldigitaldeasturias.com\/noticias\/author\/admin\/","name":"El Digital de Asturias","image":{"@type":"ImageObject","@id":"https:\/\/www.eldigitaldeasturias.com\/noticias\/la-audiencia-nacional-rechaza-el-recurso-de-bfa-contra-la-investigacion-de-preferentes\/#authorImage","url":"https:\/\/secure.gravatar.com\/avatar\/df2aeffc32bcd13f8d26072ef8a91b623d677766deac7f97ca815868cd41bf5e?s=96&d=mm&r=g","width":96,"height":96,"caption":"El Digital de Asturias"}},{"@type":"WebPage","@id":"https:\/\/www.eldigitaldeasturias.com\/noticias\/la-audiencia-nacional-rechaza-el-recurso-de-bfa-contra-la-investigacion-de-preferentes\/#webpage","url":"https:\/\/www.eldigitaldeasturias.com\/noticias\/la-audiencia-nacional-rechaza-el-recurso-de-bfa-contra-la-investigacion-de-preferentes\/","name":"La Audiencia Nacional rechaza el recurso de BFA contra la investigaci\u00f3n de preferentes - El Digital de Asturias","description":"Madrid, 28 nov (EFE).- La Audiencia Nacional ha desestimado el recurso de BFA, la matriz de Bankia, contra la decisi\u00f3n del juez Fernando Andreu de iniciar una investigaci\u00f3n por la comercializaci\u00f3n de participaciones preferentes ya que la entidad no figura como querellada y, por tanto, no est\u00e1 legitimada para ello. La secci\u00f3n tercera de la","inLanguage":"es-ES","isPartOf":{"@id":"https:\/\/www.eldigitaldeasturias.com\/noticias\/#website"},"breadcrumb":{"@id":"https:\/\/www.eldigitaldeasturias.com\/noticias\/la-audiencia-nacional-rechaza-el-recurso-de-bfa-contra-la-investigacion-de-preferentes\/#breadcrumblist"},"author":{"@id":"https:\/\/www.eldigitaldeasturias.com\/noticias\/author\/admin\/#author"},"creator":{"@id":"https:\/\/www.eldigitaldeasturias.com\/noticias\/author\/admin\/#author"},"image":{"@type":"ImageObject","url":455445,"@id":"https:\/\/www.eldigitaldeasturias.com\/noticias\/la-audiencia-nacional-rechaza-el-recurso-de-bfa-contra-la-investigacion-de-preferentes\/#mainImage"},"primaryImageOfPage":{"@id":"https:\/\/www.eldigitaldeasturias.com\/noticias\/la-audiencia-nacional-rechaza-el-recurso-de-bfa-contra-la-investigacion-de-preferentes\/#mainImage"},"datePublished":"2013-11-28T20:26:50+01:00","dateModified":"2013-11-28T20:26:50+01:00"},{"@type":"WebSite","@id":"https:\/\/www.eldigitaldeasturias.com\/noticias\/#website","url":"https:\/\/www.eldigitaldeasturias.com\/noticias\/","name":"El Digital de Asturias - Diario de actualidad y noticias","alternateName":"El Digital de Asturias - Diario de actualidad y noticias","description":"Hemeroteca","inLanguage":"es-ES","publisher":{"@id":"https:\/\/www.eldigitaldeasturias.com\/noticias\/#organization"}}]},"og:locale":"es_ES","og:site_name":"El Digital de Asturias","og:type":"article","og:title":"La Audiencia Nacional rechaza el recurso de BFA contra la investigaci\u00f3n de preferentes - El Digital de Asturias","og:description":"Madrid, 28 nov (EFE).- La Audiencia Nacional ha desestimado el recurso de BFA, la matriz de Bankia, contra la decisi\u00f3n del juez Fernando Andreu de iniciar una investigaci\u00f3n por la comercializaci\u00f3n de participaciones preferentes ya que la entidad no figura como querellada y, por tanto, no est\u00e1 legitimada para ello. La secci\u00f3n tercera de la","og:url":"https:\/\/www.eldigitaldeasturias.com\/noticias\/la-audiencia-nacional-rechaza-el-recurso-de-bfa-contra-la-investigacion-de-preferentes\/","article:tag":["sucesos"],"article:published_time":"2013-11-28T21:26:50+00:00","article:modified_time":"2013-11-28T21:26:50+00:00","article:publisher":"https:\/\/facebook.com\/eldigitaldeasturias","twitter:card":"summary_large_image","twitter:title":"La Audiencia Nacional rechaza el recurso de BFA contra la investigaci\u00f3n de preferentes - El Digital de Asturias","twitter:description":"Madrid, 28 nov (EFE).- La Audiencia Nacional ha desestimado el recurso de BFA, la matriz de Bankia, contra la decisi\u00f3n del juez Fernando Andreu de iniciar una investigaci\u00f3n por la comercializaci\u00f3n de participaciones preferentes ya que la entidad no figura como querellada y, por tanto, no est\u00e1 legitimada para ello. La secci\u00f3n tercera de la","twitter:label1":"Escrito por","twitter:data1":"El Digital de Asturias","twitter:label2":"Tiempo de lectura estimado","twitter:data2":"1 minuto"},"aioseo_meta_data":{"post_id":"455444","title":null,"description":null,"keywords":null,"keyphrases":null,"primary_term":null,"canonical_url":null,"og_title":null,"og_description":null,"og_object_type":"default","og_image_type":"default","og_image_url":null,"og_image_width":null,"og_image_height":null,"og_image_custom_url":null,"og_image_custom_fields":null,"og_video":null,"og_custom_url":null,"og_article_section":null,"og_article_tags":null,"twitter_use_og":true,"twitter_card":"default","twitter_image_type":"default","twitter_image_url":null,"twitter_image_custom_url":null,"twitter_image_custom_fields":null,"twitter_title":null,"twitter_description":null,"schema":{"blockGraphs":[],"customGraphs":[],"default":{"data":{"Article":[],"Course":[],"Dataset":[],"FAQPage":[],"Movie":[],"Person":[],"Product":[],"ProductReview":[],"Car":[],"Recipe":[],"Service":[],"SoftwareApplication":[],"WebPage":[]},"graphName":"","isEnabled":true},"graphs":[],"defaultGraph":"","defaultPostTypeGraph":""},"schema_type":null,"schema_type_options":null,"pillar_content":false,"robots_default":true,"robots_noindex":false,"robots_noarchive":false,"robots_nosnippet":false,"robots_nofollow":false,"robots_noimageindex":false,"robots_noodp":false,"robots_notranslate":false,"robots_max_snippet":null,"robots_max_videopreview":null,"robots_max_imagepreview":"none","priority":null,"frequency":null,"local_seo":null,"seo_analyzer_scan_date":"2026-05-29 18:18:40","breadcrumb_settings":null,"limit_modified_date":false,"open_ai":null,"ai":null,"created":"2020-11-14 22:45:19","updated":"2026-05-29 18:18:40","focus_keyword":null,"additional_keywords":null,"truseo_locale":null},"aioseo_breadcrumb":"<div class=\"aioseo-breadcrumbs\"><span class=\"aioseo-breadcrumb\">\n\t<a href=\"https:\/\/www.eldigitaldeasturias.com\/noticias\" title=\"Home\">Home<\/a>\n<\/span><span class=\"aioseo-breadcrumb-separator\">\u2013<\/span><span class=\"aioseo-breadcrumb\">\n\t<a href=\"https:\/\/www.eldigitaldeasturias.com\/noticias\/category\/sucesos\/\" title=\"Sucesos\">Sucesos<\/a>\n<\/span><span class=\"aioseo-breadcrumb-separator\">\u2013<\/span><span class=\"aioseo-breadcrumb\">\n\t<a href=\"https:\/\/www.eldigitaldeasturias.com\/noticias\/la-audiencia-nacional-rechaza-el-recurso-de-bfa-contra-la-investigacion-de-preferentes\/\" title=\"La Audiencia Nacional rechaza el recurso de BFA contra la investigaci\u00f3n de preferentes\">La Audiencia Nacional rechaza el recurso de BFA contra la investigaci\u00f3n de preferentes<\/a>\n<\/span><\/div>","aioseo_breadcrumb_json":[{"label":"Home","link":"https:\/\/www.eldigitaldeasturias.com\/noticias"},{"label":"Sucesos","link":"https:\/\/www.eldigitaldeasturias.com\/noticias\/category\/sucesos\/"},{"label":"La Audiencia Nacional rechaza el recurso de BFA contra la investigaci\u00f3n de preferentes","link":"https:\/\/www.eldigitaldeasturias.com\/noticias\/la-audiencia-nacional-rechaza-el-recurso-de-bfa-contra-la-investigacion-de-preferentes\/"}],"_links":{"self":[{"href":"https:\/\/www.eldigitaldeasturias.com\/noticias\/wp-json\/wp\/v2\/posts\/455444","targetHints":{"allow":["GET"]}}],"collection":[{"href":"https:\/\/www.eldigitaldeasturias.com\/noticias\/wp-json\/wp\/v2\/posts"}],"about":[{"href":"https:\/\/www.eldigitaldeasturias.com\/noticias\/wp-json\/wp\/v2\/types\/post"}],"author":[{"embeddable":true,"href":"https:\/\/www.eldigitaldeasturias.com\/noticias\/wp-json\/wp\/v2\/users\/1"}],"replies":[{"embeddable":true,"href":"https:\/\/www.eldigitaldeasturias.com\/noticias\/wp-json\/wp\/v2\/comments?post=455444"}],"version-history":[{"count":0,"href":"https:\/\/www.eldigitaldeasturias.com\/noticias\/wp-json\/wp\/v2\/posts\/455444\/revisions"}],"wp:attachment":[{"href":"https:\/\/www.eldigitaldeasturias.com\/noticias\/wp-json\/wp\/v2\/media?parent=455444"}],"wp:term":[{"taxonomy":"category","embeddable":true,"href":"https:\/\/www.eldigitaldeasturias.com\/noticias\/wp-json\/wp\/v2\/categories?post=455444"},{"taxonomy":"post_tag","embeddable":true,"href":"https:\/\/www.eldigitaldeasturias.com\/noticias\/wp-json\/wp\/v2\/tags?post=455444"}],"curies":[{"name":"wp","href":"https:\/\/api.w.org\/{rel}","templated":true}]}}