{"id":455441,"date":"2013-11-28T20:25:24","date_gmt":"2013-11-28T21:25:24","guid":{"rendered":"http:\/\/www.eldigitaldeasturias.com\/noticias\/?p=455441"},"modified":"2013-11-28T20:25:24","modified_gmt":"2013-11-28T21:25:24","slug":"francia-entrega-al-asesino-de-ordonez-y-al-secuestrador-de-ortega-lara","status":"publish","type":"post","link":"https:\/\/www.eldigitaldeasturias.com\/noticias\/francia-entrega-al-asesino-de-ordonez-y-al-secuestrador-de-ortega-lara\/","title":{"rendered":"Francia entrega al asesino de Ord\u00f3\u00f1ez y al secuestrador de Ortega Lara"},"content":{"rendered":"<p><img loading=\"lazy\" decoding=\"async\" class=\"alignleft size-medium wp-image-455442\" alt=\"5759780w\" src=\"https:\/\/www.eldigitaldeasturias.com\/noticias\/wp-content\/uploads\/2013\/11\/5759780w-360x260.jpg\" width=\"360\" height=\"260\" \/>Madrid, 28 nov (EFE).- Las autoridades francesas entregar\u00e1n hoy a las espa\u00f1olas a los etarras Juan Ram\u00f3n Carasatorre Aldaz, condenado por el asesinato en 1995 del concejal del PP Gregorio Ord\u00f3\u00f1ez, y a Juli\u00e1n Atxurra Egurola, considerado n\u00famero tres de la banda y que orden\u00f3 el secuestro de Jos\u00e9 Antonio Ortega Lara en 1996.<\/p>\n<p>Seg\u00fan han informado fuentes jur\u00eddicas, Carasatorre, apodado \u00abZapata\u00bb, est\u00e1 reclamado por Espa\u00f1a para cumplir tres condenas y tiene otros tres juicios pendientes en la secci\u00f3n segunda de la Sala de lo Penal de la Audiencia Nacional.<\/p>\n<p>Tambi\u00e9n est\u00e1 siendo investigado por el juez Pablo Ruz en otra causa abierta, por la que comparecer\u00e1 ma\u00f1ana en la Audiencia Nacional.<\/p>\n<p>En 2011, la Audiencia Nacional le conden\u00f3 a 30 a\u00f1os de c\u00e1rcel por el asesinato en 1995 del concejal del PP en San Sebasti\u00e1n Gregorio Ord\u00f3\u00f1ez como miembro del \u00abcomando Donosti\u00bb y a otros 10 a\u00f1os por un delito de estragos terroristas por su intervenci\u00f3n en un ataque con lanzagranadas contra la sede del Gobierno Civil de Guip\u00fazcoa en San Sebasti\u00e1n en julio de 1995.<\/p>\n<p>En septiembre de 1995, el etarra huy\u00f3 a Francia y empez\u00f3 a impartir \u00abcursillos\u00bb de armas y explosivos. Su detenci\u00f3n se produjo en la localidad francesa de Auch el 12 de diciembre de 2001.<\/p>\n<p>Tambi\u00e9n ser\u00e1 entregado a Espa\u00f1a Juli\u00e1n Atxurra Egurola, alias \u00abPototo\u00bb, que tiene pendientes en Espa\u00f1a nueve sentencias condenatorias, que deber\u00e1 ahora cumplir una vez las autoridades francesas lo entreguen.<\/p>\n<p>Como jefe del \u00abcomando Gohierri\u00bb, fue condenado en 2005 a 32 a\u00f1os de c\u00e1rcel por ordenar el secuestro del funcionario de prisiones Jos\u00e9 Antonio Ortega Lara en 1996.<\/p>\n<p>Este etarra era el dirigente del aparato de log\u00edstica de ETA cuando fue detenido en una granja aislada de Lasseube (Pa\u00eds vasco franc\u00e9s) en 1996 y estaba considerado como \u00abn\u00famero tres\u00bb de la banda.<\/p>\n<p>En 2002 fue sentenciado por la Audiencia Nacional a 28 a\u00f1os de c\u00e1rcel por el asesinato del polic\u00eda nacional Julio S\u00e1nchez Rodr\u00edguez en 1986, en un atentado perpetrado por el \u00abcomando Vizcaya\u00bb, al que perteneci\u00f3 durante un tiempo.<\/p>\n<p>Ese mismo a\u00f1o, la Audiencia Nacional le conden\u00f3 a otros 46 a\u00f1os de c\u00e1rcel por dos atentados frustrados en 1986 contra el cuartel de la Guardia Civil en Durango (Vizcaya) y contra un guardia civil en Barakaldo.<\/p>\n<p>En Francia ya fue condenado a 10 a\u00f1os de prisi\u00f3n por pertenencia a banda armada, en un juicio contra parte de la c\u00fapula que relev\u00f3 a la direcci\u00f3n de ETA detenida en Bidart en marzo de 1992.<\/p>\n","protected":false},"excerpt":{"rendered":"<p>Madrid, 28 nov (EFE).- Las autoridades francesas entregar\u00e1n hoy a las espa\u00f1olas a los etarras Juan Ram\u00f3n Carasatorre Aldaz, condenado por el asesinato en 1995 del concejal del PP Gregorio Ord\u00f3\u00f1ez, y a Juli\u00e1n Atxurra Egurola, considerado n\u00famero tres de la banda y que orden\u00f3 el secuestro de Jos\u00e9 Antonio Ortega Lara en 1996. Seg\u00fan [&hellip;]<\/p>\n","protected":false},"author":1,"featured_media":455442,"comment_status":"open","ping_status":"open","sticky":false,"template":"","format":"standard","meta":{"footnotes":""},"categories":[5],"tags":[],"class_list":["post-455441","post","type-post","status-publish","format-standard","has-post-thumbnail","hentry","category-sucesos"],"aioseo_notices":[],"aioseo_head":"\n\t\t<!-- All in One SEO Pro 5.0.1 - aioseo.com -->\n\t<meta name=\"description\" content=\"Madrid, 28 nov (EFE).- Las autoridades francesas entregar\u00e1n hoy a las espa\u00f1olas a los etarras Juan Ram\u00f3n Carasatorre Aldaz, condenado por el asesinato en 1995 del concejal del PP Gregorio Ord\u00f3\u00f1ez, y a Juli\u00e1n Atxurra Egurola, considerado n\u00famero tres de la banda y que orden\u00f3 el secuestro de Jos\u00e9 Antonio Ortega Lara en 1996. Seg\u00fan\" \/>\n\t<meta name=\"robots\" content=\"max-image-preview:large\" \/>\n\t<meta name=\"author\" content=\"El Digital de Asturias\"\/>\n\t<meta name=\"google-site-verification\" content=\"UA-38556648-1\" \/>\n\t<meta name=\"msvalidate.01\" content=\"7dfe9f3f1b24437ab69f4f2559babe99\" \/>\n\t<meta name=\"keywords\" content=\"sucesos\" \/>\n\t<link rel=\"canonical\" href=\"https:\/\/www.eldigitaldeasturias.com\/noticias\/francia-entrega-al-asesino-de-ordonez-y-al-secuestrador-de-ortega-lara\/\" \/>\n\t<meta name=\"generator\" content=\"All in One SEO Pro (AIOSEO) 5.0.1\" \/>\n\t\t<meta property=\"og:locale\" content=\"es_ES\" \/>\n\t\t<meta property=\"og:site_name\" content=\"El Digital de Asturias\" \/>\n\t\t<meta property=\"og:type\" content=\"article\" \/>\n\t\t<meta property=\"og:title\" content=\"Francia entrega al asesino de Ord\u00f3\u00f1ez y al secuestrador de Ortega Lara - El Digital de Asturias\" \/>\n\t\t<meta property=\"og:description\" content=\"Madrid, 28 nov (EFE).- Las autoridades francesas entregar\u00e1n hoy a las espa\u00f1olas a los etarras Juan Ram\u00f3n Carasatorre Aldaz, condenado por el asesinato en 1995 del concejal del PP Gregorio Ord\u00f3\u00f1ez, y a Juli\u00e1n Atxurra Egurola, considerado n\u00famero tres de la banda y que orden\u00f3 el secuestro de Jos\u00e9 Antonio Ortega Lara en 1996. Seg\u00fan\" \/>\n\t\t<meta property=\"og:url\" content=\"https:\/\/www.eldigitaldeasturias.com\/noticias\/francia-entrega-al-asesino-de-ordonez-y-al-secuestrador-de-ortega-lara\/\" \/>\n\t\t<meta property=\"article:tag\" content=\"sucesos\" \/>\n\t\t<meta property=\"article:published_time\" content=\"2013-11-28T21:25:24+00:00\" \/>\n\t\t<meta property=\"article:modified_time\" content=\"2013-11-28T21:25:24+00:00\" \/>\n\t\t<meta property=\"article:publisher\" content=\"https:\/\/facebook.com\/eldigitaldeasturias\" \/>\n\t\t<meta name=\"twitter:card\" content=\"summary_large_image\" \/>\n\t\t<meta name=\"twitter:title\" content=\"Francia entrega al asesino de Ord\u00f3\u00f1ez y al secuestrador de Ortega Lara - El Digital de Asturias\" \/>\n\t\t<meta name=\"twitter:description\" content=\"Madrid, 28 nov (EFE).- Las autoridades francesas entregar\u00e1n hoy a las espa\u00f1olas a los etarras Juan Ram\u00f3n Carasatorre Aldaz, condenado por el asesinato en 1995 del concejal del PP Gregorio Ord\u00f3\u00f1ez, y a Juli\u00e1n Atxurra Egurola, considerado n\u00famero tres de la banda y que orden\u00f3 el secuestro de Jos\u00e9 Antonio Ortega Lara en 1996. Seg\u00fan\" \/>\n\t\t<meta name=\"twitter:label1\" content=\"Escrito por\" \/>\n\t\t<meta name=\"twitter:data1\" content=\"El Digital de Asturias\" \/>\n\t\t<meta name=\"twitter:label2\" content=\"Tiempo de lectura estimado\" \/>\n\t\t<meta name=\"twitter:data2\" content=\"2 minutos\" \/>\n\t\t<script type=\"application\/ld+json\" class=\"aioseo-schema\">\n\t\t\t{\"@context\":\"https:\\\/\\\/schema.org\",\"@graph\":[{\"@type\":\"BlogPosting\",\"@id\":\"https:\\\/\\\/www.eldigitaldeasturias.com\\\/noticias\\\/francia-entrega-al-asesino-de-ordonez-y-al-secuestrador-de-ortega-lara\\\/#blogposting\",\"name\":\"Francia entrega al asesino de Ord\\u00f3\\u00f1ez y al secuestrador de Ortega Lara - El Digital de Asturias\",\"headline\":\"Francia entrega al asesino de Ord\\u00f3\\u00f1ez y al secuestrador de Ortega Lara\",\"author\":{\"@id\":\"https:\\\/\\\/www.eldigitaldeasturias.com\\\/noticias\\\/author\\\/admin\\\/#author\"},\"publisher\":{\"@id\":\"https:\\\/\\\/www.eldigitaldeasturias.com\\\/noticias\\\/#organization\"},\"image\":{\"@type\":\"ImageObject\",\"url\":455442},\"datePublished\":\"2013-11-28T20:25:24+01:00\",\"dateModified\":\"2013-11-28T20:25:24+01:00\",\"inLanguage\":\"es-ES\",\"mainEntityOfPage\":{\"@id\":\"https:\\\/\\\/www.eldigitaldeasturias.com\\\/noticias\\\/francia-entrega-al-asesino-de-ordonez-y-al-secuestrador-de-ortega-lara\\\/#webpage\"},\"isPartOf\":{\"@id\":\"https:\\\/\\\/www.eldigitaldeasturias.com\\\/noticias\\\/francia-entrega-al-asesino-de-ordonez-y-al-secuestrador-de-ortega-lara\\\/#webpage\"},\"articleSection\":\"Sucesos\"},{\"@type\":\"BreadcrumbList\",\"@id\":\"https:\\\/\\\/www.eldigitaldeasturias.com\\\/noticias\\\/francia-entrega-al-asesino-de-ordonez-y-al-secuestrador-de-ortega-lara\\\/#breadcrumblist\",\"itemListElement\":[{\"@type\":\"ListItem\",\"@id\":\"https:\\\/\\\/www.eldigitaldeasturias.com\\\/noticias#listItem\",\"position\":1,\"name\":\"Home\",\"item\":\"https:\\\/\\\/www.eldigitaldeasturias.com\\\/noticias\",\"nextItem\":{\"@type\":\"ListItem\",\"@id\":\"https:\\\/\\\/www.eldigitaldeasturias.com\\\/noticias\\\/category\\\/sucesos\\\/#listItem\",\"name\":\"Sucesos\"}},{\"@type\":\"ListItem\",\"@id\":\"https:\\\/\\\/www.eldigitaldeasturias.com\\\/noticias\\\/category\\\/sucesos\\\/#listItem\",\"position\":2,\"name\":\"Sucesos\",\"item\":\"https:\\\/\\\/www.eldigitaldeasturias.com\\\/noticias\\\/category\\\/sucesos\\\/\",\"nextItem\":{\"@type\":\"ListItem\",\"@id\":\"https:\\\/\\\/www.eldigitaldeasturias.com\\\/noticias\\\/francia-entrega-al-asesino-de-ordonez-y-al-secuestrador-de-ortega-lara\\\/#listItem\",\"name\":\"Francia entrega al asesino de Ord\\u00f3\\u00f1ez y al secuestrador de Ortega Lara\"},\"previousItem\":{\"@type\":\"ListItem\",\"@id\":\"https:\\\/\\\/www.eldigitaldeasturias.com\\\/noticias#listItem\",\"name\":\"Home\"}},{\"@type\":\"ListItem\",\"@id\":\"https:\\\/\\\/www.eldigitaldeasturias.com\\\/noticias\\\/francia-entrega-al-asesino-de-ordonez-y-al-secuestrador-de-ortega-lara\\\/#listItem\",\"position\":3,\"name\":\"Francia entrega al asesino de Ord\\u00f3\\u00f1ez y al secuestrador de Ortega Lara\",\"previousItem\":{\"@type\":\"ListItem\",\"@id\":\"https:\\\/\\\/www.eldigitaldeasturias.com\\\/noticias\\\/category\\\/sucesos\\\/#listItem\",\"name\":\"Sucesos\"}}]},{\"@type\":\"Organization\",\"@id\":\"https:\\\/\\\/www.eldigitaldeasturias.com\\\/noticias\\\/#organization\",\"name\":\"El Digital de Asturias\",\"description\":\"Hemeroteca\",\"url\":\"https:\\\/\\\/www.eldigitaldeasturias.com\\\/noticias\\\/\",\"email\":\"info@eldigitaldeasturias.com\",\"telephone\":\"+34652131393\",\"logo\":{\"@type\":\"ImageObject\",\"url\":\"https:\\\/\\\/www.eldigitaldeasturias.com\\\/noticias\\\/wp-content\\\/uploads\\\/2020\\\/12\\\/EDA.jpg\",\"@id\":\"https:\\\/\\\/www.eldigitaldeasturias.com\\\/noticias\\\/francia-entrega-al-asesino-de-ordonez-y-al-secuestrador-de-ortega-lara\\\/#organizationLogo\"},\"image\":{\"@id\":\"https:\\\/\\\/www.eldigitaldeasturias.com\\\/noticias\\\/francia-entrega-al-asesino-de-ordonez-y-al-secuestrador-de-ortega-lara\\\/#organizationLogo\"},\"sameAs\":[\"https:\\\/\\\/facebook.com\\\/eldigitaldeasturias\",\"https:\\\/\\\/www.youtube.com\\\/channel\\\/UCZP-2wLEB9Rv6erhFmqVnvg\"],\"address\":{\"@id\":\"https:\\\/\\\/www.eldigitaldeasturias.com\\\/noticias\\\/#postaladdress\",\"@type\":\"PostalAddress\",\"streetAddress\":\"san antonio 4\",\"postalCode\":\"33430\",\"addressLocality\":\"Cand\\u00e1s\",\"addressRegion\":\"Asturias\",\"addressCountry\":\"ES\"}},{\"@type\":\"Person\",\"@id\":\"https:\\\/\\\/www.eldigitaldeasturias.com\\\/noticias\\\/author\\\/admin\\\/#author\",\"url\":\"https:\\\/\\\/www.eldigitaldeasturias.com\\\/noticias\\\/author\\\/admin\\\/\",\"name\":\"El Digital de Asturias\",\"image\":{\"@type\":\"ImageObject\",\"@id\":\"https:\\\/\\\/www.eldigitaldeasturias.com\\\/noticias\\\/francia-entrega-al-asesino-de-ordonez-y-al-secuestrador-de-ortega-lara\\\/#authorImage\",\"url\":\"https:\\\/\\\/secure.gravatar.com\\\/avatar\\\/df2aeffc32bcd13f8d26072ef8a91b623d677766deac7f97ca815868cd41bf5e?s=96&d=mm&r=g\",\"width\":96,\"height\":96,\"caption\":\"El Digital de Asturias\"}},{\"@type\":\"WebPage\",\"@id\":\"https:\\\/\\\/www.eldigitaldeasturias.com\\\/noticias\\\/francia-entrega-al-asesino-de-ordonez-y-al-secuestrador-de-ortega-lara\\\/#webpage\",\"url\":\"https:\\\/\\\/www.eldigitaldeasturias.com\\\/noticias\\\/francia-entrega-al-asesino-de-ordonez-y-al-secuestrador-de-ortega-lara\\\/\",\"name\":\"Francia entrega al asesino de Ord\\u00f3\\u00f1ez y al secuestrador de Ortega Lara - El Digital de Asturias\",\"description\":\"Madrid, 28 nov (EFE).- Las autoridades francesas entregar\\u00e1n hoy a las espa\\u00f1olas a los etarras Juan Ram\\u00f3n Carasatorre Aldaz, condenado por el asesinato en 1995 del concejal del PP Gregorio Ord\\u00f3\\u00f1ez, y a Juli\\u00e1n Atxurra Egurola, considerado n\\u00famero tres de la banda y que orden\\u00f3 el secuestro de Jos\\u00e9 Antonio Ortega Lara en 1996. Seg\\u00fan\",\"inLanguage\":\"es-ES\",\"isPartOf\":{\"@id\":\"https:\\\/\\\/www.eldigitaldeasturias.com\\\/noticias\\\/#website\"},\"breadcrumb\":{\"@id\":\"https:\\\/\\\/www.eldigitaldeasturias.com\\\/noticias\\\/francia-entrega-al-asesino-de-ordonez-y-al-secuestrador-de-ortega-lara\\\/#breadcrumblist\"},\"author\":{\"@id\":\"https:\\\/\\\/www.eldigitaldeasturias.com\\\/noticias\\\/author\\\/admin\\\/#author\"},\"creator\":{\"@id\":\"https:\\\/\\\/www.eldigitaldeasturias.com\\\/noticias\\\/author\\\/admin\\\/#author\"},\"image\":{\"@type\":\"ImageObject\",\"url\":455442,\"@id\":\"https:\\\/\\\/www.eldigitaldeasturias.com\\\/noticias\\\/francia-entrega-al-asesino-de-ordonez-y-al-secuestrador-de-ortega-lara\\\/#mainImage\"},\"primaryImageOfPage\":{\"@id\":\"https:\\\/\\\/www.eldigitaldeasturias.com\\\/noticias\\\/francia-entrega-al-asesino-de-ordonez-y-al-secuestrador-de-ortega-lara\\\/#mainImage\"},\"datePublished\":\"2013-11-28T20:25:24+01:00\",\"dateModified\":\"2013-11-28T20:25:24+01:00\"},{\"@type\":\"WebSite\",\"@id\":\"https:\\\/\\\/www.eldigitaldeasturias.com\\\/noticias\\\/#website\",\"url\":\"https:\\\/\\\/www.eldigitaldeasturias.com\\\/noticias\\\/\",\"name\":\"El Digital de Asturias - Diario de actualidad y noticias\",\"alternateName\":\"El Digital de Asturias - Diario de actualidad y noticias\",\"description\":\"Hemeroteca\",\"inLanguage\":\"es-ES\",\"publisher\":{\"@id\":\"https:\\\/\\\/www.eldigitaldeasturias.com\\\/noticias\\\/#organization\"}}]}\n\t\t<\/script>\n\t\t<!-- All in One SEO Pro -->\r\n\t\t<title>Francia entrega al asesino de Ord\u00f3\u00f1ez y al secuestrador de Ortega Lara - El Digital de Asturias<\/title>\n\n","aioseo_head_json":{"title":"Francia entrega al asesino de Ord\u00f3\u00f1ez y al secuestrador de Ortega Lara - El Digital de Asturias","description":"Madrid, 28 nov (EFE).- Las autoridades francesas entregar\u00e1n hoy a las espa\u00f1olas a los etarras Juan Ram\u00f3n Carasatorre Aldaz, condenado por el asesinato en 1995 del concejal del PP Gregorio Ord\u00f3\u00f1ez, y a Juli\u00e1n Atxurra Egurola, considerado n\u00famero tres de la banda y que orden\u00f3 el secuestro de Jos\u00e9 Antonio Ortega Lara en 1996. Seg\u00fan","canonical_url":"https:\/\/www.eldigitaldeasturias.com\/noticias\/francia-entrega-al-asesino-de-ordonez-y-al-secuestrador-de-ortega-lara\/","robots":"max-image-preview:large","keywords":"sucesos","webmasterTools":{"google-site-verification":"UA-38556648-1","msvalidate.01":"7dfe9f3f1b24437ab69f4f2559babe99","miscellaneous":""},"schema":{"@context":"https:\/\/schema.org","@graph":[{"@type":"BlogPosting","@id":"https:\/\/www.eldigitaldeasturias.com\/noticias\/francia-entrega-al-asesino-de-ordonez-y-al-secuestrador-de-ortega-lara\/#blogposting","name":"Francia entrega al asesino de Ord\u00f3\u00f1ez y al secuestrador de Ortega Lara - El Digital de Asturias","headline":"Francia entrega al asesino de Ord\u00f3\u00f1ez y al secuestrador de Ortega Lara","author":{"@id":"https:\/\/www.eldigitaldeasturias.com\/noticias\/author\/admin\/#author"},"publisher":{"@id":"https:\/\/www.eldigitaldeasturias.com\/noticias\/#organization"},"image":{"@type":"ImageObject","url":455442},"datePublished":"2013-11-28T20:25:24+01:00","dateModified":"2013-11-28T20:25:24+01:00","inLanguage":"es-ES","mainEntityOfPage":{"@id":"https:\/\/www.eldigitaldeasturias.com\/noticias\/francia-entrega-al-asesino-de-ordonez-y-al-secuestrador-de-ortega-lara\/#webpage"},"isPartOf":{"@id":"https:\/\/www.eldigitaldeasturias.com\/noticias\/francia-entrega-al-asesino-de-ordonez-y-al-secuestrador-de-ortega-lara\/#webpage"},"articleSection":"Sucesos"},{"@type":"BreadcrumbList","@id":"https:\/\/www.eldigitaldeasturias.com\/noticias\/francia-entrega-al-asesino-de-ordonez-y-al-secuestrador-de-ortega-lara\/#breadcrumblist","itemListElement":[{"@type":"ListItem","@id":"https:\/\/www.eldigitaldeasturias.com\/noticias#listItem","position":1,"name":"Home","item":"https:\/\/www.eldigitaldeasturias.com\/noticias","nextItem":{"@type":"ListItem","@id":"https:\/\/www.eldigitaldeasturias.com\/noticias\/category\/sucesos\/#listItem","name":"Sucesos"}},{"@type":"ListItem","@id":"https:\/\/www.eldigitaldeasturias.com\/noticias\/category\/sucesos\/#listItem","position":2,"name":"Sucesos","item":"https:\/\/www.eldigitaldeasturias.com\/noticias\/category\/sucesos\/","nextItem":{"@type":"ListItem","@id":"https:\/\/www.eldigitaldeasturias.com\/noticias\/francia-entrega-al-asesino-de-ordonez-y-al-secuestrador-de-ortega-lara\/#listItem","name":"Francia entrega al asesino de Ord\u00f3\u00f1ez y al secuestrador de Ortega Lara"},"previousItem":{"@type":"ListItem","@id":"https:\/\/www.eldigitaldeasturias.com\/noticias#listItem","name":"Home"}},{"@type":"ListItem","@id":"https:\/\/www.eldigitaldeasturias.com\/noticias\/francia-entrega-al-asesino-de-ordonez-y-al-secuestrador-de-ortega-lara\/#listItem","position":3,"name":"Francia entrega al asesino de Ord\u00f3\u00f1ez y al secuestrador de Ortega Lara","previousItem":{"@type":"ListItem","@id":"https:\/\/www.eldigitaldeasturias.com\/noticias\/category\/sucesos\/#listItem","name":"Sucesos"}}]},{"@type":"Organization","@id":"https:\/\/www.eldigitaldeasturias.com\/noticias\/#organization","name":"El Digital de Asturias","description":"Hemeroteca","url":"https:\/\/www.eldigitaldeasturias.com\/noticias\/","email":"info@eldigitaldeasturias.com","telephone":"+34652131393","logo":{"@type":"ImageObject","url":"https:\/\/www.eldigitaldeasturias.com\/noticias\/wp-content\/uploads\/2020\/12\/EDA.jpg","@id":"https:\/\/www.eldigitaldeasturias.com\/noticias\/francia-entrega-al-asesino-de-ordonez-y-al-secuestrador-de-ortega-lara\/#organizationLogo"},"image":{"@id":"https:\/\/www.eldigitaldeasturias.com\/noticias\/francia-entrega-al-asesino-de-ordonez-y-al-secuestrador-de-ortega-lara\/#organizationLogo"},"sameAs":["https:\/\/facebook.com\/eldigitaldeasturias","https:\/\/www.youtube.com\/channel\/UCZP-2wLEB9Rv6erhFmqVnvg"],"address":{"@id":"https:\/\/www.eldigitaldeasturias.com\/noticias\/#postaladdress","@type":"PostalAddress","streetAddress":"san antonio 4","postalCode":"33430","addressLocality":"Cand\u00e1s","addressRegion":"Asturias","addressCountry":"ES"}},{"@type":"Person","@id":"https:\/\/www.eldigitaldeasturias.com\/noticias\/author\/admin\/#author","url":"https:\/\/www.eldigitaldeasturias.com\/noticias\/author\/admin\/","name":"El Digital de Asturias","image":{"@type":"ImageObject","@id":"https:\/\/www.eldigitaldeasturias.com\/noticias\/francia-entrega-al-asesino-de-ordonez-y-al-secuestrador-de-ortega-lara\/#authorImage","url":"https:\/\/secure.gravatar.com\/avatar\/df2aeffc32bcd13f8d26072ef8a91b623d677766deac7f97ca815868cd41bf5e?s=96&d=mm&r=g","width":96,"height":96,"caption":"El Digital de Asturias"}},{"@type":"WebPage","@id":"https:\/\/www.eldigitaldeasturias.com\/noticias\/francia-entrega-al-asesino-de-ordonez-y-al-secuestrador-de-ortega-lara\/#webpage","url":"https:\/\/www.eldigitaldeasturias.com\/noticias\/francia-entrega-al-asesino-de-ordonez-y-al-secuestrador-de-ortega-lara\/","name":"Francia entrega al asesino de Ord\u00f3\u00f1ez y al secuestrador de Ortega Lara - El Digital de Asturias","description":"Madrid, 28 nov (EFE).- Las autoridades francesas entregar\u00e1n hoy a las espa\u00f1olas a los etarras Juan Ram\u00f3n Carasatorre Aldaz, condenado por el asesinato en 1995 del concejal del PP Gregorio Ord\u00f3\u00f1ez, y a Juli\u00e1n Atxurra Egurola, considerado n\u00famero tres de la banda y que orden\u00f3 el secuestro de Jos\u00e9 Antonio Ortega Lara en 1996. Seg\u00fan","inLanguage":"es-ES","isPartOf":{"@id":"https:\/\/www.eldigitaldeasturias.com\/noticias\/#website"},"breadcrumb":{"@id":"https:\/\/www.eldigitaldeasturias.com\/noticias\/francia-entrega-al-asesino-de-ordonez-y-al-secuestrador-de-ortega-lara\/#breadcrumblist"},"author":{"@id":"https:\/\/www.eldigitaldeasturias.com\/noticias\/author\/admin\/#author"},"creator":{"@id":"https:\/\/www.eldigitaldeasturias.com\/noticias\/author\/admin\/#author"},"image":{"@type":"ImageObject","url":455442,"@id":"https:\/\/www.eldigitaldeasturias.com\/noticias\/francia-entrega-al-asesino-de-ordonez-y-al-secuestrador-de-ortega-lara\/#mainImage"},"primaryImageOfPage":{"@id":"https:\/\/www.eldigitaldeasturias.com\/noticias\/francia-entrega-al-asesino-de-ordonez-y-al-secuestrador-de-ortega-lara\/#mainImage"},"datePublished":"2013-11-28T20:25:24+01:00","dateModified":"2013-11-28T20:25:24+01:00"},{"@type":"WebSite","@id":"https:\/\/www.eldigitaldeasturias.com\/noticias\/#website","url":"https:\/\/www.eldigitaldeasturias.com\/noticias\/","name":"El Digital de Asturias - Diario de actualidad y noticias","alternateName":"El Digital de Asturias - Diario de actualidad y noticias","description":"Hemeroteca","inLanguage":"es-ES","publisher":{"@id":"https:\/\/www.eldigitaldeasturias.com\/noticias\/#organization"}}]},"og:locale":"es_ES","og:site_name":"El Digital de Asturias","og:type":"article","og:title":"Francia entrega al asesino de Ord\u00f3\u00f1ez y al secuestrador de Ortega Lara - El Digital de Asturias","og:description":"Madrid, 28 nov (EFE).- Las autoridades francesas entregar\u00e1n hoy a las espa\u00f1olas a los etarras Juan Ram\u00f3n Carasatorre Aldaz, condenado por el asesinato en 1995 del concejal del PP Gregorio Ord\u00f3\u00f1ez, y a Juli\u00e1n Atxurra Egurola, considerado n\u00famero tres de la banda y que orden\u00f3 el secuestro de Jos\u00e9 Antonio Ortega Lara en 1996. Seg\u00fan","og:url":"https:\/\/www.eldigitaldeasturias.com\/noticias\/francia-entrega-al-asesino-de-ordonez-y-al-secuestrador-de-ortega-lara\/","article:tag":["sucesos"],"article:published_time":"2013-11-28T21:25:24+00:00","article:modified_time":"2013-11-28T21:25:24+00:00","article:publisher":"https:\/\/facebook.com\/eldigitaldeasturias","twitter:card":"summary_large_image","twitter:title":"Francia entrega al asesino de Ord\u00f3\u00f1ez y al secuestrador de Ortega Lara - El Digital de Asturias","twitter:description":"Madrid, 28 nov (EFE).- Las autoridades francesas entregar\u00e1n hoy a las espa\u00f1olas a los etarras Juan Ram\u00f3n Carasatorre Aldaz, condenado por el asesinato en 1995 del concejal del PP Gregorio Ord\u00f3\u00f1ez, y a Juli\u00e1n Atxurra Egurola, considerado n\u00famero tres de la banda y que orden\u00f3 el secuestro de Jos\u00e9 Antonio Ortega Lara en 1996. Seg\u00fan","twitter:label1":"Escrito por","twitter:data1":"El Digital de Asturias","twitter:label2":"Tiempo de lectura estimado","twitter:data2":"2 minutos"},"aioseo_meta_data":{"post_id":"455441","title":null,"description":null,"keywords":null,"keyphrases":null,"primary_term":null,"canonical_url":null,"og_title":null,"og_description":null,"og_object_type":"default","og_image_type":"default","og_image_url":null,"og_image_width":null,"og_image_height":null,"og_image_custom_url":null,"og_image_custom_fields":null,"og_video":null,"og_custom_url":null,"og_article_section":null,"og_article_tags":null,"twitter_use_og":true,"twitter_card":"default","twitter_image_type":"default","twitter_image_url":null,"twitter_image_custom_url":null,"twitter_image_custom_fields":null,"twitter_title":null,"twitter_description":null,"schema":{"blockGraphs":[],"customGraphs":[],"default":{"data":{"Article":[],"Course":[],"Dataset":[],"FAQPage":[],"Movie":[],"Person":[],"Product":[],"ProductReview":[],"Car":[],"Recipe":[],"Service":[],"SoftwareApplication":[],"WebPage":[]},"graphName":"","isEnabled":true},"graphs":[],"defaultGraph":"","defaultPostTypeGraph":""},"schema_type":null,"schema_type_options":null,"pillar_content":false,"robots_default":true,"robots_noindex":false,"robots_noarchive":false,"robots_nosnippet":false,"robots_nofollow":false,"robots_noimageindex":false,"robots_noodp":false,"robots_notranslate":false,"robots_max_snippet":null,"robots_max_videopreview":null,"robots_max_imagepreview":"none","priority":null,"frequency":null,"local_seo":null,"seo_analyzer_scan_date":"2026-05-29 18:18:40","breadcrumb_settings":null,"limit_modified_date":false,"open_ai":null,"ai":null,"created":"2020-11-14 22:45:19","updated":"2026-05-29 18:18:40","focus_keyword":null,"additional_keywords":null,"truseo_locale":null},"aioseo_breadcrumb":"<div class=\"aioseo-breadcrumbs\"><span class=\"aioseo-breadcrumb\">\n\t<a href=\"https:\/\/www.eldigitaldeasturias.com\/noticias\" title=\"Home\">Home<\/a>\n<\/span><span class=\"aioseo-breadcrumb-separator\">\u2013<\/span><span class=\"aioseo-breadcrumb\">\n\t<a href=\"https:\/\/www.eldigitaldeasturias.com\/noticias\/category\/sucesos\/\" title=\"Sucesos\">Sucesos<\/a>\n<\/span><span class=\"aioseo-breadcrumb-separator\">\u2013<\/span><span class=\"aioseo-breadcrumb\">\n\t<a href=\"https:\/\/www.eldigitaldeasturias.com\/noticias\/francia-entrega-al-asesino-de-ordonez-y-al-secuestrador-de-ortega-lara\/\" title=\"Francia entrega al asesino de Ord\u00f3\u00f1ez y al secuestrador de Ortega Lara\">Francia entrega al asesino de Ord\u00f3\u00f1ez y al secuestrador de Ortega Lara<\/a>\n<\/span><\/div>","aioseo_breadcrumb_json":[{"label":"Home","link":"https:\/\/www.eldigitaldeasturias.com\/noticias"},{"label":"Sucesos","link":"https:\/\/www.eldigitaldeasturias.com\/noticias\/category\/sucesos\/"},{"label":"Francia entrega al asesino de Ord\u00f3\u00f1ez y al secuestrador de Ortega Lara","link":"https:\/\/www.eldigitaldeasturias.com\/noticias\/francia-entrega-al-asesino-de-ordonez-y-al-secuestrador-de-ortega-lara\/"}],"_links":{"self":[{"href":"https:\/\/www.eldigitaldeasturias.com\/noticias\/wp-json\/wp\/v2\/posts\/455441","targetHints":{"allow":["GET"]}}],"collection":[{"href":"https:\/\/www.eldigitaldeasturias.com\/noticias\/wp-json\/wp\/v2\/posts"}],"about":[{"href":"https:\/\/www.eldigitaldeasturias.com\/noticias\/wp-json\/wp\/v2\/types\/post"}],"author":[{"embeddable":true,"href":"https:\/\/www.eldigitaldeasturias.com\/noticias\/wp-json\/wp\/v2\/users\/1"}],"replies":[{"embeddable":true,"href":"https:\/\/www.eldigitaldeasturias.com\/noticias\/wp-json\/wp\/v2\/comments?post=455441"}],"version-history":[{"count":0,"href":"https:\/\/www.eldigitaldeasturias.com\/noticias\/wp-json\/wp\/v2\/posts\/455441\/revisions"}],"wp:attachment":[{"href":"https:\/\/www.eldigitaldeasturias.com\/noticias\/wp-json\/wp\/v2\/media?parent=455441"}],"wp:term":[{"taxonomy":"category","embeddable":true,"href":"https:\/\/www.eldigitaldeasturias.com\/noticias\/wp-json\/wp\/v2\/categories?post=455441"},{"taxonomy":"post_tag","embeddable":true,"href":"https:\/\/www.eldigitaldeasturias.com\/noticias\/wp-json\/wp\/v2\/tags?post=455441"}],"curies":[{"name":"wp","href":"https:\/\/api.w.org\/{rel}","templated":true}]}}