{"id":455438,"date":"2013-11-28T20:23:57","date_gmt":"2013-11-28T21:23:57","guid":{"rendered":"http:\/\/www.eldigitaldeasturias.com\/noticias\/?p=455438"},"modified":"2013-11-28T20:23:57","modified_gmt":"2013-11-28T21:23:57","slug":"el-mural-de-miro-ya-luce-en-el-museo-nacional-de-arte-de-cataluna","status":"publish","type":"post","link":"https:\/\/www.eldigitaldeasturias.com\/noticias\/el-mural-de-miro-ya-luce-en-el-museo-nacional-de-arte-de-cataluna\/","title":{"rendered":"El mural de Mir\u00f3 ya luce en el Museo Nacional de Arte de Catalu\u00f1a"},"content":{"rendered":"<p><img loading=\"lazy\" decoding=\"async\" class=\"alignleft size-medium wp-image-455439\" alt=\"5759757w\" src=\"https:\/\/www.eldigitaldeasturias.com\/noticias\/wp-content\/uploads\/2013\/11\/5759757w-360x222.jpg\" width=\"360\" height=\"222\" \/>Barcelona, 28 nov (EFE).- El gran mural cer\u00e1mico que Joan Mir\u00f3 y Joan Gardy Artigas hicieron en 1978 para el edificio de IBM en Barcelona, actual sede de la Conselleria de Ense\u00f1anza, luce desde hoy en la Sala de la C\u00fapula del Museo Nacional de Arte de Catalu\u00f1a, despu\u00e9s de un trabajo de desmontaje que ha durado unos meses.<\/p>\n<p>Fue el pasado 26 de junio cuando se empez\u00f3 a desmontar esta obra, de 2,80 por 8,72 metros, una vez que el Gobierno catal\u00e1n aprobara la venta del edificio a un fondo inmobiliario del grupo asegurador franc\u00e9s AXA y se acordara que este patrimonio continuara en manos p\u00fablicas y a disposici\u00f3n de la ciudadan\u00eda.<\/p>\n<p>Los consellers de Ense\u00f1anza y Cultura, Irene Rigau y Ferran Mascarell, as\u00ed como el presidente del MNAC, Miquel Roca, el director del centro, Pepe Serra, y el ceramista Joan Gardy han coincidido este mediod\u00eda en mostrar su satisfacci\u00f3n por la nueva ubicaci\u00f3n del mural, en un espacio amplio y di\u00e1fano como la Sala de la C\u00fapula.<\/p>\n<p>Gardy ha asegurado que Mir\u00f3 estar\u00eda muy contento si pudiera ver esta pieza en su nuevo emplazamiento y ha rememorado que durante su elaboraci\u00f3n trabajaron y cocieron la cer\u00e1mica en hornos de le\u00f1a.<\/p>\n<p>El mural est\u00e1 formado por 406 baldosas de gres refractario.<\/p>\n<p>Sobre un fondo blanco crudo, Mir\u00f3 dibuj\u00f3 figuras con colores vivos, como el azul, el rojo, el verde y el amarillo, contorneadas por gruesas l\u00edneas de color negro, descansando todo el conjunto sobre una l\u00ednea de pintura negra que atraviesa el mural de lado a lado, dejando caer peque\u00f1as salpicaduras y chorrillos.<\/p>\n<p>La consellera Irene Rigau ha explicado que esta l\u00ednea, al parecer no muy del gusto de Miro, fue realizada porque los antiguos gestores de IBM contaban que a su altura se deb\u00edan sentar detr\u00e1s de unas mesas varias personas, quienes a la entrada del edificio deb\u00edan informar a los visitantes sobre las dependencias del inmueble.<\/p>\n<p>El conseller Ferran Mascarell, por su parte, ha indicado que cuando el conseller de Econom\u00eda, Andreu Mas-Colell, le comunic\u00f3 la intenci\u00f3n de la Generalitat de vender el edificio se empez\u00f3 a trabajar para que se \u00abgarantizara la continuidad del mural a manos p\u00fablicas\u00bb y para que pudiera mostrarse en un museo catal\u00e1n.<\/p>\n<p>Ha acabado en el MNAC, donde se construye el relato del arte catal\u00e1n, muy cerca, adem\u00e1s, de la Fundaci\u00f3n Mir\u00f3. \u00abEs bueno que los genios catalanes est\u00e9n en el MNAC, hoy m\u00e1s rico con el legado de Mir\u00f3\u00bb, ha precisado.<\/p>\n<p>Para Miquel Roca, ahora esta pieza \u00abser\u00e1 una escuela nueva de cultura al servicio de todos los chicos de Catalu\u00f1a\u00bb.<\/p>\n<p>Todos ellos han coincidido, por otra parte, en agradecer la disposici\u00f3n, supervisi\u00f3n y el trabajo realizado en los \u00faltimos meses por Joan Gardy Artigas para que el mural pueda exponerse en las mejores condiciones, despu\u00e9s de su restauraci\u00f3n.<\/p>\n<p>Gardy Artigas aprendi\u00f3 el oficio de ceramista de su padre, Josep Llorens Artigas, quien a partir de los a\u00f1os cuarenta empez\u00f3 su colaboraci\u00f3n con Mir\u00f3 y dio como frutos grandes murales cer\u00e1micos como el que se encuentra en la sede de la UNESCO en Par\u00eds o en el aeropuerto de Barcelona.<\/p>\n<p>En el espacio que ocupaba el mural hasta el mes de junio, la conselleria ha optado por colocar una reproducci\u00f3n.<\/p>\n<p>Situado en el n\u00famero 202 de la V\u00eda Augusta, el edificio que ocupa el Departamento de Ense\u00f1anza fue vendido por un importe de 40,37 millones de euros, desde un precio inicial de salida de 52,14 millones.<\/p>\n","protected":false},"excerpt":{"rendered":"<p>Barcelona, 28 nov (EFE).- El gran mural cer\u00e1mico que Joan Mir\u00f3 y Joan Gardy Artigas hicieron en 1978 para el edificio de IBM en Barcelona, actual sede de la Conselleria de Ense\u00f1anza, luce desde hoy en la Sala de la C\u00fapula del Museo Nacional de Arte de Catalu\u00f1a, despu\u00e9s de un trabajo de desmontaje que [&hellip;]<\/p>\n","protected":false},"author":1,"featured_media":455439,"comment_status":"open","ping_status":"open","sticky":false,"template":"","format":"standard","meta":{"footnotes":""},"categories":[50],"tags":[],"class_list":["post-455438","post","type-post","status-publish","format-standard","has-post-thumbnail","hentry","category-revista-de-ocio"],"aioseo_notices":[],"aioseo_head":"\n\t\t<!-- All in One SEO Pro 5.0.1 - aioseo.com -->\n\t<meta name=\"description\" content=\"Barcelona, 28 nov (EFE).- El gran mural cer\u00e1mico que Joan Mir\u00f3 y Joan Gardy Artigas hicieron en 1978 para el edificio de IBM en Barcelona, actual sede de la Conselleria de Ense\u00f1anza, luce desde hoy en la Sala de la C\u00fapula del Museo Nacional de Arte de Catalu\u00f1a, despu\u00e9s de un trabajo de desmontaje que\" \/>\n\t<meta name=\"robots\" content=\"max-image-preview:large\" \/>\n\t<meta name=\"author\" content=\"El Digital de Asturias\"\/>\n\t<meta name=\"google-site-verification\" content=\"UA-38556648-1\" \/>\n\t<meta name=\"msvalidate.01\" content=\"7dfe9f3f1b24437ab69f4f2559babe99\" \/>\n\t<meta name=\"keywords\" content=\"revista de ocio\" \/>\n\t<link rel=\"canonical\" href=\"https:\/\/www.eldigitaldeasturias.com\/noticias\/el-mural-de-miro-ya-luce-en-el-museo-nacional-de-arte-de-cataluna\/\" \/>\n\t<meta name=\"generator\" content=\"All in One SEO Pro (AIOSEO) 5.0.1\" \/>\n\t\t<meta property=\"og:locale\" content=\"es_ES\" \/>\n\t\t<meta property=\"og:site_name\" content=\"El Digital de Asturias\" \/>\n\t\t<meta property=\"og:type\" content=\"article\" \/>\n\t\t<meta property=\"og:title\" content=\"El mural de Mir\u00f3 ya luce en el Museo Nacional de Arte de Catalu\u00f1a - El Digital de Asturias\" \/>\n\t\t<meta property=\"og:description\" content=\"Barcelona, 28 nov (EFE).- El gran mural cer\u00e1mico que Joan Mir\u00f3 y Joan Gardy Artigas hicieron en 1978 para el edificio de IBM en Barcelona, actual sede de la Conselleria de Ense\u00f1anza, luce desde hoy en la Sala de la C\u00fapula del Museo Nacional de Arte de Catalu\u00f1a, despu\u00e9s de un trabajo de desmontaje que\" \/>\n\t\t<meta property=\"og:url\" content=\"https:\/\/www.eldigitaldeasturias.com\/noticias\/el-mural-de-miro-ya-luce-en-el-museo-nacional-de-arte-de-cataluna\/\" \/>\n\t\t<meta property=\"article:tag\" content=\"revista de ocio\" \/>\n\t\t<meta property=\"article:published_time\" content=\"2013-11-28T21:23:57+00:00\" \/>\n\t\t<meta property=\"article:modified_time\" content=\"2013-11-28T21:23:57+00:00\" \/>\n\t\t<meta property=\"article:publisher\" content=\"https:\/\/facebook.com\/eldigitaldeasturias\" \/>\n\t\t<meta name=\"twitter:card\" content=\"summary_large_image\" \/>\n\t\t<meta name=\"twitter:title\" content=\"El mural de Mir\u00f3 ya luce en el Museo Nacional de Arte de Catalu\u00f1a - El Digital de Asturias\" \/>\n\t\t<meta name=\"twitter:description\" content=\"Barcelona, 28 nov (EFE).- El gran mural cer\u00e1mico que Joan Mir\u00f3 y Joan Gardy Artigas hicieron en 1978 para el edificio de IBM en Barcelona, actual sede de la Conselleria de Ense\u00f1anza, luce desde hoy en la Sala de la C\u00fapula del Museo Nacional de Arte de Catalu\u00f1a, despu\u00e9s de un trabajo de desmontaje que\" \/>\n\t\t<meta name=\"twitter:label1\" content=\"Escrito por\" \/>\n\t\t<meta name=\"twitter:data1\" content=\"El Digital de Asturias\" \/>\n\t\t<meta name=\"twitter:label2\" content=\"Tiempo de lectura estimado\" \/>\n\t\t<meta name=\"twitter:data2\" content=\"3 minutos\" \/>\n\t\t<script type=\"application\/ld+json\" class=\"aioseo-schema\">\n\t\t\t{\"@context\":\"https:\\\/\\\/schema.org\",\"@graph\":[{\"@type\":\"BlogPosting\",\"@id\":\"https:\\\/\\\/www.eldigitaldeasturias.com\\\/noticias\\\/el-mural-de-miro-ya-luce-en-el-museo-nacional-de-arte-de-cataluna\\\/#blogposting\",\"name\":\"El mural de Mir\\u00f3 ya luce en el Museo Nacional de Arte de Catalu\\u00f1a - El Digital de Asturias\",\"headline\":\"El mural de Mir\\u00f3 ya luce en el Museo Nacional de Arte de Catalu\\u00f1a\",\"author\":{\"@id\":\"https:\\\/\\\/www.eldigitaldeasturias.com\\\/noticias\\\/author\\\/admin\\\/#author\"},\"publisher\":{\"@id\":\"https:\\\/\\\/www.eldigitaldeasturias.com\\\/noticias\\\/#organization\"},\"image\":{\"@type\":\"ImageObject\",\"url\":455439},\"datePublished\":\"2013-11-28T20:23:57+01:00\",\"dateModified\":\"2013-11-28T20:23:57+01:00\",\"inLanguage\":\"es-ES\",\"mainEntityOfPage\":{\"@id\":\"https:\\\/\\\/www.eldigitaldeasturias.com\\\/noticias\\\/el-mural-de-miro-ya-luce-en-el-museo-nacional-de-arte-de-cataluna\\\/#webpage\"},\"isPartOf\":{\"@id\":\"https:\\\/\\\/www.eldigitaldeasturias.com\\\/noticias\\\/el-mural-de-miro-ya-luce-en-el-museo-nacional-de-arte-de-cataluna\\\/#webpage\"},\"articleSection\":\"Revista de Ocio\"},{\"@type\":\"BreadcrumbList\",\"@id\":\"https:\\\/\\\/www.eldigitaldeasturias.com\\\/noticias\\\/el-mural-de-miro-ya-luce-en-el-museo-nacional-de-arte-de-cataluna\\\/#breadcrumblist\",\"itemListElement\":[{\"@type\":\"ListItem\",\"@id\":\"https:\\\/\\\/www.eldigitaldeasturias.com\\\/noticias#listItem\",\"position\":1,\"name\":\"Home\",\"item\":\"https:\\\/\\\/www.eldigitaldeasturias.com\\\/noticias\",\"nextItem\":{\"@type\":\"ListItem\",\"@id\":\"https:\\\/\\\/www.eldigitaldeasturias.com\\\/noticias\\\/category\\\/revista-de-ocio\\\/#listItem\",\"name\":\"Revista de Ocio\"}},{\"@type\":\"ListItem\",\"@id\":\"https:\\\/\\\/www.eldigitaldeasturias.com\\\/noticias\\\/category\\\/revista-de-ocio\\\/#listItem\",\"position\":2,\"name\":\"Revista de Ocio\",\"item\":\"https:\\\/\\\/www.eldigitaldeasturias.com\\\/noticias\\\/category\\\/revista-de-ocio\\\/\",\"nextItem\":{\"@type\":\"ListItem\",\"@id\":\"https:\\\/\\\/www.eldigitaldeasturias.com\\\/noticias\\\/el-mural-de-miro-ya-luce-en-el-museo-nacional-de-arte-de-cataluna\\\/#listItem\",\"name\":\"El mural de Mir\\u00f3 ya luce en el Museo Nacional de Arte de Catalu\\u00f1a\"},\"previousItem\":{\"@type\":\"ListItem\",\"@id\":\"https:\\\/\\\/www.eldigitaldeasturias.com\\\/noticias#listItem\",\"name\":\"Home\"}},{\"@type\":\"ListItem\",\"@id\":\"https:\\\/\\\/www.eldigitaldeasturias.com\\\/noticias\\\/el-mural-de-miro-ya-luce-en-el-museo-nacional-de-arte-de-cataluna\\\/#listItem\",\"position\":3,\"name\":\"El mural de Mir\\u00f3 ya luce en el Museo Nacional de Arte de Catalu\\u00f1a\",\"previousItem\":{\"@type\":\"ListItem\",\"@id\":\"https:\\\/\\\/www.eldigitaldeasturias.com\\\/noticias\\\/category\\\/revista-de-ocio\\\/#listItem\",\"name\":\"Revista de Ocio\"}}]},{\"@type\":\"Organization\",\"@id\":\"https:\\\/\\\/www.eldigitaldeasturias.com\\\/noticias\\\/#organization\",\"name\":\"El Digital de Asturias\",\"description\":\"Hemeroteca\",\"url\":\"https:\\\/\\\/www.eldigitaldeasturias.com\\\/noticias\\\/\",\"email\":\"info@eldigitaldeasturias.com\",\"telephone\":\"+34652131393\",\"logo\":{\"@type\":\"ImageObject\",\"url\":\"https:\\\/\\\/www.eldigitaldeasturias.com\\\/noticias\\\/wp-content\\\/uploads\\\/2020\\\/12\\\/EDA.jpg\",\"@id\":\"https:\\\/\\\/www.eldigitaldeasturias.com\\\/noticias\\\/el-mural-de-miro-ya-luce-en-el-museo-nacional-de-arte-de-cataluna\\\/#organizationLogo\"},\"image\":{\"@id\":\"https:\\\/\\\/www.eldigitaldeasturias.com\\\/noticias\\\/el-mural-de-miro-ya-luce-en-el-museo-nacional-de-arte-de-cataluna\\\/#organizationLogo\"},\"sameAs\":[\"https:\\\/\\\/facebook.com\\\/eldigitaldeasturias\",\"https:\\\/\\\/www.youtube.com\\\/channel\\\/UCZP-2wLEB9Rv6erhFmqVnvg\"],\"address\":{\"@id\":\"https:\\\/\\\/www.eldigitaldeasturias.com\\\/noticias\\\/#postaladdress\",\"@type\":\"PostalAddress\",\"streetAddress\":\"san antonio 4\",\"postalCode\":\"33430\",\"addressLocality\":\"Cand\\u00e1s\",\"addressRegion\":\"Asturias\",\"addressCountry\":\"ES\"}},{\"@type\":\"Person\",\"@id\":\"https:\\\/\\\/www.eldigitaldeasturias.com\\\/noticias\\\/author\\\/admin\\\/#author\",\"url\":\"https:\\\/\\\/www.eldigitaldeasturias.com\\\/noticias\\\/author\\\/admin\\\/\",\"name\":\"El Digital de Asturias\",\"image\":{\"@type\":\"ImageObject\",\"@id\":\"https:\\\/\\\/www.eldigitaldeasturias.com\\\/noticias\\\/el-mural-de-miro-ya-luce-en-el-museo-nacional-de-arte-de-cataluna\\\/#authorImage\",\"url\":\"https:\\\/\\\/secure.gravatar.com\\\/avatar\\\/df2aeffc32bcd13f8d26072ef8a91b623d677766deac7f97ca815868cd41bf5e?s=96&d=mm&r=g\",\"width\":96,\"height\":96,\"caption\":\"El Digital de Asturias\"}},{\"@type\":\"WebPage\",\"@id\":\"https:\\\/\\\/www.eldigitaldeasturias.com\\\/noticias\\\/el-mural-de-miro-ya-luce-en-el-museo-nacional-de-arte-de-cataluna\\\/#webpage\",\"url\":\"https:\\\/\\\/www.eldigitaldeasturias.com\\\/noticias\\\/el-mural-de-miro-ya-luce-en-el-museo-nacional-de-arte-de-cataluna\\\/\",\"name\":\"El mural de Mir\\u00f3 ya luce en el Museo Nacional de Arte de Catalu\\u00f1a - El Digital de Asturias\",\"description\":\"Barcelona, 28 nov (EFE).- El gran mural cer\\u00e1mico que Joan Mir\\u00f3 y Joan Gardy Artigas hicieron en 1978 para el edificio de IBM en Barcelona, actual sede de la Conselleria de Ense\\u00f1anza, luce desde hoy en la Sala de la C\\u00fapula del Museo Nacional de Arte de Catalu\\u00f1a, despu\\u00e9s de un trabajo de desmontaje que\",\"inLanguage\":\"es-ES\",\"isPartOf\":{\"@id\":\"https:\\\/\\\/www.eldigitaldeasturias.com\\\/noticias\\\/#website\"},\"breadcrumb\":{\"@id\":\"https:\\\/\\\/www.eldigitaldeasturias.com\\\/noticias\\\/el-mural-de-miro-ya-luce-en-el-museo-nacional-de-arte-de-cataluna\\\/#breadcrumblist\"},\"author\":{\"@id\":\"https:\\\/\\\/www.eldigitaldeasturias.com\\\/noticias\\\/author\\\/admin\\\/#author\"},\"creator\":{\"@id\":\"https:\\\/\\\/www.eldigitaldeasturias.com\\\/noticias\\\/author\\\/admin\\\/#author\"},\"image\":{\"@type\":\"ImageObject\",\"url\":455439,\"@id\":\"https:\\\/\\\/www.eldigitaldeasturias.com\\\/noticias\\\/el-mural-de-miro-ya-luce-en-el-museo-nacional-de-arte-de-cataluna\\\/#mainImage\"},\"primaryImageOfPage\":{\"@id\":\"https:\\\/\\\/www.eldigitaldeasturias.com\\\/noticias\\\/el-mural-de-miro-ya-luce-en-el-museo-nacional-de-arte-de-cataluna\\\/#mainImage\"},\"datePublished\":\"2013-11-28T20:23:57+01:00\",\"dateModified\":\"2013-11-28T20:23:57+01:00\"},{\"@type\":\"WebSite\",\"@id\":\"https:\\\/\\\/www.eldigitaldeasturias.com\\\/noticias\\\/#website\",\"url\":\"https:\\\/\\\/www.eldigitaldeasturias.com\\\/noticias\\\/\",\"name\":\"El Digital de Asturias - Diario de actualidad y noticias\",\"alternateName\":\"El Digital de Asturias - Diario de actualidad y noticias\",\"description\":\"Hemeroteca\",\"inLanguage\":\"es-ES\",\"publisher\":{\"@id\":\"https:\\\/\\\/www.eldigitaldeasturias.com\\\/noticias\\\/#organization\"}}]}\n\t\t<\/script>\n\t\t<!-- All in One SEO Pro -->\r\n\t\t<title>El mural de Mir\u00f3 ya luce en el Museo Nacional de Arte de Catalu\u00f1a - El Digital de Asturias<\/title>\n\n","aioseo_head_json":{"title":"El mural de Mir\u00f3 ya luce en el Museo Nacional de Arte de Catalu\u00f1a - El Digital de Asturias","description":"Barcelona, 28 nov (EFE).- El gran mural cer\u00e1mico que Joan Mir\u00f3 y Joan Gardy Artigas hicieron en 1978 para el edificio de IBM en Barcelona, actual sede de la Conselleria de Ense\u00f1anza, luce desde hoy en la Sala de la C\u00fapula del Museo Nacional de Arte de Catalu\u00f1a, despu\u00e9s de un trabajo de desmontaje que","canonical_url":"https:\/\/www.eldigitaldeasturias.com\/noticias\/el-mural-de-miro-ya-luce-en-el-museo-nacional-de-arte-de-cataluna\/","robots":"max-image-preview:large","keywords":"revista de ocio","webmasterTools":{"google-site-verification":"UA-38556648-1","msvalidate.01":"7dfe9f3f1b24437ab69f4f2559babe99","miscellaneous":""},"schema":{"@context":"https:\/\/schema.org","@graph":[{"@type":"BlogPosting","@id":"https:\/\/www.eldigitaldeasturias.com\/noticias\/el-mural-de-miro-ya-luce-en-el-museo-nacional-de-arte-de-cataluna\/#blogposting","name":"El mural de Mir\u00f3 ya luce en el Museo Nacional de Arte de Catalu\u00f1a - El Digital de Asturias","headline":"El mural de Mir\u00f3 ya luce en el Museo Nacional de Arte de Catalu\u00f1a","author":{"@id":"https:\/\/www.eldigitaldeasturias.com\/noticias\/author\/admin\/#author"},"publisher":{"@id":"https:\/\/www.eldigitaldeasturias.com\/noticias\/#organization"},"image":{"@type":"ImageObject","url":455439},"datePublished":"2013-11-28T20:23:57+01:00","dateModified":"2013-11-28T20:23:57+01:00","inLanguage":"es-ES","mainEntityOfPage":{"@id":"https:\/\/www.eldigitaldeasturias.com\/noticias\/el-mural-de-miro-ya-luce-en-el-museo-nacional-de-arte-de-cataluna\/#webpage"},"isPartOf":{"@id":"https:\/\/www.eldigitaldeasturias.com\/noticias\/el-mural-de-miro-ya-luce-en-el-museo-nacional-de-arte-de-cataluna\/#webpage"},"articleSection":"Revista de Ocio"},{"@type":"BreadcrumbList","@id":"https:\/\/www.eldigitaldeasturias.com\/noticias\/el-mural-de-miro-ya-luce-en-el-museo-nacional-de-arte-de-cataluna\/#breadcrumblist","itemListElement":[{"@type":"ListItem","@id":"https:\/\/www.eldigitaldeasturias.com\/noticias#listItem","position":1,"name":"Home","item":"https:\/\/www.eldigitaldeasturias.com\/noticias","nextItem":{"@type":"ListItem","@id":"https:\/\/www.eldigitaldeasturias.com\/noticias\/category\/revista-de-ocio\/#listItem","name":"Revista de Ocio"}},{"@type":"ListItem","@id":"https:\/\/www.eldigitaldeasturias.com\/noticias\/category\/revista-de-ocio\/#listItem","position":2,"name":"Revista de Ocio","item":"https:\/\/www.eldigitaldeasturias.com\/noticias\/category\/revista-de-ocio\/","nextItem":{"@type":"ListItem","@id":"https:\/\/www.eldigitaldeasturias.com\/noticias\/el-mural-de-miro-ya-luce-en-el-museo-nacional-de-arte-de-cataluna\/#listItem","name":"El mural de Mir\u00f3 ya luce en el Museo Nacional de Arte de Catalu\u00f1a"},"previousItem":{"@type":"ListItem","@id":"https:\/\/www.eldigitaldeasturias.com\/noticias#listItem","name":"Home"}},{"@type":"ListItem","@id":"https:\/\/www.eldigitaldeasturias.com\/noticias\/el-mural-de-miro-ya-luce-en-el-museo-nacional-de-arte-de-cataluna\/#listItem","position":3,"name":"El mural de Mir\u00f3 ya luce en el Museo Nacional de Arte de Catalu\u00f1a","previousItem":{"@type":"ListItem","@id":"https:\/\/www.eldigitaldeasturias.com\/noticias\/category\/revista-de-ocio\/#listItem","name":"Revista de Ocio"}}]},{"@type":"Organization","@id":"https:\/\/www.eldigitaldeasturias.com\/noticias\/#organization","name":"El Digital de Asturias","description":"Hemeroteca","url":"https:\/\/www.eldigitaldeasturias.com\/noticias\/","email":"info@eldigitaldeasturias.com","telephone":"+34652131393","logo":{"@type":"ImageObject","url":"https:\/\/www.eldigitaldeasturias.com\/noticias\/wp-content\/uploads\/2020\/12\/EDA.jpg","@id":"https:\/\/www.eldigitaldeasturias.com\/noticias\/el-mural-de-miro-ya-luce-en-el-museo-nacional-de-arte-de-cataluna\/#organizationLogo"},"image":{"@id":"https:\/\/www.eldigitaldeasturias.com\/noticias\/el-mural-de-miro-ya-luce-en-el-museo-nacional-de-arte-de-cataluna\/#organizationLogo"},"sameAs":["https:\/\/facebook.com\/eldigitaldeasturias","https:\/\/www.youtube.com\/channel\/UCZP-2wLEB9Rv6erhFmqVnvg"],"address":{"@id":"https:\/\/www.eldigitaldeasturias.com\/noticias\/#postaladdress","@type":"PostalAddress","streetAddress":"san antonio 4","postalCode":"33430","addressLocality":"Cand\u00e1s","addressRegion":"Asturias","addressCountry":"ES"}},{"@type":"Person","@id":"https:\/\/www.eldigitaldeasturias.com\/noticias\/author\/admin\/#author","url":"https:\/\/www.eldigitaldeasturias.com\/noticias\/author\/admin\/","name":"El Digital de Asturias","image":{"@type":"ImageObject","@id":"https:\/\/www.eldigitaldeasturias.com\/noticias\/el-mural-de-miro-ya-luce-en-el-museo-nacional-de-arte-de-cataluna\/#authorImage","url":"https:\/\/secure.gravatar.com\/avatar\/df2aeffc32bcd13f8d26072ef8a91b623d677766deac7f97ca815868cd41bf5e?s=96&d=mm&r=g","width":96,"height":96,"caption":"El Digital de Asturias"}},{"@type":"WebPage","@id":"https:\/\/www.eldigitaldeasturias.com\/noticias\/el-mural-de-miro-ya-luce-en-el-museo-nacional-de-arte-de-cataluna\/#webpage","url":"https:\/\/www.eldigitaldeasturias.com\/noticias\/el-mural-de-miro-ya-luce-en-el-museo-nacional-de-arte-de-cataluna\/","name":"El mural de Mir\u00f3 ya luce en el Museo Nacional de Arte de Catalu\u00f1a - El Digital de Asturias","description":"Barcelona, 28 nov (EFE).- El gran mural cer\u00e1mico que Joan Mir\u00f3 y Joan Gardy Artigas hicieron en 1978 para el edificio de IBM en Barcelona, actual sede de la Conselleria de Ense\u00f1anza, luce desde hoy en la Sala de la C\u00fapula del Museo Nacional de Arte de Catalu\u00f1a, despu\u00e9s de un trabajo de desmontaje que","inLanguage":"es-ES","isPartOf":{"@id":"https:\/\/www.eldigitaldeasturias.com\/noticias\/#website"},"breadcrumb":{"@id":"https:\/\/www.eldigitaldeasturias.com\/noticias\/el-mural-de-miro-ya-luce-en-el-museo-nacional-de-arte-de-cataluna\/#breadcrumblist"},"author":{"@id":"https:\/\/www.eldigitaldeasturias.com\/noticias\/author\/admin\/#author"},"creator":{"@id":"https:\/\/www.eldigitaldeasturias.com\/noticias\/author\/admin\/#author"},"image":{"@type":"ImageObject","url":455439,"@id":"https:\/\/www.eldigitaldeasturias.com\/noticias\/el-mural-de-miro-ya-luce-en-el-museo-nacional-de-arte-de-cataluna\/#mainImage"},"primaryImageOfPage":{"@id":"https:\/\/www.eldigitaldeasturias.com\/noticias\/el-mural-de-miro-ya-luce-en-el-museo-nacional-de-arte-de-cataluna\/#mainImage"},"datePublished":"2013-11-28T20:23:57+01:00","dateModified":"2013-11-28T20:23:57+01:00"},{"@type":"WebSite","@id":"https:\/\/www.eldigitaldeasturias.com\/noticias\/#website","url":"https:\/\/www.eldigitaldeasturias.com\/noticias\/","name":"El Digital de Asturias - Diario de actualidad y noticias","alternateName":"El Digital de Asturias - Diario de actualidad y noticias","description":"Hemeroteca","inLanguage":"es-ES","publisher":{"@id":"https:\/\/www.eldigitaldeasturias.com\/noticias\/#organization"}}]},"og:locale":"es_ES","og:site_name":"El Digital de Asturias","og:type":"article","og:title":"El mural de Mir\u00f3 ya luce en el Museo Nacional de Arte de Catalu\u00f1a - El Digital de Asturias","og:description":"Barcelona, 28 nov (EFE).- El gran mural cer\u00e1mico que Joan Mir\u00f3 y Joan Gardy Artigas hicieron en 1978 para el edificio de IBM en Barcelona, actual sede de la Conselleria de Ense\u00f1anza, luce desde hoy en la Sala de la C\u00fapula del Museo Nacional de Arte de Catalu\u00f1a, despu\u00e9s de un trabajo de desmontaje que","og:url":"https:\/\/www.eldigitaldeasturias.com\/noticias\/el-mural-de-miro-ya-luce-en-el-museo-nacional-de-arte-de-cataluna\/","article:tag":["revista de ocio"],"article:published_time":"2013-11-28T21:23:57+00:00","article:modified_time":"2013-11-28T21:23:57+00:00","article:publisher":"https:\/\/facebook.com\/eldigitaldeasturias","twitter:card":"summary_large_image","twitter:title":"El mural de Mir\u00f3 ya luce en el Museo Nacional de Arte de Catalu\u00f1a - El Digital de Asturias","twitter:description":"Barcelona, 28 nov (EFE).- El gran mural cer\u00e1mico que Joan Mir\u00f3 y Joan Gardy Artigas hicieron en 1978 para el edificio de IBM en Barcelona, actual sede de la Conselleria de Ense\u00f1anza, luce desde hoy en la Sala de la C\u00fapula del Museo Nacional de Arte de Catalu\u00f1a, despu\u00e9s de un trabajo de desmontaje que","twitter:label1":"Escrito por","twitter:data1":"El Digital de Asturias","twitter:label2":"Tiempo de lectura estimado","twitter:data2":"3 minutos"},"aioseo_meta_data":{"post_id":"455438","title":null,"description":null,"keywords":null,"keyphrases":null,"primary_term":null,"canonical_url":null,"og_title":null,"og_description":null,"og_object_type":"default","og_image_type":"default","og_image_url":null,"og_image_width":null,"og_image_height":null,"og_image_custom_url":null,"og_image_custom_fields":null,"og_video":null,"og_custom_url":null,"og_article_section":null,"og_article_tags":null,"twitter_use_og":true,"twitter_card":"default","twitter_image_type":"default","twitter_image_url":null,"twitter_image_custom_url":null,"twitter_image_custom_fields":null,"twitter_title":null,"twitter_description":null,"schema":{"blockGraphs":[],"customGraphs":[],"default":{"data":{"Article":[],"Course":[],"Dataset":[],"FAQPage":[],"Movie":[],"Person":[],"Product":[],"ProductReview":[],"Car":[],"Recipe":[],"Service":[],"SoftwareApplication":[],"WebPage":[]},"graphName":"","isEnabled":true},"graphs":[],"defaultGraph":"","defaultPostTypeGraph":""},"schema_type":null,"schema_type_options":null,"pillar_content":false,"robots_default":true,"robots_noindex":false,"robots_noarchive":false,"robots_nosnippet":false,"robots_nofollow":false,"robots_noimageindex":false,"robots_noodp":false,"robots_notranslate":false,"robots_max_snippet":null,"robots_max_videopreview":null,"robots_max_imagepreview":"none","priority":null,"frequency":null,"local_seo":null,"seo_analyzer_scan_date":"2026-05-29 18:16:01","breadcrumb_settings":null,"limit_modified_date":false,"open_ai":null,"ai":null,"created":"2020-11-14 22:45:19","updated":"2026-05-29 18:16:01","focus_keyword":null,"additional_keywords":null,"truseo_locale":null},"aioseo_breadcrumb":"<div class=\"aioseo-breadcrumbs\"><span class=\"aioseo-breadcrumb\">\n\t<a href=\"https:\/\/www.eldigitaldeasturias.com\/noticias\" title=\"Home\">Home<\/a>\n<\/span><span class=\"aioseo-breadcrumb-separator\">\u2013<\/span><span class=\"aioseo-breadcrumb\">\n\t<a href=\"https:\/\/www.eldigitaldeasturias.com\/noticias\/category\/revista-de-ocio\/\" title=\"Revista de Ocio\">Revista de Ocio<\/a>\n<\/span><span class=\"aioseo-breadcrumb-separator\">\u2013<\/span><span class=\"aioseo-breadcrumb\">\n\t<a href=\"https:\/\/www.eldigitaldeasturias.com\/noticias\/el-mural-de-miro-ya-luce-en-el-museo-nacional-de-arte-de-cataluna\/\" title=\"El mural de Mir\u00f3 ya luce en el Museo Nacional de Arte de Catalu\u00f1a\">El mural de Mir\u00f3 ya luce en el Museo Nacional de Arte de Catalu\u00f1a<\/a>\n<\/span><\/div>","aioseo_breadcrumb_json":[{"label":"Home","link":"https:\/\/www.eldigitaldeasturias.com\/noticias"},{"label":"Revista de Ocio","link":"https:\/\/www.eldigitaldeasturias.com\/noticias\/category\/revista-de-ocio\/"},{"label":"El mural de Mir\u00f3 ya luce en el Museo Nacional de Arte de Catalu\u00f1a","link":"https:\/\/www.eldigitaldeasturias.com\/noticias\/el-mural-de-miro-ya-luce-en-el-museo-nacional-de-arte-de-cataluna\/"}],"_links":{"self":[{"href":"https:\/\/www.eldigitaldeasturias.com\/noticias\/wp-json\/wp\/v2\/posts\/455438","targetHints":{"allow":["GET"]}}],"collection":[{"href":"https:\/\/www.eldigitaldeasturias.com\/noticias\/wp-json\/wp\/v2\/posts"}],"about":[{"href":"https:\/\/www.eldigitaldeasturias.com\/noticias\/wp-json\/wp\/v2\/types\/post"}],"author":[{"embeddable":true,"href":"https:\/\/www.eldigitaldeasturias.com\/noticias\/wp-json\/wp\/v2\/users\/1"}],"replies":[{"embeddable":true,"href":"https:\/\/www.eldigitaldeasturias.com\/noticias\/wp-json\/wp\/v2\/comments?post=455438"}],"version-history":[{"count":0,"href":"https:\/\/www.eldigitaldeasturias.com\/noticias\/wp-json\/wp\/v2\/posts\/455438\/revisions"}],"wp:attachment":[{"href":"https:\/\/www.eldigitaldeasturias.com\/noticias\/wp-json\/wp\/v2\/media?parent=455438"}],"wp:term":[{"taxonomy":"category","embeddable":true,"href":"https:\/\/www.eldigitaldeasturias.com\/noticias\/wp-json\/wp\/v2\/categories?post=455438"},{"taxonomy":"post_tag","embeddable":true,"href":"https:\/\/www.eldigitaldeasturias.com\/noticias\/wp-json\/wp\/v2\/tags?post=455438"}],"curies":[{"name":"wp","href":"https:\/\/api.w.org\/{rel}","templated":true}]}}