{"id":455435,"date":"2013-11-28T20:22:34","date_gmt":"2013-11-28T21:22:34","guid":{"rendered":"http:\/\/www.eldigitaldeasturias.com\/noticias\/?p=455435"},"modified":"2013-11-28T20:22:34","modified_gmt":"2013-11-28T21:22:34","slug":"carmen-machi-dice-que-el-teatro-vive-un-momento-buenisimo-a-pesar-de-las-dificultades","status":"publish","type":"post","link":"https:\/\/www.eldigitaldeasturias.com\/noticias\/carmen-machi-dice-que-el-teatro-vive-un-momento-buenisimo-a-pesar-de-las-dificultades\/","title":{"rendered":"Carmen Machi dice que el teatro vive un momento buen\u00edsimo a pesar de las dificultades"},"content":{"rendered":"<p><img loading=\"lazy\" decoding=\"async\" class=\"alignleft size-medium wp-image-455436\" alt=\"5759737w\" src=\"https:\/\/www.eldigitaldeasturias.com\/noticias\/wp-content\/uploads\/2013\/11\/5759737w-360x239.jpg\" width=\"360\" height=\"239\" \/>Las Palmas de Gran Canaria, 28 nov (EFE).- La actriz Carmen Machi ha alabado hoy el \u00abmomento buen\u00edsimo\u00bb que, a su juicio, atraviesa en Espa\u00f1a el teatro, en el que \u00abest\u00e1n pasando muchas cosas\u00bb y \u00abno se est\u00e1 parando nada\u00bb a pesar de la crisis o tal vez, incluso, como respuesta a los problemas que esta le ha generado.<\/p>\n<p>\u00abYo no s\u00e9 si el teatro, como siempre, hace un efecto rebote, sobrevive a estas cosas e incluso alimenta la creatividad de una manera brutal y las maneras de salir adelante\u00bb, porque \u00abla gente no se ha quedado quieta\u00bb, ha declarado la int\u00e9rprete de conocidos personajes de la televisi\u00f3n como \u00abA\u00edda\u00bb, al ser preguntada por los problemas que afectan actualmente a las artes esc\u00e9nicas.<\/p>\n<p>Machi (Madrid, 1963) ha opinado que, por lo que ella ve, la salud de las artes esc\u00e9nicas, \u00abconcretamente, en Madrid\u00bb, es buena y que eso ocurre, \u00abquiz\u00e1, por las dificultades y por todas las trabas, por todas las zancadillas, por toda la asfixia, por todo lo complicado que est\u00e1 siendo ahora hacer teatro, por el IVA, porque quieren privatizar los teatros p\u00fablicos, porque pasan tantas cosas\u00bb.<\/p>\n<p>\u00abLo que yo estoy viendo es que la gente acude al teatro, la gente tiene mucho inter\u00e9s por ver teatro y se va a una sala muy peque\u00f1ita a verlo\u00bb, al tiempo que, por parte de los profesionales del sector, \u00abla gente est\u00e1 haciendo muchas cosas, y te sorprendes bastante\u00bb, ha afirmado.<\/p>\n<p>Carmen Machi ha expresado este parecer a preguntas de periodistas durante una rueda de prensa en la que ha presentado el montaje \u00ab\u00bfQui\u00e9n teme a Virginia Woolf?\u00bb, que se pondr\u00e1 en escena, con ella en el papel protagonista, este fin de semana en el Teatro Cuy\u00e1s de Las Palmas de Gran Canaria.<\/p>\n<p>A quienes acudan al Cuy\u00e1s en esta ocasi\u00f3n, Carmen Machi les ha anticipado que ver\u00e1n un espect\u00e1culo que \u00abtiene una carga de humor magn\u00edfica que luego pasa a la tragedia\u00bb.<\/p>\n<p>Algo que, en todo caso, ha matizado que no considera extra\u00f1o, en la medida en que, en la vida en general \u00abtragedia y comedia van de la mano\u00bb.<\/p>\n<p>Y es que, en \u00ab\u00bfQui\u00e9n teme a Virginia Woolf?\u00bb, calificada como la obra maestra de su autor, Edward Albee, se escenifica un encuentro entre dos parejas amigas que, a priori, se presupone como una cita festiva, pero en la que, al final, la situaci\u00f3n se invierte, y \u00abtodo lo que es cordialidad de convierte en otra cosa\u00bb.<\/p>\n<p>Con lo cual, la historia acaba torn\u00e1ndose en \u00abun combate de boxeo a cuatro bandas\u00bb en la que, seg\u00fan ha adelantado la actriz, \u00abel p\u00fablico acaba compartiendo la sensaci\u00f3n de encierro y el agobio\u00bb que viven los personajes.<\/p>\n<p>Y a ello contribuyen el ritmo y el car\u00e1cter que imprime a esta versi\u00f3n del cl\u00e1sico de Albee su director, Daniel Veronese, que han determinado que este sea un montaje \u00abvertiginoso\u00bb y con un \u00abnivel de fiereza\u00bb patente, seg\u00fan ha destacado.<\/p>\n","protected":false},"excerpt":{"rendered":"<p>Las Palmas de Gran Canaria, 28 nov (EFE).- La actriz Carmen Machi ha alabado hoy el \u00abmomento buen\u00edsimo\u00bb que, a su juicio, atraviesa en Espa\u00f1a el teatro, en el que \u00abest\u00e1n pasando muchas cosas\u00bb y \u00abno se est\u00e1 parando nada\u00bb a pesar de la crisis o tal vez, incluso, como respuesta a los problemas que [&hellip;]<\/p>\n","protected":false},"author":1,"featured_media":455436,"comment_status":"open","ping_status":"open","sticky":false,"template":"","format":"standard","meta":{"footnotes":""},"categories":[50],"tags":[],"class_list":["post-455435","post","type-post","status-publish","format-standard","has-post-thumbnail","hentry","category-revista-de-ocio"],"aioseo_notices":[],"aioseo_head":"\n\t\t<!-- All in One SEO Pro 5.0.1 - aioseo.com -->\n\t<meta name=\"description\" content=\"Las Palmas de Gran Canaria, 28 nov (EFE).- La actriz Carmen Machi ha alabado hoy el &quot;momento buen\u00edsimo&quot; que, a su juicio, atraviesa en Espa\u00f1a el teatro, en el que &quot;est\u00e1n pasando muchas cosas&quot; y &quot;no se est\u00e1 parando nada&quot; a pesar de la crisis o tal vez, incluso, como respuesta a los problemas que\" \/>\n\t<meta name=\"robots\" content=\"max-image-preview:large\" \/>\n\t<meta name=\"author\" content=\"El Digital de Asturias\"\/>\n\t<meta name=\"google-site-verification\" content=\"UA-38556648-1\" \/>\n\t<meta name=\"msvalidate.01\" content=\"7dfe9f3f1b24437ab69f4f2559babe99\" \/>\n\t<meta name=\"keywords\" content=\"revista de ocio\" \/>\n\t<link rel=\"canonical\" href=\"https:\/\/www.eldigitaldeasturias.com\/noticias\/carmen-machi-dice-que-el-teatro-vive-un-momento-buenisimo-a-pesar-de-las-dificultades\/\" \/>\n\t<meta name=\"generator\" content=\"All in One SEO Pro (AIOSEO) 5.0.1\" \/>\n\t\t<meta property=\"og:locale\" content=\"es_ES\" \/>\n\t\t<meta property=\"og:site_name\" content=\"El Digital de Asturias\" \/>\n\t\t<meta property=\"og:type\" content=\"article\" \/>\n\t\t<meta property=\"og:title\" content=\"Carmen Machi dice que el teatro vive un momento buen\u00edsimo a pesar de las dificultades - El Digital de Asturias\" \/>\n\t\t<meta property=\"og:description\" content=\"Las Palmas de Gran Canaria, 28 nov (EFE).- La actriz Carmen Machi ha alabado hoy el &quot;momento buen\u00edsimo&quot; que, a su juicio, atraviesa en Espa\u00f1a el teatro, en el que &quot;est\u00e1n pasando muchas cosas&quot; y &quot;no se est\u00e1 parando nada&quot; a pesar de la crisis o tal vez, incluso, como respuesta a los problemas que\" \/>\n\t\t<meta property=\"og:url\" content=\"https:\/\/www.eldigitaldeasturias.com\/noticias\/carmen-machi-dice-que-el-teatro-vive-un-momento-buenisimo-a-pesar-de-las-dificultades\/\" \/>\n\t\t<meta property=\"article:tag\" content=\"revista de ocio\" \/>\n\t\t<meta property=\"article:published_time\" content=\"2013-11-28T21:22:34+00:00\" \/>\n\t\t<meta property=\"article:modified_time\" content=\"2013-11-28T21:22:34+00:00\" \/>\n\t\t<meta property=\"article:publisher\" content=\"https:\/\/facebook.com\/eldigitaldeasturias\" \/>\n\t\t<meta name=\"twitter:card\" content=\"summary_large_image\" \/>\n\t\t<meta name=\"twitter:title\" content=\"Carmen Machi dice que el teatro vive un momento buen\u00edsimo a pesar de las dificultades - El Digital de Asturias\" \/>\n\t\t<meta name=\"twitter:description\" content=\"Las Palmas de Gran Canaria, 28 nov (EFE).- La actriz Carmen Machi ha alabado hoy el &quot;momento buen\u00edsimo&quot; que, a su juicio, atraviesa en Espa\u00f1a el teatro, en el que &quot;est\u00e1n pasando muchas cosas&quot; y &quot;no se est\u00e1 parando nada&quot; a pesar de la crisis o tal vez, incluso, como respuesta a los problemas que\" \/>\n\t\t<meta name=\"twitter:label1\" content=\"Escrito por\" \/>\n\t\t<meta name=\"twitter:data1\" content=\"El Digital de Asturias\" \/>\n\t\t<meta name=\"twitter:label2\" content=\"Tiempo de lectura estimado\" \/>\n\t\t<meta name=\"twitter:data2\" content=\"3 minutos\" \/>\n\t\t<script type=\"application\/ld+json\" class=\"aioseo-schema\">\n\t\t\t{\"@context\":\"https:\\\/\\\/schema.org\",\"@graph\":[{\"@type\":\"BlogPosting\",\"@id\":\"https:\\\/\\\/www.eldigitaldeasturias.com\\\/noticias\\\/carmen-machi-dice-que-el-teatro-vive-un-momento-buenisimo-a-pesar-de-las-dificultades\\\/#blogposting\",\"name\":\"Carmen Machi dice que el teatro vive un momento buen\\u00edsimo a pesar de las dificultades - El Digital de Asturias\",\"headline\":\"Carmen Machi dice que el teatro vive un momento buen\\u00edsimo a pesar de las dificultades\",\"author\":{\"@id\":\"https:\\\/\\\/www.eldigitaldeasturias.com\\\/noticias\\\/author\\\/admin\\\/#author\"},\"publisher\":{\"@id\":\"https:\\\/\\\/www.eldigitaldeasturias.com\\\/noticias\\\/#organization\"},\"image\":{\"@type\":\"ImageObject\",\"url\":455436},\"datePublished\":\"2013-11-28T20:22:34+01:00\",\"dateModified\":\"2013-11-28T20:22:34+01:00\",\"inLanguage\":\"es-ES\",\"mainEntityOfPage\":{\"@id\":\"https:\\\/\\\/www.eldigitaldeasturias.com\\\/noticias\\\/carmen-machi-dice-que-el-teatro-vive-un-momento-buenisimo-a-pesar-de-las-dificultades\\\/#webpage\"},\"isPartOf\":{\"@id\":\"https:\\\/\\\/www.eldigitaldeasturias.com\\\/noticias\\\/carmen-machi-dice-que-el-teatro-vive-un-momento-buenisimo-a-pesar-de-las-dificultades\\\/#webpage\"},\"articleSection\":\"Revista de Ocio\"},{\"@type\":\"BreadcrumbList\",\"@id\":\"https:\\\/\\\/www.eldigitaldeasturias.com\\\/noticias\\\/carmen-machi-dice-que-el-teatro-vive-un-momento-buenisimo-a-pesar-de-las-dificultades\\\/#breadcrumblist\",\"itemListElement\":[{\"@type\":\"ListItem\",\"@id\":\"https:\\\/\\\/www.eldigitaldeasturias.com\\\/noticias#listItem\",\"position\":1,\"name\":\"Home\",\"item\":\"https:\\\/\\\/www.eldigitaldeasturias.com\\\/noticias\",\"nextItem\":{\"@type\":\"ListItem\",\"@id\":\"https:\\\/\\\/www.eldigitaldeasturias.com\\\/noticias\\\/category\\\/revista-de-ocio\\\/#listItem\",\"name\":\"Revista de Ocio\"}},{\"@type\":\"ListItem\",\"@id\":\"https:\\\/\\\/www.eldigitaldeasturias.com\\\/noticias\\\/category\\\/revista-de-ocio\\\/#listItem\",\"position\":2,\"name\":\"Revista de Ocio\",\"item\":\"https:\\\/\\\/www.eldigitaldeasturias.com\\\/noticias\\\/category\\\/revista-de-ocio\\\/\",\"nextItem\":{\"@type\":\"ListItem\",\"@id\":\"https:\\\/\\\/www.eldigitaldeasturias.com\\\/noticias\\\/carmen-machi-dice-que-el-teatro-vive-un-momento-buenisimo-a-pesar-de-las-dificultades\\\/#listItem\",\"name\":\"Carmen Machi dice que el teatro vive un momento buen\\u00edsimo a pesar de las dificultades\"},\"previousItem\":{\"@type\":\"ListItem\",\"@id\":\"https:\\\/\\\/www.eldigitaldeasturias.com\\\/noticias#listItem\",\"name\":\"Home\"}},{\"@type\":\"ListItem\",\"@id\":\"https:\\\/\\\/www.eldigitaldeasturias.com\\\/noticias\\\/carmen-machi-dice-que-el-teatro-vive-un-momento-buenisimo-a-pesar-de-las-dificultades\\\/#listItem\",\"position\":3,\"name\":\"Carmen Machi dice que el teatro vive un momento buen\\u00edsimo a pesar de las dificultades\",\"previousItem\":{\"@type\":\"ListItem\",\"@id\":\"https:\\\/\\\/www.eldigitaldeasturias.com\\\/noticias\\\/category\\\/revista-de-ocio\\\/#listItem\",\"name\":\"Revista de Ocio\"}}]},{\"@type\":\"Organization\",\"@id\":\"https:\\\/\\\/www.eldigitaldeasturias.com\\\/noticias\\\/#organization\",\"name\":\"El Digital de Asturias\",\"description\":\"Hemeroteca\",\"url\":\"https:\\\/\\\/www.eldigitaldeasturias.com\\\/noticias\\\/\",\"email\":\"info@eldigitaldeasturias.com\",\"telephone\":\"+34652131393\",\"logo\":{\"@type\":\"ImageObject\",\"url\":\"https:\\\/\\\/www.eldigitaldeasturias.com\\\/noticias\\\/wp-content\\\/uploads\\\/2020\\\/12\\\/EDA.jpg\",\"@id\":\"https:\\\/\\\/www.eldigitaldeasturias.com\\\/noticias\\\/carmen-machi-dice-que-el-teatro-vive-un-momento-buenisimo-a-pesar-de-las-dificultades\\\/#organizationLogo\"},\"image\":{\"@id\":\"https:\\\/\\\/www.eldigitaldeasturias.com\\\/noticias\\\/carmen-machi-dice-que-el-teatro-vive-un-momento-buenisimo-a-pesar-de-las-dificultades\\\/#organizationLogo\"},\"sameAs\":[\"https:\\\/\\\/facebook.com\\\/eldigitaldeasturias\",\"https:\\\/\\\/www.youtube.com\\\/channel\\\/UCZP-2wLEB9Rv6erhFmqVnvg\"],\"address\":{\"@id\":\"https:\\\/\\\/www.eldigitaldeasturias.com\\\/noticias\\\/#postaladdress\",\"@type\":\"PostalAddress\",\"streetAddress\":\"san antonio 4\",\"postalCode\":\"33430\",\"addressLocality\":\"Cand\\u00e1s\",\"addressRegion\":\"Asturias\",\"addressCountry\":\"ES\"}},{\"@type\":\"Person\",\"@id\":\"https:\\\/\\\/www.eldigitaldeasturias.com\\\/noticias\\\/author\\\/admin\\\/#author\",\"url\":\"https:\\\/\\\/www.eldigitaldeasturias.com\\\/noticias\\\/author\\\/admin\\\/\",\"name\":\"El Digital de Asturias\",\"image\":{\"@type\":\"ImageObject\",\"@id\":\"https:\\\/\\\/www.eldigitaldeasturias.com\\\/noticias\\\/carmen-machi-dice-que-el-teatro-vive-un-momento-buenisimo-a-pesar-de-las-dificultades\\\/#authorImage\",\"url\":\"https:\\\/\\\/secure.gravatar.com\\\/avatar\\\/df2aeffc32bcd13f8d26072ef8a91b623d677766deac7f97ca815868cd41bf5e?s=96&d=mm&r=g\",\"width\":96,\"height\":96,\"caption\":\"El Digital de Asturias\"}},{\"@type\":\"WebPage\",\"@id\":\"https:\\\/\\\/www.eldigitaldeasturias.com\\\/noticias\\\/carmen-machi-dice-que-el-teatro-vive-un-momento-buenisimo-a-pesar-de-las-dificultades\\\/#webpage\",\"url\":\"https:\\\/\\\/www.eldigitaldeasturias.com\\\/noticias\\\/carmen-machi-dice-que-el-teatro-vive-un-momento-buenisimo-a-pesar-de-las-dificultades\\\/\",\"name\":\"Carmen Machi dice que el teatro vive un momento buen\\u00edsimo a pesar de las dificultades - El Digital de Asturias\",\"description\":\"Las Palmas de Gran Canaria, 28 nov (EFE).- La actriz Carmen Machi ha alabado hoy el \\\"momento buen\\u00edsimo\\\" que, a su juicio, atraviesa en Espa\\u00f1a el teatro, en el que \\\"est\\u00e1n pasando muchas cosas\\\" y \\\"no se est\\u00e1 parando nada\\\" a pesar de la crisis o tal vez, incluso, como respuesta a los problemas que\",\"inLanguage\":\"es-ES\",\"isPartOf\":{\"@id\":\"https:\\\/\\\/www.eldigitaldeasturias.com\\\/noticias\\\/#website\"},\"breadcrumb\":{\"@id\":\"https:\\\/\\\/www.eldigitaldeasturias.com\\\/noticias\\\/carmen-machi-dice-que-el-teatro-vive-un-momento-buenisimo-a-pesar-de-las-dificultades\\\/#breadcrumblist\"},\"author\":{\"@id\":\"https:\\\/\\\/www.eldigitaldeasturias.com\\\/noticias\\\/author\\\/admin\\\/#author\"},\"creator\":{\"@id\":\"https:\\\/\\\/www.eldigitaldeasturias.com\\\/noticias\\\/author\\\/admin\\\/#author\"},\"image\":{\"@type\":\"ImageObject\",\"url\":455436,\"@id\":\"https:\\\/\\\/www.eldigitaldeasturias.com\\\/noticias\\\/carmen-machi-dice-que-el-teatro-vive-un-momento-buenisimo-a-pesar-de-las-dificultades\\\/#mainImage\"},\"primaryImageOfPage\":{\"@id\":\"https:\\\/\\\/www.eldigitaldeasturias.com\\\/noticias\\\/carmen-machi-dice-que-el-teatro-vive-un-momento-buenisimo-a-pesar-de-las-dificultades\\\/#mainImage\"},\"datePublished\":\"2013-11-28T20:22:34+01:00\",\"dateModified\":\"2013-11-28T20:22:34+01:00\"},{\"@type\":\"WebSite\",\"@id\":\"https:\\\/\\\/www.eldigitaldeasturias.com\\\/noticias\\\/#website\",\"url\":\"https:\\\/\\\/www.eldigitaldeasturias.com\\\/noticias\\\/\",\"name\":\"El Digital de Asturias - Diario de actualidad y noticias\",\"alternateName\":\"El Digital de Asturias - Diario de actualidad y noticias\",\"description\":\"Hemeroteca\",\"inLanguage\":\"es-ES\",\"publisher\":{\"@id\":\"https:\\\/\\\/www.eldigitaldeasturias.com\\\/noticias\\\/#organization\"}}]}\n\t\t<\/script>\n\t\t<!-- All in One SEO Pro -->\r\n\t\t<title>Carmen Machi dice que el teatro vive un momento buen\u00edsimo a pesar de las dificultades - El Digital de Asturias<\/title>\n\n","aioseo_head_json":{"title":"Carmen Machi dice que el teatro vive un momento buen\u00edsimo a pesar de las dificultades - El Digital de Asturias","description":"Las Palmas de Gran Canaria, 28 nov (EFE).- La actriz Carmen Machi ha alabado hoy el \"momento buen\u00edsimo\" que, a su juicio, atraviesa en Espa\u00f1a el teatro, en el que \"est\u00e1n pasando muchas cosas\" y \"no se est\u00e1 parando nada\" a pesar de la crisis o tal vez, incluso, como respuesta a los problemas que","canonical_url":"https:\/\/www.eldigitaldeasturias.com\/noticias\/carmen-machi-dice-que-el-teatro-vive-un-momento-buenisimo-a-pesar-de-las-dificultades\/","robots":"max-image-preview:large","keywords":"revista de ocio","webmasterTools":{"google-site-verification":"UA-38556648-1","msvalidate.01":"7dfe9f3f1b24437ab69f4f2559babe99","miscellaneous":""},"schema":{"@context":"https:\/\/schema.org","@graph":[{"@type":"BlogPosting","@id":"https:\/\/www.eldigitaldeasturias.com\/noticias\/carmen-machi-dice-que-el-teatro-vive-un-momento-buenisimo-a-pesar-de-las-dificultades\/#blogposting","name":"Carmen Machi dice que el teatro vive un momento buen\u00edsimo a pesar de las dificultades - El Digital de Asturias","headline":"Carmen Machi dice que el teatro vive un momento buen\u00edsimo a pesar de las dificultades","author":{"@id":"https:\/\/www.eldigitaldeasturias.com\/noticias\/author\/admin\/#author"},"publisher":{"@id":"https:\/\/www.eldigitaldeasturias.com\/noticias\/#organization"},"image":{"@type":"ImageObject","url":455436},"datePublished":"2013-11-28T20:22:34+01:00","dateModified":"2013-11-28T20:22:34+01:00","inLanguage":"es-ES","mainEntityOfPage":{"@id":"https:\/\/www.eldigitaldeasturias.com\/noticias\/carmen-machi-dice-que-el-teatro-vive-un-momento-buenisimo-a-pesar-de-las-dificultades\/#webpage"},"isPartOf":{"@id":"https:\/\/www.eldigitaldeasturias.com\/noticias\/carmen-machi-dice-que-el-teatro-vive-un-momento-buenisimo-a-pesar-de-las-dificultades\/#webpage"},"articleSection":"Revista de Ocio"},{"@type":"BreadcrumbList","@id":"https:\/\/www.eldigitaldeasturias.com\/noticias\/carmen-machi-dice-que-el-teatro-vive-un-momento-buenisimo-a-pesar-de-las-dificultades\/#breadcrumblist","itemListElement":[{"@type":"ListItem","@id":"https:\/\/www.eldigitaldeasturias.com\/noticias#listItem","position":1,"name":"Home","item":"https:\/\/www.eldigitaldeasturias.com\/noticias","nextItem":{"@type":"ListItem","@id":"https:\/\/www.eldigitaldeasturias.com\/noticias\/category\/revista-de-ocio\/#listItem","name":"Revista de Ocio"}},{"@type":"ListItem","@id":"https:\/\/www.eldigitaldeasturias.com\/noticias\/category\/revista-de-ocio\/#listItem","position":2,"name":"Revista de Ocio","item":"https:\/\/www.eldigitaldeasturias.com\/noticias\/category\/revista-de-ocio\/","nextItem":{"@type":"ListItem","@id":"https:\/\/www.eldigitaldeasturias.com\/noticias\/carmen-machi-dice-que-el-teatro-vive-un-momento-buenisimo-a-pesar-de-las-dificultades\/#listItem","name":"Carmen Machi dice que el teatro vive un momento buen\u00edsimo a pesar de las dificultades"},"previousItem":{"@type":"ListItem","@id":"https:\/\/www.eldigitaldeasturias.com\/noticias#listItem","name":"Home"}},{"@type":"ListItem","@id":"https:\/\/www.eldigitaldeasturias.com\/noticias\/carmen-machi-dice-que-el-teatro-vive-un-momento-buenisimo-a-pesar-de-las-dificultades\/#listItem","position":3,"name":"Carmen Machi dice que el teatro vive un momento buen\u00edsimo a pesar de las dificultades","previousItem":{"@type":"ListItem","@id":"https:\/\/www.eldigitaldeasturias.com\/noticias\/category\/revista-de-ocio\/#listItem","name":"Revista de Ocio"}}]},{"@type":"Organization","@id":"https:\/\/www.eldigitaldeasturias.com\/noticias\/#organization","name":"El Digital de Asturias","description":"Hemeroteca","url":"https:\/\/www.eldigitaldeasturias.com\/noticias\/","email":"info@eldigitaldeasturias.com","telephone":"+34652131393","logo":{"@type":"ImageObject","url":"https:\/\/www.eldigitaldeasturias.com\/noticias\/wp-content\/uploads\/2020\/12\/EDA.jpg","@id":"https:\/\/www.eldigitaldeasturias.com\/noticias\/carmen-machi-dice-que-el-teatro-vive-un-momento-buenisimo-a-pesar-de-las-dificultades\/#organizationLogo"},"image":{"@id":"https:\/\/www.eldigitaldeasturias.com\/noticias\/carmen-machi-dice-que-el-teatro-vive-un-momento-buenisimo-a-pesar-de-las-dificultades\/#organizationLogo"},"sameAs":["https:\/\/facebook.com\/eldigitaldeasturias","https:\/\/www.youtube.com\/channel\/UCZP-2wLEB9Rv6erhFmqVnvg"],"address":{"@id":"https:\/\/www.eldigitaldeasturias.com\/noticias\/#postaladdress","@type":"PostalAddress","streetAddress":"san antonio 4","postalCode":"33430","addressLocality":"Cand\u00e1s","addressRegion":"Asturias","addressCountry":"ES"}},{"@type":"Person","@id":"https:\/\/www.eldigitaldeasturias.com\/noticias\/author\/admin\/#author","url":"https:\/\/www.eldigitaldeasturias.com\/noticias\/author\/admin\/","name":"El Digital de Asturias","image":{"@type":"ImageObject","@id":"https:\/\/www.eldigitaldeasturias.com\/noticias\/carmen-machi-dice-que-el-teatro-vive-un-momento-buenisimo-a-pesar-de-las-dificultades\/#authorImage","url":"https:\/\/secure.gravatar.com\/avatar\/df2aeffc32bcd13f8d26072ef8a91b623d677766deac7f97ca815868cd41bf5e?s=96&d=mm&r=g","width":96,"height":96,"caption":"El Digital de Asturias"}},{"@type":"WebPage","@id":"https:\/\/www.eldigitaldeasturias.com\/noticias\/carmen-machi-dice-que-el-teatro-vive-un-momento-buenisimo-a-pesar-de-las-dificultades\/#webpage","url":"https:\/\/www.eldigitaldeasturias.com\/noticias\/carmen-machi-dice-que-el-teatro-vive-un-momento-buenisimo-a-pesar-de-las-dificultades\/","name":"Carmen Machi dice que el teatro vive un momento buen\u00edsimo a pesar de las dificultades - El Digital de Asturias","description":"Las Palmas de Gran Canaria, 28 nov (EFE).- La actriz Carmen Machi ha alabado hoy el \"momento buen\u00edsimo\" que, a su juicio, atraviesa en Espa\u00f1a el teatro, en el que \"est\u00e1n pasando muchas cosas\" y \"no se est\u00e1 parando nada\" a pesar de la crisis o tal vez, incluso, como respuesta a los problemas que","inLanguage":"es-ES","isPartOf":{"@id":"https:\/\/www.eldigitaldeasturias.com\/noticias\/#website"},"breadcrumb":{"@id":"https:\/\/www.eldigitaldeasturias.com\/noticias\/carmen-machi-dice-que-el-teatro-vive-un-momento-buenisimo-a-pesar-de-las-dificultades\/#breadcrumblist"},"author":{"@id":"https:\/\/www.eldigitaldeasturias.com\/noticias\/author\/admin\/#author"},"creator":{"@id":"https:\/\/www.eldigitaldeasturias.com\/noticias\/author\/admin\/#author"},"image":{"@type":"ImageObject","url":455436,"@id":"https:\/\/www.eldigitaldeasturias.com\/noticias\/carmen-machi-dice-que-el-teatro-vive-un-momento-buenisimo-a-pesar-de-las-dificultades\/#mainImage"},"primaryImageOfPage":{"@id":"https:\/\/www.eldigitaldeasturias.com\/noticias\/carmen-machi-dice-que-el-teatro-vive-un-momento-buenisimo-a-pesar-de-las-dificultades\/#mainImage"},"datePublished":"2013-11-28T20:22:34+01:00","dateModified":"2013-11-28T20:22:34+01:00"},{"@type":"WebSite","@id":"https:\/\/www.eldigitaldeasturias.com\/noticias\/#website","url":"https:\/\/www.eldigitaldeasturias.com\/noticias\/","name":"El Digital de Asturias - Diario de actualidad y noticias","alternateName":"El Digital de Asturias - Diario de actualidad y noticias","description":"Hemeroteca","inLanguage":"es-ES","publisher":{"@id":"https:\/\/www.eldigitaldeasturias.com\/noticias\/#organization"}}]},"og:locale":"es_ES","og:site_name":"El Digital de Asturias","og:type":"article","og:title":"Carmen Machi dice que el teatro vive un momento buen\u00edsimo a pesar de las dificultades - El Digital de Asturias","og:description":"Las Palmas de Gran Canaria, 28 nov (EFE).- La actriz Carmen Machi ha alabado hoy el &quot;momento buen\u00edsimo&quot; que, a su juicio, atraviesa en Espa\u00f1a el teatro, en el que &quot;est\u00e1n pasando muchas cosas&quot; y &quot;no se est\u00e1 parando nada&quot; a pesar de la crisis o tal vez, incluso, como respuesta a los problemas que","og:url":"https:\/\/www.eldigitaldeasturias.com\/noticias\/carmen-machi-dice-que-el-teatro-vive-un-momento-buenisimo-a-pesar-de-las-dificultades\/","article:tag":["revista de ocio"],"article:published_time":"2013-11-28T21:22:34+00:00","article:modified_time":"2013-11-28T21:22:34+00:00","article:publisher":"https:\/\/facebook.com\/eldigitaldeasturias","twitter:card":"summary_large_image","twitter:title":"Carmen Machi dice que el teatro vive un momento buen\u00edsimo a pesar de las dificultades - El Digital de Asturias","twitter:description":"Las Palmas de Gran Canaria, 28 nov (EFE).- La actriz Carmen Machi ha alabado hoy el &quot;momento buen\u00edsimo&quot; que, a su juicio, atraviesa en Espa\u00f1a el teatro, en el que &quot;est\u00e1n pasando muchas cosas&quot; y &quot;no se est\u00e1 parando nada&quot; a pesar de la crisis o tal vez, incluso, como respuesta a los problemas que","twitter:label1":"Escrito por","twitter:data1":"El Digital de Asturias","twitter:label2":"Tiempo de lectura estimado","twitter:data2":"3 minutos"},"aioseo_meta_data":{"post_id":"455435","title":null,"description":null,"keywords":null,"keyphrases":null,"primary_term":null,"canonical_url":null,"og_title":null,"og_description":null,"og_object_type":"default","og_image_type":"default","og_image_url":null,"og_image_width":null,"og_image_height":null,"og_image_custom_url":null,"og_image_custom_fields":null,"og_video":null,"og_custom_url":null,"og_article_section":null,"og_article_tags":null,"twitter_use_og":true,"twitter_card":"default","twitter_image_type":"default","twitter_image_url":null,"twitter_image_custom_url":null,"twitter_image_custom_fields":null,"twitter_title":null,"twitter_description":null,"schema":{"blockGraphs":[],"customGraphs":[],"default":{"data":{"Article":[],"Course":[],"Dataset":[],"FAQPage":[],"Movie":[],"Person":[],"Product":[],"ProductReview":[],"Car":[],"Recipe":[],"Service":[],"SoftwareApplication":[],"WebPage":[]},"graphName":"","isEnabled":true},"graphs":[],"defaultGraph":"","defaultPostTypeGraph":""},"schema_type":null,"schema_type_options":null,"pillar_content":false,"robots_default":true,"robots_noindex":false,"robots_noarchive":false,"robots_nosnippet":false,"robots_nofollow":false,"robots_noimageindex":false,"robots_noodp":false,"robots_notranslate":false,"robots_max_snippet":null,"robots_max_videopreview":null,"robots_max_imagepreview":"none","priority":null,"frequency":null,"local_seo":null,"seo_analyzer_scan_date":"2026-05-29 18:16:00","breadcrumb_settings":null,"limit_modified_date":false,"open_ai":null,"ai":null,"created":"2020-11-14 22:45:19","updated":"2026-05-29 18:16:00","focus_keyword":null,"additional_keywords":null,"truseo_locale":null},"aioseo_breadcrumb":"<div class=\"aioseo-breadcrumbs\"><span class=\"aioseo-breadcrumb\">\n\t<a href=\"https:\/\/www.eldigitaldeasturias.com\/noticias\" title=\"Home\">Home<\/a>\n<\/span><span class=\"aioseo-breadcrumb-separator\">\u2013<\/span><span class=\"aioseo-breadcrumb\">\n\t<a href=\"https:\/\/www.eldigitaldeasturias.com\/noticias\/category\/revista-de-ocio\/\" title=\"Revista de Ocio\">Revista de Ocio<\/a>\n<\/span><span class=\"aioseo-breadcrumb-separator\">\u2013<\/span><span class=\"aioseo-breadcrumb\">\n\t<a href=\"https:\/\/www.eldigitaldeasturias.com\/noticias\/carmen-machi-dice-que-el-teatro-vive-un-momento-buenisimo-a-pesar-de-las-dificultades\/\" title=\"Carmen Machi dice que el teatro vive un momento buen\u00edsimo a pesar de las dificultades\">Carmen Machi dice que el teatro vive un momento buen\u00edsimo a pesar de las dificultades<\/a>\n<\/span><\/div>","aioseo_breadcrumb_json":[{"label":"Home","link":"https:\/\/www.eldigitaldeasturias.com\/noticias"},{"label":"Revista de Ocio","link":"https:\/\/www.eldigitaldeasturias.com\/noticias\/category\/revista-de-ocio\/"},{"label":"Carmen Machi dice que el teatro vive un momento buen\u00edsimo a pesar de las dificultades","link":"https:\/\/www.eldigitaldeasturias.com\/noticias\/carmen-machi-dice-que-el-teatro-vive-un-momento-buenisimo-a-pesar-de-las-dificultades\/"}],"_links":{"self":[{"href":"https:\/\/www.eldigitaldeasturias.com\/noticias\/wp-json\/wp\/v2\/posts\/455435","targetHints":{"allow":["GET"]}}],"collection":[{"href":"https:\/\/www.eldigitaldeasturias.com\/noticias\/wp-json\/wp\/v2\/posts"}],"about":[{"href":"https:\/\/www.eldigitaldeasturias.com\/noticias\/wp-json\/wp\/v2\/types\/post"}],"author":[{"embeddable":true,"href":"https:\/\/www.eldigitaldeasturias.com\/noticias\/wp-json\/wp\/v2\/users\/1"}],"replies":[{"embeddable":true,"href":"https:\/\/www.eldigitaldeasturias.com\/noticias\/wp-json\/wp\/v2\/comments?post=455435"}],"version-history":[{"count":0,"href":"https:\/\/www.eldigitaldeasturias.com\/noticias\/wp-json\/wp\/v2\/posts\/455435\/revisions"}],"wp:attachment":[{"href":"https:\/\/www.eldigitaldeasturias.com\/noticias\/wp-json\/wp\/v2\/media?parent=455435"}],"wp:term":[{"taxonomy":"category","embeddable":true,"href":"https:\/\/www.eldigitaldeasturias.com\/noticias\/wp-json\/wp\/v2\/categories?post=455435"},{"taxonomy":"post_tag","embeddable":true,"href":"https:\/\/www.eldigitaldeasturias.com\/noticias\/wp-json\/wp\/v2\/tags?post=455435"}],"curies":[{"name":"wp","href":"https:\/\/api.w.org\/{rel}","templated":true}]}}