{"id":455429,"date":"2013-11-28T20:18:55","date_gmt":"2013-11-28T21:18:55","guid":{"rendered":"http:\/\/www.eldigitaldeasturias.com\/noticias\/?p=455429"},"modified":"2013-11-28T20:18:55","modified_gmt":"2013-11-28T21:18:55","slug":"el-gran-teatro-de-cordoba-acogera-el-estreno-mundial-de-fatum-la-fuerza-del-destino","status":"publish","type":"post","link":"https:\/\/www.eldigitaldeasturias.com\/noticias\/el-gran-teatro-de-cordoba-acogera-el-estreno-mundial-de-fatum-la-fuerza-del-destino\/","title":{"rendered":"El Gran Teatro de C\u00f3rdoba acoger\u00e1 el estreno mundial de \u00abFatum! La Fuerza del Destino\u00bb"},"content":{"rendered":"<p><img loading=\"lazy\" decoding=\"async\" class=\"alignleft size-medium wp-image-455430\" alt=\"5759520w\" src=\"https:\/\/www.eldigitaldeasturias.com\/noticias\/wp-content\/uploads\/2013\/11\/5759520w-360x239.jpg\" width=\"360\" height=\"239\" \/>C\u00f3rdoba, 28 nov (EFE).- El Gran Teatro de C\u00f3rdoba acoger\u00e1 ma\u00f1ana el estreno mundial de \u00abFatum! La Fuerza del Destino\u00bb, una obra producida por el core\u00f3grafo valenciano Javier Latorre y el japon\u00e9s Shoji Kojima, inspirada en la \u00f3pera \u00abLa Forza del Destino\u00bb de Giuseppe Verdi.<\/p>\n<p>Latorre y Kojima est\u00e1n ultimando esta semana los detalles de escena y m\u00fasica para el estreno de esta obra, que se ver\u00e1 en el marco del Concurso Nacional de Arte Flamenco (CNAF) de C\u00f3rdoba, la cual narra una historia de amor imposible entre dos personas de clases diferentes.<\/p>\n<p>Giuseppe Verdi ya hizo lo propio en noviembre de 1862 con su \u00f3pera \u00abLa Forza del Destino\u00bb, que adaptaba la obra \u00abDon \u00c1lvaro o la fuerza del sino\u00bb de \u00c1ngel de Saavedra, y que ha servido de base para este \u00abFatum!\u00bb.<\/p>\n<p>\u00abSin que sirva de precedente, la obra est\u00e1 terminada antes del estreno, lo que no suele ser habitual, pero en este caso servir\u00e1 para ultimar detalles de escena y para el trabajo con los m\u00fasicos en directo\u00bb, explica a Efe Latorre en un descanso del ensayo.<\/p>\n<p>El core\u00f3grafo ha retomado junto a Paco L\u00f3pez la obra \u00abLa Fuerza del Destino\u00bb, que represent\u00f3 en toda Europa en 1990 con el grupo Ziryab-Danza, aunque lo ha hecho desde un nuevo enfoque, mucho m\u00e1s personal, estableciendo un paralelismo entre \u00e9l y el protagonista de la historia.<\/p>\n<p>\u00abLa situaci\u00f3n personal y vital que yo ten\u00eda entonces no era la mejor\u00bb, reconoce Latorre, que explica que este \u00abFatum!\u00bb aborda, con referencias propias, c\u00f3mo uno se fragua su propio destino.<\/p>\n<p>Tambi\u00e9n lo hace de forma menos lineal que en la primera obra y con otra novedad, como es el enfoque flamenco de la \u00f3pera de Verdi a partir de la direcci\u00f3n musical de Chicuelo, al que acompa\u00f1an dos cantaores, viol\u00edn, percusi\u00f3n y una segunda guitarra, y quien ha \u00abironizado: \u00abCon Verdi no ha habido ning\u00fan problema\u00bb.<\/p>\n<p>Sobre el escenario, 20 bailarines, un elenco formado por Hugo L\u00f3pez, como Don Carlos, Sara Calero como Leonor, Cristian Lozano como Don \u00c1lvaro, el propio Latorre como el marqu\u00e9s de Calatrava, y por Shoji Kojima como el destino, todos listos para representar una tr\u00e1gica obra de amor imposible que, por tem\u00e1tica, pudiera parecer muy flamenca.<\/p>\n<p>\u00abLa comedia no se trata en el flamenco, porque no tenemos costumbre. Estamos m\u00e1s acostumbrados a lo tr\u00e1gico\u00bb, se\u00f1ala Latorre, quien no obstante recuerda su montaje de \u00abRinconete y Cortadillo\u00bb de 2001, que era una comedia \u00abde principio a fin\u00bb.<\/p>\n<p>Por su parte, Kojima, vestido completamente de negro, se muestra confiado y tranquilo ante el estreno, porque considera a Latorre y a Paco L\u00f3pez \u00abgrandes maestros\u00bb.<\/p>\n<p>El japon\u00e9s lleg\u00f3 a Espa\u00f1a hace cuarenta d\u00edas y se ha consagrado por entero a esta obra que dice haber vivido \u00abmuy emocionado\u00bb.<\/p>\n<p>Recuerda que su primera representaci\u00f3n en Espa\u00f1a fue con \u00abCuatro Poetas en Guerra\u00bb, en 2007, mientras que la segunda, \u00abLa Celestina\u00bb, lo trajo a este pa\u00eds en 2009, todas ellas tambi\u00e9n con Javier Latorre.<\/p>\n<p>Para esta tercera puesta en escena espera que sea \u00abun bombazo\u00bb y lo dice confiado por estar ante \u00abuna obra \u00fanica\u00bb y por contar con el apoyo de Latorre y L\u00f3pez.<\/p>\n<p>\u00abFatum! La Fuerza del destino\u00bb servir\u00e1 para celebrar el segundo centenario de la muerte de Giuseppe Verdi, as\u00ed como para conmemorar el A\u00f1o Dual de las relaciones entre Espa\u00f1a y Jap\u00f3n.<\/p>\n<p>Por Juan Velasco<\/p>\n","protected":false},"excerpt":{"rendered":"<p>C\u00f3rdoba, 28 nov (EFE).- El Gran Teatro de C\u00f3rdoba acoger\u00e1 ma\u00f1ana el estreno mundial de \u00abFatum! La Fuerza del Destino\u00bb, una obra producida por el core\u00f3grafo valenciano Javier Latorre y el japon\u00e9s Shoji Kojima, inspirada en la \u00f3pera \u00abLa Forza del Destino\u00bb de Giuseppe Verdi. Latorre y Kojima est\u00e1n ultimando esta semana los detalles de [&hellip;]<\/p>\n","protected":false},"author":1,"featured_media":455430,"comment_status":"open","ping_status":"open","sticky":false,"template":"","format":"standard","meta":{"footnotes":""},"categories":[2],"tags":[],"class_list":["post-455429","post","type-post","status-publish","format-standard","has-post-thumbnail","hentry","category-agenda"],"aioseo_notices":[],"aioseo_head":"\n\t\t<!-- All in One SEO Pro 5.0.1 - aioseo.com -->\n\t<meta name=\"description\" content=\"C\u00f3rdoba, 28 nov (EFE).- El Gran Teatro de C\u00f3rdoba acoger\u00e1 ma\u00f1ana el estreno mundial de &quot;Fatum! La Fuerza del Destino&quot;, una obra producida por el core\u00f3grafo valenciano Javier Latorre y el japon\u00e9s Shoji Kojima, inspirada en la \u00f3pera &quot;La Forza del Destino&quot; de Giuseppe Verdi. Latorre y Kojima est\u00e1n ultimando esta semana los detalles de\" \/>\n\t<meta name=\"robots\" content=\"max-image-preview:large\" \/>\n\t<meta name=\"author\" content=\"El Digital de Asturias\"\/>\n\t<meta name=\"google-site-verification\" content=\"UA-38556648-1\" \/>\n\t<meta name=\"msvalidate.01\" content=\"7dfe9f3f1b24437ab69f4f2559babe99\" \/>\n\t<meta name=\"keywords\" content=\"agenda\" \/>\n\t<link rel=\"canonical\" href=\"https:\/\/www.eldigitaldeasturias.com\/noticias\/el-gran-teatro-de-cordoba-acogera-el-estreno-mundial-de-fatum-la-fuerza-del-destino\/\" \/>\n\t<meta name=\"generator\" content=\"All in One SEO Pro (AIOSEO) 5.0.1\" \/>\n\t\t<meta property=\"og:locale\" content=\"es_ES\" \/>\n\t\t<meta property=\"og:site_name\" content=\"El Digital de Asturias\" \/>\n\t\t<meta property=\"og:type\" content=\"article\" \/>\n\t\t<meta property=\"og:title\" content=\"El Gran Teatro de C\u00f3rdoba acoger\u00e1 el estreno mundial de \u00abFatum! La Fuerza del Destino\u00bb - El Digital de Asturias\" \/>\n\t\t<meta property=\"og:description\" content=\"C\u00f3rdoba, 28 nov (EFE).- El Gran Teatro de C\u00f3rdoba acoger\u00e1 ma\u00f1ana el estreno mundial de &quot;Fatum! La Fuerza del Destino&quot;, una obra producida por el core\u00f3grafo valenciano Javier Latorre y el japon\u00e9s Shoji Kojima, inspirada en la \u00f3pera &quot;La Forza del Destino&quot; de Giuseppe Verdi. Latorre y Kojima est\u00e1n ultimando esta semana los detalles de\" \/>\n\t\t<meta property=\"og:url\" content=\"https:\/\/www.eldigitaldeasturias.com\/noticias\/el-gran-teatro-de-cordoba-acogera-el-estreno-mundial-de-fatum-la-fuerza-del-destino\/\" \/>\n\t\t<meta property=\"article:tag\" content=\"agenda\" \/>\n\t\t<meta property=\"article:published_time\" content=\"2013-11-28T21:18:55+00:00\" \/>\n\t\t<meta property=\"article:modified_time\" content=\"2013-11-28T21:18:55+00:00\" \/>\n\t\t<meta property=\"article:publisher\" content=\"https:\/\/facebook.com\/eldigitaldeasturias\" \/>\n\t\t<meta name=\"twitter:card\" content=\"summary_large_image\" \/>\n\t\t<meta name=\"twitter:title\" content=\"El Gran Teatro de C\u00f3rdoba acoger\u00e1 el estreno mundial de \u00abFatum! La Fuerza del Destino\u00bb - El Digital de Asturias\" \/>\n\t\t<meta name=\"twitter:description\" content=\"C\u00f3rdoba, 28 nov (EFE).- El Gran Teatro de C\u00f3rdoba acoger\u00e1 ma\u00f1ana el estreno mundial de &quot;Fatum! La Fuerza del Destino&quot;, una obra producida por el core\u00f3grafo valenciano Javier Latorre y el japon\u00e9s Shoji Kojima, inspirada en la \u00f3pera &quot;La Forza del Destino&quot; de Giuseppe Verdi. Latorre y Kojima est\u00e1n ultimando esta semana los detalles de\" \/>\n\t\t<meta name=\"twitter:label1\" content=\"Escrito por\" \/>\n\t\t<meta name=\"twitter:data1\" content=\"El Digital de Asturias\" \/>\n\t\t<meta name=\"twitter:label2\" content=\"Tiempo de lectura estimado\" \/>\n\t\t<meta name=\"twitter:data2\" content=\"3 minutos\" \/>\n\t\t<script type=\"application\/ld+json\" class=\"aioseo-schema\">\n\t\t\t{\"@context\":\"https:\\\/\\\/schema.org\",\"@graph\":[{\"@type\":\"BlogPosting\",\"@id\":\"https:\\\/\\\/www.eldigitaldeasturias.com\\\/noticias\\\/el-gran-teatro-de-cordoba-acogera-el-estreno-mundial-de-fatum-la-fuerza-del-destino\\\/#blogposting\",\"name\":\"El Gran Teatro de C\\u00f3rdoba acoger\\u00e1 el estreno mundial de \\u00abFatum! La Fuerza del Destino\\u00bb - El Digital de Asturias\",\"headline\":\"El Gran Teatro de C\\u00f3rdoba acoger\\u00e1 el estreno mundial de \\u00abFatum! La Fuerza del Destino\\u00bb\",\"author\":{\"@id\":\"https:\\\/\\\/www.eldigitaldeasturias.com\\\/noticias\\\/author\\\/admin\\\/#author\"},\"publisher\":{\"@id\":\"https:\\\/\\\/www.eldigitaldeasturias.com\\\/noticias\\\/#organization\"},\"image\":{\"@type\":\"ImageObject\",\"url\":455430},\"datePublished\":\"2013-11-28T20:18:55+01:00\",\"dateModified\":\"2013-11-28T20:18:55+01:00\",\"inLanguage\":\"es-ES\",\"mainEntityOfPage\":{\"@id\":\"https:\\\/\\\/www.eldigitaldeasturias.com\\\/noticias\\\/el-gran-teatro-de-cordoba-acogera-el-estreno-mundial-de-fatum-la-fuerza-del-destino\\\/#webpage\"},\"isPartOf\":{\"@id\":\"https:\\\/\\\/www.eldigitaldeasturias.com\\\/noticias\\\/el-gran-teatro-de-cordoba-acogera-el-estreno-mundial-de-fatum-la-fuerza-del-destino\\\/#webpage\"},\"articleSection\":\"Agenda\"},{\"@type\":\"BreadcrumbList\",\"@id\":\"https:\\\/\\\/www.eldigitaldeasturias.com\\\/noticias\\\/el-gran-teatro-de-cordoba-acogera-el-estreno-mundial-de-fatum-la-fuerza-del-destino\\\/#breadcrumblist\",\"itemListElement\":[{\"@type\":\"ListItem\",\"@id\":\"https:\\\/\\\/www.eldigitaldeasturias.com\\\/noticias#listItem\",\"position\":1,\"name\":\"Home\",\"item\":\"https:\\\/\\\/www.eldigitaldeasturias.com\\\/noticias\",\"nextItem\":{\"@type\":\"ListItem\",\"@id\":\"https:\\\/\\\/www.eldigitaldeasturias.com\\\/noticias\\\/category\\\/agenda\\\/#listItem\",\"name\":\"Agenda\"}},{\"@type\":\"ListItem\",\"@id\":\"https:\\\/\\\/www.eldigitaldeasturias.com\\\/noticias\\\/category\\\/agenda\\\/#listItem\",\"position\":2,\"name\":\"Agenda\",\"item\":\"https:\\\/\\\/www.eldigitaldeasturias.com\\\/noticias\\\/category\\\/agenda\\\/\",\"nextItem\":{\"@type\":\"ListItem\",\"@id\":\"https:\\\/\\\/www.eldigitaldeasturias.com\\\/noticias\\\/el-gran-teatro-de-cordoba-acogera-el-estreno-mundial-de-fatum-la-fuerza-del-destino\\\/#listItem\",\"name\":\"El Gran Teatro de C\\u00f3rdoba acoger\\u00e1 el estreno mundial de \\u00abFatum! La Fuerza del Destino\\u00bb\"},\"previousItem\":{\"@type\":\"ListItem\",\"@id\":\"https:\\\/\\\/www.eldigitaldeasturias.com\\\/noticias#listItem\",\"name\":\"Home\"}},{\"@type\":\"ListItem\",\"@id\":\"https:\\\/\\\/www.eldigitaldeasturias.com\\\/noticias\\\/el-gran-teatro-de-cordoba-acogera-el-estreno-mundial-de-fatum-la-fuerza-del-destino\\\/#listItem\",\"position\":3,\"name\":\"El Gran Teatro de C\\u00f3rdoba acoger\\u00e1 el estreno mundial de \\u00abFatum! La Fuerza del Destino\\u00bb\",\"previousItem\":{\"@type\":\"ListItem\",\"@id\":\"https:\\\/\\\/www.eldigitaldeasturias.com\\\/noticias\\\/category\\\/agenda\\\/#listItem\",\"name\":\"Agenda\"}}]},{\"@type\":\"Organization\",\"@id\":\"https:\\\/\\\/www.eldigitaldeasturias.com\\\/noticias\\\/#organization\",\"name\":\"El Digital de Asturias\",\"description\":\"Hemeroteca\",\"url\":\"https:\\\/\\\/www.eldigitaldeasturias.com\\\/noticias\\\/\",\"email\":\"info@eldigitaldeasturias.com\",\"telephone\":\"+34652131393\",\"logo\":{\"@type\":\"ImageObject\",\"url\":\"https:\\\/\\\/www.eldigitaldeasturias.com\\\/noticias\\\/wp-content\\\/uploads\\\/2020\\\/12\\\/EDA.jpg\",\"@id\":\"https:\\\/\\\/www.eldigitaldeasturias.com\\\/noticias\\\/el-gran-teatro-de-cordoba-acogera-el-estreno-mundial-de-fatum-la-fuerza-del-destino\\\/#organizationLogo\"},\"image\":{\"@id\":\"https:\\\/\\\/www.eldigitaldeasturias.com\\\/noticias\\\/el-gran-teatro-de-cordoba-acogera-el-estreno-mundial-de-fatum-la-fuerza-del-destino\\\/#organizationLogo\"},\"sameAs\":[\"https:\\\/\\\/facebook.com\\\/eldigitaldeasturias\",\"https:\\\/\\\/www.youtube.com\\\/channel\\\/UCZP-2wLEB9Rv6erhFmqVnvg\"],\"address\":{\"@id\":\"https:\\\/\\\/www.eldigitaldeasturias.com\\\/noticias\\\/#postaladdress\",\"@type\":\"PostalAddress\",\"streetAddress\":\"san antonio 4\",\"postalCode\":\"33430\",\"addressLocality\":\"Cand\\u00e1s\",\"addressRegion\":\"Asturias\",\"addressCountry\":\"ES\"}},{\"@type\":\"Person\",\"@id\":\"https:\\\/\\\/www.eldigitaldeasturias.com\\\/noticias\\\/author\\\/admin\\\/#author\",\"url\":\"https:\\\/\\\/www.eldigitaldeasturias.com\\\/noticias\\\/author\\\/admin\\\/\",\"name\":\"El Digital de Asturias\",\"image\":{\"@type\":\"ImageObject\",\"@id\":\"https:\\\/\\\/www.eldigitaldeasturias.com\\\/noticias\\\/el-gran-teatro-de-cordoba-acogera-el-estreno-mundial-de-fatum-la-fuerza-del-destino\\\/#authorImage\",\"url\":\"https:\\\/\\\/secure.gravatar.com\\\/avatar\\\/df2aeffc32bcd13f8d26072ef8a91b623d677766deac7f97ca815868cd41bf5e?s=96&d=mm&r=g\",\"width\":96,\"height\":96,\"caption\":\"El Digital de Asturias\"}},{\"@type\":\"WebPage\",\"@id\":\"https:\\\/\\\/www.eldigitaldeasturias.com\\\/noticias\\\/el-gran-teatro-de-cordoba-acogera-el-estreno-mundial-de-fatum-la-fuerza-del-destino\\\/#webpage\",\"url\":\"https:\\\/\\\/www.eldigitaldeasturias.com\\\/noticias\\\/el-gran-teatro-de-cordoba-acogera-el-estreno-mundial-de-fatum-la-fuerza-del-destino\\\/\",\"name\":\"El Gran Teatro de C\\u00f3rdoba acoger\\u00e1 el estreno mundial de \\u00abFatum! La Fuerza del Destino\\u00bb - El Digital de Asturias\",\"description\":\"C\\u00f3rdoba, 28 nov (EFE).- El Gran Teatro de C\\u00f3rdoba acoger\\u00e1 ma\\u00f1ana el estreno mundial de \\\"Fatum! La Fuerza del Destino\\\", una obra producida por el core\\u00f3grafo valenciano Javier Latorre y el japon\\u00e9s Shoji Kojima, inspirada en la \\u00f3pera \\\"La Forza del Destino\\\" de Giuseppe Verdi. Latorre y Kojima est\\u00e1n ultimando esta semana los detalles de\",\"inLanguage\":\"es-ES\",\"isPartOf\":{\"@id\":\"https:\\\/\\\/www.eldigitaldeasturias.com\\\/noticias\\\/#website\"},\"breadcrumb\":{\"@id\":\"https:\\\/\\\/www.eldigitaldeasturias.com\\\/noticias\\\/el-gran-teatro-de-cordoba-acogera-el-estreno-mundial-de-fatum-la-fuerza-del-destino\\\/#breadcrumblist\"},\"author\":{\"@id\":\"https:\\\/\\\/www.eldigitaldeasturias.com\\\/noticias\\\/author\\\/admin\\\/#author\"},\"creator\":{\"@id\":\"https:\\\/\\\/www.eldigitaldeasturias.com\\\/noticias\\\/author\\\/admin\\\/#author\"},\"image\":{\"@type\":\"ImageObject\",\"url\":455430,\"@id\":\"https:\\\/\\\/www.eldigitaldeasturias.com\\\/noticias\\\/el-gran-teatro-de-cordoba-acogera-el-estreno-mundial-de-fatum-la-fuerza-del-destino\\\/#mainImage\"},\"primaryImageOfPage\":{\"@id\":\"https:\\\/\\\/www.eldigitaldeasturias.com\\\/noticias\\\/el-gran-teatro-de-cordoba-acogera-el-estreno-mundial-de-fatum-la-fuerza-del-destino\\\/#mainImage\"},\"datePublished\":\"2013-11-28T20:18:55+01:00\",\"dateModified\":\"2013-11-28T20:18:55+01:00\"},{\"@type\":\"WebSite\",\"@id\":\"https:\\\/\\\/www.eldigitaldeasturias.com\\\/noticias\\\/#website\",\"url\":\"https:\\\/\\\/www.eldigitaldeasturias.com\\\/noticias\\\/\",\"name\":\"El Digital de Asturias - Diario de actualidad y noticias\",\"alternateName\":\"El Digital de Asturias - Diario de actualidad y noticias\",\"description\":\"Hemeroteca\",\"inLanguage\":\"es-ES\",\"publisher\":{\"@id\":\"https:\\\/\\\/www.eldigitaldeasturias.com\\\/noticias\\\/#organization\"}}]}\n\t\t<\/script>\n\t\t<!-- All in One SEO Pro -->\r\n\t\t<title>El Gran Teatro de C\u00f3rdoba acoger\u00e1 el estreno mundial de \u00abFatum! La Fuerza del Destino\u00bb - El Digital de Asturias<\/title>\n\n","aioseo_head_json":{"title":"El Gran Teatro de C\u00f3rdoba acoger\u00e1 el estreno mundial de \u00abFatum! La Fuerza del Destino\u00bb - El Digital de Asturias","description":"C\u00f3rdoba, 28 nov (EFE).- El Gran Teatro de C\u00f3rdoba acoger\u00e1 ma\u00f1ana el estreno mundial de \"Fatum! La Fuerza del Destino\", una obra producida por el core\u00f3grafo valenciano Javier Latorre y el japon\u00e9s Shoji Kojima, inspirada en la \u00f3pera \"La Forza del Destino\" de Giuseppe Verdi. Latorre y Kojima est\u00e1n ultimando esta semana los detalles de","canonical_url":"https:\/\/www.eldigitaldeasturias.com\/noticias\/el-gran-teatro-de-cordoba-acogera-el-estreno-mundial-de-fatum-la-fuerza-del-destino\/","robots":"max-image-preview:large","keywords":"agenda","webmasterTools":{"google-site-verification":"UA-38556648-1","msvalidate.01":"7dfe9f3f1b24437ab69f4f2559babe99","miscellaneous":""},"schema":{"@context":"https:\/\/schema.org","@graph":[{"@type":"BlogPosting","@id":"https:\/\/www.eldigitaldeasturias.com\/noticias\/el-gran-teatro-de-cordoba-acogera-el-estreno-mundial-de-fatum-la-fuerza-del-destino\/#blogposting","name":"El Gran Teatro de C\u00f3rdoba acoger\u00e1 el estreno mundial de \u00abFatum! La Fuerza del Destino\u00bb - El Digital de Asturias","headline":"El Gran Teatro de C\u00f3rdoba acoger\u00e1 el estreno mundial de \u00abFatum! La Fuerza del Destino\u00bb","author":{"@id":"https:\/\/www.eldigitaldeasturias.com\/noticias\/author\/admin\/#author"},"publisher":{"@id":"https:\/\/www.eldigitaldeasturias.com\/noticias\/#organization"},"image":{"@type":"ImageObject","url":455430},"datePublished":"2013-11-28T20:18:55+01:00","dateModified":"2013-11-28T20:18:55+01:00","inLanguage":"es-ES","mainEntityOfPage":{"@id":"https:\/\/www.eldigitaldeasturias.com\/noticias\/el-gran-teatro-de-cordoba-acogera-el-estreno-mundial-de-fatum-la-fuerza-del-destino\/#webpage"},"isPartOf":{"@id":"https:\/\/www.eldigitaldeasturias.com\/noticias\/el-gran-teatro-de-cordoba-acogera-el-estreno-mundial-de-fatum-la-fuerza-del-destino\/#webpage"},"articleSection":"Agenda"},{"@type":"BreadcrumbList","@id":"https:\/\/www.eldigitaldeasturias.com\/noticias\/el-gran-teatro-de-cordoba-acogera-el-estreno-mundial-de-fatum-la-fuerza-del-destino\/#breadcrumblist","itemListElement":[{"@type":"ListItem","@id":"https:\/\/www.eldigitaldeasturias.com\/noticias#listItem","position":1,"name":"Home","item":"https:\/\/www.eldigitaldeasturias.com\/noticias","nextItem":{"@type":"ListItem","@id":"https:\/\/www.eldigitaldeasturias.com\/noticias\/category\/agenda\/#listItem","name":"Agenda"}},{"@type":"ListItem","@id":"https:\/\/www.eldigitaldeasturias.com\/noticias\/category\/agenda\/#listItem","position":2,"name":"Agenda","item":"https:\/\/www.eldigitaldeasturias.com\/noticias\/category\/agenda\/","nextItem":{"@type":"ListItem","@id":"https:\/\/www.eldigitaldeasturias.com\/noticias\/el-gran-teatro-de-cordoba-acogera-el-estreno-mundial-de-fatum-la-fuerza-del-destino\/#listItem","name":"El Gran Teatro de C\u00f3rdoba acoger\u00e1 el estreno mundial de \u00abFatum! La Fuerza del Destino\u00bb"},"previousItem":{"@type":"ListItem","@id":"https:\/\/www.eldigitaldeasturias.com\/noticias#listItem","name":"Home"}},{"@type":"ListItem","@id":"https:\/\/www.eldigitaldeasturias.com\/noticias\/el-gran-teatro-de-cordoba-acogera-el-estreno-mundial-de-fatum-la-fuerza-del-destino\/#listItem","position":3,"name":"El Gran Teatro de C\u00f3rdoba acoger\u00e1 el estreno mundial de \u00abFatum! La Fuerza del Destino\u00bb","previousItem":{"@type":"ListItem","@id":"https:\/\/www.eldigitaldeasturias.com\/noticias\/category\/agenda\/#listItem","name":"Agenda"}}]},{"@type":"Organization","@id":"https:\/\/www.eldigitaldeasturias.com\/noticias\/#organization","name":"El Digital de Asturias","description":"Hemeroteca","url":"https:\/\/www.eldigitaldeasturias.com\/noticias\/","email":"info@eldigitaldeasturias.com","telephone":"+34652131393","logo":{"@type":"ImageObject","url":"https:\/\/www.eldigitaldeasturias.com\/noticias\/wp-content\/uploads\/2020\/12\/EDA.jpg","@id":"https:\/\/www.eldigitaldeasturias.com\/noticias\/el-gran-teatro-de-cordoba-acogera-el-estreno-mundial-de-fatum-la-fuerza-del-destino\/#organizationLogo"},"image":{"@id":"https:\/\/www.eldigitaldeasturias.com\/noticias\/el-gran-teatro-de-cordoba-acogera-el-estreno-mundial-de-fatum-la-fuerza-del-destino\/#organizationLogo"},"sameAs":["https:\/\/facebook.com\/eldigitaldeasturias","https:\/\/www.youtube.com\/channel\/UCZP-2wLEB9Rv6erhFmqVnvg"],"address":{"@id":"https:\/\/www.eldigitaldeasturias.com\/noticias\/#postaladdress","@type":"PostalAddress","streetAddress":"san antonio 4","postalCode":"33430","addressLocality":"Cand\u00e1s","addressRegion":"Asturias","addressCountry":"ES"}},{"@type":"Person","@id":"https:\/\/www.eldigitaldeasturias.com\/noticias\/author\/admin\/#author","url":"https:\/\/www.eldigitaldeasturias.com\/noticias\/author\/admin\/","name":"El Digital de Asturias","image":{"@type":"ImageObject","@id":"https:\/\/www.eldigitaldeasturias.com\/noticias\/el-gran-teatro-de-cordoba-acogera-el-estreno-mundial-de-fatum-la-fuerza-del-destino\/#authorImage","url":"https:\/\/secure.gravatar.com\/avatar\/df2aeffc32bcd13f8d26072ef8a91b623d677766deac7f97ca815868cd41bf5e?s=96&d=mm&r=g","width":96,"height":96,"caption":"El Digital de Asturias"}},{"@type":"WebPage","@id":"https:\/\/www.eldigitaldeasturias.com\/noticias\/el-gran-teatro-de-cordoba-acogera-el-estreno-mundial-de-fatum-la-fuerza-del-destino\/#webpage","url":"https:\/\/www.eldigitaldeasturias.com\/noticias\/el-gran-teatro-de-cordoba-acogera-el-estreno-mundial-de-fatum-la-fuerza-del-destino\/","name":"El Gran Teatro de C\u00f3rdoba acoger\u00e1 el estreno mundial de \u00abFatum! La Fuerza del Destino\u00bb - El Digital de Asturias","description":"C\u00f3rdoba, 28 nov (EFE).- El Gran Teatro de C\u00f3rdoba acoger\u00e1 ma\u00f1ana el estreno mundial de \"Fatum! La Fuerza del Destino\", una obra producida por el core\u00f3grafo valenciano Javier Latorre y el japon\u00e9s Shoji Kojima, inspirada en la \u00f3pera \"La Forza del Destino\" de Giuseppe Verdi. Latorre y Kojima est\u00e1n ultimando esta semana los detalles de","inLanguage":"es-ES","isPartOf":{"@id":"https:\/\/www.eldigitaldeasturias.com\/noticias\/#website"},"breadcrumb":{"@id":"https:\/\/www.eldigitaldeasturias.com\/noticias\/el-gran-teatro-de-cordoba-acogera-el-estreno-mundial-de-fatum-la-fuerza-del-destino\/#breadcrumblist"},"author":{"@id":"https:\/\/www.eldigitaldeasturias.com\/noticias\/author\/admin\/#author"},"creator":{"@id":"https:\/\/www.eldigitaldeasturias.com\/noticias\/author\/admin\/#author"},"image":{"@type":"ImageObject","url":455430,"@id":"https:\/\/www.eldigitaldeasturias.com\/noticias\/el-gran-teatro-de-cordoba-acogera-el-estreno-mundial-de-fatum-la-fuerza-del-destino\/#mainImage"},"primaryImageOfPage":{"@id":"https:\/\/www.eldigitaldeasturias.com\/noticias\/el-gran-teatro-de-cordoba-acogera-el-estreno-mundial-de-fatum-la-fuerza-del-destino\/#mainImage"},"datePublished":"2013-11-28T20:18:55+01:00","dateModified":"2013-11-28T20:18:55+01:00"},{"@type":"WebSite","@id":"https:\/\/www.eldigitaldeasturias.com\/noticias\/#website","url":"https:\/\/www.eldigitaldeasturias.com\/noticias\/","name":"El Digital de Asturias - Diario de actualidad y noticias","alternateName":"El Digital de Asturias - Diario de actualidad y noticias","description":"Hemeroteca","inLanguage":"es-ES","publisher":{"@id":"https:\/\/www.eldigitaldeasturias.com\/noticias\/#organization"}}]},"og:locale":"es_ES","og:site_name":"El Digital de Asturias","og:type":"article","og:title":"El Gran Teatro de C\u00f3rdoba acoger\u00e1 el estreno mundial de \u00abFatum! La Fuerza del Destino\u00bb - El Digital de Asturias","og:description":"C\u00f3rdoba, 28 nov (EFE).- El Gran Teatro de C\u00f3rdoba acoger\u00e1 ma\u00f1ana el estreno mundial de &quot;Fatum! La Fuerza del Destino&quot;, una obra producida por el core\u00f3grafo valenciano Javier Latorre y el japon\u00e9s Shoji Kojima, inspirada en la \u00f3pera &quot;La Forza del Destino&quot; de Giuseppe Verdi. Latorre y Kojima est\u00e1n ultimando esta semana los detalles de","og:url":"https:\/\/www.eldigitaldeasturias.com\/noticias\/el-gran-teatro-de-cordoba-acogera-el-estreno-mundial-de-fatum-la-fuerza-del-destino\/","article:tag":["agenda"],"article:published_time":"2013-11-28T21:18:55+00:00","article:modified_time":"2013-11-28T21:18:55+00:00","article:publisher":"https:\/\/facebook.com\/eldigitaldeasturias","twitter:card":"summary_large_image","twitter:title":"El Gran Teatro de C\u00f3rdoba acoger\u00e1 el estreno mundial de \u00abFatum! La Fuerza del Destino\u00bb - El Digital de Asturias","twitter:description":"C\u00f3rdoba, 28 nov (EFE).- El Gran Teatro de C\u00f3rdoba acoger\u00e1 ma\u00f1ana el estreno mundial de &quot;Fatum! La Fuerza del Destino&quot;, una obra producida por el core\u00f3grafo valenciano Javier Latorre y el japon\u00e9s Shoji Kojima, inspirada en la \u00f3pera &quot;La Forza del Destino&quot; de Giuseppe Verdi. Latorre y Kojima est\u00e1n ultimando esta semana los detalles de","twitter:label1":"Escrito por","twitter:data1":"El Digital de Asturias","twitter:label2":"Tiempo de lectura estimado","twitter:data2":"3 minutos"},"aioseo_meta_data":{"post_id":"455429","title":null,"description":null,"keywords":null,"keyphrases":null,"primary_term":null,"canonical_url":null,"og_title":null,"og_description":null,"og_object_type":"default","og_image_type":"default","og_image_url":null,"og_image_width":null,"og_image_height":null,"og_image_custom_url":null,"og_image_custom_fields":null,"og_video":null,"og_custom_url":null,"og_article_section":null,"og_article_tags":null,"twitter_use_og":true,"twitter_card":"default","twitter_image_type":"default","twitter_image_url":null,"twitter_image_custom_url":null,"twitter_image_custom_fields":null,"twitter_title":null,"twitter_description":null,"schema":{"blockGraphs":[],"customGraphs":[],"default":{"data":{"Article":[],"Course":[],"Dataset":[],"FAQPage":[],"Movie":[],"Person":[],"Product":[],"ProductReview":[],"Car":[],"Recipe":[],"Service":[],"SoftwareApplication":[],"WebPage":[]},"graphName":"","isEnabled":true},"graphs":[],"defaultGraph":"","defaultPostTypeGraph":""},"schema_type":null,"schema_type_options":null,"pillar_content":false,"robots_default":true,"robots_noindex":false,"robots_noarchive":false,"robots_nosnippet":false,"robots_nofollow":false,"robots_noimageindex":false,"robots_noodp":false,"robots_notranslate":false,"robots_max_snippet":null,"robots_max_videopreview":null,"robots_max_imagepreview":"none","priority":null,"frequency":null,"local_seo":null,"seo_analyzer_scan_date":"2026-05-29 18:15:59","breadcrumb_settings":null,"limit_modified_date":false,"open_ai":null,"ai":null,"created":"2020-11-14 22:45:19","updated":"2026-05-29 18:15:59","focus_keyword":null,"additional_keywords":null,"truseo_locale":null},"aioseo_breadcrumb":"<div class=\"aioseo-breadcrumbs\"><span class=\"aioseo-breadcrumb\">\n\t<a href=\"https:\/\/www.eldigitaldeasturias.com\/noticias\" title=\"Home\">Home<\/a>\n<\/span><span class=\"aioseo-breadcrumb-separator\">\u2013<\/span><span class=\"aioseo-breadcrumb\">\n\t<a href=\"https:\/\/www.eldigitaldeasturias.com\/noticias\/category\/agenda\/\" title=\"Agenda\">Agenda<\/a>\n<\/span><span class=\"aioseo-breadcrumb-separator\">\u2013<\/span><span class=\"aioseo-breadcrumb\">\n\t<a href=\"https:\/\/www.eldigitaldeasturias.com\/noticias\/el-gran-teatro-de-cordoba-acogera-el-estreno-mundial-de-fatum-la-fuerza-del-destino\/\" title=\"El Gran Teatro de C\u00f3rdoba acoger\u00e1 el estreno mundial de \u00abFatum! La Fuerza del Destino\u00bb\">El Gran Teatro de C\u00f3rdoba acoger\u00e1 el estreno mundial de \u00abFatum! La Fuerza del Destino\u00bb<\/a>\n<\/span><\/div>","aioseo_breadcrumb_json":[{"label":"Home","link":"https:\/\/www.eldigitaldeasturias.com\/noticias"},{"label":"Agenda","link":"https:\/\/www.eldigitaldeasturias.com\/noticias\/category\/agenda\/"},{"label":"El Gran Teatro de C\u00f3rdoba acoger\u00e1 el estreno mundial de \u00abFatum! La Fuerza del Destino\u00bb","link":"https:\/\/www.eldigitaldeasturias.com\/noticias\/el-gran-teatro-de-cordoba-acogera-el-estreno-mundial-de-fatum-la-fuerza-del-destino\/"}],"_links":{"self":[{"href":"https:\/\/www.eldigitaldeasturias.com\/noticias\/wp-json\/wp\/v2\/posts\/455429","targetHints":{"allow":["GET"]}}],"collection":[{"href":"https:\/\/www.eldigitaldeasturias.com\/noticias\/wp-json\/wp\/v2\/posts"}],"about":[{"href":"https:\/\/www.eldigitaldeasturias.com\/noticias\/wp-json\/wp\/v2\/types\/post"}],"author":[{"embeddable":true,"href":"https:\/\/www.eldigitaldeasturias.com\/noticias\/wp-json\/wp\/v2\/users\/1"}],"replies":[{"embeddable":true,"href":"https:\/\/www.eldigitaldeasturias.com\/noticias\/wp-json\/wp\/v2\/comments?post=455429"}],"version-history":[{"count":0,"href":"https:\/\/www.eldigitaldeasturias.com\/noticias\/wp-json\/wp\/v2\/posts\/455429\/revisions"}],"wp:attachment":[{"href":"https:\/\/www.eldigitaldeasturias.com\/noticias\/wp-json\/wp\/v2\/media?parent=455429"}],"wp:term":[{"taxonomy":"category","embeddable":true,"href":"https:\/\/www.eldigitaldeasturias.com\/noticias\/wp-json\/wp\/v2\/categories?post=455429"},{"taxonomy":"post_tag","embeddable":true,"href":"https:\/\/www.eldigitaldeasturias.com\/noticias\/wp-json\/wp\/v2\/tags?post=455429"}],"curies":[{"name":"wp","href":"https:\/\/api.w.org\/{rel}","templated":true}]}}