{"id":455420,"date":"2013-11-28T19:17:30","date_gmt":"2013-11-28T20:17:30","guid":{"rendered":"http:\/\/www.eldigitaldeasturias.com\/noticias\/?p=455420"},"modified":"2013-11-28T19:17:30","modified_gmt":"2013-11-28T20:17:30","slug":"cabreiroa-homenajea-a-los-faros-gallegos-en-botellas-de-edicion-limitada","status":"publish","type":"post","link":"https:\/\/www.eldigitaldeasturias.com\/noticias\/cabreiroa-homenajea-a-los-faros-gallegos-en-botellas-de-edicion-limitada\/","title":{"rendered":"Cabreiro\u00e1 homenajea a los faros gallegos en botellas de edici\u00f3n limitada"},"content":{"rendered":"<p><img loading=\"lazy\" decoding=\"async\" class=\"alignleft size-large wp-image-455421\" alt=\"5759693w\" src=\"https:\/\/www.eldigitaldeasturias.com\/noticias\/wp-content\/uploads\/2013\/11\/5759693w-650x403.jpg\" width=\"650\" height=\"403\" \/>A Coru\u00f1a, 28 nov (EFE).- La empresa embotelladora de agua Cabreiro\u00e1 ha preparado un homenaje a los faros gallegos con una serie de botellas de edici\u00f3n limitada acompa\u00f1adas de m\u00fasica original de Berrog\u00fceto.<\/p>\n<p>Los faros de la Torre de H\u00e9rcules, Estaca de Bares, Fisterra y las Islas C\u00edes tienen desde hoy su particular botella de agua mineral de vidrio con un litro de capacidad que llega junto al tema \u00abAstro de Pedra\u00bb, una canci\u00f3n dedicada a ellos.<\/p>\n<p>La Torre de H\u00e9rcules ha acogido la presentaci\u00f3n en la que un emotivo v\u00eddeo ha explicado que \u00abCabreiro\u00e1 rinde homenaje a esos \u00e1ngeles de la guarda del mar que forman parte de la misma esencia de Galicia, son vig\u00edas centenarios, cuando no milenarios, que nacen en ese l\u00edmite entre la tierra y el agua, como el manantial de Cabreiro\u00e1\u00bb.<\/p>\n<p>El mismo documento ha expresado que \u00abfaros y agua\u00bb es la esencia de Galicia, a lo que el representante de la empresa, Juan Paz, ha a\u00f1adido que desde la compa\u00f1\u00eda est\u00e1n muy contentos con haber podido desarrollar esta nueva iniciativa.<\/p>\n<p>Se trata de cuatro botellas de edici\u00f3n limitada, con 5.000 ejemplares, aunque \u00absi hubiese m\u00e1s demanda podr\u00eda haber alguna m\u00e1s\u00bb en formato de un litro y en vidrio, que se pueden comprar en pack o separadas a un precio de 9,95 euros en la web de la empresa embotelladora.<\/p>\n<p>El representante de Berrog\u00fceto, Santiago Cribeiro, ha dejado claro que le parece \u00abmuy importante ser capaces de crear estas sinergias entre marcas muy enraizadas con Galicia y la cultura\u00bb, pues representan un \u00abvalor a\u00f1adido\u00bb que en el caso de los faros \u00abmarca el camino y sirve de gu\u00eda\u00bb.<\/p>\n<p>La directora-coordinadora de la Torre de H\u00e9rcules, Ana Santorum, ha destacado que el faro \u00absigue funcionando con el mismo fin desde hace dos mil a\u00f1os\u00bb, por lo que ha agradecido la iniciativa y quiere que se repitan otras similares.<\/p>\n","protected":false},"excerpt":{"rendered":"<p>A Coru\u00f1a, 28 nov (EFE).- La empresa embotelladora de agua Cabreiro\u00e1 ha preparado un homenaje a los faros gallegos con una serie de botellas de edici\u00f3n limitada acompa\u00f1adas de m\u00fasica original de Berrog\u00fceto. Los faros de la Torre de H\u00e9rcules, Estaca de Bares, Fisterra y las Islas C\u00edes tienen desde hoy su particular botella de [&hellip;]<\/p>\n","protected":false},"author":1,"featured_media":455421,"comment_status":"open","ping_status":"open","sticky":false,"template":"","format":"standard","meta":{"footnotes":""},"categories":[50],"tags":[],"class_list":["post-455420","post","type-post","status-publish","format-standard","has-post-thumbnail","hentry","category-revista-de-ocio"],"aioseo_notices":[],"aioseo_head":"\n\t\t<!-- All in One SEO Pro 5.0.1 - aioseo.com -->\n\t<meta name=\"description\" content=\"A Coru\u00f1a, 28 nov (EFE).- La empresa embotelladora de agua Cabreiro\u00e1 ha preparado un homenaje a los faros gallegos con una serie de botellas de edici\u00f3n limitada acompa\u00f1adas de m\u00fasica original de Berrog\u00fceto. Los faros de la Torre de H\u00e9rcules, Estaca de Bares, Fisterra y las Islas C\u00edes tienen desde hoy su particular botella de\" \/>\n\t<meta name=\"robots\" content=\"max-image-preview:large\" \/>\n\t<meta name=\"author\" content=\"El Digital de Asturias\"\/>\n\t<meta name=\"google-site-verification\" content=\"UA-38556648-1\" \/>\n\t<meta name=\"msvalidate.01\" content=\"7dfe9f3f1b24437ab69f4f2559babe99\" \/>\n\t<meta name=\"keywords\" content=\"revista de ocio\" \/>\n\t<link rel=\"canonical\" href=\"https:\/\/www.eldigitaldeasturias.com\/noticias\/cabreiroa-homenajea-a-los-faros-gallegos-en-botellas-de-edicion-limitada\/\" \/>\n\t<meta name=\"generator\" content=\"All in One SEO Pro (AIOSEO) 5.0.1\" \/>\n\t\t<meta property=\"og:locale\" content=\"es_ES\" \/>\n\t\t<meta property=\"og:site_name\" content=\"El Digital de Asturias\" \/>\n\t\t<meta property=\"og:type\" content=\"article\" \/>\n\t\t<meta property=\"og:title\" content=\"Cabreiro\u00e1 homenajea a los faros gallegos en botellas de edici\u00f3n limitada - El Digital de Asturias\" \/>\n\t\t<meta property=\"og:description\" content=\"A Coru\u00f1a, 28 nov (EFE).- La empresa embotelladora de agua Cabreiro\u00e1 ha preparado un homenaje a los faros gallegos con una serie de botellas de edici\u00f3n limitada acompa\u00f1adas de m\u00fasica original de Berrog\u00fceto. Los faros de la Torre de H\u00e9rcules, Estaca de Bares, Fisterra y las Islas C\u00edes tienen desde hoy su particular botella de\" \/>\n\t\t<meta property=\"og:url\" content=\"https:\/\/www.eldigitaldeasturias.com\/noticias\/cabreiroa-homenajea-a-los-faros-gallegos-en-botellas-de-edicion-limitada\/\" \/>\n\t\t<meta property=\"article:tag\" content=\"revista de ocio\" \/>\n\t\t<meta property=\"article:published_time\" content=\"2013-11-28T20:17:30+00:00\" \/>\n\t\t<meta property=\"article:modified_time\" content=\"2013-11-28T20:17:30+00:00\" \/>\n\t\t<meta property=\"article:publisher\" content=\"https:\/\/facebook.com\/eldigitaldeasturias\" \/>\n\t\t<meta name=\"twitter:card\" content=\"summary_large_image\" \/>\n\t\t<meta name=\"twitter:title\" content=\"Cabreiro\u00e1 homenajea a los faros gallegos en botellas de edici\u00f3n limitada - El Digital de Asturias\" \/>\n\t\t<meta name=\"twitter:description\" content=\"A Coru\u00f1a, 28 nov (EFE).- La empresa embotelladora de agua Cabreiro\u00e1 ha preparado un homenaje a los faros gallegos con una serie de botellas de edici\u00f3n limitada acompa\u00f1adas de m\u00fasica original de Berrog\u00fceto. Los faros de la Torre de H\u00e9rcules, Estaca de Bares, Fisterra y las Islas C\u00edes tienen desde hoy su particular botella de\" \/>\n\t\t<meta name=\"twitter:label1\" content=\"Escrito por\" \/>\n\t\t<meta name=\"twitter:data1\" content=\"El Digital de Asturias\" \/>\n\t\t<meta name=\"twitter:label2\" content=\"Tiempo de lectura estimado\" \/>\n\t\t<meta name=\"twitter:data2\" content=\"2 minutos\" \/>\n\t\t<script type=\"application\/ld+json\" class=\"aioseo-schema\">\n\t\t\t{\"@context\":\"https:\\\/\\\/schema.org\",\"@graph\":[{\"@type\":\"BlogPosting\",\"@id\":\"https:\\\/\\\/www.eldigitaldeasturias.com\\\/noticias\\\/cabreiroa-homenajea-a-los-faros-gallegos-en-botellas-de-edicion-limitada\\\/#blogposting\",\"name\":\"Cabreiro\\u00e1 homenajea a los faros gallegos en botellas de edici\\u00f3n limitada - El Digital de Asturias\",\"headline\":\"Cabreiro\\u00e1 homenajea a los faros gallegos en botellas de edici\\u00f3n limitada\",\"author\":{\"@id\":\"https:\\\/\\\/www.eldigitaldeasturias.com\\\/noticias\\\/author\\\/admin\\\/#author\"},\"publisher\":{\"@id\":\"https:\\\/\\\/www.eldigitaldeasturias.com\\\/noticias\\\/#organization\"},\"image\":{\"@type\":\"ImageObject\",\"url\":455421},\"datePublished\":\"2013-11-28T19:17:30+01:00\",\"dateModified\":\"2013-11-28T19:17:30+01:00\",\"inLanguage\":\"es-ES\",\"mainEntityOfPage\":{\"@id\":\"https:\\\/\\\/www.eldigitaldeasturias.com\\\/noticias\\\/cabreiroa-homenajea-a-los-faros-gallegos-en-botellas-de-edicion-limitada\\\/#webpage\"},\"isPartOf\":{\"@id\":\"https:\\\/\\\/www.eldigitaldeasturias.com\\\/noticias\\\/cabreiroa-homenajea-a-los-faros-gallegos-en-botellas-de-edicion-limitada\\\/#webpage\"},\"articleSection\":\"Revista de Ocio\"},{\"@type\":\"BreadcrumbList\",\"@id\":\"https:\\\/\\\/www.eldigitaldeasturias.com\\\/noticias\\\/cabreiroa-homenajea-a-los-faros-gallegos-en-botellas-de-edicion-limitada\\\/#breadcrumblist\",\"itemListElement\":[{\"@type\":\"ListItem\",\"@id\":\"https:\\\/\\\/www.eldigitaldeasturias.com\\\/noticias#listItem\",\"position\":1,\"name\":\"Home\",\"item\":\"https:\\\/\\\/www.eldigitaldeasturias.com\\\/noticias\",\"nextItem\":{\"@type\":\"ListItem\",\"@id\":\"https:\\\/\\\/www.eldigitaldeasturias.com\\\/noticias\\\/category\\\/revista-de-ocio\\\/#listItem\",\"name\":\"Revista de Ocio\"}},{\"@type\":\"ListItem\",\"@id\":\"https:\\\/\\\/www.eldigitaldeasturias.com\\\/noticias\\\/category\\\/revista-de-ocio\\\/#listItem\",\"position\":2,\"name\":\"Revista de Ocio\",\"item\":\"https:\\\/\\\/www.eldigitaldeasturias.com\\\/noticias\\\/category\\\/revista-de-ocio\\\/\",\"nextItem\":{\"@type\":\"ListItem\",\"@id\":\"https:\\\/\\\/www.eldigitaldeasturias.com\\\/noticias\\\/cabreiroa-homenajea-a-los-faros-gallegos-en-botellas-de-edicion-limitada\\\/#listItem\",\"name\":\"Cabreiro\\u00e1 homenajea a los faros gallegos en botellas de edici\\u00f3n limitada\"},\"previousItem\":{\"@type\":\"ListItem\",\"@id\":\"https:\\\/\\\/www.eldigitaldeasturias.com\\\/noticias#listItem\",\"name\":\"Home\"}},{\"@type\":\"ListItem\",\"@id\":\"https:\\\/\\\/www.eldigitaldeasturias.com\\\/noticias\\\/cabreiroa-homenajea-a-los-faros-gallegos-en-botellas-de-edicion-limitada\\\/#listItem\",\"position\":3,\"name\":\"Cabreiro\\u00e1 homenajea a los faros gallegos en botellas de edici\\u00f3n limitada\",\"previousItem\":{\"@type\":\"ListItem\",\"@id\":\"https:\\\/\\\/www.eldigitaldeasturias.com\\\/noticias\\\/category\\\/revista-de-ocio\\\/#listItem\",\"name\":\"Revista de Ocio\"}}]},{\"@type\":\"Organization\",\"@id\":\"https:\\\/\\\/www.eldigitaldeasturias.com\\\/noticias\\\/#organization\",\"name\":\"El Digital de Asturias\",\"description\":\"Hemeroteca\",\"url\":\"https:\\\/\\\/www.eldigitaldeasturias.com\\\/noticias\\\/\",\"email\":\"info@eldigitaldeasturias.com\",\"telephone\":\"+34652131393\",\"logo\":{\"@type\":\"ImageObject\",\"url\":\"https:\\\/\\\/www.eldigitaldeasturias.com\\\/noticias\\\/wp-content\\\/uploads\\\/2020\\\/12\\\/EDA.jpg\",\"@id\":\"https:\\\/\\\/www.eldigitaldeasturias.com\\\/noticias\\\/cabreiroa-homenajea-a-los-faros-gallegos-en-botellas-de-edicion-limitada\\\/#organizationLogo\"},\"image\":{\"@id\":\"https:\\\/\\\/www.eldigitaldeasturias.com\\\/noticias\\\/cabreiroa-homenajea-a-los-faros-gallegos-en-botellas-de-edicion-limitada\\\/#organizationLogo\"},\"sameAs\":[\"https:\\\/\\\/facebook.com\\\/eldigitaldeasturias\",\"https:\\\/\\\/www.youtube.com\\\/channel\\\/UCZP-2wLEB9Rv6erhFmqVnvg\"],\"address\":{\"@id\":\"https:\\\/\\\/www.eldigitaldeasturias.com\\\/noticias\\\/#postaladdress\",\"@type\":\"PostalAddress\",\"streetAddress\":\"san antonio 4\",\"postalCode\":\"33430\",\"addressLocality\":\"Cand\\u00e1s\",\"addressRegion\":\"Asturias\",\"addressCountry\":\"ES\"}},{\"@type\":\"Person\",\"@id\":\"https:\\\/\\\/www.eldigitaldeasturias.com\\\/noticias\\\/author\\\/admin\\\/#author\",\"url\":\"https:\\\/\\\/www.eldigitaldeasturias.com\\\/noticias\\\/author\\\/admin\\\/\",\"name\":\"El Digital de Asturias\",\"image\":{\"@type\":\"ImageObject\",\"@id\":\"https:\\\/\\\/www.eldigitaldeasturias.com\\\/noticias\\\/cabreiroa-homenajea-a-los-faros-gallegos-en-botellas-de-edicion-limitada\\\/#authorImage\",\"url\":\"https:\\\/\\\/secure.gravatar.com\\\/avatar\\\/df2aeffc32bcd13f8d26072ef8a91b623d677766deac7f97ca815868cd41bf5e?s=96&d=mm&r=g\",\"width\":96,\"height\":96,\"caption\":\"El Digital de Asturias\"}},{\"@type\":\"WebPage\",\"@id\":\"https:\\\/\\\/www.eldigitaldeasturias.com\\\/noticias\\\/cabreiroa-homenajea-a-los-faros-gallegos-en-botellas-de-edicion-limitada\\\/#webpage\",\"url\":\"https:\\\/\\\/www.eldigitaldeasturias.com\\\/noticias\\\/cabreiroa-homenajea-a-los-faros-gallegos-en-botellas-de-edicion-limitada\\\/\",\"name\":\"Cabreiro\\u00e1 homenajea a los faros gallegos en botellas de edici\\u00f3n limitada - El Digital de Asturias\",\"description\":\"A Coru\\u00f1a, 28 nov (EFE).- La empresa embotelladora de agua Cabreiro\\u00e1 ha preparado un homenaje a los faros gallegos con una serie de botellas de edici\\u00f3n limitada acompa\\u00f1adas de m\\u00fasica original de Berrog\\u00fceto. Los faros de la Torre de H\\u00e9rcules, Estaca de Bares, Fisterra y las Islas C\\u00edes tienen desde hoy su particular botella de\",\"inLanguage\":\"es-ES\",\"isPartOf\":{\"@id\":\"https:\\\/\\\/www.eldigitaldeasturias.com\\\/noticias\\\/#website\"},\"breadcrumb\":{\"@id\":\"https:\\\/\\\/www.eldigitaldeasturias.com\\\/noticias\\\/cabreiroa-homenajea-a-los-faros-gallegos-en-botellas-de-edicion-limitada\\\/#breadcrumblist\"},\"author\":{\"@id\":\"https:\\\/\\\/www.eldigitaldeasturias.com\\\/noticias\\\/author\\\/admin\\\/#author\"},\"creator\":{\"@id\":\"https:\\\/\\\/www.eldigitaldeasturias.com\\\/noticias\\\/author\\\/admin\\\/#author\"},\"image\":{\"@type\":\"ImageObject\",\"url\":455421,\"@id\":\"https:\\\/\\\/www.eldigitaldeasturias.com\\\/noticias\\\/cabreiroa-homenajea-a-los-faros-gallegos-en-botellas-de-edicion-limitada\\\/#mainImage\"},\"primaryImageOfPage\":{\"@id\":\"https:\\\/\\\/www.eldigitaldeasturias.com\\\/noticias\\\/cabreiroa-homenajea-a-los-faros-gallegos-en-botellas-de-edicion-limitada\\\/#mainImage\"},\"datePublished\":\"2013-11-28T19:17:30+01:00\",\"dateModified\":\"2013-11-28T19:17:30+01:00\"},{\"@type\":\"WebSite\",\"@id\":\"https:\\\/\\\/www.eldigitaldeasturias.com\\\/noticias\\\/#website\",\"url\":\"https:\\\/\\\/www.eldigitaldeasturias.com\\\/noticias\\\/\",\"name\":\"El Digital de Asturias - Diario de actualidad y noticias\",\"alternateName\":\"El Digital de Asturias - Diario de actualidad y noticias\",\"description\":\"Hemeroteca\",\"inLanguage\":\"es-ES\",\"publisher\":{\"@id\":\"https:\\\/\\\/www.eldigitaldeasturias.com\\\/noticias\\\/#organization\"}}]}\n\t\t<\/script>\n\t\t<!-- All in One SEO Pro -->\r\n\t\t<title>Cabreiro\u00e1 homenajea a los faros gallegos en botellas de edici\u00f3n limitada - El Digital de Asturias<\/title>\n\n","aioseo_head_json":{"title":"Cabreiro\u00e1 homenajea a los faros gallegos en botellas de edici\u00f3n limitada - El Digital de Asturias","description":"A Coru\u00f1a, 28 nov (EFE).- La empresa embotelladora de agua Cabreiro\u00e1 ha preparado un homenaje a los faros gallegos con una serie de botellas de edici\u00f3n limitada acompa\u00f1adas de m\u00fasica original de Berrog\u00fceto. Los faros de la Torre de H\u00e9rcules, Estaca de Bares, Fisterra y las Islas C\u00edes tienen desde hoy su particular botella de","canonical_url":"https:\/\/www.eldigitaldeasturias.com\/noticias\/cabreiroa-homenajea-a-los-faros-gallegos-en-botellas-de-edicion-limitada\/","robots":"max-image-preview:large","keywords":"revista de ocio","webmasterTools":{"google-site-verification":"UA-38556648-1","msvalidate.01":"7dfe9f3f1b24437ab69f4f2559babe99","miscellaneous":""},"schema":{"@context":"https:\/\/schema.org","@graph":[{"@type":"BlogPosting","@id":"https:\/\/www.eldigitaldeasturias.com\/noticias\/cabreiroa-homenajea-a-los-faros-gallegos-en-botellas-de-edicion-limitada\/#blogposting","name":"Cabreiro\u00e1 homenajea a los faros gallegos en botellas de edici\u00f3n limitada - El Digital de Asturias","headline":"Cabreiro\u00e1 homenajea a los faros gallegos en botellas de edici\u00f3n limitada","author":{"@id":"https:\/\/www.eldigitaldeasturias.com\/noticias\/author\/admin\/#author"},"publisher":{"@id":"https:\/\/www.eldigitaldeasturias.com\/noticias\/#organization"},"image":{"@type":"ImageObject","url":455421},"datePublished":"2013-11-28T19:17:30+01:00","dateModified":"2013-11-28T19:17:30+01:00","inLanguage":"es-ES","mainEntityOfPage":{"@id":"https:\/\/www.eldigitaldeasturias.com\/noticias\/cabreiroa-homenajea-a-los-faros-gallegos-en-botellas-de-edicion-limitada\/#webpage"},"isPartOf":{"@id":"https:\/\/www.eldigitaldeasturias.com\/noticias\/cabreiroa-homenajea-a-los-faros-gallegos-en-botellas-de-edicion-limitada\/#webpage"},"articleSection":"Revista de Ocio"},{"@type":"BreadcrumbList","@id":"https:\/\/www.eldigitaldeasturias.com\/noticias\/cabreiroa-homenajea-a-los-faros-gallegos-en-botellas-de-edicion-limitada\/#breadcrumblist","itemListElement":[{"@type":"ListItem","@id":"https:\/\/www.eldigitaldeasturias.com\/noticias#listItem","position":1,"name":"Home","item":"https:\/\/www.eldigitaldeasturias.com\/noticias","nextItem":{"@type":"ListItem","@id":"https:\/\/www.eldigitaldeasturias.com\/noticias\/category\/revista-de-ocio\/#listItem","name":"Revista de Ocio"}},{"@type":"ListItem","@id":"https:\/\/www.eldigitaldeasturias.com\/noticias\/category\/revista-de-ocio\/#listItem","position":2,"name":"Revista de Ocio","item":"https:\/\/www.eldigitaldeasturias.com\/noticias\/category\/revista-de-ocio\/","nextItem":{"@type":"ListItem","@id":"https:\/\/www.eldigitaldeasturias.com\/noticias\/cabreiroa-homenajea-a-los-faros-gallegos-en-botellas-de-edicion-limitada\/#listItem","name":"Cabreiro\u00e1 homenajea a los faros gallegos en botellas de edici\u00f3n limitada"},"previousItem":{"@type":"ListItem","@id":"https:\/\/www.eldigitaldeasturias.com\/noticias#listItem","name":"Home"}},{"@type":"ListItem","@id":"https:\/\/www.eldigitaldeasturias.com\/noticias\/cabreiroa-homenajea-a-los-faros-gallegos-en-botellas-de-edicion-limitada\/#listItem","position":3,"name":"Cabreiro\u00e1 homenajea a los faros gallegos en botellas de edici\u00f3n limitada","previousItem":{"@type":"ListItem","@id":"https:\/\/www.eldigitaldeasturias.com\/noticias\/category\/revista-de-ocio\/#listItem","name":"Revista de Ocio"}}]},{"@type":"Organization","@id":"https:\/\/www.eldigitaldeasturias.com\/noticias\/#organization","name":"El Digital de Asturias","description":"Hemeroteca","url":"https:\/\/www.eldigitaldeasturias.com\/noticias\/","email":"info@eldigitaldeasturias.com","telephone":"+34652131393","logo":{"@type":"ImageObject","url":"https:\/\/www.eldigitaldeasturias.com\/noticias\/wp-content\/uploads\/2020\/12\/EDA.jpg","@id":"https:\/\/www.eldigitaldeasturias.com\/noticias\/cabreiroa-homenajea-a-los-faros-gallegos-en-botellas-de-edicion-limitada\/#organizationLogo"},"image":{"@id":"https:\/\/www.eldigitaldeasturias.com\/noticias\/cabreiroa-homenajea-a-los-faros-gallegos-en-botellas-de-edicion-limitada\/#organizationLogo"},"sameAs":["https:\/\/facebook.com\/eldigitaldeasturias","https:\/\/www.youtube.com\/channel\/UCZP-2wLEB9Rv6erhFmqVnvg"],"address":{"@id":"https:\/\/www.eldigitaldeasturias.com\/noticias\/#postaladdress","@type":"PostalAddress","streetAddress":"san antonio 4","postalCode":"33430","addressLocality":"Cand\u00e1s","addressRegion":"Asturias","addressCountry":"ES"}},{"@type":"Person","@id":"https:\/\/www.eldigitaldeasturias.com\/noticias\/author\/admin\/#author","url":"https:\/\/www.eldigitaldeasturias.com\/noticias\/author\/admin\/","name":"El Digital de Asturias","image":{"@type":"ImageObject","@id":"https:\/\/www.eldigitaldeasturias.com\/noticias\/cabreiroa-homenajea-a-los-faros-gallegos-en-botellas-de-edicion-limitada\/#authorImage","url":"https:\/\/secure.gravatar.com\/avatar\/df2aeffc32bcd13f8d26072ef8a91b623d677766deac7f97ca815868cd41bf5e?s=96&d=mm&r=g","width":96,"height":96,"caption":"El Digital de Asturias"}},{"@type":"WebPage","@id":"https:\/\/www.eldigitaldeasturias.com\/noticias\/cabreiroa-homenajea-a-los-faros-gallegos-en-botellas-de-edicion-limitada\/#webpage","url":"https:\/\/www.eldigitaldeasturias.com\/noticias\/cabreiroa-homenajea-a-los-faros-gallegos-en-botellas-de-edicion-limitada\/","name":"Cabreiro\u00e1 homenajea a los faros gallegos en botellas de edici\u00f3n limitada - El Digital de Asturias","description":"A Coru\u00f1a, 28 nov (EFE).- La empresa embotelladora de agua Cabreiro\u00e1 ha preparado un homenaje a los faros gallegos con una serie de botellas de edici\u00f3n limitada acompa\u00f1adas de m\u00fasica original de Berrog\u00fceto. Los faros de la Torre de H\u00e9rcules, Estaca de Bares, Fisterra y las Islas C\u00edes tienen desde hoy su particular botella de","inLanguage":"es-ES","isPartOf":{"@id":"https:\/\/www.eldigitaldeasturias.com\/noticias\/#website"},"breadcrumb":{"@id":"https:\/\/www.eldigitaldeasturias.com\/noticias\/cabreiroa-homenajea-a-los-faros-gallegos-en-botellas-de-edicion-limitada\/#breadcrumblist"},"author":{"@id":"https:\/\/www.eldigitaldeasturias.com\/noticias\/author\/admin\/#author"},"creator":{"@id":"https:\/\/www.eldigitaldeasturias.com\/noticias\/author\/admin\/#author"},"image":{"@type":"ImageObject","url":455421,"@id":"https:\/\/www.eldigitaldeasturias.com\/noticias\/cabreiroa-homenajea-a-los-faros-gallegos-en-botellas-de-edicion-limitada\/#mainImage"},"primaryImageOfPage":{"@id":"https:\/\/www.eldigitaldeasturias.com\/noticias\/cabreiroa-homenajea-a-los-faros-gallegos-en-botellas-de-edicion-limitada\/#mainImage"},"datePublished":"2013-11-28T19:17:30+01:00","dateModified":"2013-11-28T19:17:30+01:00"},{"@type":"WebSite","@id":"https:\/\/www.eldigitaldeasturias.com\/noticias\/#website","url":"https:\/\/www.eldigitaldeasturias.com\/noticias\/","name":"El Digital de Asturias - Diario de actualidad y noticias","alternateName":"El Digital de Asturias - Diario de actualidad y noticias","description":"Hemeroteca","inLanguage":"es-ES","publisher":{"@id":"https:\/\/www.eldigitaldeasturias.com\/noticias\/#organization"}}]},"og:locale":"es_ES","og:site_name":"El Digital de Asturias","og:type":"article","og:title":"Cabreiro\u00e1 homenajea a los faros gallegos en botellas de edici\u00f3n limitada - El Digital de Asturias","og:description":"A Coru\u00f1a, 28 nov (EFE).- La empresa embotelladora de agua Cabreiro\u00e1 ha preparado un homenaje a los faros gallegos con una serie de botellas de edici\u00f3n limitada acompa\u00f1adas de m\u00fasica original de Berrog\u00fceto. Los faros de la Torre de H\u00e9rcules, Estaca de Bares, Fisterra y las Islas C\u00edes tienen desde hoy su particular botella de","og:url":"https:\/\/www.eldigitaldeasturias.com\/noticias\/cabreiroa-homenajea-a-los-faros-gallegos-en-botellas-de-edicion-limitada\/","article:tag":["revista de ocio"],"article:published_time":"2013-11-28T20:17:30+00:00","article:modified_time":"2013-11-28T20:17:30+00:00","article:publisher":"https:\/\/facebook.com\/eldigitaldeasturias","twitter:card":"summary_large_image","twitter:title":"Cabreiro\u00e1 homenajea a los faros gallegos en botellas de edici\u00f3n limitada - El Digital de Asturias","twitter:description":"A Coru\u00f1a, 28 nov (EFE).- La empresa embotelladora de agua Cabreiro\u00e1 ha preparado un homenaje a los faros gallegos con una serie de botellas de edici\u00f3n limitada acompa\u00f1adas de m\u00fasica original de Berrog\u00fceto. Los faros de la Torre de H\u00e9rcules, Estaca de Bares, Fisterra y las Islas C\u00edes tienen desde hoy su particular botella de","twitter:label1":"Escrito por","twitter:data1":"El Digital de Asturias","twitter:label2":"Tiempo de lectura estimado","twitter:data2":"2 minutos"},"aioseo_meta_data":{"post_id":"455420","title":null,"description":null,"keywords":null,"keyphrases":null,"primary_term":null,"canonical_url":null,"og_title":null,"og_description":null,"og_object_type":"default","og_image_type":"default","og_image_url":null,"og_image_width":null,"og_image_height":null,"og_image_custom_url":null,"og_image_custom_fields":null,"og_video":null,"og_custom_url":null,"og_article_section":null,"og_article_tags":null,"twitter_use_og":true,"twitter_card":"default","twitter_image_type":"default","twitter_image_url":null,"twitter_image_custom_url":null,"twitter_image_custom_fields":null,"twitter_title":null,"twitter_description":null,"schema":{"blockGraphs":[],"customGraphs":[],"default":{"data":{"Article":[],"Course":[],"Dataset":[],"FAQPage":[],"Movie":[],"Person":[],"Product":[],"ProductReview":[],"Car":[],"Recipe":[],"Service":[],"SoftwareApplication":[],"WebPage":[]},"graphName":"","isEnabled":true},"graphs":[],"defaultGraph":"","defaultPostTypeGraph":""},"schema_type":null,"schema_type_options":null,"pillar_content":false,"robots_default":true,"robots_noindex":false,"robots_noarchive":false,"robots_nosnippet":false,"robots_nofollow":false,"robots_noimageindex":false,"robots_noodp":false,"robots_notranslate":false,"robots_max_snippet":null,"robots_max_videopreview":null,"robots_max_imagepreview":"none","priority":null,"frequency":null,"local_seo":null,"seo_analyzer_scan_date":"2026-05-29 18:14:06","breadcrumb_settings":null,"limit_modified_date":false,"open_ai":null,"ai":null,"created":"2020-11-14 22:45:19","updated":"2026-05-29 18:14:06","focus_keyword":null,"additional_keywords":null,"truseo_locale":null},"aioseo_breadcrumb":"<div class=\"aioseo-breadcrumbs\"><span class=\"aioseo-breadcrumb\">\n\t<a href=\"https:\/\/www.eldigitaldeasturias.com\/noticias\" title=\"Home\">Home<\/a>\n<\/span><span class=\"aioseo-breadcrumb-separator\">\u2013<\/span><span class=\"aioseo-breadcrumb\">\n\t<a href=\"https:\/\/www.eldigitaldeasturias.com\/noticias\/category\/revista-de-ocio\/\" title=\"Revista de Ocio\">Revista de Ocio<\/a>\n<\/span><span class=\"aioseo-breadcrumb-separator\">\u2013<\/span><span class=\"aioseo-breadcrumb\">\n\t<a href=\"https:\/\/www.eldigitaldeasturias.com\/noticias\/cabreiroa-homenajea-a-los-faros-gallegos-en-botellas-de-edicion-limitada\/\" title=\"Cabreiro\u00e1 homenajea a los faros gallegos en botellas de edici\u00f3n limitada\">Cabreiro\u00e1 homenajea a los faros gallegos en botellas de edici\u00f3n limitada<\/a>\n<\/span><\/div>","aioseo_breadcrumb_json":[{"label":"Home","link":"https:\/\/www.eldigitaldeasturias.com\/noticias"},{"label":"Revista de Ocio","link":"https:\/\/www.eldigitaldeasturias.com\/noticias\/category\/revista-de-ocio\/"},{"label":"Cabreiro\u00e1 homenajea a los faros gallegos en botellas de edici\u00f3n limitada","link":"https:\/\/www.eldigitaldeasturias.com\/noticias\/cabreiroa-homenajea-a-los-faros-gallegos-en-botellas-de-edicion-limitada\/"}],"_links":{"self":[{"href":"https:\/\/www.eldigitaldeasturias.com\/noticias\/wp-json\/wp\/v2\/posts\/455420","targetHints":{"allow":["GET"]}}],"collection":[{"href":"https:\/\/www.eldigitaldeasturias.com\/noticias\/wp-json\/wp\/v2\/posts"}],"about":[{"href":"https:\/\/www.eldigitaldeasturias.com\/noticias\/wp-json\/wp\/v2\/types\/post"}],"author":[{"embeddable":true,"href":"https:\/\/www.eldigitaldeasturias.com\/noticias\/wp-json\/wp\/v2\/users\/1"}],"replies":[{"embeddable":true,"href":"https:\/\/www.eldigitaldeasturias.com\/noticias\/wp-json\/wp\/v2\/comments?post=455420"}],"version-history":[{"count":0,"href":"https:\/\/www.eldigitaldeasturias.com\/noticias\/wp-json\/wp\/v2\/posts\/455420\/revisions"}],"wp:attachment":[{"href":"https:\/\/www.eldigitaldeasturias.com\/noticias\/wp-json\/wp\/v2\/media?parent=455420"}],"wp:term":[{"taxonomy":"category","embeddable":true,"href":"https:\/\/www.eldigitaldeasturias.com\/noticias\/wp-json\/wp\/v2\/categories?post=455420"},{"taxonomy":"post_tag","embeddable":true,"href":"https:\/\/www.eldigitaldeasturias.com\/noticias\/wp-json\/wp\/v2\/tags?post=455420"}],"curies":[{"name":"wp","href":"https:\/\/api.w.org\/{rel}","templated":true}]}}