{"id":455402,"date":"2013-11-28T19:01:06","date_gmt":"2013-11-28T20:01:06","guid":{"rendered":"http:\/\/www.eldigitaldeasturias.com\/noticias\/?p=455402"},"modified":"2013-11-28T19:01:06","modified_gmt":"2013-11-28T20:01:06","slug":"clive-arrindell-protagoniza-la-campana-de-accion-contra-el-hambre","status":"publish","type":"post","link":"https:\/\/www.eldigitaldeasturias.com\/noticias\/clive-arrindell-protagoniza-la-campana-de-accion-contra-el-hambre\/","title":{"rendered":"Clive Arrindell protagoniza la campa\u00f1a de Acci\u00f3n contra el Hambre"},"content":{"rendered":"<p><img loading=\"lazy\" decoding=\"async\" class=\"alignleft size-medium wp-image-455403\" alt=\"5759453w\" src=\"https:\/\/www.eldigitaldeasturias.com\/noticias\/wp-content\/uploads\/2013\/11\/5759453w-360x239.jpg\" width=\"360\" height=\"239\" \/>Madrid, 28 nov (EFE).- El actor brit\u00e1nico Clive Arrindell, conocido en Espa\u00f1a como \u00abel calvo de la loter\u00eda\u00bb por haber aparecido durante ocho a\u00f1os en el anuncio del sorteo de Navidad, ha accedido a protagonizar la campa\u00f1a navide\u00f1a de Acci\u00f3n contra el Hambre.<\/p>\n<p>En esta iniciativa, seg\u00fan informa la organizaci\u00f3n, se difundir\u00e1 un mensaje sobre \u00ablos n\u00fameros que de verdad importan\u00bb: 8.500 vidas de ni\u00f1os perdidas cada d\u00eda cuando existe un tratamiento de 40 euros al que pueden acceder solo uno de cada diez menores desnutridos.<\/p>\n<p>\u00abPara m\u00ed, que solo vend\u00eda billetes de loter\u00eda, es todo un honor volver a Espa\u00f1a para colaborar con Acci\u00f3n contra el Hambre. Mucha gente cree que el hecho de que los ni\u00f1os mueran de hambre es algo natural, con lo que hay que vivir, y cualquier proyecto que contribuya a cambiar esta mentalidad es algo importante\u00bb, ha asegurado hoy Arrindell en una rueda de prensa.<\/p>\n<p>La profesi\u00f3n de actor, seg\u00fan ha dicho, \u00abpuede ser tomada como fr\u00edvola o innecesaria pero ha confesado que \u00abcuando puedes hacer algo \u00fatil\u00bb con ella, esto \u00absupone un plus enorme\u00bb.<\/p>\n<p>Acci\u00f3n contra el Hambre afirma que la desnutrici\u00f3n est\u00e1 relacionada con el 45 % de muertes de ni\u00f1os cada a\u00f1o y recuerda que la factura de este problema equivale al 3 % del PIB mundial.<\/p>\n<p>Sin embargo, denuncia que solo 1 de cada 10 ni\u00f1os desnutridos tiene acceso al tratamiento alimenticio que podr\u00eda salvar su vida y recuerda que se necesitar\u00edan 9.000 millones de euros anuales para aplicar el paquete b\u00e1sico nutricional en los 15 pa\u00edses con mayor carga de desnutrici\u00f3n.<\/p>\n<p>La campa\u00f1a, seg\u00fan sus promotores, hace hincapi\u00e9 en que \u00absomos la primera generaci\u00f3n que puede acabar con el hambre\u00bb, algo que, al igual que el que te toque la loter\u00eda, representa una \u00abgran suerte\u00bb.<\/p>\n<p>Pese a las cifras del hambre, la lucha contra la desnutrici\u00f3n ha avanzado en los \u00faltimos a\u00f1os y 38 pa\u00edses han logrado alcanzar el Objetivo de Desarrollo del Milenio n\u00famero uno.<\/p>\n<p>La desnutrici\u00f3n aguda se ha reducido un 8 % en los \u00faltimos diez a\u00f1os y solo en el \u00faltimo hay 26 millones de personas menos afectadas por la hambruna.<\/p>\n<p>El n\u00famero de ni\u00f1os menores de 5 a\u00f1os con retraso en el crecimiento ha disminuido un 40 % en los \u00faltimos a\u00f1os y el porcentaje de los que acceden a tratamientos nutricionales es el doble que hace tres a\u00f1os.<\/p>\n<p>La distribuci\u00f3n de alimentos terap\u00e9uticos listos para su uso se ha multiplicado por 5 en los 3 \u00faltimos a\u00f1os y el porcentaje de ni\u00f1os que pierden la vida antes de los 5 a\u00f1os es casi la mitad que en 1990. Acci\u00f3n contra el Hambre asegura que ha salvado la vida a 173.533 ni\u00f1os desnutridos solo en 2012.<\/p>\n","protected":false},"excerpt":{"rendered":"<p>Madrid, 28 nov (EFE).- El actor brit\u00e1nico Clive Arrindell, conocido en Espa\u00f1a como \u00abel calvo de la loter\u00eda\u00bb por haber aparecido durante ocho a\u00f1os en el anuncio del sorteo de Navidad, ha accedido a protagonizar la campa\u00f1a navide\u00f1a de Acci\u00f3n contra el Hambre. En esta iniciativa, seg\u00fan informa la organizaci\u00f3n, se difundir\u00e1 un mensaje sobre [&hellip;]<\/p>\n","protected":false},"author":1,"featured_media":455403,"comment_status":"open","ping_status":"open","sticky":false,"template":"","format":"standard","meta":{"footnotes":""},"categories":[28],"tags":[],"class_list":["post-455402","post","type-post","status-publish","format-standard","has-post-thumbnail","hentry","category-sociedad"],"aioseo_notices":[],"aioseo_head":"\n\t\t<!-- All in One SEO Pro 5.0.1 - aioseo.com -->\n\t<meta name=\"description\" content=\"Madrid, 28 nov (EFE).- El actor brit\u00e1nico Clive Arrindell, conocido en Espa\u00f1a como &quot;el calvo de la loter\u00eda&quot; por haber aparecido durante ocho a\u00f1os en el anuncio del sorteo de Navidad, ha accedido a protagonizar la campa\u00f1a navide\u00f1a de Acci\u00f3n contra el Hambre. En esta iniciativa, seg\u00fan informa la organizaci\u00f3n, se difundir\u00e1 un mensaje sobre\" \/>\n\t<meta name=\"robots\" content=\"max-image-preview:large\" \/>\n\t<meta name=\"author\" content=\"El Digital de Asturias\"\/>\n\t<meta name=\"google-site-verification\" content=\"UA-38556648-1\" \/>\n\t<meta name=\"msvalidate.01\" content=\"7dfe9f3f1b24437ab69f4f2559babe99\" \/>\n\t<meta name=\"keywords\" content=\"sociedad\" \/>\n\t<link rel=\"canonical\" href=\"https:\/\/www.eldigitaldeasturias.com\/noticias\/clive-arrindell-protagoniza-la-campana-de-accion-contra-el-hambre\/\" \/>\n\t<meta name=\"generator\" content=\"All in One SEO Pro (AIOSEO) 5.0.1\" \/>\n\t\t<meta property=\"og:locale\" content=\"es_ES\" \/>\n\t\t<meta property=\"og:site_name\" content=\"El Digital de Asturias\" \/>\n\t\t<meta property=\"og:type\" content=\"article\" \/>\n\t\t<meta property=\"og:title\" content=\"Clive Arrindell protagoniza la campa\u00f1a de Acci\u00f3n contra el Hambre - El Digital de Asturias\" \/>\n\t\t<meta property=\"og:description\" content=\"Madrid, 28 nov (EFE).- El actor brit\u00e1nico Clive Arrindell, conocido en Espa\u00f1a como &quot;el calvo de la loter\u00eda&quot; por haber aparecido durante ocho a\u00f1os en el anuncio del sorteo de Navidad, ha accedido a protagonizar la campa\u00f1a navide\u00f1a de Acci\u00f3n contra el Hambre. En esta iniciativa, seg\u00fan informa la organizaci\u00f3n, se difundir\u00e1 un mensaje sobre\" \/>\n\t\t<meta property=\"og:url\" content=\"https:\/\/www.eldigitaldeasturias.com\/noticias\/clive-arrindell-protagoniza-la-campana-de-accion-contra-el-hambre\/\" \/>\n\t\t<meta property=\"article:tag\" content=\"sociedad\" \/>\n\t\t<meta property=\"article:published_time\" content=\"2013-11-28T20:01:06+00:00\" \/>\n\t\t<meta property=\"article:modified_time\" content=\"2013-11-28T20:01:06+00:00\" \/>\n\t\t<meta property=\"article:publisher\" content=\"https:\/\/facebook.com\/eldigitaldeasturias\" \/>\n\t\t<meta name=\"twitter:card\" content=\"summary_large_image\" \/>\n\t\t<meta name=\"twitter:title\" content=\"Clive Arrindell protagoniza la campa\u00f1a de Acci\u00f3n contra el Hambre - El Digital de Asturias\" \/>\n\t\t<meta name=\"twitter:description\" content=\"Madrid, 28 nov (EFE).- El actor brit\u00e1nico Clive Arrindell, conocido en Espa\u00f1a como &quot;el calvo de la loter\u00eda&quot; por haber aparecido durante ocho a\u00f1os en el anuncio del sorteo de Navidad, ha accedido a protagonizar la campa\u00f1a navide\u00f1a de Acci\u00f3n contra el Hambre. En esta iniciativa, seg\u00fan informa la organizaci\u00f3n, se difundir\u00e1 un mensaje sobre\" \/>\n\t\t<meta name=\"twitter:label1\" content=\"Escrito por\" \/>\n\t\t<meta name=\"twitter:data1\" content=\"El Digital de Asturias\" \/>\n\t\t<meta name=\"twitter:label2\" content=\"Tiempo de lectura estimado\" \/>\n\t\t<meta name=\"twitter:data2\" content=\"2 minutos\" \/>\n\t\t<script type=\"application\/ld+json\" class=\"aioseo-schema\">\n\t\t\t{\"@context\":\"https:\\\/\\\/schema.org\",\"@graph\":[{\"@type\":\"BlogPosting\",\"@id\":\"https:\\\/\\\/www.eldigitaldeasturias.com\\\/noticias\\\/clive-arrindell-protagoniza-la-campana-de-accion-contra-el-hambre\\\/#blogposting\",\"name\":\"Clive Arrindell protagoniza la campa\\u00f1a de Acci\\u00f3n contra el Hambre - El Digital de Asturias\",\"headline\":\"Clive Arrindell protagoniza la campa\\u00f1a de Acci\\u00f3n contra el Hambre\",\"author\":{\"@id\":\"https:\\\/\\\/www.eldigitaldeasturias.com\\\/noticias\\\/author\\\/admin\\\/#author\"},\"publisher\":{\"@id\":\"https:\\\/\\\/www.eldigitaldeasturias.com\\\/noticias\\\/#organization\"},\"image\":{\"@type\":\"ImageObject\",\"url\":455403},\"datePublished\":\"2013-11-28T19:01:06+01:00\",\"dateModified\":\"2013-11-28T19:01:06+01:00\",\"inLanguage\":\"es-ES\",\"mainEntityOfPage\":{\"@id\":\"https:\\\/\\\/www.eldigitaldeasturias.com\\\/noticias\\\/clive-arrindell-protagoniza-la-campana-de-accion-contra-el-hambre\\\/#webpage\"},\"isPartOf\":{\"@id\":\"https:\\\/\\\/www.eldigitaldeasturias.com\\\/noticias\\\/clive-arrindell-protagoniza-la-campana-de-accion-contra-el-hambre\\\/#webpage\"},\"articleSection\":\"Sociedad\"},{\"@type\":\"BreadcrumbList\",\"@id\":\"https:\\\/\\\/www.eldigitaldeasturias.com\\\/noticias\\\/clive-arrindell-protagoniza-la-campana-de-accion-contra-el-hambre\\\/#breadcrumblist\",\"itemListElement\":[{\"@type\":\"ListItem\",\"@id\":\"https:\\\/\\\/www.eldigitaldeasturias.com\\\/noticias#listItem\",\"position\":1,\"name\":\"Home\",\"item\":\"https:\\\/\\\/www.eldigitaldeasturias.com\\\/noticias\",\"nextItem\":{\"@type\":\"ListItem\",\"@id\":\"https:\\\/\\\/www.eldigitaldeasturias.com\\\/noticias\\\/category\\\/sociedad\\\/#listItem\",\"name\":\"Sociedad\"}},{\"@type\":\"ListItem\",\"@id\":\"https:\\\/\\\/www.eldigitaldeasturias.com\\\/noticias\\\/category\\\/sociedad\\\/#listItem\",\"position\":2,\"name\":\"Sociedad\",\"item\":\"https:\\\/\\\/www.eldigitaldeasturias.com\\\/noticias\\\/category\\\/sociedad\\\/\",\"nextItem\":{\"@type\":\"ListItem\",\"@id\":\"https:\\\/\\\/www.eldigitaldeasturias.com\\\/noticias\\\/clive-arrindell-protagoniza-la-campana-de-accion-contra-el-hambre\\\/#listItem\",\"name\":\"Clive Arrindell protagoniza la campa\\u00f1a de Acci\\u00f3n contra el Hambre\"},\"previousItem\":{\"@type\":\"ListItem\",\"@id\":\"https:\\\/\\\/www.eldigitaldeasturias.com\\\/noticias#listItem\",\"name\":\"Home\"}},{\"@type\":\"ListItem\",\"@id\":\"https:\\\/\\\/www.eldigitaldeasturias.com\\\/noticias\\\/clive-arrindell-protagoniza-la-campana-de-accion-contra-el-hambre\\\/#listItem\",\"position\":3,\"name\":\"Clive Arrindell protagoniza la campa\\u00f1a de Acci\\u00f3n contra el Hambre\",\"previousItem\":{\"@type\":\"ListItem\",\"@id\":\"https:\\\/\\\/www.eldigitaldeasturias.com\\\/noticias\\\/category\\\/sociedad\\\/#listItem\",\"name\":\"Sociedad\"}}]},{\"@type\":\"Organization\",\"@id\":\"https:\\\/\\\/www.eldigitaldeasturias.com\\\/noticias\\\/#organization\",\"name\":\"El Digital de Asturias\",\"description\":\"Hemeroteca\",\"url\":\"https:\\\/\\\/www.eldigitaldeasturias.com\\\/noticias\\\/\",\"email\":\"info@eldigitaldeasturias.com\",\"telephone\":\"+34652131393\",\"logo\":{\"@type\":\"ImageObject\",\"url\":\"https:\\\/\\\/www.eldigitaldeasturias.com\\\/noticias\\\/wp-content\\\/uploads\\\/2020\\\/12\\\/EDA.jpg\",\"@id\":\"https:\\\/\\\/www.eldigitaldeasturias.com\\\/noticias\\\/clive-arrindell-protagoniza-la-campana-de-accion-contra-el-hambre\\\/#organizationLogo\"},\"image\":{\"@id\":\"https:\\\/\\\/www.eldigitaldeasturias.com\\\/noticias\\\/clive-arrindell-protagoniza-la-campana-de-accion-contra-el-hambre\\\/#organizationLogo\"},\"sameAs\":[\"https:\\\/\\\/facebook.com\\\/eldigitaldeasturias\",\"https:\\\/\\\/www.youtube.com\\\/channel\\\/UCZP-2wLEB9Rv6erhFmqVnvg\"],\"address\":{\"@id\":\"https:\\\/\\\/www.eldigitaldeasturias.com\\\/noticias\\\/#postaladdress\",\"@type\":\"PostalAddress\",\"streetAddress\":\"san antonio 4\",\"postalCode\":\"33430\",\"addressLocality\":\"Cand\\u00e1s\",\"addressRegion\":\"Asturias\",\"addressCountry\":\"ES\"}},{\"@type\":\"Person\",\"@id\":\"https:\\\/\\\/www.eldigitaldeasturias.com\\\/noticias\\\/author\\\/admin\\\/#author\",\"url\":\"https:\\\/\\\/www.eldigitaldeasturias.com\\\/noticias\\\/author\\\/admin\\\/\",\"name\":\"El Digital de Asturias\",\"image\":{\"@type\":\"ImageObject\",\"@id\":\"https:\\\/\\\/www.eldigitaldeasturias.com\\\/noticias\\\/clive-arrindell-protagoniza-la-campana-de-accion-contra-el-hambre\\\/#authorImage\",\"url\":\"https:\\\/\\\/secure.gravatar.com\\\/avatar\\\/df2aeffc32bcd13f8d26072ef8a91b623d677766deac7f97ca815868cd41bf5e?s=96&d=mm&r=g\",\"width\":96,\"height\":96,\"caption\":\"El Digital de Asturias\"}},{\"@type\":\"WebPage\",\"@id\":\"https:\\\/\\\/www.eldigitaldeasturias.com\\\/noticias\\\/clive-arrindell-protagoniza-la-campana-de-accion-contra-el-hambre\\\/#webpage\",\"url\":\"https:\\\/\\\/www.eldigitaldeasturias.com\\\/noticias\\\/clive-arrindell-protagoniza-la-campana-de-accion-contra-el-hambre\\\/\",\"name\":\"Clive Arrindell protagoniza la campa\\u00f1a de Acci\\u00f3n contra el Hambre - El Digital de Asturias\",\"description\":\"Madrid, 28 nov (EFE).- El actor brit\\u00e1nico Clive Arrindell, conocido en Espa\\u00f1a como \\\"el calvo de la loter\\u00eda\\\" por haber aparecido durante ocho a\\u00f1os en el anuncio del sorteo de Navidad, ha accedido a protagonizar la campa\\u00f1a navide\\u00f1a de Acci\\u00f3n contra el Hambre. En esta iniciativa, seg\\u00fan informa la organizaci\\u00f3n, se difundir\\u00e1 un mensaje sobre\",\"inLanguage\":\"es-ES\",\"isPartOf\":{\"@id\":\"https:\\\/\\\/www.eldigitaldeasturias.com\\\/noticias\\\/#website\"},\"breadcrumb\":{\"@id\":\"https:\\\/\\\/www.eldigitaldeasturias.com\\\/noticias\\\/clive-arrindell-protagoniza-la-campana-de-accion-contra-el-hambre\\\/#breadcrumblist\"},\"author\":{\"@id\":\"https:\\\/\\\/www.eldigitaldeasturias.com\\\/noticias\\\/author\\\/admin\\\/#author\"},\"creator\":{\"@id\":\"https:\\\/\\\/www.eldigitaldeasturias.com\\\/noticias\\\/author\\\/admin\\\/#author\"},\"image\":{\"@type\":\"ImageObject\",\"url\":455403,\"@id\":\"https:\\\/\\\/www.eldigitaldeasturias.com\\\/noticias\\\/clive-arrindell-protagoniza-la-campana-de-accion-contra-el-hambre\\\/#mainImage\"},\"primaryImageOfPage\":{\"@id\":\"https:\\\/\\\/www.eldigitaldeasturias.com\\\/noticias\\\/clive-arrindell-protagoniza-la-campana-de-accion-contra-el-hambre\\\/#mainImage\"},\"datePublished\":\"2013-11-28T19:01:06+01:00\",\"dateModified\":\"2013-11-28T19:01:06+01:00\"},{\"@type\":\"WebSite\",\"@id\":\"https:\\\/\\\/www.eldigitaldeasturias.com\\\/noticias\\\/#website\",\"url\":\"https:\\\/\\\/www.eldigitaldeasturias.com\\\/noticias\\\/\",\"name\":\"El Digital de Asturias - Diario de actualidad y noticias\",\"alternateName\":\"El Digital de Asturias - Diario de actualidad y noticias\",\"description\":\"Hemeroteca\",\"inLanguage\":\"es-ES\",\"publisher\":{\"@id\":\"https:\\\/\\\/www.eldigitaldeasturias.com\\\/noticias\\\/#organization\"}}]}\n\t\t<\/script>\n\t\t<!-- All in One SEO Pro -->\r\n\t\t<title>Clive Arrindell protagoniza la campa\u00f1a de Acci\u00f3n contra el Hambre - El Digital de Asturias<\/title>\n\n","aioseo_head_json":{"title":"Clive Arrindell protagoniza la campa\u00f1a de Acci\u00f3n contra el Hambre - El Digital de Asturias","description":"Madrid, 28 nov (EFE).- El actor brit\u00e1nico Clive Arrindell, conocido en Espa\u00f1a como \"el calvo de la loter\u00eda\" por haber aparecido durante ocho a\u00f1os en el anuncio del sorteo de Navidad, ha accedido a protagonizar la campa\u00f1a navide\u00f1a de Acci\u00f3n contra el Hambre. En esta iniciativa, seg\u00fan informa la organizaci\u00f3n, se difundir\u00e1 un mensaje sobre","canonical_url":"https:\/\/www.eldigitaldeasturias.com\/noticias\/clive-arrindell-protagoniza-la-campana-de-accion-contra-el-hambre\/","robots":"max-image-preview:large","keywords":"sociedad","webmasterTools":{"google-site-verification":"UA-38556648-1","msvalidate.01":"7dfe9f3f1b24437ab69f4f2559babe99","miscellaneous":""},"schema":{"@context":"https:\/\/schema.org","@graph":[{"@type":"BlogPosting","@id":"https:\/\/www.eldigitaldeasturias.com\/noticias\/clive-arrindell-protagoniza-la-campana-de-accion-contra-el-hambre\/#blogposting","name":"Clive Arrindell protagoniza la campa\u00f1a de Acci\u00f3n contra el Hambre - El Digital de Asturias","headline":"Clive Arrindell protagoniza la campa\u00f1a de Acci\u00f3n contra el Hambre","author":{"@id":"https:\/\/www.eldigitaldeasturias.com\/noticias\/author\/admin\/#author"},"publisher":{"@id":"https:\/\/www.eldigitaldeasturias.com\/noticias\/#organization"},"image":{"@type":"ImageObject","url":455403},"datePublished":"2013-11-28T19:01:06+01:00","dateModified":"2013-11-28T19:01:06+01:00","inLanguage":"es-ES","mainEntityOfPage":{"@id":"https:\/\/www.eldigitaldeasturias.com\/noticias\/clive-arrindell-protagoniza-la-campana-de-accion-contra-el-hambre\/#webpage"},"isPartOf":{"@id":"https:\/\/www.eldigitaldeasturias.com\/noticias\/clive-arrindell-protagoniza-la-campana-de-accion-contra-el-hambre\/#webpage"},"articleSection":"Sociedad"},{"@type":"BreadcrumbList","@id":"https:\/\/www.eldigitaldeasturias.com\/noticias\/clive-arrindell-protagoniza-la-campana-de-accion-contra-el-hambre\/#breadcrumblist","itemListElement":[{"@type":"ListItem","@id":"https:\/\/www.eldigitaldeasturias.com\/noticias#listItem","position":1,"name":"Home","item":"https:\/\/www.eldigitaldeasturias.com\/noticias","nextItem":{"@type":"ListItem","@id":"https:\/\/www.eldigitaldeasturias.com\/noticias\/category\/sociedad\/#listItem","name":"Sociedad"}},{"@type":"ListItem","@id":"https:\/\/www.eldigitaldeasturias.com\/noticias\/category\/sociedad\/#listItem","position":2,"name":"Sociedad","item":"https:\/\/www.eldigitaldeasturias.com\/noticias\/category\/sociedad\/","nextItem":{"@type":"ListItem","@id":"https:\/\/www.eldigitaldeasturias.com\/noticias\/clive-arrindell-protagoniza-la-campana-de-accion-contra-el-hambre\/#listItem","name":"Clive Arrindell protagoniza la campa\u00f1a de Acci\u00f3n contra el Hambre"},"previousItem":{"@type":"ListItem","@id":"https:\/\/www.eldigitaldeasturias.com\/noticias#listItem","name":"Home"}},{"@type":"ListItem","@id":"https:\/\/www.eldigitaldeasturias.com\/noticias\/clive-arrindell-protagoniza-la-campana-de-accion-contra-el-hambre\/#listItem","position":3,"name":"Clive Arrindell protagoniza la campa\u00f1a de Acci\u00f3n contra el Hambre","previousItem":{"@type":"ListItem","@id":"https:\/\/www.eldigitaldeasturias.com\/noticias\/category\/sociedad\/#listItem","name":"Sociedad"}}]},{"@type":"Organization","@id":"https:\/\/www.eldigitaldeasturias.com\/noticias\/#organization","name":"El Digital de Asturias","description":"Hemeroteca","url":"https:\/\/www.eldigitaldeasturias.com\/noticias\/","email":"info@eldigitaldeasturias.com","telephone":"+34652131393","logo":{"@type":"ImageObject","url":"https:\/\/www.eldigitaldeasturias.com\/noticias\/wp-content\/uploads\/2020\/12\/EDA.jpg","@id":"https:\/\/www.eldigitaldeasturias.com\/noticias\/clive-arrindell-protagoniza-la-campana-de-accion-contra-el-hambre\/#organizationLogo"},"image":{"@id":"https:\/\/www.eldigitaldeasturias.com\/noticias\/clive-arrindell-protagoniza-la-campana-de-accion-contra-el-hambre\/#organizationLogo"},"sameAs":["https:\/\/facebook.com\/eldigitaldeasturias","https:\/\/www.youtube.com\/channel\/UCZP-2wLEB9Rv6erhFmqVnvg"],"address":{"@id":"https:\/\/www.eldigitaldeasturias.com\/noticias\/#postaladdress","@type":"PostalAddress","streetAddress":"san antonio 4","postalCode":"33430","addressLocality":"Cand\u00e1s","addressRegion":"Asturias","addressCountry":"ES"}},{"@type":"Person","@id":"https:\/\/www.eldigitaldeasturias.com\/noticias\/author\/admin\/#author","url":"https:\/\/www.eldigitaldeasturias.com\/noticias\/author\/admin\/","name":"El Digital de Asturias","image":{"@type":"ImageObject","@id":"https:\/\/www.eldigitaldeasturias.com\/noticias\/clive-arrindell-protagoniza-la-campana-de-accion-contra-el-hambre\/#authorImage","url":"https:\/\/secure.gravatar.com\/avatar\/df2aeffc32bcd13f8d26072ef8a91b623d677766deac7f97ca815868cd41bf5e?s=96&d=mm&r=g","width":96,"height":96,"caption":"El Digital de Asturias"}},{"@type":"WebPage","@id":"https:\/\/www.eldigitaldeasturias.com\/noticias\/clive-arrindell-protagoniza-la-campana-de-accion-contra-el-hambre\/#webpage","url":"https:\/\/www.eldigitaldeasturias.com\/noticias\/clive-arrindell-protagoniza-la-campana-de-accion-contra-el-hambre\/","name":"Clive Arrindell protagoniza la campa\u00f1a de Acci\u00f3n contra el Hambre - El Digital de Asturias","description":"Madrid, 28 nov (EFE).- El actor brit\u00e1nico Clive Arrindell, conocido en Espa\u00f1a como \"el calvo de la loter\u00eda\" por haber aparecido durante ocho a\u00f1os en el anuncio del sorteo de Navidad, ha accedido a protagonizar la campa\u00f1a navide\u00f1a de Acci\u00f3n contra el Hambre. En esta iniciativa, seg\u00fan informa la organizaci\u00f3n, se difundir\u00e1 un mensaje sobre","inLanguage":"es-ES","isPartOf":{"@id":"https:\/\/www.eldigitaldeasturias.com\/noticias\/#website"},"breadcrumb":{"@id":"https:\/\/www.eldigitaldeasturias.com\/noticias\/clive-arrindell-protagoniza-la-campana-de-accion-contra-el-hambre\/#breadcrumblist"},"author":{"@id":"https:\/\/www.eldigitaldeasturias.com\/noticias\/author\/admin\/#author"},"creator":{"@id":"https:\/\/www.eldigitaldeasturias.com\/noticias\/author\/admin\/#author"},"image":{"@type":"ImageObject","url":455403,"@id":"https:\/\/www.eldigitaldeasturias.com\/noticias\/clive-arrindell-protagoniza-la-campana-de-accion-contra-el-hambre\/#mainImage"},"primaryImageOfPage":{"@id":"https:\/\/www.eldigitaldeasturias.com\/noticias\/clive-arrindell-protagoniza-la-campana-de-accion-contra-el-hambre\/#mainImage"},"datePublished":"2013-11-28T19:01:06+01:00","dateModified":"2013-11-28T19:01:06+01:00"},{"@type":"WebSite","@id":"https:\/\/www.eldigitaldeasturias.com\/noticias\/#website","url":"https:\/\/www.eldigitaldeasturias.com\/noticias\/","name":"El Digital de Asturias - Diario de actualidad y noticias","alternateName":"El Digital de Asturias - Diario de actualidad y noticias","description":"Hemeroteca","inLanguage":"es-ES","publisher":{"@id":"https:\/\/www.eldigitaldeasturias.com\/noticias\/#organization"}}]},"og:locale":"es_ES","og:site_name":"El Digital de Asturias","og:type":"article","og:title":"Clive Arrindell protagoniza la campa\u00f1a de Acci\u00f3n contra el Hambre - El Digital de Asturias","og:description":"Madrid, 28 nov (EFE).- El actor brit\u00e1nico Clive Arrindell, conocido en Espa\u00f1a como &quot;el calvo de la loter\u00eda&quot; por haber aparecido durante ocho a\u00f1os en el anuncio del sorteo de Navidad, ha accedido a protagonizar la campa\u00f1a navide\u00f1a de Acci\u00f3n contra el Hambre. En esta iniciativa, seg\u00fan informa la organizaci\u00f3n, se difundir\u00e1 un mensaje sobre","og:url":"https:\/\/www.eldigitaldeasturias.com\/noticias\/clive-arrindell-protagoniza-la-campana-de-accion-contra-el-hambre\/","article:tag":["sociedad"],"article:published_time":"2013-11-28T20:01:06+00:00","article:modified_time":"2013-11-28T20:01:06+00:00","article:publisher":"https:\/\/facebook.com\/eldigitaldeasturias","twitter:card":"summary_large_image","twitter:title":"Clive Arrindell protagoniza la campa\u00f1a de Acci\u00f3n contra el Hambre - El Digital de Asturias","twitter:description":"Madrid, 28 nov (EFE).- El actor brit\u00e1nico Clive Arrindell, conocido en Espa\u00f1a como &quot;el calvo de la loter\u00eda&quot; por haber aparecido durante ocho a\u00f1os en el anuncio del sorteo de Navidad, ha accedido a protagonizar la campa\u00f1a navide\u00f1a de Acci\u00f3n contra el Hambre. En esta iniciativa, seg\u00fan informa la organizaci\u00f3n, se difundir\u00e1 un mensaje sobre","twitter:label1":"Escrito por","twitter:data1":"El Digital de Asturias","twitter:label2":"Tiempo de lectura estimado","twitter:data2":"2 minutos"},"aioseo_meta_data":{"post_id":"455402","title":null,"description":null,"keywords":null,"keyphrases":null,"primary_term":null,"canonical_url":null,"og_title":null,"og_description":null,"og_object_type":"default","og_image_type":"default","og_image_url":null,"og_image_width":null,"og_image_height":null,"og_image_custom_url":null,"og_image_custom_fields":null,"og_video":null,"og_custom_url":null,"og_article_section":null,"og_article_tags":null,"twitter_use_og":true,"twitter_card":"default","twitter_image_type":"default","twitter_image_url":null,"twitter_image_custom_url":null,"twitter_image_custom_fields":null,"twitter_title":null,"twitter_description":null,"schema":{"blockGraphs":[],"customGraphs":[],"default":{"data":{"Article":[],"Course":[],"Dataset":[],"FAQPage":[],"Movie":[],"Person":[],"Product":[],"ProductReview":[],"Car":[],"Recipe":[],"Service":[],"SoftwareApplication":[],"WebPage":[]},"graphName":"","isEnabled":true},"graphs":[],"defaultGraph":"","defaultPostTypeGraph":""},"schema_type":null,"schema_type_options":null,"pillar_content":false,"robots_default":true,"robots_noindex":false,"robots_noarchive":false,"robots_nosnippet":false,"robots_nofollow":false,"robots_noimageindex":false,"robots_noodp":false,"robots_notranslate":false,"robots_max_snippet":null,"robots_max_videopreview":null,"robots_max_imagepreview":"none","priority":null,"frequency":null,"local_seo":null,"seo_analyzer_scan_date":"2026-05-29 18:08:56","breadcrumb_settings":null,"limit_modified_date":false,"open_ai":null,"ai":null,"created":"2020-11-14 22:45:19","updated":"2026-05-29 18:08:56","focus_keyword":null,"additional_keywords":null,"truseo_locale":null},"aioseo_breadcrumb":"<div class=\"aioseo-breadcrumbs\"><span class=\"aioseo-breadcrumb\">\n\t<a href=\"https:\/\/www.eldigitaldeasturias.com\/noticias\" title=\"Home\">Home<\/a>\n<\/span><span class=\"aioseo-breadcrumb-separator\">\u2013<\/span><span class=\"aioseo-breadcrumb\">\n\t<a href=\"https:\/\/www.eldigitaldeasturias.com\/noticias\/category\/sociedad\/\" title=\"Sociedad\">Sociedad<\/a>\n<\/span><span class=\"aioseo-breadcrumb-separator\">\u2013<\/span><span class=\"aioseo-breadcrumb\">\n\t<a href=\"https:\/\/www.eldigitaldeasturias.com\/noticias\/clive-arrindell-protagoniza-la-campana-de-accion-contra-el-hambre\/\" title=\"Clive Arrindell protagoniza la campa\u00f1a de Acci\u00f3n contra el Hambre\">Clive Arrindell protagoniza la campa\u00f1a de Acci\u00f3n contra el Hambre<\/a>\n<\/span><\/div>","aioseo_breadcrumb_json":[{"label":"Home","link":"https:\/\/www.eldigitaldeasturias.com\/noticias"},{"label":"Sociedad","link":"https:\/\/www.eldigitaldeasturias.com\/noticias\/category\/sociedad\/"},{"label":"Clive Arrindell protagoniza la campa\u00f1a de Acci\u00f3n contra el Hambre","link":"https:\/\/www.eldigitaldeasturias.com\/noticias\/clive-arrindell-protagoniza-la-campana-de-accion-contra-el-hambre\/"}],"_links":{"self":[{"href":"https:\/\/www.eldigitaldeasturias.com\/noticias\/wp-json\/wp\/v2\/posts\/455402","targetHints":{"allow":["GET"]}}],"collection":[{"href":"https:\/\/www.eldigitaldeasturias.com\/noticias\/wp-json\/wp\/v2\/posts"}],"about":[{"href":"https:\/\/www.eldigitaldeasturias.com\/noticias\/wp-json\/wp\/v2\/types\/post"}],"author":[{"embeddable":true,"href":"https:\/\/www.eldigitaldeasturias.com\/noticias\/wp-json\/wp\/v2\/users\/1"}],"replies":[{"embeddable":true,"href":"https:\/\/www.eldigitaldeasturias.com\/noticias\/wp-json\/wp\/v2\/comments?post=455402"}],"version-history":[{"count":0,"href":"https:\/\/www.eldigitaldeasturias.com\/noticias\/wp-json\/wp\/v2\/posts\/455402\/revisions"}],"wp:attachment":[{"href":"https:\/\/www.eldigitaldeasturias.com\/noticias\/wp-json\/wp\/v2\/media?parent=455402"}],"wp:term":[{"taxonomy":"category","embeddable":true,"href":"https:\/\/www.eldigitaldeasturias.com\/noticias\/wp-json\/wp\/v2\/categories?post=455402"},{"taxonomy":"post_tag","embeddable":true,"href":"https:\/\/www.eldigitaldeasturias.com\/noticias\/wp-json\/wp\/v2\/tags?post=455402"}],"curies":[{"name":"wp","href":"https:\/\/api.w.org\/{rel}","templated":true}]}}