{"id":455396,"date":"2013-11-28T18:57:41","date_gmt":"2013-11-28T19:57:41","guid":{"rendered":"http:\/\/www.eldigitaldeasturias.com\/noticias\/?p=455396"},"modified":"2013-11-28T18:57:41","modified_gmt":"2013-11-28T19:57:41","slug":"a-subasta-el-traje-que-llevo-daniel-craig-en-skyfall","status":"publish","type":"post","link":"https:\/\/www.eldigitaldeasturias.com\/noticias\/a-subasta-el-traje-que-llevo-daniel-craig-en-skyfall\/","title":{"rendered":"A subasta el traje que llev\u00f3 Daniel Craig en \u00abSkyfall\u00bb"},"content":{"rendered":"<p><img loading=\"lazy\" decoding=\"async\" class=\"alignleft size-medium wp-image-455397\" alt=\"5759433w\" src=\"https:\/\/www.eldigitaldeasturias.com\/noticias\/wp-content\/uploads\/2013\/11\/5759433w-360x269.jpg\" width=\"360\" height=\"269\" \/>Londres, 28 nov (EFE).- El traje de lana con el que el brit\u00e1nico Daniel Craig interpret\u00f3 a James Bond en \u00abSkyfall\u00bb, la \u00faltima pel\u00edcula de la famosa saga del agente 007, se vender\u00e1 en Londres en una subasta \u00abonline\u00bb de iconos de la cultura pop del \u00faltimo siglo.<\/p>\n<p>La subasta \u00abPop Culture\u00bb, organizada por la casa Christie&#8217;s, incluye cien lotes relacionados con el cine, el arte y la m\u00fasica pop, por los que se podr\u00e1 pujar \u00abonline\u00bb hasta el 5 de diciembre.<\/p>\n<p>El traje de chaqueta de pr\u00edncipe de gales que llevaba el \u00faltimo Bond, encarnado por Craig, obra del dise\u00f1ador estadounidense Tom Ford, sali\u00f3 a la venta este martes con un precio de salida de 7.000 libras (8.300 euros, 11.240 d\u00f3lares), aunque Christie&#8217;s espera rematarlo por entre 8.000 y 12.000 libras (9.500 y 14.300 euros; 12.800 y 19.300 d\u00f3lares).<\/p>\n<p>A juego con la chaqueta, se subastan tambi\u00e9n unos gemelos circulares de esmalte negro, tambi\u00e9n del internacional Ford, en los que se aprecia el escudo y el lema de la familia Bond, \u00abOrbis non sufficit (El mundo nunca es suficiente)\u00bb, y que Christie&#8217;s espera vender por entre 3.000 y 5.000 libras (3.500 y 5.900 euros; 4.700 y 8.000 d\u00f3lares).<\/p>\n<p>La colecci\u00f3n a subasta \u00abrinde tributo a algunos de los iconos m\u00e1s importantes del mundo de la m\u00fasica y el cine, desde leyendas del entretenimiento como Charlie Chaplin y El Gordo y El Flaco, hasta princesas del pop actuales como Madonna, Lady Gaga y Britney Spears\u00bb, se\u00f1al\u00f3 la casa de subastas.<\/p>\n<p>Trajes de pel\u00edculas, guitarras, letras de canciones, aut\u00f3grafos y complementos de artistas famosos figuran entre los lotes, que se podr\u00e1n ver expuestos en la sala de Christie&#8217;s en el lujoso barrio londinense de Kensington desde este s\u00e1bado hasta el 4 de diciembre.<\/p>\n<p>El lote que Christie&#8217;s espera vender m\u00e1s caro es el poncho con el que Luke Skywalker, encarnado por el actor estadounidense Mark Hamill, se proteg\u00eda del viento del desierto en la primera pel\u00edcula de la saga Star Wars, \u00abLa guerra de las galaxias: una nueva esperanza\u00bb, con el que la casa londinense cree que podr\u00eda recaudar entre 20.000 y 30.000 libras (23.800 y 35.700 euros; 32.200 y 48.000 d\u00f3lares).<\/p>\n<p>Junto a estos, destaca tambi\u00e9n el vestido de estilo medieval que Audrey Hepburn llevaba en \u00abEncuentro en Par\u00eds\u00bb, de 1964, una trompeta del icono del jazz Louis Armstrong y un lazo negro dise\u00f1ado por Jean-Paul Gaultier que Lady Gaga llev\u00f3 en la entrega de los premios MTV Video Music Awards en 2009.<\/p>\n<p>El \u00abpop art\u00bb tambi\u00e9n tiene un hueco en la subasta, con la ic\u00f3nica imagen del pl\u00e1tano que Andy Warhol dise\u00f1\u00f3 para el primer \u00e1lbum del grupo The Velvet Underground o una lata de sopa Campbell firmada por \u00e9l mismo.<\/p>\n","protected":false},"excerpt":{"rendered":"<p>Londres, 28 nov (EFE).- El traje de lana con el que el brit\u00e1nico Daniel Craig interpret\u00f3 a James Bond en \u00abSkyfall\u00bb, la \u00faltima pel\u00edcula de la famosa saga del agente 007, se vender\u00e1 en Londres en una subasta \u00abonline\u00bb de iconos de la cultura pop del \u00faltimo siglo. La subasta \u00abPop Culture\u00bb, organizada por la [&hellip;]<\/p>\n","protected":false},"author":1,"featured_media":455397,"comment_status":"open","ping_status":"open","sticky":false,"template":"","format":"standard","meta":{"footnotes":""},"categories":[50],"tags":[],"class_list":["post-455396","post","type-post","status-publish","format-standard","has-post-thumbnail","hentry","category-revista-de-ocio"],"aioseo_notices":[],"aioseo_head":"\n\t\t<!-- All in One SEO Pro 5.0.1 - aioseo.com -->\n\t<meta name=\"description\" content=\"Londres, 28 nov (EFE).- El traje de lana con el que el brit\u00e1nico Daniel Craig interpret\u00f3 a James Bond en &quot;Skyfall&quot;, la \u00faltima pel\u00edcula de la famosa saga del agente 007, se vender\u00e1 en Londres en una subasta &quot;online&quot; de iconos de la cultura pop del \u00faltimo siglo. La subasta &quot;Pop Culture&quot;, organizada por la\" \/>\n\t<meta name=\"robots\" content=\"max-image-preview:large\" \/>\n\t<meta name=\"author\" content=\"El Digital de Asturias\"\/>\n\t<meta name=\"google-site-verification\" content=\"UA-38556648-1\" \/>\n\t<meta name=\"msvalidate.01\" content=\"7dfe9f3f1b24437ab69f4f2559babe99\" \/>\n\t<meta name=\"keywords\" content=\"revista de ocio\" \/>\n\t<link rel=\"canonical\" href=\"https:\/\/www.eldigitaldeasturias.com\/noticias\/a-subasta-el-traje-que-llevo-daniel-craig-en-skyfall\/\" \/>\n\t<meta name=\"generator\" content=\"All in One SEO Pro (AIOSEO) 5.0.1\" \/>\n\t\t<meta property=\"og:locale\" content=\"es_ES\" \/>\n\t\t<meta property=\"og:site_name\" content=\"El Digital de Asturias\" \/>\n\t\t<meta property=\"og:type\" content=\"article\" \/>\n\t\t<meta property=\"og:title\" content=\"A subasta el traje que llev\u00f3 Daniel Craig en \u00abSkyfall\u00bb - El Digital de Asturias\" \/>\n\t\t<meta property=\"og:description\" content=\"Londres, 28 nov (EFE).- El traje de lana con el que el brit\u00e1nico Daniel Craig interpret\u00f3 a James Bond en &quot;Skyfall&quot;, la \u00faltima pel\u00edcula de la famosa saga del agente 007, se vender\u00e1 en Londres en una subasta &quot;online&quot; de iconos de la cultura pop del \u00faltimo siglo. La subasta &quot;Pop Culture&quot;, organizada por la\" \/>\n\t\t<meta property=\"og:url\" content=\"https:\/\/www.eldigitaldeasturias.com\/noticias\/a-subasta-el-traje-que-llevo-daniel-craig-en-skyfall\/\" \/>\n\t\t<meta property=\"article:tag\" content=\"revista de ocio\" \/>\n\t\t<meta property=\"article:published_time\" content=\"2013-11-28T19:57:41+00:00\" \/>\n\t\t<meta property=\"article:modified_time\" content=\"2013-11-28T19:57:41+00:00\" \/>\n\t\t<meta property=\"article:publisher\" content=\"https:\/\/facebook.com\/eldigitaldeasturias\" \/>\n\t\t<meta name=\"twitter:card\" content=\"summary_large_image\" \/>\n\t\t<meta name=\"twitter:title\" content=\"A subasta el traje que llev\u00f3 Daniel Craig en \u00abSkyfall\u00bb - El Digital de Asturias\" \/>\n\t\t<meta name=\"twitter:description\" content=\"Londres, 28 nov (EFE).- El traje de lana con el que el brit\u00e1nico Daniel Craig interpret\u00f3 a James Bond en &quot;Skyfall&quot;, la \u00faltima pel\u00edcula de la famosa saga del agente 007, se vender\u00e1 en Londres en una subasta &quot;online&quot; de iconos de la cultura pop del \u00faltimo siglo. La subasta &quot;Pop Culture&quot;, organizada por la\" \/>\n\t\t<meta name=\"twitter:label1\" content=\"Escrito por\" \/>\n\t\t<meta name=\"twitter:data1\" content=\"El Digital de Asturias\" \/>\n\t\t<meta name=\"twitter:label2\" content=\"Tiempo de lectura estimado\" \/>\n\t\t<meta name=\"twitter:data2\" content=\"2 minutos\" \/>\n\t\t<script type=\"application\/ld+json\" class=\"aioseo-schema\">\n\t\t\t{\"@context\":\"https:\\\/\\\/schema.org\",\"@graph\":[{\"@type\":\"BlogPosting\",\"@id\":\"https:\\\/\\\/www.eldigitaldeasturias.com\\\/noticias\\\/a-subasta-el-traje-que-llevo-daniel-craig-en-skyfall\\\/#blogposting\",\"name\":\"A subasta el traje que llev\\u00f3 Daniel Craig en \\u00abSkyfall\\u00bb - El Digital de Asturias\",\"headline\":\"A subasta el traje que llev\\u00f3 Daniel Craig en \\u00abSkyfall\\u00bb\",\"author\":{\"@id\":\"https:\\\/\\\/www.eldigitaldeasturias.com\\\/noticias\\\/author\\\/admin\\\/#author\"},\"publisher\":{\"@id\":\"https:\\\/\\\/www.eldigitaldeasturias.com\\\/noticias\\\/#organization\"},\"image\":{\"@type\":\"ImageObject\",\"url\":455397},\"datePublished\":\"2013-11-28T18:57:41+01:00\",\"dateModified\":\"2013-11-28T18:57:41+01:00\",\"inLanguage\":\"es-ES\",\"mainEntityOfPage\":{\"@id\":\"https:\\\/\\\/www.eldigitaldeasturias.com\\\/noticias\\\/a-subasta-el-traje-que-llevo-daniel-craig-en-skyfall\\\/#webpage\"},\"isPartOf\":{\"@id\":\"https:\\\/\\\/www.eldigitaldeasturias.com\\\/noticias\\\/a-subasta-el-traje-que-llevo-daniel-craig-en-skyfall\\\/#webpage\"},\"articleSection\":\"Revista de Ocio\"},{\"@type\":\"BreadcrumbList\",\"@id\":\"https:\\\/\\\/www.eldigitaldeasturias.com\\\/noticias\\\/a-subasta-el-traje-que-llevo-daniel-craig-en-skyfall\\\/#breadcrumblist\",\"itemListElement\":[{\"@type\":\"ListItem\",\"@id\":\"https:\\\/\\\/www.eldigitaldeasturias.com\\\/noticias#listItem\",\"position\":1,\"name\":\"Home\",\"item\":\"https:\\\/\\\/www.eldigitaldeasturias.com\\\/noticias\",\"nextItem\":{\"@type\":\"ListItem\",\"@id\":\"https:\\\/\\\/www.eldigitaldeasturias.com\\\/noticias\\\/category\\\/revista-de-ocio\\\/#listItem\",\"name\":\"Revista de Ocio\"}},{\"@type\":\"ListItem\",\"@id\":\"https:\\\/\\\/www.eldigitaldeasturias.com\\\/noticias\\\/category\\\/revista-de-ocio\\\/#listItem\",\"position\":2,\"name\":\"Revista de Ocio\",\"item\":\"https:\\\/\\\/www.eldigitaldeasturias.com\\\/noticias\\\/category\\\/revista-de-ocio\\\/\",\"nextItem\":{\"@type\":\"ListItem\",\"@id\":\"https:\\\/\\\/www.eldigitaldeasturias.com\\\/noticias\\\/a-subasta-el-traje-que-llevo-daniel-craig-en-skyfall\\\/#listItem\",\"name\":\"A subasta el traje que llev\\u00f3 Daniel Craig en \\u00abSkyfall\\u00bb\"},\"previousItem\":{\"@type\":\"ListItem\",\"@id\":\"https:\\\/\\\/www.eldigitaldeasturias.com\\\/noticias#listItem\",\"name\":\"Home\"}},{\"@type\":\"ListItem\",\"@id\":\"https:\\\/\\\/www.eldigitaldeasturias.com\\\/noticias\\\/a-subasta-el-traje-que-llevo-daniel-craig-en-skyfall\\\/#listItem\",\"position\":3,\"name\":\"A subasta el traje que llev\\u00f3 Daniel Craig en \\u00abSkyfall\\u00bb\",\"previousItem\":{\"@type\":\"ListItem\",\"@id\":\"https:\\\/\\\/www.eldigitaldeasturias.com\\\/noticias\\\/category\\\/revista-de-ocio\\\/#listItem\",\"name\":\"Revista de Ocio\"}}]},{\"@type\":\"Organization\",\"@id\":\"https:\\\/\\\/www.eldigitaldeasturias.com\\\/noticias\\\/#organization\",\"name\":\"El Digital de Asturias\",\"description\":\"Hemeroteca\",\"url\":\"https:\\\/\\\/www.eldigitaldeasturias.com\\\/noticias\\\/\",\"email\":\"info@eldigitaldeasturias.com\",\"telephone\":\"+34652131393\",\"logo\":{\"@type\":\"ImageObject\",\"url\":\"https:\\\/\\\/www.eldigitaldeasturias.com\\\/noticias\\\/wp-content\\\/uploads\\\/2020\\\/12\\\/EDA.jpg\",\"@id\":\"https:\\\/\\\/www.eldigitaldeasturias.com\\\/noticias\\\/a-subasta-el-traje-que-llevo-daniel-craig-en-skyfall\\\/#organizationLogo\"},\"image\":{\"@id\":\"https:\\\/\\\/www.eldigitaldeasturias.com\\\/noticias\\\/a-subasta-el-traje-que-llevo-daniel-craig-en-skyfall\\\/#organizationLogo\"},\"sameAs\":[\"https:\\\/\\\/facebook.com\\\/eldigitaldeasturias\",\"https:\\\/\\\/www.youtube.com\\\/channel\\\/UCZP-2wLEB9Rv6erhFmqVnvg\"],\"address\":{\"@id\":\"https:\\\/\\\/www.eldigitaldeasturias.com\\\/noticias\\\/#postaladdress\",\"@type\":\"PostalAddress\",\"streetAddress\":\"san antonio 4\",\"postalCode\":\"33430\",\"addressLocality\":\"Cand\\u00e1s\",\"addressRegion\":\"Asturias\",\"addressCountry\":\"ES\"}},{\"@type\":\"Person\",\"@id\":\"https:\\\/\\\/www.eldigitaldeasturias.com\\\/noticias\\\/author\\\/admin\\\/#author\",\"url\":\"https:\\\/\\\/www.eldigitaldeasturias.com\\\/noticias\\\/author\\\/admin\\\/\",\"name\":\"El Digital de Asturias\",\"image\":{\"@type\":\"ImageObject\",\"@id\":\"https:\\\/\\\/www.eldigitaldeasturias.com\\\/noticias\\\/a-subasta-el-traje-que-llevo-daniel-craig-en-skyfall\\\/#authorImage\",\"url\":\"https:\\\/\\\/secure.gravatar.com\\\/avatar\\\/df2aeffc32bcd13f8d26072ef8a91b623d677766deac7f97ca815868cd41bf5e?s=96&d=mm&r=g\",\"width\":96,\"height\":96,\"caption\":\"El Digital de Asturias\"}},{\"@type\":\"WebPage\",\"@id\":\"https:\\\/\\\/www.eldigitaldeasturias.com\\\/noticias\\\/a-subasta-el-traje-que-llevo-daniel-craig-en-skyfall\\\/#webpage\",\"url\":\"https:\\\/\\\/www.eldigitaldeasturias.com\\\/noticias\\\/a-subasta-el-traje-que-llevo-daniel-craig-en-skyfall\\\/\",\"name\":\"A subasta el traje que llev\\u00f3 Daniel Craig en \\u00abSkyfall\\u00bb - El Digital de Asturias\",\"description\":\"Londres, 28 nov (EFE).- El traje de lana con el que el brit\\u00e1nico Daniel Craig interpret\\u00f3 a James Bond en \\\"Skyfall\\\", la \\u00faltima pel\\u00edcula de la famosa saga del agente 007, se vender\\u00e1 en Londres en una subasta \\\"online\\\" de iconos de la cultura pop del \\u00faltimo siglo. La subasta \\\"Pop Culture\\\", organizada por la\",\"inLanguage\":\"es-ES\",\"isPartOf\":{\"@id\":\"https:\\\/\\\/www.eldigitaldeasturias.com\\\/noticias\\\/#website\"},\"breadcrumb\":{\"@id\":\"https:\\\/\\\/www.eldigitaldeasturias.com\\\/noticias\\\/a-subasta-el-traje-que-llevo-daniel-craig-en-skyfall\\\/#breadcrumblist\"},\"author\":{\"@id\":\"https:\\\/\\\/www.eldigitaldeasturias.com\\\/noticias\\\/author\\\/admin\\\/#author\"},\"creator\":{\"@id\":\"https:\\\/\\\/www.eldigitaldeasturias.com\\\/noticias\\\/author\\\/admin\\\/#author\"},\"image\":{\"@type\":\"ImageObject\",\"url\":455397,\"@id\":\"https:\\\/\\\/www.eldigitaldeasturias.com\\\/noticias\\\/a-subasta-el-traje-que-llevo-daniel-craig-en-skyfall\\\/#mainImage\"},\"primaryImageOfPage\":{\"@id\":\"https:\\\/\\\/www.eldigitaldeasturias.com\\\/noticias\\\/a-subasta-el-traje-que-llevo-daniel-craig-en-skyfall\\\/#mainImage\"},\"datePublished\":\"2013-11-28T18:57:41+01:00\",\"dateModified\":\"2013-11-28T18:57:41+01:00\"},{\"@type\":\"WebSite\",\"@id\":\"https:\\\/\\\/www.eldigitaldeasturias.com\\\/noticias\\\/#website\",\"url\":\"https:\\\/\\\/www.eldigitaldeasturias.com\\\/noticias\\\/\",\"name\":\"El Digital de Asturias - Diario de actualidad y noticias\",\"alternateName\":\"El Digital de Asturias - Diario de actualidad y noticias\",\"description\":\"Hemeroteca\",\"inLanguage\":\"es-ES\",\"publisher\":{\"@id\":\"https:\\\/\\\/www.eldigitaldeasturias.com\\\/noticias\\\/#organization\"}}]}\n\t\t<\/script>\n\t\t<!-- All in One SEO Pro -->\r\n\t\t<title>A subasta el traje que llev\u00f3 Daniel Craig en \u00abSkyfall\u00bb - El Digital de Asturias<\/title>\n\n","aioseo_head_json":{"title":"A subasta el traje que llev\u00f3 Daniel Craig en \u00abSkyfall\u00bb - El Digital de Asturias","description":"Londres, 28 nov (EFE).- El traje de lana con el que el brit\u00e1nico Daniel Craig interpret\u00f3 a James Bond en \"Skyfall\", la \u00faltima pel\u00edcula de la famosa saga del agente 007, se vender\u00e1 en Londres en una subasta \"online\" de iconos de la cultura pop del \u00faltimo siglo. La subasta \"Pop Culture\", organizada por la","canonical_url":"https:\/\/www.eldigitaldeasturias.com\/noticias\/a-subasta-el-traje-que-llevo-daniel-craig-en-skyfall\/","robots":"max-image-preview:large","keywords":"revista de ocio","webmasterTools":{"google-site-verification":"UA-38556648-1","msvalidate.01":"7dfe9f3f1b24437ab69f4f2559babe99","miscellaneous":""},"schema":{"@context":"https:\/\/schema.org","@graph":[{"@type":"BlogPosting","@id":"https:\/\/www.eldigitaldeasturias.com\/noticias\/a-subasta-el-traje-que-llevo-daniel-craig-en-skyfall\/#blogposting","name":"A subasta el traje que llev\u00f3 Daniel Craig en \u00abSkyfall\u00bb - El Digital de Asturias","headline":"A subasta el traje que llev\u00f3 Daniel Craig en \u00abSkyfall\u00bb","author":{"@id":"https:\/\/www.eldigitaldeasturias.com\/noticias\/author\/admin\/#author"},"publisher":{"@id":"https:\/\/www.eldigitaldeasturias.com\/noticias\/#organization"},"image":{"@type":"ImageObject","url":455397},"datePublished":"2013-11-28T18:57:41+01:00","dateModified":"2013-11-28T18:57:41+01:00","inLanguage":"es-ES","mainEntityOfPage":{"@id":"https:\/\/www.eldigitaldeasturias.com\/noticias\/a-subasta-el-traje-que-llevo-daniel-craig-en-skyfall\/#webpage"},"isPartOf":{"@id":"https:\/\/www.eldigitaldeasturias.com\/noticias\/a-subasta-el-traje-que-llevo-daniel-craig-en-skyfall\/#webpage"},"articleSection":"Revista de Ocio"},{"@type":"BreadcrumbList","@id":"https:\/\/www.eldigitaldeasturias.com\/noticias\/a-subasta-el-traje-que-llevo-daniel-craig-en-skyfall\/#breadcrumblist","itemListElement":[{"@type":"ListItem","@id":"https:\/\/www.eldigitaldeasturias.com\/noticias#listItem","position":1,"name":"Home","item":"https:\/\/www.eldigitaldeasturias.com\/noticias","nextItem":{"@type":"ListItem","@id":"https:\/\/www.eldigitaldeasturias.com\/noticias\/category\/revista-de-ocio\/#listItem","name":"Revista de Ocio"}},{"@type":"ListItem","@id":"https:\/\/www.eldigitaldeasturias.com\/noticias\/category\/revista-de-ocio\/#listItem","position":2,"name":"Revista de Ocio","item":"https:\/\/www.eldigitaldeasturias.com\/noticias\/category\/revista-de-ocio\/","nextItem":{"@type":"ListItem","@id":"https:\/\/www.eldigitaldeasturias.com\/noticias\/a-subasta-el-traje-que-llevo-daniel-craig-en-skyfall\/#listItem","name":"A subasta el traje que llev\u00f3 Daniel Craig en \u00abSkyfall\u00bb"},"previousItem":{"@type":"ListItem","@id":"https:\/\/www.eldigitaldeasturias.com\/noticias#listItem","name":"Home"}},{"@type":"ListItem","@id":"https:\/\/www.eldigitaldeasturias.com\/noticias\/a-subasta-el-traje-que-llevo-daniel-craig-en-skyfall\/#listItem","position":3,"name":"A subasta el traje que llev\u00f3 Daniel Craig en \u00abSkyfall\u00bb","previousItem":{"@type":"ListItem","@id":"https:\/\/www.eldigitaldeasturias.com\/noticias\/category\/revista-de-ocio\/#listItem","name":"Revista de Ocio"}}]},{"@type":"Organization","@id":"https:\/\/www.eldigitaldeasturias.com\/noticias\/#organization","name":"El Digital de Asturias","description":"Hemeroteca","url":"https:\/\/www.eldigitaldeasturias.com\/noticias\/","email":"info@eldigitaldeasturias.com","telephone":"+34652131393","logo":{"@type":"ImageObject","url":"https:\/\/www.eldigitaldeasturias.com\/noticias\/wp-content\/uploads\/2020\/12\/EDA.jpg","@id":"https:\/\/www.eldigitaldeasturias.com\/noticias\/a-subasta-el-traje-que-llevo-daniel-craig-en-skyfall\/#organizationLogo"},"image":{"@id":"https:\/\/www.eldigitaldeasturias.com\/noticias\/a-subasta-el-traje-que-llevo-daniel-craig-en-skyfall\/#organizationLogo"},"sameAs":["https:\/\/facebook.com\/eldigitaldeasturias","https:\/\/www.youtube.com\/channel\/UCZP-2wLEB9Rv6erhFmqVnvg"],"address":{"@id":"https:\/\/www.eldigitaldeasturias.com\/noticias\/#postaladdress","@type":"PostalAddress","streetAddress":"san antonio 4","postalCode":"33430","addressLocality":"Cand\u00e1s","addressRegion":"Asturias","addressCountry":"ES"}},{"@type":"Person","@id":"https:\/\/www.eldigitaldeasturias.com\/noticias\/author\/admin\/#author","url":"https:\/\/www.eldigitaldeasturias.com\/noticias\/author\/admin\/","name":"El Digital de Asturias","image":{"@type":"ImageObject","@id":"https:\/\/www.eldigitaldeasturias.com\/noticias\/a-subasta-el-traje-que-llevo-daniel-craig-en-skyfall\/#authorImage","url":"https:\/\/secure.gravatar.com\/avatar\/df2aeffc32bcd13f8d26072ef8a91b623d677766deac7f97ca815868cd41bf5e?s=96&d=mm&r=g","width":96,"height":96,"caption":"El Digital de Asturias"}},{"@type":"WebPage","@id":"https:\/\/www.eldigitaldeasturias.com\/noticias\/a-subasta-el-traje-que-llevo-daniel-craig-en-skyfall\/#webpage","url":"https:\/\/www.eldigitaldeasturias.com\/noticias\/a-subasta-el-traje-que-llevo-daniel-craig-en-skyfall\/","name":"A subasta el traje que llev\u00f3 Daniel Craig en \u00abSkyfall\u00bb - El Digital de Asturias","description":"Londres, 28 nov (EFE).- El traje de lana con el que el brit\u00e1nico Daniel Craig interpret\u00f3 a James Bond en \"Skyfall\", la \u00faltima pel\u00edcula de la famosa saga del agente 007, se vender\u00e1 en Londres en una subasta \"online\" de iconos de la cultura pop del \u00faltimo siglo. La subasta \"Pop Culture\", organizada por la","inLanguage":"es-ES","isPartOf":{"@id":"https:\/\/www.eldigitaldeasturias.com\/noticias\/#website"},"breadcrumb":{"@id":"https:\/\/www.eldigitaldeasturias.com\/noticias\/a-subasta-el-traje-que-llevo-daniel-craig-en-skyfall\/#breadcrumblist"},"author":{"@id":"https:\/\/www.eldigitaldeasturias.com\/noticias\/author\/admin\/#author"},"creator":{"@id":"https:\/\/www.eldigitaldeasturias.com\/noticias\/author\/admin\/#author"},"image":{"@type":"ImageObject","url":455397,"@id":"https:\/\/www.eldigitaldeasturias.com\/noticias\/a-subasta-el-traje-que-llevo-daniel-craig-en-skyfall\/#mainImage"},"primaryImageOfPage":{"@id":"https:\/\/www.eldigitaldeasturias.com\/noticias\/a-subasta-el-traje-que-llevo-daniel-craig-en-skyfall\/#mainImage"},"datePublished":"2013-11-28T18:57:41+01:00","dateModified":"2013-11-28T18:57:41+01:00"},{"@type":"WebSite","@id":"https:\/\/www.eldigitaldeasturias.com\/noticias\/#website","url":"https:\/\/www.eldigitaldeasturias.com\/noticias\/","name":"El Digital de Asturias - Diario de actualidad y noticias","alternateName":"El Digital de Asturias - Diario de actualidad y noticias","description":"Hemeroteca","inLanguage":"es-ES","publisher":{"@id":"https:\/\/www.eldigitaldeasturias.com\/noticias\/#organization"}}]},"og:locale":"es_ES","og:site_name":"El Digital de Asturias","og:type":"article","og:title":"A subasta el traje que llev\u00f3 Daniel Craig en \u00abSkyfall\u00bb - El Digital de Asturias","og:description":"Londres, 28 nov (EFE).- El traje de lana con el que el brit\u00e1nico Daniel Craig interpret\u00f3 a James Bond en &quot;Skyfall&quot;, la \u00faltima pel\u00edcula de la famosa saga del agente 007, se vender\u00e1 en Londres en una subasta &quot;online&quot; de iconos de la cultura pop del \u00faltimo siglo. La subasta &quot;Pop Culture&quot;, organizada por la","og:url":"https:\/\/www.eldigitaldeasturias.com\/noticias\/a-subasta-el-traje-que-llevo-daniel-craig-en-skyfall\/","article:tag":["revista de ocio"],"article:published_time":"2013-11-28T19:57:41+00:00","article:modified_time":"2013-11-28T19:57:41+00:00","article:publisher":"https:\/\/facebook.com\/eldigitaldeasturias","twitter:card":"summary_large_image","twitter:title":"A subasta el traje que llev\u00f3 Daniel Craig en \u00abSkyfall\u00bb - El Digital de Asturias","twitter:description":"Londres, 28 nov (EFE).- El traje de lana con el que el brit\u00e1nico Daniel Craig interpret\u00f3 a James Bond en &quot;Skyfall&quot;, la \u00faltima pel\u00edcula de la famosa saga del agente 007, se vender\u00e1 en Londres en una subasta &quot;online&quot; de iconos de la cultura pop del \u00faltimo siglo. La subasta &quot;Pop Culture&quot;, organizada por la","twitter:label1":"Escrito por","twitter:data1":"El Digital de Asturias","twitter:label2":"Tiempo de lectura estimado","twitter:data2":"2 minutos"},"aioseo_meta_data":{"post_id":"455396","title":null,"description":null,"keywords":null,"keyphrases":null,"primary_term":null,"canonical_url":null,"og_title":null,"og_description":null,"og_object_type":"default","og_image_type":"default","og_image_url":null,"og_image_width":null,"og_image_height":null,"og_image_custom_url":null,"og_image_custom_fields":null,"og_video":null,"og_custom_url":null,"og_article_section":null,"og_article_tags":null,"twitter_use_og":true,"twitter_card":"default","twitter_image_type":"default","twitter_image_url":null,"twitter_image_custom_url":null,"twitter_image_custom_fields":null,"twitter_title":null,"twitter_description":null,"schema":{"blockGraphs":[],"customGraphs":[],"default":{"data":{"Article":[],"Course":[],"Dataset":[],"FAQPage":[],"Movie":[],"Person":[],"Product":[],"ProductReview":[],"Car":[],"Recipe":[],"Service":[],"SoftwareApplication":[],"WebPage":[]},"graphName":"","isEnabled":true},"graphs":[],"defaultGraph":"","defaultPostTypeGraph":""},"schema_type":null,"schema_type_options":null,"pillar_content":false,"robots_default":true,"robots_noindex":false,"robots_noarchive":false,"robots_nosnippet":false,"robots_nofollow":false,"robots_noimageindex":false,"robots_noodp":false,"robots_notranslate":false,"robots_max_snippet":null,"robots_max_videopreview":null,"robots_max_imagepreview":"none","priority":null,"frequency":null,"local_seo":null,"seo_analyzer_scan_date":"2026-05-29 18:08:54","breadcrumb_settings":null,"limit_modified_date":false,"open_ai":null,"ai":null,"created":"2020-11-14 22:45:19","updated":"2026-05-29 18:08:54","focus_keyword":null,"additional_keywords":null,"truseo_locale":null},"aioseo_breadcrumb":"<div class=\"aioseo-breadcrumbs\"><span class=\"aioseo-breadcrumb\">\n\t<a href=\"https:\/\/www.eldigitaldeasturias.com\/noticias\" title=\"Home\">Home<\/a>\n<\/span><span class=\"aioseo-breadcrumb-separator\">\u2013<\/span><span class=\"aioseo-breadcrumb\">\n\t<a href=\"https:\/\/www.eldigitaldeasturias.com\/noticias\/category\/revista-de-ocio\/\" title=\"Revista de Ocio\">Revista de Ocio<\/a>\n<\/span><span class=\"aioseo-breadcrumb-separator\">\u2013<\/span><span class=\"aioseo-breadcrumb\">\n\t<a href=\"https:\/\/www.eldigitaldeasturias.com\/noticias\/a-subasta-el-traje-que-llevo-daniel-craig-en-skyfall\/\" title=\"A subasta el traje que llev\u00f3 Daniel Craig en \u00abSkyfall\u00bb\">A subasta el traje que llev\u00f3 Daniel Craig en \u00abSkyfall\u00bb<\/a>\n<\/span><\/div>","aioseo_breadcrumb_json":[{"label":"Home","link":"https:\/\/www.eldigitaldeasturias.com\/noticias"},{"label":"Revista de Ocio","link":"https:\/\/www.eldigitaldeasturias.com\/noticias\/category\/revista-de-ocio\/"},{"label":"A subasta el traje que llev\u00f3 Daniel Craig en \u00abSkyfall\u00bb","link":"https:\/\/www.eldigitaldeasturias.com\/noticias\/a-subasta-el-traje-que-llevo-daniel-craig-en-skyfall\/"}],"_links":{"self":[{"href":"https:\/\/www.eldigitaldeasturias.com\/noticias\/wp-json\/wp\/v2\/posts\/455396","targetHints":{"allow":["GET"]}}],"collection":[{"href":"https:\/\/www.eldigitaldeasturias.com\/noticias\/wp-json\/wp\/v2\/posts"}],"about":[{"href":"https:\/\/www.eldigitaldeasturias.com\/noticias\/wp-json\/wp\/v2\/types\/post"}],"author":[{"embeddable":true,"href":"https:\/\/www.eldigitaldeasturias.com\/noticias\/wp-json\/wp\/v2\/users\/1"}],"replies":[{"embeddable":true,"href":"https:\/\/www.eldigitaldeasturias.com\/noticias\/wp-json\/wp\/v2\/comments?post=455396"}],"version-history":[{"count":0,"href":"https:\/\/www.eldigitaldeasturias.com\/noticias\/wp-json\/wp\/v2\/posts\/455396\/revisions"}],"wp:attachment":[{"href":"https:\/\/www.eldigitaldeasturias.com\/noticias\/wp-json\/wp\/v2\/media?parent=455396"}],"wp:term":[{"taxonomy":"category","embeddable":true,"href":"https:\/\/www.eldigitaldeasturias.com\/noticias\/wp-json\/wp\/v2\/categories?post=455396"},{"taxonomy":"post_tag","embeddable":true,"href":"https:\/\/www.eldigitaldeasturias.com\/noticias\/wp-json\/wp\/v2\/tags?post=455396"}],"curies":[{"name":"wp","href":"https:\/\/api.w.org\/{rel}","templated":true}]}}