{"id":455393,"date":"2013-11-28T18:55:48","date_gmt":"2013-11-28T19:55:48","guid":{"rendered":"http:\/\/www.eldigitaldeasturias.com\/noticias\/?p=455393"},"modified":"2013-11-28T18:55:48","modified_gmt":"2013-11-28T19:55:48","slug":"tokio-acoge-la-segunda-edicion-del-encuentro-de-flamencos-japoneses","status":"publish","type":"post","link":"https:\/\/www.eldigitaldeasturias.com\/noticias\/tokio-acoge-la-segunda-edicion-del-encuentro-de-flamencos-japoneses\/","title":{"rendered":"Tokio acoge la segunda edici\u00f3n del encuentro de flamencos japoneses"},"content":{"rendered":"<p><img loading=\"lazy\" decoding=\"async\" class=\"alignleft size-medium wp-image-455394\" alt=\"5759302w\" src=\"https:\/\/www.eldigitaldeasturias.com\/noticias\/wp-content\/uploads\/2013\/11\/5759302w-315x320.jpg\" width=\"315\" height=\"320\" \/>Tokio, 28 nov (EFE).- Tokio acoge desde hoy la segunda edici\u00f3n de la Cumbre Flamenca de Jap\u00f3n, que re\u00fane durante tres d\u00edas a los mejores bailaores y cantaores nipones en lo que supone un reconocimiento del alt\u00edsimo nivel del flamenco en el pa\u00eds asi\u00e1tico.<\/p>\n<p>El marat\u00f3n de 12 actuaciones en las que participan m\u00e1s de 40 m\u00fasicos se vuelve a celebrar en la sede del Instituto Cervantes de Tokio con el cartel de entradas agotadas, con lo que se repite el \u00e9xito de p\u00fablico de la primera edici\u00f3n.<\/p>\n<p>\u00abHay tanto nivel en el flamenco en Jap\u00f3n que hemos organizado una segunda cumbre sin que tenga que repetir ninguno de los artistas del primer a\u00f1o\u00bb, explic\u00f3 a Efe la gestora cultural del Cervantes en Tokio, Teresa Iniesta.<\/p>\n<p>El evento arranca hoy con las actuaciones de la bailaora Mai Saegusa, de 32 a\u00f1os, disc\u00edpula de \u00abLa China\u00bb y Farruquito, y el guitarrista Hiroshi Edo, de 37 a\u00f1os, y ganador del I Concurso de Guitarra Flamenca del Instituto Cervantes de Tokio.<\/p>\n<p>Hasta el s\u00e1bado, artistas consolidados como la bailaora Masami Okada, que fue solista del Ballet Nacional Mar\u00eda Rosa, o el guitarrista Enrique Sakai, actuar\u00e1n junto a j\u00f3venes promesas o m\u00fasicos espa\u00f1oles que han viajado hasta Jap\u00f3n para acompa\u00f1arles.<\/p>\n<p>La Cumbre Flamenca naci\u00f3 en 2012 con el objetivo de establecer un foro de encuentro para todos los artistas de este arte en Jap\u00f3n, un pa\u00eds que cuenta con 50.000 estudiantes y unas 80.000 personas vinculadas al mundo del flamenco.<\/p>\n<p>Jap\u00f3n es el segundo pa\u00eds, por detr\u00e1s de Espa\u00f1a, en n\u00famero de personas que aprenden y practican este cante y baile, patrimonio de la humanidad desde 2010.<\/p>\n<p>\u00abEstos artistas llevaban a\u00f1os esperando un reconocimiento oficial como este por parte de Espa\u00f1a. Este el \u00fanico evento de este tipo en Jap\u00f3n que se celebra vinculado a una instituci\u00f3n espa\u00f1ola. Est\u00e1n muy agradecidos\u00bb, apunt\u00f3 Iniesta.<\/p>\n<p>Como parte de la Cumbre, comisionada un a\u00f1o m\u00e1s por el pintor y cantaor Chiaki Horikoshien, se llevar\u00e1 a cabo un homenaje a la bailaora Yoko Komatsubara, considerada la pionera y responsable de introducir la ense\u00f1anza del flamenco en Jap\u00f3n.<\/p>\n<p>Su reconocida academia de Tokio es la escuela de flamenco y baile espa\u00f1ol con m\u00e1s alumnos del mundo, al contar con 2.000 estudiantes.<\/p>\n","protected":false},"excerpt":{"rendered":"<p>Tokio, 28 nov (EFE).- Tokio acoge desde hoy la segunda edici\u00f3n de la Cumbre Flamenca de Jap\u00f3n, que re\u00fane durante tres d\u00edas a los mejores bailaores y cantaores nipones en lo que supone un reconocimiento del alt\u00edsimo nivel del flamenco en el pa\u00eds asi\u00e1tico. El marat\u00f3n de 12 actuaciones en las que participan m\u00e1s de [&hellip;]<\/p>\n","protected":false},"author":1,"featured_media":455394,"comment_status":"open","ping_status":"open","sticky":false,"template":"","format":"standard","meta":{"footnotes":""},"categories":[50],"tags":[],"class_list":["post-455393","post","type-post","status-publish","format-standard","has-post-thumbnail","hentry","category-revista-de-ocio"],"aioseo_notices":[],"aioseo_head":"\n\t\t<!-- All in One SEO Pro 5.0.1 - aioseo.com -->\n\t<meta name=\"description\" content=\"Tokio, 28 nov (EFE).- Tokio acoge desde hoy la segunda edici\u00f3n de la Cumbre Flamenca de Jap\u00f3n, que re\u00fane durante tres d\u00edas a los mejores bailaores y cantaores nipones en lo que supone un reconocimiento del alt\u00edsimo nivel del flamenco en el pa\u00eds asi\u00e1tico. El marat\u00f3n de 12 actuaciones en las que participan m\u00e1s de\" \/>\n\t<meta name=\"robots\" content=\"max-image-preview:large\" \/>\n\t<meta name=\"author\" content=\"El Digital de Asturias\"\/>\n\t<meta name=\"google-site-verification\" content=\"UA-38556648-1\" \/>\n\t<meta name=\"msvalidate.01\" content=\"7dfe9f3f1b24437ab69f4f2559babe99\" \/>\n\t<meta name=\"keywords\" content=\"revista de ocio\" \/>\n\t<link rel=\"canonical\" href=\"https:\/\/www.eldigitaldeasturias.com\/noticias\/tokio-acoge-la-segunda-edicion-del-encuentro-de-flamencos-japoneses\/\" \/>\n\t<meta name=\"generator\" content=\"All in One SEO Pro (AIOSEO) 5.0.1\" \/>\n\t\t<meta property=\"og:locale\" content=\"es_ES\" \/>\n\t\t<meta property=\"og:site_name\" content=\"El Digital de Asturias\" \/>\n\t\t<meta property=\"og:type\" content=\"article\" \/>\n\t\t<meta property=\"og:title\" content=\"Tokio acoge la segunda edici\u00f3n del encuentro de flamencos japoneses - El Digital de Asturias\" \/>\n\t\t<meta property=\"og:description\" content=\"Tokio, 28 nov (EFE).- Tokio acoge desde hoy la segunda edici\u00f3n de la Cumbre Flamenca de Jap\u00f3n, que re\u00fane durante tres d\u00edas a los mejores bailaores y cantaores nipones en lo que supone un reconocimiento del alt\u00edsimo nivel del flamenco en el pa\u00eds asi\u00e1tico. El marat\u00f3n de 12 actuaciones en las que participan m\u00e1s de\" \/>\n\t\t<meta property=\"og:url\" content=\"https:\/\/www.eldigitaldeasturias.com\/noticias\/tokio-acoge-la-segunda-edicion-del-encuentro-de-flamencos-japoneses\/\" \/>\n\t\t<meta property=\"article:tag\" content=\"revista de ocio\" \/>\n\t\t<meta property=\"article:published_time\" content=\"2013-11-28T19:55:48+00:00\" \/>\n\t\t<meta property=\"article:modified_time\" content=\"2013-11-28T19:55:48+00:00\" \/>\n\t\t<meta property=\"article:publisher\" content=\"https:\/\/facebook.com\/eldigitaldeasturias\" \/>\n\t\t<meta name=\"twitter:card\" content=\"summary_large_image\" \/>\n\t\t<meta name=\"twitter:title\" content=\"Tokio acoge la segunda edici\u00f3n del encuentro de flamencos japoneses - El Digital de Asturias\" \/>\n\t\t<meta name=\"twitter:description\" content=\"Tokio, 28 nov (EFE).- Tokio acoge desde hoy la segunda edici\u00f3n de la Cumbre Flamenca de Jap\u00f3n, que re\u00fane durante tres d\u00edas a los mejores bailaores y cantaores nipones en lo que supone un reconocimiento del alt\u00edsimo nivel del flamenco en el pa\u00eds asi\u00e1tico. El marat\u00f3n de 12 actuaciones en las que participan m\u00e1s de\" \/>\n\t\t<meta name=\"twitter:label1\" content=\"Escrito por\" \/>\n\t\t<meta name=\"twitter:data1\" content=\"El Digital de Asturias\" \/>\n\t\t<meta name=\"twitter:label2\" content=\"Tiempo de lectura estimado\" \/>\n\t\t<meta name=\"twitter:data2\" content=\"2 minutos\" \/>\n\t\t<script type=\"application\/ld+json\" class=\"aioseo-schema\">\n\t\t\t{\"@context\":\"https:\\\/\\\/schema.org\",\"@graph\":[{\"@type\":\"BlogPosting\",\"@id\":\"https:\\\/\\\/www.eldigitaldeasturias.com\\\/noticias\\\/tokio-acoge-la-segunda-edicion-del-encuentro-de-flamencos-japoneses\\\/#blogposting\",\"name\":\"Tokio acoge la segunda edici\\u00f3n del encuentro de flamencos japoneses - El Digital de Asturias\",\"headline\":\"Tokio acoge la segunda edici\\u00f3n del encuentro de flamencos japoneses\",\"author\":{\"@id\":\"https:\\\/\\\/www.eldigitaldeasturias.com\\\/noticias\\\/author\\\/admin\\\/#author\"},\"publisher\":{\"@id\":\"https:\\\/\\\/www.eldigitaldeasturias.com\\\/noticias\\\/#organization\"},\"image\":{\"@type\":\"ImageObject\",\"url\":455394},\"datePublished\":\"2013-11-28T18:55:48+01:00\",\"dateModified\":\"2013-11-28T18:55:48+01:00\",\"inLanguage\":\"es-ES\",\"mainEntityOfPage\":{\"@id\":\"https:\\\/\\\/www.eldigitaldeasturias.com\\\/noticias\\\/tokio-acoge-la-segunda-edicion-del-encuentro-de-flamencos-japoneses\\\/#webpage\"},\"isPartOf\":{\"@id\":\"https:\\\/\\\/www.eldigitaldeasturias.com\\\/noticias\\\/tokio-acoge-la-segunda-edicion-del-encuentro-de-flamencos-japoneses\\\/#webpage\"},\"articleSection\":\"Revista de Ocio\"},{\"@type\":\"BreadcrumbList\",\"@id\":\"https:\\\/\\\/www.eldigitaldeasturias.com\\\/noticias\\\/tokio-acoge-la-segunda-edicion-del-encuentro-de-flamencos-japoneses\\\/#breadcrumblist\",\"itemListElement\":[{\"@type\":\"ListItem\",\"@id\":\"https:\\\/\\\/www.eldigitaldeasturias.com\\\/noticias#listItem\",\"position\":1,\"name\":\"Home\",\"item\":\"https:\\\/\\\/www.eldigitaldeasturias.com\\\/noticias\",\"nextItem\":{\"@type\":\"ListItem\",\"@id\":\"https:\\\/\\\/www.eldigitaldeasturias.com\\\/noticias\\\/category\\\/revista-de-ocio\\\/#listItem\",\"name\":\"Revista de Ocio\"}},{\"@type\":\"ListItem\",\"@id\":\"https:\\\/\\\/www.eldigitaldeasturias.com\\\/noticias\\\/category\\\/revista-de-ocio\\\/#listItem\",\"position\":2,\"name\":\"Revista de Ocio\",\"item\":\"https:\\\/\\\/www.eldigitaldeasturias.com\\\/noticias\\\/category\\\/revista-de-ocio\\\/\",\"nextItem\":{\"@type\":\"ListItem\",\"@id\":\"https:\\\/\\\/www.eldigitaldeasturias.com\\\/noticias\\\/tokio-acoge-la-segunda-edicion-del-encuentro-de-flamencos-japoneses\\\/#listItem\",\"name\":\"Tokio acoge la segunda edici\\u00f3n del encuentro de flamencos japoneses\"},\"previousItem\":{\"@type\":\"ListItem\",\"@id\":\"https:\\\/\\\/www.eldigitaldeasturias.com\\\/noticias#listItem\",\"name\":\"Home\"}},{\"@type\":\"ListItem\",\"@id\":\"https:\\\/\\\/www.eldigitaldeasturias.com\\\/noticias\\\/tokio-acoge-la-segunda-edicion-del-encuentro-de-flamencos-japoneses\\\/#listItem\",\"position\":3,\"name\":\"Tokio acoge la segunda edici\\u00f3n del encuentro de flamencos japoneses\",\"previousItem\":{\"@type\":\"ListItem\",\"@id\":\"https:\\\/\\\/www.eldigitaldeasturias.com\\\/noticias\\\/category\\\/revista-de-ocio\\\/#listItem\",\"name\":\"Revista de Ocio\"}}]},{\"@type\":\"Organization\",\"@id\":\"https:\\\/\\\/www.eldigitaldeasturias.com\\\/noticias\\\/#organization\",\"name\":\"El Digital de Asturias\",\"description\":\"Hemeroteca\",\"url\":\"https:\\\/\\\/www.eldigitaldeasturias.com\\\/noticias\\\/\",\"email\":\"info@eldigitaldeasturias.com\",\"telephone\":\"+34652131393\",\"logo\":{\"@type\":\"ImageObject\",\"url\":\"https:\\\/\\\/www.eldigitaldeasturias.com\\\/noticias\\\/wp-content\\\/uploads\\\/2020\\\/12\\\/EDA.jpg\",\"@id\":\"https:\\\/\\\/www.eldigitaldeasturias.com\\\/noticias\\\/tokio-acoge-la-segunda-edicion-del-encuentro-de-flamencos-japoneses\\\/#organizationLogo\"},\"image\":{\"@id\":\"https:\\\/\\\/www.eldigitaldeasturias.com\\\/noticias\\\/tokio-acoge-la-segunda-edicion-del-encuentro-de-flamencos-japoneses\\\/#organizationLogo\"},\"sameAs\":[\"https:\\\/\\\/facebook.com\\\/eldigitaldeasturias\",\"https:\\\/\\\/www.youtube.com\\\/channel\\\/UCZP-2wLEB9Rv6erhFmqVnvg\"],\"address\":{\"@id\":\"https:\\\/\\\/www.eldigitaldeasturias.com\\\/noticias\\\/#postaladdress\",\"@type\":\"PostalAddress\",\"streetAddress\":\"san antonio 4\",\"postalCode\":\"33430\",\"addressLocality\":\"Cand\\u00e1s\",\"addressRegion\":\"Asturias\",\"addressCountry\":\"ES\"}},{\"@type\":\"Person\",\"@id\":\"https:\\\/\\\/www.eldigitaldeasturias.com\\\/noticias\\\/author\\\/admin\\\/#author\",\"url\":\"https:\\\/\\\/www.eldigitaldeasturias.com\\\/noticias\\\/author\\\/admin\\\/\",\"name\":\"El Digital de Asturias\",\"image\":{\"@type\":\"ImageObject\",\"@id\":\"https:\\\/\\\/www.eldigitaldeasturias.com\\\/noticias\\\/tokio-acoge-la-segunda-edicion-del-encuentro-de-flamencos-japoneses\\\/#authorImage\",\"url\":\"https:\\\/\\\/secure.gravatar.com\\\/avatar\\\/df2aeffc32bcd13f8d26072ef8a91b623d677766deac7f97ca815868cd41bf5e?s=96&d=mm&r=g\",\"width\":96,\"height\":96,\"caption\":\"El Digital de Asturias\"}},{\"@type\":\"WebPage\",\"@id\":\"https:\\\/\\\/www.eldigitaldeasturias.com\\\/noticias\\\/tokio-acoge-la-segunda-edicion-del-encuentro-de-flamencos-japoneses\\\/#webpage\",\"url\":\"https:\\\/\\\/www.eldigitaldeasturias.com\\\/noticias\\\/tokio-acoge-la-segunda-edicion-del-encuentro-de-flamencos-japoneses\\\/\",\"name\":\"Tokio acoge la segunda edici\\u00f3n del encuentro de flamencos japoneses - El Digital de Asturias\",\"description\":\"Tokio, 28 nov (EFE).- Tokio acoge desde hoy la segunda edici\\u00f3n de la Cumbre Flamenca de Jap\\u00f3n, que re\\u00fane durante tres d\\u00edas a los mejores bailaores y cantaores nipones en lo que supone un reconocimiento del alt\\u00edsimo nivel del flamenco en el pa\\u00eds asi\\u00e1tico. El marat\\u00f3n de 12 actuaciones en las que participan m\\u00e1s de\",\"inLanguage\":\"es-ES\",\"isPartOf\":{\"@id\":\"https:\\\/\\\/www.eldigitaldeasturias.com\\\/noticias\\\/#website\"},\"breadcrumb\":{\"@id\":\"https:\\\/\\\/www.eldigitaldeasturias.com\\\/noticias\\\/tokio-acoge-la-segunda-edicion-del-encuentro-de-flamencos-japoneses\\\/#breadcrumblist\"},\"author\":{\"@id\":\"https:\\\/\\\/www.eldigitaldeasturias.com\\\/noticias\\\/author\\\/admin\\\/#author\"},\"creator\":{\"@id\":\"https:\\\/\\\/www.eldigitaldeasturias.com\\\/noticias\\\/author\\\/admin\\\/#author\"},\"image\":{\"@type\":\"ImageObject\",\"url\":455394,\"@id\":\"https:\\\/\\\/www.eldigitaldeasturias.com\\\/noticias\\\/tokio-acoge-la-segunda-edicion-del-encuentro-de-flamencos-japoneses\\\/#mainImage\"},\"primaryImageOfPage\":{\"@id\":\"https:\\\/\\\/www.eldigitaldeasturias.com\\\/noticias\\\/tokio-acoge-la-segunda-edicion-del-encuentro-de-flamencos-japoneses\\\/#mainImage\"},\"datePublished\":\"2013-11-28T18:55:48+01:00\",\"dateModified\":\"2013-11-28T18:55:48+01:00\"},{\"@type\":\"WebSite\",\"@id\":\"https:\\\/\\\/www.eldigitaldeasturias.com\\\/noticias\\\/#website\",\"url\":\"https:\\\/\\\/www.eldigitaldeasturias.com\\\/noticias\\\/\",\"name\":\"El Digital de Asturias - Diario de actualidad y noticias\",\"alternateName\":\"El Digital de Asturias - Diario de actualidad y noticias\",\"description\":\"Hemeroteca\",\"inLanguage\":\"es-ES\",\"publisher\":{\"@id\":\"https:\\\/\\\/www.eldigitaldeasturias.com\\\/noticias\\\/#organization\"}}]}\n\t\t<\/script>\n\t\t<!-- All in One SEO Pro -->\r\n\t\t<title>Tokio acoge la segunda edici\u00f3n del encuentro de flamencos japoneses - El Digital de Asturias<\/title>\n\n","aioseo_head_json":{"title":"Tokio acoge la segunda edici\u00f3n del encuentro de flamencos japoneses - El Digital de Asturias","description":"Tokio, 28 nov (EFE).- Tokio acoge desde hoy la segunda edici\u00f3n de la Cumbre Flamenca de Jap\u00f3n, que re\u00fane durante tres d\u00edas a los mejores bailaores y cantaores nipones en lo que supone un reconocimiento del alt\u00edsimo nivel del flamenco en el pa\u00eds asi\u00e1tico. El marat\u00f3n de 12 actuaciones en las que participan m\u00e1s de","canonical_url":"https:\/\/www.eldigitaldeasturias.com\/noticias\/tokio-acoge-la-segunda-edicion-del-encuentro-de-flamencos-japoneses\/","robots":"max-image-preview:large","keywords":"revista de ocio","webmasterTools":{"google-site-verification":"UA-38556648-1","msvalidate.01":"7dfe9f3f1b24437ab69f4f2559babe99","miscellaneous":""},"schema":{"@context":"https:\/\/schema.org","@graph":[{"@type":"BlogPosting","@id":"https:\/\/www.eldigitaldeasturias.com\/noticias\/tokio-acoge-la-segunda-edicion-del-encuentro-de-flamencos-japoneses\/#blogposting","name":"Tokio acoge la segunda edici\u00f3n del encuentro de flamencos japoneses - El Digital de Asturias","headline":"Tokio acoge la segunda edici\u00f3n del encuentro de flamencos japoneses","author":{"@id":"https:\/\/www.eldigitaldeasturias.com\/noticias\/author\/admin\/#author"},"publisher":{"@id":"https:\/\/www.eldigitaldeasturias.com\/noticias\/#organization"},"image":{"@type":"ImageObject","url":455394},"datePublished":"2013-11-28T18:55:48+01:00","dateModified":"2013-11-28T18:55:48+01:00","inLanguage":"es-ES","mainEntityOfPage":{"@id":"https:\/\/www.eldigitaldeasturias.com\/noticias\/tokio-acoge-la-segunda-edicion-del-encuentro-de-flamencos-japoneses\/#webpage"},"isPartOf":{"@id":"https:\/\/www.eldigitaldeasturias.com\/noticias\/tokio-acoge-la-segunda-edicion-del-encuentro-de-flamencos-japoneses\/#webpage"},"articleSection":"Revista de Ocio"},{"@type":"BreadcrumbList","@id":"https:\/\/www.eldigitaldeasturias.com\/noticias\/tokio-acoge-la-segunda-edicion-del-encuentro-de-flamencos-japoneses\/#breadcrumblist","itemListElement":[{"@type":"ListItem","@id":"https:\/\/www.eldigitaldeasturias.com\/noticias#listItem","position":1,"name":"Home","item":"https:\/\/www.eldigitaldeasturias.com\/noticias","nextItem":{"@type":"ListItem","@id":"https:\/\/www.eldigitaldeasturias.com\/noticias\/category\/revista-de-ocio\/#listItem","name":"Revista de Ocio"}},{"@type":"ListItem","@id":"https:\/\/www.eldigitaldeasturias.com\/noticias\/category\/revista-de-ocio\/#listItem","position":2,"name":"Revista de Ocio","item":"https:\/\/www.eldigitaldeasturias.com\/noticias\/category\/revista-de-ocio\/","nextItem":{"@type":"ListItem","@id":"https:\/\/www.eldigitaldeasturias.com\/noticias\/tokio-acoge-la-segunda-edicion-del-encuentro-de-flamencos-japoneses\/#listItem","name":"Tokio acoge la segunda edici\u00f3n del encuentro de flamencos japoneses"},"previousItem":{"@type":"ListItem","@id":"https:\/\/www.eldigitaldeasturias.com\/noticias#listItem","name":"Home"}},{"@type":"ListItem","@id":"https:\/\/www.eldigitaldeasturias.com\/noticias\/tokio-acoge-la-segunda-edicion-del-encuentro-de-flamencos-japoneses\/#listItem","position":3,"name":"Tokio acoge la segunda edici\u00f3n del encuentro de flamencos japoneses","previousItem":{"@type":"ListItem","@id":"https:\/\/www.eldigitaldeasturias.com\/noticias\/category\/revista-de-ocio\/#listItem","name":"Revista de Ocio"}}]},{"@type":"Organization","@id":"https:\/\/www.eldigitaldeasturias.com\/noticias\/#organization","name":"El Digital de Asturias","description":"Hemeroteca","url":"https:\/\/www.eldigitaldeasturias.com\/noticias\/","email":"info@eldigitaldeasturias.com","telephone":"+34652131393","logo":{"@type":"ImageObject","url":"https:\/\/www.eldigitaldeasturias.com\/noticias\/wp-content\/uploads\/2020\/12\/EDA.jpg","@id":"https:\/\/www.eldigitaldeasturias.com\/noticias\/tokio-acoge-la-segunda-edicion-del-encuentro-de-flamencos-japoneses\/#organizationLogo"},"image":{"@id":"https:\/\/www.eldigitaldeasturias.com\/noticias\/tokio-acoge-la-segunda-edicion-del-encuentro-de-flamencos-japoneses\/#organizationLogo"},"sameAs":["https:\/\/facebook.com\/eldigitaldeasturias","https:\/\/www.youtube.com\/channel\/UCZP-2wLEB9Rv6erhFmqVnvg"],"address":{"@id":"https:\/\/www.eldigitaldeasturias.com\/noticias\/#postaladdress","@type":"PostalAddress","streetAddress":"san antonio 4","postalCode":"33430","addressLocality":"Cand\u00e1s","addressRegion":"Asturias","addressCountry":"ES"}},{"@type":"Person","@id":"https:\/\/www.eldigitaldeasturias.com\/noticias\/author\/admin\/#author","url":"https:\/\/www.eldigitaldeasturias.com\/noticias\/author\/admin\/","name":"El Digital de Asturias","image":{"@type":"ImageObject","@id":"https:\/\/www.eldigitaldeasturias.com\/noticias\/tokio-acoge-la-segunda-edicion-del-encuentro-de-flamencos-japoneses\/#authorImage","url":"https:\/\/secure.gravatar.com\/avatar\/df2aeffc32bcd13f8d26072ef8a91b623d677766deac7f97ca815868cd41bf5e?s=96&d=mm&r=g","width":96,"height":96,"caption":"El Digital de Asturias"}},{"@type":"WebPage","@id":"https:\/\/www.eldigitaldeasturias.com\/noticias\/tokio-acoge-la-segunda-edicion-del-encuentro-de-flamencos-japoneses\/#webpage","url":"https:\/\/www.eldigitaldeasturias.com\/noticias\/tokio-acoge-la-segunda-edicion-del-encuentro-de-flamencos-japoneses\/","name":"Tokio acoge la segunda edici\u00f3n del encuentro de flamencos japoneses - El Digital de Asturias","description":"Tokio, 28 nov (EFE).- Tokio acoge desde hoy la segunda edici\u00f3n de la Cumbre Flamenca de Jap\u00f3n, que re\u00fane durante tres d\u00edas a los mejores bailaores y cantaores nipones en lo que supone un reconocimiento del alt\u00edsimo nivel del flamenco en el pa\u00eds asi\u00e1tico. El marat\u00f3n de 12 actuaciones en las que participan m\u00e1s de","inLanguage":"es-ES","isPartOf":{"@id":"https:\/\/www.eldigitaldeasturias.com\/noticias\/#website"},"breadcrumb":{"@id":"https:\/\/www.eldigitaldeasturias.com\/noticias\/tokio-acoge-la-segunda-edicion-del-encuentro-de-flamencos-japoneses\/#breadcrumblist"},"author":{"@id":"https:\/\/www.eldigitaldeasturias.com\/noticias\/author\/admin\/#author"},"creator":{"@id":"https:\/\/www.eldigitaldeasturias.com\/noticias\/author\/admin\/#author"},"image":{"@type":"ImageObject","url":455394,"@id":"https:\/\/www.eldigitaldeasturias.com\/noticias\/tokio-acoge-la-segunda-edicion-del-encuentro-de-flamencos-japoneses\/#mainImage"},"primaryImageOfPage":{"@id":"https:\/\/www.eldigitaldeasturias.com\/noticias\/tokio-acoge-la-segunda-edicion-del-encuentro-de-flamencos-japoneses\/#mainImage"},"datePublished":"2013-11-28T18:55:48+01:00","dateModified":"2013-11-28T18:55:48+01:00"},{"@type":"WebSite","@id":"https:\/\/www.eldigitaldeasturias.com\/noticias\/#website","url":"https:\/\/www.eldigitaldeasturias.com\/noticias\/","name":"El Digital de Asturias - Diario de actualidad y noticias","alternateName":"El Digital de Asturias - Diario de actualidad y noticias","description":"Hemeroteca","inLanguage":"es-ES","publisher":{"@id":"https:\/\/www.eldigitaldeasturias.com\/noticias\/#organization"}}]},"og:locale":"es_ES","og:site_name":"El Digital de Asturias","og:type":"article","og:title":"Tokio acoge la segunda edici\u00f3n del encuentro de flamencos japoneses - El Digital de Asturias","og:description":"Tokio, 28 nov (EFE).- Tokio acoge desde hoy la segunda edici\u00f3n de la Cumbre Flamenca de Jap\u00f3n, que re\u00fane durante tres d\u00edas a los mejores bailaores y cantaores nipones en lo que supone un reconocimiento del alt\u00edsimo nivel del flamenco en el pa\u00eds asi\u00e1tico. El marat\u00f3n de 12 actuaciones en las que participan m\u00e1s de","og:url":"https:\/\/www.eldigitaldeasturias.com\/noticias\/tokio-acoge-la-segunda-edicion-del-encuentro-de-flamencos-japoneses\/","article:tag":["revista de ocio"],"article:published_time":"2013-11-28T19:55:48+00:00","article:modified_time":"2013-11-28T19:55:48+00:00","article:publisher":"https:\/\/facebook.com\/eldigitaldeasturias","twitter:card":"summary_large_image","twitter:title":"Tokio acoge la segunda edici\u00f3n del encuentro de flamencos japoneses - El Digital de Asturias","twitter:description":"Tokio, 28 nov (EFE).- Tokio acoge desde hoy la segunda edici\u00f3n de la Cumbre Flamenca de Jap\u00f3n, que re\u00fane durante tres d\u00edas a los mejores bailaores y cantaores nipones en lo que supone un reconocimiento del alt\u00edsimo nivel del flamenco en el pa\u00eds asi\u00e1tico. El marat\u00f3n de 12 actuaciones en las que participan m\u00e1s de","twitter:label1":"Escrito por","twitter:data1":"El Digital de Asturias","twitter:label2":"Tiempo de lectura estimado","twitter:data2":"2 minutos"},"aioseo_meta_data":{"post_id":"455393","title":null,"description":null,"keywords":null,"keyphrases":null,"primary_term":null,"canonical_url":null,"og_title":null,"og_description":null,"og_object_type":"default","og_image_type":"default","og_image_url":null,"og_image_width":null,"og_image_height":null,"og_image_custom_url":null,"og_image_custom_fields":null,"og_video":null,"og_custom_url":null,"og_article_section":null,"og_article_tags":null,"twitter_use_og":true,"twitter_card":"default","twitter_image_type":"default","twitter_image_url":null,"twitter_image_custom_url":null,"twitter_image_custom_fields":null,"twitter_title":null,"twitter_description":null,"schema":{"blockGraphs":[],"customGraphs":[],"default":{"data":{"Article":[],"Course":[],"Dataset":[],"FAQPage":[],"Movie":[],"Person":[],"Product":[],"ProductReview":[],"Car":[],"Recipe":[],"Service":[],"SoftwareApplication":[],"WebPage":[]},"graphName":"","isEnabled":true},"graphs":[],"defaultGraph":"","defaultPostTypeGraph":""},"schema_type":null,"schema_type_options":null,"pillar_content":false,"robots_default":true,"robots_noindex":false,"robots_noarchive":false,"robots_nosnippet":false,"robots_nofollow":false,"robots_noimageindex":false,"robots_noodp":false,"robots_notranslate":false,"robots_max_snippet":null,"robots_max_videopreview":null,"robots_max_imagepreview":"none","priority":null,"frequency":null,"local_seo":null,"seo_analyzer_scan_date":"2026-05-29 18:08:54","breadcrumb_settings":null,"limit_modified_date":false,"open_ai":null,"ai":null,"created":"2020-11-14 22:45:19","updated":"2026-05-29 18:08:54","focus_keyword":null,"additional_keywords":null,"truseo_locale":null},"aioseo_breadcrumb":"<div class=\"aioseo-breadcrumbs\"><span class=\"aioseo-breadcrumb\">\n\t<a href=\"https:\/\/www.eldigitaldeasturias.com\/noticias\" title=\"Home\">Home<\/a>\n<\/span><span class=\"aioseo-breadcrumb-separator\">\u2013<\/span><span class=\"aioseo-breadcrumb\">\n\t<a href=\"https:\/\/www.eldigitaldeasturias.com\/noticias\/category\/revista-de-ocio\/\" title=\"Revista de Ocio\">Revista de Ocio<\/a>\n<\/span><span class=\"aioseo-breadcrumb-separator\">\u2013<\/span><span class=\"aioseo-breadcrumb\">\n\t<a href=\"https:\/\/www.eldigitaldeasturias.com\/noticias\/tokio-acoge-la-segunda-edicion-del-encuentro-de-flamencos-japoneses\/\" title=\"Tokio acoge la segunda edici\u00f3n del encuentro de flamencos japoneses\">Tokio acoge la segunda edici\u00f3n del encuentro de flamencos japoneses<\/a>\n<\/span><\/div>","aioseo_breadcrumb_json":[{"label":"Home","link":"https:\/\/www.eldigitaldeasturias.com\/noticias"},{"label":"Revista de Ocio","link":"https:\/\/www.eldigitaldeasturias.com\/noticias\/category\/revista-de-ocio\/"},{"label":"Tokio acoge la segunda edici\u00f3n del encuentro de flamencos japoneses","link":"https:\/\/www.eldigitaldeasturias.com\/noticias\/tokio-acoge-la-segunda-edicion-del-encuentro-de-flamencos-japoneses\/"}],"_links":{"self":[{"href":"https:\/\/www.eldigitaldeasturias.com\/noticias\/wp-json\/wp\/v2\/posts\/455393","targetHints":{"allow":["GET"]}}],"collection":[{"href":"https:\/\/www.eldigitaldeasturias.com\/noticias\/wp-json\/wp\/v2\/posts"}],"about":[{"href":"https:\/\/www.eldigitaldeasturias.com\/noticias\/wp-json\/wp\/v2\/types\/post"}],"author":[{"embeddable":true,"href":"https:\/\/www.eldigitaldeasturias.com\/noticias\/wp-json\/wp\/v2\/users\/1"}],"replies":[{"embeddable":true,"href":"https:\/\/www.eldigitaldeasturias.com\/noticias\/wp-json\/wp\/v2\/comments?post=455393"}],"version-history":[{"count":0,"href":"https:\/\/www.eldigitaldeasturias.com\/noticias\/wp-json\/wp\/v2\/posts\/455393\/revisions"}],"wp:attachment":[{"href":"https:\/\/www.eldigitaldeasturias.com\/noticias\/wp-json\/wp\/v2\/media?parent=455393"}],"wp:term":[{"taxonomy":"category","embeddable":true,"href":"https:\/\/www.eldigitaldeasturias.com\/noticias\/wp-json\/wp\/v2\/categories?post=455393"},{"taxonomy":"post_tag","embeddable":true,"href":"https:\/\/www.eldigitaldeasturias.com\/noticias\/wp-json\/wp\/v2\/tags?post=455393"}],"curies":[{"name":"wp","href":"https:\/\/api.w.org\/{rel}","templated":true}]}}