{"id":455378,"date":"2013-11-28T18:46:34","date_gmt":"2013-11-28T19:46:34","guid":{"rendered":"http:\/\/www.eldigitaldeasturias.com\/noticias\/?p=455378"},"modified":"2013-11-28T18:46:34","modified_gmt":"2013-11-28T19:46:34","slug":"los-presos-de-eta-en-sevilla-ii-abandonan-la-huelga-de-hambre","status":"publish","type":"post","link":"https:\/\/www.eldigitaldeasturias.com\/noticias\/los-presos-de-eta-en-sevilla-ii-abandonan-la-huelga-de-hambre\/","title":{"rendered":"Los presos de ETA en Sevilla II abandonan la huelga de hambre"},"content":{"rendered":"<p><img loading=\"lazy\" decoding=\"async\" class=\"alignleft size-medium wp-image-455379\" alt=\"5759170w\" src=\"https:\/\/www.eldigitaldeasturias.com\/noticias\/wp-content\/uploads\/2013\/11\/5759170w-360x220.jpg\" width=\"360\" height=\"220\" \/>San Sebasti\u00e1n, 28 nov (EFE).- Los presos de ETA encarcelados en Sevilla II que se encontraban en huelga de hambre desde el 28 de octubre han decidido abandonar su protesta.<\/p>\n<p>El colectivo de presos de ETA (EPPK) ha informado, a trav\u00e9s de una nota remitida al portal Naiz.info, de que los reclusos en huelga de hambre han decidido hoy dar por finalizada su protesta, al tiempo que han llamado a continuar fuera de las c\u00e1rceles la reivindicaci\u00f3n de la mejora de sus condiciones de vida.<\/p>\n<p>En otro comunicado, la asociaci\u00f3n de familiares de presos de ETA Etxerat ha explicado que los reclusos han decidido dejar la huelga \u00abpor problemas de salud\u00bb.<\/p>\n<p>Un total de 13 presos de ETA hab\u00edan iniciado el 28 de octubre una huelga de hambre para protestar por la situaci\u00f3n de aislamiento permanente a la que dicen estar sometidos en este penal, aunque durante estas semanas varios de ellos hab\u00edan vuelto a comer al ver deteriorada su salud.<\/p>\n<p>El EPPK, que no detalla el motivo por el que los reclusos han dejado la huelga de hambre, sostiene que los presos de ETA en Sevilla II est\u00e1n sometidos a un \u00abr\u00e9gimen de castigo permanente\u00bb, ya que no les permiten salir al patio juntos, les practican \u00abcontinuos registros\u00bb y no les \u00abgarantizan el derecho a la salud\u00bb.<\/p>\n<p>El colectivo de presos etarras ha hecho un llamamiento para continuar con las movilizaciones por los reclusos de Sevilla II, y han convocado para el domingo en San Sebasti\u00e1n una manifestaci\u00f3n que el delegado del Gobierno en el Pa\u00eds Vasco, Carlos Urquijo, ha pedido que sea prohibida.<\/p>\n","protected":false},"excerpt":{"rendered":"<p>San Sebasti\u00e1n, 28 nov (EFE).- Los presos de ETA encarcelados en Sevilla II que se encontraban en huelga de hambre desde el 28 de octubre han decidido abandonar su protesta. El colectivo de presos de ETA (EPPK) ha informado, a trav\u00e9s de una nota remitida al portal Naiz.info, de que los reclusos en huelga de [&hellip;]<\/p>\n","protected":false},"author":1,"featured_media":455379,"comment_status":"open","ping_status":"open","sticky":false,"template":"","format":"standard","meta":{"footnotes":""},"categories":[5],"tags":[],"class_list":["post-455378","post","type-post","status-publish","format-standard","has-post-thumbnail","hentry","category-sucesos"],"aioseo_notices":[],"aioseo_head":"\n\t\t<!-- All in One SEO Pro 5.0.1 - aioseo.com -->\n\t<meta name=\"description\" content=\"San Sebasti\u00e1n, 28 nov (EFE).- Los presos de ETA encarcelados en Sevilla II que se encontraban en huelga de hambre desde el 28 de octubre han decidido abandonar su protesta. El colectivo de presos de ETA (EPPK) ha informado, a trav\u00e9s de una nota remitida al portal Naiz.info, de que los reclusos en huelga de\" \/>\n\t<meta name=\"robots\" content=\"max-image-preview:large\" \/>\n\t<meta name=\"author\" content=\"El Digital de Asturias\"\/>\n\t<meta name=\"google-site-verification\" content=\"UA-38556648-1\" \/>\n\t<meta name=\"msvalidate.01\" content=\"7dfe9f3f1b24437ab69f4f2559babe99\" \/>\n\t<meta name=\"keywords\" content=\"sucesos\" \/>\n\t<link rel=\"canonical\" href=\"https:\/\/www.eldigitaldeasturias.com\/noticias\/los-presos-de-eta-en-sevilla-ii-abandonan-la-huelga-de-hambre\/\" \/>\n\t<meta name=\"generator\" content=\"All in One SEO Pro (AIOSEO) 5.0.1\" \/>\n\t\t<meta property=\"og:locale\" content=\"es_ES\" \/>\n\t\t<meta property=\"og:site_name\" content=\"El Digital de Asturias\" \/>\n\t\t<meta property=\"og:type\" content=\"article\" \/>\n\t\t<meta property=\"og:title\" content=\"Los presos de ETA en Sevilla II abandonan la huelga de hambre - El Digital de Asturias\" \/>\n\t\t<meta property=\"og:description\" content=\"San Sebasti\u00e1n, 28 nov (EFE).- Los presos de ETA encarcelados en Sevilla II que se encontraban en huelga de hambre desde el 28 de octubre han decidido abandonar su protesta. El colectivo de presos de ETA (EPPK) ha informado, a trav\u00e9s de una nota remitida al portal Naiz.info, de que los reclusos en huelga de\" \/>\n\t\t<meta property=\"og:url\" content=\"https:\/\/www.eldigitaldeasturias.com\/noticias\/los-presos-de-eta-en-sevilla-ii-abandonan-la-huelga-de-hambre\/\" \/>\n\t\t<meta property=\"article:tag\" content=\"sucesos\" \/>\n\t\t<meta property=\"article:published_time\" content=\"2013-11-28T19:46:34+00:00\" \/>\n\t\t<meta property=\"article:modified_time\" content=\"2013-11-28T19:46:34+00:00\" \/>\n\t\t<meta property=\"article:publisher\" content=\"https:\/\/facebook.com\/eldigitaldeasturias\" \/>\n\t\t<meta name=\"twitter:card\" content=\"summary_large_image\" \/>\n\t\t<meta name=\"twitter:title\" content=\"Los presos de ETA en Sevilla II abandonan la huelga de hambre - El Digital de Asturias\" \/>\n\t\t<meta name=\"twitter:description\" content=\"San Sebasti\u00e1n, 28 nov (EFE).- Los presos de ETA encarcelados en Sevilla II que se encontraban en huelga de hambre desde el 28 de octubre han decidido abandonar su protesta. El colectivo de presos de ETA (EPPK) ha informado, a trav\u00e9s de una nota remitida al portal Naiz.info, de que los reclusos en huelga de\" \/>\n\t\t<meta name=\"twitter:label1\" content=\"Escrito por\" \/>\n\t\t<meta name=\"twitter:data1\" content=\"El Digital de Asturias\" \/>\n\t\t<meta name=\"twitter:label2\" content=\"Tiempo de lectura estimado\" \/>\n\t\t<meta name=\"twitter:data2\" content=\"1 minuto\" \/>\n\t\t<script type=\"application\/ld+json\" class=\"aioseo-schema\">\n\t\t\t{\"@context\":\"https:\\\/\\\/schema.org\",\"@graph\":[{\"@type\":\"BlogPosting\",\"@id\":\"https:\\\/\\\/www.eldigitaldeasturias.com\\\/noticias\\\/los-presos-de-eta-en-sevilla-ii-abandonan-la-huelga-de-hambre\\\/#blogposting\",\"name\":\"Los presos de ETA en Sevilla II abandonan la huelga de hambre - El Digital de Asturias\",\"headline\":\"Los presos de ETA en Sevilla II abandonan la huelga de hambre\",\"author\":{\"@id\":\"https:\\\/\\\/www.eldigitaldeasturias.com\\\/noticias\\\/author\\\/admin\\\/#author\"},\"publisher\":{\"@id\":\"https:\\\/\\\/www.eldigitaldeasturias.com\\\/noticias\\\/#organization\"},\"image\":{\"@type\":\"ImageObject\",\"url\":455379},\"datePublished\":\"2013-11-28T18:46:34+01:00\",\"dateModified\":\"2013-11-28T18:46:34+01:00\",\"inLanguage\":\"es-ES\",\"mainEntityOfPage\":{\"@id\":\"https:\\\/\\\/www.eldigitaldeasturias.com\\\/noticias\\\/los-presos-de-eta-en-sevilla-ii-abandonan-la-huelga-de-hambre\\\/#webpage\"},\"isPartOf\":{\"@id\":\"https:\\\/\\\/www.eldigitaldeasturias.com\\\/noticias\\\/los-presos-de-eta-en-sevilla-ii-abandonan-la-huelga-de-hambre\\\/#webpage\"},\"articleSection\":\"Sucesos\"},{\"@type\":\"BreadcrumbList\",\"@id\":\"https:\\\/\\\/www.eldigitaldeasturias.com\\\/noticias\\\/los-presos-de-eta-en-sevilla-ii-abandonan-la-huelga-de-hambre\\\/#breadcrumblist\",\"itemListElement\":[{\"@type\":\"ListItem\",\"@id\":\"https:\\\/\\\/www.eldigitaldeasturias.com\\\/noticias#listItem\",\"position\":1,\"name\":\"Home\",\"item\":\"https:\\\/\\\/www.eldigitaldeasturias.com\\\/noticias\",\"nextItem\":{\"@type\":\"ListItem\",\"@id\":\"https:\\\/\\\/www.eldigitaldeasturias.com\\\/noticias\\\/category\\\/sucesos\\\/#listItem\",\"name\":\"Sucesos\"}},{\"@type\":\"ListItem\",\"@id\":\"https:\\\/\\\/www.eldigitaldeasturias.com\\\/noticias\\\/category\\\/sucesos\\\/#listItem\",\"position\":2,\"name\":\"Sucesos\",\"item\":\"https:\\\/\\\/www.eldigitaldeasturias.com\\\/noticias\\\/category\\\/sucesos\\\/\",\"nextItem\":{\"@type\":\"ListItem\",\"@id\":\"https:\\\/\\\/www.eldigitaldeasturias.com\\\/noticias\\\/los-presos-de-eta-en-sevilla-ii-abandonan-la-huelga-de-hambre\\\/#listItem\",\"name\":\"Los presos de ETA en Sevilla II abandonan la huelga de hambre\"},\"previousItem\":{\"@type\":\"ListItem\",\"@id\":\"https:\\\/\\\/www.eldigitaldeasturias.com\\\/noticias#listItem\",\"name\":\"Home\"}},{\"@type\":\"ListItem\",\"@id\":\"https:\\\/\\\/www.eldigitaldeasturias.com\\\/noticias\\\/los-presos-de-eta-en-sevilla-ii-abandonan-la-huelga-de-hambre\\\/#listItem\",\"position\":3,\"name\":\"Los presos de ETA en Sevilla II abandonan la huelga de hambre\",\"previousItem\":{\"@type\":\"ListItem\",\"@id\":\"https:\\\/\\\/www.eldigitaldeasturias.com\\\/noticias\\\/category\\\/sucesos\\\/#listItem\",\"name\":\"Sucesos\"}}]},{\"@type\":\"Organization\",\"@id\":\"https:\\\/\\\/www.eldigitaldeasturias.com\\\/noticias\\\/#organization\",\"name\":\"El Digital de Asturias\",\"description\":\"Hemeroteca\",\"url\":\"https:\\\/\\\/www.eldigitaldeasturias.com\\\/noticias\\\/\",\"email\":\"info@eldigitaldeasturias.com\",\"telephone\":\"+34652131393\",\"logo\":{\"@type\":\"ImageObject\",\"url\":\"https:\\\/\\\/www.eldigitaldeasturias.com\\\/noticias\\\/wp-content\\\/uploads\\\/2020\\\/12\\\/EDA.jpg\",\"@id\":\"https:\\\/\\\/www.eldigitaldeasturias.com\\\/noticias\\\/los-presos-de-eta-en-sevilla-ii-abandonan-la-huelga-de-hambre\\\/#organizationLogo\"},\"image\":{\"@id\":\"https:\\\/\\\/www.eldigitaldeasturias.com\\\/noticias\\\/los-presos-de-eta-en-sevilla-ii-abandonan-la-huelga-de-hambre\\\/#organizationLogo\"},\"sameAs\":[\"https:\\\/\\\/facebook.com\\\/eldigitaldeasturias\",\"https:\\\/\\\/www.youtube.com\\\/channel\\\/UCZP-2wLEB9Rv6erhFmqVnvg\"],\"address\":{\"@id\":\"https:\\\/\\\/www.eldigitaldeasturias.com\\\/noticias\\\/#postaladdress\",\"@type\":\"PostalAddress\",\"streetAddress\":\"san antonio 4\",\"postalCode\":\"33430\",\"addressLocality\":\"Cand\\u00e1s\",\"addressRegion\":\"Asturias\",\"addressCountry\":\"ES\"}},{\"@type\":\"Person\",\"@id\":\"https:\\\/\\\/www.eldigitaldeasturias.com\\\/noticias\\\/author\\\/admin\\\/#author\",\"url\":\"https:\\\/\\\/www.eldigitaldeasturias.com\\\/noticias\\\/author\\\/admin\\\/\",\"name\":\"El Digital de Asturias\",\"image\":{\"@type\":\"ImageObject\",\"@id\":\"https:\\\/\\\/www.eldigitaldeasturias.com\\\/noticias\\\/los-presos-de-eta-en-sevilla-ii-abandonan-la-huelga-de-hambre\\\/#authorImage\",\"url\":\"https:\\\/\\\/secure.gravatar.com\\\/avatar\\\/df2aeffc32bcd13f8d26072ef8a91b623d677766deac7f97ca815868cd41bf5e?s=96&d=mm&r=g\",\"width\":96,\"height\":96,\"caption\":\"El Digital de Asturias\"}},{\"@type\":\"WebPage\",\"@id\":\"https:\\\/\\\/www.eldigitaldeasturias.com\\\/noticias\\\/los-presos-de-eta-en-sevilla-ii-abandonan-la-huelga-de-hambre\\\/#webpage\",\"url\":\"https:\\\/\\\/www.eldigitaldeasturias.com\\\/noticias\\\/los-presos-de-eta-en-sevilla-ii-abandonan-la-huelga-de-hambre\\\/\",\"name\":\"Los presos de ETA en Sevilla II abandonan la huelga de hambre - El Digital de Asturias\",\"description\":\"San Sebasti\\u00e1n, 28 nov (EFE).- Los presos de ETA encarcelados en Sevilla II que se encontraban en huelga de hambre desde el 28 de octubre han decidido abandonar su protesta. El colectivo de presos de ETA (EPPK) ha informado, a trav\\u00e9s de una nota remitida al portal Naiz.info, de que los reclusos en huelga de\",\"inLanguage\":\"es-ES\",\"isPartOf\":{\"@id\":\"https:\\\/\\\/www.eldigitaldeasturias.com\\\/noticias\\\/#website\"},\"breadcrumb\":{\"@id\":\"https:\\\/\\\/www.eldigitaldeasturias.com\\\/noticias\\\/los-presos-de-eta-en-sevilla-ii-abandonan-la-huelga-de-hambre\\\/#breadcrumblist\"},\"author\":{\"@id\":\"https:\\\/\\\/www.eldigitaldeasturias.com\\\/noticias\\\/author\\\/admin\\\/#author\"},\"creator\":{\"@id\":\"https:\\\/\\\/www.eldigitaldeasturias.com\\\/noticias\\\/author\\\/admin\\\/#author\"},\"image\":{\"@type\":\"ImageObject\",\"url\":455379,\"@id\":\"https:\\\/\\\/www.eldigitaldeasturias.com\\\/noticias\\\/los-presos-de-eta-en-sevilla-ii-abandonan-la-huelga-de-hambre\\\/#mainImage\"},\"primaryImageOfPage\":{\"@id\":\"https:\\\/\\\/www.eldigitaldeasturias.com\\\/noticias\\\/los-presos-de-eta-en-sevilla-ii-abandonan-la-huelga-de-hambre\\\/#mainImage\"},\"datePublished\":\"2013-11-28T18:46:34+01:00\",\"dateModified\":\"2013-11-28T18:46:34+01:00\"},{\"@type\":\"WebSite\",\"@id\":\"https:\\\/\\\/www.eldigitaldeasturias.com\\\/noticias\\\/#website\",\"url\":\"https:\\\/\\\/www.eldigitaldeasturias.com\\\/noticias\\\/\",\"name\":\"El Digital de Asturias - Diario de actualidad y noticias\",\"alternateName\":\"El Digital de Asturias - Diario de actualidad y noticias\",\"description\":\"Hemeroteca\",\"inLanguage\":\"es-ES\",\"publisher\":{\"@id\":\"https:\\\/\\\/www.eldigitaldeasturias.com\\\/noticias\\\/#organization\"}}]}\n\t\t<\/script>\n\t\t<!-- All in One SEO Pro -->\r\n\t\t<title>Los presos de ETA en Sevilla II abandonan la huelga de hambre - El Digital de Asturias<\/title>\n\n","aioseo_head_json":{"title":"Los presos de ETA en Sevilla II abandonan la huelga de hambre - El Digital de Asturias","description":"San Sebasti\u00e1n, 28 nov (EFE).- Los presos de ETA encarcelados en Sevilla II que se encontraban en huelga de hambre desde el 28 de octubre han decidido abandonar su protesta. El colectivo de presos de ETA (EPPK) ha informado, a trav\u00e9s de una nota remitida al portal Naiz.info, de que los reclusos en huelga de","canonical_url":"https:\/\/www.eldigitaldeasturias.com\/noticias\/los-presos-de-eta-en-sevilla-ii-abandonan-la-huelga-de-hambre\/","robots":"max-image-preview:large","keywords":"sucesos","webmasterTools":{"google-site-verification":"UA-38556648-1","msvalidate.01":"7dfe9f3f1b24437ab69f4f2559babe99","miscellaneous":""},"schema":{"@context":"https:\/\/schema.org","@graph":[{"@type":"BlogPosting","@id":"https:\/\/www.eldigitaldeasturias.com\/noticias\/los-presos-de-eta-en-sevilla-ii-abandonan-la-huelga-de-hambre\/#blogposting","name":"Los presos de ETA en Sevilla II abandonan la huelga de hambre - El Digital de Asturias","headline":"Los presos de ETA en Sevilla II abandonan la huelga de hambre","author":{"@id":"https:\/\/www.eldigitaldeasturias.com\/noticias\/author\/admin\/#author"},"publisher":{"@id":"https:\/\/www.eldigitaldeasturias.com\/noticias\/#organization"},"image":{"@type":"ImageObject","url":455379},"datePublished":"2013-11-28T18:46:34+01:00","dateModified":"2013-11-28T18:46:34+01:00","inLanguage":"es-ES","mainEntityOfPage":{"@id":"https:\/\/www.eldigitaldeasturias.com\/noticias\/los-presos-de-eta-en-sevilla-ii-abandonan-la-huelga-de-hambre\/#webpage"},"isPartOf":{"@id":"https:\/\/www.eldigitaldeasturias.com\/noticias\/los-presos-de-eta-en-sevilla-ii-abandonan-la-huelga-de-hambre\/#webpage"},"articleSection":"Sucesos"},{"@type":"BreadcrumbList","@id":"https:\/\/www.eldigitaldeasturias.com\/noticias\/los-presos-de-eta-en-sevilla-ii-abandonan-la-huelga-de-hambre\/#breadcrumblist","itemListElement":[{"@type":"ListItem","@id":"https:\/\/www.eldigitaldeasturias.com\/noticias#listItem","position":1,"name":"Home","item":"https:\/\/www.eldigitaldeasturias.com\/noticias","nextItem":{"@type":"ListItem","@id":"https:\/\/www.eldigitaldeasturias.com\/noticias\/category\/sucesos\/#listItem","name":"Sucesos"}},{"@type":"ListItem","@id":"https:\/\/www.eldigitaldeasturias.com\/noticias\/category\/sucesos\/#listItem","position":2,"name":"Sucesos","item":"https:\/\/www.eldigitaldeasturias.com\/noticias\/category\/sucesos\/","nextItem":{"@type":"ListItem","@id":"https:\/\/www.eldigitaldeasturias.com\/noticias\/los-presos-de-eta-en-sevilla-ii-abandonan-la-huelga-de-hambre\/#listItem","name":"Los presos de ETA en Sevilla II abandonan la huelga de hambre"},"previousItem":{"@type":"ListItem","@id":"https:\/\/www.eldigitaldeasturias.com\/noticias#listItem","name":"Home"}},{"@type":"ListItem","@id":"https:\/\/www.eldigitaldeasturias.com\/noticias\/los-presos-de-eta-en-sevilla-ii-abandonan-la-huelga-de-hambre\/#listItem","position":3,"name":"Los presos de ETA en Sevilla II abandonan la huelga de hambre","previousItem":{"@type":"ListItem","@id":"https:\/\/www.eldigitaldeasturias.com\/noticias\/category\/sucesos\/#listItem","name":"Sucesos"}}]},{"@type":"Organization","@id":"https:\/\/www.eldigitaldeasturias.com\/noticias\/#organization","name":"El Digital de Asturias","description":"Hemeroteca","url":"https:\/\/www.eldigitaldeasturias.com\/noticias\/","email":"info@eldigitaldeasturias.com","telephone":"+34652131393","logo":{"@type":"ImageObject","url":"https:\/\/www.eldigitaldeasturias.com\/noticias\/wp-content\/uploads\/2020\/12\/EDA.jpg","@id":"https:\/\/www.eldigitaldeasturias.com\/noticias\/los-presos-de-eta-en-sevilla-ii-abandonan-la-huelga-de-hambre\/#organizationLogo"},"image":{"@id":"https:\/\/www.eldigitaldeasturias.com\/noticias\/los-presos-de-eta-en-sevilla-ii-abandonan-la-huelga-de-hambre\/#organizationLogo"},"sameAs":["https:\/\/facebook.com\/eldigitaldeasturias","https:\/\/www.youtube.com\/channel\/UCZP-2wLEB9Rv6erhFmqVnvg"],"address":{"@id":"https:\/\/www.eldigitaldeasturias.com\/noticias\/#postaladdress","@type":"PostalAddress","streetAddress":"san antonio 4","postalCode":"33430","addressLocality":"Cand\u00e1s","addressRegion":"Asturias","addressCountry":"ES"}},{"@type":"Person","@id":"https:\/\/www.eldigitaldeasturias.com\/noticias\/author\/admin\/#author","url":"https:\/\/www.eldigitaldeasturias.com\/noticias\/author\/admin\/","name":"El Digital de Asturias","image":{"@type":"ImageObject","@id":"https:\/\/www.eldigitaldeasturias.com\/noticias\/los-presos-de-eta-en-sevilla-ii-abandonan-la-huelga-de-hambre\/#authorImage","url":"https:\/\/secure.gravatar.com\/avatar\/df2aeffc32bcd13f8d26072ef8a91b623d677766deac7f97ca815868cd41bf5e?s=96&d=mm&r=g","width":96,"height":96,"caption":"El Digital de Asturias"}},{"@type":"WebPage","@id":"https:\/\/www.eldigitaldeasturias.com\/noticias\/los-presos-de-eta-en-sevilla-ii-abandonan-la-huelga-de-hambre\/#webpage","url":"https:\/\/www.eldigitaldeasturias.com\/noticias\/los-presos-de-eta-en-sevilla-ii-abandonan-la-huelga-de-hambre\/","name":"Los presos de ETA en Sevilla II abandonan la huelga de hambre - El Digital de Asturias","description":"San Sebasti\u00e1n, 28 nov (EFE).- Los presos de ETA encarcelados en Sevilla II que se encontraban en huelga de hambre desde el 28 de octubre han decidido abandonar su protesta. El colectivo de presos de ETA (EPPK) ha informado, a trav\u00e9s de una nota remitida al portal Naiz.info, de que los reclusos en huelga de","inLanguage":"es-ES","isPartOf":{"@id":"https:\/\/www.eldigitaldeasturias.com\/noticias\/#website"},"breadcrumb":{"@id":"https:\/\/www.eldigitaldeasturias.com\/noticias\/los-presos-de-eta-en-sevilla-ii-abandonan-la-huelga-de-hambre\/#breadcrumblist"},"author":{"@id":"https:\/\/www.eldigitaldeasturias.com\/noticias\/author\/admin\/#author"},"creator":{"@id":"https:\/\/www.eldigitaldeasturias.com\/noticias\/author\/admin\/#author"},"image":{"@type":"ImageObject","url":455379,"@id":"https:\/\/www.eldigitaldeasturias.com\/noticias\/los-presos-de-eta-en-sevilla-ii-abandonan-la-huelga-de-hambre\/#mainImage"},"primaryImageOfPage":{"@id":"https:\/\/www.eldigitaldeasturias.com\/noticias\/los-presos-de-eta-en-sevilla-ii-abandonan-la-huelga-de-hambre\/#mainImage"},"datePublished":"2013-11-28T18:46:34+01:00","dateModified":"2013-11-28T18:46:34+01:00"},{"@type":"WebSite","@id":"https:\/\/www.eldigitaldeasturias.com\/noticias\/#website","url":"https:\/\/www.eldigitaldeasturias.com\/noticias\/","name":"El Digital de Asturias - Diario de actualidad y noticias","alternateName":"El Digital de Asturias - Diario de actualidad y noticias","description":"Hemeroteca","inLanguage":"es-ES","publisher":{"@id":"https:\/\/www.eldigitaldeasturias.com\/noticias\/#organization"}}]},"og:locale":"es_ES","og:site_name":"El Digital de Asturias","og:type":"article","og:title":"Los presos de ETA en Sevilla II abandonan la huelga de hambre - El Digital de Asturias","og:description":"San Sebasti\u00e1n, 28 nov (EFE).- Los presos de ETA encarcelados en Sevilla II que se encontraban en huelga de hambre desde el 28 de octubre han decidido abandonar su protesta. El colectivo de presos de ETA (EPPK) ha informado, a trav\u00e9s de una nota remitida al portal Naiz.info, de que los reclusos en huelga de","og:url":"https:\/\/www.eldigitaldeasturias.com\/noticias\/los-presos-de-eta-en-sevilla-ii-abandonan-la-huelga-de-hambre\/","article:tag":["sucesos"],"article:published_time":"2013-11-28T19:46:34+00:00","article:modified_time":"2013-11-28T19:46:34+00:00","article:publisher":"https:\/\/facebook.com\/eldigitaldeasturias","twitter:card":"summary_large_image","twitter:title":"Los presos de ETA en Sevilla II abandonan la huelga de hambre - El Digital de Asturias","twitter:description":"San Sebasti\u00e1n, 28 nov (EFE).- Los presos de ETA encarcelados en Sevilla II que se encontraban en huelga de hambre desde el 28 de octubre han decidido abandonar su protesta. El colectivo de presos de ETA (EPPK) ha informado, a trav\u00e9s de una nota remitida al portal Naiz.info, de que los reclusos en huelga de","twitter:label1":"Escrito por","twitter:data1":"El Digital de Asturias","twitter:label2":"Tiempo de lectura estimado","twitter:data2":"1 minuto"},"aioseo_meta_data":{"post_id":"455378","title":null,"description":null,"keywords":null,"keyphrases":null,"primary_term":null,"canonical_url":null,"og_title":null,"og_description":null,"og_object_type":"default","og_image_type":"default","og_image_url":null,"og_image_width":null,"og_image_height":null,"og_image_custom_url":null,"og_image_custom_fields":null,"og_video":null,"og_custom_url":null,"og_article_section":null,"og_article_tags":null,"twitter_use_og":true,"twitter_card":"default","twitter_image_type":"default","twitter_image_url":null,"twitter_image_custom_url":null,"twitter_image_custom_fields":null,"twitter_title":null,"twitter_description":null,"schema":{"blockGraphs":[],"customGraphs":[],"default":{"data":{"Article":[],"Course":[],"Dataset":[],"FAQPage":[],"Movie":[],"Person":[],"Product":[],"ProductReview":[],"Car":[],"Recipe":[],"Service":[],"SoftwareApplication":[],"WebPage":[]},"graphName":"","isEnabled":true},"graphs":[],"defaultGraph":"","defaultPostTypeGraph":""},"schema_type":null,"schema_type_options":null,"pillar_content":false,"robots_default":true,"robots_noindex":false,"robots_noarchive":false,"robots_nosnippet":false,"robots_nofollow":false,"robots_noimageindex":false,"robots_noodp":false,"robots_notranslate":false,"robots_max_snippet":null,"robots_max_videopreview":null,"robots_max_imagepreview":"none","priority":null,"frequency":null,"local_seo":null,"seo_analyzer_scan_date":"2026-05-29 18:04:05","breadcrumb_settings":null,"limit_modified_date":false,"open_ai":null,"ai":null,"created":"2020-11-14 22:45:19","updated":"2026-05-29 18:04:05","focus_keyword":null,"additional_keywords":null,"truseo_locale":null},"aioseo_breadcrumb":"<div class=\"aioseo-breadcrumbs\"><span class=\"aioseo-breadcrumb\">\n\t<a href=\"https:\/\/www.eldigitaldeasturias.com\/noticias\" title=\"Home\">Home<\/a>\n<\/span><span class=\"aioseo-breadcrumb-separator\">\u2013<\/span><span class=\"aioseo-breadcrumb\">\n\t<a href=\"https:\/\/www.eldigitaldeasturias.com\/noticias\/category\/sucesos\/\" title=\"Sucesos\">Sucesos<\/a>\n<\/span><span class=\"aioseo-breadcrumb-separator\">\u2013<\/span><span class=\"aioseo-breadcrumb\">\n\t<a href=\"https:\/\/www.eldigitaldeasturias.com\/noticias\/los-presos-de-eta-en-sevilla-ii-abandonan-la-huelga-de-hambre\/\" title=\"Los presos de ETA en Sevilla II abandonan la huelga de hambre\">Los presos de ETA en Sevilla II abandonan la huelga de hambre<\/a>\n<\/span><\/div>","aioseo_breadcrumb_json":[{"label":"Home","link":"https:\/\/www.eldigitaldeasturias.com\/noticias"},{"label":"Sucesos","link":"https:\/\/www.eldigitaldeasturias.com\/noticias\/category\/sucesos\/"},{"label":"Los presos de ETA en Sevilla II abandonan la huelga de hambre","link":"https:\/\/www.eldigitaldeasturias.com\/noticias\/los-presos-de-eta-en-sevilla-ii-abandonan-la-huelga-de-hambre\/"}],"_links":{"self":[{"href":"https:\/\/www.eldigitaldeasturias.com\/noticias\/wp-json\/wp\/v2\/posts\/455378","targetHints":{"allow":["GET"]}}],"collection":[{"href":"https:\/\/www.eldigitaldeasturias.com\/noticias\/wp-json\/wp\/v2\/posts"}],"about":[{"href":"https:\/\/www.eldigitaldeasturias.com\/noticias\/wp-json\/wp\/v2\/types\/post"}],"author":[{"embeddable":true,"href":"https:\/\/www.eldigitaldeasturias.com\/noticias\/wp-json\/wp\/v2\/users\/1"}],"replies":[{"embeddable":true,"href":"https:\/\/www.eldigitaldeasturias.com\/noticias\/wp-json\/wp\/v2\/comments?post=455378"}],"version-history":[{"count":0,"href":"https:\/\/www.eldigitaldeasturias.com\/noticias\/wp-json\/wp\/v2\/posts\/455378\/revisions"}],"wp:attachment":[{"href":"https:\/\/www.eldigitaldeasturias.com\/noticias\/wp-json\/wp\/v2\/media?parent=455378"}],"wp:term":[{"taxonomy":"category","embeddable":true,"href":"https:\/\/www.eldigitaldeasturias.com\/noticias\/wp-json\/wp\/v2\/categories?post=455378"},{"taxonomy":"post_tag","embeddable":true,"href":"https:\/\/www.eldigitaldeasturias.com\/noticias\/wp-json\/wp\/v2\/tags?post=455378"}],"curies":[{"name":"wp","href":"https:\/\/api.w.org\/{rel}","templated":true}]}}