{"id":455360,"date":"2013-11-28T18:35:47","date_gmt":"2013-11-28T19:35:47","guid":{"rendered":"http:\/\/www.eldigitaldeasturias.com\/noticias\/?p=455360"},"modified":"2013-11-28T18:35:47","modified_gmt":"2013-11-28T19:35:47","slug":"kore-eda-dice-que-no-rechaza-los-filmes-violentos-pero-prefiero-las-emociones","status":"publish","type":"post","link":"https:\/\/www.eldigitaldeasturias.com\/noticias\/kore-eda-dice-que-no-rechaza-los-filmes-violentos-pero-prefiero-las-emociones\/","title":{"rendered":"Kore-Eda dice que no rechaza los filmes violentos, \u00abpero prefiero las emociones\u00bb"},"content":{"rendered":"<p><img loading=\"lazy\" decoding=\"async\" class=\"alignleft size-medium wp-image-455361\" alt=\"5759111w\" src=\"https:\/\/www.eldigitaldeasturias.com\/noticias\/wp-content\/uploads\/2013\/11\/5759111w-360x259.jpg\" width=\"360\" height=\"259\" \/>Madrid, 28 nov (EFE).- Hirokazu Kore-Eda estrena ma\u00f1ana en Espa\u00f1a \u00abDe tal padre, tal hijo\u00bb, una pel\u00edcula en la que las emociones son el centro de la historia, algo habitual en el cine del realizador japon\u00e9s, que prefiere los sentimientos por encima de la violencia.<\/p>\n<p>\u00ab&#8216;Drive&#8217; y ese tipo de pel\u00edculas son muy buenas, no rechazo los filmes violentos, la violencia es uno de los elementos del ser humano\u00bb, afirmaba el director en una entrevista con un peque\u00f1o grupo de medios de comunicaci\u00f3n, entre ellos Efe, en el Festival de Cannes, en el que su filme gan\u00f3 el Premio del Jurado.<\/p>\n<p>Y aunque reconoce que en \u00abDe tal padre, tal hijo\u00bb, hay un elemento \u00abbastante violento emocionalmente\u00bb, es el hecho de que los padres no pidan opini\u00f3n a sus hijos el argumento de la historia.<\/p>\n<p>Dos parejas descubren cuando sus hijos cumplen seis a\u00f1os que hubo un error en el hospital en el que nacieron, y los beb\u00e9s fueron intercambiados. Ahora las dos parejas se plantean revertir ese intercambio y quedarse con su hijo natural, poniendo los lazos de sangre por encima de la relaci\u00f3n ya establecida.<\/p>\n<p>Basada en una treintena de casos reales que se produjeron en los a\u00f1os setenta en su pa\u00eds, Kore-Eda explic\u00f3 que en el cien por cien de esos casos las \u00abfamilias decidieron cuidar de su propio hijo en lugar del hijo que hab\u00edan criado como suyo\u00bb, porque en aquella \u00e9poca \u00aben Jap\u00f3n eran m\u00e1s importantes los lazos de sangre\u00bb.<\/p>\n<p>\u00abEs chocante para m\u00ed tambi\u00e9n. Es muy interesante porque esas cosas pasaron hace muchos a\u00f1os, no ahora, pero es un tema muy universal, un padre, una madre, los hijos\u00bb.<\/p>\n<p>Una historia que Kore-Eda ha instalado en la actualidad, con un elemento que no hubiera existido hace cuarenta a\u00f1os, y es la reacci\u00f3n sorprendida de la mujer del protagonista, que no quiere renunciar a su hijo, aunque no sea de su sangre.<\/p>\n<p>Porque la pel\u00edcula est\u00e1 planteada desde el punto de vista de uno de los padres, el que mejor situaci\u00f3n econ\u00f3mica y social tiene, lo que no supone que sea el mejor padre.<\/p>\n<p>\u00abNo quer\u00eda incluir ning\u00fan comentario social en esta pel\u00edcula, pero cre\u00ed que ser\u00eda interesante si el personaje principal miraba desde arriba al padre de la otra familia\u00bb.<\/p>\n<p>Adem\u00e1s, eso le permiti\u00f3 al director que el personaje sufriera un cambio gradual \u00aben su escala de valores\u00bb.<\/p>\n<p>\u00abEn la otra familia, el padre es mucho mejor padre que \u00e9l, de lo que se da cuenta gradualmente. Lo que es interesante es que la otra familia tiene varios hijos y una casa con un jard\u00edn, siguen tradiciones budistas, tienen unas relaciones familiares mucho m\u00e1s establecidas\u00bb.<\/p>\n<p>Los protagonistas son m\u00e1s ricos, pero no tienen una relaci\u00f3n familiar tan profunda.<\/p>\n<p>\u00abSon dos familias en situaci\u00f3n completamente diferentes. Eso es lo que quer\u00eda contar, no los problemas sociales\u00bb, precis\u00f3 el realizador, muy relajado y satisfecho por el debate provocado por la historia en sus primeras proyecciones en Cannes.<\/p>\n<p>Si los espectadores \u00abse fijan en los elementos sociales detr\u00e1s de la historia, est\u00e1 bien, pero, si hubiera hecho una historia sobre cuestiones sociales, hubiera sido mucho m\u00e1s fuerte\u00bb.<\/p>\n<p>Y para poner en pie este y otros proyectos, Kore-Eda contin\u00faa observando su alrededor. \u00abVivo como vivo y tomo elementos y hago una historia\u00bb.<\/p>\n<p>El resultado, en este caso, es una historia en la que la segunda familia se parece a la suya cuando era un ni\u00f1o y viv\u00eda con sus padres, mientras que el protagonista es m\u00e1s similar a c\u00f3mo \u00e9l es ahora, con un apartamento en el centro de Tokio, un piano y una hija que va a una buena escuela primaria.<\/p>\n<p>\u00abDe alguna forma es como una confesi\u00f3n, porque hay muchos elementos de mi vida real\u00bb, reconoci\u00f3 con sencillez.<\/p>\n<p>Un estilo de vida y de cine con el que continuar\u00e1 un director que cree que el tema de la familia es inagotable y que recuerda con devoci\u00f3n a realizadores como Federico Fellini y algunas de sus pel\u00edculas, como \u00abLa Strada\u00bb o \u00abLas noches de Cabiria\u00bb, un \u00abverdadero autor\u00bb, afirma convencido.<\/p>\n","protected":false},"excerpt":{"rendered":"<p>Madrid, 28 nov (EFE).- Hirokazu Kore-Eda estrena ma\u00f1ana en Espa\u00f1a \u00abDe tal padre, tal hijo\u00bb, una pel\u00edcula en la que las emociones son el centro de la historia, algo habitual en el cine del realizador japon\u00e9s, que prefiere los sentimientos por encima de la violencia. \u00ab&#8216;Drive&#8217; y ese tipo de pel\u00edculas son muy buenas, no [&hellip;]<\/p>\n","protected":false},"author":1,"featured_media":455361,"comment_status":"open","ping_status":"open","sticky":false,"template":"","format":"standard","meta":{"footnotes":""},"categories":[50],"tags":[],"class_list":["post-455360","post","type-post","status-publish","format-standard","has-post-thumbnail","hentry","category-revista-de-ocio"],"aioseo_notices":[],"aioseo_head":"\n\t\t<!-- All in One SEO Pro 5.0.1 - aioseo.com -->\n\t<meta name=\"description\" content=\"Madrid, 28 nov (EFE).- Hirokazu Kore-Eda estrena ma\u00f1ana en Espa\u00f1a &quot;De tal padre, tal hijo&quot;, una pel\u00edcula en la que las emociones son el centro de la historia, algo habitual en el cine del realizador japon\u00e9s, que prefiere los sentimientos por encima de la violencia. &quot;&#039;Drive&#039; y ese tipo de pel\u00edculas son muy buenas, no\" \/>\n\t<meta name=\"robots\" content=\"max-image-preview:large\" \/>\n\t<meta name=\"author\" content=\"El Digital de Asturias\"\/>\n\t<meta name=\"google-site-verification\" content=\"UA-38556648-1\" \/>\n\t<meta name=\"msvalidate.01\" content=\"7dfe9f3f1b24437ab69f4f2559babe99\" \/>\n\t<meta name=\"keywords\" content=\"revista de ocio\" \/>\n\t<link rel=\"canonical\" href=\"https:\/\/www.eldigitaldeasturias.com\/noticias\/kore-eda-dice-que-no-rechaza-los-filmes-violentos-pero-prefiero-las-emociones\/\" \/>\n\t<meta name=\"generator\" content=\"All in One SEO Pro (AIOSEO) 5.0.1\" \/>\n\t\t<meta property=\"og:locale\" content=\"es_ES\" \/>\n\t\t<meta property=\"og:site_name\" content=\"El Digital de Asturias\" \/>\n\t\t<meta property=\"og:type\" content=\"article\" \/>\n\t\t<meta property=\"og:title\" content=\"Kore-Eda dice que no rechaza los filmes violentos, \u00abpero prefiero las emociones\u00bb - El Digital de Asturias\" \/>\n\t\t<meta property=\"og:description\" content=\"Madrid, 28 nov (EFE).- Hirokazu Kore-Eda estrena ma\u00f1ana en Espa\u00f1a &quot;De tal padre, tal hijo&quot;, una pel\u00edcula en la que las emociones son el centro de la historia, algo habitual en el cine del realizador japon\u00e9s, que prefiere los sentimientos por encima de la violencia. &quot;&#039;Drive&#039; y ese tipo de pel\u00edculas son muy buenas, no\" \/>\n\t\t<meta property=\"og:url\" content=\"https:\/\/www.eldigitaldeasturias.com\/noticias\/kore-eda-dice-que-no-rechaza-los-filmes-violentos-pero-prefiero-las-emociones\/\" \/>\n\t\t<meta property=\"article:tag\" content=\"revista de ocio\" \/>\n\t\t<meta property=\"article:published_time\" content=\"2013-11-28T19:35:47+00:00\" \/>\n\t\t<meta property=\"article:modified_time\" content=\"2013-11-28T19:35:47+00:00\" \/>\n\t\t<meta property=\"article:publisher\" content=\"https:\/\/facebook.com\/eldigitaldeasturias\" \/>\n\t\t<meta name=\"twitter:card\" content=\"summary_large_image\" \/>\n\t\t<meta name=\"twitter:title\" content=\"Kore-Eda dice que no rechaza los filmes violentos, \u00abpero prefiero las emociones\u00bb - El Digital de Asturias\" \/>\n\t\t<meta name=\"twitter:description\" content=\"Madrid, 28 nov (EFE).- Hirokazu Kore-Eda estrena ma\u00f1ana en Espa\u00f1a &quot;De tal padre, tal hijo&quot;, una pel\u00edcula en la que las emociones son el centro de la historia, algo habitual en el cine del realizador japon\u00e9s, que prefiere los sentimientos por encima de la violencia. &quot;&#039;Drive&#039; y ese tipo de pel\u00edculas son muy buenas, no\" \/>\n\t\t<meta name=\"twitter:label1\" content=\"Escrito por\" \/>\n\t\t<meta name=\"twitter:data1\" content=\"El Digital de Asturias\" \/>\n\t\t<meta name=\"twitter:label2\" content=\"Tiempo de lectura estimado\" \/>\n\t\t<meta name=\"twitter:data2\" content=\"4 minutos\" \/>\n\t\t<script type=\"application\/ld+json\" class=\"aioseo-schema\">\n\t\t\t{\"@context\":\"https:\\\/\\\/schema.org\",\"@graph\":[{\"@type\":\"BlogPosting\",\"@id\":\"https:\\\/\\\/www.eldigitaldeasturias.com\\\/noticias\\\/kore-eda-dice-que-no-rechaza-los-filmes-violentos-pero-prefiero-las-emociones\\\/#blogposting\",\"name\":\"Kore-Eda dice que no rechaza los filmes violentos, \\u00abpero prefiero las emociones\\u00bb - El Digital de Asturias\",\"headline\":\"Kore-Eda dice que no rechaza los filmes violentos, \\u00abpero prefiero las emociones\\u00bb\",\"author\":{\"@id\":\"https:\\\/\\\/www.eldigitaldeasturias.com\\\/noticias\\\/author\\\/admin\\\/#author\"},\"publisher\":{\"@id\":\"https:\\\/\\\/www.eldigitaldeasturias.com\\\/noticias\\\/#organization\"},\"image\":{\"@type\":\"ImageObject\",\"url\":455361},\"datePublished\":\"2013-11-28T18:35:47+01:00\",\"dateModified\":\"2013-11-28T18:35:47+01:00\",\"inLanguage\":\"es-ES\",\"mainEntityOfPage\":{\"@id\":\"https:\\\/\\\/www.eldigitaldeasturias.com\\\/noticias\\\/kore-eda-dice-que-no-rechaza-los-filmes-violentos-pero-prefiero-las-emociones\\\/#webpage\"},\"isPartOf\":{\"@id\":\"https:\\\/\\\/www.eldigitaldeasturias.com\\\/noticias\\\/kore-eda-dice-que-no-rechaza-los-filmes-violentos-pero-prefiero-las-emociones\\\/#webpage\"},\"articleSection\":\"Revista de Ocio\"},{\"@type\":\"BreadcrumbList\",\"@id\":\"https:\\\/\\\/www.eldigitaldeasturias.com\\\/noticias\\\/kore-eda-dice-que-no-rechaza-los-filmes-violentos-pero-prefiero-las-emociones\\\/#breadcrumblist\",\"itemListElement\":[{\"@type\":\"ListItem\",\"@id\":\"https:\\\/\\\/www.eldigitaldeasturias.com\\\/noticias#listItem\",\"position\":1,\"name\":\"Home\",\"item\":\"https:\\\/\\\/www.eldigitaldeasturias.com\\\/noticias\",\"nextItem\":{\"@type\":\"ListItem\",\"@id\":\"https:\\\/\\\/www.eldigitaldeasturias.com\\\/noticias\\\/category\\\/revista-de-ocio\\\/#listItem\",\"name\":\"Revista de Ocio\"}},{\"@type\":\"ListItem\",\"@id\":\"https:\\\/\\\/www.eldigitaldeasturias.com\\\/noticias\\\/category\\\/revista-de-ocio\\\/#listItem\",\"position\":2,\"name\":\"Revista de Ocio\",\"item\":\"https:\\\/\\\/www.eldigitaldeasturias.com\\\/noticias\\\/category\\\/revista-de-ocio\\\/\",\"nextItem\":{\"@type\":\"ListItem\",\"@id\":\"https:\\\/\\\/www.eldigitaldeasturias.com\\\/noticias\\\/kore-eda-dice-que-no-rechaza-los-filmes-violentos-pero-prefiero-las-emociones\\\/#listItem\",\"name\":\"Kore-Eda dice que no rechaza los filmes violentos, \\u00abpero prefiero las emociones\\u00bb\"},\"previousItem\":{\"@type\":\"ListItem\",\"@id\":\"https:\\\/\\\/www.eldigitaldeasturias.com\\\/noticias#listItem\",\"name\":\"Home\"}},{\"@type\":\"ListItem\",\"@id\":\"https:\\\/\\\/www.eldigitaldeasturias.com\\\/noticias\\\/kore-eda-dice-que-no-rechaza-los-filmes-violentos-pero-prefiero-las-emociones\\\/#listItem\",\"position\":3,\"name\":\"Kore-Eda dice que no rechaza los filmes violentos, \\u00abpero prefiero las emociones\\u00bb\",\"previousItem\":{\"@type\":\"ListItem\",\"@id\":\"https:\\\/\\\/www.eldigitaldeasturias.com\\\/noticias\\\/category\\\/revista-de-ocio\\\/#listItem\",\"name\":\"Revista de Ocio\"}}]},{\"@type\":\"Organization\",\"@id\":\"https:\\\/\\\/www.eldigitaldeasturias.com\\\/noticias\\\/#organization\",\"name\":\"El Digital de Asturias\",\"description\":\"Hemeroteca\",\"url\":\"https:\\\/\\\/www.eldigitaldeasturias.com\\\/noticias\\\/\",\"email\":\"info@eldigitaldeasturias.com\",\"telephone\":\"+34652131393\",\"logo\":{\"@type\":\"ImageObject\",\"url\":\"https:\\\/\\\/www.eldigitaldeasturias.com\\\/noticias\\\/wp-content\\\/uploads\\\/2020\\\/12\\\/EDA.jpg\",\"@id\":\"https:\\\/\\\/www.eldigitaldeasturias.com\\\/noticias\\\/kore-eda-dice-que-no-rechaza-los-filmes-violentos-pero-prefiero-las-emociones\\\/#organizationLogo\"},\"image\":{\"@id\":\"https:\\\/\\\/www.eldigitaldeasturias.com\\\/noticias\\\/kore-eda-dice-que-no-rechaza-los-filmes-violentos-pero-prefiero-las-emociones\\\/#organizationLogo\"},\"sameAs\":[\"https:\\\/\\\/facebook.com\\\/eldigitaldeasturias\",\"https:\\\/\\\/www.youtube.com\\\/channel\\\/UCZP-2wLEB9Rv6erhFmqVnvg\"],\"address\":{\"@id\":\"https:\\\/\\\/www.eldigitaldeasturias.com\\\/noticias\\\/#postaladdress\",\"@type\":\"PostalAddress\",\"streetAddress\":\"san antonio 4\",\"postalCode\":\"33430\",\"addressLocality\":\"Cand\\u00e1s\",\"addressRegion\":\"Asturias\",\"addressCountry\":\"ES\"}},{\"@type\":\"Person\",\"@id\":\"https:\\\/\\\/www.eldigitaldeasturias.com\\\/noticias\\\/author\\\/admin\\\/#author\",\"url\":\"https:\\\/\\\/www.eldigitaldeasturias.com\\\/noticias\\\/author\\\/admin\\\/\",\"name\":\"El Digital de Asturias\",\"image\":{\"@type\":\"ImageObject\",\"@id\":\"https:\\\/\\\/www.eldigitaldeasturias.com\\\/noticias\\\/kore-eda-dice-que-no-rechaza-los-filmes-violentos-pero-prefiero-las-emociones\\\/#authorImage\",\"url\":\"https:\\\/\\\/secure.gravatar.com\\\/avatar\\\/df2aeffc32bcd13f8d26072ef8a91b623d677766deac7f97ca815868cd41bf5e?s=96&d=mm&r=g\",\"width\":96,\"height\":96,\"caption\":\"El Digital de Asturias\"}},{\"@type\":\"WebPage\",\"@id\":\"https:\\\/\\\/www.eldigitaldeasturias.com\\\/noticias\\\/kore-eda-dice-que-no-rechaza-los-filmes-violentos-pero-prefiero-las-emociones\\\/#webpage\",\"url\":\"https:\\\/\\\/www.eldigitaldeasturias.com\\\/noticias\\\/kore-eda-dice-que-no-rechaza-los-filmes-violentos-pero-prefiero-las-emociones\\\/\",\"name\":\"Kore-Eda dice que no rechaza los filmes violentos, \\u00abpero prefiero las emociones\\u00bb - El Digital de Asturias\",\"description\":\"Madrid, 28 nov (EFE).- Hirokazu Kore-Eda estrena ma\\u00f1ana en Espa\\u00f1a \\\"De tal padre, tal hijo\\\", una pel\\u00edcula en la que las emociones son el centro de la historia, algo habitual en el cine del realizador japon\\u00e9s, que prefiere los sentimientos por encima de la violencia. \\\"'Drive' y ese tipo de pel\\u00edculas son muy buenas, no\",\"inLanguage\":\"es-ES\",\"isPartOf\":{\"@id\":\"https:\\\/\\\/www.eldigitaldeasturias.com\\\/noticias\\\/#website\"},\"breadcrumb\":{\"@id\":\"https:\\\/\\\/www.eldigitaldeasturias.com\\\/noticias\\\/kore-eda-dice-que-no-rechaza-los-filmes-violentos-pero-prefiero-las-emociones\\\/#breadcrumblist\"},\"author\":{\"@id\":\"https:\\\/\\\/www.eldigitaldeasturias.com\\\/noticias\\\/author\\\/admin\\\/#author\"},\"creator\":{\"@id\":\"https:\\\/\\\/www.eldigitaldeasturias.com\\\/noticias\\\/author\\\/admin\\\/#author\"},\"image\":{\"@type\":\"ImageObject\",\"url\":455361,\"@id\":\"https:\\\/\\\/www.eldigitaldeasturias.com\\\/noticias\\\/kore-eda-dice-que-no-rechaza-los-filmes-violentos-pero-prefiero-las-emociones\\\/#mainImage\"},\"primaryImageOfPage\":{\"@id\":\"https:\\\/\\\/www.eldigitaldeasturias.com\\\/noticias\\\/kore-eda-dice-que-no-rechaza-los-filmes-violentos-pero-prefiero-las-emociones\\\/#mainImage\"},\"datePublished\":\"2013-11-28T18:35:47+01:00\",\"dateModified\":\"2013-11-28T18:35:47+01:00\"},{\"@type\":\"WebSite\",\"@id\":\"https:\\\/\\\/www.eldigitaldeasturias.com\\\/noticias\\\/#website\",\"url\":\"https:\\\/\\\/www.eldigitaldeasturias.com\\\/noticias\\\/\",\"name\":\"El Digital de Asturias - Diario de actualidad y noticias\",\"alternateName\":\"El Digital de Asturias - Diario de actualidad y noticias\",\"description\":\"Hemeroteca\",\"inLanguage\":\"es-ES\",\"publisher\":{\"@id\":\"https:\\\/\\\/www.eldigitaldeasturias.com\\\/noticias\\\/#organization\"}}]}\n\t\t<\/script>\n\t\t<!-- All in One SEO Pro -->\r\n\t\t<title>Kore-Eda dice que no rechaza los filmes violentos, \u00abpero prefiero las emociones\u00bb - El Digital de Asturias<\/title>\n\n","aioseo_head_json":{"title":"Kore-Eda dice que no rechaza los filmes violentos, \u00abpero prefiero las emociones\u00bb - El Digital de Asturias","description":"Madrid, 28 nov (EFE).- Hirokazu Kore-Eda estrena ma\u00f1ana en Espa\u00f1a \"De tal padre, tal hijo\", una pel\u00edcula en la que las emociones son el centro de la historia, algo habitual en el cine del realizador japon\u00e9s, que prefiere los sentimientos por encima de la violencia. \"'Drive' y ese tipo de pel\u00edculas son muy buenas, no","canonical_url":"https:\/\/www.eldigitaldeasturias.com\/noticias\/kore-eda-dice-que-no-rechaza-los-filmes-violentos-pero-prefiero-las-emociones\/","robots":"max-image-preview:large","keywords":"revista de ocio","webmasterTools":{"google-site-verification":"UA-38556648-1","msvalidate.01":"7dfe9f3f1b24437ab69f4f2559babe99","miscellaneous":""},"schema":{"@context":"https:\/\/schema.org","@graph":[{"@type":"BlogPosting","@id":"https:\/\/www.eldigitaldeasturias.com\/noticias\/kore-eda-dice-que-no-rechaza-los-filmes-violentos-pero-prefiero-las-emociones\/#blogposting","name":"Kore-Eda dice que no rechaza los filmes violentos, \u00abpero prefiero las emociones\u00bb - El Digital de Asturias","headline":"Kore-Eda dice que no rechaza los filmes violentos, \u00abpero prefiero las emociones\u00bb","author":{"@id":"https:\/\/www.eldigitaldeasturias.com\/noticias\/author\/admin\/#author"},"publisher":{"@id":"https:\/\/www.eldigitaldeasturias.com\/noticias\/#organization"},"image":{"@type":"ImageObject","url":455361},"datePublished":"2013-11-28T18:35:47+01:00","dateModified":"2013-11-28T18:35:47+01:00","inLanguage":"es-ES","mainEntityOfPage":{"@id":"https:\/\/www.eldigitaldeasturias.com\/noticias\/kore-eda-dice-que-no-rechaza-los-filmes-violentos-pero-prefiero-las-emociones\/#webpage"},"isPartOf":{"@id":"https:\/\/www.eldigitaldeasturias.com\/noticias\/kore-eda-dice-que-no-rechaza-los-filmes-violentos-pero-prefiero-las-emociones\/#webpage"},"articleSection":"Revista de Ocio"},{"@type":"BreadcrumbList","@id":"https:\/\/www.eldigitaldeasturias.com\/noticias\/kore-eda-dice-que-no-rechaza-los-filmes-violentos-pero-prefiero-las-emociones\/#breadcrumblist","itemListElement":[{"@type":"ListItem","@id":"https:\/\/www.eldigitaldeasturias.com\/noticias#listItem","position":1,"name":"Home","item":"https:\/\/www.eldigitaldeasturias.com\/noticias","nextItem":{"@type":"ListItem","@id":"https:\/\/www.eldigitaldeasturias.com\/noticias\/category\/revista-de-ocio\/#listItem","name":"Revista de Ocio"}},{"@type":"ListItem","@id":"https:\/\/www.eldigitaldeasturias.com\/noticias\/category\/revista-de-ocio\/#listItem","position":2,"name":"Revista de Ocio","item":"https:\/\/www.eldigitaldeasturias.com\/noticias\/category\/revista-de-ocio\/","nextItem":{"@type":"ListItem","@id":"https:\/\/www.eldigitaldeasturias.com\/noticias\/kore-eda-dice-que-no-rechaza-los-filmes-violentos-pero-prefiero-las-emociones\/#listItem","name":"Kore-Eda dice que no rechaza los filmes violentos, \u00abpero prefiero las emociones\u00bb"},"previousItem":{"@type":"ListItem","@id":"https:\/\/www.eldigitaldeasturias.com\/noticias#listItem","name":"Home"}},{"@type":"ListItem","@id":"https:\/\/www.eldigitaldeasturias.com\/noticias\/kore-eda-dice-que-no-rechaza-los-filmes-violentos-pero-prefiero-las-emociones\/#listItem","position":3,"name":"Kore-Eda dice que no rechaza los filmes violentos, \u00abpero prefiero las emociones\u00bb","previousItem":{"@type":"ListItem","@id":"https:\/\/www.eldigitaldeasturias.com\/noticias\/category\/revista-de-ocio\/#listItem","name":"Revista de Ocio"}}]},{"@type":"Organization","@id":"https:\/\/www.eldigitaldeasturias.com\/noticias\/#organization","name":"El Digital de Asturias","description":"Hemeroteca","url":"https:\/\/www.eldigitaldeasturias.com\/noticias\/","email":"info@eldigitaldeasturias.com","telephone":"+34652131393","logo":{"@type":"ImageObject","url":"https:\/\/www.eldigitaldeasturias.com\/noticias\/wp-content\/uploads\/2020\/12\/EDA.jpg","@id":"https:\/\/www.eldigitaldeasturias.com\/noticias\/kore-eda-dice-que-no-rechaza-los-filmes-violentos-pero-prefiero-las-emociones\/#organizationLogo"},"image":{"@id":"https:\/\/www.eldigitaldeasturias.com\/noticias\/kore-eda-dice-que-no-rechaza-los-filmes-violentos-pero-prefiero-las-emociones\/#organizationLogo"},"sameAs":["https:\/\/facebook.com\/eldigitaldeasturias","https:\/\/www.youtube.com\/channel\/UCZP-2wLEB9Rv6erhFmqVnvg"],"address":{"@id":"https:\/\/www.eldigitaldeasturias.com\/noticias\/#postaladdress","@type":"PostalAddress","streetAddress":"san antonio 4","postalCode":"33430","addressLocality":"Cand\u00e1s","addressRegion":"Asturias","addressCountry":"ES"}},{"@type":"Person","@id":"https:\/\/www.eldigitaldeasturias.com\/noticias\/author\/admin\/#author","url":"https:\/\/www.eldigitaldeasturias.com\/noticias\/author\/admin\/","name":"El Digital de Asturias","image":{"@type":"ImageObject","@id":"https:\/\/www.eldigitaldeasturias.com\/noticias\/kore-eda-dice-que-no-rechaza-los-filmes-violentos-pero-prefiero-las-emociones\/#authorImage","url":"https:\/\/secure.gravatar.com\/avatar\/df2aeffc32bcd13f8d26072ef8a91b623d677766deac7f97ca815868cd41bf5e?s=96&d=mm&r=g","width":96,"height":96,"caption":"El Digital de Asturias"}},{"@type":"WebPage","@id":"https:\/\/www.eldigitaldeasturias.com\/noticias\/kore-eda-dice-que-no-rechaza-los-filmes-violentos-pero-prefiero-las-emociones\/#webpage","url":"https:\/\/www.eldigitaldeasturias.com\/noticias\/kore-eda-dice-que-no-rechaza-los-filmes-violentos-pero-prefiero-las-emociones\/","name":"Kore-Eda dice que no rechaza los filmes violentos, \u00abpero prefiero las emociones\u00bb - El Digital de Asturias","description":"Madrid, 28 nov (EFE).- Hirokazu Kore-Eda estrena ma\u00f1ana en Espa\u00f1a \"De tal padre, tal hijo\", una pel\u00edcula en la que las emociones son el centro de la historia, algo habitual en el cine del realizador japon\u00e9s, que prefiere los sentimientos por encima de la violencia. \"'Drive' y ese tipo de pel\u00edculas son muy buenas, no","inLanguage":"es-ES","isPartOf":{"@id":"https:\/\/www.eldigitaldeasturias.com\/noticias\/#website"},"breadcrumb":{"@id":"https:\/\/www.eldigitaldeasturias.com\/noticias\/kore-eda-dice-que-no-rechaza-los-filmes-violentos-pero-prefiero-las-emociones\/#breadcrumblist"},"author":{"@id":"https:\/\/www.eldigitaldeasturias.com\/noticias\/author\/admin\/#author"},"creator":{"@id":"https:\/\/www.eldigitaldeasturias.com\/noticias\/author\/admin\/#author"},"image":{"@type":"ImageObject","url":455361,"@id":"https:\/\/www.eldigitaldeasturias.com\/noticias\/kore-eda-dice-que-no-rechaza-los-filmes-violentos-pero-prefiero-las-emociones\/#mainImage"},"primaryImageOfPage":{"@id":"https:\/\/www.eldigitaldeasturias.com\/noticias\/kore-eda-dice-que-no-rechaza-los-filmes-violentos-pero-prefiero-las-emociones\/#mainImage"},"datePublished":"2013-11-28T18:35:47+01:00","dateModified":"2013-11-28T18:35:47+01:00"},{"@type":"WebSite","@id":"https:\/\/www.eldigitaldeasturias.com\/noticias\/#website","url":"https:\/\/www.eldigitaldeasturias.com\/noticias\/","name":"El Digital de Asturias - Diario de actualidad y noticias","alternateName":"El Digital de Asturias - Diario de actualidad y noticias","description":"Hemeroteca","inLanguage":"es-ES","publisher":{"@id":"https:\/\/www.eldigitaldeasturias.com\/noticias\/#organization"}}]},"og:locale":"es_ES","og:site_name":"El Digital de Asturias","og:type":"article","og:title":"Kore-Eda dice que no rechaza los filmes violentos, \u00abpero prefiero las emociones\u00bb - El Digital de Asturias","og:description":"Madrid, 28 nov (EFE).- Hirokazu Kore-Eda estrena ma\u00f1ana en Espa\u00f1a &quot;De tal padre, tal hijo&quot;, una pel\u00edcula en la que las emociones son el centro de la historia, algo habitual en el cine del realizador japon\u00e9s, que prefiere los sentimientos por encima de la violencia. &quot;'Drive' y ese tipo de pel\u00edculas son muy buenas, no","og:url":"https:\/\/www.eldigitaldeasturias.com\/noticias\/kore-eda-dice-que-no-rechaza-los-filmes-violentos-pero-prefiero-las-emociones\/","article:tag":["revista de ocio"],"article:published_time":"2013-11-28T19:35:47+00:00","article:modified_time":"2013-11-28T19:35:47+00:00","article:publisher":"https:\/\/facebook.com\/eldigitaldeasturias","twitter:card":"summary_large_image","twitter:title":"Kore-Eda dice que no rechaza los filmes violentos, \u00abpero prefiero las emociones\u00bb - El Digital de Asturias","twitter:description":"Madrid, 28 nov (EFE).- Hirokazu Kore-Eda estrena ma\u00f1ana en Espa\u00f1a &quot;De tal padre, tal hijo&quot;, una pel\u00edcula en la que las emociones son el centro de la historia, algo habitual en el cine del realizador japon\u00e9s, que prefiere los sentimientos por encima de la violencia. &quot;'Drive' y ese tipo de pel\u00edculas son muy buenas, no","twitter:label1":"Escrito por","twitter:data1":"El Digital de Asturias","twitter:label2":"Tiempo de lectura estimado","twitter:data2":"4 minutos"},"aioseo_meta_data":{"post_id":"455360","title":null,"description":null,"keywords":null,"keyphrases":null,"primary_term":null,"canonical_url":null,"og_title":null,"og_description":null,"og_object_type":"default","og_image_type":"default","og_image_url":null,"og_image_width":null,"og_image_height":null,"og_image_custom_url":null,"og_image_custom_fields":null,"og_video":null,"og_custom_url":null,"og_article_section":null,"og_article_tags":null,"twitter_use_og":true,"twitter_card":"default","twitter_image_type":"default","twitter_image_url":null,"twitter_image_custom_url":null,"twitter_image_custom_fields":null,"twitter_title":null,"twitter_description":null,"schema":{"blockGraphs":[],"customGraphs":[],"default":{"data":{"Article":[],"Course":[],"Dataset":[],"FAQPage":[],"Movie":[],"Person":[],"Product":[],"ProductReview":[],"Car":[],"Recipe":[],"Service":[],"SoftwareApplication":[],"WebPage":[]},"graphName":"","isEnabled":true},"graphs":[],"defaultGraph":"","defaultPostTypeGraph":""},"schema_type":null,"schema_type_options":null,"pillar_content":false,"robots_default":true,"robots_noindex":false,"robots_noarchive":false,"robots_nosnippet":false,"robots_nofollow":false,"robots_noimageindex":false,"robots_noodp":false,"robots_notranslate":false,"robots_max_snippet":null,"robots_max_videopreview":null,"robots_max_imagepreview":"none","priority":null,"frequency":null,"local_seo":null,"seo_analyzer_scan_date":"2026-05-29 18:01:56","breadcrumb_settings":null,"limit_modified_date":false,"open_ai":null,"ai":null,"created":"2020-11-14 22:45:19","updated":"2026-05-29 18:01:56","focus_keyword":null,"additional_keywords":null,"truseo_locale":null},"aioseo_breadcrumb":"<div class=\"aioseo-breadcrumbs\"><span class=\"aioseo-breadcrumb\">\n\t<a href=\"https:\/\/www.eldigitaldeasturias.com\/noticias\" title=\"Home\">Home<\/a>\n<\/span><span class=\"aioseo-breadcrumb-separator\">\u2013<\/span><span class=\"aioseo-breadcrumb\">\n\t<a href=\"https:\/\/www.eldigitaldeasturias.com\/noticias\/category\/revista-de-ocio\/\" title=\"Revista de Ocio\">Revista de Ocio<\/a>\n<\/span><span class=\"aioseo-breadcrumb-separator\">\u2013<\/span><span class=\"aioseo-breadcrumb\">\n\t<a href=\"https:\/\/www.eldigitaldeasturias.com\/noticias\/kore-eda-dice-que-no-rechaza-los-filmes-violentos-pero-prefiero-las-emociones\/\" title=\"Kore-Eda dice que no rechaza los filmes violentos, \u00abpero prefiero las emociones\u00bb\">Kore-Eda dice que no rechaza los filmes violentos, \u00abpero prefiero las emociones\u00bb<\/a>\n<\/span><\/div>","aioseo_breadcrumb_json":[{"label":"Home","link":"https:\/\/www.eldigitaldeasturias.com\/noticias"},{"label":"Revista de Ocio","link":"https:\/\/www.eldigitaldeasturias.com\/noticias\/category\/revista-de-ocio\/"},{"label":"Kore-Eda dice que no rechaza los filmes violentos, \u00abpero prefiero las emociones\u00bb","link":"https:\/\/www.eldigitaldeasturias.com\/noticias\/kore-eda-dice-que-no-rechaza-los-filmes-violentos-pero-prefiero-las-emociones\/"}],"_links":{"self":[{"href":"https:\/\/www.eldigitaldeasturias.com\/noticias\/wp-json\/wp\/v2\/posts\/455360","targetHints":{"allow":["GET"]}}],"collection":[{"href":"https:\/\/www.eldigitaldeasturias.com\/noticias\/wp-json\/wp\/v2\/posts"}],"about":[{"href":"https:\/\/www.eldigitaldeasturias.com\/noticias\/wp-json\/wp\/v2\/types\/post"}],"author":[{"embeddable":true,"href":"https:\/\/www.eldigitaldeasturias.com\/noticias\/wp-json\/wp\/v2\/users\/1"}],"replies":[{"embeddable":true,"href":"https:\/\/www.eldigitaldeasturias.com\/noticias\/wp-json\/wp\/v2\/comments?post=455360"}],"version-history":[{"count":0,"href":"https:\/\/www.eldigitaldeasturias.com\/noticias\/wp-json\/wp\/v2\/posts\/455360\/revisions"}],"wp:attachment":[{"href":"https:\/\/www.eldigitaldeasturias.com\/noticias\/wp-json\/wp\/v2\/media?parent=455360"}],"wp:term":[{"taxonomy":"category","embeddable":true,"href":"https:\/\/www.eldigitaldeasturias.com\/noticias\/wp-json\/wp\/v2\/categories?post=455360"},{"taxonomy":"post_tag","embeddable":true,"href":"https:\/\/www.eldigitaldeasturias.com\/noticias\/wp-json\/wp\/v2\/tags?post=455360"}],"curies":[{"name":"wp","href":"https:\/\/api.w.org\/{rel}","templated":true}]}}