{"id":455321,"date":"2013-11-28T18:08:34","date_gmt":"2013-11-28T19:08:34","guid":{"rendered":"http:\/\/www.eldigitaldeasturias.com\/noticias\/?p=455321"},"modified":"2013-11-28T18:08:34","modified_gmt":"2013-11-28T19:08:34","slug":"vargas-llosa-asegura-que-la-crueldad-humana-puede-superar-a-la-imaginacion-perversa","status":"publish","type":"post","link":"https:\/\/www.eldigitaldeasturias.com\/noticias\/vargas-llosa-asegura-que-la-crueldad-humana-puede-superar-a-la-imaginacion-perversa\/","title":{"rendered":"Vargas Llosa asegura que la crueldad humana \u00abpuede superar a la imaginaci\u00f3n perversa\u00bb"},"content":{"rendered":"<p><img loading=\"lazy\" decoding=\"async\" class=\"alignleft size-medium wp-image-455322\" alt=\"5758817w\" src=\"https:\/\/www.eldigitaldeasturias.com\/noticias\/wp-content\/uploads\/2013\/11\/5758817w-360x253.jpg\" width=\"360\" height=\"253\" \/>M\u00e9xico, 28 nov (EFE).- El nobel de literatura Mario Vargas Llosa, que investig\u00f3 los abusos del dictador dominicano Trujillo para su novela \u00abLa fiesta del chivo\u00bb, lament\u00f3 que la \u00abcrueldad humana\u00bb pueda superar los l\u00edmites de la \u00abimaginaci\u00f3n perversa\u00bb.<\/p>\n<p>Algo tan \u00ababsolutamente repelente\u00bb como que las familias regalasen a sus hijas al dictador Rafael Le\u00f3nidas Trujillo (1930-1961) es prueba de que \u00abla crueldad humana, la maldad humana, puede ir mucho m\u00e1s lejos que la misma pesadilla, que la misma imaginaci\u00f3n perversa\u00bb, critic\u00f3 Vargas Llosa en la capital mexicana.<\/p>\n<p>El r\u00e9gimen de Trujillo, considerado uno de los m\u00e1s crueles dictadores de Am\u00e9rica Latina y que fue ejecutado el 30 de mayo de 1961, es protagonista de la novela \u00abLa fiesta del chivo\u00bb y de su adaptaci\u00f3n cinematogr\u00e1fica y hom\u00f3nima, presentada esta noche por el escritor y por el director y familiar suyo, Luis Llosa.<\/p>\n<p>La investigaci\u00f3n de ese r\u00e9gimen fue \u00abuna de las experiencias m\u00e1s extraordinarias\u00bb para el tambi\u00e9n periodista y cr\u00edtico literario, que se fue \u00abllevando sorpresas\u00bb porque lo que le contaban sobre la dictadura parec\u00eda ir m\u00e1s all\u00e1 de lo \u00abveros\u00edmil\u00bb y lo \u00abtolerable\u00bb.<\/p>\n<p>Y cit\u00f3 el caso de la entrega de mujeres al dictador para halagarle, o la decisi\u00f3n de este de acostarse con las mujeres de sus ministros como \u00abprueba de lealtad\u00bb y sumisi\u00f3n.<\/p>\n<p>\u00abEso no ocurri\u00f3 en la Edad Media\u00bb, advirti\u00f3 Vargas Llosa, que cont\u00f3 c\u00f3mo Trujillo \u00abhipnotiz\u00f3\u00bb al pueblo dominicano de forma que este le consider\u00f3 un \u00absuperhombre\u00bb y renunci\u00f3 a su libertad y decencia.<\/p>\n<p>El ganador del Premio Cervantes, el Pr\u00edncipe de Asturias y el Carlos Fuentes, entre otros, cont\u00f3 que a partir de un momento de la infancia \u00abel cine se convirti\u00f3 en el entretenimiento mayor\u00bb de su vida, pero siempre tuvo claro que como autor no deb\u00eda involucrarse en la adaptaci\u00f3n de sus novelas.<\/p>\n<p>\u00abEl cine y la literatura se parecen mucho porque ambos cuentan historias\u00bb, pero hay una \u00abdiferencia sustancial\u00bb en contarlas a trav\u00e9s de las palabras o de la imagen, por lo que delegaba en un director al que le dejaba \u00abla misma libertad\u00bb que \u00e9l hab\u00eda tenido al crear su obra.<\/p>\n<p>Sin embargo, Vargas Llosa (Arequipa, Per\u00fa, 1936) acept\u00f3 tras muchas dudas dirigir la versi\u00f3n cinematogr\u00e1fica de su novela \u00abPantale\u00f3n y las visitadoras\u00bb, ya que \u00abpod\u00eda ser la gran aventura\u00bb de su vida.<\/p>\n<p>Seg\u00fan el tambi\u00e9n autor de \u00abLa ciudad y los perros\u00bb y \u00abEl sue\u00f1o del celta\u00bb, entre otras muchas, el resultado de esa aventura fue un largometraje \u00abcatastr\u00f3fico\u00bb.<\/p>\n<p>Esta pel\u00edcula y \u00abLa fiesta del chivo\u00bb son algunas de las que se podr\u00e1n ver en el ciclo que la Cineteca Nacional dedica desde hoy al autor, que se encuentra en M\u00e9xico para participar en varios eventos culturales relacionados con el Festival Viva Per\u00fa.<\/p>\n<p>El narrador hispano-peruano celebr\u00f3 que se busque \u00abacercar cada vez m\u00e1s en el campo cultural a dos pa\u00edses que por otra parte son tan cercanos\u00bb como M\u00e9xico y Per\u00fa.<\/p>\n<p>El programa Viva Per\u00fa y la Semana Mario Vargas Llosa incluy\u00f3 hoy tambi\u00e9n la inauguraci\u00f3n de la exposici\u00f3n \u00abM\u00edrame, Lima\u00bb, con 50 fotograf\u00edas de Morgana Vargas Llosa, hija del escritor, y de Jaime Travez\u00e1n, que reflejan \u00abla diversidad \u00e9tnica, cultural y religiosa\u00bb de la capital peruana.<\/p>\n<p>Adem\u00e1s, el acad\u00e9mico de la lengua espa\u00f1ola presentar\u00e1 ma\u00f1ana su \u00faltima novela \u00abEl h\u00e9roe discreto\u00bb (2013), y est\u00e1 previsto que el viernes acuda al estreno de la obra de teatro \u00abLa ciudad y los perros\u00bb en el Teatro Julio Castillo, adem\u00e1s de participar en la Feria Internacional del Libro de Guadalajara a partir del s\u00e1bado.<\/p>\n<p>Su visita a M\u00e9xico culminar\u00e1 con su asistencia al estreno en este pa\u00eds de la obra de teatro \u00abKathie y el hipop\u00f3tamo\u00bb, en Guadalajara, el 2 de diciembre.<\/p>\n<p>\u00abEl autor que inspira la ficci\u00f3n no puede ni debe tener la \u00faltima palabra\u00bb, coment\u00f3 Vargas Llosa, que dijo haber aprendido \u00abmuchas cosas\u00bb de su primer y \u00fanico trabajo como director de cine: \u00abYo no soy, ni ser\u00e9 nunca, un cineasta\u00bb.<\/p>\n","protected":false},"excerpt":{"rendered":"<p>M\u00e9xico, 28 nov (EFE).- El nobel de literatura Mario Vargas Llosa, que investig\u00f3 los abusos del dictador dominicano Trujillo para su novela \u00abLa fiesta del chivo\u00bb, lament\u00f3 que la \u00abcrueldad humana\u00bb pueda superar los l\u00edmites de la \u00abimaginaci\u00f3n perversa\u00bb. Algo tan \u00ababsolutamente repelente\u00bb como que las familias regalasen a sus hijas al dictador Rafael Le\u00f3nidas [&hellip;]<\/p>\n","protected":false},"author":1,"featured_media":455322,"comment_status":"open","ping_status":"open","sticky":false,"template":"","format":"standard","meta":{"footnotes":""},"categories":[28],"tags":[],"class_list":["post-455321","post","type-post","status-publish","format-standard","has-post-thumbnail","hentry","category-sociedad"],"aioseo_notices":[],"aioseo_head":"\n\t\t<!-- All in One SEO Pro 5.0.1 - aioseo.com -->\n\t<meta name=\"description\" content=\"M\u00e9xico, 28 nov (EFE).- El nobel de literatura Mario Vargas Llosa, que investig\u00f3 los abusos del dictador dominicano Trujillo para su novela &quot;La fiesta del chivo&quot;, lament\u00f3 que la &quot;crueldad humana&quot; pueda superar los l\u00edmites de la &quot;imaginaci\u00f3n perversa&quot;. Algo tan &quot;absolutamente repelente&quot; como que las familias regalasen a sus hijas al dictador Rafael Le\u00f3nidas\" \/>\n\t<meta name=\"robots\" content=\"max-image-preview:large\" \/>\n\t<meta name=\"author\" content=\"El Digital de Asturias\"\/>\n\t<meta name=\"google-site-verification\" content=\"UA-38556648-1\" \/>\n\t<meta name=\"msvalidate.01\" content=\"7dfe9f3f1b24437ab69f4f2559babe99\" \/>\n\t<meta name=\"keywords\" content=\"sociedad\" \/>\n\t<link rel=\"canonical\" href=\"https:\/\/www.eldigitaldeasturias.com\/noticias\/vargas-llosa-asegura-que-la-crueldad-humana-puede-superar-a-la-imaginacion-perversa\/\" \/>\n\t<meta name=\"generator\" content=\"All in One SEO Pro (AIOSEO) 5.0.1\" \/>\n\t\t<meta property=\"og:locale\" content=\"es_ES\" \/>\n\t\t<meta property=\"og:site_name\" content=\"El Digital de Asturias\" \/>\n\t\t<meta property=\"og:type\" content=\"article\" \/>\n\t\t<meta property=\"og:title\" content=\"Vargas Llosa asegura que la crueldad humana \u00abpuede superar a la imaginaci\u00f3n perversa\u00bb - El Digital de Asturias\" \/>\n\t\t<meta property=\"og:description\" content=\"M\u00e9xico, 28 nov (EFE).- El nobel de literatura Mario Vargas Llosa, que investig\u00f3 los abusos del dictador dominicano Trujillo para su novela &quot;La fiesta del chivo&quot;, lament\u00f3 que la &quot;crueldad humana&quot; pueda superar los l\u00edmites de la &quot;imaginaci\u00f3n perversa&quot;. Algo tan &quot;absolutamente repelente&quot; como que las familias regalasen a sus hijas al dictador Rafael Le\u00f3nidas\" \/>\n\t\t<meta property=\"og:url\" content=\"https:\/\/www.eldigitaldeasturias.com\/noticias\/vargas-llosa-asegura-que-la-crueldad-humana-puede-superar-a-la-imaginacion-perversa\/\" \/>\n\t\t<meta property=\"article:tag\" content=\"sociedad\" \/>\n\t\t<meta property=\"article:published_time\" content=\"2013-11-28T19:08:34+00:00\" \/>\n\t\t<meta property=\"article:modified_time\" content=\"2013-11-28T19:08:34+00:00\" \/>\n\t\t<meta property=\"article:publisher\" content=\"https:\/\/facebook.com\/eldigitaldeasturias\" \/>\n\t\t<meta name=\"twitter:card\" content=\"summary_large_image\" \/>\n\t\t<meta name=\"twitter:title\" content=\"Vargas Llosa asegura que la crueldad humana \u00abpuede superar a la imaginaci\u00f3n perversa\u00bb - El Digital de Asturias\" \/>\n\t\t<meta name=\"twitter:description\" content=\"M\u00e9xico, 28 nov (EFE).- El nobel de literatura Mario Vargas Llosa, que investig\u00f3 los abusos del dictador dominicano Trujillo para su novela &quot;La fiesta del chivo&quot;, lament\u00f3 que la &quot;crueldad humana&quot; pueda superar los l\u00edmites de la &quot;imaginaci\u00f3n perversa&quot;. Algo tan &quot;absolutamente repelente&quot; como que las familias regalasen a sus hijas al dictador Rafael Le\u00f3nidas\" \/>\n\t\t<meta name=\"twitter:label1\" content=\"Escrito por\" \/>\n\t\t<meta name=\"twitter:data1\" content=\"El Digital de Asturias\" \/>\n\t\t<meta name=\"twitter:label2\" content=\"Tiempo de lectura estimado\" \/>\n\t\t<meta name=\"twitter:data2\" content=\"4 minutos\" \/>\n\t\t<script type=\"application\/ld+json\" class=\"aioseo-schema\">\n\t\t\t{\"@context\":\"https:\\\/\\\/schema.org\",\"@graph\":[{\"@type\":\"BlogPosting\",\"@id\":\"https:\\\/\\\/www.eldigitaldeasturias.com\\\/noticias\\\/vargas-llosa-asegura-que-la-crueldad-humana-puede-superar-a-la-imaginacion-perversa\\\/#blogposting\",\"name\":\"Vargas Llosa asegura que la crueldad humana \\u00abpuede superar a la imaginaci\\u00f3n perversa\\u00bb - El Digital de Asturias\",\"headline\":\"Vargas Llosa asegura que la crueldad humana \\u00abpuede superar a la imaginaci\\u00f3n perversa\\u00bb\",\"author\":{\"@id\":\"https:\\\/\\\/www.eldigitaldeasturias.com\\\/noticias\\\/author\\\/admin\\\/#author\"},\"publisher\":{\"@id\":\"https:\\\/\\\/www.eldigitaldeasturias.com\\\/noticias\\\/#organization\"},\"image\":{\"@type\":\"ImageObject\",\"url\":455322},\"datePublished\":\"2013-11-28T18:08:34+01:00\",\"dateModified\":\"2013-11-28T18:08:34+01:00\",\"inLanguage\":\"es-ES\",\"mainEntityOfPage\":{\"@id\":\"https:\\\/\\\/www.eldigitaldeasturias.com\\\/noticias\\\/vargas-llosa-asegura-que-la-crueldad-humana-puede-superar-a-la-imaginacion-perversa\\\/#webpage\"},\"isPartOf\":{\"@id\":\"https:\\\/\\\/www.eldigitaldeasturias.com\\\/noticias\\\/vargas-llosa-asegura-que-la-crueldad-humana-puede-superar-a-la-imaginacion-perversa\\\/#webpage\"},\"articleSection\":\"Sociedad\"},{\"@type\":\"BreadcrumbList\",\"@id\":\"https:\\\/\\\/www.eldigitaldeasturias.com\\\/noticias\\\/vargas-llosa-asegura-que-la-crueldad-humana-puede-superar-a-la-imaginacion-perversa\\\/#breadcrumblist\",\"itemListElement\":[{\"@type\":\"ListItem\",\"@id\":\"https:\\\/\\\/www.eldigitaldeasturias.com\\\/noticias#listItem\",\"position\":1,\"name\":\"Home\",\"item\":\"https:\\\/\\\/www.eldigitaldeasturias.com\\\/noticias\",\"nextItem\":{\"@type\":\"ListItem\",\"@id\":\"https:\\\/\\\/www.eldigitaldeasturias.com\\\/noticias\\\/category\\\/sociedad\\\/#listItem\",\"name\":\"Sociedad\"}},{\"@type\":\"ListItem\",\"@id\":\"https:\\\/\\\/www.eldigitaldeasturias.com\\\/noticias\\\/category\\\/sociedad\\\/#listItem\",\"position\":2,\"name\":\"Sociedad\",\"item\":\"https:\\\/\\\/www.eldigitaldeasturias.com\\\/noticias\\\/category\\\/sociedad\\\/\",\"nextItem\":{\"@type\":\"ListItem\",\"@id\":\"https:\\\/\\\/www.eldigitaldeasturias.com\\\/noticias\\\/vargas-llosa-asegura-que-la-crueldad-humana-puede-superar-a-la-imaginacion-perversa\\\/#listItem\",\"name\":\"Vargas Llosa asegura que la crueldad humana \\u00abpuede superar a la imaginaci\\u00f3n perversa\\u00bb\"},\"previousItem\":{\"@type\":\"ListItem\",\"@id\":\"https:\\\/\\\/www.eldigitaldeasturias.com\\\/noticias#listItem\",\"name\":\"Home\"}},{\"@type\":\"ListItem\",\"@id\":\"https:\\\/\\\/www.eldigitaldeasturias.com\\\/noticias\\\/vargas-llosa-asegura-que-la-crueldad-humana-puede-superar-a-la-imaginacion-perversa\\\/#listItem\",\"position\":3,\"name\":\"Vargas Llosa asegura que la crueldad humana \\u00abpuede superar a la imaginaci\\u00f3n perversa\\u00bb\",\"previousItem\":{\"@type\":\"ListItem\",\"@id\":\"https:\\\/\\\/www.eldigitaldeasturias.com\\\/noticias\\\/category\\\/sociedad\\\/#listItem\",\"name\":\"Sociedad\"}}]},{\"@type\":\"Organization\",\"@id\":\"https:\\\/\\\/www.eldigitaldeasturias.com\\\/noticias\\\/#organization\",\"name\":\"El Digital de Asturias\",\"description\":\"Hemeroteca\",\"url\":\"https:\\\/\\\/www.eldigitaldeasturias.com\\\/noticias\\\/\",\"email\":\"info@eldigitaldeasturias.com\",\"telephone\":\"+34652131393\",\"logo\":{\"@type\":\"ImageObject\",\"url\":\"https:\\\/\\\/www.eldigitaldeasturias.com\\\/noticias\\\/wp-content\\\/uploads\\\/2020\\\/12\\\/EDA.jpg\",\"@id\":\"https:\\\/\\\/www.eldigitaldeasturias.com\\\/noticias\\\/vargas-llosa-asegura-que-la-crueldad-humana-puede-superar-a-la-imaginacion-perversa\\\/#organizationLogo\"},\"image\":{\"@id\":\"https:\\\/\\\/www.eldigitaldeasturias.com\\\/noticias\\\/vargas-llosa-asegura-que-la-crueldad-humana-puede-superar-a-la-imaginacion-perversa\\\/#organizationLogo\"},\"sameAs\":[\"https:\\\/\\\/facebook.com\\\/eldigitaldeasturias\",\"https:\\\/\\\/www.youtube.com\\\/channel\\\/UCZP-2wLEB9Rv6erhFmqVnvg\"],\"address\":{\"@id\":\"https:\\\/\\\/www.eldigitaldeasturias.com\\\/noticias\\\/#postaladdress\",\"@type\":\"PostalAddress\",\"streetAddress\":\"san antonio 4\",\"postalCode\":\"33430\",\"addressLocality\":\"Cand\\u00e1s\",\"addressRegion\":\"Asturias\",\"addressCountry\":\"ES\"}},{\"@type\":\"Person\",\"@id\":\"https:\\\/\\\/www.eldigitaldeasturias.com\\\/noticias\\\/author\\\/admin\\\/#author\",\"url\":\"https:\\\/\\\/www.eldigitaldeasturias.com\\\/noticias\\\/author\\\/admin\\\/\",\"name\":\"El Digital de Asturias\",\"image\":{\"@type\":\"ImageObject\",\"@id\":\"https:\\\/\\\/www.eldigitaldeasturias.com\\\/noticias\\\/vargas-llosa-asegura-que-la-crueldad-humana-puede-superar-a-la-imaginacion-perversa\\\/#authorImage\",\"url\":\"https:\\\/\\\/secure.gravatar.com\\\/avatar\\\/df2aeffc32bcd13f8d26072ef8a91b623d677766deac7f97ca815868cd41bf5e?s=96&d=mm&r=g\",\"width\":96,\"height\":96,\"caption\":\"El Digital de Asturias\"}},{\"@type\":\"WebPage\",\"@id\":\"https:\\\/\\\/www.eldigitaldeasturias.com\\\/noticias\\\/vargas-llosa-asegura-que-la-crueldad-humana-puede-superar-a-la-imaginacion-perversa\\\/#webpage\",\"url\":\"https:\\\/\\\/www.eldigitaldeasturias.com\\\/noticias\\\/vargas-llosa-asegura-que-la-crueldad-humana-puede-superar-a-la-imaginacion-perversa\\\/\",\"name\":\"Vargas Llosa asegura que la crueldad humana \\u00abpuede superar a la imaginaci\\u00f3n perversa\\u00bb - El Digital de Asturias\",\"description\":\"M\\u00e9xico, 28 nov (EFE).- El nobel de literatura Mario Vargas Llosa, que investig\\u00f3 los abusos del dictador dominicano Trujillo para su novela \\\"La fiesta del chivo\\\", lament\\u00f3 que la \\\"crueldad humana\\\" pueda superar los l\\u00edmites de la \\\"imaginaci\\u00f3n perversa\\\". Algo tan \\\"absolutamente repelente\\\" como que las familias regalasen a sus hijas al dictador Rafael Le\\u00f3nidas\",\"inLanguage\":\"es-ES\",\"isPartOf\":{\"@id\":\"https:\\\/\\\/www.eldigitaldeasturias.com\\\/noticias\\\/#website\"},\"breadcrumb\":{\"@id\":\"https:\\\/\\\/www.eldigitaldeasturias.com\\\/noticias\\\/vargas-llosa-asegura-que-la-crueldad-humana-puede-superar-a-la-imaginacion-perversa\\\/#breadcrumblist\"},\"author\":{\"@id\":\"https:\\\/\\\/www.eldigitaldeasturias.com\\\/noticias\\\/author\\\/admin\\\/#author\"},\"creator\":{\"@id\":\"https:\\\/\\\/www.eldigitaldeasturias.com\\\/noticias\\\/author\\\/admin\\\/#author\"},\"image\":{\"@type\":\"ImageObject\",\"url\":455322,\"@id\":\"https:\\\/\\\/www.eldigitaldeasturias.com\\\/noticias\\\/vargas-llosa-asegura-que-la-crueldad-humana-puede-superar-a-la-imaginacion-perversa\\\/#mainImage\"},\"primaryImageOfPage\":{\"@id\":\"https:\\\/\\\/www.eldigitaldeasturias.com\\\/noticias\\\/vargas-llosa-asegura-que-la-crueldad-humana-puede-superar-a-la-imaginacion-perversa\\\/#mainImage\"},\"datePublished\":\"2013-11-28T18:08:34+01:00\",\"dateModified\":\"2013-11-28T18:08:34+01:00\"},{\"@type\":\"WebSite\",\"@id\":\"https:\\\/\\\/www.eldigitaldeasturias.com\\\/noticias\\\/#website\",\"url\":\"https:\\\/\\\/www.eldigitaldeasturias.com\\\/noticias\\\/\",\"name\":\"El Digital de Asturias - Diario de actualidad y noticias\",\"alternateName\":\"El Digital de Asturias - Diario de actualidad y noticias\",\"description\":\"Hemeroteca\",\"inLanguage\":\"es-ES\",\"publisher\":{\"@id\":\"https:\\\/\\\/www.eldigitaldeasturias.com\\\/noticias\\\/#organization\"}}]}\n\t\t<\/script>\n\t\t<!-- All in One SEO Pro -->\r\n\t\t<title>Vargas Llosa asegura que la crueldad humana \u00abpuede superar a la imaginaci\u00f3n perversa\u00bb - El Digital de Asturias<\/title>\n\n","aioseo_head_json":{"title":"Vargas Llosa asegura que la crueldad humana \u00abpuede superar a la imaginaci\u00f3n perversa\u00bb - El Digital de Asturias","description":"M\u00e9xico, 28 nov (EFE).- El nobel de literatura Mario Vargas Llosa, que investig\u00f3 los abusos del dictador dominicano Trujillo para su novela \"La fiesta del chivo\", lament\u00f3 que la \"crueldad humana\" pueda superar los l\u00edmites de la \"imaginaci\u00f3n perversa\". Algo tan \"absolutamente repelente\" como que las familias regalasen a sus hijas al dictador Rafael Le\u00f3nidas","canonical_url":"https:\/\/www.eldigitaldeasturias.com\/noticias\/vargas-llosa-asegura-que-la-crueldad-humana-puede-superar-a-la-imaginacion-perversa\/","robots":"max-image-preview:large","keywords":"sociedad","webmasterTools":{"google-site-verification":"UA-38556648-1","msvalidate.01":"7dfe9f3f1b24437ab69f4f2559babe99","miscellaneous":""},"schema":{"@context":"https:\/\/schema.org","@graph":[{"@type":"BlogPosting","@id":"https:\/\/www.eldigitaldeasturias.com\/noticias\/vargas-llosa-asegura-que-la-crueldad-humana-puede-superar-a-la-imaginacion-perversa\/#blogposting","name":"Vargas Llosa asegura que la crueldad humana \u00abpuede superar a la imaginaci\u00f3n perversa\u00bb - El Digital de Asturias","headline":"Vargas Llosa asegura que la crueldad humana \u00abpuede superar a la imaginaci\u00f3n perversa\u00bb","author":{"@id":"https:\/\/www.eldigitaldeasturias.com\/noticias\/author\/admin\/#author"},"publisher":{"@id":"https:\/\/www.eldigitaldeasturias.com\/noticias\/#organization"},"image":{"@type":"ImageObject","url":455322},"datePublished":"2013-11-28T18:08:34+01:00","dateModified":"2013-11-28T18:08:34+01:00","inLanguage":"es-ES","mainEntityOfPage":{"@id":"https:\/\/www.eldigitaldeasturias.com\/noticias\/vargas-llosa-asegura-que-la-crueldad-humana-puede-superar-a-la-imaginacion-perversa\/#webpage"},"isPartOf":{"@id":"https:\/\/www.eldigitaldeasturias.com\/noticias\/vargas-llosa-asegura-que-la-crueldad-humana-puede-superar-a-la-imaginacion-perversa\/#webpage"},"articleSection":"Sociedad"},{"@type":"BreadcrumbList","@id":"https:\/\/www.eldigitaldeasturias.com\/noticias\/vargas-llosa-asegura-que-la-crueldad-humana-puede-superar-a-la-imaginacion-perversa\/#breadcrumblist","itemListElement":[{"@type":"ListItem","@id":"https:\/\/www.eldigitaldeasturias.com\/noticias#listItem","position":1,"name":"Home","item":"https:\/\/www.eldigitaldeasturias.com\/noticias","nextItem":{"@type":"ListItem","@id":"https:\/\/www.eldigitaldeasturias.com\/noticias\/category\/sociedad\/#listItem","name":"Sociedad"}},{"@type":"ListItem","@id":"https:\/\/www.eldigitaldeasturias.com\/noticias\/category\/sociedad\/#listItem","position":2,"name":"Sociedad","item":"https:\/\/www.eldigitaldeasturias.com\/noticias\/category\/sociedad\/","nextItem":{"@type":"ListItem","@id":"https:\/\/www.eldigitaldeasturias.com\/noticias\/vargas-llosa-asegura-que-la-crueldad-humana-puede-superar-a-la-imaginacion-perversa\/#listItem","name":"Vargas Llosa asegura que la crueldad humana \u00abpuede superar a la imaginaci\u00f3n perversa\u00bb"},"previousItem":{"@type":"ListItem","@id":"https:\/\/www.eldigitaldeasturias.com\/noticias#listItem","name":"Home"}},{"@type":"ListItem","@id":"https:\/\/www.eldigitaldeasturias.com\/noticias\/vargas-llosa-asegura-que-la-crueldad-humana-puede-superar-a-la-imaginacion-perversa\/#listItem","position":3,"name":"Vargas Llosa asegura que la crueldad humana \u00abpuede superar a la imaginaci\u00f3n perversa\u00bb","previousItem":{"@type":"ListItem","@id":"https:\/\/www.eldigitaldeasturias.com\/noticias\/category\/sociedad\/#listItem","name":"Sociedad"}}]},{"@type":"Organization","@id":"https:\/\/www.eldigitaldeasturias.com\/noticias\/#organization","name":"El Digital de Asturias","description":"Hemeroteca","url":"https:\/\/www.eldigitaldeasturias.com\/noticias\/","email":"info@eldigitaldeasturias.com","telephone":"+34652131393","logo":{"@type":"ImageObject","url":"https:\/\/www.eldigitaldeasturias.com\/noticias\/wp-content\/uploads\/2020\/12\/EDA.jpg","@id":"https:\/\/www.eldigitaldeasturias.com\/noticias\/vargas-llosa-asegura-que-la-crueldad-humana-puede-superar-a-la-imaginacion-perversa\/#organizationLogo"},"image":{"@id":"https:\/\/www.eldigitaldeasturias.com\/noticias\/vargas-llosa-asegura-que-la-crueldad-humana-puede-superar-a-la-imaginacion-perversa\/#organizationLogo"},"sameAs":["https:\/\/facebook.com\/eldigitaldeasturias","https:\/\/www.youtube.com\/channel\/UCZP-2wLEB9Rv6erhFmqVnvg"],"address":{"@id":"https:\/\/www.eldigitaldeasturias.com\/noticias\/#postaladdress","@type":"PostalAddress","streetAddress":"san antonio 4","postalCode":"33430","addressLocality":"Cand\u00e1s","addressRegion":"Asturias","addressCountry":"ES"}},{"@type":"Person","@id":"https:\/\/www.eldigitaldeasturias.com\/noticias\/author\/admin\/#author","url":"https:\/\/www.eldigitaldeasturias.com\/noticias\/author\/admin\/","name":"El Digital de Asturias","image":{"@type":"ImageObject","@id":"https:\/\/www.eldigitaldeasturias.com\/noticias\/vargas-llosa-asegura-que-la-crueldad-humana-puede-superar-a-la-imaginacion-perversa\/#authorImage","url":"https:\/\/secure.gravatar.com\/avatar\/df2aeffc32bcd13f8d26072ef8a91b623d677766deac7f97ca815868cd41bf5e?s=96&d=mm&r=g","width":96,"height":96,"caption":"El Digital de Asturias"}},{"@type":"WebPage","@id":"https:\/\/www.eldigitaldeasturias.com\/noticias\/vargas-llosa-asegura-que-la-crueldad-humana-puede-superar-a-la-imaginacion-perversa\/#webpage","url":"https:\/\/www.eldigitaldeasturias.com\/noticias\/vargas-llosa-asegura-que-la-crueldad-humana-puede-superar-a-la-imaginacion-perversa\/","name":"Vargas Llosa asegura que la crueldad humana \u00abpuede superar a la imaginaci\u00f3n perversa\u00bb - El Digital de Asturias","description":"M\u00e9xico, 28 nov (EFE).- El nobel de literatura Mario Vargas Llosa, que investig\u00f3 los abusos del dictador dominicano Trujillo para su novela \"La fiesta del chivo\", lament\u00f3 que la \"crueldad humana\" pueda superar los l\u00edmites de la \"imaginaci\u00f3n perversa\". Algo tan \"absolutamente repelente\" como que las familias regalasen a sus hijas al dictador Rafael Le\u00f3nidas","inLanguage":"es-ES","isPartOf":{"@id":"https:\/\/www.eldigitaldeasturias.com\/noticias\/#website"},"breadcrumb":{"@id":"https:\/\/www.eldigitaldeasturias.com\/noticias\/vargas-llosa-asegura-que-la-crueldad-humana-puede-superar-a-la-imaginacion-perversa\/#breadcrumblist"},"author":{"@id":"https:\/\/www.eldigitaldeasturias.com\/noticias\/author\/admin\/#author"},"creator":{"@id":"https:\/\/www.eldigitaldeasturias.com\/noticias\/author\/admin\/#author"},"image":{"@type":"ImageObject","url":455322,"@id":"https:\/\/www.eldigitaldeasturias.com\/noticias\/vargas-llosa-asegura-que-la-crueldad-humana-puede-superar-a-la-imaginacion-perversa\/#mainImage"},"primaryImageOfPage":{"@id":"https:\/\/www.eldigitaldeasturias.com\/noticias\/vargas-llosa-asegura-que-la-crueldad-humana-puede-superar-a-la-imaginacion-perversa\/#mainImage"},"datePublished":"2013-11-28T18:08:34+01:00","dateModified":"2013-11-28T18:08:34+01:00"},{"@type":"WebSite","@id":"https:\/\/www.eldigitaldeasturias.com\/noticias\/#website","url":"https:\/\/www.eldigitaldeasturias.com\/noticias\/","name":"El Digital de Asturias - Diario de actualidad y noticias","alternateName":"El Digital de Asturias - Diario de actualidad y noticias","description":"Hemeroteca","inLanguage":"es-ES","publisher":{"@id":"https:\/\/www.eldigitaldeasturias.com\/noticias\/#organization"}}]},"og:locale":"es_ES","og:site_name":"El Digital de Asturias","og:type":"article","og:title":"Vargas Llosa asegura que la crueldad humana \u00abpuede superar a la imaginaci\u00f3n perversa\u00bb - El Digital de Asturias","og:description":"M\u00e9xico, 28 nov (EFE).- El nobel de literatura Mario Vargas Llosa, que investig\u00f3 los abusos del dictador dominicano Trujillo para su novela &quot;La fiesta del chivo&quot;, lament\u00f3 que la &quot;crueldad humana&quot; pueda superar los l\u00edmites de la &quot;imaginaci\u00f3n perversa&quot;. Algo tan &quot;absolutamente repelente&quot; como que las familias regalasen a sus hijas al dictador Rafael Le\u00f3nidas","og:url":"https:\/\/www.eldigitaldeasturias.com\/noticias\/vargas-llosa-asegura-que-la-crueldad-humana-puede-superar-a-la-imaginacion-perversa\/","article:tag":["sociedad"],"article:published_time":"2013-11-28T19:08:34+00:00","article:modified_time":"2013-11-28T19:08:34+00:00","article:publisher":"https:\/\/facebook.com\/eldigitaldeasturias","twitter:card":"summary_large_image","twitter:title":"Vargas Llosa asegura que la crueldad humana \u00abpuede superar a la imaginaci\u00f3n perversa\u00bb - El Digital de Asturias","twitter:description":"M\u00e9xico, 28 nov (EFE).- El nobel de literatura Mario Vargas Llosa, que investig\u00f3 los abusos del dictador dominicano Trujillo para su novela &quot;La fiesta del chivo&quot;, lament\u00f3 que la &quot;crueldad humana&quot; pueda superar los l\u00edmites de la &quot;imaginaci\u00f3n perversa&quot;. Algo tan &quot;absolutamente repelente&quot; como que las familias regalasen a sus hijas al dictador Rafael Le\u00f3nidas","twitter:label1":"Escrito por","twitter:data1":"El Digital de Asturias","twitter:label2":"Tiempo de lectura estimado","twitter:data2":"4 minutos"},"aioseo_meta_data":{"post_id":"455321","title":null,"description":null,"keywords":null,"keyphrases":null,"primary_term":null,"canonical_url":null,"og_title":null,"og_description":null,"og_object_type":"default","og_image_type":"default","og_image_url":null,"og_image_width":null,"og_image_height":null,"og_image_custom_url":null,"og_image_custom_fields":null,"og_video":null,"og_custom_url":null,"og_article_section":null,"og_article_tags":null,"twitter_use_og":true,"twitter_card":"default","twitter_image_type":"default","twitter_image_url":null,"twitter_image_custom_url":null,"twitter_image_custom_fields":null,"twitter_title":null,"twitter_description":null,"schema":{"blockGraphs":[],"customGraphs":[],"default":{"data":{"Article":[],"Course":[],"Dataset":[],"FAQPage":[],"Movie":[],"Person":[],"Product":[],"ProductReview":[],"Car":[],"Recipe":[],"Service":[],"SoftwareApplication":[],"WebPage":[]},"graphName":"","isEnabled":true},"graphs":[],"defaultGraph":"","defaultPostTypeGraph":""},"schema_type":null,"schema_type_options":null,"pillar_content":false,"robots_default":true,"robots_noindex":false,"robots_noarchive":false,"robots_nosnippet":false,"robots_nofollow":false,"robots_noimageindex":false,"robots_noodp":false,"robots_notranslate":false,"robots_max_snippet":null,"robots_max_videopreview":null,"robots_max_imagepreview":"none","priority":null,"frequency":null,"local_seo":null,"seo_analyzer_scan_date":"2026-05-29 17:53:57","breadcrumb_settings":null,"limit_modified_date":false,"open_ai":null,"ai":null,"created":"2020-11-14 22:45:13","updated":"2026-05-29 17:53:57","focus_keyword":null,"additional_keywords":null,"truseo_locale":null},"aioseo_breadcrumb":"<div class=\"aioseo-breadcrumbs\"><span class=\"aioseo-breadcrumb\">\n\t<a href=\"https:\/\/www.eldigitaldeasturias.com\/noticias\" title=\"Home\">Home<\/a>\n<\/span><span class=\"aioseo-breadcrumb-separator\">\u2013<\/span><span class=\"aioseo-breadcrumb\">\n\t<a href=\"https:\/\/www.eldigitaldeasturias.com\/noticias\/category\/sociedad\/\" title=\"Sociedad\">Sociedad<\/a>\n<\/span><span class=\"aioseo-breadcrumb-separator\">\u2013<\/span><span class=\"aioseo-breadcrumb\">\n\t<a href=\"https:\/\/www.eldigitaldeasturias.com\/noticias\/vargas-llosa-asegura-que-la-crueldad-humana-puede-superar-a-la-imaginacion-perversa\/\" title=\"Vargas Llosa asegura que la crueldad humana \u00abpuede superar a la imaginaci\u00f3n perversa\u00bb\">Vargas Llosa asegura que la crueldad humana \u00abpuede superar a la imaginaci\u00f3n perversa\u00bb<\/a>\n<\/span><\/div>","aioseo_breadcrumb_json":[{"label":"Home","link":"https:\/\/www.eldigitaldeasturias.com\/noticias"},{"label":"Sociedad","link":"https:\/\/www.eldigitaldeasturias.com\/noticias\/category\/sociedad\/"},{"label":"Vargas Llosa asegura que la crueldad humana \u00abpuede superar a la imaginaci\u00f3n perversa\u00bb","link":"https:\/\/www.eldigitaldeasturias.com\/noticias\/vargas-llosa-asegura-que-la-crueldad-humana-puede-superar-a-la-imaginacion-perversa\/"}],"_links":{"self":[{"href":"https:\/\/www.eldigitaldeasturias.com\/noticias\/wp-json\/wp\/v2\/posts\/455321","targetHints":{"allow":["GET"]}}],"collection":[{"href":"https:\/\/www.eldigitaldeasturias.com\/noticias\/wp-json\/wp\/v2\/posts"}],"about":[{"href":"https:\/\/www.eldigitaldeasturias.com\/noticias\/wp-json\/wp\/v2\/types\/post"}],"author":[{"embeddable":true,"href":"https:\/\/www.eldigitaldeasturias.com\/noticias\/wp-json\/wp\/v2\/users\/1"}],"replies":[{"embeddable":true,"href":"https:\/\/www.eldigitaldeasturias.com\/noticias\/wp-json\/wp\/v2\/comments?post=455321"}],"version-history":[{"count":0,"href":"https:\/\/www.eldigitaldeasturias.com\/noticias\/wp-json\/wp\/v2\/posts\/455321\/revisions"}],"wp:attachment":[{"href":"https:\/\/www.eldigitaldeasturias.com\/noticias\/wp-json\/wp\/v2\/media?parent=455321"}],"wp:term":[{"taxonomy":"category","embeddable":true,"href":"https:\/\/www.eldigitaldeasturias.com\/noticias\/wp-json\/wp\/v2\/categories?post=455321"},{"taxonomy":"post_tag","embeddable":true,"href":"https:\/\/www.eldigitaldeasturias.com\/noticias\/wp-json\/wp\/v2\/tags?post=455321"}],"curies":[{"name":"wp","href":"https:\/\/api.w.org\/{rel}","templated":true}]}}