{"id":455315,"date":"2013-11-28T18:06:01","date_gmt":"2013-11-28T19:06:01","guid":{"rendered":"http:\/\/www.eldigitaldeasturias.com\/noticias\/?p=455315"},"modified":"2013-11-28T18:06:01","modified_gmt":"2013-11-28T19:06:01","slug":"seis-heridos-y-mas-de-cien-desalojados-por-un-incendio-en-un-edificio-en-girona","status":"publish","type":"post","link":"https:\/\/www.eldigitaldeasturias.com\/noticias\/seis-heridos-y-mas-de-cien-desalojados-por-un-incendio-en-un-edificio-en-girona\/","title":{"rendered":"Seis heridos y m\u00e1s de cien desalojados por un incendio en un edificio en Girona"},"content":{"rendered":"<p><img loading=\"lazy\" decoding=\"async\" class=\"alignleft size-medium wp-image-455316\" alt=\"5758812w\" src=\"https:\/\/www.eldigitaldeasturias.com\/noticias\/wp-content\/uploads\/2013\/11\/5758812w-360x249.jpg\" width=\"360\" height=\"249\" \/>Salt (Girona), 28 nov (EFE).- Seis personas han resultado heridas de diversa consideraci\u00f3n y m\u00e1s de cien han sido desalojadas de sus viviendas a causa del incendio que se declar\u00f3 la pasada noche en un edificio del municipio gerundense de Salt, seg\u00fan informan los Bomberos de la Generalitat.<\/p>\n<p>El fuego se ha declarado a la 01.53 horas y los efectivos desplazados al lugar han comprobado que las llamas afectaban la c\u00e1mara de contadores, situada a la entrada del bloque, que consta de cinco plantas.<\/p>\n<p>El humo y la temperatura han afectado a la escalera comunitaria y un piso, aunque los Bomberos de la Generalitat han conseguido apagar el incendio en poco m\u00e1s de media hora.<\/p>\n<p>Un hombre de 39 a\u00f1os ha resultado herido grave con quemaduras de tercer grado en el brazo y la mano, por lo que ha sido trasladado al Hospital Trueta de Girona por efectivos del Sistema de Emergencias M\u00e9dicas (SEM), que han desplazado cuatro ambulancias.<\/p>\n<p>Otras cinco personas, cuatro hombres de entre 37 y 55 a\u00f1os as\u00ed como un menor, han sido tambi\u00e9n evacuadas al mismo centro hospitalario por inhalaci\u00f3n de humo.<\/p>\n<p>Adem\u00e1s, una menor que guardaba reposo por hallarse en proceso de recuperaci\u00f3n de una intervenci\u00f3n quir\u00fargica ha sido trasladada al Hospital Santa Caterina de Salt.<\/p>\n<p>Como medida preventiva, los Bomberos han desalojado a la cincuentena de vecinos del inmueble afectado, as\u00ed como a otros 58 de los edificios colindantes.<\/p>\n<p>Poco despu\u00e9s de las 03.00 horas, estas personas que residen en los bloques anejos han podido regresar a sus domicilios, mientras que los del edificio afectado han sido realojados por el Ayuntamiento de Salt.<\/p>\n<p>Un total de ocho dotaciones de Bomberos han participado en las labores de extinci\u00f3n del incendio, al que se han desplazado tambi\u00e9n ocho patrullas de los Mossos d&#8217;Esquadra y efectivos de la Polic\u00eda Local junto a t\u00e9cnicos del Consistorio.<\/p>\n","protected":false},"excerpt":{"rendered":"<p>Salt (Girona), 28 nov (EFE).- Seis personas han resultado heridas de diversa consideraci\u00f3n y m\u00e1s de cien han sido desalojadas de sus viviendas a causa del incendio que se declar\u00f3 la pasada noche en un edificio del municipio gerundense de Salt, seg\u00fan informan los Bomberos de la Generalitat. El fuego se ha declarado a la [&hellip;]<\/p>\n","protected":false},"author":1,"featured_media":455316,"comment_status":"open","ping_status":"open","sticky":false,"template":"","format":"standard","meta":{"footnotes":""},"categories":[5],"tags":[],"class_list":["post-455315","post","type-post","status-publish","format-standard","has-post-thumbnail","hentry","category-sucesos"],"aioseo_notices":[],"aioseo_head":"\n\t\t<!-- All in One SEO Pro 5.0.1 - aioseo.com -->\n\t<meta name=\"description\" content=\"Salt (Girona), 28 nov (EFE).- Seis personas han resultado heridas de diversa consideraci\u00f3n y m\u00e1s de cien han sido desalojadas de sus viviendas a causa del incendio que se declar\u00f3 la pasada noche en un edificio del municipio gerundense de Salt, seg\u00fan informan los Bomberos de la Generalitat. El fuego se ha declarado a la\" \/>\n\t<meta name=\"robots\" content=\"max-image-preview:large\" \/>\n\t<meta name=\"author\" content=\"El Digital de Asturias\"\/>\n\t<meta name=\"google-site-verification\" content=\"UA-38556648-1\" \/>\n\t<meta name=\"msvalidate.01\" content=\"7dfe9f3f1b24437ab69f4f2559babe99\" \/>\n\t<meta name=\"keywords\" content=\"sucesos\" \/>\n\t<link rel=\"canonical\" href=\"https:\/\/www.eldigitaldeasturias.com\/noticias\/seis-heridos-y-mas-de-cien-desalojados-por-un-incendio-en-un-edificio-en-girona\/\" \/>\n\t<meta name=\"generator\" content=\"All in One SEO Pro (AIOSEO) 5.0.1\" \/>\n\t\t<meta property=\"og:locale\" content=\"es_ES\" \/>\n\t\t<meta property=\"og:site_name\" content=\"El Digital de Asturias\" \/>\n\t\t<meta property=\"og:type\" content=\"article\" \/>\n\t\t<meta property=\"og:title\" content=\"Seis heridos y m\u00e1s de cien desalojados por un incendio en un edificio en Girona - El Digital de Asturias\" \/>\n\t\t<meta property=\"og:description\" content=\"Salt (Girona), 28 nov (EFE).- Seis personas han resultado heridas de diversa consideraci\u00f3n y m\u00e1s de cien han sido desalojadas de sus viviendas a causa del incendio que se declar\u00f3 la pasada noche en un edificio del municipio gerundense de Salt, seg\u00fan informan los Bomberos de la Generalitat. El fuego se ha declarado a la\" \/>\n\t\t<meta property=\"og:url\" content=\"https:\/\/www.eldigitaldeasturias.com\/noticias\/seis-heridos-y-mas-de-cien-desalojados-por-un-incendio-en-un-edificio-en-girona\/\" \/>\n\t\t<meta property=\"article:tag\" content=\"sucesos\" \/>\n\t\t<meta property=\"article:published_time\" content=\"2013-11-28T19:06:01+00:00\" \/>\n\t\t<meta property=\"article:modified_time\" content=\"2013-11-28T19:06:01+00:00\" \/>\n\t\t<meta property=\"article:publisher\" content=\"https:\/\/facebook.com\/eldigitaldeasturias\" \/>\n\t\t<meta name=\"twitter:card\" content=\"summary_large_image\" \/>\n\t\t<meta name=\"twitter:title\" content=\"Seis heridos y m\u00e1s de cien desalojados por un incendio en un edificio en Girona - El Digital de Asturias\" \/>\n\t\t<meta name=\"twitter:description\" content=\"Salt (Girona), 28 nov (EFE).- Seis personas han resultado heridas de diversa consideraci\u00f3n y m\u00e1s de cien han sido desalojadas de sus viviendas a causa del incendio que se declar\u00f3 la pasada noche en un edificio del municipio gerundense de Salt, seg\u00fan informan los Bomberos de la Generalitat. El fuego se ha declarado a la\" \/>\n\t\t<meta name=\"twitter:label1\" content=\"Escrito por\" \/>\n\t\t<meta name=\"twitter:data1\" content=\"El Digital de Asturias\" \/>\n\t\t<meta name=\"twitter:label2\" content=\"Tiempo de lectura estimado\" \/>\n\t\t<meta name=\"twitter:data2\" content=\"2 minutos\" \/>\n\t\t<script type=\"application\/ld+json\" class=\"aioseo-schema\">\n\t\t\t{\"@context\":\"https:\\\/\\\/schema.org\",\"@graph\":[{\"@type\":\"BlogPosting\",\"@id\":\"https:\\\/\\\/www.eldigitaldeasturias.com\\\/noticias\\\/seis-heridos-y-mas-de-cien-desalojados-por-un-incendio-en-un-edificio-en-girona\\\/#blogposting\",\"name\":\"Seis heridos y m\\u00e1s de cien desalojados por un incendio en un edificio en Girona - El Digital de Asturias\",\"headline\":\"Seis heridos y m\\u00e1s de cien desalojados por un incendio en un edificio en Girona\",\"author\":{\"@id\":\"https:\\\/\\\/www.eldigitaldeasturias.com\\\/noticias\\\/author\\\/admin\\\/#author\"},\"publisher\":{\"@id\":\"https:\\\/\\\/www.eldigitaldeasturias.com\\\/noticias\\\/#organization\"},\"image\":{\"@type\":\"ImageObject\",\"url\":455316},\"datePublished\":\"2013-11-28T18:06:01+01:00\",\"dateModified\":\"2013-11-28T18:06:01+01:00\",\"inLanguage\":\"es-ES\",\"mainEntityOfPage\":{\"@id\":\"https:\\\/\\\/www.eldigitaldeasturias.com\\\/noticias\\\/seis-heridos-y-mas-de-cien-desalojados-por-un-incendio-en-un-edificio-en-girona\\\/#webpage\"},\"isPartOf\":{\"@id\":\"https:\\\/\\\/www.eldigitaldeasturias.com\\\/noticias\\\/seis-heridos-y-mas-de-cien-desalojados-por-un-incendio-en-un-edificio-en-girona\\\/#webpage\"},\"articleSection\":\"Sucesos\"},{\"@type\":\"BreadcrumbList\",\"@id\":\"https:\\\/\\\/www.eldigitaldeasturias.com\\\/noticias\\\/seis-heridos-y-mas-de-cien-desalojados-por-un-incendio-en-un-edificio-en-girona\\\/#breadcrumblist\",\"itemListElement\":[{\"@type\":\"ListItem\",\"@id\":\"https:\\\/\\\/www.eldigitaldeasturias.com\\\/noticias#listItem\",\"position\":1,\"name\":\"Home\",\"item\":\"https:\\\/\\\/www.eldigitaldeasturias.com\\\/noticias\",\"nextItem\":{\"@type\":\"ListItem\",\"@id\":\"https:\\\/\\\/www.eldigitaldeasturias.com\\\/noticias\\\/category\\\/sucesos\\\/#listItem\",\"name\":\"Sucesos\"}},{\"@type\":\"ListItem\",\"@id\":\"https:\\\/\\\/www.eldigitaldeasturias.com\\\/noticias\\\/category\\\/sucesos\\\/#listItem\",\"position\":2,\"name\":\"Sucesos\",\"item\":\"https:\\\/\\\/www.eldigitaldeasturias.com\\\/noticias\\\/category\\\/sucesos\\\/\",\"nextItem\":{\"@type\":\"ListItem\",\"@id\":\"https:\\\/\\\/www.eldigitaldeasturias.com\\\/noticias\\\/seis-heridos-y-mas-de-cien-desalojados-por-un-incendio-en-un-edificio-en-girona\\\/#listItem\",\"name\":\"Seis heridos y m\\u00e1s de cien desalojados por un incendio en un edificio en Girona\"},\"previousItem\":{\"@type\":\"ListItem\",\"@id\":\"https:\\\/\\\/www.eldigitaldeasturias.com\\\/noticias#listItem\",\"name\":\"Home\"}},{\"@type\":\"ListItem\",\"@id\":\"https:\\\/\\\/www.eldigitaldeasturias.com\\\/noticias\\\/seis-heridos-y-mas-de-cien-desalojados-por-un-incendio-en-un-edificio-en-girona\\\/#listItem\",\"position\":3,\"name\":\"Seis heridos y m\\u00e1s de cien desalojados por un incendio en un edificio en Girona\",\"previousItem\":{\"@type\":\"ListItem\",\"@id\":\"https:\\\/\\\/www.eldigitaldeasturias.com\\\/noticias\\\/category\\\/sucesos\\\/#listItem\",\"name\":\"Sucesos\"}}]},{\"@type\":\"Organization\",\"@id\":\"https:\\\/\\\/www.eldigitaldeasturias.com\\\/noticias\\\/#organization\",\"name\":\"El Digital de Asturias\",\"description\":\"Hemeroteca\",\"url\":\"https:\\\/\\\/www.eldigitaldeasturias.com\\\/noticias\\\/\",\"email\":\"info@eldigitaldeasturias.com\",\"telephone\":\"+34652131393\",\"logo\":{\"@type\":\"ImageObject\",\"url\":\"https:\\\/\\\/www.eldigitaldeasturias.com\\\/noticias\\\/wp-content\\\/uploads\\\/2020\\\/12\\\/EDA.jpg\",\"@id\":\"https:\\\/\\\/www.eldigitaldeasturias.com\\\/noticias\\\/seis-heridos-y-mas-de-cien-desalojados-por-un-incendio-en-un-edificio-en-girona\\\/#organizationLogo\"},\"image\":{\"@id\":\"https:\\\/\\\/www.eldigitaldeasturias.com\\\/noticias\\\/seis-heridos-y-mas-de-cien-desalojados-por-un-incendio-en-un-edificio-en-girona\\\/#organizationLogo\"},\"sameAs\":[\"https:\\\/\\\/facebook.com\\\/eldigitaldeasturias\",\"https:\\\/\\\/www.youtube.com\\\/channel\\\/UCZP-2wLEB9Rv6erhFmqVnvg\"],\"address\":{\"@id\":\"https:\\\/\\\/www.eldigitaldeasturias.com\\\/noticias\\\/#postaladdress\",\"@type\":\"PostalAddress\",\"streetAddress\":\"san antonio 4\",\"postalCode\":\"33430\",\"addressLocality\":\"Cand\\u00e1s\",\"addressRegion\":\"Asturias\",\"addressCountry\":\"ES\"}},{\"@type\":\"Person\",\"@id\":\"https:\\\/\\\/www.eldigitaldeasturias.com\\\/noticias\\\/author\\\/admin\\\/#author\",\"url\":\"https:\\\/\\\/www.eldigitaldeasturias.com\\\/noticias\\\/author\\\/admin\\\/\",\"name\":\"El Digital de Asturias\",\"image\":{\"@type\":\"ImageObject\",\"@id\":\"https:\\\/\\\/www.eldigitaldeasturias.com\\\/noticias\\\/seis-heridos-y-mas-de-cien-desalojados-por-un-incendio-en-un-edificio-en-girona\\\/#authorImage\",\"url\":\"https:\\\/\\\/secure.gravatar.com\\\/avatar\\\/df2aeffc32bcd13f8d26072ef8a91b623d677766deac7f97ca815868cd41bf5e?s=96&d=mm&r=g\",\"width\":96,\"height\":96,\"caption\":\"El Digital de Asturias\"}},{\"@type\":\"WebPage\",\"@id\":\"https:\\\/\\\/www.eldigitaldeasturias.com\\\/noticias\\\/seis-heridos-y-mas-de-cien-desalojados-por-un-incendio-en-un-edificio-en-girona\\\/#webpage\",\"url\":\"https:\\\/\\\/www.eldigitaldeasturias.com\\\/noticias\\\/seis-heridos-y-mas-de-cien-desalojados-por-un-incendio-en-un-edificio-en-girona\\\/\",\"name\":\"Seis heridos y m\\u00e1s de cien desalojados por un incendio en un edificio en Girona - El Digital de Asturias\",\"description\":\"Salt (Girona), 28 nov (EFE).- Seis personas han resultado heridas de diversa consideraci\\u00f3n y m\\u00e1s de cien han sido desalojadas de sus viviendas a causa del incendio que se declar\\u00f3 la pasada noche en un edificio del municipio gerundense de Salt, seg\\u00fan informan los Bomberos de la Generalitat. El fuego se ha declarado a la\",\"inLanguage\":\"es-ES\",\"isPartOf\":{\"@id\":\"https:\\\/\\\/www.eldigitaldeasturias.com\\\/noticias\\\/#website\"},\"breadcrumb\":{\"@id\":\"https:\\\/\\\/www.eldigitaldeasturias.com\\\/noticias\\\/seis-heridos-y-mas-de-cien-desalojados-por-un-incendio-en-un-edificio-en-girona\\\/#breadcrumblist\"},\"author\":{\"@id\":\"https:\\\/\\\/www.eldigitaldeasturias.com\\\/noticias\\\/author\\\/admin\\\/#author\"},\"creator\":{\"@id\":\"https:\\\/\\\/www.eldigitaldeasturias.com\\\/noticias\\\/author\\\/admin\\\/#author\"},\"image\":{\"@type\":\"ImageObject\",\"url\":455316,\"@id\":\"https:\\\/\\\/www.eldigitaldeasturias.com\\\/noticias\\\/seis-heridos-y-mas-de-cien-desalojados-por-un-incendio-en-un-edificio-en-girona\\\/#mainImage\"},\"primaryImageOfPage\":{\"@id\":\"https:\\\/\\\/www.eldigitaldeasturias.com\\\/noticias\\\/seis-heridos-y-mas-de-cien-desalojados-por-un-incendio-en-un-edificio-en-girona\\\/#mainImage\"},\"datePublished\":\"2013-11-28T18:06:01+01:00\",\"dateModified\":\"2013-11-28T18:06:01+01:00\"},{\"@type\":\"WebSite\",\"@id\":\"https:\\\/\\\/www.eldigitaldeasturias.com\\\/noticias\\\/#website\",\"url\":\"https:\\\/\\\/www.eldigitaldeasturias.com\\\/noticias\\\/\",\"name\":\"El Digital de Asturias - Diario de actualidad y noticias\",\"alternateName\":\"El Digital de Asturias - Diario de actualidad y noticias\",\"description\":\"Hemeroteca\",\"inLanguage\":\"es-ES\",\"publisher\":{\"@id\":\"https:\\\/\\\/www.eldigitaldeasturias.com\\\/noticias\\\/#organization\"}}]}\n\t\t<\/script>\n\t\t<!-- All in One SEO Pro -->\r\n\t\t<title>Seis heridos y m\u00e1s de cien desalojados por un incendio en un edificio en Girona - El Digital de Asturias<\/title>\n\n","aioseo_head_json":{"title":"Seis heridos y m\u00e1s de cien desalojados por un incendio en un edificio en Girona - El Digital de Asturias","description":"Salt (Girona), 28 nov (EFE).- Seis personas han resultado heridas de diversa consideraci\u00f3n y m\u00e1s de cien han sido desalojadas de sus viviendas a causa del incendio que se declar\u00f3 la pasada noche en un edificio del municipio gerundense de Salt, seg\u00fan informan los Bomberos de la Generalitat. El fuego se ha declarado a la","canonical_url":"https:\/\/www.eldigitaldeasturias.com\/noticias\/seis-heridos-y-mas-de-cien-desalojados-por-un-incendio-en-un-edificio-en-girona\/","robots":"max-image-preview:large","keywords":"sucesos","webmasterTools":{"google-site-verification":"UA-38556648-1","msvalidate.01":"7dfe9f3f1b24437ab69f4f2559babe99","miscellaneous":""},"schema":{"@context":"https:\/\/schema.org","@graph":[{"@type":"BlogPosting","@id":"https:\/\/www.eldigitaldeasturias.com\/noticias\/seis-heridos-y-mas-de-cien-desalojados-por-un-incendio-en-un-edificio-en-girona\/#blogposting","name":"Seis heridos y m\u00e1s de cien desalojados por un incendio en un edificio en Girona - El Digital de Asturias","headline":"Seis heridos y m\u00e1s de cien desalojados por un incendio en un edificio en Girona","author":{"@id":"https:\/\/www.eldigitaldeasturias.com\/noticias\/author\/admin\/#author"},"publisher":{"@id":"https:\/\/www.eldigitaldeasturias.com\/noticias\/#organization"},"image":{"@type":"ImageObject","url":455316},"datePublished":"2013-11-28T18:06:01+01:00","dateModified":"2013-11-28T18:06:01+01:00","inLanguage":"es-ES","mainEntityOfPage":{"@id":"https:\/\/www.eldigitaldeasturias.com\/noticias\/seis-heridos-y-mas-de-cien-desalojados-por-un-incendio-en-un-edificio-en-girona\/#webpage"},"isPartOf":{"@id":"https:\/\/www.eldigitaldeasturias.com\/noticias\/seis-heridos-y-mas-de-cien-desalojados-por-un-incendio-en-un-edificio-en-girona\/#webpage"},"articleSection":"Sucesos"},{"@type":"BreadcrumbList","@id":"https:\/\/www.eldigitaldeasturias.com\/noticias\/seis-heridos-y-mas-de-cien-desalojados-por-un-incendio-en-un-edificio-en-girona\/#breadcrumblist","itemListElement":[{"@type":"ListItem","@id":"https:\/\/www.eldigitaldeasturias.com\/noticias#listItem","position":1,"name":"Home","item":"https:\/\/www.eldigitaldeasturias.com\/noticias","nextItem":{"@type":"ListItem","@id":"https:\/\/www.eldigitaldeasturias.com\/noticias\/category\/sucesos\/#listItem","name":"Sucesos"}},{"@type":"ListItem","@id":"https:\/\/www.eldigitaldeasturias.com\/noticias\/category\/sucesos\/#listItem","position":2,"name":"Sucesos","item":"https:\/\/www.eldigitaldeasturias.com\/noticias\/category\/sucesos\/","nextItem":{"@type":"ListItem","@id":"https:\/\/www.eldigitaldeasturias.com\/noticias\/seis-heridos-y-mas-de-cien-desalojados-por-un-incendio-en-un-edificio-en-girona\/#listItem","name":"Seis heridos y m\u00e1s de cien desalojados por un incendio en un edificio en Girona"},"previousItem":{"@type":"ListItem","@id":"https:\/\/www.eldigitaldeasturias.com\/noticias#listItem","name":"Home"}},{"@type":"ListItem","@id":"https:\/\/www.eldigitaldeasturias.com\/noticias\/seis-heridos-y-mas-de-cien-desalojados-por-un-incendio-en-un-edificio-en-girona\/#listItem","position":3,"name":"Seis heridos y m\u00e1s de cien desalojados por un incendio en un edificio en Girona","previousItem":{"@type":"ListItem","@id":"https:\/\/www.eldigitaldeasturias.com\/noticias\/category\/sucesos\/#listItem","name":"Sucesos"}}]},{"@type":"Organization","@id":"https:\/\/www.eldigitaldeasturias.com\/noticias\/#organization","name":"El Digital de Asturias","description":"Hemeroteca","url":"https:\/\/www.eldigitaldeasturias.com\/noticias\/","email":"info@eldigitaldeasturias.com","telephone":"+34652131393","logo":{"@type":"ImageObject","url":"https:\/\/www.eldigitaldeasturias.com\/noticias\/wp-content\/uploads\/2020\/12\/EDA.jpg","@id":"https:\/\/www.eldigitaldeasturias.com\/noticias\/seis-heridos-y-mas-de-cien-desalojados-por-un-incendio-en-un-edificio-en-girona\/#organizationLogo"},"image":{"@id":"https:\/\/www.eldigitaldeasturias.com\/noticias\/seis-heridos-y-mas-de-cien-desalojados-por-un-incendio-en-un-edificio-en-girona\/#organizationLogo"},"sameAs":["https:\/\/facebook.com\/eldigitaldeasturias","https:\/\/www.youtube.com\/channel\/UCZP-2wLEB9Rv6erhFmqVnvg"],"address":{"@id":"https:\/\/www.eldigitaldeasturias.com\/noticias\/#postaladdress","@type":"PostalAddress","streetAddress":"san antonio 4","postalCode":"33430","addressLocality":"Cand\u00e1s","addressRegion":"Asturias","addressCountry":"ES"}},{"@type":"Person","@id":"https:\/\/www.eldigitaldeasturias.com\/noticias\/author\/admin\/#author","url":"https:\/\/www.eldigitaldeasturias.com\/noticias\/author\/admin\/","name":"El Digital de Asturias","image":{"@type":"ImageObject","@id":"https:\/\/www.eldigitaldeasturias.com\/noticias\/seis-heridos-y-mas-de-cien-desalojados-por-un-incendio-en-un-edificio-en-girona\/#authorImage","url":"https:\/\/secure.gravatar.com\/avatar\/df2aeffc32bcd13f8d26072ef8a91b623d677766deac7f97ca815868cd41bf5e?s=96&d=mm&r=g","width":96,"height":96,"caption":"El Digital de Asturias"}},{"@type":"WebPage","@id":"https:\/\/www.eldigitaldeasturias.com\/noticias\/seis-heridos-y-mas-de-cien-desalojados-por-un-incendio-en-un-edificio-en-girona\/#webpage","url":"https:\/\/www.eldigitaldeasturias.com\/noticias\/seis-heridos-y-mas-de-cien-desalojados-por-un-incendio-en-un-edificio-en-girona\/","name":"Seis heridos y m\u00e1s de cien desalojados por un incendio en un edificio en Girona - El Digital de Asturias","description":"Salt (Girona), 28 nov (EFE).- Seis personas han resultado heridas de diversa consideraci\u00f3n y m\u00e1s de cien han sido desalojadas de sus viviendas a causa del incendio que se declar\u00f3 la pasada noche en un edificio del municipio gerundense de Salt, seg\u00fan informan los Bomberos de la Generalitat. El fuego se ha declarado a la","inLanguage":"es-ES","isPartOf":{"@id":"https:\/\/www.eldigitaldeasturias.com\/noticias\/#website"},"breadcrumb":{"@id":"https:\/\/www.eldigitaldeasturias.com\/noticias\/seis-heridos-y-mas-de-cien-desalojados-por-un-incendio-en-un-edificio-en-girona\/#breadcrumblist"},"author":{"@id":"https:\/\/www.eldigitaldeasturias.com\/noticias\/author\/admin\/#author"},"creator":{"@id":"https:\/\/www.eldigitaldeasturias.com\/noticias\/author\/admin\/#author"},"image":{"@type":"ImageObject","url":455316,"@id":"https:\/\/www.eldigitaldeasturias.com\/noticias\/seis-heridos-y-mas-de-cien-desalojados-por-un-incendio-en-un-edificio-en-girona\/#mainImage"},"primaryImageOfPage":{"@id":"https:\/\/www.eldigitaldeasturias.com\/noticias\/seis-heridos-y-mas-de-cien-desalojados-por-un-incendio-en-un-edificio-en-girona\/#mainImage"},"datePublished":"2013-11-28T18:06:01+01:00","dateModified":"2013-11-28T18:06:01+01:00"},{"@type":"WebSite","@id":"https:\/\/www.eldigitaldeasturias.com\/noticias\/#website","url":"https:\/\/www.eldigitaldeasturias.com\/noticias\/","name":"El Digital de Asturias - Diario de actualidad y noticias","alternateName":"El Digital de Asturias - Diario de actualidad y noticias","description":"Hemeroteca","inLanguage":"es-ES","publisher":{"@id":"https:\/\/www.eldigitaldeasturias.com\/noticias\/#organization"}}]},"og:locale":"es_ES","og:site_name":"El Digital de Asturias","og:type":"article","og:title":"Seis heridos y m\u00e1s de cien desalojados por un incendio en un edificio en Girona - El Digital de Asturias","og:description":"Salt (Girona), 28 nov (EFE).- Seis personas han resultado heridas de diversa consideraci\u00f3n y m\u00e1s de cien han sido desalojadas de sus viviendas a causa del incendio que se declar\u00f3 la pasada noche en un edificio del municipio gerundense de Salt, seg\u00fan informan los Bomberos de la Generalitat. El fuego se ha declarado a la","og:url":"https:\/\/www.eldigitaldeasturias.com\/noticias\/seis-heridos-y-mas-de-cien-desalojados-por-un-incendio-en-un-edificio-en-girona\/","article:tag":["sucesos"],"article:published_time":"2013-11-28T19:06:01+00:00","article:modified_time":"2013-11-28T19:06:01+00:00","article:publisher":"https:\/\/facebook.com\/eldigitaldeasturias","twitter:card":"summary_large_image","twitter:title":"Seis heridos y m\u00e1s de cien desalojados por un incendio en un edificio en Girona - El Digital de Asturias","twitter:description":"Salt (Girona), 28 nov (EFE).- Seis personas han resultado heridas de diversa consideraci\u00f3n y m\u00e1s de cien han sido desalojadas de sus viviendas a causa del incendio que se declar\u00f3 la pasada noche en un edificio del municipio gerundense de Salt, seg\u00fan informan los Bomberos de la Generalitat. El fuego se ha declarado a la","twitter:label1":"Escrito por","twitter:data1":"El Digital de Asturias","twitter:label2":"Tiempo de lectura estimado","twitter:data2":"2 minutos"},"aioseo_meta_data":{"post_id":"455315","title":null,"description":null,"keywords":null,"keyphrases":null,"primary_term":null,"canonical_url":null,"og_title":null,"og_description":null,"og_object_type":"default","og_image_type":"default","og_image_url":null,"og_image_width":null,"og_image_height":null,"og_image_custom_url":null,"og_image_custom_fields":null,"og_video":null,"og_custom_url":null,"og_article_section":null,"og_article_tags":null,"twitter_use_og":true,"twitter_card":"default","twitter_image_type":"default","twitter_image_url":null,"twitter_image_custom_url":null,"twitter_image_custom_fields":null,"twitter_title":null,"twitter_description":null,"schema":{"blockGraphs":[],"customGraphs":[],"default":{"data":{"Article":[],"Course":[],"Dataset":[],"FAQPage":[],"Movie":[],"Person":[],"Product":[],"ProductReview":[],"Car":[],"Recipe":[],"Service":[],"SoftwareApplication":[],"WebPage":[]},"graphName":"","isEnabled":true},"graphs":[],"defaultGraph":"","defaultPostTypeGraph":""},"schema_type":null,"schema_type_options":null,"pillar_content":false,"robots_default":true,"robots_noindex":false,"robots_noarchive":false,"robots_nosnippet":false,"robots_nofollow":false,"robots_noimageindex":false,"robots_noodp":false,"robots_notranslate":false,"robots_max_snippet":null,"robots_max_videopreview":null,"robots_max_imagepreview":"none","priority":null,"frequency":null,"local_seo":null,"seo_analyzer_scan_date":"2026-05-29 17:51:59","breadcrumb_settings":null,"limit_modified_date":false,"open_ai":null,"ai":null,"created":"2020-11-14 22:45:13","updated":"2026-05-29 17:51:59","focus_keyword":null,"additional_keywords":null,"truseo_locale":null},"aioseo_breadcrumb":"<div class=\"aioseo-breadcrumbs\"><span class=\"aioseo-breadcrumb\">\n\t<a href=\"https:\/\/www.eldigitaldeasturias.com\/noticias\" title=\"Home\">Home<\/a>\n<\/span><span class=\"aioseo-breadcrumb-separator\">\u2013<\/span><span class=\"aioseo-breadcrumb\">\n\t<a href=\"https:\/\/www.eldigitaldeasturias.com\/noticias\/category\/sucesos\/\" title=\"Sucesos\">Sucesos<\/a>\n<\/span><span class=\"aioseo-breadcrumb-separator\">\u2013<\/span><span class=\"aioseo-breadcrumb\">\n\t<a href=\"https:\/\/www.eldigitaldeasturias.com\/noticias\/seis-heridos-y-mas-de-cien-desalojados-por-un-incendio-en-un-edificio-en-girona\/\" title=\"Seis heridos y m\u00e1s de cien desalojados por un incendio en un edificio en Girona\">Seis heridos y m\u00e1s de cien desalojados por un incendio en un edificio en Girona<\/a>\n<\/span><\/div>","aioseo_breadcrumb_json":[{"label":"Home","link":"https:\/\/www.eldigitaldeasturias.com\/noticias"},{"label":"Sucesos","link":"https:\/\/www.eldigitaldeasturias.com\/noticias\/category\/sucesos\/"},{"label":"Seis heridos y m\u00e1s de cien desalojados por un incendio en un edificio en Girona","link":"https:\/\/www.eldigitaldeasturias.com\/noticias\/seis-heridos-y-mas-de-cien-desalojados-por-un-incendio-en-un-edificio-en-girona\/"}],"_links":{"self":[{"href":"https:\/\/www.eldigitaldeasturias.com\/noticias\/wp-json\/wp\/v2\/posts\/455315","targetHints":{"allow":["GET"]}}],"collection":[{"href":"https:\/\/www.eldigitaldeasturias.com\/noticias\/wp-json\/wp\/v2\/posts"}],"about":[{"href":"https:\/\/www.eldigitaldeasturias.com\/noticias\/wp-json\/wp\/v2\/types\/post"}],"author":[{"embeddable":true,"href":"https:\/\/www.eldigitaldeasturias.com\/noticias\/wp-json\/wp\/v2\/users\/1"}],"replies":[{"embeddable":true,"href":"https:\/\/www.eldigitaldeasturias.com\/noticias\/wp-json\/wp\/v2\/comments?post=455315"}],"version-history":[{"count":0,"href":"https:\/\/www.eldigitaldeasturias.com\/noticias\/wp-json\/wp\/v2\/posts\/455315\/revisions"}],"wp:attachment":[{"href":"https:\/\/www.eldigitaldeasturias.com\/noticias\/wp-json\/wp\/v2\/media?parent=455315"}],"wp:term":[{"taxonomy":"category","embeddable":true,"href":"https:\/\/www.eldigitaldeasturias.com\/noticias\/wp-json\/wp\/v2\/categories?post=455315"},{"taxonomy":"post_tag","embeddable":true,"href":"https:\/\/www.eldigitaldeasturias.com\/noticias\/wp-json\/wp\/v2\/tags?post=455315"}],"curies":[{"name":"wp","href":"https:\/\/api.w.org\/{rel}","templated":true}]}}