{"id":455309,"date":"2013-11-28T18:03:10","date_gmt":"2013-11-28T19:03:10","guid":{"rendered":"http:\/\/www.eldigitaldeasturias.com\/noticias\/?p=455309"},"modified":"2013-11-28T18:03:10","modified_gmt":"2013-11-28T19:03:10","slug":"prision-para-15-indigenas-por-la-masacre-de-otro-clan-en-la-amazonia-ecuatoriana","status":"publish","type":"post","link":"https:\/\/www.eldigitaldeasturias.com\/noticias\/prision-para-15-indigenas-por-la-masacre-de-otro-clan-en-la-amazonia-ecuatoriana\/","title":{"rendered":"Prisi\u00f3n para 15 ind\u00edgenas por la masacre de otro clan en la Amazon\u00eda ecuatoriana"},"content":{"rendered":"<p><img loading=\"lazy\" decoding=\"async\" class=\"alignleft size-medium wp-image-455310\" alt=\"5758705w\" src=\"https:\/\/www.eldigitaldeasturias.com\/noticias\/wp-content\/uploads\/2013\/11\/5758705w-360x206.jpg\" width=\"360\" height=\"206\" \/>Quito, 28 nov (EFE).- La Corte de Justicia de la provincia de Orellana, en la Amazon\u00eda de Ecuador, orden\u00f3 hoy la prisi\u00f3n preventiva, con fines de investigaci\u00f3n, de 15 ind\u00edgenas de la etnia waorani, relacionados con la supuesta masacre de otro grupo nativo, taromenane, en abril pasado.<\/p>\n<p>El juez Segundo de Garant\u00edas Penales de Orellana, \u00c1lvaro Guerrero, dispuso esa medida en una audiencia efectuada hoy en la ciudad de Coca, la capital provincial, con la presencia de seis de los procesados, inform\u00f3 la Fiscal\u00eda General del Estado en un comunicado.<\/p>\n<p>La decisi\u00f3n judicial sucede un d\u00eda despu\u00e9s de que autoridades judiciales, apoyados por polic\u00edas y un helic\u00f3ptero de esa instituci\u00f3n, tomaran custodia de una ni\u00f1a taromenane, retenida contra su voluntad en un poblado waorani en la selva.<\/p>\n<p>Esa y otra menor hab\u00edan sido capturadas por guerreros waorani luego de la supuesta masacre de un clan taromenane, una tribu que permanece en aislamiento voluntario, pero que mantiene una antigua rivalidad con los primeros.<\/p>\n<p>Seg\u00fan las investigaciones y declaraciones de dirigentes ind\u00edgenas, en abril pasado miembros de la comunidad waorani (integrados al resto de la sociedad) atacaron a los taromenane en supuesta venganza por la muerte de una pareja de ancianos, que fueron hallados con lanzas usadas por los aislados.<\/p>\n<p>En la operaci\u00f3n de rescate de una de las menores, seg\u00fan medios de informaci\u00f3n, tambi\u00e9n fueron apresados los seis ind\u00edgenas waorani que hoy participaron en la audiencia.<\/p>\n<p>La Fiscal\u00eda indic\u00f3 que para garantizar el cumplimiento de los derechos constitucionales y legales, la diligencia judicial cont\u00f3 con la asistencia de un traductor biling\u00fce en la lengua nativa de los procesados, el wao.<\/p>\n<p>El fiscal que lleva el caso, Andr\u00e9s Cuasapaz, present\u00f3 pruebas que hacen presumir la posible masacre del clan taromenane a manos de los waorani, aunque las autoridades no han logrado encontrar los cad\u00e1veres de las supuestas v\u00edctimas.<\/p>\n<p>Testimonios de pobladores y de miembros de la propia comunidad waorani, as\u00ed como fotograf\u00edas y otras evidencias fueron presentadas por el fiscal en la audiencia.<\/p>\n<p>Asimismo, mencion\u00f3 el traslado forzoso de las dos ni\u00f1as taromenane a los poblados waorani de D\u00edkaro y Yarentaro, precisa el comunicado de la Fiscal\u00eda.<\/p>\n<p>A la audiencia judicial asisti\u00f3 tambi\u00e9n el fiscal general del Estado, Galo Chiriboga, quien asegur\u00f3 que este caso es emblem\u00e1tico, pues es la primera vez que se lleva a la justicia un caso como estos, en los que est\u00e1n involucrados ind\u00edgenas en aislamiento voluntario, cuya condici\u00f3n es protegida por las leyes.<\/p>\n<p>\u00abEste acto jur\u00eddico se desenvuelve dentro del marco de la Constituci\u00f3n, que garantiza la vida de las personas\u00bb, afirm\u00f3 Chiriboga.<\/p>\n<p>Al finalizar la diligencia, el juez Guerrero dispuso el inicio de una instrucci\u00f3n fiscal que durar\u00e1 90 d\u00edas.<\/p>\n","protected":false},"excerpt":{"rendered":"<p>Quito, 28 nov (EFE).- La Corte de Justicia de la provincia de Orellana, en la Amazon\u00eda de Ecuador, orden\u00f3 hoy la prisi\u00f3n preventiva, con fines de investigaci\u00f3n, de 15 ind\u00edgenas de la etnia waorani, relacionados con la supuesta masacre de otro grupo nativo, taromenane, en abril pasado. El juez Segundo de Garant\u00edas Penales de Orellana, [&hellip;]<\/p>\n","protected":false},"author":1,"featured_media":455310,"comment_status":"open","ping_status":"open","sticky":false,"template":"","format":"standard","meta":{"footnotes":""},"categories":[5],"tags":[],"class_list":["post-455309","post","type-post","status-publish","format-standard","has-post-thumbnail","hentry","category-sucesos"],"aioseo_notices":[],"aioseo_head":"\n\t\t<!-- All in One SEO Pro 5.0.1 - aioseo.com -->\n\t<meta name=\"description\" content=\"Quito, 28 nov (EFE).- La Corte de Justicia de la provincia de Orellana, en la Amazon\u00eda de Ecuador, orden\u00f3 hoy la prisi\u00f3n preventiva, con fines de investigaci\u00f3n, de 15 ind\u00edgenas de la etnia waorani, relacionados con la supuesta masacre de otro grupo nativo, taromenane, en abril pasado. El juez Segundo de Garant\u00edas Penales de Orellana,\" \/>\n\t<meta name=\"robots\" content=\"max-image-preview:large\" \/>\n\t<meta name=\"author\" content=\"El Digital de Asturias\"\/>\n\t<meta name=\"google-site-verification\" content=\"UA-38556648-1\" \/>\n\t<meta name=\"msvalidate.01\" content=\"7dfe9f3f1b24437ab69f4f2559babe99\" \/>\n\t<meta name=\"keywords\" content=\"sucesos\" \/>\n\t<link rel=\"canonical\" href=\"https:\/\/www.eldigitaldeasturias.com\/noticias\/prision-para-15-indigenas-por-la-masacre-de-otro-clan-en-la-amazonia-ecuatoriana\/\" \/>\n\t<meta name=\"generator\" content=\"All in One SEO Pro (AIOSEO) 5.0.1\" \/>\n\t\t<meta property=\"og:locale\" content=\"es_ES\" \/>\n\t\t<meta property=\"og:site_name\" content=\"El Digital de Asturias\" \/>\n\t\t<meta property=\"og:type\" content=\"article\" \/>\n\t\t<meta property=\"og:title\" content=\"Prisi\u00f3n para 15 ind\u00edgenas por la masacre de otro clan en la Amazon\u00eda ecuatoriana - El Digital de Asturias\" \/>\n\t\t<meta property=\"og:description\" content=\"Quito, 28 nov (EFE).- La Corte de Justicia de la provincia de Orellana, en la Amazon\u00eda de Ecuador, orden\u00f3 hoy la prisi\u00f3n preventiva, con fines de investigaci\u00f3n, de 15 ind\u00edgenas de la etnia waorani, relacionados con la supuesta masacre de otro grupo nativo, taromenane, en abril pasado. El juez Segundo de Garant\u00edas Penales de Orellana,\" \/>\n\t\t<meta property=\"og:url\" content=\"https:\/\/www.eldigitaldeasturias.com\/noticias\/prision-para-15-indigenas-por-la-masacre-de-otro-clan-en-la-amazonia-ecuatoriana\/\" \/>\n\t\t<meta property=\"article:tag\" content=\"sucesos\" \/>\n\t\t<meta property=\"article:published_time\" content=\"2013-11-28T19:03:10+00:00\" \/>\n\t\t<meta property=\"article:modified_time\" content=\"2013-11-28T19:03:10+00:00\" \/>\n\t\t<meta property=\"article:publisher\" content=\"https:\/\/facebook.com\/eldigitaldeasturias\" \/>\n\t\t<meta name=\"twitter:card\" content=\"summary_large_image\" \/>\n\t\t<meta name=\"twitter:title\" content=\"Prisi\u00f3n para 15 ind\u00edgenas por la masacre de otro clan en la Amazon\u00eda ecuatoriana - El Digital de Asturias\" \/>\n\t\t<meta name=\"twitter:description\" content=\"Quito, 28 nov (EFE).- La Corte de Justicia de la provincia de Orellana, en la Amazon\u00eda de Ecuador, orden\u00f3 hoy la prisi\u00f3n preventiva, con fines de investigaci\u00f3n, de 15 ind\u00edgenas de la etnia waorani, relacionados con la supuesta masacre de otro grupo nativo, taromenane, en abril pasado. El juez Segundo de Garant\u00edas Penales de Orellana,\" \/>\n\t\t<meta name=\"twitter:label1\" content=\"Escrito por\" \/>\n\t\t<meta name=\"twitter:data1\" content=\"El Digital de Asturias\" \/>\n\t\t<meta name=\"twitter:label2\" content=\"Tiempo de lectura estimado\" \/>\n\t\t<meta name=\"twitter:data2\" content=\"2 minutos\" \/>\n\t\t<script type=\"application\/ld+json\" class=\"aioseo-schema\">\n\t\t\t{\"@context\":\"https:\\\/\\\/schema.org\",\"@graph\":[{\"@type\":\"BlogPosting\",\"@id\":\"https:\\\/\\\/www.eldigitaldeasturias.com\\\/noticias\\\/prision-para-15-indigenas-por-la-masacre-de-otro-clan-en-la-amazonia-ecuatoriana\\\/#blogposting\",\"name\":\"Prisi\\u00f3n para 15 ind\\u00edgenas por la masacre de otro clan en la Amazon\\u00eda ecuatoriana - El Digital de Asturias\",\"headline\":\"Prisi\\u00f3n para 15 ind\\u00edgenas por la masacre de otro clan en la Amazon\\u00eda ecuatoriana\",\"author\":{\"@id\":\"https:\\\/\\\/www.eldigitaldeasturias.com\\\/noticias\\\/author\\\/admin\\\/#author\"},\"publisher\":{\"@id\":\"https:\\\/\\\/www.eldigitaldeasturias.com\\\/noticias\\\/#organization\"},\"image\":{\"@type\":\"ImageObject\",\"url\":455310},\"datePublished\":\"2013-11-28T18:03:10+01:00\",\"dateModified\":\"2013-11-28T18:03:10+01:00\",\"inLanguage\":\"es-ES\",\"mainEntityOfPage\":{\"@id\":\"https:\\\/\\\/www.eldigitaldeasturias.com\\\/noticias\\\/prision-para-15-indigenas-por-la-masacre-de-otro-clan-en-la-amazonia-ecuatoriana\\\/#webpage\"},\"isPartOf\":{\"@id\":\"https:\\\/\\\/www.eldigitaldeasturias.com\\\/noticias\\\/prision-para-15-indigenas-por-la-masacre-de-otro-clan-en-la-amazonia-ecuatoriana\\\/#webpage\"},\"articleSection\":\"Sucesos\"},{\"@type\":\"BreadcrumbList\",\"@id\":\"https:\\\/\\\/www.eldigitaldeasturias.com\\\/noticias\\\/prision-para-15-indigenas-por-la-masacre-de-otro-clan-en-la-amazonia-ecuatoriana\\\/#breadcrumblist\",\"itemListElement\":[{\"@type\":\"ListItem\",\"@id\":\"https:\\\/\\\/www.eldigitaldeasturias.com\\\/noticias#listItem\",\"position\":1,\"name\":\"Home\",\"item\":\"https:\\\/\\\/www.eldigitaldeasturias.com\\\/noticias\",\"nextItem\":{\"@type\":\"ListItem\",\"@id\":\"https:\\\/\\\/www.eldigitaldeasturias.com\\\/noticias\\\/category\\\/sucesos\\\/#listItem\",\"name\":\"Sucesos\"}},{\"@type\":\"ListItem\",\"@id\":\"https:\\\/\\\/www.eldigitaldeasturias.com\\\/noticias\\\/category\\\/sucesos\\\/#listItem\",\"position\":2,\"name\":\"Sucesos\",\"item\":\"https:\\\/\\\/www.eldigitaldeasturias.com\\\/noticias\\\/category\\\/sucesos\\\/\",\"nextItem\":{\"@type\":\"ListItem\",\"@id\":\"https:\\\/\\\/www.eldigitaldeasturias.com\\\/noticias\\\/prision-para-15-indigenas-por-la-masacre-de-otro-clan-en-la-amazonia-ecuatoriana\\\/#listItem\",\"name\":\"Prisi\\u00f3n para 15 ind\\u00edgenas por la masacre de otro clan en la Amazon\\u00eda ecuatoriana\"},\"previousItem\":{\"@type\":\"ListItem\",\"@id\":\"https:\\\/\\\/www.eldigitaldeasturias.com\\\/noticias#listItem\",\"name\":\"Home\"}},{\"@type\":\"ListItem\",\"@id\":\"https:\\\/\\\/www.eldigitaldeasturias.com\\\/noticias\\\/prision-para-15-indigenas-por-la-masacre-de-otro-clan-en-la-amazonia-ecuatoriana\\\/#listItem\",\"position\":3,\"name\":\"Prisi\\u00f3n para 15 ind\\u00edgenas por la masacre de otro clan en la Amazon\\u00eda ecuatoriana\",\"previousItem\":{\"@type\":\"ListItem\",\"@id\":\"https:\\\/\\\/www.eldigitaldeasturias.com\\\/noticias\\\/category\\\/sucesos\\\/#listItem\",\"name\":\"Sucesos\"}}]},{\"@type\":\"Organization\",\"@id\":\"https:\\\/\\\/www.eldigitaldeasturias.com\\\/noticias\\\/#organization\",\"name\":\"El Digital de Asturias\",\"description\":\"Hemeroteca\",\"url\":\"https:\\\/\\\/www.eldigitaldeasturias.com\\\/noticias\\\/\",\"email\":\"info@eldigitaldeasturias.com\",\"telephone\":\"+34652131393\",\"logo\":{\"@type\":\"ImageObject\",\"url\":\"https:\\\/\\\/www.eldigitaldeasturias.com\\\/noticias\\\/wp-content\\\/uploads\\\/2020\\\/12\\\/EDA.jpg\",\"@id\":\"https:\\\/\\\/www.eldigitaldeasturias.com\\\/noticias\\\/prision-para-15-indigenas-por-la-masacre-de-otro-clan-en-la-amazonia-ecuatoriana\\\/#organizationLogo\"},\"image\":{\"@id\":\"https:\\\/\\\/www.eldigitaldeasturias.com\\\/noticias\\\/prision-para-15-indigenas-por-la-masacre-de-otro-clan-en-la-amazonia-ecuatoriana\\\/#organizationLogo\"},\"sameAs\":[\"https:\\\/\\\/facebook.com\\\/eldigitaldeasturias\",\"https:\\\/\\\/www.youtube.com\\\/channel\\\/UCZP-2wLEB9Rv6erhFmqVnvg\"],\"address\":{\"@id\":\"https:\\\/\\\/www.eldigitaldeasturias.com\\\/noticias\\\/#postaladdress\",\"@type\":\"PostalAddress\",\"streetAddress\":\"san antonio 4\",\"postalCode\":\"33430\",\"addressLocality\":\"Cand\\u00e1s\",\"addressRegion\":\"Asturias\",\"addressCountry\":\"ES\"}},{\"@type\":\"Person\",\"@id\":\"https:\\\/\\\/www.eldigitaldeasturias.com\\\/noticias\\\/author\\\/admin\\\/#author\",\"url\":\"https:\\\/\\\/www.eldigitaldeasturias.com\\\/noticias\\\/author\\\/admin\\\/\",\"name\":\"El Digital de Asturias\",\"image\":{\"@type\":\"ImageObject\",\"@id\":\"https:\\\/\\\/www.eldigitaldeasturias.com\\\/noticias\\\/prision-para-15-indigenas-por-la-masacre-de-otro-clan-en-la-amazonia-ecuatoriana\\\/#authorImage\",\"url\":\"https:\\\/\\\/secure.gravatar.com\\\/avatar\\\/df2aeffc32bcd13f8d26072ef8a91b623d677766deac7f97ca815868cd41bf5e?s=96&d=mm&r=g\",\"width\":96,\"height\":96,\"caption\":\"El Digital de Asturias\"}},{\"@type\":\"WebPage\",\"@id\":\"https:\\\/\\\/www.eldigitaldeasturias.com\\\/noticias\\\/prision-para-15-indigenas-por-la-masacre-de-otro-clan-en-la-amazonia-ecuatoriana\\\/#webpage\",\"url\":\"https:\\\/\\\/www.eldigitaldeasturias.com\\\/noticias\\\/prision-para-15-indigenas-por-la-masacre-de-otro-clan-en-la-amazonia-ecuatoriana\\\/\",\"name\":\"Prisi\\u00f3n para 15 ind\\u00edgenas por la masacre de otro clan en la Amazon\\u00eda ecuatoriana - El Digital de Asturias\",\"description\":\"Quito, 28 nov (EFE).- La Corte de Justicia de la provincia de Orellana, en la Amazon\\u00eda de Ecuador, orden\\u00f3 hoy la prisi\\u00f3n preventiva, con fines de investigaci\\u00f3n, de 15 ind\\u00edgenas de la etnia waorani, relacionados con la supuesta masacre de otro grupo nativo, taromenane, en abril pasado. El juez Segundo de Garant\\u00edas Penales de Orellana,\",\"inLanguage\":\"es-ES\",\"isPartOf\":{\"@id\":\"https:\\\/\\\/www.eldigitaldeasturias.com\\\/noticias\\\/#website\"},\"breadcrumb\":{\"@id\":\"https:\\\/\\\/www.eldigitaldeasturias.com\\\/noticias\\\/prision-para-15-indigenas-por-la-masacre-de-otro-clan-en-la-amazonia-ecuatoriana\\\/#breadcrumblist\"},\"author\":{\"@id\":\"https:\\\/\\\/www.eldigitaldeasturias.com\\\/noticias\\\/author\\\/admin\\\/#author\"},\"creator\":{\"@id\":\"https:\\\/\\\/www.eldigitaldeasturias.com\\\/noticias\\\/author\\\/admin\\\/#author\"},\"image\":{\"@type\":\"ImageObject\",\"url\":455310,\"@id\":\"https:\\\/\\\/www.eldigitaldeasturias.com\\\/noticias\\\/prision-para-15-indigenas-por-la-masacre-de-otro-clan-en-la-amazonia-ecuatoriana\\\/#mainImage\"},\"primaryImageOfPage\":{\"@id\":\"https:\\\/\\\/www.eldigitaldeasturias.com\\\/noticias\\\/prision-para-15-indigenas-por-la-masacre-de-otro-clan-en-la-amazonia-ecuatoriana\\\/#mainImage\"},\"datePublished\":\"2013-11-28T18:03:10+01:00\",\"dateModified\":\"2013-11-28T18:03:10+01:00\"},{\"@type\":\"WebSite\",\"@id\":\"https:\\\/\\\/www.eldigitaldeasturias.com\\\/noticias\\\/#website\",\"url\":\"https:\\\/\\\/www.eldigitaldeasturias.com\\\/noticias\\\/\",\"name\":\"El Digital de Asturias - Diario de actualidad y noticias\",\"alternateName\":\"El Digital de Asturias - Diario de actualidad y noticias\",\"description\":\"Hemeroteca\",\"inLanguage\":\"es-ES\",\"publisher\":{\"@id\":\"https:\\\/\\\/www.eldigitaldeasturias.com\\\/noticias\\\/#organization\"}}]}\n\t\t<\/script>\n\t\t<!-- All in One SEO Pro -->\r\n\t\t<title>Prisi\u00f3n para 15 ind\u00edgenas por la masacre de otro clan en la Amazon\u00eda ecuatoriana - El Digital de Asturias<\/title>\n\n","aioseo_head_json":{"title":"Prisi\u00f3n para 15 ind\u00edgenas por la masacre de otro clan en la Amazon\u00eda ecuatoriana - El Digital de Asturias","description":"Quito, 28 nov (EFE).- La Corte de Justicia de la provincia de Orellana, en la Amazon\u00eda de Ecuador, orden\u00f3 hoy la prisi\u00f3n preventiva, con fines de investigaci\u00f3n, de 15 ind\u00edgenas de la etnia waorani, relacionados con la supuesta masacre de otro grupo nativo, taromenane, en abril pasado. El juez Segundo de Garant\u00edas Penales de Orellana,","canonical_url":"https:\/\/www.eldigitaldeasturias.com\/noticias\/prision-para-15-indigenas-por-la-masacre-de-otro-clan-en-la-amazonia-ecuatoriana\/","robots":"max-image-preview:large","keywords":"sucesos","webmasterTools":{"google-site-verification":"UA-38556648-1","msvalidate.01":"7dfe9f3f1b24437ab69f4f2559babe99","miscellaneous":""},"schema":{"@context":"https:\/\/schema.org","@graph":[{"@type":"BlogPosting","@id":"https:\/\/www.eldigitaldeasturias.com\/noticias\/prision-para-15-indigenas-por-la-masacre-de-otro-clan-en-la-amazonia-ecuatoriana\/#blogposting","name":"Prisi\u00f3n para 15 ind\u00edgenas por la masacre de otro clan en la Amazon\u00eda ecuatoriana - El Digital de Asturias","headline":"Prisi\u00f3n para 15 ind\u00edgenas por la masacre de otro clan en la Amazon\u00eda ecuatoriana","author":{"@id":"https:\/\/www.eldigitaldeasturias.com\/noticias\/author\/admin\/#author"},"publisher":{"@id":"https:\/\/www.eldigitaldeasturias.com\/noticias\/#organization"},"image":{"@type":"ImageObject","url":455310},"datePublished":"2013-11-28T18:03:10+01:00","dateModified":"2013-11-28T18:03:10+01:00","inLanguage":"es-ES","mainEntityOfPage":{"@id":"https:\/\/www.eldigitaldeasturias.com\/noticias\/prision-para-15-indigenas-por-la-masacre-de-otro-clan-en-la-amazonia-ecuatoriana\/#webpage"},"isPartOf":{"@id":"https:\/\/www.eldigitaldeasturias.com\/noticias\/prision-para-15-indigenas-por-la-masacre-de-otro-clan-en-la-amazonia-ecuatoriana\/#webpage"},"articleSection":"Sucesos"},{"@type":"BreadcrumbList","@id":"https:\/\/www.eldigitaldeasturias.com\/noticias\/prision-para-15-indigenas-por-la-masacre-de-otro-clan-en-la-amazonia-ecuatoriana\/#breadcrumblist","itemListElement":[{"@type":"ListItem","@id":"https:\/\/www.eldigitaldeasturias.com\/noticias#listItem","position":1,"name":"Home","item":"https:\/\/www.eldigitaldeasturias.com\/noticias","nextItem":{"@type":"ListItem","@id":"https:\/\/www.eldigitaldeasturias.com\/noticias\/category\/sucesos\/#listItem","name":"Sucesos"}},{"@type":"ListItem","@id":"https:\/\/www.eldigitaldeasturias.com\/noticias\/category\/sucesos\/#listItem","position":2,"name":"Sucesos","item":"https:\/\/www.eldigitaldeasturias.com\/noticias\/category\/sucesos\/","nextItem":{"@type":"ListItem","@id":"https:\/\/www.eldigitaldeasturias.com\/noticias\/prision-para-15-indigenas-por-la-masacre-de-otro-clan-en-la-amazonia-ecuatoriana\/#listItem","name":"Prisi\u00f3n para 15 ind\u00edgenas por la masacre de otro clan en la Amazon\u00eda ecuatoriana"},"previousItem":{"@type":"ListItem","@id":"https:\/\/www.eldigitaldeasturias.com\/noticias#listItem","name":"Home"}},{"@type":"ListItem","@id":"https:\/\/www.eldigitaldeasturias.com\/noticias\/prision-para-15-indigenas-por-la-masacre-de-otro-clan-en-la-amazonia-ecuatoriana\/#listItem","position":3,"name":"Prisi\u00f3n para 15 ind\u00edgenas por la masacre de otro clan en la Amazon\u00eda ecuatoriana","previousItem":{"@type":"ListItem","@id":"https:\/\/www.eldigitaldeasturias.com\/noticias\/category\/sucesos\/#listItem","name":"Sucesos"}}]},{"@type":"Organization","@id":"https:\/\/www.eldigitaldeasturias.com\/noticias\/#organization","name":"El Digital de Asturias","description":"Hemeroteca","url":"https:\/\/www.eldigitaldeasturias.com\/noticias\/","email":"info@eldigitaldeasturias.com","telephone":"+34652131393","logo":{"@type":"ImageObject","url":"https:\/\/www.eldigitaldeasturias.com\/noticias\/wp-content\/uploads\/2020\/12\/EDA.jpg","@id":"https:\/\/www.eldigitaldeasturias.com\/noticias\/prision-para-15-indigenas-por-la-masacre-de-otro-clan-en-la-amazonia-ecuatoriana\/#organizationLogo"},"image":{"@id":"https:\/\/www.eldigitaldeasturias.com\/noticias\/prision-para-15-indigenas-por-la-masacre-de-otro-clan-en-la-amazonia-ecuatoriana\/#organizationLogo"},"sameAs":["https:\/\/facebook.com\/eldigitaldeasturias","https:\/\/www.youtube.com\/channel\/UCZP-2wLEB9Rv6erhFmqVnvg"],"address":{"@id":"https:\/\/www.eldigitaldeasturias.com\/noticias\/#postaladdress","@type":"PostalAddress","streetAddress":"san antonio 4","postalCode":"33430","addressLocality":"Cand\u00e1s","addressRegion":"Asturias","addressCountry":"ES"}},{"@type":"Person","@id":"https:\/\/www.eldigitaldeasturias.com\/noticias\/author\/admin\/#author","url":"https:\/\/www.eldigitaldeasturias.com\/noticias\/author\/admin\/","name":"El Digital de Asturias","image":{"@type":"ImageObject","@id":"https:\/\/www.eldigitaldeasturias.com\/noticias\/prision-para-15-indigenas-por-la-masacre-de-otro-clan-en-la-amazonia-ecuatoriana\/#authorImage","url":"https:\/\/secure.gravatar.com\/avatar\/df2aeffc32bcd13f8d26072ef8a91b623d677766deac7f97ca815868cd41bf5e?s=96&d=mm&r=g","width":96,"height":96,"caption":"El Digital de Asturias"}},{"@type":"WebPage","@id":"https:\/\/www.eldigitaldeasturias.com\/noticias\/prision-para-15-indigenas-por-la-masacre-de-otro-clan-en-la-amazonia-ecuatoriana\/#webpage","url":"https:\/\/www.eldigitaldeasturias.com\/noticias\/prision-para-15-indigenas-por-la-masacre-de-otro-clan-en-la-amazonia-ecuatoriana\/","name":"Prisi\u00f3n para 15 ind\u00edgenas por la masacre de otro clan en la Amazon\u00eda ecuatoriana - El Digital de Asturias","description":"Quito, 28 nov (EFE).- La Corte de Justicia de la provincia de Orellana, en la Amazon\u00eda de Ecuador, orden\u00f3 hoy la prisi\u00f3n preventiva, con fines de investigaci\u00f3n, de 15 ind\u00edgenas de la etnia waorani, relacionados con la supuesta masacre de otro grupo nativo, taromenane, en abril pasado. El juez Segundo de Garant\u00edas Penales de Orellana,","inLanguage":"es-ES","isPartOf":{"@id":"https:\/\/www.eldigitaldeasturias.com\/noticias\/#website"},"breadcrumb":{"@id":"https:\/\/www.eldigitaldeasturias.com\/noticias\/prision-para-15-indigenas-por-la-masacre-de-otro-clan-en-la-amazonia-ecuatoriana\/#breadcrumblist"},"author":{"@id":"https:\/\/www.eldigitaldeasturias.com\/noticias\/author\/admin\/#author"},"creator":{"@id":"https:\/\/www.eldigitaldeasturias.com\/noticias\/author\/admin\/#author"},"image":{"@type":"ImageObject","url":455310,"@id":"https:\/\/www.eldigitaldeasturias.com\/noticias\/prision-para-15-indigenas-por-la-masacre-de-otro-clan-en-la-amazonia-ecuatoriana\/#mainImage"},"primaryImageOfPage":{"@id":"https:\/\/www.eldigitaldeasturias.com\/noticias\/prision-para-15-indigenas-por-la-masacre-de-otro-clan-en-la-amazonia-ecuatoriana\/#mainImage"},"datePublished":"2013-11-28T18:03:10+01:00","dateModified":"2013-11-28T18:03:10+01:00"},{"@type":"WebSite","@id":"https:\/\/www.eldigitaldeasturias.com\/noticias\/#website","url":"https:\/\/www.eldigitaldeasturias.com\/noticias\/","name":"El Digital de Asturias - Diario de actualidad y noticias","alternateName":"El Digital de Asturias - Diario de actualidad y noticias","description":"Hemeroteca","inLanguage":"es-ES","publisher":{"@id":"https:\/\/www.eldigitaldeasturias.com\/noticias\/#organization"}}]},"og:locale":"es_ES","og:site_name":"El Digital de Asturias","og:type":"article","og:title":"Prisi\u00f3n para 15 ind\u00edgenas por la masacre de otro clan en la Amazon\u00eda ecuatoriana - El Digital de Asturias","og:description":"Quito, 28 nov (EFE).- La Corte de Justicia de la provincia de Orellana, en la Amazon\u00eda de Ecuador, orden\u00f3 hoy la prisi\u00f3n preventiva, con fines de investigaci\u00f3n, de 15 ind\u00edgenas de la etnia waorani, relacionados con la supuesta masacre de otro grupo nativo, taromenane, en abril pasado. El juez Segundo de Garant\u00edas Penales de Orellana,","og:url":"https:\/\/www.eldigitaldeasturias.com\/noticias\/prision-para-15-indigenas-por-la-masacre-de-otro-clan-en-la-amazonia-ecuatoriana\/","article:tag":["sucesos"],"article:published_time":"2013-11-28T19:03:10+00:00","article:modified_time":"2013-11-28T19:03:10+00:00","article:publisher":"https:\/\/facebook.com\/eldigitaldeasturias","twitter:card":"summary_large_image","twitter:title":"Prisi\u00f3n para 15 ind\u00edgenas por la masacre de otro clan en la Amazon\u00eda ecuatoriana - El Digital de Asturias","twitter:description":"Quito, 28 nov (EFE).- La Corte de Justicia de la provincia de Orellana, en la Amazon\u00eda de Ecuador, orden\u00f3 hoy la prisi\u00f3n preventiva, con fines de investigaci\u00f3n, de 15 ind\u00edgenas de la etnia waorani, relacionados con la supuesta masacre de otro grupo nativo, taromenane, en abril pasado. El juez Segundo de Garant\u00edas Penales de Orellana,","twitter:label1":"Escrito por","twitter:data1":"El Digital de Asturias","twitter:label2":"Tiempo de lectura estimado","twitter:data2":"2 minutos"},"aioseo_meta_data":{"post_id":"455309","title":null,"description":null,"keywords":null,"keyphrases":null,"primary_term":null,"canonical_url":null,"og_title":null,"og_description":null,"og_object_type":"default","og_image_type":"default","og_image_url":null,"og_image_width":null,"og_image_height":null,"og_image_custom_url":null,"og_image_custom_fields":null,"og_video":null,"og_custom_url":null,"og_article_section":null,"og_article_tags":null,"twitter_use_og":true,"twitter_card":"default","twitter_image_type":"default","twitter_image_url":null,"twitter_image_custom_url":null,"twitter_image_custom_fields":null,"twitter_title":null,"twitter_description":null,"schema":{"blockGraphs":[],"customGraphs":[],"default":{"data":{"Article":[],"Course":[],"Dataset":[],"FAQPage":[],"Movie":[],"Person":[],"Product":[],"ProductReview":[],"Car":[],"Recipe":[],"Service":[],"SoftwareApplication":[],"WebPage":[]},"graphName":"","isEnabled":true},"graphs":[],"defaultGraph":"","defaultPostTypeGraph":""},"schema_type":null,"schema_type_options":null,"pillar_content":false,"robots_default":true,"robots_noindex":false,"robots_noarchive":false,"robots_nosnippet":false,"robots_nofollow":false,"robots_noimageindex":false,"robots_noodp":false,"robots_notranslate":false,"robots_max_snippet":null,"robots_max_videopreview":null,"robots_max_imagepreview":"none","priority":null,"frequency":null,"local_seo":null,"seo_analyzer_scan_date":"2026-05-29 17:51:55","breadcrumb_settings":null,"limit_modified_date":false,"open_ai":null,"ai":null,"created":"2020-11-14 22:45:13","updated":"2026-05-29 17:51:55","focus_keyword":null,"additional_keywords":null,"truseo_locale":null},"aioseo_breadcrumb":"<div class=\"aioseo-breadcrumbs\"><span class=\"aioseo-breadcrumb\">\n\t<a href=\"https:\/\/www.eldigitaldeasturias.com\/noticias\" title=\"Home\">Home<\/a>\n<\/span><span class=\"aioseo-breadcrumb-separator\">\u2013<\/span><span class=\"aioseo-breadcrumb\">\n\t<a href=\"https:\/\/www.eldigitaldeasturias.com\/noticias\/category\/sucesos\/\" title=\"Sucesos\">Sucesos<\/a>\n<\/span><span class=\"aioseo-breadcrumb-separator\">\u2013<\/span><span class=\"aioseo-breadcrumb\">\n\t<a href=\"https:\/\/www.eldigitaldeasturias.com\/noticias\/prision-para-15-indigenas-por-la-masacre-de-otro-clan-en-la-amazonia-ecuatoriana\/\" title=\"Prisi\u00f3n para 15 ind\u00edgenas por la masacre de otro clan en la Amazon\u00eda ecuatoriana\">Prisi\u00f3n para 15 ind\u00edgenas por la masacre de otro clan en la Amazon\u00eda ecuatoriana<\/a>\n<\/span><\/div>","aioseo_breadcrumb_json":[{"label":"Home","link":"https:\/\/www.eldigitaldeasturias.com\/noticias"},{"label":"Sucesos","link":"https:\/\/www.eldigitaldeasturias.com\/noticias\/category\/sucesos\/"},{"label":"Prisi\u00f3n para 15 ind\u00edgenas por la masacre de otro clan en la Amazon\u00eda ecuatoriana","link":"https:\/\/www.eldigitaldeasturias.com\/noticias\/prision-para-15-indigenas-por-la-masacre-de-otro-clan-en-la-amazonia-ecuatoriana\/"}],"_links":{"self":[{"href":"https:\/\/www.eldigitaldeasturias.com\/noticias\/wp-json\/wp\/v2\/posts\/455309","targetHints":{"allow":["GET"]}}],"collection":[{"href":"https:\/\/www.eldigitaldeasturias.com\/noticias\/wp-json\/wp\/v2\/posts"}],"about":[{"href":"https:\/\/www.eldigitaldeasturias.com\/noticias\/wp-json\/wp\/v2\/types\/post"}],"author":[{"embeddable":true,"href":"https:\/\/www.eldigitaldeasturias.com\/noticias\/wp-json\/wp\/v2\/users\/1"}],"replies":[{"embeddable":true,"href":"https:\/\/www.eldigitaldeasturias.com\/noticias\/wp-json\/wp\/v2\/comments?post=455309"}],"version-history":[{"count":0,"href":"https:\/\/www.eldigitaldeasturias.com\/noticias\/wp-json\/wp\/v2\/posts\/455309\/revisions"}],"wp:attachment":[{"href":"https:\/\/www.eldigitaldeasturias.com\/noticias\/wp-json\/wp\/v2\/media?parent=455309"}],"wp:term":[{"taxonomy":"category","embeddable":true,"href":"https:\/\/www.eldigitaldeasturias.com\/noticias\/wp-json\/wp\/v2\/categories?post=455309"},{"taxonomy":"post_tag","embeddable":true,"href":"https:\/\/www.eldigitaldeasturias.com\/noticias\/wp-json\/wp\/v2\/tags?post=455309"}],"curies":[{"name":"wp","href":"https:\/\/api.w.org\/{rel}","templated":true}]}}