{"id":455282,"date":"2013-11-28T16:54:10","date_gmt":"2013-11-28T17:54:10","guid":{"rendered":"http:\/\/www.eldigitaldeasturias.com\/noticias\/?p=455282"},"modified":"2013-11-28T16:54:10","modified_gmt":"2013-11-28T17:54:10","slug":"el-principado-mantendra-el-proximo-ano-los-planes-concertados-con-los-ayuntamientos","status":"publish","type":"post","link":"https:\/\/www.eldigitaldeasturias.com\/noticias\/el-principado-mantendra-el-proximo-ano-los-planes-concertados-con-los-ayuntamientos\/","title":{"rendered":"El Principado mantendr\u00e1 el pr\u00f3ximo a\u00f1o los planes concertados con los ayuntamientos"},"content":{"rendered":"<p><img loading=\"lazy\" decoding=\"async\" class=\"alignleft size-medium wp-image-455283\" alt=\"2013_11_28 Reunion consejera y presidente FACC\" src=\"https:\/\/www.eldigitaldeasturias.com\/noticias\/wp-content\/uploads\/2013\/11\/2013_11_28-Reunion-consejera-y-presidente-FACC-360x206.jpg\" width=\"360\" height=\"206\" \/>La consejera de Bienestar Social y Vivienda, Esther D\u00edaz, ha se\u00f1alado hoy que el Principado mantendr\u00e1 el pr\u00f3ximo a\u00f1o los planes concertados con los ayuntamientos para la prestaci\u00f3n de los servicios sociales b\u00e1sicos como las ayudas de emergencia, la ayuda a domicilio, la teleasistencia, los programas de envejecimiento activo, las becas de comedor escolar para el alumnado cuyas familias carecen de ingresos y las medidas de conciliaci\u00f3n, entre otras.<\/p>\n<p>En este sentido, la titular de Bienestar Social ha subrayado que en 2014 su departamento tratar\u00e1 de aumentar \u201cen la medida de lo posible\u201d los fondos para el plan concertado. En todo caso, ha garantizado que, como m\u00ednimo, se mantendr\u00e1 la cuant\u00eda de este ejercicio, que asciende a 26.712.105 euros.<\/p>\n<p>Esther D\u00edaz ha destacado el esfuerzo que ha llevado a cabo el Ejecutivo asturiano para reforzar con 1,5 millones adicionales la partida inicial destinada a los planes concertados, cuant\u00eda que los ayuntamientos deber\u00e1n dedicar a las ayudas de emergencia. \u201cDe este modo cumplimos con el compromiso que asumimos con la Federaci\u00f3n Asturiana de Concejos y que incorporamos al convenio de plan concertado para este a\u00f1o\u201d, ha explicado la consejera.<\/p>\n<p>La cl\u00e1usula sexta del citado convenio recoge que se podr\u00e1 reforzar la cuant\u00eda de ayuda de emergencia respetando la disponibilidad presupuestaria. En este caso, la ampliaci\u00f3n se ha realizado a trav\u00e9s de la Ley de Autorizaci\u00f3n de Endeudamiento aprobada recientemente.<\/p>\n<p>El reparto de los 1,5 millones se realizar\u00e1 en funci\u00f3n de la poblaci\u00f3n de los concejos, porque una vez analizada la documentaci\u00f3n remitida por los ayuntamientos, \u201ces el criterio m\u00e1s objetivo para distribuir esa cantidad\u201d, ha explicado la consejera. El \u00edndice de gasto m\u00e1s alto y la mayor demanda de ayudas de emergencia se registran en el \u00e1rea central de Asturias. El reparto por ayuntamientos queda como sigue:<\/p>\n<ul>\n<li>Menores de 5.000 habitantes \u2192 1.000 euros por ayuntamiento.<\/li>\n<li>Entre 5.000 y 20.000 habitantes \u2192 5.000 euros por ayuntamiento.<\/li>\n<\/ul>\n<p><strong><em>Entre 20.000 y 50.000 habitantes \u2192 Hay tres y el reparto es directamente proporcional a su poblaci\u00f3n:<\/em><\/strong><\/p>\n<ul>\n<li>Castrill\u00f3n: 46.580 euros.<\/li>\n<li>Mieres: 87.393 euros.<\/li>\n<li>Langreo: 91.027 euros.<\/li>\n<\/ul>\n<p><strong><em>Entre 50.000 y 100.00 habitantes \u2192 Hay dos ayuntamientos y el reparto tambi\u00e9n es directamente proporcional a su poblaci\u00f3n:\u00a0<\/em><\/strong><\/p>\n<ul>\n<li>Siero: 156.615 euros<\/li>\n<li>Avil\u00e9s: 251.385 euros<\/li>\n<\/ul>\n<p><strong><em>M\u00e1s de 100.000 habitantes \u2192 Hay dos ayuntamientos y al igual que en los casos anteriores el reparto es directamente proporcional a su poblaci\u00f3n:<\/em><\/strong><\/p>\n<ul>\n<li>Gij\u00f3n: 386.303 euros<\/li>\n<li>Oviedo: 313.697 euros<\/li>\n<\/ul>\n<p>La consejera de Bienestar Social ha analizado estos asuntos con el presidente de la Federaci\u00f3n Asturiana de Concejos (FACC), Ignacio Garc\u00eda, durante la reuni\u00f3n que han celebrado hoy. En el encuentro, D\u00edaz ha reiterado su preocupaci\u00f3n por las repercusiones que la Ley de Racionalizaci\u00f3n y Sostenibilidad de la Administraci\u00f3n Local tendr\u00e1 en los servicios sociales. La consejera ha advertido de que la red de atenci\u00f3n de proximidad est\u00e1 en peligro con esta reforma que impulsa el Gobierno de Espa\u00f1a.<\/p>\n","protected":false},"excerpt":{"rendered":"<p>La consejera de Bienestar Social y Vivienda, Esther D\u00edaz, ha se\u00f1alado hoy que el Principado mantendr\u00e1 el pr\u00f3ximo a\u00f1o los planes concertados con los ayuntamientos para la prestaci\u00f3n de los servicios sociales b\u00e1sicos como las ayudas de emergencia, la ayuda a domicilio, la teleasistencia, los programas de envejecimiento activo, las becas de comedor escolar para [&hellip;]<\/p>\n","protected":false},"author":1,"featured_media":455283,"comment_status":"open","ping_status":"open","sticky":false,"template":"","format":"standard","meta":{"footnotes":""},"categories":[12],"tags":[],"class_list":["post-455282","post","type-post","status-publish","format-standard","has-post-thumbnail","hentry","category-actualidad-asturias"],"aioseo_notices":[],"aioseo_head":"\n\t\t<!-- All in One SEO Pro 5.0.1 - aioseo.com -->\n\t<meta name=\"description\" content=\"La consejera de Bienestar Social y Vivienda, Esther D\u00edaz, ha se\u00f1alado hoy que el Principado mantendr\u00e1 el pr\u00f3ximo a\u00f1o los planes concertados con los ayuntamientos para la prestaci\u00f3n de los servicios sociales b\u00e1sicos como las ayudas de emergencia, la ayuda a domicilio, la teleasistencia, los programas de envejecimiento activo, las becas de comedor escolar para\" \/>\n\t<meta name=\"robots\" content=\"max-image-preview:large\" \/>\n\t<meta name=\"author\" content=\"El Digital de Asturias\"\/>\n\t<meta name=\"google-site-verification\" content=\"UA-38556648-1\" \/>\n\t<meta name=\"msvalidate.01\" content=\"7dfe9f3f1b24437ab69f4f2559babe99\" \/>\n\t<meta name=\"keywords\" content=\"actualidad asturias\" \/>\n\t<link rel=\"canonical\" href=\"https:\/\/www.eldigitaldeasturias.com\/noticias\/el-principado-mantendra-el-proximo-ano-los-planes-concertados-con-los-ayuntamientos\/\" \/>\n\t<meta name=\"generator\" content=\"All in One SEO Pro (AIOSEO) 5.0.1\" \/>\n\t\t<meta property=\"og:locale\" content=\"es_ES\" \/>\n\t\t<meta property=\"og:site_name\" content=\"El Digital de Asturias\" \/>\n\t\t<meta property=\"og:type\" content=\"article\" \/>\n\t\t<meta property=\"og:title\" content=\"El Principado mantendr\u00e1 el pr\u00f3ximo a\u00f1o los planes concertados con los ayuntamientos - El Digital de Asturias\" \/>\n\t\t<meta property=\"og:description\" content=\"La consejera de Bienestar Social y Vivienda, Esther D\u00edaz, ha se\u00f1alado hoy que el Principado mantendr\u00e1 el pr\u00f3ximo a\u00f1o los planes concertados con los ayuntamientos para la prestaci\u00f3n de los servicios sociales b\u00e1sicos como las ayudas de emergencia, la ayuda a domicilio, la teleasistencia, los programas de envejecimiento activo, las becas de comedor escolar para\" \/>\n\t\t<meta property=\"og:url\" content=\"https:\/\/www.eldigitaldeasturias.com\/noticias\/el-principado-mantendra-el-proximo-ano-los-planes-concertados-con-los-ayuntamientos\/\" \/>\n\t\t<meta property=\"article:tag\" content=\"actualidad asturias\" \/>\n\t\t<meta property=\"article:published_time\" content=\"2013-11-28T17:54:10+00:00\" \/>\n\t\t<meta property=\"article:modified_time\" content=\"2013-11-28T17:54:10+00:00\" \/>\n\t\t<meta property=\"article:publisher\" content=\"https:\/\/facebook.com\/eldigitaldeasturias\" \/>\n\t\t<meta name=\"twitter:card\" content=\"summary_large_image\" \/>\n\t\t<meta name=\"twitter:title\" content=\"El Principado mantendr\u00e1 el pr\u00f3ximo a\u00f1o los planes concertados con los ayuntamientos - El Digital de Asturias\" \/>\n\t\t<meta name=\"twitter:description\" content=\"La consejera de Bienestar Social y Vivienda, Esther D\u00edaz, ha se\u00f1alado hoy que el Principado mantendr\u00e1 el pr\u00f3ximo a\u00f1o los planes concertados con los ayuntamientos para la prestaci\u00f3n de los servicios sociales b\u00e1sicos como las ayudas de emergencia, la ayuda a domicilio, la teleasistencia, los programas de envejecimiento activo, las becas de comedor escolar para\" \/>\n\t\t<meta name=\"twitter:label1\" content=\"Escrito por\" \/>\n\t\t<meta name=\"twitter:data1\" content=\"El Digital de Asturias\" \/>\n\t\t<meta name=\"twitter:label2\" content=\"Tiempo de lectura estimado\" \/>\n\t\t<meta name=\"twitter:data2\" content=\"2 minutos\" \/>\n\t\t<script type=\"application\/ld+json\" class=\"aioseo-schema\">\n\t\t\t{\"@context\":\"https:\\\/\\\/schema.org\",\"@graph\":[{\"@type\":\"BlogPosting\",\"@id\":\"https:\\\/\\\/www.eldigitaldeasturias.com\\\/noticias\\\/el-principado-mantendra-el-proximo-ano-los-planes-concertados-con-los-ayuntamientos\\\/#blogposting\",\"name\":\"El Principado mantendr\\u00e1 el pr\\u00f3ximo a\\u00f1o los planes concertados con los ayuntamientos - El Digital de Asturias\",\"headline\":\"El Principado mantendr\\u00e1 el pr\\u00f3ximo a\\u00f1o los planes concertados con los ayuntamientos\",\"author\":{\"@id\":\"https:\\\/\\\/www.eldigitaldeasturias.com\\\/noticias\\\/author\\\/admin\\\/#author\"},\"publisher\":{\"@id\":\"https:\\\/\\\/www.eldigitaldeasturias.com\\\/noticias\\\/#organization\"},\"image\":{\"@type\":\"ImageObject\",\"url\":455283},\"datePublished\":\"2013-11-28T16:54:10+01:00\",\"dateModified\":\"2013-11-28T16:54:10+01:00\",\"inLanguage\":\"es-ES\",\"mainEntityOfPage\":{\"@id\":\"https:\\\/\\\/www.eldigitaldeasturias.com\\\/noticias\\\/el-principado-mantendra-el-proximo-ano-los-planes-concertados-con-los-ayuntamientos\\\/#webpage\"},\"isPartOf\":{\"@id\":\"https:\\\/\\\/www.eldigitaldeasturias.com\\\/noticias\\\/el-principado-mantendra-el-proximo-ano-los-planes-concertados-con-los-ayuntamientos\\\/#webpage\"},\"articleSection\":\"Actualidad Asturias\"},{\"@type\":\"BreadcrumbList\",\"@id\":\"https:\\\/\\\/www.eldigitaldeasturias.com\\\/noticias\\\/el-principado-mantendra-el-proximo-ano-los-planes-concertados-con-los-ayuntamientos\\\/#breadcrumblist\",\"itemListElement\":[{\"@type\":\"ListItem\",\"@id\":\"https:\\\/\\\/www.eldigitaldeasturias.com\\\/noticias#listItem\",\"position\":1,\"name\":\"Home\",\"item\":\"https:\\\/\\\/www.eldigitaldeasturias.com\\\/noticias\",\"nextItem\":{\"@type\":\"ListItem\",\"@id\":\"https:\\\/\\\/www.eldigitaldeasturias.com\\\/noticias\\\/category\\\/actualidad-asturias\\\/#listItem\",\"name\":\"Actualidad Asturias\"}},{\"@type\":\"ListItem\",\"@id\":\"https:\\\/\\\/www.eldigitaldeasturias.com\\\/noticias\\\/category\\\/actualidad-asturias\\\/#listItem\",\"position\":2,\"name\":\"Actualidad Asturias\",\"item\":\"https:\\\/\\\/www.eldigitaldeasturias.com\\\/noticias\\\/category\\\/actualidad-asturias\\\/\",\"nextItem\":{\"@type\":\"ListItem\",\"@id\":\"https:\\\/\\\/www.eldigitaldeasturias.com\\\/noticias\\\/el-principado-mantendra-el-proximo-ano-los-planes-concertados-con-los-ayuntamientos\\\/#listItem\",\"name\":\"El Principado mantendr\\u00e1 el pr\\u00f3ximo a\\u00f1o los planes concertados con los ayuntamientos\"},\"previousItem\":{\"@type\":\"ListItem\",\"@id\":\"https:\\\/\\\/www.eldigitaldeasturias.com\\\/noticias#listItem\",\"name\":\"Home\"}},{\"@type\":\"ListItem\",\"@id\":\"https:\\\/\\\/www.eldigitaldeasturias.com\\\/noticias\\\/el-principado-mantendra-el-proximo-ano-los-planes-concertados-con-los-ayuntamientos\\\/#listItem\",\"position\":3,\"name\":\"El Principado mantendr\\u00e1 el pr\\u00f3ximo a\\u00f1o los planes concertados con los ayuntamientos\",\"previousItem\":{\"@type\":\"ListItem\",\"@id\":\"https:\\\/\\\/www.eldigitaldeasturias.com\\\/noticias\\\/category\\\/actualidad-asturias\\\/#listItem\",\"name\":\"Actualidad Asturias\"}}]},{\"@type\":\"Organization\",\"@id\":\"https:\\\/\\\/www.eldigitaldeasturias.com\\\/noticias\\\/#organization\",\"name\":\"El Digital de Asturias\",\"description\":\"Hemeroteca\",\"url\":\"https:\\\/\\\/www.eldigitaldeasturias.com\\\/noticias\\\/\",\"email\":\"info@eldigitaldeasturias.com\",\"telephone\":\"+34652131393\",\"logo\":{\"@type\":\"ImageObject\",\"url\":\"https:\\\/\\\/www.eldigitaldeasturias.com\\\/noticias\\\/wp-content\\\/uploads\\\/2020\\\/12\\\/EDA.jpg\",\"@id\":\"https:\\\/\\\/www.eldigitaldeasturias.com\\\/noticias\\\/el-principado-mantendra-el-proximo-ano-los-planes-concertados-con-los-ayuntamientos\\\/#organizationLogo\"},\"image\":{\"@id\":\"https:\\\/\\\/www.eldigitaldeasturias.com\\\/noticias\\\/el-principado-mantendra-el-proximo-ano-los-planes-concertados-con-los-ayuntamientos\\\/#organizationLogo\"},\"sameAs\":[\"https:\\\/\\\/facebook.com\\\/eldigitaldeasturias\",\"https:\\\/\\\/www.youtube.com\\\/channel\\\/UCZP-2wLEB9Rv6erhFmqVnvg\"],\"address\":{\"@id\":\"https:\\\/\\\/www.eldigitaldeasturias.com\\\/noticias\\\/#postaladdress\",\"@type\":\"PostalAddress\",\"streetAddress\":\"san antonio 4\",\"postalCode\":\"33430\",\"addressLocality\":\"Cand\\u00e1s\",\"addressRegion\":\"Asturias\",\"addressCountry\":\"ES\"}},{\"@type\":\"Person\",\"@id\":\"https:\\\/\\\/www.eldigitaldeasturias.com\\\/noticias\\\/author\\\/admin\\\/#author\",\"url\":\"https:\\\/\\\/www.eldigitaldeasturias.com\\\/noticias\\\/author\\\/admin\\\/\",\"name\":\"El Digital de Asturias\",\"image\":{\"@type\":\"ImageObject\",\"@id\":\"https:\\\/\\\/www.eldigitaldeasturias.com\\\/noticias\\\/el-principado-mantendra-el-proximo-ano-los-planes-concertados-con-los-ayuntamientos\\\/#authorImage\",\"url\":\"https:\\\/\\\/secure.gravatar.com\\\/avatar\\\/df2aeffc32bcd13f8d26072ef8a91b623d677766deac7f97ca815868cd41bf5e?s=96&d=mm&r=g\",\"width\":96,\"height\":96,\"caption\":\"El Digital de Asturias\"}},{\"@type\":\"WebPage\",\"@id\":\"https:\\\/\\\/www.eldigitaldeasturias.com\\\/noticias\\\/el-principado-mantendra-el-proximo-ano-los-planes-concertados-con-los-ayuntamientos\\\/#webpage\",\"url\":\"https:\\\/\\\/www.eldigitaldeasturias.com\\\/noticias\\\/el-principado-mantendra-el-proximo-ano-los-planes-concertados-con-los-ayuntamientos\\\/\",\"name\":\"El Principado mantendr\\u00e1 el pr\\u00f3ximo a\\u00f1o los planes concertados con los ayuntamientos - El Digital de Asturias\",\"description\":\"La consejera de Bienestar Social y Vivienda, Esther D\\u00edaz, ha se\\u00f1alado hoy que el Principado mantendr\\u00e1 el pr\\u00f3ximo a\\u00f1o los planes concertados con los ayuntamientos para la prestaci\\u00f3n de los servicios sociales b\\u00e1sicos como las ayudas de emergencia, la ayuda a domicilio, la teleasistencia, los programas de envejecimiento activo, las becas de comedor escolar para\",\"inLanguage\":\"es-ES\",\"isPartOf\":{\"@id\":\"https:\\\/\\\/www.eldigitaldeasturias.com\\\/noticias\\\/#website\"},\"breadcrumb\":{\"@id\":\"https:\\\/\\\/www.eldigitaldeasturias.com\\\/noticias\\\/el-principado-mantendra-el-proximo-ano-los-planes-concertados-con-los-ayuntamientos\\\/#breadcrumblist\"},\"author\":{\"@id\":\"https:\\\/\\\/www.eldigitaldeasturias.com\\\/noticias\\\/author\\\/admin\\\/#author\"},\"creator\":{\"@id\":\"https:\\\/\\\/www.eldigitaldeasturias.com\\\/noticias\\\/author\\\/admin\\\/#author\"},\"image\":{\"@type\":\"ImageObject\",\"url\":455283,\"@id\":\"https:\\\/\\\/www.eldigitaldeasturias.com\\\/noticias\\\/el-principado-mantendra-el-proximo-ano-los-planes-concertados-con-los-ayuntamientos\\\/#mainImage\"},\"primaryImageOfPage\":{\"@id\":\"https:\\\/\\\/www.eldigitaldeasturias.com\\\/noticias\\\/el-principado-mantendra-el-proximo-ano-los-planes-concertados-con-los-ayuntamientos\\\/#mainImage\"},\"datePublished\":\"2013-11-28T16:54:10+01:00\",\"dateModified\":\"2013-11-28T16:54:10+01:00\"},{\"@type\":\"WebSite\",\"@id\":\"https:\\\/\\\/www.eldigitaldeasturias.com\\\/noticias\\\/#website\",\"url\":\"https:\\\/\\\/www.eldigitaldeasturias.com\\\/noticias\\\/\",\"name\":\"El Digital de Asturias - Diario de actualidad y noticias\",\"alternateName\":\"El Digital de Asturias - Diario de actualidad y noticias\",\"description\":\"Hemeroteca\",\"inLanguage\":\"es-ES\",\"publisher\":{\"@id\":\"https:\\\/\\\/www.eldigitaldeasturias.com\\\/noticias\\\/#organization\"}}]}\n\t\t<\/script>\n\t\t<!-- All in One SEO Pro -->\r\n\t\t<title>El Principado mantendr\u00e1 el pr\u00f3ximo a\u00f1o los planes concertados con los ayuntamientos - El Digital de Asturias<\/title>\n\n","aioseo_head_json":{"title":"El Principado mantendr\u00e1 el pr\u00f3ximo a\u00f1o los planes concertados con los ayuntamientos - El Digital de Asturias","description":"La consejera de Bienestar Social y Vivienda, Esther D\u00edaz, ha se\u00f1alado hoy que el Principado mantendr\u00e1 el pr\u00f3ximo a\u00f1o los planes concertados con los ayuntamientos para la prestaci\u00f3n de los servicios sociales b\u00e1sicos como las ayudas de emergencia, la ayuda a domicilio, la teleasistencia, los programas de envejecimiento activo, las becas de comedor escolar para","canonical_url":"https:\/\/www.eldigitaldeasturias.com\/noticias\/el-principado-mantendra-el-proximo-ano-los-planes-concertados-con-los-ayuntamientos\/","robots":"max-image-preview:large","keywords":"actualidad asturias","webmasterTools":{"google-site-verification":"UA-38556648-1","msvalidate.01":"7dfe9f3f1b24437ab69f4f2559babe99","miscellaneous":""},"schema":{"@context":"https:\/\/schema.org","@graph":[{"@type":"BlogPosting","@id":"https:\/\/www.eldigitaldeasturias.com\/noticias\/el-principado-mantendra-el-proximo-ano-los-planes-concertados-con-los-ayuntamientos\/#blogposting","name":"El Principado mantendr\u00e1 el pr\u00f3ximo a\u00f1o los planes concertados con los ayuntamientos - El Digital de Asturias","headline":"El Principado mantendr\u00e1 el pr\u00f3ximo a\u00f1o los planes concertados con los ayuntamientos","author":{"@id":"https:\/\/www.eldigitaldeasturias.com\/noticias\/author\/admin\/#author"},"publisher":{"@id":"https:\/\/www.eldigitaldeasturias.com\/noticias\/#organization"},"image":{"@type":"ImageObject","url":455283},"datePublished":"2013-11-28T16:54:10+01:00","dateModified":"2013-11-28T16:54:10+01:00","inLanguage":"es-ES","mainEntityOfPage":{"@id":"https:\/\/www.eldigitaldeasturias.com\/noticias\/el-principado-mantendra-el-proximo-ano-los-planes-concertados-con-los-ayuntamientos\/#webpage"},"isPartOf":{"@id":"https:\/\/www.eldigitaldeasturias.com\/noticias\/el-principado-mantendra-el-proximo-ano-los-planes-concertados-con-los-ayuntamientos\/#webpage"},"articleSection":"Actualidad Asturias"},{"@type":"BreadcrumbList","@id":"https:\/\/www.eldigitaldeasturias.com\/noticias\/el-principado-mantendra-el-proximo-ano-los-planes-concertados-con-los-ayuntamientos\/#breadcrumblist","itemListElement":[{"@type":"ListItem","@id":"https:\/\/www.eldigitaldeasturias.com\/noticias#listItem","position":1,"name":"Home","item":"https:\/\/www.eldigitaldeasturias.com\/noticias","nextItem":{"@type":"ListItem","@id":"https:\/\/www.eldigitaldeasturias.com\/noticias\/category\/actualidad-asturias\/#listItem","name":"Actualidad Asturias"}},{"@type":"ListItem","@id":"https:\/\/www.eldigitaldeasturias.com\/noticias\/category\/actualidad-asturias\/#listItem","position":2,"name":"Actualidad Asturias","item":"https:\/\/www.eldigitaldeasturias.com\/noticias\/category\/actualidad-asturias\/","nextItem":{"@type":"ListItem","@id":"https:\/\/www.eldigitaldeasturias.com\/noticias\/el-principado-mantendra-el-proximo-ano-los-planes-concertados-con-los-ayuntamientos\/#listItem","name":"El Principado mantendr\u00e1 el pr\u00f3ximo a\u00f1o los planes concertados con los ayuntamientos"},"previousItem":{"@type":"ListItem","@id":"https:\/\/www.eldigitaldeasturias.com\/noticias#listItem","name":"Home"}},{"@type":"ListItem","@id":"https:\/\/www.eldigitaldeasturias.com\/noticias\/el-principado-mantendra-el-proximo-ano-los-planes-concertados-con-los-ayuntamientos\/#listItem","position":3,"name":"El Principado mantendr\u00e1 el pr\u00f3ximo a\u00f1o los planes concertados con los ayuntamientos","previousItem":{"@type":"ListItem","@id":"https:\/\/www.eldigitaldeasturias.com\/noticias\/category\/actualidad-asturias\/#listItem","name":"Actualidad Asturias"}}]},{"@type":"Organization","@id":"https:\/\/www.eldigitaldeasturias.com\/noticias\/#organization","name":"El Digital de Asturias","description":"Hemeroteca","url":"https:\/\/www.eldigitaldeasturias.com\/noticias\/","email":"info@eldigitaldeasturias.com","telephone":"+34652131393","logo":{"@type":"ImageObject","url":"https:\/\/www.eldigitaldeasturias.com\/noticias\/wp-content\/uploads\/2020\/12\/EDA.jpg","@id":"https:\/\/www.eldigitaldeasturias.com\/noticias\/el-principado-mantendra-el-proximo-ano-los-planes-concertados-con-los-ayuntamientos\/#organizationLogo"},"image":{"@id":"https:\/\/www.eldigitaldeasturias.com\/noticias\/el-principado-mantendra-el-proximo-ano-los-planes-concertados-con-los-ayuntamientos\/#organizationLogo"},"sameAs":["https:\/\/facebook.com\/eldigitaldeasturias","https:\/\/www.youtube.com\/channel\/UCZP-2wLEB9Rv6erhFmqVnvg"],"address":{"@id":"https:\/\/www.eldigitaldeasturias.com\/noticias\/#postaladdress","@type":"PostalAddress","streetAddress":"san antonio 4","postalCode":"33430","addressLocality":"Cand\u00e1s","addressRegion":"Asturias","addressCountry":"ES"}},{"@type":"Person","@id":"https:\/\/www.eldigitaldeasturias.com\/noticias\/author\/admin\/#author","url":"https:\/\/www.eldigitaldeasturias.com\/noticias\/author\/admin\/","name":"El Digital de Asturias","image":{"@type":"ImageObject","@id":"https:\/\/www.eldigitaldeasturias.com\/noticias\/el-principado-mantendra-el-proximo-ano-los-planes-concertados-con-los-ayuntamientos\/#authorImage","url":"https:\/\/secure.gravatar.com\/avatar\/df2aeffc32bcd13f8d26072ef8a91b623d677766deac7f97ca815868cd41bf5e?s=96&d=mm&r=g","width":96,"height":96,"caption":"El Digital de Asturias"}},{"@type":"WebPage","@id":"https:\/\/www.eldigitaldeasturias.com\/noticias\/el-principado-mantendra-el-proximo-ano-los-planes-concertados-con-los-ayuntamientos\/#webpage","url":"https:\/\/www.eldigitaldeasturias.com\/noticias\/el-principado-mantendra-el-proximo-ano-los-planes-concertados-con-los-ayuntamientos\/","name":"El Principado mantendr\u00e1 el pr\u00f3ximo a\u00f1o los planes concertados con los ayuntamientos - El Digital de Asturias","description":"La consejera de Bienestar Social y Vivienda, Esther D\u00edaz, ha se\u00f1alado hoy que el Principado mantendr\u00e1 el pr\u00f3ximo a\u00f1o los planes concertados con los ayuntamientos para la prestaci\u00f3n de los servicios sociales b\u00e1sicos como las ayudas de emergencia, la ayuda a domicilio, la teleasistencia, los programas de envejecimiento activo, las becas de comedor escolar para","inLanguage":"es-ES","isPartOf":{"@id":"https:\/\/www.eldigitaldeasturias.com\/noticias\/#website"},"breadcrumb":{"@id":"https:\/\/www.eldigitaldeasturias.com\/noticias\/el-principado-mantendra-el-proximo-ano-los-planes-concertados-con-los-ayuntamientos\/#breadcrumblist"},"author":{"@id":"https:\/\/www.eldigitaldeasturias.com\/noticias\/author\/admin\/#author"},"creator":{"@id":"https:\/\/www.eldigitaldeasturias.com\/noticias\/author\/admin\/#author"},"image":{"@type":"ImageObject","url":455283,"@id":"https:\/\/www.eldigitaldeasturias.com\/noticias\/el-principado-mantendra-el-proximo-ano-los-planes-concertados-con-los-ayuntamientos\/#mainImage"},"primaryImageOfPage":{"@id":"https:\/\/www.eldigitaldeasturias.com\/noticias\/el-principado-mantendra-el-proximo-ano-los-planes-concertados-con-los-ayuntamientos\/#mainImage"},"datePublished":"2013-11-28T16:54:10+01:00","dateModified":"2013-11-28T16:54:10+01:00"},{"@type":"WebSite","@id":"https:\/\/www.eldigitaldeasturias.com\/noticias\/#website","url":"https:\/\/www.eldigitaldeasturias.com\/noticias\/","name":"El Digital de Asturias - Diario de actualidad y noticias","alternateName":"El Digital de Asturias - Diario de actualidad y noticias","description":"Hemeroteca","inLanguage":"es-ES","publisher":{"@id":"https:\/\/www.eldigitaldeasturias.com\/noticias\/#organization"}}]},"og:locale":"es_ES","og:site_name":"El Digital de Asturias","og:type":"article","og:title":"El Principado mantendr\u00e1 el pr\u00f3ximo a\u00f1o los planes concertados con los ayuntamientos - El Digital de Asturias","og:description":"La consejera de Bienestar Social y Vivienda, Esther D\u00edaz, ha se\u00f1alado hoy que el Principado mantendr\u00e1 el pr\u00f3ximo a\u00f1o los planes concertados con los ayuntamientos para la prestaci\u00f3n de los servicios sociales b\u00e1sicos como las ayudas de emergencia, la ayuda a domicilio, la teleasistencia, los programas de envejecimiento activo, las becas de comedor escolar para","og:url":"https:\/\/www.eldigitaldeasturias.com\/noticias\/el-principado-mantendra-el-proximo-ano-los-planes-concertados-con-los-ayuntamientos\/","article:tag":["actualidad asturias"],"article:published_time":"2013-11-28T17:54:10+00:00","article:modified_time":"2013-11-28T17:54:10+00:00","article:publisher":"https:\/\/facebook.com\/eldigitaldeasturias","twitter:card":"summary_large_image","twitter:title":"El Principado mantendr\u00e1 el pr\u00f3ximo a\u00f1o los planes concertados con los ayuntamientos - El Digital de Asturias","twitter:description":"La consejera de Bienestar Social y Vivienda, Esther D\u00edaz, ha se\u00f1alado hoy que el Principado mantendr\u00e1 el pr\u00f3ximo a\u00f1o los planes concertados con los ayuntamientos para la prestaci\u00f3n de los servicios sociales b\u00e1sicos como las ayudas de emergencia, la ayuda a domicilio, la teleasistencia, los programas de envejecimiento activo, las becas de comedor escolar para","twitter:label1":"Escrito por","twitter:data1":"El Digital de Asturias","twitter:label2":"Tiempo de lectura estimado","twitter:data2":"2 minutos"},"aioseo_meta_data":{"post_id":"455282","title":null,"description":null,"keywords":null,"keyphrases":null,"primary_term":null,"canonical_url":null,"og_title":null,"og_description":null,"og_object_type":"default","og_image_type":"default","og_image_url":null,"og_image_width":null,"og_image_height":null,"og_image_custom_url":null,"og_image_custom_fields":null,"og_video":null,"og_custom_url":null,"og_article_section":null,"og_article_tags":null,"twitter_use_og":true,"twitter_card":"default","twitter_image_type":"default","twitter_image_url":null,"twitter_image_custom_url":null,"twitter_image_custom_fields":null,"twitter_title":null,"twitter_description":null,"schema":{"blockGraphs":[],"customGraphs":[],"default":{"data":{"Article":[],"Course":[],"Dataset":[],"FAQPage":[],"Movie":[],"Person":[],"Product":[],"ProductReview":[],"Car":[],"Recipe":[],"Service":[],"SoftwareApplication":[],"WebPage":[]},"graphName":"","isEnabled":true},"graphs":[],"defaultGraph":"","defaultPostTypeGraph":""},"schema_type":null,"schema_type_options":null,"pillar_content":false,"robots_default":true,"robots_noindex":false,"robots_noarchive":false,"robots_nosnippet":false,"robots_nofollow":false,"robots_noimageindex":false,"robots_noodp":false,"robots_notranslate":false,"robots_max_snippet":null,"robots_max_videopreview":null,"robots_max_imagepreview":"none","priority":null,"frequency":null,"local_seo":null,"seo_analyzer_scan_date":"2026-05-29 17:47:43","breadcrumb_settings":null,"limit_modified_date":false,"open_ai":null,"ai":null,"created":"2020-11-14 22:45:13","updated":"2026-05-29 17:47:43","focus_keyword":null,"additional_keywords":null,"truseo_locale":null},"aioseo_breadcrumb":"<div class=\"aioseo-breadcrumbs\"><span class=\"aioseo-breadcrumb\">\n\t<a href=\"https:\/\/www.eldigitaldeasturias.com\/noticias\" title=\"Home\">Home<\/a>\n<\/span><span class=\"aioseo-breadcrumb-separator\">\u2013<\/span><span class=\"aioseo-breadcrumb\">\n\t<a href=\"https:\/\/www.eldigitaldeasturias.com\/noticias\/category\/actualidad-asturias\/\" title=\"Actualidad Asturias\">Actualidad Asturias<\/a>\n<\/span><span class=\"aioseo-breadcrumb-separator\">\u2013<\/span><span class=\"aioseo-breadcrumb\">\n\t<a href=\"https:\/\/www.eldigitaldeasturias.com\/noticias\/el-principado-mantendra-el-proximo-ano-los-planes-concertados-con-los-ayuntamientos\/\" title=\"El Principado mantendr\u00e1 el pr\u00f3ximo a\u00f1o los planes concertados con los ayuntamientos\">El Principado mantendr\u00e1 el pr\u00f3ximo a\u00f1o los planes concertados con los ayuntamientos<\/a>\n<\/span><\/div>","aioseo_breadcrumb_json":[{"label":"Home","link":"https:\/\/www.eldigitaldeasturias.com\/noticias"},{"label":"Actualidad Asturias","link":"https:\/\/www.eldigitaldeasturias.com\/noticias\/category\/actualidad-asturias\/"},{"label":"El Principado mantendr\u00e1 el pr\u00f3ximo a\u00f1o los planes concertados con los ayuntamientos","link":"https:\/\/www.eldigitaldeasturias.com\/noticias\/el-principado-mantendra-el-proximo-ano-los-planes-concertados-con-los-ayuntamientos\/"}],"_links":{"self":[{"href":"https:\/\/www.eldigitaldeasturias.com\/noticias\/wp-json\/wp\/v2\/posts\/455282","targetHints":{"allow":["GET"]}}],"collection":[{"href":"https:\/\/www.eldigitaldeasturias.com\/noticias\/wp-json\/wp\/v2\/posts"}],"about":[{"href":"https:\/\/www.eldigitaldeasturias.com\/noticias\/wp-json\/wp\/v2\/types\/post"}],"author":[{"embeddable":true,"href":"https:\/\/www.eldigitaldeasturias.com\/noticias\/wp-json\/wp\/v2\/users\/1"}],"replies":[{"embeddable":true,"href":"https:\/\/www.eldigitaldeasturias.com\/noticias\/wp-json\/wp\/v2\/comments?post=455282"}],"version-history":[{"count":0,"href":"https:\/\/www.eldigitaldeasturias.com\/noticias\/wp-json\/wp\/v2\/posts\/455282\/revisions"}],"wp:attachment":[{"href":"https:\/\/www.eldigitaldeasturias.com\/noticias\/wp-json\/wp\/v2\/media?parent=455282"}],"wp:term":[{"taxonomy":"category","embeddable":true,"href":"https:\/\/www.eldigitaldeasturias.com\/noticias\/wp-json\/wp\/v2\/categories?post=455282"},{"taxonomy":"post_tag","embeddable":true,"href":"https:\/\/www.eldigitaldeasturias.com\/noticias\/wp-json\/wp\/v2\/tags?post=455282"}],"curies":[{"name":"wp","href":"https:\/\/api.w.org\/{rel}","templated":true}]}}