{"id":455273,"date":"2013-11-28T16:38:55","date_gmt":"2013-11-28T17:38:55","guid":{"rendered":"http:\/\/www.eldigitaldeasturias.com\/noticias\/?p=455273"},"modified":"2013-11-28T16:38:55","modified_gmt":"2013-11-28T17:38:55","slug":"oviedo-detenido-un-menor-fugado-que-apunalo-al-hombre-que-lo-habia-acogido","status":"publish","type":"post","link":"https:\/\/www.eldigitaldeasturias.com\/noticias\/oviedo-detenido-un-menor-fugado-que-apunalo-al-hombre-que-lo-habia-acogido\/","title":{"rendered":"Oviedo : Detenido un menor fugado que apu\u00f1al\u00f3 al hombre que lo hab\u00eda acogido"},"content":{"rendered":"<p><img loading=\"lazy\" decoding=\"async\" class=\"alignleft size-medium wp-image-717\" alt=\"policia\" src=\"https:\/\/www.eldigitaldeasturias.com\/noticias\/wp-content\/uploads\/2013\/09\/policia-360x239.jpg\" width=\"360\" height=\"239\" \/>Oviedo, 28 nov (EFE).- La Polic\u00eda ha detenido a un joven de 17 a\u00f1os que estaba fugado del centro de internamiento de Sograndio como presunto autor del apu\u00f1alamiento de un hombre de 21 a\u00f1os que le hab\u00eda acogido en su casa, inform\u00f3 hoy este cuerpo.<\/p>\n<p>Los hechos se produjeron esta madrugada y la v\u00edctima de la agresi\u00f3n asegur\u00f3 que cuando se encontraba durmiendo en su domicilio entr\u00f3 un joven al que hab\u00eda acogido en su casa y, tras pedirle que se levantara, se inici\u00f3 una discusi\u00f3n en el transcurso de la cual sac\u00f3 una navaja y se la clav\u00f3 en el cuello para huir posteriormente.<\/p>\n<p>El propietario de un bar cercano al domicilio, ubicado en la localidad de Colloto, hab\u00eda avisado a una ambulancia para que lo atendiera despu\u00e9s de que el herido le viera golpear en los cristales del establecimiento descalzo, en pijama y sangrando por el cuello.<\/p>\n<p>La Polic\u00eda inici\u00f3 entonces la b\u00fasqueda del presunto agresor que fue localizado cuando caminaba\u00a0 cerca de la carretera general con las manos y sus ropas manchadas de sangre y portando una navaja.<\/p>\n<p>Al menor se le imputa adem\u00e1s un delito de robo y uso de veh\u00edculo de motor y un quebrantamiento de condena y ha sido detenido en ocho ocasiones anteriores.<\/p>\n","protected":false},"excerpt":{"rendered":"<p>Oviedo, 28 nov (EFE).- La Polic\u00eda ha detenido a un joven de 17 a\u00f1os que estaba fugado del centro de internamiento de Sograndio como presunto autor del apu\u00f1alamiento de un hombre de 21 a\u00f1os que le hab\u00eda acogido en su casa, inform\u00f3 hoy este cuerpo. Los hechos se produjeron esta madrugada y la v\u00edctima de [&hellip;]<\/p>\n","protected":false},"author":1,"featured_media":1132184,"comment_status":"open","ping_status":"open","sticky":false,"template":"","format":"standard","meta":{"footnotes":""},"categories":[12],"tags":[],"class_list":["post-455273","post","type-post","status-publish","format-standard","has-post-thumbnail","hentry","category-actualidad-asturias"],"aioseo_notices":[],"aioseo_head":"\n\t\t<!-- All in One SEO Pro 5.0.1 - aioseo.com -->\n\t<meta name=\"description\" content=\"Oviedo, 28 nov (EFE).- La Polic\u00eda ha detenido a un joven de 17 a\u00f1os que estaba fugado del centro de internamiento de Sograndio como presunto autor del apu\u00f1alamiento de un hombre de 21 a\u00f1os que le hab\u00eda acogido en su casa, inform\u00f3 hoy este cuerpo. Los hechos se produjeron esta madrugada y la v\u00edctima de\" \/>\n\t<meta name=\"robots\" content=\"max-image-preview:large\" \/>\n\t<meta name=\"author\" content=\"El Digital de Asturias\"\/>\n\t<meta name=\"google-site-verification\" content=\"UA-38556648-1\" \/>\n\t<meta name=\"msvalidate.01\" content=\"7dfe9f3f1b24437ab69f4f2559babe99\" \/>\n\t<meta name=\"keywords\" content=\"actualidad asturias\" \/>\n\t<link rel=\"canonical\" href=\"https:\/\/www.eldigitaldeasturias.com\/noticias\/oviedo-detenido-un-menor-fugado-que-apunalo-al-hombre-que-lo-habia-acogido\/\" \/>\n\t<meta name=\"generator\" content=\"All in One SEO Pro (AIOSEO) 5.0.1\" \/>\n\t\t<meta property=\"og:locale\" content=\"es_ES\" \/>\n\t\t<meta property=\"og:site_name\" content=\"El Digital de Asturias\" \/>\n\t\t<meta property=\"og:type\" content=\"article\" \/>\n\t\t<meta property=\"og:title\" content=\"Oviedo : Detenido un menor fugado que apu\u00f1al\u00f3 al hombre que lo hab\u00eda acogido - El Digital de Asturias\" \/>\n\t\t<meta property=\"og:description\" content=\"Oviedo, 28 nov (EFE).- La Polic\u00eda ha detenido a un joven de 17 a\u00f1os que estaba fugado del centro de internamiento de Sograndio como presunto autor del apu\u00f1alamiento de un hombre de 21 a\u00f1os que le hab\u00eda acogido en su casa, inform\u00f3 hoy este cuerpo. Los hechos se produjeron esta madrugada y la v\u00edctima de\" \/>\n\t\t<meta property=\"og:url\" content=\"https:\/\/www.eldigitaldeasturias.com\/noticias\/oviedo-detenido-un-menor-fugado-que-apunalo-al-hombre-que-lo-habia-acogido\/\" \/>\n\t\t<meta property=\"og:image\" content=\"https:\/\/www.eldigitaldeasturias.com\/noticias\/wp-content\/uploads\/2026\/06\/Contenidos.jpg\" \/>\n\t\t<meta property=\"og:image:secure_url\" content=\"https:\/\/www.eldigitaldeasturias.com\/noticias\/wp-content\/uploads\/2026\/06\/Contenidos.jpg\" \/>\n\t\t<meta property=\"og:image:width\" content=\"1265\" \/>\n\t\t<meta property=\"og:image:height\" content=\"697\" \/>\n\t\t<meta property=\"article:tag\" content=\"actualidad asturias\" \/>\n\t\t<meta property=\"article:published_time\" content=\"2013-11-28T17:38:55+00:00\" \/>\n\t\t<meta property=\"article:modified_time\" content=\"2013-11-28T17:38:55+00:00\" \/>\n\t\t<meta property=\"article:publisher\" content=\"https:\/\/facebook.com\/eldigitaldeasturias\" \/>\n\t\t<meta name=\"twitter:card\" content=\"summary_large_image\" \/>\n\t\t<meta name=\"twitter:title\" content=\"Oviedo : Detenido un menor fugado que apu\u00f1al\u00f3 al hombre que lo hab\u00eda acogido - El Digital de Asturias\" \/>\n\t\t<meta name=\"twitter:description\" content=\"Oviedo, 28 nov (EFE).- La Polic\u00eda ha detenido a un joven de 17 a\u00f1os que estaba fugado del centro de internamiento de Sograndio como presunto autor del apu\u00f1alamiento de un hombre de 21 a\u00f1os que le hab\u00eda acogido en su casa, inform\u00f3 hoy este cuerpo. Los hechos se produjeron esta madrugada y la v\u00edctima de\" \/>\n\t\t<meta name=\"twitter:image\" content=\"https:\/\/www.eldigitaldeasturias.com\/noticias\/wp-content\/uploads\/2026\/06\/Contenidos.jpg\" \/>\n\t\t<meta name=\"twitter:label1\" content=\"Escrito por\" \/>\n\t\t<meta name=\"twitter:data1\" content=\"El Digital de Asturias\" \/>\n\t\t<meta name=\"twitter:label2\" content=\"Tiempo de lectura estimado\" \/>\n\t\t<meta name=\"twitter:data2\" content=\"1 minuto\" \/>\n\t\t<script type=\"application\/ld+json\" class=\"aioseo-schema\">\n\t\t\t{\"@context\":\"https:\\\/\\\/schema.org\",\"@graph\":[{\"@type\":\"BlogPosting\",\"@id\":\"https:\\\/\\\/www.eldigitaldeasturias.com\\\/noticias\\\/oviedo-detenido-un-menor-fugado-que-apunalo-al-hombre-que-lo-habia-acogido\\\/#blogposting\",\"name\":\"Oviedo : Detenido un menor fugado que apu\\u00f1al\\u00f3 al hombre que lo hab\\u00eda acogido - El Digital de Asturias\",\"headline\":\"Oviedo : Detenido un menor fugado que apu\\u00f1al\\u00f3 al hombre que lo hab\\u00eda acogido\",\"author\":{\"@id\":\"https:\\\/\\\/www.eldigitaldeasturias.com\\\/noticias\\\/author\\\/admin\\\/#author\"},\"publisher\":{\"@id\":\"https:\\\/\\\/www.eldigitaldeasturias.com\\\/noticias\\\/#organization\"},\"image\":{\"@type\":\"ImageObject\",\"url\":\"https:\\\/\\\/www.eldigitaldeasturias.com\\\/noticias\\\/wp-content\\\/uploads\\\/2026\\\/06\\\/Contenidos.jpg\",\"width\":1265,\"height\":697,\"caption\":\"Contenidos\"},\"datePublished\":\"2013-11-28T16:38:55+01:00\",\"dateModified\":\"2013-11-28T16:38:55+01:00\",\"inLanguage\":\"es-ES\",\"mainEntityOfPage\":{\"@id\":\"https:\\\/\\\/www.eldigitaldeasturias.com\\\/noticias\\\/oviedo-detenido-un-menor-fugado-que-apunalo-al-hombre-que-lo-habia-acogido\\\/#webpage\"},\"isPartOf\":{\"@id\":\"https:\\\/\\\/www.eldigitaldeasturias.com\\\/noticias\\\/oviedo-detenido-un-menor-fugado-que-apunalo-al-hombre-que-lo-habia-acogido\\\/#webpage\"},\"articleSection\":\"Actualidad Asturias\"},{\"@type\":\"BreadcrumbList\",\"@id\":\"https:\\\/\\\/www.eldigitaldeasturias.com\\\/noticias\\\/oviedo-detenido-un-menor-fugado-que-apunalo-al-hombre-que-lo-habia-acogido\\\/#breadcrumblist\",\"itemListElement\":[{\"@type\":\"ListItem\",\"@id\":\"https:\\\/\\\/www.eldigitaldeasturias.com\\\/noticias#listItem\",\"position\":1,\"name\":\"Home\",\"item\":\"https:\\\/\\\/www.eldigitaldeasturias.com\\\/noticias\",\"nextItem\":{\"@type\":\"ListItem\",\"@id\":\"https:\\\/\\\/www.eldigitaldeasturias.com\\\/noticias\\\/category\\\/actualidad-asturias\\\/#listItem\",\"name\":\"Actualidad Asturias\"}},{\"@type\":\"ListItem\",\"@id\":\"https:\\\/\\\/www.eldigitaldeasturias.com\\\/noticias\\\/category\\\/actualidad-asturias\\\/#listItem\",\"position\":2,\"name\":\"Actualidad Asturias\",\"item\":\"https:\\\/\\\/www.eldigitaldeasturias.com\\\/noticias\\\/category\\\/actualidad-asturias\\\/\",\"nextItem\":{\"@type\":\"ListItem\",\"@id\":\"https:\\\/\\\/www.eldigitaldeasturias.com\\\/noticias\\\/oviedo-detenido-un-menor-fugado-que-apunalo-al-hombre-que-lo-habia-acogido\\\/#listItem\",\"name\":\"Oviedo : Detenido un menor fugado que apu\\u00f1al\\u00f3 al hombre que lo hab\\u00eda acogido\"},\"previousItem\":{\"@type\":\"ListItem\",\"@id\":\"https:\\\/\\\/www.eldigitaldeasturias.com\\\/noticias#listItem\",\"name\":\"Home\"}},{\"@type\":\"ListItem\",\"@id\":\"https:\\\/\\\/www.eldigitaldeasturias.com\\\/noticias\\\/oviedo-detenido-un-menor-fugado-que-apunalo-al-hombre-que-lo-habia-acogido\\\/#listItem\",\"position\":3,\"name\":\"Oviedo : Detenido un menor fugado que apu\\u00f1al\\u00f3 al hombre que lo hab\\u00eda acogido\",\"previousItem\":{\"@type\":\"ListItem\",\"@id\":\"https:\\\/\\\/www.eldigitaldeasturias.com\\\/noticias\\\/category\\\/actualidad-asturias\\\/#listItem\",\"name\":\"Actualidad Asturias\"}}]},{\"@type\":\"Organization\",\"@id\":\"https:\\\/\\\/www.eldigitaldeasturias.com\\\/noticias\\\/#organization\",\"name\":\"El Digital de Asturias\",\"description\":\"Hemeroteca\",\"url\":\"https:\\\/\\\/www.eldigitaldeasturias.com\\\/noticias\\\/\",\"email\":\"info@eldigitaldeasturias.com\",\"telephone\":\"+34652131393\",\"logo\":{\"@type\":\"ImageObject\",\"url\":\"https:\\\/\\\/www.eldigitaldeasturias.com\\\/noticias\\\/wp-content\\\/uploads\\\/2020\\\/12\\\/EDA.jpg\",\"@id\":\"https:\\\/\\\/www.eldigitaldeasturias.com\\\/noticias\\\/oviedo-detenido-un-menor-fugado-que-apunalo-al-hombre-que-lo-habia-acogido\\\/#organizationLogo\"},\"image\":{\"@id\":\"https:\\\/\\\/www.eldigitaldeasturias.com\\\/noticias\\\/oviedo-detenido-un-menor-fugado-que-apunalo-al-hombre-que-lo-habia-acogido\\\/#organizationLogo\"},\"sameAs\":[\"https:\\\/\\\/facebook.com\\\/eldigitaldeasturias\",\"https:\\\/\\\/www.youtube.com\\\/channel\\\/UCZP-2wLEB9Rv6erhFmqVnvg\"],\"address\":{\"@id\":\"https:\\\/\\\/www.eldigitaldeasturias.com\\\/noticias\\\/#postaladdress\",\"@type\":\"PostalAddress\",\"streetAddress\":\"san antonio 4\",\"postalCode\":\"33430\",\"addressLocality\":\"Cand\\u00e1s\",\"addressRegion\":\"Asturias\",\"addressCountry\":\"ES\"}},{\"@type\":\"Person\",\"@id\":\"https:\\\/\\\/www.eldigitaldeasturias.com\\\/noticias\\\/author\\\/admin\\\/#author\",\"url\":\"https:\\\/\\\/www.eldigitaldeasturias.com\\\/noticias\\\/author\\\/admin\\\/\",\"name\":\"El Digital de Asturias\",\"image\":{\"@type\":\"ImageObject\",\"@id\":\"https:\\\/\\\/www.eldigitaldeasturias.com\\\/noticias\\\/oviedo-detenido-un-menor-fugado-que-apunalo-al-hombre-que-lo-habia-acogido\\\/#authorImage\",\"url\":\"https:\\\/\\\/secure.gravatar.com\\\/avatar\\\/df2aeffc32bcd13f8d26072ef8a91b623d677766deac7f97ca815868cd41bf5e?s=96&d=mm&r=g\",\"width\":96,\"height\":96,\"caption\":\"El Digital de Asturias\"}},{\"@type\":\"WebPage\",\"@id\":\"https:\\\/\\\/www.eldigitaldeasturias.com\\\/noticias\\\/oviedo-detenido-un-menor-fugado-que-apunalo-al-hombre-que-lo-habia-acogido\\\/#webpage\",\"url\":\"https:\\\/\\\/www.eldigitaldeasturias.com\\\/noticias\\\/oviedo-detenido-un-menor-fugado-que-apunalo-al-hombre-que-lo-habia-acogido\\\/\",\"name\":\"Oviedo : Detenido un menor fugado que apu\\u00f1al\\u00f3 al hombre que lo hab\\u00eda acogido - El Digital de Asturias\",\"description\":\"Oviedo, 28 nov (EFE).- La Polic\\u00eda ha detenido a un joven de 17 a\\u00f1os que estaba fugado del centro de internamiento de Sograndio como presunto autor del apu\\u00f1alamiento de un hombre de 21 a\\u00f1os que le hab\\u00eda acogido en su casa, inform\\u00f3 hoy este cuerpo. Los hechos se produjeron esta madrugada y la v\\u00edctima de\",\"inLanguage\":\"es-ES\",\"isPartOf\":{\"@id\":\"https:\\\/\\\/www.eldigitaldeasturias.com\\\/noticias\\\/#website\"},\"breadcrumb\":{\"@id\":\"https:\\\/\\\/www.eldigitaldeasturias.com\\\/noticias\\\/oviedo-detenido-un-menor-fugado-que-apunalo-al-hombre-que-lo-habia-acogido\\\/#breadcrumblist\"},\"author\":{\"@id\":\"https:\\\/\\\/www.eldigitaldeasturias.com\\\/noticias\\\/author\\\/admin\\\/#author\"},\"creator\":{\"@id\":\"https:\\\/\\\/www.eldigitaldeasturias.com\\\/noticias\\\/author\\\/admin\\\/#author\"},\"image\":{\"@type\":\"ImageObject\",\"url\":\"https:\\\/\\\/www.eldigitaldeasturias.com\\\/noticias\\\/wp-content\\\/uploads\\\/2026\\\/06\\\/Contenidos.jpg\",\"@id\":\"https:\\\/\\\/www.eldigitaldeasturias.com\\\/noticias\\\/oviedo-detenido-un-menor-fugado-que-apunalo-al-hombre-que-lo-habia-acogido\\\/#mainImage\",\"width\":1265,\"height\":697,\"caption\":\"Contenidos\"},\"primaryImageOfPage\":{\"@id\":\"https:\\\/\\\/www.eldigitaldeasturias.com\\\/noticias\\\/oviedo-detenido-un-menor-fugado-que-apunalo-al-hombre-que-lo-habia-acogido\\\/#mainImage\"},\"datePublished\":\"2013-11-28T16:38:55+01:00\",\"dateModified\":\"2013-11-28T16:38:55+01:00\"},{\"@type\":\"WebSite\",\"@id\":\"https:\\\/\\\/www.eldigitaldeasturias.com\\\/noticias\\\/#website\",\"url\":\"https:\\\/\\\/www.eldigitaldeasturias.com\\\/noticias\\\/\",\"name\":\"El Digital de Asturias - Diario de actualidad y noticias\",\"alternateName\":\"El Digital de Asturias - Diario de actualidad y noticias\",\"description\":\"Hemeroteca\",\"inLanguage\":\"es-ES\",\"publisher\":{\"@id\":\"https:\\\/\\\/www.eldigitaldeasturias.com\\\/noticias\\\/#organization\"}}]}\n\t\t<\/script>\n\t\t<!-- All in One SEO Pro -->\r\n\t\t<title>Oviedo : Detenido un menor fugado que apu\u00f1al\u00f3 al hombre que lo hab\u00eda acogido - El Digital de Asturias<\/title>\n\n","aioseo_head_json":{"title":"Oviedo : Detenido un menor fugado que apu\u00f1al\u00f3 al hombre que lo hab\u00eda acogido - El Digital de Asturias","description":"Oviedo, 28 nov (EFE).- La Polic\u00eda ha detenido a un joven de 17 a\u00f1os que estaba fugado del centro de internamiento de Sograndio como presunto autor del apu\u00f1alamiento de un hombre de 21 a\u00f1os que le hab\u00eda acogido en su casa, inform\u00f3 hoy este cuerpo. Los hechos se produjeron esta madrugada y la v\u00edctima de","canonical_url":"https:\/\/www.eldigitaldeasturias.com\/noticias\/oviedo-detenido-un-menor-fugado-que-apunalo-al-hombre-que-lo-habia-acogido\/","robots":"max-image-preview:large","keywords":"actualidad asturias","webmasterTools":{"google-site-verification":"UA-38556648-1","msvalidate.01":"7dfe9f3f1b24437ab69f4f2559babe99","miscellaneous":""},"schema":{"@context":"https:\/\/schema.org","@graph":[{"@type":"BlogPosting","@id":"https:\/\/www.eldigitaldeasturias.com\/noticias\/oviedo-detenido-un-menor-fugado-que-apunalo-al-hombre-que-lo-habia-acogido\/#blogposting","name":"Oviedo : Detenido un menor fugado que apu\u00f1al\u00f3 al hombre que lo hab\u00eda acogido - El Digital de Asturias","headline":"Oviedo : Detenido un menor fugado que apu\u00f1al\u00f3 al hombre que lo hab\u00eda acogido","author":{"@id":"https:\/\/www.eldigitaldeasturias.com\/noticias\/author\/admin\/#author"},"publisher":{"@id":"https:\/\/www.eldigitaldeasturias.com\/noticias\/#organization"},"image":{"@type":"ImageObject","url":"https:\/\/www.eldigitaldeasturias.com\/noticias\/wp-content\/uploads\/2026\/06\/Contenidos.jpg","width":1265,"height":697,"caption":"Contenidos"},"datePublished":"2013-11-28T16:38:55+01:00","dateModified":"2013-11-28T16:38:55+01:00","inLanguage":"es-ES","mainEntityOfPage":{"@id":"https:\/\/www.eldigitaldeasturias.com\/noticias\/oviedo-detenido-un-menor-fugado-que-apunalo-al-hombre-que-lo-habia-acogido\/#webpage"},"isPartOf":{"@id":"https:\/\/www.eldigitaldeasturias.com\/noticias\/oviedo-detenido-un-menor-fugado-que-apunalo-al-hombre-que-lo-habia-acogido\/#webpage"},"articleSection":"Actualidad Asturias"},{"@type":"BreadcrumbList","@id":"https:\/\/www.eldigitaldeasturias.com\/noticias\/oviedo-detenido-un-menor-fugado-que-apunalo-al-hombre-que-lo-habia-acogido\/#breadcrumblist","itemListElement":[{"@type":"ListItem","@id":"https:\/\/www.eldigitaldeasturias.com\/noticias#listItem","position":1,"name":"Home","item":"https:\/\/www.eldigitaldeasturias.com\/noticias","nextItem":{"@type":"ListItem","@id":"https:\/\/www.eldigitaldeasturias.com\/noticias\/category\/actualidad-asturias\/#listItem","name":"Actualidad Asturias"}},{"@type":"ListItem","@id":"https:\/\/www.eldigitaldeasturias.com\/noticias\/category\/actualidad-asturias\/#listItem","position":2,"name":"Actualidad Asturias","item":"https:\/\/www.eldigitaldeasturias.com\/noticias\/category\/actualidad-asturias\/","nextItem":{"@type":"ListItem","@id":"https:\/\/www.eldigitaldeasturias.com\/noticias\/oviedo-detenido-un-menor-fugado-que-apunalo-al-hombre-que-lo-habia-acogido\/#listItem","name":"Oviedo : Detenido un menor fugado que apu\u00f1al\u00f3 al hombre que lo hab\u00eda acogido"},"previousItem":{"@type":"ListItem","@id":"https:\/\/www.eldigitaldeasturias.com\/noticias#listItem","name":"Home"}},{"@type":"ListItem","@id":"https:\/\/www.eldigitaldeasturias.com\/noticias\/oviedo-detenido-un-menor-fugado-que-apunalo-al-hombre-que-lo-habia-acogido\/#listItem","position":3,"name":"Oviedo : Detenido un menor fugado que apu\u00f1al\u00f3 al hombre que lo hab\u00eda acogido","previousItem":{"@type":"ListItem","@id":"https:\/\/www.eldigitaldeasturias.com\/noticias\/category\/actualidad-asturias\/#listItem","name":"Actualidad Asturias"}}]},{"@type":"Organization","@id":"https:\/\/www.eldigitaldeasturias.com\/noticias\/#organization","name":"El Digital de Asturias","description":"Hemeroteca","url":"https:\/\/www.eldigitaldeasturias.com\/noticias\/","email":"info@eldigitaldeasturias.com","telephone":"+34652131393","logo":{"@type":"ImageObject","url":"https:\/\/www.eldigitaldeasturias.com\/noticias\/wp-content\/uploads\/2020\/12\/EDA.jpg","@id":"https:\/\/www.eldigitaldeasturias.com\/noticias\/oviedo-detenido-un-menor-fugado-que-apunalo-al-hombre-que-lo-habia-acogido\/#organizationLogo"},"image":{"@id":"https:\/\/www.eldigitaldeasturias.com\/noticias\/oviedo-detenido-un-menor-fugado-que-apunalo-al-hombre-que-lo-habia-acogido\/#organizationLogo"},"sameAs":["https:\/\/facebook.com\/eldigitaldeasturias","https:\/\/www.youtube.com\/channel\/UCZP-2wLEB9Rv6erhFmqVnvg"],"address":{"@id":"https:\/\/www.eldigitaldeasturias.com\/noticias\/#postaladdress","@type":"PostalAddress","streetAddress":"san antonio 4","postalCode":"33430","addressLocality":"Cand\u00e1s","addressRegion":"Asturias","addressCountry":"ES"}},{"@type":"Person","@id":"https:\/\/www.eldigitaldeasturias.com\/noticias\/author\/admin\/#author","url":"https:\/\/www.eldigitaldeasturias.com\/noticias\/author\/admin\/","name":"El Digital de Asturias","image":{"@type":"ImageObject","@id":"https:\/\/www.eldigitaldeasturias.com\/noticias\/oviedo-detenido-un-menor-fugado-que-apunalo-al-hombre-que-lo-habia-acogido\/#authorImage","url":"https:\/\/secure.gravatar.com\/avatar\/df2aeffc32bcd13f8d26072ef8a91b623d677766deac7f97ca815868cd41bf5e?s=96&d=mm&r=g","width":96,"height":96,"caption":"El Digital de Asturias"}},{"@type":"WebPage","@id":"https:\/\/www.eldigitaldeasturias.com\/noticias\/oviedo-detenido-un-menor-fugado-que-apunalo-al-hombre-que-lo-habia-acogido\/#webpage","url":"https:\/\/www.eldigitaldeasturias.com\/noticias\/oviedo-detenido-un-menor-fugado-que-apunalo-al-hombre-que-lo-habia-acogido\/","name":"Oviedo : Detenido un menor fugado que apu\u00f1al\u00f3 al hombre que lo hab\u00eda acogido - El Digital de Asturias","description":"Oviedo, 28 nov (EFE).- La Polic\u00eda ha detenido a un joven de 17 a\u00f1os que estaba fugado del centro de internamiento de Sograndio como presunto autor del apu\u00f1alamiento de un hombre de 21 a\u00f1os que le hab\u00eda acogido en su casa, inform\u00f3 hoy este cuerpo. Los hechos se produjeron esta madrugada y la v\u00edctima de","inLanguage":"es-ES","isPartOf":{"@id":"https:\/\/www.eldigitaldeasturias.com\/noticias\/#website"},"breadcrumb":{"@id":"https:\/\/www.eldigitaldeasturias.com\/noticias\/oviedo-detenido-un-menor-fugado-que-apunalo-al-hombre-que-lo-habia-acogido\/#breadcrumblist"},"author":{"@id":"https:\/\/www.eldigitaldeasturias.com\/noticias\/author\/admin\/#author"},"creator":{"@id":"https:\/\/www.eldigitaldeasturias.com\/noticias\/author\/admin\/#author"},"image":{"@type":"ImageObject","url":"https:\/\/www.eldigitaldeasturias.com\/noticias\/wp-content\/uploads\/2026\/06\/Contenidos.jpg","@id":"https:\/\/www.eldigitaldeasturias.com\/noticias\/oviedo-detenido-un-menor-fugado-que-apunalo-al-hombre-que-lo-habia-acogido\/#mainImage","width":1265,"height":697,"caption":"Contenidos"},"primaryImageOfPage":{"@id":"https:\/\/www.eldigitaldeasturias.com\/noticias\/oviedo-detenido-un-menor-fugado-que-apunalo-al-hombre-que-lo-habia-acogido\/#mainImage"},"datePublished":"2013-11-28T16:38:55+01:00","dateModified":"2013-11-28T16:38:55+01:00"},{"@type":"WebSite","@id":"https:\/\/www.eldigitaldeasturias.com\/noticias\/#website","url":"https:\/\/www.eldigitaldeasturias.com\/noticias\/","name":"El Digital de Asturias - Diario de actualidad y noticias","alternateName":"El Digital de Asturias - Diario de actualidad y noticias","description":"Hemeroteca","inLanguage":"es-ES","publisher":{"@id":"https:\/\/www.eldigitaldeasturias.com\/noticias\/#organization"}}]},"og:locale":"es_ES","og:site_name":"El Digital de Asturias","og:type":"article","og:title":"Oviedo : Detenido un menor fugado que apu\u00f1al\u00f3 al hombre que lo hab\u00eda acogido - El Digital de Asturias","og:description":"Oviedo, 28 nov (EFE).- La Polic\u00eda ha detenido a un joven de 17 a\u00f1os que estaba fugado del centro de internamiento de Sograndio como presunto autor del apu\u00f1alamiento de un hombre de 21 a\u00f1os que le hab\u00eda acogido en su casa, inform\u00f3 hoy este cuerpo. Los hechos se produjeron esta madrugada y la v\u00edctima de","og:url":"https:\/\/www.eldigitaldeasturias.com\/noticias\/oviedo-detenido-un-menor-fugado-que-apunalo-al-hombre-que-lo-habia-acogido\/","og:image":"https:\/\/www.eldigitaldeasturias.com\/noticias\/wp-content\/uploads\/2026\/06\/Contenidos.jpg","og:image:secure_url":"https:\/\/www.eldigitaldeasturias.com\/noticias\/wp-content\/uploads\/2026\/06\/Contenidos.jpg","og:image:width":1265,"og:image:height":697,"article:tag":["actualidad asturias"],"article:published_time":"2013-11-28T17:38:55+00:00","article:modified_time":"2013-11-28T17:38:55+00:00","article:publisher":"https:\/\/facebook.com\/eldigitaldeasturias","twitter:card":"summary_large_image","twitter:title":"Oviedo : Detenido un menor fugado que apu\u00f1al\u00f3 al hombre que lo hab\u00eda acogido - El Digital de Asturias","twitter:description":"Oviedo, 28 nov (EFE).- La Polic\u00eda ha detenido a un joven de 17 a\u00f1os que estaba fugado del centro de internamiento de Sograndio como presunto autor del apu\u00f1alamiento de un hombre de 21 a\u00f1os que le hab\u00eda acogido en su casa, inform\u00f3 hoy este cuerpo. Los hechos se produjeron esta madrugada y la v\u00edctima de","twitter:image":"https:\/\/www.eldigitaldeasturias.com\/noticias\/wp-content\/uploads\/2026\/06\/Contenidos.jpg","twitter:label1":"Escrito por","twitter:data1":"El Digital de Asturias","twitter:label2":"Tiempo de lectura estimado","twitter:data2":"1 minuto"},"aioseo_meta_data":{"post_id":"455273","title":null,"description":null,"keywords":null,"keyphrases":null,"primary_term":null,"canonical_url":null,"og_title":null,"og_description":null,"og_object_type":"default","og_image_type":"default","og_image_url":null,"og_image_width":null,"og_image_height":null,"og_image_custom_url":null,"og_image_custom_fields":null,"og_video":null,"og_custom_url":null,"og_article_section":null,"og_article_tags":null,"twitter_use_og":true,"twitter_card":"default","twitter_image_type":"default","twitter_image_url":null,"twitter_image_custom_url":null,"twitter_image_custom_fields":null,"twitter_title":null,"twitter_description":null,"schema":{"blockGraphs":[],"customGraphs":[],"default":{"data":{"Article":[],"Course":[],"Dataset":[],"FAQPage":[],"Movie":[],"Person":[],"Product":[],"ProductReview":[],"Car":[],"Recipe":[],"Service":[],"SoftwareApplication":[],"WebPage":[]},"graphName":"","isEnabled":true},"graphs":[],"defaultGraph":"","defaultPostTypeGraph":""},"schema_type":null,"schema_type_options":null,"pillar_content":false,"robots_default":true,"robots_noindex":false,"robots_noarchive":false,"robots_nosnippet":false,"robots_nofollow":false,"robots_noimageindex":false,"robots_noodp":false,"robots_notranslate":false,"robots_max_snippet":null,"robots_max_videopreview":null,"robots_max_imagepreview":"none","priority":null,"frequency":null,"local_seo":null,"seo_analyzer_scan_date":"2026-05-29 17:45:41","breadcrumb_settings":null,"limit_modified_date":false,"open_ai":null,"ai":null,"created":"2020-11-14 22:45:13","updated":"2026-05-29 17:45:41","focus_keyword":null,"additional_keywords":null,"truseo_locale":null},"aioseo_breadcrumb":"<div class=\"aioseo-breadcrumbs\"><span class=\"aioseo-breadcrumb\">\n\t<a href=\"https:\/\/www.eldigitaldeasturias.com\/noticias\" title=\"Home\">Home<\/a>\n<\/span><span class=\"aioseo-breadcrumb-separator\">\u2013<\/span><span class=\"aioseo-breadcrumb\">\n\t<a href=\"https:\/\/www.eldigitaldeasturias.com\/noticias\/category\/actualidad-asturias\/\" title=\"Actualidad Asturias\">Actualidad Asturias<\/a>\n<\/span><span class=\"aioseo-breadcrumb-separator\">\u2013<\/span><span class=\"aioseo-breadcrumb\">\n\t<a href=\"https:\/\/www.eldigitaldeasturias.com\/noticias\/oviedo-detenido-un-menor-fugado-que-apunalo-al-hombre-que-lo-habia-acogido\/\" title=\"Oviedo : Detenido un menor fugado que apu\u00f1al\u00f3 al hombre que lo hab\u00eda acogido\">Oviedo : Detenido un menor fugado que apu\u00f1al\u00f3 al hombre que lo hab\u00eda acogido<\/a>\n<\/span><\/div>","aioseo_breadcrumb_json":[{"label":"Home","link":"https:\/\/www.eldigitaldeasturias.com\/noticias"},{"label":"Actualidad Asturias","link":"https:\/\/www.eldigitaldeasturias.com\/noticias\/category\/actualidad-asturias\/"},{"label":"Oviedo : Detenido un menor fugado que apu\u00f1al\u00f3 al hombre que lo hab\u00eda acogido","link":"https:\/\/www.eldigitaldeasturias.com\/noticias\/oviedo-detenido-un-menor-fugado-que-apunalo-al-hombre-que-lo-habia-acogido\/"}],"_links":{"self":[{"href":"https:\/\/www.eldigitaldeasturias.com\/noticias\/wp-json\/wp\/v2\/posts\/455273","targetHints":{"allow":["GET"]}}],"collection":[{"href":"https:\/\/www.eldigitaldeasturias.com\/noticias\/wp-json\/wp\/v2\/posts"}],"about":[{"href":"https:\/\/www.eldigitaldeasturias.com\/noticias\/wp-json\/wp\/v2\/types\/post"}],"author":[{"embeddable":true,"href":"https:\/\/www.eldigitaldeasturias.com\/noticias\/wp-json\/wp\/v2\/users\/1"}],"replies":[{"embeddable":true,"href":"https:\/\/www.eldigitaldeasturias.com\/noticias\/wp-json\/wp\/v2\/comments?post=455273"}],"version-history":[{"count":0,"href":"https:\/\/www.eldigitaldeasturias.com\/noticias\/wp-json\/wp\/v2\/posts\/455273\/revisions"}],"wp:featuredmedia":[{"embeddable":true,"href":"https:\/\/www.eldigitaldeasturias.com\/noticias\/wp-json\/wp\/v2\/media\/1132184"}],"wp:attachment":[{"href":"https:\/\/www.eldigitaldeasturias.com\/noticias\/wp-json\/wp\/v2\/media?parent=455273"}],"wp:term":[{"taxonomy":"category","embeddable":true,"href":"https:\/\/www.eldigitaldeasturias.com\/noticias\/wp-json\/wp\/v2\/categories?post=455273"},{"taxonomy":"post_tag","embeddable":true,"href":"https:\/\/www.eldigitaldeasturias.com\/noticias\/wp-json\/wp\/v2\/tags?post=455273"}],"curies":[{"name":"wp","href":"https:\/\/api.w.org\/{rel}","templated":true}]}}