{"id":455271,"date":"2013-11-28T16:37:15","date_gmt":"2013-11-28T17:37:15","guid":{"rendered":"http:\/\/www.eldigitaldeasturias.com\/noticias\/?p=455271"},"modified":"2013-11-28T16:37:15","modified_gmt":"2013-11-28T17:37:15","slug":"el-el-tabaquismo-sigue-siendo-una-epidemia-que-esta-a-la-cabeza-de-las-causas-de-mortalidad-en-asturias","status":"publish","type":"post","link":"https:\/\/www.eldigitaldeasturias.com\/noticias\/el-el-tabaquismo-sigue-siendo-una-epidemia-que-esta-a-la-cabeza-de-las-causas-de-mortalidad-en-asturias\/","title":{"rendered":"El el tabaquismo sigue siendo \u00abuna epidemia que est\u00e1 a la cabeza de las causas de mortalidad\u201d en Asturias"},"content":{"rendered":"<p><img loading=\"lazy\" decoding=\"async\" class=\"alignleft size-medium wp-image-1469\" alt=\"sanagustin\" src=\"https:\/\/www.eldigitaldeasturias.com\/noticias\/wp-content\/uploads\/2013\/09\/sanagustin-360x240.jpg\" width=\"360\" height=\"240\" \/>El director general de Salud P\u00fablica, Julio Bruno, ha subrayado hoy que el tabaquismo contin\u00faa siendo un grave problema de salud pese a la reducci\u00f3n del consumo y de la exposici\u00f3n al humo que se ha detectado tras la entrada en vigor de la ley de prevenci\u00f3n sanitaria frente al tabaco de 2010. \u201cEl tabaquismo sigue estando a la cabeza de las causas de mortalidad y morbilidad y la actividad de los profesionales de la salud resulta clave para seguir reduciendo los efectos nocivos del h\u00e1bito\u201d, ha se\u00f1alado en el acto de inauguraci\u00f3n de la tercera jornada de la red de centros sanitarios libres de humos, dedicada a la prevenci\u00f3n e intervenci\u00f3n en tabaquismo especialmente durante el embarazo, la infancia y la adolescencia.<\/p>\n<p>Cuando a\u00fan no han pasado diez a\u00f1os desde la aprobaci\u00f3n de la Ley 28\/2005, que limit\u00f3 el consumo de tabaco en espacios p\u00fablicos, y apenas tres desde su modificaci\u00f3n con la Ley 42\/2010 de Medidas de Prevenci\u00f3n Sanitaria frente al Tabaco, ambas normas han demostrado los beneficios que reporta el control del tabaquismo para la salud, la autonom\u00eda y libertad de las personas.<\/p>\n<p>As\u00ed, los datos recogidos en las tres \u00faltimas encuestas de salud para Asturias (2002, 2008 y 2013) reflejan una reducci\u00f3n del n\u00famero de personas que fuma, que pasa del 32,5% al 29,1%. Tambi\u00e9n son menos las que fuman a diario (un 25,4% de la poblaci\u00f3n frente al 27,8% de 2008), aunque aumenta el n\u00famero de fumadores ocasionales, que pasa del 2,6% de 2008 al 3,7% actual.<\/p>\n<p>La exposici\u00f3n al humo de tabaco en lugares p\u00fablicos tambi\u00e9n se ha reducido considerablemente, de manera que hoy m\u00e1s del 98% de la poblaci\u00f3n no est\u00e1 expuesta nunca o casi nunca al humo producido por el consumo de tabaco de otras personas.<\/p>\n<p>Tambi\u00e9n ha disminuido la exposici\u00f3n al humo en el domicilio. No obstante, seg\u00fan la \u00faltima encuesta de salud infantil, casi uno de cada tres ni\u00f1os asturianos est\u00e1 expuesto al humo en su casa, un dato que resulta preocupante. Esta exposici\u00f3n var\u00eda en funci\u00f3n de la clase social, ya que el 80% de los menores clasificados como clase social I no est\u00e1 expuesto al humo de tabaco, frente al 60% de los procedentes de clases menos favorecidas.<\/p>\n<p>Los efectos de todo ello se reflejan tambi\u00e9n en un menor n\u00famero hospitalizaciones y asistencias por la reducci\u00f3n de las enfermedades cardiovasculares y respiratorias, as\u00ed como en trabajadores m\u00e1s sanos y con menos absentismo laboral.<\/p>\n<p>\u201cEsta ley, al igual que la del carn\u00e9 por puntos, ha mejorado la vida de la gente, ha conseguido reducir la morbilidad, la mortalidad y la discapacidad y, en consecuencia, ha permitido fomentar la libertad de las personas, porque quien es m\u00e1s aut\u00f3nomo es m\u00e1s libre\u201d, ha asegurado el director.<\/p>\n<p>A su juicio, se trata de normas que cuentan \u201ccon el respaldo de una gran mayor\u00eda de la poblaci\u00f3n\u201d y por eso no se justifica una reforma \u201cque empeore sus logros en salud p\u00fablica\u201d.<\/p>\n<p>Durante la jornada, Bruno ha explicado que la Consejer\u00eda de Sanidad ha asumido el compromiso de tratar de conseguir que todos los centros sanitarios del Principado se integren en la Red Global de Centros Sanitarios Libres de Tabaco y se conviertan en centros promotores de salud. Por ahora, se han sumado a esta estrategia los hospitales San Agust\u00edn, Universitario Central de Asturias (HUCA), Jarrio, Carmen y Severo Ochoa (Cangas del Narcea) y Monte Naranco, as\u00ed como varios centros de salud.<\/p>\n","protected":false},"excerpt":{"rendered":"<p>El director general de Salud P\u00fablica, Julio Bruno, ha subrayado hoy que el tabaquismo contin\u00faa siendo un grave problema de salud pese a la reducci\u00f3n del consumo y de la exposici\u00f3n al humo que se ha detectado tras la entrada en vigor de la ley de prevenci\u00f3n sanitaria frente al tabaco de 2010. \u201cEl tabaquismo [&hellip;]<\/p>\n","protected":false},"author":1,"featured_media":1132184,"comment_status":"open","ping_status":"open","sticky":false,"template":"","format":"standard","meta":{"footnotes":""},"categories":[12],"tags":[],"class_list":["post-455271","post","type-post","status-publish","format-standard","has-post-thumbnail","hentry","category-actualidad-asturias"],"aioseo_notices":[],"aioseo_head":"\n\t\t<!-- All in One SEO Pro 5.0.1 - aioseo.com -->\n\t<meta name=\"description\" content=\"El director general de Salud P\u00fablica, Julio Bruno, ha subrayado hoy que el tabaquismo contin\u00faa siendo un grave problema de salud pese a la reducci\u00f3n del consumo y de la exposici\u00f3n al humo que se ha detectado tras la entrada en vigor de la ley de prevenci\u00f3n sanitaria frente al tabaco de 2010. \u201cEl tabaquismo\" \/>\n\t<meta name=\"robots\" content=\"max-image-preview:large\" \/>\n\t<meta name=\"author\" content=\"El Digital de Asturias\"\/>\n\t<meta name=\"google-site-verification\" content=\"UA-38556648-1\" \/>\n\t<meta name=\"msvalidate.01\" content=\"7dfe9f3f1b24437ab69f4f2559babe99\" \/>\n\t<meta name=\"keywords\" content=\"actualidad asturias\" \/>\n\t<link rel=\"canonical\" href=\"https:\/\/www.eldigitaldeasturias.com\/noticias\/el-el-tabaquismo-sigue-siendo-una-epidemia-que-esta-a-la-cabeza-de-las-causas-de-mortalidad-en-asturias\/\" \/>\n\t<meta name=\"generator\" content=\"All in One SEO Pro (AIOSEO) 5.0.1\" \/>\n\t\t<meta property=\"og:locale\" content=\"es_ES\" \/>\n\t\t<meta property=\"og:site_name\" content=\"El Digital de Asturias\" \/>\n\t\t<meta property=\"og:type\" content=\"article\" \/>\n\t\t<meta property=\"og:title\" content=\"El el tabaquismo sigue siendo \u00abuna epidemia que est\u00e1 a la cabeza de las causas de mortalidad\u201d en Asturias - El Digital de Asturias\" \/>\n\t\t<meta property=\"og:description\" content=\"El director general de Salud P\u00fablica, Julio Bruno, ha subrayado hoy que el tabaquismo contin\u00faa siendo un grave problema de salud pese a la reducci\u00f3n del consumo y de la exposici\u00f3n al humo que se ha detectado tras la entrada en vigor de la ley de prevenci\u00f3n sanitaria frente al tabaco de 2010. \u201cEl tabaquismo\" \/>\n\t\t<meta property=\"og:url\" content=\"https:\/\/www.eldigitaldeasturias.com\/noticias\/el-el-tabaquismo-sigue-siendo-una-epidemia-que-esta-a-la-cabeza-de-las-causas-de-mortalidad-en-asturias\/\" \/>\n\t\t<meta property=\"og:image\" content=\"https:\/\/www.eldigitaldeasturias.com\/noticias\/wp-content\/uploads\/2026\/06\/Contenidos.jpg\" \/>\n\t\t<meta property=\"og:image:secure_url\" content=\"https:\/\/www.eldigitaldeasturias.com\/noticias\/wp-content\/uploads\/2026\/06\/Contenidos.jpg\" \/>\n\t\t<meta property=\"og:image:width\" content=\"1265\" \/>\n\t\t<meta property=\"og:image:height\" content=\"697\" \/>\n\t\t<meta property=\"article:tag\" content=\"actualidad asturias\" \/>\n\t\t<meta property=\"article:published_time\" content=\"2013-11-28T17:37:15+00:00\" \/>\n\t\t<meta property=\"article:modified_time\" content=\"2013-11-28T17:37:15+00:00\" \/>\n\t\t<meta property=\"article:publisher\" content=\"https:\/\/facebook.com\/eldigitaldeasturias\" \/>\n\t\t<meta name=\"twitter:card\" content=\"summary_large_image\" \/>\n\t\t<meta name=\"twitter:title\" content=\"El el tabaquismo sigue siendo \u00abuna epidemia que est\u00e1 a la cabeza de las causas de mortalidad\u201d en Asturias - El Digital de Asturias\" \/>\n\t\t<meta name=\"twitter:description\" content=\"El director general de Salud P\u00fablica, Julio Bruno, ha subrayado hoy que el tabaquismo contin\u00faa siendo un grave problema de salud pese a la reducci\u00f3n del consumo y de la exposici\u00f3n al humo que se ha detectado tras la entrada en vigor de la ley de prevenci\u00f3n sanitaria frente al tabaco de 2010. \u201cEl tabaquismo\" \/>\n\t\t<meta name=\"twitter:image\" content=\"https:\/\/www.eldigitaldeasturias.com\/noticias\/wp-content\/uploads\/2026\/06\/Contenidos.jpg\" \/>\n\t\t<meta name=\"twitter:label1\" content=\"Escrito por\" \/>\n\t\t<meta name=\"twitter:data1\" content=\"El Digital de Asturias\" \/>\n\t\t<meta name=\"twitter:label2\" content=\"Tiempo de lectura estimado\" \/>\n\t\t<meta name=\"twitter:data2\" content=\"3 minutos\" \/>\n\t\t<script type=\"application\/ld+json\" class=\"aioseo-schema\">\n\t\t\t{\"@context\":\"https:\\\/\\\/schema.org\",\"@graph\":[{\"@type\":\"BlogPosting\",\"@id\":\"https:\\\/\\\/www.eldigitaldeasturias.com\\\/noticias\\\/el-el-tabaquismo-sigue-siendo-una-epidemia-que-esta-a-la-cabeza-de-las-causas-de-mortalidad-en-asturias\\\/#blogposting\",\"name\":\"El el tabaquismo sigue siendo \\u00abuna epidemia que est\\u00e1 a la cabeza de las causas de mortalidad\\u201d en Asturias - El Digital de Asturias\",\"headline\":\"El el tabaquismo sigue siendo \\u00abuna epidemia que est\\u00e1 a la cabeza de las causas de mortalidad\\u201d en Asturias\",\"author\":{\"@id\":\"https:\\\/\\\/www.eldigitaldeasturias.com\\\/noticias\\\/author\\\/admin\\\/#author\"},\"publisher\":{\"@id\":\"https:\\\/\\\/www.eldigitaldeasturias.com\\\/noticias\\\/#organization\"},\"image\":{\"@type\":\"ImageObject\",\"url\":\"https:\\\/\\\/www.eldigitaldeasturias.com\\\/noticias\\\/wp-content\\\/uploads\\\/2026\\\/06\\\/Contenidos.jpg\",\"width\":1265,\"height\":697,\"caption\":\"Contenidos\"},\"datePublished\":\"2013-11-28T16:37:15+01:00\",\"dateModified\":\"2013-11-28T16:37:15+01:00\",\"inLanguage\":\"es-ES\",\"mainEntityOfPage\":{\"@id\":\"https:\\\/\\\/www.eldigitaldeasturias.com\\\/noticias\\\/el-el-tabaquismo-sigue-siendo-una-epidemia-que-esta-a-la-cabeza-de-las-causas-de-mortalidad-en-asturias\\\/#webpage\"},\"isPartOf\":{\"@id\":\"https:\\\/\\\/www.eldigitaldeasturias.com\\\/noticias\\\/el-el-tabaquismo-sigue-siendo-una-epidemia-que-esta-a-la-cabeza-de-las-causas-de-mortalidad-en-asturias\\\/#webpage\"},\"articleSection\":\"Actualidad Asturias\"},{\"@type\":\"BreadcrumbList\",\"@id\":\"https:\\\/\\\/www.eldigitaldeasturias.com\\\/noticias\\\/el-el-tabaquismo-sigue-siendo-una-epidemia-que-esta-a-la-cabeza-de-las-causas-de-mortalidad-en-asturias\\\/#breadcrumblist\",\"itemListElement\":[{\"@type\":\"ListItem\",\"@id\":\"https:\\\/\\\/www.eldigitaldeasturias.com\\\/noticias#listItem\",\"position\":1,\"name\":\"Home\",\"item\":\"https:\\\/\\\/www.eldigitaldeasturias.com\\\/noticias\",\"nextItem\":{\"@type\":\"ListItem\",\"@id\":\"https:\\\/\\\/www.eldigitaldeasturias.com\\\/noticias\\\/category\\\/actualidad-asturias\\\/#listItem\",\"name\":\"Actualidad Asturias\"}},{\"@type\":\"ListItem\",\"@id\":\"https:\\\/\\\/www.eldigitaldeasturias.com\\\/noticias\\\/category\\\/actualidad-asturias\\\/#listItem\",\"position\":2,\"name\":\"Actualidad Asturias\",\"item\":\"https:\\\/\\\/www.eldigitaldeasturias.com\\\/noticias\\\/category\\\/actualidad-asturias\\\/\",\"nextItem\":{\"@type\":\"ListItem\",\"@id\":\"https:\\\/\\\/www.eldigitaldeasturias.com\\\/noticias\\\/el-el-tabaquismo-sigue-siendo-una-epidemia-que-esta-a-la-cabeza-de-las-causas-de-mortalidad-en-asturias\\\/#listItem\",\"name\":\"El el tabaquismo sigue siendo \\u00abuna epidemia que est\\u00e1 a la cabeza de las causas de mortalidad\\u201d en Asturias\"},\"previousItem\":{\"@type\":\"ListItem\",\"@id\":\"https:\\\/\\\/www.eldigitaldeasturias.com\\\/noticias#listItem\",\"name\":\"Home\"}},{\"@type\":\"ListItem\",\"@id\":\"https:\\\/\\\/www.eldigitaldeasturias.com\\\/noticias\\\/el-el-tabaquismo-sigue-siendo-una-epidemia-que-esta-a-la-cabeza-de-las-causas-de-mortalidad-en-asturias\\\/#listItem\",\"position\":3,\"name\":\"El el tabaquismo sigue siendo \\u00abuna epidemia que est\\u00e1 a la cabeza de las causas de mortalidad\\u201d en Asturias\",\"previousItem\":{\"@type\":\"ListItem\",\"@id\":\"https:\\\/\\\/www.eldigitaldeasturias.com\\\/noticias\\\/category\\\/actualidad-asturias\\\/#listItem\",\"name\":\"Actualidad Asturias\"}}]},{\"@type\":\"Organization\",\"@id\":\"https:\\\/\\\/www.eldigitaldeasturias.com\\\/noticias\\\/#organization\",\"name\":\"El Digital de Asturias\",\"description\":\"Hemeroteca\",\"url\":\"https:\\\/\\\/www.eldigitaldeasturias.com\\\/noticias\\\/\",\"email\":\"info@eldigitaldeasturias.com\",\"telephone\":\"+34652131393\",\"logo\":{\"@type\":\"ImageObject\",\"url\":\"https:\\\/\\\/www.eldigitaldeasturias.com\\\/noticias\\\/wp-content\\\/uploads\\\/2020\\\/12\\\/EDA.jpg\",\"@id\":\"https:\\\/\\\/www.eldigitaldeasturias.com\\\/noticias\\\/el-el-tabaquismo-sigue-siendo-una-epidemia-que-esta-a-la-cabeza-de-las-causas-de-mortalidad-en-asturias\\\/#organizationLogo\"},\"image\":{\"@id\":\"https:\\\/\\\/www.eldigitaldeasturias.com\\\/noticias\\\/el-el-tabaquismo-sigue-siendo-una-epidemia-que-esta-a-la-cabeza-de-las-causas-de-mortalidad-en-asturias\\\/#organizationLogo\"},\"sameAs\":[\"https:\\\/\\\/facebook.com\\\/eldigitaldeasturias\",\"https:\\\/\\\/www.youtube.com\\\/channel\\\/UCZP-2wLEB9Rv6erhFmqVnvg\"],\"address\":{\"@id\":\"https:\\\/\\\/www.eldigitaldeasturias.com\\\/noticias\\\/#postaladdress\",\"@type\":\"PostalAddress\",\"streetAddress\":\"san antonio 4\",\"postalCode\":\"33430\",\"addressLocality\":\"Cand\\u00e1s\",\"addressRegion\":\"Asturias\",\"addressCountry\":\"ES\"}},{\"@type\":\"Person\",\"@id\":\"https:\\\/\\\/www.eldigitaldeasturias.com\\\/noticias\\\/author\\\/admin\\\/#author\",\"url\":\"https:\\\/\\\/www.eldigitaldeasturias.com\\\/noticias\\\/author\\\/admin\\\/\",\"name\":\"El Digital de Asturias\",\"image\":{\"@type\":\"ImageObject\",\"@id\":\"https:\\\/\\\/www.eldigitaldeasturias.com\\\/noticias\\\/el-el-tabaquismo-sigue-siendo-una-epidemia-que-esta-a-la-cabeza-de-las-causas-de-mortalidad-en-asturias\\\/#authorImage\",\"url\":\"https:\\\/\\\/secure.gravatar.com\\\/avatar\\\/df2aeffc32bcd13f8d26072ef8a91b623d677766deac7f97ca815868cd41bf5e?s=96&d=mm&r=g\",\"width\":96,\"height\":96,\"caption\":\"El Digital de Asturias\"}},{\"@type\":\"WebPage\",\"@id\":\"https:\\\/\\\/www.eldigitaldeasturias.com\\\/noticias\\\/el-el-tabaquismo-sigue-siendo-una-epidemia-que-esta-a-la-cabeza-de-las-causas-de-mortalidad-en-asturias\\\/#webpage\",\"url\":\"https:\\\/\\\/www.eldigitaldeasturias.com\\\/noticias\\\/el-el-tabaquismo-sigue-siendo-una-epidemia-que-esta-a-la-cabeza-de-las-causas-de-mortalidad-en-asturias\\\/\",\"name\":\"El el tabaquismo sigue siendo \\u00abuna epidemia que est\\u00e1 a la cabeza de las causas de mortalidad\\u201d en Asturias - El Digital de Asturias\",\"description\":\"El director general de Salud P\\u00fablica, Julio Bruno, ha subrayado hoy que el tabaquismo contin\\u00faa siendo un grave problema de salud pese a la reducci\\u00f3n del consumo y de la exposici\\u00f3n al humo que se ha detectado tras la entrada en vigor de la ley de prevenci\\u00f3n sanitaria frente al tabaco de 2010. \\u201cEl tabaquismo\",\"inLanguage\":\"es-ES\",\"isPartOf\":{\"@id\":\"https:\\\/\\\/www.eldigitaldeasturias.com\\\/noticias\\\/#website\"},\"breadcrumb\":{\"@id\":\"https:\\\/\\\/www.eldigitaldeasturias.com\\\/noticias\\\/el-el-tabaquismo-sigue-siendo-una-epidemia-que-esta-a-la-cabeza-de-las-causas-de-mortalidad-en-asturias\\\/#breadcrumblist\"},\"author\":{\"@id\":\"https:\\\/\\\/www.eldigitaldeasturias.com\\\/noticias\\\/author\\\/admin\\\/#author\"},\"creator\":{\"@id\":\"https:\\\/\\\/www.eldigitaldeasturias.com\\\/noticias\\\/author\\\/admin\\\/#author\"},\"image\":{\"@type\":\"ImageObject\",\"url\":\"https:\\\/\\\/www.eldigitaldeasturias.com\\\/noticias\\\/wp-content\\\/uploads\\\/2026\\\/06\\\/Contenidos.jpg\",\"@id\":\"https:\\\/\\\/www.eldigitaldeasturias.com\\\/noticias\\\/el-el-tabaquismo-sigue-siendo-una-epidemia-que-esta-a-la-cabeza-de-las-causas-de-mortalidad-en-asturias\\\/#mainImage\",\"width\":1265,\"height\":697,\"caption\":\"Contenidos\"},\"primaryImageOfPage\":{\"@id\":\"https:\\\/\\\/www.eldigitaldeasturias.com\\\/noticias\\\/el-el-tabaquismo-sigue-siendo-una-epidemia-que-esta-a-la-cabeza-de-las-causas-de-mortalidad-en-asturias\\\/#mainImage\"},\"datePublished\":\"2013-11-28T16:37:15+01:00\",\"dateModified\":\"2013-11-28T16:37:15+01:00\"},{\"@type\":\"WebSite\",\"@id\":\"https:\\\/\\\/www.eldigitaldeasturias.com\\\/noticias\\\/#website\",\"url\":\"https:\\\/\\\/www.eldigitaldeasturias.com\\\/noticias\\\/\",\"name\":\"El Digital de Asturias - Diario de actualidad y noticias\",\"alternateName\":\"El Digital de Asturias - Diario de actualidad y noticias\",\"description\":\"Hemeroteca\",\"inLanguage\":\"es-ES\",\"publisher\":{\"@id\":\"https:\\\/\\\/www.eldigitaldeasturias.com\\\/noticias\\\/#organization\"}}]}\n\t\t<\/script>\n\t\t<!-- All in One SEO Pro -->\r\n\t\t<title>El el tabaquismo sigue siendo \u00abuna epidemia que est\u00e1 a la cabeza de las causas de mortalidad\u201d en Asturias - El Digital de Asturias<\/title>\n\n","aioseo_head_json":{"title":"El el tabaquismo sigue siendo \u00abuna epidemia que est\u00e1 a la cabeza de las causas de mortalidad\u201d en Asturias - El Digital de Asturias","description":"El director general de Salud P\u00fablica, Julio Bruno, ha subrayado hoy que el tabaquismo contin\u00faa siendo un grave problema de salud pese a la reducci\u00f3n del consumo y de la exposici\u00f3n al humo que se ha detectado tras la entrada en vigor de la ley de prevenci\u00f3n sanitaria frente al tabaco de 2010. \u201cEl tabaquismo","canonical_url":"https:\/\/www.eldigitaldeasturias.com\/noticias\/el-el-tabaquismo-sigue-siendo-una-epidemia-que-esta-a-la-cabeza-de-las-causas-de-mortalidad-en-asturias\/","robots":"max-image-preview:large","keywords":"actualidad asturias","webmasterTools":{"google-site-verification":"UA-38556648-1","msvalidate.01":"7dfe9f3f1b24437ab69f4f2559babe99","miscellaneous":""},"schema":{"@context":"https:\/\/schema.org","@graph":[{"@type":"BlogPosting","@id":"https:\/\/www.eldigitaldeasturias.com\/noticias\/el-el-tabaquismo-sigue-siendo-una-epidemia-que-esta-a-la-cabeza-de-las-causas-de-mortalidad-en-asturias\/#blogposting","name":"El el tabaquismo sigue siendo \u00abuna epidemia que est\u00e1 a la cabeza de las causas de mortalidad\u201d en Asturias - El Digital de Asturias","headline":"El el tabaquismo sigue siendo \u00abuna epidemia que est\u00e1 a la cabeza de las causas de mortalidad\u201d en Asturias","author":{"@id":"https:\/\/www.eldigitaldeasturias.com\/noticias\/author\/admin\/#author"},"publisher":{"@id":"https:\/\/www.eldigitaldeasturias.com\/noticias\/#organization"},"image":{"@type":"ImageObject","url":"https:\/\/www.eldigitaldeasturias.com\/noticias\/wp-content\/uploads\/2026\/06\/Contenidos.jpg","width":1265,"height":697,"caption":"Contenidos"},"datePublished":"2013-11-28T16:37:15+01:00","dateModified":"2013-11-28T16:37:15+01:00","inLanguage":"es-ES","mainEntityOfPage":{"@id":"https:\/\/www.eldigitaldeasturias.com\/noticias\/el-el-tabaquismo-sigue-siendo-una-epidemia-que-esta-a-la-cabeza-de-las-causas-de-mortalidad-en-asturias\/#webpage"},"isPartOf":{"@id":"https:\/\/www.eldigitaldeasturias.com\/noticias\/el-el-tabaquismo-sigue-siendo-una-epidemia-que-esta-a-la-cabeza-de-las-causas-de-mortalidad-en-asturias\/#webpage"},"articleSection":"Actualidad Asturias"},{"@type":"BreadcrumbList","@id":"https:\/\/www.eldigitaldeasturias.com\/noticias\/el-el-tabaquismo-sigue-siendo-una-epidemia-que-esta-a-la-cabeza-de-las-causas-de-mortalidad-en-asturias\/#breadcrumblist","itemListElement":[{"@type":"ListItem","@id":"https:\/\/www.eldigitaldeasturias.com\/noticias#listItem","position":1,"name":"Home","item":"https:\/\/www.eldigitaldeasturias.com\/noticias","nextItem":{"@type":"ListItem","@id":"https:\/\/www.eldigitaldeasturias.com\/noticias\/category\/actualidad-asturias\/#listItem","name":"Actualidad Asturias"}},{"@type":"ListItem","@id":"https:\/\/www.eldigitaldeasturias.com\/noticias\/category\/actualidad-asturias\/#listItem","position":2,"name":"Actualidad Asturias","item":"https:\/\/www.eldigitaldeasturias.com\/noticias\/category\/actualidad-asturias\/","nextItem":{"@type":"ListItem","@id":"https:\/\/www.eldigitaldeasturias.com\/noticias\/el-el-tabaquismo-sigue-siendo-una-epidemia-que-esta-a-la-cabeza-de-las-causas-de-mortalidad-en-asturias\/#listItem","name":"El el tabaquismo sigue siendo \u00abuna epidemia que est\u00e1 a la cabeza de las causas de mortalidad\u201d en Asturias"},"previousItem":{"@type":"ListItem","@id":"https:\/\/www.eldigitaldeasturias.com\/noticias#listItem","name":"Home"}},{"@type":"ListItem","@id":"https:\/\/www.eldigitaldeasturias.com\/noticias\/el-el-tabaquismo-sigue-siendo-una-epidemia-que-esta-a-la-cabeza-de-las-causas-de-mortalidad-en-asturias\/#listItem","position":3,"name":"El el tabaquismo sigue siendo \u00abuna epidemia que est\u00e1 a la cabeza de las causas de mortalidad\u201d en Asturias","previousItem":{"@type":"ListItem","@id":"https:\/\/www.eldigitaldeasturias.com\/noticias\/category\/actualidad-asturias\/#listItem","name":"Actualidad Asturias"}}]},{"@type":"Organization","@id":"https:\/\/www.eldigitaldeasturias.com\/noticias\/#organization","name":"El Digital de Asturias","description":"Hemeroteca","url":"https:\/\/www.eldigitaldeasturias.com\/noticias\/","email":"info@eldigitaldeasturias.com","telephone":"+34652131393","logo":{"@type":"ImageObject","url":"https:\/\/www.eldigitaldeasturias.com\/noticias\/wp-content\/uploads\/2020\/12\/EDA.jpg","@id":"https:\/\/www.eldigitaldeasturias.com\/noticias\/el-el-tabaquismo-sigue-siendo-una-epidemia-que-esta-a-la-cabeza-de-las-causas-de-mortalidad-en-asturias\/#organizationLogo"},"image":{"@id":"https:\/\/www.eldigitaldeasturias.com\/noticias\/el-el-tabaquismo-sigue-siendo-una-epidemia-que-esta-a-la-cabeza-de-las-causas-de-mortalidad-en-asturias\/#organizationLogo"},"sameAs":["https:\/\/facebook.com\/eldigitaldeasturias","https:\/\/www.youtube.com\/channel\/UCZP-2wLEB9Rv6erhFmqVnvg"],"address":{"@id":"https:\/\/www.eldigitaldeasturias.com\/noticias\/#postaladdress","@type":"PostalAddress","streetAddress":"san antonio 4","postalCode":"33430","addressLocality":"Cand\u00e1s","addressRegion":"Asturias","addressCountry":"ES"}},{"@type":"Person","@id":"https:\/\/www.eldigitaldeasturias.com\/noticias\/author\/admin\/#author","url":"https:\/\/www.eldigitaldeasturias.com\/noticias\/author\/admin\/","name":"El Digital de Asturias","image":{"@type":"ImageObject","@id":"https:\/\/www.eldigitaldeasturias.com\/noticias\/el-el-tabaquismo-sigue-siendo-una-epidemia-que-esta-a-la-cabeza-de-las-causas-de-mortalidad-en-asturias\/#authorImage","url":"https:\/\/secure.gravatar.com\/avatar\/df2aeffc32bcd13f8d26072ef8a91b623d677766deac7f97ca815868cd41bf5e?s=96&d=mm&r=g","width":96,"height":96,"caption":"El Digital de Asturias"}},{"@type":"WebPage","@id":"https:\/\/www.eldigitaldeasturias.com\/noticias\/el-el-tabaquismo-sigue-siendo-una-epidemia-que-esta-a-la-cabeza-de-las-causas-de-mortalidad-en-asturias\/#webpage","url":"https:\/\/www.eldigitaldeasturias.com\/noticias\/el-el-tabaquismo-sigue-siendo-una-epidemia-que-esta-a-la-cabeza-de-las-causas-de-mortalidad-en-asturias\/","name":"El el tabaquismo sigue siendo \u00abuna epidemia que est\u00e1 a la cabeza de las causas de mortalidad\u201d en Asturias - El Digital de Asturias","description":"El director general de Salud P\u00fablica, Julio Bruno, ha subrayado hoy que el tabaquismo contin\u00faa siendo un grave problema de salud pese a la reducci\u00f3n del consumo y de la exposici\u00f3n al humo que se ha detectado tras la entrada en vigor de la ley de prevenci\u00f3n sanitaria frente al tabaco de 2010. \u201cEl tabaquismo","inLanguage":"es-ES","isPartOf":{"@id":"https:\/\/www.eldigitaldeasturias.com\/noticias\/#website"},"breadcrumb":{"@id":"https:\/\/www.eldigitaldeasturias.com\/noticias\/el-el-tabaquismo-sigue-siendo-una-epidemia-que-esta-a-la-cabeza-de-las-causas-de-mortalidad-en-asturias\/#breadcrumblist"},"author":{"@id":"https:\/\/www.eldigitaldeasturias.com\/noticias\/author\/admin\/#author"},"creator":{"@id":"https:\/\/www.eldigitaldeasturias.com\/noticias\/author\/admin\/#author"},"image":{"@type":"ImageObject","url":"https:\/\/www.eldigitaldeasturias.com\/noticias\/wp-content\/uploads\/2026\/06\/Contenidos.jpg","@id":"https:\/\/www.eldigitaldeasturias.com\/noticias\/el-el-tabaquismo-sigue-siendo-una-epidemia-que-esta-a-la-cabeza-de-las-causas-de-mortalidad-en-asturias\/#mainImage","width":1265,"height":697,"caption":"Contenidos"},"primaryImageOfPage":{"@id":"https:\/\/www.eldigitaldeasturias.com\/noticias\/el-el-tabaquismo-sigue-siendo-una-epidemia-que-esta-a-la-cabeza-de-las-causas-de-mortalidad-en-asturias\/#mainImage"},"datePublished":"2013-11-28T16:37:15+01:00","dateModified":"2013-11-28T16:37:15+01:00"},{"@type":"WebSite","@id":"https:\/\/www.eldigitaldeasturias.com\/noticias\/#website","url":"https:\/\/www.eldigitaldeasturias.com\/noticias\/","name":"El Digital de Asturias - Diario de actualidad y noticias","alternateName":"El Digital de Asturias - Diario de actualidad y noticias","description":"Hemeroteca","inLanguage":"es-ES","publisher":{"@id":"https:\/\/www.eldigitaldeasturias.com\/noticias\/#organization"}}]},"og:locale":"es_ES","og:site_name":"El Digital de Asturias","og:type":"article","og:title":"El el tabaquismo sigue siendo \u00abuna epidemia que est\u00e1 a la cabeza de las causas de mortalidad\u201d en Asturias - El Digital de Asturias","og:description":"El director general de Salud P\u00fablica, Julio Bruno, ha subrayado hoy que el tabaquismo contin\u00faa siendo un grave problema de salud pese a la reducci\u00f3n del consumo y de la exposici\u00f3n al humo que se ha detectado tras la entrada en vigor de la ley de prevenci\u00f3n sanitaria frente al tabaco de 2010. \u201cEl tabaquismo","og:url":"https:\/\/www.eldigitaldeasturias.com\/noticias\/el-el-tabaquismo-sigue-siendo-una-epidemia-que-esta-a-la-cabeza-de-las-causas-de-mortalidad-en-asturias\/","og:image":"https:\/\/www.eldigitaldeasturias.com\/noticias\/wp-content\/uploads\/2026\/06\/Contenidos.jpg","og:image:secure_url":"https:\/\/www.eldigitaldeasturias.com\/noticias\/wp-content\/uploads\/2026\/06\/Contenidos.jpg","og:image:width":1265,"og:image:height":697,"article:tag":["actualidad asturias"],"article:published_time":"2013-11-28T17:37:15+00:00","article:modified_time":"2013-11-28T17:37:15+00:00","article:publisher":"https:\/\/facebook.com\/eldigitaldeasturias","twitter:card":"summary_large_image","twitter:title":"El el tabaquismo sigue siendo \u00abuna epidemia que est\u00e1 a la cabeza de las causas de mortalidad\u201d en Asturias - El Digital de Asturias","twitter:description":"El director general de Salud P\u00fablica, Julio Bruno, ha subrayado hoy que el tabaquismo contin\u00faa siendo un grave problema de salud pese a la reducci\u00f3n del consumo y de la exposici\u00f3n al humo que se ha detectado tras la entrada en vigor de la ley de prevenci\u00f3n sanitaria frente al tabaco de 2010. \u201cEl tabaquismo","twitter:image":"https:\/\/www.eldigitaldeasturias.com\/noticias\/wp-content\/uploads\/2026\/06\/Contenidos.jpg","twitter:label1":"Escrito por","twitter:data1":"El Digital de Asturias","twitter:label2":"Tiempo de lectura estimado","twitter:data2":"3 minutos"},"aioseo_meta_data":{"post_id":"455271","title":null,"description":null,"keywords":null,"keyphrases":null,"primary_term":null,"canonical_url":null,"og_title":null,"og_description":null,"og_object_type":"default","og_image_type":"default","og_image_url":null,"og_image_width":null,"og_image_height":null,"og_image_custom_url":null,"og_image_custom_fields":null,"og_video":null,"og_custom_url":null,"og_article_section":null,"og_article_tags":null,"twitter_use_og":true,"twitter_card":"default","twitter_image_type":"default","twitter_image_url":null,"twitter_image_custom_url":null,"twitter_image_custom_fields":null,"twitter_title":null,"twitter_description":null,"schema":{"blockGraphs":[],"customGraphs":[],"default":{"data":{"Article":[],"Course":[],"Dataset":[],"FAQPage":[],"Movie":[],"Person":[],"Product":[],"ProductReview":[],"Car":[],"Recipe":[],"Service":[],"SoftwareApplication":[],"WebPage":[]},"graphName":"","isEnabled":true},"graphs":[],"defaultGraph":"","defaultPostTypeGraph":""},"schema_type":null,"schema_type_options":null,"pillar_content":false,"robots_default":true,"robots_noindex":false,"robots_noarchive":false,"robots_nosnippet":false,"robots_nofollow":false,"robots_noimageindex":false,"robots_noodp":false,"robots_notranslate":false,"robots_max_snippet":null,"robots_max_videopreview":null,"robots_max_imagepreview":"none","priority":null,"frequency":null,"local_seo":null,"seo_analyzer_scan_date":"2026-05-29 17:42:46","breadcrumb_settings":null,"limit_modified_date":false,"open_ai":null,"ai":null,"created":"2020-11-14 22:45:13","updated":"2026-05-29 17:42:46","focus_keyword":null,"additional_keywords":null,"truseo_locale":null},"aioseo_breadcrumb":"<div class=\"aioseo-breadcrumbs\"><span class=\"aioseo-breadcrumb\">\n\t<a href=\"https:\/\/www.eldigitaldeasturias.com\/noticias\" title=\"Home\">Home<\/a>\n<\/span><span class=\"aioseo-breadcrumb-separator\">\u2013<\/span><span class=\"aioseo-breadcrumb\">\n\t<a href=\"https:\/\/www.eldigitaldeasturias.com\/noticias\/category\/actualidad-asturias\/\" title=\"Actualidad Asturias\">Actualidad Asturias<\/a>\n<\/span><span class=\"aioseo-breadcrumb-separator\">\u2013<\/span><span class=\"aioseo-breadcrumb\">\n\t<a href=\"https:\/\/www.eldigitaldeasturias.com\/noticias\/el-el-tabaquismo-sigue-siendo-una-epidemia-que-esta-a-la-cabeza-de-las-causas-de-mortalidad-en-asturias\/\" title=\"El el tabaquismo sigue siendo \u00abuna epidemia que est\u00e1 a la cabeza de las causas de mortalidad\u201d en Asturias\">El el tabaquismo sigue siendo \u00abuna epidemia que est\u00e1 a la cabeza de las causas de mortalidad\u201d en Asturias<\/a>\n<\/span><\/div>","aioseo_breadcrumb_json":[{"label":"Home","link":"https:\/\/www.eldigitaldeasturias.com\/noticias"},{"label":"Actualidad Asturias","link":"https:\/\/www.eldigitaldeasturias.com\/noticias\/category\/actualidad-asturias\/"},{"label":"El el tabaquismo sigue siendo \u00abuna epidemia que est\u00e1 a la cabeza de las causas de mortalidad\u201d en Asturias","link":"https:\/\/www.eldigitaldeasturias.com\/noticias\/el-el-tabaquismo-sigue-siendo-una-epidemia-que-esta-a-la-cabeza-de-las-causas-de-mortalidad-en-asturias\/"}],"_links":{"self":[{"href":"https:\/\/www.eldigitaldeasturias.com\/noticias\/wp-json\/wp\/v2\/posts\/455271","targetHints":{"allow":["GET"]}}],"collection":[{"href":"https:\/\/www.eldigitaldeasturias.com\/noticias\/wp-json\/wp\/v2\/posts"}],"about":[{"href":"https:\/\/www.eldigitaldeasturias.com\/noticias\/wp-json\/wp\/v2\/types\/post"}],"author":[{"embeddable":true,"href":"https:\/\/www.eldigitaldeasturias.com\/noticias\/wp-json\/wp\/v2\/users\/1"}],"replies":[{"embeddable":true,"href":"https:\/\/www.eldigitaldeasturias.com\/noticias\/wp-json\/wp\/v2\/comments?post=455271"}],"version-history":[{"count":0,"href":"https:\/\/www.eldigitaldeasturias.com\/noticias\/wp-json\/wp\/v2\/posts\/455271\/revisions"}],"wp:featuredmedia":[{"embeddable":true,"href":"https:\/\/www.eldigitaldeasturias.com\/noticias\/wp-json\/wp\/v2\/media\/1132184"}],"wp:attachment":[{"href":"https:\/\/www.eldigitaldeasturias.com\/noticias\/wp-json\/wp\/v2\/media?parent=455271"}],"wp:term":[{"taxonomy":"category","embeddable":true,"href":"https:\/\/www.eldigitaldeasturias.com\/noticias\/wp-json\/wp\/v2\/categories?post=455271"},{"taxonomy":"post_tag","embeddable":true,"href":"https:\/\/www.eldigitaldeasturias.com\/noticias\/wp-json\/wp\/v2\/tags?post=455271"}],"curies":[{"name":"wp","href":"https:\/\/api.w.org\/{rel}","templated":true}]}}