{"id":455269,"date":"2013-11-28T16:34:09","date_gmt":"2013-11-28T17:34:09","guid":{"rendered":"http:\/\/www.eldigitaldeasturias.com\/noticias\/?p=455269"},"modified":"2013-11-28T16:34:09","modified_gmt":"2013-11-28T17:34:09","slug":"el-pp-denuncia-el-abandono-de-algunas-sendas-naturales-del-concejo-de-gijon","status":"publish","type":"post","link":"https:\/\/www.eldigitaldeasturias.com\/noticias\/el-pp-denuncia-el-abandono-de-algunas-sendas-naturales-del-concejo-de-gijon\/","title":{"rendered":"El PP denuncia el abandono de algunas sendas naturales del concejo de Gij\u00f3n"},"content":{"rendered":"<p><img loading=\"lazy\" decoding=\"async\" class=\"alignleft size-medium wp-image-186\" alt=\"gijon\" src=\"https:\/\/www.eldigitaldeasturias.com\/noticias\/wp-content\/uploads\/2013\/09\/gijon-360x270.jpg\" width=\"360\" height=\"270\" \/>Gij\u00f3n, 28 nov (EFE).- El grupo municipal del PP de Gij\u00f3n ha denunciado hoy la situaci\u00f3n de abandono en la que se encuentran algunas de las sendas naturales de municipio.<\/p>\n<p>En rueda de prensa, la concejala popular Maite Men\u00e9ndez ha urgido la adecuaci\u00f3n de la ruta del Pico Fario y de tres senderos locales que se encuentran en el Monte Deva, que corren riesgo de perder su homologaci\u00f3n.<\/p>\n<p>Asimismo, ha demandado la puesta en marcha de campa\u00f1as de promoci\u00f3n y divulgaci\u00f3n de estos recorridos, de gran importancia para el turismo, ha subrayado.<\/p>\n<p>\u00abNo sirve que se homologuen y luego se olviden de ellas\u00bb, ha se\u00f1alado en rueda de prensa, donde ha incidido en la \u00abmala imagen\u00bb que da a la ciudad.<\/p>\n","protected":false},"excerpt":{"rendered":"<p>Gij\u00f3n, 28 nov (EFE).- El grupo municipal del PP de Gij\u00f3n ha denunciado hoy la situaci\u00f3n de abandono en la que se encuentran algunas de las sendas naturales de municipio. En rueda de prensa, la concejala popular Maite Men\u00e9ndez ha urgido la adecuaci\u00f3n de la ruta del Pico Fario y de tres senderos locales que [&hellip;]<\/p>\n","protected":false},"author":1,"featured_media":1132184,"comment_status":"open","ping_status":"open","sticky":false,"template":"","format":"standard","meta":{"footnotes":""},"categories":[12],"tags":[],"class_list":["post-455269","post","type-post","status-publish","format-standard","has-post-thumbnail","hentry","category-actualidad-asturias"],"aioseo_notices":[],"aioseo_head":"\n\t\t<!-- All in One SEO Pro 5.0.1 - aioseo.com -->\n\t<meta name=\"description\" content=\"Gij\u00f3n, 28 nov (EFE).- El grupo municipal del PP de Gij\u00f3n ha denunciado hoy la situaci\u00f3n de abandono en la que se encuentran algunas de las sendas naturales de municipio. En rueda de prensa, la concejala popular Maite Men\u00e9ndez ha urgido la adecuaci\u00f3n de la ruta del Pico Fario y de tres senderos locales que\" \/>\n\t<meta name=\"robots\" content=\"max-image-preview:large\" \/>\n\t<meta name=\"author\" content=\"El Digital de Asturias\"\/>\n\t<meta name=\"google-site-verification\" content=\"UA-38556648-1\" \/>\n\t<meta name=\"msvalidate.01\" content=\"7dfe9f3f1b24437ab69f4f2559babe99\" \/>\n\t<meta name=\"keywords\" content=\"actualidad asturias\" \/>\n\t<link rel=\"canonical\" href=\"https:\/\/www.eldigitaldeasturias.com\/noticias\/el-pp-denuncia-el-abandono-de-algunas-sendas-naturales-del-concejo-de-gijon\/\" \/>\n\t<meta name=\"generator\" content=\"All in One SEO Pro (AIOSEO) 5.0.1\" \/>\n\t\t<meta property=\"og:locale\" content=\"es_ES\" \/>\n\t\t<meta property=\"og:site_name\" content=\"El Digital de Asturias\" \/>\n\t\t<meta property=\"og:type\" content=\"article\" \/>\n\t\t<meta property=\"og:title\" content=\"El PP denuncia el abandono de algunas sendas naturales del concejo de Gij\u00f3n - El Digital de Asturias\" \/>\n\t\t<meta property=\"og:description\" content=\"Gij\u00f3n, 28 nov (EFE).- El grupo municipal del PP de Gij\u00f3n ha denunciado hoy la situaci\u00f3n de abandono en la que se encuentran algunas de las sendas naturales de municipio. En rueda de prensa, la concejala popular Maite Men\u00e9ndez ha urgido la adecuaci\u00f3n de la ruta del Pico Fario y de tres senderos locales que\" \/>\n\t\t<meta property=\"og:url\" content=\"https:\/\/www.eldigitaldeasturias.com\/noticias\/el-pp-denuncia-el-abandono-de-algunas-sendas-naturales-del-concejo-de-gijon\/\" \/>\n\t\t<meta property=\"og:image\" content=\"https:\/\/www.eldigitaldeasturias.com\/noticias\/wp-content\/uploads\/2026\/06\/Contenidos.jpg\" \/>\n\t\t<meta property=\"og:image:secure_url\" content=\"https:\/\/www.eldigitaldeasturias.com\/noticias\/wp-content\/uploads\/2026\/06\/Contenidos.jpg\" \/>\n\t\t<meta property=\"og:image:width\" content=\"1265\" \/>\n\t\t<meta property=\"og:image:height\" content=\"697\" \/>\n\t\t<meta property=\"article:tag\" content=\"actualidad asturias\" \/>\n\t\t<meta property=\"article:published_time\" content=\"2013-11-28T17:34:09+00:00\" \/>\n\t\t<meta property=\"article:modified_time\" content=\"2013-11-28T17:34:09+00:00\" \/>\n\t\t<meta property=\"article:publisher\" content=\"https:\/\/facebook.com\/eldigitaldeasturias\" \/>\n\t\t<meta name=\"twitter:card\" content=\"summary_large_image\" \/>\n\t\t<meta name=\"twitter:title\" content=\"El PP denuncia el abandono de algunas sendas naturales del concejo de Gij\u00f3n - El Digital de Asturias\" \/>\n\t\t<meta name=\"twitter:description\" content=\"Gij\u00f3n, 28 nov (EFE).- El grupo municipal del PP de Gij\u00f3n ha denunciado hoy la situaci\u00f3n de abandono en la que se encuentran algunas de las sendas naturales de municipio. En rueda de prensa, la concejala popular Maite Men\u00e9ndez ha urgido la adecuaci\u00f3n de la ruta del Pico Fario y de tres senderos locales que\" \/>\n\t\t<meta name=\"twitter:image\" content=\"https:\/\/www.eldigitaldeasturias.com\/noticias\/wp-content\/uploads\/2026\/06\/Contenidos.jpg\" \/>\n\t\t<meta name=\"twitter:label1\" content=\"Escrito por\" \/>\n\t\t<meta name=\"twitter:data1\" content=\"El Digital de Asturias\" \/>\n\t\t<meta name=\"twitter:label2\" content=\"Tiempo de lectura estimado\" \/>\n\t\t<meta name=\"twitter:data2\" content=\"1 minuto\" \/>\n\t\t<script type=\"application\/ld+json\" class=\"aioseo-schema\">\n\t\t\t{\"@context\":\"https:\\\/\\\/schema.org\",\"@graph\":[{\"@type\":\"BlogPosting\",\"@id\":\"https:\\\/\\\/www.eldigitaldeasturias.com\\\/noticias\\\/el-pp-denuncia-el-abandono-de-algunas-sendas-naturales-del-concejo-de-gijon\\\/#blogposting\",\"name\":\"El PP denuncia el abandono de algunas sendas naturales del concejo de Gij\\u00f3n - El Digital de Asturias\",\"headline\":\"El PP denuncia el abandono de algunas sendas naturales del concejo de Gij\\u00f3n\",\"author\":{\"@id\":\"https:\\\/\\\/www.eldigitaldeasturias.com\\\/noticias\\\/author\\\/admin\\\/#author\"},\"publisher\":{\"@id\":\"https:\\\/\\\/www.eldigitaldeasturias.com\\\/noticias\\\/#organization\"},\"image\":{\"@type\":\"ImageObject\",\"url\":\"https:\\\/\\\/www.eldigitaldeasturias.com\\\/noticias\\\/wp-content\\\/uploads\\\/2026\\\/06\\\/Contenidos.jpg\",\"width\":1265,\"height\":697,\"caption\":\"Contenidos\"},\"datePublished\":\"2013-11-28T16:34:09+01:00\",\"dateModified\":\"2013-11-28T16:34:09+01:00\",\"inLanguage\":\"es-ES\",\"mainEntityOfPage\":{\"@id\":\"https:\\\/\\\/www.eldigitaldeasturias.com\\\/noticias\\\/el-pp-denuncia-el-abandono-de-algunas-sendas-naturales-del-concejo-de-gijon\\\/#webpage\"},\"isPartOf\":{\"@id\":\"https:\\\/\\\/www.eldigitaldeasturias.com\\\/noticias\\\/el-pp-denuncia-el-abandono-de-algunas-sendas-naturales-del-concejo-de-gijon\\\/#webpage\"},\"articleSection\":\"Actualidad Asturias\"},{\"@type\":\"BreadcrumbList\",\"@id\":\"https:\\\/\\\/www.eldigitaldeasturias.com\\\/noticias\\\/el-pp-denuncia-el-abandono-de-algunas-sendas-naturales-del-concejo-de-gijon\\\/#breadcrumblist\",\"itemListElement\":[{\"@type\":\"ListItem\",\"@id\":\"https:\\\/\\\/www.eldigitaldeasturias.com\\\/noticias#listItem\",\"position\":1,\"name\":\"Home\",\"item\":\"https:\\\/\\\/www.eldigitaldeasturias.com\\\/noticias\",\"nextItem\":{\"@type\":\"ListItem\",\"@id\":\"https:\\\/\\\/www.eldigitaldeasturias.com\\\/noticias\\\/category\\\/actualidad-asturias\\\/#listItem\",\"name\":\"Actualidad Asturias\"}},{\"@type\":\"ListItem\",\"@id\":\"https:\\\/\\\/www.eldigitaldeasturias.com\\\/noticias\\\/category\\\/actualidad-asturias\\\/#listItem\",\"position\":2,\"name\":\"Actualidad Asturias\",\"item\":\"https:\\\/\\\/www.eldigitaldeasturias.com\\\/noticias\\\/category\\\/actualidad-asturias\\\/\",\"nextItem\":{\"@type\":\"ListItem\",\"@id\":\"https:\\\/\\\/www.eldigitaldeasturias.com\\\/noticias\\\/el-pp-denuncia-el-abandono-de-algunas-sendas-naturales-del-concejo-de-gijon\\\/#listItem\",\"name\":\"El PP denuncia el abandono de algunas sendas naturales del concejo de Gij\\u00f3n\"},\"previousItem\":{\"@type\":\"ListItem\",\"@id\":\"https:\\\/\\\/www.eldigitaldeasturias.com\\\/noticias#listItem\",\"name\":\"Home\"}},{\"@type\":\"ListItem\",\"@id\":\"https:\\\/\\\/www.eldigitaldeasturias.com\\\/noticias\\\/el-pp-denuncia-el-abandono-de-algunas-sendas-naturales-del-concejo-de-gijon\\\/#listItem\",\"position\":3,\"name\":\"El PP denuncia el abandono de algunas sendas naturales del concejo de Gij\\u00f3n\",\"previousItem\":{\"@type\":\"ListItem\",\"@id\":\"https:\\\/\\\/www.eldigitaldeasturias.com\\\/noticias\\\/category\\\/actualidad-asturias\\\/#listItem\",\"name\":\"Actualidad Asturias\"}}]},{\"@type\":\"Organization\",\"@id\":\"https:\\\/\\\/www.eldigitaldeasturias.com\\\/noticias\\\/#organization\",\"name\":\"El Digital de Asturias\",\"description\":\"Hemeroteca\",\"url\":\"https:\\\/\\\/www.eldigitaldeasturias.com\\\/noticias\\\/\",\"email\":\"info@eldigitaldeasturias.com\",\"telephone\":\"+34652131393\",\"logo\":{\"@type\":\"ImageObject\",\"url\":\"https:\\\/\\\/www.eldigitaldeasturias.com\\\/noticias\\\/wp-content\\\/uploads\\\/2020\\\/12\\\/EDA.jpg\",\"@id\":\"https:\\\/\\\/www.eldigitaldeasturias.com\\\/noticias\\\/el-pp-denuncia-el-abandono-de-algunas-sendas-naturales-del-concejo-de-gijon\\\/#organizationLogo\"},\"image\":{\"@id\":\"https:\\\/\\\/www.eldigitaldeasturias.com\\\/noticias\\\/el-pp-denuncia-el-abandono-de-algunas-sendas-naturales-del-concejo-de-gijon\\\/#organizationLogo\"},\"sameAs\":[\"https:\\\/\\\/facebook.com\\\/eldigitaldeasturias\",\"https:\\\/\\\/www.youtube.com\\\/channel\\\/UCZP-2wLEB9Rv6erhFmqVnvg\"],\"address\":{\"@id\":\"https:\\\/\\\/www.eldigitaldeasturias.com\\\/noticias\\\/#postaladdress\",\"@type\":\"PostalAddress\",\"streetAddress\":\"san antonio 4\",\"postalCode\":\"33430\",\"addressLocality\":\"Cand\\u00e1s\",\"addressRegion\":\"Asturias\",\"addressCountry\":\"ES\"}},{\"@type\":\"Person\",\"@id\":\"https:\\\/\\\/www.eldigitaldeasturias.com\\\/noticias\\\/author\\\/admin\\\/#author\",\"url\":\"https:\\\/\\\/www.eldigitaldeasturias.com\\\/noticias\\\/author\\\/admin\\\/\",\"name\":\"El Digital de Asturias\",\"image\":{\"@type\":\"ImageObject\",\"@id\":\"https:\\\/\\\/www.eldigitaldeasturias.com\\\/noticias\\\/el-pp-denuncia-el-abandono-de-algunas-sendas-naturales-del-concejo-de-gijon\\\/#authorImage\",\"url\":\"https:\\\/\\\/secure.gravatar.com\\\/avatar\\\/df2aeffc32bcd13f8d26072ef8a91b623d677766deac7f97ca815868cd41bf5e?s=96&d=mm&r=g\",\"width\":96,\"height\":96,\"caption\":\"El Digital de Asturias\"}},{\"@type\":\"WebPage\",\"@id\":\"https:\\\/\\\/www.eldigitaldeasturias.com\\\/noticias\\\/el-pp-denuncia-el-abandono-de-algunas-sendas-naturales-del-concejo-de-gijon\\\/#webpage\",\"url\":\"https:\\\/\\\/www.eldigitaldeasturias.com\\\/noticias\\\/el-pp-denuncia-el-abandono-de-algunas-sendas-naturales-del-concejo-de-gijon\\\/\",\"name\":\"El PP denuncia el abandono de algunas sendas naturales del concejo de Gij\\u00f3n - El Digital de Asturias\",\"description\":\"Gij\\u00f3n, 28 nov (EFE).- El grupo municipal del PP de Gij\\u00f3n ha denunciado hoy la situaci\\u00f3n de abandono en la que se encuentran algunas de las sendas naturales de municipio. En rueda de prensa, la concejala popular Maite Men\\u00e9ndez ha urgido la adecuaci\\u00f3n de la ruta del Pico Fario y de tres senderos locales que\",\"inLanguage\":\"es-ES\",\"isPartOf\":{\"@id\":\"https:\\\/\\\/www.eldigitaldeasturias.com\\\/noticias\\\/#website\"},\"breadcrumb\":{\"@id\":\"https:\\\/\\\/www.eldigitaldeasturias.com\\\/noticias\\\/el-pp-denuncia-el-abandono-de-algunas-sendas-naturales-del-concejo-de-gijon\\\/#breadcrumblist\"},\"author\":{\"@id\":\"https:\\\/\\\/www.eldigitaldeasturias.com\\\/noticias\\\/author\\\/admin\\\/#author\"},\"creator\":{\"@id\":\"https:\\\/\\\/www.eldigitaldeasturias.com\\\/noticias\\\/author\\\/admin\\\/#author\"},\"image\":{\"@type\":\"ImageObject\",\"url\":\"https:\\\/\\\/www.eldigitaldeasturias.com\\\/noticias\\\/wp-content\\\/uploads\\\/2026\\\/06\\\/Contenidos.jpg\",\"@id\":\"https:\\\/\\\/www.eldigitaldeasturias.com\\\/noticias\\\/el-pp-denuncia-el-abandono-de-algunas-sendas-naturales-del-concejo-de-gijon\\\/#mainImage\",\"width\":1265,\"height\":697,\"caption\":\"Contenidos\"},\"primaryImageOfPage\":{\"@id\":\"https:\\\/\\\/www.eldigitaldeasturias.com\\\/noticias\\\/el-pp-denuncia-el-abandono-de-algunas-sendas-naturales-del-concejo-de-gijon\\\/#mainImage\"},\"datePublished\":\"2013-11-28T16:34:09+01:00\",\"dateModified\":\"2013-11-28T16:34:09+01:00\"},{\"@type\":\"WebSite\",\"@id\":\"https:\\\/\\\/www.eldigitaldeasturias.com\\\/noticias\\\/#website\",\"url\":\"https:\\\/\\\/www.eldigitaldeasturias.com\\\/noticias\\\/\",\"name\":\"El Digital de Asturias - Diario de actualidad y noticias\",\"alternateName\":\"El Digital de Asturias - Diario de actualidad y noticias\",\"description\":\"Hemeroteca\",\"inLanguage\":\"es-ES\",\"publisher\":{\"@id\":\"https:\\\/\\\/www.eldigitaldeasturias.com\\\/noticias\\\/#organization\"}}]}\n\t\t<\/script>\n\t\t<!-- All in One SEO Pro -->\r\n\t\t<title>El PP denuncia el abandono de algunas sendas naturales del concejo de Gij\u00f3n - El Digital de Asturias<\/title>\n\n","aioseo_head_json":{"title":"El PP denuncia el abandono de algunas sendas naturales del concejo de Gij\u00f3n - El Digital de Asturias","description":"Gij\u00f3n, 28 nov (EFE).- El grupo municipal del PP de Gij\u00f3n ha denunciado hoy la situaci\u00f3n de abandono en la que se encuentran algunas de las sendas naturales de municipio. En rueda de prensa, la concejala popular Maite Men\u00e9ndez ha urgido la adecuaci\u00f3n de la ruta del Pico Fario y de tres senderos locales que","canonical_url":"https:\/\/www.eldigitaldeasturias.com\/noticias\/el-pp-denuncia-el-abandono-de-algunas-sendas-naturales-del-concejo-de-gijon\/","robots":"max-image-preview:large","keywords":"actualidad asturias","webmasterTools":{"google-site-verification":"UA-38556648-1","msvalidate.01":"7dfe9f3f1b24437ab69f4f2559babe99","miscellaneous":""},"schema":{"@context":"https:\/\/schema.org","@graph":[{"@type":"BlogPosting","@id":"https:\/\/www.eldigitaldeasturias.com\/noticias\/el-pp-denuncia-el-abandono-de-algunas-sendas-naturales-del-concejo-de-gijon\/#blogposting","name":"El PP denuncia el abandono de algunas sendas naturales del concejo de Gij\u00f3n - El Digital de Asturias","headline":"El PP denuncia el abandono de algunas sendas naturales del concejo de Gij\u00f3n","author":{"@id":"https:\/\/www.eldigitaldeasturias.com\/noticias\/author\/admin\/#author"},"publisher":{"@id":"https:\/\/www.eldigitaldeasturias.com\/noticias\/#organization"},"image":{"@type":"ImageObject","url":"https:\/\/www.eldigitaldeasturias.com\/noticias\/wp-content\/uploads\/2026\/06\/Contenidos.jpg","width":1265,"height":697,"caption":"Contenidos"},"datePublished":"2013-11-28T16:34:09+01:00","dateModified":"2013-11-28T16:34:09+01:00","inLanguage":"es-ES","mainEntityOfPage":{"@id":"https:\/\/www.eldigitaldeasturias.com\/noticias\/el-pp-denuncia-el-abandono-de-algunas-sendas-naturales-del-concejo-de-gijon\/#webpage"},"isPartOf":{"@id":"https:\/\/www.eldigitaldeasturias.com\/noticias\/el-pp-denuncia-el-abandono-de-algunas-sendas-naturales-del-concejo-de-gijon\/#webpage"},"articleSection":"Actualidad Asturias"},{"@type":"BreadcrumbList","@id":"https:\/\/www.eldigitaldeasturias.com\/noticias\/el-pp-denuncia-el-abandono-de-algunas-sendas-naturales-del-concejo-de-gijon\/#breadcrumblist","itemListElement":[{"@type":"ListItem","@id":"https:\/\/www.eldigitaldeasturias.com\/noticias#listItem","position":1,"name":"Home","item":"https:\/\/www.eldigitaldeasturias.com\/noticias","nextItem":{"@type":"ListItem","@id":"https:\/\/www.eldigitaldeasturias.com\/noticias\/category\/actualidad-asturias\/#listItem","name":"Actualidad Asturias"}},{"@type":"ListItem","@id":"https:\/\/www.eldigitaldeasturias.com\/noticias\/category\/actualidad-asturias\/#listItem","position":2,"name":"Actualidad Asturias","item":"https:\/\/www.eldigitaldeasturias.com\/noticias\/category\/actualidad-asturias\/","nextItem":{"@type":"ListItem","@id":"https:\/\/www.eldigitaldeasturias.com\/noticias\/el-pp-denuncia-el-abandono-de-algunas-sendas-naturales-del-concejo-de-gijon\/#listItem","name":"El PP denuncia el abandono de algunas sendas naturales del concejo de Gij\u00f3n"},"previousItem":{"@type":"ListItem","@id":"https:\/\/www.eldigitaldeasturias.com\/noticias#listItem","name":"Home"}},{"@type":"ListItem","@id":"https:\/\/www.eldigitaldeasturias.com\/noticias\/el-pp-denuncia-el-abandono-de-algunas-sendas-naturales-del-concejo-de-gijon\/#listItem","position":3,"name":"El PP denuncia el abandono de algunas sendas naturales del concejo de Gij\u00f3n","previousItem":{"@type":"ListItem","@id":"https:\/\/www.eldigitaldeasturias.com\/noticias\/category\/actualidad-asturias\/#listItem","name":"Actualidad Asturias"}}]},{"@type":"Organization","@id":"https:\/\/www.eldigitaldeasturias.com\/noticias\/#organization","name":"El Digital de Asturias","description":"Hemeroteca","url":"https:\/\/www.eldigitaldeasturias.com\/noticias\/","email":"info@eldigitaldeasturias.com","telephone":"+34652131393","logo":{"@type":"ImageObject","url":"https:\/\/www.eldigitaldeasturias.com\/noticias\/wp-content\/uploads\/2020\/12\/EDA.jpg","@id":"https:\/\/www.eldigitaldeasturias.com\/noticias\/el-pp-denuncia-el-abandono-de-algunas-sendas-naturales-del-concejo-de-gijon\/#organizationLogo"},"image":{"@id":"https:\/\/www.eldigitaldeasturias.com\/noticias\/el-pp-denuncia-el-abandono-de-algunas-sendas-naturales-del-concejo-de-gijon\/#organizationLogo"},"sameAs":["https:\/\/facebook.com\/eldigitaldeasturias","https:\/\/www.youtube.com\/channel\/UCZP-2wLEB9Rv6erhFmqVnvg"],"address":{"@id":"https:\/\/www.eldigitaldeasturias.com\/noticias\/#postaladdress","@type":"PostalAddress","streetAddress":"san antonio 4","postalCode":"33430","addressLocality":"Cand\u00e1s","addressRegion":"Asturias","addressCountry":"ES"}},{"@type":"Person","@id":"https:\/\/www.eldigitaldeasturias.com\/noticias\/author\/admin\/#author","url":"https:\/\/www.eldigitaldeasturias.com\/noticias\/author\/admin\/","name":"El Digital de Asturias","image":{"@type":"ImageObject","@id":"https:\/\/www.eldigitaldeasturias.com\/noticias\/el-pp-denuncia-el-abandono-de-algunas-sendas-naturales-del-concejo-de-gijon\/#authorImage","url":"https:\/\/secure.gravatar.com\/avatar\/df2aeffc32bcd13f8d26072ef8a91b623d677766deac7f97ca815868cd41bf5e?s=96&d=mm&r=g","width":96,"height":96,"caption":"El Digital de Asturias"}},{"@type":"WebPage","@id":"https:\/\/www.eldigitaldeasturias.com\/noticias\/el-pp-denuncia-el-abandono-de-algunas-sendas-naturales-del-concejo-de-gijon\/#webpage","url":"https:\/\/www.eldigitaldeasturias.com\/noticias\/el-pp-denuncia-el-abandono-de-algunas-sendas-naturales-del-concejo-de-gijon\/","name":"El PP denuncia el abandono de algunas sendas naturales del concejo de Gij\u00f3n - El Digital de Asturias","description":"Gij\u00f3n, 28 nov (EFE).- El grupo municipal del PP de Gij\u00f3n ha denunciado hoy la situaci\u00f3n de abandono en la que se encuentran algunas de las sendas naturales de municipio. En rueda de prensa, la concejala popular Maite Men\u00e9ndez ha urgido la adecuaci\u00f3n de la ruta del Pico Fario y de tres senderos locales que","inLanguage":"es-ES","isPartOf":{"@id":"https:\/\/www.eldigitaldeasturias.com\/noticias\/#website"},"breadcrumb":{"@id":"https:\/\/www.eldigitaldeasturias.com\/noticias\/el-pp-denuncia-el-abandono-de-algunas-sendas-naturales-del-concejo-de-gijon\/#breadcrumblist"},"author":{"@id":"https:\/\/www.eldigitaldeasturias.com\/noticias\/author\/admin\/#author"},"creator":{"@id":"https:\/\/www.eldigitaldeasturias.com\/noticias\/author\/admin\/#author"},"image":{"@type":"ImageObject","url":"https:\/\/www.eldigitaldeasturias.com\/noticias\/wp-content\/uploads\/2026\/06\/Contenidos.jpg","@id":"https:\/\/www.eldigitaldeasturias.com\/noticias\/el-pp-denuncia-el-abandono-de-algunas-sendas-naturales-del-concejo-de-gijon\/#mainImage","width":1265,"height":697,"caption":"Contenidos"},"primaryImageOfPage":{"@id":"https:\/\/www.eldigitaldeasturias.com\/noticias\/el-pp-denuncia-el-abandono-de-algunas-sendas-naturales-del-concejo-de-gijon\/#mainImage"},"datePublished":"2013-11-28T16:34:09+01:00","dateModified":"2013-11-28T16:34:09+01:00"},{"@type":"WebSite","@id":"https:\/\/www.eldigitaldeasturias.com\/noticias\/#website","url":"https:\/\/www.eldigitaldeasturias.com\/noticias\/","name":"El Digital de Asturias - Diario de actualidad y noticias","alternateName":"El Digital de Asturias - Diario de actualidad y noticias","description":"Hemeroteca","inLanguage":"es-ES","publisher":{"@id":"https:\/\/www.eldigitaldeasturias.com\/noticias\/#organization"}}]},"og:locale":"es_ES","og:site_name":"El Digital de Asturias","og:type":"article","og:title":"El PP denuncia el abandono de algunas sendas naturales del concejo de Gij\u00f3n - El Digital de Asturias","og:description":"Gij\u00f3n, 28 nov (EFE).- El grupo municipal del PP de Gij\u00f3n ha denunciado hoy la situaci\u00f3n de abandono en la que se encuentran algunas de las sendas naturales de municipio. En rueda de prensa, la concejala popular Maite Men\u00e9ndez ha urgido la adecuaci\u00f3n de la ruta del Pico Fario y de tres senderos locales que","og:url":"https:\/\/www.eldigitaldeasturias.com\/noticias\/el-pp-denuncia-el-abandono-de-algunas-sendas-naturales-del-concejo-de-gijon\/","og:image":"https:\/\/www.eldigitaldeasturias.com\/noticias\/wp-content\/uploads\/2026\/06\/Contenidos.jpg","og:image:secure_url":"https:\/\/www.eldigitaldeasturias.com\/noticias\/wp-content\/uploads\/2026\/06\/Contenidos.jpg","og:image:width":1265,"og:image:height":697,"article:tag":["actualidad asturias"],"article:published_time":"2013-11-28T17:34:09+00:00","article:modified_time":"2013-11-28T17:34:09+00:00","article:publisher":"https:\/\/facebook.com\/eldigitaldeasturias","twitter:card":"summary_large_image","twitter:title":"El PP denuncia el abandono de algunas sendas naturales del concejo de Gij\u00f3n - El Digital de Asturias","twitter:description":"Gij\u00f3n, 28 nov (EFE).- El grupo municipal del PP de Gij\u00f3n ha denunciado hoy la situaci\u00f3n de abandono en la que se encuentran algunas de las sendas naturales de municipio. En rueda de prensa, la concejala popular Maite Men\u00e9ndez ha urgido la adecuaci\u00f3n de la ruta del Pico Fario y de tres senderos locales que","twitter:image":"https:\/\/www.eldigitaldeasturias.com\/noticias\/wp-content\/uploads\/2026\/06\/Contenidos.jpg","twitter:label1":"Escrito por","twitter:data1":"El Digital de Asturias","twitter:label2":"Tiempo de lectura estimado","twitter:data2":"1 minuto"},"aioseo_meta_data":{"post_id":"455269","title":null,"description":null,"keywords":null,"keyphrases":null,"primary_term":null,"canonical_url":null,"og_title":null,"og_description":null,"og_object_type":"default","og_image_type":"default","og_image_url":null,"og_image_width":null,"og_image_height":null,"og_image_custom_url":null,"og_image_custom_fields":null,"og_video":null,"og_custom_url":null,"og_article_section":null,"og_article_tags":null,"twitter_use_og":true,"twitter_card":"default","twitter_image_type":"default","twitter_image_url":null,"twitter_image_custom_url":null,"twitter_image_custom_fields":null,"twitter_title":null,"twitter_description":null,"schema":{"blockGraphs":[],"customGraphs":[],"default":{"data":{"Article":[],"Course":[],"Dataset":[],"FAQPage":[],"Movie":[],"Person":[],"Product":[],"ProductReview":[],"Car":[],"Recipe":[],"Service":[],"SoftwareApplication":[],"WebPage":[]},"graphName":"","isEnabled":true},"graphs":[],"defaultGraph":"","defaultPostTypeGraph":""},"schema_type":null,"schema_type_options":null,"pillar_content":false,"robots_default":true,"robots_noindex":false,"robots_noarchive":false,"robots_nosnippet":false,"robots_nofollow":false,"robots_noimageindex":false,"robots_noodp":false,"robots_notranslate":false,"robots_max_snippet":null,"robots_max_videopreview":null,"robots_max_imagepreview":"none","priority":null,"frequency":null,"local_seo":null,"seo_analyzer_scan_date":"2026-05-29 17:42:45","breadcrumb_settings":null,"limit_modified_date":false,"open_ai":null,"ai":null,"created":"2020-11-14 22:45:13","updated":"2026-05-29 17:42:45","focus_keyword":null,"additional_keywords":null,"truseo_locale":null},"aioseo_breadcrumb":"<div class=\"aioseo-breadcrumbs\"><span class=\"aioseo-breadcrumb\">\n\t<a href=\"https:\/\/www.eldigitaldeasturias.com\/noticias\" title=\"Home\">Home<\/a>\n<\/span><span class=\"aioseo-breadcrumb-separator\">\u2013<\/span><span class=\"aioseo-breadcrumb\">\n\t<a href=\"https:\/\/www.eldigitaldeasturias.com\/noticias\/category\/actualidad-asturias\/\" title=\"Actualidad Asturias\">Actualidad Asturias<\/a>\n<\/span><span class=\"aioseo-breadcrumb-separator\">\u2013<\/span><span class=\"aioseo-breadcrumb\">\n\t<a href=\"https:\/\/www.eldigitaldeasturias.com\/noticias\/el-pp-denuncia-el-abandono-de-algunas-sendas-naturales-del-concejo-de-gijon\/\" title=\"El PP denuncia el abandono de algunas sendas naturales del concejo de Gij\u00f3n\">El PP denuncia el abandono de algunas sendas naturales del concejo de Gij\u00f3n<\/a>\n<\/span><\/div>","aioseo_breadcrumb_json":[{"label":"Home","link":"https:\/\/www.eldigitaldeasturias.com\/noticias"},{"label":"Actualidad Asturias","link":"https:\/\/www.eldigitaldeasturias.com\/noticias\/category\/actualidad-asturias\/"},{"label":"El PP denuncia el abandono de algunas sendas naturales del concejo de Gij\u00f3n","link":"https:\/\/www.eldigitaldeasturias.com\/noticias\/el-pp-denuncia-el-abandono-de-algunas-sendas-naturales-del-concejo-de-gijon\/"}],"_links":{"self":[{"href":"https:\/\/www.eldigitaldeasturias.com\/noticias\/wp-json\/wp\/v2\/posts\/455269","targetHints":{"allow":["GET"]}}],"collection":[{"href":"https:\/\/www.eldigitaldeasturias.com\/noticias\/wp-json\/wp\/v2\/posts"}],"about":[{"href":"https:\/\/www.eldigitaldeasturias.com\/noticias\/wp-json\/wp\/v2\/types\/post"}],"author":[{"embeddable":true,"href":"https:\/\/www.eldigitaldeasturias.com\/noticias\/wp-json\/wp\/v2\/users\/1"}],"replies":[{"embeddable":true,"href":"https:\/\/www.eldigitaldeasturias.com\/noticias\/wp-json\/wp\/v2\/comments?post=455269"}],"version-history":[{"count":0,"href":"https:\/\/www.eldigitaldeasturias.com\/noticias\/wp-json\/wp\/v2\/posts\/455269\/revisions"}],"wp:featuredmedia":[{"embeddable":true,"href":"https:\/\/www.eldigitaldeasturias.com\/noticias\/wp-json\/wp\/v2\/media\/1132184"}],"wp:attachment":[{"href":"https:\/\/www.eldigitaldeasturias.com\/noticias\/wp-json\/wp\/v2\/media?parent=455269"}],"wp:term":[{"taxonomy":"category","embeddable":true,"href":"https:\/\/www.eldigitaldeasturias.com\/noticias\/wp-json\/wp\/v2\/categories?post=455269"},{"taxonomy":"post_tag","embeddable":true,"href":"https:\/\/www.eldigitaldeasturias.com\/noticias\/wp-json\/wp\/v2\/tags?post=455269"}],"curies":[{"name":"wp","href":"https:\/\/api.w.org\/{rel}","templated":true}]}}