{"id":455267,"date":"2013-11-28T16:32:40","date_gmt":"2013-11-28T17:32:40","guid":{"rendered":"http:\/\/www.eldigitaldeasturias.com\/noticias\/?p=455267"},"modified":"2013-11-28T16:32:41","modified_gmt":"2013-11-28T17:32:41","slug":"varios-cientos-de-manifestantes-exigen-control-eficaz-ante-los-danos-causados-por-los-lobos","status":"publish","type":"post","link":"https:\/\/www.eldigitaldeasturias.com\/noticias\/varios-cientos-de-manifestantes-exigen-control-eficaz-ante-los-danos-causados-por-los-lobos\/","title":{"rendered":"Varios cientos de manifestantes exigen \u00abcontrol eficaz\u00bb ante los da\u00f1os causados por los lobos"},"content":{"rendered":"<p><img loading=\"lazy\" decoding=\"async\" class=\"alignleft size-medium wp-image-438872\" alt=\"lobo-1\" src=\"https:\/\/www.eldigitaldeasturias.com\/noticias\/wp-content\/uploads\/2013\/10\/lobo-1-292x320.jpg\" width=\"292\" height=\"320\" \/>Oviedo, 28 nov (EFE).- Varios centenares de personas han asistido hoy en Oviedo a la manifestaci\u00f3n en defensa de la ganader\u00eda asturiana y en protesta por la \u00abincomprensi\u00f3n\u00bb de la Administraci\u00f3n regional, a la que han pedido \u00abf\u00f3rmulas de control eficaz\u00bb para combatir los da\u00f1os causados por los lobos.<\/p>\n<p>La reivindicaci\u00f3n, convocada por organizaciones ganaderas independientes, con el respaldo de COAG, ASAJA y UCA, ha reunido a ganaderos, dirigentes de partidos pol\u00edticos y alcaldes de municipios asturianos en una protesta que se ha prolongado durante una hora y media ante la sede de Presidencia y del Parlamento auton\u00f3mico.<\/p>\n<p>Los ganaderos han llevado al lugar de la manifestaci\u00f3n a algunas de las reses que integran sus caba\u00f1as ganaderas, entre ellas dos vacas, un ternero, varias cabras y un caballo asturc\u00f3n.<\/p>\n<p>Al t\u00e9rmino de la protesta, un portavoz del colectivo convocante ha le\u00eddo un comunicado en el que ha denunciado que \u00abla aparici\u00f3n de la legislaci\u00f3n ambiental moderna impide a los ganaderos defender a sus animales de los ataques de los lobos\u00bb.<\/p>\n","protected":false},"excerpt":{"rendered":"<p>Oviedo, 28 nov (EFE).- Varios centenares de personas han asistido hoy en Oviedo a la manifestaci\u00f3n en defensa de la ganader\u00eda asturiana y en protesta por la \u00abincomprensi\u00f3n\u00bb de la Administraci\u00f3n regional, a la que han pedido \u00abf\u00f3rmulas de control eficaz\u00bb para combatir los da\u00f1os causados por los lobos. La reivindicaci\u00f3n, convocada por organizaciones ganaderas [&hellip;]<\/p>\n","protected":false},"author":1,"featured_media":438872,"comment_status":"open","ping_status":"open","sticky":false,"template":"","format":"standard","meta":{"footnotes":""},"categories":[12],"tags":[],"class_list":["post-455267","post","type-post","status-publish","format-standard","has-post-thumbnail","hentry","category-actualidad-asturias"],"aioseo_notices":[],"aioseo_head":"\n\t\t<!-- All in One SEO Pro 5.0.1 - aioseo.com -->\n\t<meta name=\"description\" content=\"Oviedo, 28 nov (EFE).- Varios centenares de personas han asistido hoy en Oviedo a la manifestaci\u00f3n en defensa de la ganader\u00eda asturiana y en protesta por la &quot;incomprensi\u00f3n&quot; de la Administraci\u00f3n regional, a la que han pedido &quot;f\u00f3rmulas de control eficaz&quot; para combatir los da\u00f1os causados por los lobos. La reivindicaci\u00f3n, convocada por organizaciones ganaderas\" \/>\n\t<meta name=\"robots\" content=\"max-image-preview:large\" \/>\n\t<meta name=\"author\" content=\"El Digital de Asturias\"\/>\n\t<meta name=\"google-site-verification\" content=\"UA-38556648-1\" \/>\n\t<meta name=\"msvalidate.01\" content=\"7dfe9f3f1b24437ab69f4f2559babe99\" \/>\n\t<meta name=\"keywords\" content=\"actualidad asturias\" \/>\n\t<link rel=\"canonical\" href=\"https:\/\/www.eldigitaldeasturias.com\/noticias\/varios-cientos-de-manifestantes-exigen-control-eficaz-ante-los-danos-causados-por-los-lobos\/\" \/>\n\t<meta name=\"generator\" content=\"All in One SEO Pro (AIOSEO) 5.0.1\" \/>\n\t\t<meta property=\"og:locale\" content=\"es_ES\" \/>\n\t\t<meta property=\"og:site_name\" content=\"El Digital de Asturias\" \/>\n\t\t<meta property=\"og:type\" content=\"article\" \/>\n\t\t<meta property=\"og:title\" content=\"Varios cientos de manifestantes exigen \u00abcontrol eficaz\u00bb ante los da\u00f1os causados por los lobos - El Digital de Asturias\" \/>\n\t\t<meta property=\"og:description\" content=\"Oviedo, 28 nov (EFE).- Varios centenares de personas han asistido hoy en Oviedo a la manifestaci\u00f3n en defensa de la ganader\u00eda asturiana y en protesta por la &quot;incomprensi\u00f3n&quot; de la Administraci\u00f3n regional, a la que han pedido &quot;f\u00f3rmulas de control eficaz&quot; para combatir los da\u00f1os causados por los lobos. La reivindicaci\u00f3n, convocada por organizaciones ganaderas\" \/>\n\t\t<meta property=\"og:url\" content=\"https:\/\/www.eldigitaldeasturias.com\/noticias\/varios-cientos-de-manifestantes-exigen-control-eficaz-ante-los-danos-causados-por-los-lobos\/\" \/>\n\t\t<meta property=\"article:tag\" content=\"actualidad asturias\" \/>\n\t\t<meta property=\"article:published_time\" content=\"2013-11-28T17:32:40+00:00\" \/>\n\t\t<meta property=\"article:modified_time\" content=\"2013-11-28T17:32:41+00:00\" \/>\n\t\t<meta property=\"article:publisher\" content=\"https:\/\/facebook.com\/eldigitaldeasturias\" \/>\n\t\t<meta name=\"twitter:card\" content=\"summary_large_image\" \/>\n\t\t<meta name=\"twitter:title\" content=\"Varios cientos de manifestantes exigen \u00abcontrol eficaz\u00bb ante los da\u00f1os causados por los lobos - El Digital de Asturias\" \/>\n\t\t<meta name=\"twitter:description\" content=\"Oviedo, 28 nov (EFE).- Varios centenares de personas han asistido hoy en Oviedo a la manifestaci\u00f3n en defensa de la ganader\u00eda asturiana y en protesta por la &quot;incomprensi\u00f3n&quot; de la Administraci\u00f3n regional, a la que han pedido &quot;f\u00f3rmulas de control eficaz&quot; para combatir los da\u00f1os causados por los lobos. La reivindicaci\u00f3n, convocada por organizaciones ganaderas\" \/>\n\t\t<meta name=\"twitter:label1\" content=\"Escrito por\" \/>\n\t\t<meta name=\"twitter:data1\" content=\"El Digital de Asturias\" \/>\n\t\t<meta name=\"twitter:label2\" content=\"Tiempo de lectura estimado\" \/>\n\t\t<meta name=\"twitter:data2\" content=\"1 minuto\" \/>\n\t\t<script type=\"application\/ld+json\" class=\"aioseo-schema\">\n\t\t\t{\"@context\":\"https:\\\/\\\/schema.org\",\"@graph\":[{\"@type\":\"BlogPosting\",\"@id\":\"https:\\\/\\\/www.eldigitaldeasturias.com\\\/noticias\\\/varios-cientos-de-manifestantes-exigen-control-eficaz-ante-los-danos-causados-por-los-lobos\\\/#blogposting\",\"name\":\"Varios cientos de manifestantes exigen \\u00abcontrol eficaz\\u00bb ante los da\\u00f1os causados por los lobos - El Digital de Asturias\",\"headline\":\"Varios cientos de manifestantes exigen \\u00abcontrol eficaz\\u00bb ante los da\\u00f1os causados por los lobos\",\"author\":{\"@id\":\"https:\\\/\\\/www.eldigitaldeasturias.com\\\/noticias\\\/author\\\/admin\\\/#author\"},\"publisher\":{\"@id\":\"https:\\\/\\\/www.eldigitaldeasturias.com\\\/noticias\\\/#organization\"},\"image\":{\"@type\":\"ImageObject\",\"url\":438872},\"datePublished\":\"2013-11-28T16:32:40+01:00\",\"dateModified\":\"2013-11-28T16:32:41+01:00\",\"inLanguage\":\"es-ES\",\"mainEntityOfPage\":{\"@id\":\"https:\\\/\\\/www.eldigitaldeasturias.com\\\/noticias\\\/varios-cientos-de-manifestantes-exigen-control-eficaz-ante-los-danos-causados-por-los-lobos\\\/#webpage\"},\"isPartOf\":{\"@id\":\"https:\\\/\\\/www.eldigitaldeasturias.com\\\/noticias\\\/varios-cientos-de-manifestantes-exigen-control-eficaz-ante-los-danos-causados-por-los-lobos\\\/#webpage\"},\"articleSection\":\"Actualidad Asturias\"},{\"@type\":\"BreadcrumbList\",\"@id\":\"https:\\\/\\\/www.eldigitaldeasturias.com\\\/noticias\\\/varios-cientos-de-manifestantes-exigen-control-eficaz-ante-los-danos-causados-por-los-lobos\\\/#breadcrumblist\",\"itemListElement\":[{\"@type\":\"ListItem\",\"@id\":\"https:\\\/\\\/www.eldigitaldeasturias.com\\\/noticias#listItem\",\"position\":1,\"name\":\"Home\",\"item\":\"https:\\\/\\\/www.eldigitaldeasturias.com\\\/noticias\",\"nextItem\":{\"@type\":\"ListItem\",\"@id\":\"https:\\\/\\\/www.eldigitaldeasturias.com\\\/noticias\\\/category\\\/actualidad-asturias\\\/#listItem\",\"name\":\"Actualidad Asturias\"}},{\"@type\":\"ListItem\",\"@id\":\"https:\\\/\\\/www.eldigitaldeasturias.com\\\/noticias\\\/category\\\/actualidad-asturias\\\/#listItem\",\"position\":2,\"name\":\"Actualidad Asturias\",\"item\":\"https:\\\/\\\/www.eldigitaldeasturias.com\\\/noticias\\\/category\\\/actualidad-asturias\\\/\",\"nextItem\":{\"@type\":\"ListItem\",\"@id\":\"https:\\\/\\\/www.eldigitaldeasturias.com\\\/noticias\\\/varios-cientos-de-manifestantes-exigen-control-eficaz-ante-los-danos-causados-por-los-lobos\\\/#listItem\",\"name\":\"Varios cientos de manifestantes exigen \\u00abcontrol eficaz\\u00bb ante los da\\u00f1os causados por los lobos\"},\"previousItem\":{\"@type\":\"ListItem\",\"@id\":\"https:\\\/\\\/www.eldigitaldeasturias.com\\\/noticias#listItem\",\"name\":\"Home\"}},{\"@type\":\"ListItem\",\"@id\":\"https:\\\/\\\/www.eldigitaldeasturias.com\\\/noticias\\\/varios-cientos-de-manifestantes-exigen-control-eficaz-ante-los-danos-causados-por-los-lobos\\\/#listItem\",\"position\":3,\"name\":\"Varios cientos de manifestantes exigen \\u00abcontrol eficaz\\u00bb ante los da\\u00f1os causados por los lobos\",\"previousItem\":{\"@type\":\"ListItem\",\"@id\":\"https:\\\/\\\/www.eldigitaldeasturias.com\\\/noticias\\\/category\\\/actualidad-asturias\\\/#listItem\",\"name\":\"Actualidad Asturias\"}}]},{\"@type\":\"Organization\",\"@id\":\"https:\\\/\\\/www.eldigitaldeasturias.com\\\/noticias\\\/#organization\",\"name\":\"El Digital de Asturias\",\"description\":\"Hemeroteca\",\"url\":\"https:\\\/\\\/www.eldigitaldeasturias.com\\\/noticias\\\/\",\"email\":\"info@eldigitaldeasturias.com\",\"telephone\":\"+34652131393\",\"logo\":{\"@type\":\"ImageObject\",\"url\":\"https:\\\/\\\/www.eldigitaldeasturias.com\\\/noticias\\\/wp-content\\\/uploads\\\/2020\\\/12\\\/EDA.jpg\",\"@id\":\"https:\\\/\\\/www.eldigitaldeasturias.com\\\/noticias\\\/varios-cientos-de-manifestantes-exigen-control-eficaz-ante-los-danos-causados-por-los-lobos\\\/#organizationLogo\"},\"image\":{\"@id\":\"https:\\\/\\\/www.eldigitaldeasturias.com\\\/noticias\\\/varios-cientos-de-manifestantes-exigen-control-eficaz-ante-los-danos-causados-por-los-lobos\\\/#organizationLogo\"},\"sameAs\":[\"https:\\\/\\\/facebook.com\\\/eldigitaldeasturias\",\"https:\\\/\\\/www.youtube.com\\\/channel\\\/UCZP-2wLEB9Rv6erhFmqVnvg\"],\"address\":{\"@id\":\"https:\\\/\\\/www.eldigitaldeasturias.com\\\/noticias\\\/#postaladdress\",\"@type\":\"PostalAddress\",\"streetAddress\":\"san antonio 4\",\"postalCode\":\"33430\",\"addressLocality\":\"Cand\\u00e1s\",\"addressRegion\":\"Asturias\",\"addressCountry\":\"ES\"}},{\"@type\":\"Person\",\"@id\":\"https:\\\/\\\/www.eldigitaldeasturias.com\\\/noticias\\\/author\\\/admin\\\/#author\",\"url\":\"https:\\\/\\\/www.eldigitaldeasturias.com\\\/noticias\\\/author\\\/admin\\\/\",\"name\":\"El Digital de Asturias\",\"image\":{\"@type\":\"ImageObject\",\"@id\":\"https:\\\/\\\/www.eldigitaldeasturias.com\\\/noticias\\\/varios-cientos-de-manifestantes-exigen-control-eficaz-ante-los-danos-causados-por-los-lobos\\\/#authorImage\",\"url\":\"https:\\\/\\\/secure.gravatar.com\\\/avatar\\\/df2aeffc32bcd13f8d26072ef8a91b623d677766deac7f97ca815868cd41bf5e?s=96&d=mm&r=g\",\"width\":96,\"height\":96,\"caption\":\"El Digital de Asturias\"}},{\"@type\":\"WebPage\",\"@id\":\"https:\\\/\\\/www.eldigitaldeasturias.com\\\/noticias\\\/varios-cientos-de-manifestantes-exigen-control-eficaz-ante-los-danos-causados-por-los-lobos\\\/#webpage\",\"url\":\"https:\\\/\\\/www.eldigitaldeasturias.com\\\/noticias\\\/varios-cientos-de-manifestantes-exigen-control-eficaz-ante-los-danos-causados-por-los-lobos\\\/\",\"name\":\"Varios cientos de manifestantes exigen \\u00abcontrol eficaz\\u00bb ante los da\\u00f1os causados por los lobos - El Digital de Asturias\",\"description\":\"Oviedo, 28 nov (EFE).- Varios centenares de personas han asistido hoy en Oviedo a la manifestaci\\u00f3n en defensa de la ganader\\u00eda asturiana y en protesta por la \\\"incomprensi\\u00f3n\\\" de la Administraci\\u00f3n regional, a la que han pedido \\\"f\\u00f3rmulas de control eficaz\\\" para combatir los da\\u00f1os causados por los lobos. La reivindicaci\\u00f3n, convocada por organizaciones ganaderas\",\"inLanguage\":\"es-ES\",\"isPartOf\":{\"@id\":\"https:\\\/\\\/www.eldigitaldeasturias.com\\\/noticias\\\/#website\"},\"breadcrumb\":{\"@id\":\"https:\\\/\\\/www.eldigitaldeasturias.com\\\/noticias\\\/varios-cientos-de-manifestantes-exigen-control-eficaz-ante-los-danos-causados-por-los-lobos\\\/#breadcrumblist\"},\"author\":{\"@id\":\"https:\\\/\\\/www.eldigitaldeasturias.com\\\/noticias\\\/author\\\/admin\\\/#author\"},\"creator\":{\"@id\":\"https:\\\/\\\/www.eldigitaldeasturias.com\\\/noticias\\\/author\\\/admin\\\/#author\"},\"image\":{\"@type\":\"ImageObject\",\"url\":438872,\"@id\":\"https:\\\/\\\/www.eldigitaldeasturias.com\\\/noticias\\\/varios-cientos-de-manifestantes-exigen-control-eficaz-ante-los-danos-causados-por-los-lobos\\\/#mainImage\"},\"primaryImageOfPage\":{\"@id\":\"https:\\\/\\\/www.eldigitaldeasturias.com\\\/noticias\\\/varios-cientos-de-manifestantes-exigen-control-eficaz-ante-los-danos-causados-por-los-lobos\\\/#mainImage\"},\"datePublished\":\"2013-11-28T16:32:40+01:00\",\"dateModified\":\"2013-11-28T16:32:41+01:00\"},{\"@type\":\"WebSite\",\"@id\":\"https:\\\/\\\/www.eldigitaldeasturias.com\\\/noticias\\\/#website\",\"url\":\"https:\\\/\\\/www.eldigitaldeasturias.com\\\/noticias\\\/\",\"name\":\"El Digital de Asturias - Diario de actualidad y noticias\",\"alternateName\":\"El Digital de Asturias - Diario de actualidad y noticias\",\"description\":\"Hemeroteca\",\"inLanguage\":\"es-ES\",\"publisher\":{\"@id\":\"https:\\\/\\\/www.eldigitaldeasturias.com\\\/noticias\\\/#organization\"}}]}\n\t\t<\/script>\n\t\t<!-- All in One SEO Pro -->\r\n\t\t<title>Varios cientos de manifestantes exigen \u00abcontrol eficaz\u00bb ante los da\u00f1os causados por los lobos - El Digital de Asturias<\/title>\n\n","aioseo_head_json":{"title":"Varios cientos de manifestantes exigen \u00abcontrol eficaz\u00bb ante los da\u00f1os causados por los lobos - El Digital de Asturias","description":"Oviedo, 28 nov (EFE).- Varios centenares de personas han asistido hoy en Oviedo a la manifestaci\u00f3n en defensa de la ganader\u00eda asturiana y en protesta por la \"incomprensi\u00f3n\" de la Administraci\u00f3n regional, a la que han pedido \"f\u00f3rmulas de control eficaz\" para combatir los da\u00f1os causados por los lobos. La reivindicaci\u00f3n, convocada por organizaciones ganaderas","canonical_url":"https:\/\/www.eldigitaldeasturias.com\/noticias\/varios-cientos-de-manifestantes-exigen-control-eficaz-ante-los-danos-causados-por-los-lobos\/","robots":"max-image-preview:large","keywords":"actualidad asturias","webmasterTools":{"google-site-verification":"UA-38556648-1","msvalidate.01":"7dfe9f3f1b24437ab69f4f2559babe99","miscellaneous":""},"schema":{"@context":"https:\/\/schema.org","@graph":[{"@type":"BlogPosting","@id":"https:\/\/www.eldigitaldeasturias.com\/noticias\/varios-cientos-de-manifestantes-exigen-control-eficaz-ante-los-danos-causados-por-los-lobos\/#blogposting","name":"Varios cientos de manifestantes exigen \u00abcontrol eficaz\u00bb ante los da\u00f1os causados por los lobos - El Digital de Asturias","headline":"Varios cientos de manifestantes exigen \u00abcontrol eficaz\u00bb ante los da\u00f1os causados por los lobos","author":{"@id":"https:\/\/www.eldigitaldeasturias.com\/noticias\/author\/admin\/#author"},"publisher":{"@id":"https:\/\/www.eldigitaldeasturias.com\/noticias\/#organization"},"image":{"@type":"ImageObject","url":438872},"datePublished":"2013-11-28T16:32:40+01:00","dateModified":"2013-11-28T16:32:41+01:00","inLanguage":"es-ES","mainEntityOfPage":{"@id":"https:\/\/www.eldigitaldeasturias.com\/noticias\/varios-cientos-de-manifestantes-exigen-control-eficaz-ante-los-danos-causados-por-los-lobos\/#webpage"},"isPartOf":{"@id":"https:\/\/www.eldigitaldeasturias.com\/noticias\/varios-cientos-de-manifestantes-exigen-control-eficaz-ante-los-danos-causados-por-los-lobos\/#webpage"},"articleSection":"Actualidad Asturias"},{"@type":"BreadcrumbList","@id":"https:\/\/www.eldigitaldeasturias.com\/noticias\/varios-cientos-de-manifestantes-exigen-control-eficaz-ante-los-danos-causados-por-los-lobos\/#breadcrumblist","itemListElement":[{"@type":"ListItem","@id":"https:\/\/www.eldigitaldeasturias.com\/noticias#listItem","position":1,"name":"Home","item":"https:\/\/www.eldigitaldeasturias.com\/noticias","nextItem":{"@type":"ListItem","@id":"https:\/\/www.eldigitaldeasturias.com\/noticias\/category\/actualidad-asturias\/#listItem","name":"Actualidad Asturias"}},{"@type":"ListItem","@id":"https:\/\/www.eldigitaldeasturias.com\/noticias\/category\/actualidad-asturias\/#listItem","position":2,"name":"Actualidad Asturias","item":"https:\/\/www.eldigitaldeasturias.com\/noticias\/category\/actualidad-asturias\/","nextItem":{"@type":"ListItem","@id":"https:\/\/www.eldigitaldeasturias.com\/noticias\/varios-cientos-de-manifestantes-exigen-control-eficaz-ante-los-danos-causados-por-los-lobos\/#listItem","name":"Varios cientos de manifestantes exigen \u00abcontrol eficaz\u00bb ante los da\u00f1os causados por los lobos"},"previousItem":{"@type":"ListItem","@id":"https:\/\/www.eldigitaldeasturias.com\/noticias#listItem","name":"Home"}},{"@type":"ListItem","@id":"https:\/\/www.eldigitaldeasturias.com\/noticias\/varios-cientos-de-manifestantes-exigen-control-eficaz-ante-los-danos-causados-por-los-lobos\/#listItem","position":3,"name":"Varios cientos de manifestantes exigen \u00abcontrol eficaz\u00bb ante los da\u00f1os causados por los lobos","previousItem":{"@type":"ListItem","@id":"https:\/\/www.eldigitaldeasturias.com\/noticias\/category\/actualidad-asturias\/#listItem","name":"Actualidad Asturias"}}]},{"@type":"Organization","@id":"https:\/\/www.eldigitaldeasturias.com\/noticias\/#organization","name":"El Digital de Asturias","description":"Hemeroteca","url":"https:\/\/www.eldigitaldeasturias.com\/noticias\/","email":"info@eldigitaldeasturias.com","telephone":"+34652131393","logo":{"@type":"ImageObject","url":"https:\/\/www.eldigitaldeasturias.com\/noticias\/wp-content\/uploads\/2020\/12\/EDA.jpg","@id":"https:\/\/www.eldigitaldeasturias.com\/noticias\/varios-cientos-de-manifestantes-exigen-control-eficaz-ante-los-danos-causados-por-los-lobos\/#organizationLogo"},"image":{"@id":"https:\/\/www.eldigitaldeasturias.com\/noticias\/varios-cientos-de-manifestantes-exigen-control-eficaz-ante-los-danos-causados-por-los-lobos\/#organizationLogo"},"sameAs":["https:\/\/facebook.com\/eldigitaldeasturias","https:\/\/www.youtube.com\/channel\/UCZP-2wLEB9Rv6erhFmqVnvg"],"address":{"@id":"https:\/\/www.eldigitaldeasturias.com\/noticias\/#postaladdress","@type":"PostalAddress","streetAddress":"san antonio 4","postalCode":"33430","addressLocality":"Cand\u00e1s","addressRegion":"Asturias","addressCountry":"ES"}},{"@type":"Person","@id":"https:\/\/www.eldigitaldeasturias.com\/noticias\/author\/admin\/#author","url":"https:\/\/www.eldigitaldeasturias.com\/noticias\/author\/admin\/","name":"El Digital de Asturias","image":{"@type":"ImageObject","@id":"https:\/\/www.eldigitaldeasturias.com\/noticias\/varios-cientos-de-manifestantes-exigen-control-eficaz-ante-los-danos-causados-por-los-lobos\/#authorImage","url":"https:\/\/secure.gravatar.com\/avatar\/df2aeffc32bcd13f8d26072ef8a91b623d677766deac7f97ca815868cd41bf5e?s=96&d=mm&r=g","width":96,"height":96,"caption":"El Digital de Asturias"}},{"@type":"WebPage","@id":"https:\/\/www.eldigitaldeasturias.com\/noticias\/varios-cientos-de-manifestantes-exigen-control-eficaz-ante-los-danos-causados-por-los-lobos\/#webpage","url":"https:\/\/www.eldigitaldeasturias.com\/noticias\/varios-cientos-de-manifestantes-exigen-control-eficaz-ante-los-danos-causados-por-los-lobos\/","name":"Varios cientos de manifestantes exigen \u00abcontrol eficaz\u00bb ante los da\u00f1os causados por los lobos - El Digital de Asturias","description":"Oviedo, 28 nov (EFE).- Varios centenares de personas han asistido hoy en Oviedo a la manifestaci\u00f3n en defensa de la ganader\u00eda asturiana y en protesta por la \"incomprensi\u00f3n\" de la Administraci\u00f3n regional, a la que han pedido \"f\u00f3rmulas de control eficaz\" para combatir los da\u00f1os causados por los lobos. La reivindicaci\u00f3n, convocada por organizaciones ganaderas","inLanguage":"es-ES","isPartOf":{"@id":"https:\/\/www.eldigitaldeasturias.com\/noticias\/#website"},"breadcrumb":{"@id":"https:\/\/www.eldigitaldeasturias.com\/noticias\/varios-cientos-de-manifestantes-exigen-control-eficaz-ante-los-danos-causados-por-los-lobos\/#breadcrumblist"},"author":{"@id":"https:\/\/www.eldigitaldeasturias.com\/noticias\/author\/admin\/#author"},"creator":{"@id":"https:\/\/www.eldigitaldeasturias.com\/noticias\/author\/admin\/#author"},"image":{"@type":"ImageObject","url":438872,"@id":"https:\/\/www.eldigitaldeasturias.com\/noticias\/varios-cientos-de-manifestantes-exigen-control-eficaz-ante-los-danos-causados-por-los-lobos\/#mainImage"},"primaryImageOfPage":{"@id":"https:\/\/www.eldigitaldeasturias.com\/noticias\/varios-cientos-de-manifestantes-exigen-control-eficaz-ante-los-danos-causados-por-los-lobos\/#mainImage"},"datePublished":"2013-11-28T16:32:40+01:00","dateModified":"2013-11-28T16:32:41+01:00"},{"@type":"WebSite","@id":"https:\/\/www.eldigitaldeasturias.com\/noticias\/#website","url":"https:\/\/www.eldigitaldeasturias.com\/noticias\/","name":"El Digital de Asturias - Diario de actualidad y noticias","alternateName":"El Digital de Asturias - Diario de actualidad y noticias","description":"Hemeroteca","inLanguage":"es-ES","publisher":{"@id":"https:\/\/www.eldigitaldeasturias.com\/noticias\/#organization"}}]},"og:locale":"es_ES","og:site_name":"El Digital de Asturias","og:type":"article","og:title":"Varios cientos de manifestantes exigen \u00abcontrol eficaz\u00bb ante los da\u00f1os causados por los lobos - El Digital de Asturias","og:description":"Oviedo, 28 nov (EFE).- Varios centenares de personas han asistido hoy en Oviedo a la manifestaci\u00f3n en defensa de la ganader\u00eda asturiana y en protesta por la &quot;incomprensi\u00f3n&quot; de la Administraci\u00f3n regional, a la que han pedido &quot;f\u00f3rmulas de control eficaz&quot; para combatir los da\u00f1os causados por los lobos. La reivindicaci\u00f3n, convocada por organizaciones ganaderas","og:url":"https:\/\/www.eldigitaldeasturias.com\/noticias\/varios-cientos-de-manifestantes-exigen-control-eficaz-ante-los-danos-causados-por-los-lobos\/","article:tag":["actualidad asturias"],"article:published_time":"2013-11-28T17:32:40+00:00","article:modified_time":"2013-11-28T17:32:41+00:00","article:publisher":"https:\/\/facebook.com\/eldigitaldeasturias","twitter:card":"summary_large_image","twitter:title":"Varios cientos de manifestantes exigen \u00abcontrol eficaz\u00bb ante los da\u00f1os causados por los lobos - El Digital de Asturias","twitter:description":"Oviedo, 28 nov (EFE).- Varios centenares de personas han asistido hoy en Oviedo a la manifestaci\u00f3n en defensa de la ganader\u00eda asturiana y en protesta por la &quot;incomprensi\u00f3n&quot; de la Administraci\u00f3n regional, a la que han pedido &quot;f\u00f3rmulas de control eficaz&quot; para combatir los da\u00f1os causados por los lobos. La reivindicaci\u00f3n, convocada por organizaciones ganaderas","twitter:label1":"Escrito por","twitter:data1":"El Digital de Asturias","twitter:label2":"Tiempo de lectura estimado","twitter:data2":"1 minuto"},"aioseo_meta_data":{"post_id":"455267","title":null,"description":null,"keywords":null,"keyphrases":null,"primary_term":null,"canonical_url":null,"og_title":null,"og_description":null,"og_object_type":"default","og_image_type":"default","og_image_url":null,"og_image_width":null,"og_image_height":null,"og_image_custom_url":null,"og_image_custom_fields":null,"og_video":null,"og_custom_url":null,"og_article_section":null,"og_article_tags":null,"twitter_use_og":true,"twitter_card":"default","twitter_image_type":"default","twitter_image_url":null,"twitter_image_custom_url":null,"twitter_image_custom_fields":null,"twitter_title":null,"twitter_description":null,"schema":{"blockGraphs":[],"customGraphs":[],"default":{"data":{"Article":[],"Course":[],"Dataset":[],"FAQPage":[],"Movie":[],"Person":[],"Product":[],"ProductReview":[],"Car":[],"Recipe":[],"Service":[],"SoftwareApplication":[],"WebPage":[]},"graphName":"","isEnabled":true},"graphs":[],"defaultGraph":"","defaultPostTypeGraph":""},"schema_type":null,"schema_type_options":null,"pillar_content":false,"robots_default":true,"robots_noindex":false,"robots_noarchive":false,"robots_nosnippet":false,"robots_nofollow":false,"robots_noimageindex":false,"robots_noodp":false,"robots_notranslate":false,"robots_max_snippet":null,"robots_max_videopreview":null,"robots_max_imagepreview":"none","priority":null,"frequency":null,"local_seo":null,"seo_analyzer_scan_date":"2026-05-29 17:42:45","breadcrumb_settings":null,"limit_modified_date":false,"open_ai":null,"ai":null,"created":"2020-11-14 22:45:13","updated":"2026-05-29 17:42:45","focus_keyword":null,"additional_keywords":null,"truseo_locale":null},"aioseo_breadcrumb":"<div class=\"aioseo-breadcrumbs\"><span class=\"aioseo-breadcrumb\">\n\t<a href=\"https:\/\/www.eldigitaldeasturias.com\/noticias\" title=\"Home\">Home<\/a>\n<\/span><span class=\"aioseo-breadcrumb-separator\">\u2013<\/span><span class=\"aioseo-breadcrumb\">\n\t<a href=\"https:\/\/www.eldigitaldeasturias.com\/noticias\/category\/actualidad-asturias\/\" title=\"Actualidad Asturias\">Actualidad Asturias<\/a>\n<\/span><span class=\"aioseo-breadcrumb-separator\">\u2013<\/span><span class=\"aioseo-breadcrumb\">\n\t<a href=\"https:\/\/www.eldigitaldeasturias.com\/noticias\/varios-cientos-de-manifestantes-exigen-control-eficaz-ante-los-danos-causados-por-los-lobos\/\" title=\"Varios cientos de manifestantes exigen \u00abcontrol eficaz\u00bb ante los da\u00f1os causados por los lobos\">Varios cientos de manifestantes exigen \u00abcontrol eficaz\u00bb ante los da\u00f1os causados por los lobos<\/a>\n<\/span><\/div>","aioseo_breadcrumb_json":[{"label":"Home","link":"https:\/\/www.eldigitaldeasturias.com\/noticias"},{"label":"Actualidad Asturias","link":"https:\/\/www.eldigitaldeasturias.com\/noticias\/category\/actualidad-asturias\/"},{"label":"Varios cientos de manifestantes exigen \u00abcontrol eficaz\u00bb ante los da\u00f1os causados por los lobos","link":"https:\/\/www.eldigitaldeasturias.com\/noticias\/varios-cientos-de-manifestantes-exigen-control-eficaz-ante-los-danos-causados-por-los-lobos\/"}],"_links":{"self":[{"href":"https:\/\/www.eldigitaldeasturias.com\/noticias\/wp-json\/wp\/v2\/posts\/455267","targetHints":{"allow":["GET"]}}],"collection":[{"href":"https:\/\/www.eldigitaldeasturias.com\/noticias\/wp-json\/wp\/v2\/posts"}],"about":[{"href":"https:\/\/www.eldigitaldeasturias.com\/noticias\/wp-json\/wp\/v2\/types\/post"}],"author":[{"embeddable":true,"href":"https:\/\/www.eldigitaldeasturias.com\/noticias\/wp-json\/wp\/v2\/users\/1"}],"replies":[{"embeddable":true,"href":"https:\/\/www.eldigitaldeasturias.com\/noticias\/wp-json\/wp\/v2\/comments?post=455267"}],"version-history":[{"count":0,"href":"https:\/\/www.eldigitaldeasturias.com\/noticias\/wp-json\/wp\/v2\/posts\/455267\/revisions"}],"wp:attachment":[{"href":"https:\/\/www.eldigitaldeasturias.com\/noticias\/wp-json\/wp\/v2\/media?parent=455267"}],"wp:term":[{"taxonomy":"category","embeddable":true,"href":"https:\/\/www.eldigitaldeasturias.com\/noticias\/wp-json\/wp\/v2\/categories?post=455267"},{"taxonomy":"post_tag","embeddable":true,"href":"https:\/\/www.eldigitaldeasturias.com\/noticias\/wp-json\/wp\/v2\/tags?post=455267"}],"curies":[{"name":"wp","href":"https:\/\/api.w.org\/{rel}","templated":true}]}}