{"id":455257,"date":"2013-11-28T16:24:57","date_gmt":"2013-11-28T17:24:57","guid":{"rendered":"http:\/\/www.eldigitaldeasturias.com\/noticias\/?p=455257"},"modified":"2013-11-28T16:24:57","modified_gmt":"2013-11-28T17:24:57","slug":"asturias-acoge-un-encuentro-europeo-sobre-financiacion-a-pymes","status":"publish","type":"post","link":"https:\/\/www.eldigitaldeasturias.com\/noticias\/asturias-acoge-un-encuentro-europeo-sobre-financiacion-a-pymes\/","title":{"rendered":"Asturias acoge un encuentro europeo sobre financiaci\u00f3n a pymes"},"content":{"rendered":"<p><img loading=\"lazy\" decoding=\"async\" class=\"alignleft size-medium wp-image-435693\" alt=\"Open wlan networks in cafes\" src=\"https:\/\/www.eldigitaldeasturias.com\/noticias\/wp-content\/uploads\/2013\/10\/NO_CONF_E_CIEGAMENTE_35981830-360x226.jpg\" width=\"360\" height=\"226\" \/>Oviedo, 28 nov (EFE).- M\u00e1s de 45 personas procedentes de 16 pa\u00edses participan hasta ma\u00f1ana viernes en Gij\u00f3n en un encuentro en Gij\u00f3n sobre el desarrollo del proyecto europeo DIFASS, que aborda los instrumentos de apoyo financiero a empresas y que en Asturias cuenta con dos socios, el Instituto de Desarrollo Econ\u00f3mico del Principado (IDEPA) y el Centro Europeo de Empresas e Innovaci\u00f3n (CEEI).<\/p>\n<p>Esta iniciativa europea tiene como objetivo facilitar a las peque\u00f1as y medianas empresas el acceso a la financiaci\u00f3n en toda Europa.<\/p>\n<p>De esta manera, el proyecto DIFASS favorece la transferencia de medidas de apoyo innovadoras entre los diferentes pa\u00edses, centrando especialmente su atenci\u00f3n en los instrumentos de apoyo financiero que no se basen en subvenciones.<\/p>\n<p>La reuni\u00f3n que se celebra en Asturias est\u00e1 organizada por el IDEPA y el CEEI y se centra en analizar buenas pr\u00e1cticas en torno a los mecanismos de apoyo a las empresas en su fase inicial: Spin offs, Start up y Early stage.<\/p>\n<p>Adem\u00e1s, los socios de DIFASS visitar\u00e1n la Bioincubadora del CEEI y asistir\u00e1n al acto de entrega de los Premios CEEI 2013.<\/p>\n<p>El proyecto DIFASS est\u00e1 apoyado por el Programa Interreg IVC, cuyo objetivo general es mejorar la eficacia de las pol\u00edticas e instrumentos regionales, proporcionando fondos para la cooperaci\u00f3n interregional en Europa.<\/p>\n","protected":false},"excerpt":{"rendered":"<p>Oviedo, 28 nov (EFE).- M\u00e1s de 45 personas procedentes de 16 pa\u00edses participan hasta ma\u00f1ana viernes en Gij\u00f3n en un encuentro en Gij\u00f3n sobre el desarrollo del proyecto europeo DIFASS, que aborda los instrumentos de apoyo financiero a empresas y que en Asturias cuenta con dos socios, el Instituto de Desarrollo Econ\u00f3mico del Principado (IDEPA) [&hellip;]<\/p>\n","protected":false},"author":1,"featured_media":435693,"comment_status":"open","ping_status":"open","sticky":false,"template":"","format":"standard","meta":{"footnotes":""},"categories":[12],"tags":[],"class_list":["post-455257","post","type-post","status-publish","format-standard","has-post-thumbnail","hentry","category-actualidad-asturias"],"aioseo_notices":[],"aioseo_head":"\n\t\t<!-- All in One SEO Pro 5.0.1 - aioseo.com -->\n\t<meta name=\"description\" content=\"Oviedo, 28 nov (EFE).- M\u00e1s de 45 personas procedentes de 16 pa\u00edses participan hasta ma\u00f1ana viernes en Gij\u00f3n en un encuentro en Gij\u00f3n sobre el desarrollo del proyecto europeo DIFASS, que aborda los instrumentos de apoyo financiero a empresas y que en Asturias cuenta con dos socios, el Instituto de Desarrollo Econ\u00f3mico del Principado (IDEPA)\" \/>\n\t<meta name=\"robots\" content=\"max-image-preview:large\" \/>\n\t<meta name=\"author\" content=\"El Digital de Asturias\"\/>\n\t<meta name=\"google-site-verification\" content=\"UA-38556648-1\" \/>\n\t<meta name=\"msvalidate.01\" content=\"7dfe9f3f1b24437ab69f4f2559babe99\" \/>\n\t<meta name=\"keywords\" content=\"actualidad asturias\" \/>\n\t<link rel=\"canonical\" href=\"https:\/\/www.eldigitaldeasturias.com\/noticias\/asturias-acoge-un-encuentro-europeo-sobre-financiacion-a-pymes\/\" \/>\n\t<meta name=\"generator\" content=\"All in One SEO Pro (AIOSEO) 5.0.1\" \/>\n\t\t<meta property=\"og:locale\" content=\"es_ES\" \/>\n\t\t<meta property=\"og:site_name\" content=\"El Digital de Asturias\" \/>\n\t\t<meta property=\"og:type\" content=\"article\" \/>\n\t\t<meta property=\"og:title\" content=\"Asturias acoge un encuentro europeo sobre financiaci\u00f3n a pymes - El Digital de Asturias\" \/>\n\t\t<meta property=\"og:description\" content=\"Oviedo, 28 nov (EFE).- M\u00e1s de 45 personas procedentes de 16 pa\u00edses participan hasta ma\u00f1ana viernes en Gij\u00f3n en un encuentro en Gij\u00f3n sobre el desarrollo del proyecto europeo DIFASS, que aborda los instrumentos de apoyo financiero a empresas y que en Asturias cuenta con dos socios, el Instituto de Desarrollo Econ\u00f3mico del Principado (IDEPA)\" \/>\n\t\t<meta property=\"og:url\" content=\"https:\/\/www.eldigitaldeasturias.com\/noticias\/asturias-acoge-un-encuentro-europeo-sobre-financiacion-a-pymes\/\" \/>\n\t\t<meta property=\"article:tag\" content=\"actualidad asturias\" \/>\n\t\t<meta property=\"article:published_time\" content=\"2013-11-28T17:24:57+00:00\" \/>\n\t\t<meta property=\"article:modified_time\" content=\"2013-11-28T17:24:57+00:00\" \/>\n\t\t<meta property=\"article:publisher\" content=\"https:\/\/facebook.com\/eldigitaldeasturias\" \/>\n\t\t<meta name=\"twitter:card\" content=\"summary_large_image\" \/>\n\t\t<meta name=\"twitter:title\" content=\"Asturias acoge un encuentro europeo sobre financiaci\u00f3n a pymes - El Digital de Asturias\" \/>\n\t\t<meta name=\"twitter:description\" content=\"Oviedo, 28 nov (EFE).- M\u00e1s de 45 personas procedentes de 16 pa\u00edses participan hasta ma\u00f1ana viernes en Gij\u00f3n en un encuentro en Gij\u00f3n sobre el desarrollo del proyecto europeo DIFASS, que aborda los instrumentos de apoyo financiero a empresas y que en Asturias cuenta con dos socios, el Instituto de Desarrollo Econ\u00f3mico del Principado (IDEPA)\" \/>\n\t\t<meta name=\"twitter:label1\" content=\"Escrito por\" \/>\n\t\t<meta name=\"twitter:data1\" content=\"El Digital de Asturias\" \/>\n\t\t<meta name=\"twitter:label2\" content=\"Tiempo de lectura estimado\" \/>\n\t\t<meta name=\"twitter:data2\" content=\"1 minuto\" \/>\n\t\t<script type=\"application\/ld+json\" class=\"aioseo-schema\">\n\t\t\t{\"@context\":\"https:\\\/\\\/schema.org\",\"@graph\":[{\"@type\":\"BlogPosting\",\"@id\":\"https:\\\/\\\/www.eldigitaldeasturias.com\\\/noticias\\\/asturias-acoge-un-encuentro-europeo-sobre-financiacion-a-pymes\\\/#blogposting\",\"name\":\"Asturias acoge un encuentro europeo sobre financiaci\\u00f3n a pymes - El Digital de Asturias\",\"headline\":\"Asturias acoge un encuentro europeo sobre financiaci\\u00f3n a pymes\",\"author\":{\"@id\":\"https:\\\/\\\/www.eldigitaldeasturias.com\\\/noticias\\\/author\\\/admin\\\/#author\"},\"publisher\":{\"@id\":\"https:\\\/\\\/www.eldigitaldeasturias.com\\\/noticias\\\/#organization\"},\"image\":{\"@type\":\"ImageObject\",\"url\":435693},\"datePublished\":\"2013-11-28T16:24:57+01:00\",\"dateModified\":\"2013-11-28T16:24:57+01:00\",\"inLanguage\":\"es-ES\",\"mainEntityOfPage\":{\"@id\":\"https:\\\/\\\/www.eldigitaldeasturias.com\\\/noticias\\\/asturias-acoge-un-encuentro-europeo-sobre-financiacion-a-pymes\\\/#webpage\"},\"isPartOf\":{\"@id\":\"https:\\\/\\\/www.eldigitaldeasturias.com\\\/noticias\\\/asturias-acoge-un-encuentro-europeo-sobre-financiacion-a-pymes\\\/#webpage\"},\"articleSection\":\"Actualidad Asturias\"},{\"@type\":\"BreadcrumbList\",\"@id\":\"https:\\\/\\\/www.eldigitaldeasturias.com\\\/noticias\\\/asturias-acoge-un-encuentro-europeo-sobre-financiacion-a-pymes\\\/#breadcrumblist\",\"itemListElement\":[{\"@type\":\"ListItem\",\"@id\":\"https:\\\/\\\/www.eldigitaldeasturias.com\\\/noticias#listItem\",\"position\":1,\"name\":\"Home\",\"item\":\"https:\\\/\\\/www.eldigitaldeasturias.com\\\/noticias\",\"nextItem\":{\"@type\":\"ListItem\",\"@id\":\"https:\\\/\\\/www.eldigitaldeasturias.com\\\/noticias\\\/category\\\/actualidad-asturias\\\/#listItem\",\"name\":\"Actualidad Asturias\"}},{\"@type\":\"ListItem\",\"@id\":\"https:\\\/\\\/www.eldigitaldeasturias.com\\\/noticias\\\/category\\\/actualidad-asturias\\\/#listItem\",\"position\":2,\"name\":\"Actualidad Asturias\",\"item\":\"https:\\\/\\\/www.eldigitaldeasturias.com\\\/noticias\\\/category\\\/actualidad-asturias\\\/\",\"nextItem\":{\"@type\":\"ListItem\",\"@id\":\"https:\\\/\\\/www.eldigitaldeasturias.com\\\/noticias\\\/asturias-acoge-un-encuentro-europeo-sobre-financiacion-a-pymes\\\/#listItem\",\"name\":\"Asturias acoge un encuentro europeo sobre financiaci\\u00f3n a pymes\"},\"previousItem\":{\"@type\":\"ListItem\",\"@id\":\"https:\\\/\\\/www.eldigitaldeasturias.com\\\/noticias#listItem\",\"name\":\"Home\"}},{\"@type\":\"ListItem\",\"@id\":\"https:\\\/\\\/www.eldigitaldeasturias.com\\\/noticias\\\/asturias-acoge-un-encuentro-europeo-sobre-financiacion-a-pymes\\\/#listItem\",\"position\":3,\"name\":\"Asturias acoge un encuentro europeo sobre financiaci\\u00f3n a pymes\",\"previousItem\":{\"@type\":\"ListItem\",\"@id\":\"https:\\\/\\\/www.eldigitaldeasturias.com\\\/noticias\\\/category\\\/actualidad-asturias\\\/#listItem\",\"name\":\"Actualidad Asturias\"}}]},{\"@type\":\"Organization\",\"@id\":\"https:\\\/\\\/www.eldigitaldeasturias.com\\\/noticias\\\/#organization\",\"name\":\"El Digital de Asturias\",\"description\":\"Hemeroteca\",\"url\":\"https:\\\/\\\/www.eldigitaldeasturias.com\\\/noticias\\\/\",\"email\":\"info@eldigitaldeasturias.com\",\"telephone\":\"+34652131393\",\"logo\":{\"@type\":\"ImageObject\",\"url\":\"https:\\\/\\\/www.eldigitaldeasturias.com\\\/noticias\\\/wp-content\\\/uploads\\\/2020\\\/12\\\/EDA.jpg\",\"@id\":\"https:\\\/\\\/www.eldigitaldeasturias.com\\\/noticias\\\/asturias-acoge-un-encuentro-europeo-sobre-financiacion-a-pymes\\\/#organizationLogo\"},\"image\":{\"@id\":\"https:\\\/\\\/www.eldigitaldeasturias.com\\\/noticias\\\/asturias-acoge-un-encuentro-europeo-sobre-financiacion-a-pymes\\\/#organizationLogo\"},\"sameAs\":[\"https:\\\/\\\/facebook.com\\\/eldigitaldeasturias\",\"https:\\\/\\\/www.youtube.com\\\/channel\\\/UCZP-2wLEB9Rv6erhFmqVnvg\"],\"address\":{\"@id\":\"https:\\\/\\\/www.eldigitaldeasturias.com\\\/noticias\\\/#postaladdress\",\"@type\":\"PostalAddress\",\"streetAddress\":\"san antonio 4\",\"postalCode\":\"33430\",\"addressLocality\":\"Cand\\u00e1s\",\"addressRegion\":\"Asturias\",\"addressCountry\":\"ES\"}},{\"@type\":\"Person\",\"@id\":\"https:\\\/\\\/www.eldigitaldeasturias.com\\\/noticias\\\/author\\\/admin\\\/#author\",\"url\":\"https:\\\/\\\/www.eldigitaldeasturias.com\\\/noticias\\\/author\\\/admin\\\/\",\"name\":\"El Digital de Asturias\",\"image\":{\"@type\":\"ImageObject\",\"@id\":\"https:\\\/\\\/www.eldigitaldeasturias.com\\\/noticias\\\/asturias-acoge-un-encuentro-europeo-sobre-financiacion-a-pymes\\\/#authorImage\",\"url\":\"https:\\\/\\\/secure.gravatar.com\\\/avatar\\\/df2aeffc32bcd13f8d26072ef8a91b623d677766deac7f97ca815868cd41bf5e?s=96&d=mm&r=g\",\"width\":96,\"height\":96,\"caption\":\"El Digital de Asturias\"}},{\"@type\":\"WebPage\",\"@id\":\"https:\\\/\\\/www.eldigitaldeasturias.com\\\/noticias\\\/asturias-acoge-un-encuentro-europeo-sobre-financiacion-a-pymes\\\/#webpage\",\"url\":\"https:\\\/\\\/www.eldigitaldeasturias.com\\\/noticias\\\/asturias-acoge-un-encuentro-europeo-sobre-financiacion-a-pymes\\\/\",\"name\":\"Asturias acoge un encuentro europeo sobre financiaci\\u00f3n a pymes - El Digital de Asturias\",\"description\":\"Oviedo, 28 nov (EFE).- M\\u00e1s de 45 personas procedentes de 16 pa\\u00edses participan hasta ma\\u00f1ana viernes en Gij\\u00f3n en un encuentro en Gij\\u00f3n sobre el desarrollo del proyecto europeo DIFASS, que aborda los instrumentos de apoyo financiero a empresas y que en Asturias cuenta con dos socios, el Instituto de Desarrollo Econ\\u00f3mico del Principado (IDEPA)\",\"inLanguage\":\"es-ES\",\"isPartOf\":{\"@id\":\"https:\\\/\\\/www.eldigitaldeasturias.com\\\/noticias\\\/#website\"},\"breadcrumb\":{\"@id\":\"https:\\\/\\\/www.eldigitaldeasturias.com\\\/noticias\\\/asturias-acoge-un-encuentro-europeo-sobre-financiacion-a-pymes\\\/#breadcrumblist\"},\"author\":{\"@id\":\"https:\\\/\\\/www.eldigitaldeasturias.com\\\/noticias\\\/author\\\/admin\\\/#author\"},\"creator\":{\"@id\":\"https:\\\/\\\/www.eldigitaldeasturias.com\\\/noticias\\\/author\\\/admin\\\/#author\"},\"image\":{\"@type\":\"ImageObject\",\"url\":435693,\"@id\":\"https:\\\/\\\/www.eldigitaldeasturias.com\\\/noticias\\\/asturias-acoge-un-encuentro-europeo-sobre-financiacion-a-pymes\\\/#mainImage\"},\"primaryImageOfPage\":{\"@id\":\"https:\\\/\\\/www.eldigitaldeasturias.com\\\/noticias\\\/asturias-acoge-un-encuentro-europeo-sobre-financiacion-a-pymes\\\/#mainImage\"},\"datePublished\":\"2013-11-28T16:24:57+01:00\",\"dateModified\":\"2013-11-28T16:24:57+01:00\"},{\"@type\":\"WebSite\",\"@id\":\"https:\\\/\\\/www.eldigitaldeasturias.com\\\/noticias\\\/#website\",\"url\":\"https:\\\/\\\/www.eldigitaldeasturias.com\\\/noticias\\\/\",\"name\":\"El Digital de Asturias - Diario de actualidad y noticias\",\"alternateName\":\"El Digital de Asturias - Diario de actualidad y noticias\",\"description\":\"Hemeroteca\",\"inLanguage\":\"es-ES\",\"publisher\":{\"@id\":\"https:\\\/\\\/www.eldigitaldeasturias.com\\\/noticias\\\/#organization\"}}]}\n\t\t<\/script>\n\t\t<!-- All in One SEO Pro -->\r\n\t\t<title>Asturias acoge un encuentro europeo sobre financiaci\u00f3n a pymes - El Digital de Asturias<\/title>\n\n","aioseo_head_json":{"title":"Asturias acoge un encuentro europeo sobre financiaci\u00f3n a pymes - El Digital de Asturias","description":"Oviedo, 28 nov (EFE).- M\u00e1s de 45 personas procedentes de 16 pa\u00edses participan hasta ma\u00f1ana viernes en Gij\u00f3n en un encuentro en Gij\u00f3n sobre el desarrollo del proyecto europeo DIFASS, que aborda los instrumentos de apoyo financiero a empresas y que en Asturias cuenta con dos socios, el Instituto de Desarrollo Econ\u00f3mico del Principado (IDEPA)","canonical_url":"https:\/\/www.eldigitaldeasturias.com\/noticias\/asturias-acoge-un-encuentro-europeo-sobre-financiacion-a-pymes\/","robots":"max-image-preview:large","keywords":"actualidad asturias","webmasterTools":{"google-site-verification":"UA-38556648-1","msvalidate.01":"7dfe9f3f1b24437ab69f4f2559babe99","miscellaneous":""},"schema":{"@context":"https:\/\/schema.org","@graph":[{"@type":"BlogPosting","@id":"https:\/\/www.eldigitaldeasturias.com\/noticias\/asturias-acoge-un-encuentro-europeo-sobre-financiacion-a-pymes\/#blogposting","name":"Asturias acoge un encuentro europeo sobre financiaci\u00f3n a pymes - El Digital de Asturias","headline":"Asturias acoge un encuentro europeo sobre financiaci\u00f3n a pymes","author":{"@id":"https:\/\/www.eldigitaldeasturias.com\/noticias\/author\/admin\/#author"},"publisher":{"@id":"https:\/\/www.eldigitaldeasturias.com\/noticias\/#organization"},"image":{"@type":"ImageObject","url":435693},"datePublished":"2013-11-28T16:24:57+01:00","dateModified":"2013-11-28T16:24:57+01:00","inLanguage":"es-ES","mainEntityOfPage":{"@id":"https:\/\/www.eldigitaldeasturias.com\/noticias\/asturias-acoge-un-encuentro-europeo-sobre-financiacion-a-pymes\/#webpage"},"isPartOf":{"@id":"https:\/\/www.eldigitaldeasturias.com\/noticias\/asturias-acoge-un-encuentro-europeo-sobre-financiacion-a-pymes\/#webpage"},"articleSection":"Actualidad Asturias"},{"@type":"BreadcrumbList","@id":"https:\/\/www.eldigitaldeasturias.com\/noticias\/asturias-acoge-un-encuentro-europeo-sobre-financiacion-a-pymes\/#breadcrumblist","itemListElement":[{"@type":"ListItem","@id":"https:\/\/www.eldigitaldeasturias.com\/noticias#listItem","position":1,"name":"Home","item":"https:\/\/www.eldigitaldeasturias.com\/noticias","nextItem":{"@type":"ListItem","@id":"https:\/\/www.eldigitaldeasturias.com\/noticias\/category\/actualidad-asturias\/#listItem","name":"Actualidad Asturias"}},{"@type":"ListItem","@id":"https:\/\/www.eldigitaldeasturias.com\/noticias\/category\/actualidad-asturias\/#listItem","position":2,"name":"Actualidad Asturias","item":"https:\/\/www.eldigitaldeasturias.com\/noticias\/category\/actualidad-asturias\/","nextItem":{"@type":"ListItem","@id":"https:\/\/www.eldigitaldeasturias.com\/noticias\/asturias-acoge-un-encuentro-europeo-sobre-financiacion-a-pymes\/#listItem","name":"Asturias acoge un encuentro europeo sobre financiaci\u00f3n a pymes"},"previousItem":{"@type":"ListItem","@id":"https:\/\/www.eldigitaldeasturias.com\/noticias#listItem","name":"Home"}},{"@type":"ListItem","@id":"https:\/\/www.eldigitaldeasturias.com\/noticias\/asturias-acoge-un-encuentro-europeo-sobre-financiacion-a-pymes\/#listItem","position":3,"name":"Asturias acoge un encuentro europeo sobre financiaci\u00f3n a pymes","previousItem":{"@type":"ListItem","@id":"https:\/\/www.eldigitaldeasturias.com\/noticias\/category\/actualidad-asturias\/#listItem","name":"Actualidad Asturias"}}]},{"@type":"Organization","@id":"https:\/\/www.eldigitaldeasturias.com\/noticias\/#organization","name":"El Digital de Asturias","description":"Hemeroteca","url":"https:\/\/www.eldigitaldeasturias.com\/noticias\/","email":"info@eldigitaldeasturias.com","telephone":"+34652131393","logo":{"@type":"ImageObject","url":"https:\/\/www.eldigitaldeasturias.com\/noticias\/wp-content\/uploads\/2020\/12\/EDA.jpg","@id":"https:\/\/www.eldigitaldeasturias.com\/noticias\/asturias-acoge-un-encuentro-europeo-sobre-financiacion-a-pymes\/#organizationLogo"},"image":{"@id":"https:\/\/www.eldigitaldeasturias.com\/noticias\/asturias-acoge-un-encuentro-europeo-sobre-financiacion-a-pymes\/#organizationLogo"},"sameAs":["https:\/\/facebook.com\/eldigitaldeasturias","https:\/\/www.youtube.com\/channel\/UCZP-2wLEB9Rv6erhFmqVnvg"],"address":{"@id":"https:\/\/www.eldigitaldeasturias.com\/noticias\/#postaladdress","@type":"PostalAddress","streetAddress":"san antonio 4","postalCode":"33430","addressLocality":"Cand\u00e1s","addressRegion":"Asturias","addressCountry":"ES"}},{"@type":"Person","@id":"https:\/\/www.eldigitaldeasturias.com\/noticias\/author\/admin\/#author","url":"https:\/\/www.eldigitaldeasturias.com\/noticias\/author\/admin\/","name":"El Digital de Asturias","image":{"@type":"ImageObject","@id":"https:\/\/www.eldigitaldeasturias.com\/noticias\/asturias-acoge-un-encuentro-europeo-sobre-financiacion-a-pymes\/#authorImage","url":"https:\/\/secure.gravatar.com\/avatar\/df2aeffc32bcd13f8d26072ef8a91b623d677766deac7f97ca815868cd41bf5e?s=96&d=mm&r=g","width":96,"height":96,"caption":"El Digital de Asturias"}},{"@type":"WebPage","@id":"https:\/\/www.eldigitaldeasturias.com\/noticias\/asturias-acoge-un-encuentro-europeo-sobre-financiacion-a-pymes\/#webpage","url":"https:\/\/www.eldigitaldeasturias.com\/noticias\/asturias-acoge-un-encuentro-europeo-sobre-financiacion-a-pymes\/","name":"Asturias acoge un encuentro europeo sobre financiaci\u00f3n a pymes - El Digital de Asturias","description":"Oviedo, 28 nov (EFE).- M\u00e1s de 45 personas procedentes de 16 pa\u00edses participan hasta ma\u00f1ana viernes en Gij\u00f3n en un encuentro en Gij\u00f3n sobre el desarrollo del proyecto europeo DIFASS, que aborda los instrumentos de apoyo financiero a empresas y que en Asturias cuenta con dos socios, el Instituto de Desarrollo Econ\u00f3mico del Principado (IDEPA)","inLanguage":"es-ES","isPartOf":{"@id":"https:\/\/www.eldigitaldeasturias.com\/noticias\/#website"},"breadcrumb":{"@id":"https:\/\/www.eldigitaldeasturias.com\/noticias\/asturias-acoge-un-encuentro-europeo-sobre-financiacion-a-pymes\/#breadcrumblist"},"author":{"@id":"https:\/\/www.eldigitaldeasturias.com\/noticias\/author\/admin\/#author"},"creator":{"@id":"https:\/\/www.eldigitaldeasturias.com\/noticias\/author\/admin\/#author"},"image":{"@type":"ImageObject","url":435693,"@id":"https:\/\/www.eldigitaldeasturias.com\/noticias\/asturias-acoge-un-encuentro-europeo-sobre-financiacion-a-pymes\/#mainImage"},"primaryImageOfPage":{"@id":"https:\/\/www.eldigitaldeasturias.com\/noticias\/asturias-acoge-un-encuentro-europeo-sobre-financiacion-a-pymes\/#mainImage"},"datePublished":"2013-11-28T16:24:57+01:00","dateModified":"2013-11-28T16:24:57+01:00"},{"@type":"WebSite","@id":"https:\/\/www.eldigitaldeasturias.com\/noticias\/#website","url":"https:\/\/www.eldigitaldeasturias.com\/noticias\/","name":"El Digital de Asturias - Diario de actualidad y noticias","alternateName":"El Digital de Asturias - Diario de actualidad y noticias","description":"Hemeroteca","inLanguage":"es-ES","publisher":{"@id":"https:\/\/www.eldigitaldeasturias.com\/noticias\/#organization"}}]},"og:locale":"es_ES","og:site_name":"El Digital de Asturias","og:type":"article","og:title":"Asturias acoge un encuentro europeo sobre financiaci\u00f3n a pymes - El Digital de Asturias","og:description":"Oviedo, 28 nov (EFE).- M\u00e1s de 45 personas procedentes de 16 pa\u00edses participan hasta ma\u00f1ana viernes en Gij\u00f3n en un encuentro en Gij\u00f3n sobre el desarrollo del proyecto europeo DIFASS, que aborda los instrumentos de apoyo financiero a empresas y que en Asturias cuenta con dos socios, el Instituto de Desarrollo Econ\u00f3mico del Principado (IDEPA)","og:url":"https:\/\/www.eldigitaldeasturias.com\/noticias\/asturias-acoge-un-encuentro-europeo-sobre-financiacion-a-pymes\/","article:tag":["actualidad asturias"],"article:published_time":"2013-11-28T17:24:57+00:00","article:modified_time":"2013-11-28T17:24:57+00:00","article:publisher":"https:\/\/facebook.com\/eldigitaldeasturias","twitter:card":"summary_large_image","twitter:title":"Asturias acoge un encuentro europeo sobre financiaci\u00f3n a pymes - El Digital de Asturias","twitter:description":"Oviedo, 28 nov (EFE).- M\u00e1s de 45 personas procedentes de 16 pa\u00edses participan hasta ma\u00f1ana viernes en Gij\u00f3n en un encuentro en Gij\u00f3n sobre el desarrollo del proyecto europeo DIFASS, que aborda los instrumentos de apoyo financiero a empresas y que en Asturias cuenta con dos socios, el Instituto de Desarrollo Econ\u00f3mico del Principado (IDEPA)","twitter:label1":"Escrito por","twitter:data1":"El Digital de Asturias","twitter:label2":"Tiempo de lectura estimado","twitter:data2":"1 minuto"},"aioseo_meta_data":{"post_id":"455257","title":null,"description":null,"keywords":null,"keyphrases":null,"primary_term":null,"canonical_url":null,"og_title":null,"og_description":null,"og_object_type":"default","og_image_type":"default","og_image_url":null,"og_image_width":null,"og_image_height":null,"og_image_custom_url":null,"og_image_custom_fields":null,"og_video":null,"og_custom_url":null,"og_article_section":null,"og_article_tags":null,"twitter_use_og":true,"twitter_card":"default","twitter_image_type":"default","twitter_image_url":null,"twitter_image_custom_url":null,"twitter_image_custom_fields":null,"twitter_title":null,"twitter_description":null,"schema":{"blockGraphs":[],"customGraphs":[],"default":{"data":{"Article":[],"Course":[],"Dataset":[],"FAQPage":[],"Movie":[],"Person":[],"Product":[],"ProductReview":[],"Car":[],"Recipe":[],"Service":[],"SoftwareApplication":[],"WebPage":[]},"graphName":"","isEnabled":true},"graphs":[],"defaultGraph":"","defaultPostTypeGraph":""},"schema_type":null,"schema_type_options":null,"pillar_content":false,"robots_default":true,"robots_noindex":false,"robots_noarchive":false,"robots_nosnippet":false,"robots_nofollow":false,"robots_noimageindex":false,"robots_noodp":false,"robots_notranslate":false,"robots_max_snippet":null,"robots_max_videopreview":null,"robots_max_imagepreview":"none","priority":null,"frequency":null,"local_seo":null,"seo_analyzer_scan_date":"2026-05-29 17:38:47","breadcrumb_settings":null,"limit_modified_date":false,"open_ai":null,"ai":null,"created":"2020-11-14 22:45:13","updated":"2026-05-29 17:38:47","focus_keyword":null,"additional_keywords":null,"truseo_locale":null},"aioseo_breadcrumb":"<div class=\"aioseo-breadcrumbs\"><span class=\"aioseo-breadcrumb\">\n\t<a href=\"https:\/\/www.eldigitaldeasturias.com\/noticias\" title=\"Home\">Home<\/a>\n<\/span><span class=\"aioseo-breadcrumb-separator\">\u2013<\/span><span class=\"aioseo-breadcrumb\">\n\t<a href=\"https:\/\/www.eldigitaldeasturias.com\/noticias\/category\/actualidad-asturias\/\" title=\"Actualidad Asturias\">Actualidad Asturias<\/a>\n<\/span><span class=\"aioseo-breadcrumb-separator\">\u2013<\/span><span class=\"aioseo-breadcrumb\">\n\t<a href=\"https:\/\/www.eldigitaldeasturias.com\/noticias\/asturias-acoge-un-encuentro-europeo-sobre-financiacion-a-pymes\/\" title=\"Asturias acoge un encuentro europeo sobre financiaci\u00f3n a pymes\">Asturias acoge un encuentro europeo sobre financiaci\u00f3n a pymes<\/a>\n<\/span><\/div>","aioseo_breadcrumb_json":[{"label":"Home","link":"https:\/\/www.eldigitaldeasturias.com\/noticias"},{"label":"Actualidad Asturias","link":"https:\/\/www.eldigitaldeasturias.com\/noticias\/category\/actualidad-asturias\/"},{"label":"Asturias acoge un encuentro europeo sobre financiaci\u00f3n a pymes","link":"https:\/\/www.eldigitaldeasturias.com\/noticias\/asturias-acoge-un-encuentro-europeo-sobre-financiacion-a-pymes\/"}],"_links":{"self":[{"href":"https:\/\/www.eldigitaldeasturias.com\/noticias\/wp-json\/wp\/v2\/posts\/455257","targetHints":{"allow":["GET"]}}],"collection":[{"href":"https:\/\/www.eldigitaldeasturias.com\/noticias\/wp-json\/wp\/v2\/posts"}],"about":[{"href":"https:\/\/www.eldigitaldeasturias.com\/noticias\/wp-json\/wp\/v2\/types\/post"}],"author":[{"embeddable":true,"href":"https:\/\/www.eldigitaldeasturias.com\/noticias\/wp-json\/wp\/v2\/users\/1"}],"replies":[{"embeddable":true,"href":"https:\/\/www.eldigitaldeasturias.com\/noticias\/wp-json\/wp\/v2\/comments?post=455257"}],"version-history":[{"count":0,"href":"https:\/\/www.eldigitaldeasturias.com\/noticias\/wp-json\/wp\/v2\/posts\/455257\/revisions"}],"wp:attachment":[{"href":"https:\/\/www.eldigitaldeasturias.com\/noticias\/wp-json\/wp\/v2\/media?parent=455257"}],"wp:term":[{"taxonomy":"category","embeddable":true,"href":"https:\/\/www.eldigitaldeasturias.com\/noticias\/wp-json\/wp\/v2\/categories?post=455257"},{"taxonomy":"post_tag","embeddable":true,"href":"https:\/\/www.eldigitaldeasturias.com\/noticias\/wp-json\/wp\/v2\/tags?post=455257"}],"curies":[{"name":"wp","href":"https:\/\/api.w.org\/{rel}","templated":true}]}}