{"id":455251,"date":"2013-11-28T16:13:34","date_gmt":"2013-11-28T17:13:34","guid":{"rendered":"http:\/\/www.eldigitaldeasturias.com\/noticias\/?p=455251"},"modified":"2013-11-28T16:13:34","modified_gmt":"2013-11-28T17:13:34","slug":"detenido-un-hombre-que-atraco-a-punta-de-cuchillo-una-pizzeria-de-gijon","status":"publish","type":"post","link":"https:\/\/www.eldigitaldeasturias.com\/noticias\/detenido-un-hombre-que-atraco-a-punta-de-cuchillo-una-pizzeria-de-gijon\/","title":{"rendered":"Detenido un hombre que atrac\u00f3 a punta de cuchillo una pizzer\u00eda de Gij\u00f3n"},"content":{"rendered":"<p><img loading=\"lazy\" decoding=\"async\" class=\"alignleft size-medium wp-image-717\" alt=\"policia\" src=\"https:\/\/www.eldigitaldeasturias.com\/noticias\/wp-content\/uploads\/2013\/09\/policia-360x239.jpg\" width=\"360\" height=\"239\" \/>Oviedo, 28 nov (EFE).- La Polic\u00eda Nacional ha detenido a un hombre de 42 a\u00f1os por el atraco a punta de cuchillo de una pizzer\u00eda de el barrio gijon\u00e9s el Llano, de la que se llev\u00f3 algo m\u00e1s de cien euros.<\/p>\n<p>Los hechos ocurrieron sobre las 13.20 horas del pasado domingo, cuando el hombre, identificado con las iniciales A.G.F., entr\u00f3 en el establecimiento y se puso a la cola, ha informado la Comisar\u00eda de Gij\u00f3n en un comunicado.<\/p>\n<p>Cuando lleg\u00f3 su turno, sac\u00f3 un cuchillo de unos veinte cent\u00edmetros de hoja y se dirigi\u00f3 a la caja registradora que estaba detr\u00e1s del mostrador, donde estaba atendiendo una dependienta.<\/p>\n<p>Mientras cog\u00eda dinero, y antes de huir, se dirigi\u00f3 a la empleada para decirle que no quer\u00eda causarle problemas en el trabajo ni hacerle ning\u00fan da\u00f1o.<\/p>\n<p>Los investigadores lograron identificarle gracias a la descripci\u00f3n aportada por la v\u00edctima, as\u00ed como por el modo de actuaci\u00f3n y el cotejo con los datos de reincidentes de este tipo.<\/p>\n<p>Un dispositivo de vigilancia y control permiti\u00f3 ayer la detenci\u00f3n del hombre, que cuenta con cuatro arrestos anteriores por robos violentos.<\/p>\n","protected":false},"excerpt":{"rendered":"<p>Oviedo, 28 nov (EFE).- La Polic\u00eda Nacional ha detenido a un hombre de 42 a\u00f1os por el atraco a punta de cuchillo de una pizzer\u00eda de el barrio gijon\u00e9s el Llano, de la que se llev\u00f3 algo m\u00e1s de cien euros. Los hechos ocurrieron sobre las 13.20 horas del pasado domingo, cuando el hombre, identificado [&hellip;]<\/p>\n","protected":false},"author":1,"featured_media":1132184,"comment_status":"open","ping_status":"open","sticky":false,"template":"","format":"standard","meta":{"footnotes":""},"categories":[12],"tags":[],"class_list":["post-455251","post","type-post","status-publish","format-standard","has-post-thumbnail","hentry","category-actualidad-asturias"],"aioseo_notices":[],"aioseo_head":"\n\t\t<!-- All in One SEO Pro 5.0.1 - aioseo.com -->\n\t<meta name=\"description\" content=\"Oviedo, 28 nov (EFE).- La Polic\u00eda Nacional ha detenido a un hombre de 42 a\u00f1os por el atraco a punta de cuchillo de una pizzer\u00eda de el barrio gijon\u00e9s el Llano, de la que se llev\u00f3 algo m\u00e1s de cien euros. Los hechos ocurrieron sobre las 13.20 horas del pasado domingo, cuando el hombre, identificado\" \/>\n\t<meta name=\"robots\" content=\"max-image-preview:large\" \/>\n\t<meta name=\"author\" content=\"El Digital de Asturias\"\/>\n\t<meta name=\"google-site-verification\" content=\"UA-38556648-1\" \/>\n\t<meta name=\"msvalidate.01\" content=\"7dfe9f3f1b24437ab69f4f2559babe99\" \/>\n\t<meta name=\"keywords\" content=\"actualidad asturias\" \/>\n\t<link rel=\"canonical\" href=\"https:\/\/www.eldigitaldeasturias.com\/noticias\/detenido-un-hombre-que-atraco-a-punta-de-cuchillo-una-pizzeria-de-gijon\/\" \/>\n\t<meta name=\"generator\" content=\"All in One SEO Pro (AIOSEO) 5.0.1\" \/>\n\t\t<meta property=\"og:locale\" content=\"es_ES\" \/>\n\t\t<meta property=\"og:site_name\" content=\"El Digital de Asturias\" \/>\n\t\t<meta property=\"og:type\" content=\"article\" \/>\n\t\t<meta property=\"og:title\" content=\"Detenido un hombre que atrac\u00f3 a punta de cuchillo una pizzer\u00eda de Gij\u00f3n - El Digital de Asturias\" \/>\n\t\t<meta property=\"og:description\" content=\"Oviedo, 28 nov (EFE).- La Polic\u00eda Nacional ha detenido a un hombre de 42 a\u00f1os por el atraco a punta de cuchillo de una pizzer\u00eda de el barrio gijon\u00e9s el Llano, de la que se llev\u00f3 algo m\u00e1s de cien euros. Los hechos ocurrieron sobre las 13.20 horas del pasado domingo, cuando el hombre, identificado\" \/>\n\t\t<meta property=\"og:url\" content=\"https:\/\/www.eldigitaldeasturias.com\/noticias\/detenido-un-hombre-que-atraco-a-punta-de-cuchillo-una-pizzeria-de-gijon\/\" \/>\n\t\t<meta property=\"og:image\" content=\"https:\/\/www.eldigitaldeasturias.com\/noticias\/wp-content\/uploads\/2026\/06\/Contenidos.jpg\" \/>\n\t\t<meta property=\"og:image:secure_url\" content=\"https:\/\/www.eldigitaldeasturias.com\/noticias\/wp-content\/uploads\/2026\/06\/Contenidos.jpg\" \/>\n\t\t<meta property=\"og:image:width\" content=\"1265\" \/>\n\t\t<meta property=\"og:image:height\" content=\"697\" \/>\n\t\t<meta property=\"article:tag\" content=\"actualidad asturias\" \/>\n\t\t<meta property=\"article:published_time\" content=\"2013-11-28T17:13:34+00:00\" \/>\n\t\t<meta property=\"article:modified_time\" content=\"2013-11-28T17:13:34+00:00\" \/>\n\t\t<meta property=\"article:publisher\" content=\"https:\/\/facebook.com\/eldigitaldeasturias\" \/>\n\t\t<meta name=\"twitter:card\" content=\"summary_large_image\" \/>\n\t\t<meta name=\"twitter:title\" content=\"Detenido un hombre que atrac\u00f3 a punta de cuchillo una pizzer\u00eda de Gij\u00f3n - El Digital de Asturias\" \/>\n\t\t<meta name=\"twitter:description\" content=\"Oviedo, 28 nov (EFE).- La Polic\u00eda Nacional ha detenido a un hombre de 42 a\u00f1os por el atraco a punta de cuchillo de una pizzer\u00eda de el barrio gijon\u00e9s el Llano, de la que se llev\u00f3 algo m\u00e1s de cien euros. Los hechos ocurrieron sobre las 13.20 horas del pasado domingo, cuando el hombre, identificado\" \/>\n\t\t<meta name=\"twitter:image\" content=\"https:\/\/www.eldigitaldeasturias.com\/noticias\/wp-content\/uploads\/2026\/06\/Contenidos.jpg\" \/>\n\t\t<meta name=\"twitter:label1\" content=\"Escrito por\" \/>\n\t\t<meta name=\"twitter:data1\" content=\"El Digital de Asturias\" \/>\n\t\t<meta name=\"twitter:label2\" content=\"Tiempo de lectura estimado\" \/>\n\t\t<meta name=\"twitter:data2\" content=\"1 minuto\" \/>\n\t\t<script type=\"application\/ld+json\" class=\"aioseo-schema\">\n\t\t\t{\"@context\":\"https:\\\/\\\/schema.org\",\"@graph\":[{\"@type\":\"BlogPosting\",\"@id\":\"https:\\\/\\\/www.eldigitaldeasturias.com\\\/noticias\\\/detenido-un-hombre-que-atraco-a-punta-de-cuchillo-una-pizzeria-de-gijon\\\/#blogposting\",\"name\":\"Detenido un hombre que atrac\\u00f3 a punta de cuchillo una pizzer\\u00eda de Gij\\u00f3n - El Digital de Asturias\",\"headline\":\"Detenido un hombre que atrac\\u00f3 a punta de cuchillo una pizzer\\u00eda de Gij\\u00f3n\",\"author\":{\"@id\":\"https:\\\/\\\/www.eldigitaldeasturias.com\\\/noticias\\\/author\\\/admin\\\/#author\"},\"publisher\":{\"@id\":\"https:\\\/\\\/www.eldigitaldeasturias.com\\\/noticias\\\/#organization\"},\"image\":{\"@type\":\"ImageObject\",\"url\":\"https:\\\/\\\/www.eldigitaldeasturias.com\\\/noticias\\\/wp-content\\\/uploads\\\/2026\\\/06\\\/Contenidos.jpg\",\"width\":1265,\"height\":697,\"caption\":\"Contenidos\"},\"datePublished\":\"2013-11-28T16:13:34+01:00\",\"dateModified\":\"2013-11-28T16:13:34+01:00\",\"inLanguage\":\"es-ES\",\"mainEntityOfPage\":{\"@id\":\"https:\\\/\\\/www.eldigitaldeasturias.com\\\/noticias\\\/detenido-un-hombre-que-atraco-a-punta-de-cuchillo-una-pizzeria-de-gijon\\\/#webpage\"},\"isPartOf\":{\"@id\":\"https:\\\/\\\/www.eldigitaldeasturias.com\\\/noticias\\\/detenido-un-hombre-que-atraco-a-punta-de-cuchillo-una-pizzeria-de-gijon\\\/#webpage\"},\"articleSection\":\"Actualidad Asturias\"},{\"@type\":\"BreadcrumbList\",\"@id\":\"https:\\\/\\\/www.eldigitaldeasturias.com\\\/noticias\\\/detenido-un-hombre-que-atraco-a-punta-de-cuchillo-una-pizzeria-de-gijon\\\/#breadcrumblist\",\"itemListElement\":[{\"@type\":\"ListItem\",\"@id\":\"https:\\\/\\\/www.eldigitaldeasturias.com\\\/noticias#listItem\",\"position\":1,\"name\":\"Home\",\"item\":\"https:\\\/\\\/www.eldigitaldeasturias.com\\\/noticias\",\"nextItem\":{\"@type\":\"ListItem\",\"@id\":\"https:\\\/\\\/www.eldigitaldeasturias.com\\\/noticias\\\/category\\\/actualidad-asturias\\\/#listItem\",\"name\":\"Actualidad Asturias\"}},{\"@type\":\"ListItem\",\"@id\":\"https:\\\/\\\/www.eldigitaldeasturias.com\\\/noticias\\\/category\\\/actualidad-asturias\\\/#listItem\",\"position\":2,\"name\":\"Actualidad Asturias\",\"item\":\"https:\\\/\\\/www.eldigitaldeasturias.com\\\/noticias\\\/category\\\/actualidad-asturias\\\/\",\"nextItem\":{\"@type\":\"ListItem\",\"@id\":\"https:\\\/\\\/www.eldigitaldeasturias.com\\\/noticias\\\/detenido-un-hombre-que-atraco-a-punta-de-cuchillo-una-pizzeria-de-gijon\\\/#listItem\",\"name\":\"Detenido un hombre que atrac\\u00f3 a punta de cuchillo una pizzer\\u00eda de Gij\\u00f3n\"},\"previousItem\":{\"@type\":\"ListItem\",\"@id\":\"https:\\\/\\\/www.eldigitaldeasturias.com\\\/noticias#listItem\",\"name\":\"Home\"}},{\"@type\":\"ListItem\",\"@id\":\"https:\\\/\\\/www.eldigitaldeasturias.com\\\/noticias\\\/detenido-un-hombre-que-atraco-a-punta-de-cuchillo-una-pizzeria-de-gijon\\\/#listItem\",\"position\":3,\"name\":\"Detenido un hombre que atrac\\u00f3 a punta de cuchillo una pizzer\\u00eda de Gij\\u00f3n\",\"previousItem\":{\"@type\":\"ListItem\",\"@id\":\"https:\\\/\\\/www.eldigitaldeasturias.com\\\/noticias\\\/category\\\/actualidad-asturias\\\/#listItem\",\"name\":\"Actualidad Asturias\"}}]},{\"@type\":\"Organization\",\"@id\":\"https:\\\/\\\/www.eldigitaldeasturias.com\\\/noticias\\\/#organization\",\"name\":\"El Digital de Asturias\",\"description\":\"Hemeroteca\",\"url\":\"https:\\\/\\\/www.eldigitaldeasturias.com\\\/noticias\\\/\",\"email\":\"info@eldigitaldeasturias.com\",\"telephone\":\"+34652131393\",\"logo\":{\"@type\":\"ImageObject\",\"url\":\"https:\\\/\\\/www.eldigitaldeasturias.com\\\/noticias\\\/wp-content\\\/uploads\\\/2020\\\/12\\\/EDA.jpg\",\"@id\":\"https:\\\/\\\/www.eldigitaldeasturias.com\\\/noticias\\\/detenido-un-hombre-que-atraco-a-punta-de-cuchillo-una-pizzeria-de-gijon\\\/#organizationLogo\"},\"image\":{\"@id\":\"https:\\\/\\\/www.eldigitaldeasturias.com\\\/noticias\\\/detenido-un-hombre-que-atraco-a-punta-de-cuchillo-una-pizzeria-de-gijon\\\/#organizationLogo\"},\"sameAs\":[\"https:\\\/\\\/facebook.com\\\/eldigitaldeasturias\",\"https:\\\/\\\/www.youtube.com\\\/channel\\\/UCZP-2wLEB9Rv6erhFmqVnvg\"],\"address\":{\"@id\":\"https:\\\/\\\/www.eldigitaldeasturias.com\\\/noticias\\\/#postaladdress\",\"@type\":\"PostalAddress\",\"streetAddress\":\"san antonio 4\",\"postalCode\":\"33430\",\"addressLocality\":\"Cand\\u00e1s\",\"addressRegion\":\"Asturias\",\"addressCountry\":\"ES\"}},{\"@type\":\"Person\",\"@id\":\"https:\\\/\\\/www.eldigitaldeasturias.com\\\/noticias\\\/author\\\/admin\\\/#author\",\"url\":\"https:\\\/\\\/www.eldigitaldeasturias.com\\\/noticias\\\/author\\\/admin\\\/\",\"name\":\"El Digital de Asturias\",\"image\":{\"@type\":\"ImageObject\",\"@id\":\"https:\\\/\\\/www.eldigitaldeasturias.com\\\/noticias\\\/detenido-un-hombre-que-atraco-a-punta-de-cuchillo-una-pizzeria-de-gijon\\\/#authorImage\",\"url\":\"https:\\\/\\\/secure.gravatar.com\\\/avatar\\\/df2aeffc32bcd13f8d26072ef8a91b623d677766deac7f97ca815868cd41bf5e?s=96&d=mm&r=g\",\"width\":96,\"height\":96,\"caption\":\"El Digital de Asturias\"}},{\"@type\":\"WebPage\",\"@id\":\"https:\\\/\\\/www.eldigitaldeasturias.com\\\/noticias\\\/detenido-un-hombre-que-atraco-a-punta-de-cuchillo-una-pizzeria-de-gijon\\\/#webpage\",\"url\":\"https:\\\/\\\/www.eldigitaldeasturias.com\\\/noticias\\\/detenido-un-hombre-que-atraco-a-punta-de-cuchillo-una-pizzeria-de-gijon\\\/\",\"name\":\"Detenido un hombre que atrac\\u00f3 a punta de cuchillo una pizzer\\u00eda de Gij\\u00f3n - El Digital de Asturias\",\"description\":\"Oviedo, 28 nov (EFE).- La Polic\\u00eda Nacional ha detenido a un hombre de 42 a\\u00f1os por el atraco a punta de cuchillo de una pizzer\\u00eda de el barrio gijon\\u00e9s el Llano, de la que se llev\\u00f3 algo m\\u00e1s de cien euros. Los hechos ocurrieron sobre las 13.20 horas del pasado domingo, cuando el hombre, identificado\",\"inLanguage\":\"es-ES\",\"isPartOf\":{\"@id\":\"https:\\\/\\\/www.eldigitaldeasturias.com\\\/noticias\\\/#website\"},\"breadcrumb\":{\"@id\":\"https:\\\/\\\/www.eldigitaldeasturias.com\\\/noticias\\\/detenido-un-hombre-que-atraco-a-punta-de-cuchillo-una-pizzeria-de-gijon\\\/#breadcrumblist\"},\"author\":{\"@id\":\"https:\\\/\\\/www.eldigitaldeasturias.com\\\/noticias\\\/author\\\/admin\\\/#author\"},\"creator\":{\"@id\":\"https:\\\/\\\/www.eldigitaldeasturias.com\\\/noticias\\\/author\\\/admin\\\/#author\"},\"image\":{\"@type\":\"ImageObject\",\"url\":\"https:\\\/\\\/www.eldigitaldeasturias.com\\\/noticias\\\/wp-content\\\/uploads\\\/2026\\\/06\\\/Contenidos.jpg\",\"@id\":\"https:\\\/\\\/www.eldigitaldeasturias.com\\\/noticias\\\/detenido-un-hombre-que-atraco-a-punta-de-cuchillo-una-pizzeria-de-gijon\\\/#mainImage\",\"width\":1265,\"height\":697,\"caption\":\"Contenidos\"},\"primaryImageOfPage\":{\"@id\":\"https:\\\/\\\/www.eldigitaldeasturias.com\\\/noticias\\\/detenido-un-hombre-que-atraco-a-punta-de-cuchillo-una-pizzeria-de-gijon\\\/#mainImage\"},\"datePublished\":\"2013-11-28T16:13:34+01:00\",\"dateModified\":\"2013-11-28T16:13:34+01:00\"},{\"@type\":\"WebSite\",\"@id\":\"https:\\\/\\\/www.eldigitaldeasturias.com\\\/noticias\\\/#website\",\"url\":\"https:\\\/\\\/www.eldigitaldeasturias.com\\\/noticias\\\/\",\"name\":\"El Digital de Asturias - Diario de actualidad y noticias\",\"alternateName\":\"El Digital de Asturias - Diario de actualidad y noticias\",\"description\":\"Hemeroteca\",\"inLanguage\":\"es-ES\",\"publisher\":{\"@id\":\"https:\\\/\\\/www.eldigitaldeasturias.com\\\/noticias\\\/#organization\"}}]}\n\t\t<\/script>\n\t\t<!-- All in One SEO Pro -->\r\n\t\t<title>Detenido un hombre que atrac\u00f3 a punta de cuchillo una pizzer\u00eda de Gij\u00f3n - El Digital de Asturias<\/title>\n\n","aioseo_head_json":{"title":"Detenido un hombre que atrac\u00f3 a punta de cuchillo una pizzer\u00eda de Gij\u00f3n - El Digital de Asturias","description":"Oviedo, 28 nov (EFE).- La Polic\u00eda Nacional ha detenido a un hombre de 42 a\u00f1os por el atraco a punta de cuchillo de una pizzer\u00eda de el barrio gijon\u00e9s el Llano, de la que se llev\u00f3 algo m\u00e1s de cien euros. Los hechos ocurrieron sobre las 13.20 horas del pasado domingo, cuando el hombre, identificado","canonical_url":"https:\/\/www.eldigitaldeasturias.com\/noticias\/detenido-un-hombre-que-atraco-a-punta-de-cuchillo-una-pizzeria-de-gijon\/","robots":"max-image-preview:large","keywords":"actualidad asturias","webmasterTools":{"google-site-verification":"UA-38556648-1","msvalidate.01":"7dfe9f3f1b24437ab69f4f2559babe99","miscellaneous":""},"schema":{"@context":"https:\/\/schema.org","@graph":[{"@type":"BlogPosting","@id":"https:\/\/www.eldigitaldeasturias.com\/noticias\/detenido-un-hombre-que-atraco-a-punta-de-cuchillo-una-pizzeria-de-gijon\/#blogposting","name":"Detenido un hombre que atrac\u00f3 a punta de cuchillo una pizzer\u00eda de Gij\u00f3n - El Digital de Asturias","headline":"Detenido un hombre que atrac\u00f3 a punta de cuchillo una pizzer\u00eda de Gij\u00f3n","author":{"@id":"https:\/\/www.eldigitaldeasturias.com\/noticias\/author\/admin\/#author"},"publisher":{"@id":"https:\/\/www.eldigitaldeasturias.com\/noticias\/#organization"},"image":{"@type":"ImageObject","url":"https:\/\/www.eldigitaldeasturias.com\/noticias\/wp-content\/uploads\/2026\/06\/Contenidos.jpg","width":1265,"height":697,"caption":"Contenidos"},"datePublished":"2013-11-28T16:13:34+01:00","dateModified":"2013-11-28T16:13:34+01:00","inLanguage":"es-ES","mainEntityOfPage":{"@id":"https:\/\/www.eldigitaldeasturias.com\/noticias\/detenido-un-hombre-que-atraco-a-punta-de-cuchillo-una-pizzeria-de-gijon\/#webpage"},"isPartOf":{"@id":"https:\/\/www.eldigitaldeasturias.com\/noticias\/detenido-un-hombre-que-atraco-a-punta-de-cuchillo-una-pizzeria-de-gijon\/#webpage"},"articleSection":"Actualidad Asturias"},{"@type":"BreadcrumbList","@id":"https:\/\/www.eldigitaldeasturias.com\/noticias\/detenido-un-hombre-que-atraco-a-punta-de-cuchillo-una-pizzeria-de-gijon\/#breadcrumblist","itemListElement":[{"@type":"ListItem","@id":"https:\/\/www.eldigitaldeasturias.com\/noticias#listItem","position":1,"name":"Home","item":"https:\/\/www.eldigitaldeasturias.com\/noticias","nextItem":{"@type":"ListItem","@id":"https:\/\/www.eldigitaldeasturias.com\/noticias\/category\/actualidad-asturias\/#listItem","name":"Actualidad Asturias"}},{"@type":"ListItem","@id":"https:\/\/www.eldigitaldeasturias.com\/noticias\/category\/actualidad-asturias\/#listItem","position":2,"name":"Actualidad Asturias","item":"https:\/\/www.eldigitaldeasturias.com\/noticias\/category\/actualidad-asturias\/","nextItem":{"@type":"ListItem","@id":"https:\/\/www.eldigitaldeasturias.com\/noticias\/detenido-un-hombre-que-atraco-a-punta-de-cuchillo-una-pizzeria-de-gijon\/#listItem","name":"Detenido un hombre que atrac\u00f3 a punta de cuchillo una pizzer\u00eda de Gij\u00f3n"},"previousItem":{"@type":"ListItem","@id":"https:\/\/www.eldigitaldeasturias.com\/noticias#listItem","name":"Home"}},{"@type":"ListItem","@id":"https:\/\/www.eldigitaldeasturias.com\/noticias\/detenido-un-hombre-que-atraco-a-punta-de-cuchillo-una-pizzeria-de-gijon\/#listItem","position":3,"name":"Detenido un hombre que atrac\u00f3 a punta de cuchillo una pizzer\u00eda de Gij\u00f3n","previousItem":{"@type":"ListItem","@id":"https:\/\/www.eldigitaldeasturias.com\/noticias\/category\/actualidad-asturias\/#listItem","name":"Actualidad Asturias"}}]},{"@type":"Organization","@id":"https:\/\/www.eldigitaldeasturias.com\/noticias\/#organization","name":"El Digital de Asturias","description":"Hemeroteca","url":"https:\/\/www.eldigitaldeasturias.com\/noticias\/","email":"info@eldigitaldeasturias.com","telephone":"+34652131393","logo":{"@type":"ImageObject","url":"https:\/\/www.eldigitaldeasturias.com\/noticias\/wp-content\/uploads\/2020\/12\/EDA.jpg","@id":"https:\/\/www.eldigitaldeasturias.com\/noticias\/detenido-un-hombre-que-atraco-a-punta-de-cuchillo-una-pizzeria-de-gijon\/#organizationLogo"},"image":{"@id":"https:\/\/www.eldigitaldeasturias.com\/noticias\/detenido-un-hombre-que-atraco-a-punta-de-cuchillo-una-pizzeria-de-gijon\/#organizationLogo"},"sameAs":["https:\/\/facebook.com\/eldigitaldeasturias","https:\/\/www.youtube.com\/channel\/UCZP-2wLEB9Rv6erhFmqVnvg"],"address":{"@id":"https:\/\/www.eldigitaldeasturias.com\/noticias\/#postaladdress","@type":"PostalAddress","streetAddress":"san antonio 4","postalCode":"33430","addressLocality":"Cand\u00e1s","addressRegion":"Asturias","addressCountry":"ES"}},{"@type":"Person","@id":"https:\/\/www.eldigitaldeasturias.com\/noticias\/author\/admin\/#author","url":"https:\/\/www.eldigitaldeasturias.com\/noticias\/author\/admin\/","name":"El Digital de Asturias","image":{"@type":"ImageObject","@id":"https:\/\/www.eldigitaldeasturias.com\/noticias\/detenido-un-hombre-que-atraco-a-punta-de-cuchillo-una-pizzeria-de-gijon\/#authorImage","url":"https:\/\/secure.gravatar.com\/avatar\/df2aeffc32bcd13f8d26072ef8a91b623d677766deac7f97ca815868cd41bf5e?s=96&d=mm&r=g","width":96,"height":96,"caption":"El Digital de Asturias"}},{"@type":"WebPage","@id":"https:\/\/www.eldigitaldeasturias.com\/noticias\/detenido-un-hombre-que-atraco-a-punta-de-cuchillo-una-pizzeria-de-gijon\/#webpage","url":"https:\/\/www.eldigitaldeasturias.com\/noticias\/detenido-un-hombre-que-atraco-a-punta-de-cuchillo-una-pizzeria-de-gijon\/","name":"Detenido un hombre que atrac\u00f3 a punta de cuchillo una pizzer\u00eda de Gij\u00f3n - El Digital de Asturias","description":"Oviedo, 28 nov (EFE).- La Polic\u00eda Nacional ha detenido a un hombre de 42 a\u00f1os por el atraco a punta de cuchillo de una pizzer\u00eda de el barrio gijon\u00e9s el Llano, de la que se llev\u00f3 algo m\u00e1s de cien euros. Los hechos ocurrieron sobre las 13.20 horas del pasado domingo, cuando el hombre, identificado","inLanguage":"es-ES","isPartOf":{"@id":"https:\/\/www.eldigitaldeasturias.com\/noticias\/#website"},"breadcrumb":{"@id":"https:\/\/www.eldigitaldeasturias.com\/noticias\/detenido-un-hombre-que-atraco-a-punta-de-cuchillo-una-pizzeria-de-gijon\/#breadcrumblist"},"author":{"@id":"https:\/\/www.eldigitaldeasturias.com\/noticias\/author\/admin\/#author"},"creator":{"@id":"https:\/\/www.eldigitaldeasturias.com\/noticias\/author\/admin\/#author"},"image":{"@type":"ImageObject","url":"https:\/\/www.eldigitaldeasturias.com\/noticias\/wp-content\/uploads\/2026\/06\/Contenidos.jpg","@id":"https:\/\/www.eldigitaldeasturias.com\/noticias\/detenido-un-hombre-que-atraco-a-punta-de-cuchillo-una-pizzeria-de-gijon\/#mainImage","width":1265,"height":697,"caption":"Contenidos"},"primaryImageOfPage":{"@id":"https:\/\/www.eldigitaldeasturias.com\/noticias\/detenido-un-hombre-que-atraco-a-punta-de-cuchillo-una-pizzeria-de-gijon\/#mainImage"},"datePublished":"2013-11-28T16:13:34+01:00","dateModified":"2013-11-28T16:13:34+01:00"},{"@type":"WebSite","@id":"https:\/\/www.eldigitaldeasturias.com\/noticias\/#website","url":"https:\/\/www.eldigitaldeasturias.com\/noticias\/","name":"El Digital de Asturias - Diario de actualidad y noticias","alternateName":"El Digital de Asturias - Diario de actualidad y noticias","description":"Hemeroteca","inLanguage":"es-ES","publisher":{"@id":"https:\/\/www.eldigitaldeasturias.com\/noticias\/#organization"}}]},"og:locale":"es_ES","og:site_name":"El Digital de Asturias","og:type":"article","og:title":"Detenido un hombre que atrac\u00f3 a punta de cuchillo una pizzer\u00eda de Gij\u00f3n - El Digital de Asturias","og:description":"Oviedo, 28 nov (EFE).- La Polic\u00eda Nacional ha detenido a un hombre de 42 a\u00f1os por el atraco a punta de cuchillo de una pizzer\u00eda de el barrio gijon\u00e9s el Llano, de la que se llev\u00f3 algo m\u00e1s de cien euros. Los hechos ocurrieron sobre las 13.20 horas del pasado domingo, cuando el hombre, identificado","og:url":"https:\/\/www.eldigitaldeasturias.com\/noticias\/detenido-un-hombre-que-atraco-a-punta-de-cuchillo-una-pizzeria-de-gijon\/","og:image":"https:\/\/www.eldigitaldeasturias.com\/noticias\/wp-content\/uploads\/2026\/06\/Contenidos.jpg","og:image:secure_url":"https:\/\/www.eldigitaldeasturias.com\/noticias\/wp-content\/uploads\/2026\/06\/Contenidos.jpg","og:image:width":1265,"og:image:height":697,"article:tag":["actualidad asturias"],"article:published_time":"2013-11-28T17:13:34+00:00","article:modified_time":"2013-11-28T17:13:34+00:00","article:publisher":"https:\/\/facebook.com\/eldigitaldeasturias","twitter:card":"summary_large_image","twitter:title":"Detenido un hombre que atrac\u00f3 a punta de cuchillo una pizzer\u00eda de Gij\u00f3n - El Digital de Asturias","twitter:description":"Oviedo, 28 nov (EFE).- La Polic\u00eda Nacional ha detenido a un hombre de 42 a\u00f1os por el atraco a punta de cuchillo de una pizzer\u00eda de el barrio gijon\u00e9s el Llano, de la que se llev\u00f3 algo m\u00e1s de cien euros. Los hechos ocurrieron sobre las 13.20 horas del pasado domingo, cuando el hombre, identificado","twitter:image":"https:\/\/www.eldigitaldeasturias.com\/noticias\/wp-content\/uploads\/2026\/06\/Contenidos.jpg","twitter:label1":"Escrito por","twitter:data1":"El Digital de Asturias","twitter:label2":"Tiempo de lectura estimado","twitter:data2":"1 minuto"},"aioseo_meta_data":{"post_id":"455251","title":null,"description":null,"keywords":null,"keyphrases":null,"primary_term":null,"canonical_url":null,"og_title":null,"og_description":null,"og_object_type":"default","og_image_type":"default","og_image_url":null,"og_image_width":null,"og_image_height":null,"og_image_custom_url":null,"og_image_custom_fields":null,"og_video":null,"og_custom_url":null,"og_article_section":null,"og_article_tags":null,"twitter_use_og":true,"twitter_card":"default","twitter_image_type":"default","twitter_image_url":null,"twitter_image_custom_url":null,"twitter_image_custom_fields":null,"twitter_title":null,"twitter_description":null,"schema":{"blockGraphs":[],"customGraphs":[],"default":{"data":{"Article":[],"Course":[],"Dataset":[],"FAQPage":[],"Movie":[],"Person":[],"Product":[],"ProductReview":[],"Car":[],"Recipe":[],"Service":[],"SoftwareApplication":[],"WebPage":[]},"graphName":"","isEnabled":true},"graphs":[],"defaultGraph":"","defaultPostTypeGraph":""},"schema_type":null,"schema_type_options":null,"pillar_content":false,"robots_default":true,"robots_noindex":false,"robots_noarchive":false,"robots_nosnippet":false,"robots_nofollow":false,"robots_noimageindex":false,"robots_noodp":false,"robots_notranslate":false,"robots_max_snippet":null,"robots_max_videopreview":null,"robots_max_imagepreview":"none","priority":null,"frequency":null,"local_seo":null,"seo_analyzer_scan_date":"2026-05-29 17:36:07","breadcrumb_settings":null,"limit_modified_date":false,"open_ai":null,"ai":null,"created":"2020-11-14 22:45:13","updated":"2026-05-29 17:36:07","focus_keyword":null,"additional_keywords":null,"truseo_locale":null},"aioseo_breadcrumb":"<div class=\"aioseo-breadcrumbs\"><span class=\"aioseo-breadcrumb\">\n\t<a href=\"https:\/\/www.eldigitaldeasturias.com\/noticias\" title=\"Home\">Home<\/a>\n<\/span><span class=\"aioseo-breadcrumb-separator\">\u2013<\/span><span class=\"aioseo-breadcrumb\">\n\t<a href=\"https:\/\/www.eldigitaldeasturias.com\/noticias\/category\/actualidad-asturias\/\" title=\"Actualidad Asturias\">Actualidad Asturias<\/a>\n<\/span><span class=\"aioseo-breadcrumb-separator\">\u2013<\/span><span class=\"aioseo-breadcrumb\">\n\t<a href=\"https:\/\/www.eldigitaldeasturias.com\/noticias\/detenido-un-hombre-que-atraco-a-punta-de-cuchillo-una-pizzeria-de-gijon\/\" title=\"Detenido un hombre que atrac\u00f3 a punta de cuchillo una pizzer\u00eda de Gij\u00f3n\">Detenido un hombre que atrac\u00f3 a punta de cuchillo una pizzer\u00eda de Gij\u00f3n<\/a>\n<\/span><\/div>","aioseo_breadcrumb_json":[{"label":"Home","link":"https:\/\/www.eldigitaldeasturias.com\/noticias"},{"label":"Actualidad Asturias","link":"https:\/\/www.eldigitaldeasturias.com\/noticias\/category\/actualidad-asturias\/"},{"label":"Detenido un hombre que atrac\u00f3 a punta de cuchillo una pizzer\u00eda de Gij\u00f3n","link":"https:\/\/www.eldigitaldeasturias.com\/noticias\/detenido-un-hombre-que-atraco-a-punta-de-cuchillo-una-pizzeria-de-gijon\/"}],"_links":{"self":[{"href":"https:\/\/www.eldigitaldeasturias.com\/noticias\/wp-json\/wp\/v2\/posts\/455251","targetHints":{"allow":["GET"]}}],"collection":[{"href":"https:\/\/www.eldigitaldeasturias.com\/noticias\/wp-json\/wp\/v2\/posts"}],"about":[{"href":"https:\/\/www.eldigitaldeasturias.com\/noticias\/wp-json\/wp\/v2\/types\/post"}],"author":[{"embeddable":true,"href":"https:\/\/www.eldigitaldeasturias.com\/noticias\/wp-json\/wp\/v2\/users\/1"}],"replies":[{"embeddable":true,"href":"https:\/\/www.eldigitaldeasturias.com\/noticias\/wp-json\/wp\/v2\/comments?post=455251"}],"version-history":[{"count":0,"href":"https:\/\/www.eldigitaldeasturias.com\/noticias\/wp-json\/wp\/v2\/posts\/455251\/revisions"}],"wp:featuredmedia":[{"embeddable":true,"href":"https:\/\/www.eldigitaldeasturias.com\/noticias\/wp-json\/wp\/v2\/media\/1132184"}],"wp:attachment":[{"href":"https:\/\/www.eldigitaldeasturias.com\/noticias\/wp-json\/wp\/v2\/media?parent=455251"}],"wp:term":[{"taxonomy":"category","embeddable":true,"href":"https:\/\/www.eldigitaldeasturias.com\/noticias\/wp-json\/wp\/v2\/categories?post=455251"},{"taxonomy":"post_tag","embeddable":true,"href":"https:\/\/www.eldigitaldeasturias.com\/noticias\/wp-json\/wp\/v2\/tags?post=455251"}],"curies":[{"name":"wp","href":"https:\/\/api.w.org\/{rel}","templated":true}]}}